




{"id":43693,"date":"2014-03-05T19:30:00","date_gmt":"2014-03-05T16:30:00","guid":{"rendered":"http:\/\/qtmm.org\/?p=43693"},"modified":"2022-01-27T19:31:00","modified_gmt":"2022-01-27T16:31:00","slug":"birlesken-milletler-teskilati-bas-katibinin-uyken-mesleatcisi-robert-serri-halqara-cemaatcliq-ukraina-butunligine-qoltuta","status":"publish","type":"post","link":"https:\/\/qtmm.org\/qt\/birlesken-milletler-teskilati-bas-katibinin-uyken-mesleatcisi-robert-serri-halqara-cemaatcliq-ukraina-butunligine-qoltuta\/","title":{"rendered":"Birle\u015fken Milletler Te\u015fkil\u00e2t\u0131 Ba\u015f k\u00e2tibini\u00f1 \u00fcyken mesleat\u00e7\u0131s\u0131 Robert Serri: Halqara cemaat\u00e7l\u0131q Ukraina b\u00fct\u00fcnligine qoltuta"},"content":{"rendered":"\n<p>Bu aqta o, Meclis reisi Refat \u00c7ubarov ile mart 5 k\u00fcn\u00fc ol\u0131p ke\u00e7ken k\u00f6r\u00fc\u015f\u00fcvde bildirdi.<\/p>\n\n\n\n<p>Robert Serrini\u00f1 bildirgenine k\u00f6re, o Birle\u015fken Milletler Te\u015fkil\u00e2t\u0131 Ba\u015f k\u00e2tibi Pan Gi Munn\u0131\u00f1 \u015fahsiy avalesini \u2013 yani Q\u0131r\u0131mda y\u00fcz bergen vaziyetni\u00f1 sebeplerini, inqirazdan \u00e7\u0131quv yollar\u0131n\u0131 tapmaq i\u00e7\u00fcn vaziyetni talil etmek i\u015flerini eda ete. O, \u015fun\u0131 da qayd etti ki, BMTni\u00f1 Ukrainadaki vaziyet boyunca \u00fc\u00e7 topla\u015fuv\u0131n\u0131\u00f1 da i\u015ftirak\u00e7ileri Ukrainan\u0131\u00f1 b\u00fct\u00fcnligi ve birligine qoltutqanlar\u0131n\u0131 k\u00f6sterdiler. &#8220;Q\u0131r\u0131mtatar halq\u0131 yar\u0131madada yetek\u00e7i ve birle\u015ftirici rol oynay, dep sayam\u0131z, &#8211; dedi R. Serri, halqara cemaat\u00e7\u0131l\u0131qn\u0131\u00f1 fikirini seslendirerek. Ve \u015fun\u0131 da il\u00e2ve etti ki, yabanc\u0131 devletni\u00f1 Q\u0131r\u0131m\u011fa sil\u00e2l\u0131 qo\u015funlar\u0131n\u0131 kirsetmesine asl\u0131 da acet yoq edi&#8221;.<\/p>\n\n\n\n<p>Birle\u015fken Milletler Te\u015fkil\u00e2t\u0131 Ba\u015f k\u00e2tibi \u00fcyken mesleat\u00e7\u0131s\u0131n\u0131\u00f1 ricas\u0131na k\u00f6re Refat \u00c7ubarov so\u00f1ki k\u00fcnler i\u00e7inde ol\u011fan vaqialarn\u0131 detaller ile tarif etip, Meclisni\u00f1 pozitsiyas\u0131n\u0131 ve bu davadan, Ukrainan\u0131\u00f1 b\u00fct\u00fcnligini saqlap qalmaq printsipine esaslan\u011fan\u0131 alda \u00e7\u0131qmaq yollar\u0131 husus\u0131nda fikirini de beyan etti.<\/p>\n\n\n\n<p>Robert Serri Meclisni\u00f1 pozitsiyas\u0131n\u0131 maqullerken, teklif olun\u011fan Mahsus deputat komissiyalar\u0131n\u0131\u00f1 erk\u00e2n\u0131 \u015fekillengende ve s\u00f6yle\u015fmeler yap\u0131l\u011fanda halqara cemaat\u00e7\u0131l\u0131q ve el\u00e7iliklerni\u00f1 vekilleri de temsil etilmek kerekligini qayd etti. Bundan da \u011fayr\u0131 Robert Serri Birle\u015fken Milletler Te\u015fkil\u00e2t\u0131 Ba\u015f k\u00e2tibini\u00f1 esas mesajlar\u0131n\u0131 da yani Q\u0131r\u0131mda kerginlikni yat\u0131\u015ft\u0131rmaq ve dialog q\u0131d\u0131rmaq tevsiyelerini de bildirdi.<\/p>\n\n\n\n<p>&#8220;BMT qurumlar\u0131 ve halqara cemaat\u00e7\u0131l\u0131q bellisiz \u015fah\u0131slar taraf\u0131ndan devlet m\u00fcessiseleri ve obyektlerni\u00f1 i\u015f\u011fal etilmesinden kederlendiler, &#8211; devam etti R. Serri. \u2013 \u0130nsan aqlar\u0131 hartiyas\u0131na k\u00f6re BMT ba\u015f qaidesine riayet ete \u2013 er angi davalar tek t\u0131n\u00e7 yol ve dialog vastas\u0131nen \u00e7ezilmeli. Bundan da \u011fayr\u0131, biz eminmiz ki, Kiyevdeki akimiyet Q\u0131r\u0131mn\u0131\u00f1 qanuniy akimiyeti ile a\u00f1la\u015fmas\u0131 zarur&#8221;.<\/p>\n\n\n\n<p>K\u00f6r\u00fc\u015f\u00fcvni\u00f1 so\u00f1unda R. Serri Q\u0131r\u0131m ziyaretinden teessuratlar\u0131nen payla\u015ft\u0131. C\u00fcmleden, bug\u00fcn \u00f6z\u00fcni Q\u0131r\u0131m \u00fck\u00fcmetini\u00f1 ba\u015f\u0131 dep k\u00f6stergen Sergey Aks\u00f6nov ile k\u00f6r\u00fc\u015fmek planla\u015ft\u0131r\u0131l\u011fan edi. Amma, belli olma\u011fan sebeplerge k\u00f6re k\u00f6r\u00fc\u015f\u00fcv olmad\u0131. Q\u0131r\u0131m Nazirler \u015euras\u0131 protokol\u0131ndan i\u00e7 bir kimse Robert Serrige Aks\u00f6nov on\u0131\u00f1 ile k\u00f6r\u00fc\u015fmege istemegeni aqq\u0131nda haber bermedi. &#8220;Q\u0131r\u0131m ziyaretimni\u00f1 neticeleri aqq\u0131nda Birle\u015fken Milletler Te\u015fkil\u00e2t\u0131 Ba\u015f k\u00e2tibi Pan Gi Mun\u011fa m\u0131tlaqa esabat berecem, \u015fu c\u00fcmleden Sergey Aks\u00f6novn\u0131\u00f1 BMT Ba\u015f k\u00e2tibi ofisini\u00f1 hadimlerine munasebeti aqq\u0131nda bildirecem&#8221;, dedi R. Serri.<\/p>\n","protected":false},"excerpt":{"rendered":"<p>Bu aqta o, Meclis reisi Refat \u00c7ubarov ile mart 5 k\u00fcn\u00fc ol\u0131p ke\u00e7ken k\u00f6r\u00fc\u015f\u00fcvde bildirdi. Robert Serrini\u00f1 bildirgenine k\u00f6re, o Birle\u015fken Milletler Te\u015fkil\u00e2t\u0131 Ba\u015f k\u00e2tibi Pan Gi Munn\u0131\u00f1 \u015fahsiy avalesini \u2013 yani Q\u0131r\u0131mda y\u00fcz bergen vaziyetni\u00f1 sebeplerini, inqirazdan \u00e7\u0131quv yollar\u0131n\u0131 tapmaq i\u00e7\u00fcn vaziyetni talil etmek i\u015flerini eda ete. O, \u015fun\u0131 da qayd etti ki, BMTni\u00f1 [&hellip;]<\/p>\n","protected":false},"author":1,"featured_media":0,"comment_status":"open","ping_status":"open","sticky":false,"template":"","format":"standard","meta":{"inline_featured_image":false,"footnotes":""},"categories":[265],"tags":[],"class_list":["post-43693","post","type-post","status-publish","format-standard","hentry","category-haberler"],"acf":[],"yoast_head":"<!-- This site is optimized with the Yoast SEO plugin v27.4 - https:\/\/yoast.com\/product\/yoast-seo-wordpress\/ -->\n<title>Birle\u015fken Milletler Te\u015fkil\u00e2t\u0131 Ba\u015f k\u00e2tibini\u00f1 \u00fcyken mesleat\u00e7\u0131s\u0131 Robert Serri: Halqara cemaat\u00e7l\u0131q Ukraina b\u00fct\u00fcnligine qoltuta - \u041c\u0435\u0434\u0436\u043b\u0456\u0441<\/title>\n<meta name=\"robots\" content=\"index, follow, max-snippet:-1, max-image-preview:large, max-video-preview:-1\" \/>\n<link rel=\"canonical\" href=\"https:\/\/qtmm.org\/qt\/birlesken-milletler-teskilati-bas-katibinin-uyken-mesleatcisi-robert-serri-halqara-cemaatcliq-ukraina-butunligine-qoltuta\/\" \/>\n<meta property=\"og:locale\" content=\"en_US\" \/>\n<meta property=\"og:type\" content=\"article\" \/>\n<meta property=\"og:title\" content=\"Birle\u015fken Milletler Te\u015fkil\u00e2t\u0131 Ba\u015f k\u00e2tibini\u00f1 \u00fcyken mesleat\u00e7\u0131s\u0131 Robert Serri: Halqara cemaat\u00e7l\u0131q Ukraina b\u00fct\u00fcnligine qoltuta - \u041c\u0435\u0434\u0436\u043b\u0456\u0441\" \/>\n<meta property=\"og:description\" content=\"Bu aqta o, Meclis reisi Refat \u00c7ubarov ile mart 5 k\u00fcn\u00fc ol\u0131p ke\u00e7ken k\u00f6r\u00fc\u015f\u00fcvde bildirdi. Robert Serrini\u00f1 bildirgenine k\u00f6re, o Birle\u015fken Milletler Te\u015fkil\u00e2t\u0131 Ba\u015f k\u00e2tibi Pan Gi Munn\u0131\u00f1 \u015fahsiy avalesini \u2013 yani Q\u0131r\u0131mda y\u00fcz bergen vaziyetni\u00f1 sebeplerini, inqirazdan \u00e7\u0131quv yollar\u0131n\u0131 tapmaq i\u00e7\u00fcn vaziyetni talil etmek i\u015flerini eda ete. O, \u015fun\u0131 da qayd etti ki, BMTni\u00f1 [&hellip;]\" \/>\n<meta property=\"og:url\" content=\"https:\/\/qtmm.org\/qt\/birlesken-milletler-teskilati-bas-katibinin-uyken-mesleatcisi-robert-serri-halqara-cemaatcliq-ukraina-butunligine-qoltuta\/\" \/>\n<meta property=\"og:site_name\" content=\"\u041c\u0435\u0434\u0436\u043b\u0456\u0441\" \/>\n<meta property=\"article:publisher\" content=\"https:\/\/www.facebook.com\/qtmm.info\/\" \/>\n<meta property=\"article:published_time\" content=\"2014-03-05T16:30:00+00:00\" \/>\n<meta property=\"article:modified_time\" content=\"2022-01-27T16:31:00+00:00\" \/>\n<meta name=\"author\" content=\"Developer\" \/>\n<meta name=\"twitter:card\" content=\"summary_large_image\" \/>\n<meta name=\"twitter:label1\" content=\"Written by\" \/>\n\t<meta name=\"twitter:data1\" content=\"Developer\" \/>\n\t<meta name=\"twitter:label2\" content=\"Est. reading time\" \/>\n\t<meta name=\"twitter:data2\" content=\"2 minutes\" \/>\n<script type=\"application\/ld+json\" class=\"yoast-schema-graph\">{\"@context\":\"https:\\\/\\\/schema.org\",\"@graph\":[{\"@type\":\"Article\",\"@id\":\"https:\\\/\\\/qtmm.org\\\/qt\\\/birlesken-milletler-teskilati-bas-katibinin-uyken-mesleatcisi-robert-serri-halqara-cemaatcliq-ukraina-butunligine-qoltuta\\\/#article\",\"isPartOf\":{\"@id\":\"https:\\\/\\\/qtmm.org\\\/qt\\\/birlesken-milletler-teskilati-bas-katibinin-uyken-mesleatcisi-robert-serri-halqara-cemaatcliq-ukraina-butunligine-qoltuta\\\/\"},\"author\":{\"name\":\"Developer\",\"@id\":\"https:\\\/\\\/qtmm.org\\\/qt\\\/#\\\/schema\\\/person\\\/de562469f971dec226ac06e60bbf74a7\"},\"headline\":\"Birle\u015fken Milletler Te\u015fkil\u00e2t\u0131 Ba\u015f k\u00e2tibini\u00f1 \u00fcyken mesleat\u00e7\u0131s\u0131 Robert Serri: Halqara cemaat\u00e7l\u0131q Ukraina b\u00fct\u00fcnligine qoltuta\",\"datePublished\":\"2014-03-05T16:30:00+00:00\",\"dateModified\":\"2022-01-27T16:31:00+00:00\",\"mainEntityOfPage\":{\"@id\":\"https:\\\/\\\/qtmm.org\\\/qt\\\/birlesken-milletler-teskilati-bas-katibinin-uyken-mesleatcisi-robert-serri-halqara-cemaatcliq-ukraina-butunligine-qoltuta\\\/\"},\"wordCount\":477,\"commentCount\":0,\"publisher\":{\"@id\":\"https:\\\/\\\/qtmm.org\\\/qt\\\/#organization\"},\"articleSection\":[\"Haberler\"],\"inLanguage\":\"qt\",\"potentialAction\":[{\"@type\":\"CommentAction\",\"name\":\"Comment\",\"target\":[\"https:\\\/\\\/qtmm.org\\\/qt\\\/birlesken-milletler-teskilati-bas-katibinin-uyken-mesleatcisi-robert-serri-halqara-cemaatcliq-ukraina-butunligine-qoltuta\\\/#respond\"]}]},{\"@type\":\"WebPage\",\"@id\":\"https:\\\/\\\/qtmm.org\\\/qt\\\/birlesken-milletler-teskilati-bas-katibinin-uyken-mesleatcisi-robert-serri-halqara-cemaatcliq-ukraina-butunligine-qoltuta\\\/\",\"url\":\"https:\\\/\\\/qtmm.org\\\/qt\\\/birlesken-milletler-teskilati-bas-katibinin-uyken-mesleatcisi-robert-serri-halqara-cemaatcliq-ukraina-butunligine-qoltuta\\\/\",\"name\":\"Birle\u015fken Milletler Te\u015fkil\u00e2t\u0131 Ba\u015f k\u00e2tibini\u00f1 \u00fcyken mesleat\u00e7\u0131s\u0131 Robert Serri: Halqara cemaat\u00e7l\u0131q Ukraina b\u00fct\u00fcnligine qoltuta - \u041c\u0435\u0434\u0436\u043b\u0456\u0441\",\"isPartOf\":{\"@id\":\"https:\\\/\\\/qtmm.org\\\/qt\\\/#website\"},\"datePublished\":\"2014-03-05T16:30:00+00:00\",\"dateModified\":\"2022-01-27T16:31:00+00:00\",\"breadcrumb\":{\"@id\":\"https:\\\/\\\/qtmm.org\\\/qt\\\/birlesken-milletler-teskilati-bas-katibinin-uyken-mesleatcisi-robert-serri-halqara-cemaatcliq-ukraina-butunligine-qoltuta\\\/#breadcrumb\"},\"inLanguage\":\"qt\",\"potentialAction\":[{\"@type\":\"ReadAction\",\"target\":[\"https:\\\/\\\/qtmm.org\\\/qt\\\/birlesken-milletler-teskilati-bas-katibinin-uyken-mesleatcisi-robert-serri-halqara-cemaatcliq-ukraina-butunligine-qoltuta\\\/\"]}]},{\"@type\":\"BreadcrumbList\",\"@id\":\"https:\\\/\\\/qtmm.org\\\/qt\\\/birlesken-milletler-teskilati-bas-katibinin-uyken-mesleatcisi-robert-serri-halqara-cemaatcliq-ukraina-butunligine-qoltuta\\\/#breadcrumb\",\"itemListElement\":[{\"@type\":\"ListItem\",\"position\":1,\"name\":\"\u0413\u043e\u043b\u043e\u0432\u043d\u0430\",\"item\":\"https:\\\/\\\/qtmm.org\\\/qt\\\/\"},{\"@type\":\"ListItem\",\"position\":2,\"name\":\"Birle\u015fken Milletler Te\u015fkil\u00e2t\u0131 Ba\u015f k\u00e2tibini\u00f1 \u00fcyken mesleat\u00e7\u0131s\u0131 Robert Serri: Halqara cemaat\u00e7l\u0131q Ukraina b\u00fct\u00fcnligine qoltuta\"}]},{\"@type\":\"WebSite\",\"@id\":\"https:\\\/\\\/qtmm.org\\\/qt\\\/#website\",\"url\":\"https:\\\/\\\/qtmm.org\\\/qt\\\/\",\"name\":\"\u041c\u0435\u0434\u0436\u043b\u0456\u0441\",\"description\":\"\",\"publisher\":{\"@id\":\"https:\\\/\\\/qtmm.org\\\/qt\\\/#organization\"},\"potentialAction\":[{\"@type\":\"SearchAction\",\"target\":{\"@type\":\"EntryPoint\",\"urlTemplate\":\"https:\\\/\\\/qtmm.org\\\/qt\\\/?s={search_term_string}\"},\"query-input\":{\"@type\":\"PropertyValueSpecification\",\"valueRequired\":true,\"valueName\":\"search_term_string\"}}],\"inLanguage\":\"qt\"},{\"@type\":\"Organization\",\"@id\":\"https:\\\/\\\/qtmm.org\\\/qt\\\/#organization\",\"name\":\"\u041c\u0435\u0434\u0436\u043b\u0456\u0441\",\"url\":\"https:\\\/\\\/qtmm.org\\\/qt\\\/\",\"logo\":{\"@type\":\"ImageObject\",\"inLanguage\":\"qt\",\"@id\":\"https:\\\/\\\/qtmm.org\\\/qt\\\/#\\\/schema\\\/logo\\\/image\\\/\",\"url\":\"https:\\\/\\\/qtmm.org\\\/wp-content\\\/uploads\\\/2024\\\/12\\\/ua-mejlis-logo-rgb.svg\",\"contentUrl\":\"https:\\\/\\\/qtmm.org\\\/wp-content\\\/uploads\\\/2024\\\/12\\\/ua-mejlis-logo-rgb.svg\",\"caption\":\"\u041c\u0435\u0434\u0436\u043b\u0456\u0441\"},\"image\":{\"@id\":\"https:\\\/\\\/qtmm.org\\\/qt\\\/#\\\/schema\\\/logo\\\/image\\\/\"},\"sameAs\":[\"https:\\\/\\\/www.facebook.com\\\/qtmm.info\\\/\"]},{\"@type\":\"Person\",\"@id\":\"https:\\\/\\\/qtmm.org\\\/qt\\\/#\\\/schema\\\/person\\\/de562469f971dec226ac06e60bbf74a7\",\"name\":\"Developer\",\"image\":{\"@type\":\"ImageObject\",\"inLanguage\":\"qt\",\"@id\":\"https:\\\/\\\/secure.gravatar.com\\\/avatar\\\/392b4cc8fbfeb00b39dfeeab4ee6edded39ffd48e25858637e4765810300227e?s=96&d=mm&r=g\",\"url\":\"https:\\\/\\\/secure.gravatar.com\\\/avatar\\\/392b4cc8fbfeb00b39dfeeab4ee6edded39ffd48e25858637e4765810300227e?s=96&d=mm&r=g\",\"contentUrl\":\"https:\\\/\\\/secure.gravatar.com\\\/avatar\\\/392b4cc8fbfeb00b39dfeeab4ee6edded39ffd48e25858637e4765810300227e?s=96&d=mm&r=g\",\"caption\":\"Developer\"},\"url\":\"https:\\\/\\\/qtmm.org\\\/qt\\\/author\\\/Developer\\\/\"}]}<\/script>\n<!-- \/ Yoast SEO plugin. -->","yoast_head_json":{"title":"Birle\u015fken Milletler Te\u015fkil\u00e2t\u0131 Ba\u015f k\u00e2tibini\u00f1 \u00fcyken mesleat\u00e7\u0131s\u0131 Robert Serri: Halqara cemaat\u00e7l\u0131q Ukraina b\u00fct\u00fcnligine qoltuta - \u041c\u0435\u0434\u0436\u043b\u0456\u0441","robots":{"index":"index","follow":"follow","max-snippet":"max-snippet:-1","max-image-preview":"max-image-preview:large","max-video-preview":"max-video-preview:-1"},"canonical":"https:\/\/qtmm.org\/qt\/birlesken-milletler-teskilati-bas-katibinin-uyken-mesleatcisi-robert-serri-halqara-cemaatcliq-ukraina-butunligine-qoltuta\/","og_locale":"en_US","og_type":"article","og_title":"Birle\u015fken Milletler Te\u015fkil\u00e2t\u0131 Ba\u015f k\u00e2tibini\u00f1 \u00fcyken mesleat\u00e7\u0131s\u0131 Robert Serri: Halqara cemaat\u00e7l\u0131q Ukraina b\u00fct\u00fcnligine qoltuta - \u041c\u0435\u0434\u0436\u043b\u0456\u0441","og_description":"Bu aqta o, Meclis reisi Refat \u00c7ubarov ile mart 5 k\u00fcn\u00fc ol\u0131p ke\u00e7ken k\u00f6r\u00fc\u015f\u00fcvde bildirdi. Robert Serrini\u00f1 bildirgenine k\u00f6re, o Birle\u015fken Milletler Te\u015fkil\u00e2t\u0131 Ba\u015f k\u00e2tibi Pan Gi Munn\u0131\u00f1 \u015fahsiy avalesini \u2013 yani Q\u0131r\u0131mda y\u00fcz bergen vaziyetni\u00f1 sebeplerini, inqirazdan \u00e7\u0131quv yollar\u0131n\u0131 tapmaq i\u00e7\u00fcn vaziyetni talil etmek i\u015flerini eda ete. O, \u015fun\u0131 da qayd etti ki, BMTni\u00f1 [&hellip;]","og_url":"https:\/\/qtmm.org\/qt\/birlesken-milletler-teskilati-bas-katibinin-uyken-mesleatcisi-robert-serri-halqara-cemaatcliq-ukraina-butunligine-qoltuta\/","og_site_name":"\u041c\u0435\u0434\u0436\u043b\u0456\u0441","article_publisher":"https:\/\/www.facebook.com\/qtmm.info\/","article_published_time":"2014-03-05T16:30:00+00:00","article_modified_time":"2022-01-27T16:31:00+00:00","author":"Developer","twitter_card":"summary_large_image","twitter_misc":{"Written by":"Developer","Est. reading time":"2 minutes"},"schema":{"@context":"https:\/\/schema.org","@graph":[{"@type":"Article","@id":"https:\/\/qtmm.org\/qt\/birlesken-milletler-teskilati-bas-katibinin-uyken-mesleatcisi-robert-serri-halqara-cemaatcliq-ukraina-butunligine-qoltuta\/#article","isPartOf":{"@id":"https:\/\/qtmm.org\/qt\/birlesken-milletler-teskilati-bas-katibinin-uyken-mesleatcisi-robert-serri-halqara-cemaatcliq-ukraina-butunligine-qoltuta\/"},"author":{"name":"Developer","@id":"https:\/\/qtmm.org\/qt\/#\/schema\/person\/de562469f971dec226ac06e60bbf74a7"},"headline":"Birle\u015fken Milletler Te\u015fkil\u00e2t\u0131 Ba\u015f k\u00e2tibini\u00f1 \u00fcyken mesleat\u00e7\u0131s\u0131 Robert Serri: Halqara cemaat\u00e7l\u0131q Ukraina b\u00fct\u00fcnligine qoltuta","datePublished":"2014-03-05T16:30:00+00:00","dateModified":"2022-01-27T16:31:00+00:00","mainEntityOfPage":{"@id":"https:\/\/qtmm.org\/qt\/birlesken-milletler-teskilati-bas-katibinin-uyken-mesleatcisi-robert-serri-halqara-cemaatcliq-ukraina-butunligine-qoltuta\/"},"wordCount":477,"commentCount":0,"publisher":{"@id":"https:\/\/qtmm.org\/qt\/#organization"},"articleSection":["Haberler"],"inLanguage":"qt","potentialAction":[{"@type":"CommentAction","name":"Comment","target":["https:\/\/qtmm.org\/qt\/birlesken-milletler-teskilati-bas-katibinin-uyken-mesleatcisi-robert-serri-halqara-cemaatcliq-ukraina-butunligine-qoltuta\/#respond"]}]},{"@type":"WebPage","@id":"https:\/\/qtmm.org\/qt\/birlesken-milletler-teskilati-bas-katibinin-uyken-mesleatcisi-robert-serri-halqara-cemaatcliq-ukraina-butunligine-qoltuta\/","url":"https:\/\/qtmm.org\/qt\/birlesken-milletler-teskilati-bas-katibinin-uyken-mesleatcisi-robert-serri-halqara-cemaatcliq-ukraina-butunligine-qoltuta\/","name":"Birle\u015fken Milletler Te\u015fkil\u00e2t\u0131 Ba\u015f k\u00e2tibini\u00f1 \u00fcyken mesleat\u00e7\u0131s\u0131 Robert Serri: Halqara cemaat\u00e7l\u0131q Ukraina b\u00fct\u00fcnligine qoltuta - \u041c\u0435\u0434\u0436\u043b\u0456\u0441","isPartOf":{"@id":"https:\/\/qtmm.org\/qt\/#website"},"datePublished":"2014-03-05T16:30:00+00:00","dateModified":"2022-01-27T16:31:00+00:00","breadcrumb":{"@id":"https:\/\/qtmm.org\/qt\/birlesken-milletler-teskilati-bas-katibinin-uyken-mesleatcisi-robert-serri-halqara-cemaatcliq-ukraina-butunligine-qoltuta\/#breadcrumb"},"inLanguage":"qt","potentialAction":[{"@type":"ReadAction","target":["https:\/\/qtmm.org\/qt\/birlesken-milletler-teskilati-bas-katibinin-uyken-mesleatcisi-robert-serri-halqara-cemaatcliq-ukraina-butunligine-qoltuta\/"]}]},{"@type":"BreadcrumbList","@id":"https:\/\/qtmm.org\/qt\/birlesken-milletler-teskilati-bas-katibinin-uyken-mesleatcisi-robert-serri-halqara-cemaatcliq-ukraina-butunligine-qoltuta\/#breadcrumb","itemListElement":[{"@type":"ListItem","position":1,"name":"\u0413\u043e\u043b\u043e\u0432\u043d\u0430","item":"https:\/\/qtmm.org\/qt\/"},{"@type":"ListItem","position":2,"name":"Birle\u015fken Milletler Te\u015fkil\u00e2t\u0131 Ba\u015f k\u00e2tibini\u00f1 \u00fcyken mesleat\u00e7\u0131s\u0131 Robert Serri: Halqara cemaat\u00e7l\u0131q Ukraina b\u00fct\u00fcnligine qoltuta"}]},{"@type":"WebSite","@id":"https:\/\/qtmm.org\/qt\/#website","url":"https:\/\/qtmm.org\/qt\/","name":"\u041c\u0435\u0434\u0436\u043b\u0456\u0441","description":"","publisher":{"@id":"https:\/\/qtmm.org\/qt\/#organization"},"potentialAction":[{"@type":"SearchAction","target":{"@type":"EntryPoint","urlTemplate":"https:\/\/qtmm.org\/qt\/?s={search_term_string}"},"query-input":{"@type":"PropertyValueSpecification","valueRequired":true,"valueName":"search_term_string"}}],"inLanguage":"qt"},{"@type":"Organization","@id":"https:\/\/qtmm.org\/qt\/#organization","name":"\u041c\u0435\u0434\u0436\u043b\u0456\u0441","url":"https:\/\/qtmm.org\/qt\/","logo":{"@type":"ImageObject","inLanguage":"qt","@id":"https:\/\/qtmm.org\/qt\/#\/schema\/logo\/image\/","url":"https:\/\/qtmm.org\/wp-content\/uploads\/2024\/12\/ua-mejlis-logo-rgb.svg","contentUrl":"https:\/\/qtmm.org\/wp-content\/uploads\/2024\/12\/ua-mejlis-logo-rgb.svg","caption":"\u041c\u0435\u0434\u0436\u043b\u0456\u0441"},"image":{"@id":"https:\/\/qtmm.org\/qt\/#\/schema\/logo\/image\/"},"sameAs":["https:\/\/www.facebook.com\/qtmm.info\/"]},{"@type":"Person","@id":"https:\/\/qtmm.org\/qt\/#\/schema\/person\/de562469f971dec226ac06e60bbf74a7","name":"Developer","image":{"@type":"ImageObject","inLanguage":"qt","@id":"https:\/\/secure.gravatar.com\/avatar\/392b4cc8fbfeb00b39dfeeab4ee6edded39ffd48e25858637e4765810300227e?s=96&d=mm&r=g","url":"https:\/\/secure.gravatar.com\/avatar\/392b4cc8fbfeb00b39dfeeab4ee6edded39ffd48e25858637e4765810300227e?s=96&d=mm&r=g","contentUrl":"https:\/\/secure.gravatar.com\/avatar\/392b4cc8fbfeb00b39dfeeab4ee6edded39ffd48e25858637e4765810300227e?s=96&d=mm&r=g","caption":"Developer"},"url":"https:\/\/qtmm.org\/qt\/author\/Developer\/"}]}},"_links":{"self":[{"href":"https:\/\/qtmm.org\/qt\/wp-json\/wp\/v2\/posts\/43693","targetHints":{"allow":["GET"]}}],"collection":[{"href":"https:\/\/qtmm.org\/qt\/wp-json\/wp\/v2\/posts"}],"about":[{"href":"https:\/\/qtmm.org\/qt\/wp-json\/wp\/v2\/types\/post"}],"author":[{"embeddable":true,"href":"https:\/\/qtmm.org\/qt\/wp-json\/wp\/v2\/users\/1"}],"replies":[{"embeddable":true,"href":"https:\/\/qtmm.org\/qt\/wp-json\/wp\/v2\/comments?post=43693"}],"version-history":[{"count":1,"href":"https:\/\/qtmm.org\/qt\/wp-json\/wp\/v2\/posts\/43693\/revisions"}],"predecessor-version":[{"id":43694,"href":"https:\/\/qtmm.org\/qt\/wp-json\/wp\/v2\/posts\/43693\/revisions\/43694"}],"wp:attachment":[{"href":"https:\/\/qtmm.org\/qt\/wp-json\/wp\/v2\/media?parent=43693"}],"wp:term":[{"taxonomy":"category","embeddable":true,"href":"https:\/\/qtmm.org\/qt\/wp-json\/wp\/v2\/categories?post=43693"},{"taxonomy":"post_tag","embeddable":true,"href":"https:\/\/qtmm.org\/qt\/wp-json\/wp\/v2\/tags?post=43693"}],"curies":[{"name":"wp","href":"https:\/\/api.w.org\/{rel}","templated":true}]}}