




{"id":43691,"date":"2014-03-03T19:29:00","date_gmt":"2014-03-03T16:29:00","guid":{"rendered":"http:\/\/qtmm.org\/?p=43691"},"modified":"2022-01-27T19:30:09","modified_gmt":"2022-01-27T16:30:09","slug":"disisleri-bakani-davutoglu-kirim-dernekleri-temsilcilerini-kabul-etti","status":"publish","type":"post","link":"https:\/\/qtmm.org\/qt\/disisleri-bakani-davutoglu-kirim-dernekleri-temsilcilerini-kabul-etti\/","title":{"rendered":"D\u0131\u015fi\u015fleri Bakan\u0131 Davuto\u011flu K\u0131r\u0131m Dernekleri Temsilcileri&#8217;ni kabul etti"},"content":{"rendered":"\n<p>D\u0131\u015fi\u015fleri Bakan\u0131 Say\u0131n Ahmet Davuto\u011flu, 3 Mart 2014 tarihinde K\u0131r\u0131m T\u00fcrkleri K\u00fclt\u00fcr ve Yard\u0131mla\u015fma Derne\u011fi, Emel K\u0131r\u0131m Vakf\u0131, \u0130zmir K\u0131r\u0131m Derne\u011fi, D\u00fczce K\u0131r\u0131m Derne\u011fi, Ankara Polatl\u0131 K\u0131r\u0131m Derne\u011fi, K\u0131r\u0131m Geli\u015fim Vakf\u0131, Eski\u015fehir K\u0131r\u0131m Derne\u011fi, Kocaeli K\u0131r\u0131m Tatarlar\u0131 K\u00fclt\u00fcr ve Dayan\u0131\u015fma Derne\u011fi, K\u0131r\u0131m Tatar Dernekleri Federasyonu\u2019ndan yakla\u015f\u0131k 50 temsilciyi kabul etti.<\/p>\n\n\n\n<p>G\u00f6r\u00fc\u015fmede, K\u0131r\u0131m Tatarlar\u0131n\u0131n yak\u0131n d\u00f6nemde b\u00fcy\u00fck s\u0131navlarla kar\u015f\u0131 kar\u015f\u0131ya kald\u0131\u011f\u0131na i\u015faret eden D\u0131\u015fi\u015fleri Bakan\u0131 Davuto\u011flu, \u201c\u00c7ok ac\u0131lar ya\u015fand\u0131. Bu ac\u0131lara kar\u015f\u0131 da K\u0131r\u0131ml\u0131 Tatar karde\u015flerimiz hep diren\u00e7 g\u00f6sterdiler, tarihten, atalar\u0131m\u0131zdan ald\u0131\u011f\u0131m\u0131z o g\u00fc\u00e7l\u00fc gelene\u011fi de s\u00fcrd\u00fcrd\u00fcler. Tarihte \u00e7ok az millet s\u00fcr\u00fcld\u00fc\u011f\u00fc topraklara onurla geri d\u00f6nm\u00fc\u015ft\u00fcr, bunlardan biri de K\u0131r\u0131m T\u00fcrkleridir\u201d dedi.<\/p>\n\n\n\n<p>D\u0131\u015fi\u015fleri Bakan\u0131 Davuto\u011flu, T\u00fcrkiye&#8217;nin her zaman K\u0131r\u0131m T\u00fcrklerinin yan\u0131nda olaca\u011f\u0131n\u0131 vurgulad\u0131. T\u00fcrkiye\u2019nin ba\u015f\u0131ndan beri K\u0131r\u0131ml\u0131 T\u00fcrklerin anayurtlar\u0131na d\u00f6nmelerini destekledi\u011fini ve her t\u00fcrl\u00fc katk\u0131y\u0131 sa\u011flad\u0131\u011f\u0131n\u0131 hat\u0131rlatt\u0131.<\/p>\n","protected":false},"excerpt":{"rendered":"<p>D\u0131\u015fi\u015fleri Bakan\u0131 Say\u0131n Ahmet Davuto\u011flu, 3 Mart 2014 tarihinde K\u0131r\u0131m T\u00fcrkleri K\u00fclt\u00fcr ve Yard\u0131mla\u015fma Derne\u011fi, Emel K\u0131r\u0131m Vakf\u0131, \u0130zmir K\u0131r\u0131m Derne\u011fi, D\u00fczce K\u0131r\u0131m Derne\u011fi, Ankara Polatl\u0131 K\u0131r\u0131m Derne\u011fi, K\u0131r\u0131m Geli\u015fim Vakf\u0131, Eski\u015fehir K\u0131r\u0131m Derne\u011fi, Kocaeli K\u0131r\u0131m Tatarlar\u0131 K\u00fclt\u00fcr ve Dayan\u0131\u015fma Derne\u011fi, K\u0131r\u0131m Tatar Dernekleri Federasyonu\u2019ndan yakla\u015f\u0131k 50 temsilciyi kabul etti. G\u00f6r\u00fc\u015fmede, K\u0131r\u0131m Tatarlar\u0131n\u0131n yak\u0131n d\u00f6nemde [&hellip;]<\/p>\n","protected":false},"author":1,"featured_media":0,"comment_status":"open","ping_status":"open","sticky":false,"template":"","format":"standard","meta":{"inline_featured_image":false,"footnotes":""},"categories":[265],"tags":[],"class_list":["post-43691","post","type-post","status-publish","format-standard","hentry","category-haberler"],"acf":[],"yoast_head":"<!-- This site is optimized with the Yoast SEO plugin v27.4 - https:\/\/yoast.com\/product\/yoast-seo-wordpress\/ -->\n<title>D\u0131\u015fi\u015fleri Bakan\u0131 Davuto\u011flu K\u0131r\u0131m Dernekleri Temsilcileri&#039;ni kabul etti - \u041c\u0435\u0434\u0436\u043b\u0456\u0441<\/title>\n<meta name=\"robots\" content=\"index, follow, max-snippet:-1, max-image-preview:large, max-video-preview:-1\" \/>\n<link rel=\"canonical\" href=\"https:\/\/qtmm.org\/qt\/disisleri-bakani-davutoglu-kirim-dernekleri-temsilcilerini-kabul-etti\/\" \/>\n<meta property=\"og:locale\" content=\"en_US\" \/>\n<meta property=\"og:type\" content=\"article\" \/>\n<meta property=\"og:title\" content=\"D\u0131\u015fi\u015fleri Bakan\u0131 Davuto\u011flu K\u0131r\u0131m Dernekleri Temsilcileri&#039;ni kabul etti - \u041c\u0435\u0434\u0436\u043b\u0456\u0441\" \/>\n<meta property=\"og:description\" content=\"D\u0131\u015fi\u015fleri Bakan\u0131 Say\u0131n Ahmet Davuto\u011flu, 3 Mart 2014 tarihinde K\u0131r\u0131m T\u00fcrkleri K\u00fclt\u00fcr ve Yard\u0131mla\u015fma Derne\u011fi, Emel K\u0131r\u0131m Vakf\u0131, \u0130zmir K\u0131r\u0131m Derne\u011fi, D\u00fczce K\u0131r\u0131m Derne\u011fi, Ankara Polatl\u0131 K\u0131r\u0131m Derne\u011fi, K\u0131r\u0131m Geli\u015fim Vakf\u0131, Eski\u015fehir K\u0131r\u0131m Derne\u011fi, Kocaeli K\u0131r\u0131m Tatarlar\u0131 K\u00fclt\u00fcr ve Dayan\u0131\u015fma Derne\u011fi, K\u0131r\u0131m Tatar Dernekleri Federasyonu\u2019ndan yakla\u015f\u0131k 50 temsilciyi kabul etti. G\u00f6r\u00fc\u015fmede, K\u0131r\u0131m Tatarlar\u0131n\u0131n yak\u0131n d\u00f6nemde [&hellip;]\" \/>\n<meta property=\"og:url\" content=\"https:\/\/qtmm.org\/qt\/disisleri-bakani-davutoglu-kirim-dernekleri-temsilcilerini-kabul-etti\/\" \/>\n<meta property=\"og:site_name\" content=\"\u041c\u0435\u0434\u0436\u043b\u0456\u0441\" \/>\n<meta property=\"article:publisher\" content=\"https:\/\/www.facebook.com\/qtmm.info\/\" \/>\n<meta property=\"article:published_time\" content=\"2014-03-03T16:29:00+00:00\" \/>\n<meta property=\"article:modified_time\" content=\"2022-01-27T16:30:09+00:00\" \/>\n<meta name=\"author\" content=\"Developer\" \/>\n<meta name=\"twitter:card\" content=\"summary_large_image\" \/>\n<meta name=\"twitter:label1\" content=\"Written by\" \/>\n\t<meta name=\"twitter:data1\" content=\"Developer\" \/>\n\t<meta name=\"twitter:label2\" content=\"Est. reading time\" \/>\n\t<meta name=\"twitter:data2\" content=\"1 minute\" \/>\n<script type=\"application\/ld+json\" class=\"yoast-schema-graph\">{\"@context\":\"https:\\\/\\\/schema.org\",\"@graph\":[{\"@type\":\"Article\",\"@id\":\"https:\\\/\\\/qtmm.org\\\/qt\\\/disisleri-bakani-davutoglu-kirim-dernekleri-temsilcilerini-kabul-etti\\\/#article\",\"isPartOf\":{\"@id\":\"https:\\\/\\\/qtmm.org\\\/qt\\\/disisleri-bakani-davutoglu-kirim-dernekleri-temsilcilerini-kabul-etti\\\/\"},\"author\":{\"name\":\"Developer\",\"@id\":\"https:\\\/\\\/qtmm.org\\\/qt\\\/#\\\/schema\\\/person\\\/de562469f971dec226ac06e60bbf74a7\"},\"headline\":\"D\u0131\u015fi\u015fleri Bakan\u0131 Davuto\u011flu K\u0131r\u0131m Dernekleri Temsilcileri&#8217;ni kabul etti\",\"datePublished\":\"2014-03-03T16:29:00+00:00\",\"dateModified\":\"2022-01-27T16:30:09+00:00\",\"mainEntityOfPage\":{\"@id\":\"https:\\\/\\\/qtmm.org\\\/qt\\\/disisleri-bakani-davutoglu-kirim-dernekleri-temsilcilerini-kabul-etti\\\/\"},\"wordCount\":243,\"commentCount\":0,\"publisher\":{\"@id\":\"https:\\\/\\\/qtmm.org\\\/qt\\\/#organization\"},\"articleSection\":[\"Haberler\"],\"inLanguage\":\"qt\",\"potentialAction\":[{\"@type\":\"CommentAction\",\"name\":\"Comment\",\"target\":[\"https:\\\/\\\/qtmm.org\\\/qt\\\/disisleri-bakani-davutoglu-kirim-dernekleri-temsilcilerini-kabul-etti\\\/#respond\"]}]},{\"@type\":\"WebPage\",\"@id\":\"https:\\\/\\\/qtmm.org\\\/qt\\\/disisleri-bakani-davutoglu-kirim-dernekleri-temsilcilerini-kabul-etti\\\/\",\"url\":\"https:\\\/\\\/qtmm.org\\\/qt\\\/disisleri-bakani-davutoglu-kirim-dernekleri-temsilcilerini-kabul-etti\\\/\",\"name\":\"D\u0131\u015fi\u015fleri Bakan\u0131 Davuto\u011flu K\u0131r\u0131m Dernekleri Temsilcileri'ni kabul etti - \u041c\u0435\u0434\u0436\u043b\u0456\u0441\",\"isPartOf\":{\"@id\":\"https:\\\/\\\/qtmm.org\\\/qt\\\/#website\"},\"datePublished\":\"2014-03-03T16:29:00+00:00\",\"dateModified\":\"2022-01-27T16:30:09+00:00\",\"breadcrumb\":{\"@id\":\"https:\\\/\\\/qtmm.org\\\/qt\\\/disisleri-bakani-davutoglu-kirim-dernekleri-temsilcilerini-kabul-etti\\\/#breadcrumb\"},\"inLanguage\":\"qt\",\"potentialAction\":[{\"@type\":\"ReadAction\",\"target\":[\"https:\\\/\\\/qtmm.org\\\/qt\\\/disisleri-bakani-davutoglu-kirim-dernekleri-temsilcilerini-kabul-etti\\\/\"]}]},{\"@type\":\"BreadcrumbList\",\"@id\":\"https:\\\/\\\/qtmm.org\\\/qt\\\/disisleri-bakani-davutoglu-kirim-dernekleri-temsilcilerini-kabul-etti\\\/#breadcrumb\",\"itemListElement\":[{\"@type\":\"ListItem\",\"position\":1,\"name\":\"\u0413\u043e\u043b\u043e\u0432\u043d\u0430\",\"item\":\"https:\\\/\\\/qtmm.org\\\/qt\\\/\"},{\"@type\":\"ListItem\",\"position\":2,\"name\":\"D\u0131\u015fi\u015fleri Bakan\u0131 Davuto\u011flu K\u0131r\u0131m Dernekleri Temsilcileri&#8217;ni kabul etti\"}]},{\"@type\":\"WebSite\",\"@id\":\"https:\\\/\\\/qtmm.org\\\/qt\\\/#website\",\"url\":\"https:\\\/\\\/qtmm.org\\\/qt\\\/\",\"name\":\"\u041c\u0435\u0434\u0436\u043b\u0456\u0441\",\"description\":\"\",\"publisher\":{\"@id\":\"https:\\\/\\\/qtmm.org\\\/qt\\\/#organization\"},\"potentialAction\":[{\"@type\":\"SearchAction\",\"target\":{\"@type\":\"EntryPoint\",\"urlTemplate\":\"https:\\\/\\\/qtmm.org\\\/qt\\\/?s={search_term_string}\"},\"query-input\":{\"@type\":\"PropertyValueSpecification\",\"valueRequired\":true,\"valueName\":\"search_term_string\"}}],\"inLanguage\":\"qt\"},{\"@type\":\"Organization\",\"@id\":\"https:\\\/\\\/qtmm.org\\\/qt\\\/#organization\",\"name\":\"\u041c\u0435\u0434\u0436\u043b\u0456\u0441\",\"url\":\"https:\\\/\\\/qtmm.org\\\/qt\\\/\",\"logo\":{\"@type\":\"ImageObject\",\"inLanguage\":\"qt\",\"@id\":\"https:\\\/\\\/qtmm.org\\\/qt\\\/#\\\/schema\\\/logo\\\/image\\\/\",\"url\":\"https:\\\/\\\/qtmm.org\\\/wp-content\\\/uploads\\\/2024\\\/12\\\/ua-mejlis-logo-rgb.svg\",\"contentUrl\":\"https:\\\/\\\/qtmm.org\\\/wp-content\\\/uploads\\\/2024\\\/12\\\/ua-mejlis-logo-rgb.svg\",\"caption\":\"\u041c\u0435\u0434\u0436\u043b\u0456\u0441\"},\"image\":{\"@id\":\"https:\\\/\\\/qtmm.org\\\/qt\\\/#\\\/schema\\\/logo\\\/image\\\/\"},\"sameAs\":[\"https:\\\/\\\/www.facebook.com\\\/qtmm.info\\\/\"]},{\"@type\":\"Person\",\"@id\":\"https:\\\/\\\/qtmm.org\\\/qt\\\/#\\\/schema\\\/person\\\/de562469f971dec226ac06e60bbf74a7\",\"name\":\"Developer\",\"image\":{\"@type\":\"ImageObject\",\"inLanguage\":\"qt\",\"@id\":\"https:\\\/\\\/secure.gravatar.com\\\/avatar\\\/392b4cc8fbfeb00b39dfeeab4ee6edded39ffd48e25858637e4765810300227e?s=96&d=mm&r=g\",\"url\":\"https:\\\/\\\/secure.gravatar.com\\\/avatar\\\/392b4cc8fbfeb00b39dfeeab4ee6edded39ffd48e25858637e4765810300227e?s=96&d=mm&r=g\",\"contentUrl\":\"https:\\\/\\\/secure.gravatar.com\\\/avatar\\\/392b4cc8fbfeb00b39dfeeab4ee6edded39ffd48e25858637e4765810300227e?s=96&d=mm&r=g\",\"caption\":\"Developer\"},\"url\":\"https:\\\/\\\/qtmm.org\\\/qt\\\/author\\\/Developer\\\/\"}]}<\/script>\n<!-- \/ Yoast SEO plugin. -->","yoast_head_json":{"title":"D\u0131\u015fi\u015fleri Bakan\u0131 Davuto\u011flu K\u0131r\u0131m Dernekleri Temsilcileri'ni kabul etti - \u041c\u0435\u0434\u0436\u043b\u0456\u0441","robots":{"index":"index","follow":"follow","max-snippet":"max-snippet:-1","max-image-preview":"max-image-preview:large","max-video-preview":"max-video-preview:-1"},"canonical":"https:\/\/qtmm.org\/qt\/disisleri-bakani-davutoglu-kirim-dernekleri-temsilcilerini-kabul-etti\/","og_locale":"en_US","og_type":"article","og_title":"D\u0131\u015fi\u015fleri Bakan\u0131 Davuto\u011flu K\u0131r\u0131m Dernekleri Temsilcileri'ni kabul etti - \u041c\u0435\u0434\u0436\u043b\u0456\u0441","og_description":"D\u0131\u015fi\u015fleri Bakan\u0131 Say\u0131n Ahmet Davuto\u011flu, 3 Mart 2014 tarihinde K\u0131r\u0131m T\u00fcrkleri K\u00fclt\u00fcr ve Yard\u0131mla\u015fma Derne\u011fi, Emel K\u0131r\u0131m Vakf\u0131, \u0130zmir K\u0131r\u0131m Derne\u011fi, D\u00fczce K\u0131r\u0131m Derne\u011fi, Ankara Polatl\u0131 K\u0131r\u0131m Derne\u011fi, K\u0131r\u0131m Geli\u015fim Vakf\u0131, Eski\u015fehir K\u0131r\u0131m Derne\u011fi, Kocaeli K\u0131r\u0131m Tatarlar\u0131 K\u00fclt\u00fcr ve Dayan\u0131\u015fma Derne\u011fi, K\u0131r\u0131m Tatar Dernekleri Federasyonu\u2019ndan yakla\u015f\u0131k 50 temsilciyi kabul etti. G\u00f6r\u00fc\u015fmede, K\u0131r\u0131m Tatarlar\u0131n\u0131n yak\u0131n d\u00f6nemde [&hellip;]","og_url":"https:\/\/qtmm.org\/qt\/disisleri-bakani-davutoglu-kirim-dernekleri-temsilcilerini-kabul-etti\/","og_site_name":"\u041c\u0435\u0434\u0436\u043b\u0456\u0441","article_publisher":"https:\/\/www.facebook.com\/qtmm.info\/","article_published_time":"2014-03-03T16:29:00+00:00","article_modified_time":"2022-01-27T16:30:09+00:00","author":"Developer","twitter_card":"summary_large_image","twitter_misc":{"Written by":"Developer","Est. reading time":"1 minute"},"schema":{"@context":"https:\/\/schema.org","@graph":[{"@type":"Article","@id":"https:\/\/qtmm.org\/qt\/disisleri-bakani-davutoglu-kirim-dernekleri-temsilcilerini-kabul-etti\/#article","isPartOf":{"@id":"https:\/\/qtmm.org\/qt\/disisleri-bakani-davutoglu-kirim-dernekleri-temsilcilerini-kabul-etti\/"},"author":{"name":"Developer","@id":"https:\/\/qtmm.org\/qt\/#\/schema\/person\/de562469f971dec226ac06e60bbf74a7"},"headline":"D\u0131\u015fi\u015fleri Bakan\u0131 Davuto\u011flu K\u0131r\u0131m Dernekleri Temsilcileri&#8217;ni kabul etti","datePublished":"2014-03-03T16:29:00+00:00","dateModified":"2022-01-27T16:30:09+00:00","mainEntityOfPage":{"@id":"https:\/\/qtmm.org\/qt\/disisleri-bakani-davutoglu-kirim-dernekleri-temsilcilerini-kabul-etti\/"},"wordCount":243,"commentCount":0,"publisher":{"@id":"https:\/\/qtmm.org\/qt\/#organization"},"articleSection":["Haberler"],"inLanguage":"qt","potentialAction":[{"@type":"CommentAction","name":"Comment","target":["https:\/\/qtmm.org\/qt\/disisleri-bakani-davutoglu-kirim-dernekleri-temsilcilerini-kabul-etti\/#respond"]}]},{"@type":"WebPage","@id":"https:\/\/qtmm.org\/qt\/disisleri-bakani-davutoglu-kirim-dernekleri-temsilcilerini-kabul-etti\/","url":"https:\/\/qtmm.org\/qt\/disisleri-bakani-davutoglu-kirim-dernekleri-temsilcilerini-kabul-etti\/","name":"D\u0131\u015fi\u015fleri Bakan\u0131 Davuto\u011flu K\u0131r\u0131m Dernekleri Temsilcileri'ni kabul etti - \u041c\u0435\u0434\u0436\u043b\u0456\u0441","isPartOf":{"@id":"https:\/\/qtmm.org\/qt\/#website"},"datePublished":"2014-03-03T16:29:00+00:00","dateModified":"2022-01-27T16:30:09+00:00","breadcrumb":{"@id":"https:\/\/qtmm.org\/qt\/disisleri-bakani-davutoglu-kirim-dernekleri-temsilcilerini-kabul-etti\/#breadcrumb"},"inLanguage":"qt","potentialAction":[{"@type":"ReadAction","target":["https:\/\/qtmm.org\/qt\/disisleri-bakani-davutoglu-kirim-dernekleri-temsilcilerini-kabul-etti\/"]}]},{"@type":"BreadcrumbList","@id":"https:\/\/qtmm.org\/qt\/disisleri-bakani-davutoglu-kirim-dernekleri-temsilcilerini-kabul-etti\/#breadcrumb","itemListElement":[{"@type":"ListItem","position":1,"name":"\u0413\u043e\u043b\u043e\u0432\u043d\u0430","item":"https:\/\/qtmm.org\/qt\/"},{"@type":"ListItem","position":2,"name":"D\u0131\u015fi\u015fleri Bakan\u0131 Davuto\u011flu K\u0131r\u0131m Dernekleri Temsilcileri&#8217;ni kabul etti"}]},{"@type":"WebSite","@id":"https:\/\/qtmm.org\/qt\/#website","url":"https:\/\/qtmm.org\/qt\/","name":"\u041c\u0435\u0434\u0436\u043b\u0456\u0441","description":"","publisher":{"@id":"https:\/\/qtmm.org\/qt\/#organization"},"potentialAction":[{"@type":"SearchAction","target":{"@type":"EntryPoint","urlTemplate":"https:\/\/qtmm.org\/qt\/?s={search_term_string}"},"query-input":{"@type":"PropertyValueSpecification","valueRequired":true,"valueName":"search_term_string"}}],"inLanguage":"qt"},{"@type":"Organization","@id":"https:\/\/qtmm.org\/qt\/#organization","name":"\u041c\u0435\u0434\u0436\u043b\u0456\u0441","url":"https:\/\/qtmm.org\/qt\/","logo":{"@type":"ImageObject","inLanguage":"qt","@id":"https:\/\/qtmm.org\/qt\/#\/schema\/logo\/image\/","url":"https:\/\/qtmm.org\/wp-content\/uploads\/2024\/12\/ua-mejlis-logo-rgb.svg","contentUrl":"https:\/\/qtmm.org\/wp-content\/uploads\/2024\/12\/ua-mejlis-logo-rgb.svg","caption":"\u041c\u0435\u0434\u0436\u043b\u0456\u0441"},"image":{"@id":"https:\/\/qtmm.org\/qt\/#\/schema\/logo\/image\/"},"sameAs":["https:\/\/www.facebook.com\/qtmm.info\/"]},{"@type":"Person","@id":"https:\/\/qtmm.org\/qt\/#\/schema\/person\/de562469f971dec226ac06e60bbf74a7","name":"Developer","image":{"@type":"ImageObject","inLanguage":"qt","@id":"https:\/\/secure.gravatar.com\/avatar\/392b4cc8fbfeb00b39dfeeab4ee6edded39ffd48e25858637e4765810300227e?s=96&d=mm&r=g","url":"https:\/\/secure.gravatar.com\/avatar\/392b4cc8fbfeb00b39dfeeab4ee6edded39ffd48e25858637e4765810300227e?s=96&d=mm&r=g","contentUrl":"https:\/\/secure.gravatar.com\/avatar\/392b4cc8fbfeb00b39dfeeab4ee6edded39ffd48e25858637e4765810300227e?s=96&d=mm&r=g","caption":"Developer"},"url":"https:\/\/qtmm.org\/qt\/author\/Developer\/"}]}},"_links":{"self":[{"href":"https:\/\/qtmm.org\/qt\/wp-json\/wp\/v2\/posts\/43691","targetHints":{"allow":["GET"]}}],"collection":[{"href":"https:\/\/qtmm.org\/qt\/wp-json\/wp\/v2\/posts"}],"about":[{"href":"https:\/\/qtmm.org\/qt\/wp-json\/wp\/v2\/types\/post"}],"author":[{"embeddable":true,"href":"https:\/\/qtmm.org\/qt\/wp-json\/wp\/v2\/users\/1"}],"replies":[{"embeddable":true,"href":"https:\/\/qtmm.org\/qt\/wp-json\/wp\/v2\/comments?post=43691"}],"version-history":[{"count":1,"href":"https:\/\/qtmm.org\/qt\/wp-json\/wp\/v2\/posts\/43691\/revisions"}],"predecessor-version":[{"id":43692,"href":"https:\/\/qtmm.org\/qt\/wp-json\/wp\/v2\/posts\/43691\/revisions\/43692"}],"wp:attachment":[{"href":"https:\/\/qtmm.org\/qt\/wp-json\/wp\/v2\/media?parent=43691"}],"wp:term":[{"taxonomy":"category","embeddable":true,"href":"https:\/\/qtmm.org\/qt\/wp-json\/wp\/v2\/categories?post=43691"},{"taxonomy":"post_tag","embeddable":true,"href":"https:\/\/qtmm.org\/qt\/wp-json\/wp\/v2\/tags?post=43691"}],"curies":[{"name":"wp","href":"https:\/\/api.w.org\/{rel}","templated":true}]}}