




{"id":43689,"date":"2014-03-03T19:28:00","date_gmt":"2014-03-03T16:28:00","guid":{"rendered":"http:\/\/qtmm.org\/?p=43689"},"modified":"2022-01-27T19:29:14","modified_gmt":"2022-01-27T16:29:14","slug":"meclis-reisi-refat-cubarov-ukraina-yuqari-surasinin-insan-aqlari-boyunca-vekaletli-valeriya-lutkovskaya-ile-korusti","status":"publish","type":"post","link":"https:\/\/qtmm.org\/qt\/meclis-reisi-refat-cubarov-ukraina-yuqari-surasinin-insan-aqlari-boyunca-vekaletli-valeriya-lutkovskaya-ile-korusti\/","title":{"rendered":"Meclis reisi Refat \u00c7ubarov Ukraina Yuqar\u0131 \u015euras\u0131n\u0131\u00f1 \u0130nsan aqlar\u0131 boyunca vek\u00e2letli Valeriya Lutkovskaya ile k\u00f6r\u00fc\u015fti"},"content":{"rendered":"\n<p>Meclis reisi Refat \u00c7ubarov 2014 senesi mart 3 k\u00fcn\u00fc Q\u0131r\u0131m\u011fa Ukraina vatanda\u015flar\u0131 ve Q\u0131r\u0131m Muhtar cumhuriyetinde ya\u015fa\u011fan diger devlet vatanda\u015flar\u0131, bun\u0131\u00f1 kibi de Ukraina Arbiy K\u00fc\u00e7leri arbiylerini\u00f1 aqlar\u0131 teminlenmesini talil etmek maqsad\u0131nen kelgen Ukraina Yuqar\u0131 \u015euras\u0131n\u0131\u00f1 \u0130nsan aqlar\u0131 boyunca vek\u00e2letli Valeriya Lutkovskayanen k\u00f6r\u00fc\u015fti<\/p>\n\n\n\n<p>Taraflar so\u00f1ki k\u00fcnlerde Q\u0131r\u0131mda ol\u0131p ke\u00e7ken vaqialar aqq\u0131nda mal\u00fcmatlarnen payla\u015f\u0131p, Q\u0131r\u0131mda meydan\u011fa kelgen vaziyet \u00e7ezimini\u00f1 yolllar\u0131 ve usullar\u0131n\u0131 muzakere ettiler.<\/p>\n\n\n\n<p>Refat \u00c7ubarovn\u0131\u00f1 fikirince bug\u00fcnde-bug\u00fcn Ukraina Yuqar\u0131 \u015euras\u0131 ve Q\u0131r\u0131m Yuqar\u0131 \u015euras\u0131n\u0131\u00f1 deputatlar\u0131ndan ibaret tizilgen mahsus komissiyalar\u0131 vaziyetni\u00f1 keskin kerginle\u015fmesine sebep ol\u011fan meselelerni birlikte baq\u0131p \u00e7\u0131qmal\u0131lar.<\/p>\n\n\n\n<p>Ombudsmen Valeriya Lutkovskaya Meclis reisi Refat \u00c7ubarovn\u0131\u00f1 fikirine qoltut\u0131p, vaziyetni\u00f1 \u00e7ezimi faqat siyasiy esnada yap\u0131lmal\u0131, dep qayd etti. Valeriya Lutkovskaya \u015fun\u0131 da qayd etti ki, Ukraina Yuqar\u0131 \u015euras\u0131n\u0131\u00f1 \u0130nsan aqlar\u0131 boyunca vek\u00e2letli ofisini\u00f1 ba\u015f vazifesi insan aqlar\u0131n\u0131 qor\u00e7alamaq ve Q\u0131r\u0131mda bar\u0131\u015f\u0131q ve t\u0131n\u00e7l\u0131qn\u0131 teminlemektir.<\/p>\n\n\n\n<p>K\u00f6r\u00fc\u015f\u00fcvde Meclis reisini\u00f1 muavini Nariman Cel\u00e2lov, bun\u0131\u00f1 kibi de Ombundsmen vekilleri Mihail \u00c7apl\u0131ga ve Yuriy Belousov, Ukraina Yuqar\u0131 \u015euras\u0131n\u0131\u00f1 \u0130nsan aqlar\u0131 boyunca vek\u00e2letlini\u00f1 Q\u0131r\u0131mdaki temsilcisi Natalya \u015earova i\u015ftirak ettiler.<br>&nbsp;<\/p>\n","protected":false},"excerpt":{"rendered":"<p>Meclis reisi Refat \u00c7ubarov 2014 senesi mart 3 k\u00fcn\u00fc Q\u0131r\u0131m\u011fa Ukraina vatanda\u015flar\u0131 ve Q\u0131r\u0131m Muhtar cumhuriyetinde ya\u015fa\u011fan diger devlet vatanda\u015flar\u0131, bun\u0131\u00f1 kibi de Ukraina Arbiy K\u00fc\u00e7leri arbiylerini\u00f1 aqlar\u0131 teminlenmesini talil etmek maqsad\u0131nen kelgen Ukraina Yuqar\u0131 \u015euras\u0131n\u0131\u00f1 \u0130nsan aqlar\u0131 boyunca vek\u00e2letli Valeriya Lutkovskayanen k\u00f6r\u00fc\u015fti Taraflar so\u00f1ki k\u00fcnlerde Q\u0131r\u0131mda ol\u0131p ke\u00e7ken vaqialar aqq\u0131nda mal\u00fcmatlarnen payla\u015f\u0131p, Q\u0131r\u0131mda meydan\u011fa [&hellip;]<\/p>\n","protected":false},"author":1,"featured_media":0,"comment_status":"open","ping_status":"open","sticky":false,"template":"","format":"standard","meta":{"inline_featured_image":false,"footnotes":""},"categories":[265],"tags":[],"class_list":["post-43689","post","type-post","status-publish","format-standard","hentry","category-haberler"],"acf":[],"yoast_head":"<!-- This site is optimized with the Yoast SEO plugin v27.4 - https:\/\/yoast.com\/product\/yoast-seo-wordpress\/ -->\n<title>Meclis reisi Refat \u00c7ubarov Ukraina Yuqar\u0131 \u015euras\u0131n\u0131\u00f1 \u0130nsan aqlar\u0131 boyunca vek\u00e2letli Valeriya Lutkovskaya ile k\u00f6r\u00fc\u015fti - \u041c\u0435\u0434\u0436\u043b\u0456\u0441<\/title>\n<meta name=\"robots\" content=\"index, follow, max-snippet:-1, max-image-preview:large, max-video-preview:-1\" \/>\n<link rel=\"canonical\" href=\"https:\/\/qtmm.org\/qt\/meclis-reisi-refat-cubarov-ukraina-yuqari-surasinin-insan-aqlari-boyunca-vekaletli-valeriya-lutkovskaya-ile-korusti\/\" \/>\n<meta property=\"og:locale\" content=\"en_US\" \/>\n<meta property=\"og:type\" content=\"article\" \/>\n<meta property=\"og:title\" content=\"Meclis reisi Refat \u00c7ubarov Ukraina Yuqar\u0131 \u015euras\u0131n\u0131\u00f1 \u0130nsan aqlar\u0131 boyunca vek\u00e2letli Valeriya Lutkovskaya ile k\u00f6r\u00fc\u015fti - \u041c\u0435\u0434\u0436\u043b\u0456\u0441\" \/>\n<meta property=\"og:description\" content=\"Meclis reisi Refat \u00c7ubarov 2014 senesi mart 3 k\u00fcn\u00fc Q\u0131r\u0131m\u011fa Ukraina vatanda\u015flar\u0131 ve Q\u0131r\u0131m Muhtar cumhuriyetinde ya\u015fa\u011fan diger devlet vatanda\u015flar\u0131, bun\u0131\u00f1 kibi de Ukraina Arbiy K\u00fc\u00e7leri arbiylerini\u00f1 aqlar\u0131 teminlenmesini talil etmek maqsad\u0131nen kelgen Ukraina Yuqar\u0131 \u015euras\u0131n\u0131\u00f1 \u0130nsan aqlar\u0131 boyunca vek\u00e2letli Valeriya Lutkovskayanen k\u00f6r\u00fc\u015fti Taraflar so\u00f1ki k\u00fcnlerde Q\u0131r\u0131mda ol\u0131p ke\u00e7ken vaqialar aqq\u0131nda mal\u00fcmatlarnen payla\u015f\u0131p, Q\u0131r\u0131mda meydan\u011fa [&hellip;]\" \/>\n<meta property=\"og:url\" content=\"https:\/\/qtmm.org\/qt\/meclis-reisi-refat-cubarov-ukraina-yuqari-surasinin-insan-aqlari-boyunca-vekaletli-valeriya-lutkovskaya-ile-korusti\/\" \/>\n<meta property=\"og:site_name\" content=\"\u041c\u0435\u0434\u0436\u043b\u0456\u0441\" \/>\n<meta property=\"article:publisher\" content=\"https:\/\/www.facebook.com\/qtmm.info\/\" \/>\n<meta property=\"article:published_time\" content=\"2014-03-03T16:28:00+00:00\" \/>\n<meta property=\"article:modified_time\" content=\"2022-01-27T16:29:14+00:00\" \/>\n<meta name=\"author\" content=\"Developer\" \/>\n<meta name=\"twitter:card\" content=\"summary_large_image\" \/>\n<meta name=\"twitter:label1\" content=\"Written by\" \/>\n\t<meta name=\"twitter:data1\" content=\"Developer\" \/>\n\t<meta name=\"twitter:label2\" content=\"Est. reading time\" \/>\n\t<meta name=\"twitter:data2\" content=\"1 minute\" \/>\n<script type=\"application\/ld+json\" class=\"yoast-schema-graph\">{\"@context\":\"https:\\\/\\\/schema.org\",\"@graph\":[{\"@type\":\"Article\",\"@id\":\"https:\\\/\\\/qtmm.org\\\/qt\\\/meclis-reisi-refat-cubarov-ukraina-yuqari-surasinin-insan-aqlari-boyunca-vekaletli-valeriya-lutkovskaya-ile-korusti\\\/#article\",\"isPartOf\":{\"@id\":\"https:\\\/\\\/qtmm.org\\\/qt\\\/meclis-reisi-refat-cubarov-ukraina-yuqari-surasinin-insan-aqlari-boyunca-vekaletli-valeriya-lutkovskaya-ile-korusti\\\/\"},\"author\":{\"name\":\"Developer\",\"@id\":\"https:\\\/\\\/qtmm.org\\\/qt\\\/#\\\/schema\\\/person\\\/de562469f971dec226ac06e60bbf74a7\"},\"headline\":\"Meclis reisi Refat \u00c7ubarov Ukraina Yuqar\u0131 \u015euras\u0131n\u0131\u00f1 \u0130nsan aqlar\u0131 boyunca vek\u00e2letli Valeriya Lutkovskaya ile k\u00f6r\u00fc\u015fti\",\"datePublished\":\"2014-03-03T16:28:00+00:00\",\"dateModified\":\"2022-01-27T16:29:14+00:00\",\"mainEntityOfPage\":{\"@id\":\"https:\\\/\\\/qtmm.org\\\/qt\\\/meclis-reisi-refat-cubarov-ukraina-yuqari-surasinin-insan-aqlari-boyunca-vekaletli-valeriya-lutkovskaya-ile-korusti\\\/\"},\"wordCount\":239,\"commentCount\":0,\"publisher\":{\"@id\":\"https:\\\/\\\/qtmm.org\\\/qt\\\/#organization\"},\"articleSection\":[\"Haberler\"],\"inLanguage\":\"qt\",\"potentialAction\":[{\"@type\":\"CommentAction\",\"name\":\"Comment\",\"target\":[\"https:\\\/\\\/qtmm.org\\\/qt\\\/meclis-reisi-refat-cubarov-ukraina-yuqari-surasinin-insan-aqlari-boyunca-vekaletli-valeriya-lutkovskaya-ile-korusti\\\/#respond\"]}]},{\"@type\":\"WebPage\",\"@id\":\"https:\\\/\\\/qtmm.org\\\/qt\\\/meclis-reisi-refat-cubarov-ukraina-yuqari-surasinin-insan-aqlari-boyunca-vekaletli-valeriya-lutkovskaya-ile-korusti\\\/\",\"url\":\"https:\\\/\\\/qtmm.org\\\/qt\\\/meclis-reisi-refat-cubarov-ukraina-yuqari-surasinin-insan-aqlari-boyunca-vekaletli-valeriya-lutkovskaya-ile-korusti\\\/\",\"name\":\"Meclis reisi Refat \u00c7ubarov Ukraina Yuqar\u0131 \u015euras\u0131n\u0131\u00f1 \u0130nsan aqlar\u0131 boyunca vek\u00e2letli Valeriya Lutkovskaya ile k\u00f6r\u00fc\u015fti - \u041c\u0435\u0434\u0436\u043b\u0456\u0441\",\"isPartOf\":{\"@id\":\"https:\\\/\\\/qtmm.org\\\/qt\\\/#website\"},\"datePublished\":\"2014-03-03T16:28:00+00:00\",\"dateModified\":\"2022-01-27T16:29:14+00:00\",\"breadcrumb\":{\"@id\":\"https:\\\/\\\/qtmm.org\\\/qt\\\/meclis-reisi-refat-cubarov-ukraina-yuqari-surasinin-insan-aqlari-boyunca-vekaletli-valeriya-lutkovskaya-ile-korusti\\\/#breadcrumb\"},\"inLanguage\":\"qt\",\"potentialAction\":[{\"@type\":\"ReadAction\",\"target\":[\"https:\\\/\\\/qtmm.org\\\/qt\\\/meclis-reisi-refat-cubarov-ukraina-yuqari-surasinin-insan-aqlari-boyunca-vekaletli-valeriya-lutkovskaya-ile-korusti\\\/\"]}]},{\"@type\":\"BreadcrumbList\",\"@id\":\"https:\\\/\\\/qtmm.org\\\/qt\\\/meclis-reisi-refat-cubarov-ukraina-yuqari-surasinin-insan-aqlari-boyunca-vekaletli-valeriya-lutkovskaya-ile-korusti\\\/#breadcrumb\",\"itemListElement\":[{\"@type\":\"ListItem\",\"position\":1,\"name\":\"\u0413\u043e\u043b\u043e\u0432\u043d\u0430\",\"item\":\"https:\\\/\\\/qtmm.org\\\/qt\\\/\"},{\"@type\":\"ListItem\",\"position\":2,\"name\":\"Meclis reisi Refat \u00c7ubarov Ukraina Yuqar\u0131 \u015euras\u0131n\u0131\u00f1 \u0130nsan aqlar\u0131 boyunca vek\u00e2letli Valeriya Lutkovskaya ile k\u00f6r\u00fc\u015fti\"}]},{\"@type\":\"WebSite\",\"@id\":\"https:\\\/\\\/qtmm.org\\\/qt\\\/#website\",\"url\":\"https:\\\/\\\/qtmm.org\\\/qt\\\/\",\"name\":\"\u041c\u0435\u0434\u0436\u043b\u0456\u0441\",\"description\":\"\",\"publisher\":{\"@id\":\"https:\\\/\\\/qtmm.org\\\/qt\\\/#organization\"},\"potentialAction\":[{\"@type\":\"SearchAction\",\"target\":{\"@type\":\"EntryPoint\",\"urlTemplate\":\"https:\\\/\\\/qtmm.org\\\/qt\\\/?s={search_term_string}\"},\"query-input\":{\"@type\":\"PropertyValueSpecification\",\"valueRequired\":true,\"valueName\":\"search_term_string\"}}],\"inLanguage\":\"qt\"},{\"@type\":\"Organization\",\"@id\":\"https:\\\/\\\/qtmm.org\\\/qt\\\/#organization\",\"name\":\"\u041c\u0435\u0434\u0436\u043b\u0456\u0441\",\"url\":\"https:\\\/\\\/qtmm.org\\\/qt\\\/\",\"logo\":{\"@type\":\"ImageObject\",\"inLanguage\":\"qt\",\"@id\":\"https:\\\/\\\/qtmm.org\\\/qt\\\/#\\\/schema\\\/logo\\\/image\\\/\",\"url\":\"https:\\\/\\\/qtmm.org\\\/wp-content\\\/uploads\\\/2024\\\/12\\\/ua-mejlis-logo-rgb.svg\",\"contentUrl\":\"https:\\\/\\\/qtmm.org\\\/wp-content\\\/uploads\\\/2024\\\/12\\\/ua-mejlis-logo-rgb.svg\",\"caption\":\"\u041c\u0435\u0434\u0436\u043b\u0456\u0441\"},\"image\":{\"@id\":\"https:\\\/\\\/qtmm.org\\\/qt\\\/#\\\/schema\\\/logo\\\/image\\\/\"},\"sameAs\":[\"https:\\\/\\\/www.facebook.com\\\/qtmm.info\\\/\"]},{\"@type\":\"Person\",\"@id\":\"https:\\\/\\\/qtmm.org\\\/qt\\\/#\\\/schema\\\/person\\\/de562469f971dec226ac06e60bbf74a7\",\"name\":\"Developer\",\"image\":{\"@type\":\"ImageObject\",\"inLanguage\":\"qt\",\"@id\":\"https:\\\/\\\/secure.gravatar.com\\\/avatar\\\/392b4cc8fbfeb00b39dfeeab4ee6edded39ffd48e25858637e4765810300227e?s=96&d=mm&r=g\",\"url\":\"https:\\\/\\\/secure.gravatar.com\\\/avatar\\\/392b4cc8fbfeb00b39dfeeab4ee6edded39ffd48e25858637e4765810300227e?s=96&d=mm&r=g\",\"contentUrl\":\"https:\\\/\\\/secure.gravatar.com\\\/avatar\\\/392b4cc8fbfeb00b39dfeeab4ee6edded39ffd48e25858637e4765810300227e?s=96&d=mm&r=g\",\"caption\":\"Developer\"},\"url\":\"https:\\\/\\\/qtmm.org\\\/qt\\\/author\\\/Developer\\\/\"}]}<\/script>\n<!-- \/ Yoast SEO plugin. -->","yoast_head_json":{"title":"Meclis reisi Refat \u00c7ubarov Ukraina Yuqar\u0131 \u015euras\u0131n\u0131\u00f1 \u0130nsan aqlar\u0131 boyunca vek\u00e2letli Valeriya Lutkovskaya ile k\u00f6r\u00fc\u015fti - \u041c\u0435\u0434\u0436\u043b\u0456\u0441","robots":{"index":"index","follow":"follow","max-snippet":"max-snippet:-1","max-image-preview":"max-image-preview:large","max-video-preview":"max-video-preview:-1"},"canonical":"https:\/\/qtmm.org\/qt\/meclis-reisi-refat-cubarov-ukraina-yuqari-surasinin-insan-aqlari-boyunca-vekaletli-valeriya-lutkovskaya-ile-korusti\/","og_locale":"en_US","og_type":"article","og_title":"Meclis reisi Refat \u00c7ubarov Ukraina Yuqar\u0131 \u015euras\u0131n\u0131\u00f1 \u0130nsan aqlar\u0131 boyunca vek\u00e2letli Valeriya Lutkovskaya ile k\u00f6r\u00fc\u015fti - \u041c\u0435\u0434\u0436\u043b\u0456\u0441","og_description":"Meclis reisi Refat \u00c7ubarov 2014 senesi mart 3 k\u00fcn\u00fc Q\u0131r\u0131m\u011fa Ukraina vatanda\u015flar\u0131 ve Q\u0131r\u0131m Muhtar cumhuriyetinde ya\u015fa\u011fan diger devlet vatanda\u015flar\u0131, bun\u0131\u00f1 kibi de Ukraina Arbiy K\u00fc\u00e7leri arbiylerini\u00f1 aqlar\u0131 teminlenmesini talil etmek maqsad\u0131nen kelgen Ukraina Yuqar\u0131 \u015euras\u0131n\u0131\u00f1 \u0130nsan aqlar\u0131 boyunca vek\u00e2letli Valeriya Lutkovskayanen k\u00f6r\u00fc\u015fti Taraflar so\u00f1ki k\u00fcnlerde Q\u0131r\u0131mda ol\u0131p ke\u00e7ken vaqialar aqq\u0131nda mal\u00fcmatlarnen payla\u015f\u0131p, Q\u0131r\u0131mda meydan\u011fa [&hellip;]","og_url":"https:\/\/qtmm.org\/qt\/meclis-reisi-refat-cubarov-ukraina-yuqari-surasinin-insan-aqlari-boyunca-vekaletli-valeriya-lutkovskaya-ile-korusti\/","og_site_name":"\u041c\u0435\u0434\u0436\u043b\u0456\u0441","article_publisher":"https:\/\/www.facebook.com\/qtmm.info\/","article_published_time":"2014-03-03T16:28:00+00:00","article_modified_time":"2022-01-27T16:29:14+00:00","author":"Developer","twitter_card":"summary_large_image","twitter_misc":{"Written by":"Developer","Est. reading time":"1 minute"},"schema":{"@context":"https:\/\/schema.org","@graph":[{"@type":"Article","@id":"https:\/\/qtmm.org\/qt\/meclis-reisi-refat-cubarov-ukraina-yuqari-surasinin-insan-aqlari-boyunca-vekaletli-valeriya-lutkovskaya-ile-korusti\/#article","isPartOf":{"@id":"https:\/\/qtmm.org\/qt\/meclis-reisi-refat-cubarov-ukraina-yuqari-surasinin-insan-aqlari-boyunca-vekaletli-valeriya-lutkovskaya-ile-korusti\/"},"author":{"name":"Developer","@id":"https:\/\/qtmm.org\/qt\/#\/schema\/person\/de562469f971dec226ac06e60bbf74a7"},"headline":"Meclis reisi Refat \u00c7ubarov Ukraina Yuqar\u0131 \u015euras\u0131n\u0131\u00f1 \u0130nsan aqlar\u0131 boyunca vek\u00e2letli Valeriya Lutkovskaya ile k\u00f6r\u00fc\u015fti","datePublished":"2014-03-03T16:28:00+00:00","dateModified":"2022-01-27T16:29:14+00:00","mainEntityOfPage":{"@id":"https:\/\/qtmm.org\/qt\/meclis-reisi-refat-cubarov-ukraina-yuqari-surasinin-insan-aqlari-boyunca-vekaletli-valeriya-lutkovskaya-ile-korusti\/"},"wordCount":239,"commentCount":0,"publisher":{"@id":"https:\/\/qtmm.org\/qt\/#organization"},"articleSection":["Haberler"],"inLanguage":"qt","potentialAction":[{"@type":"CommentAction","name":"Comment","target":["https:\/\/qtmm.org\/qt\/meclis-reisi-refat-cubarov-ukraina-yuqari-surasinin-insan-aqlari-boyunca-vekaletli-valeriya-lutkovskaya-ile-korusti\/#respond"]}]},{"@type":"WebPage","@id":"https:\/\/qtmm.org\/qt\/meclis-reisi-refat-cubarov-ukraina-yuqari-surasinin-insan-aqlari-boyunca-vekaletli-valeriya-lutkovskaya-ile-korusti\/","url":"https:\/\/qtmm.org\/qt\/meclis-reisi-refat-cubarov-ukraina-yuqari-surasinin-insan-aqlari-boyunca-vekaletli-valeriya-lutkovskaya-ile-korusti\/","name":"Meclis reisi Refat \u00c7ubarov Ukraina Yuqar\u0131 \u015euras\u0131n\u0131\u00f1 \u0130nsan aqlar\u0131 boyunca vek\u00e2letli Valeriya Lutkovskaya ile k\u00f6r\u00fc\u015fti - \u041c\u0435\u0434\u0436\u043b\u0456\u0441","isPartOf":{"@id":"https:\/\/qtmm.org\/qt\/#website"},"datePublished":"2014-03-03T16:28:00+00:00","dateModified":"2022-01-27T16:29:14+00:00","breadcrumb":{"@id":"https:\/\/qtmm.org\/qt\/meclis-reisi-refat-cubarov-ukraina-yuqari-surasinin-insan-aqlari-boyunca-vekaletli-valeriya-lutkovskaya-ile-korusti\/#breadcrumb"},"inLanguage":"qt","potentialAction":[{"@type":"ReadAction","target":["https:\/\/qtmm.org\/qt\/meclis-reisi-refat-cubarov-ukraina-yuqari-surasinin-insan-aqlari-boyunca-vekaletli-valeriya-lutkovskaya-ile-korusti\/"]}]},{"@type":"BreadcrumbList","@id":"https:\/\/qtmm.org\/qt\/meclis-reisi-refat-cubarov-ukraina-yuqari-surasinin-insan-aqlari-boyunca-vekaletli-valeriya-lutkovskaya-ile-korusti\/#breadcrumb","itemListElement":[{"@type":"ListItem","position":1,"name":"\u0413\u043e\u043b\u043e\u0432\u043d\u0430","item":"https:\/\/qtmm.org\/qt\/"},{"@type":"ListItem","position":2,"name":"Meclis reisi Refat \u00c7ubarov Ukraina Yuqar\u0131 \u015euras\u0131n\u0131\u00f1 \u0130nsan aqlar\u0131 boyunca vek\u00e2letli Valeriya Lutkovskaya ile k\u00f6r\u00fc\u015fti"}]},{"@type":"WebSite","@id":"https:\/\/qtmm.org\/qt\/#website","url":"https:\/\/qtmm.org\/qt\/","name":"\u041c\u0435\u0434\u0436\u043b\u0456\u0441","description":"","publisher":{"@id":"https:\/\/qtmm.org\/qt\/#organization"},"potentialAction":[{"@type":"SearchAction","target":{"@type":"EntryPoint","urlTemplate":"https:\/\/qtmm.org\/qt\/?s={search_term_string}"},"query-input":{"@type":"PropertyValueSpecification","valueRequired":true,"valueName":"search_term_string"}}],"inLanguage":"qt"},{"@type":"Organization","@id":"https:\/\/qtmm.org\/qt\/#organization","name":"\u041c\u0435\u0434\u0436\u043b\u0456\u0441","url":"https:\/\/qtmm.org\/qt\/","logo":{"@type":"ImageObject","inLanguage":"qt","@id":"https:\/\/qtmm.org\/qt\/#\/schema\/logo\/image\/","url":"https:\/\/qtmm.org\/wp-content\/uploads\/2024\/12\/ua-mejlis-logo-rgb.svg","contentUrl":"https:\/\/qtmm.org\/wp-content\/uploads\/2024\/12\/ua-mejlis-logo-rgb.svg","caption":"\u041c\u0435\u0434\u0436\u043b\u0456\u0441"},"image":{"@id":"https:\/\/qtmm.org\/qt\/#\/schema\/logo\/image\/"},"sameAs":["https:\/\/www.facebook.com\/qtmm.info\/"]},{"@type":"Person","@id":"https:\/\/qtmm.org\/qt\/#\/schema\/person\/de562469f971dec226ac06e60bbf74a7","name":"Developer","image":{"@type":"ImageObject","inLanguage":"qt","@id":"https:\/\/secure.gravatar.com\/avatar\/392b4cc8fbfeb00b39dfeeab4ee6edded39ffd48e25858637e4765810300227e?s=96&d=mm&r=g","url":"https:\/\/secure.gravatar.com\/avatar\/392b4cc8fbfeb00b39dfeeab4ee6edded39ffd48e25858637e4765810300227e?s=96&d=mm&r=g","contentUrl":"https:\/\/secure.gravatar.com\/avatar\/392b4cc8fbfeb00b39dfeeab4ee6edded39ffd48e25858637e4765810300227e?s=96&d=mm&r=g","caption":"Developer"},"url":"https:\/\/qtmm.org\/qt\/author\/Developer\/"}]}},"_links":{"self":[{"href":"https:\/\/qtmm.org\/qt\/wp-json\/wp\/v2\/posts\/43689","targetHints":{"allow":["GET"]}}],"collection":[{"href":"https:\/\/qtmm.org\/qt\/wp-json\/wp\/v2\/posts"}],"about":[{"href":"https:\/\/qtmm.org\/qt\/wp-json\/wp\/v2\/types\/post"}],"author":[{"embeddable":true,"href":"https:\/\/qtmm.org\/qt\/wp-json\/wp\/v2\/users\/1"}],"replies":[{"embeddable":true,"href":"https:\/\/qtmm.org\/qt\/wp-json\/wp\/v2\/comments?post=43689"}],"version-history":[{"count":1,"href":"https:\/\/qtmm.org\/qt\/wp-json\/wp\/v2\/posts\/43689\/revisions"}],"predecessor-version":[{"id":43690,"href":"https:\/\/qtmm.org\/qt\/wp-json\/wp\/v2\/posts\/43689\/revisions\/43690"}],"wp:attachment":[{"href":"https:\/\/qtmm.org\/qt\/wp-json\/wp\/v2\/media?parent=43689"}],"wp:term":[{"taxonomy":"category","embeddable":true,"href":"https:\/\/qtmm.org\/qt\/wp-json\/wp\/v2\/categories?post=43689"},{"taxonomy":"post_tag","embeddable":true,"href":"https:\/\/qtmm.org\/qt\/wp-json\/wp\/v2\/tags?post=43689"}],"curies":[{"name":"wp","href":"https:\/\/api.w.org\/{rel}","templated":true}]}}