




{"id":43687,"date":"2014-03-03T19:28:00","date_gmt":"2014-03-03T16:28:00","guid":{"rendered":"http:\/\/qtmm.org\/?p=43687"},"modified":"2022-01-27T19:28:41","modified_gmt":"2022-01-27T16:28:41","slug":"qirimtatar-milliy-areketi-teskilati-merkeziy-kenesinin-toplasuvi-otkerildi","status":"publish","type":"post","link":"https:\/\/qtmm.org\/qt\/qirimtatar-milliy-areketi-teskilati-merkeziy-kenesinin-toplasuvi-otkerildi\/","title":{"rendered":"Q\u0131r\u0131mtatar milliy areketi te\u015fkil\u00e2t\u0131 Merkeziy ke\u00f1e\u015fini\u00f1 topla\u015fuv\u0131 \u00f6tkerildi"},"content":{"rendered":"\n<p>Q\u0131r\u0131mtatar milliy areketi te\u015fkil\u00e2t\u0131 Merkeziy ke\u00f1e\u015fini\u00f1 topla\u015fuv\u0131nda Rusiye qo\u015funlar\u0131n\u0131\u00f1 sil\u00e2l\u0131 basq\u0131s\u0131 sebebinden Q\u0131r\u0131mda meydan\u011fa kelgen vaziyet muzakere etildi.<\/p>\n\n\n\n<p>Q\u0131r\u0131mda fevral 27-den bug\u00fcnge qadar y\u00fcz bergen vaqialarn\u0131 talil etken Milliy areket te\u015fkil\u00e2t\u0131n\u0131\u00f1 azalar\u0131 Q\u0131r\u0131mda \u00fck\u00fcmetni zapt etmek ve Q\u0131r\u0131mn\u0131 ay\u0131rmaq areketi yap\u0131ld\u0131, degen hul\u00e2sa\u011fa keldiler.<\/p>\n\n\n\n<p>Te\u015fkil\u00e2tn\u0131\u00f1 merkeziy ke\u00f1e\u015fi Ukraina territorial b\u00fct\u00fcnligi ve mustaqilligine qoltutaraq, Ukraina hudud\u0131ndan Rusiye qo\u015funlar\u0131n\u0131\u00f1 deral \u00e7\u0131qar\u0131lmas\u0131, Rusiye Qarade\u00f1iz Flotun\u0131\u00f1 yerle\u015ftirilmesi boyunca Harkov a\u00f1la\u015fmas\u0131n\u0131\u00f1 l\u00e2\u011fv etilmesini talap etti, \u00f6z\u00fcni \u00f6z\u00fc tesis etken qanuns\u0131z Q\u0131r\u0131m \u00fck\u00fcmetini\u00f1 areketlerini qaralad\u0131 ve Q\u0131r\u0131mn\u0131\u00f1 b\u00fct\u00fcn sakinlerini t\u0131n\u00e7l\u0131qn\u0131 saqlama\u011fa, milletlerara ve dinlerara bar\u0131\u015f\u0131qqa \u00e7a\u011f\u0131rd\u0131.<\/p>\n","protected":false},"excerpt":{"rendered":"<p>Q\u0131r\u0131mtatar milliy areketi te\u015fkil\u00e2t\u0131 Merkeziy ke\u00f1e\u015fini\u00f1 topla\u015fuv\u0131nda Rusiye qo\u015funlar\u0131n\u0131\u00f1 sil\u00e2l\u0131 basq\u0131s\u0131 sebebinden Q\u0131r\u0131mda meydan\u011fa kelgen vaziyet muzakere etildi. Q\u0131r\u0131mda fevral 27-den bug\u00fcnge qadar y\u00fcz bergen vaqialarn\u0131 talil etken Milliy areket te\u015fkil\u00e2t\u0131n\u0131\u00f1 azalar\u0131 Q\u0131r\u0131mda \u00fck\u00fcmetni zapt etmek ve Q\u0131r\u0131mn\u0131 ay\u0131rmaq areketi yap\u0131ld\u0131, degen hul\u00e2sa\u011fa keldiler. Te\u015fkil\u00e2tn\u0131\u00f1 merkeziy ke\u00f1e\u015fi Ukraina territorial b\u00fct\u00fcnligi ve mustaqilligine qoltutaraq, Ukraina hudud\u0131ndan [&hellip;]<\/p>\n","protected":false},"author":1,"featured_media":0,"comment_status":"open","ping_status":"open","sticky":false,"template":"","format":"standard","meta":{"inline_featured_image":false,"footnotes":""},"categories":[265],"tags":[],"class_list":["post-43687","post","type-post","status-publish","format-standard","hentry","category-haberler"],"acf":[],"yoast_head":"<!-- This site is optimized with the Yoast SEO plugin v27.4 - https:\/\/yoast.com\/product\/yoast-seo-wordpress\/ -->\n<title>Q\u0131r\u0131mtatar milliy areketi te\u015fkil\u00e2t\u0131 Merkeziy ke\u00f1e\u015fini\u00f1 topla\u015fuv\u0131 \u00f6tkerildi - \u041c\u0435\u0434\u0436\u043b\u0456\u0441<\/title>\n<meta name=\"robots\" content=\"index, follow, max-snippet:-1, max-image-preview:large, max-video-preview:-1\" \/>\n<link rel=\"canonical\" href=\"https:\/\/qtmm.org\/qt\/qirimtatar-milliy-areketi-teskilati-merkeziy-kenesinin-toplasuvi-otkerildi\/\" \/>\n<meta property=\"og:locale\" content=\"en_US\" \/>\n<meta property=\"og:type\" content=\"article\" \/>\n<meta property=\"og:title\" content=\"Q\u0131r\u0131mtatar milliy areketi te\u015fkil\u00e2t\u0131 Merkeziy ke\u00f1e\u015fini\u00f1 topla\u015fuv\u0131 \u00f6tkerildi - \u041c\u0435\u0434\u0436\u043b\u0456\u0441\" \/>\n<meta property=\"og:description\" content=\"Q\u0131r\u0131mtatar milliy areketi te\u015fkil\u00e2t\u0131 Merkeziy ke\u00f1e\u015fini\u00f1 topla\u015fuv\u0131nda Rusiye qo\u015funlar\u0131n\u0131\u00f1 sil\u00e2l\u0131 basq\u0131s\u0131 sebebinden Q\u0131r\u0131mda meydan\u011fa kelgen vaziyet muzakere etildi. Q\u0131r\u0131mda fevral 27-den bug\u00fcnge qadar y\u00fcz bergen vaqialarn\u0131 talil etken Milliy areket te\u015fkil\u00e2t\u0131n\u0131\u00f1 azalar\u0131 Q\u0131r\u0131mda \u00fck\u00fcmetni zapt etmek ve Q\u0131r\u0131mn\u0131 ay\u0131rmaq areketi yap\u0131ld\u0131, degen hul\u00e2sa\u011fa keldiler. Te\u015fkil\u00e2tn\u0131\u00f1 merkeziy ke\u00f1e\u015fi Ukraina territorial b\u00fct\u00fcnligi ve mustaqilligine qoltutaraq, Ukraina hudud\u0131ndan [&hellip;]\" \/>\n<meta property=\"og:url\" content=\"https:\/\/qtmm.org\/qt\/qirimtatar-milliy-areketi-teskilati-merkeziy-kenesinin-toplasuvi-otkerildi\/\" \/>\n<meta property=\"og:site_name\" content=\"\u041c\u0435\u0434\u0436\u043b\u0456\u0441\" \/>\n<meta property=\"article:publisher\" content=\"https:\/\/www.facebook.com\/qtmm.info\/\" \/>\n<meta property=\"article:published_time\" content=\"2014-03-03T16:28:00+00:00\" \/>\n<meta property=\"article:modified_time\" content=\"2022-01-27T16:28:41+00:00\" \/>\n<meta name=\"author\" content=\"Developer\" \/>\n<meta name=\"twitter:card\" content=\"summary_large_image\" \/>\n<meta name=\"twitter:label1\" content=\"Written by\" \/>\n\t<meta name=\"twitter:data1\" content=\"Developer\" \/>\n\t<meta name=\"twitter:label2\" content=\"Est. reading time\" \/>\n\t<meta name=\"twitter:data2\" content=\"1 minute\" \/>\n<script type=\"application\/ld+json\" class=\"yoast-schema-graph\">{\"@context\":\"https:\\\/\\\/schema.org\",\"@graph\":[{\"@type\":\"Article\",\"@id\":\"https:\\\/\\\/qtmm.org\\\/qt\\\/qirimtatar-milliy-areketi-teskilati-merkeziy-kenesinin-toplasuvi-otkerildi\\\/#article\",\"isPartOf\":{\"@id\":\"https:\\\/\\\/qtmm.org\\\/qt\\\/qirimtatar-milliy-areketi-teskilati-merkeziy-kenesinin-toplasuvi-otkerildi\\\/\"},\"author\":{\"name\":\"Developer\",\"@id\":\"https:\\\/\\\/qtmm.org\\\/qt\\\/#\\\/schema\\\/person\\\/de562469f971dec226ac06e60bbf74a7\"},\"headline\":\"Q\u0131r\u0131mtatar milliy areketi te\u015fkil\u00e2t\u0131 Merkeziy ke\u00f1e\u015fini\u00f1 topla\u015fuv\u0131 \u00f6tkerildi\",\"datePublished\":\"2014-03-03T16:28:00+00:00\",\"dateModified\":\"2022-01-27T16:28:41+00:00\",\"mainEntityOfPage\":{\"@id\":\"https:\\\/\\\/qtmm.org\\\/qt\\\/qirimtatar-milliy-areketi-teskilati-merkeziy-kenesinin-toplasuvi-otkerildi\\\/\"},\"wordCount\":167,\"commentCount\":0,\"publisher\":{\"@id\":\"https:\\\/\\\/qtmm.org\\\/qt\\\/#organization\"},\"articleSection\":[\"Haberler\"],\"inLanguage\":\"qt\",\"potentialAction\":[{\"@type\":\"CommentAction\",\"name\":\"Comment\",\"target\":[\"https:\\\/\\\/qtmm.org\\\/qt\\\/qirimtatar-milliy-areketi-teskilati-merkeziy-kenesinin-toplasuvi-otkerildi\\\/#respond\"]}]},{\"@type\":\"WebPage\",\"@id\":\"https:\\\/\\\/qtmm.org\\\/qt\\\/qirimtatar-milliy-areketi-teskilati-merkeziy-kenesinin-toplasuvi-otkerildi\\\/\",\"url\":\"https:\\\/\\\/qtmm.org\\\/qt\\\/qirimtatar-milliy-areketi-teskilati-merkeziy-kenesinin-toplasuvi-otkerildi\\\/\",\"name\":\"Q\u0131r\u0131mtatar milliy areketi te\u015fkil\u00e2t\u0131 Merkeziy ke\u00f1e\u015fini\u00f1 topla\u015fuv\u0131 \u00f6tkerildi - \u041c\u0435\u0434\u0436\u043b\u0456\u0441\",\"isPartOf\":{\"@id\":\"https:\\\/\\\/qtmm.org\\\/qt\\\/#website\"},\"datePublished\":\"2014-03-03T16:28:00+00:00\",\"dateModified\":\"2022-01-27T16:28:41+00:00\",\"breadcrumb\":{\"@id\":\"https:\\\/\\\/qtmm.org\\\/qt\\\/qirimtatar-milliy-areketi-teskilati-merkeziy-kenesinin-toplasuvi-otkerildi\\\/#breadcrumb\"},\"inLanguage\":\"qt\",\"potentialAction\":[{\"@type\":\"ReadAction\",\"target\":[\"https:\\\/\\\/qtmm.org\\\/qt\\\/qirimtatar-milliy-areketi-teskilati-merkeziy-kenesinin-toplasuvi-otkerildi\\\/\"]}]},{\"@type\":\"BreadcrumbList\",\"@id\":\"https:\\\/\\\/qtmm.org\\\/qt\\\/qirimtatar-milliy-areketi-teskilati-merkeziy-kenesinin-toplasuvi-otkerildi\\\/#breadcrumb\",\"itemListElement\":[{\"@type\":\"ListItem\",\"position\":1,\"name\":\"\u0413\u043e\u043b\u043e\u0432\u043d\u0430\",\"item\":\"https:\\\/\\\/qtmm.org\\\/qt\\\/\"},{\"@type\":\"ListItem\",\"position\":2,\"name\":\"Q\u0131r\u0131mtatar milliy areketi te\u015fkil\u00e2t\u0131 Merkeziy ke\u00f1e\u015fini\u00f1 topla\u015fuv\u0131 \u00f6tkerildi\"}]},{\"@type\":\"WebSite\",\"@id\":\"https:\\\/\\\/qtmm.org\\\/qt\\\/#website\",\"url\":\"https:\\\/\\\/qtmm.org\\\/qt\\\/\",\"name\":\"\u041c\u0435\u0434\u0436\u043b\u0456\u0441\",\"description\":\"\",\"publisher\":{\"@id\":\"https:\\\/\\\/qtmm.org\\\/qt\\\/#organization\"},\"potentialAction\":[{\"@type\":\"SearchAction\",\"target\":{\"@type\":\"EntryPoint\",\"urlTemplate\":\"https:\\\/\\\/qtmm.org\\\/qt\\\/?s={search_term_string}\"},\"query-input\":{\"@type\":\"PropertyValueSpecification\",\"valueRequired\":true,\"valueName\":\"search_term_string\"}}],\"inLanguage\":\"qt\"},{\"@type\":\"Organization\",\"@id\":\"https:\\\/\\\/qtmm.org\\\/qt\\\/#organization\",\"name\":\"\u041c\u0435\u0434\u0436\u043b\u0456\u0441\",\"url\":\"https:\\\/\\\/qtmm.org\\\/qt\\\/\",\"logo\":{\"@type\":\"ImageObject\",\"inLanguage\":\"qt\",\"@id\":\"https:\\\/\\\/qtmm.org\\\/qt\\\/#\\\/schema\\\/logo\\\/image\\\/\",\"url\":\"https:\\\/\\\/qtmm.org\\\/wp-content\\\/uploads\\\/2024\\\/12\\\/ua-mejlis-logo-rgb.svg\",\"contentUrl\":\"https:\\\/\\\/qtmm.org\\\/wp-content\\\/uploads\\\/2024\\\/12\\\/ua-mejlis-logo-rgb.svg\",\"caption\":\"\u041c\u0435\u0434\u0436\u043b\u0456\u0441\"},\"image\":{\"@id\":\"https:\\\/\\\/qtmm.org\\\/qt\\\/#\\\/schema\\\/logo\\\/image\\\/\"},\"sameAs\":[\"https:\\\/\\\/www.facebook.com\\\/qtmm.info\\\/\"]},{\"@type\":\"Person\",\"@id\":\"https:\\\/\\\/qtmm.org\\\/qt\\\/#\\\/schema\\\/person\\\/de562469f971dec226ac06e60bbf74a7\",\"name\":\"Developer\",\"image\":{\"@type\":\"ImageObject\",\"inLanguage\":\"qt\",\"@id\":\"https:\\\/\\\/secure.gravatar.com\\\/avatar\\\/392b4cc8fbfeb00b39dfeeab4ee6edded39ffd48e25858637e4765810300227e?s=96&d=mm&r=g\",\"url\":\"https:\\\/\\\/secure.gravatar.com\\\/avatar\\\/392b4cc8fbfeb00b39dfeeab4ee6edded39ffd48e25858637e4765810300227e?s=96&d=mm&r=g\",\"contentUrl\":\"https:\\\/\\\/secure.gravatar.com\\\/avatar\\\/392b4cc8fbfeb00b39dfeeab4ee6edded39ffd48e25858637e4765810300227e?s=96&d=mm&r=g\",\"caption\":\"Developer\"},\"url\":\"https:\\\/\\\/qtmm.org\\\/qt\\\/author\\\/Developer\\\/\"}]}<\/script>\n<!-- \/ Yoast SEO plugin. -->","yoast_head_json":{"title":"Q\u0131r\u0131mtatar milliy areketi te\u015fkil\u00e2t\u0131 Merkeziy ke\u00f1e\u015fini\u00f1 topla\u015fuv\u0131 \u00f6tkerildi - \u041c\u0435\u0434\u0436\u043b\u0456\u0441","robots":{"index":"index","follow":"follow","max-snippet":"max-snippet:-1","max-image-preview":"max-image-preview:large","max-video-preview":"max-video-preview:-1"},"canonical":"https:\/\/qtmm.org\/qt\/qirimtatar-milliy-areketi-teskilati-merkeziy-kenesinin-toplasuvi-otkerildi\/","og_locale":"en_US","og_type":"article","og_title":"Q\u0131r\u0131mtatar milliy areketi te\u015fkil\u00e2t\u0131 Merkeziy ke\u00f1e\u015fini\u00f1 topla\u015fuv\u0131 \u00f6tkerildi - \u041c\u0435\u0434\u0436\u043b\u0456\u0441","og_description":"Q\u0131r\u0131mtatar milliy areketi te\u015fkil\u00e2t\u0131 Merkeziy ke\u00f1e\u015fini\u00f1 topla\u015fuv\u0131nda Rusiye qo\u015funlar\u0131n\u0131\u00f1 sil\u00e2l\u0131 basq\u0131s\u0131 sebebinden Q\u0131r\u0131mda meydan\u011fa kelgen vaziyet muzakere etildi. Q\u0131r\u0131mda fevral 27-den bug\u00fcnge qadar y\u00fcz bergen vaqialarn\u0131 talil etken Milliy areket te\u015fkil\u00e2t\u0131n\u0131\u00f1 azalar\u0131 Q\u0131r\u0131mda \u00fck\u00fcmetni zapt etmek ve Q\u0131r\u0131mn\u0131 ay\u0131rmaq areketi yap\u0131ld\u0131, degen hul\u00e2sa\u011fa keldiler. Te\u015fkil\u00e2tn\u0131\u00f1 merkeziy ke\u00f1e\u015fi Ukraina territorial b\u00fct\u00fcnligi ve mustaqilligine qoltutaraq, Ukraina hudud\u0131ndan [&hellip;]","og_url":"https:\/\/qtmm.org\/qt\/qirimtatar-milliy-areketi-teskilati-merkeziy-kenesinin-toplasuvi-otkerildi\/","og_site_name":"\u041c\u0435\u0434\u0436\u043b\u0456\u0441","article_publisher":"https:\/\/www.facebook.com\/qtmm.info\/","article_published_time":"2014-03-03T16:28:00+00:00","article_modified_time":"2022-01-27T16:28:41+00:00","author":"Developer","twitter_card":"summary_large_image","twitter_misc":{"Written by":"Developer","Est. reading time":"1 minute"},"schema":{"@context":"https:\/\/schema.org","@graph":[{"@type":"Article","@id":"https:\/\/qtmm.org\/qt\/qirimtatar-milliy-areketi-teskilati-merkeziy-kenesinin-toplasuvi-otkerildi\/#article","isPartOf":{"@id":"https:\/\/qtmm.org\/qt\/qirimtatar-milliy-areketi-teskilati-merkeziy-kenesinin-toplasuvi-otkerildi\/"},"author":{"name":"Developer","@id":"https:\/\/qtmm.org\/qt\/#\/schema\/person\/de562469f971dec226ac06e60bbf74a7"},"headline":"Q\u0131r\u0131mtatar milliy areketi te\u015fkil\u00e2t\u0131 Merkeziy ke\u00f1e\u015fini\u00f1 topla\u015fuv\u0131 \u00f6tkerildi","datePublished":"2014-03-03T16:28:00+00:00","dateModified":"2022-01-27T16:28:41+00:00","mainEntityOfPage":{"@id":"https:\/\/qtmm.org\/qt\/qirimtatar-milliy-areketi-teskilati-merkeziy-kenesinin-toplasuvi-otkerildi\/"},"wordCount":167,"commentCount":0,"publisher":{"@id":"https:\/\/qtmm.org\/qt\/#organization"},"articleSection":["Haberler"],"inLanguage":"qt","potentialAction":[{"@type":"CommentAction","name":"Comment","target":["https:\/\/qtmm.org\/qt\/qirimtatar-milliy-areketi-teskilati-merkeziy-kenesinin-toplasuvi-otkerildi\/#respond"]}]},{"@type":"WebPage","@id":"https:\/\/qtmm.org\/qt\/qirimtatar-milliy-areketi-teskilati-merkeziy-kenesinin-toplasuvi-otkerildi\/","url":"https:\/\/qtmm.org\/qt\/qirimtatar-milliy-areketi-teskilati-merkeziy-kenesinin-toplasuvi-otkerildi\/","name":"Q\u0131r\u0131mtatar milliy areketi te\u015fkil\u00e2t\u0131 Merkeziy ke\u00f1e\u015fini\u00f1 topla\u015fuv\u0131 \u00f6tkerildi - \u041c\u0435\u0434\u0436\u043b\u0456\u0441","isPartOf":{"@id":"https:\/\/qtmm.org\/qt\/#website"},"datePublished":"2014-03-03T16:28:00+00:00","dateModified":"2022-01-27T16:28:41+00:00","breadcrumb":{"@id":"https:\/\/qtmm.org\/qt\/qirimtatar-milliy-areketi-teskilati-merkeziy-kenesinin-toplasuvi-otkerildi\/#breadcrumb"},"inLanguage":"qt","potentialAction":[{"@type":"ReadAction","target":["https:\/\/qtmm.org\/qt\/qirimtatar-milliy-areketi-teskilati-merkeziy-kenesinin-toplasuvi-otkerildi\/"]}]},{"@type":"BreadcrumbList","@id":"https:\/\/qtmm.org\/qt\/qirimtatar-milliy-areketi-teskilati-merkeziy-kenesinin-toplasuvi-otkerildi\/#breadcrumb","itemListElement":[{"@type":"ListItem","position":1,"name":"\u0413\u043e\u043b\u043e\u0432\u043d\u0430","item":"https:\/\/qtmm.org\/qt\/"},{"@type":"ListItem","position":2,"name":"Q\u0131r\u0131mtatar milliy areketi te\u015fkil\u00e2t\u0131 Merkeziy ke\u00f1e\u015fini\u00f1 topla\u015fuv\u0131 \u00f6tkerildi"}]},{"@type":"WebSite","@id":"https:\/\/qtmm.org\/qt\/#website","url":"https:\/\/qtmm.org\/qt\/","name":"\u041c\u0435\u0434\u0436\u043b\u0456\u0441","description":"","publisher":{"@id":"https:\/\/qtmm.org\/qt\/#organization"},"potentialAction":[{"@type":"SearchAction","target":{"@type":"EntryPoint","urlTemplate":"https:\/\/qtmm.org\/qt\/?s={search_term_string}"},"query-input":{"@type":"PropertyValueSpecification","valueRequired":true,"valueName":"search_term_string"}}],"inLanguage":"qt"},{"@type":"Organization","@id":"https:\/\/qtmm.org\/qt\/#organization","name":"\u041c\u0435\u0434\u0436\u043b\u0456\u0441","url":"https:\/\/qtmm.org\/qt\/","logo":{"@type":"ImageObject","inLanguage":"qt","@id":"https:\/\/qtmm.org\/qt\/#\/schema\/logo\/image\/","url":"https:\/\/qtmm.org\/wp-content\/uploads\/2024\/12\/ua-mejlis-logo-rgb.svg","contentUrl":"https:\/\/qtmm.org\/wp-content\/uploads\/2024\/12\/ua-mejlis-logo-rgb.svg","caption":"\u041c\u0435\u0434\u0436\u043b\u0456\u0441"},"image":{"@id":"https:\/\/qtmm.org\/qt\/#\/schema\/logo\/image\/"},"sameAs":["https:\/\/www.facebook.com\/qtmm.info\/"]},{"@type":"Person","@id":"https:\/\/qtmm.org\/qt\/#\/schema\/person\/de562469f971dec226ac06e60bbf74a7","name":"Developer","image":{"@type":"ImageObject","inLanguage":"qt","@id":"https:\/\/secure.gravatar.com\/avatar\/392b4cc8fbfeb00b39dfeeab4ee6edded39ffd48e25858637e4765810300227e?s=96&d=mm&r=g","url":"https:\/\/secure.gravatar.com\/avatar\/392b4cc8fbfeb00b39dfeeab4ee6edded39ffd48e25858637e4765810300227e?s=96&d=mm&r=g","contentUrl":"https:\/\/secure.gravatar.com\/avatar\/392b4cc8fbfeb00b39dfeeab4ee6edded39ffd48e25858637e4765810300227e?s=96&d=mm&r=g","caption":"Developer"},"url":"https:\/\/qtmm.org\/qt\/author\/Developer\/"}]}},"_links":{"self":[{"href":"https:\/\/qtmm.org\/qt\/wp-json\/wp\/v2\/posts\/43687","targetHints":{"allow":["GET"]}}],"collection":[{"href":"https:\/\/qtmm.org\/qt\/wp-json\/wp\/v2\/posts"}],"about":[{"href":"https:\/\/qtmm.org\/qt\/wp-json\/wp\/v2\/types\/post"}],"author":[{"embeddable":true,"href":"https:\/\/qtmm.org\/qt\/wp-json\/wp\/v2\/users\/1"}],"replies":[{"embeddable":true,"href":"https:\/\/qtmm.org\/qt\/wp-json\/wp\/v2\/comments?post=43687"}],"version-history":[{"count":1,"href":"https:\/\/qtmm.org\/qt\/wp-json\/wp\/v2\/posts\/43687\/revisions"}],"predecessor-version":[{"id":43688,"href":"https:\/\/qtmm.org\/qt\/wp-json\/wp\/v2\/posts\/43687\/revisions\/43688"}],"wp:attachment":[{"href":"https:\/\/qtmm.org\/qt\/wp-json\/wp\/v2\/media?parent=43687"}],"wp:term":[{"taxonomy":"category","embeddable":true,"href":"https:\/\/qtmm.org\/qt\/wp-json\/wp\/v2\/categories?post=43687"},{"taxonomy":"post_tag","embeddable":true,"href":"https:\/\/qtmm.org\/qt\/wp-json\/wp\/v2\/tags?post=43687"}],"curies":[{"name":"wp","href":"https:\/\/api.w.org\/{rel}","templated":true}]}}