




{"id":43685,"date":"2014-03-03T19:23:00","date_gmt":"2014-03-03T16:23:00","guid":{"rendered":"http:\/\/qtmm.org\/?p=43685"},"modified":"2022-01-27T19:28:05","modified_gmt":"2022-01-27T16:28:05","slug":"meclis-reisi-vaziyetnin-kerginlesmesine-sebep-olgan-meselelerni-beraber-muzakere-etmek-icun-ukraina-yuqari-surasi-ve-qirim-yuqari-surasi-er-biri-oz-tarafindan-bugunden-baslap-mahsus-deputat-komiss","status":"publish","type":"post","link":"https:\/\/qtmm.org\/qt\/meclis-reisi-vaziyetnin-kerginlesmesine-sebep-olgan-meselelerni-beraber-muzakere-etmek-icun-ukraina-yuqari-surasi-ve-qirim-yuqari-surasi-er-biri-oz-tarafindan-bugunden-baslap-mahsus-deputat-komiss\/","title":{"rendered":"Meclis reisi : Vaziyetni\u00f1 kerginle\u015fmesine sebep ol\u011fan meselelerni beraber muzakere etmek i\u00e7\u00fcn Ukraina Yuqar\u0131 \u015euras\u0131 ve Q\u0131r\u0131m Yuqar\u0131 \u015euras\u0131 (er biri \u00f6z taraf\u0131ndan) bug\u00fcnden ba\u015flap Mahsus deputat komissiyalar\u0131n\u0131 tizmek kerek"},"content":{"rendered":"\n<p class=\"has-text-align-center\"><strong>Q\u0131r\u0131mtatar halq\u0131 Meclisi reisini\u00f1 beyanat\u0131<\/strong><\/p>\n\n\n\n<p><em>2014 senesi mart 3<br>Aqmescit \u015f.<\/em><\/p>\n\n\n\n<p>Q\u0131r\u0131mda meydan\u011fa kelgen vaziyetni \u00e7ezmek meselesi halqara seviyege k\u00f6terildi. L\u00e2kin \u00e7ezim yollar\u0131 deral bug\u00fcn- yar\u0131n Ukrainan\u0131\u00f1 i\u00e7ersinde tap\u0131lmal\u0131.<\/p>\n\n\n\n<p>Menim teklifim:<\/p>\n\n\n\n<p>Vaziyetni\u00f1 kerginle\u015fmesine sebep ol\u011fan meselelerni beraber muzakere etmek i\u00e7\u00fcn Ukraina Yuqar\u0131 \u015euras\u0131 ve Q\u0131r\u0131m Yuqar\u0131 \u015euras\u0131 (er biri \u00f6z taraf\u0131ndan) bug\u00fcnden ba\u015flap Mahsus deputat komissiyalar\u0131n\u0131 tizmeleri kerek.<\/p>\n\n\n\n<p>Ukraina Yuqar\u0131 \u015euras\u0131n\u0131\u00f1 mahsus deputat komissiyas\u0131n\u0131\u00f1 erk\u00e2n\u0131na Q\u0131r\u0131mda ya\u015fa\u011fan ve em majoritar daireleri, em siyasiy partiyalardan saylan\u011fan halq deputatlar\u0131 kirsetilmeli.<\/p>\n\n\n\n<p>Q\u0131r\u0131m Yuqar\u0131 \u015euras\u0131n\u0131\u00f1 Mahsus deputat komissiyas\u0131nda epsi fraktsiyalarn\u0131\u00f1 deputatlar\u0131 temsil etilmeliler. Birlikte yap\u0131lacaq muzakere i\u00e7 bir t\u00fcrl\u00fc ultimatumlardan ba\u015flanmayca\u011f\u0131 aqq\u0131nda s\u00f6ylemek artqa\u00e7t\u0131r.<\/p>\n\n\n\n<p>Eminim ki, bu i\u015fni\u00f1 ba\u015f\u0131 endi cemiyet i\u00e7\u00fcn m\u00fcim bir siltem olur ve kerginlikni yat\u0131\u015ft\u0131rma\u011fa imk\u00e2n berir.<\/p>\n","protected":false},"excerpt":{"rendered":"<p>Q\u0131r\u0131mtatar halq\u0131 Meclisi reisini\u00f1 beyanat\u0131 2014 senesi mart 3Aqmescit \u015f. Q\u0131r\u0131mda meydan\u011fa kelgen vaziyetni \u00e7ezmek meselesi halqara seviyege k\u00f6terildi. L\u00e2kin \u00e7ezim yollar\u0131 deral bug\u00fcn- yar\u0131n Ukrainan\u0131\u00f1 i\u00e7ersinde tap\u0131lmal\u0131. Menim teklifim: Vaziyetni\u00f1 kerginle\u015fmesine sebep ol\u011fan meselelerni beraber muzakere etmek i\u00e7\u00fcn Ukraina Yuqar\u0131 \u015euras\u0131 ve Q\u0131r\u0131m Yuqar\u0131 \u015euras\u0131 (er biri \u00f6z taraf\u0131ndan) bug\u00fcnden ba\u015flap Mahsus deputat komissiyalar\u0131n\u0131 [&hellip;]<\/p>\n","protected":false},"author":1,"featured_media":0,"comment_status":"open","ping_status":"open","sticky":false,"template":"","format":"standard","meta":{"inline_featured_image":false,"footnotes":""},"categories":[265],"tags":[],"class_list":["post-43685","post","type-post","status-publish","format-standard","hentry","category-haberler"],"acf":[],"yoast_head":"<!-- This site is optimized with the Yoast SEO plugin v27.4 - https:\/\/yoast.com\/product\/yoast-seo-wordpress\/ -->\n<title>Meclis reisi : Vaziyetni\u00f1 kerginle\u015fmesine sebep ol\u011fan meselelerni beraber muzakere etmek i\u00e7\u00fcn Ukraina Yuqar\u0131 \u015euras\u0131 ve Q\u0131r\u0131m Yuqar\u0131 \u015euras\u0131 (er biri \u00f6z taraf\u0131ndan) bug\u00fcnden ba\u015flap Mahsus deputat komissiyalar\u0131n\u0131 tizmek kerek - \u041c\u0435\u0434\u0436\u043b\u0456\u0441<\/title>\n<meta name=\"robots\" content=\"index, follow, max-snippet:-1, max-image-preview:large, max-video-preview:-1\" \/>\n<link rel=\"canonical\" href=\"https:\/\/qtmm.org\/qt\/meclis-reisi-vaziyetnin-kerginlesmesine-sebep-olgan-meselelerni-beraber-muzakere-etmek-icun-ukraina-yuqari-surasi-ve-qirim-yuqari-surasi-er-biri-oz-tarafindan-bugunden-baslap-mahsus-deputat-komiss\/\" \/>\n<meta property=\"og:locale\" content=\"en_US\" \/>\n<meta property=\"og:type\" content=\"article\" \/>\n<meta property=\"og:title\" content=\"Meclis reisi : Vaziyetni\u00f1 kerginle\u015fmesine sebep ol\u011fan meselelerni beraber muzakere etmek i\u00e7\u00fcn Ukraina Yuqar\u0131 \u015euras\u0131 ve Q\u0131r\u0131m Yuqar\u0131 \u015euras\u0131 (er biri \u00f6z taraf\u0131ndan) bug\u00fcnden ba\u015flap Mahsus deputat komissiyalar\u0131n\u0131 tizmek kerek - \u041c\u0435\u0434\u0436\u043b\u0456\u0441\" \/>\n<meta property=\"og:description\" content=\"Q\u0131r\u0131mtatar halq\u0131 Meclisi reisini\u00f1 beyanat\u0131 2014 senesi mart 3Aqmescit \u015f. Q\u0131r\u0131mda meydan\u011fa kelgen vaziyetni \u00e7ezmek meselesi halqara seviyege k\u00f6terildi. L\u00e2kin \u00e7ezim yollar\u0131 deral bug\u00fcn- yar\u0131n Ukrainan\u0131\u00f1 i\u00e7ersinde tap\u0131lmal\u0131. Menim teklifim: Vaziyetni\u00f1 kerginle\u015fmesine sebep ol\u011fan meselelerni beraber muzakere etmek i\u00e7\u00fcn Ukraina Yuqar\u0131 \u015euras\u0131 ve Q\u0131r\u0131m Yuqar\u0131 \u015euras\u0131 (er biri \u00f6z taraf\u0131ndan) bug\u00fcnden ba\u015flap Mahsus deputat komissiyalar\u0131n\u0131 [&hellip;]\" \/>\n<meta property=\"og:url\" content=\"https:\/\/qtmm.org\/qt\/meclis-reisi-vaziyetnin-kerginlesmesine-sebep-olgan-meselelerni-beraber-muzakere-etmek-icun-ukraina-yuqari-surasi-ve-qirim-yuqari-surasi-er-biri-oz-tarafindan-bugunden-baslap-mahsus-deputat-komiss\/\" \/>\n<meta property=\"og:site_name\" content=\"\u041c\u0435\u0434\u0436\u043b\u0456\u0441\" \/>\n<meta property=\"article:publisher\" content=\"https:\/\/www.facebook.com\/qtmm.info\/\" \/>\n<meta property=\"article:published_time\" content=\"2014-03-03T16:23:00+00:00\" \/>\n<meta property=\"article:modified_time\" content=\"2022-01-27T16:28:05+00:00\" \/>\n<meta name=\"author\" content=\"Developer\" \/>\n<meta name=\"twitter:card\" content=\"summary_large_image\" \/>\n<meta name=\"twitter:label1\" content=\"Written by\" \/>\n\t<meta name=\"twitter:data1\" content=\"Developer\" \/>\n\t<meta name=\"twitter:label2\" content=\"Est. reading time\" \/>\n\t<meta name=\"twitter:data2\" content=\"1 minute\" \/>\n<script type=\"application\/ld+json\" class=\"yoast-schema-graph\">{\"@context\":\"https:\\\/\\\/schema.org\",\"@graph\":[{\"@type\":\"Article\",\"@id\":\"https:\\\/\\\/qtmm.org\\\/qt\\\/meclis-reisi-vaziyetnin-kerginlesmesine-sebep-olgan-meselelerni-beraber-muzakere-etmek-icun-ukraina-yuqari-surasi-ve-qirim-yuqari-surasi-er-biri-oz-tarafindan-bugunden-baslap-mahsus-deputat-komiss\\\/#article\",\"isPartOf\":{\"@id\":\"https:\\\/\\\/qtmm.org\\\/qt\\\/meclis-reisi-vaziyetnin-kerginlesmesine-sebep-olgan-meselelerni-beraber-muzakere-etmek-icun-ukraina-yuqari-surasi-ve-qirim-yuqari-surasi-er-biri-oz-tarafindan-bugunden-baslap-mahsus-deputat-komiss\\\/\"},\"author\":{\"name\":\"Developer\",\"@id\":\"https:\\\/\\\/qtmm.org\\\/qt\\\/#\\\/schema\\\/person\\\/de562469f971dec226ac06e60bbf74a7\"},\"headline\":\"Meclis reisi : Vaziyetni\u00f1 kerginle\u015fmesine sebep ol\u011fan meselelerni beraber muzakere etmek i\u00e7\u00fcn Ukraina Yuqar\u0131 \u015euras\u0131 ve Q\u0131r\u0131m Yuqar\u0131 \u015euras\u0131 (er biri \u00f6z taraf\u0131ndan) bug\u00fcnden ba\u015flap Mahsus deputat komissiyalar\u0131n\u0131 tizmek kerek\",\"datePublished\":\"2014-03-03T16:23:00+00:00\",\"dateModified\":\"2022-01-27T16:28:05+00:00\",\"mainEntityOfPage\":{\"@id\":\"https:\\\/\\\/qtmm.org\\\/qt\\\/meclis-reisi-vaziyetnin-kerginlesmesine-sebep-olgan-meselelerni-beraber-muzakere-etmek-icun-ukraina-yuqari-surasi-ve-qirim-yuqari-surasi-er-biri-oz-tarafindan-bugunden-baslap-mahsus-deputat-komiss\\\/\"},\"wordCount\":199,\"commentCount\":0,\"publisher\":{\"@id\":\"https:\\\/\\\/qtmm.org\\\/qt\\\/#organization\"},\"articleSection\":[\"Haberler\"],\"inLanguage\":\"qt\",\"potentialAction\":[{\"@type\":\"CommentAction\",\"name\":\"Comment\",\"target\":[\"https:\\\/\\\/qtmm.org\\\/qt\\\/meclis-reisi-vaziyetnin-kerginlesmesine-sebep-olgan-meselelerni-beraber-muzakere-etmek-icun-ukraina-yuqari-surasi-ve-qirim-yuqari-surasi-er-biri-oz-tarafindan-bugunden-baslap-mahsus-deputat-komiss\\\/#respond\"]}]},{\"@type\":\"WebPage\",\"@id\":\"https:\\\/\\\/qtmm.org\\\/qt\\\/meclis-reisi-vaziyetnin-kerginlesmesine-sebep-olgan-meselelerni-beraber-muzakere-etmek-icun-ukraina-yuqari-surasi-ve-qirim-yuqari-surasi-er-biri-oz-tarafindan-bugunden-baslap-mahsus-deputat-komiss\\\/\",\"url\":\"https:\\\/\\\/qtmm.org\\\/qt\\\/meclis-reisi-vaziyetnin-kerginlesmesine-sebep-olgan-meselelerni-beraber-muzakere-etmek-icun-ukraina-yuqari-surasi-ve-qirim-yuqari-surasi-er-biri-oz-tarafindan-bugunden-baslap-mahsus-deputat-komiss\\\/\",\"name\":\"Meclis reisi : Vaziyetni\u00f1 kerginle\u015fmesine sebep ol\u011fan meselelerni beraber muzakere etmek i\u00e7\u00fcn Ukraina Yuqar\u0131 \u015euras\u0131 ve Q\u0131r\u0131m Yuqar\u0131 \u015euras\u0131 (er biri \u00f6z taraf\u0131ndan) bug\u00fcnden ba\u015flap Mahsus deputat komissiyalar\u0131n\u0131 tizmek kerek - \u041c\u0435\u0434\u0436\u043b\u0456\u0441\",\"isPartOf\":{\"@id\":\"https:\\\/\\\/qtmm.org\\\/qt\\\/#website\"},\"datePublished\":\"2014-03-03T16:23:00+00:00\",\"dateModified\":\"2022-01-27T16:28:05+00:00\",\"breadcrumb\":{\"@id\":\"https:\\\/\\\/qtmm.org\\\/qt\\\/meclis-reisi-vaziyetnin-kerginlesmesine-sebep-olgan-meselelerni-beraber-muzakere-etmek-icun-ukraina-yuqari-surasi-ve-qirim-yuqari-surasi-er-biri-oz-tarafindan-bugunden-baslap-mahsus-deputat-komiss\\\/#breadcrumb\"},\"inLanguage\":\"qt\",\"potentialAction\":[{\"@type\":\"ReadAction\",\"target\":[\"https:\\\/\\\/qtmm.org\\\/qt\\\/meclis-reisi-vaziyetnin-kerginlesmesine-sebep-olgan-meselelerni-beraber-muzakere-etmek-icun-ukraina-yuqari-surasi-ve-qirim-yuqari-surasi-er-biri-oz-tarafindan-bugunden-baslap-mahsus-deputat-komiss\\\/\"]}]},{\"@type\":\"BreadcrumbList\",\"@id\":\"https:\\\/\\\/qtmm.org\\\/qt\\\/meclis-reisi-vaziyetnin-kerginlesmesine-sebep-olgan-meselelerni-beraber-muzakere-etmek-icun-ukraina-yuqari-surasi-ve-qirim-yuqari-surasi-er-biri-oz-tarafindan-bugunden-baslap-mahsus-deputat-komiss\\\/#breadcrumb\",\"itemListElement\":[{\"@type\":\"ListItem\",\"position\":1,\"name\":\"\u0413\u043e\u043b\u043e\u0432\u043d\u0430\",\"item\":\"https:\\\/\\\/qtmm.org\\\/qt\\\/\"},{\"@type\":\"ListItem\",\"position\":2,\"name\":\"Meclis reisi : Vaziyetni\u00f1 kerginle\u015fmesine sebep ol\u011fan meselelerni beraber muzakere etmek i\u00e7\u00fcn Ukraina Yuqar\u0131 \u015euras\u0131 ve Q\u0131r\u0131m Yuqar\u0131 \u015euras\u0131 (er biri \u00f6z taraf\u0131ndan) bug\u00fcnden ba\u015flap Mahsus deputat komissiyalar\u0131n\u0131 tizmek kerek\"}]},{\"@type\":\"WebSite\",\"@id\":\"https:\\\/\\\/qtmm.org\\\/qt\\\/#website\",\"url\":\"https:\\\/\\\/qtmm.org\\\/qt\\\/\",\"name\":\"\u041c\u0435\u0434\u0436\u043b\u0456\u0441\",\"description\":\"\",\"publisher\":{\"@id\":\"https:\\\/\\\/qtmm.org\\\/qt\\\/#organization\"},\"potentialAction\":[{\"@type\":\"SearchAction\",\"target\":{\"@type\":\"EntryPoint\",\"urlTemplate\":\"https:\\\/\\\/qtmm.org\\\/qt\\\/?s={search_term_string}\"},\"query-input\":{\"@type\":\"PropertyValueSpecification\",\"valueRequired\":true,\"valueName\":\"search_term_string\"}}],\"inLanguage\":\"qt\"},{\"@type\":\"Organization\",\"@id\":\"https:\\\/\\\/qtmm.org\\\/qt\\\/#organization\",\"name\":\"\u041c\u0435\u0434\u0436\u043b\u0456\u0441\",\"url\":\"https:\\\/\\\/qtmm.org\\\/qt\\\/\",\"logo\":{\"@type\":\"ImageObject\",\"inLanguage\":\"qt\",\"@id\":\"https:\\\/\\\/qtmm.org\\\/qt\\\/#\\\/schema\\\/logo\\\/image\\\/\",\"url\":\"https:\\\/\\\/qtmm.org\\\/wp-content\\\/uploads\\\/2024\\\/12\\\/ua-mejlis-logo-rgb.svg\",\"contentUrl\":\"https:\\\/\\\/qtmm.org\\\/wp-content\\\/uploads\\\/2024\\\/12\\\/ua-mejlis-logo-rgb.svg\",\"caption\":\"\u041c\u0435\u0434\u0436\u043b\u0456\u0441\"},\"image\":{\"@id\":\"https:\\\/\\\/qtmm.org\\\/qt\\\/#\\\/schema\\\/logo\\\/image\\\/\"},\"sameAs\":[\"https:\\\/\\\/www.facebook.com\\\/qtmm.info\\\/\"]},{\"@type\":\"Person\",\"@id\":\"https:\\\/\\\/qtmm.org\\\/qt\\\/#\\\/schema\\\/person\\\/de562469f971dec226ac06e60bbf74a7\",\"name\":\"Developer\",\"image\":{\"@type\":\"ImageObject\",\"inLanguage\":\"qt\",\"@id\":\"https:\\\/\\\/secure.gravatar.com\\\/avatar\\\/392b4cc8fbfeb00b39dfeeab4ee6edded39ffd48e25858637e4765810300227e?s=96&d=mm&r=g\",\"url\":\"https:\\\/\\\/secure.gravatar.com\\\/avatar\\\/392b4cc8fbfeb00b39dfeeab4ee6edded39ffd48e25858637e4765810300227e?s=96&d=mm&r=g\",\"contentUrl\":\"https:\\\/\\\/secure.gravatar.com\\\/avatar\\\/392b4cc8fbfeb00b39dfeeab4ee6edded39ffd48e25858637e4765810300227e?s=96&d=mm&r=g\",\"caption\":\"Developer\"},\"url\":\"https:\\\/\\\/qtmm.org\\\/qt\\\/author\\\/Developer\\\/\"}]}<\/script>\n<!-- \/ Yoast SEO plugin. -->","yoast_head_json":{"title":"Meclis reisi : Vaziyetni\u00f1 kerginle\u015fmesine sebep ol\u011fan meselelerni beraber muzakere etmek i\u00e7\u00fcn Ukraina Yuqar\u0131 \u015euras\u0131 ve Q\u0131r\u0131m Yuqar\u0131 \u015euras\u0131 (er biri \u00f6z taraf\u0131ndan) bug\u00fcnden ba\u015flap Mahsus deputat komissiyalar\u0131n\u0131 tizmek kerek - \u041c\u0435\u0434\u0436\u043b\u0456\u0441","robots":{"index":"index","follow":"follow","max-snippet":"max-snippet:-1","max-image-preview":"max-image-preview:large","max-video-preview":"max-video-preview:-1"},"canonical":"https:\/\/qtmm.org\/qt\/meclis-reisi-vaziyetnin-kerginlesmesine-sebep-olgan-meselelerni-beraber-muzakere-etmek-icun-ukraina-yuqari-surasi-ve-qirim-yuqari-surasi-er-biri-oz-tarafindan-bugunden-baslap-mahsus-deputat-komiss\/","og_locale":"en_US","og_type":"article","og_title":"Meclis reisi : Vaziyetni\u00f1 kerginle\u015fmesine sebep ol\u011fan meselelerni beraber muzakere etmek i\u00e7\u00fcn Ukraina Yuqar\u0131 \u015euras\u0131 ve Q\u0131r\u0131m Yuqar\u0131 \u015euras\u0131 (er biri \u00f6z taraf\u0131ndan) bug\u00fcnden ba\u015flap Mahsus deputat komissiyalar\u0131n\u0131 tizmek kerek - \u041c\u0435\u0434\u0436\u043b\u0456\u0441","og_description":"Q\u0131r\u0131mtatar halq\u0131 Meclisi reisini\u00f1 beyanat\u0131 2014 senesi mart 3Aqmescit \u015f. Q\u0131r\u0131mda meydan\u011fa kelgen vaziyetni \u00e7ezmek meselesi halqara seviyege k\u00f6terildi. L\u00e2kin \u00e7ezim yollar\u0131 deral bug\u00fcn- yar\u0131n Ukrainan\u0131\u00f1 i\u00e7ersinde tap\u0131lmal\u0131. Menim teklifim: Vaziyetni\u00f1 kerginle\u015fmesine sebep ol\u011fan meselelerni beraber muzakere etmek i\u00e7\u00fcn Ukraina Yuqar\u0131 \u015euras\u0131 ve Q\u0131r\u0131m Yuqar\u0131 \u015euras\u0131 (er biri \u00f6z taraf\u0131ndan) bug\u00fcnden ba\u015flap Mahsus deputat komissiyalar\u0131n\u0131 [&hellip;]","og_url":"https:\/\/qtmm.org\/qt\/meclis-reisi-vaziyetnin-kerginlesmesine-sebep-olgan-meselelerni-beraber-muzakere-etmek-icun-ukraina-yuqari-surasi-ve-qirim-yuqari-surasi-er-biri-oz-tarafindan-bugunden-baslap-mahsus-deputat-komiss\/","og_site_name":"\u041c\u0435\u0434\u0436\u043b\u0456\u0441","article_publisher":"https:\/\/www.facebook.com\/qtmm.info\/","article_published_time":"2014-03-03T16:23:00+00:00","article_modified_time":"2022-01-27T16:28:05+00:00","author":"Developer","twitter_card":"summary_large_image","twitter_misc":{"Written by":"Developer","Est. reading time":"1 minute"},"schema":{"@context":"https:\/\/schema.org","@graph":[{"@type":"Article","@id":"https:\/\/qtmm.org\/qt\/meclis-reisi-vaziyetnin-kerginlesmesine-sebep-olgan-meselelerni-beraber-muzakere-etmek-icun-ukraina-yuqari-surasi-ve-qirim-yuqari-surasi-er-biri-oz-tarafindan-bugunden-baslap-mahsus-deputat-komiss\/#article","isPartOf":{"@id":"https:\/\/qtmm.org\/qt\/meclis-reisi-vaziyetnin-kerginlesmesine-sebep-olgan-meselelerni-beraber-muzakere-etmek-icun-ukraina-yuqari-surasi-ve-qirim-yuqari-surasi-er-biri-oz-tarafindan-bugunden-baslap-mahsus-deputat-komiss\/"},"author":{"name":"Developer","@id":"https:\/\/qtmm.org\/qt\/#\/schema\/person\/de562469f971dec226ac06e60bbf74a7"},"headline":"Meclis reisi : Vaziyetni\u00f1 kerginle\u015fmesine sebep ol\u011fan meselelerni beraber muzakere etmek i\u00e7\u00fcn Ukraina Yuqar\u0131 \u015euras\u0131 ve Q\u0131r\u0131m Yuqar\u0131 \u015euras\u0131 (er biri \u00f6z taraf\u0131ndan) bug\u00fcnden ba\u015flap Mahsus deputat komissiyalar\u0131n\u0131 tizmek kerek","datePublished":"2014-03-03T16:23:00+00:00","dateModified":"2022-01-27T16:28:05+00:00","mainEntityOfPage":{"@id":"https:\/\/qtmm.org\/qt\/meclis-reisi-vaziyetnin-kerginlesmesine-sebep-olgan-meselelerni-beraber-muzakere-etmek-icun-ukraina-yuqari-surasi-ve-qirim-yuqari-surasi-er-biri-oz-tarafindan-bugunden-baslap-mahsus-deputat-komiss\/"},"wordCount":199,"commentCount":0,"publisher":{"@id":"https:\/\/qtmm.org\/qt\/#organization"},"articleSection":["Haberler"],"inLanguage":"qt","potentialAction":[{"@type":"CommentAction","name":"Comment","target":["https:\/\/qtmm.org\/qt\/meclis-reisi-vaziyetnin-kerginlesmesine-sebep-olgan-meselelerni-beraber-muzakere-etmek-icun-ukraina-yuqari-surasi-ve-qirim-yuqari-surasi-er-biri-oz-tarafindan-bugunden-baslap-mahsus-deputat-komiss\/#respond"]}]},{"@type":"WebPage","@id":"https:\/\/qtmm.org\/qt\/meclis-reisi-vaziyetnin-kerginlesmesine-sebep-olgan-meselelerni-beraber-muzakere-etmek-icun-ukraina-yuqari-surasi-ve-qirim-yuqari-surasi-er-biri-oz-tarafindan-bugunden-baslap-mahsus-deputat-komiss\/","url":"https:\/\/qtmm.org\/qt\/meclis-reisi-vaziyetnin-kerginlesmesine-sebep-olgan-meselelerni-beraber-muzakere-etmek-icun-ukraina-yuqari-surasi-ve-qirim-yuqari-surasi-er-biri-oz-tarafindan-bugunden-baslap-mahsus-deputat-komiss\/","name":"Meclis reisi : Vaziyetni\u00f1 kerginle\u015fmesine sebep ol\u011fan meselelerni beraber muzakere etmek i\u00e7\u00fcn Ukraina Yuqar\u0131 \u015euras\u0131 ve Q\u0131r\u0131m Yuqar\u0131 \u015euras\u0131 (er biri \u00f6z taraf\u0131ndan) bug\u00fcnden ba\u015flap Mahsus deputat komissiyalar\u0131n\u0131 tizmek kerek - \u041c\u0435\u0434\u0436\u043b\u0456\u0441","isPartOf":{"@id":"https:\/\/qtmm.org\/qt\/#website"},"datePublished":"2014-03-03T16:23:00+00:00","dateModified":"2022-01-27T16:28:05+00:00","breadcrumb":{"@id":"https:\/\/qtmm.org\/qt\/meclis-reisi-vaziyetnin-kerginlesmesine-sebep-olgan-meselelerni-beraber-muzakere-etmek-icun-ukraina-yuqari-surasi-ve-qirim-yuqari-surasi-er-biri-oz-tarafindan-bugunden-baslap-mahsus-deputat-komiss\/#breadcrumb"},"inLanguage":"qt","potentialAction":[{"@type":"ReadAction","target":["https:\/\/qtmm.org\/qt\/meclis-reisi-vaziyetnin-kerginlesmesine-sebep-olgan-meselelerni-beraber-muzakere-etmek-icun-ukraina-yuqari-surasi-ve-qirim-yuqari-surasi-er-biri-oz-tarafindan-bugunden-baslap-mahsus-deputat-komiss\/"]}]},{"@type":"BreadcrumbList","@id":"https:\/\/qtmm.org\/qt\/meclis-reisi-vaziyetnin-kerginlesmesine-sebep-olgan-meselelerni-beraber-muzakere-etmek-icun-ukraina-yuqari-surasi-ve-qirim-yuqari-surasi-er-biri-oz-tarafindan-bugunden-baslap-mahsus-deputat-komiss\/#breadcrumb","itemListElement":[{"@type":"ListItem","position":1,"name":"\u0413\u043e\u043b\u043e\u0432\u043d\u0430","item":"https:\/\/qtmm.org\/qt\/"},{"@type":"ListItem","position":2,"name":"Meclis reisi : Vaziyetni\u00f1 kerginle\u015fmesine sebep ol\u011fan meselelerni beraber muzakere etmek i\u00e7\u00fcn Ukraina Yuqar\u0131 \u015euras\u0131 ve Q\u0131r\u0131m Yuqar\u0131 \u015euras\u0131 (er biri \u00f6z taraf\u0131ndan) bug\u00fcnden ba\u015flap Mahsus deputat komissiyalar\u0131n\u0131 tizmek kerek"}]},{"@type":"WebSite","@id":"https:\/\/qtmm.org\/qt\/#website","url":"https:\/\/qtmm.org\/qt\/","name":"\u041c\u0435\u0434\u0436\u043b\u0456\u0441","description":"","publisher":{"@id":"https:\/\/qtmm.org\/qt\/#organization"},"potentialAction":[{"@type":"SearchAction","target":{"@type":"EntryPoint","urlTemplate":"https:\/\/qtmm.org\/qt\/?s={search_term_string}"},"query-input":{"@type":"PropertyValueSpecification","valueRequired":true,"valueName":"search_term_string"}}],"inLanguage":"qt"},{"@type":"Organization","@id":"https:\/\/qtmm.org\/qt\/#organization","name":"\u041c\u0435\u0434\u0436\u043b\u0456\u0441","url":"https:\/\/qtmm.org\/qt\/","logo":{"@type":"ImageObject","inLanguage":"qt","@id":"https:\/\/qtmm.org\/qt\/#\/schema\/logo\/image\/","url":"https:\/\/qtmm.org\/wp-content\/uploads\/2024\/12\/ua-mejlis-logo-rgb.svg","contentUrl":"https:\/\/qtmm.org\/wp-content\/uploads\/2024\/12\/ua-mejlis-logo-rgb.svg","caption":"\u041c\u0435\u0434\u0436\u043b\u0456\u0441"},"image":{"@id":"https:\/\/qtmm.org\/qt\/#\/schema\/logo\/image\/"},"sameAs":["https:\/\/www.facebook.com\/qtmm.info\/"]},{"@type":"Person","@id":"https:\/\/qtmm.org\/qt\/#\/schema\/person\/de562469f971dec226ac06e60bbf74a7","name":"Developer","image":{"@type":"ImageObject","inLanguage":"qt","@id":"https:\/\/secure.gravatar.com\/avatar\/392b4cc8fbfeb00b39dfeeab4ee6edded39ffd48e25858637e4765810300227e?s=96&d=mm&r=g","url":"https:\/\/secure.gravatar.com\/avatar\/392b4cc8fbfeb00b39dfeeab4ee6edded39ffd48e25858637e4765810300227e?s=96&d=mm&r=g","contentUrl":"https:\/\/secure.gravatar.com\/avatar\/392b4cc8fbfeb00b39dfeeab4ee6edded39ffd48e25858637e4765810300227e?s=96&d=mm&r=g","caption":"Developer"},"url":"https:\/\/qtmm.org\/qt\/author\/Developer\/"}]}},"_links":{"self":[{"href":"https:\/\/qtmm.org\/qt\/wp-json\/wp\/v2\/posts\/43685","targetHints":{"allow":["GET"]}}],"collection":[{"href":"https:\/\/qtmm.org\/qt\/wp-json\/wp\/v2\/posts"}],"about":[{"href":"https:\/\/qtmm.org\/qt\/wp-json\/wp\/v2\/types\/post"}],"author":[{"embeddable":true,"href":"https:\/\/qtmm.org\/qt\/wp-json\/wp\/v2\/users\/1"}],"replies":[{"embeddable":true,"href":"https:\/\/qtmm.org\/qt\/wp-json\/wp\/v2\/comments?post=43685"}],"version-history":[{"count":1,"href":"https:\/\/qtmm.org\/qt\/wp-json\/wp\/v2\/posts\/43685\/revisions"}],"predecessor-version":[{"id":43686,"href":"https:\/\/qtmm.org\/qt\/wp-json\/wp\/v2\/posts\/43685\/revisions\/43686"}],"wp:attachment":[{"href":"https:\/\/qtmm.org\/qt\/wp-json\/wp\/v2\/media?parent=43685"}],"wp:term":[{"taxonomy":"category","embeddable":true,"href":"https:\/\/qtmm.org\/qt\/wp-json\/wp\/v2\/categories?post=43685"},{"taxonomy":"post_tag","embeddable":true,"href":"https:\/\/qtmm.org\/qt\/wp-json\/wp\/v2\/tags?post=43685"}],"curies":[{"name":"wp","href":"https:\/\/api.w.org\/{rel}","templated":true}]}}