




{"id":43683,"date":"2014-02-25T19:23:00","date_gmt":"2014-02-25T16:23:00","guid":{"rendered":"http:\/\/qtmm.org\/?p=43683"},"modified":"2022-01-27T19:23:36","modified_gmt":"2022-01-27T16:23:36","slug":"meclis-reisi-refat-cubarov-qirim-yuqari-surasinin-reisi-vladimir-konstantinov-ile-korusti","status":"publish","type":"post","link":"https:\/\/qtmm.org\/qt\/meclis-reisi-refat-cubarov-qirim-yuqari-surasinin-reisi-vladimir-konstantinov-ile-korusti\/","title":{"rendered":"Meclis reisi Refat \u00c7ubarov Q\u0131r\u0131m Yuqar\u0131 \u015euras\u0131n\u0131\u00f1 reisi Vladimir Konstantinov ile k\u00f6r\u00fc\u015fti"},"content":{"rendered":"\n<p>Fevral 25 k\u00fcn\u00fc Meclis reisi Refat \u00c7ubarov ve on\u0131\u00f1 muavinleri Zaur Smirnov ve Ahtem \u00c7iygoz Q\u0131r\u0131m Yuqar\u0131 \u015euras\u0131n\u0131\u00f1 reisi Vladimir Konstantinov ile k\u00f6r\u00fc\u015ftiler. Yuqar\u0131 \u015eura reisini\u00f1 muavinleri Grigoriy \u0130offe ve Sergey Doni\u00e7 te i\u015ftirak etken bu k\u00f6r\u00fc\u015f\u00fcvde Q\u0131r\u0131m Yuqar\u0131 \u015euras\u0131n\u0131\u00f1 yar\u0131n fevral 26 k\u00fcn\u00fc saat 15.00-te \u00f6tkerilmesi belgilengen sessiya munasebetinen Q\u0131r\u0131mdaki vaziyetni\u00f1 keti\u015fat\u0131 muzakere olund\u0131. ve<\/p>\n\n\n\n<p>Taraflar bir s\u0131ra meseleler, \u015fu c\u00fcmleden Q\u0131r\u0131m \u00fck\u00fcmetini\u00f1 faaliyeti ve istifa\u011fa \u00e7\u0131qar\u0131lmas\u0131nen ba\u011fl\u0131, husus\u0131nda fikir payla\u015ft\u0131lar.<br>Muzakere etilgen meseleler boyunca s\u00f6yle\u015f\u00fcvlerni devam ettirmek qarar\u0131 al\u0131nd\u0131.<\/p>\n","protected":false},"excerpt":{"rendered":"<p>Fevral 25 k\u00fcn\u00fc Meclis reisi Refat \u00c7ubarov ve on\u0131\u00f1 muavinleri Zaur Smirnov ve Ahtem \u00c7iygoz Q\u0131r\u0131m Yuqar\u0131 \u015euras\u0131n\u0131\u00f1 reisi Vladimir Konstantinov ile k\u00f6r\u00fc\u015ftiler. Yuqar\u0131 \u015eura reisini\u00f1 muavinleri Grigoriy \u0130offe ve Sergey Doni\u00e7 te i\u015ftirak etken bu k\u00f6r\u00fc\u015f\u00fcvde Q\u0131r\u0131m Yuqar\u0131 \u015euras\u0131n\u0131\u00f1 yar\u0131n fevral 26 k\u00fcn\u00fc saat 15.00-te \u00f6tkerilmesi belgilengen sessiya munasebetinen Q\u0131r\u0131mdaki vaziyetni\u00f1 keti\u015fat\u0131 muzakere olund\u0131. [&hellip;]<\/p>\n","protected":false},"author":1,"featured_media":0,"comment_status":"open","ping_status":"open","sticky":false,"template":"","format":"standard","meta":{"inline_featured_image":false,"footnotes":""},"categories":[265],"tags":[],"class_list":["post-43683","post","type-post","status-publish","format-standard","hentry","category-haberler"],"acf":[],"yoast_head":"<!-- This site is optimized with the Yoast SEO plugin v27.4 - https:\/\/yoast.com\/product\/yoast-seo-wordpress\/ -->\n<title>Meclis reisi Refat \u00c7ubarov Q\u0131r\u0131m Yuqar\u0131 \u015euras\u0131n\u0131\u00f1 reisi Vladimir Konstantinov ile k\u00f6r\u00fc\u015fti - \u041c\u0435\u0434\u0436\u043b\u0456\u0441<\/title>\n<meta name=\"robots\" content=\"index, follow, max-snippet:-1, max-image-preview:large, max-video-preview:-1\" \/>\n<link rel=\"canonical\" href=\"https:\/\/qtmm.org\/qt\/meclis-reisi-refat-cubarov-qirim-yuqari-surasinin-reisi-vladimir-konstantinov-ile-korusti\/\" \/>\n<meta property=\"og:locale\" content=\"en_US\" \/>\n<meta property=\"og:type\" content=\"article\" \/>\n<meta property=\"og:title\" content=\"Meclis reisi Refat \u00c7ubarov Q\u0131r\u0131m Yuqar\u0131 \u015euras\u0131n\u0131\u00f1 reisi Vladimir Konstantinov ile k\u00f6r\u00fc\u015fti - \u041c\u0435\u0434\u0436\u043b\u0456\u0441\" \/>\n<meta property=\"og:description\" content=\"Fevral 25 k\u00fcn\u00fc Meclis reisi Refat \u00c7ubarov ve on\u0131\u00f1 muavinleri Zaur Smirnov ve Ahtem \u00c7iygoz Q\u0131r\u0131m Yuqar\u0131 \u015euras\u0131n\u0131\u00f1 reisi Vladimir Konstantinov ile k\u00f6r\u00fc\u015ftiler. Yuqar\u0131 \u015eura reisini\u00f1 muavinleri Grigoriy \u0130offe ve Sergey Doni\u00e7 te i\u015ftirak etken bu k\u00f6r\u00fc\u015f\u00fcvde Q\u0131r\u0131m Yuqar\u0131 \u015euras\u0131n\u0131\u00f1 yar\u0131n fevral 26 k\u00fcn\u00fc saat 15.00-te \u00f6tkerilmesi belgilengen sessiya munasebetinen Q\u0131r\u0131mdaki vaziyetni\u00f1 keti\u015fat\u0131 muzakere olund\u0131. [&hellip;]\" \/>\n<meta property=\"og:url\" content=\"https:\/\/qtmm.org\/qt\/meclis-reisi-refat-cubarov-qirim-yuqari-surasinin-reisi-vladimir-konstantinov-ile-korusti\/\" \/>\n<meta property=\"og:site_name\" content=\"\u041c\u0435\u0434\u0436\u043b\u0456\u0441\" \/>\n<meta property=\"article:publisher\" content=\"https:\/\/www.facebook.com\/qtmm.info\/\" \/>\n<meta property=\"article:published_time\" content=\"2014-02-25T16:23:00+00:00\" \/>\n<meta property=\"article:modified_time\" content=\"2022-01-27T16:23:36+00:00\" \/>\n<meta name=\"author\" content=\"Developer\" \/>\n<meta name=\"twitter:card\" content=\"summary_large_image\" \/>\n<meta name=\"twitter:label1\" content=\"Written by\" \/>\n\t<meta name=\"twitter:data1\" content=\"Developer\" \/>\n\t<meta name=\"twitter:label2\" content=\"Est. reading time\" \/>\n\t<meta name=\"twitter:data2\" content=\"1 minute\" \/>\n<script type=\"application\/ld+json\" class=\"yoast-schema-graph\">{\"@context\":\"https:\\\/\\\/schema.org\",\"@graph\":[{\"@type\":\"Article\",\"@id\":\"https:\\\/\\\/qtmm.org\\\/qt\\\/meclis-reisi-refat-cubarov-qirim-yuqari-surasinin-reisi-vladimir-konstantinov-ile-korusti\\\/#article\",\"isPartOf\":{\"@id\":\"https:\\\/\\\/qtmm.org\\\/qt\\\/meclis-reisi-refat-cubarov-qirim-yuqari-surasinin-reisi-vladimir-konstantinov-ile-korusti\\\/\"},\"author\":{\"name\":\"Developer\",\"@id\":\"https:\\\/\\\/qtmm.org\\\/qt\\\/#\\\/schema\\\/person\\\/de562469f971dec226ac06e60bbf74a7\"},\"headline\":\"Meclis reisi Refat \u00c7ubarov Q\u0131r\u0131m Yuqar\u0131 \u015euras\u0131n\u0131\u00f1 reisi Vladimir Konstantinov ile k\u00f6r\u00fc\u015fti\",\"datePublished\":\"2014-02-25T16:23:00+00:00\",\"dateModified\":\"2022-01-27T16:23:36+00:00\",\"mainEntityOfPage\":{\"@id\":\"https:\\\/\\\/qtmm.org\\\/qt\\\/meclis-reisi-refat-cubarov-qirim-yuqari-surasinin-reisi-vladimir-konstantinov-ile-korusti\\\/\"},\"wordCount\":128,\"commentCount\":0,\"publisher\":{\"@id\":\"https:\\\/\\\/qtmm.org\\\/qt\\\/#organization\"},\"articleSection\":[\"Haberler\"],\"inLanguage\":\"qt\",\"potentialAction\":[{\"@type\":\"CommentAction\",\"name\":\"Comment\",\"target\":[\"https:\\\/\\\/qtmm.org\\\/qt\\\/meclis-reisi-refat-cubarov-qirim-yuqari-surasinin-reisi-vladimir-konstantinov-ile-korusti\\\/#respond\"]}]},{\"@type\":\"WebPage\",\"@id\":\"https:\\\/\\\/qtmm.org\\\/qt\\\/meclis-reisi-refat-cubarov-qirim-yuqari-surasinin-reisi-vladimir-konstantinov-ile-korusti\\\/\",\"url\":\"https:\\\/\\\/qtmm.org\\\/qt\\\/meclis-reisi-refat-cubarov-qirim-yuqari-surasinin-reisi-vladimir-konstantinov-ile-korusti\\\/\",\"name\":\"Meclis reisi Refat \u00c7ubarov Q\u0131r\u0131m Yuqar\u0131 \u015euras\u0131n\u0131\u00f1 reisi Vladimir Konstantinov ile k\u00f6r\u00fc\u015fti - \u041c\u0435\u0434\u0436\u043b\u0456\u0441\",\"isPartOf\":{\"@id\":\"https:\\\/\\\/qtmm.org\\\/qt\\\/#website\"},\"datePublished\":\"2014-02-25T16:23:00+00:00\",\"dateModified\":\"2022-01-27T16:23:36+00:00\",\"breadcrumb\":{\"@id\":\"https:\\\/\\\/qtmm.org\\\/qt\\\/meclis-reisi-refat-cubarov-qirim-yuqari-surasinin-reisi-vladimir-konstantinov-ile-korusti\\\/#breadcrumb\"},\"inLanguage\":\"qt\",\"potentialAction\":[{\"@type\":\"ReadAction\",\"target\":[\"https:\\\/\\\/qtmm.org\\\/qt\\\/meclis-reisi-refat-cubarov-qirim-yuqari-surasinin-reisi-vladimir-konstantinov-ile-korusti\\\/\"]}]},{\"@type\":\"BreadcrumbList\",\"@id\":\"https:\\\/\\\/qtmm.org\\\/qt\\\/meclis-reisi-refat-cubarov-qirim-yuqari-surasinin-reisi-vladimir-konstantinov-ile-korusti\\\/#breadcrumb\",\"itemListElement\":[{\"@type\":\"ListItem\",\"position\":1,\"name\":\"\u0413\u043e\u043b\u043e\u0432\u043d\u0430\",\"item\":\"https:\\\/\\\/qtmm.org\\\/qt\\\/\"},{\"@type\":\"ListItem\",\"position\":2,\"name\":\"Meclis reisi Refat \u00c7ubarov Q\u0131r\u0131m Yuqar\u0131 \u015euras\u0131n\u0131\u00f1 reisi Vladimir Konstantinov ile k\u00f6r\u00fc\u015fti\"}]},{\"@type\":\"WebSite\",\"@id\":\"https:\\\/\\\/qtmm.org\\\/qt\\\/#website\",\"url\":\"https:\\\/\\\/qtmm.org\\\/qt\\\/\",\"name\":\"\u041c\u0435\u0434\u0436\u043b\u0456\u0441\",\"description\":\"\",\"publisher\":{\"@id\":\"https:\\\/\\\/qtmm.org\\\/qt\\\/#organization\"},\"potentialAction\":[{\"@type\":\"SearchAction\",\"target\":{\"@type\":\"EntryPoint\",\"urlTemplate\":\"https:\\\/\\\/qtmm.org\\\/qt\\\/?s={search_term_string}\"},\"query-input\":{\"@type\":\"PropertyValueSpecification\",\"valueRequired\":true,\"valueName\":\"search_term_string\"}}],\"inLanguage\":\"qt\"},{\"@type\":\"Organization\",\"@id\":\"https:\\\/\\\/qtmm.org\\\/qt\\\/#organization\",\"name\":\"\u041c\u0435\u0434\u0436\u043b\u0456\u0441\",\"url\":\"https:\\\/\\\/qtmm.org\\\/qt\\\/\",\"logo\":{\"@type\":\"ImageObject\",\"inLanguage\":\"qt\",\"@id\":\"https:\\\/\\\/qtmm.org\\\/qt\\\/#\\\/schema\\\/logo\\\/image\\\/\",\"url\":\"https:\\\/\\\/qtmm.org\\\/wp-content\\\/uploads\\\/2024\\\/12\\\/ua-mejlis-logo-rgb.svg\",\"contentUrl\":\"https:\\\/\\\/qtmm.org\\\/wp-content\\\/uploads\\\/2024\\\/12\\\/ua-mejlis-logo-rgb.svg\",\"caption\":\"\u041c\u0435\u0434\u0436\u043b\u0456\u0441\"},\"image\":{\"@id\":\"https:\\\/\\\/qtmm.org\\\/qt\\\/#\\\/schema\\\/logo\\\/image\\\/\"},\"sameAs\":[\"https:\\\/\\\/www.facebook.com\\\/qtmm.info\\\/\"]},{\"@type\":\"Person\",\"@id\":\"https:\\\/\\\/qtmm.org\\\/qt\\\/#\\\/schema\\\/person\\\/de562469f971dec226ac06e60bbf74a7\",\"name\":\"Developer\",\"image\":{\"@type\":\"ImageObject\",\"inLanguage\":\"qt\",\"@id\":\"https:\\\/\\\/secure.gravatar.com\\\/avatar\\\/392b4cc8fbfeb00b39dfeeab4ee6edded39ffd48e25858637e4765810300227e?s=96&d=mm&r=g\",\"url\":\"https:\\\/\\\/secure.gravatar.com\\\/avatar\\\/392b4cc8fbfeb00b39dfeeab4ee6edded39ffd48e25858637e4765810300227e?s=96&d=mm&r=g\",\"contentUrl\":\"https:\\\/\\\/secure.gravatar.com\\\/avatar\\\/392b4cc8fbfeb00b39dfeeab4ee6edded39ffd48e25858637e4765810300227e?s=96&d=mm&r=g\",\"caption\":\"Developer\"},\"url\":\"https:\\\/\\\/qtmm.org\\\/qt\\\/author\\\/Developer\\\/\"}]}<\/script>\n<!-- \/ Yoast SEO plugin. -->","yoast_head_json":{"title":"Meclis reisi Refat \u00c7ubarov Q\u0131r\u0131m Yuqar\u0131 \u015euras\u0131n\u0131\u00f1 reisi Vladimir Konstantinov ile k\u00f6r\u00fc\u015fti - \u041c\u0435\u0434\u0436\u043b\u0456\u0441","robots":{"index":"index","follow":"follow","max-snippet":"max-snippet:-1","max-image-preview":"max-image-preview:large","max-video-preview":"max-video-preview:-1"},"canonical":"https:\/\/qtmm.org\/qt\/meclis-reisi-refat-cubarov-qirim-yuqari-surasinin-reisi-vladimir-konstantinov-ile-korusti\/","og_locale":"en_US","og_type":"article","og_title":"Meclis reisi Refat \u00c7ubarov Q\u0131r\u0131m Yuqar\u0131 \u015euras\u0131n\u0131\u00f1 reisi Vladimir Konstantinov ile k\u00f6r\u00fc\u015fti - \u041c\u0435\u0434\u0436\u043b\u0456\u0441","og_description":"Fevral 25 k\u00fcn\u00fc Meclis reisi Refat \u00c7ubarov ve on\u0131\u00f1 muavinleri Zaur Smirnov ve Ahtem \u00c7iygoz Q\u0131r\u0131m Yuqar\u0131 \u015euras\u0131n\u0131\u00f1 reisi Vladimir Konstantinov ile k\u00f6r\u00fc\u015ftiler. Yuqar\u0131 \u015eura reisini\u00f1 muavinleri Grigoriy \u0130offe ve Sergey Doni\u00e7 te i\u015ftirak etken bu k\u00f6r\u00fc\u015f\u00fcvde Q\u0131r\u0131m Yuqar\u0131 \u015euras\u0131n\u0131\u00f1 yar\u0131n fevral 26 k\u00fcn\u00fc saat 15.00-te \u00f6tkerilmesi belgilengen sessiya munasebetinen Q\u0131r\u0131mdaki vaziyetni\u00f1 keti\u015fat\u0131 muzakere olund\u0131. [&hellip;]","og_url":"https:\/\/qtmm.org\/qt\/meclis-reisi-refat-cubarov-qirim-yuqari-surasinin-reisi-vladimir-konstantinov-ile-korusti\/","og_site_name":"\u041c\u0435\u0434\u0436\u043b\u0456\u0441","article_publisher":"https:\/\/www.facebook.com\/qtmm.info\/","article_published_time":"2014-02-25T16:23:00+00:00","article_modified_time":"2022-01-27T16:23:36+00:00","author":"Developer","twitter_card":"summary_large_image","twitter_misc":{"Written by":"Developer","Est. reading time":"1 minute"},"schema":{"@context":"https:\/\/schema.org","@graph":[{"@type":"Article","@id":"https:\/\/qtmm.org\/qt\/meclis-reisi-refat-cubarov-qirim-yuqari-surasinin-reisi-vladimir-konstantinov-ile-korusti\/#article","isPartOf":{"@id":"https:\/\/qtmm.org\/qt\/meclis-reisi-refat-cubarov-qirim-yuqari-surasinin-reisi-vladimir-konstantinov-ile-korusti\/"},"author":{"name":"Developer","@id":"https:\/\/qtmm.org\/qt\/#\/schema\/person\/de562469f971dec226ac06e60bbf74a7"},"headline":"Meclis reisi Refat \u00c7ubarov Q\u0131r\u0131m Yuqar\u0131 \u015euras\u0131n\u0131\u00f1 reisi Vladimir Konstantinov ile k\u00f6r\u00fc\u015fti","datePublished":"2014-02-25T16:23:00+00:00","dateModified":"2022-01-27T16:23:36+00:00","mainEntityOfPage":{"@id":"https:\/\/qtmm.org\/qt\/meclis-reisi-refat-cubarov-qirim-yuqari-surasinin-reisi-vladimir-konstantinov-ile-korusti\/"},"wordCount":128,"commentCount":0,"publisher":{"@id":"https:\/\/qtmm.org\/qt\/#organization"},"articleSection":["Haberler"],"inLanguage":"qt","potentialAction":[{"@type":"CommentAction","name":"Comment","target":["https:\/\/qtmm.org\/qt\/meclis-reisi-refat-cubarov-qirim-yuqari-surasinin-reisi-vladimir-konstantinov-ile-korusti\/#respond"]}]},{"@type":"WebPage","@id":"https:\/\/qtmm.org\/qt\/meclis-reisi-refat-cubarov-qirim-yuqari-surasinin-reisi-vladimir-konstantinov-ile-korusti\/","url":"https:\/\/qtmm.org\/qt\/meclis-reisi-refat-cubarov-qirim-yuqari-surasinin-reisi-vladimir-konstantinov-ile-korusti\/","name":"Meclis reisi Refat \u00c7ubarov Q\u0131r\u0131m Yuqar\u0131 \u015euras\u0131n\u0131\u00f1 reisi Vladimir Konstantinov ile k\u00f6r\u00fc\u015fti - \u041c\u0435\u0434\u0436\u043b\u0456\u0441","isPartOf":{"@id":"https:\/\/qtmm.org\/qt\/#website"},"datePublished":"2014-02-25T16:23:00+00:00","dateModified":"2022-01-27T16:23:36+00:00","breadcrumb":{"@id":"https:\/\/qtmm.org\/qt\/meclis-reisi-refat-cubarov-qirim-yuqari-surasinin-reisi-vladimir-konstantinov-ile-korusti\/#breadcrumb"},"inLanguage":"qt","potentialAction":[{"@type":"ReadAction","target":["https:\/\/qtmm.org\/qt\/meclis-reisi-refat-cubarov-qirim-yuqari-surasinin-reisi-vladimir-konstantinov-ile-korusti\/"]}]},{"@type":"BreadcrumbList","@id":"https:\/\/qtmm.org\/qt\/meclis-reisi-refat-cubarov-qirim-yuqari-surasinin-reisi-vladimir-konstantinov-ile-korusti\/#breadcrumb","itemListElement":[{"@type":"ListItem","position":1,"name":"\u0413\u043e\u043b\u043e\u0432\u043d\u0430","item":"https:\/\/qtmm.org\/qt\/"},{"@type":"ListItem","position":2,"name":"Meclis reisi Refat \u00c7ubarov Q\u0131r\u0131m Yuqar\u0131 \u015euras\u0131n\u0131\u00f1 reisi Vladimir Konstantinov ile k\u00f6r\u00fc\u015fti"}]},{"@type":"WebSite","@id":"https:\/\/qtmm.org\/qt\/#website","url":"https:\/\/qtmm.org\/qt\/","name":"\u041c\u0435\u0434\u0436\u043b\u0456\u0441","description":"","publisher":{"@id":"https:\/\/qtmm.org\/qt\/#organization"},"potentialAction":[{"@type":"SearchAction","target":{"@type":"EntryPoint","urlTemplate":"https:\/\/qtmm.org\/qt\/?s={search_term_string}"},"query-input":{"@type":"PropertyValueSpecification","valueRequired":true,"valueName":"search_term_string"}}],"inLanguage":"qt"},{"@type":"Organization","@id":"https:\/\/qtmm.org\/qt\/#organization","name":"\u041c\u0435\u0434\u0436\u043b\u0456\u0441","url":"https:\/\/qtmm.org\/qt\/","logo":{"@type":"ImageObject","inLanguage":"qt","@id":"https:\/\/qtmm.org\/qt\/#\/schema\/logo\/image\/","url":"https:\/\/qtmm.org\/wp-content\/uploads\/2024\/12\/ua-mejlis-logo-rgb.svg","contentUrl":"https:\/\/qtmm.org\/wp-content\/uploads\/2024\/12\/ua-mejlis-logo-rgb.svg","caption":"\u041c\u0435\u0434\u0436\u043b\u0456\u0441"},"image":{"@id":"https:\/\/qtmm.org\/qt\/#\/schema\/logo\/image\/"},"sameAs":["https:\/\/www.facebook.com\/qtmm.info\/"]},{"@type":"Person","@id":"https:\/\/qtmm.org\/qt\/#\/schema\/person\/de562469f971dec226ac06e60bbf74a7","name":"Developer","image":{"@type":"ImageObject","inLanguage":"qt","@id":"https:\/\/secure.gravatar.com\/avatar\/392b4cc8fbfeb00b39dfeeab4ee6edded39ffd48e25858637e4765810300227e?s=96&d=mm&r=g","url":"https:\/\/secure.gravatar.com\/avatar\/392b4cc8fbfeb00b39dfeeab4ee6edded39ffd48e25858637e4765810300227e?s=96&d=mm&r=g","contentUrl":"https:\/\/secure.gravatar.com\/avatar\/392b4cc8fbfeb00b39dfeeab4ee6edded39ffd48e25858637e4765810300227e?s=96&d=mm&r=g","caption":"Developer"},"url":"https:\/\/qtmm.org\/qt\/author\/Developer\/"}]}},"_links":{"self":[{"href":"https:\/\/qtmm.org\/qt\/wp-json\/wp\/v2\/posts\/43683","targetHints":{"allow":["GET"]}}],"collection":[{"href":"https:\/\/qtmm.org\/qt\/wp-json\/wp\/v2\/posts"}],"about":[{"href":"https:\/\/qtmm.org\/qt\/wp-json\/wp\/v2\/types\/post"}],"author":[{"embeddable":true,"href":"https:\/\/qtmm.org\/qt\/wp-json\/wp\/v2\/users\/1"}],"replies":[{"embeddable":true,"href":"https:\/\/qtmm.org\/qt\/wp-json\/wp\/v2\/comments?post=43683"}],"version-history":[{"count":1,"href":"https:\/\/qtmm.org\/qt\/wp-json\/wp\/v2\/posts\/43683\/revisions"}],"predecessor-version":[{"id":43684,"href":"https:\/\/qtmm.org\/qt\/wp-json\/wp\/v2\/posts\/43683\/revisions\/43684"}],"wp:attachment":[{"href":"https:\/\/qtmm.org\/qt\/wp-json\/wp\/v2\/media?parent=43683"}],"wp:term":[{"taxonomy":"category","embeddable":true,"href":"https:\/\/qtmm.org\/qt\/wp-json\/wp\/v2\/categories?post=43683"},{"taxonomy":"post_tag","embeddable":true,"href":"https:\/\/qtmm.org\/qt\/wp-json\/wp\/v2\/tags?post=43683"}],"curies":[{"name":"wp","href":"https:\/\/api.w.org\/{rel}","templated":true}]}}