




{"id":43665,"date":"2014-02-24T19:20:00","date_gmt":"2014-02-24T16:20:00","guid":{"rendered":"http:\/\/qtmm.org\/?p=43665"},"modified":"2022-01-27T19:20:32","modified_gmt":"2022-01-27T16:20:32","slug":"aqmescit-yolbascilari-seernin-merkeziy-meydanini-paytaht-sakinleri-ve-musafirlerinin-istraat-yerine-cevirir-2","status":"publish","type":"post","link":"https:\/\/qtmm.org\/qt\/aqmescit-yolbascilari-seernin-merkeziy-meydanini-paytaht-sakinleri-ve-musafirlerinin-istraat-yerine-cevirir-2\/","title":{"rendered":"Aqmescit yolba\u015f\u00e7\u0131lar\u0131 \u015feerni\u00f1 merkeziy meydan\u0131n\u0131 paytaht sakinleri ve musafirlerini\u00f1 istraat yerine \u00e7evirir"},"content":{"rendered":"\n<p>Qarasuvbazar rayon\u0131 Zuya qasabas\u0131nda ol\u0131p ke\u00e7ken adise \u2013 fevral 24 gecesi Lenin eykelini\u00f1 y\u0131qt\u0131r\u0131lmas\u0131 munasebeti ile izaat berirken, Meclis reisi fevral 23-te Noman \u00c7elebicihan hat\u0131ras\u0131na ba\u011f\u0131\u015flan\u011fan mitingde seslendirilgen fikirni hat\u0131rlatt\u0131.<\/p>\n\n\n\n<p>&#8220;Biz \u015fu yaq\u0131n on k\u00fcn i\u00e7inde akimiyet idare organlar\u0131n\u0131\u00f1 kendileri bir \u00e7oq insanlar keskin \u015fekilde yapma\u011fa t\u0131r\u0131\u015fqan i\u015fni nas\u0131l \u015fekilde yapacaqlar\u0131n\u0131 \u00f6zleri \u00e7ezmek kerekler, degen fikirdemiz, &#8211; dedi R. \u00c7ubarov 2014 senesi fevral 24-te matbuat konferentsiyas\u0131nda Ve daa bir kere \u015fun\u0131 qayd etti ki, B\u00fct\u00fcnq\u0131r\u0131m mitingini\u00f1 te\u015fkil\u00e2t\u00e7\u0131lar\u0131 Merkeziy meydanda Lenin eykelini\u00f1 y\u0131qt\u0131r\u0131lmas\u0131n\u0131 toqtatmaq i\u00e7\u00fcn \u00e7oq k\u00fc\u00e7 sarf ettiler. \u00c7ubarovn\u0131\u00f1 s\u00f6zlerine k\u00f6re Aqmescit \u015feer \u015furas\u0131 paytahtn\u0131\u00f1 ba\u015f merkezini Lenin eykelinden bo\u015fatmaq usulllar\u0131 aqq\u0131nda \u00f6z\u00fc qarar almal\u0131d\u0131r.<\/p>\n\n\n\n<p>&#8220;Zan\u0131mca, Aqmescitte bun\u0131\u00f1 kibi eykeller ve umumen ke\u00e7ken devirge ait \u015feylerni\u00f1 m\u00fczeyini a\u00e7maq kerek, &#8211; dedi Meclis reisi. On\u0131\u00f1 fikrince \u015feer yolba\u015f\u00e7\u0131lar\u0131 merkeziy meydann\u0131\u00f1 rekonstruktsiyas\u0131 boyunca do\u011fru qarar al\u0131r ve \u015feerni\u00f1 merkeziy \u015feher sakinleri ve musafirlerini\u00f1 istraat yeri olur.<\/p>\n","protected":false},"excerpt":{"rendered":"<p>Qarasuvbazar rayon\u0131 Zuya qasabas\u0131nda ol\u0131p ke\u00e7ken adise \u2013 fevral 24 gecesi Lenin eykelini\u00f1 y\u0131qt\u0131r\u0131lmas\u0131 munasebeti ile izaat berirken, Meclis reisi fevral 23-te Noman \u00c7elebicihan hat\u0131ras\u0131na ba\u011f\u0131\u015flan\u011fan mitingde seslendirilgen fikirni hat\u0131rlatt\u0131. &#8220;Biz \u015fu yaq\u0131n on k\u00fcn i\u00e7inde akimiyet idare organlar\u0131n\u0131\u00f1 kendileri bir \u00e7oq insanlar keskin \u015fekilde yapma\u011fa t\u0131r\u0131\u015fqan i\u015fni nas\u0131l \u015fekilde yapacaqlar\u0131n\u0131 \u00f6zleri \u00e7ezmek kerekler, degen [&hellip;]<\/p>\n","protected":false},"author":1,"featured_media":0,"comment_status":"open","ping_status":"open","sticky":false,"template":"","format":"standard","meta":{"inline_featured_image":false,"footnotes":""},"categories":[265],"tags":[],"class_list":["post-43665","post","type-post","status-publish","format-standard","hentry","category-haberler"],"acf":[],"yoast_head":"<!-- This site is optimized with the Yoast SEO plugin v27.4 - https:\/\/yoast.com\/product\/yoast-seo-wordpress\/ -->\n<title>Aqmescit yolba\u015f\u00e7\u0131lar\u0131 \u015feerni\u00f1 merkeziy meydan\u0131n\u0131 paytaht sakinleri ve musafirlerini\u00f1 istraat yerine \u00e7evirir - \u041c\u0435\u0434\u0436\u043b\u0456\u0441<\/title>\n<meta name=\"robots\" content=\"index, follow, max-snippet:-1, max-image-preview:large, max-video-preview:-1\" \/>\n<link rel=\"canonical\" href=\"https:\/\/qtmm.org\/qt\/aqmescit-yolbascilari-seernin-merkeziy-meydanini-paytaht-sakinleri-ve-musafirlerinin-istraat-yerine-cevirir-2\/\" \/>\n<meta property=\"og:locale\" content=\"en_US\" \/>\n<meta property=\"og:type\" content=\"article\" \/>\n<meta property=\"og:title\" content=\"Aqmescit yolba\u015f\u00e7\u0131lar\u0131 \u015feerni\u00f1 merkeziy meydan\u0131n\u0131 paytaht sakinleri ve musafirlerini\u00f1 istraat yerine \u00e7evirir - \u041c\u0435\u0434\u0436\u043b\u0456\u0441\" \/>\n<meta property=\"og:description\" content=\"Qarasuvbazar rayon\u0131 Zuya qasabas\u0131nda ol\u0131p ke\u00e7ken adise \u2013 fevral 24 gecesi Lenin eykelini\u00f1 y\u0131qt\u0131r\u0131lmas\u0131 munasebeti ile izaat berirken, Meclis reisi fevral 23-te Noman \u00c7elebicihan hat\u0131ras\u0131na ba\u011f\u0131\u015flan\u011fan mitingde seslendirilgen fikirni hat\u0131rlatt\u0131. &#8220;Biz \u015fu yaq\u0131n on k\u00fcn i\u00e7inde akimiyet idare organlar\u0131n\u0131\u00f1 kendileri bir \u00e7oq insanlar keskin \u015fekilde yapma\u011fa t\u0131r\u0131\u015fqan i\u015fni nas\u0131l \u015fekilde yapacaqlar\u0131n\u0131 \u00f6zleri \u00e7ezmek kerekler, degen [&hellip;]\" \/>\n<meta property=\"og:url\" content=\"https:\/\/qtmm.org\/qt\/aqmescit-yolbascilari-seernin-merkeziy-meydanini-paytaht-sakinleri-ve-musafirlerinin-istraat-yerine-cevirir-2\/\" \/>\n<meta property=\"og:site_name\" content=\"\u041c\u0435\u0434\u0436\u043b\u0456\u0441\" \/>\n<meta property=\"article:publisher\" content=\"https:\/\/www.facebook.com\/qtmm.info\/\" \/>\n<meta property=\"article:published_time\" content=\"2014-02-24T16:20:00+00:00\" \/>\n<meta property=\"article:modified_time\" content=\"2022-01-27T16:20:32+00:00\" \/>\n<meta name=\"author\" content=\"Developer\" \/>\n<meta name=\"twitter:card\" content=\"summary_large_image\" \/>\n<meta name=\"twitter:label1\" content=\"Written by\" \/>\n\t<meta name=\"twitter:data1\" content=\"Developer\" \/>\n\t<meta name=\"twitter:label2\" content=\"Est. reading time\" \/>\n\t<meta name=\"twitter:data2\" content=\"1 minute\" \/>\n<script type=\"application\/ld+json\" class=\"yoast-schema-graph\">{\"@context\":\"https:\\\/\\\/schema.org\",\"@graph\":[{\"@type\":\"Article\",\"@id\":\"https:\\\/\\\/qtmm.org\\\/qt\\\/aqmescit-yolbascilari-seernin-merkeziy-meydanini-paytaht-sakinleri-ve-musafirlerinin-istraat-yerine-cevirir-2\\\/#article\",\"isPartOf\":{\"@id\":\"https:\\\/\\\/qtmm.org\\\/qt\\\/aqmescit-yolbascilari-seernin-merkeziy-meydanini-paytaht-sakinleri-ve-musafirlerinin-istraat-yerine-cevirir-2\\\/\"},\"author\":{\"name\":\"Developer\",\"@id\":\"https:\\\/\\\/qtmm.org\\\/qt\\\/#\\\/schema\\\/person\\\/de562469f971dec226ac06e60bbf74a7\"},\"headline\":\"Aqmescit yolba\u015f\u00e7\u0131lar\u0131 \u015feerni\u00f1 merkeziy meydan\u0131n\u0131 paytaht sakinleri ve musafirlerini\u00f1 istraat yerine \u00e7evirir\",\"datePublished\":\"2014-02-24T16:20:00+00:00\",\"dateModified\":\"2022-01-27T16:20:32+00:00\",\"mainEntityOfPage\":{\"@id\":\"https:\\\/\\\/qtmm.org\\\/qt\\\/aqmescit-yolbascilari-seernin-merkeziy-meydanini-paytaht-sakinleri-ve-musafirlerinin-istraat-yerine-cevirir-2\\\/\"},\"wordCount\":202,\"commentCount\":0,\"publisher\":{\"@id\":\"https:\\\/\\\/qtmm.org\\\/qt\\\/#organization\"},\"articleSection\":[\"Haberler\"],\"inLanguage\":\"qt\",\"potentialAction\":[{\"@type\":\"CommentAction\",\"name\":\"Comment\",\"target\":[\"https:\\\/\\\/qtmm.org\\\/qt\\\/aqmescit-yolbascilari-seernin-merkeziy-meydanini-paytaht-sakinleri-ve-musafirlerinin-istraat-yerine-cevirir-2\\\/#respond\"]}]},{\"@type\":\"WebPage\",\"@id\":\"https:\\\/\\\/qtmm.org\\\/qt\\\/aqmescit-yolbascilari-seernin-merkeziy-meydanini-paytaht-sakinleri-ve-musafirlerinin-istraat-yerine-cevirir-2\\\/\",\"url\":\"https:\\\/\\\/qtmm.org\\\/qt\\\/aqmescit-yolbascilari-seernin-merkeziy-meydanini-paytaht-sakinleri-ve-musafirlerinin-istraat-yerine-cevirir-2\\\/\",\"name\":\"Aqmescit yolba\u015f\u00e7\u0131lar\u0131 \u015feerni\u00f1 merkeziy meydan\u0131n\u0131 paytaht sakinleri ve musafirlerini\u00f1 istraat yerine \u00e7evirir - \u041c\u0435\u0434\u0436\u043b\u0456\u0441\",\"isPartOf\":{\"@id\":\"https:\\\/\\\/qtmm.org\\\/qt\\\/#website\"},\"datePublished\":\"2014-02-24T16:20:00+00:00\",\"dateModified\":\"2022-01-27T16:20:32+00:00\",\"breadcrumb\":{\"@id\":\"https:\\\/\\\/qtmm.org\\\/qt\\\/aqmescit-yolbascilari-seernin-merkeziy-meydanini-paytaht-sakinleri-ve-musafirlerinin-istraat-yerine-cevirir-2\\\/#breadcrumb\"},\"inLanguage\":\"qt\",\"potentialAction\":[{\"@type\":\"ReadAction\",\"target\":[\"https:\\\/\\\/qtmm.org\\\/qt\\\/aqmescit-yolbascilari-seernin-merkeziy-meydanini-paytaht-sakinleri-ve-musafirlerinin-istraat-yerine-cevirir-2\\\/\"]}]},{\"@type\":\"BreadcrumbList\",\"@id\":\"https:\\\/\\\/qtmm.org\\\/qt\\\/aqmescit-yolbascilari-seernin-merkeziy-meydanini-paytaht-sakinleri-ve-musafirlerinin-istraat-yerine-cevirir-2\\\/#breadcrumb\",\"itemListElement\":[{\"@type\":\"ListItem\",\"position\":1,\"name\":\"\u0413\u043e\u043b\u043e\u0432\u043d\u0430\",\"item\":\"https:\\\/\\\/qtmm.org\\\/qt\\\/\"},{\"@type\":\"ListItem\",\"position\":2,\"name\":\"Aqmescit yolba\u015f\u00e7\u0131lar\u0131 \u015feerni\u00f1 merkeziy meydan\u0131n\u0131 paytaht sakinleri ve musafirlerini\u00f1 istraat yerine \u00e7evirir\"}]},{\"@type\":\"WebSite\",\"@id\":\"https:\\\/\\\/qtmm.org\\\/qt\\\/#website\",\"url\":\"https:\\\/\\\/qtmm.org\\\/qt\\\/\",\"name\":\"\u041c\u0435\u0434\u0436\u043b\u0456\u0441\",\"description\":\"\",\"publisher\":{\"@id\":\"https:\\\/\\\/qtmm.org\\\/qt\\\/#organization\"},\"potentialAction\":[{\"@type\":\"SearchAction\",\"target\":{\"@type\":\"EntryPoint\",\"urlTemplate\":\"https:\\\/\\\/qtmm.org\\\/qt\\\/?s={search_term_string}\"},\"query-input\":{\"@type\":\"PropertyValueSpecification\",\"valueRequired\":true,\"valueName\":\"search_term_string\"}}],\"inLanguage\":\"qt\"},{\"@type\":\"Organization\",\"@id\":\"https:\\\/\\\/qtmm.org\\\/qt\\\/#organization\",\"name\":\"\u041c\u0435\u0434\u0436\u043b\u0456\u0441\",\"url\":\"https:\\\/\\\/qtmm.org\\\/qt\\\/\",\"logo\":{\"@type\":\"ImageObject\",\"inLanguage\":\"qt\",\"@id\":\"https:\\\/\\\/qtmm.org\\\/qt\\\/#\\\/schema\\\/logo\\\/image\\\/\",\"url\":\"https:\\\/\\\/qtmm.org\\\/wp-content\\\/uploads\\\/2024\\\/12\\\/ua-mejlis-logo-rgb.svg\",\"contentUrl\":\"https:\\\/\\\/qtmm.org\\\/wp-content\\\/uploads\\\/2024\\\/12\\\/ua-mejlis-logo-rgb.svg\",\"caption\":\"\u041c\u0435\u0434\u0436\u043b\u0456\u0441\"},\"image\":{\"@id\":\"https:\\\/\\\/qtmm.org\\\/qt\\\/#\\\/schema\\\/logo\\\/image\\\/\"},\"sameAs\":[\"https:\\\/\\\/www.facebook.com\\\/qtmm.info\\\/\"]},{\"@type\":\"Person\",\"@id\":\"https:\\\/\\\/qtmm.org\\\/qt\\\/#\\\/schema\\\/person\\\/de562469f971dec226ac06e60bbf74a7\",\"name\":\"Developer\",\"image\":{\"@type\":\"ImageObject\",\"inLanguage\":\"qt\",\"@id\":\"https:\\\/\\\/secure.gravatar.com\\\/avatar\\\/392b4cc8fbfeb00b39dfeeab4ee6edded39ffd48e25858637e4765810300227e?s=96&d=mm&r=g\",\"url\":\"https:\\\/\\\/secure.gravatar.com\\\/avatar\\\/392b4cc8fbfeb00b39dfeeab4ee6edded39ffd48e25858637e4765810300227e?s=96&d=mm&r=g\",\"contentUrl\":\"https:\\\/\\\/secure.gravatar.com\\\/avatar\\\/392b4cc8fbfeb00b39dfeeab4ee6edded39ffd48e25858637e4765810300227e?s=96&d=mm&r=g\",\"caption\":\"Developer\"},\"url\":\"https:\\\/\\\/qtmm.org\\\/qt\\\/author\\\/Developer\\\/\"}]}<\/script>\n<!-- \/ Yoast SEO plugin. -->","yoast_head_json":{"title":"Aqmescit yolba\u015f\u00e7\u0131lar\u0131 \u015feerni\u00f1 merkeziy meydan\u0131n\u0131 paytaht sakinleri ve musafirlerini\u00f1 istraat yerine \u00e7evirir - \u041c\u0435\u0434\u0436\u043b\u0456\u0441","robots":{"index":"index","follow":"follow","max-snippet":"max-snippet:-1","max-image-preview":"max-image-preview:large","max-video-preview":"max-video-preview:-1"},"canonical":"https:\/\/qtmm.org\/qt\/aqmescit-yolbascilari-seernin-merkeziy-meydanini-paytaht-sakinleri-ve-musafirlerinin-istraat-yerine-cevirir-2\/","og_locale":"en_US","og_type":"article","og_title":"Aqmescit yolba\u015f\u00e7\u0131lar\u0131 \u015feerni\u00f1 merkeziy meydan\u0131n\u0131 paytaht sakinleri ve musafirlerini\u00f1 istraat yerine \u00e7evirir - \u041c\u0435\u0434\u0436\u043b\u0456\u0441","og_description":"Qarasuvbazar rayon\u0131 Zuya qasabas\u0131nda ol\u0131p ke\u00e7ken adise \u2013 fevral 24 gecesi Lenin eykelini\u00f1 y\u0131qt\u0131r\u0131lmas\u0131 munasebeti ile izaat berirken, Meclis reisi fevral 23-te Noman \u00c7elebicihan hat\u0131ras\u0131na ba\u011f\u0131\u015flan\u011fan mitingde seslendirilgen fikirni hat\u0131rlatt\u0131. &#8220;Biz \u015fu yaq\u0131n on k\u00fcn i\u00e7inde akimiyet idare organlar\u0131n\u0131\u00f1 kendileri bir \u00e7oq insanlar keskin \u015fekilde yapma\u011fa t\u0131r\u0131\u015fqan i\u015fni nas\u0131l \u015fekilde yapacaqlar\u0131n\u0131 \u00f6zleri \u00e7ezmek kerekler, degen [&hellip;]","og_url":"https:\/\/qtmm.org\/qt\/aqmescit-yolbascilari-seernin-merkeziy-meydanini-paytaht-sakinleri-ve-musafirlerinin-istraat-yerine-cevirir-2\/","og_site_name":"\u041c\u0435\u0434\u0436\u043b\u0456\u0441","article_publisher":"https:\/\/www.facebook.com\/qtmm.info\/","article_published_time":"2014-02-24T16:20:00+00:00","article_modified_time":"2022-01-27T16:20:32+00:00","author":"Developer","twitter_card":"summary_large_image","twitter_misc":{"Written by":"Developer","Est. reading time":"1 minute"},"schema":{"@context":"https:\/\/schema.org","@graph":[{"@type":"Article","@id":"https:\/\/qtmm.org\/qt\/aqmescit-yolbascilari-seernin-merkeziy-meydanini-paytaht-sakinleri-ve-musafirlerinin-istraat-yerine-cevirir-2\/#article","isPartOf":{"@id":"https:\/\/qtmm.org\/qt\/aqmescit-yolbascilari-seernin-merkeziy-meydanini-paytaht-sakinleri-ve-musafirlerinin-istraat-yerine-cevirir-2\/"},"author":{"name":"Developer","@id":"https:\/\/qtmm.org\/qt\/#\/schema\/person\/de562469f971dec226ac06e60bbf74a7"},"headline":"Aqmescit yolba\u015f\u00e7\u0131lar\u0131 \u015feerni\u00f1 merkeziy meydan\u0131n\u0131 paytaht sakinleri ve musafirlerini\u00f1 istraat yerine \u00e7evirir","datePublished":"2014-02-24T16:20:00+00:00","dateModified":"2022-01-27T16:20:32+00:00","mainEntityOfPage":{"@id":"https:\/\/qtmm.org\/qt\/aqmescit-yolbascilari-seernin-merkeziy-meydanini-paytaht-sakinleri-ve-musafirlerinin-istraat-yerine-cevirir-2\/"},"wordCount":202,"commentCount":0,"publisher":{"@id":"https:\/\/qtmm.org\/qt\/#organization"},"articleSection":["Haberler"],"inLanguage":"qt","potentialAction":[{"@type":"CommentAction","name":"Comment","target":["https:\/\/qtmm.org\/qt\/aqmescit-yolbascilari-seernin-merkeziy-meydanini-paytaht-sakinleri-ve-musafirlerinin-istraat-yerine-cevirir-2\/#respond"]}]},{"@type":"WebPage","@id":"https:\/\/qtmm.org\/qt\/aqmescit-yolbascilari-seernin-merkeziy-meydanini-paytaht-sakinleri-ve-musafirlerinin-istraat-yerine-cevirir-2\/","url":"https:\/\/qtmm.org\/qt\/aqmescit-yolbascilari-seernin-merkeziy-meydanini-paytaht-sakinleri-ve-musafirlerinin-istraat-yerine-cevirir-2\/","name":"Aqmescit yolba\u015f\u00e7\u0131lar\u0131 \u015feerni\u00f1 merkeziy meydan\u0131n\u0131 paytaht sakinleri ve musafirlerini\u00f1 istraat yerine \u00e7evirir - \u041c\u0435\u0434\u0436\u043b\u0456\u0441","isPartOf":{"@id":"https:\/\/qtmm.org\/qt\/#website"},"datePublished":"2014-02-24T16:20:00+00:00","dateModified":"2022-01-27T16:20:32+00:00","breadcrumb":{"@id":"https:\/\/qtmm.org\/qt\/aqmescit-yolbascilari-seernin-merkeziy-meydanini-paytaht-sakinleri-ve-musafirlerinin-istraat-yerine-cevirir-2\/#breadcrumb"},"inLanguage":"qt","potentialAction":[{"@type":"ReadAction","target":["https:\/\/qtmm.org\/qt\/aqmescit-yolbascilari-seernin-merkeziy-meydanini-paytaht-sakinleri-ve-musafirlerinin-istraat-yerine-cevirir-2\/"]}]},{"@type":"BreadcrumbList","@id":"https:\/\/qtmm.org\/qt\/aqmescit-yolbascilari-seernin-merkeziy-meydanini-paytaht-sakinleri-ve-musafirlerinin-istraat-yerine-cevirir-2\/#breadcrumb","itemListElement":[{"@type":"ListItem","position":1,"name":"\u0413\u043e\u043b\u043e\u0432\u043d\u0430","item":"https:\/\/qtmm.org\/qt\/"},{"@type":"ListItem","position":2,"name":"Aqmescit yolba\u015f\u00e7\u0131lar\u0131 \u015feerni\u00f1 merkeziy meydan\u0131n\u0131 paytaht sakinleri ve musafirlerini\u00f1 istraat yerine \u00e7evirir"}]},{"@type":"WebSite","@id":"https:\/\/qtmm.org\/qt\/#website","url":"https:\/\/qtmm.org\/qt\/","name":"\u041c\u0435\u0434\u0436\u043b\u0456\u0441","description":"","publisher":{"@id":"https:\/\/qtmm.org\/qt\/#organization"},"potentialAction":[{"@type":"SearchAction","target":{"@type":"EntryPoint","urlTemplate":"https:\/\/qtmm.org\/qt\/?s={search_term_string}"},"query-input":{"@type":"PropertyValueSpecification","valueRequired":true,"valueName":"search_term_string"}}],"inLanguage":"qt"},{"@type":"Organization","@id":"https:\/\/qtmm.org\/qt\/#organization","name":"\u041c\u0435\u0434\u0436\u043b\u0456\u0441","url":"https:\/\/qtmm.org\/qt\/","logo":{"@type":"ImageObject","inLanguage":"qt","@id":"https:\/\/qtmm.org\/qt\/#\/schema\/logo\/image\/","url":"https:\/\/qtmm.org\/wp-content\/uploads\/2024\/12\/ua-mejlis-logo-rgb.svg","contentUrl":"https:\/\/qtmm.org\/wp-content\/uploads\/2024\/12\/ua-mejlis-logo-rgb.svg","caption":"\u041c\u0435\u0434\u0436\u043b\u0456\u0441"},"image":{"@id":"https:\/\/qtmm.org\/qt\/#\/schema\/logo\/image\/"},"sameAs":["https:\/\/www.facebook.com\/qtmm.info\/"]},{"@type":"Person","@id":"https:\/\/qtmm.org\/qt\/#\/schema\/person\/de562469f971dec226ac06e60bbf74a7","name":"Developer","image":{"@type":"ImageObject","inLanguage":"qt","@id":"https:\/\/secure.gravatar.com\/avatar\/392b4cc8fbfeb00b39dfeeab4ee6edded39ffd48e25858637e4765810300227e?s=96&d=mm&r=g","url":"https:\/\/secure.gravatar.com\/avatar\/392b4cc8fbfeb00b39dfeeab4ee6edded39ffd48e25858637e4765810300227e?s=96&d=mm&r=g","contentUrl":"https:\/\/secure.gravatar.com\/avatar\/392b4cc8fbfeb00b39dfeeab4ee6edded39ffd48e25858637e4765810300227e?s=96&d=mm&r=g","caption":"Developer"},"url":"https:\/\/qtmm.org\/qt\/author\/Developer\/"}]}},"_links":{"self":[{"href":"https:\/\/qtmm.org\/qt\/wp-json\/wp\/v2\/posts\/43665","targetHints":{"allow":["GET"]}}],"collection":[{"href":"https:\/\/qtmm.org\/qt\/wp-json\/wp\/v2\/posts"}],"about":[{"href":"https:\/\/qtmm.org\/qt\/wp-json\/wp\/v2\/types\/post"}],"author":[{"embeddable":true,"href":"https:\/\/qtmm.org\/qt\/wp-json\/wp\/v2\/users\/1"}],"replies":[{"embeddable":true,"href":"https:\/\/qtmm.org\/qt\/wp-json\/wp\/v2\/comments?post=43665"}],"version-history":[{"count":1,"href":"https:\/\/qtmm.org\/qt\/wp-json\/wp\/v2\/posts\/43665\/revisions"}],"predecessor-version":[{"id":43666,"href":"https:\/\/qtmm.org\/qt\/wp-json\/wp\/v2\/posts\/43665\/revisions\/43666"}],"wp:attachment":[{"href":"https:\/\/qtmm.org\/qt\/wp-json\/wp\/v2\/media?parent=43665"}],"wp:term":[{"taxonomy":"category","embeddable":true,"href":"https:\/\/qtmm.org\/qt\/wp-json\/wp\/v2\/categories?post=43665"},{"taxonomy":"post_tag","embeddable":true,"href":"https:\/\/qtmm.org\/qt\/wp-json\/wp\/v2\/tags?post=43665"}],"curies":[{"name":"wp","href":"https:\/\/api.w.org\/{rel}","templated":true}]}}