




{"id":43653,"date":"2014-02-24T19:17:00","date_gmt":"2014-02-24T16:17:00","guid":{"rendered":"http:\/\/qtmm.org\/?p=43653"},"modified":"2022-01-27T19:18:47","modified_gmt":"2022-01-27T16:18:47","slug":"refat-cubarov-qirim-akimiyeti-memlekette-yuz-bergen-denismelerni-anlamaq-iqtidarinda-degil","status":"publish","type":"post","link":"https:\/\/qtmm.org\/qt\/refat-cubarov-qirim-akimiyeti-memlekette-yuz-bergen-denismelerni-anlamaq-iqtidarinda-degil\/","title":{"rendered":"Refat \u00c7ubarov: Q\u0131r\u0131m akimiyeti memlekette y\u00fcz bergen de\u00f1i\u015fmelerni a\u00f1lamaq iqtidar\u0131nda degil"},"content":{"rendered":"\n<p>Meclis reisi Refat \u00c7ubarov Noman \u00c7elebicihan hat\u0131ras\u0131na ba\u011f\u0131\u015flan\u0131p ke\u00e7irilgen B\u00fct\u00fcnq\u0131r\u0131m matem mitinginde seslendirilgen talaplar\u011fa Q\u0131r\u0131m ba\u015f naziri Anatoliy Mogil\u00f6vn\u0131\u00f1 cevab\u0131na a\u00e7uvlan\u011fan pek \u00e7oq semetde\u015flerni\u00f1 fevral 24 k\u00fcn\u00fc aq\u015fam o\u00f1a telefon a\u00e7qanlar\u0131 aqq\u0131nda aytt\u0131.<\/p>\n\n\n\n<p>R. \u00c7ubarovn\u0131\u00f1 s\u00f6zlerine k\u00f6re bir \u00e7oq insan tekrar mitingge topla\u015f\u0131p &#8220;Mogil\u00f6vn\u0131\u00f1 komandas\u0131 ille nenen raz\u0131 olma\u011fan\u0131n\u0131 soramaq&#8221;n\u0131 talap etkenler. Bu aqta Meclis reisi fevral 24-te matbuat konferentsiyas\u0131nda bildirdi<\/p>\n\n\n\n<p>&#8220;\u0130nsanlar bu muracaatn\u0131 menfiy qabul ettiler. \u0130lk-evel\u00e2 adamlarn\u0131 Q\u0131r\u0131m Nazirler \u015furas\u0131n\u0131\u00f1 reisi do\u011frudan-do\u011fru olmasa da, q\u0131r\u0131mtatarlarn\u0131 az\u0131rlad\u0131qlar\u0131 vaqialarn\u0131\u00f1 qurbanlar\u0131 olabileceklerini ayt\u0131p qorquz\u011fan\u0131 ziyade a\u00e7uvland\u0131rd\u0131, &#8211; dep a\u00f1latt\u0131 Meclis reisi. \u2013 Ekinciden, insanlarn\u0131 pek a\u00e7uvland\u0131r\u011fan daa bir \u015fey ba\u015f nazirni\u00f1 o, ve &#8220;on\u0131\u00f1 Q\u0131r\u0131m komandas\u0131 zor zamanlarda siz ile beraber ol\u0131p, beraber k\u00fcre\u015fecek, q\u0131y\u0131nl\u0131qlarn\u0131 ye\u00f1ip, yar\u0131nki k\u00fcnni t\u00fc\u015f\u00fcnecekmiz&#8221;, degen s\u00f6zleridir.<\/p>\n\n\n\n<p>Meclis reisini\u00f1 aytqan\u0131na k\u00f6re mitingge \u00e7\u0131qqan 15 bi\u00f1den ziyade insan ve mitinge kelip olama\u011fan daa onlarnen bi\u00f1 insan \u00fck\u00fcmetni\u00f1 bug\u00fcnki komandas\u0131n\u0131\u00f1 i\u015finen i\u00e7 memn\u00fcn degil.<\/p>\n\n\n\n<p>&#8220;T\u00fcnevin mitingde biz &#8220;bu komanda&#8221; \u00f6z i\u015finde qullan\u011fan usullar &#8211; insanlarn\u0131 milliy mens\u00fcpligine k\u00f6re &#8220;\u00f6z\u00fcmizni\u00f1kiler&#8221; ve &#8220;yabanc\u0131lar&#8221;\u011fa b\u00f6l\u00fcvi, regionlar partiyas\u0131n\u0131\u00f1 zorbal\u0131\u011f\u0131, devlet h\u0131zmet\u00e7ileri \u00fczerinden zorbal\u0131q \u2013 usullar\u0131 aqq\u0131nda \u00e7oq ve tafsil\u00e2tl\u0131 aytt\u0131q, &#8211; dedi \u00c7ubarov. \u2013A. Mogil\u00f6v ise &#8220;komanda siznen bizim baht\u0131m\u0131z i\u00e7\u00fcn k\u00fcre\u015fmekni devam etecegini&#8221; tekrarlay. Biz devlet h\u0131zmet\u00e7ilerine \u015fun\u0131 tekrar bildirmek isteymiz ki, Q\u0131r\u0131mdaki vaziyetni talil etip, insanlarn\u0131\u00f1 B\u00fct\u00fcnq\u0131r\u0131m matem mitinginde seslendirilgen talaplar\u0131n\u0131 e\u015fitsinler ve insanlarn\u0131\u00f1 talaplar\u0131n\u0131 a\u00f1las\u0131nlar, &#8211; dep qayd etti Meclis reisi ve fevral 24-ten ba\u015flap regional meclislerni\u00f1 reisleri Meclis reisini\u00f1 avaleleri ve miting talaplar\u0131n\u0131 yerine ketirmege ba\u015flamaq kerekligini aytt\u0131.<\/p>\n\n\n\n<p>&#8220;Q\u0131r\u0131mtatar halq\u0131 vekillerini\u00f1 ke\u00f1e\u015f&#8221;i olma\u011fan ve umumen i\u00e7 bir t\u00fcrl\u00fc dialog qurulma\u011fan Q\u0131r\u0131m regionlar\u0131n\u0131\u00f1 rayon devlet memuriyetlerinde b\u00f6yle ke\u00f1e\u015flerni meydan\u011fa ketirmek ve erk\u00e2nlar\u0131na yerli sakinler sayla\u011fan regional meclis azalar\u0131n\u0131 kirsetmek, b\u00f6yle ke\u00f1e\u015fler resmen mevcut ol\u011fan regionlarda ise olarn\u0131\u00f1 i\u015flerini canland\u0131rmaq qararlar\u0131 al\u0131nd\u0131.<\/p>\n","protected":false},"excerpt":{"rendered":"<p>Meclis reisi Refat \u00c7ubarov Noman \u00c7elebicihan hat\u0131ras\u0131na ba\u011f\u0131\u015flan\u0131p ke\u00e7irilgen B\u00fct\u00fcnq\u0131r\u0131m matem mitinginde seslendirilgen talaplar\u011fa Q\u0131r\u0131m ba\u015f naziri Anatoliy Mogil\u00f6vn\u0131\u00f1 cevab\u0131na a\u00e7uvlan\u011fan pek \u00e7oq semetde\u015flerni\u00f1 fevral 24 k\u00fcn\u00fc aq\u015fam o\u00f1a telefon a\u00e7qanlar\u0131 aqq\u0131nda aytt\u0131. R. \u00c7ubarovn\u0131\u00f1 s\u00f6zlerine k\u00f6re bir \u00e7oq insan tekrar mitingge topla\u015f\u0131p &#8220;Mogil\u00f6vn\u0131\u00f1 komandas\u0131 ille nenen raz\u0131 olma\u011fan\u0131n\u0131 soramaq&#8221;n\u0131 talap etkenler. Bu aqta Meclis [&hellip;]<\/p>\n","protected":false},"author":1,"featured_media":0,"comment_status":"open","ping_status":"open","sticky":false,"template":"","format":"standard","meta":{"inline_featured_image":false,"footnotes":""},"categories":[265],"tags":[],"class_list":["post-43653","post","type-post","status-publish","format-standard","hentry","category-haberler"],"acf":[],"yoast_head":"<!-- This site is optimized with the Yoast SEO plugin v27.4 - https:\/\/yoast.com\/product\/yoast-seo-wordpress\/ -->\n<title>Refat \u00c7ubarov: Q\u0131r\u0131m akimiyeti memlekette y\u00fcz bergen de\u00f1i\u015fmelerni a\u00f1lamaq iqtidar\u0131nda degil - \u041c\u0435\u0434\u0436\u043b\u0456\u0441<\/title>\n<meta name=\"robots\" content=\"index, follow, max-snippet:-1, max-image-preview:large, max-video-preview:-1\" \/>\n<link rel=\"canonical\" href=\"https:\/\/qtmm.org\/qt\/refat-cubarov-qirim-akimiyeti-memlekette-yuz-bergen-denismelerni-anlamaq-iqtidarinda-degil\/\" \/>\n<meta property=\"og:locale\" content=\"en_US\" \/>\n<meta property=\"og:type\" content=\"article\" \/>\n<meta property=\"og:title\" content=\"Refat \u00c7ubarov: Q\u0131r\u0131m akimiyeti memlekette y\u00fcz bergen de\u00f1i\u015fmelerni a\u00f1lamaq iqtidar\u0131nda degil - \u041c\u0435\u0434\u0436\u043b\u0456\u0441\" \/>\n<meta property=\"og:description\" content=\"Meclis reisi Refat \u00c7ubarov Noman \u00c7elebicihan hat\u0131ras\u0131na ba\u011f\u0131\u015flan\u0131p ke\u00e7irilgen B\u00fct\u00fcnq\u0131r\u0131m matem mitinginde seslendirilgen talaplar\u011fa Q\u0131r\u0131m ba\u015f naziri Anatoliy Mogil\u00f6vn\u0131\u00f1 cevab\u0131na a\u00e7uvlan\u011fan pek \u00e7oq semetde\u015flerni\u00f1 fevral 24 k\u00fcn\u00fc aq\u015fam o\u00f1a telefon a\u00e7qanlar\u0131 aqq\u0131nda aytt\u0131. R. \u00c7ubarovn\u0131\u00f1 s\u00f6zlerine k\u00f6re bir \u00e7oq insan tekrar mitingge topla\u015f\u0131p &#8220;Mogil\u00f6vn\u0131\u00f1 komandas\u0131 ille nenen raz\u0131 olma\u011fan\u0131n\u0131 soramaq&#8221;n\u0131 talap etkenler. Bu aqta Meclis [&hellip;]\" \/>\n<meta property=\"og:url\" content=\"https:\/\/qtmm.org\/qt\/refat-cubarov-qirim-akimiyeti-memlekette-yuz-bergen-denismelerni-anlamaq-iqtidarinda-degil\/\" \/>\n<meta property=\"og:site_name\" content=\"\u041c\u0435\u0434\u0436\u043b\u0456\u0441\" \/>\n<meta property=\"article:publisher\" content=\"https:\/\/www.facebook.com\/qtmm.info\/\" \/>\n<meta property=\"article:published_time\" content=\"2014-02-24T16:17:00+00:00\" \/>\n<meta property=\"article:modified_time\" content=\"2022-01-27T16:18:47+00:00\" \/>\n<meta name=\"author\" content=\"Developer\" \/>\n<meta name=\"twitter:card\" content=\"summary_large_image\" \/>\n<meta name=\"twitter:label1\" content=\"Written by\" \/>\n\t<meta name=\"twitter:data1\" content=\"Developer\" \/>\n\t<meta name=\"twitter:label2\" content=\"Est. reading time\" \/>\n\t<meta name=\"twitter:data2\" content=\"2 minutes\" \/>\n<script type=\"application\/ld+json\" class=\"yoast-schema-graph\">{\"@context\":\"https:\\\/\\\/schema.org\",\"@graph\":[{\"@type\":\"Article\",\"@id\":\"https:\\\/\\\/qtmm.org\\\/qt\\\/refat-cubarov-qirim-akimiyeti-memlekette-yuz-bergen-denismelerni-anlamaq-iqtidarinda-degil\\\/#article\",\"isPartOf\":{\"@id\":\"https:\\\/\\\/qtmm.org\\\/qt\\\/refat-cubarov-qirim-akimiyeti-memlekette-yuz-bergen-denismelerni-anlamaq-iqtidarinda-degil\\\/\"},\"author\":{\"name\":\"Developer\",\"@id\":\"https:\\\/\\\/qtmm.org\\\/qt\\\/#\\\/schema\\\/person\\\/de562469f971dec226ac06e60bbf74a7\"},\"headline\":\"Refat \u00c7ubarov: Q\u0131r\u0131m akimiyeti memlekette y\u00fcz bergen de\u00f1i\u015fmelerni a\u00f1lamaq iqtidar\u0131nda degil\",\"datePublished\":\"2014-02-24T16:17:00+00:00\",\"dateModified\":\"2022-01-27T16:18:47+00:00\",\"mainEntityOfPage\":{\"@id\":\"https:\\\/\\\/qtmm.org\\\/qt\\\/refat-cubarov-qirim-akimiyeti-memlekette-yuz-bergen-denismelerni-anlamaq-iqtidarinda-degil\\\/\"},\"wordCount\":429,\"commentCount\":0,\"publisher\":{\"@id\":\"https:\\\/\\\/qtmm.org\\\/qt\\\/#organization\"},\"articleSection\":[\"Haberler\"],\"inLanguage\":\"qt\",\"potentialAction\":[{\"@type\":\"CommentAction\",\"name\":\"Comment\",\"target\":[\"https:\\\/\\\/qtmm.org\\\/qt\\\/refat-cubarov-qirim-akimiyeti-memlekette-yuz-bergen-denismelerni-anlamaq-iqtidarinda-degil\\\/#respond\"]}]},{\"@type\":\"WebPage\",\"@id\":\"https:\\\/\\\/qtmm.org\\\/qt\\\/refat-cubarov-qirim-akimiyeti-memlekette-yuz-bergen-denismelerni-anlamaq-iqtidarinda-degil\\\/\",\"url\":\"https:\\\/\\\/qtmm.org\\\/qt\\\/refat-cubarov-qirim-akimiyeti-memlekette-yuz-bergen-denismelerni-anlamaq-iqtidarinda-degil\\\/\",\"name\":\"Refat \u00c7ubarov: Q\u0131r\u0131m akimiyeti memlekette y\u00fcz bergen de\u00f1i\u015fmelerni a\u00f1lamaq iqtidar\u0131nda degil - \u041c\u0435\u0434\u0436\u043b\u0456\u0441\",\"isPartOf\":{\"@id\":\"https:\\\/\\\/qtmm.org\\\/qt\\\/#website\"},\"datePublished\":\"2014-02-24T16:17:00+00:00\",\"dateModified\":\"2022-01-27T16:18:47+00:00\",\"breadcrumb\":{\"@id\":\"https:\\\/\\\/qtmm.org\\\/qt\\\/refat-cubarov-qirim-akimiyeti-memlekette-yuz-bergen-denismelerni-anlamaq-iqtidarinda-degil\\\/#breadcrumb\"},\"inLanguage\":\"qt\",\"potentialAction\":[{\"@type\":\"ReadAction\",\"target\":[\"https:\\\/\\\/qtmm.org\\\/qt\\\/refat-cubarov-qirim-akimiyeti-memlekette-yuz-bergen-denismelerni-anlamaq-iqtidarinda-degil\\\/\"]}]},{\"@type\":\"BreadcrumbList\",\"@id\":\"https:\\\/\\\/qtmm.org\\\/qt\\\/refat-cubarov-qirim-akimiyeti-memlekette-yuz-bergen-denismelerni-anlamaq-iqtidarinda-degil\\\/#breadcrumb\",\"itemListElement\":[{\"@type\":\"ListItem\",\"position\":1,\"name\":\"\u0413\u043e\u043b\u043e\u0432\u043d\u0430\",\"item\":\"https:\\\/\\\/qtmm.org\\\/qt\\\/\"},{\"@type\":\"ListItem\",\"position\":2,\"name\":\"Refat \u00c7ubarov: Q\u0131r\u0131m akimiyeti memlekette y\u00fcz bergen de\u00f1i\u015fmelerni a\u00f1lamaq iqtidar\u0131nda degil\"}]},{\"@type\":\"WebSite\",\"@id\":\"https:\\\/\\\/qtmm.org\\\/qt\\\/#website\",\"url\":\"https:\\\/\\\/qtmm.org\\\/qt\\\/\",\"name\":\"\u041c\u0435\u0434\u0436\u043b\u0456\u0441\",\"description\":\"\",\"publisher\":{\"@id\":\"https:\\\/\\\/qtmm.org\\\/qt\\\/#organization\"},\"potentialAction\":[{\"@type\":\"SearchAction\",\"target\":{\"@type\":\"EntryPoint\",\"urlTemplate\":\"https:\\\/\\\/qtmm.org\\\/qt\\\/?s={search_term_string}\"},\"query-input\":{\"@type\":\"PropertyValueSpecification\",\"valueRequired\":true,\"valueName\":\"search_term_string\"}}],\"inLanguage\":\"qt\"},{\"@type\":\"Organization\",\"@id\":\"https:\\\/\\\/qtmm.org\\\/qt\\\/#organization\",\"name\":\"\u041c\u0435\u0434\u0436\u043b\u0456\u0441\",\"url\":\"https:\\\/\\\/qtmm.org\\\/qt\\\/\",\"logo\":{\"@type\":\"ImageObject\",\"inLanguage\":\"qt\",\"@id\":\"https:\\\/\\\/qtmm.org\\\/qt\\\/#\\\/schema\\\/logo\\\/image\\\/\",\"url\":\"https:\\\/\\\/qtmm.org\\\/wp-content\\\/uploads\\\/2024\\\/12\\\/ua-mejlis-logo-rgb.svg\",\"contentUrl\":\"https:\\\/\\\/qtmm.org\\\/wp-content\\\/uploads\\\/2024\\\/12\\\/ua-mejlis-logo-rgb.svg\",\"caption\":\"\u041c\u0435\u0434\u0436\u043b\u0456\u0441\"},\"image\":{\"@id\":\"https:\\\/\\\/qtmm.org\\\/qt\\\/#\\\/schema\\\/logo\\\/image\\\/\"},\"sameAs\":[\"https:\\\/\\\/www.facebook.com\\\/qtmm.info\\\/\"]},{\"@type\":\"Person\",\"@id\":\"https:\\\/\\\/qtmm.org\\\/qt\\\/#\\\/schema\\\/person\\\/de562469f971dec226ac06e60bbf74a7\",\"name\":\"Developer\",\"image\":{\"@type\":\"ImageObject\",\"inLanguage\":\"qt\",\"@id\":\"https:\\\/\\\/secure.gravatar.com\\\/avatar\\\/392b4cc8fbfeb00b39dfeeab4ee6edded39ffd48e25858637e4765810300227e?s=96&d=mm&r=g\",\"url\":\"https:\\\/\\\/secure.gravatar.com\\\/avatar\\\/392b4cc8fbfeb00b39dfeeab4ee6edded39ffd48e25858637e4765810300227e?s=96&d=mm&r=g\",\"contentUrl\":\"https:\\\/\\\/secure.gravatar.com\\\/avatar\\\/392b4cc8fbfeb00b39dfeeab4ee6edded39ffd48e25858637e4765810300227e?s=96&d=mm&r=g\",\"caption\":\"Developer\"},\"url\":\"https:\\\/\\\/qtmm.org\\\/qt\\\/author\\\/Developer\\\/\"}]}<\/script>\n<!-- \/ Yoast SEO plugin. -->","yoast_head_json":{"title":"Refat \u00c7ubarov: Q\u0131r\u0131m akimiyeti memlekette y\u00fcz bergen de\u00f1i\u015fmelerni a\u00f1lamaq iqtidar\u0131nda degil - \u041c\u0435\u0434\u0436\u043b\u0456\u0441","robots":{"index":"index","follow":"follow","max-snippet":"max-snippet:-1","max-image-preview":"max-image-preview:large","max-video-preview":"max-video-preview:-1"},"canonical":"https:\/\/qtmm.org\/qt\/refat-cubarov-qirim-akimiyeti-memlekette-yuz-bergen-denismelerni-anlamaq-iqtidarinda-degil\/","og_locale":"en_US","og_type":"article","og_title":"Refat \u00c7ubarov: Q\u0131r\u0131m akimiyeti memlekette y\u00fcz bergen de\u00f1i\u015fmelerni a\u00f1lamaq iqtidar\u0131nda degil - \u041c\u0435\u0434\u0436\u043b\u0456\u0441","og_description":"Meclis reisi Refat \u00c7ubarov Noman \u00c7elebicihan hat\u0131ras\u0131na ba\u011f\u0131\u015flan\u0131p ke\u00e7irilgen B\u00fct\u00fcnq\u0131r\u0131m matem mitinginde seslendirilgen talaplar\u011fa Q\u0131r\u0131m ba\u015f naziri Anatoliy Mogil\u00f6vn\u0131\u00f1 cevab\u0131na a\u00e7uvlan\u011fan pek \u00e7oq semetde\u015flerni\u00f1 fevral 24 k\u00fcn\u00fc aq\u015fam o\u00f1a telefon a\u00e7qanlar\u0131 aqq\u0131nda aytt\u0131. R. \u00c7ubarovn\u0131\u00f1 s\u00f6zlerine k\u00f6re bir \u00e7oq insan tekrar mitingge topla\u015f\u0131p &#8220;Mogil\u00f6vn\u0131\u00f1 komandas\u0131 ille nenen raz\u0131 olma\u011fan\u0131n\u0131 soramaq&#8221;n\u0131 talap etkenler. Bu aqta Meclis [&hellip;]","og_url":"https:\/\/qtmm.org\/qt\/refat-cubarov-qirim-akimiyeti-memlekette-yuz-bergen-denismelerni-anlamaq-iqtidarinda-degil\/","og_site_name":"\u041c\u0435\u0434\u0436\u043b\u0456\u0441","article_publisher":"https:\/\/www.facebook.com\/qtmm.info\/","article_published_time":"2014-02-24T16:17:00+00:00","article_modified_time":"2022-01-27T16:18:47+00:00","author":"Developer","twitter_card":"summary_large_image","twitter_misc":{"Written by":"Developer","Est. reading time":"2 minutes"},"schema":{"@context":"https:\/\/schema.org","@graph":[{"@type":"Article","@id":"https:\/\/qtmm.org\/qt\/refat-cubarov-qirim-akimiyeti-memlekette-yuz-bergen-denismelerni-anlamaq-iqtidarinda-degil\/#article","isPartOf":{"@id":"https:\/\/qtmm.org\/qt\/refat-cubarov-qirim-akimiyeti-memlekette-yuz-bergen-denismelerni-anlamaq-iqtidarinda-degil\/"},"author":{"name":"Developer","@id":"https:\/\/qtmm.org\/qt\/#\/schema\/person\/de562469f971dec226ac06e60bbf74a7"},"headline":"Refat \u00c7ubarov: Q\u0131r\u0131m akimiyeti memlekette y\u00fcz bergen de\u00f1i\u015fmelerni a\u00f1lamaq iqtidar\u0131nda degil","datePublished":"2014-02-24T16:17:00+00:00","dateModified":"2022-01-27T16:18:47+00:00","mainEntityOfPage":{"@id":"https:\/\/qtmm.org\/qt\/refat-cubarov-qirim-akimiyeti-memlekette-yuz-bergen-denismelerni-anlamaq-iqtidarinda-degil\/"},"wordCount":429,"commentCount":0,"publisher":{"@id":"https:\/\/qtmm.org\/qt\/#organization"},"articleSection":["Haberler"],"inLanguage":"qt","potentialAction":[{"@type":"CommentAction","name":"Comment","target":["https:\/\/qtmm.org\/qt\/refat-cubarov-qirim-akimiyeti-memlekette-yuz-bergen-denismelerni-anlamaq-iqtidarinda-degil\/#respond"]}]},{"@type":"WebPage","@id":"https:\/\/qtmm.org\/qt\/refat-cubarov-qirim-akimiyeti-memlekette-yuz-bergen-denismelerni-anlamaq-iqtidarinda-degil\/","url":"https:\/\/qtmm.org\/qt\/refat-cubarov-qirim-akimiyeti-memlekette-yuz-bergen-denismelerni-anlamaq-iqtidarinda-degil\/","name":"Refat \u00c7ubarov: Q\u0131r\u0131m akimiyeti memlekette y\u00fcz bergen de\u00f1i\u015fmelerni a\u00f1lamaq iqtidar\u0131nda degil - \u041c\u0435\u0434\u0436\u043b\u0456\u0441","isPartOf":{"@id":"https:\/\/qtmm.org\/qt\/#website"},"datePublished":"2014-02-24T16:17:00+00:00","dateModified":"2022-01-27T16:18:47+00:00","breadcrumb":{"@id":"https:\/\/qtmm.org\/qt\/refat-cubarov-qirim-akimiyeti-memlekette-yuz-bergen-denismelerni-anlamaq-iqtidarinda-degil\/#breadcrumb"},"inLanguage":"qt","potentialAction":[{"@type":"ReadAction","target":["https:\/\/qtmm.org\/qt\/refat-cubarov-qirim-akimiyeti-memlekette-yuz-bergen-denismelerni-anlamaq-iqtidarinda-degil\/"]}]},{"@type":"BreadcrumbList","@id":"https:\/\/qtmm.org\/qt\/refat-cubarov-qirim-akimiyeti-memlekette-yuz-bergen-denismelerni-anlamaq-iqtidarinda-degil\/#breadcrumb","itemListElement":[{"@type":"ListItem","position":1,"name":"\u0413\u043e\u043b\u043e\u0432\u043d\u0430","item":"https:\/\/qtmm.org\/qt\/"},{"@type":"ListItem","position":2,"name":"Refat \u00c7ubarov: Q\u0131r\u0131m akimiyeti memlekette y\u00fcz bergen de\u00f1i\u015fmelerni a\u00f1lamaq iqtidar\u0131nda degil"}]},{"@type":"WebSite","@id":"https:\/\/qtmm.org\/qt\/#website","url":"https:\/\/qtmm.org\/qt\/","name":"\u041c\u0435\u0434\u0436\u043b\u0456\u0441","description":"","publisher":{"@id":"https:\/\/qtmm.org\/qt\/#organization"},"potentialAction":[{"@type":"SearchAction","target":{"@type":"EntryPoint","urlTemplate":"https:\/\/qtmm.org\/qt\/?s={search_term_string}"},"query-input":{"@type":"PropertyValueSpecification","valueRequired":true,"valueName":"search_term_string"}}],"inLanguage":"qt"},{"@type":"Organization","@id":"https:\/\/qtmm.org\/qt\/#organization","name":"\u041c\u0435\u0434\u0436\u043b\u0456\u0441","url":"https:\/\/qtmm.org\/qt\/","logo":{"@type":"ImageObject","inLanguage":"qt","@id":"https:\/\/qtmm.org\/qt\/#\/schema\/logo\/image\/","url":"https:\/\/qtmm.org\/wp-content\/uploads\/2024\/12\/ua-mejlis-logo-rgb.svg","contentUrl":"https:\/\/qtmm.org\/wp-content\/uploads\/2024\/12\/ua-mejlis-logo-rgb.svg","caption":"\u041c\u0435\u0434\u0436\u043b\u0456\u0441"},"image":{"@id":"https:\/\/qtmm.org\/qt\/#\/schema\/logo\/image\/"},"sameAs":["https:\/\/www.facebook.com\/qtmm.info\/"]},{"@type":"Person","@id":"https:\/\/qtmm.org\/qt\/#\/schema\/person\/de562469f971dec226ac06e60bbf74a7","name":"Developer","image":{"@type":"ImageObject","inLanguage":"qt","@id":"https:\/\/secure.gravatar.com\/avatar\/392b4cc8fbfeb00b39dfeeab4ee6edded39ffd48e25858637e4765810300227e?s=96&d=mm&r=g","url":"https:\/\/secure.gravatar.com\/avatar\/392b4cc8fbfeb00b39dfeeab4ee6edded39ffd48e25858637e4765810300227e?s=96&d=mm&r=g","contentUrl":"https:\/\/secure.gravatar.com\/avatar\/392b4cc8fbfeb00b39dfeeab4ee6edded39ffd48e25858637e4765810300227e?s=96&d=mm&r=g","caption":"Developer"},"url":"https:\/\/qtmm.org\/qt\/author\/Developer\/"}]}},"_links":{"self":[{"href":"https:\/\/qtmm.org\/qt\/wp-json\/wp\/v2\/posts\/43653","targetHints":{"allow":["GET"]}}],"collection":[{"href":"https:\/\/qtmm.org\/qt\/wp-json\/wp\/v2\/posts"}],"about":[{"href":"https:\/\/qtmm.org\/qt\/wp-json\/wp\/v2\/types\/post"}],"author":[{"embeddable":true,"href":"https:\/\/qtmm.org\/qt\/wp-json\/wp\/v2\/users\/1"}],"replies":[{"embeddable":true,"href":"https:\/\/qtmm.org\/qt\/wp-json\/wp\/v2\/comments?post=43653"}],"version-history":[{"count":1,"href":"https:\/\/qtmm.org\/qt\/wp-json\/wp\/v2\/posts\/43653\/revisions"}],"predecessor-version":[{"id":43654,"href":"https:\/\/qtmm.org\/qt\/wp-json\/wp\/v2\/posts\/43653\/revisions\/43654"}],"wp:attachment":[{"href":"https:\/\/qtmm.org\/qt\/wp-json\/wp\/v2\/media?parent=43653"}],"wp:term":[{"taxonomy":"category","embeddable":true,"href":"https:\/\/qtmm.org\/qt\/wp-json\/wp\/v2\/categories?post=43653"},{"taxonomy":"post_tag","embeddable":true,"href":"https:\/\/qtmm.org\/qt\/wp-json\/wp\/v2\/tags?post=43653"}],"curies":[{"name":"wp","href":"https:\/\/api.w.org\/{rel}","templated":true}]}}