




{"id":43623,"date":"2014-02-23T19:14:00","date_gmt":"2014-02-23T16:14:00","guid":{"rendered":"http:\/\/qtmm.org\/?p=43623"},"modified":"2022-01-27T19:17:50","modified_gmt":"2022-01-27T16:17:50","slug":"refat-cubarov-qirimtatarlar-talaplarinin-yerine-ketirilmesini-mayis-18-ge-qadar-beklemeden-on-kunden-son-tekrar-ve-bu-keresinde-50-70-bin-kisi-olip-toplanacaqlar","status":"publish","type":"post","link":"https:\/\/qtmm.org\/qt\/refat-cubarov-qirimtatarlar-talaplarinin-yerine-ketirilmesini-mayis-18-ge-qadar-beklemeden-on-kunden-son-tekrar-ve-bu-keresinde-50-70-bin-kisi-olip-toplanacaqlar\/","title":{"rendered":"Refat \u00c7ubarov: Q\u0131r\u0131mtatarlar talaplar\u0131n\u0131\u00f1 yerine ketirilmesini may\u0131s 18-ge qadar beklemeden, on k\u00fcnden so\u00f1 tekrar ve bu keresinde 50-70 bi\u00f1 ki\u015fi ol\u0131p toplanacaqlar"},"content":{"rendered":"\n<p>Fevral 23 k\u00fcn\u00fc Aqmescitte Q\u0131r\u0131m Halq cumhuriyetini\u00f1 reisi, Q\u0131r\u0131m, Poloniya, Litvaniya ve beyaz Rusiye musulmanlar\u0131n\u0131\u00f1 m\u00fcftisi, &#8220;Ant etkenmen!&#8221; milliy gimn s\u00f6zlerini\u00f1 m\u00fcellifi Noman \u00c7elebicihan hat\u0131ras\u0131na ba\u011f\u0131\u015flan\u011fan miting \u00f6tkerildi<\/p>\n\n\n\n<p>B\u00fct\u00fcnq\u0131r\u0131m mitingi ke\u00e7irilmesini\u00f1 te\u015febb\u00fcs\u00e7isi ve te\u015fkil\u00e2t\u00e7\u0131s\u0131 ol\u011fan Q\u0131r\u0131mtatar halq\u0131n\u0131\u00f1 Meclisi Q\u0131r\u0131m cemaat\u00e7\u0131l\u0131\u011f\u0131na \u015fun\u0131 haber etti ki, hat\u0131ra mitingini \u00f6tker\u00fcv boyunca er angi te\u015febb\u00fcsler Milliy Meclis yolba\u015f\u00e7\u0131lar\u0131nen a\u00f1la\u015f\u0131l\u011fandan so\u00f1 ker\u00e7ekle\u015ftirilmeli. Meclis reisi R. \u00c7ubarov qayd etkenine k\u00f6re, aks alda \u00fcc\u00fcm ya da zorbal\u0131q areketler \u00e7e\u015fit t\u00fcrl\u00fc siyasiy fesatlarn\u0131\u00f1 sebep\u00e7isi olaraq cemiyette bar\u0131\u015f\u0131qn\u0131\u00f1 bozulmas\u0131na al\u0131p kelir. Keli\u015filmegen areketlerni\u00f1 episi provokatsion, dep say\u0131lacaq.<\/p>\n\n\n\n<p>Q\u0131r\u0131m ve Herson vil\u00e2yetinden kelgen \u00e7e\u015fit millet ve din mens\u00fcpleri, q\u0131r\u0131mtatar ve ukrain cemaat te\u015fkil\u00e2tlar\u0131, &#8220;Narodn\u0131y Ruh Ukrain\u0131&#8221;, &#8220;Maydan-Kr\u0131m&#8221; partiyalar\u0131n\u0131\u00f1 Q\u0131r\u0131mdaki temsilcileri, Ukrainan\u0131\u00f1 milliy-demokratik k\u00fc\u00e7lerinden ibaret 15000 adam hat\u0131ra mitinginde i\u015ftirak etti. \u00c7oqus\u0131 adamlarn\u0131\u00f1 ellerinde q\u0131r\u0131mtatar, ukrain ve Avropa Birligi bayraqlar\u0131 bar edi.<\/p>\n\n\n\n<p>Miting q\u0131r\u0131mtatar ve ukrain milliy gimnlerni\u00f1 icras\u0131ndan ba\u015fland\u0131. So\u00f1ra Aqmescit ve Q\u0131r\u0131m arhiyepiskop\u0131 Kliment, Q\u0131r\u0131m musulmanlar\u0131n\u0131\u00f1 m\u00fcftiyi ac\u0131 Emirali Ukrainada bar\u0131\u015f\u0131q ve t\u0131n\u00e7l\u0131q i\u00e7\u00fcn, bun\u0131\u00f1 kibi de Ukrainada demokratiya i\u00e7\u00fcn k\u00fcre\u015fte el\u00e2k ol\u011fanlarn\u0131\u00f1 ruhuna dua oqud\u0131lar.<\/p>\n\n\n\n<p>&#8220;Bug\u00fcn, Ukrainada adalet tiklenmesi i\u00e7\u00fcn canlar\u0131n\u0131 feda etkenler qaramanlard\u0131r ve olarn\u0131 daima hat\u0131ram\u0131zda saqlap qalmaq bizim borcum\u0131zd\u0131r, &#8211; dedi \u00f6z \u00e7\u0131q\u0131\u015f\u0131nca Q\u0131r\u0131m musulmanlar\u0131n\u0131\u00f1 m\u00fcftiyi ac\u0131 Emirali Ablayev. &#8211; Ukraina vatanda\u015flar\u0131 olaraq bizim vazifemiz er bir insann\u0131\u00f1 t\u0131n\u00e7l\u0131qta ve bar\u0131\u015f\u0131qta ya\u015famas\u0131n\u0131 teminlemek i\u00e7\u00fcn adaletli ve do\u011fru i\u015f yapmaqt\u0131r ki, dinlerara ve milletlerara davalar\u011fa yol berilmesin. Er keske bir munasebette olmaq, er kesni sevmek ve saymaq kerek&#8221;.<\/p>\n\n\n\n<p>B\u00fct\u00fcnq\u0131r\u0131m mitinginde \u00e7\u0131q\u0131\u015fta bulun\u011fan &#8220;Temel&#8221; hayriye fondun\u0131\u00f1 ba\u015f\u0131, 5-nci \u00e7a\u011f\u0131r\u0131l\u0131\u015f Qurultay\u0131n\u0131\u00f1 delegat\u0131 Zarema \u00d6zenba\u015f birinci Qurultay q\u0131r\u0131mtatar halq\u0131n\u0131\u00f1 qudreti old\u0131, dedi. &#8220;Amma ye\u00f1i\u015flerni pekitmek kerek, aksine o, nafile ola, &#8211; dep qayd etti Z. \u00d6zenba\u015f. \u2013 Fikirimizde biz halq\u0131m\u0131zn\u0131 beklegen ayd\u0131n kelecekni tasavur etebilirdik, eger ordu \u015fekillengen ol\u0131p, \u00c7elebicihan \u00f6ld\u00fcrilmese edi halq\u0131m\u0131z\u011fa daa \u00e7oq faydal\u0131 i\u015flerni yapar edi&#8221;.<\/p>\n\n\n\n<figure class=\"wp-block-image size-full\"><img loading=\"lazy\" decoding=\"async\" width=\"650\" height=\"300\" src=\"http:\/\/qtmm.org\/wp-content\/uploads\/2022\/01\/img_7940.jpeg\" alt=\"\" class=\"wp-image-43628\" srcset=\"https:\/\/qtmm.org\/wp-content\/uploads\/2022\/01\/img_7940.jpeg 650w, https:\/\/qtmm.org\/wp-content\/uploads\/2022\/01\/img_7940-300x138.jpeg 300w\" sizes=\"auto, (max-width: 650px) 100vw, 650px\" \/><\/figure>\n\n\n\n<p>On\u0131\u00f1 s\u00f6zlerine k\u00f6re facial\u0131 ke\u00e7mi\u015fimizden bile ders \u00e7\u0131qarmaq kerekmiz. Bug\u00fcnki nesil siyasiy doland\u0131r\u0131c\u0131larn\u0131, cell\u00e2tlarn\u0131, atta olar belli siyaset\u00e7iler ol\u011fan\u0131na baqmadan, akimiyetke yaq\u0131n qoymamaq kerekler. Zarema \u00d6zenba\u015f Ukraia qaramanlar\u0131 Maydan aktivistlerini\u00f1 aileleri ve soy-soplar\u0131na taziye bildirdi.<\/p>\n\n\n\n<p>&#8220;Maydan-Kr\u0131m&#8221; cemaat te\u015fkil\u00e2t\u0131n\u0131\u00f1 koordinator\u0131 Sergey Kovalskiy Noman \u00c7elebicihan hat\u0131ras\u0131na ba\u011f\u0131\u015flan\u011fan miting Q\u0131r\u0131mda ya\u015fa\u011fan milletler birligini\u00f1 \u00f6rnegidir, dep qayd etti.<\/p>\n\n\n\n<figure class=\"wp-block-image size-full\"><img loading=\"lazy\" decoding=\"async\" width=\"650\" height=\"319\" src=\"http:\/\/qtmm.org\/wp-content\/uploads\/2022\/01\/img_7920.jpeg\" alt=\"\" class=\"wp-image-43632\" srcset=\"https:\/\/qtmm.org\/wp-content\/uploads\/2022\/01\/img_7920.jpeg 650w, https:\/\/qtmm.org\/wp-content\/uploads\/2022\/01\/img_7920-300x147.jpeg 300w\" sizes=\"auto, (max-width: 650px) 100vw, 650px\" \/><\/figure>\n\n\n\n<p>&#8220;Q\u0131r\u0131mtatar halq\u0131n\u0131\u00f1 evl\u00e2d\u0131, bol\u015fevik repressiyalar\u0131n\u0131\u00f1 qurban\u0131 ol\u011fan Noman \u00c7elebicihan epsi halqlar i\u00e7\u00fcn k\u00fcre\u015f\u00e7i n\u00fcm\u00fcnesidir, &#8211; dedi \u00f6z \u00e7\u0131q\u0131\u015f\u0131nda Kovalskiy. \u2013 On\u0131\u00f1 hat\u0131ras\u0131 yal\u0131\u00f1\u0131z q\u0131r\u0131mtatar halq\u0131n\u0131\u00f1 degil de, Ukrainan\u0131\u00f1 da tarih\u0131 olmal\u0131d\u0131r. Ukraina Noman \u00c7elebicihan kim ol\u011fan\u0131n\u0131, Maydan qaramanlar\u0131n\u0131\u00f1 episini bilmesi kerek. Olar bizim i\u00e7\u00fcn, kelecegimiz ve halqlar\u0131m\u0131zn\u0131\u00f1 kelecegi i\u00e7\u00fcn canlar\u0131n\u0131 berdiler&#8221;.<\/p>\n\n\n\n<p>Q\u0131r\u0131m Yuqar\u0131 \u015euras\u0131ndaki &#8220;Kurultay-Ruh&#8221; fraktsiyas\u0131n\u0131\u00f1 deputat\u0131, &#8220;Ukraina Halq areketi&#8221; partiyas\u0131 Q\u0131r\u0131m b\u00f6l\u00fcgini\u00f1 ba\u015f\u0131 Leonid Pilunskiy \u00f6z nevbetinde Ukraina vatanda\u015flar\u0131 fevral 23 b\u00fct\u00fcn Ukraina i\u00e7\u00fcn resmen matem k\u00fcn\u00fc olaraq tan\u0131lmas\u0131n\u0131 talap etmeleri kerek, dedi. &#8220;Ukraina 1918 senesi birinci qurban Noman \u00c7elebicihan ve Maydanda el\u00e2k ol\u011fan so\u00f1ki insan \u2013 qanl\u0131 akimiyet ketirgen bir bel\u00e2 ol\u011fan\u0131n\u0131 unutmamal\u0131. Leonid Pilunskiy Meclisni\u00f1 Q\u0131r\u0131m Yuqar\u0131 \u015euras\u0131n\u0131 deral da\u011f\u0131tma\u011fa ve akimiyetni ya\u00f1\u0131l\u0131ma\u011fa \u00e7a\u011f\u0131ruv\u0131na qoltutt\u0131.<\/p>\n\n\n\n<figure class=\"wp-block-image size-full\"><img loading=\"lazy\" decoding=\"async\" width=\"650\" height=\"311\" src=\"http:\/\/qtmm.org\/wp-content\/uploads\/2022\/01\/img_7926.jpeg\" alt=\"\" class=\"wp-image-43636\" srcset=\"https:\/\/qtmm.org\/wp-content\/uploads\/2022\/01\/img_7926.jpeg 650w, https:\/\/qtmm.org\/wp-content\/uploads\/2022\/01\/img_7926-300x144.jpeg 300w\" sizes=\"auto, (max-width: 650px) 100vw, 650px\" \/><\/figure>\n\n\n\n<p>Meclis reisi \u00f6z \u00e7\u0131q\u0131\u015f\u0131n\u0131\u00f1 ba\u015f\u0131nda Meclisni\u00f1 te\u015febb\u00fcsine k\u00f6re q\u0131r\u0131mtatar halq\u0131n\u0131\u00f1 i\u015ftirakinde ke\u00e7irilgen b\u00fct\u00fcn k\u00fctleviy tedbirler a\u00f1la\u015f\u0131l\u0131p yap\u0131lmal\u0131. &#8221; Eger kimdedir bir de-bir te\u015febb\u00fcs olsa, Mecliste muzakere etilmegenge qadar, orta\u011fa \u00e7\u0131qmas\u0131n&#8221;, &#8211; dedi R. \u00c7ubarov. Meclis reisi miting i\u015ftirak\u00e7ilerine muracaat eterek, fevral 23 aralar\u0131nda 100 y\u0131ll\u0131q mesafe ol\u011fan tarihiy vaqialarn\u0131 qavrap ald\u0131, dedi.<\/p>\n\n\n\n<p>&#8220;96 y\u0131l evelsi Aqyar apshanesinde Q\u0131r\u0131m Halq cumhuriyetini\u00f1 reisi, Q\u0131r\u0131m, Poloniya, Litvaniya ve beyaz Rusiye musulmanlar\u0131n\u0131\u00f1 m\u00fcftisi, &#8220;Ant etkenmen!&#8221; milliy gimn s\u00f6zlerini\u00f1 m\u00fcellifi Noman \u00c7elebicihan vah\u015fiyane \u00f6ld\u00fcrildi, &#8211; hat\u0131rlatt\u0131 R. \u00c7ubarov. &#8211; Noman \u00c7elebicihan can\u0131n\u0131 Q\u0131r\u0131m i\u00e7\u00fcn, q\u0131r\u0131mtatarlar ve asl\u0131 da Q\u0131r\u0131mda ya\u015fa\u011fan epsi insanlarn\u0131\u00f1 kelecegi i\u00e7\u00fcn berdi&#8221;.<\/p>\n\n\n\n<p>Meclis yolba\u015f\u00e7\u0131s\u0131 1944 senesi fevral 23 k\u00fcn\u00fc q\u0131r\u0131mtatarlarn\u0131\u00f1 qarda\u015flar\u0131 \u00e7e\u00e7en ve i\u00f1\u011fu\u015f halqlar\u0131 \u00f6z topra\u011f\u0131ndan s\u00fcrg\u00fcn etilgenini hat\u0131rlatt\u0131. &#8220;Olar da q\u0131r\u0131mtatarlar kibi pek b\u00fcy\u00fck zarar k\u00f6rdiler. Olarn\u0131 da Vatanlar\u0131n\u0131 sevgenleri ve \u011fururl\u0131 ol\u011fanlar\u0131 i\u00e7\u00fcn s\u00fcrg\u00fcn ettiler!, &#8211; dedi \u00c7ubarov. &#8211; Bug\u00fcn, 2014 senesi fevral 23 k\u00fcn\u00fc Ukraina \u00f6ld\u00fcrilgen 83 vatanda\u015flar i\u00e7\u00fcn yas tuta. Bu tek adlar\u0131 belgilengen mevtalard\u0131r. Aqiqatta \u00f6ld\u00fcrilgenlerni\u00f1 say\u0131s\u0131 baya\u011f\u0131 ziyade. 21-nci as\u0131rda bizim t\u0131n\u00e7 insanlar\u0131m\u0131zn\u0131, t\u00fcrl\u00fc millet mens\u00fcplerini Ukrainan\u0131 sevgenleri, ailesi ve devletine munasip \u00f6m\u00fcr istegenleri i\u00e7\u00fcn \u00f6ld\u00fcrdiler&#8221;.<\/p>\n\n\n\n<p>Meclis reisi R. \u00c7ubarov miting i\u015ftirak\u00e7ilerinen beraber Noman \u00c7elebicihan, \u00e7e\u00e7en ve in\u011fu\u015f halq\u0131 qurbanlar\u0131, Maydanda el\u00e2k ol\u011fanlarn\u0131\u00f1 hat\u0131ras\u0131n\u0131 bir daqqal\u0131q suk\u00fcnet ile a\u00f1d\u0131lar. \u00d6z \u00e7\u0131q\u0131\u015f\u0131nda R. \u00c7ubarov Ukraina vatanda\u015flar\u0131 memlekette y\u00fcz bergen facia bir daa tekrarlanmamas\u0131 i\u00e7\u00fcn er \u015feyni yapmalar\u0131 kerekligini tam bilmeleri zarur, dedi.<\/p>\n\n\n\n<p>&#8220;Siyasiy inqiraz sebepleri aqq\u0131nda a\u00e7\u0131qtan-a\u00e7\u0131q s\u00f6ylememiz kerek. \u0130nqirazdan \u00e7\u0131quv yolu tap\u0131lmad\u0131 ve tek y\u00fczlernen, bi\u00f1lernen insanlar meydan\u011fa \u00e7\u0131q\u0131p, qurban kemege az\u0131r ol\u011fanlar\u0131 cinaiy rejim tarafdarlar\u0131n\u0131 qa\u00e7ma\u011fa mecbur etti!, &#8211; dedi Meclis reisi Regionlar partiyas\u0131n\u0131\u00f1 diktaturas\u0131 aqq\u0131nda ayt\u0131rken. Viktor Yanukovi\u00e7 Prezident etip saylan\u011fan so\u00f1 er kesni qorquzuv ve zorbal\u0131qnen bast\u0131rd\u0131.<\/p>\n\n\n\n<p>&#8220;Niayet bu siyasiy partiyan\u0131\u00f1 zulum\u0131 q\u0131r\u0131ld\u0131, l\u00e2kin daa toqtat\u0131lmad\u0131, &#8211; devam etti \u00c7ubarov. \u2013 Cinayet yap\u0131lmas\u0131na yol bergen partiya tarafdarlar\u0131 m\u0131tlaqa mahkeme ile cezalanacaqlar\u0131na i\u00e7 \u015f\u00fcbem yoqt\u0131r, amma bu yeterli degil. Ta ki Ukraina qanunlar\u0131 bu partiyan\u0131 Ukrainada yasaq etmegenge qadar biz meydanlar\u011fa \u00e7\u0131qacaqm\u0131z&#8221;.<\/p>\n\n\n\n<p>Meclis reisi Regionlar partiyas\u0131 &#8220;faaliyetini\u00f1&#8221; aqibetleri aqq\u0131nda aytqanda miting i\u015ftirak\u00e7ileri &#8220;ba\u015fta \u00f6z\u00fcmizni\u00f1kilerden ba\u015flamaq kerek&#8221; dep, Q\u0131r\u0131mda ya\u015fa\u011fan baz\u0131 insanlarn\u0131\u00f1 adlar\u0131n\u0131 q\u0131\u00e7\u0131r\u0131p aytt\u0131lar. Bu\u00f1a Meclis reisi b\u00f6yle dedi: &#8220;Men bu insanlarn\u0131\u00f1 adlar\u0131n\u0131 s\u00f6ylemege istemeyim, olar bu\u00f1a l\u00e2y\u0131q degiller, siz olarn\u0131 buns\u0131z da bilesi\u00f1iz. Olarn\u0131\u00f1 cezalamaqn\u0131\u00f1 e\u00f1 do\u011fru yolu musulman d\u00fcnyas\u0131nda qullan\u0131l\u011fan usuld\u0131r \u2013 epi\u00f1iz olardan y\u00fcz \u00e7eviri\u00f1iz ve olar kendileri \u011fay\u0131p olurlar!&#8221;<\/p>\n\n\n\n<figure class=\"wp-block-image size-full\"><img loading=\"lazy\" decoding=\"async\" width=\"650\" height=\"357\" src=\"http:\/\/qtmm.org\/wp-content\/uploads\/2022\/01\/img_7994.jpeg\" alt=\"\" class=\"wp-image-43640\" srcset=\"https:\/\/qtmm.org\/wp-content\/uploads\/2022\/01\/img_7994.jpeg 650w, https:\/\/qtmm.org\/wp-content\/uploads\/2022\/01\/img_7994-300x165.jpeg 300w\" sizes=\"auto, (max-width: 650px) 100vw, 650px\" \/><\/figure>\n\n\n\n<p>Q\u0131r\u0131m vaziyeti aqq\u0131nda ayt\u0131rken Meclis reisi Q\u0131r\u0131mda insanlarn\u0131 \u00fck\u00fcmetke ve Regionlar partiyas\u0131na qar\u015f\u0131 \u00e7\u0131qma\u011fa Q\u0131r\u0131m cemiyetini b\u00f6l\u00fcv ve qapa-qar\u015f\u0131 qoyuv siyaseti mecbur etti, dedi.<\/p>\n\n\n\n<p>&#8220;Q\u0131r\u0131m Nazirler \u015euras\u0131ndan i\u00e7 kimse cemaatnen dialog qurmad\u0131, tek k\u00f6steri\u015f yapt\u0131, &#8211; dedi \u00c7ubarov. \u2013 Olar(muhtariyet yolba\u015f\u00e7\u0131lar\u0131) \u00f6zlerine be\u00f1zegenlerni, c\u00fcmleden milliy mens\u00fcpligine k\u00f6re de, toplap, &#8220;k\u00f6resizmi, biz siz ile qonu\u015fam\u0131z da&#8221;, dediler, amma ne halqn\u0131\u00f1 kendisinen, ne de halq sayla\u011fanlarnen s\u00f6yle\u015fmediler.<\/p>\n\n\n\n<p>R. \u00c7ubarov emin ki, idareni\u00f1 b\u00f6yle usullar\u0131 cinaiydir, \u00e7\u00fcnki cemiyetni par\u00e7alav aqs\u0131zl\u0131q, aqs\u0131mlav, zorbal\u0131q ve qorqu kibi illetlerni\u00f1 pekinmesine imk\u00e2n yarata. Miting i\u015ftirak\u00e7ilerine h\u0131tap eterek Meclis reisi ileride Q\u0131r\u0131m\u011fa &#8220;kelme\u015fekler&#8221;ni\u00f1 faaliyet k\u00f6stermesine yol bermemege \u00e7a\u011f\u0131rd\u0131. &#8220;Olar Makeyevkadan ya da ba\u015fqa vil\u00e2yetlerdenmi emiyeti yoqt\u0131r. Q\u0131r\u0131mda aq\u0131ll\u0131 ve becerikli insanlar yeterli, &#8211; dedi \u00c7ubarov.<\/p>\n\n\n\n<p>\u00d6z \u00e7\u0131q\u0131\u015f\u0131nda Meclis yolba\u015f\u00e7\u0131s\u0131 miting i\u015ftirak\u00e7ilerini\u00f1 diqqat\u0131n\u0131 \u015fu\u00f1a celp etti ki, Noman \u00c7elebicihan\u011fa has namus ve cesaret q\u0131r\u0131mtatar ve \u00e7e\u00e7en halq\u0131na ve bir \u00e7oq diger halqlar\u011fa a\u011f\u0131rdan a\u011f\u0131r \u015faraitlerde sa\u011f qalmaq imk\u00e2n\u0131n\u0131 bergen olsa, qur\u015funlar alt\u0131nda \u00f6gge \u0131nt\u0131l\u011fan Maydan aktivistlerni\u00f1 ayn\u0131 \u015fu \u00e7izgileri al\u00e7aqlar\u011fa yer qald\u0131rmad\u0131, &#8211; dedi \u00c7ubarov. \u2013 Olar Q\u0131r\u0131mn\u0131 terk eter ve biz \u015fimdikisi kibi beraber olurm\u0131z&#8221;. \u00d6z \u00e7\u0131q\u0131\u015f\u0131nda Meclis reisi miting i\u015ftirak\u00e7ilerini\u00f1 diqqat\u0131n\u0131 devlet erbab\u0131 ol\u011fan Noman \u00c7elebicihan<\/p>\n\n\n\n<p>\u00c7\u0131q\u0131\u015f\u0131n\u0131\u00f1 so\u00f1unda Meclis reisi Refat \u00c7ubarov Meclis Q\u0131r\u0131m cemiyetini\u00f1 ayat\u0131 ve faaliyeti ve q\u0131r\u0131mtatar halq\u0131n\u0131\u00f1 aqlar\u0131n\u0131 \u011fayr\u0131dan tiklevnen ba\u011fl\u0131 meseleler boyunca rayon memuriyetleri ve \u015feer yolba\u015f\u00e7\u0131lar\u0131na regional ve yerli meclislernen i\u015fbirlik ve ba\u011flant\u0131 qurmaq i\u00e7\u00fcn 10 k\u00fcn m\u00fcddet bergenini aytt\u0131.<\/p>\n\n\n\n<p>&#8221; Aqmescit \u015feer \u015furas\u0131n\u0131\u00f1 deputatlar\u0131 ve \u015feer yolba\u015f\u00e7\u0131s\u0131na b\u00fcy\u00fck ricam\u0131z bar, &#8211; devam etti Meclis reisi. \u2013 Biz bug\u00fcn Lenin eykelini\u00f1 y\u0131qt\u0131r\u0131lmas\u0131n\u0131 toqtatt\u0131q. Aqmescit \u015feer \u015furas\u0131na 10 k\u00fcn i\u00e7inde bu meydann\u0131 eykelden bo\u015fatmal\u0131. Biz b\u00fct\u00fcn q\u0131r\u0131ml\u0131larnen beraber mezk\u00fcr meydan i\u00e7\u00fcn d\u00fclber bir ad saylarm\u0131z&#8221;<\/p>\n\n\n\n<p>Meclis reisi Refat \u00c7ubarov Q\u0131r\u0131mtatarlar talaplar\u0131n\u0131\u00f1 yerine ketirilmesini may\u0131s 18-ge qadar beklemeden, on k\u00fcnden so\u00f1 tekrar ve bu keresinde 50-70 bi\u00f1 ki\u015fi ol\u0131p toplanacaqlar, dedi. Meclis reisi B\u00fct\u00fcnq\u0131r\u0131m mitingine qoltutqan gen\u00e7lerge ayr\u0131ca te\u015fekk\u00fcr bildirdi. &#8220;Bizim b\u00f6yle ya\u015flar\u0131m\u0131z ol\u011fan\u0131na pek sevine ve olar ile \u011fururlanam\u0131z&#8221;, &#8211; dedi R. \u00c7ubarov gen\u00e7 q\u0131z ve yigitlerge h\u0131tap eterek.<\/p>\n\n\n\n<figure class=\"wp-block-image size-full\"><img loading=\"lazy\" decoding=\"async\" width=\"650\" height=\"312\" src=\"http:\/\/qtmm.org\/wp-content\/uploads\/2022\/01\/img_8022.jpeg\" alt=\"\" class=\"wp-image-43644\" srcset=\"https:\/\/qtmm.org\/wp-content\/uploads\/2022\/01\/img_8022.jpeg 650w, https:\/\/qtmm.org\/wp-content\/uploads\/2022\/01\/img_8022-300x144.jpeg 300w\" sizes=\"auto, (max-width: 650px) 100vw, 650px\" \/><\/figure>\n\n\n\n<p>Refat \u00c7ubarovn\u0131\u00f1 \u00e7\u0131q\u0131\u015f\u0131ndan so\u00f1 Meclis K\u00e2tibiyetini\u00f1 ba\u015f\u0131 Dil\u00e2ver Akiyev miting qarar\u0131 ve Ukraina Yuqar\u0131 \u015euras\u0131na muracaatn\u0131 oqud\u0131. Olar bira\u011f\u0131zdan qabul etildiler.<\/p>\n\n\n\n<figure class=\"wp-block-image size-full\"><img loading=\"lazy\" decoding=\"async\" width=\"650\" height=\"327\" src=\"http:\/\/qtmm.org\/wp-content\/uploads\/2022\/01\/img_8039.jpeg\" alt=\"\" class=\"wp-image-43648\" srcset=\"https:\/\/qtmm.org\/wp-content\/uploads\/2022\/01\/img_8039.jpeg 650w, https:\/\/qtmm.org\/wp-content\/uploads\/2022\/01\/img_8039-300x151.jpeg 300w\" sizes=\"auto, (max-width: 650px) 100vw, 650px\" \/><\/figure>\n\n\n\n<p>Meclis matbuat h\u0131zmetini\u00f1 haber bergenine k\u00f6re Noman \u00c7elebicihan hat\u0131ras\u0131na ba\u011f\u0131\u015flan\u011fan miting davas\u0131z ve fesats\u0131z ke\u00e7ti.<\/p>\n","protected":false},"excerpt":{"rendered":"<p>Fevral 23 k\u00fcn\u00fc Aqmescitte Q\u0131r\u0131m Halq cumhuriyetini\u00f1 reisi, Q\u0131r\u0131m, Poloniya, Litvaniya ve beyaz Rusiye musulmanlar\u0131n\u0131\u00f1 m\u00fcftisi, &#8220;Ant etkenmen!&#8221; milliy gimn s\u00f6zlerini\u00f1 m\u00fcellifi Noman \u00c7elebicihan hat\u0131ras\u0131na ba\u011f\u0131\u015flan\u011fan miting \u00f6tkerildi B\u00fct\u00fcnq\u0131r\u0131m mitingi ke\u00e7irilmesini\u00f1 te\u015febb\u00fcs\u00e7isi ve te\u015fkil\u00e2t\u00e7\u0131s\u0131 ol\u011fan Q\u0131r\u0131mtatar halq\u0131n\u0131\u00f1 Meclisi Q\u0131r\u0131m cemaat\u00e7\u0131l\u0131\u011f\u0131na \u015fun\u0131 haber etti ki, hat\u0131ra mitingini \u00f6tker\u00fcv boyunca er angi te\u015febb\u00fcsler Milliy Meclis yolba\u015f\u00e7\u0131lar\u0131nen a\u00f1la\u015f\u0131l\u011fandan [&hellip;]<\/p>\n","protected":false},"author":1,"featured_media":43624,"comment_status":"open","ping_status":"open","sticky":false,"template":"","format":"standard","meta":{"inline_featured_image":false,"footnotes":""},"categories":[265],"tags":[],"class_list":["post-43623","post","type-post","status-publish","format-standard","has-post-thumbnail","hentry","category-haberler"],"acf":[],"yoast_head":"<!-- This site is optimized with the Yoast SEO plugin v27.4 - https:\/\/yoast.com\/product\/yoast-seo-wordpress\/ -->\n<title>Refat \u00c7ubarov: Q\u0131r\u0131mtatarlar talaplar\u0131n\u0131\u00f1 yerine ketirilmesini may\u0131s 18-ge qadar beklemeden, on k\u00fcnden so\u00f1 tekrar ve bu keresinde 50-70 bi\u00f1 ki\u015fi ol\u0131p toplanacaqlar - \u041c\u0435\u0434\u0436\u043b\u0456\u0441<\/title>\n<meta name=\"robots\" content=\"index, follow, max-snippet:-1, max-image-preview:large, max-video-preview:-1\" \/>\n<link rel=\"canonical\" href=\"https:\/\/qtmm.org\/qt\/refat-cubarov-qirimtatarlar-talaplarinin-yerine-ketirilmesini-mayis-18-ge-qadar-beklemeden-on-kunden-son-tekrar-ve-bu-keresinde-50-70-bin-kisi-olip-toplanacaqlar\/\" \/>\n<meta property=\"og:locale\" content=\"en_US\" \/>\n<meta property=\"og:type\" content=\"article\" \/>\n<meta property=\"og:title\" content=\"Refat \u00c7ubarov: Q\u0131r\u0131mtatarlar talaplar\u0131n\u0131\u00f1 yerine ketirilmesini may\u0131s 18-ge qadar beklemeden, on k\u00fcnden so\u00f1 tekrar ve bu keresinde 50-70 bi\u00f1 ki\u015fi ol\u0131p toplanacaqlar - \u041c\u0435\u0434\u0436\u043b\u0456\u0441\" \/>\n<meta property=\"og:description\" content=\"Fevral 23 k\u00fcn\u00fc Aqmescitte Q\u0131r\u0131m Halq cumhuriyetini\u00f1 reisi, Q\u0131r\u0131m, Poloniya, Litvaniya ve beyaz Rusiye musulmanlar\u0131n\u0131\u00f1 m\u00fcftisi, &#8220;Ant etkenmen!&#8221; milliy gimn s\u00f6zlerini\u00f1 m\u00fcellifi Noman \u00c7elebicihan hat\u0131ras\u0131na ba\u011f\u0131\u015flan\u011fan miting \u00f6tkerildi B\u00fct\u00fcnq\u0131r\u0131m mitingi ke\u00e7irilmesini\u00f1 te\u015febb\u00fcs\u00e7isi ve te\u015fkil\u00e2t\u00e7\u0131s\u0131 ol\u011fan Q\u0131r\u0131mtatar halq\u0131n\u0131\u00f1 Meclisi Q\u0131r\u0131m cemaat\u00e7\u0131l\u0131\u011f\u0131na \u015fun\u0131 haber etti ki, hat\u0131ra mitingini \u00f6tker\u00fcv boyunca er angi te\u015febb\u00fcsler Milliy Meclis yolba\u015f\u00e7\u0131lar\u0131nen a\u00f1la\u015f\u0131l\u011fandan [&hellip;]\" \/>\n<meta property=\"og:url\" content=\"https:\/\/qtmm.org\/qt\/refat-cubarov-qirimtatarlar-talaplarinin-yerine-ketirilmesini-mayis-18-ge-qadar-beklemeden-on-kunden-son-tekrar-ve-bu-keresinde-50-70-bin-kisi-olip-toplanacaqlar\/\" \/>\n<meta property=\"og:site_name\" content=\"\u041c\u0435\u0434\u0436\u043b\u0456\u0441\" \/>\n<meta property=\"article:publisher\" content=\"https:\/\/www.facebook.com\/qtmm.info\/\" \/>\n<meta property=\"article:published_time\" content=\"2014-02-23T16:14:00+00:00\" \/>\n<meta property=\"article:modified_time\" content=\"2022-01-27T16:17:50+00:00\" \/>\n<meta property=\"og:image\" content=\"https:\/\/qtmm.org\/wp-content\/uploads\/2022\/01\/img_7903.jpeg\" \/>\n\t<meta property=\"og:image:width\" content=\"650\" \/>\n\t<meta property=\"og:image:height\" content=\"378\" \/>\n\t<meta property=\"og:image:type\" content=\"image\/jpeg\" \/>\n<meta name=\"author\" content=\"Developer\" \/>\n<meta name=\"twitter:card\" content=\"summary_large_image\" \/>\n<meta name=\"twitter:label1\" content=\"Written by\" \/>\n\t<meta name=\"twitter:data1\" content=\"Developer\" \/>\n\t<meta name=\"twitter:label2\" content=\"Est. reading time\" \/>\n\t<meta name=\"twitter:data2\" content=\"9 minutes\" \/>\n<script type=\"application\/ld+json\" class=\"yoast-schema-graph\">{\"@context\":\"https:\\\/\\\/schema.org\",\"@graph\":[{\"@type\":\"Article\",\"@id\":\"https:\\\/\\\/qtmm.org\\\/qt\\\/refat-cubarov-qirimtatarlar-talaplarinin-yerine-ketirilmesini-mayis-18-ge-qadar-beklemeden-on-kunden-son-tekrar-ve-bu-keresinde-50-70-bin-kisi-olip-toplanacaqlar\\\/#article\",\"isPartOf\":{\"@id\":\"https:\\\/\\\/qtmm.org\\\/qt\\\/refat-cubarov-qirimtatarlar-talaplarinin-yerine-ketirilmesini-mayis-18-ge-qadar-beklemeden-on-kunden-son-tekrar-ve-bu-keresinde-50-70-bin-kisi-olip-toplanacaqlar\\\/\"},\"author\":{\"name\":\"Developer\",\"@id\":\"https:\\\/\\\/qtmm.org\\\/qt\\\/#\\\/schema\\\/person\\\/de562469f971dec226ac06e60bbf74a7\"},\"headline\":\"Refat \u00c7ubarov: Q\u0131r\u0131mtatarlar talaplar\u0131n\u0131\u00f1 yerine ketirilmesini may\u0131s 18-ge qadar beklemeden, on k\u00fcnden so\u00f1 tekrar ve bu keresinde 50-70 bi\u00f1 ki\u015fi ol\u0131p toplanacaqlar\",\"datePublished\":\"2014-02-23T16:14:00+00:00\",\"dateModified\":\"2022-01-27T16:17:50+00:00\",\"mainEntityOfPage\":{\"@id\":\"https:\\\/\\\/qtmm.org\\\/qt\\\/refat-cubarov-qirimtatarlar-talaplarinin-yerine-ketirilmesini-mayis-18-ge-qadar-beklemeden-on-kunden-son-tekrar-ve-bu-keresinde-50-70-bin-kisi-olip-toplanacaqlar\\\/\"},\"wordCount\":1768,\"commentCount\":0,\"publisher\":{\"@id\":\"https:\\\/\\\/qtmm.org\\\/qt\\\/#organization\"},\"image\":{\"@id\":\"https:\\\/\\\/qtmm.org\\\/qt\\\/refat-cubarov-qirimtatarlar-talaplarinin-yerine-ketirilmesini-mayis-18-ge-qadar-beklemeden-on-kunden-son-tekrar-ve-bu-keresinde-50-70-bin-kisi-olip-toplanacaqlar\\\/#primaryimage\"},\"thumbnailUrl\":\"https:\\\/\\\/qtmm.org\\\/wp-content\\\/uploads\\\/2022\\\/01\\\/img_7903.jpeg\",\"articleSection\":[\"Haberler\"],\"inLanguage\":\"qt\",\"potentialAction\":[{\"@type\":\"CommentAction\",\"name\":\"Comment\",\"target\":[\"https:\\\/\\\/qtmm.org\\\/qt\\\/refat-cubarov-qirimtatarlar-talaplarinin-yerine-ketirilmesini-mayis-18-ge-qadar-beklemeden-on-kunden-son-tekrar-ve-bu-keresinde-50-70-bin-kisi-olip-toplanacaqlar\\\/#respond\"]}]},{\"@type\":\"WebPage\",\"@id\":\"https:\\\/\\\/qtmm.org\\\/qt\\\/refat-cubarov-qirimtatarlar-talaplarinin-yerine-ketirilmesini-mayis-18-ge-qadar-beklemeden-on-kunden-son-tekrar-ve-bu-keresinde-50-70-bin-kisi-olip-toplanacaqlar\\\/\",\"url\":\"https:\\\/\\\/qtmm.org\\\/qt\\\/refat-cubarov-qirimtatarlar-talaplarinin-yerine-ketirilmesini-mayis-18-ge-qadar-beklemeden-on-kunden-son-tekrar-ve-bu-keresinde-50-70-bin-kisi-olip-toplanacaqlar\\\/\",\"name\":\"Refat \u00c7ubarov: Q\u0131r\u0131mtatarlar talaplar\u0131n\u0131\u00f1 yerine ketirilmesini may\u0131s 18-ge qadar beklemeden, on k\u00fcnden so\u00f1 tekrar ve bu keresinde 50-70 bi\u00f1 ki\u015fi ol\u0131p toplanacaqlar - \u041c\u0435\u0434\u0436\u043b\u0456\u0441\",\"isPartOf\":{\"@id\":\"https:\\\/\\\/qtmm.org\\\/qt\\\/#website\"},\"primaryImageOfPage\":{\"@id\":\"https:\\\/\\\/qtmm.org\\\/qt\\\/refat-cubarov-qirimtatarlar-talaplarinin-yerine-ketirilmesini-mayis-18-ge-qadar-beklemeden-on-kunden-son-tekrar-ve-bu-keresinde-50-70-bin-kisi-olip-toplanacaqlar\\\/#primaryimage\"},\"image\":{\"@id\":\"https:\\\/\\\/qtmm.org\\\/qt\\\/refat-cubarov-qirimtatarlar-talaplarinin-yerine-ketirilmesini-mayis-18-ge-qadar-beklemeden-on-kunden-son-tekrar-ve-bu-keresinde-50-70-bin-kisi-olip-toplanacaqlar\\\/#primaryimage\"},\"thumbnailUrl\":\"https:\\\/\\\/qtmm.org\\\/wp-content\\\/uploads\\\/2022\\\/01\\\/img_7903.jpeg\",\"datePublished\":\"2014-02-23T16:14:00+00:00\",\"dateModified\":\"2022-01-27T16:17:50+00:00\",\"breadcrumb\":{\"@id\":\"https:\\\/\\\/qtmm.org\\\/qt\\\/refat-cubarov-qirimtatarlar-talaplarinin-yerine-ketirilmesini-mayis-18-ge-qadar-beklemeden-on-kunden-son-tekrar-ve-bu-keresinde-50-70-bin-kisi-olip-toplanacaqlar\\\/#breadcrumb\"},\"inLanguage\":\"qt\",\"potentialAction\":[{\"@type\":\"ReadAction\",\"target\":[\"https:\\\/\\\/qtmm.org\\\/qt\\\/refat-cubarov-qirimtatarlar-talaplarinin-yerine-ketirilmesini-mayis-18-ge-qadar-beklemeden-on-kunden-son-tekrar-ve-bu-keresinde-50-70-bin-kisi-olip-toplanacaqlar\\\/\"]}]},{\"@type\":\"ImageObject\",\"inLanguage\":\"qt\",\"@id\":\"https:\\\/\\\/qtmm.org\\\/qt\\\/refat-cubarov-qirimtatarlar-talaplarinin-yerine-ketirilmesini-mayis-18-ge-qadar-beklemeden-on-kunden-son-tekrar-ve-bu-keresinde-50-70-bin-kisi-olip-toplanacaqlar\\\/#primaryimage\",\"url\":\"https:\\\/\\\/qtmm.org\\\/wp-content\\\/uploads\\\/2022\\\/01\\\/img_7903.jpeg\",\"contentUrl\":\"https:\\\/\\\/qtmm.org\\\/wp-content\\\/uploads\\\/2022\\\/01\\\/img_7903.jpeg\",\"width\":650,\"height\":378},{\"@type\":\"BreadcrumbList\",\"@id\":\"https:\\\/\\\/qtmm.org\\\/qt\\\/refat-cubarov-qirimtatarlar-talaplarinin-yerine-ketirilmesini-mayis-18-ge-qadar-beklemeden-on-kunden-son-tekrar-ve-bu-keresinde-50-70-bin-kisi-olip-toplanacaqlar\\\/#breadcrumb\",\"itemListElement\":[{\"@type\":\"ListItem\",\"position\":1,\"name\":\"\u0413\u043e\u043b\u043e\u0432\u043d\u0430\",\"item\":\"https:\\\/\\\/qtmm.org\\\/qt\\\/\"},{\"@type\":\"ListItem\",\"position\":2,\"name\":\"Refat \u00c7ubarov: Q\u0131r\u0131mtatarlar talaplar\u0131n\u0131\u00f1 yerine ketirilmesini may\u0131s 18-ge qadar beklemeden, on k\u00fcnden so\u00f1 tekrar ve bu keresinde 50-70 bi\u00f1 ki\u015fi ol\u0131p toplanacaqlar\"}]},{\"@type\":\"WebSite\",\"@id\":\"https:\\\/\\\/qtmm.org\\\/qt\\\/#website\",\"url\":\"https:\\\/\\\/qtmm.org\\\/qt\\\/\",\"name\":\"\u041c\u0435\u0434\u0436\u043b\u0456\u0441\",\"description\":\"\",\"publisher\":{\"@id\":\"https:\\\/\\\/qtmm.org\\\/qt\\\/#organization\"},\"potentialAction\":[{\"@type\":\"SearchAction\",\"target\":{\"@type\":\"EntryPoint\",\"urlTemplate\":\"https:\\\/\\\/qtmm.org\\\/qt\\\/?s={search_term_string}\"},\"query-input\":{\"@type\":\"PropertyValueSpecification\",\"valueRequired\":true,\"valueName\":\"search_term_string\"}}],\"inLanguage\":\"qt\"},{\"@type\":\"Organization\",\"@id\":\"https:\\\/\\\/qtmm.org\\\/qt\\\/#organization\",\"name\":\"\u041c\u0435\u0434\u0436\u043b\u0456\u0441\",\"url\":\"https:\\\/\\\/qtmm.org\\\/qt\\\/\",\"logo\":{\"@type\":\"ImageObject\",\"inLanguage\":\"qt\",\"@id\":\"https:\\\/\\\/qtmm.org\\\/qt\\\/#\\\/schema\\\/logo\\\/image\\\/\",\"url\":\"https:\\\/\\\/qtmm.org\\\/wp-content\\\/uploads\\\/2024\\\/12\\\/ua-mejlis-logo-rgb.svg\",\"contentUrl\":\"https:\\\/\\\/qtmm.org\\\/wp-content\\\/uploads\\\/2024\\\/12\\\/ua-mejlis-logo-rgb.svg\",\"caption\":\"\u041c\u0435\u0434\u0436\u043b\u0456\u0441\"},\"image\":{\"@id\":\"https:\\\/\\\/qtmm.org\\\/qt\\\/#\\\/schema\\\/logo\\\/image\\\/\"},\"sameAs\":[\"https:\\\/\\\/www.facebook.com\\\/qtmm.info\\\/\"]},{\"@type\":\"Person\",\"@id\":\"https:\\\/\\\/qtmm.org\\\/qt\\\/#\\\/schema\\\/person\\\/de562469f971dec226ac06e60bbf74a7\",\"name\":\"Developer\",\"image\":{\"@type\":\"ImageObject\",\"inLanguage\":\"qt\",\"@id\":\"https:\\\/\\\/secure.gravatar.com\\\/avatar\\\/392b4cc8fbfeb00b39dfeeab4ee6edded39ffd48e25858637e4765810300227e?s=96&d=mm&r=g\",\"url\":\"https:\\\/\\\/secure.gravatar.com\\\/avatar\\\/392b4cc8fbfeb00b39dfeeab4ee6edded39ffd48e25858637e4765810300227e?s=96&d=mm&r=g\",\"contentUrl\":\"https:\\\/\\\/secure.gravatar.com\\\/avatar\\\/392b4cc8fbfeb00b39dfeeab4ee6edded39ffd48e25858637e4765810300227e?s=96&d=mm&r=g\",\"caption\":\"Developer\"},\"url\":\"https:\\\/\\\/qtmm.org\\\/qt\\\/author\\\/Developer\\\/\"}]}<\/script>\n<!-- \/ Yoast SEO plugin. -->","yoast_head_json":{"title":"Refat \u00c7ubarov: Q\u0131r\u0131mtatarlar talaplar\u0131n\u0131\u00f1 yerine ketirilmesini may\u0131s 18-ge qadar beklemeden, on k\u00fcnden so\u00f1 tekrar ve bu keresinde 50-70 bi\u00f1 ki\u015fi ol\u0131p toplanacaqlar - \u041c\u0435\u0434\u0436\u043b\u0456\u0441","robots":{"index":"index","follow":"follow","max-snippet":"max-snippet:-1","max-image-preview":"max-image-preview:large","max-video-preview":"max-video-preview:-1"},"canonical":"https:\/\/qtmm.org\/qt\/refat-cubarov-qirimtatarlar-talaplarinin-yerine-ketirilmesini-mayis-18-ge-qadar-beklemeden-on-kunden-son-tekrar-ve-bu-keresinde-50-70-bin-kisi-olip-toplanacaqlar\/","og_locale":"en_US","og_type":"article","og_title":"Refat \u00c7ubarov: Q\u0131r\u0131mtatarlar talaplar\u0131n\u0131\u00f1 yerine ketirilmesini may\u0131s 18-ge qadar beklemeden, on k\u00fcnden so\u00f1 tekrar ve bu keresinde 50-70 bi\u00f1 ki\u015fi ol\u0131p toplanacaqlar - \u041c\u0435\u0434\u0436\u043b\u0456\u0441","og_description":"Fevral 23 k\u00fcn\u00fc Aqmescitte Q\u0131r\u0131m Halq cumhuriyetini\u00f1 reisi, Q\u0131r\u0131m, Poloniya, Litvaniya ve beyaz Rusiye musulmanlar\u0131n\u0131\u00f1 m\u00fcftisi, &#8220;Ant etkenmen!&#8221; milliy gimn s\u00f6zlerini\u00f1 m\u00fcellifi Noman \u00c7elebicihan hat\u0131ras\u0131na ba\u011f\u0131\u015flan\u011fan miting \u00f6tkerildi B\u00fct\u00fcnq\u0131r\u0131m mitingi ke\u00e7irilmesini\u00f1 te\u015febb\u00fcs\u00e7isi ve te\u015fkil\u00e2t\u00e7\u0131s\u0131 ol\u011fan Q\u0131r\u0131mtatar halq\u0131n\u0131\u00f1 Meclisi Q\u0131r\u0131m cemaat\u00e7\u0131l\u0131\u011f\u0131na \u015fun\u0131 haber etti ki, hat\u0131ra mitingini \u00f6tker\u00fcv boyunca er angi te\u015febb\u00fcsler Milliy Meclis yolba\u015f\u00e7\u0131lar\u0131nen a\u00f1la\u015f\u0131l\u011fandan [&hellip;]","og_url":"https:\/\/qtmm.org\/qt\/refat-cubarov-qirimtatarlar-talaplarinin-yerine-ketirilmesini-mayis-18-ge-qadar-beklemeden-on-kunden-son-tekrar-ve-bu-keresinde-50-70-bin-kisi-olip-toplanacaqlar\/","og_site_name":"\u041c\u0435\u0434\u0436\u043b\u0456\u0441","article_publisher":"https:\/\/www.facebook.com\/qtmm.info\/","article_published_time":"2014-02-23T16:14:00+00:00","article_modified_time":"2022-01-27T16:17:50+00:00","og_image":[{"width":650,"height":378,"url":"https:\/\/qtmm.org\/wp-content\/uploads\/2022\/01\/img_7903.jpeg","type":"image\/jpeg"}],"author":"Developer","twitter_card":"summary_large_image","twitter_misc":{"Written by":"Developer","Est. reading time":"9 minutes"},"schema":{"@context":"https:\/\/schema.org","@graph":[{"@type":"Article","@id":"https:\/\/qtmm.org\/qt\/refat-cubarov-qirimtatarlar-talaplarinin-yerine-ketirilmesini-mayis-18-ge-qadar-beklemeden-on-kunden-son-tekrar-ve-bu-keresinde-50-70-bin-kisi-olip-toplanacaqlar\/#article","isPartOf":{"@id":"https:\/\/qtmm.org\/qt\/refat-cubarov-qirimtatarlar-talaplarinin-yerine-ketirilmesini-mayis-18-ge-qadar-beklemeden-on-kunden-son-tekrar-ve-bu-keresinde-50-70-bin-kisi-olip-toplanacaqlar\/"},"author":{"name":"Developer","@id":"https:\/\/qtmm.org\/qt\/#\/schema\/person\/de562469f971dec226ac06e60bbf74a7"},"headline":"Refat \u00c7ubarov: Q\u0131r\u0131mtatarlar talaplar\u0131n\u0131\u00f1 yerine ketirilmesini may\u0131s 18-ge qadar beklemeden, on k\u00fcnden so\u00f1 tekrar ve bu keresinde 50-70 bi\u00f1 ki\u015fi ol\u0131p toplanacaqlar","datePublished":"2014-02-23T16:14:00+00:00","dateModified":"2022-01-27T16:17:50+00:00","mainEntityOfPage":{"@id":"https:\/\/qtmm.org\/qt\/refat-cubarov-qirimtatarlar-talaplarinin-yerine-ketirilmesini-mayis-18-ge-qadar-beklemeden-on-kunden-son-tekrar-ve-bu-keresinde-50-70-bin-kisi-olip-toplanacaqlar\/"},"wordCount":1768,"commentCount":0,"publisher":{"@id":"https:\/\/qtmm.org\/qt\/#organization"},"image":{"@id":"https:\/\/qtmm.org\/qt\/refat-cubarov-qirimtatarlar-talaplarinin-yerine-ketirilmesini-mayis-18-ge-qadar-beklemeden-on-kunden-son-tekrar-ve-bu-keresinde-50-70-bin-kisi-olip-toplanacaqlar\/#primaryimage"},"thumbnailUrl":"https:\/\/qtmm.org\/wp-content\/uploads\/2022\/01\/img_7903.jpeg","articleSection":["Haberler"],"inLanguage":"qt","potentialAction":[{"@type":"CommentAction","name":"Comment","target":["https:\/\/qtmm.org\/qt\/refat-cubarov-qirimtatarlar-talaplarinin-yerine-ketirilmesini-mayis-18-ge-qadar-beklemeden-on-kunden-son-tekrar-ve-bu-keresinde-50-70-bin-kisi-olip-toplanacaqlar\/#respond"]}]},{"@type":"WebPage","@id":"https:\/\/qtmm.org\/qt\/refat-cubarov-qirimtatarlar-talaplarinin-yerine-ketirilmesini-mayis-18-ge-qadar-beklemeden-on-kunden-son-tekrar-ve-bu-keresinde-50-70-bin-kisi-olip-toplanacaqlar\/","url":"https:\/\/qtmm.org\/qt\/refat-cubarov-qirimtatarlar-talaplarinin-yerine-ketirilmesini-mayis-18-ge-qadar-beklemeden-on-kunden-son-tekrar-ve-bu-keresinde-50-70-bin-kisi-olip-toplanacaqlar\/","name":"Refat \u00c7ubarov: Q\u0131r\u0131mtatarlar talaplar\u0131n\u0131\u00f1 yerine ketirilmesini may\u0131s 18-ge qadar beklemeden, on k\u00fcnden so\u00f1 tekrar ve bu keresinde 50-70 bi\u00f1 ki\u015fi ol\u0131p toplanacaqlar - \u041c\u0435\u0434\u0436\u043b\u0456\u0441","isPartOf":{"@id":"https:\/\/qtmm.org\/qt\/#website"},"primaryImageOfPage":{"@id":"https:\/\/qtmm.org\/qt\/refat-cubarov-qirimtatarlar-talaplarinin-yerine-ketirilmesini-mayis-18-ge-qadar-beklemeden-on-kunden-son-tekrar-ve-bu-keresinde-50-70-bin-kisi-olip-toplanacaqlar\/#primaryimage"},"image":{"@id":"https:\/\/qtmm.org\/qt\/refat-cubarov-qirimtatarlar-talaplarinin-yerine-ketirilmesini-mayis-18-ge-qadar-beklemeden-on-kunden-son-tekrar-ve-bu-keresinde-50-70-bin-kisi-olip-toplanacaqlar\/#primaryimage"},"thumbnailUrl":"https:\/\/qtmm.org\/wp-content\/uploads\/2022\/01\/img_7903.jpeg","datePublished":"2014-02-23T16:14:00+00:00","dateModified":"2022-01-27T16:17:50+00:00","breadcrumb":{"@id":"https:\/\/qtmm.org\/qt\/refat-cubarov-qirimtatarlar-talaplarinin-yerine-ketirilmesini-mayis-18-ge-qadar-beklemeden-on-kunden-son-tekrar-ve-bu-keresinde-50-70-bin-kisi-olip-toplanacaqlar\/#breadcrumb"},"inLanguage":"qt","potentialAction":[{"@type":"ReadAction","target":["https:\/\/qtmm.org\/qt\/refat-cubarov-qirimtatarlar-talaplarinin-yerine-ketirilmesini-mayis-18-ge-qadar-beklemeden-on-kunden-son-tekrar-ve-bu-keresinde-50-70-bin-kisi-olip-toplanacaqlar\/"]}]},{"@type":"ImageObject","inLanguage":"qt","@id":"https:\/\/qtmm.org\/qt\/refat-cubarov-qirimtatarlar-talaplarinin-yerine-ketirilmesini-mayis-18-ge-qadar-beklemeden-on-kunden-son-tekrar-ve-bu-keresinde-50-70-bin-kisi-olip-toplanacaqlar\/#primaryimage","url":"https:\/\/qtmm.org\/wp-content\/uploads\/2022\/01\/img_7903.jpeg","contentUrl":"https:\/\/qtmm.org\/wp-content\/uploads\/2022\/01\/img_7903.jpeg","width":650,"height":378},{"@type":"BreadcrumbList","@id":"https:\/\/qtmm.org\/qt\/refat-cubarov-qirimtatarlar-talaplarinin-yerine-ketirilmesini-mayis-18-ge-qadar-beklemeden-on-kunden-son-tekrar-ve-bu-keresinde-50-70-bin-kisi-olip-toplanacaqlar\/#breadcrumb","itemListElement":[{"@type":"ListItem","position":1,"name":"\u0413\u043e\u043b\u043e\u0432\u043d\u0430","item":"https:\/\/qtmm.org\/qt\/"},{"@type":"ListItem","position":2,"name":"Refat \u00c7ubarov: Q\u0131r\u0131mtatarlar talaplar\u0131n\u0131\u00f1 yerine ketirilmesini may\u0131s 18-ge qadar beklemeden, on k\u00fcnden so\u00f1 tekrar ve bu keresinde 50-70 bi\u00f1 ki\u015fi ol\u0131p toplanacaqlar"}]},{"@type":"WebSite","@id":"https:\/\/qtmm.org\/qt\/#website","url":"https:\/\/qtmm.org\/qt\/","name":"\u041c\u0435\u0434\u0436\u043b\u0456\u0441","description":"","publisher":{"@id":"https:\/\/qtmm.org\/qt\/#organization"},"potentialAction":[{"@type":"SearchAction","target":{"@type":"EntryPoint","urlTemplate":"https:\/\/qtmm.org\/qt\/?s={search_term_string}"},"query-input":{"@type":"PropertyValueSpecification","valueRequired":true,"valueName":"search_term_string"}}],"inLanguage":"qt"},{"@type":"Organization","@id":"https:\/\/qtmm.org\/qt\/#organization","name":"\u041c\u0435\u0434\u0436\u043b\u0456\u0441","url":"https:\/\/qtmm.org\/qt\/","logo":{"@type":"ImageObject","inLanguage":"qt","@id":"https:\/\/qtmm.org\/qt\/#\/schema\/logo\/image\/","url":"https:\/\/qtmm.org\/wp-content\/uploads\/2024\/12\/ua-mejlis-logo-rgb.svg","contentUrl":"https:\/\/qtmm.org\/wp-content\/uploads\/2024\/12\/ua-mejlis-logo-rgb.svg","caption":"\u041c\u0435\u0434\u0436\u043b\u0456\u0441"},"image":{"@id":"https:\/\/qtmm.org\/qt\/#\/schema\/logo\/image\/"},"sameAs":["https:\/\/www.facebook.com\/qtmm.info\/"]},{"@type":"Person","@id":"https:\/\/qtmm.org\/qt\/#\/schema\/person\/de562469f971dec226ac06e60bbf74a7","name":"Developer","image":{"@type":"ImageObject","inLanguage":"qt","@id":"https:\/\/secure.gravatar.com\/avatar\/392b4cc8fbfeb00b39dfeeab4ee6edded39ffd48e25858637e4765810300227e?s=96&d=mm&r=g","url":"https:\/\/secure.gravatar.com\/avatar\/392b4cc8fbfeb00b39dfeeab4ee6edded39ffd48e25858637e4765810300227e?s=96&d=mm&r=g","contentUrl":"https:\/\/secure.gravatar.com\/avatar\/392b4cc8fbfeb00b39dfeeab4ee6edded39ffd48e25858637e4765810300227e?s=96&d=mm&r=g","caption":"Developer"},"url":"https:\/\/qtmm.org\/qt\/author\/Developer\/"}]}},"_links":{"self":[{"href":"https:\/\/qtmm.org\/qt\/wp-json\/wp\/v2\/posts\/43623","targetHints":{"allow":["GET"]}}],"collection":[{"href":"https:\/\/qtmm.org\/qt\/wp-json\/wp\/v2\/posts"}],"about":[{"href":"https:\/\/qtmm.org\/qt\/wp-json\/wp\/v2\/types\/post"}],"author":[{"embeddable":true,"href":"https:\/\/qtmm.org\/qt\/wp-json\/wp\/v2\/users\/1"}],"replies":[{"embeddable":true,"href":"https:\/\/qtmm.org\/qt\/wp-json\/wp\/v2\/comments?post=43623"}],"version-history":[{"count":1,"href":"https:\/\/qtmm.org\/qt\/wp-json\/wp\/v2\/posts\/43623\/revisions"}],"predecessor-version":[{"id":43652,"href":"https:\/\/qtmm.org\/qt\/wp-json\/wp\/v2\/posts\/43623\/revisions\/43652"}],"wp:featuredmedia":[{"embeddable":true,"href":"https:\/\/qtmm.org\/qt\/wp-json\/wp\/v2\/media\/43624"}],"wp:attachment":[{"href":"https:\/\/qtmm.org\/qt\/wp-json\/wp\/v2\/media?parent=43623"}],"wp:term":[{"taxonomy":"category","embeddable":true,"href":"https:\/\/qtmm.org\/qt\/wp-json\/wp\/v2\/categories?post=43623"},{"taxonomy":"post_tag","embeddable":true,"href":"https:\/\/qtmm.org\/qt\/wp-json\/wp\/v2\/tags?post=43623"}],"curies":[{"name":"wp","href":"https:\/\/api.w.org\/{rel}","templated":true}]}}