




{"id":43617,"date":"2014-02-23T18:55:00","date_gmt":"2014-02-23T15:55:00","guid":{"rendered":"http:\/\/qtmm.org\/?p=43617"},"modified":"2022-01-27T18:56:08","modified_gmt":"2022-01-27T15:56:08","slug":"butunqirim-mitinginin-istirakcileri-ayirimciliq-cagiruvlari-ve-areketleri-icun-qirim-yuqari-surasinin-vazifedar-sahislarini-deral-cinaiy-cevapkarliqqa-cekilmesini-talap-ettiler","status":"publish","type":"post","link":"https:\/\/qtmm.org\/qt\/butunqirim-mitinginin-istirakcileri-ayirimciliq-cagiruvlari-ve-areketleri-icun-qirim-yuqari-surasinin-vazifedar-sahislarini-deral-cinaiy-cevapkarliqqa-cekilmesini-talap-ettiler\/","title":{"rendered":"B\u00fct\u00fcnq\u0131r\u0131m mitingini\u00f1 i\u015ftirak\u00e7ileri ay\u0131r\u0131mc\u0131l\u0131q \u00e7a\u011f\u0131ruvlar\u0131 ve areketleri i\u00e7\u00fcn Q\u0131r\u0131m Yuqar\u0131 \u015euras\u0131n\u0131\u00f1 vazifedar \u015fah\u0131slar\u0131n\u0131 deral cinaiy cevapk\u00e2rl\u0131qqa \u00e7ekilmesini talap ettiler"},"content":{"rendered":"\n<p class=\"has-text-align-center\"><strong>Q\u0131r\u0131m Halq cumhuritetini\u00f1 reisi, Q\u0131r\u0131m, Poloniya, Litvaniya ve Beyaz Rusiye musulmanlar\u0131n\u0131\u00f1 m\u00fcftiyi, &#8220;Ant etkenmen&#8221; q\u0131r\u0131mtatar milliy gimnini\u00f1 m\u00fcellifi Noman \u00c7elebicihann\u0131\u00f1 hat\u0131ras\u0131na ba\u011f\u0131\u015flan\u011fan B\u00fct\u00fcnq\u0131r\u0131m mitingini\u00f1<br>QARARI<\/strong><\/p>\n\n\n\n<p>Biz, Q\u0131r\u0131m Halq cumhuritetini\u00f1 reisi, Q\u0131r\u0131m, Poloniya, Litvaniya ve Beyaz Rusiye musulmanlar\u0131n\u0131\u00f1 m\u00fcftiyi, &#8220;Ant etkenmen&#8221; q\u0131r\u0131mtatar milliy gimnini\u00f1 m\u00fcellifi Noman \u00c7elebicihann\u0131\u00f1 hat\u0131ras\u0131na ba\u011f\u0131\u015flan\u011fan B\u00fct\u00fcnq\u0131r\u0131m mitingi i\u015ftirak\u00e7ileri<\/p>\n\n\n\n<p>-1918 senesi fevral 23 k\u00fcn\u00fc bol\u015fevikler taraf\u0131ndan vah\u015fiyane \u00f6ld\u00fcrilgen Q\u0131r\u0131mn\u0131\u00f1 b\u00fcy\u00fck devlet ve cemaat erbab\u0131n\u0131\u00f1 ayd\u0131n hat\u0131ras\u0131 \u00f6g\u00fcnde ba\u015flar\u0131m\u0131zn\u0131 egip, Y\u00fcce Rabbimizge dua eterek,<\/p>\n\n\n\n<p>&#8211; 1917 senesi &#8220;Q\u0131r\u0131mtatar milliy \u00fck\u00fcmeti yal\u0131\u00f1\u0131z tam\u0131r halqn\u0131\u00f1 baht\u0131 ve ya\u015fay\u0131\u015f\u0131n\u0131 teminlevnen s\u0131\u00f1\u0131rlanmadan, vatanda\u015flar, yar\u0131mada sakinlerini basq\u0131, isyanlardan qor\u00e7alamaq, olarn\u0131\u00f1 ayat\u0131 ve \u015ferefini qor\u00e7alamaqn\u0131 \u00f6z\u00fcni\u00f1 muqaddes borcu, dep saya&#8221; degen Noman \u00c7elebicihann\u0131\u00f1 \u011fayelerine sad\u0131ql\u0131\u011f\u0131m\u0131zn\u0131 tasdiqlayaraq,<\/p>\n\n\n\n<p>&#8211; Ukrainada insan aqlar\u0131 ve halqlarn\u0131\u00f1 aqlar\u0131 teminlenmesi, vatanda\u015fl\u0131q cemiyetini\u00f1 tiklenilmesi i\u00e7\u00fcn mes\u00fclietli ol\u011fan\u0131m\u0131zn\u0131 a\u00f1layaraq,<\/p>\n\n\n\n<p>&#8211; Avropa Birligini\u00f1 tolu uquql\u0131 azas\u0131 &#8211; mustaqil demokratik Ukraina devletinde serbestlik, adalet ideallar\u0131 ve bizim munasip \u00f6m\u00fcrge \u0131nt\u0131luv\u0131m\u0131z i\u00e7\u00fcn Yevromaydanda el\u00e2k ol\u011fanlarn\u0131\u00f1 episini\u00f1 aileleri, aqrabalar\u0131 ve yaq\u0131nlar\u0131na teren taziyelerimizni bildirerek,<\/p>\n\n\n\n<p>&#8211; ileride Ukraina\u011fa diktatura ve avtoritar rejim qayt\u0131p kelmesine yol bermemek maqsad\u0131nda<br>Ukraina Yuqar\u0131 \u015euras\u0131n\u0131\u00f1 fevral 21-22 k\u00fcnleri Ukrainada demokratiya ve insan aqlar\u0131 i\u00e7\u00fcn k\u00fcre\u015fken onlarnen ukrain vatanda\u015flar\u0131n\u0131\u00f1 \u00f6ld\u00fcrilmesinde qabaatl\u0131 Yanukovi\u00e7n\u0131\u00f1 cinaiy rejimini da\u011f\u0131tmaq maqsad\u0131nda al\u011fan qararlar\u0131na tolus\u0131nen qoltutqan\u0131m\u0131zn\u0131 bildiremiz. Bun\u0131\u00f1nen birlikte biz, B\u00fct\u00fcnq\u0131r\u0131m mitingini\u00f1 i\u015ftirak\u00e7ileri, Ukraina Yanukovi\u00e7 rejiminini aqibetlerinden temizlenirken, ayn\u0131 vaq\u0131tta Q\u0131r\u0131m cemiyetinde kerginlik sebepleri ve menbas\u0131 ol\u011fan \u015feylerni yoq etmek boyunca acele \u00e7areler k\u00f6r\u00fclmesini talap etemiz. Yani:<\/p>\n\n\n\n<p>&#8211; Ukraina Regionlar partiyas\u0131n\u0131\u00f1 Q\u0131r\u0131m Yuqar\u0131 \u015euras\u0131, \u015feer, rayon, k\u00f6y ve qasaba \u015furalarn\u0131\u00f1 faaliyetini\u00f1 \u00fczerinden basq\u0131 toqtat\u0131ls\u0131n. \u00c7\u00fcnki bu basq\u0131 neticesinde Regionlar partiyas\u0131n\u0131\u00f1 pozitsiyas\u0131na qoltutma\u011fan deputatlar, k\u00f6y \u015furalar\u0131n\u0131\u00f1 deputatlar\u0131, \u015feer ve k\u00f6y yolba\u015f\u00e7\u0131lar\u0131n\u0131\u00f1 rol\u00fc tsifirge t\u00fc\u015f\u00fcrildi,<\/p>\n\n\n\n<p>&#8211; Q\u0131r\u0131m \u00fck\u00fcmeti taraf\u0131ndan ke\u00e7irilgen Q\u0131r\u0131m cemiyetini b\u00f6lmek ve biri-birine qar\u015f\u0131 qoymaq siyaseti qaralanmas\u0131 ve toqtat\u0131lmas\u0131n\u0131 talap etemiz, devlet hadimleri, b\u00fccet te\u015fkil\u00e2tlarn\u0131\u00f1 i\u015f\u00e7ileri, yerli idare organlar\u0131ndaki saylan\u011fan vazifeli \u015fah\u0131slarn\u0131 \u00fck\u00fcmdar partiya\u011fa meyillik k\u00f6stermege ve olarn\u0131\u00f1 partiya ke\u00e7irgen siyasiy tedbirlerinde qat\u0131lma\u011fa mecbur etken idare usullar\u0131ndan vazge\u00e7ilmesi,<\/p>\n\n\n\n<p>&#8211; Q\u0131r\u0131mn\u0131\u00f1 tam\u0131r halq\u0131n\u0131\u00f1 vekilleri ol\u011fan q\u0131r\u0131mtatarlarn\u0131\u00f1 qararlarn\u0131 i\u015flev, qabul et\u00fcv ve amelge ke\u00e7ir\u00fcv ceryanlar\u0131nda i\u015ftirak et\u00fcvden \u00e7etle\u015ftirgen aqs\u0131mlay\u0131c\u0131 kadro siyasetinden vazge\u00e7mekni talap etemiz.<\/p>\n\n\n\n<p><strong>Bu maqsadnen biz Ukraina Yuqar\u0131 \u015euras\u0131ndan talap etemiz:<\/strong><\/p>\n\n\n\n<p>&#8211; Q\u0131r\u0131m Yuqar\u0131 \u015euras\u0131 vek\u00e2letligini\u00f1 m\u00fcddetinden evel toqtat\u0131lmas\u0131 ve Q\u0131r\u0131m Yuqar\u0131 \u015euras\u0131na q\u0131r\u0131mtatarlarn\u0131\u00f1 Q\u0131r\u0131m Yuqar\u0131 \u015euras\u0131nda, \u015feer ve rayon \u015furalar\u0131nda halqara standartlar\u011fa k\u00f6re kefaletli ve semereli temsilciligini temin etken mehanizmlerni k\u00f6zde tutqan ya\u00f1\u0131 saylav qanun\u0131 esas\u0131nda m\u00fcddetinden evel saylavlar ke\u00e7irilsin.<\/p>\n\n\n\n<p>&#8211; Q\u0131r\u0131m icra akmiyetinini b\u00fct\u00fcn qurumlar\u0131, nazirlikler, idareler, cumhuriyet komitetleri, uquqqoruv organlar\u0131nda yolba\u015f\u00e7\u0131 \u015fah\u0131slar seviyesinde tam\u0131r halq vekillerini\u00f1 temsil etil\u00fcvi qanuniy \u015fekilde pekitilsin.<\/p>\n\n\n\n<p>-Q\u0131r\u0131m Yuqar\u0131 \u015euras\u0131n\u0131\u00f1 vazifedar \u015fah\u0131slar\u0131 Ukraina b\u00fct\u00fcnligi ve mustaqilligine tel\u00fcke ketirgen ve Q\u0131r\u0131mda i\u00e7timaiy-siyasiy vaziyetni\u00f1 keskin kerginle\u015fmesini\u00f1 sebebi ol\u011fan ay\u0131r\u0131mc\u0131l\u0131q \u00e7a\u011f\u0131ruvlar\u0131 ve areketleri i\u00e7\u00fcn deral cinaiy cevapk\u00e2rl\u0131qqa \u00e7ekilsinler.<\/p>\n\n\n\n<p>Biz Q\u0131r\u0131m icra akimiyetini\u00f1 epsi organlar\u0131, rayon devlet memuriyetleri, yerli idare organlar\u0131ndan e\u00f1 q\u0131sqa vaq\u0131t i\u00e7inde Q\u0131r\u0131m cemiyetini\u00f1 ya\u015fay\u0131\u015f\u0131 ve faaliyetinen em de q\u0131r\u0131mtatar halq\u0131 aqlar\u0131n\u0131\u00f1 \u011fayr\u0131dan tiklenmesinen ba\u011fl\u0131 meseleler boyunca q\u0131r\u0131mtatar halq\u0131n\u0131\u00f1 Meclisi, regional ve yerli meclislernen i\u015fbirlik ve ba\u011f qurmaqn\u0131 talap etemiz.<\/p>\n\n\n\n<figure class=\"wp-block-image size-full\"><img loading=\"lazy\" decoding=\"async\" width=\"670\" height=\"310\" src=\"http:\/\/qtmm.org\/wp-content\/uploads\/2022\/01\/resolution1.jpeg\" alt=\"\" class=\"wp-image-43618\" srcset=\"https:\/\/qtmm.org\/wp-content\/uploads\/2022\/01\/resolution1.jpeg 670w, https:\/\/qtmm.org\/wp-content\/uploads\/2022\/01\/resolution1-300x139.jpeg 300w\" sizes=\"auto, (max-width: 670px) 100vw, 670px\" \/><\/figure>\n\n\n\n<p><em>Q\u0131r\u0131m Halq cumhuritetini\u00f1 reisi, Q\u0131r\u0131m, Poloniya, Litvaniya ve Beyaz Rusiye musulmanlar\u0131n\u0131\u00f1 m\u00fcftiyi, &#8220;Ant etkenmen&#8221; q\u0131r\u0131mtatar milliy gimnini\u00f1 m\u00fcellifi Noman \u00c7elebicihann\u0131\u00f1 hat\u0131ras\u0131na ba\u011f\u0131\u015flan\u011fan B\u00fct\u00fcnq\u0131r\u0131m mitingi i\u015ftirak\u00e7ileri<\/em><\/p>\n\n\n\n<p><strong>Aqmescit \u015f.<\/strong><\/p>\n","protected":false},"excerpt":{"rendered":"<p>Q\u0131r\u0131m Halq cumhuritetini\u00f1 reisi, Q\u0131r\u0131m, Poloniya, Litvaniya ve Beyaz Rusiye musulmanlar\u0131n\u0131\u00f1 m\u00fcftiyi, &#8220;Ant etkenmen&#8221; q\u0131r\u0131mtatar milliy gimnini\u00f1 m\u00fcellifi Noman \u00c7elebicihann\u0131\u00f1 hat\u0131ras\u0131na ba\u011f\u0131\u015flan\u011fan B\u00fct\u00fcnq\u0131r\u0131m mitingini\u00f1QARARI Biz, Q\u0131r\u0131m Halq cumhuritetini\u00f1 reisi, Q\u0131r\u0131m, Poloniya, Litvaniya ve Beyaz Rusiye musulmanlar\u0131n\u0131\u00f1 m\u00fcftiyi, &#8220;Ant etkenmen&#8221; q\u0131r\u0131mtatar milliy gimnini\u00f1 m\u00fcellifi Noman \u00c7elebicihann\u0131\u00f1 hat\u0131ras\u0131na ba\u011f\u0131\u015flan\u011fan B\u00fct\u00fcnq\u0131r\u0131m mitingi i\u015ftirak\u00e7ileri -1918 senesi fevral 23 k\u00fcn\u00fc [&hellip;]<\/p>\n","protected":false},"author":1,"featured_media":0,"comment_status":"open","ping_status":"open","sticky":false,"template":"","format":"standard","meta":{"inline_featured_image":false,"footnotes":""},"categories":[265],"tags":[],"class_list":["post-43617","post","type-post","status-publish","format-standard","hentry","category-haberler"],"acf":[],"yoast_head":"<!-- This site is optimized with the Yoast SEO plugin v27.4 - https:\/\/yoast.com\/product\/yoast-seo-wordpress\/ -->\n<title>B\u00fct\u00fcnq\u0131r\u0131m mitingini\u00f1 i\u015ftirak\u00e7ileri ay\u0131r\u0131mc\u0131l\u0131q \u00e7a\u011f\u0131ruvlar\u0131 ve areketleri i\u00e7\u00fcn Q\u0131r\u0131m Yuqar\u0131 \u015euras\u0131n\u0131\u00f1 vazifedar \u015fah\u0131slar\u0131n\u0131 deral cinaiy cevapk\u00e2rl\u0131qqa \u00e7ekilmesini talap ettiler - \u041c\u0435\u0434\u0436\u043b\u0456\u0441<\/title>\n<meta name=\"robots\" content=\"index, follow, max-snippet:-1, max-image-preview:large, max-video-preview:-1\" \/>\n<link rel=\"canonical\" href=\"https:\/\/qtmm.org\/qt\/butunqirim-mitinginin-istirakcileri-ayirimciliq-cagiruvlari-ve-areketleri-icun-qirim-yuqari-surasinin-vazifedar-sahislarini-deral-cinaiy-cevapkarliqqa-cekilmesini-talap-ettiler\/\" \/>\n<meta property=\"og:locale\" content=\"en_US\" \/>\n<meta property=\"og:type\" content=\"article\" \/>\n<meta property=\"og:title\" content=\"B\u00fct\u00fcnq\u0131r\u0131m mitingini\u00f1 i\u015ftirak\u00e7ileri ay\u0131r\u0131mc\u0131l\u0131q \u00e7a\u011f\u0131ruvlar\u0131 ve areketleri i\u00e7\u00fcn Q\u0131r\u0131m Yuqar\u0131 \u015euras\u0131n\u0131\u00f1 vazifedar \u015fah\u0131slar\u0131n\u0131 deral cinaiy cevapk\u00e2rl\u0131qqa \u00e7ekilmesini talap ettiler - \u041c\u0435\u0434\u0436\u043b\u0456\u0441\" \/>\n<meta property=\"og:description\" content=\"Q\u0131r\u0131m Halq cumhuritetini\u00f1 reisi, Q\u0131r\u0131m, Poloniya, Litvaniya ve Beyaz Rusiye musulmanlar\u0131n\u0131\u00f1 m\u00fcftiyi, &#8220;Ant etkenmen&#8221; q\u0131r\u0131mtatar milliy gimnini\u00f1 m\u00fcellifi Noman \u00c7elebicihann\u0131\u00f1 hat\u0131ras\u0131na ba\u011f\u0131\u015flan\u011fan B\u00fct\u00fcnq\u0131r\u0131m mitingini\u00f1QARARI Biz, Q\u0131r\u0131m Halq cumhuritetini\u00f1 reisi, Q\u0131r\u0131m, Poloniya, Litvaniya ve Beyaz Rusiye musulmanlar\u0131n\u0131\u00f1 m\u00fcftiyi, &#8220;Ant etkenmen&#8221; q\u0131r\u0131mtatar milliy gimnini\u00f1 m\u00fcellifi Noman \u00c7elebicihann\u0131\u00f1 hat\u0131ras\u0131na ba\u011f\u0131\u015flan\u011fan B\u00fct\u00fcnq\u0131r\u0131m mitingi i\u015ftirak\u00e7ileri -1918 senesi fevral 23 k\u00fcn\u00fc [&hellip;]\" \/>\n<meta property=\"og:url\" content=\"https:\/\/qtmm.org\/qt\/butunqirim-mitinginin-istirakcileri-ayirimciliq-cagiruvlari-ve-areketleri-icun-qirim-yuqari-surasinin-vazifedar-sahislarini-deral-cinaiy-cevapkarliqqa-cekilmesini-talap-ettiler\/\" \/>\n<meta property=\"og:site_name\" content=\"\u041c\u0435\u0434\u0436\u043b\u0456\u0441\" \/>\n<meta property=\"article:publisher\" content=\"https:\/\/www.facebook.com\/qtmm.info\/\" \/>\n<meta property=\"article:published_time\" content=\"2014-02-23T15:55:00+00:00\" \/>\n<meta property=\"article:modified_time\" content=\"2022-01-27T15:56:08+00:00\" \/>\n<meta property=\"og:image\" content=\"https:\/\/qtmm.org\/wp-content\/uploads\/2022\/01\/resolution1.jpeg\" \/>\n\t<meta property=\"og:image:width\" content=\"670\" \/>\n\t<meta property=\"og:image:height\" content=\"310\" \/>\n\t<meta property=\"og:image:type\" content=\"image\/jpeg\" \/>\n<meta name=\"author\" content=\"Developer\" \/>\n<meta name=\"twitter:card\" content=\"summary_large_image\" \/>\n<meta name=\"twitter:label1\" content=\"Written by\" \/>\n\t<meta name=\"twitter:data1\" content=\"Developer\" \/>\n\t<meta name=\"twitter:label2\" content=\"Est. reading time\" \/>\n\t<meta name=\"twitter:data2\" content=\"4 minutes\" \/>\n<script type=\"application\/ld+json\" class=\"yoast-schema-graph\">{\"@context\":\"https:\\\/\\\/schema.org\",\"@graph\":[{\"@type\":\"Article\",\"@id\":\"https:\\\/\\\/qtmm.org\\\/qt\\\/butunqirim-mitinginin-istirakcileri-ayirimciliq-cagiruvlari-ve-areketleri-icun-qirim-yuqari-surasinin-vazifedar-sahislarini-deral-cinaiy-cevapkarliqqa-cekilmesini-talap-ettiler\\\/#article\",\"isPartOf\":{\"@id\":\"https:\\\/\\\/qtmm.org\\\/qt\\\/butunqirim-mitinginin-istirakcileri-ayirimciliq-cagiruvlari-ve-areketleri-icun-qirim-yuqari-surasinin-vazifedar-sahislarini-deral-cinaiy-cevapkarliqqa-cekilmesini-talap-ettiler\\\/\"},\"author\":{\"name\":\"Developer\",\"@id\":\"https:\\\/\\\/qtmm.org\\\/qt\\\/#\\\/schema\\\/person\\\/de562469f971dec226ac06e60bbf74a7\"},\"headline\":\"B\u00fct\u00fcnq\u0131r\u0131m mitingini\u00f1 i\u015ftirak\u00e7ileri ay\u0131r\u0131mc\u0131l\u0131q \u00e7a\u011f\u0131ruvlar\u0131 ve areketleri i\u00e7\u00fcn Q\u0131r\u0131m Yuqar\u0131 \u015euras\u0131n\u0131\u00f1 vazifedar \u015fah\u0131slar\u0131n\u0131 deral cinaiy cevapk\u00e2rl\u0131qqa \u00e7ekilmesini talap ettiler\",\"datePublished\":\"2014-02-23T15:55:00+00:00\",\"dateModified\":\"2022-01-27T15:56:08+00:00\",\"mainEntityOfPage\":{\"@id\":\"https:\\\/\\\/qtmm.org\\\/qt\\\/butunqirim-mitinginin-istirakcileri-ayirimciliq-cagiruvlari-ve-areketleri-icun-qirim-yuqari-surasinin-vazifedar-sahislarini-deral-cinaiy-cevapkarliqqa-cekilmesini-talap-ettiler\\\/\"},\"wordCount\":798,\"commentCount\":0,\"publisher\":{\"@id\":\"https:\\\/\\\/qtmm.org\\\/qt\\\/#organization\"},\"image\":{\"@id\":\"https:\\\/\\\/qtmm.org\\\/qt\\\/butunqirim-mitinginin-istirakcileri-ayirimciliq-cagiruvlari-ve-areketleri-icun-qirim-yuqari-surasinin-vazifedar-sahislarini-deral-cinaiy-cevapkarliqqa-cekilmesini-talap-ettiler\\\/#primaryimage\"},\"thumbnailUrl\":\"http:\\\/\\\/qtmm.org\\\/wp-content\\\/uploads\\\/2022\\\/01\\\/resolution1.jpeg\",\"articleSection\":[\"Haberler\"],\"inLanguage\":\"qt\",\"potentialAction\":[{\"@type\":\"CommentAction\",\"name\":\"Comment\",\"target\":[\"https:\\\/\\\/qtmm.org\\\/qt\\\/butunqirim-mitinginin-istirakcileri-ayirimciliq-cagiruvlari-ve-areketleri-icun-qirim-yuqari-surasinin-vazifedar-sahislarini-deral-cinaiy-cevapkarliqqa-cekilmesini-talap-ettiler\\\/#respond\"]}]},{\"@type\":\"WebPage\",\"@id\":\"https:\\\/\\\/qtmm.org\\\/qt\\\/butunqirim-mitinginin-istirakcileri-ayirimciliq-cagiruvlari-ve-areketleri-icun-qirim-yuqari-surasinin-vazifedar-sahislarini-deral-cinaiy-cevapkarliqqa-cekilmesini-talap-ettiler\\\/\",\"url\":\"https:\\\/\\\/qtmm.org\\\/qt\\\/butunqirim-mitinginin-istirakcileri-ayirimciliq-cagiruvlari-ve-areketleri-icun-qirim-yuqari-surasinin-vazifedar-sahislarini-deral-cinaiy-cevapkarliqqa-cekilmesini-talap-ettiler\\\/\",\"name\":\"B\u00fct\u00fcnq\u0131r\u0131m mitingini\u00f1 i\u015ftirak\u00e7ileri ay\u0131r\u0131mc\u0131l\u0131q \u00e7a\u011f\u0131ruvlar\u0131 ve areketleri i\u00e7\u00fcn Q\u0131r\u0131m Yuqar\u0131 \u015euras\u0131n\u0131\u00f1 vazifedar \u015fah\u0131slar\u0131n\u0131 deral cinaiy cevapk\u00e2rl\u0131qqa \u00e7ekilmesini talap ettiler - \u041c\u0435\u0434\u0436\u043b\u0456\u0441\",\"isPartOf\":{\"@id\":\"https:\\\/\\\/qtmm.org\\\/qt\\\/#website\"},\"primaryImageOfPage\":{\"@id\":\"https:\\\/\\\/qtmm.org\\\/qt\\\/butunqirim-mitinginin-istirakcileri-ayirimciliq-cagiruvlari-ve-areketleri-icun-qirim-yuqari-surasinin-vazifedar-sahislarini-deral-cinaiy-cevapkarliqqa-cekilmesini-talap-ettiler\\\/#primaryimage\"},\"image\":{\"@id\":\"https:\\\/\\\/qtmm.org\\\/qt\\\/butunqirim-mitinginin-istirakcileri-ayirimciliq-cagiruvlari-ve-areketleri-icun-qirim-yuqari-surasinin-vazifedar-sahislarini-deral-cinaiy-cevapkarliqqa-cekilmesini-talap-ettiler\\\/#primaryimage\"},\"thumbnailUrl\":\"http:\\\/\\\/qtmm.org\\\/wp-content\\\/uploads\\\/2022\\\/01\\\/resolution1.jpeg\",\"datePublished\":\"2014-02-23T15:55:00+00:00\",\"dateModified\":\"2022-01-27T15:56:08+00:00\",\"breadcrumb\":{\"@id\":\"https:\\\/\\\/qtmm.org\\\/qt\\\/butunqirim-mitinginin-istirakcileri-ayirimciliq-cagiruvlari-ve-areketleri-icun-qirim-yuqari-surasinin-vazifedar-sahislarini-deral-cinaiy-cevapkarliqqa-cekilmesini-talap-ettiler\\\/#breadcrumb\"},\"inLanguage\":\"qt\",\"potentialAction\":[{\"@type\":\"ReadAction\",\"target\":[\"https:\\\/\\\/qtmm.org\\\/qt\\\/butunqirim-mitinginin-istirakcileri-ayirimciliq-cagiruvlari-ve-areketleri-icun-qirim-yuqari-surasinin-vazifedar-sahislarini-deral-cinaiy-cevapkarliqqa-cekilmesini-talap-ettiler\\\/\"]}]},{\"@type\":\"ImageObject\",\"inLanguage\":\"qt\",\"@id\":\"https:\\\/\\\/qtmm.org\\\/qt\\\/butunqirim-mitinginin-istirakcileri-ayirimciliq-cagiruvlari-ve-areketleri-icun-qirim-yuqari-surasinin-vazifedar-sahislarini-deral-cinaiy-cevapkarliqqa-cekilmesini-talap-ettiler\\\/#primaryimage\",\"url\":\"http:\\\/\\\/qtmm.org\\\/wp-content\\\/uploads\\\/2022\\\/01\\\/resolution1.jpeg\",\"contentUrl\":\"http:\\\/\\\/qtmm.org\\\/wp-content\\\/uploads\\\/2022\\\/01\\\/resolution1.jpeg\"},{\"@type\":\"BreadcrumbList\",\"@id\":\"https:\\\/\\\/qtmm.org\\\/qt\\\/butunqirim-mitinginin-istirakcileri-ayirimciliq-cagiruvlari-ve-areketleri-icun-qirim-yuqari-surasinin-vazifedar-sahislarini-deral-cinaiy-cevapkarliqqa-cekilmesini-talap-ettiler\\\/#breadcrumb\",\"itemListElement\":[{\"@type\":\"ListItem\",\"position\":1,\"name\":\"\u0413\u043e\u043b\u043e\u0432\u043d\u0430\",\"item\":\"https:\\\/\\\/qtmm.org\\\/qt\\\/\"},{\"@type\":\"ListItem\",\"position\":2,\"name\":\"B\u00fct\u00fcnq\u0131r\u0131m mitingini\u00f1 i\u015ftirak\u00e7ileri ay\u0131r\u0131mc\u0131l\u0131q \u00e7a\u011f\u0131ruvlar\u0131 ve areketleri i\u00e7\u00fcn Q\u0131r\u0131m Yuqar\u0131 \u015euras\u0131n\u0131\u00f1 vazifedar \u015fah\u0131slar\u0131n\u0131 deral cinaiy cevapk\u00e2rl\u0131qqa \u00e7ekilmesini talap ettiler\"}]},{\"@type\":\"WebSite\",\"@id\":\"https:\\\/\\\/qtmm.org\\\/qt\\\/#website\",\"url\":\"https:\\\/\\\/qtmm.org\\\/qt\\\/\",\"name\":\"\u041c\u0435\u0434\u0436\u043b\u0456\u0441\",\"description\":\"\",\"publisher\":{\"@id\":\"https:\\\/\\\/qtmm.org\\\/qt\\\/#organization\"},\"potentialAction\":[{\"@type\":\"SearchAction\",\"target\":{\"@type\":\"EntryPoint\",\"urlTemplate\":\"https:\\\/\\\/qtmm.org\\\/qt\\\/?s={search_term_string}\"},\"query-input\":{\"@type\":\"PropertyValueSpecification\",\"valueRequired\":true,\"valueName\":\"search_term_string\"}}],\"inLanguage\":\"qt\"},{\"@type\":\"Organization\",\"@id\":\"https:\\\/\\\/qtmm.org\\\/qt\\\/#organization\",\"name\":\"\u041c\u0435\u0434\u0436\u043b\u0456\u0441\",\"url\":\"https:\\\/\\\/qtmm.org\\\/qt\\\/\",\"logo\":{\"@type\":\"ImageObject\",\"inLanguage\":\"qt\",\"@id\":\"https:\\\/\\\/qtmm.org\\\/qt\\\/#\\\/schema\\\/logo\\\/image\\\/\",\"url\":\"https:\\\/\\\/qtmm.org\\\/wp-content\\\/uploads\\\/2024\\\/12\\\/ua-mejlis-logo-rgb.svg\",\"contentUrl\":\"https:\\\/\\\/qtmm.org\\\/wp-content\\\/uploads\\\/2024\\\/12\\\/ua-mejlis-logo-rgb.svg\",\"caption\":\"\u041c\u0435\u0434\u0436\u043b\u0456\u0441\"},\"image\":{\"@id\":\"https:\\\/\\\/qtmm.org\\\/qt\\\/#\\\/schema\\\/logo\\\/image\\\/\"},\"sameAs\":[\"https:\\\/\\\/www.facebook.com\\\/qtmm.info\\\/\"]},{\"@type\":\"Person\",\"@id\":\"https:\\\/\\\/qtmm.org\\\/qt\\\/#\\\/schema\\\/person\\\/de562469f971dec226ac06e60bbf74a7\",\"name\":\"Developer\",\"image\":{\"@type\":\"ImageObject\",\"inLanguage\":\"qt\",\"@id\":\"https:\\\/\\\/secure.gravatar.com\\\/avatar\\\/392b4cc8fbfeb00b39dfeeab4ee6edded39ffd48e25858637e4765810300227e?s=96&d=mm&r=g\",\"url\":\"https:\\\/\\\/secure.gravatar.com\\\/avatar\\\/392b4cc8fbfeb00b39dfeeab4ee6edded39ffd48e25858637e4765810300227e?s=96&d=mm&r=g\",\"contentUrl\":\"https:\\\/\\\/secure.gravatar.com\\\/avatar\\\/392b4cc8fbfeb00b39dfeeab4ee6edded39ffd48e25858637e4765810300227e?s=96&d=mm&r=g\",\"caption\":\"Developer\"},\"url\":\"https:\\\/\\\/qtmm.org\\\/qt\\\/author\\\/Developer\\\/\"}]}<\/script>\n<!-- \/ Yoast SEO plugin. -->","yoast_head_json":{"title":"B\u00fct\u00fcnq\u0131r\u0131m mitingini\u00f1 i\u015ftirak\u00e7ileri ay\u0131r\u0131mc\u0131l\u0131q \u00e7a\u011f\u0131ruvlar\u0131 ve areketleri i\u00e7\u00fcn Q\u0131r\u0131m Yuqar\u0131 \u015euras\u0131n\u0131\u00f1 vazifedar \u015fah\u0131slar\u0131n\u0131 deral cinaiy cevapk\u00e2rl\u0131qqa \u00e7ekilmesini talap ettiler - \u041c\u0435\u0434\u0436\u043b\u0456\u0441","robots":{"index":"index","follow":"follow","max-snippet":"max-snippet:-1","max-image-preview":"max-image-preview:large","max-video-preview":"max-video-preview:-1"},"canonical":"https:\/\/qtmm.org\/qt\/butunqirim-mitinginin-istirakcileri-ayirimciliq-cagiruvlari-ve-areketleri-icun-qirim-yuqari-surasinin-vazifedar-sahislarini-deral-cinaiy-cevapkarliqqa-cekilmesini-talap-ettiler\/","og_locale":"en_US","og_type":"article","og_title":"B\u00fct\u00fcnq\u0131r\u0131m mitingini\u00f1 i\u015ftirak\u00e7ileri ay\u0131r\u0131mc\u0131l\u0131q \u00e7a\u011f\u0131ruvlar\u0131 ve areketleri i\u00e7\u00fcn Q\u0131r\u0131m Yuqar\u0131 \u015euras\u0131n\u0131\u00f1 vazifedar \u015fah\u0131slar\u0131n\u0131 deral cinaiy cevapk\u00e2rl\u0131qqa \u00e7ekilmesini talap ettiler - \u041c\u0435\u0434\u0436\u043b\u0456\u0441","og_description":"Q\u0131r\u0131m Halq cumhuritetini\u00f1 reisi, Q\u0131r\u0131m, Poloniya, Litvaniya ve Beyaz Rusiye musulmanlar\u0131n\u0131\u00f1 m\u00fcftiyi, &#8220;Ant etkenmen&#8221; q\u0131r\u0131mtatar milliy gimnini\u00f1 m\u00fcellifi Noman \u00c7elebicihann\u0131\u00f1 hat\u0131ras\u0131na ba\u011f\u0131\u015flan\u011fan B\u00fct\u00fcnq\u0131r\u0131m mitingini\u00f1QARARI Biz, Q\u0131r\u0131m Halq cumhuritetini\u00f1 reisi, Q\u0131r\u0131m, Poloniya, Litvaniya ve Beyaz Rusiye musulmanlar\u0131n\u0131\u00f1 m\u00fcftiyi, &#8220;Ant etkenmen&#8221; q\u0131r\u0131mtatar milliy gimnini\u00f1 m\u00fcellifi Noman \u00c7elebicihann\u0131\u00f1 hat\u0131ras\u0131na ba\u011f\u0131\u015flan\u011fan B\u00fct\u00fcnq\u0131r\u0131m mitingi i\u015ftirak\u00e7ileri -1918 senesi fevral 23 k\u00fcn\u00fc [&hellip;]","og_url":"https:\/\/qtmm.org\/qt\/butunqirim-mitinginin-istirakcileri-ayirimciliq-cagiruvlari-ve-areketleri-icun-qirim-yuqari-surasinin-vazifedar-sahislarini-deral-cinaiy-cevapkarliqqa-cekilmesini-talap-ettiler\/","og_site_name":"\u041c\u0435\u0434\u0436\u043b\u0456\u0441","article_publisher":"https:\/\/www.facebook.com\/qtmm.info\/","article_published_time":"2014-02-23T15:55:00+00:00","article_modified_time":"2022-01-27T15:56:08+00:00","og_image":[{"width":670,"height":310,"url":"https:\/\/qtmm.org\/wp-content\/uploads\/2022\/01\/resolution1.jpeg","type":"image\/jpeg"}],"author":"Developer","twitter_card":"summary_large_image","twitter_misc":{"Written by":"Developer","Est. reading time":"4 minutes"},"schema":{"@context":"https:\/\/schema.org","@graph":[{"@type":"Article","@id":"https:\/\/qtmm.org\/qt\/butunqirim-mitinginin-istirakcileri-ayirimciliq-cagiruvlari-ve-areketleri-icun-qirim-yuqari-surasinin-vazifedar-sahislarini-deral-cinaiy-cevapkarliqqa-cekilmesini-talap-ettiler\/#article","isPartOf":{"@id":"https:\/\/qtmm.org\/qt\/butunqirim-mitinginin-istirakcileri-ayirimciliq-cagiruvlari-ve-areketleri-icun-qirim-yuqari-surasinin-vazifedar-sahislarini-deral-cinaiy-cevapkarliqqa-cekilmesini-talap-ettiler\/"},"author":{"name":"Developer","@id":"https:\/\/qtmm.org\/qt\/#\/schema\/person\/de562469f971dec226ac06e60bbf74a7"},"headline":"B\u00fct\u00fcnq\u0131r\u0131m mitingini\u00f1 i\u015ftirak\u00e7ileri ay\u0131r\u0131mc\u0131l\u0131q \u00e7a\u011f\u0131ruvlar\u0131 ve areketleri i\u00e7\u00fcn Q\u0131r\u0131m Yuqar\u0131 \u015euras\u0131n\u0131\u00f1 vazifedar \u015fah\u0131slar\u0131n\u0131 deral cinaiy cevapk\u00e2rl\u0131qqa \u00e7ekilmesini talap ettiler","datePublished":"2014-02-23T15:55:00+00:00","dateModified":"2022-01-27T15:56:08+00:00","mainEntityOfPage":{"@id":"https:\/\/qtmm.org\/qt\/butunqirim-mitinginin-istirakcileri-ayirimciliq-cagiruvlari-ve-areketleri-icun-qirim-yuqari-surasinin-vazifedar-sahislarini-deral-cinaiy-cevapkarliqqa-cekilmesini-talap-ettiler\/"},"wordCount":798,"commentCount":0,"publisher":{"@id":"https:\/\/qtmm.org\/qt\/#organization"},"image":{"@id":"https:\/\/qtmm.org\/qt\/butunqirim-mitinginin-istirakcileri-ayirimciliq-cagiruvlari-ve-areketleri-icun-qirim-yuqari-surasinin-vazifedar-sahislarini-deral-cinaiy-cevapkarliqqa-cekilmesini-talap-ettiler\/#primaryimage"},"thumbnailUrl":"http:\/\/qtmm.org\/wp-content\/uploads\/2022\/01\/resolution1.jpeg","articleSection":["Haberler"],"inLanguage":"qt","potentialAction":[{"@type":"CommentAction","name":"Comment","target":["https:\/\/qtmm.org\/qt\/butunqirim-mitinginin-istirakcileri-ayirimciliq-cagiruvlari-ve-areketleri-icun-qirim-yuqari-surasinin-vazifedar-sahislarini-deral-cinaiy-cevapkarliqqa-cekilmesini-talap-ettiler\/#respond"]}]},{"@type":"WebPage","@id":"https:\/\/qtmm.org\/qt\/butunqirim-mitinginin-istirakcileri-ayirimciliq-cagiruvlari-ve-areketleri-icun-qirim-yuqari-surasinin-vazifedar-sahislarini-deral-cinaiy-cevapkarliqqa-cekilmesini-talap-ettiler\/","url":"https:\/\/qtmm.org\/qt\/butunqirim-mitinginin-istirakcileri-ayirimciliq-cagiruvlari-ve-areketleri-icun-qirim-yuqari-surasinin-vazifedar-sahislarini-deral-cinaiy-cevapkarliqqa-cekilmesini-talap-ettiler\/","name":"B\u00fct\u00fcnq\u0131r\u0131m mitingini\u00f1 i\u015ftirak\u00e7ileri ay\u0131r\u0131mc\u0131l\u0131q \u00e7a\u011f\u0131ruvlar\u0131 ve areketleri i\u00e7\u00fcn Q\u0131r\u0131m Yuqar\u0131 \u015euras\u0131n\u0131\u00f1 vazifedar \u015fah\u0131slar\u0131n\u0131 deral cinaiy cevapk\u00e2rl\u0131qqa \u00e7ekilmesini talap ettiler - \u041c\u0435\u0434\u0436\u043b\u0456\u0441","isPartOf":{"@id":"https:\/\/qtmm.org\/qt\/#website"},"primaryImageOfPage":{"@id":"https:\/\/qtmm.org\/qt\/butunqirim-mitinginin-istirakcileri-ayirimciliq-cagiruvlari-ve-areketleri-icun-qirim-yuqari-surasinin-vazifedar-sahislarini-deral-cinaiy-cevapkarliqqa-cekilmesini-talap-ettiler\/#primaryimage"},"image":{"@id":"https:\/\/qtmm.org\/qt\/butunqirim-mitinginin-istirakcileri-ayirimciliq-cagiruvlari-ve-areketleri-icun-qirim-yuqari-surasinin-vazifedar-sahislarini-deral-cinaiy-cevapkarliqqa-cekilmesini-talap-ettiler\/#primaryimage"},"thumbnailUrl":"http:\/\/qtmm.org\/wp-content\/uploads\/2022\/01\/resolution1.jpeg","datePublished":"2014-02-23T15:55:00+00:00","dateModified":"2022-01-27T15:56:08+00:00","breadcrumb":{"@id":"https:\/\/qtmm.org\/qt\/butunqirim-mitinginin-istirakcileri-ayirimciliq-cagiruvlari-ve-areketleri-icun-qirim-yuqari-surasinin-vazifedar-sahislarini-deral-cinaiy-cevapkarliqqa-cekilmesini-talap-ettiler\/#breadcrumb"},"inLanguage":"qt","potentialAction":[{"@type":"ReadAction","target":["https:\/\/qtmm.org\/qt\/butunqirim-mitinginin-istirakcileri-ayirimciliq-cagiruvlari-ve-areketleri-icun-qirim-yuqari-surasinin-vazifedar-sahislarini-deral-cinaiy-cevapkarliqqa-cekilmesini-talap-ettiler\/"]}]},{"@type":"ImageObject","inLanguage":"qt","@id":"https:\/\/qtmm.org\/qt\/butunqirim-mitinginin-istirakcileri-ayirimciliq-cagiruvlari-ve-areketleri-icun-qirim-yuqari-surasinin-vazifedar-sahislarini-deral-cinaiy-cevapkarliqqa-cekilmesini-talap-ettiler\/#primaryimage","url":"http:\/\/qtmm.org\/wp-content\/uploads\/2022\/01\/resolution1.jpeg","contentUrl":"http:\/\/qtmm.org\/wp-content\/uploads\/2022\/01\/resolution1.jpeg"},{"@type":"BreadcrumbList","@id":"https:\/\/qtmm.org\/qt\/butunqirim-mitinginin-istirakcileri-ayirimciliq-cagiruvlari-ve-areketleri-icun-qirim-yuqari-surasinin-vazifedar-sahislarini-deral-cinaiy-cevapkarliqqa-cekilmesini-talap-ettiler\/#breadcrumb","itemListElement":[{"@type":"ListItem","position":1,"name":"\u0413\u043e\u043b\u043e\u0432\u043d\u0430","item":"https:\/\/qtmm.org\/qt\/"},{"@type":"ListItem","position":2,"name":"B\u00fct\u00fcnq\u0131r\u0131m mitingini\u00f1 i\u015ftirak\u00e7ileri ay\u0131r\u0131mc\u0131l\u0131q \u00e7a\u011f\u0131ruvlar\u0131 ve areketleri i\u00e7\u00fcn Q\u0131r\u0131m Yuqar\u0131 \u015euras\u0131n\u0131\u00f1 vazifedar \u015fah\u0131slar\u0131n\u0131 deral cinaiy cevapk\u00e2rl\u0131qqa \u00e7ekilmesini talap ettiler"}]},{"@type":"WebSite","@id":"https:\/\/qtmm.org\/qt\/#website","url":"https:\/\/qtmm.org\/qt\/","name":"\u041c\u0435\u0434\u0436\u043b\u0456\u0441","description":"","publisher":{"@id":"https:\/\/qtmm.org\/qt\/#organization"},"potentialAction":[{"@type":"SearchAction","target":{"@type":"EntryPoint","urlTemplate":"https:\/\/qtmm.org\/qt\/?s={search_term_string}"},"query-input":{"@type":"PropertyValueSpecification","valueRequired":true,"valueName":"search_term_string"}}],"inLanguage":"qt"},{"@type":"Organization","@id":"https:\/\/qtmm.org\/qt\/#organization","name":"\u041c\u0435\u0434\u0436\u043b\u0456\u0441","url":"https:\/\/qtmm.org\/qt\/","logo":{"@type":"ImageObject","inLanguage":"qt","@id":"https:\/\/qtmm.org\/qt\/#\/schema\/logo\/image\/","url":"https:\/\/qtmm.org\/wp-content\/uploads\/2024\/12\/ua-mejlis-logo-rgb.svg","contentUrl":"https:\/\/qtmm.org\/wp-content\/uploads\/2024\/12\/ua-mejlis-logo-rgb.svg","caption":"\u041c\u0435\u0434\u0436\u043b\u0456\u0441"},"image":{"@id":"https:\/\/qtmm.org\/qt\/#\/schema\/logo\/image\/"},"sameAs":["https:\/\/www.facebook.com\/qtmm.info\/"]},{"@type":"Person","@id":"https:\/\/qtmm.org\/qt\/#\/schema\/person\/de562469f971dec226ac06e60bbf74a7","name":"Developer","image":{"@type":"ImageObject","inLanguage":"qt","@id":"https:\/\/secure.gravatar.com\/avatar\/392b4cc8fbfeb00b39dfeeab4ee6edded39ffd48e25858637e4765810300227e?s=96&d=mm&r=g","url":"https:\/\/secure.gravatar.com\/avatar\/392b4cc8fbfeb00b39dfeeab4ee6edded39ffd48e25858637e4765810300227e?s=96&d=mm&r=g","contentUrl":"https:\/\/secure.gravatar.com\/avatar\/392b4cc8fbfeb00b39dfeeab4ee6edded39ffd48e25858637e4765810300227e?s=96&d=mm&r=g","caption":"Developer"},"url":"https:\/\/qtmm.org\/qt\/author\/Developer\/"}]}},"_links":{"self":[{"href":"https:\/\/qtmm.org\/qt\/wp-json\/wp\/v2\/posts\/43617","targetHints":{"allow":["GET"]}}],"collection":[{"href":"https:\/\/qtmm.org\/qt\/wp-json\/wp\/v2\/posts"}],"about":[{"href":"https:\/\/qtmm.org\/qt\/wp-json\/wp\/v2\/types\/post"}],"author":[{"embeddable":true,"href":"https:\/\/qtmm.org\/qt\/wp-json\/wp\/v2\/users\/1"}],"replies":[{"embeddable":true,"href":"https:\/\/qtmm.org\/qt\/wp-json\/wp\/v2\/comments?post=43617"}],"version-history":[{"count":1,"href":"https:\/\/qtmm.org\/qt\/wp-json\/wp\/v2\/posts\/43617\/revisions"}],"predecessor-version":[{"id":43622,"href":"https:\/\/qtmm.org\/qt\/wp-json\/wp\/v2\/posts\/43617\/revisions\/43622"}],"wp:attachment":[{"href":"https:\/\/qtmm.org\/qt\/wp-json\/wp\/v2\/media?parent=43617"}],"wp:term":[{"taxonomy":"category","embeddable":true,"href":"https:\/\/qtmm.org\/qt\/wp-json\/wp\/v2\/categories?post=43617"},{"taxonomy":"post_tag","embeddable":true,"href":"https:\/\/qtmm.org\/qt\/wp-json\/wp\/v2\/tags?post=43617"}],"curies":[{"name":"wp","href":"https:\/\/api.w.org\/{rel}","templated":true}]}}