




{"id":43607,"date":"2014-02-23T18:53:00","date_gmt":"2014-02-23T15:53:00","guid":{"rendered":"http:\/\/qtmm.org\/?p=43607"},"modified":"2022-01-27T18:54:49","modified_gmt":"2022-01-27T15:54:49","slug":"butunqirim-mitinginin-istirakcileri-qirim-anayasasinin-yani-sekilini-azirlav-ve-qabul-etuv-boyunca-mahsus-komissiyasini-acele-surette-meydanga-ketirmekni-talap-ettiler","status":"publish","type":"post","link":"https:\/\/qtmm.org\/qt\/butunqirim-mitinginin-istirakcileri-qirim-anayasasinin-yani-sekilini-azirlav-ve-qabul-etuv-boyunca-mahsus-komissiyasini-acele-surette-meydanga-ketirmekni-talap-ettiler\/","title":{"rendered":"B\u00fct\u00fcnq\u0131r\u0131m mitingini\u00f1 i\u015ftirak\u00e7ileri Q\u0131r\u0131m Anayasas\u0131n\u0131\u00f1 ya\u00f1\u0131 \u015fekilini az\u0131rlav ve qabul et\u00fcv boyunca mahsus komissiyas\u0131n\u0131 acele s\u00fcrette meydan\u011fa ketirmekni talap ettiler"},"content":{"rendered":"\n<p class=\"has-text-align-right\"><strong>Ukraina Yuqar\u0131 \u015euras\u0131na,<\/strong><\/p>\n\n\n\n<p class=\"has-text-align-right\"><strong>Ukraina halq deputatlar\u0131na<\/strong><\/p>\n\n\n\n<p class=\"has-text-align-center\"><strong>Q\u0131r\u0131m Halq cumhuritetini\u00f1 reisi, Q\u0131r\u0131m, Poloniya, Litvaniya ve Beyaz Rusiye musulmanlar\u0131n\u0131\u00f1 m\u00fcftiyi, &#8220;Ant etkenmen&#8221; q\u0131r\u0131mtatar milliy gimnini\u00f1 m\u00fcellifi Noman \u00c7elebicihann\u0131\u00f1 hat\u0131ras\u0131na ba\u011f\u0131\u015flan\u011fan B\u00fct\u00fcnq\u0131r\u0131m mitingi i\u015ftirak\u00e7ilerini\u00f1 muracaat\u0131<\/strong><\/p>\n\n\n\n<p>Onlarnen t\u0131n\u00e7 sakinlerni\u00f1 el\u00e2k\u0131na ketirgen siyasiy inqiraz ve Ukraina akimiyetini\u00f1 \u00f6z vatanda\u015flar\u0131 \u00fczerinden sil\u00e2l\u0131 zorbal\u0131\u011f\u0131 aqibetinde Ukrainan\u0131\u00f1 territorial b\u00fct\u00fcnligi ve mustaqilligine tel\u00fcke Ukraina Yuqar\u0131 \u015euras\u0131 taraf\u0131ndan kelecekte Ukrain devleti ve vatanda\u015flar\u0131n\u0131\u00f1 \u00f6m\u00fcrine havfn\u0131\u00f1 \u00f6g\u00fcni alacaq qanuniy aktlarn\u0131\u00f1 qabul etilmesini talap ete.<\/p>\n\n\n\n<p>Q\u0131r\u0131m Muhtar Cumhuriyetini\u00f1 mevcut Anayasas\u0131 \u00e7oqmilletli Q\u0131r\u0131m cemiyeti, \u015fu c\u00fcmleden q\u0131r\u0131mtatarlarn\u0131\u00f1 da, menfaatlar\u0131na i\u00e7 uyma\u011fan\u0131ndan \u011fayr\u0131 Q\u0131r\u0131mda vaziyetni\u00f1 kerginle\u015fmesini\u00f1 daimiy menbas\u0131d\u0131r. Bundan da \u011fayr\u0131, Q\u0131r\u0131mn\u0131\u00f1 mevcut status\u0131 Ukraina b\u00fct\u00fcnligi ve mustaqilligine tel\u00fckeni\u00f1 temeli old\u0131.<\/p>\n\n\n\n<p>Biz, B\u00fct\u00fcnq\u0131r\u0131m mitingini\u00f1 i\u015ftirak\u00e7ileri, Ukraina Yuqar\u0131 \u015euras\u0131ndan Q\u0131r\u0131mtatar halq\u0131 Meclisini\u00f1 vekilleri de erk\u00e2n\u0131na kirsetilgen Mahsus deputat komissiyas\u0131n\u0131 meydan\u011fa ketirmekni talap etemiz. Q\u0131r\u0131m Anayasas\u0131n\u0131\u00f1 ya\u00f1\u0131 \u015fekilini az\u0131rlav ve qabul et\u00fcv boyunca mezk\u00fcr komissiya q\u0131r\u0131mtatar halq\u0131n\u0131\u00f1 mustaqil Ukraina terkibinde \u00f6z tarihiy topra\u011f\u0131nda \u00f6z aqlar\u0131n\u0131 belgilev aqq\u0131n\u0131\u00f1 esas\u0131nda Q\u0131r\u0131m sakinlerini\u00f1 milleti ve dininden qatiy nazar aqlar\u0131 ve serbestliklerini temin etken ya\u00f1\u0131 Anayasan\u0131 i\u015fleycek.<\/p>\n\n\n\n<figure class=\"wp-block-image size-full\"><img loading=\"lazy\" decoding=\"async\" width=\"670\" height=\"310\" src=\"http:\/\/qtmm.org\/wp-content\/uploads\/2022\/01\/resolution2.jpeg\" alt=\"\" class=\"wp-image-43608\" srcset=\"https:\/\/qtmm.org\/wp-content\/uploads\/2022\/01\/resolution2.jpeg 670w, https:\/\/qtmm.org\/wp-content\/uploads\/2022\/01\/resolution2-300x139.jpeg 300w\" sizes=\"auto, (max-width: 670px) 100vw, 670px\" \/><\/figure>\n\n\n\n<p class=\"has-text-align-right\"><em>Q\u0131r\u0131m Halq cumhuritetini\u00f1 reisi, Q\u0131r\u0131m, Poloniya, Litvaniya ve Beyaz Rusiye musulmanlar\u0131n\u0131\u00f1 m\u00fcftiyi, &#8220;Ant etkenmen&#8221; q\u0131r\u0131mtatar milliy gimnini\u00f1 m\u00fcellifi Noman \u00c7elebicihann\u0131\u00f1 hat\u0131ras\u0131na ba\u011f\u0131\u015flan\u011fan B\u00fct\u00fcnq\u0131r\u0131m mitingi i\u015ftirak\u00e7ileri<\/em><\/p>\n\n\n\n<p class=\"has-text-align-right\"><strong>2014 senesi fevral 23. Aqmescit \u015f.<\/strong><\/p>\n","protected":false},"excerpt":{"rendered":"<p>Ukraina Yuqar\u0131 \u015euras\u0131na, Ukraina halq deputatlar\u0131na Q\u0131r\u0131m Halq cumhuritetini\u00f1 reisi, Q\u0131r\u0131m, Poloniya, Litvaniya ve Beyaz Rusiye musulmanlar\u0131n\u0131\u00f1 m\u00fcftiyi, &#8220;Ant etkenmen&#8221; q\u0131r\u0131mtatar milliy gimnini\u00f1 m\u00fcellifi Noman \u00c7elebicihann\u0131\u00f1 hat\u0131ras\u0131na ba\u011f\u0131\u015flan\u011fan B\u00fct\u00fcnq\u0131r\u0131m mitingi i\u015ftirak\u00e7ilerini\u00f1 muracaat\u0131 Onlarnen t\u0131n\u00e7 sakinlerni\u00f1 el\u00e2k\u0131na ketirgen siyasiy inqiraz ve Ukraina akimiyetini\u00f1 \u00f6z vatanda\u015flar\u0131 \u00fczerinden sil\u00e2l\u0131 zorbal\u0131\u011f\u0131 aqibetinde Ukrainan\u0131\u00f1 territorial b\u00fct\u00fcnligi ve mustaqilligine tel\u00fcke Ukraina [&hellip;]<\/p>\n","protected":false},"author":1,"featured_media":43612,"comment_status":"open","ping_status":"open","sticky":false,"template":"","format":"standard","meta":{"inline_featured_image":false,"footnotes":""},"categories":[265],"tags":[],"class_list":["post-43607","post","type-post","status-publish","format-standard","has-post-thumbnail","hentry","category-haberler"],"acf":[],"yoast_head":"<!-- This site is optimized with the Yoast SEO plugin v27.4 - https:\/\/yoast.com\/product\/yoast-seo-wordpress\/ -->\n<title>B\u00fct\u00fcnq\u0131r\u0131m mitingini\u00f1 i\u015ftirak\u00e7ileri Q\u0131r\u0131m Anayasas\u0131n\u0131\u00f1 ya\u00f1\u0131 \u015fekilini az\u0131rlav ve qabul et\u00fcv boyunca mahsus komissiyas\u0131n\u0131 acele s\u00fcrette meydan\u011fa ketirmekni talap ettiler - \u041c\u0435\u0434\u0436\u043b\u0456\u0441<\/title>\n<meta name=\"robots\" content=\"index, follow, max-snippet:-1, max-image-preview:large, max-video-preview:-1\" \/>\n<link rel=\"canonical\" href=\"https:\/\/qtmm.org\/qt\/butunqirim-mitinginin-istirakcileri-qirim-anayasasinin-yani-sekilini-azirlav-ve-qabul-etuv-boyunca-mahsus-komissiyasini-acele-surette-meydanga-ketirmekni-talap-ettiler\/\" \/>\n<meta property=\"og:locale\" content=\"en_US\" \/>\n<meta property=\"og:type\" content=\"article\" \/>\n<meta property=\"og:title\" content=\"B\u00fct\u00fcnq\u0131r\u0131m mitingini\u00f1 i\u015ftirak\u00e7ileri Q\u0131r\u0131m Anayasas\u0131n\u0131\u00f1 ya\u00f1\u0131 \u015fekilini az\u0131rlav ve qabul et\u00fcv boyunca mahsus komissiyas\u0131n\u0131 acele s\u00fcrette meydan\u011fa ketirmekni talap ettiler - \u041c\u0435\u0434\u0436\u043b\u0456\u0441\" \/>\n<meta property=\"og:description\" content=\"Ukraina Yuqar\u0131 \u015euras\u0131na, Ukraina halq deputatlar\u0131na Q\u0131r\u0131m Halq cumhuritetini\u00f1 reisi, Q\u0131r\u0131m, Poloniya, Litvaniya ve Beyaz Rusiye musulmanlar\u0131n\u0131\u00f1 m\u00fcftiyi, &#8220;Ant etkenmen&#8221; q\u0131r\u0131mtatar milliy gimnini\u00f1 m\u00fcellifi Noman \u00c7elebicihann\u0131\u00f1 hat\u0131ras\u0131na ba\u011f\u0131\u015flan\u011fan B\u00fct\u00fcnq\u0131r\u0131m mitingi i\u015ftirak\u00e7ilerini\u00f1 muracaat\u0131 Onlarnen t\u0131n\u00e7 sakinlerni\u00f1 el\u00e2k\u0131na ketirgen siyasiy inqiraz ve Ukraina akimiyetini\u00f1 \u00f6z vatanda\u015flar\u0131 \u00fczerinden sil\u00e2l\u0131 zorbal\u0131\u011f\u0131 aqibetinde Ukrainan\u0131\u00f1 territorial b\u00fct\u00fcnligi ve mustaqilligine tel\u00fcke Ukraina [&hellip;]\" \/>\n<meta property=\"og:url\" content=\"https:\/\/qtmm.org\/qt\/butunqirim-mitinginin-istirakcileri-qirim-anayasasinin-yani-sekilini-azirlav-ve-qabul-etuv-boyunca-mahsus-komissiyasini-acele-surette-meydanga-ketirmekni-talap-ettiler\/\" \/>\n<meta property=\"og:site_name\" content=\"\u041c\u0435\u0434\u0436\u043b\u0456\u0441\" \/>\n<meta property=\"article:publisher\" content=\"https:\/\/www.facebook.com\/qtmm.info\/\" \/>\n<meta property=\"article:published_time\" content=\"2014-02-23T15:53:00+00:00\" \/>\n<meta property=\"article:modified_time\" content=\"2022-01-27T15:54:49+00:00\" \/>\n<meta property=\"og:image\" content=\"https:\/\/qtmm.org\/wp-content\/uploads\/2022\/01\/to_res_2.jpeg\" \/>\n\t<meta property=\"og:image:width\" content=\"650\" \/>\n\t<meta property=\"og:image:height\" content=\"415\" \/>\n\t<meta property=\"og:image:type\" content=\"image\/jpeg\" \/>\n<meta name=\"author\" content=\"Developer\" \/>\n<meta name=\"twitter:card\" content=\"summary_large_image\" \/>\n<meta name=\"twitter:label1\" content=\"Written by\" \/>\n\t<meta name=\"twitter:data1\" content=\"Developer\" \/>\n\t<meta name=\"twitter:label2\" content=\"Est. reading time\" \/>\n\t<meta name=\"twitter:data2\" content=\"1 minute\" \/>\n<script type=\"application\/ld+json\" class=\"yoast-schema-graph\">{\"@context\":\"https:\\\/\\\/schema.org\",\"@graph\":[{\"@type\":\"Article\",\"@id\":\"https:\\\/\\\/qtmm.org\\\/qt\\\/butunqirim-mitinginin-istirakcileri-qirim-anayasasinin-yani-sekilini-azirlav-ve-qabul-etuv-boyunca-mahsus-komissiyasini-acele-surette-meydanga-ketirmekni-talap-ettiler\\\/#article\",\"isPartOf\":{\"@id\":\"https:\\\/\\\/qtmm.org\\\/qt\\\/butunqirim-mitinginin-istirakcileri-qirim-anayasasinin-yani-sekilini-azirlav-ve-qabul-etuv-boyunca-mahsus-komissiyasini-acele-surette-meydanga-ketirmekni-talap-ettiler\\\/\"},\"author\":{\"name\":\"Developer\",\"@id\":\"https:\\\/\\\/qtmm.org\\\/qt\\\/#\\\/schema\\\/person\\\/de562469f971dec226ac06e60bbf74a7\"},\"headline\":\"B\u00fct\u00fcnq\u0131r\u0131m mitingini\u00f1 i\u015ftirak\u00e7ileri Q\u0131r\u0131m Anayasas\u0131n\u0131\u00f1 ya\u00f1\u0131 \u015fekilini az\u0131rlav ve qabul et\u00fcv boyunca mahsus komissiyas\u0131n\u0131 acele s\u00fcrette meydan\u011fa ketirmekni talap ettiler\",\"datePublished\":\"2014-02-23T15:53:00+00:00\",\"dateModified\":\"2022-01-27T15:54:49+00:00\",\"mainEntityOfPage\":{\"@id\":\"https:\\\/\\\/qtmm.org\\\/qt\\\/butunqirim-mitinginin-istirakcileri-qirim-anayasasinin-yani-sekilini-azirlav-ve-qabul-etuv-boyunca-mahsus-komissiyasini-acele-surette-meydanga-ketirmekni-talap-ettiler\\\/\"},\"wordCount\":331,\"commentCount\":0,\"publisher\":{\"@id\":\"https:\\\/\\\/qtmm.org\\\/qt\\\/#organization\"},\"image\":{\"@id\":\"https:\\\/\\\/qtmm.org\\\/qt\\\/butunqirim-mitinginin-istirakcileri-qirim-anayasasinin-yani-sekilini-azirlav-ve-qabul-etuv-boyunca-mahsus-komissiyasini-acele-surette-meydanga-ketirmekni-talap-ettiler\\\/#primaryimage\"},\"thumbnailUrl\":\"https:\\\/\\\/qtmm.org\\\/wp-content\\\/uploads\\\/2022\\\/01\\\/to_res_2.jpeg\",\"articleSection\":[\"Haberler\"],\"inLanguage\":\"qt\",\"potentialAction\":[{\"@type\":\"CommentAction\",\"name\":\"Comment\",\"target\":[\"https:\\\/\\\/qtmm.org\\\/qt\\\/butunqirim-mitinginin-istirakcileri-qirim-anayasasinin-yani-sekilini-azirlav-ve-qabul-etuv-boyunca-mahsus-komissiyasini-acele-surette-meydanga-ketirmekni-talap-ettiler\\\/#respond\"]}]},{\"@type\":\"WebPage\",\"@id\":\"https:\\\/\\\/qtmm.org\\\/qt\\\/butunqirim-mitinginin-istirakcileri-qirim-anayasasinin-yani-sekilini-azirlav-ve-qabul-etuv-boyunca-mahsus-komissiyasini-acele-surette-meydanga-ketirmekni-talap-ettiler\\\/\",\"url\":\"https:\\\/\\\/qtmm.org\\\/qt\\\/butunqirim-mitinginin-istirakcileri-qirim-anayasasinin-yani-sekilini-azirlav-ve-qabul-etuv-boyunca-mahsus-komissiyasini-acele-surette-meydanga-ketirmekni-talap-ettiler\\\/\",\"name\":\"B\u00fct\u00fcnq\u0131r\u0131m mitingini\u00f1 i\u015ftirak\u00e7ileri Q\u0131r\u0131m Anayasas\u0131n\u0131\u00f1 ya\u00f1\u0131 \u015fekilini az\u0131rlav ve qabul et\u00fcv boyunca mahsus komissiyas\u0131n\u0131 acele s\u00fcrette meydan\u011fa ketirmekni talap ettiler - \u041c\u0435\u0434\u0436\u043b\u0456\u0441\",\"isPartOf\":{\"@id\":\"https:\\\/\\\/qtmm.org\\\/qt\\\/#website\"},\"primaryImageOfPage\":{\"@id\":\"https:\\\/\\\/qtmm.org\\\/qt\\\/butunqirim-mitinginin-istirakcileri-qirim-anayasasinin-yani-sekilini-azirlav-ve-qabul-etuv-boyunca-mahsus-komissiyasini-acele-surette-meydanga-ketirmekni-talap-ettiler\\\/#primaryimage\"},\"image\":{\"@id\":\"https:\\\/\\\/qtmm.org\\\/qt\\\/butunqirim-mitinginin-istirakcileri-qirim-anayasasinin-yani-sekilini-azirlav-ve-qabul-etuv-boyunca-mahsus-komissiyasini-acele-surette-meydanga-ketirmekni-talap-ettiler\\\/#primaryimage\"},\"thumbnailUrl\":\"https:\\\/\\\/qtmm.org\\\/wp-content\\\/uploads\\\/2022\\\/01\\\/to_res_2.jpeg\",\"datePublished\":\"2014-02-23T15:53:00+00:00\",\"dateModified\":\"2022-01-27T15:54:49+00:00\",\"breadcrumb\":{\"@id\":\"https:\\\/\\\/qtmm.org\\\/qt\\\/butunqirim-mitinginin-istirakcileri-qirim-anayasasinin-yani-sekilini-azirlav-ve-qabul-etuv-boyunca-mahsus-komissiyasini-acele-surette-meydanga-ketirmekni-talap-ettiler\\\/#breadcrumb\"},\"inLanguage\":\"qt\",\"potentialAction\":[{\"@type\":\"ReadAction\",\"target\":[\"https:\\\/\\\/qtmm.org\\\/qt\\\/butunqirim-mitinginin-istirakcileri-qirim-anayasasinin-yani-sekilini-azirlav-ve-qabul-etuv-boyunca-mahsus-komissiyasini-acele-surette-meydanga-ketirmekni-talap-ettiler\\\/\"]}]},{\"@type\":\"ImageObject\",\"inLanguage\":\"qt\",\"@id\":\"https:\\\/\\\/qtmm.org\\\/qt\\\/butunqirim-mitinginin-istirakcileri-qirim-anayasasinin-yani-sekilini-azirlav-ve-qabul-etuv-boyunca-mahsus-komissiyasini-acele-surette-meydanga-ketirmekni-talap-ettiler\\\/#primaryimage\",\"url\":\"https:\\\/\\\/qtmm.org\\\/wp-content\\\/uploads\\\/2022\\\/01\\\/to_res_2.jpeg\",\"contentUrl\":\"https:\\\/\\\/qtmm.org\\\/wp-content\\\/uploads\\\/2022\\\/01\\\/to_res_2.jpeg\",\"width\":650,\"height\":415},{\"@type\":\"BreadcrumbList\",\"@id\":\"https:\\\/\\\/qtmm.org\\\/qt\\\/butunqirim-mitinginin-istirakcileri-qirim-anayasasinin-yani-sekilini-azirlav-ve-qabul-etuv-boyunca-mahsus-komissiyasini-acele-surette-meydanga-ketirmekni-talap-ettiler\\\/#breadcrumb\",\"itemListElement\":[{\"@type\":\"ListItem\",\"position\":1,\"name\":\"\u0413\u043e\u043b\u043e\u0432\u043d\u0430\",\"item\":\"https:\\\/\\\/qtmm.org\\\/qt\\\/\"},{\"@type\":\"ListItem\",\"position\":2,\"name\":\"B\u00fct\u00fcnq\u0131r\u0131m mitingini\u00f1 i\u015ftirak\u00e7ileri Q\u0131r\u0131m Anayasas\u0131n\u0131\u00f1 ya\u00f1\u0131 \u015fekilini az\u0131rlav ve qabul et\u00fcv boyunca mahsus komissiyas\u0131n\u0131 acele s\u00fcrette meydan\u011fa ketirmekni talap ettiler\"}]},{\"@type\":\"WebSite\",\"@id\":\"https:\\\/\\\/qtmm.org\\\/qt\\\/#website\",\"url\":\"https:\\\/\\\/qtmm.org\\\/qt\\\/\",\"name\":\"\u041c\u0435\u0434\u0436\u043b\u0456\u0441\",\"description\":\"\",\"publisher\":{\"@id\":\"https:\\\/\\\/qtmm.org\\\/qt\\\/#organization\"},\"potentialAction\":[{\"@type\":\"SearchAction\",\"target\":{\"@type\":\"EntryPoint\",\"urlTemplate\":\"https:\\\/\\\/qtmm.org\\\/qt\\\/?s={search_term_string}\"},\"query-input\":{\"@type\":\"PropertyValueSpecification\",\"valueRequired\":true,\"valueName\":\"search_term_string\"}}],\"inLanguage\":\"qt\"},{\"@type\":\"Organization\",\"@id\":\"https:\\\/\\\/qtmm.org\\\/qt\\\/#organization\",\"name\":\"\u041c\u0435\u0434\u0436\u043b\u0456\u0441\",\"url\":\"https:\\\/\\\/qtmm.org\\\/qt\\\/\",\"logo\":{\"@type\":\"ImageObject\",\"inLanguage\":\"qt\",\"@id\":\"https:\\\/\\\/qtmm.org\\\/qt\\\/#\\\/schema\\\/logo\\\/image\\\/\",\"url\":\"https:\\\/\\\/qtmm.org\\\/wp-content\\\/uploads\\\/2024\\\/12\\\/ua-mejlis-logo-rgb.svg\",\"contentUrl\":\"https:\\\/\\\/qtmm.org\\\/wp-content\\\/uploads\\\/2024\\\/12\\\/ua-mejlis-logo-rgb.svg\",\"caption\":\"\u041c\u0435\u0434\u0436\u043b\u0456\u0441\"},\"image\":{\"@id\":\"https:\\\/\\\/qtmm.org\\\/qt\\\/#\\\/schema\\\/logo\\\/image\\\/\"},\"sameAs\":[\"https:\\\/\\\/www.facebook.com\\\/qtmm.info\\\/\"]},{\"@type\":\"Person\",\"@id\":\"https:\\\/\\\/qtmm.org\\\/qt\\\/#\\\/schema\\\/person\\\/de562469f971dec226ac06e60bbf74a7\",\"name\":\"Developer\",\"image\":{\"@type\":\"ImageObject\",\"inLanguage\":\"qt\",\"@id\":\"https:\\\/\\\/secure.gravatar.com\\\/avatar\\\/392b4cc8fbfeb00b39dfeeab4ee6edded39ffd48e25858637e4765810300227e?s=96&d=mm&r=g\",\"url\":\"https:\\\/\\\/secure.gravatar.com\\\/avatar\\\/392b4cc8fbfeb00b39dfeeab4ee6edded39ffd48e25858637e4765810300227e?s=96&d=mm&r=g\",\"contentUrl\":\"https:\\\/\\\/secure.gravatar.com\\\/avatar\\\/392b4cc8fbfeb00b39dfeeab4ee6edded39ffd48e25858637e4765810300227e?s=96&d=mm&r=g\",\"caption\":\"Developer\"},\"url\":\"https:\\\/\\\/qtmm.org\\\/qt\\\/author\\\/Developer\\\/\"}]}<\/script>\n<!-- \/ Yoast SEO plugin. -->","yoast_head_json":{"title":"B\u00fct\u00fcnq\u0131r\u0131m mitingini\u00f1 i\u015ftirak\u00e7ileri Q\u0131r\u0131m Anayasas\u0131n\u0131\u00f1 ya\u00f1\u0131 \u015fekilini az\u0131rlav ve qabul et\u00fcv boyunca mahsus komissiyas\u0131n\u0131 acele s\u00fcrette meydan\u011fa ketirmekni talap ettiler - \u041c\u0435\u0434\u0436\u043b\u0456\u0441","robots":{"index":"index","follow":"follow","max-snippet":"max-snippet:-1","max-image-preview":"max-image-preview:large","max-video-preview":"max-video-preview:-1"},"canonical":"https:\/\/qtmm.org\/qt\/butunqirim-mitinginin-istirakcileri-qirim-anayasasinin-yani-sekilini-azirlav-ve-qabul-etuv-boyunca-mahsus-komissiyasini-acele-surette-meydanga-ketirmekni-talap-ettiler\/","og_locale":"en_US","og_type":"article","og_title":"B\u00fct\u00fcnq\u0131r\u0131m mitingini\u00f1 i\u015ftirak\u00e7ileri Q\u0131r\u0131m Anayasas\u0131n\u0131\u00f1 ya\u00f1\u0131 \u015fekilini az\u0131rlav ve qabul et\u00fcv boyunca mahsus komissiyas\u0131n\u0131 acele s\u00fcrette meydan\u011fa ketirmekni talap ettiler - \u041c\u0435\u0434\u0436\u043b\u0456\u0441","og_description":"Ukraina Yuqar\u0131 \u015euras\u0131na, Ukraina halq deputatlar\u0131na Q\u0131r\u0131m Halq cumhuritetini\u00f1 reisi, Q\u0131r\u0131m, Poloniya, Litvaniya ve Beyaz Rusiye musulmanlar\u0131n\u0131\u00f1 m\u00fcftiyi, &#8220;Ant etkenmen&#8221; q\u0131r\u0131mtatar milliy gimnini\u00f1 m\u00fcellifi Noman \u00c7elebicihann\u0131\u00f1 hat\u0131ras\u0131na ba\u011f\u0131\u015flan\u011fan B\u00fct\u00fcnq\u0131r\u0131m mitingi i\u015ftirak\u00e7ilerini\u00f1 muracaat\u0131 Onlarnen t\u0131n\u00e7 sakinlerni\u00f1 el\u00e2k\u0131na ketirgen siyasiy inqiraz ve Ukraina akimiyetini\u00f1 \u00f6z vatanda\u015flar\u0131 \u00fczerinden sil\u00e2l\u0131 zorbal\u0131\u011f\u0131 aqibetinde Ukrainan\u0131\u00f1 territorial b\u00fct\u00fcnligi ve mustaqilligine tel\u00fcke Ukraina [&hellip;]","og_url":"https:\/\/qtmm.org\/qt\/butunqirim-mitinginin-istirakcileri-qirim-anayasasinin-yani-sekilini-azirlav-ve-qabul-etuv-boyunca-mahsus-komissiyasini-acele-surette-meydanga-ketirmekni-talap-ettiler\/","og_site_name":"\u041c\u0435\u0434\u0436\u043b\u0456\u0441","article_publisher":"https:\/\/www.facebook.com\/qtmm.info\/","article_published_time":"2014-02-23T15:53:00+00:00","article_modified_time":"2022-01-27T15:54:49+00:00","og_image":[{"width":650,"height":415,"url":"https:\/\/qtmm.org\/wp-content\/uploads\/2022\/01\/to_res_2.jpeg","type":"image\/jpeg"}],"author":"Developer","twitter_card":"summary_large_image","twitter_misc":{"Written by":"Developer","Est. reading time":"1 minute"},"schema":{"@context":"https:\/\/schema.org","@graph":[{"@type":"Article","@id":"https:\/\/qtmm.org\/qt\/butunqirim-mitinginin-istirakcileri-qirim-anayasasinin-yani-sekilini-azirlav-ve-qabul-etuv-boyunca-mahsus-komissiyasini-acele-surette-meydanga-ketirmekni-talap-ettiler\/#article","isPartOf":{"@id":"https:\/\/qtmm.org\/qt\/butunqirim-mitinginin-istirakcileri-qirim-anayasasinin-yani-sekilini-azirlav-ve-qabul-etuv-boyunca-mahsus-komissiyasini-acele-surette-meydanga-ketirmekni-talap-ettiler\/"},"author":{"name":"Developer","@id":"https:\/\/qtmm.org\/qt\/#\/schema\/person\/de562469f971dec226ac06e60bbf74a7"},"headline":"B\u00fct\u00fcnq\u0131r\u0131m mitingini\u00f1 i\u015ftirak\u00e7ileri Q\u0131r\u0131m Anayasas\u0131n\u0131\u00f1 ya\u00f1\u0131 \u015fekilini az\u0131rlav ve qabul et\u00fcv boyunca mahsus komissiyas\u0131n\u0131 acele s\u00fcrette meydan\u011fa ketirmekni talap ettiler","datePublished":"2014-02-23T15:53:00+00:00","dateModified":"2022-01-27T15:54:49+00:00","mainEntityOfPage":{"@id":"https:\/\/qtmm.org\/qt\/butunqirim-mitinginin-istirakcileri-qirim-anayasasinin-yani-sekilini-azirlav-ve-qabul-etuv-boyunca-mahsus-komissiyasini-acele-surette-meydanga-ketirmekni-talap-ettiler\/"},"wordCount":331,"commentCount":0,"publisher":{"@id":"https:\/\/qtmm.org\/qt\/#organization"},"image":{"@id":"https:\/\/qtmm.org\/qt\/butunqirim-mitinginin-istirakcileri-qirim-anayasasinin-yani-sekilini-azirlav-ve-qabul-etuv-boyunca-mahsus-komissiyasini-acele-surette-meydanga-ketirmekni-talap-ettiler\/#primaryimage"},"thumbnailUrl":"https:\/\/qtmm.org\/wp-content\/uploads\/2022\/01\/to_res_2.jpeg","articleSection":["Haberler"],"inLanguage":"qt","potentialAction":[{"@type":"CommentAction","name":"Comment","target":["https:\/\/qtmm.org\/qt\/butunqirim-mitinginin-istirakcileri-qirim-anayasasinin-yani-sekilini-azirlav-ve-qabul-etuv-boyunca-mahsus-komissiyasini-acele-surette-meydanga-ketirmekni-talap-ettiler\/#respond"]}]},{"@type":"WebPage","@id":"https:\/\/qtmm.org\/qt\/butunqirim-mitinginin-istirakcileri-qirim-anayasasinin-yani-sekilini-azirlav-ve-qabul-etuv-boyunca-mahsus-komissiyasini-acele-surette-meydanga-ketirmekni-talap-ettiler\/","url":"https:\/\/qtmm.org\/qt\/butunqirim-mitinginin-istirakcileri-qirim-anayasasinin-yani-sekilini-azirlav-ve-qabul-etuv-boyunca-mahsus-komissiyasini-acele-surette-meydanga-ketirmekni-talap-ettiler\/","name":"B\u00fct\u00fcnq\u0131r\u0131m mitingini\u00f1 i\u015ftirak\u00e7ileri Q\u0131r\u0131m Anayasas\u0131n\u0131\u00f1 ya\u00f1\u0131 \u015fekilini az\u0131rlav ve qabul et\u00fcv boyunca mahsus komissiyas\u0131n\u0131 acele s\u00fcrette meydan\u011fa ketirmekni talap ettiler - \u041c\u0435\u0434\u0436\u043b\u0456\u0441","isPartOf":{"@id":"https:\/\/qtmm.org\/qt\/#website"},"primaryImageOfPage":{"@id":"https:\/\/qtmm.org\/qt\/butunqirim-mitinginin-istirakcileri-qirim-anayasasinin-yani-sekilini-azirlav-ve-qabul-etuv-boyunca-mahsus-komissiyasini-acele-surette-meydanga-ketirmekni-talap-ettiler\/#primaryimage"},"image":{"@id":"https:\/\/qtmm.org\/qt\/butunqirim-mitinginin-istirakcileri-qirim-anayasasinin-yani-sekilini-azirlav-ve-qabul-etuv-boyunca-mahsus-komissiyasini-acele-surette-meydanga-ketirmekni-talap-ettiler\/#primaryimage"},"thumbnailUrl":"https:\/\/qtmm.org\/wp-content\/uploads\/2022\/01\/to_res_2.jpeg","datePublished":"2014-02-23T15:53:00+00:00","dateModified":"2022-01-27T15:54:49+00:00","breadcrumb":{"@id":"https:\/\/qtmm.org\/qt\/butunqirim-mitinginin-istirakcileri-qirim-anayasasinin-yani-sekilini-azirlav-ve-qabul-etuv-boyunca-mahsus-komissiyasini-acele-surette-meydanga-ketirmekni-talap-ettiler\/#breadcrumb"},"inLanguage":"qt","potentialAction":[{"@type":"ReadAction","target":["https:\/\/qtmm.org\/qt\/butunqirim-mitinginin-istirakcileri-qirim-anayasasinin-yani-sekilini-azirlav-ve-qabul-etuv-boyunca-mahsus-komissiyasini-acele-surette-meydanga-ketirmekni-talap-ettiler\/"]}]},{"@type":"ImageObject","inLanguage":"qt","@id":"https:\/\/qtmm.org\/qt\/butunqirim-mitinginin-istirakcileri-qirim-anayasasinin-yani-sekilini-azirlav-ve-qabul-etuv-boyunca-mahsus-komissiyasini-acele-surette-meydanga-ketirmekni-talap-ettiler\/#primaryimage","url":"https:\/\/qtmm.org\/wp-content\/uploads\/2022\/01\/to_res_2.jpeg","contentUrl":"https:\/\/qtmm.org\/wp-content\/uploads\/2022\/01\/to_res_2.jpeg","width":650,"height":415},{"@type":"BreadcrumbList","@id":"https:\/\/qtmm.org\/qt\/butunqirim-mitinginin-istirakcileri-qirim-anayasasinin-yani-sekilini-azirlav-ve-qabul-etuv-boyunca-mahsus-komissiyasini-acele-surette-meydanga-ketirmekni-talap-ettiler\/#breadcrumb","itemListElement":[{"@type":"ListItem","position":1,"name":"\u0413\u043e\u043b\u043e\u0432\u043d\u0430","item":"https:\/\/qtmm.org\/qt\/"},{"@type":"ListItem","position":2,"name":"B\u00fct\u00fcnq\u0131r\u0131m mitingini\u00f1 i\u015ftirak\u00e7ileri Q\u0131r\u0131m Anayasas\u0131n\u0131\u00f1 ya\u00f1\u0131 \u015fekilini az\u0131rlav ve qabul et\u00fcv boyunca mahsus komissiyas\u0131n\u0131 acele s\u00fcrette meydan\u011fa ketirmekni talap ettiler"}]},{"@type":"WebSite","@id":"https:\/\/qtmm.org\/qt\/#website","url":"https:\/\/qtmm.org\/qt\/","name":"\u041c\u0435\u0434\u0436\u043b\u0456\u0441","description":"","publisher":{"@id":"https:\/\/qtmm.org\/qt\/#organization"},"potentialAction":[{"@type":"SearchAction","target":{"@type":"EntryPoint","urlTemplate":"https:\/\/qtmm.org\/qt\/?s={search_term_string}"},"query-input":{"@type":"PropertyValueSpecification","valueRequired":true,"valueName":"search_term_string"}}],"inLanguage":"qt"},{"@type":"Organization","@id":"https:\/\/qtmm.org\/qt\/#organization","name":"\u041c\u0435\u0434\u0436\u043b\u0456\u0441","url":"https:\/\/qtmm.org\/qt\/","logo":{"@type":"ImageObject","inLanguage":"qt","@id":"https:\/\/qtmm.org\/qt\/#\/schema\/logo\/image\/","url":"https:\/\/qtmm.org\/wp-content\/uploads\/2024\/12\/ua-mejlis-logo-rgb.svg","contentUrl":"https:\/\/qtmm.org\/wp-content\/uploads\/2024\/12\/ua-mejlis-logo-rgb.svg","caption":"\u041c\u0435\u0434\u0436\u043b\u0456\u0441"},"image":{"@id":"https:\/\/qtmm.org\/qt\/#\/schema\/logo\/image\/"},"sameAs":["https:\/\/www.facebook.com\/qtmm.info\/"]},{"@type":"Person","@id":"https:\/\/qtmm.org\/qt\/#\/schema\/person\/de562469f971dec226ac06e60bbf74a7","name":"Developer","image":{"@type":"ImageObject","inLanguage":"qt","@id":"https:\/\/secure.gravatar.com\/avatar\/392b4cc8fbfeb00b39dfeeab4ee6edded39ffd48e25858637e4765810300227e?s=96&d=mm&r=g","url":"https:\/\/secure.gravatar.com\/avatar\/392b4cc8fbfeb00b39dfeeab4ee6edded39ffd48e25858637e4765810300227e?s=96&d=mm&r=g","contentUrl":"https:\/\/secure.gravatar.com\/avatar\/392b4cc8fbfeb00b39dfeeab4ee6edded39ffd48e25858637e4765810300227e?s=96&d=mm&r=g","caption":"Developer"},"url":"https:\/\/qtmm.org\/qt\/author\/Developer\/"}]}},"_links":{"self":[{"href":"https:\/\/qtmm.org\/qt\/wp-json\/wp\/v2\/posts\/43607","targetHints":{"allow":["GET"]}}],"collection":[{"href":"https:\/\/qtmm.org\/qt\/wp-json\/wp\/v2\/posts"}],"about":[{"href":"https:\/\/qtmm.org\/qt\/wp-json\/wp\/v2\/types\/post"}],"author":[{"embeddable":true,"href":"https:\/\/qtmm.org\/qt\/wp-json\/wp\/v2\/users\/1"}],"replies":[{"embeddable":true,"href":"https:\/\/qtmm.org\/qt\/wp-json\/wp\/v2\/comments?post=43607"}],"version-history":[{"count":1,"href":"https:\/\/qtmm.org\/qt\/wp-json\/wp\/v2\/posts\/43607\/revisions"}],"predecessor-version":[{"id":43616,"href":"https:\/\/qtmm.org\/qt\/wp-json\/wp\/v2\/posts\/43607\/revisions\/43616"}],"wp:featuredmedia":[{"embeddable":true,"href":"https:\/\/qtmm.org\/qt\/wp-json\/wp\/v2\/media\/43612"}],"wp:attachment":[{"href":"https:\/\/qtmm.org\/qt\/wp-json\/wp\/v2\/media?parent=43607"}],"wp:term":[{"taxonomy":"category","embeddable":true,"href":"https:\/\/qtmm.org\/qt\/wp-json\/wp\/v2\/categories?post=43607"},{"taxonomy":"post_tag","embeddable":true,"href":"https:\/\/qtmm.org\/qt\/wp-json\/wp\/v2\/tags?post=43607"}],"curies":[{"name":"wp","href":"https:\/\/api.w.org\/{rel}","templated":true}]}}