




{"id":43601,"date":"2014-02-23T18:50:00","date_gmt":"2014-02-23T15:50:00","guid":{"rendered":"http:\/\/qtmm.org\/?p=43601"},"modified":"2022-01-27T18:53:08","modified_gmt":"2022-01-27T15:53:08","slug":"meclis-reisi-refat-cubarov-qirim-yuqari-surasi-deral-dagitilmali","status":"publish","type":"post","link":"https:\/\/qtmm.org\/qt\/meclis-reisi-refat-cubarov-qirim-yuqari-surasi-deral-dagitilmali\/","title":{"rendered":"Meclis reisi Refat \u00c7ubarov: Q\u0131r\u0131m Yuqar\u0131 \u015euras\u0131 deral da\u011f\u0131t\u0131lmal\u0131!"},"content":{"rendered":"\n<p>&#8220;Ukraina Yuqar\u0131 \u015euras\u0131 fevral 22 k\u00fcn\u00fc qabul etken qararlar mant\u0131ql\u0131 olaraq, \u00f6ld\u00fcr\u00fcvler ba\u015flan\u011fandan itibaren yoq ol\u011fan devletni\u00f1 idaresini pekiteler, &#8211; dedi&nbsp;<a href=\"https:\/\/tsn.ua\/video\/video-novini\/krimska-vlada-vvazhaye-rishennya-nardepiv-nelegitimnimi.html?type=2\" target=\"_blank\" rel=\"noreferrer noopener\">TSN (televizoin haberler h\u0131zmeti)<\/a>ne izaat bergen Q\u0131r\u0131mtatar halq\u0131 Meclisini\u00f1 reisi Refat \u00c7ubarov. \u2013 Murekkep taraf\u0131 \u015funda ki, Harkovdeki topla\u015fuvdan so\u00f1 baz\u0131 regionlar bug\u00fcn Ukraina Yuqar\u0131 \u015euras\u0131 al\u011fan qanun ve qararlarn\u0131 eda etecek ya da eda etmeyceklerini bilmeyip, beklemekteler.<\/p>\n\n\n\n<p>Refat \u00c7ubarov emin ki, yerlerde, \u015fu c\u00fcmleden Q\u0131r\u0131mda da, er angi g\u00f6\u00f1\u00fclsiz neticelerden qa\u00e7\u0131nmaqn\u0131\u00f1 birden bir yolu Ukraina Yuqar\u0131 \u015euras\u0131 qabul etken qararlarn\u0131 bir minsiz eda etmektir. Meclis reisi Q\u0131r\u0131m Yuqar\u0131 \u015euras\u0131 deral da\u011f\u0131t\u0131lmas\u0131 kerek, dep qayd etti.<\/p>\n\n\n\n<figure class=\"wp-block-image size-full\"><img loading=\"lazy\" decoding=\"async\" width=\"800\" height=\"600\" src=\"http:\/\/qtmm.org\/wp-content\/uploads\/2022\/01\/5309b14608fdb.jpeg\" alt=\"\" class=\"wp-image-43602\" srcset=\"https:\/\/qtmm.org\/wp-content\/uploads\/2022\/01\/5309b14608fdb.jpeg 800w, https:\/\/qtmm.org\/wp-content\/uploads\/2022\/01\/5309b14608fdb-300x225.jpeg 300w, https:\/\/qtmm.org\/wp-content\/uploads\/2022\/01\/5309b14608fdb-768x576.jpeg 768w\" sizes=\"auto, (max-width: 800px) 100vw, 800px\" \/><\/figure>\n\n\n\n<p>&#8220;Q\u0131r\u0131m Yuqar\u0131 \u015furas\u0131 ya da daa do\u011frus\u0131, on\u0131\u00f1 yolba\u015f\u00e7\u0131lar\u0131, aqiqiy vek\u00e2letli organ olamad\u0131lar, olar sadece Regionlar partiyas\u0131n\u0131\u00f1 Q\u0131r\u0131mdaki vekilini\u00f1 vazifesini eda ettiler, &#8211; dep saya R.\u00c7ubarov.<\/p>\n\n\n\n<p>On\u0131\u00f1 fikrince Q\u0131r\u0131m Yuqar\u0131 \u015euras\u0131n\u0131\u00f1 ya\u00f1\u0131 erk\u00e2n\u0131 q\u0131r\u0131mtatar halq\u0131n\u0131\u00f1 kefaletli temsilciligi temin etilgen ya\u00f1\u0131 saylav qanun\u0131na k\u00f6re saylanmal\u0131.<\/p>\n\n\n\n<p>&#8220;Q\u0131r\u0131mtatarlar \u2013 bu topraqn\u0131\u00f1 tam\u0131r halq\u0131d\u0131r, Q\u0131r\u0131mdan ba\u015fqa yerde on\u0131\u00f1 tarihiy vatan\u0131 yoqt\u0131r, &#8211; dedi R. \u00c7ubarov. \u2013 Biz \u00f6z problemlerimizni faqat Q\u0131r\u0131m ve Ukrainada \u00e7ezebilemiz, \u015fun\u0131\u00f1 i\u00e7\u00fcn de ya\u00f1\u0131 qanun Q\u0131r\u0131mda ya\u015fa\u011fanlarn\u0131\u00f1 episine, \u015fu c\u00fcmleden q\u0131r\u0131mtatarlarn\u0131\u00f1 da, aqlar\u0131 ve menfaatlar\u0131na musaviy yana\u015fuv imk\u00e2n\u0131n\u0131 bermesi kerek&#8221;.<\/p>\n","protected":false},"excerpt":{"rendered":"<p>&#8220;Ukraina Yuqar\u0131 \u015euras\u0131 fevral 22 k\u00fcn\u00fc qabul etken qararlar mant\u0131ql\u0131 olaraq, \u00f6ld\u00fcr\u00fcvler ba\u015flan\u011fandan itibaren yoq ol\u011fan devletni\u00f1 idaresini pekiteler, &#8211; dedi&nbsp;TSN (televizoin haberler h\u0131zmeti)ne izaat bergen Q\u0131r\u0131mtatar halq\u0131 Meclisini\u00f1 reisi Refat \u00c7ubarov. \u2013 Murekkep taraf\u0131 \u015funda ki, Harkovdeki topla\u015fuvdan so\u00f1 baz\u0131 regionlar bug\u00fcn Ukraina Yuqar\u0131 \u015euras\u0131 al\u011fan qanun ve qararlarn\u0131 eda etecek ya da eda [&hellip;]<\/p>\n","protected":false},"author":1,"featured_media":0,"comment_status":"open","ping_status":"open","sticky":false,"template":"","format":"standard","meta":{"inline_featured_image":false,"footnotes":""},"categories":[265],"tags":[],"class_list":["post-43601","post","type-post","status-publish","format-standard","hentry","category-haberler"],"acf":[],"yoast_head":"<!-- This site is optimized with the Yoast SEO plugin v27.4 - https:\/\/yoast.com\/product\/yoast-seo-wordpress\/ -->\n<title>Meclis reisi Refat \u00c7ubarov: Q\u0131r\u0131m Yuqar\u0131 \u015euras\u0131 deral da\u011f\u0131t\u0131lmal\u0131! - \u041c\u0435\u0434\u0436\u043b\u0456\u0441<\/title>\n<meta name=\"robots\" content=\"index, follow, max-snippet:-1, max-image-preview:large, max-video-preview:-1\" \/>\n<link rel=\"canonical\" href=\"https:\/\/qtmm.org\/qt\/meclis-reisi-refat-cubarov-qirim-yuqari-surasi-deral-dagitilmali\/\" \/>\n<meta property=\"og:locale\" content=\"en_US\" \/>\n<meta property=\"og:type\" content=\"article\" \/>\n<meta property=\"og:title\" content=\"Meclis reisi Refat \u00c7ubarov: Q\u0131r\u0131m Yuqar\u0131 \u015euras\u0131 deral da\u011f\u0131t\u0131lmal\u0131! - \u041c\u0435\u0434\u0436\u043b\u0456\u0441\" \/>\n<meta property=\"og:description\" content=\"&#8220;Ukraina Yuqar\u0131 \u015euras\u0131 fevral 22 k\u00fcn\u00fc qabul etken qararlar mant\u0131ql\u0131 olaraq, \u00f6ld\u00fcr\u00fcvler ba\u015flan\u011fandan itibaren yoq ol\u011fan devletni\u00f1 idaresini pekiteler, &#8211; dedi&nbsp;TSN (televizoin haberler h\u0131zmeti)ne izaat bergen Q\u0131r\u0131mtatar halq\u0131 Meclisini\u00f1 reisi Refat \u00c7ubarov. \u2013 Murekkep taraf\u0131 \u015funda ki, Harkovdeki topla\u015fuvdan so\u00f1 baz\u0131 regionlar bug\u00fcn Ukraina Yuqar\u0131 \u015euras\u0131 al\u011fan qanun ve qararlarn\u0131 eda etecek ya da eda [&hellip;]\" \/>\n<meta property=\"og:url\" content=\"https:\/\/qtmm.org\/qt\/meclis-reisi-refat-cubarov-qirim-yuqari-surasi-deral-dagitilmali\/\" \/>\n<meta property=\"og:site_name\" content=\"\u041c\u0435\u0434\u0436\u043b\u0456\u0441\" \/>\n<meta property=\"article:publisher\" content=\"https:\/\/www.facebook.com\/qtmm.info\/\" \/>\n<meta property=\"article:published_time\" content=\"2014-02-23T15:50:00+00:00\" \/>\n<meta property=\"article:modified_time\" content=\"2022-01-27T15:53:08+00:00\" \/>\n<meta property=\"og:image\" content=\"https:\/\/qtmm.org\/wp-content\/uploads\/2022\/01\/5309b14608fdb.jpeg\" \/>\n\t<meta property=\"og:image:width\" content=\"800\" \/>\n\t<meta property=\"og:image:height\" content=\"600\" \/>\n\t<meta property=\"og:image:type\" content=\"image\/jpeg\" \/>\n<meta name=\"author\" content=\"Developer\" \/>\n<meta name=\"twitter:card\" content=\"summary_large_image\" \/>\n<meta name=\"twitter:label1\" content=\"Written by\" \/>\n\t<meta name=\"twitter:data1\" content=\"Developer\" \/>\n\t<meta name=\"twitter:label2\" content=\"Est. reading time\" \/>\n\t<meta name=\"twitter:data2\" content=\"1 minute\" \/>\n<script type=\"application\/ld+json\" class=\"yoast-schema-graph\">{\"@context\":\"https:\\\/\\\/schema.org\",\"@graph\":[{\"@type\":\"Article\",\"@id\":\"https:\\\/\\\/qtmm.org\\\/qt\\\/meclis-reisi-refat-cubarov-qirim-yuqari-surasi-deral-dagitilmali\\\/#article\",\"isPartOf\":{\"@id\":\"https:\\\/\\\/qtmm.org\\\/qt\\\/meclis-reisi-refat-cubarov-qirim-yuqari-surasi-deral-dagitilmali\\\/\"},\"author\":{\"name\":\"Developer\",\"@id\":\"https:\\\/\\\/qtmm.org\\\/qt\\\/#\\\/schema\\\/person\\\/de562469f971dec226ac06e60bbf74a7\"},\"headline\":\"Meclis reisi Refat \u00c7ubarov: Q\u0131r\u0131m Yuqar\u0131 \u015euras\u0131 deral da\u011f\u0131t\u0131lmal\u0131!\",\"datePublished\":\"2014-02-23T15:50:00+00:00\",\"dateModified\":\"2022-01-27T15:53:08+00:00\",\"mainEntityOfPage\":{\"@id\":\"https:\\\/\\\/qtmm.org\\\/qt\\\/meclis-reisi-refat-cubarov-qirim-yuqari-surasi-deral-dagitilmali\\\/\"},\"wordCount\":262,\"commentCount\":0,\"publisher\":{\"@id\":\"https:\\\/\\\/qtmm.org\\\/qt\\\/#organization\"},\"image\":{\"@id\":\"https:\\\/\\\/qtmm.org\\\/qt\\\/meclis-reisi-refat-cubarov-qirim-yuqari-surasi-deral-dagitilmali\\\/#primaryimage\"},\"thumbnailUrl\":\"http:\\\/\\\/qtmm.org\\\/wp-content\\\/uploads\\\/2022\\\/01\\\/5309b14608fdb.jpeg\",\"articleSection\":[\"Haberler\"],\"inLanguage\":\"qt\",\"potentialAction\":[{\"@type\":\"CommentAction\",\"name\":\"Comment\",\"target\":[\"https:\\\/\\\/qtmm.org\\\/qt\\\/meclis-reisi-refat-cubarov-qirim-yuqari-surasi-deral-dagitilmali\\\/#respond\"]}]},{\"@type\":\"WebPage\",\"@id\":\"https:\\\/\\\/qtmm.org\\\/qt\\\/meclis-reisi-refat-cubarov-qirim-yuqari-surasi-deral-dagitilmali\\\/\",\"url\":\"https:\\\/\\\/qtmm.org\\\/qt\\\/meclis-reisi-refat-cubarov-qirim-yuqari-surasi-deral-dagitilmali\\\/\",\"name\":\"Meclis reisi Refat \u00c7ubarov: Q\u0131r\u0131m Yuqar\u0131 \u015euras\u0131 deral da\u011f\u0131t\u0131lmal\u0131! - \u041c\u0435\u0434\u0436\u043b\u0456\u0441\",\"isPartOf\":{\"@id\":\"https:\\\/\\\/qtmm.org\\\/qt\\\/#website\"},\"primaryImageOfPage\":{\"@id\":\"https:\\\/\\\/qtmm.org\\\/qt\\\/meclis-reisi-refat-cubarov-qirim-yuqari-surasi-deral-dagitilmali\\\/#primaryimage\"},\"image\":{\"@id\":\"https:\\\/\\\/qtmm.org\\\/qt\\\/meclis-reisi-refat-cubarov-qirim-yuqari-surasi-deral-dagitilmali\\\/#primaryimage\"},\"thumbnailUrl\":\"http:\\\/\\\/qtmm.org\\\/wp-content\\\/uploads\\\/2022\\\/01\\\/5309b14608fdb.jpeg\",\"datePublished\":\"2014-02-23T15:50:00+00:00\",\"dateModified\":\"2022-01-27T15:53:08+00:00\",\"breadcrumb\":{\"@id\":\"https:\\\/\\\/qtmm.org\\\/qt\\\/meclis-reisi-refat-cubarov-qirim-yuqari-surasi-deral-dagitilmali\\\/#breadcrumb\"},\"inLanguage\":\"qt\",\"potentialAction\":[{\"@type\":\"ReadAction\",\"target\":[\"https:\\\/\\\/qtmm.org\\\/qt\\\/meclis-reisi-refat-cubarov-qirim-yuqari-surasi-deral-dagitilmali\\\/\"]}]},{\"@type\":\"ImageObject\",\"inLanguage\":\"qt\",\"@id\":\"https:\\\/\\\/qtmm.org\\\/qt\\\/meclis-reisi-refat-cubarov-qirim-yuqari-surasi-deral-dagitilmali\\\/#primaryimage\",\"url\":\"http:\\\/\\\/qtmm.org\\\/wp-content\\\/uploads\\\/2022\\\/01\\\/5309b14608fdb.jpeg\",\"contentUrl\":\"http:\\\/\\\/qtmm.org\\\/wp-content\\\/uploads\\\/2022\\\/01\\\/5309b14608fdb.jpeg\"},{\"@type\":\"BreadcrumbList\",\"@id\":\"https:\\\/\\\/qtmm.org\\\/qt\\\/meclis-reisi-refat-cubarov-qirim-yuqari-surasi-deral-dagitilmali\\\/#breadcrumb\",\"itemListElement\":[{\"@type\":\"ListItem\",\"position\":1,\"name\":\"\u0413\u043e\u043b\u043e\u0432\u043d\u0430\",\"item\":\"https:\\\/\\\/qtmm.org\\\/qt\\\/\"},{\"@type\":\"ListItem\",\"position\":2,\"name\":\"Meclis reisi Refat \u00c7ubarov: Q\u0131r\u0131m Yuqar\u0131 \u015euras\u0131 deral da\u011f\u0131t\u0131lmal\u0131!\"}]},{\"@type\":\"WebSite\",\"@id\":\"https:\\\/\\\/qtmm.org\\\/qt\\\/#website\",\"url\":\"https:\\\/\\\/qtmm.org\\\/qt\\\/\",\"name\":\"\u041c\u0435\u0434\u0436\u043b\u0456\u0441\",\"description\":\"\",\"publisher\":{\"@id\":\"https:\\\/\\\/qtmm.org\\\/qt\\\/#organization\"},\"potentialAction\":[{\"@type\":\"SearchAction\",\"target\":{\"@type\":\"EntryPoint\",\"urlTemplate\":\"https:\\\/\\\/qtmm.org\\\/qt\\\/?s={search_term_string}\"},\"query-input\":{\"@type\":\"PropertyValueSpecification\",\"valueRequired\":true,\"valueName\":\"search_term_string\"}}],\"inLanguage\":\"qt\"},{\"@type\":\"Organization\",\"@id\":\"https:\\\/\\\/qtmm.org\\\/qt\\\/#organization\",\"name\":\"\u041c\u0435\u0434\u0436\u043b\u0456\u0441\",\"url\":\"https:\\\/\\\/qtmm.org\\\/qt\\\/\",\"logo\":{\"@type\":\"ImageObject\",\"inLanguage\":\"qt\",\"@id\":\"https:\\\/\\\/qtmm.org\\\/qt\\\/#\\\/schema\\\/logo\\\/image\\\/\",\"url\":\"https:\\\/\\\/qtmm.org\\\/wp-content\\\/uploads\\\/2024\\\/12\\\/ua-mejlis-logo-rgb.svg\",\"contentUrl\":\"https:\\\/\\\/qtmm.org\\\/wp-content\\\/uploads\\\/2024\\\/12\\\/ua-mejlis-logo-rgb.svg\",\"caption\":\"\u041c\u0435\u0434\u0436\u043b\u0456\u0441\"},\"image\":{\"@id\":\"https:\\\/\\\/qtmm.org\\\/qt\\\/#\\\/schema\\\/logo\\\/image\\\/\"},\"sameAs\":[\"https:\\\/\\\/www.facebook.com\\\/qtmm.info\\\/\"]},{\"@type\":\"Person\",\"@id\":\"https:\\\/\\\/qtmm.org\\\/qt\\\/#\\\/schema\\\/person\\\/de562469f971dec226ac06e60bbf74a7\",\"name\":\"Developer\",\"image\":{\"@type\":\"ImageObject\",\"inLanguage\":\"qt\",\"@id\":\"https:\\\/\\\/secure.gravatar.com\\\/avatar\\\/392b4cc8fbfeb00b39dfeeab4ee6edded39ffd48e25858637e4765810300227e?s=96&d=mm&r=g\",\"url\":\"https:\\\/\\\/secure.gravatar.com\\\/avatar\\\/392b4cc8fbfeb00b39dfeeab4ee6edded39ffd48e25858637e4765810300227e?s=96&d=mm&r=g\",\"contentUrl\":\"https:\\\/\\\/secure.gravatar.com\\\/avatar\\\/392b4cc8fbfeb00b39dfeeab4ee6edded39ffd48e25858637e4765810300227e?s=96&d=mm&r=g\",\"caption\":\"Developer\"},\"url\":\"https:\\\/\\\/qtmm.org\\\/qt\\\/author\\\/Developer\\\/\"}]}<\/script>\n<!-- \/ Yoast SEO plugin. -->","yoast_head_json":{"title":"Meclis reisi Refat \u00c7ubarov: Q\u0131r\u0131m Yuqar\u0131 \u015euras\u0131 deral da\u011f\u0131t\u0131lmal\u0131! - \u041c\u0435\u0434\u0436\u043b\u0456\u0441","robots":{"index":"index","follow":"follow","max-snippet":"max-snippet:-1","max-image-preview":"max-image-preview:large","max-video-preview":"max-video-preview:-1"},"canonical":"https:\/\/qtmm.org\/qt\/meclis-reisi-refat-cubarov-qirim-yuqari-surasi-deral-dagitilmali\/","og_locale":"en_US","og_type":"article","og_title":"Meclis reisi Refat \u00c7ubarov: Q\u0131r\u0131m Yuqar\u0131 \u015euras\u0131 deral da\u011f\u0131t\u0131lmal\u0131! - \u041c\u0435\u0434\u0436\u043b\u0456\u0441","og_description":"&#8220;Ukraina Yuqar\u0131 \u015euras\u0131 fevral 22 k\u00fcn\u00fc qabul etken qararlar mant\u0131ql\u0131 olaraq, \u00f6ld\u00fcr\u00fcvler ba\u015flan\u011fandan itibaren yoq ol\u011fan devletni\u00f1 idaresini pekiteler, &#8211; dedi&nbsp;TSN (televizoin haberler h\u0131zmeti)ne izaat bergen Q\u0131r\u0131mtatar halq\u0131 Meclisini\u00f1 reisi Refat \u00c7ubarov. \u2013 Murekkep taraf\u0131 \u015funda ki, Harkovdeki topla\u015fuvdan so\u00f1 baz\u0131 regionlar bug\u00fcn Ukraina Yuqar\u0131 \u015euras\u0131 al\u011fan qanun ve qararlarn\u0131 eda etecek ya da eda [&hellip;]","og_url":"https:\/\/qtmm.org\/qt\/meclis-reisi-refat-cubarov-qirim-yuqari-surasi-deral-dagitilmali\/","og_site_name":"\u041c\u0435\u0434\u0436\u043b\u0456\u0441","article_publisher":"https:\/\/www.facebook.com\/qtmm.info\/","article_published_time":"2014-02-23T15:50:00+00:00","article_modified_time":"2022-01-27T15:53:08+00:00","og_image":[{"width":800,"height":600,"url":"https:\/\/qtmm.org\/wp-content\/uploads\/2022\/01\/5309b14608fdb.jpeg","type":"image\/jpeg"}],"author":"Developer","twitter_card":"summary_large_image","twitter_misc":{"Written by":"Developer","Est. reading time":"1 minute"},"schema":{"@context":"https:\/\/schema.org","@graph":[{"@type":"Article","@id":"https:\/\/qtmm.org\/qt\/meclis-reisi-refat-cubarov-qirim-yuqari-surasi-deral-dagitilmali\/#article","isPartOf":{"@id":"https:\/\/qtmm.org\/qt\/meclis-reisi-refat-cubarov-qirim-yuqari-surasi-deral-dagitilmali\/"},"author":{"name":"Developer","@id":"https:\/\/qtmm.org\/qt\/#\/schema\/person\/de562469f971dec226ac06e60bbf74a7"},"headline":"Meclis reisi Refat \u00c7ubarov: Q\u0131r\u0131m Yuqar\u0131 \u015euras\u0131 deral da\u011f\u0131t\u0131lmal\u0131!","datePublished":"2014-02-23T15:50:00+00:00","dateModified":"2022-01-27T15:53:08+00:00","mainEntityOfPage":{"@id":"https:\/\/qtmm.org\/qt\/meclis-reisi-refat-cubarov-qirim-yuqari-surasi-deral-dagitilmali\/"},"wordCount":262,"commentCount":0,"publisher":{"@id":"https:\/\/qtmm.org\/qt\/#organization"},"image":{"@id":"https:\/\/qtmm.org\/qt\/meclis-reisi-refat-cubarov-qirim-yuqari-surasi-deral-dagitilmali\/#primaryimage"},"thumbnailUrl":"http:\/\/qtmm.org\/wp-content\/uploads\/2022\/01\/5309b14608fdb.jpeg","articleSection":["Haberler"],"inLanguage":"qt","potentialAction":[{"@type":"CommentAction","name":"Comment","target":["https:\/\/qtmm.org\/qt\/meclis-reisi-refat-cubarov-qirim-yuqari-surasi-deral-dagitilmali\/#respond"]}]},{"@type":"WebPage","@id":"https:\/\/qtmm.org\/qt\/meclis-reisi-refat-cubarov-qirim-yuqari-surasi-deral-dagitilmali\/","url":"https:\/\/qtmm.org\/qt\/meclis-reisi-refat-cubarov-qirim-yuqari-surasi-deral-dagitilmali\/","name":"Meclis reisi Refat \u00c7ubarov: Q\u0131r\u0131m Yuqar\u0131 \u015euras\u0131 deral da\u011f\u0131t\u0131lmal\u0131! - \u041c\u0435\u0434\u0436\u043b\u0456\u0441","isPartOf":{"@id":"https:\/\/qtmm.org\/qt\/#website"},"primaryImageOfPage":{"@id":"https:\/\/qtmm.org\/qt\/meclis-reisi-refat-cubarov-qirim-yuqari-surasi-deral-dagitilmali\/#primaryimage"},"image":{"@id":"https:\/\/qtmm.org\/qt\/meclis-reisi-refat-cubarov-qirim-yuqari-surasi-deral-dagitilmali\/#primaryimage"},"thumbnailUrl":"http:\/\/qtmm.org\/wp-content\/uploads\/2022\/01\/5309b14608fdb.jpeg","datePublished":"2014-02-23T15:50:00+00:00","dateModified":"2022-01-27T15:53:08+00:00","breadcrumb":{"@id":"https:\/\/qtmm.org\/qt\/meclis-reisi-refat-cubarov-qirim-yuqari-surasi-deral-dagitilmali\/#breadcrumb"},"inLanguage":"qt","potentialAction":[{"@type":"ReadAction","target":["https:\/\/qtmm.org\/qt\/meclis-reisi-refat-cubarov-qirim-yuqari-surasi-deral-dagitilmali\/"]}]},{"@type":"ImageObject","inLanguage":"qt","@id":"https:\/\/qtmm.org\/qt\/meclis-reisi-refat-cubarov-qirim-yuqari-surasi-deral-dagitilmali\/#primaryimage","url":"http:\/\/qtmm.org\/wp-content\/uploads\/2022\/01\/5309b14608fdb.jpeg","contentUrl":"http:\/\/qtmm.org\/wp-content\/uploads\/2022\/01\/5309b14608fdb.jpeg"},{"@type":"BreadcrumbList","@id":"https:\/\/qtmm.org\/qt\/meclis-reisi-refat-cubarov-qirim-yuqari-surasi-deral-dagitilmali\/#breadcrumb","itemListElement":[{"@type":"ListItem","position":1,"name":"\u0413\u043e\u043b\u043e\u0432\u043d\u0430","item":"https:\/\/qtmm.org\/qt\/"},{"@type":"ListItem","position":2,"name":"Meclis reisi Refat \u00c7ubarov: Q\u0131r\u0131m Yuqar\u0131 \u015euras\u0131 deral da\u011f\u0131t\u0131lmal\u0131!"}]},{"@type":"WebSite","@id":"https:\/\/qtmm.org\/qt\/#website","url":"https:\/\/qtmm.org\/qt\/","name":"\u041c\u0435\u0434\u0436\u043b\u0456\u0441","description":"","publisher":{"@id":"https:\/\/qtmm.org\/qt\/#organization"},"potentialAction":[{"@type":"SearchAction","target":{"@type":"EntryPoint","urlTemplate":"https:\/\/qtmm.org\/qt\/?s={search_term_string}"},"query-input":{"@type":"PropertyValueSpecification","valueRequired":true,"valueName":"search_term_string"}}],"inLanguage":"qt"},{"@type":"Organization","@id":"https:\/\/qtmm.org\/qt\/#organization","name":"\u041c\u0435\u0434\u0436\u043b\u0456\u0441","url":"https:\/\/qtmm.org\/qt\/","logo":{"@type":"ImageObject","inLanguage":"qt","@id":"https:\/\/qtmm.org\/qt\/#\/schema\/logo\/image\/","url":"https:\/\/qtmm.org\/wp-content\/uploads\/2024\/12\/ua-mejlis-logo-rgb.svg","contentUrl":"https:\/\/qtmm.org\/wp-content\/uploads\/2024\/12\/ua-mejlis-logo-rgb.svg","caption":"\u041c\u0435\u0434\u0436\u043b\u0456\u0441"},"image":{"@id":"https:\/\/qtmm.org\/qt\/#\/schema\/logo\/image\/"},"sameAs":["https:\/\/www.facebook.com\/qtmm.info\/"]},{"@type":"Person","@id":"https:\/\/qtmm.org\/qt\/#\/schema\/person\/de562469f971dec226ac06e60bbf74a7","name":"Developer","image":{"@type":"ImageObject","inLanguage":"qt","@id":"https:\/\/secure.gravatar.com\/avatar\/392b4cc8fbfeb00b39dfeeab4ee6edded39ffd48e25858637e4765810300227e?s=96&d=mm&r=g","url":"https:\/\/secure.gravatar.com\/avatar\/392b4cc8fbfeb00b39dfeeab4ee6edded39ffd48e25858637e4765810300227e?s=96&d=mm&r=g","contentUrl":"https:\/\/secure.gravatar.com\/avatar\/392b4cc8fbfeb00b39dfeeab4ee6edded39ffd48e25858637e4765810300227e?s=96&d=mm&r=g","caption":"Developer"},"url":"https:\/\/qtmm.org\/qt\/author\/Developer\/"}]}},"_links":{"self":[{"href":"https:\/\/qtmm.org\/qt\/wp-json\/wp\/v2\/posts\/43601","targetHints":{"allow":["GET"]}}],"collection":[{"href":"https:\/\/qtmm.org\/qt\/wp-json\/wp\/v2\/posts"}],"about":[{"href":"https:\/\/qtmm.org\/qt\/wp-json\/wp\/v2\/types\/post"}],"author":[{"embeddable":true,"href":"https:\/\/qtmm.org\/qt\/wp-json\/wp\/v2\/users\/1"}],"replies":[{"embeddable":true,"href":"https:\/\/qtmm.org\/qt\/wp-json\/wp\/v2\/comments?post=43601"}],"version-history":[{"count":1,"href":"https:\/\/qtmm.org\/qt\/wp-json\/wp\/v2\/posts\/43601\/revisions"}],"predecessor-version":[{"id":43606,"href":"https:\/\/qtmm.org\/qt\/wp-json\/wp\/v2\/posts\/43601\/revisions\/43606"}],"wp:attachment":[{"href":"https:\/\/qtmm.org\/qt\/wp-json\/wp\/v2\/media?parent=43601"}],"wp:term":[{"taxonomy":"category","embeddable":true,"href":"https:\/\/qtmm.org\/qt\/wp-json\/wp\/v2\/categories?post=43601"},{"taxonomy":"post_tag","embeddable":true,"href":"https:\/\/qtmm.org\/qt\/wp-json\/wp\/v2\/tags?post=43601"}],"curies":[{"name":"wp","href":"https:\/\/api.w.org\/{rel}","templated":true}]}}