




{"id":43595,"date":"2014-02-23T18:48:00","date_gmt":"2014-02-23T15:48:00","guid":{"rendered":"http:\/\/qtmm.org\/?p=43595"},"modified":"2022-01-27T18:49:51","modified_gmt":"2022-01-27T15:49:51","slug":"turkiye-yanilangan-ukrainaga-er-tarafli-yardim-kostermege-azir","status":"publish","type":"post","link":"https:\/\/qtmm.org\/qt\/turkiye-yanilangan-ukrainaga-er-tarafli-yardim-kostermege-azir\/","title":{"rendered":"T\u00fcrkiye ya\u00f1\u0131lan\u011fan Ukraina\u011fa er tarafl\u0131 yard\u0131m k\u00f6stermege az\u0131r"},"content":{"rendered":"\n<p>2014 senesi fevral 22 k\u00fcn\u00fc Ukraina Yuqar\u0131 \u015euras\u0131nda ukrain parlamentini\u00f1 ya\u00f1\u0131 spikeri Aleksandr Tur\u00e7inov T\u00fcrkiyeni\u00f1 yaq\u0131nda akkreditatsiya etilgen Toluvek\u00e2letli ve Vefqulade El\u00e7isi Yonet Can Tezel ile k\u00f6r\u00fc\u015fti.<\/p>\n\n\n\n<p>K\u00f6r\u00fc\u015f\u00fcvde Ukraina halq deputat\u0131 Mustafa Cemilev i\u015ftirak etti.<\/p>\n\n\n\n<p>T\u00fcrkiyeni\u00f1 Ukrainadaki El\u00e7isi Yonet Can Tezel Ukraina Yuqar\u0131 \u015euras\u0131nda ukrain parlamentini\u00f1 ya\u00f1\u0131 spikeri Aleksandr Tur\u00e7inov\u011fa Ukraina i\u00e7\u00fcn b\u00f6yle bir m\u00fcrekkep vaq\u0131tta ve pek me\u015f\u011ful ol\u011fan\u0131na baqmadan spiker olaraq saylan\u011fan\u0131n\u0131\u00f1 birinci k\u00fcn\u00fcnde qabul etkeni i\u00e7\u00fcn te\u015fekk\u00fcr bildirdi.<\/p>\n\n\n\n<figure class=\"wp-block-image size-full\"><img loading=\"lazy\" decoding=\"async\" width=\"676\" height=\"507\" src=\"http:\/\/qtmm.org\/wp-content\/uploads\/2022\/01\/cimg1869.jpeg\" alt=\"\" class=\"wp-image-43596\" srcset=\"https:\/\/qtmm.org\/wp-content\/uploads\/2022\/01\/cimg1869.jpeg 676w, https:\/\/qtmm.org\/wp-content\/uploads\/2022\/01\/cimg1869-300x225.jpeg 300w\" sizes=\"auto, (max-width: 676px) 100vw, 676px\" \/><\/figure>\n\n\n\n<p>Yonet Can Tezel T\u00fcrkiye Ukraina\u011fa bug\u00fcnki q\u0131y\u0131nl\u0131qlarn\u0131 atqaruvda, demokratik aqlar\u0131 i\u00e7\u00fcn Maydanda tur\u011fan ve uquqoruv organlar\u0131nen \u00e7at\u0131\u015fmada zarar k\u00f6rgen y\u00fczlernen i\u015ftirak\u00e7ilerine tibbiy yard\u0131m k\u00f6stermege az\u0131r ol\u011fan\u0131n\u0131 s\u00f6yledi.<\/p>\n\n\n\n<p>&#8220;Bizim yard\u0131m\u0131m\u0131z T\u00fcrkiyeden zarur il\u00e2c ve aletlerni yetkiz\u00fcv, a\u011f\u0131r yaral\u0131larn\u0131 T\u00fcrkiyeni\u00f1 tibbiyat m\u00fcessiselerine yollamaq i\u00e7\u00fcn mahsus u\u00e7aqlarn\u0131 temin et\u00fcvden ibaret&#8221;, &#8211; haber etti T\u00fcrkiyeni\u00f1 Ukrainadaki el\u00e7isi.<\/p>\n\n\n\n<p>\u00d6z nevbetinde Ukraina parlamentini\u00f1 spikeri Aleksandr Tur\u00e7inov Ukraina bug\u00fcn ker\u00e7ekten de kergin k\u00fcnlerni ya\u015fa\u011fan\u0131n\u0131 ve bug\u00fcnki \u015faraittte Prezident saylanmas\u0131na qadar o, bir vaq\u0131tta em parlament spikeri vazifesini, em icra akimiyetni idare etmege mecbur ol\u011fan\u0131n\u0131 qayd etti. &#8220;Ukrainan\u0131\u00f1 strategik orta\u011f\u0131 ol\u011fan T\u00fcrkiye ile s\u0131q\u0131 ba\u011flarn\u0131 daa da pekitmek pek m\u00fcimdir&#8221;, &#8211; dedi spiker A. Tur\u00e7inov.<\/p>\n\n\n\n<p>Ukraina Yuqar\u0131 \u015euras\u0131n\u0131\u00f1 reisi T\u00fcrkiyeni\u00f1 El\u00e7isi Yonet Can Tezel ile k\u00f6r\u00fc\u015f\u00fcvni\u00f1 te\u015febb\u00fcs\u00e7isi ol\u011fan halq vekili Mustafa Cemilevge de te\u015fekk\u00fcr bildirdi.<br>K\u00f6r\u00fc\u015f\u00fcv devam\u0131nda bun\u0131\u00f1 kibi de eki memleket aras\u0131nda bug\u00fcnde-bug\u00fcn 6,5 milliard dollarn\u0131 te\u015fkil etken ticariy-iqtisadiy munasebetlerni\u00f1 k\u00f6lemini artt\u0131rmaq istiqballerini muzakere ettiler.<\/p>\n","protected":false},"excerpt":{"rendered":"<p>2014 senesi fevral 22 k\u00fcn\u00fc Ukraina Yuqar\u0131 \u015euras\u0131nda ukrain parlamentini\u00f1 ya\u00f1\u0131 spikeri Aleksandr Tur\u00e7inov T\u00fcrkiyeni\u00f1 yaq\u0131nda akkreditatsiya etilgen Toluvek\u00e2letli ve Vefqulade El\u00e7isi Yonet Can Tezel ile k\u00f6r\u00fc\u015fti. K\u00f6r\u00fc\u015f\u00fcvde Ukraina halq deputat\u0131 Mustafa Cemilev i\u015ftirak etti. T\u00fcrkiyeni\u00f1 Ukrainadaki El\u00e7isi Yonet Can Tezel Ukraina Yuqar\u0131 \u015euras\u0131nda ukrain parlamentini\u00f1 ya\u00f1\u0131 spikeri Aleksandr Tur\u00e7inov\u011fa Ukraina i\u00e7\u00fcn b\u00f6yle bir m\u00fcrekkep [&hellip;]<\/p>\n","protected":false},"author":1,"featured_media":0,"comment_status":"open","ping_status":"open","sticky":false,"template":"","format":"standard","meta":{"inline_featured_image":false,"footnotes":""},"categories":[265],"tags":[],"class_list":["post-43595","post","type-post","status-publish","format-standard","hentry","category-haberler"],"acf":[],"yoast_head":"<!-- This site is optimized with the Yoast SEO plugin v27.4 - https:\/\/yoast.com\/product\/yoast-seo-wordpress\/ -->\n<title>T\u00fcrkiye ya\u00f1\u0131lan\u011fan Ukraina\u011fa er tarafl\u0131 yard\u0131m k\u00f6stermege az\u0131r - \u041c\u0435\u0434\u0436\u043b\u0456\u0441<\/title>\n<meta name=\"robots\" content=\"index, follow, max-snippet:-1, max-image-preview:large, max-video-preview:-1\" \/>\n<link rel=\"canonical\" href=\"https:\/\/qtmm.org\/qt\/turkiye-yanilangan-ukrainaga-er-tarafli-yardim-kostermege-azir\/\" \/>\n<meta property=\"og:locale\" content=\"en_US\" \/>\n<meta property=\"og:type\" content=\"article\" \/>\n<meta property=\"og:title\" content=\"T\u00fcrkiye ya\u00f1\u0131lan\u011fan Ukraina\u011fa er tarafl\u0131 yard\u0131m k\u00f6stermege az\u0131r - \u041c\u0435\u0434\u0436\u043b\u0456\u0441\" \/>\n<meta property=\"og:description\" content=\"2014 senesi fevral 22 k\u00fcn\u00fc Ukraina Yuqar\u0131 \u015euras\u0131nda ukrain parlamentini\u00f1 ya\u00f1\u0131 spikeri Aleksandr Tur\u00e7inov T\u00fcrkiyeni\u00f1 yaq\u0131nda akkreditatsiya etilgen Toluvek\u00e2letli ve Vefqulade El\u00e7isi Yonet Can Tezel ile k\u00f6r\u00fc\u015fti. K\u00f6r\u00fc\u015f\u00fcvde Ukraina halq deputat\u0131 Mustafa Cemilev i\u015ftirak etti. T\u00fcrkiyeni\u00f1 Ukrainadaki El\u00e7isi Yonet Can Tezel Ukraina Yuqar\u0131 \u015euras\u0131nda ukrain parlamentini\u00f1 ya\u00f1\u0131 spikeri Aleksandr Tur\u00e7inov\u011fa Ukraina i\u00e7\u00fcn b\u00f6yle bir m\u00fcrekkep [&hellip;]\" \/>\n<meta property=\"og:url\" content=\"https:\/\/qtmm.org\/qt\/turkiye-yanilangan-ukrainaga-er-tarafli-yardim-kostermege-azir\/\" \/>\n<meta property=\"og:site_name\" content=\"\u041c\u0435\u0434\u0436\u043b\u0456\u0441\" \/>\n<meta property=\"article:publisher\" content=\"https:\/\/www.facebook.com\/qtmm.info\/\" \/>\n<meta property=\"article:published_time\" content=\"2014-02-23T15:48:00+00:00\" \/>\n<meta property=\"article:modified_time\" content=\"2022-01-27T15:49:51+00:00\" \/>\n<meta property=\"og:image\" content=\"https:\/\/qtmm.org\/wp-content\/uploads\/2022\/01\/cimg1869.jpeg\" \/>\n\t<meta property=\"og:image:width\" content=\"676\" \/>\n\t<meta property=\"og:image:height\" content=\"507\" \/>\n\t<meta property=\"og:image:type\" content=\"image\/jpeg\" \/>\n<meta name=\"author\" content=\"Developer\" \/>\n<meta name=\"twitter:card\" content=\"summary_large_image\" \/>\n<meta name=\"twitter:label1\" content=\"Written by\" \/>\n\t<meta name=\"twitter:data1\" content=\"Developer\" \/>\n\t<meta name=\"twitter:label2\" content=\"Est. reading time\" \/>\n\t<meta name=\"twitter:data2\" content=\"2 minutes\" \/>\n<script type=\"application\/ld+json\" class=\"yoast-schema-graph\">{\"@context\":\"https:\\\/\\\/schema.org\",\"@graph\":[{\"@type\":\"Article\",\"@id\":\"https:\\\/\\\/qtmm.org\\\/qt\\\/turkiye-yanilangan-ukrainaga-er-tarafli-yardim-kostermege-azir\\\/#article\",\"isPartOf\":{\"@id\":\"https:\\\/\\\/qtmm.org\\\/qt\\\/turkiye-yanilangan-ukrainaga-er-tarafli-yardim-kostermege-azir\\\/\"},\"author\":{\"name\":\"Developer\",\"@id\":\"https:\\\/\\\/qtmm.org\\\/qt\\\/#\\\/schema\\\/person\\\/de562469f971dec226ac06e60bbf74a7\"},\"headline\":\"T\u00fcrkiye ya\u00f1\u0131lan\u011fan Ukraina\u011fa er tarafl\u0131 yard\u0131m k\u00f6stermege az\u0131r\",\"datePublished\":\"2014-02-23T15:48:00+00:00\",\"dateModified\":\"2022-01-27T15:49:51+00:00\",\"mainEntityOfPage\":{\"@id\":\"https:\\\/\\\/qtmm.org\\\/qt\\\/turkiye-yanilangan-ukrainaga-er-tarafli-yardim-kostermege-azir\\\/\"},\"wordCount\":335,\"commentCount\":0,\"publisher\":{\"@id\":\"https:\\\/\\\/qtmm.org\\\/qt\\\/#organization\"},\"image\":{\"@id\":\"https:\\\/\\\/qtmm.org\\\/qt\\\/turkiye-yanilangan-ukrainaga-er-tarafli-yardim-kostermege-azir\\\/#primaryimage\"},\"thumbnailUrl\":\"http:\\\/\\\/qtmm.org\\\/wp-content\\\/uploads\\\/2022\\\/01\\\/cimg1869.jpeg\",\"articleSection\":[\"Haberler\"],\"inLanguage\":\"qt\",\"potentialAction\":[{\"@type\":\"CommentAction\",\"name\":\"Comment\",\"target\":[\"https:\\\/\\\/qtmm.org\\\/qt\\\/turkiye-yanilangan-ukrainaga-er-tarafli-yardim-kostermege-azir\\\/#respond\"]}]},{\"@type\":\"WebPage\",\"@id\":\"https:\\\/\\\/qtmm.org\\\/qt\\\/turkiye-yanilangan-ukrainaga-er-tarafli-yardim-kostermege-azir\\\/\",\"url\":\"https:\\\/\\\/qtmm.org\\\/qt\\\/turkiye-yanilangan-ukrainaga-er-tarafli-yardim-kostermege-azir\\\/\",\"name\":\"T\u00fcrkiye ya\u00f1\u0131lan\u011fan Ukraina\u011fa er tarafl\u0131 yard\u0131m k\u00f6stermege az\u0131r - \u041c\u0435\u0434\u0436\u043b\u0456\u0441\",\"isPartOf\":{\"@id\":\"https:\\\/\\\/qtmm.org\\\/qt\\\/#website\"},\"primaryImageOfPage\":{\"@id\":\"https:\\\/\\\/qtmm.org\\\/qt\\\/turkiye-yanilangan-ukrainaga-er-tarafli-yardim-kostermege-azir\\\/#primaryimage\"},\"image\":{\"@id\":\"https:\\\/\\\/qtmm.org\\\/qt\\\/turkiye-yanilangan-ukrainaga-er-tarafli-yardim-kostermege-azir\\\/#primaryimage\"},\"thumbnailUrl\":\"http:\\\/\\\/qtmm.org\\\/wp-content\\\/uploads\\\/2022\\\/01\\\/cimg1869.jpeg\",\"datePublished\":\"2014-02-23T15:48:00+00:00\",\"dateModified\":\"2022-01-27T15:49:51+00:00\",\"breadcrumb\":{\"@id\":\"https:\\\/\\\/qtmm.org\\\/qt\\\/turkiye-yanilangan-ukrainaga-er-tarafli-yardim-kostermege-azir\\\/#breadcrumb\"},\"inLanguage\":\"qt\",\"potentialAction\":[{\"@type\":\"ReadAction\",\"target\":[\"https:\\\/\\\/qtmm.org\\\/qt\\\/turkiye-yanilangan-ukrainaga-er-tarafli-yardim-kostermege-azir\\\/\"]}]},{\"@type\":\"ImageObject\",\"inLanguage\":\"qt\",\"@id\":\"https:\\\/\\\/qtmm.org\\\/qt\\\/turkiye-yanilangan-ukrainaga-er-tarafli-yardim-kostermege-azir\\\/#primaryimage\",\"url\":\"http:\\\/\\\/qtmm.org\\\/wp-content\\\/uploads\\\/2022\\\/01\\\/cimg1869.jpeg\",\"contentUrl\":\"http:\\\/\\\/qtmm.org\\\/wp-content\\\/uploads\\\/2022\\\/01\\\/cimg1869.jpeg\"},{\"@type\":\"BreadcrumbList\",\"@id\":\"https:\\\/\\\/qtmm.org\\\/qt\\\/turkiye-yanilangan-ukrainaga-er-tarafli-yardim-kostermege-azir\\\/#breadcrumb\",\"itemListElement\":[{\"@type\":\"ListItem\",\"position\":1,\"name\":\"\u0413\u043e\u043b\u043e\u0432\u043d\u0430\",\"item\":\"https:\\\/\\\/qtmm.org\\\/qt\\\/\"},{\"@type\":\"ListItem\",\"position\":2,\"name\":\"T\u00fcrkiye ya\u00f1\u0131lan\u011fan Ukraina\u011fa er tarafl\u0131 yard\u0131m k\u00f6stermege az\u0131r\"}]},{\"@type\":\"WebSite\",\"@id\":\"https:\\\/\\\/qtmm.org\\\/qt\\\/#website\",\"url\":\"https:\\\/\\\/qtmm.org\\\/qt\\\/\",\"name\":\"\u041c\u0435\u0434\u0436\u043b\u0456\u0441\",\"description\":\"\",\"publisher\":{\"@id\":\"https:\\\/\\\/qtmm.org\\\/qt\\\/#organization\"},\"potentialAction\":[{\"@type\":\"SearchAction\",\"target\":{\"@type\":\"EntryPoint\",\"urlTemplate\":\"https:\\\/\\\/qtmm.org\\\/qt\\\/?s={search_term_string}\"},\"query-input\":{\"@type\":\"PropertyValueSpecification\",\"valueRequired\":true,\"valueName\":\"search_term_string\"}}],\"inLanguage\":\"qt\"},{\"@type\":\"Organization\",\"@id\":\"https:\\\/\\\/qtmm.org\\\/qt\\\/#organization\",\"name\":\"\u041c\u0435\u0434\u0436\u043b\u0456\u0441\",\"url\":\"https:\\\/\\\/qtmm.org\\\/qt\\\/\",\"logo\":{\"@type\":\"ImageObject\",\"inLanguage\":\"qt\",\"@id\":\"https:\\\/\\\/qtmm.org\\\/qt\\\/#\\\/schema\\\/logo\\\/image\\\/\",\"url\":\"https:\\\/\\\/qtmm.org\\\/wp-content\\\/uploads\\\/2024\\\/12\\\/ua-mejlis-logo-rgb.svg\",\"contentUrl\":\"https:\\\/\\\/qtmm.org\\\/wp-content\\\/uploads\\\/2024\\\/12\\\/ua-mejlis-logo-rgb.svg\",\"caption\":\"\u041c\u0435\u0434\u0436\u043b\u0456\u0441\"},\"image\":{\"@id\":\"https:\\\/\\\/qtmm.org\\\/qt\\\/#\\\/schema\\\/logo\\\/image\\\/\"},\"sameAs\":[\"https:\\\/\\\/www.facebook.com\\\/qtmm.info\\\/\"]},{\"@type\":\"Person\",\"@id\":\"https:\\\/\\\/qtmm.org\\\/qt\\\/#\\\/schema\\\/person\\\/de562469f971dec226ac06e60bbf74a7\",\"name\":\"Developer\",\"image\":{\"@type\":\"ImageObject\",\"inLanguage\":\"qt\",\"@id\":\"https:\\\/\\\/secure.gravatar.com\\\/avatar\\\/392b4cc8fbfeb00b39dfeeab4ee6edded39ffd48e25858637e4765810300227e?s=96&d=mm&r=g\",\"url\":\"https:\\\/\\\/secure.gravatar.com\\\/avatar\\\/392b4cc8fbfeb00b39dfeeab4ee6edded39ffd48e25858637e4765810300227e?s=96&d=mm&r=g\",\"contentUrl\":\"https:\\\/\\\/secure.gravatar.com\\\/avatar\\\/392b4cc8fbfeb00b39dfeeab4ee6edded39ffd48e25858637e4765810300227e?s=96&d=mm&r=g\",\"caption\":\"Developer\"},\"url\":\"https:\\\/\\\/qtmm.org\\\/qt\\\/author\\\/Developer\\\/\"}]}<\/script>\n<!-- \/ Yoast SEO plugin. -->","yoast_head_json":{"title":"T\u00fcrkiye ya\u00f1\u0131lan\u011fan Ukraina\u011fa er tarafl\u0131 yard\u0131m k\u00f6stermege az\u0131r - \u041c\u0435\u0434\u0436\u043b\u0456\u0441","robots":{"index":"index","follow":"follow","max-snippet":"max-snippet:-1","max-image-preview":"max-image-preview:large","max-video-preview":"max-video-preview:-1"},"canonical":"https:\/\/qtmm.org\/qt\/turkiye-yanilangan-ukrainaga-er-tarafli-yardim-kostermege-azir\/","og_locale":"en_US","og_type":"article","og_title":"T\u00fcrkiye ya\u00f1\u0131lan\u011fan Ukraina\u011fa er tarafl\u0131 yard\u0131m k\u00f6stermege az\u0131r - \u041c\u0435\u0434\u0436\u043b\u0456\u0441","og_description":"2014 senesi fevral 22 k\u00fcn\u00fc Ukraina Yuqar\u0131 \u015euras\u0131nda ukrain parlamentini\u00f1 ya\u00f1\u0131 spikeri Aleksandr Tur\u00e7inov T\u00fcrkiyeni\u00f1 yaq\u0131nda akkreditatsiya etilgen Toluvek\u00e2letli ve Vefqulade El\u00e7isi Yonet Can Tezel ile k\u00f6r\u00fc\u015fti. K\u00f6r\u00fc\u015f\u00fcvde Ukraina halq deputat\u0131 Mustafa Cemilev i\u015ftirak etti. T\u00fcrkiyeni\u00f1 Ukrainadaki El\u00e7isi Yonet Can Tezel Ukraina Yuqar\u0131 \u015euras\u0131nda ukrain parlamentini\u00f1 ya\u00f1\u0131 spikeri Aleksandr Tur\u00e7inov\u011fa Ukraina i\u00e7\u00fcn b\u00f6yle bir m\u00fcrekkep [&hellip;]","og_url":"https:\/\/qtmm.org\/qt\/turkiye-yanilangan-ukrainaga-er-tarafli-yardim-kostermege-azir\/","og_site_name":"\u041c\u0435\u0434\u0436\u043b\u0456\u0441","article_publisher":"https:\/\/www.facebook.com\/qtmm.info\/","article_published_time":"2014-02-23T15:48:00+00:00","article_modified_time":"2022-01-27T15:49:51+00:00","og_image":[{"width":676,"height":507,"url":"https:\/\/qtmm.org\/wp-content\/uploads\/2022\/01\/cimg1869.jpeg","type":"image\/jpeg"}],"author":"Developer","twitter_card":"summary_large_image","twitter_misc":{"Written by":"Developer","Est. reading time":"2 minutes"},"schema":{"@context":"https:\/\/schema.org","@graph":[{"@type":"Article","@id":"https:\/\/qtmm.org\/qt\/turkiye-yanilangan-ukrainaga-er-tarafli-yardim-kostermege-azir\/#article","isPartOf":{"@id":"https:\/\/qtmm.org\/qt\/turkiye-yanilangan-ukrainaga-er-tarafli-yardim-kostermege-azir\/"},"author":{"name":"Developer","@id":"https:\/\/qtmm.org\/qt\/#\/schema\/person\/de562469f971dec226ac06e60bbf74a7"},"headline":"T\u00fcrkiye ya\u00f1\u0131lan\u011fan Ukraina\u011fa er tarafl\u0131 yard\u0131m k\u00f6stermege az\u0131r","datePublished":"2014-02-23T15:48:00+00:00","dateModified":"2022-01-27T15:49:51+00:00","mainEntityOfPage":{"@id":"https:\/\/qtmm.org\/qt\/turkiye-yanilangan-ukrainaga-er-tarafli-yardim-kostermege-azir\/"},"wordCount":335,"commentCount":0,"publisher":{"@id":"https:\/\/qtmm.org\/qt\/#organization"},"image":{"@id":"https:\/\/qtmm.org\/qt\/turkiye-yanilangan-ukrainaga-er-tarafli-yardim-kostermege-azir\/#primaryimage"},"thumbnailUrl":"http:\/\/qtmm.org\/wp-content\/uploads\/2022\/01\/cimg1869.jpeg","articleSection":["Haberler"],"inLanguage":"qt","potentialAction":[{"@type":"CommentAction","name":"Comment","target":["https:\/\/qtmm.org\/qt\/turkiye-yanilangan-ukrainaga-er-tarafli-yardim-kostermege-azir\/#respond"]}]},{"@type":"WebPage","@id":"https:\/\/qtmm.org\/qt\/turkiye-yanilangan-ukrainaga-er-tarafli-yardim-kostermege-azir\/","url":"https:\/\/qtmm.org\/qt\/turkiye-yanilangan-ukrainaga-er-tarafli-yardim-kostermege-azir\/","name":"T\u00fcrkiye ya\u00f1\u0131lan\u011fan Ukraina\u011fa er tarafl\u0131 yard\u0131m k\u00f6stermege az\u0131r - \u041c\u0435\u0434\u0436\u043b\u0456\u0441","isPartOf":{"@id":"https:\/\/qtmm.org\/qt\/#website"},"primaryImageOfPage":{"@id":"https:\/\/qtmm.org\/qt\/turkiye-yanilangan-ukrainaga-er-tarafli-yardim-kostermege-azir\/#primaryimage"},"image":{"@id":"https:\/\/qtmm.org\/qt\/turkiye-yanilangan-ukrainaga-er-tarafli-yardim-kostermege-azir\/#primaryimage"},"thumbnailUrl":"http:\/\/qtmm.org\/wp-content\/uploads\/2022\/01\/cimg1869.jpeg","datePublished":"2014-02-23T15:48:00+00:00","dateModified":"2022-01-27T15:49:51+00:00","breadcrumb":{"@id":"https:\/\/qtmm.org\/qt\/turkiye-yanilangan-ukrainaga-er-tarafli-yardim-kostermege-azir\/#breadcrumb"},"inLanguage":"qt","potentialAction":[{"@type":"ReadAction","target":["https:\/\/qtmm.org\/qt\/turkiye-yanilangan-ukrainaga-er-tarafli-yardim-kostermege-azir\/"]}]},{"@type":"ImageObject","inLanguage":"qt","@id":"https:\/\/qtmm.org\/qt\/turkiye-yanilangan-ukrainaga-er-tarafli-yardim-kostermege-azir\/#primaryimage","url":"http:\/\/qtmm.org\/wp-content\/uploads\/2022\/01\/cimg1869.jpeg","contentUrl":"http:\/\/qtmm.org\/wp-content\/uploads\/2022\/01\/cimg1869.jpeg"},{"@type":"BreadcrumbList","@id":"https:\/\/qtmm.org\/qt\/turkiye-yanilangan-ukrainaga-er-tarafli-yardim-kostermege-azir\/#breadcrumb","itemListElement":[{"@type":"ListItem","position":1,"name":"\u0413\u043e\u043b\u043e\u0432\u043d\u0430","item":"https:\/\/qtmm.org\/qt\/"},{"@type":"ListItem","position":2,"name":"T\u00fcrkiye ya\u00f1\u0131lan\u011fan Ukraina\u011fa er tarafl\u0131 yard\u0131m k\u00f6stermege az\u0131r"}]},{"@type":"WebSite","@id":"https:\/\/qtmm.org\/qt\/#website","url":"https:\/\/qtmm.org\/qt\/","name":"\u041c\u0435\u0434\u0436\u043b\u0456\u0441","description":"","publisher":{"@id":"https:\/\/qtmm.org\/qt\/#organization"},"potentialAction":[{"@type":"SearchAction","target":{"@type":"EntryPoint","urlTemplate":"https:\/\/qtmm.org\/qt\/?s={search_term_string}"},"query-input":{"@type":"PropertyValueSpecification","valueRequired":true,"valueName":"search_term_string"}}],"inLanguage":"qt"},{"@type":"Organization","@id":"https:\/\/qtmm.org\/qt\/#organization","name":"\u041c\u0435\u0434\u0436\u043b\u0456\u0441","url":"https:\/\/qtmm.org\/qt\/","logo":{"@type":"ImageObject","inLanguage":"qt","@id":"https:\/\/qtmm.org\/qt\/#\/schema\/logo\/image\/","url":"https:\/\/qtmm.org\/wp-content\/uploads\/2024\/12\/ua-mejlis-logo-rgb.svg","contentUrl":"https:\/\/qtmm.org\/wp-content\/uploads\/2024\/12\/ua-mejlis-logo-rgb.svg","caption":"\u041c\u0435\u0434\u0436\u043b\u0456\u0441"},"image":{"@id":"https:\/\/qtmm.org\/qt\/#\/schema\/logo\/image\/"},"sameAs":["https:\/\/www.facebook.com\/qtmm.info\/"]},{"@type":"Person","@id":"https:\/\/qtmm.org\/qt\/#\/schema\/person\/de562469f971dec226ac06e60bbf74a7","name":"Developer","image":{"@type":"ImageObject","inLanguage":"qt","@id":"https:\/\/secure.gravatar.com\/avatar\/392b4cc8fbfeb00b39dfeeab4ee6edded39ffd48e25858637e4765810300227e?s=96&d=mm&r=g","url":"https:\/\/secure.gravatar.com\/avatar\/392b4cc8fbfeb00b39dfeeab4ee6edded39ffd48e25858637e4765810300227e?s=96&d=mm&r=g","contentUrl":"https:\/\/secure.gravatar.com\/avatar\/392b4cc8fbfeb00b39dfeeab4ee6edded39ffd48e25858637e4765810300227e?s=96&d=mm&r=g","caption":"Developer"},"url":"https:\/\/qtmm.org\/qt\/author\/Developer\/"}]}},"_links":{"self":[{"href":"https:\/\/qtmm.org\/qt\/wp-json\/wp\/v2\/posts\/43595","targetHints":{"allow":["GET"]}}],"collection":[{"href":"https:\/\/qtmm.org\/qt\/wp-json\/wp\/v2\/posts"}],"about":[{"href":"https:\/\/qtmm.org\/qt\/wp-json\/wp\/v2\/types\/post"}],"author":[{"embeddable":true,"href":"https:\/\/qtmm.org\/qt\/wp-json\/wp\/v2\/users\/1"}],"replies":[{"embeddable":true,"href":"https:\/\/qtmm.org\/qt\/wp-json\/wp\/v2\/comments?post=43595"}],"version-history":[{"count":1,"href":"https:\/\/qtmm.org\/qt\/wp-json\/wp\/v2\/posts\/43595\/revisions"}],"predecessor-version":[{"id":43600,"href":"https:\/\/qtmm.org\/qt\/wp-json\/wp\/v2\/posts\/43595\/revisions\/43600"}],"wp:attachment":[{"href":"https:\/\/qtmm.org\/qt\/wp-json\/wp\/v2\/media?parent=43595"}],"wp:term":[{"taxonomy":"category","embeddable":true,"href":"https:\/\/qtmm.org\/qt\/wp-json\/wp\/v2\/categories?post=43595"},{"taxonomy":"post_tag","embeddable":true,"href":"https:\/\/qtmm.org\/qt\/wp-json\/wp\/v2\/tags?post=43595"}],"curies":[{"name":"wp","href":"https:\/\/api.w.org\/{rel}","templated":true}]}}