




{"id":43589,"date":"2014-02-22T18:47:00","date_gmt":"2014-02-22T15:47:00","guid":{"rendered":"http:\/\/qtmm.org\/?p=43589"},"modified":"2022-01-27T18:48:19","modified_gmt":"2022-01-27T15:48:19","slug":"mustafa-cemilev-ayirimcilarni-cinaiy-cevapkarliqqa-cekmekni-talap-etti","status":"publish","type":"post","link":"https:\/\/qtmm.org\/qt\/mustafa-cemilev-ayirimcilarni-cinaiy-cevapkarliqqa-cekmekni-talap-etti\/","title":{"rendered":"Mustafa Cemilev ay\u0131r\u0131mc\u0131larn\u0131 cinaiy cevapk\u00e2rl\u0131qqa \u00e7ekmekni talap etti"},"content":{"rendered":"\n<p>&#8220;Meslekde\u015fim Tomenko (Ukraina halq deputat\u0131, &#8220;Batkiv\u015f\u00e7ina&#8221; birle\u015fmesi) \u015fimdi dedi ki, Q\u0131r\u0131m yolba\u015f\u00e7\u0131lar\u0131 &#8220;aq\u0131lland\u0131lar&#8221; ve ay\u0131r\u0131mc\u0131l\u0131q beyanat ve areketlerinden vazge\u00e7tiler, &#8211; dep ba\u015flad\u0131 Mustafa Cemilev fevral 22 k\u00fcn\u00fc parlamentte \u00f6z \u00e7\u0131q\u0131\u015f\u0131n\u0131. \u2013 Mencesine, bu b\u00f6yle degil. Bug\u00fcn Q\u0131r\u0131mda al\u00e2 daa ay\u0131r\u0131mc\u0131l\u0131q tel\u00fckesi mevcut. Yani Q\u0131r\u0131mn\u0131 Ukrainadan ay\u0131r\u0131p, Rusiye federatsiyas\u0131na qo\u015fmaq maqsadlar\u0131 bar&#8221;.<\/p>\n\n\n\n<p>M.Cemilev ay\u0131r\u0131mc\u0131l\u0131q areketlerine Q\u0131r\u0131m Yuqar\u0131 \u015euras\u0131 reberlik yapqan\u0131n\u0131 hat\u0131rlatt\u0131.<\/p>\n\n\n\n<p>&#8220;Eki k\u00fcn evelsi Moskvada bulun\u011fan Q\u0131r\u0131m Yuqar\u0131 \u015euras\u0131n\u0131\u00f1 reisi Vladimir Konstantinov qayt\u0131p kelgen so\u00f1 Q\u0131r\u0131m Yuqar\u0131 \u015euras\u0131n\u0131\u00f1 nevbetten t\u0131\u015f sessiyas\u0131n\u0131 ke\u00e7irmekni planla\u015ft\u0131r\u011fan. Ve onda Regionlar partiyas\u0131 deputatlar\u0131n\u0131\u00f1 \u00e7oqlu\u011f\u0131 ile Q\u0131r\u0131mn\u0131 Rusiyege qo\u015fmaq aqq\u0131nda qarar almaq niyetinde edi. Bun\u0131\u00f1 kibi de Kremlge Q\u0131r\u0131m vatanda\u015flar\u0131n\u0131 qorumaq \u00e7a\u011f\u0131ruv\u0131nen muracaat etmekge istediler, &#8211; dedi M. Cemilev. &#8211; Faqat, Ukraina b\u00fct\u00fcnligini\u00f1 tarafdar\u0131 ol\u011fan ve Milliy Meclisni\u00f1 operativ areketleri ve q\u0131r\u0131ml\u0131 siyaset\u00e7ilerni\u00f1 ak\u0131l-feraseti sayesinde bu plann\u0131\u00f1 ker\u00e7ekle\u015fmesine yol berilmedi&#8221;.<\/p>\n","protected":false},"excerpt":{"rendered":"<p>&#8220;Meslekde\u015fim Tomenko (Ukraina halq deputat\u0131, &#8220;Batkiv\u015f\u00e7ina&#8221; birle\u015fmesi) \u015fimdi dedi ki, Q\u0131r\u0131m yolba\u015f\u00e7\u0131lar\u0131 &#8220;aq\u0131lland\u0131lar&#8221; ve ay\u0131r\u0131mc\u0131l\u0131q beyanat ve areketlerinden vazge\u00e7tiler, &#8211; dep ba\u015flad\u0131 Mustafa Cemilev fevral 22 k\u00fcn\u00fc parlamentte \u00f6z \u00e7\u0131q\u0131\u015f\u0131n\u0131. \u2013 Mencesine, bu b\u00f6yle degil. Bug\u00fcn Q\u0131r\u0131mda al\u00e2 daa ay\u0131r\u0131mc\u0131l\u0131q tel\u00fckesi mevcut. Yani Q\u0131r\u0131mn\u0131 Ukrainadan ay\u0131r\u0131p, Rusiye federatsiyas\u0131na qo\u015fmaq maqsadlar\u0131 bar&#8221;. M.Cemilev ay\u0131r\u0131mc\u0131l\u0131q areketlerine Q\u0131r\u0131m [&hellip;]<\/p>\n","protected":false},"author":1,"featured_media":43590,"comment_status":"open","ping_status":"open","sticky":false,"template":"","format":"standard","meta":{"inline_featured_image":false,"footnotes":""},"categories":[265],"tags":[],"class_list":["post-43589","post","type-post","status-publish","format-standard","has-post-thumbnail","hentry","category-haberler"],"acf":[],"yoast_head":"<!-- This site is optimized with the Yoast SEO plugin v27.4 - https:\/\/yoast.com\/product\/yoast-seo-wordpress\/ -->\n<title>Mustafa Cemilev ay\u0131r\u0131mc\u0131larn\u0131 cinaiy cevapk\u00e2rl\u0131qqa \u00e7ekmekni talap etti - \u041c\u0435\u0434\u0436\u043b\u0456\u0441<\/title>\n<meta name=\"robots\" content=\"index, follow, max-snippet:-1, max-image-preview:large, max-video-preview:-1\" \/>\n<link rel=\"canonical\" href=\"https:\/\/qtmm.org\/qt\/mustafa-cemilev-ayirimcilarni-cinaiy-cevapkarliqqa-cekmekni-talap-etti\/\" \/>\n<meta property=\"og:locale\" content=\"en_US\" \/>\n<meta property=\"og:type\" content=\"article\" \/>\n<meta property=\"og:title\" content=\"Mustafa Cemilev ay\u0131r\u0131mc\u0131larn\u0131 cinaiy cevapk\u00e2rl\u0131qqa \u00e7ekmekni talap etti - \u041c\u0435\u0434\u0436\u043b\u0456\u0441\" \/>\n<meta property=\"og:description\" content=\"&#8220;Meslekde\u015fim Tomenko (Ukraina halq deputat\u0131, &#8220;Batkiv\u015f\u00e7ina&#8221; birle\u015fmesi) \u015fimdi dedi ki, Q\u0131r\u0131m yolba\u015f\u00e7\u0131lar\u0131 &#8220;aq\u0131lland\u0131lar&#8221; ve ay\u0131r\u0131mc\u0131l\u0131q beyanat ve areketlerinden vazge\u00e7tiler, &#8211; dep ba\u015flad\u0131 Mustafa Cemilev fevral 22 k\u00fcn\u00fc parlamentte \u00f6z \u00e7\u0131q\u0131\u015f\u0131n\u0131. \u2013 Mencesine, bu b\u00f6yle degil. Bug\u00fcn Q\u0131r\u0131mda al\u00e2 daa ay\u0131r\u0131mc\u0131l\u0131q tel\u00fckesi mevcut. Yani Q\u0131r\u0131mn\u0131 Ukrainadan ay\u0131r\u0131p, Rusiye federatsiyas\u0131na qo\u015fmaq maqsadlar\u0131 bar&#8221;. M.Cemilev ay\u0131r\u0131mc\u0131l\u0131q areketlerine Q\u0131r\u0131m [&hellip;]\" \/>\n<meta property=\"og:url\" content=\"https:\/\/qtmm.org\/qt\/mustafa-cemilev-ayirimcilarni-cinaiy-cevapkarliqqa-cekmekni-talap-etti\/\" \/>\n<meta property=\"og:site_name\" content=\"\u041c\u0435\u0434\u0436\u043b\u0456\u0441\" \/>\n<meta property=\"article:publisher\" content=\"https:\/\/www.facebook.com\/qtmm.info\/\" \/>\n<meta property=\"article:published_time\" content=\"2014-02-22T15:47:00+00:00\" \/>\n<meta property=\"article:modified_time\" content=\"2022-01-27T15:48:19+00:00\" \/>\n<meta property=\"og:image\" content=\"https:\/\/qtmm.org\/wp-content\/uploads\/2022\/01\/m.cemilev_vru.jpg\" \/>\n\t<meta property=\"og:image:width\" content=\"650\" \/>\n\t<meta property=\"og:image:height\" content=\"359\" \/>\n\t<meta property=\"og:image:type\" content=\"image\/jpeg\" \/>\n<meta name=\"author\" content=\"Developer\" \/>\n<meta name=\"twitter:card\" content=\"summary_large_image\" \/>\n<meta name=\"twitter:label1\" content=\"Written by\" \/>\n\t<meta name=\"twitter:data1\" content=\"Developer\" \/>\n\t<meta name=\"twitter:label2\" content=\"Est. reading time\" \/>\n\t<meta name=\"twitter:data2\" content=\"1 minute\" \/>\n<script type=\"application\/ld+json\" class=\"yoast-schema-graph\">{\"@context\":\"https:\\\/\\\/schema.org\",\"@graph\":[{\"@type\":\"Article\",\"@id\":\"https:\\\/\\\/qtmm.org\\\/qt\\\/mustafa-cemilev-ayirimcilarni-cinaiy-cevapkarliqqa-cekmekni-talap-etti\\\/#article\",\"isPartOf\":{\"@id\":\"https:\\\/\\\/qtmm.org\\\/qt\\\/mustafa-cemilev-ayirimcilarni-cinaiy-cevapkarliqqa-cekmekni-talap-etti\\\/\"},\"author\":{\"name\":\"Developer\",\"@id\":\"https:\\\/\\\/qtmm.org\\\/qt\\\/#\\\/schema\\\/person\\\/de562469f971dec226ac06e60bbf74a7\"},\"headline\":\"Mustafa Cemilev ay\u0131r\u0131mc\u0131larn\u0131 cinaiy cevapk\u00e2rl\u0131qqa \u00e7ekmekni talap etti\",\"datePublished\":\"2014-02-22T15:47:00+00:00\",\"dateModified\":\"2022-01-27T15:48:19+00:00\",\"mainEntityOfPage\":{\"@id\":\"https:\\\/\\\/qtmm.org\\\/qt\\\/mustafa-cemilev-ayirimcilarni-cinaiy-cevapkarliqqa-cekmekni-talap-etti\\\/\"},\"wordCount\":218,\"commentCount\":0,\"publisher\":{\"@id\":\"https:\\\/\\\/qtmm.org\\\/qt\\\/#organization\"},\"image\":{\"@id\":\"https:\\\/\\\/qtmm.org\\\/qt\\\/mustafa-cemilev-ayirimcilarni-cinaiy-cevapkarliqqa-cekmekni-talap-etti\\\/#primaryimage\"},\"thumbnailUrl\":\"https:\\\/\\\/qtmm.org\\\/wp-content\\\/uploads\\\/2022\\\/01\\\/m.cemilev_vru.jpg\",\"articleSection\":[\"Haberler\"],\"inLanguage\":\"qt\",\"potentialAction\":[{\"@type\":\"CommentAction\",\"name\":\"Comment\",\"target\":[\"https:\\\/\\\/qtmm.org\\\/qt\\\/mustafa-cemilev-ayirimcilarni-cinaiy-cevapkarliqqa-cekmekni-talap-etti\\\/#respond\"]}]},{\"@type\":\"WebPage\",\"@id\":\"https:\\\/\\\/qtmm.org\\\/qt\\\/mustafa-cemilev-ayirimcilarni-cinaiy-cevapkarliqqa-cekmekni-talap-etti\\\/\",\"url\":\"https:\\\/\\\/qtmm.org\\\/qt\\\/mustafa-cemilev-ayirimcilarni-cinaiy-cevapkarliqqa-cekmekni-talap-etti\\\/\",\"name\":\"Mustafa Cemilev ay\u0131r\u0131mc\u0131larn\u0131 cinaiy cevapk\u00e2rl\u0131qqa \u00e7ekmekni talap etti - \u041c\u0435\u0434\u0436\u043b\u0456\u0441\",\"isPartOf\":{\"@id\":\"https:\\\/\\\/qtmm.org\\\/qt\\\/#website\"},\"primaryImageOfPage\":{\"@id\":\"https:\\\/\\\/qtmm.org\\\/qt\\\/mustafa-cemilev-ayirimcilarni-cinaiy-cevapkarliqqa-cekmekni-talap-etti\\\/#primaryimage\"},\"image\":{\"@id\":\"https:\\\/\\\/qtmm.org\\\/qt\\\/mustafa-cemilev-ayirimcilarni-cinaiy-cevapkarliqqa-cekmekni-talap-etti\\\/#primaryimage\"},\"thumbnailUrl\":\"https:\\\/\\\/qtmm.org\\\/wp-content\\\/uploads\\\/2022\\\/01\\\/m.cemilev_vru.jpg\",\"datePublished\":\"2014-02-22T15:47:00+00:00\",\"dateModified\":\"2022-01-27T15:48:19+00:00\",\"breadcrumb\":{\"@id\":\"https:\\\/\\\/qtmm.org\\\/qt\\\/mustafa-cemilev-ayirimcilarni-cinaiy-cevapkarliqqa-cekmekni-talap-etti\\\/#breadcrumb\"},\"inLanguage\":\"qt\",\"potentialAction\":[{\"@type\":\"ReadAction\",\"target\":[\"https:\\\/\\\/qtmm.org\\\/qt\\\/mustafa-cemilev-ayirimcilarni-cinaiy-cevapkarliqqa-cekmekni-talap-etti\\\/\"]}]},{\"@type\":\"ImageObject\",\"inLanguage\":\"qt\",\"@id\":\"https:\\\/\\\/qtmm.org\\\/qt\\\/mustafa-cemilev-ayirimcilarni-cinaiy-cevapkarliqqa-cekmekni-talap-etti\\\/#primaryimage\",\"url\":\"https:\\\/\\\/qtmm.org\\\/wp-content\\\/uploads\\\/2022\\\/01\\\/m.cemilev_vru.jpg\",\"contentUrl\":\"https:\\\/\\\/qtmm.org\\\/wp-content\\\/uploads\\\/2022\\\/01\\\/m.cemilev_vru.jpg\",\"width\":650,\"height\":359},{\"@type\":\"BreadcrumbList\",\"@id\":\"https:\\\/\\\/qtmm.org\\\/qt\\\/mustafa-cemilev-ayirimcilarni-cinaiy-cevapkarliqqa-cekmekni-talap-etti\\\/#breadcrumb\",\"itemListElement\":[{\"@type\":\"ListItem\",\"position\":1,\"name\":\"\u0413\u043e\u043b\u043e\u0432\u043d\u0430\",\"item\":\"https:\\\/\\\/qtmm.org\\\/qt\\\/\"},{\"@type\":\"ListItem\",\"position\":2,\"name\":\"Mustafa Cemilev ay\u0131r\u0131mc\u0131larn\u0131 cinaiy cevapk\u00e2rl\u0131qqa \u00e7ekmekni talap etti\"}]},{\"@type\":\"WebSite\",\"@id\":\"https:\\\/\\\/qtmm.org\\\/qt\\\/#website\",\"url\":\"https:\\\/\\\/qtmm.org\\\/qt\\\/\",\"name\":\"\u041c\u0435\u0434\u0436\u043b\u0456\u0441\",\"description\":\"\",\"publisher\":{\"@id\":\"https:\\\/\\\/qtmm.org\\\/qt\\\/#organization\"},\"potentialAction\":[{\"@type\":\"SearchAction\",\"target\":{\"@type\":\"EntryPoint\",\"urlTemplate\":\"https:\\\/\\\/qtmm.org\\\/qt\\\/?s={search_term_string}\"},\"query-input\":{\"@type\":\"PropertyValueSpecification\",\"valueRequired\":true,\"valueName\":\"search_term_string\"}}],\"inLanguage\":\"qt\"},{\"@type\":\"Organization\",\"@id\":\"https:\\\/\\\/qtmm.org\\\/qt\\\/#organization\",\"name\":\"\u041c\u0435\u0434\u0436\u043b\u0456\u0441\",\"url\":\"https:\\\/\\\/qtmm.org\\\/qt\\\/\",\"logo\":{\"@type\":\"ImageObject\",\"inLanguage\":\"qt\",\"@id\":\"https:\\\/\\\/qtmm.org\\\/qt\\\/#\\\/schema\\\/logo\\\/image\\\/\",\"url\":\"https:\\\/\\\/qtmm.org\\\/wp-content\\\/uploads\\\/2024\\\/12\\\/ua-mejlis-logo-rgb.svg\",\"contentUrl\":\"https:\\\/\\\/qtmm.org\\\/wp-content\\\/uploads\\\/2024\\\/12\\\/ua-mejlis-logo-rgb.svg\",\"caption\":\"\u041c\u0435\u0434\u0436\u043b\u0456\u0441\"},\"image\":{\"@id\":\"https:\\\/\\\/qtmm.org\\\/qt\\\/#\\\/schema\\\/logo\\\/image\\\/\"},\"sameAs\":[\"https:\\\/\\\/www.facebook.com\\\/qtmm.info\\\/\"]},{\"@type\":\"Person\",\"@id\":\"https:\\\/\\\/qtmm.org\\\/qt\\\/#\\\/schema\\\/person\\\/de562469f971dec226ac06e60bbf74a7\",\"name\":\"Developer\",\"image\":{\"@type\":\"ImageObject\",\"inLanguage\":\"qt\",\"@id\":\"https:\\\/\\\/secure.gravatar.com\\\/avatar\\\/392b4cc8fbfeb00b39dfeeab4ee6edded39ffd48e25858637e4765810300227e?s=96&d=mm&r=g\",\"url\":\"https:\\\/\\\/secure.gravatar.com\\\/avatar\\\/392b4cc8fbfeb00b39dfeeab4ee6edded39ffd48e25858637e4765810300227e?s=96&d=mm&r=g\",\"contentUrl\":\"https:\\\/\\\/secure.gravatar.com\\\/avatar\\\/392b4cc8fbfeb00b39dfeeab4ee6edded39ffd48e25858637e4765810300227e?s=96&d=mm&r=g\",\"caption\":\"Developer\"},\"url\":\"https:\\\/\\\/qtmm.org\\\/qt\\\/author\\\/Developer\\\/\"}]}<\/script>\n<!-- \/ Yoast SEO plugin. -->","yoast_head_json":{"title":"Mustafa Cemilev ay\u0131r\u0131mc\u0131larn\u0131 cinaiy cevapk\u00e2rl\u0131qqa \u00e7ekmekni talap etti - \u041c\u0435\u0434\u0436\u043b\u0456\u0441","robots":{"index":"index","follow":"follow","max-snippet":"max-snippet:-1","max-image-preview":"max-image-preview:large","max-video-preview":"max-video-preview:-1"},"canonical":"https:\/\/qtmm.org\/qt\/mustafa-cemilev-ayirimcilarni-cinaiy-cevapkarliqqa-cekmekni-talap-etti\/","og_locale":"en_US","og_type":"article","og_title":"Mustafa Cemilev ay\u0131r\u0131mc\u0131larn\u0131 cinaiy cevapk\u00e2rl\u0131qqa \u00e7ekmekni talap etti - \u041c\u0435\u0434\u0436\u043b\u0456\u0441","og_description":"&#8220;Meslekde\u015fim Tomenko (Ukraina halq deputat\u0131, &#8220;Batkiv\u015f\u00e7ina&#8221; birle\u015fmesi) \u015fimdi dedi ki, Q\u0131r\u0131m yolba\u015f\u00e7\u0131lar\u0131 &#8220;aq\u0131lland\u0131lar&#8221; ve ay\u0131r\u0131mc\u0131l\u0131q beyanat ve areketlerinden vazge\u00e7tiler, &#8211; dep ba\u015flad\u0131 Mustafa Cemilev fevral 22 k\u00fcn\u00fc parlamentte \u00f6z \u00e7\u0131q\u0131\u015f\u0131n\u0131. \u2013 Mencesine, bu b\u00f6yle degil. Bug\u00fcn Q\u0131r\u0131mda al\u00e2 daa ay\u0131r\u0131mc\u0131l\u0131q tel\u00fckesi mevcut. Yani Q\u0131r\u0131mn\u0131 Ukrainadan ay\u0131r\u0131p, Rusiye federatsiyas\u0131na qo\u015fmaq maqsadlar\u0131 bar&#8221;. M.Cemilev ay\u0131r\u0131mc\u0131l\u0131q areketlerine Q\u0131r\u0131m [&hellip;]","og_url":"https:\/\/qtmm.org\/qt\/mustafa-cemilev-ayirimcilarni-cinaiy-cevapkarliqqa-cekmekni-talap-etti\/","og_site_name":"\u041c\u0435\u0434\u0436\u043b\u0456\u0441","article_publisher":"https:\/\/www.facebook.com\/qtmm.info\/","article_published_time":"2014-02-22T15:47:00+00:00","article_modified_time":"2022-01-27T15:48:19+00:00","og_image":[{"width":650,"height":359,"url":"https:\/\/qtmm.org\/wp-content\/uploads\/2022\/01\/m.cemilev_vru.jpg","type":"image\/jpeg"}],"author":"Developer","twitter_card":"summary_large_image","twitter_misc":{"Written by":"Developer","Est. reading time":"1 minute"},"schema":{"@context":"https:\/\/schema.org","@graph":[{"@type":"Article","@id":"https:\/\/qtmm.org\/qt\/mustafa-cemilev-ayirimcilarni-cinaiy-cevapkarliqqa-cekmekni-talap-etti\/#article","isPartOf":{"@id":"https:\/\/qtmm.org\/qt\/mustafa-cemilev-ayirimcilarni-cinaiy-cevapkarliqqa-cekmekni-talap-etti\/"},"author":{"name":"Developer","@id":"https:\/\/qtmm.org\/qt\/#\/schema\/person\/de562469f971dec226ac06e60bbf74a7"},"headline":"Mustafa Cemilev ay\u0131r\u0131mc\u0131larn\u0131 cinaiy cevapk\u00e2rl\u0131qqa \u00e7ekmekni talap etti","datePublished":"2014-02-22T15:47:00+00:00","dateModified":"2022-01-27T15:48:19+00:00","mainEntityOfPage":{"@id":"https:\/\/qtmm.org\/qt\/mustafa-cemilev-ayirimcilarni-cinaiy-cevapkarliqqa-cekmekni-talap-etti\/"},"wordCount":218,"commentCount":0,"publisher":{"@id":"https:\/\/qtmm.org\/qt\/#organization"},"image":{"@id":"https:\/\/qtmm.org\/qt\/mustafa-cemilev-ayirimcilarni-cinaiy-cevapkarliqqa-cekmekni-talap-etti\/#primaryimage"},"thumbnailUrl":"https:\/\/qtmm.org\/wp-content\/uploads\/2022\/01\/m.cemilev_vru.jpg","articleSection":["Haberler"],"inLanguage":"qt","potentialAction":[{"@type":"CommentAction","name":"Comment","target":["https:\/\/qtmm.org\/qt\/mustafa-cemilev-ayirimcilarni-cinaiy-cevapkarliqqa-cekmekni-talap-etti\/#respond"]}]},{"@type":"WebPage","@id":"https:\/\/qtmm.org\/qt\/mustafa-cemilev-ayirimcilarni-cinaiy-cevapkarliqqa-cekmekni-talap-etti\/","url":"https:\/\/qtmm.org\/qt\/mustafa-cemilev-ayirimcilarni-cinaiy-cevapkarliqqa-cekmekni-talap-etti\/","name":"Mustafa Cemilev ay\u0131r\u0131mc\u0131larn\u0131 cinaiy cevapk\u00e2rl\u0131qqa \u00e7ekmekni talap etti - \u041c\u0435\u0434\u0436\u043b\u0456\u0441","isPartOf":{"@id":"https:\/\/qtmm.org\/qt\/#website"},"primaryImageOfPage":{"@id":"https:\/\/qtmm.org\/qt\/mustafa-cemilev-ayirimcilarni-cinaiy-cevapkarliqqa-cekmekni-talap-etti\/#primaryimage"},"image":{"@id":"https:\/\/qtmm.org\/qt\/mustafa-cemilev-ayirimcilarni-cinaiy-cevapkarliqqa-cekmekni-talap-etti\/#primaryimage"},"thumbnailUrl":"https:\/\/qtmm.org\/wp-content\/uploads\/2022\/01\/m.cemilev_vru.jpg","datePublished":"2014-02-22T15:47:00+00:00","dateModified":"2022-01-27T15:48:19+00:00","breadcrumb":{"@id":"https:\/\/qtmm.org\/qt\/mustafa-cemilev-ayirimcilarni-cinaiy-cevapkarliqqa-cekmekni-talap-etti\/#breadcrumb"},"inLanguage":"qt","potentialAction":[{"@type":"ReadAction","target":["https:\/\/qtmm.org\/qt\/mustafa-cemilev-ayirimcilarni-cinaiy-cevapkarliqqa-cekmekni-talap-etti\/"]}]},{"@type":"ImageObject","inLanguage":"qt","@id":"https:\/\/qtmm.org\/qt\/mustafa-cemilev-ayirimcilarni-cinaiy-cevapkarliqqa-cekmekni-talap-etti\/#primaryimage","url":"https:\/\/qtmm.org\/wp-content\/uploads\/2022\/01\/m.cemilev_vru.jpg","contentUrl":"https:\/\/qtmm.org\/wp-content\/uploads\/2022\/01\/m.cemilev_vru.jpg","width":650,"height":359},{"@type":"BreadcrumbList","@id":"https:\/\/qtmm.org\/qt\/mustafa-cemilev-ayirimcilarni-cinaiy-cevapkarliqqa-cekmekni-talap-etti\/#breadcrumb","itemListElement":[{"@type":"ListItem","position":1,"name":"\u0413\u043e\u043b\u043e\u0432\u043d\u0430","item":"https:\/\/qtmm.org\/qt\/"},{"@type":"ListItem","position":2,"name":"Mustafa Cemilev ay\u0131r\u0131mc\u0131larn\u0131 cinaiy cevapk\u00e2rl\u0131qqa \u00e7ekmekni talap etti"}]},{"@type":"WebSite","@id":"https:\/\/qtmm.org\/qt\/#website","url":"https:\/\/qtmm.org\/qt\/","name":"\u041c\u0435\u0434\u0436\u043b\u0456\u0441","description":"","publisher":{"@id":"https:\/\/qtmm.org\/qt\/#organization"},"potentialAction":[{"@type":"SearchAction","target":{"@type":"EntryPoint","urlTemplate":"https:\/\/qtmm.org\/qt\/?s={search_term_string}"},"query-input":{"@type":"PropertyValueSpecification","valueRequired":true,"valueName":"search_term_string"}}],"inLanguage":"qt"},{"@type":"Organization","@id":"https:\/\/qtmm.org\/qt\/#organization","name":"\u041c\u0435\u0434\u0436\u043b\u0456\u0441","url":"https:\/\/qtmm.org\/qt\/","logo":{"@type":"ImageObject","inLanguage":"qt","@id":"https:\/\/qtmm.org\/qt\/#\/schema\/logo\/image\/","url":"https:\/\/qtmm.org\/wp-content\/uploads\/2024\/12\/ua-mejlis-logo-rgb.svg","contentUrl":"https:\/\/qtmm.org\/wp-content\/uploads\/2024\/12\/ua-mejlis-logo-rgb.svg","caption":"\u041c\u0435\u0434\u0436\u043b\u0456\u0441"},"image":{"@id":"https:\/\/qtmm.org\/qt\/#\/schema\/logo\/image\/"},"sameAs":["https:\/\/www.facebook.com\/qtmm.info\/"]},{"@type":"Person","@id":"https:\/\/qtmm.org\/qt\/#\/schema\/person\/de562469f971dec226ac06e60bbf74a7","name":"Developer","image":{"@type":"ImageObject","inLanguage":"qt","@id":"https:\/\/secure.gravatar.com\/avatar\/392b4cc8fbfeb00b39dfeeab4ee6edded39ffd48e25858637e4765810300227e?s=96&d=mm&r=g","url":"https:\/\/secure.gravatar.com\/avatar\/392b4cc8fbfeb00b39dfeeab4ee6edded39ffd48e25858637e4765810300227e?s=96&d=mm&r=g","contentUrl":"https:\/\/secure.gravatar.com\/avatar\/392b4cc8fbfeb00b39dfeeab4ee6edded39ffd48e25858637e4765810300227e?s=96&d=mm&r=g","caption":"Developer"},"url":"https:\/\/qtmm.org\/qt\/author\/Developer\/"}]}},"_links":{"self":[{"href":"https:\/\/qtmm.org\/qt\/wp-json\/wp\/v2\/posts\/43589","targetHints":{"allow":["GET"]}}],"collection":[{"href":"https:\/\/qtmm.org\/qt\/wp-json\/wp\/v2\/posts"}],"about":[{"href":"https:\/\/qtmm.org\/qt\/wp-json\/wp\/v2\/types\/post"}],"author":[{"embeddable":true,"href":"https:\/\/qtmm.org\/qt\/wp-json\/wp\/v2\/users\/1"}],"replies":[{"embeddable":true,"href":"https:\/\/qtmm.org\/qt\/wp-json\/wp\/v2\/comments?post=43589"}],"version-history":[{"count":1,"href":"https:\/\/qtmm.org\/qt\/wp-json\/wp\/v2\/posts\/43589\/revisions"}],"predecessor-version":[{"id":43594,"href":"https:\/\/qtmm.org\/qt\/wp-json\/wp\/v2\/posts\/43589\/revisions\/43594"}],"wp:featuredmedia":[{"embeddable":true,"href":"https:\/\/qtmm.org\/qt\/wp-json\/wp\/v2\/media\/43590"}],"wp:attachment":[{"href":"https:\/\/qtmm.org\/qt\/wp-json\/wp\/v2\/media?parent=43589"}],"wp:term":[{"taxonomy":"category","embeddable":true,"href":"https:\/\/qtmm.org\/qt\/wp-json\/wp\/v2\/categories?post=43589"},{"taxonomy":"post_tag","embeddable":true,"href":"https:\/\/qtmm.org\/qt\/wp-json\/wp\/v2\/tags?post=43589"}],"curies":[{"name":"wp","href":"https:\/\/api.w.org\/{rel}","templated":true}]}}