




{"id":43579,"date":"2014-02-21T18:46:00","date_gmt":"2014-02-21T15:46:00","guid":{"rendered":"http:\/\/qtmm.org\/?p=43579"},"modified":"2022-01-27T18:47:13","modified_gmt":"2022-01-27T15:47:13","slug":"zeynur-yakubov-biz-qan-tokulmesine-yol-bermeden-devletnin-butunligini-saqlap-qalmaq-ve-ozara-sayigida-bulunmaq-kerekmiz","status":"publish","type":"post","link":"https:\/\/qtmm.org\/qt\/zeynur-yakubov-biz-qan-tokulmesine-yol-bermeden-devletnin-butunligini-saqlap-qalmaq-ve-ozara-sayigida-bulunmaq-kerekmiz\/","title":{"rendered":"Zeynur Yakubov: \u00abBiz qan t\u00f6k\u00fclmesine yol bermeden, devletni\u00f1 b\u00fct\u00fcnligini saqlap qalmaq ve \u00f6zara say\u0131\u011f\u0131da bulunmaq kerekmiz\u00bb"},"content":{"rendered":"\n<p>Q\u0131r\u0131m Halq cumhuriyetini\u00f1 birinci reisi, Q\u0131r\u0131m, Litvaniya, Poloniya, Beyaz Rusiye musulmanlar\u0131n\u0131\u00f1 m\u00fcftisi Noman \u00c7elebicihan \u00f6ld\u00fcrilgenini\u00f1 96 y\u0131ll\u0131\u011f\u0131na te\u015fkil etilgen hat\u0131ra tedbirler \u00e7er\u00e7ivesinde 2014 senesi fevral 21 k\u00fcn\u00fc Q\u0131r\u0131mn\u0131\u00f1 b\u00fct\u00fcn camilerinde ol\u011fan\u0131 kibi Kezlevdeki de Cuma camisinde dua oqul\u0131p, matem mitingi ke\u00e7irildi.<\/p>\n\n\n\n<p>Kezlev regional meclis taraf\u0131ndan te\u015fkil\u00e2tland\u0131r\u0131l\u011fan matem mitingi Noman \u00c7elebicihan ya\u015fa\u011fan evni\u00f1 yan\u0131nda ol\u0131p ke\u00e7ti. B\u00fcy\u00fck devlet erbab\u0131n\u0131\u00f1 hat\u0131ras\u0131n\u0131 a\u00f1maq i\u00e7\u00fcn Milliy Meclis ve Kezlev regional meclis azalar\u0131, Kezlev \u015feer \u015furas\u0131 ve Kezlev sakinleri keldiler.<\/p>\n\n\n\n<figure class=\"wp-block-image size-full\"><img loading=\"lazy\" decoding=\"async\" width=\"800\" height=\"535\" src=\"http:\/\/qtmm.org\/wp-content\/uploads\/2022\/01\/dsc9184.jpeg\" alt=\"\" class=\"wp-image-43584\" srcset=\"https:\/\/qtmm.org\/wp-content\/uploads\/2022\/01\/dsc9184.jpeg 800w, https:\/\/qtmm.org\/wp-content\/uploads\/2022\/01\/dsc9184-300x201.jpeg 300w, https:\/\/qtmm.org\/wp-content\/uploads\/2022\/01\/dsc9184-768x514.jpeg 768w\" sizes=\"auto, (max-width: 800px) 100vw, 800px\" \/><\/figure>\n\n\n\n<p>Topla\u015fqanlarn\u0131\u00f1 qar\u015f\u0131s\u0131nda \u00e7\u0131q\u0131\u015fta bulun\u011fan Meclis azas\u0131 Zeynur Yaqubov qayd etti ki, 96 y\u0131l evelsi Noman \u00c7elebicihan \u00f6z halq\u0131n\u0131\u00f1 aqlar\u0131 ve demokratik printsipler i\u00e7\u00fcn k\u00fcre\u015fte vah\u015fiyane \u00f6ld\u00fcrilgen edi.<\/p>\n\n\n\n<p>&#8220;Bug\u00fcn, Ukraina i\u00e7\u00fcn facial\u0131 k\u00fcnlerde, devlette adalet ve demokratiya i\u00e7\u00fcn k\u00fcre\u015f y\u00fczden ziyade insann\u0131\u00f1 can\u0131n\u0131 al\u011fanda mustaqil Ukrainada ya\u015fa\u011fan halqlar i\u00e7 bir vatanda\u015fn\u0131\u00f1 qan\u0131 t\u00f6k\u00fclmesine yol bermemek, memleketni\u00f1 territorial b\u00fct\u00fcnligini saqlap qalmaq, \u00f6zara say\u011f\u0131 aqq\u0131nda unutmamaq kerekler, &#8211; dedi Zeynur Yaqubov.<\/p>\n\n\n\n<p>Mitingden so\u00f1 Kezlevni\u00f1 ba\u015f Cuma camisinde cuma namaz\u0131 q\u0131l\u0131n\u011fan so\u00f1 Noman \u00c7elebicihan ruhuna dua oquld\u0131.<\/p>\n","protected":false},"excerpt":{"rendered":"<p>Q\u0131r\u0131m Halq cumhuriyetini\u00f1 birinci reisi, Q\u0131r\u0131m, Litvaniya, Poloniya, Beyaz Rusiye musulmanlar\u0131n\u0131\u00f1 m\u00fcftisi Noman \u00c7elebicihan \u00f6ld\u00fcrilgenini\u00f1 96 y\u0131ll\u0131\u011f\u0131na te\u015fkil etilgen hat\u0131ra tedbirler \u00e7er\u00e7ivesinde 2014 senesi fevral 21 k\u00fcn\u00fc Q\u0131r\u0131mn\u0131\u00f1 b\u00fct\u00fcn camilerinde ol\u011fan\u0131 kibi Kezlevdeki de Cuma camisinde dua oqul\u0131p, matem mitingi ke\u00e7irildi. Kezlev regional meclis taraf\u0131ndan te\u015fkil\u00e2tland\u0131r\u0131l\u011fan matem mitingi Noman \u00c7elebicihan ya\u015fa\u011fan evni\u00f1 yan\u0131nda ol\u0131p ke\u00e7ti. [&hellip;]<\/p>\n","protected":false},"author":1,"featured_media":43580,"comment_status":"open","ping_status":"open","sticky":false,"template":"","format":"standard","meta":{"inline_featured_image":false,"footnotes":""},"categories":[265],"tags":[],"class_list":["post-43579","post","type-post","status-publish","format-standard","has-post-thumbnail","hentry","category-haberler"],"acf":[],"yoast_head":"<!-- This site is optimized with the Yoast SEO plugin v27.4 - https:\/\/yoast.com\/product\/yoast-seo-wordpress\/ -->\n<title>Zeynur Yakubov: \u00abBiz qan t\u00f6k\u00fclmesine yol bermeden, devletni\u00f1 b\u00fct\u00fcnligini saqlap qalmaq ve \u00f6zara say\u0131\u011f\u0131da bulunmaq kerekmiz\u00bb - \u041c\u0435\u0434\u0436\u043b\u0456\u0441<\/title>\n<meta name=\"robots\" content=\"index, follow, max-snippet:-1, max-image-preview:large, max-video-preview:-1\" \/>\n<link rel=\"canonical\" href=\"https:\/\/qtmm.org\/qt\/zeynur-yakubov-biz-qan-tokulmesine-yol-bermeden-devletnin-butunligini-saqlap-qalmaq-ve-ozara-sayigida-bulunmaq-kerekmiz\/\" \/>\n<meta property=\"og:locale\" content=\"en_US\" \/>\n<meta property=\"og:type\" content=\"article\" \/>\n<meta property=\"og:title\" content=\"Zeynur Yakubov: \u00abBiz qan t\u00f6k\u00fclmesine yol bermeden, devletni\u00f1 b\u00fct\u00fcnligini saqlap qalmaq ve \u00f6zara say\u0131\u011f\u0131da bulunmaq kerekmiz\u00bb - \u041c\u0435\u0434\u0436\u043b\u0456\u0441\" \/>\n<meta property=\"og:description\" content=\"Q\u0131r\u0131m Halq cumhuriyetini\u00f1 birinci reisi, Q\u0131r\u0131m, Litvaniya, Poloniya, Beyaz Rusiye musulmanlar\u0131n\u0131\u00f1 m\u00fcftisi Noman \u00c7elebicihan \u00f6ld\u00fcrilgenini\u00f1 96 y\u0131ll\u0131\u011f\u0131na te\u015fkil etilgen hat\u0131ra tedbirler \u00e7er\u00e7ivesinde 2014 senesi fevral 21 k\u00fcn\u00fc Q\u0131r\u0131mn\u0131\u00f1 b\u00fct\u00fcn camilerinde ol\u011fan\u0131 kibi Kezlevdeki de Cuma camisinde dua oqul\u0131p, matem mitingi ke\u00e7irildi. Kezlev regional meclis taraf\u0131ndan te\u015fkil\u00e2tland\u0131r\u0131l\u011fan matem mitingi Noman \u00c7elebicihan ya\u015fa\u011fan evni\u00f1 yan\u0131nda ol\u0131p ke\u00e7ti. [&hellip;]\" \/>\n<meta property=\"og:url\" content=\"https:\/\/qtmm.org\/qt\/zeynur-yakubov-biz-qan-tokulmesine-yol-bermeden-devletnin-butunligini-saqlap-qalmaq-ve-ozara-sayigida-bulunmaq-kerekmiz\/\" \/>\n<meta property=\"og:site_name\" content=\"\u041c\u0435\u0434\u0436\u043b\u0456\u0441\" \/>\n<meta property=\"article:publisher\" content=\"https:\/\/www.facebook.com\/qtmm.info\/\" \/>\n<meta property=\"article:published_time\" content=\"2014-02-21T15:46:00+00:00\" \/>\n<meta property=\"article:modified_time\" content=\"2022-01-27T15:47:13+00:00\" \/>\n<meta property=\"og:image\" content=\"https:\/\/qtmm.org\/wp-content\/uploads\/2022\/01\/chelebicihan_dua_3_kopiya.jpeg\" \/>\n\t<meta property=\"og:image:width\" content=\"656\" \/>\n\t<meta property=\"og:image:height\" content=\"440\" \/>\n\t<meta property=\"og:image:type\" content=\"image\/jpeg\" \/>\n<meta name=\"author\" content=\"Developer\" \/>\n<meta name=\"twitter:card\" content=\"summary_large_image\" \/>\n<meta name=\"twitter:label1\" content=\"Written by\" \/>\n\t<meta name=\"twitter:data1\" content=\"Developer\" \/>\n\t<meta name=\"twitter:label2\" content=\"Est. reading time\" \/>\n\t<meta name=\"twitter:data2\" content=\"1 minute\" \/>\n<script type=\"application\/ld+json\" class=\"yoast-schema-graph\">{\"@context\":\"https:\\\/\\\/schema.org\",\"@graph\":[{\"@type\":\"Article\",\"@id\":\"https:\\\/\\\/qtmm.org\\\/qt\\\/zeynur-yakubov-biz-qan-tokulmesine-yol-bermeden-devletnin-butunligini-saqlap-qalmaq-ve-ozara-sayigida-bulunmaq-kerekmiz\\\/#article\",\"isPartOf\":{\"@id\":\"https:\\\/\\\/qtmm.org\\\/qt\\\/zeynur-yakubov-biz-qan-tokulmesine-yol-bermeden-devletnin-butunligini-saqlap-qalmaq-ve-ozara-sayigida-bulunmaq-kerekmiz\\\/\"},\"author\":{\"name\":\"Developer\",\"@id\":\"https:\\\/\\\/qtmm.org\\\/qt\\\/#\\\/schema\\\/person\\\/de562469f971dec226ac06e60bbf74a7\"},\"headline\":\"Zeynur Yakubov: \u00abBiz qan t\u00f6k\u00fclmesine yol bermeden, devletni\u00f1 b\u00fct\u00fcnligini saqlap qalmaq ve \u00f6zara say\u0131\u011f\u0131da bulunmaq kerekmiz\u00bb\",\"datePublished\":\"2014-02-21T15:46:00+00:00\",\"dateModified\":\"2022-01-27T15:47:13+00:00\",\"mainEntityOfPage\":{\"@id\":\"https:\\\/\\\/qtmm.org\\\/qt\\\/zeynur-yakubov-biz-qan-tokulmesine-yol-bermeden-devletnin-butunligini-saqlap-qalmaq-ve-ozara-sayigida-bulunmaq-kerekmiz\\\/\"},\"wordCount\":244,\"commentCount\":0,\"publisher\":{\"@id\":\"https:\\\/\\\/qtmm.org\\\/qt\\\/#organization\"},\"image\":{\"@id\":\"https:\\\/\\\/qtmm.org\\\/qt\\\/zeynur-yakubov-biz-qan-tokulmesine-yol-bermeden-devletnin-butunligini-saqlap-qalmaq-ve-ozara-sayigida-bulunmaq-kerekmiz\\\/#primaryimage\"},\"thumbnailUrl\":\"https:\\\/\\\/qtmm.org\\\/wp-content\\\/uploads\\\/2022\\\/01\\\/chelebicihan_dua_3_kopiya.jpeg\",\"articleSection\":[\"Haberler\"],\"inLanguage\":\"qt\",\"potentialAction\":[{\"@type\":\"CommentAction\",\"name\":\"Comment\",\"target\":[\"https:\\\/\\\/qtmm.org\\\/qt\\\/zeynur-yakubov-biz-qan-tokulmesine-yol-bermeden-devletnin-butunligini-saqlap-qalmaq-ve-ozara-sayigida-bulunmaq-kerekmiz\\\/#respond\"]}]},{\"@type\":\"WebPage\",\"@id\":\"https:\\\/\\\/qtmm.org\\\/qt\\\/zeynur-yakubov-biz-qan-tokulmesine-yol-bermeden-devletnin-butunligini-saqlap-qalmaq-ve-ozara-sayigida-bulunmaq-kerekmiz\\\/\",\"url\":\"https:\\\/\\\/qtmm.org\\\/qt\\\/zeynur-yakubov-biz-qan-tokulmesine-yol-bermeden-devletnin-butunligini-saqlap-qalmaq-ve-ozara-sayigida-bulunmaq-kerekmiz\\\/\",\"name\":\"Zeynur Yakubov: \u00abBiz qan t\u00f6k\u00fclmesine yol bermeden, devletni\u00f1 b\u00fct\u00fcnligini saqlap qalmaq ve \u00f6zara say\u0131\u011f\u0131da bulunmaq kerekmiz\u00bb - \u041c\u0435\u0434\u0436\u043b\u0456\u0441\",\"isPartOf\":{\"@id\":\"https:\\\/\\\/qtmm.org\\\/qt\\\/#website\"},\"primaryImageOfPage\":{\"@id\":\"https:\\\/\\\/qtmm.org\\\/qt\\\/zeynur-yakubov-biz-qan-tokulmesine-yol-bermeden-devletnin-butunligini-saqlap-qalmaq-ve-ozara-sayigida-bulunmaq-kerekmiz\\\/#primaryimage\"},\"image\":{\"@id\":\"https:\\\/\\\/qtmm.org\\\/qt\\\/zeynur-yakubov-biz-qan-tokulmesine-yol-bermeden-devletnin-butunligini-saqlap-qalmaq-ve-ozara-sayigida-bulunmaq-kerekmiz\\\/#primaryimage\"},\"thumbnailUrl\":\"https:\\\/\\\/qtmm.org\\\/wp-content\\\/uploads\\\/2022\\\/01\\\/chelebicihan_dua_3_kopiya.jpeg\",\"datePublished\":\"2014-02-21T15:46:00+00:00\",\"dateModified\":\"2022-01-27T15:47:13+00:00\",\"breadcrumb\":{\"@id\":\"https:\\\/\\\/qtmm.org\\\/qt\\\/zeynur-yakubov-biz-qan-tokulmesine-yol-bermeden-devletnin-butunligini-saqlap-qalmaq-ve-ozara-sayigida-bulunmaq-kerekmiz\\\/#breadcrumb\"},\"inLanguage\":\"qt\",\"potentialAction\":[{\"@type\":\"ReadAction\",\"target\":[\"https:\\\/\\\/qtmm.org\\\/qt\\\/zeynur-yakubov-biz-qan-tokulmesine-yol-bermeden-devletnin-butunligini-saqlap-qalmaq-ve-ozara-sayigida-bulunmaq-kerekmiz\\\/\"]}]},{\"@type\":\"ImageObject\",\"inLanguage\":\"qt\",\"@id\":\"https:\\\/\\\/qtmm.org\\\/qt\\\/zeynur-yakubov-biz-qan-tokulmesine-yol-bermeden-devletnin-butunligini-saqlap-qalmaq-ve-ozara-sayigida-bulunmaq-kerekmiz\\\/#primaryimage\",\"url\":\"https:\\\/\\\/qtmm.org\\\/wp-content\\\/uploads\\\/2022\\\/01\\\/chelebicihan_dua_3_kopiya.jpeg\",\"contentUrl\":\"https:\\\/\\\/qtmm.org\\\/wp-content\\\/uploads\\\/2022\\\/01\\\/chelebicihan_dua_3_kopiya.jpeg\",\"width\":656,\"height\":440},{\"@type\":\"BreadcrumbList\",\"@id\":\"https:\\\/\\\/qtmm.org\\\/qt\\\/zeynur-yakubov-biz-qan-tokulmesine-yol-bermeden-devletnin-butunligini-saqlap-qalmaq-ve-ozara-sayigida-bulunmaq-kerekmiz\\\/#breadcrumb\",\"itemListElement\":[{\"@type\":\"ListItem\",\"position\":1,\"name\":\"\u0413\u043e\u043b\u043e\u0432\u043d\u0430\",\"item\":\"https:\\\/\\\/qtmm.org\\\/qt\\\/\"},{\"@type\":\"ListItem\",\"position\":2,\"name\":\"Zeynur Yakubov: \u00abBiz qan t\u00f6k\u00fclmesine yol bermeden, devletni\u00f1 b\u00fct\u00fcnligini saqlap qalmaq ve \u00f6zara say\u0131\u011f\u0131da bulunmaq kerekmiz\u00bb\"}]},{\"@type\":\"WebSite\",\"@id\":\"https:\\\/\\\/qtmm.org\\\/qt\\\/#website\",\"url\":\"https:\\\/\\\/qtmm.org\\\/qt\\\/\",\"name\":\"\u041c\u0435\u0434\u0436\u043b\u0456\u0441\",\"description\":\"\",\"publisher\":{\"@id\":\"https:\\\/\\\/qtmm.org\\\/qt\\\/#organization\"},\"potentialAction\":[{\"@type\":\"SearchAction\",\"target\":{\"@type\":\"EntryPoint\",\"urlTemplate\":\"https:\\\/\\\/qtmm.org\\\/qt\\\/?s={search_term_string}\"},\"query-input\":{\"@type\":\"PropertyValueSpecification\",\"valueRequired\":true,\"valueName\":\"search_term_string\"}}],\"inLanguage\":\"qt\"},{\"@type\":\"Organization\",\"@id\":\"https:\\\/\\\/qtmm.org\\\/qt\\\/#organization\",\"name\":\"\u041c\u0435\u0434\u0436\u043b\u0456\u0441\",\"url\":\"https:\\\/\\\/qtmm.org\\\/qt\\\/\",\"logo\":{\"@type\":\"ImageObject\",\"inLanguage\":\"qt\",\"@id\":\"https:\\\/\\\/qtmm.org\\\/qt\\\/#\\\/schema\\\/logo\\\/image\\\/\",\"url\":\"https:\\\/\\\/qtmm.org\\\/wp-content\\\/uploads\\\/2024\\\/12\\\/ua-mejlis-logo-rgb.svg\",\"contentUrl\":\"https:\\\/\\\/qtmm.org\\\/wp-content\\\/uploads\\\/2024\\\/12\\\/ua-mejlis-logo-rgb.svg\",\"caption\":\"\u041c\u0435\u0434\u0436\u043b\u0456\u0441\"},\"image\":{\"@id\":\"https:\\\/\\\/qtmm.org\\\/qt\\\/#\\\/schema\\\/logo\\\/image\\\/\"},\"sameAs\":[\"https:\\\/\\\/www.facebook.com\\\/qtmm.info\\\/\"]},{\"@type\":\"Person\",\"@id\":\"https:\\\/\\\/qtmm.org\\\/qt\\\/#\\\/schema\\\/person\\\/de562469f971dec226ac06e60bbf74a7\",\"name\":\"Developer\",\"image\":{\"@type\":\"ImageObject\",\"inLanguage\":\"qt\",\"@id\":\"https:\\\/\\\/secure.gravatar.com\\\/avatar\\\/392b4cc8fbfeb00b39dfeeab4ee6edded39ffd48e25858637e4765810300227e?s=96&d=mm&r=g\",\"url\":\"https:\\\/\\\/secure.gravatar.com\\\/avatar\\\/392b4cc8fbfeb00b39dfeeab4ee6edded39ffd48e25858637e4765810300227e?s=96&d=mm&r=g\",\"contentUrl\":\"https:\\\/\\\/secure.gravatar.com\\\/avatar\\\/392b4cc8fbfeb00b39dfeeab4ee6edded39ffd48e25858637e4765810300227e?s=96&d=mm&r=g\",\"caption\":\"Developer\"},\"url\":\"https:\\\/\\\/qtmm.org\\\/qt\\\/author\\\/Developer\\\/\"}]}<\/script>\n<!-- \/ Yoast SEO plugin. -->","yoast_head_json":{"title":"Zeynur Yakubov: \u00abBiz qan t\u00f6k\u00fclmesine yol bermeden, devletni\u00f1 b\u00fct\u00fcnligini saqlap qalmaq ve \u00f6zara say\u0131\u011f\u0131da bulunmaq kerekmiz\u00bb - \u041c\u0435\u0434\u0436\u043b\u0456\u0441","robots":{"index":"index","follow":"follow","max-snippet":"max-snippet:-1","max-image-preview":"max-image-preview:large","max-video-preview":"max-video-preview:-1"},"canonical":"https:\/\/qtmm.org\/qt\/zeynur-yakubov-biz-qan-tokulmesine-yol-bermeden-devletnin-butunligini-saqlap-qalmaq-ve-ozara-sayigida-bulunmaq-kerekmiz\/","og_locale":"en_US","og_type":"article","og_title":"Zeynur Yakubov: \u00abBiz qan t\u00f6k\u00fclmesine yol bermeden, devletni\u00f1 b\u00fct\u00fcnligini saqlap qalmaq ve \u00f6zara say\u0131\u011f\u0131da bulunmaq kerekmiz\u00bb - \u041c\u0435\u0434\u0436\u043b\u0456\u0441","og_description":"Q\u0131r\u0131m Halq cumhuriyetini\u00f1 birinci reisi, Q\u0131r\u0131m, Litvaniya, Poloniya, Beyaz Rusiye musulmanlar\u0131n\u0131\u00f1 m\u00fcftisi Noman \u00c7elebicihan \u00f6ld\u00fcrilgenini\u00f1 96 y\u0131ll\u0131\u011f\u0131na te\u015fkil etilgen hat\u0131ra tedbirler \u00e7er\u00e7ivesinde 2014 senesi fevral 21 k\u00fcn\u00fc Q\u0131r\u0131mn\u0131\u00f1 b\u00fct\u00fcn camilerinde ol\u011fan\u0131 kibi Kezlevdeki de Cuma camisinde dua oqul\u0131p, matem mitingi ke\u00e7irildi. Kezlev regional meclis taraf\u0131ndan te\u015fkil\u00e2tland\u0131r\u0131l\u011fan matem mitingi Noman \u00c7elebicihan ya\u015fa\u011fan evni\u00f1 yan\u0131nda ol\u0131p ke\u00e7ti. [&hellip;]","og_url":"https:\/\/qtmm.org\/qt\/zeynur-yakubov-biz-qan-tokulmesine-yol-bermeden-devletnin-butunligini-saqlap-qalmaq-ve-ozara-sayigida-bulunmaq-kerekmiz\/","og_site_name":"\u041c\u0435\u0434\u0436\u043b\u0456\u0441","article_publisher":"https:\/\/www.facebook.com\/qtmm.info\/","article_published_time":"2014-02-21T15:46:00+00:00","article_modified_time":"2022-01-27T15:47:13+00:00","og_image":[{"width":656,"height":440,"url":"https:\/\/qtmm.org\/wp-content\/uploads\/2022\/01\/chelebicihan_dua_3_kopiya.jpeg","type":"image\/jpeg"}],"author":"Developer","twitter_card":"summary_large_image","twitter_misc":{"Written by":"Developer","Est. reading time":"1 minute"},"schema":{"@context":"https:\/\/schema.org","@graph":[{"@type":"Article","@id":"https:\/\/qtmm.org\/qt\/zeynur-yakubov-biz-qan-tokulmesine-yol-bermeden-devletnin-butunligini-saqlap-qalmaq-ve-ozara-sayigida-bulunmaq-kerekmiz\/#article","isPartOf":{"@id":"https:\/\/qtmm.org\/qt\/zeynur-yakubov-biz-qan-tokulmesine-yol-bermeden-devletnin-butunligini-saqlap-qalmaq-ve-ozara-sayigida-bulunmaq-kerekmiz\/"},"author":{"name":"Developer","@id":"https:\/\/qtmm.org\/qt\/#\/schema\/person\/de562469f971dec226ac06e60bbf74a7"},"headline":"Zeynur Yakubov: \u00abBiz qan t\u00f6k\u00fclmesine yol bermeden, devletni\u00f1 b\u00fct\u00fcnligini saqlap qalmaq ve \u00f6zara say\u0131\u011f\u0131da bulunmaq kerekmiz\u00bb","datePublished":"2014-02-21T15:46:00+00:00","dateModified":"2022-01-27T15:47:13+00:00","mainEntityOfPage":{"@id":"https:\/\/qtmm.org\/qt\/zeynur-yakubov-biz-qan-tokulmesine-yol-bermeden-devletnin-butunligini-saqlap-qalmaq-ve-ozara-sayigida-bulunmaq-kerekmiz\/"},"wordCount":244,"commentCount":0,"publisher":{"@id":"https:\/\/qtmm.org\/qt\/#organization"},"image":{"@id":"https:\/\/qtmm.org\/qt\/zeynur-yakubov-biz-qan-tokulmesine-yol-bermeden-devletnin-butunligini-saqlap-qalmaq-ve-ozara-sayigida-bulunmaq-kerekmiz\/#primaryimage"},"thumbnailUrl":"https:\/\/qtmm.org\/wp-content\/uploads\/2022\/01\/chelebicihan_dua_3_kopiya.jpeg","articleSection":["Haberler"],"inLanguage":"qt","potentialAction":[{"@type":"CommentAction","name":"Comment","target":["https:\/\/qtmm.org\/qt\/zeynur-yakubov-biz-qan-tokulmesine-yol-bermeden-devletnin-butunligini-saqlap-qalmaq-ve-ozara-sayigida-bulunmaq-kerekmiz\/#respond"]}]},{"@type":"WebPage","@id":"https:\/\/qtmm.org\/qt\/zeynur-yakubov-biz-qan-tokulmesine-yol-bermeden-devletnin-butunligini-saqlap-qalmaq-ve-ozara-sayigida-bulunmaq-kerekmiz\/","url":"https:\/\/qtmm.org\/qt\/zeynur-yakubov-biz-qan-tokulmesine-yol-bermeden-devletnin-butunligini-saqlap-qalmaq-ve-ozara-sayigida-bulunmaq-kerekmiz\/","name":"Zeynur Yakubov: \u00abBiz qan t\u00f6k\u00fclmesine yol bermeden, devletni\u00f1 b\u00fct\u00fcnligini saqlap qalmaq ve \u00f6zara say\u0131\u011f\u0131da bulunmaq kerekmiz\u00bb - \u041c\u0435\u0434\u0436\u043b\u0456\u0441","isPartOf":{"@id":"https:\/\/qtmm.org\/qt\/#website"},"primaryImageOfPage":{"@id":"https:\/\/qtmm.org\/qt\/zeynur-yakubov-biz-qan-tokulmesine-yol-bermeden-devletnin-butunligini-saqlap-qalmaq-ve-ozara-sayigida-bulunmaq-kerekmiz\/#primaryimage"},"image":{"@id":"https:\/\/qtmm.org\/qt\/zeynur-yakubov-biz-qan-tokulmesine-yol-bermeden-devletnin-butunligini-saqlap-qalmaq-ve-ozara-sayigida-bulunmaq-kerekmiz\/#primaryimage"},"thumbnailUrl":"https:\/\/qtmm.org\/wp-content\/uploads\/2022\/01\/chelebicihan_dua_3_kopiya.jpeg","datePublished":"2014-02-21T15:46:00+00:00","dateModified":"2022-01-27T15:47:13+00:00","breadcrumb":{"@id":"https:\/\/qtmm.org\/qt\/zeynur-yakubov-biz-qan-tokulmesine-yol-bermeden-devletnin-butunligini-saqlap-qalmaq-ve-ozara-sayigida-bulunmaq-kerekmiz\/#breadcrumb"},"inLanguage":"qt","potentialAction":[{"@type":"ReadAction","target":["https:\/\/qtmm.org\/qt\/zeynur-yakubov-biz-qan-tokulmesine-yol-bermeden-devletnin-butunligini-saqlap-qalmaq-ve-ozara-sayigida-bulunmaq-kerekmiz\/"]}]},{"@type":"ImageObject","inLanguage":"qt","@id":"https:\/\/qtmm.org\/qt\/zeynur-yakubov-biz-qan-tokulmesine-yol-bermeden-devletnin-butunligini-saqlap-qalmaq-ve-ozara-sayigida-bulunmaq-kerekmiz\/#primaryimage","url":"https:\/\/qtmm.org\/wp-content\/uploads\/2022\/01\/chelebicihan_dua_3_kopiya.jpeg","contentUrl":"https:\/\/qtmm.org\/wp-content\/uploads\/2022\/01\/chelebicihan_dua_3_kopiya.jpeg","width":656,"height":440},{"@type":"BreadcrumbList","@id":"https:\/\/qtmm.org\/qt\/zeynur-yakubov-biz-qan-tokulmesine-yol-bermeden-devletnin-butunligini-saqlap-qalmaq-ve-ozara-sayigida-bulunmaq-kerekmiz\/#breadcrumb","itemListElement":[{"@type":"ListItem","position":1,"name":"\u0413\u043e\u043b\u043e\u0432\u043d\u0430","item":"https:\/\/qtmm.org\/qt\/"},{"@type":"ListItem","position":2,"name":"Zeynur Yakubov: \u00abBiz qan t\u00f6k\u00fclmesine yol bermeden, devletni\u00f1 b\u00fct\u00fcnligini saqlap qalmaq ve \u00f6zara say\u0131\u011f\u0131da bulunmaq kerekmiz\u00bb"}]},{"@type":"WebSite","@id":"https:\/\/qtmm.org\/qt\/#website","url":"https:\/\/qtmm.org\/qt\/","name":"\u041c\u0435\u0434\u0436\u043b\u0456\u0441","description":"","publisher":{"@id":"https:\/\/qtmm.org\/qt\/#organization"},"potentialAction":[{"@type":"SearchAction","target":{"@type":"EntryPoint","urlTemplate":"https:\/\/qtmm.org\/qt\/?s={search_term_string}"},"query-input":{"@type":"PropertyValueSpecification","valueRequired":true,"valueName":"search_term_string"}}],"inLanguage":"qt"},{"@type":"Organization","@id":"https:\/\/qtmm.org\/qt\/#organization","name":"\u041c\u0435\u0434\u0436\u043b\u0456\u0441","url":"https:\/\/qtmm.org\/qt\/","logo":{"@type":"ImageObject","inLanguage":"qt","@id":"https:\/\/qtmm.org\/qt\/#\/schema\/logo\/image\/","url":"https:\/\/qtmm.org\/wp-content\/uploads\/2024\/12\/ua-mejlis-logo-rgb.svg","contentUrl":"https:\/\/qtmm.org\/wp-content\/uploads\/2024\/12\/ua-mejlis-logo-rgb.svg","caption":"\u041c\u0435\u0434\u0436\u043b\u0456\u0441"},"image":{"@id":"https:\/\/qtmm.org\/qt\/#\/schema\/logo\/image\/"},"sameAs":["https:\/\/www.facebook.com\/qtmm.info\/"]},{"@type":"Person","@id":"https:\/\/qtmm.org\/qt\/#\/schema\/person\/de562469f971dec226ac06e60bbf74a7","name":"Developer","image":{"@type":"ImageObject","inLanguage":"qt","@id":"https:\/\/secure.gravatar.com\/avatar\/392b4cc8fbfeb00b39dfeeab4ee6edded39ffd48e25858637e4765810300227e?s=96&d=mm&r=g","url":"https:\/\/secure.gravatar.com\/avatar\/392b4cc8fbfeb00b39dfeeab4ee6edded39ffd48e25858637e4765810300227e?s=96&d=mm&r=g","contentUrl":"https:\/\/secure.gravatar.com\/avatar\/392b4cc8fbfeb00b39dfeeab4ee6edded39ffd48e25858637e4765810300227e?s=96&d=mm&r=g","caption":"Developer"},"url":"https:\/\/qtmm.org\/qt\/author\/Developer\/"}]}},"_links":{"self":[{"href":"https:\/\/qtmm.org\/qt\/wp-json\/wp\/v2\/posts\/43579","targetHints":{"allow":["GET"]}}],"collection":[{"href":"https:\/\/qtmm.org\/qt\/wp-json\/wp\/v2\/posts"}],"about":[{"href":"https:\/\/qtmm.org\/qt\/wp-json\/wp\/v2\/types\/post"}],"author":[{"embeddable":true,"href":"https:\/\/qtmm.org\/qt\/wp-json\/wp\/v2\/users\/1"}],"replies":[{"embeddable":true,"href":"https:\/\/qtmm.org\/qt\/wp-json\/wp\/v2\/comments?post=43579"}],"version-history":[{"count":1,"href":"https:\/\/qtmm.org\/qt\/wp-json\/wp\/v2\/posts\/43579\/revisions"}],"predecessor-version":[{"id":43588,"href":"https:\/\/qtmm.org\/qt\/wp-json\/wp\/v2\/posts\/43579\/revisions\/43588"}],"wp:featuredmedia":[{"embeddable":true,"href":"https:\/\/qtmm.org\/qt\/wp-json\/wp\/v2\/media\/43580"}],"wp:attachment":[{"href":"https:\/\/qtmm.org\/qt\/wp-json\/wp\/v2\/media?parent=43579"}],"wp:term":[{"taxonomy":"category","embeddable":true,"href":"https:\/\/qtmm.org\/qt\/wp-json\/wp\/v2\/categories?post=43579"},{"taxonomy":"post_tag","embeddable":true,"href":"https:\/\/qtmm.org\/qt\/wp-json\/wp\/v2\/tags?post=43579"}],"curies":[{"name":"wp","href":"https:\/\/api.w.org\/{rel}","templated":true}]}}