




{"id":43569,"date":"2014-02-21T18:45:00","date_gmt":"2014-02-21T15:45:00","guid":{"rendered":"http:\/\/qtmm.org\/?p=43569"},"modified":"2022-01-27T18:45:56","modified_gmt":"2022-01-27T15:45:56","slug":"alusta-regional-meclisi-ve-alusta-seer-akimiyeti-qirimli-siyasetcilerni-ayirimciliq-beyanatlarindan-vazgecmege-cagiralar","status":"publish","type":"post","link":"https:\/\/qtmm.org\/qt\/alusta-regional-meclisi-ve-alusta-seer-akimiyeti-qirimli-siyasetcilerni-ayirimciliq-beyanatlarindan-vazgecmege-cagiralar\/","title":{"rendered":"Alu\u015fta regional meclisi ve Alu\u015fta \u015feer akimiyeti q\u0131r\u0131ml\u0131 siyaset\u00e7ilerni ay\u0131r\u0131mc\u0131l\u0131q beyanatlar\u0131ndan vazge\u00e7mege \u00e7a\u011f\u0131ralar"},"content":{"rendered":"\n<p>Fevral 21 k\u00fcn\u00fc Alu\u015fta \u015feer meriyas\u0131nda Alu\u015fta \u015feer yolba\u015f\u00e7\u0131s\u0131 Stanislav Kolot ve Alu\u015fta regional meclisini\u00f1 reisi Enver Arpatl\u0131 beraber topla\u015fuv ke\u00e7irdiler. Onda Alu\u015fta regional meclisini\u00f1 azalar\u0131, Alu\u015fta region\u0131ndaki yerli \u015furalarn\u0131\u00f1 reisleri, Ukraina \u0130\u00e7ki i\u015fler nazirligini\u00f1 Alu\u015fta b\u00f6l\u00fcgi ve Ukraina Devlet tel\u00fckesizligi komitetini\u00f1 Alu\u015fta b\u00f6l\u00fcgi, Alu\u015fta prokuraturas\u0131 ve diniy birle\u015fmelerni\u00f1 vekilleri i\u015ftirak ettiler.<\/p>\n\n\n\n<p>Alu\u015fta regional meclisini\u00f1 reisi Enver Arpatl\u0131 bildirgenine k\u00f6re, topla\u015fuvda esas mesele olaraq memleketteki siyasiy- i\u00e7timaiy vaziyet esnas\u0131nda Q\u0131r\u0131mda meydan\u011fa kelgen vaziyet muzakere etildi. &#8220;Topla\u015fuvda bulun\u011fanlar regionda fesat \u00e7\u0131qmas\u0131na qar\u015f\u0131 b\u00fct\u00fcn k\u00fc\u00e7 ve imk\u00e2nlarn\u0131 birle\u015ftirmek, Alu\u015fta region\u0131nda i\u00e7 bir t\u00fcrl\u00fc toqna\u015fuv ve davalarn\u0131\u00f1 olmas\u0131na yol bermemek husus\u0131nda umumiy fikir bildirdiler&#8221;, &#8211; dep haber etti Alu\u015fta regional meclisini\u00f1 reisi Enver Arpatl\u0131<\/p>\n\n\n\n<figure class=\"wp-block-image size-full\"><img loading=\"lazy\" decoding=\"async\" width=\"650\" height=\"334\" src=\"http:\/\/qtmm.org\/wp-content\/uploads\/2022\/01\/2_156.jpeg\" alt=\"\" class=\"wp-image-43574\" srcset=\"https:\/\/qtmm.org\/wp-content\/uploads\/2022\/01\/2_156.jpeg 650w, https:\/\/qtmm.org\/wp-content\/uploads\/2022\/01\/2_156-300x154.jpeg 300w\" sizes=\"auto, (max-width: 650px) 100vw, 650px\" \/><\/figure>\n\n\n\n<p>Bundan da \u011fayr\u0131, taraflar q\u0131r\u0131ml\u0131 siyaset\u00e7ilerni ay\u0131r\u0131mc\u0131l\u0131q fikirlerinden vazge\u00e7mege \u00e7a\u011f\u0131r\u0131p, Q\u0131r\u0131m spikeri V. Konstantinovn\u0131\u00f1 memlekette vaziyet kerginle\u015fkeni taqdirde Q\u0131r\u0131m Ukrainadan ay\u0131r\u0131labilecegini tahmin etkenini keskin qaralad\u0131lar.<\/p>\n","protected":false},"excerpt":{"rendered":"<p>Fevral 21 k\u00fcn\u00fc Alu\u015fta \u015feer meriyas\u0131nda Alu\u015fta \u015feer yolba\u015f\u00e7\u0131s\u0131 Stanislav Kolot ve Alu\u015fta regional meclisini\u00f1 reisi Enver Arpatl\u0131 beraber topla\u015fuv ke\u00e7irdiler. Onda Alu\u015fta regional meclisini\u00f1 azalar\u0131, Alu\u015fta region\u0131ndaki yerli \u015furalarn\u0131\u00f1 reisleri, Ukraina \u0130\u00e7ki i\u015fler nazirligini\u00f1 Alu\u015fta b\u00f6l\u00fcgi ve Ukraina Devlet tel\u00fckesizligi komitetini\u00f1 Alu\u015fta b\u00f6l\u00fcgi, Alu\u015fta prokuraturas\u0131 ve diniy birle\u015fmelerni\u00f1 vekilleri i\u015ftirak ettiler. Alu\u015fta regional meclisini\u00f1 [&hellip;]<\/p>\n","protected":false},"author":1,"featured_media":43570,"comment_status":"open","ping_status":"open","sticky":false,"template":"","format":"standard","meta":{"inline_featured_image":false,"footnotes":""},"categories":[265],"tags":[],"class_list":["post-43569","post","type-post","status-publish","format-standard","has-post-thumbnail","hentry","category-haberler"],"acf":[],"yoast_head":"<!-- This site is optimized with the Yoast SEO plugin v27.4 - https:\/\/yoast.com\/product\/yoast-seo-wordpress\/ -->\n<title>Alu\u015fta regional meclisi ve Alu\u015fta \u015feer akimiyeti q\u0131r\u0131ml\u0131 siyaset\u00e7ilerni ay\u0131r\u0131mc\u0131l\u0131q beyanatlar\u0131ndan vazge\u00e7mege \u00e7a\u011f\u0131ralar - \u041c\u0435\u0434\u0436\u043b\u0456\u0441<\/title>\n<meta name=\"robots\" content=\"index, follow, max-snippet:-1, max-image-preview:large, max-video-preview:-1\" \/>\n<link rel=\"canonical\" href=\"https:\/\/qtmm.org\/qt\/alusta-regional-meclisi-ve-alusta-seer-akimiyeti-qirimli-siyasetcilerni-ayirimciliq-beyanatlarindan-vazgecmege-cagiralar\/\" \/>\n<meta property=\"og:locale\" content=\"en_US\" \/>\n<meta property=\"og:type\" content=\"article\" \/>\n<meta property=\"og:title\" content=\"Alu\u015fta regional meclisi ve Alu\u015fta \u015feer akimiyeti q\u0131r\u0131ml\u0131 siyaset\u00e7ilerni ay\u0131r\u0131mc\u0131l\u0131q beyanatlar\u0131ndan vazge\u00e7mege \u00e7a\u011f\u0131ralar - \u041c\u0435\u0434\u0436\u043b\u0456\u0441\" \/>\n<meta property=\"og:description\" content=\"Fevral 21 k\u00fcn\u00fc Alu\u015fta \u015feer meriyas\u0131nda Alu\u015fta \u015feer yolba\u015f\u00e7\u0131s\u0131 Stanislav Kolot ve Alu\u015fta regional meclisini\u00f1 reisi Enver Arpatl\u0131 beraber topla\u015fuv ke\u00e7irdiler. Onda Alu\u015fta regional meclisini\u00f1 azalar\u0131, Alu\u015fta region\u0131ndaki yerli \u015furalarn\u0131\u00f1 reisleri, Ukraina \u0130\u00e7ki i\u015fler nazirligini\u00f1 Alu\u015fta b\u00f6l\u00fcgi ve Ukraina Devlet tel\u00fckesizligi komitetini\u00f1 Alu\u015fta b\u00f6l\u00fcgi, Alu\u015fta prokuraturas\u0131 ve diniy birle\u015fmelerni\u00f1 vekilleri i\u015ftirak ettiler. Alu\u015fta regional meclisini\u00f1 [&hellip;]\" \/>\n<meta property=\"og:url\" content=\"https:\/\/qtmm.org\/qt\/alusta-regional-meclisi-ve-alusta-seer-akimiyeti-qirimli-siyasetcilerni-ayirimciliq-beyanatlarindan-vazgecmege-cagiralar\/\" \/>\n<meta property=\"og:site_name\" content=\"\u041c\u0435\u0434\u0436\u043b\u0456\u0441\" \/>\n<meta property=\"article:publisher\" content=\"https:\/\/www.facebook.com\/qtmm.info\/\" \/>\n<meta property=\"article:published_time\" content=\"2014-02-21T15:45:00+00:00\" \/>\n<meta property=\"article:modified_time\" content=\"2022-01-27T15:45:56+00:00\" \/>\n<meta property=\"og:image\" content=\"https:\/\/qtmm.org\/wp-content\/uploads\/2022\/01\/3_121.jpeg\" \/>\n\t<meta property=\"og:image:width\" content=\"650\" \/>\n\t<meta property=\"og:image:height\" content=\"374\" \/>\n\t<meta property=\"og:image:type\" content=\"image\/jpeg\" \/>\n<meta name=\"author\" content=\"Developer\" \/>\n<meta name=\"twitter:card\" content=\"summary_large_image\" \/>\n<meta name=\"twitter:label1\" content=\"Written by\" \/>\n\t<meta name=\"twitter:data1\" content=\"Developer\" \/>\n\t<meta name=\"twitter:label2\" content=\"Est. reading time\" \/>\n\t<meta name=\"twitter:data2\" content=\"1 minute\" \/>\n<script type=\"application\/ld+json\" class=\"yoast-schema-graph\">{\"@context\":\"https:\\\/\\\/schema.org\",\"@graph\":[{\"@type\":\"Article\",\"@id\":\"https:\\\/\\\/qtmm.org\\\/qt\\\/alusta-regional-meclisi-ve-alusta-seer-akimiyeti-qirimli-siyasetcilerni-ayirimciliq-beyanatlarindan-vazgecmege-cagiralar\\\/#article\",\"isPartOf\":{\"@id\":\"https:\\\/\\\/qtmm.org\\\/qt\\\/alusta-regional-meclisi-ve-alusta-seer-akimiyeti-qirimli-siyasetcilerni-ayirimciliq-beyanatlarindan-vazgecmege-cagiralar\\\/\"},\"author\":{\"name\":\"Developer\",\"@id\":\"https:\\\/\\\/qtmm.org\\\/qt\\\/#\\\/schema\\\/person\\\/de562469f971dec226ac06e60bbf74a7\"},\"headline\":\"Alu\u015fta regional meclisi ve Alu\u015fta \u015feer akimiyeti q\u0131r\u0131ml\u0131 siyaset\u00e7ilerni ay\u0131r\u0131mc\u0131l\u0131q beyanatlar\u0131ndan vazge\u00e7mege \u00e7a\u011f\u0131ralar\",\"datePublished\":\"2014-02-21T15:45:00+00:00\",\"dateModified\":\"2022-01-27T15:45:56+00:00\",\"mainEntityOfPage\":{\"@id\":\"https:\\\/\\\/qtmm.org\\\/qt\\\/alusta-regional-meclisi-ve-alusta-seer-akimiyeti-qirimli-siyasetcilerni-ayirimciliq-beyanatlarindan-vazgecmege-cagiralar\\\/\"},\"wordCount\":222,\"commentCount\":0,\"publisher\":{\"@id\":\"https:\\\/\\\/qtmm.org\\\/qt\\\/#organization\"},\"image\":{\"@id\":\"https:\\\/\\\/qtmm.org\\\/qt\\\/alusta-regional-meclisi-ve-alusta-seer-akimiyeti-qirimli-siyasetcilerni-ayirimciliq-beyanatlarindan-vazgecmege-cagiralar\\\/#primaryimage\"},\"thumbnailUrl\":\"https:\\\/\\\/qtmm.org\\\/wp-content\\\/uploads\\\/2022\\\/01\\\/3_121.jpeg\",\"articleSection\":[\"Haberler\"],\"inLanguage\":\"qt\",\"potentialAction\":[{\"@type\":\"CommentAction\",\"name\":\"Comment\",\"target\":[\"https:\\\/\\\/qtmm.org\\\/qt\\\/alusta-regional-meclisi-ve-alusta-seer-akimiyeti-qirimli-siyasetcilerni-ayirimciliq-beyanatlarindan-vazgecmege-cagiralar\\\/#respond\"]}]},{\"@type\":\"WebPage\",\"@id\":\"https:\\\/\\\/qtmm.org\\\/qt\\\/alusta-regional-meclisi-ve-alusta-seer-akimiyeti-qirimli-siyasetcilerni-ayirimciliq-beyanatlarindan-vazgecmege-cagiralar\\\/\",\"url\":\"https:\\\/\\\/qtmm.org\\\/qt\\\/alusta-regional-meclisi-ve-alusta-seer-akimiyeti-qirimli-siyasetcilerni-ayirimciliq-beyanatlarindan-vazgecmege-cagiralar\\\/\",\"name\":\"Alu\u015fta regional meclisi ve Alu\u015fta \u015feer akimiyeti q\u0131r\u0131ml\u0131 siyaset\u00e7ilerni ay\u0131r\u0131mc\u0131l\u0131q beyanatlar\u0131ndan vazge\u00e7mege \u00e7a\u011f\u0131ralar - \u041c\u0435\u0434\u0436\u043b\u0456\u0441\",\"isPartOf\":{\"@id\":\"https:\\\/\\\/qtmm.org\\\/qt\\\/#website\"},\"primaryImageOfPage\":{\"@id\":\"https:\\\/\\\/qtmm.org\\\/qt\\\/alusta-regional-meclisi-ve-alusta-seer-akimiyeti-qirimli-siyasetcilerni-ayirimciliq-beyanatlarindan-vazgecmege-cagiralar\\\/#primaryimage\"},\"image\":{\"@id\":\"https:\\\/\\\/qtmm.org\\\/qt\\\/alusta-regional-meclisi-ve-alusta-seer-akimiyeti-qirimli-siyasetcilerni-ayirimciliq-beyanatlarindan-vazgecmege-cagiralar\\\/#primaryimage\"},\"thumbnailUrl\":\"https:\\\/\\\/qtmm.org\\\/wp-content\\\/uploads\\\/2022\\\/01\\\/3_121.jpeg\",\"datePublished\":\"2014-02-21T15:45:00+00:00\",\"dateModified\":\"2022-01-27T15:45:56+00:00\",\"breadcrumb\":{\"@id\":\"https:\\\/\\\/qtmm.org\\\/qt\\\/alusta-regional-meclisi-ve-alusta-seer-akimiyeti-qirimli-siyasetcilerni-ayirimciliq-beyanatlarindan-vazgecmege-cagiralar\\\/#breadcrumb\"},\"inLanguage\":\"qt\",\"potentialAction\":[{\"@type\":\"ReadAction\",\"target\":[\"https:\\\/\\\/qtmm.org\\\/qt\\\/alusta-regional-meclisi-ve-alusta-seer-akimiyeti-qirimli-siyasetcilerni-ayirimciliq-beyanatlarindan-vazgecmege-cagiralar\\\/\"]}]},{\"@type\":\"ImageObject\",\"inLanguage\":\"qt\",\"@id\":\"https:\\\/\\\/qtmm.org\\\/qt\\\/alusta-regional-meclisi-ve-alusta-seer-akimiyeti-qirimli-siyasetcilerni-ayirimciliq-beyanatlarindan-vazgecmege-cagiralar\\\/#primaryimage\",\"url\":\"https:\\\/\\\/qtmm.org\\\/wp-content\\\/uploads\\\/2022\\\/01\\\/3_121.jpeg\",\"contentUrl\":\"https:\\\/\\\/qtmm.org\\\/wp-content\\\/uploads\\\/2022\\\/01\\\/3_121.jpeg\",\"width\":650,\"height\":374},{\"@type\":\"BreadcrumbList\",\"@id\":\"https:\\\/\\\/qtmm.org\\\/qt\\\/alusta-regional-meclisi-ve-alusta-seer-akimiyeti-qirimli-siyasetcilerni-ayirimciliq-beyanatlarindan-vazgecmege-cagiralar\\\/#breadcrumb\",\"itemListElement\":[{\"@type\":\"ListItem\",\"position\":1,\"name\":\"\u0413\u043e\u043b\u043e\u0432\u043d\u0430\",\"item\":\"https:\\\/\\\/qtmm.org\\\/qt\\\/\"},{\"@type\":\"ListItem\",\"position\":2,\"name\":\"Alu\u015fta regional meclisi ve Alu\u015fta \u015feer akimiyeti q\u0131r\u0131ml\u0131 siyaset\u00e7ilerni ay\u0131r\u0131mc\u0131l\u0131q beyanatlar\u0131ndan vazge\u00e7mege \u00e7a\u011f\u0131ralar\"}]},{\"@type\":\"WebSite\",\"@id\":\"https:\\\/\\\/qtmm.org\\\/qt\\\/#website\",\"url\":\"https:\\\/\\\/qtmm.org\\\/qt\\\/\",\"name\":\"\u041c\u0435\u0434\u0436\u043b\u0456\u0441\",\"description\":\"\",\"publisher\":{\"@id\":\"https:\\\/\\\/qtmm.org\\\/qt\\\/#organization\"},\"potentialAction\":[{\"@type\":\"SearchAction\",\"target\":{\"@type\":\"EntryPoint\",\"urlTemplate\":\"https:\\\/\\\/qtmm.org\\\/qt\\\/?s={search_term_string}\"},\"query-input\":{\"@type\":\"PropertyValueSpecification\",\"valueRequired\":true,\"valueName\":\"search_term_string\"}}],\"inLanguage\":\"qt\"},{\"@type\":\"Organization\",\"@id\":\"https:\\\/\\\/qtmm.org\\\/qt\\\/#organization\",\"name\":\"\u041c\u0435\u0434\u0436\u043b\u0456\u0441\",\"url\":\"https:\\\/\\\/qtmm.org\\\/qt\\\/\",\"logo\":{\"@type\":\"ImageObject\",\"inLanguage\":\"qt\",\"@id\":\"https:\\\/\\\/qtmm.org\\\/qt\\\/#\\\/schema\\\/logo\\\/image\\\/\",\"url\":\"https:\\\/\\\/qtmm.org\\\/wp-content\\\/uploads\\\/2024\\\/12\\\/ua-mejlis-logo-rgb.svg\",\"contentUrl\":\"https:\\\/\\\/qtmm.org\\\/wp-content\\\/uploads\\\/2024\\\/12\\\/ua-mejlis-logo-rgb.svg\",\"caption\":\"\u041c\u0435\u0434\u0436\u043b\u0456\u0441\"},\"image\":{\"@id\":\"https:\\\/\\\/qtmm.org\\\/qt\\\/#\\\/schema\\\/logo\\\/image\\\/\"},\"sameAs\":[\"https:\\\/\\\/www.facebook.com\\\/qtmm.info\\\/\"]},{\"@type\":\"Person\",\"@id\":\"https:\\\/\\\/qtmm.org\\\/qt\\\/#\\\/schema\\\/person\\\/de562469f971dec226ac06e60bbf74a7\",\"name\":\"Developer\",\"image\":{\"@type\":\"ImageObject\",\"inLanguage\":\"qt\",\"@id\":\"https:\\\/\\\/secure.gravatar.com\\\/avatar\\\/392b4cc8fbfeb00b39dfeeab4ee6edded39ffd48e25858637e4765810300227e?s=96&d=mm&r=g\",\"url\":\"https:\\\/\\\/secure.gravatar.com\\\/avatar\\\/392b4cc8fbfeb00b39dfeeab4ee6edded39ffd48e25858637e4765810300227e?s=96&d=mm&r=g\",\"contentUrl\":\"https:\\\/\\\/secure.gravatar.com\\\/avatar\\\/392b4cc8fbfeb00b39dfeeab4ee6edded39ffd48e25858637e4765810300227e?s=96&d=mm&r=g\",\"caption\":\"Developer\"},\"url\":\"https:\\\/\\\/qtmm.org\\\/qt\\\/author\\\/Developer\\\/\"}]}<\/script>\n<!-- \/ Yoast SEO plugin. -->","yoast_head_json":{"title":"Alu\u015fta regional meclisi ve Alu\u015fta \u015feer akimiyeti q\u0131r\u0131ml\u0131 siyaset\u00e7ilerni ay\u0131r\u0131mc\u0131l\u0131q beyanatlar\u0131ndan vazge\u00e7mege \u00e7a\u011f\u0131ralar - \u041c\u0435\u0434\u0436\u043b\u0456\u0441","robots":{"index":"index","follow":"follow","max-snippet":"max-snippet:-1","max-image-preview":"max-image-preview:large","max-video-preview":"max-video-preview:-1"},"canonical":"https:\/\/qtmm.org\/qt\/alusta-regional-meclisi-ve-alusta-seer-akimiyeti-qirimli-siyasetcilerni-ayirimciliq-beyanatlarindan-vazgecmege-cagiralar\/","og_locale":"en_US","og_type":"article","og_title":"Alu\u015fta regional meclisi ve Alu\u015fta \u015feer akimiyeti q\u0131r\u0131ml\u0131 siyaset\u00e7ilerni ay\u0131r\u0131mc\u0131l\u0131q beyanatlar\u0131ndan vazge\u00e7mege \u00e7a\u011f\u0131ralar - \u041c\u0435\u0434\u0436\u043b\u0456\u0441","og_description":"Fevral 21 k\u00fcn\u00fc Alu\u015fta \u015feer meriyas\u0131nda Alu\u015fta \u015feer yolba\u015f\u00e7\u0131s\u0131 Stanislav Kolot ve Alu\u015fta regional meclisini\u00f1 reisi Enver Arpatl\u0131 beraber topla\u015fuv ke\u00e7irdiler. Onda Alu\u015fta regional meclisini\u00f1 azalar\u0131, Alu\u015fta region\u0131ndaki yerli \u015furalarn\u0131\u00f1 reisleri, Ukraina \u0130\u00e7ki i\u015fler nazirligini\u00f1 Alu\u015fta b\u00f6l\u00fcgi ve Ukraina Devlet tel\u00fckesizligi komitetini\u00f1 Alu\u015fta b\u00f6l\u00fcgi, Alu\u015fta prokuraturas\u0131 ve diniy birle\u015fmelerni\u00f1 vekilleri i\u015ftirak ettiler. Alu\u015fta regional meclisini\u00f1 [&hellip;]","og_url":"https:\/\/qtmm.org\/qt\/alusta-regional-meclisi-ve-alusta-seer-akimiyeti-qirimli-siyasetcilerni-ayirimciliq-beyanatlarindan-vazgecmege-cagiralar\/","og_site_name":"\u041c\u0435\u0434\u0436\u043b\u0456\u0441","article_publisher":"https:\/\/www.facebook.com\/qtmm.info\/","article_published_time":"2014-02-21T15:45:00+00:00","article_modified_time":"2022-01-27T15:45:56+00:00","og_image":[{"width":650,"height":374,"url":"https:\/\/qtmm.org\/wp-content\/uploads\/2022\/01\/3_121.jpeg","type":"image\/jpeg"}],"author":"Developer","twitter_card":"summary_large_image","twitter_misc":{"Written by":"Developer","Est. reading time":"1 minute"},"schema":{"@context":"https:\/\/schema.org","@graph":[{"@type":"Article","@id":"https:\/\/qtmm.org\/qt\/alusta-regional-meclisi-ve-alusta-seer-akimiyeti-qirimli-siyasetcilerni-ayirimciliq-beyanatlarindan-vazgecmege-cagiralar\/#article","isPartOf":{"@id":"https:\/\/qtmm.org\/qt\/alusta-regional-meclisi-ve-alusta-seer-akimiyeti-qirimli-siyasetcilerni-ayirimciliq-beyanatlarindan-vazgecmege-cagiralar\/"},"author":{"name":"Developer","@id":"https:\/\/qtmm.org\/qt\/#\/schema\/person\/de562469f971dec226ac06e60bbf74a7"},"headline":"Alu\u015fta regional meclisi ve Alu\u015fta \u015feer akimiyeti q\u0131r\u0131ml\u0131 siyaset\u00e7ilerni ay\u0131r\u0131mc\u0131l\u0131q beyanatlar\u0131ndan vazge\u00e7mege \u00e7a\u011f\u0131ralar","datePublished":"2014-02-21T15:45:00+00:00","dateModified":"2022-01-27T15:45:56+00:00","mainEntityOfPage":{"@id":"https:\/\/qtmm.org\/qt\/alusta-regional-meclisi-ve-alusta-seer-akimiyeti-qirimli-siyasetcilerni-ayirimciliq-beyanatlarindan-vazgecmege-cagiralar\/"},"wordCount":222,"commentCount":0,"publisher":{"@id":"https:\/\/qtmm.org\/qt\/#organization"},"image":{"@id":"https:\/\/qtmm.org\/qt\/alusta-regional-meclisi-ve-alusta-seer-akimiyeti-qirimli-siyasetcilerni-ayirimciliq-beyanatlarindan-vazgecmege-cagiralar\/#primaryimage"},"thumbnailUrl":"https:\/\/qtmm.org\/wp-content\/uploads\/2022\/01\/3_121.jpeg","articleSection":["Haberler"],"inLanguage":"qt","potentialAction":[{"@type":"CommentAction","name":"Comment","target":["https:\/\/qtmm.org\/qt\/alusta-regional-meclisi-ve-alusta-seer-akimiyeti-qirimli-siyasetcilerni-ayirimciliq-beyanatlarindan-vazgecmege-cagiralar\/#respond"]}]},{"@type":"WebPage","@id":"https:\/\/qtmm.org\/qt\/alusta-regional-meclisi-ve-alusta-seer-akimiyeti-qirimli-siyasetcilerni-ayirimciliq-beyanatlarindan-vazgecmege-cagiralar\/","url":"https:\/\/qtmm.org\/qt\/alusta-regional-meclisi-ve-alusta-seer-akimiyeti-qirimli-siyasetcilerni-ayirimciliq-beyanatlarindan-vazgecmege-cagiralar\/","name":"Alu\u015fta regional meclisi ve Alu\u015fta \u015feer akimiyeti q\u0131r\u0131ml\u0131 siyaset\u00e7ilerni ay\u0131r\u0131mc\u0131l\u0131q beyanatlar\u0131ndan vazge\u00e7mege \u00e7a\u011f\u0131ralar - \u041c\u0435\u0434\u0436\u043b\u0456\u0441","isPartOf":{"@id":"https:\/\/qtmm.org\/qt\/#website"},"primaryImageOfPage":{"@id":"https:\/\/qtmm.org\/qt\/alusta-regional-meclisi-ve-alusta-seer-akimiyeti-qirimli-siyasetcilerni-ayirimciliq-beyanatlarindan-vazgecmege-cagiralar\/#primaryimage"},"image":{"@id":"https:\/\/qtmm.org\/qt\/alusta-regional-meclisi-ve-alusta-seer-akimiyeti-qirimli-siyasetcilerni-ayirimciliq-beyanatlarindan-vazgecmege-cagiralar\/#primaryimage"},"thumbnailUrl":"https:\/\/qtmm.org\/wp-content\/uploads\/2022\/01\/3_121.jpeg","datePublished":"2014-02-21T15:45:00+00:00","dateModified":"2022-01-27T15:45:56+00:00","breadcrumb":{"@id":"https:\/\/qtmm.org\/qt\/alusta-regional-meclisi-ve-alusta-seer-akimiyeti-qirimli-siyasetcilerni-ayirimciliq-beyanatlarindan-vazgecmege-cagiralar\/#breadcrumb"},"inLanguage":"qt","potentialAction":[{"@type":"ReadAction","target":["https:\/\/qtmm.org\/qt\/alusta-regional-meclisi-ve-alusta-seer-akimiyeti-qirimli-siyasetcilerni-ayirimciliq-beyanatlarindan-vazgecmege-cagiralar\/"]}]},{"@type":"ImageObject","inLanguage":"qt","@id":"https:\/\/qtmm.org\/qt\/alusta-regional-meclisi-ve-alusta-seer-akimiyeti-qirimli-siyasetcilerni-ayirimciliq-beyanatlarindan-vazgecmege-cagiralar\/#primaryimage","url":"https:\/\/qtmm.org\/wp-content\/uploads\/2022\/01\/3_121.jpeg","contentUrl":"https:\/\/qtmm.org\/wp-content\/uploads\/2022\/01\/3_121.jpeg","width":650,"height":374},{"@type":"BreadcrumbList","@id":"https:\/\/qtmm.org\/qt\/alusta-regional-meclisi-ve-alusta-seer-akimiyeti-qirimli-siyasetcilerni-ayirimciliq-beyanatlarindan-vazgecmege-cagiralar\/#breadcrumb","itemListElement":[{"@type":"ListItem","position":1,"name":"\u0413\u043e\u043b\u043e\u0432\u043d\u0430","item":"https:\/\/qtmm.org\/qt\/"},{"@type":"ListItem","position":2,"name":"Alu\u015fta regional meclisi ve Alu\u015fta \u015feer akimiyeti q\u0131r\u0131ml\u0131 siyaset\u00e7ilerni ay\u0131r\u0131mc\u0131l\u0131q beyanatlar\u0131ndan vazge\u00e7mege \u00e7a\u011f\u0131ralar"}]},{"@type":"WebSite","@id":"https:\/\/qtmm.org\/qt\/#website","url":"https:\/\/qtmm.org\/qt\/","name":"\u041c\u0435\u0434\u0436\u043b\u0456\u0441","description":"","publisher":{"@id":"https:\/\/qtmm.org\/qt\/#organization"},"potentialAction":[{"@type":"SearchAction","target":{"@type":"EntryPoint","urlTemplate":"https:\/\/qtmm.org\/qt\/?s={search_term_string}"},"query-input":{"@type":"PropertyValueSpecification","valueRequired":true,"valueName":"search_term_string"}}],"inLanguage":"qt"},{"@type":"Organization","@id":"https:\/\/qtmm.org\/qt\/#organization","name":"\u041c\u0435\u0434\u0436\u043b\u0456\u0441","url":"https:\/\/qtmm.org\/qt\/","logo":{"@type":"ImageObject","inLanguage":"qt","@id":"https:\/\/qtmm.org\/qt\/#\/schema\/logo\/image\/","url":"https:\/\/qtmm.org\/wp-content\/uploads\/2024\/12\/ua-mejlis-logo-rgb.svg","contentUrl":"https:\/\/qtmm.org\/wp-content\/uploads\/2024\/12\/ua-mejlis-logo-rgb.svg","caption":"\u041c\u0435\u0434\u0436\u043b\u0456\u0441"},"image":{"@id":"https:\/\/qtmm.org\/qt\/#\/schema\/logo\/image\/"},"sameAs":["https:\/\/www.facebook.com\/qtmm.info\/"]},{"@type":"Person","@id":"https:\/\/qtmm.org\/qt\/#\/schema\/person\/de562469f971dec226ac06e60bbf74a7","name":"Developer","image":{"@type":"ImageObject","inLanguage":"qt","@id":"https:\/\/secure.gravatar.com\/avatar\/392b4cc8fbfeb00b39dfeeab4ee6edded39ffd48e25858637e4765810300227e?s=96&d=mm&r=g","url":"https:\/\/secure.gravatar.com\/avatar\/392b4cc8fbfeb00b39dfeeab4ee6edded39ffd48e25858637e4765810300227e?s=96&d=mm&r=g","contentUrl":"https:\/\/secure.gravatar.com\/avatar\/392b4cc8fbfeb00b39dfeeab4ee6edded39ffd48e25858637e4765810300227e?s=96&d=mm&r=g","caption":"Developer"},"url":"https:\/\/qtmm.org\/qt\/author\/Developer\/"}]}},"_links":{"self":[{"href":"https:\/\/qtmm.org\/qt\/wp-json\/wp\/v2\/posts\/43569","targetHints":{"allow":["GET"]}}],"collection":[{"href":"https:\/\/qtmm.org\/qt\/wp-json\/wp\/v2\/posts"}],"about":[{"href":"https:\/\/qtmm.org\/qt\/wp-json\/wp\/v2\/types\/post"}],"author":[{"embeddable":true,"href":"https:\/\/qtmm.org\/qt\/wp-json\/wp\/v2\/users\/1"}],"replies":[{"embeddable":true,"href":"https:\/\/qtmm.org\/qt\/wp-json\/wp\/v2\/comments?post=43569"}],"version-history":[{"count":1,"href":"https:\/\/qtmm.org\/qt\/wp-json\/wp\/v2\/posts\/43569\/revisions"}],"predecessor-version":[{"id":43578,"href":"https:\/\/qtmm.org\/qt\/wp-json\/wp\/v2\/posts\/43569\/revisions\/43578"}],"wp:featuredmedia":[{"embeddable":true,"href":"https:\/\/qtmm.org\/qt\/wp-json\/wp\/v2\/media\/43570"}],"wp:attachment":[{"href":"https:\/\/qtmm.org\/qt\/wp-json\/wp\/v2\/media?parent=43569"}],"wp:term":[{"taxonomy":"category","embeddable":true,"href":"https:\/\/qtmm.org\/qt\/wp-json\/wp\/v2\/categories?post=43569"},{"taxonomy":"post_tag","embeddable":true,"href":"https:\/\/qtmm.org\/qt\/wp-json\/wp\/v2\/tags?post=43569"}],"curies":[{"name":"wp","href":"https:\/\/api.w.org\/{rel}","templated":true}]}}