




{"id":43555,"date":"2014-02-21T18:43:00","date_gmt":"2014-02-21T15:43:00","guid":{"rendered":"http:\/\/qtmm.org\/?p=43555"},"modified":"2022-01-27T18:44:55","modified_gmt":"2022-01-27T15:44:55","slug":"qirimli-siyasetcilernin-qirimni-ukrainadan-ayirmaq-tahmini-aqqindaki-fesatci-beyanatlarindan-telaslangan-semetdesler-meclis-ofisi-yaninda-toplastilar","status":"publish","type":"post","link":"https:\/\/qtmm.org\/qt\/qirimli-siyasetcilernin-qirimni-ukrainadan-ayirmaq-tahmini-aqqindaki-fesatci-beyanatlarindan-telaslangan-semetdesler-meclis-ofisi-yaninda-toplastilar\/","title":{"rendered":"Q\u0131r\u0131ml\u0131 siyaset\u00e7ilerni\u00f1 Q\u0131r\u0131mn\u0131 Ukrainadan ay\u0131rmaq tahmini aqq\u0131ndaki fesat\u00e7\u0131 beyanatlar\u0131ndan tel\u00e2\u015flan\u011fan semetde\u015fler Meclis ofisi yan\u0131nda topla\u015ft\u0131lar"},"content":{"rendered":"\n<p>2014 senesi fevral 21-ni\u00f1 sabas\u0131ndan Q\u0131r\u0131mtatar halq\u0131 Meclisini\u00f1 \u015emidt soqa\u011f\u0131, 2-nci evde yerle\u015fken merkeziy ofisi yan\u0131nda Q\u0131r\u0131mn\u0131\u00f1 Aqmescit, Ba\u011f\u00e7asaray, Saq, Qarasuvbazar ve diger rayonlar\u0131ndan Q\u0131r\u0131m parlamentini\u00f1 reisi V. Konstantinovn\u0131\u00f1 Q\u0131r\u0131mn\u0131 Ukrainadan ay\u0131rmaq tahmini aqq\u0131ndaki fesat\u00e7\u0131 beyanatlar\u0131ndan tel\u00e2\u015flan\u011fan semetde\u015fler topla\u015ft\u0131lar.<\/p>\n\n\n\n<p>Meclis reisi Refat \u00c7ubarov toplan\u011fanlarn\u0131\u00f1 qar\u015f\u0131s\u0131na \u00e7\u0131q\u0131p, Q\u0131r\u0131mdaki vaziyetke operativ seslengenleri i\u00e7\u00fcn te\u015fekk\u00fcr bildirdi. &#8220;Bug\u00fcn Mecliske kelgen ve Vatan i\u00e7\u00fcn tel\u00e2\u015flan\u0131p, yard\u0131m\u0131n\u0131 teklif etken er bir semetde\u015fimizden minnetdarm\u0131z, &#8211; dedi Refat \u00c7ubarov.<\/p>\n\n\n\n<p>Bundan so\u00f1 Meclis reisi topla\u015fqanlar\u011fa t\u00fcnevin aq\u015fam ol\u0131p ke\u00e7ken adiseler aqq\u0131nda mal\u00fcmat berdi. &#8220;T\u00fcnevin aq\u015fam Q\u0131r\u0131m Yuqar\u0131 \u015euras\u0131n\u0131\u00f1 &#8220;Qurultay-Ruh&#8221; fraktsiyas\u0131ndan \u011fayr\u0131, epsi deputatlar\u0131n\u0131 Yuqar\u0131 \u015euran\u0131\u00f1 sessiyas\u0131na g\u00fcya Ukrainadaki vaziyetni\u00f1 muzakeresine davet ettiler. Amma bug\u00fcn Meclisni\u00f1 ve baz\u0131 ferasetli q\u0131r\u0131ml\u0131 siyaset\u00e7ilerni\u00f1 areketleri sayesinde sessiya yerine Regionlar partiyas\u0131n\u0131\u00f1 topla\u015fuv\u0131n\u0131 ke\u00e7irmek qararla\u015ft\u0131r\u0131ld\u0131.<\/p>\n\n\n\n<figure class=\"wp-block-image size-full\"><img loading=\"lazy\" decoding=\"async\" width=\"650\" height=\"372\" src=\"http:\/\/qtmm.org\/wp-content\/uploads\/2022\/01\/img_7673.jpeg\" alt=\"\" class=\"wp-image-43560\" srcset=\"https:\/\/qtmm.org\/wp-content\/uploads\/2022\/01\/img_7673.jpeg 650w, https:\/\/qtmm.org\/wp-content\/uploads\/2022\/01\/img_7673-300x172.jpeg 300w\" sizes=\"auto, (max-width: 650px) 100vw, 650px\" \/><\/figure>\n\n\n\n<p>Topla\u015fuv\u011fa ba\u015fqa fraktsiyalarn\u0131\u00f1 deputatlar\u0131n\u0131 da davet etip, &#8220;Qurultay-Ruh&#8221; fraktsiyas\u0131 azalar\u0131n\u0131 kene \u00e7a\u011f\u0131rmad\u0131lar, &#8211; dedi R. \u00c7ubarov. \u2013 Q\u0131r\u0131m parlamentini\u00f1 reisi V. Konstantinovn\u0131\u00f1 Moskvada yapqan \u00e7\u0131q\u0131\u015flar\u0131 bizni pek raats\u0131zlay. L\u00e2kin halq\u0131m\u0131z b\u00f6yle beyanatlarn\u0131\u00f1 ker\u00e7ekle\u015fmesine yol bermez. Ve sizler m\u0131nda, Meclisni\u00f1 yan\u0131nda bulun\u011fan\u0131\u00f1\u0131z da b\u00fcy\u00fck rol oynad\u0131&#8221;.<\/p>\n\n\n\n<p>Meclis reisi bun\u0131\u00f1 kibi de semetde\u015flerni fevral 23 k\u00fcn\u00fc saat 13.00-de Aqmescitni\u00f1 merkeziy meydan\u0131nda Noman \u00c7elebicihan hat\u0131ras\u0131na ba\u011f\u0131\u015flan\u0131p ke\u00e7irilecek matem mitingi aqq\u0131nda soy-soplar, dost-e\u015fler ve yal\u0131\u00f1\u0131z q\u0131r\u0131mtatarlarn\u0131 degil de, diger millet ve din mens\u00fcplerine de hat\u0131rlatmalar\u0131n\u0131 rica etti.<\/p>\n\n\n\n<p>&#8220;Bir s\u0131ra Q\u0131r\u0131mtatar cemaat te\u015fkil\u00e2tlar\u0131n\u0131\u00f1 Meclis reberliginde er y\u0131l\u0131 Noman \u00c7elebicihan hat\u0131ras\u0131na ba\u011f\u0131\u015flan\u0131p ke\u00e7irilgen mitingde i\u015ftirak etmemek kibi beyanatlar\u0131na baqmadan, biz er bir vatanperver, er bir milletperver insan\u011fa fevral 23 k\u00fcn\u00fc Aqmescitni\u00f1 merkeziy meydan\u0131na kelip, \u00f6z halq\u0131n\u0131\u00f1 aqlar\u0131 i\u00e7\u00fcn k\u00fcre\u015fken ve 1918 senesi bol\u015fevikler qolundan \u00f6ld\u00fcrilgen ulu k\u00fcre\u015f\u00e7imizni a\u00f1maq, bun\u0131\u00f1 kibi de Q\u0131r\u0131m sakinleri Ukraina mustaqil devletni\u00f1 birligini bozma\u011fa yol bermeyceklerini bildirmek i\u00e7\u00fcn kelmege \u00e7a\u011f\u0131ram\u0131z, &#8211; dedi Refat \u00c7ubarov.<\/p>\n\n\n\n<figure class=\"wp-block-image size-full\"><img loading=\"lazy\" decoding=\"async\" width=\"650\" height=\"305\" src=\"http:\/\/qtmm.org\/wp-content\/uploads\/2022\/01\/img_7663.jpeg\" alt=\"\" class=\"wp-image-43564\" srcset=\"https:\/\/qtmm.org\/wp-content\/uploads\/2022\/01\/img_7663.jpeg 650w, https:\/\/qtmm.org\/wp-content\/uploads\/2022\/01\/img_7663-300x141.jpeg 300w\" sizes=\"auto, (max-width: 650px) 100vw, 650px\" \/><\/figure>\n","protected":false},"excerpt":{"rendered":"<p>2014 senesi fevral 21-ni\u00f1 sabas\u0131ndan Q\u0131r\u0131mtatar halq\u0131 Meclisini\u00f1 \u015emidt soqa\u011f\u0131, 2-nci evde yerle\u015fken merkeziy ofisi yan\u0131nda Q\u0131r\u0131mn\u0131\u00f1 Aqmescit, Ba\u011f\u00e7asaray, Saq, Qarasuvbazar ve diger rayonlar\u0131ndan Q\u0131r\u0131m parlamentini\u00f1 reisi V. Konstantinovn\u0131\u00f1 Q\u0131r\u0131mn\u0131 Ukrainadan ay\u0131rmaq tahmini aqq\u0131ndaki fesat\u00e7\u0131 beyanatlar\u0131ndan tel\u00e2\u015flan\u011fan semetde\u015fler topla\u015ft\u0131lar. Meclis reisi Refat \u00c7ubarov toplan\u011fanlarn\u0131\u00f1 qar\u015f\u0131s\u0131na \u00e7\u0131q\u0131p, Q\u0131r\u0131mdaki vaziyetke operativ seslengenleri i\u00e7\u00fcn te\u015fekk\u00fcr bildirdi. &#8220;Bug\u00fcn Mecliske [&hellip;]<\/p>\n","protected":false},"author":1,"featured_media":43556,"comment_status":"open","ping_status":"open","sticky":false,"template":"","format":"standard","meta":{"inline_featured_image":false,"footnotes":""},"categories":[265],"tags":[],"class_list":["post-43555","post","type-post","status-publish","format-standard","has-post-thumbnail","hentry","category-haberler"],"acf":[],"yoast_head":"<!-- This site is optimized with the Yoast SEO plugin v27.4 - https:\/\/yoast.com\/product\/yoast-seo-wordpress\/ -->\n<title>Q\u0131r\u0131ml\u0131 siyaset\u00e7ilerni\u00f1 Q\u0131r\u0131mn\u0131 Ukrainadan ay\u0131rmaq tahmini aqq\u0131ndaki fesat\u00e7\u0131 beyanatlar\u0131ndan tel\u00e2\u015flan\u011fan semetde\u015fler Meclis ofisi yan\u0131nda topla\u015ft\u0131lar - \u041c\u0435\u0434\u0436\u043b\u0456\u0441<\/title>\n<meta name=\"robots\" content=\"index, follow, max-snippet:-1, max-image-preview:large, max-video-preview:-1\" \/>\n<link rel=\"canonical\" href=\"https:\/\/qtmm.org\/qt\/qirimli-siyasetcilernin-qirimni-ukrainadan-ayirmaq-tahmini-aqqindaki-fesatci-beyanatlarindan-telaslangan-semetdesler-meclis-ofisi-yaninda-toplastilar\/\" \/>\n<meta property=\"og:locale\" content=\"en_US\" \/>\n<meta property=\"og:type\" content=\"article\" \/>\n<meta property=\"og:title\" content=\"Q\u0131r\u0131ml\u0131 siyaset\u00e7ilerni\u00f1 Q\u0131r\u0131mn\u0131 Ukrainadan ay\u0131rmaq tahmini aqq\u0131ndaki fesat\u00e7\u0131 beyanatlar\u0131ndan tel\u00e2\u015flan\u011fan semetde\u015fler Meclis ofisi yan\u0131nda topla\u015ft\u0131lar - \u041c\u0435\u0434\u0436\u043b\u0456\u0441\" \/>\n<meta property=\"og:description\" content=\"2014 senesi fevral 21-ni\u00f1 sabas\u0131ndan Q\u0131r\u0131mtatar halq\u0131 Meclisini\u00f1 \u015emidt soqa\u011f\u0131, 2-nci evde yerle\u015fken merkeziy ofisi yan\u0131nda Q\u0131r\u0131mn\u0131\u00f1 Aqmescit, Ba\u011f\u00e7asaray, Saq, Qarasuvbazar ve diger rayonlar\u0131ndan Q\u0131r\u0131m parlamentini\u00f1 reisi V. Konstantinovn\u0131\u00f1 Q\u0131r\u0131mn\u0131 Ukrainadan ay\u0131rmaq tahmini aqq\u0131ndaki fesat\u00e7\u0131 beyanatlar\u0131ndan tel\u00e2\u015flan\u011fan semetde\u015fler topla\u015ft\u0131lar. Meclis reisi Refat \u00c7ubarov toplan\u011fanlarn\u0131\u00f1 qar\u015f\u0131s\u0131na \u00e7\u0131q\u0131p, Q\u0131r\u0131mdaki vaziyetke operativ seslengenleri i\u00e7\u00fcn te\u015fekk\u00fcr bildirdi. &#8220;Bug\u00fcn Mecliske [&hellip;]\" \/>\n<meta property=\"og:url\" content=\"https:\/\/qtmm.org\/qt\/qirimli-siyasetcilernin-qirimni-ukrainadan-ayirmaq-tahmini-aqqindaki-fesatci-beyanatlarindan-telaslangan-semetdesler-meclis-ofisi-yaninda-toplastilar\/\" \/>\n<meta property=\"og:site_name\" content=\"\u041c\u0435\u0434\u0436\u043b\u0456\u0441\" \/>\n<meta property=\"article:publisher\" content=\"https:\/\/www.facebook.com\/qtmm.info\/\" \/>\n<meta property=\"article:published_time\" content=\"2014-02-21T15:43:00+00:00\" \/>\n<meta property=\"article:modified_time\" content=\"2022-01-27T15:44:55+00:00\" \/>\n<meta property=\"og:image\" content=\"https:\/\/qtmm.org\/wp-content\/uploads\/2022\/01\/img_7665.jpeg\" \/>\n\t<meta property=\"og:image:width\" content=\"650\" \/>\n\t<meta property=\"og:image:height\" content=\"399\" \/>\n\t<meta property=\"og:image:type\" content=\"image\/jpeg\" \/>\n<meta name=\"author\" content=\"Developer\" \/>\n<meta name=\"twitter:card\" content=\"summary_large_image\" \/>\n<meta name=\"twitter:label1\" content=\"Written by\" \/>\n\t<meta name=\"twitter:data1\" content=\"Developer\" \/>\n\t<meta name=\"twitter:label2\" content=\"Est. reading time\" \/>\n\t<meta name=\"twitter:data2\" content=\"2 minutes\" \/>\n<script type=\"application\/ld+json\" class=\"yoast-schema-graph\">{\"@context\":\"https:\\\/\\\/schema.org\",\"@graph\":[{\"@type\":\"Article\",\"@id\":\"https:\\\/\\\/qtmm.org\\\/qt\\\/qirimli-siyasetcilernin-qirimni-ukrainadan-ayirmaq-tahmini-aqqindaki-fesatci-beyanatlarindan-telaslangan-semetdesler-meclis-ofisi-yaninda-toplastilar\\\/#article\",\"isPartOf\":{\"@id\":\"https:\\\/\\\/qtmm.org\\\/qt\\\/qirimli-siyasetcilernin-qirimni-ukrainadan-ayirmaq-tahmini-aqqindaki-fesatci-beyanatlarindan-telaslangan-semetdesler-meclis-ofisi-yaninda-toplastilar\\\/\"},\"author\":{\"name\":\"Developer\",\"@id\":\"https:\\\/\\\/qtmm.org\\\/qt\\\/#\\\/schema\\\/person\\\/de562469f971dec226ac06e60bbf74a7\"},\"headline\":\"Q\u0131r\u0131ml\u0131 siyaset\u00e7ilerni\u00f1 Q\u0131r\u0131mn\u0131 Ukrainadan ay\u0131rmaq tahmini aqq\u0131ndaki fesat\u00e7\u0131 beyanatlar\u0131ndan tel\u00e2\u015flan\u011fan semetde\u015fler Meclis ofisi yan\u0131nda topla\u015ft\u0131lar\",\"datePublished\":\"2014-02-21T15:43:00+00:00\",\"dateModified\":\"2022-01-27T15:44:55+00:00\",\"mainEntityOfPage\":{\"@id\":\"https:\\\/\\\/qtmm.org\\\/qt\\\/qirimli-siyasetcilernin-qirimni-ukrainadan-ayirmaq-tahmini-aqqindaki-fesatci-beyanatlarindan-telaslangan-semetdesler-meclis-ofisi-yaninda-toplastilar\\\/\"},\"wordCount\":433,\"commentCount\":0,\"publisher\":{\"@id\":\"https:\\\/\\\/qtmm.org\\\/qt\\\/#organization\"},\"image\":{\"@id\":\"https:\\\/\\\/qtmm.org\\\/qt\\\/qirimli-siyasetcilernin-qirimni-ukrainadan-ayirmaq-tahmini-aqqindaki-fesatci-beyanatlarindan-telaslangan-semetdesler-meclis-ofisi-yaninda-toplastilar\\\/#primaryimage\"},\"thumbnailUrl\":\"https:\\\/\\\/qtmm.org\\\/wp-content\\\/uploads\\\/2022\\\/01\\\/img_7665.jpeg\",\"articleSection\":[\"Haberler\"],\"inLanguage\":\"qt\",\"potentialAction\":[{\"@type\":\"CommentAction\",\"name\":\"Comment\",\"target\":[\"https:\\\/\\\/qtmm.org\\\/qt\\\/qirimli-siyasetcilernin-qirimni-ukrainadan-ayirmaq-tahmini-aqqindaki-fesatci-beyanatlarindan-telaslangan-semetdesler-meclis-ofisi-yaninda-toplastilar\\\/#respond\"]}]},{\"@type\":\"WebPage\",\"@id\":\"https:\\\/\\\/qtmm.org\\\/qt\\\/qirimli-siyasetcilernin-qirimni-ukrainadan-ayirmaq-tahmini-aqqindaki-fesatci-beyanatlarindan-telaslangan-semetdesler-meclis-ofisi-yaninda-toplastilar\\\/\",\"url\":\"https:\\\/\\\/qtmm.org\\\/qt\\\/qirimli-siyasetcilernin-qirimni-ukrainadan-ayirmaq-tahmini-aqqindaki-fesatci-beyanatlarindan-telaslangan-semetdesler-meclis-ofisi-yaninda-toplastilar\\\/\",\"name\":\"Q\u0131r\u0131ml\u0131 siyaset\u00e7ilerni\u00f1 Q\u0131r\u0131mn\u0131 Ukrainadan ay\u0131rmaq tahmini aqq\u0131ndaki fesat\u00e7\u0131 beyanatlar\u0131ndan tel\u00e2\u015flan\u011fan semetde\u015fler Meclis ofisi yan\u0131nda topla\u015ft\u0131lar - \u041c\u0435\u0434\u0436\u043b\u0456\u0441\",\"isPartOf\":{\"@id\":\"https:\\\/\\\/qtmm.org\\\/qt\\\/#website\"},\"primaryImageOfPage\":{\"@id\":\"https:\\\/\\\/qtmm.org\\\/qt\\\/qirimli-siyasetcilernin-qirimni-ukrainadan-ayirmaq-tahmini-aqqindaki-fesatci-beyanatlarindan-telaslangan-semetdesler-meclis-ofisi-yaninda-toplastilar\\\/#primaryimage\"},\"image\":{\"@id\":\"https:\\\/\\\/qtmm.org\\\/qt\\\/qirimli-siyasetcilernin-qirimni-ukrainadan-ayirmaq-tahmini-aqqindaki-fesatci-beyanatlarindan-telaslangan-semetdesler-meclis-ofisi-yaninda-toplastilar\\\/#primaryimage\"},\"thumbnailUrl\":\"https:\\\/\\\/qtmm.org\\\/wp-content\\\/uploads\\\/2022\\\/01\\\/img_7665.jpeg\",\"datePublished\":\"2014-02-21T15:43:00+00:00\",\"dateModified\":\"2022-01-27T15:44:55+00:00\",\"breadcrumb\":{\"@id\":\"https:\\\/\\\/qtmm.org\\\/qt\\\/qirimli-siyasetcilernin-qirimni-ukrainadan-ayirmaq-tahmini-aqqindaki-fesatci-beyanatlarindan-telaslangan-semetdesler-meclis-ofisi-yaninda-toplastilar\\\/#breadcrumb\"},\"inLanguage\":\"qt\",\"potentialAction\":[{\"@type\":\"ReadAction\",\"target\":[\"https:\\\/\\\/qtmm.org\\\/qt\\\/qirimli-siyasetcilernin-qirimni-ukrainadan-ayirmaq-tahmini-aqqindaki-fesatci-beyanatlarindan-telaslangan-semetdesler-meclis-ofisi-yaninda-toplastilar\\\/\"]}]},{\"@type\":\"ImageObject\",\"inLanguage\":\"qt\",\"@id\":\"https:\\\/\\\/qtmm.org\\\/qt\\\/qirimli-siyasetcilernin-qirimni-ukrainadan-ayirmaq-tahmini-aqqindaki-fesatci-beyanatlarindan-telaslangan-semetdesler-meclis-ofisi-yaninda-toplastilar\\\/#primaryimage\",\"url\":\"https:\\\/\\\/qtmm.org\\\/wp-content\\\/uploads\\\/2022\\\/01\\\/img_7665.jpeg\",\"contentUrl\":\"https:\\\/\\\/qtmm.org\\\/wp-content\\\/uploads\\\/2022\\\/01\\\/img_7665.jpeg\",\"width\":650,\"height\":399},{\"@type\":\"BreadcrumbList\",\"@id\":\"https:\\\/\\\/qtmm.org\\\/qt\\\/qirimli-siyasetcilernin-qirimni-ukrainadan-ayirmaq-tahmini-aqqindaki-fesatci-beyanatlarindan-telaslangan-semetdesler-meclis-ofisi-yaninda-toplastilar\\\/#breadcrumb\",\"itemListElement\":[{\"@type\":\"ListItem\",\"position\":1,\"name\":\"\u0413\u043e\u043b\u043e\u0432\u043d\u0430\",\"item\":\"https:\\\/\\\/qtmm.org\\\/qt\\\/\"},{\"@type\":\"ListItem\",\"position\":2,\"name\":\"Q\u0131r\u0131ml\u0131 siyaset\u00e7ilerni\u00f1 Q\u0131r\u0131mn\u0131 Ukrainadan ay\u0131rmaq tahmini aqq\u0131ndaki fesat\u00e7\u0131 beyanatlar\u0131ndan tel\u00e2\u015flan\u011fan semetde\u015fler Meclis ofisi yan\u0131nda topla\u015ft\u0131lar\"}]},{\"@type\":\"WebSite\",\"@id\":\"https:\\\/\\\/qtmm.org\\\/qt\\\/#website\",\"url\":\"https:\\\/\\\/qtmm.org\\\/qt\\\/\",\"name\":\"\u041c\u0435\u0434\u0436\u043b\u0456\u0441\",\"description\":\"\",\"publisher\":{\"@id\":\"https:\\\/\\\/qtmm.org\\\/qt\\\/#organization\"},\"potentialAction\":[{\"@type\":\"SearchAction\",\"target\":{\"@type\":\"EntryPoint\",\"urlTemplate\":\"https:\\\/\\\/qtmm.org\\\/qt\\\/?s={search_term_string}\"},\"query-input\":{\"@type\":\"PropertyValueSpecification\",\"valueRequired\":true,\"valueName\":\"search_term_string\"}}],\"inLanguage\":\"qt\"},{\"@type\":\"Organization\",\"@id\":\"https:\\\/\\\/qtmm.org\\\/qt\\\/#organization\",\"name\":\"\u041c\u0435\u0434\u0436\u043b\u0456\u0441\",\"url\":\"https:\\\/\\\/qtmm.org\\\/qt\\\/\",\"logo\":{\"@type\":\"ImageObject\",\"inLanguage\":\"qt\",\"@id\":\"https:\\\/\\\/qtmm.org\\\/qt\\\/#\\\/schema\\\/logo\\\/image\\\/\",\"url\":\"https:\\\/\\\/qtmm.org\\\/wp-content\\\/uploads\\\/2024\\\/12\\\/ua-mejlis-logo-rgb.svg\",\"contentUrl\":\"https:\\\/\\\/qtmm.org\\\/wp-content\\\/uploads\\\/2024\\\/12\\\/ua-mejlis-logo-rgb.svg\",\"caption\":\"\u041c\u0435\u0434\u0436\u043b\u0456\u0441\"},\"image\":{\"@id\":\"https:\\\/\\\/qtmm.org\\\/qt\\\/#\\\/schema\\\/logo\\\/image\\\/\"},\"sameAs\":[\"https:\\\/\\\/www.facebook.com\\\/qtmm.info\\\/\"]},{\"@type\":\"Person\",\"@id\":\"https:\\\/\\\/qtmm.org\\\/qt\\\/#\\\/schema\\\/person\\\/de562469f971dec226ac06e60bbf74a7\",\"name\":\"Developer\",\"image\":{\"@type\":\"ImageObject\",\"inLanguage\":\"qt\",\"@id\":\"https:\\\/\\\/secure.gravatar.com\\\/avatar\\\/392b4cc8fbfeb00b39dfeeab4ee6edded39ffd48e25858637e4765810300227e?s=96&d=mm&r=g\",\"url\":\"https:\\\/\\\/secure.gravatar.com\\\/avatar\\\/392b4cc8fbfeb00b39dfeeab4ee6edded39ffd48e25858637e4765810300227e?s=96&d=mm&r=g\",\"contentUrl\":\"https:\\\/\\\/secure.gravatar.com\\\/avatar\\\/392b4cc8fbfeb00b39dfeeab4ee6edded39ffd48e25858637e4765810300227e?s=96&d=mm&r=g\",\"caption\":\"Developer\"},\"url\":\"https:\\\/\\\/qtmm.org\\\/qt\\\/author\\\/Developer\\\/\"}]}<\/script>\n<!-- \/ Yoast SEO plugin. -->","yoast_head_json":{"title":"Q\u0131r\u0131ml\u0131 siyaset\u00e7ilerni\u00f1 Q\u0131r\u0131mn\u0131 Ukrainadan ay\u0131rmaq tahmini aqq\u0131ndaki fesat\u00e7\u0131 beyanatlar\u0131ndan tel\u00e2\u015flan\u011fan semetde\u015fler Meclis ofisi yan\u0131nda topla\u015ft\u0131lar - \u041c\u0435\u0434\u0436\u043b\u0456\u0441","robots":{"index":"index","follow":"follow","max-snippet":"max-snippet:-1","max-image-preview":"max-image-preview:large","max-video-preview":"max-video-preview:-1"},"canonical":"https:\/\/qtmm.org\/qt\/qirimli-siyasetcilernin-qirimni-ukrainadan-ayirmaq-tahmini-aqqindaki-fesatci-beyanatlarindan-telaslangan-semetdesler-meclis-ofisi-yaninda-toplastilar\/","og_locale":"en_US","og_type":"article","og_title":"Q\u0131r\u0131ml\u0131 siyaset\u00e7ilerni\u00f1 Q\u0131r\u0131mn\u0131 Ukrainadan ay\u0131rmaq tahmini aqq\u0131ndaki fesat\u00e7\u0131 beyanatlar\u0131ndan tel\u00e2\u015flan\u011fan semetde\u015fler Meclis ofisi yan\u0131nda topla\u015ft\u0131lar - \u041c\u0435\u0434\u0436\u043b\u0456\u0441","og_description":"2014 senesi fevral 21-ni\u00f1 sabas\u0131ndan Q\u0131r\u0131mtatar halq\u0131 Meclisini\u00f1 \u015emidt soqa\u011f\u0131, 2-nci evde yerle\u015fken merkeziy ofisi yan\u0131nda Q\u0131r\u0131mn\u0131\u00f1 Aqmescit, Ba\u011f\u00e7asaray, Saq, Qarasuvbazar ve diger rayonlar\u0131ndan Q\u0131r\u0131m parlamentini\u00f1 reisi V. Konstantinovn\u0131\u00f1 Q\u0131r\u0131mn\u0131 Ukrainadan ay\u0131rmaq tahmini aqq\u0131ndaki fesat\u00e7\u0131 beyanatlar\u0131ndan tel\u00e2\u015flan\u011fan semetde\u015fler topla\u015ft\u0131lar. Meclis reisi Refat \u00c7ubarov toplan\u011fanlarn\u0131\u00f1 qar\u015f\u0131s\u0131na \u00e7\u0131q\u0131p, Q\u0131r\u0131mdaki vaziyetke operativ seslengenleri i\u00e7\u00fcn te\u015fekk\u00fcr bildirdi. &#8220;Bug\u00fcn Mecliske [&hellip;]","og_url":"https:\/\/qtmm.org\/qt\/qirimli-siyasetcilernin-qirimni-ukrainadan-ayirmaq-tahmini-aqqindaki-fesatci-beyanatlarindan-telaslangan-semetdesler-meclis-ofisi-yaninda-toplastilar\/","og_site_name":"\u041c\u0435\u0434\u0436\u043b\u0456\u0441","article_publisher":"https:\/\/www.facebook.com\/qtmm.info\/","article_published_time":"2014-02-21T15:43:00+00:00","article_modified_time":"2022-01-27T15:44:55+00:00","og_image":[{"width":650,"height":399,"url":"https:\/\/qtmm.org\/wp-content\/uploads\/2022\/01\/img_7665.jpeg","type":"image\/jpeg"}],"author":"Developer","twitter_card":"summary_large_image","twitter_misc":{"Written by":"Developer","Est. reading time":"2 minutes"},"schema":{"@context":"https:\/\/schema.org","@graph":[{"@type":"Article","@id":"https:\/\/qtmm.org\/qt\/qirimli-siyasetcilernin-qirimni-ukrainadan-ayirmaq-tahmini-aqqindaki-fesatci-beyanatlarindan-telaslangan-semetdesler-meclis-ofisi-yaninda-toplastilar\/#article","isPartOf":{"@id":"https:\/\/qtmm.org\/qt\/qirimli-siyasetcilernin-qirimni-ukrainadan-ayirmaq-tahmini-aqqindaki-fesatci-beyanatlarindan-telaslangan-semetdesler-meclis-ofisi-yaninda-toplastilar\/"},"author":{"name":"Developer","@id":"https:\/\/qtmm.org\/qt\/#\/schema\/person\/de562469f971dec226ac06e60bbf74a7"},"headline":"Q\u0131r\u0131ml\u0131 siyaset\u00e7ilerni\u00f1 Q\u0131r\u0131mn\u0131 Ukrainadan ay\u0131rmaq tahmini aqq\u0131ndaki fesat\u00e7\u0131 beyanatlar\u0131ndan tel\u00e2\u015flan\u011fan semetde\u015fler Meclis ofisi yan\u0131nda topla\u015ft\u0131lar","datePublished":"2014-02-21T15:43:00+00:00","dateModified":"2022-01-27T15:44:55+00:00","mainEntityOfPage":{"@id":"https:\/\/qtmm.org\/qt\/qirimli-siyasetcilernin-qirimni-ukrainadan-ayirmaq-tahmini-aqqindaki-fesatci-beyanatlarindan-telaslangan-semetdesler-meclis-ofisi-yaninda-toplastilar\/"},"wordCount":433,"commentCount":0,"publisher":{"@id":"https:\/\/qtmm.org\/qt\/#organization"},"image":{"@id":"https:\/\/qtmm.org\/qt\/qirimli-siyasetcilernin-qirimni-ukrainadan-ayirmaq-tahmini-aqqindaki-fesatci-beyanatlarindan-telaslangan-semetdesler-meclis-ofisi-yaninda-toplastilar\/#primaryimage"},"thumbnailUrl":"https:\/\/qtmm.org\/wp-content\/uploads\/2022\/01\/img_7665.jpeg","articleSection":["Haberler"],"inLanguage":"qt","potentialAction":[{"@type":"CommentAction","name":"Comment","target":["https:\/\/qtmm.org\/qt\/qirimli-siyasetcilernin-qirimni-ukrainadan-ayirmaq-tahmini-aqqindaki-fesatci-beyanatlarindan-telaslangan-semetdesler-meclis-ofisi-yaninda-toplastilar\/#respond"]}]},{"@type":"WebPage","@id":"https:\/\/qtmm.org\/qt\/qirimli-siyasetcilernin-qirimni-ukrainadan-ayirmaq-tahmini-aqqindaki-fesatci-beyanatlarindan-telaslangan-semetdesler-meclis-ofisi-yaninda-toplastilar\/","url":"https:\/\/qtmm.org\/qt\/qirimli-siyasetcilernin-qirimni-ukrainadan-ayirmaq-tahmini-aqqindaki-fesatci-beyanatlarindan-telaslangan-semetdesler-meclis-ofisi-yaninda-toplastilar\/","name":"Q\u0131r\u0131ml\u0131 siyaset\u00e7ilerni\u00f1 Q\u0131r\u0131mn\u0131 Ukrainadan ay\u0131rmaq tahmini aqq\u0131ndaki fesat\u00e7\u0131 beyanatlar\u0131ndan tel\u00e2\u015flan\u011fan semetde\u015fler Meclis ofisi yan\u0131nda topla\u015ft\u0131lar - \u041c\u0435\u0434\u0436\u043b\u0456\u0441","isPartOf":{"@id":"https:\/\/qtmm.org\/qt\/#website"},"primaryImageOfPage":{"@id":"https:\/\/qtmm.org\/qt\/qirimli-siyasetcilernin-qirimni-ukrainadan-ayirmaq-tahmini-aqqindaki-fesatci-beyanatlarindan-telaslangan-semetdesler-meclis-ofisi-yaninda-toplastilar\/#primaryimage"},"image":{"@id":"https:\/\/qtmm.org\/qt\/qirimli-siyasetcilernin-qirimni-ukrainadan-ayirmaq-tahmini-aqqindaki-fesatci-beyanatlarindan-telaslangan-semetdesler-meclis-ofisi-yaninda-toplastilar\/#primaryimage"},"thumbnailUrl":"https:\/\/qtmm.org\/wp-content\/uploads\/2022\/01\/img_7665.jpeg","datePublished":"2014-02-21T15:43:00+00:00","dateModified":"2022-01-27T15:44:55+00:00","breadcrumb":{"@id":"https:\/\/qtmm.org\/qt\/qirimli-siyasetcilernin-qirimni-ukrainadan-ayirmaq-tahmini-aqqindaki-fesatci-beyanatlarindan-telaslangan-semetdesler-meclis-ofisi-yaninda-toplastilar\/#breadcrumb"},"inLanguage":"qt","potentialAction":[{"@type":"ReadAction","target":["https:\/\/qtmm.org\/qt\/qirimli-siyasetcilernin-qirimni-ukrainadan-ayirmaq-tahmini-aqqindaki-fesatci-beyanatlarindan-telaslangan-semetdesler-meclis-ofisi-yaninda-toplastilar\/"]}]},{"@type":"ImageObject","inLanguage":"qt","@id":"https:\/\/qtmm.org\/qt\/qirimli-siyasetcilernin-qirimni-ukrainadan-ayirmaq-tahmini-aqqindaki-fesatci-beyanatlarindan-telaslangan-semetdesler-meclis-ofisi-yaninda-toplastilar\/#primaryimage","url":"https:\/\/qtmm.org\/wp-content\/uploads\/2022\/01\/img_7665.jpeg","contentUrl":"https:\/\/qtmm.org\/wp-content\/uploads\/2022\/01\/img_7665.jpeg","width":650,"height":399},{"@type":"BreadcrumbList","@id":"https:\/\/qtmm.org\/qt\/qirimli-siyasetcilernin-qirimni-ukrainadan-ayirmaq-tahmini-aqqindaki-fesatci-beyanatlarindan-telaslangan-semetdesler-meclis-ofisi-yaninda-toplastilar\/#breadcrumb","itemListElement":[{"@type":"ListItem","position":1,"name":"\u0413\u043e\u043b\u043e\u0432\u043d\u0430","item":"https:\/\/qtmm.org\/qt\/"},{"@type":"ListItem","position":2,"name":"Q\u0131r\u0131ml\u0131 siyaset\u00e7ilerni\u00f1 Q\u0131r\u0131mn\u0131 Ukrainadan ay\u0131rmaq tahmini aqq\u0131ndaki fesat\u00e7\u0131 beyanatlar\u0131ndan tel\u00e2\u015flan\u011fan semetde\u015fler Meclis ofisi yan\u0131nda topla\u015ft\u0131lar"}]},{"@type":"WebSite","@id":"https:\/\/qtmm.org\/qt\/#website","url":"https:\/\/qtmm.org\/qt\/","name":"\u041c\u0435\u0434\u0436\u043b\u0456\u0441","description":"","publisher":{"@id":"https:\/\/qtmm.org\/qt\/#organization"},"potentialAction":[{"@type":"SearchAction","target":{"@type":"EntryPoint","urlTemplate":"https:\/\/qtmm.org\/qt\/?s={search_term_string}"},"query-input":{"@type":"PropertyValueSpecification","valueRequired":true,"valueName":"search_term_string"}}],"inLanguage":"qt"},{"@type":"Organization","@id":"https:\/\/qtmm.org\/qt\/#organization","name":"\u041c\u0435\u0434\u0436\u043b\u0456\u0441","url":"https:\/\/qtmm.org\/qt\/","logo":{"@type":"ImageObject","inLanguage":"qt","@id":"https:\/\/qtmm.org\/qt\/#\/schema\/logo\/image\/","url":"https:\/\/qtmm.org\/wp-content\/uploads\/2024\/12\/ua-mejlis-logo-rgb.svg","contentUrl":"https:\/\/qtmm.org\/wp-content\/uploads\/2024\/12\/ua-mejlis-logo-rgb.svg","caption":"\u041c\u0435\u0434\u0436\u043b\u0456\u0441"},"image":{"@id":"https:\/\/qtmm.org\/qt\/#\/schema\/logo\/image\/"},"sameAs":["https:\/\/www.facebook.com\/qtmm.info\/"]},{"@type":"Person","@id":"https:\/\/qtmm.org\/qt\/#\/schema\/person\/de562469f971dec226ac06e60bbf74a7","name":"Developer","image":{"@type":"ImageObject","inLanguage":"qt","@id":"https:\/\/secure.gravatar.com\/avatar\/392b4cc8fbfeb00b39dfeeab4ee6edded39ffd48e25858637e4765810300227e?s=96&d=mm&r=g","url":"https:\/\/secure.gravatar.com\/avatar\/392b4cc8fbfeb00b39dfeeab4ee6edded39ffd48e25858637e4765810300227e?s=96&d=mm&r=g","contentUrl":"https:\/\/secure.gravatar.com\/avatar\/392b4cc8fbfeb00b39dfeeab4ee6edded39ffd48e25858637e4765810300227e?s=96&d=mm&r=g","caption":"Developer"},"url":"https:\/\/qtmm.org\/qt\/author\/Developer\/"}]}},"_links":{"self":[{"href":"https:\/\/qtmm.org\/qt\/wp-json\/wp\/v2\/posts\/43555","targetHints":{"allow":["GET"]}}],"collection":[{"href":"https:\/\/qtmm.org\/qt\/wp-json\/wp\/v2\/posts"}],"about":[{"href":"https:\/\/qtmm.org\/qt\/wp-json\/wp\/v2\/types\/post"}],"author":[{"embeddable":true,"href":"https:\/\/qtmm.org\/qt\/wp-json\/wp\/v2\/users\/1"}],"replies":[{"embeddable":true,"href":"https:\/\/qtmm.org\/qt\/wp-json\/wp\/v2\/comments?post=43555"}],"version-history":[{"count":1,"href":"https:\/\/qtmm.org\/qt\/wp-json\/wp\/v2\/posts\/43555\/revisions"}],"predecessor-version":[{"id":43568,"href":"https:\/\/qtmm.org\/qt\/wp-json\/wp\/v2\/posts\/43555\/revisions\/43568"}],"wp:featuredmedia":[{"embeddable":true,"href":"https:\/\/qtmm.org\/qt\/wp-json\/wp\/v2\/media\/43556"}],"wp:attachment":[{"href":"https:\/\/qtmm.org\/qt\/wp-json\/wp\/v2\/media?parent=43555"}],"wp:term":[{"taxonomy":"category","embeddable":true,"href":"https:\/\/qtmm.org\/qt\/wp-json\/wp\/v2\/categories?post=43555"},{"taxonomy":"post_tag","embeddable":true,"href":"https:\/\/qtmm.org\/qt\/wp-json\/wp\/v2\/tags?post=43555"}],"curies":[{"name":"wp","href":"https:\/\/api.w.org\/{rel}","templated":true}]}}