




{"id":43553,"date":"2014-02-21T18:43:00","date_gmt":"2014-02-21T15:43:00","guid":{"rendered":"http:\/\/qtmm.org\/?p=43553"},"modified":"2022-01-27T18:43:36","modified_gmt":"2022-01-27T15:43:36","slug":"refat-cubarov-qirim-yuqari-surasinin-anayasaga-zit-ve-cinaiy-qararlari-icun-ukraina-regionlar-partiyasi-qirim-teskilatinin-basi-anatoliy-mogilev-da-cevap-berecek","status":"publish","type":"post","link":"https:\/\/qtmm.org\/qt\/refat-cubarov-qirim-yuqari-surasinin-anayasaga-zit-ve-cinaiy-qararlari-icun-ukraina-regionlar-partiyasi-qirim-teskilatinin-basi-anatoliy-mogilev-da-cevap-berecek\/","title":{"rendered":"Refat \u00c7ubarov: Q\u0131r\u0131m Yuqar\u0131 \u015euras\u0131n\u0131\u00f1 Anayasa\u011fa z\u0131t ve cinaiy qararlar\u0131 i\u00e7\u00fcn Ukraina Regionlar partiyas\u0131 Q\u0131r\u0131m te\u015fkil\u00e2t\u0131n\u0131\u00f1 ba\u015f\u0131 Anatoliy Mogilev da cevap berecek"},"content":{"rendered":"\n<p>Meclis reisi Refat \u00c7ubarov, bug\u00fcn fevral 21 k\u00fcn\u00fc Q\u0131r\u0131m Yuqar\u0131 \u015euras\u0131 deputatlar\u0131n\u0131\u00f1 \u00e7oqlu\u011f\u0131 Q\u0131r\u0131mn\u0131 Ukrainadan ay\u0131rmaq qarar\u0131na, bun\u0131\u00f1 kibi de Rusiyege er angi muracaatlar\u011fa qoltutsalar, \u015fimdi Kiyevde bulun\u011fan Q\u0131r\u0131m ba\u015f naziri Anatoliy Mogil\u00f6v da Ukraina Regionlar partiyas\u0131 Q\u0131r\u0131m te\u015fkil\u00e2t\u0131n\u0131\u00f1 ba\u015f\u0131 s\u0131fat\u0131nda mes\u00fclietlidir, dep saya. Bu aqta o, fevral 21 k\u00fcn\u00fc&nbsp;<a href=\"https:\/\/www.facebook.com\/dogrujol?fref=tswww.facebook.com\/dogrujol?fref=ts\" target=\"_blank\" rel=\"noreferrer noopener\">Facebookta&nbsp;<\/a>\u00f6z saifesinde yazd\u0131<\/p>\n\n\n\n<p>Hat\u0131rlatam\u0131z ki, fevral 20-de aq\u015fam Meclis reisi Facebookta yaz\u011fan haberine k\u00f6re, o\u00f1a saat 22.42-de \u00e7a\u00f1 qaqqan, &#8220;Qurultay-Ruh&#8221; fraktsiyas\u0131n\u0131\u00f1 azas\u0131 Leonid Pilunskiy Q\u0131r\u0131m Yuqar\u0131 \u015euras\u0131ndan telefon vastas\u0131nen fevral 21 k\u00fcn\u00fc saat 12.00-de nevbetten t\u0131\u015f sessiya ke\u00e7irilecegini bildirgenlerini ayta. Sessiyan\u0131\u00f1 k\u00fcn tertibi husus\u0131nda i\u00e7 bir \u015fey aytmay\u0131p, &#8220;kelse\u00f1iz, bilirsiz&#8221; degenler. Meclis reisi \u00f6z komissiyas\u0131n\u0131\u00f1 Yuqar\u0131 \u015eura k\u00e2tibiyetinden ker\u00e7ekten de sessiya fevral 21 k\u00fcn\u00fc saat 12-de olaca\u011f\u0131n\u0131 bile. Sessiyan\u0131\u00f1 k\u00fcn tertibinde &#8220;Ukrainada i\u00e7timaiy-siyasiy vaziyet aqq\u0131nda&#8221; mesele baq\u0131lacaq.<br>&#8220;Q\u0131r\u0131m Yuqar\u0131 \u015euras\u0131n\u0131\u00f1 reisi, s\u00f6z kelimi al\u00e2 daa Moskvada bulun\u011fan ve yar\u0131n saba kelecek, V. Konstantinovn\u0131\u00f1 bug\u00fcnki beyanatlar\u0131 esnas\u0131nda ve yaramay duy\u011fularnen Q\u0131r\u0131m parlamenti reisini\u00f1 muavini Grigoriy \u0130offege telefon a\u00e7t\u0131m, &#8211; dep yaza Refat \u00c7ubarov. \u2013 B\u00f6yle acele topla\u015fuvn\u0131\u00f1 sebebi nede, degen sualime G. \u0130offe: &#8220;Sen bilesi\u00f1mi, Kiyevden evlerine qaytayatqan 6 q\u0131r\u0131ml\u0131n\u0131 \u00f6ld\u00fcrdiler?&#8221;, dep cevap berdi. &#8220;De\u015fet! Ya sessiyan\u0131\u00f1 ne keregi bar? Siz bu facia art\u0131na gizlenip, \u00e7oqtan ta\u015f\u0131d\u0131\u011f\u0131\u00f1\u0131z \u011fayeni ker\u00e7ekle\u015ftirmege \u2013 Rusiyeden &#8220;imdat&#8221; sorama\u011fa isteysi\u00f1izmi? Q\u0131r\u0131m Yuqar\u0131 \u015euras\u0131 al\u011fan bu qararn\u0131\u00f1 aqibetleri Q\u0131r\u0131m ve on\u0131\u00f1 sakinleri i\u00e7\u00fcn daa ziyade b\u00fcy\u00fck facian\u0131 a\u00e7arlar&#8221; dedim. Ekimiz de ba\u011f\u0131r\u0131p ba\u015flaym\u0131z\u2026 \u0130\u015fte, Q\u0131r\u0131m Yuqar\u0131 \u015euras\u0131n\u0131\u00f1 reisi V. Konstantinov ve on\u0131\u00f1 etraf\u0131ndakiler maqsadlar\u0131n\u0131 fa\u015f ettiler: yar\u0131n Q\u0131r\u0131mn\u0131 fel\u00e2ket i\u00e7ine b\u0131raqqan qararlar al\u0131nabilir&#8221;.<\/p>\n","protected":false},"excerpt":{"rendered":"<p>Meclis reisi Refat \u00c7ubarov, bug\u00fcn fevral 21 k\u00fcn\u00fc Q\u0131r\u0131m Yuqar\u0131 \u015euras\u0131 deputatlar\u0131n\u0131\u00f1 \u00e7oqlu\u011f\u0131 Q\u0131r\u0131mn\u0131 Ukrainadan ay\u0131rmaq qarar\u0131na, bun\u0131\u00f1 kibi de Rusiyege er angi muracaatlar\u011fa qoltutsalar, \u015fimdi Kiyevde bulun\u011fan Q\u0131r\u0131m ba\u015f naziri Anatoliy Mogil\u00f6v da Ukraina Regionlar partiyas\u0131 Q\u0131r\u0131m te\u015fkil\u00e2t\u0131n\u0131\u00f1 ba\u015f\u0131 s\u0131fat\u0131nda mes\u00fclietlidir, dep saya. Bu aqta o, fevral 21 k\u00fcn\u00fc&nbsp;Facebookta&nbsp;\u00f6z saifesinde yazd\u0131 Hat\u0131rlatam\u0131z ki, fevral [&hellip;]<\/p>\n","protected":false},"author":1,"featured_media":0,"comment_status":"open","ping_status":"open","sticky":false,"template":"","format":"standard","meta":{"inline_featured_image":false,"footnotes":""},"categories":[265],"tags":[],"class_list":["post-43553","post","type-post","status-publish","format-standard","hentry","category-haberler"],"acf":[],"yoast_head":"<!-- This site is optimized with the Yoast SEO plugin v27.4 - https:\/\/yoast.com\/product\/yoast-seo-wordpress\/ -->\n<title>Refat \u00c7ubarov: Q\u0131r\u0131m Yuqar\u0131 \u015euras\u0131n\u0131\u00f1 Anayasa\u011fa z\u0131t ve cinaiy qararlar\u0131 i\u00e7\u00fcn Ukraina Regionlar partiyas\u0131 Q\u0131r\u0131m te\u015fkil\u00e2t\u0131n\u0131\u00f1 ba\u015f\u0131 Anatoliy Mogilev da cevap berecek - \u041c\u0435\u0434\u0436\u043b\u0456\u0441<\/title>\n<meta name=\"robots\" content=\"index, follow, max-snippet:-1, max-image-preview:large, max-video-preview:-1\" \/>\n<link rel=\"canonical\" href=\"https:\/\/qtmm.org\/qt\/refat-cubarov-qirim-yuqari-surasinin-anayasaga-zit-ve-cinaiy-qararlari-icun-ukraina-regionlar-partiyasi-qirim-teskilatinin-basi-anatoliy-mogilev-da-cevap-berecek\/\" \/>\n<meta property=\"og:locale\" content=\"en_US\" \/>\n<meta property=\"og:type\" content=\"article\" \/>\n<meta property=\"og:title\" content=\"Refat \u00c7ubarov: Q\u0131r\u0131m Yuqar\u0131 \u015euras\u0131n\u0131\u00f1 Anayasa\u011fa z\u0131t ve cinaiy qararlar\u0131 i\u00e7\u00fcn Ukraina Regionlar partiyas\u0131 Q\u0131r\u0131m te\u015fkil\u00e2t\u0131n\u0131\u00f1 ba\u015f\u0131 Anatoliy Mogilev da cevap berecek - \u041c\u0435\u0434\u0436\u043b\u0456\u0441\" \/>\n<meta property=\"og:description\" content=\"Meclis reisi Refat \u00c7ubarov, bug\u00fcn fevral 21 k\u00fcn\u00fc Q\u0131r\u0131m Yuqar\u0131 \u015euras\u0131 deputatlar\u0131n\u0131\u00f1 \u00e7oqlu\u011f\u0131 Q\u0131r\u0131mn\u0131 Ukrainadan ay\u0131rmaq qarar\u0131na, bun\u0131\u00f1 kibi de Rusiyege er angi muracaatlar\u011fa qoltutsalar, \u015fimdi Kiyevde bulun\u011fan Q\u0131r\u0131m ba\u015f naziri Anatoliy Mogil\u00f6v da Ukraina Regionlar partiyas\u0131 Q\u0131r\u0131m te\u015fkil\u00e2t\u0131n\u0131\u00f1 ba\u015f\u0131 s\u0131fat\u0131nda mes\u00fclietlidir, dep saya. Bu aqta o, fevral 21 k\u00fcn\u00fc&nbsp;Facebookta&nbsp;\u00f6z saifesinde yazd\u0131 Hat\u0131rlatam\u0131z ki, fevral [&hellip;]\" \/>\n<meta property=\"og:url\" content=\"https:\/\/qtmm.org\/qt\/refat-cubarov-qirim-yuqari-surasinin-anayasaga-zit-ve-cinaiy-qararlari-icun-ukraina-regionlar-partiyasi-qirim-teskilatinin-basi-anatoliy-mogilev-da-cevap-berecek\/\" \/>\n<meta property=\"og:site_name\" content=\"\u041c\u0435\u0434\u0436\u043b\u0456\u0441\" \/>\n<meta property=\"article:publisher\" content=\"https:\/\/www.facebook.com\/qtmm.info\/\" \/>\n<meta property=\"article:published_time\" content=\"2014-02-21T15:43:00+00:00\" \/>\n<meta property=\"article:modified_time\" content=\"2022-01-27T15:43:36+00:00\" \/>\n<meta name=\"author\" content=\"Developer\" \/>\n<meta name=\"twitter:card\" content=\"summary_large_image\" \/>\n<meta name=\"twitter:label1\" content=\"Written by\" \/>\n\t<meta name=\"twitter:data1\" content=\"Developer\" \/>\n\t<meta name=\"twitter:label2\" content=\"Est. reading time\" \/>\n\t<meta name=\"twitter:data2\" content=\"2 minutes\" \/>\n<script type=\"application\/ld+json\" class=\"yoast-schema-graph\">{\"@context\":\"https:\\\/\\\/schema.org\",\"@graph\":[{\"@type\":\"Article\",\"@id\":\"https:\\\/\\\/qtmm.org\\\/qt\\\/refat-cubarov-qirim-yuqari-surasinin-anayasaga-zit-ve-cinaiy-qararlari-icun-ukraina-regionlar-partiyasi-qirim-teskilatinin-basi-anatoliy-mogilev-da-cevap-berecek\\\/#article\",\"isPartOf\":{\"@id\":\"https:\\\/\\\/qtmm.org\\\/qt\\\/refat-cubarov-qirim-yuqari-surasinin-anayasaga-zit-ve-cinaiy-qararlari-icun-ukraina-regionlar-partiyasi-qirim-teskilatinin-basi-anatoliy-mogilev-da-cevap-berecek\\\/\"},\"author\":{\"name\":\"Developer\",\"@id\":\"https:\\\/\\\/qtmm.org\\\/qt\\\/#\\\/schema\\\/person\\\/de562469f971dec226ac06e60bbf74a7\"},\"headline\":\"Refat \u00c7ubarov: Q\u0131r\u0131m Yuqar\u0131 \u015euras\u0131n\u0131\u00f1 Anayasa\u011fa z\u0131t ve cinaiy qararlar\u0131 i\u00e7\u00fcn Ukraina Regionlar partiyas\u0131 Q\u0131r\u0131m te\u015fkil\u00e2t\u0131n\u0131\u00f1 ba\u015f\u0131 Anatoliy Mogilev da cevap berecek\",\"datePublished\":\"2014-02-21T15:43:00+00:00\",\"dateModified\":\"2022-01-27T15:43:36+00:00\",\"mainEntityOfPage\":{\"@id\":\"https:\\\/\\\/qtmm.org\\\/qt\\\/refat-cubarov-qirim-yuqari-surasinin-anayasaga-zit-ve-cinaiy-qararlari-icun-ukraina-regionlar-partiyasi-qirim-teskilatinin-basi-anatoliy-mogilev-da-cevap-berecek\\\/\"},\"wordCount\":376,\"commentCount\":0,\"publisher\":{\"@id\":\"https:\\\/\\\/qtmm.org\\\/qt\\\/#organization\"},\"articleSection\":[\"Haberler\"],\"inLanguage\":\"qt\",\"potentialAction\":[{\"@type\":\"CommentAction\",\"name\":\"Comment\",\"target\":[\"https:\\\/\\\/qtmm.org\\\/qt\\\/refat-cubarov-qirim-yuqari-surasinin-anayasaga-zit-ve-cinaiy-qararlari-icun-ukraina-regionlar-partiyasi-qirim-teskilatinin-basi-anatoliy-mogilev-da-cevap-berecek\\\/#respond\"]}]},{\"@type\":\"WebPage\",\"@id\":\"https:\\\/\\\/qtmm.org\\\/qt\\\/refat-cubarov-qirim-yuqari-surasinin-anayasaga-zit-ve-cinaiy-qararlari-icun-ukraina-regionlar-partiyasi-qirim-teskilatinin-basi-anatoliy-mogilev-da-cevap-berecek\\\/\",\"url\":\"https:\\\/\\\/qtmm.org\\\/qt\\\/refat-cubarov-qirim-yuqari-surasinin-anayasaga-zit-ve-cinaiy-qararlari-icun-ukraina-regionlar-partiyasi-qirim-teskilatinin-basi-anatoliy-mogilev-da-cevap-berecek\\\/\",\"name\":\"Refat \u00c7ubarov: Q\u0131r\u0131m Yuqar\u0131 \u015euras\u0131n\u0131\u00f1 Anayasa\u011fa z\u0131t ve cinaiy qararlar\u0131 i\u00e7\u00fcn Ukraina Regionlar partiyas\u0131 Q\u0131r\u0131m te\u015fkil\u00e2t\u0131n\u0131\u00f1 ba\u015f\u0131 Anatoliy Mogilev da cevap berecek - \u041c\u0435\u0434\u0436\u043b\u0456\u0441\",\"isPartOf\":{\"@id\":\"https:\\\/\\\/qtmm.org\\\/qt\\\/#website\"},\"datePublished\":\"2014-02-21T15:43:00+00:00\",\"dateModified\":\"2022-01-27T15:43:36+00:00\",\"breadcrumb\":{\"@id\":\"https:\\\/\\\/qtmm.org\\\/qt\\\/refat-cubarov-qirim-yuqari-surasinin-anayasaga-zit-ve-cinaiy-qararlari-icun-ukraina-regionlar-partiyasi-qirim-teskilatinin-basi-anatoliy-mogilev-da-cevap-berecek\\\/#breadcrumb\"},\"inLanguage\":\"qt\",\"potentialAction\":[{\"@type\":\"ReadAction\",\"target\":[\"https:\\\/\\\/qtmm.org\\\/qt\\\/refat-cubarov-qirim-yuqari-surasinin-anayasaga-zit-ve-cinaiy-qararlari-icun-ukraina-regionlar-partiyasi-qirim-teskilatinin-basi-anatoliy-mogilev-da-cevap-berecek\\\/\"]}]},{\"@type\":\"BreadcrumbList\",\"@id\":\"https:\\\/\\\/qtmm.org\\\/qt\\\/refat-cubarov-qirim-yuqari-surasinin-anayasaga-zit-ve-cinaiy-qararlari-icun-ukraina-regionlar-partiyasi-qirim-teskilatinin-basi-anatoliy-mogilev-da-cevap-berecek\\\/#breadcrumb\",\"itemListElement\":[{\"@type\":\"ListItem\",\"position\":1,\"name\":\"\u0413\u043e\u043b\u043e\u0432\u043d\u0430\",\"item\":\"https:\\\/\\\/qtmm.org\\\/qt\\\/\"},{\"@type\":\"ListItem\",\"position\":2,\"name\":\"Refat \u00c7ubarov: Q\u0131r\u0131m Yuqar\u0131 \u015euras\u0131n\u0131\u00f1 Anayasa\u011fa z\u0131t ve cinaiy qararlar\u0131 i\u00e7\u00fcn Ukraina Regionlar partiyas\u0131 Q\u0131r\u0131m te\u015fkil\u00e2t\u0131n\u0131\u00f1 ba\u015f\u0131 Anatoliy Mogilev da cevap berecek\"}]},{\"@type\":\"WebSite\",\"@id\":\"https:\\\/\\\/qtmm.org\\\/qt\\\/#website\",\"url\":\"https:\\\/\\\/qtmm.org\\\/qt\\\/\",\"name\":\"\u041c\u0435\u0434\u0436\u043b\u0456\u0441\",\"description\":\"\",\"publisher\":{\"@id\":\"https:\\\/\\\/qtmm.org\\\/qt\\\/#organization\"},\"potentialAction\":[{\"@type\":\"SearchAction\",\"target\":{\"@type\":\"EntryPoint\",\"urlTemplate\":\"https:\\\/\\\/qtmm.org\\\/qt\\\/?s={search_term_string}\"},\"query-input\":{\"@type\":\"PropertyValueSpecification\",\"valueRequired\":true,\"valueName\":\"search_term_string\"}}],\"inLanguage\":\"qt\"},{\"@type\":\"Organization\",\"@id\":\"https:\\\/\\\/qtmm.org\\\/qt\\\/#organization\",\"name\":\"\u041c\u0435\u0434\u0436\u043b\u0456\u0441\",\"url\":\"https:\\\/\\\/qtmm.org\\\/qt\\\/\",\"logo\":{\"@type\":\"ImageObject\",\"inLanguage\":\"qt\",\"@id\":\"https:\\\/\\\/qtmm.org\\\/qt\\\/#\\\/schema\\\/logo\\\/image\\\/\",\"url\":\"https:\\\/\\\/qtmm.org\\\/wp-content\\\/uploads\\\/2024\\\/12\\\/ua-mejlis-logo-rgb.svg\",\"contentUrl\":\"https:\\\/\\\/qtmm.org\\\/wp-content\\\/uploads\\\/2024\\\/12\\\/ua-mejlis-logo-rgb.svg\",\"caption\":\"\u041c\u0435\u0434\u0436\u043b\u0456\u0441\"},\"image\":{\"@id\":\"https:\\\/\\\/qtmm.org\\\/qt\\\/#\\\/schema\\\/logo\\\/image\\\/\"},\"sameAs\":[\"https:\\\/\\\/www.facebook.com\\\/qtmm.info\\\/\"]},{\"@type\":\"Person\",\"@id\":\"https:\\\/\\\/qtmm.org\\\/qt\\\/#\\\/schema\\\/person\\\/de562469f971dec226ac06e60bbf74a7\",\"name\":\"Developer\",\"image\":{\"@type\":\"ImageObject\",\"inLanguage\":\"qt\",\"@id\":\"https:\\\/\\\/secure.gravatar.com\\\/avatar\\\/392b4cc8fbfeb00b39dfeeab4ee6edded39ffd48e25858637e4765810300227e?s=96&d=mm&r=g\",\"url\":\"https:\\\/\\\/secure.gravatar.com\\\/avatar\\\/392b4cc8fbfeb00b39dfeeab4ee6edded39ffd48e25858637e4765810300227e?s=96&d=mm&r=g\",\"contentUrl\":\"https:\\\/\\\/secure.gravatar.com\\\/avatar\\\/392b4cc8fbfeb00b39dfeeab4ee6edded39ffd48e25858637e4765810300227e?s=96&d=mm&r=g\",\"caption\":\"Developer\"},\"url\":\"https:\\\/\\\/qtmm.org\\\/qt\\\/author\\\/Developer\\\/\"}]}<\/script>\n<!-- \/ Yoast SEO plugin. -->","yoast_head_json":{"title":"Refat \u00c7ubarov: Q\u0131r\u0131m Yuqar\u0131 \u015euras\u0131n\u0131\u00f1 Anayasa\u011fa z\u0131t ve cinaiy qararlar\u0131 i\u00e7\u00fcn Ukraina Regionlar partiyas\u0131 Q\u0131r\u0131m te\u015fkil\u00e2t\u0131n\u0131\u00f1 ba\u015f\u0131 Anatoliy Mogilev da cevap berecek - \u041c\u0435\u0434\u0436\u043b\u0456\u0441","robots":{"index":"index","follow":"follow","max-snippet":"max-snippet:-1","max-image-preview":"max-image-preview:large","max-video-preview":"max-video-preview:-1"},"canonical":"https:\/\/qtmm.org\/qt\/refat-cubarov-qirim-yuqari-surasinin-anayasaga-zit-ve-cinaiy-qararlari-icun-ukraina-regionlar-partiyasi-qirim-teskilatinin-basi-anatoliy-mogilev-da-cevap-berecek\/","og_locale":"en_US","og_type":"article","og_title":"Refat \u00c7ubarov: Q\u0131r\u0131m Yuqar\u0131 \u015euras\u0131n\u0131\u00f1 Anayasa\u011fa z\u0131t ve cinaiy qararlar\u0131 i\u00e7\u00fcn Ukraina Regionlar partiyas\u0131 Q\u0131r\u0131m te\u015fkil\u00e2t\u0131n\u0131\u00f1 ba\u015f\u0131 Anatoliy Mogilev da cevap berecek - \u041c\u0435\u0434\u0436\u043b\u0456\u0441","og_description":"Meclis reisi Refat \u00c7ubarov, bug\u00fcn fevral 21 k\u00fcn\u00fc Q\u0131r\u0131m Yuqar\u0131 \u015euras\u0131 deputatlar\u0131n\u0131\u00f1 \u00e7oqlu\u011f\u0131 Q\u0131r\u0131mn\u0131 Ukrainadan ay\u0131rmaq qarar\u0131na, bun\u0131\u00f1 kibi de Rusiyege er angi muracaatlar\u011fa qoltutsalar, \u015fimdi Kiyevde bulun\u011fan Q\u0131r\u0131m ba\u015f naziri Anatoliy Mogil\u00f6v da Ukraina Regionlar partiyas\u0131 Q\u0131r\u0131m te\u015fkil\u00e2t\u0131n\u0131\u00f1 ba\u015f\u0131 s\u0131fat\u0131nda mes\u00fclietlidir, dep saya. Bu aqta o, fevral 21 k\u00fcn\u00fc&nbsp;Facebookta&nbsp;\u00f6z saifesinde yazd\u0131 Hat\u0131rlatam\u0131z ki, fevral [&hellip;]","og_url":"https:\/\/qtmm.org\/qt\/refat-cubarov-qirim-yuqari-surasinin-anayasaga-zit-ve-cinaiy-qararlari-icun-ukraina-regionlar-partiyasi-qirim-teskilatinin-basi-anatoliy-mogilev-da-cevap-berecek\/","og_site_name":"\u041c\u0435\u0434\u0436\u043b\u0456\u0441","article_publisher":"https:\/\/www.facebook.com\/qtmm.info\/","article_published_time":"2014-02-21T15:43:00+00:00","article_modified_time":"2022-01-27T15:43:36+00:00","author":"Developer","twitter_card":"summary_large_image","twitter_misc":{"Written by":"Developer","Est. reading time":"2 minutes"},"schema":{"@context":"https:\/\/schema.org","@graph":[{"@type":"Article","@id":"https:\/\/qtmm.org\/qt\/refat-cubarov-qirim-yuqari-surasinin-anayasaga-zit-ve-cinaiy-qararlari-icun-ukraina-regionlar-partiyasi-qirim-teskilatinin-basi-anatoliy-mogilev-da-cevap-berecek\/#article","isPartOf":{"@id":"https:\/\/qtmm.org\/qt\/refat-cubarov-qirim-yuqari-surasinin-anayasaga-zit-ve-cinaiy-qararlari-icun-ukraina-regionlar-partiyasi-qirim-teskilatinin-basi-anatoliy-mogilev-da-cevap-berecek\/"},"author":{"name":"Developer","@id":"https:\/\/qtmm.org\/qt\/#\/schema\/person\/de562469f971dec226ac06e60bbf74a7"},"headline":"Refat \u00c7ubarov: Q\u0131r\u0131m Yuqar\u0131 \u015euras\u0131n\u0131\u00f1 Anayasa\u011fa z\u0131t ve cinaiy qararlar\u0131 i\u00e7\u00fcn Ukraina Regionlar partiyas\u0131 Q\u0131r\u0131m te\u015fkil\u00e2t\u0131n\u0131\u00f1 ba\u015f\u0131 Anatoliy Mogilev da cevap berecek","datePublished":"2014-02-21T15:43:00+00:00","dateModified":"2022-01-27T15:43:36+00:00","mainEntityOfPage":{"@id":"https:\/\/qtmm.org\/qt\/refat-cubarov-qirim-yuqari-surasinin-anayasaga-zit-ve-cinaiy-qararlari-icun-ukraina-regionlar-partiyasi-qirim-teskilatinin-basi-anatoliy-mogilev-da-cevap-berecek\/"},"wordCount":376,"commentCount":0,"publisher":{"@id":"https:\/\/qtmm.org\/qt\/#organization"},"articleSection":["Haberler"],"inLanguage":"qt","potentialAction":[{"@type":"CommentAction","name":"Comment","target":["https:\/\/qtmm.org\/qt\/refat-cubarov-qirim-yuqari-surasinin-anayasaga-zit-ve-cinaiy-qararlari-icun-ukraina-regionlar-partiyasi-qirim-teskilatinin-basi-anatoliy-mogilev-da-cevap-berecek\/#respond"]}]},{"@type":"WebPage","@id":"https:\/\/qtmm.org\/qt\/refat-cubarov-qirim-yuqari-surasinin-anayasaga-zit-ve-cinaiy-qararlari-icun-ukraina-regionlar-partiyasi-qirim-teskilatinin-basi-anatoliy-mogilev-da-cevap-berecek\/","url":"https:\/\/qtmm.org\/qt\/refat-cubarov-qirim-yuqari-surasinin-anayasaga-zit-ve-cinaiy-qararlari-icun-ukraina-regionlar-partiyasi-qirim-teskilatinin-basi-anatoliy-mogilev-da-cevap-berecek\/","name":"Refat \u00c7ubarov: Q\u0131r\u0131m Yuqar\u0131 \u015euras\u0131n\u0131\u00f1 Anayasa\u011fa z\u0131t ve cinaiy qararlar\u0131 i\u00e7\u00fcn Ukraina Regionlar partiyas\u0131 Q\u0131r\u0131m te\u015fkil\u00e2t\u0131n\u0131\u00f1 ba\u015f\u0131 Anatoliy Mogilev da cevap berecek - \u041c\u0435\u0434\u0436\u043b\u0456\u0441","isPartOf":{"@id":"https:\/\/qtmm.org\/qt\/#website"},"datePublished":"2014-02-21T15:43:00+00:00","dateModified":"2022-01-27T15:43:36+00:00","breadcrumb":{"@id":"https:\/\/qtmm.org\/qt\/refat-cubarov-qirim-yuqari-surasinin-anayasaga-zit-ve-cinaiy-qararlari-icun-ukraina-regionlar-partiyasi-qirim-teskilatinin-basi-anatoliy-mogilev-da-cevap-berecek\/#breadcrumb"},"inLanguage":"qt","potentialAction":[{"@type":"ReadAction","target":["https:\/\/qtmm.org\/qt\/refat-cubarov-qirim-yuqari-surasinin-anayasaga-zit-ve-cinaiy-qararlari-icun-ukraina-regionlar-partiyasi-qirim-teskilatinin-basi-anatoliy-mogilev-da-cevap-berecek\/"]}]},{"@type":"BreadcrumbList","@id":"https:\/\/qtmm.org\/qt\/refat-cubarov-qirim-yuqari-surasinin-anayasaga-zit-ve-cinaiy-qararlari-icun-ukraina-regionlar-partiyasi-qirim-teskilatinin-basi-anatoliy-mogilev-da-cevap-berecek\/#breadcrumb","itemListElement":[{"@type":"ListItem","position":1,"name":"\u0413\u043e\u043b\u043e\u0432\u043d\u0430","item":"https:\/\/qtmm.org\/qt\/"},{"@type":"ListItem","position":2,"name":"Refat \u00c7ubarov: Q\u0131r\u0131m Yuqar\u0131 \u015euras\u0131n\u0131\u00f1 Anayasa\u011fa z\u0131t ve cinaiy qararlar\u0131 i\u00e7\u00fcn Ukraina Regionlar partiyas\u0131 Q\u0131r\u0131m te\u015fkil\u00e2t\u0131n\u0131\u00f1 ba\u015f\u0131 Anatoliy Mogilev da cevap berecek"}]},{"@type":"WebSite","@id":"https:\/\/qtmm.org\/qt\/#website","url":"https:\/\/qtmm.org\/qt\/","name":"\u041c\u0435\u0434\u0436\u043b\u0456\u0441","description":"","publisher":{"@id":"https:\/\/qtmm.org\/qt\/#organization"},"potentialAction":[{"@type":"SearchAction","target":{"@type":"EntryPoint","urlTemplate":"https:\/\/qtmm.org\/qt\/?s={search_term_string}"},"query-input":{"@type":"PropertyValueSpecification","valueRequired":true,"valueName":"search_term_string"}}],"inLanguage":"qt"},{"@type":"Organization","@id":"https:\/\/qtmm.org\/qt\/#organization","name":"\u041c\u0435\u0434\u0436\u043b\u0456\u0441","url":"https:\/\/qtmm.org\/qt\/","logo":{"@type":"ImageObject","inLanguage":"qt","@id":"https:\/\/qtmm.org\/qt\/#\/schema\/logo\/image\/","url":"https:\/\/qtmm.org\/wp-content\/uploads\/2024\/12\/ua-mejlis-logo-rgb.svg","contentUrl":"https:\/\/qtmm.org\/wp-content\/uploads\/2024\/12\/ua-mejlis-logo-rgb.svg","caption":"\u041c\u0435\u0434\u0436\u043b\u0456\u0441"},"image":{"@id":"https:\/\/qtmm.org\/qt\/#\/schema\/logo\/image\/"},"sameAs":["https:\/\/www.facebook.com\/qtmm.info\/"]},{"@type":"Person","@id":"https:\/\/qtmm.org\/qt\/#\/schema\/person\/de562469f971dec226ac06e60bbf74a7","name":"Developer","image":{"@type":"ImageObject","inLanguage":"qt","@id":"https:\/\/secure.gravatar.com\/avatar\/392b4cc8fbfeb00b39dfeeab4ee6edded39ffd48e25858637e4765810300227e?s=96&d=mm&r=g","url":"https:\/\/secure.gravatar.com\/avatar\/392b4cc8fbfeb00b39dfeeab4ee6edded39ffd48e25858637e4765810300227e?s=96&d=mm&r=g","contentUrl":"https:\/\/secure.gravatar.com\/avatar\/392b4cc8fbfeb00b39dfeeab4ee6edded39ffd48e25858637e4765810300227e?s=96&d=mm&r=g","caption":"Developer"},"url":"https:\/\/qtmm.org\/qt\/author\/Developer\/"}]}},"_links":{"self":[{"href":"https:\/\/qtmm.org\/qt\/wp-json\/wp\/v2\/posts\/43553","targetHints":{"allow":["GET"]}}],"collection":[{"href":"https:\/\/qtmm.org\/qt\/wp-json\/wp\/v2\/posts"}],"about":[{"href":"https:\/\/qtmm.org\/qt\/wp-json\/wp\/v2\/types\/post"}],"author":[{"embeddable":true,"href":"https:\/\/qtmm.org\/qt\/wp-json\/wp\/v2\/users\/1"}],"replies":[{"embeddable":true,"href":"https:\/\/qtmm.org\/qt\/wp-json\/wp\/v2\/comments?post=43553"}],"version-history":[{"count":1,"href":"https:\/\/qtmm.org\/qt\/wp-json\/wp\/v2\/posts\/43553\/revisions"}],"predecessor-version":[{"id":43554,"href":"https:\/\/qtmm.org\/qt\/wp-json\/wp\/v2\/posts\/43553\/revisions\/43554"}],"wp:attachment":[{"href":"https:\/\/qtmm.org\/qt\/wp-json\/wp\/v2\/media?parent=43553"}],"wp:term":[{"taxonomy":"category","embeddable":true,"href":"https:\/\/qtmm.org\/qt\/wp-json\/wp\/v2\/categories?post=43553"},{"taxonomy":"post_tag","embeddable":true,"href":"https:\/\/qtmm.org\/qt\/wp-json\/wp\/v2\/tags?post=43553"}],"curies":[{"name":"wp","href":"https:\/\/api.w.org\/{rel}","templated":true}]}}