




{"id":43551,"date":"2014-02-20T18:42:00","date_gmt":"2014-02-20T15:42:00","guid":{"rendered":"http:\/\/qtmm.org\/?p=43551"},"modified":"2022-01-27T18:43:00","modified_gmt":"2022-01-27T15:43:00","slug":"meclis-reisi-refat-cubarov-v-konstantinov-oz-tusuncelerinen-rusiye-kuc-qurumlarini-qirim-vaziyetine-qarismaga-cagirdi-dep-saya","status":"publish","type":"post","link":"https:\/\/qtmm.org\/qt\/meclis-reisi-refat-cubarov-v-konstantinov-oz-tusuncelerinen-rusiye-kuc-qurumlarini-qirim-vaziyetine-qarismaga-cagirdi-dep-saya\/","title":{"rendered":"Meclis reisi Refat \u00c7ubarov V. Konstantinov \u00f6z t\u00fc\u015f\u00fcncelerinen Rusiye k\u00fc\u00e7 qurumlar\u0131n\u0131 Q\u0131r\u0131m vaziyetine qar\u0131\u015fma\u011fa \u00e7a\u011f\u0131rd\u0131, dep saya"},"content":{"rendered":"\n<p>&#8220;Devletimizde neler ol\u011fan\u0131ndan qatiy nazar \u2013 bu bizim memleketimiz, bu Ukrainad\u0131r!! \u015eun\u0131\u00f1 i\u00e7\u00fcn de, b\u00f6yle bir tel\u00e2\u015fl\u0131 vaq\u0131tta nas\u0131ld\u0131r regionlarn\u0131\u00f1 yolba\u015f\u00e7\u0131lar\u0131 eger Kiyevde biz begenmedigimiz akimiyet olacaq olsa, biz hudud\u0131m\u0131zn\u0131 Ukrainadan ay\u0131rmaq areketlerini yapma\u011fa az\u0131rm\u0131z, diye b\u00f6yleliknen bu insanlar Kiyevde atqan insanlar yapqan cinayet kibi cinayet i\u015fleyler, &#8211; dedi Meclis reisi Refat \u00c7ubarov\u00a0K\u00fctleviy matbuat vastalar\u0131na Q\u0131r\u0131m parlamentini\u00f1 ba\u015f\u0131 V. Konstantinovn\u0131\u00f1 Moskvada memlekette vaziyet kerginle\u015fkeni taqdirde Q\u0131r\u0131mn\u0131 Ukrainadan ay\u0131rmaq tahminine izaat berirken.<\/p>\n\n\n\n<p>Refat \u00c7ubarov emin ki, b\u00f6yle \u00e7\u0131q\u0131\u015flarn\u0131 yapqan insanlar m\u0131tlaqa cezalanmaq kerekler.<\/p>\n\n\n\n<p>&#8221; Q\u0131r\u0131m Yuqar\u0131 \u015euras\u0131n\u0131\u00f1 reisi olaraq V. Konstantinov Moskvada bulun\u011fanda b\u00f6yle beyanatnen \u00e7\u0131qmas\u0131n\u0131 men do\u011frudan-do\u011fru fesat, Rusiye k\u00fc\u00e7 qurumlar\u0131na &#8220;sessiya toplap siz bizlerden beklegen ve kendimiz de bun\u0131 istegen qararlarn\u0131 almam\u0131z i\u00e7\u00fcn bir \u015fey yap\u0131\u00f1\u0131z&#8221; degen kibi Q\u0131r\u0131m\u011fa \u00e7a\u011f\u0131ra, dep sayam, &#8211; qayd etti Meclis reisi.<\/p>\n\n\n\n<p>Refat \u00c7ubarov dedi ki, q\u0131r\u0131mtatarlar Konstantinov kibi siyaset\u00e7ilerni\u00f1 &#8220;beyanatlar\u0131&#8221;n\u0131\u00f1 ker\u00e7ekle\u015fmesine yol bermezler. &#8220;Memleket i\u00e7\u00fcn b\u00f6yle bir a\u011f\u0131r vaq\u0131tta bu siyasiy doland\u0131r\u0131c\u0131l\u0131qt\u0131r, &#8211; dep qayd etti Meclis reisi. \u2013 Q\u0131r\u0131mtatarlar bun\u0131 yapma\u011fa yol qoymazlar! Bu Q\u0131r\u0131mda ya\u015fa\u011fan er kesni\u00f1 ve bizim de topra\u011f\u0131m\u0131zd\u0131r. Bizim ba\u015fqa Vatan\u0131m\u0131z yoqt\u0131r. Biz birlikli devlette qal\u0131rm\u0131z, &#8220;Konstantinovlar&#8221; ise kelir ve keterler&#8221;.<\/p>\n\n\n\n<p>Meclis reisi Refat \u00c7ubarovn\u0131\u00f1 fikrince Ukrainada vaziyet yoluna mingen so\u00f1 Konstantinov cezalan\u0131r.<\/p>\n","protected":false},"excerpt":{"rendered":"<p>&#8220;Devletimizde neler ol\u011fan\u0131ndan qatiy nazar \u2013 bu bizim memleketimiz, bu Ukrainad\u0131r!! \u015eun\u0131\u00f1 i\u00e7\u00fcn de, b\u00f6yle bir tel\u00e2\u015fl\u0131 vaq\u0131tta nas\u0131ld\u0131r regionlarn\u0131\u00f1 yolba\u015f\u00e7\u0131lar\u0131 eger Kiyevde biz begenmedigimiz akimiyet olacaq olsa, biz hudud\u0131m\u0131zn\u0131 Ukrainadan ay\u0131rmaq areketlerini yapma\u011fa az\u0131rm\u0131z, diye b\u00f6yleliknen bu insanlar Kiyevde atqan insanlar yapqan cinayet kibi cinayet i\u015fleyler, &#8211; dedi Meclis reisi Refat \u00c7ubarov\u00a0K\u00fctleviy matbuat vastalar\u0131na [&hellip;]<\/p>\n","protected":false},"author":1,"featured_media":0,"comment_status":"open","ping_status":"open","sticky":false,"template":"","format":"standard","meta":{"inline_featured_image":false,"footnotes":""},"categories":[265],"tags":[],"class_list":["post-43551","post","type-post","status-publish","format-standard","hentry","category-haberler"],"acf":[],"yoast_head":"<!-- This site is optimized with the Yoast SEO plugin v27.4 - https:\/\/yoast.com\/product\/yoast-seo-wordpress\/ -->\n<title>Meclis reisi Refat \u00c7ubarov V. Konstantinov \u00f6z t\u00fc\u015f\u00fcncelerinen Rusiye k\u00fc\u00e7 qurumlar\u0131n\u0131 Q\u0131r\u0131m vaziyetine qar\u0131\u015fma\u011fa \u00e7a\u011f\u0131rd\u0131, dep saya - \u041c\u0435\u0434\u0436\u043b\u0456\u0441<\/title>\n<meta name=\"robots\" content=\"index, follow, max-snippet:-1, max-image-preview:large, max-video-preview:-1\" \/>\n<link rel=\"canonical\" href=\"https:\/\/qtmm.org\/qt\/meclis-reisi-refat-cubarov-v-konstantinov-oz-tusuncelerinen-rusiye-kuc-qurumlarini-qirim-vaziyetine-qarismaga-cagirdi-dep-saya\/\" \/>\n<meta property=\"og:locale\" content=\"en_US\" \/>\n<meta property=\"og:type\" content=\"article\" \/>\n<meta property=\"og:title\" content=\"Meclis reisi Refat \u00c7ubarov V. Konstantinov \u00f6z t\u00fc\u015f\u00fcncelerinen Rusiye k\u00fc\u00e7 qurumlar\u0131n\u0131 Q\u0131r\u0131m vaziyetine qar\u0131\u015fma\u011fa \u00e7a\u011f\u0131rd\u0131, dep saya - \u041c\u0435\u0434\u0436\u043b\u0456\u0441\" \/>\n<meta property=\"og:description\" content=\"&#8220;Devletimizde neler ol\u011fan\u0131ndan qatiy nazar \u2013 bu bizim memleketimiz, bu Ukrainad\u0131r!! \u015eun\u0131\u00f1 i\u00e7\u00fcn de, b\u00f6yle bir tel\u00e2\u015fl\u0131 vaq\u0131tta nas\u0131ld\u0131r regionlarn\u0131\u00f1 yolba\u015f\u00e7\u0131lar\u0131 eger Kiyevde biz begenmedigimiz akimiyet olacaq olsa, biz hudud\u0131m\u0131zn\u0131 Ukrainadan ay\u0131rmaq areketlerini yapma\u011fa az\u0131rm\u0131z, diye b\u00f6yleliknen bu insanlar Kiyevde atqan insanlar yapqan cinayet kibi cinayet i\u015fleyler, &#8211; dedi Meclis reisi Refat \u00c7ubarov\u00a0K\u00fctleviy matbuat vastalar\u0131na [&hellip;]\" \/>\n<meta property=\"og:url\" content=\"https:\/\/qtmm.org\/qt\/meclis-reisi-refat-cubarov-v-konstantinov-oz-tusuncelerinen-rusiye-kuc-qurumlarini-qirim-vaziyetine-qarismaga-cagirdi-dep-saya\/\" \/>\n<meta property=\"og:site_name\" content=\"\u041c\u0435\u0434\u0436\u043b\u0456\u0441\" \/>\n<meta property=\"article:publisher\" content=\"https:\/\/www.facebook.com\/qtmm.info\/\" \/>\n<meta property=\"article:published_time\" content=\"2014-02-20T15:42:00+00:00\" \/>\n<meta property=\"article:modified_time\" content=\"2022-01-27T15:43:00+00:00\" \/>\n<meta name=\"author\" content=\"Developer\" \/>\n<meta name=\"twitter:card\" content=\"summary_large_image\" \/>\n<meta name=\"twitter:label1\" content=\"Written by\" \/>\n\t<meta name=\"twitter:data1\" content=\"Developer\" \/>\n\t<meta name=\"twitter:label2\" content=\"Est. reading time\" \/>\n\t<meta name=\"twitter:data2\" content=\"1 minute\" \/>\n<script type=\"application\/ld+json\" class=\"yoast-schema-graph\">{\"@context\":\"https:\\\/\\\/schema.org\",\"@graph\":[{\"@type\":\"Article\",\"@id\":\"https:\\\/\\\/qtmm.org\\\/qt\\\/meclis-reisi-refat-cubarov-v-konstantinov-oz-tusuncelerinen-rusiye-kuc-qurumlarini-qirim-vaziyetine-qarismaga-cagirdi-dep-saya\\\/#article\",\"isPartOf\":{\"@id\":\"https:\\\/\\\/qtmm.org\\\/qt\\\/meclis-reisi-refat-cubarov-v-konstantinov-oz-tusuncelerinen-rusiye-kuc-qurumlarini-qirim-vaziyetine-qarismaga-cagirdi-dep-saya\\\/\"},\"author\":{\"name\":\"Developer\",\"@id\":\"https:\\\/\\\/qtmm.org\\\/qt\\\/#\\\/schema\\\/person\\\/de562469f971dec226ac06e60bbf74a7\"},\"headline\":\"Meclis reisi Refat \u00c7ubarov V. Konstantinov \u00f6z t\u00fc\u015f\u00fcncelerinen Rusiye k\u00fc\u00e7 qurumlar\u0131n\u0131 Q\u0131r\u0131m vaziyetine qar\u0131\u015fma\u011fa \u00e7a\u011f\u0131rd\u0131, dep saya\",\"datePublished\":\"2014-02-20T15:42:00+00:00\",\"dateModified\":\"2022-01-27T15:43:00+00:00\",\"mainEntityOfPage\":{\"@id\":\"https:\\\/\\\/qtmm.org\\\/qt\\\/meclis-reisi-refat-cubarov-v-konstantinov-oz-tusuncelerinen-rusiye-kuc-qurumlarini-qirim-vaziyetine-qarismaga-cagirdi-dep-saya\\\/\"},\"wordCount\":294,\"commentCount\":0,\"publisher\":{\"@id\":\"https:\\\/\\\/qtmm.org\\\/qt\\\/#organization\"},\"articleSection\":[\"Haberler\"],\"inLanguage\":\"qt\",\"potentialAction\":[{\"@type\":\"CommentAction\",\"name\":\"Comment\",\"target\":[\"https:\\\/\\\/qtmm.org\\\/qt\\\/meclis-reisi-refat-cubarov-v-konstantinov-oz-tusuncelerinen-rusiye-kuc-qurumlarini-qirim-vaziyetine-qarismaga-cagirdi-dep-saya\\\/#respond\"]}]},{\"@type\":\"WebPage\",\"@id\":\"https:\\\/\\\/qtmm.org\\\/qt\\\/meclis-reisi-refat-cubarov-v-konstantinov-oz-tusuncelerinen-rusiye-kuc-qurumlarini-qirim-vaziyetine-qarismaga-cagirdi-dep-saya\\\/\",\"url\":\"https:\\\/\\\/qtmm.org\\\/qt\\\/meclis-reisi-refat-cubarov-v-konstantinov-oz-tusuncelerinen-rusiye-kuc-qurumlarini-qirim-vaziyetine-qarismaga-cagirdi-dep-saya\\\/\",\"name\":\"Meclis reisi Refat \u00c7ubarov V. Konstantinov \u00f6z t\u00fc\u015f\u00fcncelerinen Rusiye k\u00fc\u00e7 qurumlar\u0131n\u0131 Q\u0131r\u0131m vaziyetine qar\u0131\u015fma\u011fa \u00e7a\u011f\u0131rd\u0131, dep saya - \u041c\u0435\u0434\u0436\u043b\u0456\u0441\",\"isPartOf\":{\"@id\":\"https:\\\/\\\/qtmm.org\\\/qt\\\/#website\"},\"datePublished\":\"2014-02-20T15:42:00+00:00\",\"dateModified\":\"2022-01-27T15:43:00+00:00\",\"breadcrumb\":{\"@id\":\"https:\\\/\\\/qtmm.org\\\/qt\\\/meclis-reisi-refat-cubarov-v-konstantinov-oz-tusuncelerinen-rusiye-kuc-qurumlarini-qirim-vaziyetine-qarismaga-cagirdi-dep-saya\\\/#breadcrumb\"},\"inLanguage\":\"qt\",\"potentialAction\":[{\"@type\":\"ReadAction\",\"target\":[\"https:\\\/\\\/qtmm.org\\\/qt\\\/meclis-reisi-refat-cubarov-v-konstantinov-oz-tusuncelerinen-rusiye-kuc-qurumlarini-qirim-vaziyetine-qarismaga-cagirdi-dep-saya\\\/\"]}]},{\"@type\":\"BreadcrumbList\",\"@id\":\"https:\\\/\\\/qtmm.org\\\/qt\\\/meclis-reisi-refat-cubarov-v-konstantinov-oz-tusuncelerinen-rusiye-kuc-qurumlarini-qirim-vaziyetine-qarismaga-cagirdi-dep-saya\\\/#breadcrumb\",\"itemListElement\":[{\"@type\":\"ListItem\",\"position\":1,\"name\":\"\u0413\u043e\u043b\u043e\u0432\u043d\u0430\",\"item\":\"https:\\\/\\\/qtmm.org\\\/qt\\\/\"},{\"@type\":\"ListItem\",\"position\":2,\"name\":\"Meclis reisi Refat \u00c7ubarov V. Konstantinov \u00f6z t\u00fc\u015f\u00fcncelerinen Rusiye k\u00fc\u00e7 qurumlar\u0131n\u0131 Q\u0131r\u0131m vaziyetine qar\u0131\u015fma\u011fa \u00e7a\u011f\u0131rd\u0131, dep saya\"}]},{\"@type\":\"WebSite\",\"@id\":\"https:\\\/\\\/qtmm.org\\\/qt\\\/#website\",\"url\":\"https:\\\/\\\/qtmm.org\\\/qt\\\/\",\"name\":\"\u041c\u0435\u0434\u0436\u043b\u0456\u0441\",\"description\":\"\",\"publisher\":{\"@id\":\"https:\\\/\\\/qtmm.org\\\/qt\\\/#organization\"},\"potentialAction\":[{\"@type\":\"SearchAction\",\"target\":{\"@type\":\"EntryPoint\",\"urlTemplate\":\"https:\\\/\\\/qtmm.org\\\/qt\\\/?s={search_term_string}\"},\"query-input\":{\"@type\":\"PropertyValueSpecification\",\"valueRequired\":true,\"valueName\":\"search_term_string\"}}],\"inLanguage\":\"qt\"},{\"@type\":\"Organization\",\"@id\":\"https:\\\/\\\/qtmm.org\\\/qt\\\/#organization\",\"name\":\"\u041c\u0435\u0434\u0436\u043b\u0456\u0441\",\"url\":\"https:\\\/\\\/qtmm.org\\\/qt\\\/\",\"logo\":{\"@type\":\"ImageObject\",\"inLanguage\":\"qt\",\"@id\":\"https:\\\/\\\/qtmm.org\\\/qt\\\/#\\\/schema\\\/logo\\\/image\\\/\",\"url\":\"https:\\\/\\\/qtmm.org\\\/wp-content\\\/uploads\\\/2024\\\/12\\\/ua-mejlis-logo-rgb.svg\",\"contentUrl\":\"https:\\\/\\\/qtmm.org\\\/wp-content\\\/uploads\\\/2024\\\/12\\\/ua-mejlis-logo-rgb.svg\",\"caption\":\"\u041c\u0435\u0434\u0436\u043b\u0456\u0441\"},\"image\":{\"@id\":\"https:\\\/\\\/qtmm.org\\\/qt\\\/#\\\/schema\\\/logo\\\/image\\\/\"},\"sameAs\":[\"https:\\\/\\\/www.facebook.com\\\/qtmm.info\\\/\"]},{\"@type\":\"Person\",\"@id\":\"https:\\\/\\\/qtmm.org\\\/qt\\\/#\\\/schema\\\/person\\\/de562469f971dec226ac06e60bbf74a7\",\"name\":\"Developer\",\"image\":{\"@type\":\"ImageObject\",\"inLanguage\":\"qt\",\"@id\":\"https:\\\/\\\/secure.gravatar.com\\\/avatar\\\/392b4cc8fbfeb00b39dfeeab4ee6edded39ffd48e25858637e4765810300227e?s=96&d=mm&r=g\",\"url\":\"https:\\\/\\\/secure.gravatar.com\\\/avatar\\\/392b4cc8fbfeb00b39dfeeab4ee6edded39ffd48e25858637e4765810300227e?s=96&d=mm&r=g\",\"contentUrl\":\"https:\\\/\\\/secure.gravatar.com\\\/avatar\\\/392b4cc8fbfeb00b39dfeeab4ee6edded39ffd48e25858637e4765810300227e?s=96&d=mm&r=g\",\"caption\":\"Developer\"},\"url\":\"https:\\\/\\\/qtmm.org\\\/qt\\\/author\\\/Developer\\\/\"}]}<\/script>\n<!-- \/ Yoast SEO plugin. -->","yoast_head_json":{"title":"Meclis reisi Refat \u00c7ubarov V. Konstantinov \u00f6z t\u00fc\u015f\u00fcncelerinen Rusiye k\u00fc\u00e7 qurumlar\u0131n\u0131 Q\u0131r\u0131m vaziyetine qar\u0131\u015fma\u011fa \u00e7a\u011f\u0131rd\u0131, dep saya - \u041c\u0435\u0434\u0436\u043b\u0456\u0441","robots":{"index":"index","follow":"follow","max-snippet":"max-snippet:-1","max-image-preview":"max-image-preview:large","max-video-preview":"max-video-preview:-1"},"canonical":"https:\/\/qtmm.org\/qt\/meclis-reisi-refat-cubarov-v-konstantinov-oz-tusuncelerinen-rusiye-kuc-qurumlarini-qirim-vaziyetine-qarismaga-cagirdi-dep-saya\/","og_locale":"en_US","og_type":"article","og_title":"Meclis reisi Refat \u00c7ubarov V. Konstantinov \u00f6z t\u00fc\u015f\u00fcncelerinen Rusiye k\u00fc\u00e7 qurumlar\u0131n\u0131 Q\u0131r\u0131m vaziyetine qar\u0131\u015fma\u011fa \u00e7a\u011f\u0131rd\u0131, dep saya - \u041c\u0435\u0434\u0436\u043b\u0456\u0441","og_description":"&#8220;Devletimizde neler ol\u011fan\u0131ndan qatiy nazar \u2013 bu bizim memleketimiz, bu Ukrainad\u0131r!! \u015eun\u0131\u00f1 i\u00e7\u00fcn de, b\u00f6yle bir tel\u00e2\u015fl\u0131 vaq\u0131tta nas\u0131ld\u0131r regionlarn\u0131\u00f1 yolba\u015f\u00e7\u0131lar\u0131 eger Kiyevde biz begenmedigimiz akimiyet olacaq olsa, biz hudud\u0131m\u0131zn\u0131 Ukrainadan ay\u0131rmaq areketlerini yapma\u011fa az\u0131rm\u0131z, diye b\u00f6yleliknen bu insanlar Kiyevde atqan insanlar yapqan cinayet kibi cinayet i\u015fleyler, &#8211; dedi Meclis reisi Refat \u00c7ubarov\u00a0K\u00fctleviy matbuat vastalar\u0131na [&hellip;]","og_url":"https:\/\/qtmm.org\/qt\/meclis-reisi-refat-cubarov-v-konstantinov-oz-tusuncelerinen-rusiye-kuc-qurumlarini-qirim-vaziyetine-qarismaga-cagirdi-dep-saya\/","og_site_name":"\u041c\u0435\u0434\u0436\u043b\u0456\u0441","article_publisher":"https:\/\/www.facebook.com\/qtmm.info\/","article_published_time":"2014-02-20T15:42:00+00:00","article_modified_time":"2022-01-27T15:43:00+00:00","author":"Developer","twitter_card":"summary_large_image","twitter_misc":{"Written by":"Developer","Est. reading time":"1 minute"},"schema":{"@context":"https:\/\/schema.org","@graph":[{"@type":"Article","@id":"https:\/\/qtmm.org\/qt\/meclis-reisi-refat-cubarov-v-konstantinov-oz-tusuncelerinen-rusiye-kuc-qurumlarini-qirim-vaziyetine-qarismaga-cagirdi-dep-saya\/#article","isPartOf":{"@id":"https:\/\/qtmm.org\/qt\/meclis-reisi-refat-cubarov-v-konstantinov-oz-tusuncelerinen-rusiye-kuc-qurumlarini-qirim-vaziyetine-qarismaga-cagirdi-dep-saya\/"},"author":{"name":"Developer","@id":"https:\/\/qtmm.org\/qt\/#\/schema\/person\/de562469f971dec226ac06e60bbf74a7"},"headline":"Meclis reisi Refat \u00c7ubarov V. Konstantinov \u00f6z t\u00fc\u015f\u00fcncelerinen Rusiye k\u00fc\u00e7 qurumlar\u0131n\u0131 Q\u0131r\u0131m vaziyetine qar\u0131\u015fma\u011fa \u00e7a\u011f\u0131rd\u0131, dep saya","datePublished":"2014-02-20T15:42:00+00:00","dateModified":"2022-01-27T15:43:00+00:00","mainEntityOfPage":{"@id":"https:\/\/qtmm.org\/qt\/meclis-reisi-refat-cubarov-v-konstantinov-oz-tusuncelerinen-rusiye-kuc-qurumlarini-qirim-vaziyetine-qarismaga-cagirdi-dep-saya\/"},"wordCount":294,"commentCount":0,"publisher":{"@id":"https:\/\/qtmm.org\/qt\/#organization"},"articleSection":["Haberler"],"inLanguage":"qt","potentialAction":[{"@type":"CommentAction","name":"Comment","target":["https:\/\/qtmm.org\/qt\/meclis-reisi-refat-cubarov-v-konstantinov-oz-tusuncelerinen-rusiye-kuc-qurumlarini-qirim-vaziyetine-qarismaga-cagirdi-dep-saya\/#respond"]}]},{"@type":"WebPage","@id":"https:\/\/qtmm.org\/qt\/meclis-reisi-refat-cubarov-v-konstantinov-oz-tusuncelerinen-rusiye-kuc-qurumlarini-qirim-vaziyetine-qarismaga-cagirdi-dep-saya\/","url":"https:\/\/qtmm.org\/qt\/meclis-reisi-refat-cubarov-v-konstantinov-oz-tusuncelerinen-rusiye-kuc-qurumlarini-qirim-vaziyetine-qarismaga-cagirdi-dep-saya\/","name":"Meclis reisi Refat \u00c7ubarov V. Konstantinov \u00f6z t\u00fc\u015f\u00fcncelerinen Rusiye k\u00fc\u00e7 qurumlar\u0131n\u0131 Q\u0131r\u0131m vaziyetine qar\u0131\u015fma\u011fa \u00e7a\u011f\u0131rd\u0131, dep saya - \u041c\u0435\u0434\u0436\u043b\u0456\u0441","isPartOf":{"@id":"https:\/\/qtmm.org\/qt\/#website"},"datePublished":"2014-02-20T15:42:00+00:00","dateModified":"2022-01-27T15:43:00+00:00","breadcrumb":{"@id":"https:\/\/qtmm.org\/qt\/meclis-reisi-refat-cubarov-v-konstantinov-oz-tusuncelerinen-rusiye-kuc-qurumlarini-qirim-vaziyetine-qarismaga-cagirdi-dep-saya\/#breadcrumb"},"inLanguage":"qt","potentialAction":[{"@type":"ReadAction","target":["https:\/\/qtmm.org\/qt\/meclis-reisi-refat-cubarov-v-konstantinov-oz-tusuncelerinen-rusiye-kuc-qurumlarini-qirim-vaziyetine-qarismaga-cagirdi-dep-saya\/"]}]},{"@type":"BreadcrumbList","@id":"https:\/\/qtmm.org\/qt\/meclis-reisi-refat-cubarov-v-konstantinov-oz-tusuncelerinen-rusiye-kuc-qurumlarini-qirim-vaziyetine-qarismaga-cagirdi-dep-saya\/#breadcrumb","itemListElement":[{"@type":"ListItem","position":1,"name":"\u0413\u043e\u043b\u043e\u0432\u043d\u0430","item":"https:\/\/qtmm.org\/qt\/"},{"@type":"ListItem","position":2,"name":"Meclis reisi Refat \u00c7ubarov V. Konstantinov \u00f6z t\u00fc\u015f\u00fcncelerinen Rusiye k\u00fc\u00e7 qurumlar\u0131n\u0131 Q\u0131r\u0131m vaziyetine qar\u0131\u015fma\u011fa \u00e7a\u011f\u0131rd\u0131, dep saya"}]},{"@type":"WebSite","@id":"https:\/\/qtmm.org\/qt\/#website","url":"https:\/\/qtmm.org\/qt\/","name":"\u041c\u0435\u0434\u0436\u043b\u0456\u0441","description":"","publisher":{"@id":"https:\/\/qtmm.org\/qt\/#organization"},"potentialAction":[{"@type":"SearchAction","target":{"@type":"EntryPoint","urlTemplate":"https:\/\/qtmm.org\/qt\/?s={search_term_string}"},"query-input":{"@type":"PropertyValueSpecification","valueRequired":true,"valueName":"search_term_string"}}],"inLanguage":"qt"},{"@type":"Organization","@id":"https:\/\/qtmm.org\/qt\/#organization","name":"\u041c\u0435\u0434\u0436\u043b\u0456\u0441","url":"https:\/\/qtmm.org\/qt\/","logo":{"@type":"ImageObject","inLanguage":"qt","@id":"https:\/\/qtmm.org\/qt\/#\/schema\/logo\/image\/","url":"https:\/\/qtmm.org\/wp-content\/uploads\/2024\/12\/ua-mejlis-logo-rgb.svg","contentUrl":"https:\/\/qtmm.org\/wp-content\/uploads\/2024\/12\/ua-mejlis-logo-rgb.svg","caption":"\u041c\u0435\u0434\u0436\u043b\u0456\u0441"},"image":{"@id":"https:\/\/qtmm.org\/qt\/#\/schema\/logo\/image\/"},"sameAs":["https:\/\/www.facebook.com\/qtmm.info\/"]},{"@type":"Person","@id":"https:\/\/qtmm.org\/qt\/#\/schema\/person\/de562469f971dec226ac06e60bbf74a7","name":"Developer","image":{"@type":"ImageObject","inLanguage":"qt","@id":"https:\/\/secure.gravatar.com\/avatar\/392b4cc8fbfeb00b39dfeeab4ee6edded39ffd48e25858637e4765810300227e?s=96&d=mm&r=g","url":"https:\/\/secure.gravatar.com\/avatar\/392b4cc8fbfeb00b39dfeeab4ee6edded39ffd48e25858637e4765810300227e?s=96&d=mm&r=g","contentUrl":"https:\/\/secure.gravatar.com\/avatar\/392b4cc8fbfeb00b39dfeeab4ee6edded39ffd48e25858637e4765810300227e?s=96&d=mm&r=g","caption":"Developer"},"url":"https:\/\/qtmm.org\/qt\/author\/Developer\/"}]}},"_links":{"self":[{"href":"https:\/\/qtmm.org\/qt\/wp-json\/wp\/v2\/posts\/43551","targetHints":{"allow":["GET"]}}],"collection":[{"href":"https:\/\/qtmm.org\/qt\/wp-json\/wp\/v2\/posts"}],"about":[{"href":"https:\/\/qtmm.org\/qt\/wp-json\/wp\/v2\/types\/post"}],"author":[{"embeddable":true,"href":"https:\/\/qtmm.org\/qt\/wp-json\/wp\/v2\/users\/1"}],"replies":[{"embeddable":true,"href":"https:\/\/qtmm.org\/qt\/wp-json\/wp\/v2\/comments?post=43551"}],"version-history":[{"count":1,"href":"https:\/\/qtmm.org\/qt\/wp-json\/wp\/v2\/posts\/43551\/revisions"}],"predecessor-version":[{"id":43552,"href":"https:\/\/qtmm.org\/qt\/wp-json\/wp\/v2\/posts\/43551\/revisions\/43552"}],"wp:attachment":[{"href":"https:\/\/qtmm.org\/qt\/wp-json\/wp\/v2\/media?parent=43551"}],"wp:term":[{"taxonomy":"category","embeddable":true,"href":"https:\/\/qtmm.org\/qt\/wp-json\/wp\/v2\/categories?post=43551"},{"taxonomy":"post_tag","embeddable":true,"href":"https:\/\/qtmm.org\/qt\/wp-json\/wp\/v2\/tags?post=43551"}],"curies":[{"name":"wp","href":"https:\/\/api.w.org\/{rel}","templated":true}]}}