




{"id":43297,"date":"2014-02-19T18:34:00","date_gmt":"2014-02-19T15:34:00","guid":{"rendered":"http:\/\/qtmm.org\/?p=43297"},"modified":"2022-01-27T18:34:38","modified_gmt":"2022-01-27T15:34:38","slug":"meclis-reisi-qirim-yuqari-surasinin-kurultay-ruh-fraktsiyasinin-basi-refat-cubarov-fevral-18-kunu-kiyevde-elak-olganlarnin-yaqinlarina-taziye-bildirdi","status":"publish","type":"post","link":"https:\/\/qtmm.org\/qt\/meclis-reisi-qirim-yuqari-surasinin-kurultay-ruh-fraktsiyasinin-basi-refat-cubarov-fevral-18-kunu-kiyevde-elak-olganlarnin-yaqinlarina-taziye-bildirdi\/","title":{"rendered":"Meclis reisi, Q\u0131r\u0131m Yuqar\u0131 \u015euras\u0131n\u0131\u00f1 \u00abKurultay-Ruh\u00bb fraktsiyas\u0131n\u0131\u00f1 ba\u015f\u0131 Refat \u00c7ubarov fevral 18 k\u00fcn\u00fc Kiyevde el\u00e2k ol\u011fanlarn\u0131\u00f1 yaq\u0131nlar\u0131na taziye bildirdi"},"content":{"rendered":"\n<p>Fevral 19 k\u00fcn\u00fc 6-nc\u0131 \u00e7a\u011f\u0131r\u0131l\u0131\u015f Q\u0131r\u0131m Yuqar\u0131 \u015euras\u0131n\u0131\u00f1 nevbetteki topla\u015fuv\u0131nda Meclis reisi, Q\u0131r\u0131m Yuqar\u0131 \u015euras\u0131n\u0131\u00f1 &#8220;Kurultay-Ruh&#8221; fraktsiyas\u0131n\u0131\u00f1 ba\u015f\u0131 Refat \u00c7ubarov Kiyevde ve Ukrainan\u0131\u00f1 bir s\u0131ra regionlar\u0131nda kergin vaziyet munasebetinen Meclisni\u00f1 fevral 18 k\u00fcn\u00fc qabul etken Beyanat\u0131nen \u00e7\u0131q\u0131\u015fta bulund\u0131. Regionlar partiyas\u0131 deputat fraktsiyas\u0131 deputatlar\u0131n\u0131\u00f1 bir q\u0131sm\u0131 \u00c7ubarovn\u0131\u00f1 \u00e7\u0131q\u0131\u015f\u0131n\u0131 ayaqlar\u0131n\u0131\u00f1 tap\u0131rd\u0131s\u0131nen bast\u0131rma\u011fa t\u0131r\u0131\u015ft\u0131.<\/p>\n\n\n\n<p>L\u00e2kin R. \u00c7ubarov bu\u00f1a qulaq asmadan \u00f6z meslekde\u015flerini Meclis beyanat\u0131nen tan\u0131\u015f etti. So\u00f1 memlekette ve Q\u0131r\u0131mdaki vaziyet husus\u0131nda \u00f6z fikrini bildirip, Q\u0131r\u0131m Yuqar\u0131 \u015euras\u0131n\u0131\u00f1 ba\u015f\u0131 V. Konstantinovn\u0131\u00f1 Yuqar\u0131 \u015euran\u0131\u00f1 &#8220;Qurultay-Ruh&#8221; fraktsiyas\u0131 ad\u0131na muracaat\u0131na seslendi.<\/p>\n\n\n\n<p>&#8220;Q\u0131r\u0131m Yuqar\u0131 \u015euras\u0131 reisini\u00f1 areketleri ve fikirlerinde nas\u0131ld\u0131r mant\u0131q olma\u011fan\u0131n\u0131, insanlarn\u0131 &#8220;bizimkiler&#8221; ve &#8220;yabandc\u0131lar&#8221;\u011fa b\u00f6lgenini endi \u00e7oqtan k\u00f6zetem, &#8211; dedi R. \u00c7ubarov. \u2013 Belli ol\u011fan mal\u00fcmatlar\u011fa k\u00f6re Kiyevde fevral 18-de 30-\u011fa yaq\u0131n adam el\u00e2k ol\u011fan.<\/p>\n\n\n\n<p>B u faciad\u0131r. Bu insanlarn\u0131\u00f1 angi region\u0131ndan, angi siyasiy y\u00f6neli\u015fke meyil bergeni ve nas\u0131l statusqa malik ol\u011fan\u0131n\u0131\u00f1 menim i\u00e7\u00fcn i\u00e7 bir t\u00fcrl\u00fc emiyeti yoqt\u0131r\u2026 Fel\u00e2ket y\u00fcz berdi, onlarnen insan \u00f6ld\u00fcrildi. Kiyevde el\u00e2k ol\u011fanlarn\u0131\u00f1 aile ve yaq\u0131nlar\u0131na menim fikirime qoltutqan meslekde\u015flerim ad\u0131ndan teren taziye bildirem. Bu insaniyetliktir. Bu hristancas\u0131na, bu musulmancas\u0131na, bu yeudiycesine ve daa nas\u0131l istese\u00f1iz \u00f6yledir. Bu birinciden.<\/p>\n\n\n\n<p>Ekincide, Q\u0131r\u0131m Yuqar\u0131 \u015euras\u0131 ayr\u0131 deputatlar\u011fa milliy mens\u00fcpliklerine k\u00f6re h\u0131tap eterek, olarn\u0131 devlet yapmas\u0131 borclu i\u015flerni eda etmegenlerinde qabaatla\u011fan\u0131nda asl\u0131 da mant\u0131q yoqt\u0131r. Ebet, biz, q\u0131r\u0131mtatar deputatlar\u0131, insanlar bizden beklegen i\u015flerni\u00f1 \u00e7oqus\u0131n\u0131 yap\u0131p olamad\u0131q. Ya bizlerden i\u00e7 birimiz \u015fu devletni\u00f1 idare etilmesine yaq\u0131n qoyuld\u0131qm\u0131?&#8221;<\/p>\n\n\n\n<p>Q\u0131r\u0131m parlamenti ba\u015f\u0131na h\u0131tap eterek Refat \u00c7ubarov bir siyasiy baq\u0131\u015flar\u0131, demokratik fikirleri ol\u011fan insanlarn\u0131 qabaatlav da mant\u0131qs\u0131z ol\u011fan\u0131n\u0131 qayd etti.<br>Meclis reisi bir s\u0131ra q\u0131r\u0131ml\u0131 siyaset\u00e7ilerini\u00f1 ke\u00e7i\u015fimi ve olarn\u0131\u00f1 biznes menfaatlar\u0131 sebebinden sa\u011f\u011fa-sol\u011fa sallan\u011fanlar\u0131n\u0131 izaatlamayca\u011f\u0131n\u0131 da s\u00f6yledi.<\/p>\n\n\n\n<p>&#8220;Men \u00e7oq \u015feyni hat\u0131rlayabilirim. Biznesi\u00f1iz vaziyetine k\u00f6re siyasiy baq\u0131\u015flar\u0131\u00f1\u0131zn\u0131 de\u00f1i\u015ftirebergeni\u00f1iz aqq\u0131nda s\u00f6ylemege istemeyim&#8221;, dedi \u00c7ubarov.<\/p>\n","protected":false},"excerpt":{"rendered":"<p>Fevral 19 k\u00fcn\u00fc 6-nc\u0131 \u00e7a\u011f\u0131r\u0131l\u0131\u015f Q\u0131r\u0131m Yuqar\u0131 \u015euras\u0131n\u0131\u00f1 nevbetteki topla\u015fuv\u0131nda Meclis reisi, Q\u0131r\u0131m Yuqar\u0131 \u015euras\u0131n\u0131\u00f1 &#8220;Kurultay-Ruh&#8221; fraktsiyas\u0131n\u0131\u00f1 ba\u015f\u0131 Refat \u00c7ubarov Kiyevde ve Ukrainan\u0131\u00f1 bir s\u0131ra regionlar\u0131nda kergin vaziyet munasebetinen Meclisni\u00f1 fevral 18 k\u00fcn\u00fc qabul etken Beyanat\u0131nen \u00e7\u0131q\u0131\u015fta bulund\u0131. Regionlar partiyas\u0131 deputat fraktsiyas\u0131 deputatlar\u0131n\u0131\u00f1 bir q\u0131sm\u0131 \u00c7ubarovn\u0131\u00f1 \u00e7\u0131q\u0131\u015f\u0131n\u0131 ayaqlar\u0131n\u0131\u00f1 tap\u0131rd\u0131s\u0131nen bast\u0131rma\u011fa t\u0131r\u0131\u015ft\u0131. L\u00e2kin R. \u00c7ubarov bu\u00f1a [&hellip;]<\/p>\n","protected":false},"author":1,"featured_media":0,"comment_status":"open","ping_status":"open","sticky":false,"template":"","format":"standard","meta":{"inline_featured_image":false,"footnotes":""},"categories":[265],"tags":[],"class_list":["post-43297","post","type-post","status-publish","format-standard","hentry","category-haberler"],"acf":[],"yoast_head":"<!-- This site is optimized with the Yoast SEO plugin v27.4 - https:\/\/yoast.com\/product\/yoast-seo-wordpress\/ -->\n<title>Meclis reisi, Q\u0131r\u0131m Yuqar\u0131 \u015euras\u0131n\u0131\u00f1 \u00abKurultay-Ruh\u00bb fraktsiyas\u0131n\u0131\u00f1 ba\u015f\u0131 Refat \u00c7ubarov fevral 18 k\u00fcn\u00fc Kiyevde el\u00e2k ol\u011fanlarn\u0131\u00f1 yaq\u0131nlar\u0131na taziye bildirdi - \u041c\u0435\u0434\u0436\u043b\u0456\u0441<\/title>\n<meta name=\"robots\" content=\"index, follow, max-snippet:-1, max-image-preview:large, max-video-preview:-1\" \/>\n<link rel=\"canonical\" href=\"https:\/\/qtmm.org\/qt\/meclis-reisi-qirim-yuqari-surasinin-kurultay-ruh-fraktsiyasinin-basi-refat-cubarov-fevral-18-kunu-kiyevde-elak-olganlarnin-yaqinlarina-taziye-bildirdi\/\" \/>\n<meta property=\"og:locale\" content=\"en_US\" \/>\n<meta property=\"og:type\" content=\"article\" \/>\n<meta property=\"og:title\" content=\"Meclis reisi, Q\u0131r\u0131m Yuqar\u0131 \u015euras\u0131n\u0131\u00f1 \u00abKurultay-Ruh\u00bb fraktsiyas\u0131n\u0131\u00f1 ba\u015f\u0131 Refat \u00c7ubarov fevral 18 k\u00fcn\u00fc Kiyevde el\u00e2k ol\u011fanlarn\u0131\u00f1 yaq\u0131nlar\u0131na taziye bildirdi - \u041c\u0435\u0434\u0436\u043b\u0456\u0441\" \/>\n<meta property=\"og:description\" content=\"Fevral 19 k\u00fcn\u00fc 6-nc\u0131 \u00e7a\u011f\u0131r\u0131l\u0131\u015f Q\u0131r\u0131m Yuqar\u0131 \u015euras\u0131n\u0131\u00f1 nevbetteki topla\u015fuv\u0131nda Meclis reisi, Q\u0131r\u0131m Yuqar\u0131 \u015euras\u0131n\u0131\u00f1 &#8220;Kurultay-Ruh&#8221; fraktsiyas\u0131n\u0131\u00f1 ba\u015f\u0131 Refat \u00c7ubarov Kiyevde ve Ukrainan\u0131\u00f1 bir s\u0131ra regionlar\u0131nda kergin vaziyet munasebetinen Meclisni\u00f1 fevral 18 k\u00fcn\u00fc qabul etken Beyanat\u0131nen \u00e7\u0131q\u0131\u015fta bulund\u0131. Regionlar partiyas\u0131 deputat fraktsiyas\u0131 deputatlar\u0131n\u0131\u00f1 bir q\u0131sm\u0131 \u00c7ubarovn\u0131\u00f1 \u00e7\u0131q\u0131\u015f\u0131n\u0131 ayaqlar\u0131n\u0131\u00f1 tap\u0131rd\u0131s\u0131nen bast\u0131rma\u011fa t\u0131r\u0131\u015ft\u0131. L\u00e2kin R. \u00c7ubarov bu\u00f1a [&hellip;]\" \/>\n<meta property=\"og:url\" content=\"https:\/\/qtmm.org\/qt\/meclis-reisi-qirim-yuqari-surasinin-kurultay-ruh-fraktsiyasinin-basi-refat-cubarov-fevral-18-kunu-kiyevde-elak-olganlarnin-yaqinlarina-taziye-bildirdi\/\" \/>\n<meta property=\"og:site_name\" content=\"\u041c\u0435\u0434\u0436\u043b\u0456\u0441\" \/>\n<meta property=\"article:publisher\" content=\"https:\/\/www.facebook.com\/qtmm.info\/\" \/>\n<meta property=\"article:published_time\" content=\"2014-02-19T15:34:00+00:00\" \/>\n<meta property=\"article:modified_time\" content=\"2022-01-27T15:34:38+00:00\" \/>\n<meta name=\"author\" content=\"Developer\" \/>\n<meta name=\"twitter:card\" content=\"summary_large_image\" \/>\n<meta name=\"twitter:label1\" content=\"Written by\" \/>\n\t<meta name=\"twitter:data1\" content=\"Developer\" \/>\n\t<meta name=\"twitter:label2\" content=\"Est. reading time\" \/>\n\t<meta name=\"twitter:data2\" content=\"2 minutes\" \/>\n<script type=\"application\/ld+json\" class=\"yoast-schema-graph\">{\"@context\":\"https:\\\/\\\/schema.org\",\"@graph\":[{\"@type\":\"Article\",\"@id\":\"https:\\\/\\\/qtmm.org\\\/qt\\\/meclis-reisi-qirim-yuqari-surasinin-kurultay-ruh-fraktsiyasinin-basi-refat-cubarov-fevral-18-kunu-kiyevde-elak-olganlarnin-yaqinlarina-taziye-bildirdi\\\/#article\",\"isPartOf\":{\"@id\":\"https:\\\/\\\/qtmm.org\\\/qt\\\/meclis-reisi-qirim-yuqari-surasinin-kurultay-ruh-fraktsiyasinin-basi-refat-cubarov-fevral-18-kunu-kiyevde-elak-olganlarnin-yaqinlarina-taziye-bildirdi\\\/\"},\"author\":{\"name\":\"Developer\",\"@id\":\"https:\\\/\\\/qtmm.org\\\/qt\\\/#\\\/schema\\\/person\\\/de562469f971dec226ac06e60bbf74a7\"},\"headline\":\"Meclis reisi, Q\u0131r\u0131m Yuqar\u0131 \u015euras\u0131n\u0131\u00f1 \u00abKurultay-Ruh\u00bb fraktsiyas\u0131n\u0131\u00f1 ba\u015f\u0131 Refat \u00c7ubarov fevral 18 k\u00fcn\u00fc Kiyevde el\u00e2k ol\u011fanlarn\u0131\u00f1 yaq\u0131nlar\u0131na taziye bildirdi\",\"datePublished\":\"2014-02-19T15:34:00+00:00\",\"dateModified\":\"2022-01-27T15:34:38+00:00\",\"mainEntityOfPage\":{\"@id\":\"https:\\\/\\\/qtmm.org\\\/qt\\\/meclis-reisi-qirim-yuqari-surasinin-kurultay-ruh-fraktsiyasinin-basi-refat-cubarov-fevral-18-kunu-kiyevde-elak-olganlarnin-yaqinlarina-taziye-bildirdi\\\/\"},\"wordCount\":432,\"commentCount\":0,\"publisher\":{\"@id\":\"https:\\\/\\\/qtmm.org\\\/qt\\\/#organization\"},\"articleSection\":[\"Haberler\"],\"inLanguage\":\"qt\",\"potentialAction\":[{\"@type\":\"CommentAction\",\"name\":\"Comment\",\"target\":[\"https:\\\/\\\/qtmm.org\\\/qt\\\/meclis-reisi-qirim-yuqari-surasinin-kurultay-ruh-fraktsiyasinin-basi-refat-cubarov-fevral-18-kunu-kiyevde-elak-olganlarnin-yaqinlarina-taziye-bildirdi\\\/#respond\"]}]},{\"@type\":\"WebPage\",\"@id\":\"https:\\\/\\\/qtmm.org\\\/qt\\\/meclis-reisi-qirim-yuqari-surasinin-kurultay-ruh-fraktsiyasinin-basi-refat-cubarov-fevral-18-kunu-kiyevde-elak-olganlarnin-yaqinlarina-taziye-bildirdi\\\/\",\"url\":\"https:\\\/\\\/qtmm.org\\\/qt\\\/meclis-reisi-qirim-yuqari-surasinin-kurultay-ruh-fraktsiyasinin-basi-refat-cubarov-fevral-18-kunu-kiyevde-elak-olganlarnin-yaqinlarina-taziye-bildirdi\\\/\",\"name\":\"Meclis reisi, Q\u0131r\u0131m Yuqar\u0131 \u015euras\u0131n\u0131\u00f1 \u00abKurultay-Ruh\u00bb fraktsiyas\u0131n\u0131\u00f1 ba\u015f\u0131 Refat \u00c7ubarov fevral 18 k\u00fcn\u00fc Kiyevde el\u00e2k ol\u011fanlarn\u0131\u00f1 yaq\u0131nlar\u0131na taziye bildirdi - \u041c\u0435\u0434\u0436\u043b\u0456\u0441\",\"isPartOf\":{\"@id\":\"https:\\\/\\\/qtmm.org\\\/qt\\\/#website\"},\"datePublished\":\"2014-02-19T15:34:00+00:00\",\"dateModified\":\"2022-01-27T15:34:38+00:00\",\"breadcrumb\":{\"@id\":\"https:\\\/\\\/qtmm.org\\\/qt\\\/meclis-reisi-qirim-yuqari-surasinin-kurultay-ruh-fraktsiyasinin-basi-refat-cubarov-fevral-18-kunu-kiyevde-elak-olganlarnin-yaqinlarina-taziye-bildirdi\\\/#breadcrumb\"},\"inLanguage\":\"qt\",\"potentialAction\":[{\"@type\":\"ReadAction\",\"target\":[\"https:\\\/\\\/qtmm.org\\\/qt\\\/meclis-reisi-qirim-yuqari-surasinin-kurultay-ruh-fraktsiyasinin-basi-refat-cubarov-fevral-18-kunu-kiyevde-elak-olganlarnin-yaqinlarina-taziye-bildirdi\\\/\"]}]},{\"@type\":\"BreadcrumbList\",\"@id\":\"https:\\\/\\\/qtmm.org\\\/qt\\\/meclis-reisi-qirim-yuqari-surasinin-kurultay-ruh-fraktsiyasinin-basi-refat-cubarov-fevral-18-kunu-kiyevde-elak-olganlarnin-yaqinlarina-taziye-bildirdi\\\/#breadcrumb\",\"itemListElement\":[{\"@type\":\"ListItem\",\"position\":1,\"name\":\"\u0413\u043e\u043b\u043e\u0432\u043d\u0430\",\"item\":\"https:\\\/\\\/qtmm.org\\\/qt\\\/\"},{\"@type\":\"ListItem\",\"position\":2,\"name\":\"Meclis reisi, Q\u0131r\u0131m Yuqar\u0131 \u015euras\u0131n\u0131\u00f1 \u00abKurultay-Ruh\u00bb fraktsiyas\u0131n\u0131\u00f1 ba\u015f\u0131 Refat \u00c7ubarov fevral 18 k\u00fcn\u00fc Kiyevde el\u00e2k ol\u011fanlarn\u0131\u00f1 yaq\u0131nlar\u0131na taziye bildirdi\"}]},{\"@type\":\"WebSite\",\"@id\":\"https:\\\/\\\/qtmm.org\\\/qt\\\/#website\",\"url\":\"https:\\\/\\\/qtmm.org\\\/qt\\\/\",\"name\":\"\u041c\u0435\u0434\u0436\u043b\u0456\u0441\",\"description\":\"\",\"publisher\":{\"@id\":\"https:\\\/\\\/qtmm.org\\\/qt\\\/#organization\"},\"potentialAction\":[{\"@type\":\"SearchAction\",\"target\":{\"@type\":\"EntryPoint\",\"urlTemplate\":\"https:\\\/\\\/qtmm.org\\\/qt\\\/?s={search_term_string}\"},\"query-input\":{\"@type\":\"PropertyValueSpecification\",\"valueRequired\":true,\"valueName\":\"search_term_string\"}}],\"inLanguage\":\"qt\"},{\"@type\":\"Organization\",\"@id\":\"https:\\\/\\\/qtmm.org\\\/qt\\\/#organization\",\"name\":\"\u041c\u0435\u0434\u0436\u043b\u0456\u0441\",\"url\":\"https:\\\/\\\/qtmm.org\\\/qt\\\/\",\"logo\":{\"@type\":\"ImageObject\",\"inLanguage\":\"qt\",\"@id\":\"https:\\\/\\\/qtmm.org\\\/qt\\\/#\\\/schema\\\/logo\\\/image\\\/\",\"url\":\"https:\\\/\\\/qtmm.org\\\/wp-content\\\/uploads\\\/2024\\\/12\\\/ua-mejlis-logo-rgb.svg\",\"contentUrl\":\"https:\\\/\\\/qtmm.org\\\/wp-content\\\/uploads\\\/2024\\\/12\\\/ua-mejlis-logo-rgb.svg\",\"caption\":\"\u041c\u0435\u0434\u0436\u043b\u0456\u0441\"},\"image\":{\"@id\":\"https:\\\/\\\/qtmm.org\\\/qt\\\/#\\\/schema\\\/logo\\\/image\\\/\"},\"sameAs\":[\"https:\\\/\\\/www.facebook.com\\\/qtmm.info\\\/\"]},{\"@type\":\"Person\",\"@id\":\"https:\\\/\\\/qtmm.org\\\/qt\\\/#\\\/schema\\\/person\\\/de562469f971dec226ac06e60bbf74a7\",\"name\":\"Developer\",\"image\":{\"@type\":\"ImageObject\",\"inLanguage\":\"qt\",\"@id\":\"https:\\\/\\\/secure.gravatar.com\\\/avatar\\\/392b4cc8fbfeb00b39dfeeab4ee6edded39ffd48e25858637e4765810300227e?s=96&d=mm&r=g\",\"url\":\"https:\\\/\\\/secure.gravatar.com\\\/avatar\\\/392b4cc8fbfeb00b39dfeeab4ee6edded39ffd48e25858637e4765810300227e?s=96&d=mm&r=g\",\"contentUrl\":\"https:\\\/\\\/secure.gravatar.com\\\/avatar\\\/392b4cc8fbfeb00b39dfeeab4ee6edded39ffd48e25858637e4765810300227e?s=96&d=mm&r=g\",\"caption\":\"Developer\"},\"url\":\"https:\\\/\\\/qtmm.org\\\/qt\\\/author\\\/Developer\\\/\"}]}<\/script>\n<!-- \/ Yoast SEO plugin. -->","yoast_head_json":{"title":"Meclis reisi, Q\u0131r\u0131m Yuqar\u0131 \u015euras\u0131n\u0131\u00f1 \u00abKurultay-Ruh\u00bb fraktsiyas\u0131n\u0131\u00f1 ba\u015f\u0131 Refat \u00c7ubarov fevral 18 k\u00fcn\u00fc Kiyevde el\u00e2k ol\u011fanlarn\u0131\u00f1 yaq\u0131nlar\u0131na taziye bildirdi - \u041c\u0435\u0434\u0436\u043b\u0456\u0441","robots":{"index":"index","follow":"follow","max-snippet":"max-snippet:-1","max-image-preview":"max-image-preview:large","max-video-preview":"max-video-preview:-1"},"canonical":"https:\/\/qtmm.org\/qt\/meclis-reisi-qirim-yuqari-surasinin-kurultay-ruh-fraktsiyasinin-basi-refat-cubarov-fevral-18-kunu-kiyevde-elak-olganlarnin-yaqinlarina-taziye-bildirdi\/","og_locale":"en_US","og_type":"article","og_title":"Meclis reisi, Q\u0131r\u0131m Yuqar\u0131 \u015euras\u0131n\u0131\u00f1 \u00abKurultay-Ruh\u00bb fraktsiyas\u0131n\u0131\u00f1 ba\u015f\u0131 Refat \u00c7ubarov fevral 18 k\u00fcn\u00fc Kiyevde el\u00e2k ol\u011fanlarn\u0131\u00f1 yaq\u0131nlar\u0131na taziye bildirdi - \u041c\u0435\u0434\u0436\u043b\u0456\u0441","og_description":"Fevral 19 k\u00fcn\u00fc 6-nc\u0131 \u00e7a\u011f\u0131r\u0131l\u0131\u015f Q\u0131r\u0131m Yuqar\u0131 \u015euras\u0131n\u0131\u00f1 nevbetteki topla\u015fuv\u0131nda Meclis reisi, Q\u0131r\u0131m Yuqar\u0131 \u015euras\u0131n\u0131\u00f1 &#8220;Kurultay-Ruh&#8221; fraktsiyas\u0131n\u0131\u00f1 ba\u015f\u0131 Refat \u00c7ubarov Kiyevde ve Ukrainan\u0131\u00f1 bir s\u0131ra regionlar\u0131nda kergin vaziyet munasebetinen Meclisni\u00f1 fevral 18 k\u00fcn\u00fc qabul etken Beyanat\u0131nen \u00e7\u0131q\u0131\u015fta bulund\u0131. Regionlar partiyas\u0131 deputat fraktsiyas\u0131 deputatlar\u0131n\u0131\u00f1 bir q\u0131sm\u0131 \u00c7ubarovn\u0131\u00f1 \u00e7\u0131q\u0131\u015f\u0131n\u0131 ayaqlar\u0131n\u0131\u00f1 tap\u0131rd\u0131s\u0131nen bast\u0131rma\u011fa t\u0131r\u0131\u015ft\u0131. L\u00e2kin R. \u00c7ubarov bu\u00f1a [&hellip;]","og_url":"https:\/\/qtmm.org\/qt\/meclis-reisi-qirim-yuqari-surasinin-kurultay-ruh-fraktsiyasinin-basi-refat-cubarov-fevral-18-kunu-kiyevde-elak-olganlarnin-yaqinlarina-taziye-bildirdi\/","og_site_name":"\u041c\u0435\u0434\u0436\u043b\u0456\u0441","article_publisher":"https:\/\/www.facebook.com\/qtmm.info\/","article_published_time":"2014-02-19T15:34:00+00:00","article_modified_time":"2022-01-27T15:34:38+00:00","author":"Developer","twitter_card":"summary_large_image","twitter_misc":{"Written by":"Developer","Est. reading time":"2 minutes"},"schema":{"@context":"https:\/\/schema.org","@graph":[{"@type":"Article","@id":"https:\/\/qtmm.org\/qt\/meclis-reisi-qirim-yuqari-surasinin-kurultay-ruh-fraktsiyasinin-basi-refat-cubarov-fevral-18-kunu-kiyevde-elak-olganlarnin-yaqinlarina-taziye-bildirdi\/#article","isPartOf":{"@id":"https:\/\/qtmm.org\/qt\/meclis-reisi-qirim-yuqari-surasinin-kurultay-ruh-fraktsiyasinin-basi-refat-cubarov-fevral-18-kunu-kiyevde-elak-olganlarnin-yaqinlarina-taziye-bildirdi\/"},"author":{"name":"Developer","@id":"https:\/\/qtmm.org\/qt\/#\/schema\/person\/de562469f971dec226ac06e60bbf74a7"},"headline":"Meclis reisi, Q\u0131r\u0131m Yuqar\u0131 \u015euras\u0131n\u0131\u00f1 \u00abKurultay-Ruh\u00bb fraktsiyas\u0131n\u0131\u00f1 ba\u015f\u0131 Refat \u00c7ubarov fevral 18 k\u00fcn\u00fc Kiyevde el\u00e2k ol\u011fanlarn\u0131\u00f1 yaq\u0131nlar\u0131na taziye bildirdi","datePublished":"2014-02-19T15:34:00+00:00","dateModified":"2022-01-27T15:34:38+00:00","mainEntityOfPage":{"@id":"https:\/\/qtmm.org\/qt\/meclis-reisi-qirim-yuqari-surasinin-kurultay-ruh-fraktsiyasinin-basi-refat-cubarov-fevral-18-kunu-kiyevde-elak-olganlarnin-yaqinlarina-taziye-bildirdi\/"},"wordCount":432,"commentCount":0,"publisher":{"@id":"https:\/\/qtmm.org\/qt\/#organization"},"articleSection":["Haberler"],"inLanguage":"qt","potentialAction":[{"@type":"CommentAction","name":"Comment","target":["https:\/\/qtmm.org\/qt\/meclis-reisi-qirim-yuqari-surasinin-kurultay-ruh-fraktsiyasinin-basi-refat-cubarov-fevral-18-kunu-kiyevde-elak-olganlarnin-yaqinlarina-taziye-bildirdi\/#respond"]}]},{"@type":"WebPage","@id":"https:\/\/qtmm.org\/qt\/meclis-reisi-qirim-yuqari-surasinin-kurultay-ruh-fraktsiyasinin-basi-refat-cubarov-fevral-18-kunu-kiyevde-elak-olganlarnin-yaqinlarina-taziye-bildirdi\/","url":"https:\/\/qtmm.org\/qt\/meclis-reisi-qirim-yuqari-surasinin-kurultay-ruh-fraktsiyasinin-basi-refat-cubarov-fevral-18-kunu-kiyevde-elak-olganlarnin-yaqinlarina-taziye-bildirdi\/","name":"Meclis reisi, Q\u0131r\u0131m Yuqar\u0131 \u015euras\u0131n\u0131\u00f1 \u00abKurultay-Ruh\u00bb fraktsiyas\u0131n\u0131\u00f1 ba\u015f\u0131 Refat \u00c7ubarov fevral 18 k\u00fcn\u00fc Kiyevde el\u00e2k ol\u011fanlarn\u0131\u00f1 yaq\u0131nlar\u0131na taziye bildirdi - \u041c\u0435\u0434\u0436\u043b\u0456\u0441","isPartOf":{"@id":"https:\/\/qtmm.org\/qt\/#website"},"datePublished":"2014-02-19T15:34:00+00:00","dateModified":"2022-01-27T15:34:38+00:00","breadcrumb":{"@id":"https:\/\/qtmm.org\/qt\/meclis-reisi-qirim-yuqari-surasinin-kurultay-ruh-fraktsiyasinin-basi-refat-cubarov-fevral-18-kunu-kiyevde-elak-olganlarnin-yaqinlarina-taziye-bildirdi\/#breadcrumb"},"inLanguage":"qt","potentialAction":[{"@type":"ReadAction","target":["https:\/\/qtmm.org\/qt\/meclis-reisi-qirim-yuqari-surasinin-kurultay-ruh-fraktsiyasinin-basi-refat-cubarov-fevral-18-kunu-kiyevde-elak-olganlarnin-yaqinlarina-taziye-bildirdi\/"]}]},{"@type":"BreadcrumbList","@id":"https:\/\/qtmm.org\/qt\/meclis-reisi-qirim-yuqari-surasinin-kurultay-ruh-fraktsiyasinin-basi-refat-cubarov-fevral-18-kunu-kiyevde-elak-olganlarnin-yaqinlarina-taziye-bildirdi\/#breadcrumb","itemListElement":[{"@type":"ListItem","position":1,"name":"\u0413\u043e\u043b\u043e\u0432\u043d\u0430","item":"https:\/\/qtmm.org\/qt\/"},{"@type":"ListItem","position":2,"name":"Meclis reisi, Q\u0131r\u0131m Yuqar\u0131 \u015euras\u0131n\u0131\u00f1 \u00abKurultay-Ruh\u00bb fraktsiyas\u0131n\u0131\u00f1 ba\u015f\u0131 Refat \u00c7ubarov fevral 18 k\u00fcn\u00fc Kiyevde el\u00e2k ol\u011fanlarn\u0131\u00f1 yaq\u0131nlar\u0131na taziye bildirdi"}]},{"@type":"WebSite","@id":"https:\/\/qtmm.org\/qt\/#website","url":"https:\/\/qtmm.org\/qt\/","name":"\u041c\u0435\u0434\u0436\u043b\u0456\u0441","description":"","publisher":{"@id":"https:\/\/qtmm.org\/qt\/#organization"},"potentialAction":[{"@type":"SearchAction","target":{"@type":"EntryPoint","urlTemplate":"https:\/\/qtmm.org\/qt\/?s={search_term_string}"},"query-input":{"@type":"PropertyValueSpecification","valueRequired":true,"valueName":"search_term_string"}}],"inLanguage":"qt"},{"@type":"Organization","@id":"https:\/\/qtmm.org\/qt\/#organization","name":"\u041c\u0435\u0434\u0436\u043b\u0456\u0441","url":"https:\/\/qtmm.org\/qt\/","logo":{"@type":"ImageObject","inLanguage":"qt","@id":"https:\/\/qtmm.org\/qt\/#\/schema\/logo\/image\/","url":"https:\/\/qtmm.org\/wp-content\/uploads\/2024\/12\/ua-mejlis-logo-rgb.svg","contentUrl":"https:\/\/qtmm.org\/wp-content\/uploads\/2024\/12\/ua-mejlis-logo-rgb.svg","caption":"\u041c\u0435\u0434\u0436\u043b\u0456\u0441"},"image":{"@id":"https:\/\/qtmm.org\/qt\/#\/schema\/logo\/image\/"},"sameAs":["https:\/\/www.facebook.com\/qtmm.info\/"]},{"@type":"Person","@id":"https:\/\/qtmm.org\/qt\/#\/schema\/person\/de562469f971dec226ac06e60bbf74a7","name":"Developer","image":{"@type":"ImageObject","inLanguage":"qt","@id":"https:\/\/secure.gravatar.com\/avatar\/392b4cc8fbfeb00b39dfeeab4ee6edded39ffd48e25858637e4765810300227e?s=96&d=mm&r=g","url":"https:\/\/secure.gravatar.com\/avatar\/392b4cc8fbfeb00b39dfeeab4ee6edded39ffd48e25858637e4765810300227e?s=96&d=mm&r=g","contentUrl":"https:\/\/secure.gravatar.com\/avatar\/392b4cc8fbfeb00b39dfeeab4ee6edded39ffd48e25858637e4765810300227e?s=96&d=mm&r=g","caption":"Developer"},"url":"https:\/\/qtmm.org\/qt\/author\/Developer\/"}]}},"_links":{"self":[{"href":"https:\/\/qtmm.org\/qt\/wp-json\/wp\/v2\/posts\/43297","targetHints":{"allow":["GET"]}}],"collection":[{"href":"https:\/\/qtmm.org\/qt\/wp-json\/wp\/v2\/posts"}],"about":[{"href":"https:\/\/qtmm.org\/qt\/wp-json\/wp\/v2\/types\/post"}],"author":[{"embeddable":true,"href":"https:\/\/qtmm.org\/qt\/wp-json\/wp\/v2\/users\/1"}],"replies":[{"embeddable":true,"href":"https:\/\/qtmm.org\/qt\/wp-json\/wp\/v2\/comments?post=43297"}],"version-history":[{"count":1,"href":"https:\/\/qtmm.org\/qt\/wp-json\/wp\/v2\/posts\/43297\/revisions"}],"predecessor-version":[{"id":43298,"href":"https:\/\/qtmm.org\/qt\/wp-json\/wp\/v2\/posts\/43297\/revisions\/43298"}],"wp:attachment":[{"href":"https:\/\/qtmm.org\/qt\/wp-json\/wp\/v2\/media?parent=43297"}],"wp:term":[{"taxonomy":"category","embeddable":true,"href":"https:\/\/qtmm.org\/qt\/wp-json\/wp\/v2\/categories?post=43297"},{"taxonomy":"post_tag","embeddable":true,"href":"https:\/\/qtmm.org\/qt\/wp-json\/wp\/v2\/tags?post=43297"}],"curies":[{"name":"wp","href":"https:\/\/api.w.org\/{rel}","templated":true}]}}