




{"id":43291,"date":"2014-02-19T18:33:00","date_gmt":"2014-02-19T15:33:00","guid":{"rendered":"http:\/\/qtmm.org\/?p=43291"},"modified":"2022-01-27T18:34:08","modified_gmt":"2022-01-27T15:34:08","slug":"qirim-yuqari-surasinin-qurultay-ruh-fraktsiyasinin-azasi-remzi-ilyasov-qirim-parlamentini-siyasiy-inqiraznin-tinc-cezilmesi-icun-butun-kuclerni-sarf-etmege-cagirdi","status":"publish","type":"post","link":"https:\/\/qtmm.org\/qt\/qirim-yuqari-surasinin-qurultay-ruh-fraktsiyasinin-azasi-remzi-ilyasov-qirim-parlamentini-siyasiy-inqiraznin-tinc-cezilmesi-icun-butun-kuclerni-sarf-etmege-cagirdi\/","title":{"rendered":"Q\u0131r\u0131m Yuqar\u0131 \u015euras\u0131n\u0131\u00f1 \u00abQurultay-Ruh\u00bb fraktsiyas\u0131n\u0131\u00f1 azas\u0131 Remzi \u0130lyasov Q\u0131r\u0131m parlamentini siyasiy inqirazn\u0131\u00f1 t\u0131n\u00e7 \u00e7ezilmesi i\u00e7\u00fcn b\u00fct\u00fcn k\u00fc\u00e7lerni sarf etmege \u00e7a\u011f\u0131rd\u0131"},"content":{"rendered":"\n<p><br>&#8220;Ukrainada facia y\u00fcz berdi ve biz qan t\u00f6k\u00fclmesi, k\u00fc\u00e7 i\u015fletilmesine yol berilmemek kerekligini a\u00f1lamal\u0131m\u0131z, &#8211; dedi Q\u0131r\u0131m Yuqar\u0131 \u015euras\u0131n\u0131\u00f1 &#8220;Qurultay-Ruh&#8221; fraktsiyas\u0131n\u0131\u00f1 azas\u0131 Remzi \u0130lyasov fevral 19 k\u00fcn\u00fc Ukrainadaki siyasiy-i\u00e7timaiy vaziyet ve fevral 18 k\u00fcn\u00fc Kiyevdeki \u00e7at\u0131\u015fmalarn\u0131\u00f1 \u015fiddetle\u015fmesi muzakere etilgende. \u2013 Men \u015fun\u0131 da s\u00f6ylemege isteyim ki, eki taraf da davan\u0131 t\u0131n\u00e7 yolnen \u00e7ezmek yollar\u0131n\u0131 q\u0131d\u0131rmaq kerekler&#8221;.<\/p>\n\n\n\n<p>R.\u0130lyasov bun\u0131\u00f1 kibi de q\u0131r\u0131ml\u0131 millet vekillerini\u00f1 diqqat\u0131n\u0131 fevral 18 k\u00fcn\u00fc Meclis qabul etken beyanatqa celp etip, Q\u0131r\u0131m sakinlerini i\u00e7 bir t\u00fcrl\u00fc fesatqa qap\u0131lmama\u011fa, \u00f6zara say\u011f\u0131 ve \u00fcrmet k\u00f6stermege \u00e7a\u011f\u0131rd\u0131.<\/p>\n\n\n\n<figure class=\"wp-block-image size-full\"><img loading=\"lazy\" decoding=\"async\" width=\"670\" height=\"310\" src=\"http:\/\/qtmm.org\/wp-content\/uploads\/2022\/01\/r_1.ilyasov.jpg\" alt=\"\" class=\"wp-image-43292\" srcset=\"https:\/\/qtmm.org\/wp-content\/uploads\/2022\/01\/r_1.ilyasov.jpg 670w, https:\/\/qtmm.org\/wp-content\/uploads\/2022\/01\/r_1.ilyasov-300x139.jpg 300w\" sizes=\"auto, (max-width: 670px) 100vw, 670px\" \/><\/figure>\n\n\n\n<p>R. \u0130lyasovn\u0131\u00f1 fikrince Ukrainan\u0131\u00f1 er bir vatanda\u015f\u0131 memleketteki inqirazn\u0131\u00f1 t\u0131n\u00e7 yolnen \u00e7ezilmesine isse qo\u015fmaq kerek. Muhtariyet parlamentini\u00f1 deputatlar\u0131na Q\u0131r\u0131m sakinlerini\u00f1 problemlerini t\u00fc\u015f\u00fcnmege ve \u00f6z \u00e7\u0131q\u0131\u015flar\u0131nda devlet vatanda\u015flar\u0131na nisbeten &#8220;azl\u0131q&#8221; s\u00f6z\u00fcni qullanmama\u011fa \u00e7a\u011f\u0131rd\u0131.<\/p>\n\n\n\n<p>\u00c7\u00fcnki bu devlet vatanda\u015flar\u0131n\u0131\u00f1 aqlar\u0131n\u0131 aqs\u0131mlay. Q\u0131r\u0131m status\u0131 husus\u0131nda baz\u0131 deputatlarn\u0131\u00f1 s\u00f6zlerini izatlayaraq Yuqar\u0131 \u015eura deputatlar\u0131na Q\u0131r\u0131mn\u0131\u00f1 angidir bir devletke qo\u015fulmas\u0131na iri\u015fmeden ve b\u00f6yle \u015famatal\u0131 \u00e7\u0131q\u0131\u015flarn\u0131 yapmadan evel aq\u0131l-ferasetini i\u015fletmege \u00e7a\u011f\u0131rd\u0131. Bun\u0131\u00f1 kibi de Remzi \u0130lyasov Ukraina Milliy tel\u00fckesizlik h\u0131zmetini\u00f1 Q\u0131r\u0131mdaki ba\u015f idaresini\u00f1 reberi Gennadiy Kala\u00e7\u00f6vn\u0131\u00f1 keskin \u00e7\u0131q\u0131\u015flardan vazge\u00e7mek \u00e7a\u011f\u0131ruv\u0131na qoltutqan\u0131n\u0131 bildirdi.<\/p>\n\n\n\n<p>&#8220;Deputat ve vazifedar insanlarn\u0131\u00f1 a\u011f\u0131z\u0131ndan \u00e7\u0131qqan bu s\u00f6zler a\u00f1la\u015fmamazl\u0131q, can a\u011f\u0131rtuv ve \u00e7at\u0131\u015fmalar\u011fa al\u0131p kele&#8221;, &#8211; dep qayd etti R.\u0130lyasov.<\/p>\n","protected":false},"excerpt":{"rendered":"<p>&#8220;Ukrainada facia y\u00fcz berdi ve biz qan t\u00f6k\u00fclmesi, k\u00fc\u00e7 i\u015fletilmesine yol berilmemek kerekligini a\u00f1lamal\u0131m\u0131z, &#8211; dedi Q\u0131r\u0131m Yuqar\u0131 \u015euras\u0131n\u0131\u00f1 &#8220;Qurultay-Ruh&#8221; fraktsiyas\u0131n\u0131\u00f1 azas\u0131 Remzi \u0130lyasov fevral 19 k\u00fcn\u00fc Ukrainadaki siyasiy-i\u00e7timaiy vaziyet ve fevral 18 k\u00fcn\u00fc Kiyevdeki \u00e7at\u0131\u015fmalarn\u0131\u00f1 \u015fiddetle\u015fmesi muzakere etilgende. \u2013 Men \u015fun\u0131 da s\u00f6ylemege isteyim ki, eki taraf da davan\u0131 t\u0131n\u00e7 yolnen \u00e7ezmek yollar\u0131n\u0131 q\u0131d\u0131rmaq [&hellip;]<\/p>\n","protected":false},"author":1,"featured_media":0,"comment_status":"open","ping_status":"open","sticky":false,"template":"","format":"standard","meta":{"inline_featured_image":false,"footnotes":""},"categories":[265],"tags":[],"class_list":["post-43291","post","type-post","status-publish","format-standard","hentry","category-haberler"],"acf":[],"yoast_head":"<!-- This site is optimized with the Yoast SEO plugin v27.4 - https:\/\/yoast.com\/product\/yoast-seo-wordpress\/ -->\n<title>Q\u0131r\u0131m Yuqar\u0131 \u015euras\u0131n\u0131\u00f1 \u00abQurultay-Ruh\u00bb fraktsiyas\u0131n\u0131\u00f1 azas\u0131 Remzi \u0130lyasov Q\u0131r\u0131m parlamentini siyasiy inqirazn\u0131\u00f1 t\u0131n\u00e7 \u00e7ezilmesi i\u00e7\u00fcn b\u00fct\u00fcn k\u00fc\u00e7lerni sarf etmege \u00e7a\u011f\u0131rd\u0131 - \u041c\u0435\u0434\u0436\u043b\u0456\u0441<\/title>\n<meta name=\"robots\" content=\"index, follow, max-snippet:-1, max-image-preview:large, max-video-preview:-1\" \/>\n<link rel=\"canonical\" href=\"https:\/\/qtmm.org\/qt\/qirim-yuqari-surasinin-qurultay-ruh-fraktsiyasinin-azasi-remzi-ilyasov-qirim-parlamentini-siyasiy-inqiraznin-tinc-cezilmesi-icun-butun-kuclerni-sarf-etmege-cagirdi\/\" \/>\n<meta property=\"og:locale\" content=\"en_US\" \/>\n<meta property=\"og:type\" content=\"article\" \/>\n<meta property=\"og:title\" content=\"Q\u0131r\u0131m Yuqar\u0131 \u015euras\u0131n\u0131\u00f1 \u00abQurultay-Ruh\u00bb fraktsiyas\u0131n\u0131\u00f1 azas\u0131 Remzi \u0130lyasov Q\u0131r\u0131m parlamentini siyasiy inqirazn\u0131\u00f1 t\u0131n\u00e7 \u00e7ezilmesi i\u00e7\u00fcn b\u00fct\u00fcn k\u00fc\u00e7lerni sarf etmege \u00e7a\u011f\u0131rd\u0131 - \u041c\u0435\u0434\u0436\u043b\u0456\u0441\" \/>\n<meta property=\"og:description\" content=\"&#8220;Ukrainada facia y\u00fcz berdi ve biz qan t\u00f6k\u00fclmesi, k\u00fc\u00e7 i\u015fletilmesine yol berilmemek kerekligini a\u00f1lamal\u0131m\u0131z, &#8211; dedi Q\u0131r\u0131m Yuqar\u0131 \u015euras\u0131n\u0131\u00f1 &#8220;Qurultay-Ruh&#8221; fraktsiyas\u0131n\u0131\u00f1 azas\u0131 Remzi \u0130lyasov fevral 19 k\u00fcn\u00fc Ukrainadaki siyasiy-i\u00e7timaiy vaziyet ve fevral 18 k\u00fcn\u00fc Kiyevdeki \u00e7at\u0131\u015fmalarn\u0131\u00f1 \u015fiddetle\u015fmesi muzakere etilgende. \u2013 Men \u015fun\u0131 da s\u00f6ylemege isteyim ki, eki taraf da davan\u0131 t\u0131n\u00e7 yolnen \u00e7ezmek yollar\u0131n\u0131 q\u0131d\u0131rmaq [&hellip;]\" \/>\n<meta property=\"og:url\" content=\"https:\/\/qtmm.org\/qt\/qirim-yuqari-surasinin-qurultay-ruh-fraktsiyasinin-azasi-remzi-ilyasov-qirim-parlamentini-siyasiy-inqiraznin-tinc-cezilmesi-icun-butun-kuclerni-sarf-etmege-cagirdi\/\" \/>\n<meta property=\"og:site_name\" content=\"\u041c\u0435\u0434\u0436\u043b\u0456\u0441\" \/>\n<meta property=\"article:publisher\" content=\"https:\/\/www.facebook.com\/qtmm.info\/\" \/>\n<meta property=\"article:published_time\" content=\"2014-02-19T15:33:00+00:00\" \/>\n<meta property=\"article:modified_time\" content=\"2022-01-27T15:34:08+00:00\" \/>\n<meta property=\"og:image\" content=\"https:\/\/qtmm.org\/wp-content\/uploads\/2022\/01\/r_1.ilyasov.jpg\" \/>\n\t<meta property=\"og:image:width\" content=\"670\" \/>\n\t<meta property=\"og:image:height\" content=\"310\" \/>\n\t<meta property=\"og:image:type\" content=\"image\/jpeg\" \/>\n<meta name=\"author\" content=\"Developer\" \/>\n<meta name=\"twitter:card\" content=\"summary_large_image\" \/>\n<meta name=\"twitter:label1\" content=\"Written by\" \/>\n\t<meta name=\"twitter:data1\" content=\"Developer\" \/>\n\t<meta name=\"twitter:label2\" content=\"Est. reading time\" \/>\n\t<meta name=\"twitter:data2\" content=\"1 minute\" \/>\n<script type=\"application\/ld+json\" class=\"yoast-schema-graph\">{\"@context\":\"https:\\\/\\\/schema.org\",\"@graph\":[{\"@type\":\"Article\",\"@id\":\"https:\\\/\\\/qtmm.org\\\/qt\\\/qirim-yuqari-surasinin-qurultay-ruh-fraktsiyasinin-azasi-remzi-ilyasov-qirim-parlamentini-siyasiy-inqiraznin-tinc-cezilmesi-icun-butun-kuclerni-sarf-etmege-cagirdi\\\/#article\",\"isPartOf\":{\"@id\":\"https:\\\/\\\/qtmm.org\\\/qt\\\/qirim-yuqari-surasinin-qurultay-ruh-fraktsiyasinin-azasi-remzi-ilyasov-qirim-parlamentini-siyasiy-inqiraznin-tinc-cezilmesi-icun-butun-kuclerni-sarf-etmege-cagirdi\\\/\"},\"author\":{\"name\":\"Developer\",\"@id\":\"https:\\\/\\\/qtmm.org\\\/qt\\\/#\\\/schema\\\/person\\\/de562469f971dec226ac06e60bbf74a7\"},\"headline\":\"Q\u0131r\u0131m Yuqar\u0131 \u015euras\u0131n\u0131\u00f1 \u00abQurultay-Ruh\u00bb fraktsiyas\u0131n\u0131\u00f1 azas\u0131 Remzi \u0130lyasov Q\u0131r\u0131m parlamentini siyasiy inqirazn\u0131\u00f1 t\u0131n\u00e7 \u00e7ezilmesi i\u00e7\u00fcn b\u00fct\u00fcn k\u00fc\u00e7lerni sarf etmege \u00e7a\u011f\u0131rd\u0131\",\"datePublished\":\"2014-02-19T15:33:00+00:00\",\"dateModified\":\"2022-01-27T15:34:08+00:00\",\"mainEntityOfPage\":{\"@id\":\"https:\\\/\\\/qtmm.org\\\/qt\\\/qirim-yuqari-surasinin-qurultay-ruh-fraktsiyasinin-azasi-remzi-ilyasov-qirim-parlamentini-siyasiy-inqiraznin-tinc-cezilmesi-icun-butun-kuclerni-sarf-etmege-cagirdi\\\/\"},\"wordCount\":306,\"commentCount\":0,\"publisher\":{\"@id\":\"https:\\\/\\\/qtmm.org\\\/qt\\\/#organization\"},\"image\":{\"@id\":\"https:\\\/\\\/qtmm.org\\\/qt\\\/qirim-yuqari-surasinin-qurultay-ruh-fraktsiyasinin-azasi-remzi-ilyasov-qirim-parlamentini-siyasiy-inqiraznin-tinc-cezilmesi-icun-butun-kuclerni-sarf-etmege-cagirdi\\\/#primaryimage\"},\"thumbnailUrl\":\"http:\\\/\\\/qtmm.org\\\/wp-content\\\/uploads\\\/2022\\\/01\\\/r_1.ilyasov.jpg\",\"articleSection\":[\"Haberler\"],\"inLanguage\":\"qt\",\"potentialAction\":[{\"@type\":\"CommentAction\",\"name\":\"Comment\",\"target\":[\"https:\\\/\\\/qtmm.org\\\/qt\\\/qirim-yuqari-surasinin-qurultay-ruh-fraktsiyasinin-azasi-remzi-ilyasov-qirim-parlamentini-siyasiy-inqiraznin-tinc-cezilmesi-icun-butun-kuclerni-sarf-etmege-cagirdi\\\/#respond\"]}]},{\"@type\":\"WebPage\",\"@id\":\"https:\\\/\\\/qtmm.org\\\/qt\\\/qirim-yuqari-surasinin-qurultay-ruh-fraktsiyasinin-azasi-remzi-ilyasov-qirim-parlamentini-siyasiy-inqiraznin-tinc-cezilmesi-icun-butun-kuclerni-sarf-etmege-cagirdi\\\/\",\"url\":\"https:\\\/\\\/qtmm.org\\\/qt\\\/qirim-yuqari-surasinin-qurultay-ruh-fraktsiyasinin-azasi-remzi-ilyasov-qirim-parlamentini-siyasiy-inqiraznin-tinc-cezilmesi-icun-butun-kuclerni-sarf-etmege-cagirdi\\\/\",\"name\":\"Q\u0131r\u0131m Yuqar\u0131 \u015euras\u0131n\u0131\u00f1 \u00abQurultay-Ruh\u00bb fraktsiyas\u0131n\u0131\u00f1 azas\u0131 Remzi \u0130lyasov Q\u0131r\u0131m parlamentini siyasiy inqirazn\u0131\u00f1 t\u0131n\u00e7 \u00e7ezilmesi i\u00e7\u00fcn b\u00fct\u00fcn k\u00fc\u00e7lerni sarf etmege \u00e7a\u011f\u0131rd\u0131 - \u041c\u0435\u0434\u0436\u043b\u0456\u0441\",\"isPartOf\":{\"@id\":\"https:\\\/\\\/qtmm.org\\\/qt\\\/#website\"},\"primaryImageOfPage\":{\"@id\":\"https:\\\/\\\/qtmm.org\\\/qt\\\/qirim-yuqari-surasinin-qurultay-ruh-fraktsiyasinin-azasi-remzi-ilyasov-qirim-parlamentini-siyasiy-inqiraznin-tinc-cezilmesi-icun-butun-kuclerni-sarf-etmege-cagirdi\\\/#primaryimage\"},\"image\":{\"@id\":\"https:\\\/\\\/qtmm.org\\\/qt\\\/qirim-yuqari-surasinin-qurultay-ruh-fraktsiyasinin-azasi-remzi-ilyasov-qirim-parlamentini-siyasiy-inqiraznin-tinc-cezilmesi-icun-butun-kuclerni-sarf-etmege-cagirdi\\\/#primaryimage\"},\"thumbnailUrl\":\"http:\\\/\\\/qtmm.org\\\/wp-content\\\/uploads\\\/2022\\\/01\\\/r_1.ilyasov.jpg\",\"datePublished\":\"2014-02-19T15:33:00+00:00\",\"dateModified\":\"2022-01-27T15:34:08+00:00\",\"breadcrumb\":{\"@id\":\"https:\\\/\\\/qtmm.org\\\/qt\\\/qirim-yuqari-surasinin-qurultay-ruh-fraktsiyasinin-azasi-remzi-ilyasov-qirim-parlamentini-siyasiy-inqiraznin-tinc-cezilmesi-icun-butun-kuclerni-sarf-etmege-cagirdi\\\/#breadcrumb\"},\"inLanguage\":\"qt\",\"potentialAction\":[{\"@type\":\"ReadAction\",\"target\":[\"https:\\\/\\\/qtmm.org\\\/qt\\\/qirim-yuqari-surasinin-qurultay-ruh-fraktsiyasinin-azasi-remzi-ilyasov-qirim-parlamentini-siyasiy-inqiraznin-tinc-cezilmesi-icun-butun-kuclerni-sarf-etmege-cagirdi\\\/\"]}]},{\"@type\":\"ImageObject\",\"inLanguage\":\"qt\",\"@id\":\"https:\\\/\\\/qtmm.org\\\/qt\\\/qirim-yuqari-surasinin-qurultay-ruh-fraktsiyasinin-azasi-remzi-ilyasov-qirim-parlamentini-siyasiy-inqiraznin-tinc-cezilmesi-icun-butun-kuclerni-sarf-etmege-cagirdi\\\/#primaryimage\",\"url\":\"http:\\\/\\\/qtmm.org\\\/wp-content\\\/uploads\\\/2022\\\/01\\\/r_1.ilyasov.jpg\",\"contentUrl\":\"http:\\\/\\\/qtmm.org\\\/wp-content\\\/uploads\\\/2022\\\/01\\\/r_1.ilyasov.jpg\"},{\"@type\":\"BreadcrumbList\",\"@id\":\"https:\\\/\\\/qtmm.org\\\/qt\\\/qirim-yuqari-surasinin-qurultay-ruh-fraktsiyasinin-azasi-remzi-ilyasov-qirim-parlamentini-siyasiy-inqiraznin-tinc-cezilmesi-icun-butun-kuclerni-sarf-etmege-cagirdi\\\/#breadcrumb\",\"itemListElement\":[{\"@type\":\"ListItem\",\"position\":1,\"name\":\"\u0413\u043e\u043b\u043e\u0432\u043d\u0430\",\"item\":\"https:\\\/\\\/qtmm.org\\\/qt\\\/\"},{\"@type\":\"ListItem\",\"position\":2,\"name\":\"Q\u0131r\u0131m Yuqar\u0131 \u015euras\u0131n\u0131\u00f1 \u00abQurultay-Ruh\u00bb fraktsiyas\u0131n\u0131\u00f1 azas\u0131 Remzi \u0130lyasov Q\u0131r\u0131m parlamentini siyasiy inqirazn\u0131\u00f1 t\u0131n\u00e7 \u00e7ezilmesi i\u00e7\u00fcn b\u00fct\u00fcn k\u00fc\u00e7lerni sarf etmege \u00e7a\u011f\u0131rd\u0131\"}]},{\"@type\":\"WebSite\",\"@id\":\"https:\\\/\\\/qtmm.org\\\/qt\\\/#website\",\"url\":\"https:\\\/\\\/qtmm.org\\\/qt\\\/\",\"name\":\"\u041c\u0435\u0434\u0436\u043b\u0456\u0441\",\"description\":\"\",\"publisher\":{\"@id\":\"https:\\\/\\\/qtmm.org\\\/qt\\\/#organization\"},\"potentialAction\":[{\"@type\":\"SearchAction\",\"target\":{\"@type\":\"EntryPoint\",\"urlTemplate\":\"https:\\\/\\\/qtmm.org\\\/qt\\\/?s={search_term_string}\"},\"query-input\":{\"@type\":\"PropertyValueSpecification\",\"valueRequired\":true,\"valueName\":\"search_term_string\"}}],\"inLanguage\":\"qt\"},{\"@type\":\"Organization\",\"@id\":\"https:\\\/\\\/qtmm.org\\\/qt\\\/#organization\",\"name\":\"\u041c\u0435\u0434\u0436\u043b\u0456\u0441\",\"url\":\"https:\\\/\\\/qtmm.org\\\/qt\\\/\",\"logo\":{\"@type\":\"ImageObject\",\"inLanguage\":\"qt\",\"@id\":\"https:\\\/\\\/qtmm.org\\\/qt\\\/#\\\/schema\\\/logo\\\/image\\\/\",\"url\":\"https:\\\/\\\/qtmm.org\\\/wp-content\\\/uploads\\\/2024\\\/12\\\/ua-mejlis-logo-rgb.svg\",\"contentUrl\":\"https:\\\/\\\/qtmm.org\\\/wp-content\\\/uploads\\\/2024\\\/12\\\/ua-mejlis-logo-rgb.svg\",\"caption\":\"\u041c\u0435\u0434\u0436\u043b\u0456\u0441\"},\"image\":{\"@id\":\"https:\\\/\\\/qtmm.org\\\/qt\\\/#\\\/schema\\\/logo\\\/image\\\/\"},\"sameAs\":[\"https:\\\/\\\/www.facebook.com\\\/qtmm.info\\\/\"]},{\"@type\":\"Person\",\"@id\":\"https:\\\/\\\/qtmm.org\\\/qt\\\/#\\\/schema\\\/person\\\/de562469f971dec226ac06e60bbf74a7\",\"name\":\"Developer\",\"image\":{\"@type\":\"ImageObject\",\"inLanguage\":\"qt\",\"@id\":\"https:\\\/\\\/secure.gravatar.com\\\/avatar\\\/392b4cc8fbfeb00b39dfeeab4ee6edded39ffd48e25858637e4765810300227e?s=96&d=mm&r=g\",\"url\":\"https:\\\/\\\/secure.gravatar.com\\\/avatar\\\/392b4cc8fbfeb00b39dfeeab4ee6edded39ffd48e25858637e4765810300227e?s=96&d=mm&r=g\",\"contentUrl\":\"https:\\\/\\\/secure.gravatar.com\\\/avatar\\\/392b4cc8fbfeb00b39dfeeab4ee6edded39ffd48e25858637e4765810300227e?s=96&d=mm&r=g\",\"caption\":\"Developer\"},\"url\":\"https:\\\/\\\/qtmm.org\\\/qt\\\/author\\\/Developer\\\/\"}]}<\/script>\n<!-- \/ Yoast SEO plugin. -->","yoast_head_json":{"title":"Q\u0131r\u0131m Yuqar\u0131 \u015euras\u0131n\u0131\u00f1 \u00abQurultay-Ruh\u00bb fraktsiyas\u0131n\u0131\u00f1 azas\u0131 Remzi \u0130lyasov Q\u0131r\u0131m parlamentini siyasiy inqirazn\u0131\u00f1 t\u0131n\u00e7 \u00e7ezilmesi i\u00e7\u00fcn b\u00fct\u00fcn k\u00fc\u00e7lerni sarf etmege \u00e7a\u011f\u0131rd\u0131 - \u041c\u0435\u0434\u0436\u043b\u0456\u0441","robots":{"index":"index","follow":"follow","max-snippet":"max-snippet:-1","max-image-preview":"max-image-preview:large","max-video-preview":"max-video-preview:-1"},"canonical":"https:\/\/qtmm.org\/qt\/qirim-yuqari-surasinin-qurultay-ruh-fraktsiyasinin-azasi-remzi-ilyasov-qirim-parlamentini-siyasiy-inqiraznin-tinc-cezilmesi-icun-butun-kuclerni-sarf-etmege-cagirdi\/","og_locale":"en_US","og_type":"article","og_title":"Q\u0131r\u0131m Yuqar\u0131 \u015euras\u0131n\u0131\u00f1 \u00abQurultay-Ruh\u00bb fraktsiyas\u0131n\u0131\u00f1 azas\u0131 Remzi \u0130lyasov Q\u0131r\u0131m parlamentini siyasiy inqirazn\u0131\u00f1 t\u0131n\u00e7 \u00e7ezilmesi i\u00e7\u00fcn b\u00fct\u00fcn k\u00fc\u00e7lerni sarf etmege \u00e7a\u011f\u0131rd\u0131 - \u041c\u0435\u0434\u0436\u043b\u0456\u0441","og_description":"&#8220;Ukrainada facia y\u00fcz berdi ve biz qan t\u00f6k\u00fclmesi, k\u00fc\u00e7 i\u015fletilmesine yol berilmemek kerekligini a\u00f1lamal\u0131m\u0131z, &#8211; dedi Q\u0131r\u0131m Yuqar\u0131 \u015euras\u0131n\u0131\u00f1 &#8220;Qurultay-Ruh&#8221; fraktsiyas\u0131n\u0131\u00f1 azas\u0131 Remzi \u0130lyasov fevral 19 k\u00fcn\u00fc Ukrainadaki siyasiy-i\u00e7timaiy vaziyet ve fevral 18 k\u00fcn\u00fc Kiyevdeki \u00e7at\u0131\u015fmalarn\u0131\u00f1 \u015fiddetle\u015fmesi muzakere etilgende. \u2013 Men \u015fun\u0131 da s\u00f6ylemege isteyim ki, eki taraf da davan\u0131 t\u0131n\u00e7 yolnen \u00e7ezmek yollar\u0131n\u0131 q\u0131d\u0131rmaq [&hellip;]","og_url":"https:\/\/qtmm.org\/qt\/qirim-yuqari-surasinin-qurultay-ruh-fraktsiyasinin-azasi-remzi-ilyasov-qirim-parlamentini-siyasiy-inqiraznin-tinc-cezilmesi-icun-butun-kuclerni-sarf-etmege-cagirdi\/","og_site_name":"\u041c\u0435\u0434\u0436\u043b\u0456\u0441","article_publisher":"https:\/\/www.facebook.com\/qtmm.info\/","article_published_time":"2014-02-19T15:33:00+00:00","article_modified_time":"2022-01-27T15:34:08+00:00","og_image":[{"width":670,"height":310,"url":"https:\/\/qtmm.org\/wp-content\/uploads\/2022\/01\/r_1.ilyasov.jpg","type":"image\/jpeg"}],"author":"Developer","twitter_card":"summary_large_image","twitter_misc":{"Written by":"Developer","Est. reading time":"1 minute"},"schema":{"@context":"https:\/\/schema.org","@graph":[{"@type":"Article","@id":"https:\/\/qtmm.org\/qt\/qirim-yuqari-surasinin-qurultay-ruh-fraktsiyasinin-azasi-remzi-ilyasov-qirim-parlamentini-siyasiy-inqiraznin-tinc-cezilmesi-icun-butun-kuclerni-sarf-etmege-cagirdi\/#article","isPartOf":{"@id":"https:\/\/qtmm.org\/qt\/qirim-yuqari-surasinin-qurultay-ruh-fraktsiyasinin-azasi-remzi-ilyasov-qirim-parlamentini-siyasiy-inqiraznin-tinc-cezilmesi-icun-butun-kuclerni-sarf-etmege-cagirdi\/"},"author":{"name":"Developer","@id":"https:\/\/qtmm.org\/qt\/#\/schema\/person\/de562469f971dec226ac06e60bbf74a7"},"headline":"Q\u0131r\u0131m Yuqar\u0131 \u015euras\u0131n\u0131\u00f1 \u00abQurultay-Ruh\u00bb fraktsiyas\u0131n\u0131\u00f1 azas\u0131 Remzi \u0130lyasov Q\u0131r\u0131m parlamentini siyasiy inqirazn\u0131\u00f1 t\u0131n\u00e7 \u00e7ezilmesi i\u00e7\u00fcn b\u00fct\u00fcn k\u00fc\u00e7lerni sarf etmege \u00e7a\u011f\u0131rd\u0131","datePublished":"2014-02-19T15:33:00+00:00","dateModified":"2022-01-27T15:34:08+00:00","mainEntityOfPage":{"@id":"https:\/\/qtmm.org\/qt\/qirim-yuqari-surasinin-qurultay-ruh-fraktsiyasinin-azasi-remzi-ilyasov-qirim-parlamentini-siyasiy-inqiraznin-tinc-cezilmesi-icun-butun-kuclerni-sarf-etmege-cagirdi\/"},"wordCount":306,"commentCount":0,"publisher":{"@id":"https:\/\/qtmm.org\/qt\/#organization"},"image":{"@id":"https:\/\/qtmm.org\/qt\/qirim-yuqari-surasinin-qurultay-ruh-fraktsiyasinin-azasi-remzi-ilyasov-qirim-parlamentini-siyasiy-inqiraznin-tinc-cezilmesi-icun-butun-kuclerni-sarf-etmege-cagirdi\/#primaryimage"},"thumbnailUrl":"http:\/\/qtmm.org\/wp-content\/uploads\/2022\/01\/r_1.ilyasov.jpg","articleSection":["Haberler"],"inLanguage":"qt","potentialAction":[{"@type":"CommentAction","name":"Comment","target":["https:\/\/qtmm.org\/qt\/qirim-yuqari-surasinin-qurultay-ruh-fraktsiyasinin-azasi-remzi-ilyasov-qirim-parlamentini-siyasiy-inqiraznin-tinc-cezilmesi-icun-butun-kuclerni-sarf-etmege-cagirdi\/#respond"]}]},{"@type":"WebPage","@id":"https:\/\/qtmm.org\/qt\/qirim-yuqari-surasinin-qurultay-ruh-fraktsiyasinin-azasi-remzi-ilyasov-qirim-parlamentini-siyasiy-inqiraznin-tinc-cezilmesi-icun-butun-kuclerni-sarf-etmege-cagirdi\/","url":"https:\/\/qtmm.org\/qt\/qirim-yuqari-surasinin-qurultay-ruh-fraktsiyasinin-azasi-remzi-ilyasov-qirim-parlamentini-siyasiy-inqiraznin-tinc-cezilmesi-icun-butun-kuclerni-sarf-etmege-cagirdi\/","name":"Q\u0131r\u0131m Yuqar\u0131 \u015euras\u0131n\u0131\u00f1 \u00abQurultay-Ruh\u00bb fraktsiyas\u0131n\u0131\u00f1 azas\u0131 Remzi \u0130lyasov Q\u0131r\u0131m parlamentini siyasiy inqirazn\u0131\u00f1 t\u0131n\u00e7 \u00e7ezilmesi i\u00e7\u00fcn b\u00fct\u00fcn k\u00fc\u00e7lerni sarf etmege \u00e7a\u011f\u0131rd\u0131 - \u041c\u0435\u0434\u0436\u043b\u0456\u0441","isPartOf":{"@id":"https:\/\/qtmm.org\/qt\/#website"},"primaryImageOfPage":{"@id":"https:\/\/qtmm.org\/qt\/qirim-yuqari-surasinin-qurultay-ruh-fraktsiyasinin-azasi-remzi-ilyasov-qirim-parlamentini-siyasiy-inqiraznin-tinc-cezilmesi-icun-butun-kuclerni-sarf-etmege-cagirdi\/#primaryimage"},"image":{"@id":"https:\/\/qtmm.org\/qt\/qirim-yuqari-surasinin-qurultay-ruh-fraktsiyasinin-azasi-remzi-ilyasov-qirim-parlamentini-siyasiy-inqiraznin-tinc-cezilmesi-icun-butun-kuclerni-sarf-etmege-cagirdi\/#primaryimage"},"thumbnailUrl":"http:\/\/qtmm.org\/wp-content\/uploads\/2022\/01\/r_1.ilyasov.jpg","datePublished":"2014-02-19T15:33:00+00:00","dateModified":"2022-01-27T15:34:08+00:00","breadcrumb":{"@id":"https:\/\/qtmm.org\/qt\/qirim-yuqari-surasinin-qurultay-ruh-fraktsiyasinin-azasi-remzi-ilyasov-qirim-parlamentini-siyasiy-inqiraznin-tinc-cezilmesi-icun-butun-kuclerni-sarf-etmege-cagirdi\/#breadcrumb"},"inLanguage":"qt","potentialAction":[{"@type":"ReadAction","target":["https:\/\/qtmm.org\/qt\/qirim-yuqari-surasinin-qurultay-ruh-fraktsiyasinin-azasi-remzi-ilyasov-qirim-parlamentini-siyasiy-inqiraznin-tinc-cezilmesi-icun-butun-kuclerni-sarf-etmege-cagirdi\/"]}]},{"@type":"ImageObject","inLanguage":"qt","@id":"https:\/\/qtmm.org\/qt\/qirim-yuqari-surasinin-qurultay-ruh-fraktsiyasinin-azasi-remzi-ilyasov-qirim-parlamentini-siyasiy-inqiraznin-tinc-cezilmesi-icun-butun-kuclerni-sarf-etmege-cagirdi\/#primaryimage","url":"http:\/\/qtmm.org\/wp-content\/uploads\/2022\/01\/r_1.ilyasov.jpg","contentUrl":"http:\/\/qtmm.org\/wp-content\/uploads\/2022\/01\/r_1.ilyasov.jpg"},{"@type":"BreadcrumbList","@id":"https:\/\/qtmm.org\/qt\/qirim-yuqari-surasinin-qurultay-ruh-fraktsiyasinin-azasi-remzi-ilyasov-qirim-parlamentini-siyasiy-inqiraznin-tinc-cezilmesi-icun-butun-kuclerni-sarf-etmege-cagirdi\/#breadcrumb","itemListElement":[{"@type":"ListItem","position":1,"name":"\u0413\u043e\u043b\u043e\u0432\u043d\u0430","item":"https:\/\/qtmm.org\/qt\/"},{"@type":"ListItem","position":2,"name":"Q\u0131r\u0131m Yuqar\u0131 \u015euras\u0131n\u0131\u00f1 \u00abQurultay-Ruh\u00bb fraktsiyas\u0131n\u0131\u00f1 azas\u0131 Remzi \u0130lyasov Q\u0131r\u0131m parlamentini siyasiy inqirazn\u0131\u00f1 t\u0131n\u00e7 \u00e7ezilmesi i\u00e7\u00fcn b\u00fct\u00fcn k\u00fc\u00e7lerni sarf etmege \u00e7a\u011f\u0131rd\u0131"}]},{"@type":"WebSite","@id":"https:\/\/qtmm.org\/qt\/#website","url":"https:\/\/qtmm.org\/qt\/","name":"\u041c\u0435\u0434\u0436\u043b\u0456\u0441","description":"","publisher":{"@id":"https:\/\/qtmm.org\/qt\/#organization"},"potentialAction":[{"@type":"SearchAction","target":{"@type":"EntryPoint","urlTemplate":"https:\/\/qtmm.org\/qt\/?s={search_term_string}"},"query-input":{"@type":"PropertyValueSpecification","valueRequired":true,"valueName":"search_term_string"}}],"inLanguage":"qt"},{"@type":"Organization","@id":"https:\/\/qtmm.org\/qt\/#organization","name":"\u041c\u0435\u0434\u0436\u043b\u0456\u0441","url":"https:\/\/qtmm.org\/qt\/","logo":{"@type":"ImageObject","inLanguage":"qt","@id":"https:\/\/qtmm.org\/qt\/#\/schema\/logo\/image\/","url":"https:\/\/qtmm.org\/wp-content\/uploads\/2024\/12\/ua-mejlis-logo-rgb.svg","contentUrl":"https:\/\/qtmm.org\/wp-content\/uploads\/2024\/12\/ua-mejlis-logo-rgb.svg","caption":"\u041c\u0435\u0434\u0436\u043b\u0456\u0441"},"image":{"@id":"https:\/\/qtmm.org\/qt\/#\/schema\/logo\/image\/"},"sameAs":["https:\/\/www.facebook.com\/qtmm.info\/"]},{"@type":"Person","@id":"https:\/\/qtmm.org\/qt\/#\/schema\/person\/de562469f971dec226ac06e60bbf74a7","name":"Developer","image":{"@type":"ImageObject","inLanguage":"qt","@id":"https:\/\/secure.gravatar.com\/avatar\/392b4cc8fbfeb00b39dfeeab4ee6edded39ffd48e25858637e4765810300227e?s=96&d=mm&r=g","url":"https:\/\/secure.gravatar.com\/avatar\/392b4cc8fbfeb00b39dfeeab4ee6edded39ffd48e25858637e4765810300227e?s=96&d=mm&r=g","contentUrl":"https:\/\/secure.gravatar.com\/avatar\/392b4cc8fbfeb00b39dfeeab4ee6edded39ffd48e25858637e4765810300227e?s=96&d=mm&r=g","caption":"Developer"},"url":"https:\/\/qtmm.org\/qt\/author\/Developer\/"}]}},"_links":{"self":[{"href":"https:\/\/qtmm.org\/qt\/wp-json\/wp\/v2\/posts\/43291","targetHints":{"allow":["GET"]}}],"collection":[{"href":"https:\/\/qtmm.org\/qt\/wp-json\/wp\/v2\/posts"}],"about":[{"href":"https:\/\/qtmm.org\/qt\/wp-json\/wp\/v2\/types\/post"}],"author":[{"embeddable":true,"href":"https:\/\/qtmm.org\/qt\/wp-json\/wp\/v2\/users\/1"}],"replies":[{"embeddable":true,"href":"https:\/\/qtmm.org\/qt\/wp-json\/wp\/v2\/comments?post=43291"}],"version-history":[{"count":1,"href":"https:\/\/qtmm.org\/qt\/wp-json\/wp\/v2\/posts\/43291\/revisions"}],"predecessor-version":[{"id":43296,"href":"https:\/\/qtmm.org\/qt\/wp-json\/wp\/v2\/posts\/43291\/revisions\/43296"}],"wp:attachment":[{"href":"https:\/\/qtmm.org\/qt\/wp-json\/wp\/v2\/media?parent=43291"}],"wp:term":[{"taxonomy":"category","embeddable":true,"href":"https:\/\/qtmm.org\/qt\/wp-json\/wp\/v2\/categories?post=43291"},{"taxonomy":"post_tag","embeddable":true,"href":"https:\/\/qtmm.org\/qt\/wp-json\/wp\/v2\/tags?post=43291"}],"curies":[{"name":"wp","href":"https:\/\/api.w.org\/{rel}","templated":true}]}}