




{"id":43285,"date":"2014-02-19T18:32:00","date_gmt":"2014-02-19T15:32:00","guid":{"rendered":"http:\/\/qtmm.org\/?p=43285"},"modified":"2022-01-27T18:33:20","modified_gmt":"2022-01-27T15:33:20","slug":"refat-cubarov-er-bir-muhtariyetnin-angi-devlet-erkaninda-olmasin-inkisafi-ilk-evela-onin-sakinlerinin-barisigina-baglidir","status":"publish","type":"post","link":"https:\/\/qtmm.org\/qt\/refat-cubarov-er-bir-muhtariyetnin-angi-devlet-erkaninda-olmasin-inkisafi-ilk-evela-onin-sakinlerinin-barisigina-baglidir\/","title":{"rendered":"Refat \u00c7ubarov: \u00abEr bir muhtariyetni\u00f1, angi devlet erk\u00e2n\u0131nda olmas\u0131n, inki\u015faf\u0131 ilk-evel\u00e2 on\u0131\u00f1 sakinlerini\u00f1 bar\u0131\u015f\u0131\u011f\u0131na ba\u011fl\u0131d\u0131r"},"content":{"rendered":"\n<p>Refat \u00c7ubarovn\u0131\u00f1 fikrince Er angi muhtariyetni\u00f1, angi devlet erk\u00e2n\u0131nda olmas\u0131n, inki\u015faf\u0131 ilk-evel\u00e2 on\u0131\u00f1 sakinlerini\u00f1 bar\u0131\u015f\u0131\u011f\u0131na ba\u011fl\u0131d\u0131r. Bu aqta &#8220;Kurultay-Ruh&#8221; fraktsiyas\u0131n\u0131\u00f1 ba\u015f\u0131 Q\u0131r\u0131m Yuqar\u0131 \u015euras\u0131n\u0131\u00f1 fevral 19-da yapqan \u00e7\u0131q\u0131\u015f\u0131nda &#8220;Q\u0131r\u0131m anayasa-uquqiy status\u0131n\u0131 m\u00fckemmelle\u015ftir\u00fcv ve muhtariyet vek\u00e2letliklerini artt\u0131ruv aqq\u0131nda&#8221;ki qarar leyhas\u0131n\u0131 izaatlayaraq aytt\u0131.<\/p>\n\n\n\n<p>&#8220;Eger muhtariyet i\u00e7inde bar\u0131\u015f\u0131q \u00fck\u00fcm s\u00fcrse, devlet merkezinen vek\u00e2letlerni belgilevnen ba\u011f\u0131 meseleler baya\u011f\u0131 qolay ve insanlar i\u00e7\u00fcn faydal\u0131 \u015fekilde \u00e7ezilebilir, &#8211; dedi eminliknen fraktsiya yolba\u015f\u00e7\u0131s\u0131. \u2013 Em bu sadece zay\u0131fl\u0131q degil, 22 y\u0131ldan berli k\u00f6zetilip kelgen ya\u00f1l\u0131\u015f inki\u015faft\u0131r. Bu salonda otur\u011fanlarn\u0131\u00f1 bir \u00e7oqlar\u0131 er bir meseleni qol k\u00f6ter\u00fcvnen \u00e7ezmek m\u00fcmk\u00fcn, \u00e7oqmilletli ve \u00e7oq dinli cemiyette \u00e7oqluq azl\u0131qn\u0131 &#8220;bast\u0131r\u0131r&#8221; dep oylay ediler.<\/p>\n\n\n\n<figure class=\"wp-block-image size-full\"><img loading=\"lazy\" decoding=\"async\" width=\"670\" height=\"310\" src=\"http:\/\/qtmm.org\/wp-content\/uploads\/2022\/01\/52bafe38d78ae.jpeg\" alt=\"\" class=\"wp-image-43286\" srcset=\"https:\/\/qtmm.org\/wp-content\/uploads\/2022\/01\/52bafe38d78ae.jpeg 670w, https:\/\/qtmm.org\/wp-content\/uploads\/2022\/01\/52bafe38d78ae-300x139.jpeg 300w\" sizes=\"auto, (max-width: 670px) 100vw, 670px\" \/><\/figure>\n\n\n\n<p>R.\u00c7ubarov muhtariyet qurulmas\u0131 birinci nevbette menfaatlar, mes\u00fcliet ve aqlar musaviyligini k\u00f6zde tuta, dep a\u00f1latt\u0131.<\/p>\n\n\n\n<p>&#8220;Eger biz muhtariyetimizni\u00f1 qaviy inki\u015faf etmesini istesek, Q\u0131r\u0131mda ya\u015fa\u011fan epsi halqlarn\u0131\u00f1 te\u00f1 inki\u015faf\u0131n\u0131 teminlegen mehanizmlerni de k\u00f6z \u00f6g\u00fcne almaq kerekmiz. Ba\u015fqa yolu yoqt\u0131r, &#8211; dedi R. \u00c7ubarov.<\/p>\n\n\n\n<p>Bundan da \u011fayr\u0131, &#8220;Kurultay-Ruh&#8221; fraktsiyas\u0131n\u0131\u00f1 ba\u015f\u0131 \u015fun\u0131 da hat\u0131rlatt\u0131 ki, q\u0131r\u0131mtatarlarn\u0131\u00f1 Q\u0131r\u0131m ve Ukraina t\u0131\u015f\u0131nda ba\u015fqa vatan\u0131 yoqt\u0131r. &#8220;M\u0131nda otur\u011fanlarn\u0131\u00f1 baz\u0131lar\u0131 kibi bizim halq\u0131m\u0131zn\u0131\u00f1 muracaat etecek i\u00e7 kimsesi yoqt\u0131r. Biz tek m\u0131nda, Q\u0131r\u0131mdaki qom\u015fular\u0131m\u0131z\u011fa, b\u00fct\u00fcn Q\u0131r\u0131m cemiyetine ve ukrain devletine muracaat etebilemiz&#8221;, &#8211; dedi R.\u00c7ubarov.<\/p>\n","protected":false},"excerpt":{"rendered":"<p>Refat \u00c7ubarovn\u0131\u00f1 fikrince Er angi muhtariyetni\u00f1, angi devlet erk\u00e2n\u0131nda olmas\u0131n, inki\u015faf\u0131 ilk-evel\u00e2 on\u0131\u00f1 sakinlerini\u00f1 bar\u0131\u015f\u0131\u011f\u0131na ba\u011fl\u0131d\u0131r. Bu aqta &#8220;Kurultay-Ruh&#8221; fraktsiyas\u0131n\u0131\u00f1 ba\u015f\u0131 Q\u0131r\u0131m Yuqar\u0131 \u015euras\u0131n\u0131\u00f1 fevral 19-da yapqan \u00e7\u0131q\u0131\u015f\u0131nda &#8220;Q\u0131r\u0131m anayasa-uquqiy status\u0131n\u0131 m\u00fckemmelle\u015ftir\u00fcv ve muhtariyet vek\u00e2letliklerini artt\u0131ruv aqq\u0131nda&#8221;ki qarar leyhas\u0131n\u0131 izaatlayaraq aytt\u0131. &#8220;Eger muhtariyet i\u00e7inde bar\u0131\u015f\u0131q \u00fck\u00fcm s\u00fcrse, devlet merkezinen vek\u00e2letlerni belgilevnen ba\u011f\u0131 meseleler baya\u011f\u0131 qolay [&hellip;]<\/p>\n","protected":false},"author":1,"featured_media":0,"comment_status":"open","ping_status":"open","sticky":false,"template":"","format":"standard","meta":{"inline_featured_image":false,"footnotes":""},"categories":[265],"tags":[],"class_list":["post-43285","post","type-post","status-publish","format-standard","hentry","category-haberler"],"acf":[],"yoast_head":"<!-- This site is optimized with the Yoast SEO plugin v27.4 - https:\/\/yoast.com\/product\/yoast-seo-wordpress\/ -->\n<title>Refat \u00c7ubarov: \u00abEr bir muhtariyetni\u00f1, angi devlet erk\u00e2n\u0131nda olmas\u0131n, inki\u015faf\u0131 ilk-evel\u00e2 on\u0131\u00f1 sakinlerini\u00f1 bar\u0131\u015f\u0131\u011f\u0131na ba\u011fl\u0131d\u0131r - \u041c\u0435\u0434\u0436\u043b\u0456\u0441<\/title>\n<meta name=\"robots\" content=\"index, follow, max-snippet:-1, max-image-preview:large, max-video-preview:-1\" \/>\n<link rel=\"canonical\" href=\"https:\/\/qtmm.org\/qt\/refat-cubarov-er-bir-muhtariyetnin-angi-devlet-erkaninda-olmasin-inkisafi-ilk-evela-onin-sakinlerinin-barisigina-baglidir\/\" \/>\n<meta property=\"og:locale\" content=\"en_US\" \/>\n<meta property=\"og:type\" content=\"article\" \/>\n<meta property=\"og:title\" content=\"Refat \u00c7ubarov: \u00abEr bir muhtariyetni\u00f1, angi devlet erk\u00e2n\u0131nda olmas\u0131n, inki\u015faf\u0131 ilk-evel\u00e2 on\u0131\u00f1 sakinlerini\u00f1 bar\u0131\u015f\u0131\u011f\u0131na ba\u011fl\u0131d\u0131r - \u041c\u0435\u0434\u0436\u043b\u0456\u0441\" \/>\n<meta property=\"og:description\" content=\"Refat \u00c7ubarovn\u0131\u00f1 fikrince Er angi muhtariyetni\u00f1, angi devlet erk\u00e2n\u0131nda olmas\u0131n, inki\u015faf\u0131 ilk-evel\u00e2 on\u0131\u00f1 sakinlerini\u00f1 bar\u0131\u015f\u0131\u011f\u0131na ba\u011fl\u0131d\u0131r. Bu aqta &#8220;Kurultay-Ruh&#8221; fraktsiyas\u0131n\u0131\u00f1 ba\u015f\u0131 Q\u0131r\u0131m Yuqar\u0131 \u015euras\u0131n\u0131\u00f1 fevral 19-da yapqan \u00e7\u0131q\u0131\u015f\u0131nda &#8220;Q\u0131r\u0131m anayasa-uquqiy status\u0131n\u0131 m\u00fckemmelle\u015ftir\u00fcv ve muhtariyet vek\u00e2letliklerini artt\u0131ruv aqq\u0131nda&#8221;ki qarar leyhas\u0131n\u0131 izaatlayaraq aytt\u0131. &#8220;Eger muhtariyet i\u00e7inde bar\u0131\u015f\u0131q \u00fck\u00fcm s\u00fcrse, devlet merkezinen vek\u00e2letlerni belgilevnen ba\u011f\u0131 meseleler baya\u011f\u0131 qolay [&hellip;]\" \/>\n<meta property=\"og:url\" content=\"https:\/\/qtmm.org\/qt\/refat-cubarov-er-bir-muhtariyetnin-angi-devlet-erkaninda-olmasin-inkisafi-ilk-evela-onin-sakinlerinin-barisigina-baglidir\/\" \/>\n<meta property=\"og:site_name\" content=\"\u041c\u0435\u0434\u0436\u043b\u0456\u0441\" \/>\n<meta property=\"article:publisher\" content=\"https:\/\/www.facebook.com\/qtmm.info\/\" \/>\n<meta property=\"article:published_time\" content=\"2014-02-19T15:32:00+00:00\" \/>\n<meta property=\"article:modified_time\" content=\"2022-01-27T15:33:20+00:00\" \/>\n<meta property=\"og:image\" content=\"https:\/\/qtmm.org\/wp-content\/uploads\/2022\/01\/52bafe38d78ae.jpeg\" \/>\n\t<meta property=\"og:image:width\" content=\"670\" \/>\n\t<meta property=\"og:image:height\" content=\"310\" \/>\n\t<meta property=\"og:image:type\" content=\"image\/jpeg\" \/>\n<meta name=\"author\" content=\"Developer\" \/>\n<meta name=\"twitter:card\" content=\"summary_large_image\" \/>\n<meta name=\"twitter:label1\" content=\"Written by\" \/>\n\t<meta name=\"twitter:data1\" content=\"Developer\" \/>\n\t<meta name=\"twitter:label2\" content=\"Est. reading time\" \/>\n\t<meta name=\"twitter:data2\" content=\"1 minute\" \/>\n<script type=\"application\/ld+json\" class=\"yoast-schema-graph\">{\"@context\":\"https:\\\/\\\/schema.org\",\"@graph\":[{\"@type\":\"Article\",\"@id\":\"https:\\\/\\\/qtmm.org\\\/qt\\\/refat-cubarov-er-bir-muhtariyetnin-angi-devlet-erkaninda-olmasin-inkisafi-ilk-evela-onin-sakinlerinin-barisigina-baglidir\\\/#article\",\"isPartOf\":{\"@id\":\"https:\\\/\\\/qtmm.org\\\/qt\\\/refat-cubarov-er-bir-muhtariyetnin-angi-devlet-erkaninda-olmasin-inkisafi-ilk-evela-onin-sakinlerinin-barisigina-baglidir\\\/\"},\"author\":{\"name\":\"Developer\",\"@id\":\"https:\\\/\\\/qtmm.org\\\/qt\\\/#\\\/schema\\\/person\\\/de562469f971dec226ac06e60bbf74a7\"},\"headline\":\"Refat \u00c7ubarov: \u00abEr bir muhtariyetni\u00f1, angi devlet erk\u00e2n\u0131nda olmas\u0131n, inki\u015faf\u0131 ilk-evel\u00e2 on\u0131\u00f1 sakinlerini\u00f1 bar\u0131\u015f\u0131\u011f\u0131na ba\u011fl\u0131d\u0131r\",\"datePublished\":\"2014-02-19T15:32:00+00:00\",\"dateModified\":\"2022-01-27T15:33:20+00:00\",\"mainEntityOfPage\":{\"@id\":\"https:\\\/\\\/qtmm.org\\\/qt\\\/refat-cubarov-er-bir-muhtariyetnin-angi-devlet-erkaninda-olmasin-inkisafi-ilk-evela-onin-sakinlerinin-barisigina-baglidir\\\/\"},\"wordCount\":297,\"commentCount\":0,\"publisher\":{\"@id\":\"https:\\\/\\\/qtmm.org\\\/qt\\\/#organization\"},\"image\":{\"@id\":\"https:\\\/\\\/qtmm.org\\\/qt\\\/refat-cubarov-er-bir-muhtariyetnin-angi-devlet-erkaninda-olmasin-inkisafi-ilk-evela-onin-sakinlerinin-barisigina-baglidir\\\/#primaryimage\"},\"thumbnailUrl\":\"http:\\\/\\\/qtmm.org\\\/wp-content\\\/uploads\\\/2022\\\/01\\\/52bafe38d78ae.jpeg\",\"articleSection\":[\"Haberler\"],\"inLanguage\":\"qt\",\"potentialAction\":[{\"@type\":\"CommentAction\",\"name\":\"Comment\",\"target\":[\"https:\\\/\\\/qtmm.org\\\/qt\\\/refat-cubarov-er-bir-muhtariyetnin-angi-devlet-erkaninda-olmasin-inkisafi-ilk-evela-onin-sakinlerinin-barisigina-baglidir\\\/#respond\"]}]},{\"@type\":\"WebPage\",\"@id\":\"https:\\\/\\\/qtmm.org\\\/qt\\\/refat-cubarov-er-bir-muhtariyetnin-angi-devlet-erkaninda-olmasin-inkisafi-ilk-evela-onin-sakinlerinin-barisigina-baglidir\\\/\",\"url\":\"https:\\\/\\\/qtmm.org\\\/qt\\\/refat-cubarov-er-bir-muhtariyetnin-angi-devlet-erkaninda-olmasin-inkisafi-ilk-evela-onin-sakinlerinin-barisigina-baglidir\\\/\",\"name\":\"Refat \u00c7ubarov: \u00abEr bir muhtariyetni\u00f1, angi devlet erk\u00e2n\u0131nda olmas\u0131n, inki\u015faf\u0131 ilk-evel\u00e2 on\u0131\u00f1 sakinlerini\u00f1 bar\u0131\u015f\u0131\u011f\u0131na ba\u011fl\u0131d\u0131r - \u041c\u0435\u0434\u0436\u043b\u0456\u0441\",\"isPartOf\":{\"@id\":\"https:\\\/\\\/qtmm.org\\\/qt\\\/#website\"},\"primaryImageOfPage\":{\"@id\":\"https:\\\/\\\/qtmm.org\\\/qt\\\/refat-cubarov-er-bir-muhtariyetnin-angi-devlet-erkaninda-olmasin-inkisafi-ilk-evela-onin-sakinlerinin-barisigina-baglidir\\\/#primaryimage\"},\"image\":{\"@id\":\"https:\\\/\\\/qtmm.org\\\/qt\\\/refat-cubarov-er-bir-muhtariyetnin-angi-devlet-erkaninda-olmasin-inkisafi-ilk-evela-onin-sakinlerinin-barisigina-baglidir\\\/#primaryimage\"},\"thumbnailUrl\":\"http:\\\/\\\/qtmm.org\\\/wp-content\\\/uploads\\\/2022\\\/01\\\/52bafe38d78ae.jpeg\",\"datePublished\":\"2014-02-19T15:32:00+00:00\",\"dateModified\":\"2022-01-27T15:33:20+00:00\",\"breadcrumb\":{\"@id\":\"https:\\\/\\\/qtmm.org\\\/qt\\\/refat-cubarov-er-bir-muhtariyetnin-angi-devlet-erkaninda-olmasin-inkisafi-ilk-evela-onin-sakinlerinin-barisigina-baglidir\\\/#breadcrumb\"},\"inLanguage\":\"qt\",\"potentialAction\":[{\"@type\":\"ReadAction\",\"target\":[\"https:\\\/\\\/qtmm.org\\\/qt\\\/refat-cubarov-er-bir-muhtariyetnin-angi-devlet-erkaninda-olmasin-inkisafi-ilk-evela-onin-sakinlerinin-barisigina-baglidir\\\/\"]}]},{\"@type\":\"ImageObject\",\"inLanguage\":\"qt\",\"@id\":\"https:\\\/\\\/qtmm.org\\\/qt\\\/refat-cubarov-er-bir-muhtariyetnin-angi-devlet-erkaninda-olmasin-inkisafi-ilk-evela-onin-sakinlerinin-barisigina-baglidir\\\/#primaryimage\",\"url\":\"http:\\\/\\\/qtmm.org\\\/wp-content\\\/uploads\\\/2022\\\/01\\\/52bafe38d78ae.jpeg\",\"contentUrl\":\"http:\\\/\\\/qtmm.org\\\/wp-content\\\/uploads\\\/2022\\\/01\\\/52bafe38d78ae.jpeg\"},{\"@type\":\"BreadcrumbList\",\"@id\":\"https:\\\/\\\/qtmm.org\\\/qt\\\/refat-cubarov-er-bir-muhtariyetnin-angi-devlet-erkaninda-olmasin-inkisafi-ilk-evela-onin-sakinlerinin-barisigina-baglidir\\\/#breadcrumb\",\"itemListElement\":[{\"@type\":\"ListItem\",\"position\":1,\"name\":\"\u0413\u043e\u043b\u043e\u0432\u043d\u0430\",\"item\":\"https:\\\/\\\/qtmm.org\\\/qt\\\/\"},{\"@type\":\"ListItem\",\"position\":2,\"name\":\"Refat \u00c7ubarov: \u00abEr bir muhtariyetni\u00f1, angi devlet erk\u00e2n\u0131nda olmas\u0131n, inki\u015faf\u0131 ilk-evel\u00e2 on\u0131\u00f1 sakinlerini\u00f1 bar\u0131\u015f\u0131\u011f\u0131na ba\u011fl\u0131d\u0131r\"}]},{\"@type\":\"WebSite\",\"@id\":\"https:\\\/\\\/qtmm.org\\\/qt\\\/#website\",\"url\":\"https:\\\/\\\/qtmm.org\\\/qt\\\/\",\"name\":\"\u041c\u0435\u0434\u0436\u043b\u0456\u0441\",\"description\":\"\",\"publisher\":{\"@id\":\"https:\\\/\\\/qtmm.org\\\/qt\\\/#organization\"},\"potentialAction\":[{\"@type\":\"SearchAction\",\"target\":{\"@type\":\"EntryPoint\",\"urlTemplate\":\"https:\\\/\\\/qtmm.org\\\/qt\\\/?s={search_term_string}\"},\"query-input\":{\"@type\":\"PropertyValueSpecification\",\"valueRequired\":true,\"valueName\":\"search_term_string\"}}],\"inLanguage\":\"qt\"},{\"@type\":\"Organization\",\"@id\":\"https:\\\/\\\/qtmm.org\\\/qt\\\/#organization\",\"name\":\"\u041c\u0435\u0434\u0436\u043b\u0456\u0441\",\"url\":\"https:\\\/\\\/qtmm.org\\\/qt\\\/\",\"logo\":{\"@type\":\"ImageObject\",\"inLanguage\":\"qt\",\"@id\":\"https:\\\/\\\/qtmm.org\\\/qt\\\/#\\\/schema\\\/logo\\\/image\\\/\",\"url\":\"https:\\\/\\\/qtmm.org\\\/wp-content\\\/uploads\\\/2024\\\/12\\\/ua-mejlis-logo-rgb.svg\",\"contentUrl\":\"https:\\\/\\\/qtmm.org\\\/wp-content\\\/uploads\\\/2024\\\/12\\\/ua-mejlis-logo-rgb.svg\",\"caption\":\"\u041c\u0435\u0434\u0436\u043b\u0456\u0441\"},\"image\":{\"@id\":\"https:\\\/\\\/qtmm.org\\\/qt\\\/#\\\/schema\\\/logo\\\/image\\\/\"},\"sameAs\":[\"https:\\\/\\\/www.facebook.com\\\/qtmm.info\\\/\"]},{\"@type\":\"Person\",\"@id\":\"https:\\\/\\\/qtmm.org\\\/qt\\\/#\\\/schema\\\/person\\\/de562469f971dec226ac06e60bbf74a7\",\"name\":\"Developer\",\"image\":{\"@type\":\"ImageObject\",\"inLanguage\":\"qt\",\"@id\":\"https:\\\/\\\/secure.gravatar.com\\\/avatar\\\/392b4cc8fbfeb00b39dfeeab4ee6edded39ffd48e25858637e4765810300227e?s=96&d=mm&r=g\",\"url\":\"https:\\\/\\\/secure.gravatar.com\\\/avatar\\\/392b4cc8fbfeb00b39dfeeab4ee6edded39ffd48e25858637e4765810300227e?s=96&d=mm&r=g\",\"contentUrl\":\"https:\\\/\\\/secure.gravatar.com\\\/avatar\\\/392b4cc8fbfeb00b39dfeeab4ee6edded39ffd48e25858637e4765810300227e?s=96&d=mm&r=g\",\"caption\":\"Developer\"},\"url\":\"https:\\\/\\\/qtmm.org\\\/qt\\\/author\\\/Developer\\\/\"}]}<\/script>\n<!-- \/ Yoast SEO plugin. -->","yoast_head_json":{"title":"Refat \u00c7ubarov: \u00abEr bir muhtariyetni\u00f1, angi devlet erk\u00e2n\u0131nda olmas\u0131n, inki\u015faf\u0131 ilk-evel\u00e2 on\u0131\u00f1 sakinlerini\u00f1 bar\u0131\u015f\u0131\u011f\u0131na ba\u011fl\u0131d\u0131r - \u041c\u0435\u0434\u0436\u043b\u0456\u0441","robots":{"index":"index","follow":"follow","max-snippet":"max-snippet:-1","max-image-preview":"max-image-preview:large","max-video-preview":"max-video-preview:-1"},"canonical":"https:\/\/qtmm.org\/qt\/refat-cubarov-er-bir-muhtariyetnin-angi-devlet-erkaninda-olmasin-inkisafi-ilk-evela-onin-sakinlerinin-barisigina-baglidir\/","og_locale":"en_US","og_type":"article","og_title":"Refat \u00c7ubarov: \u00abEr bir muhtariyetni\u00f1, angi devlet erk\u00e2n\u0131nda olmas\u0131n, inki\u015faf\u0131 ilk-evel\u00e2 on\u0131\u00f1 sakinlerini\u00f1 bar\u0131\u015f\u0131\u011f\u0131na ba\u011fl\u0131d\u0131r - \u041c\u0435\u0434\u0436\u043b\u0456\u0441","og_description":"Refat \u00c7ubarovn\u0131\u00f1 fikrince Er angi muhtariyetni\u00f1, angi devlet erk\u00e2n\u0131nda olmas\u0131n, inki\u015faf\u0131 ilk-evel\u00e2 on\u0131\u00f1 sakinlerini\u00f1 bar\u0131\u015f\u0131\u011f\u0131na ba\u011fl\u0131d\u0131r. Bu aqta &#8220;Kurultay-Ruh&#8221; fraktsiyas\u0131n\u0131\u00f1 ba\u015f\u0131 Q\u0131r\u0131m Yuqar\u0131 \u015euras\u0131n\u0131\u00f1 fevral 19-da yapqan \u00e7\u0131q\u0131\u015f\u0131nda &#8220;Q\u0131r\u0131m anayasa-uquqiy status\u0131n\u0131 m\u00fckemmelle\u015ftir\u00fcv ve muhtariyet vek\u00e2letliklerini artt\u0131ruv aqq\u0131nda&#8221;ki qarar leyhas\u0131n\u0131 izaatlayaraq aytt\u0131. &#8220;Eger muhtariyet i\u00e7inde bar\u0131\u015f\u0131q \u00fck\u00fcm s\u00fcrse, devlet merkezinen vek\u00e2letlerni belgilevnen ba\u011f\u0131 meseleler baya\u011f\u0131 qolay [&hellip;]","og_url":"https:\/\/qtmm.org\/qt\/refat-cubarov-er-bir-muhtariyetnin-angi-devlet-erkaninda-olmasin-inkisafi-ilk-evela-onin-sakinlerinin-barisigina-baglidir\/","og_site_name":"\u041c\u0435\u0434\u0436\u043b\u0456\u0441","article_publisher":"https:\/\/www.facebook.com\/qtmm.info\/","article_published_time":"2014-02-19T15:32:00+00:00","article_modified_time":"2022-01-27T15:33:20+00:00","og_image":[{"width":670,"height":310,"url":"https:\/\/qtmm.org\/wp-content\/uploads\/2022\/01\/52bafe38d78ae.jpeg","type":"image\/jpeg"}],"author":"Developer","twitter_card":"summary_large_image","twitter_misc":{"Written by":"Developer","Est. reading time":"1 minute"},"schema":{"@context":"https:\/\/schema.org","@graph":[{"@type":"Article","@id":"https:\/\/qtmm.org\/qt\/refat-cubarov-er-bir-muhtariyetnin-angi-devlet-erkaninda-olmasin-inkisafi-ilk-evela-onin-sakinlerinin-barisigina-baglidir\/#article","isPartOf":{"@id":"https:\/\/qtmm.org\/qt\/refat-cubarov-er-bir-muhtariyetnin-angi-devlet-erkaninda-olmasin-inkisafi-ilk-evela-onin-sakinlerinin-barisigina-baglidir\/"},"author":{"name":"Developer","@id":"https:\/\/qtmm.org\/qt\/#\/schema\/person\/de562469f971dec226ac06e60bbf74a7"},"headline":"Refat \u00c7ubarov: \u00abEr bir muhtariyetni\u00f1, angi devlet erk\u00e2n\u0131nda olmas\u0131n, inki\u015faf\u0131 ilk-evel\u00e2 on\u0131\u00f1 sakinlerini\u00f1 bar\u0131\u015f\u0131\u011f\u0131na ba\u011fl\u0131d\u0131r","datePublished":"2014-02-19T15:32:00+00:00","dateModified":"2022-01-27T15:33:20+00:00","mainEntityOfPage":{"@id":"https:\/\/qtmm.org\/qt\/refat-cubarov-er-bir-muhtariyetnin-angi-devlet-erkaninda-olmasin-inkisafi-ilk-evela-onin-sakinlerinin-barisigina-baglidir\/"},"wordCount":297,"commentCount":0,"publisher":{"@id":"https:\/\/qtmm.org\/qt\/#organization"},"image":{"@id":"https:\/\/qtmm.org\/qt\/refat-cubarov-er-bir-muhtariyetnin-angi-devlet-erkaninda-olmasin-inkisafi-ilk-evela-onin-sakinlerinin-barisigina-baglidir\/#primaryimage"},"thumbnailUrl":"http:\/\/qtmm.org\/wp-content\/uploads\/2022\/01\/52bafe38d78ae.jpeg","articleSection":["Haberler"],"inLanguage":"qt","potentialAction":[{"@type":"CommentAction","name":"Comment","target":["https:\/\/qtmm.org\/qt\/refat-cubarov-er-bir-muhtariyetnin-angi-devlet-erkaninda-olmasin-inkisafi-ilk-evela-onin-sakinlerinin-barisigina-baglidir\/#respond"]}]},{"@type":"WebPage","@id":"https:\/\/qtmm.org\/qt\/refat-cubarov-er-bir-muhtariyetnin-angi-devlet-erkaninda-olmasin-inkisafi-ilk-evela-onin-sakinlerinin-barisigina-baglidir\/","url":"https:\/\/qtmm.org\/qt\/refat-cubarov-er-bir-muhtariyetnin-angi-devlet-erkaninda-olmasin-inkisafi-ilk-evela-onin-sakinlerinin-barisigina-baglidir\/","name":"Refat \u00c7ubarov: \u00abEr bir muhtariyetni\u00f1, angi devlet erk\u00e2n\u0131nda olmas\u0131n, inki\u015faf\u0131 ilk-evel\u00e2 on\u0131\u00f1 sakinlerini\u00f1 bar\u0131\u015f\u0131\u011f\u0131na ba\u011fl\u0131d\u0131r - \u041c\u0435\u0434\u0436\u043b\u0456\u0441","isPartOf":{"@id":"https:\/\/qtmm.org\/qt\/#website"},"primaryImageOfPage":{"@id":"https:\/\/qtmm.org\/qt\/refat-cubarov-er-bir-muhtariyetnin-angi-devlet-erkaninda-olmasin-inkisafi-ilk-evela-onin-sakinlerinin-barisigina-baglidir\/#primaryimage"},"image":{"@id":"https:\/\/qtmm.org\/qt\/refat-cubarov-er-bir-muhtariyetnin-angi-devlet-erkaninda-olmasin-inkisafi-ilk-evela-onin-sakinlerinin-barisigina-baglidir\/#primaryimage"},"thumbnailUrl":"http:\/\/qtmm.org\/wp-content\/uploads\/2022\/01\/52bafe38d78ae.jpeg","datePublished":"2014-02-19T15:32:00+00:00","dateModified":"2022-01-27T15:33:20+00:00","breadcrumb":{"@id":"https:\/\/qtmm.org\/qt\/refat-cubarov-er-bir-muhtariyetnin-angi-devlet-erkaninda-olmasin-inkisafi-ilk-evela-onin-sakinlerinin-barisigina-baglidir\/#breadcrumb"},"inLanguage":"qt","potentialAction":[{"@type":"ReadAction","target":["https:\/\/qtmm.org\/qt\/refat-cubarov-er-bir-muhtariyetnin-angi-devlet-erkaninda-olmasin-inkisafi-ilk-evela-onin-sakinlerinin-barisigina-baglidir\/"]}]},{"@type":"ImageObject","inLanguage":"qt","@id":"https:\/\/qtmm.org\/qt\/refat-cubarov-er-bir-muhtariyetnin-angi-devlet-erkaninda-olmasin-inkisafi-ilk-evela-onin-sakinlerinin-barisigina-baglidir\/#primaryimage","url":"http:\/\/qtmm.org\/wp-content\/uploads\/2022\/01\/52bafe38d78ae.jpeg","contentUrl":"http:\/\/qtmm.org\/wp-content\/uploads\/2022\/01\/52bafe38d78ae.jpeg"},{"@type":"BreadcrumbList","@id":"https:\/\/qtmm.org\/qt\/refat-cubarov-er-bir-muhtariyetnin-angi-devlet-erkaninda-olmasin-inkisafi-ilk-evela-onin-sakinlerinin-barisigina-baglidir\/#breadcrumb","itemListElement":[{"@type":"ListItem","position":1,"name":"\u0413\u043e\u043b\u043e\u0432\u043d\u0430","item":"https:\/\/qtmm.org\/qt\/"},{"@type":"ListItem","position":2,"name":"Refat \u00c7ubarov: \u00abEr bir muhtariyetni\u00f1, angi devlet erk\u00e2n\u0131nda olmas\u0131n, inki\u015faf\u0131 ilk-evel\u00e2 on\u0131\u00f1 sakinlerini\u00f1 bar\u0131\u015f\u0131\u011f\u0131na ba\u011fl\u0131d\u0131r"}]},{"@type":"WebSite","@id":"https:\/\/qtmm.org\/qt\/#website","url":"https:\/\/qtmm.org\/qt\/","name":"\u041c\u0435\u0434\u0436\u043b\u0456\u0441","description":"","publisher":{"@id":"https:\/\/qtmm.org\/qt\/#organization"},"potentialAction":[{"@type":"SearchAction","target":{"@type":"EntryPoint","urlTemplate":"https:\/\/qtmm.org\/qt\/?s={search_term_string}"},"query-input":{"@type":"PropertyValueSpecification","valueRequired":true,"valueName":"search_term_string"}}],"inLanguage":"qt"},{"@type":"Organization","@id":"https:\/\/qtmm.org\/qt\/#organization","name":"\u041c\u0435\u0434\u0436\u043b\u0456\u0441","url":"https:\/\/qtmm.org\/qt\/","logo":{"@type":"ImageObject","inLanguage":"qt","@id":"https:\/\/qtmm.org\/qt\/#\/schema\/logo\/image\/","url":"https:\/\/qtmm.org\/wp-content\/uploads\/2024\/12\/ua-mejlis-logo-rgb.svg","contentUrl":"https:\/\/qtmm.org\/wp-content\/uploads\/2024\/12\/ua-mejlis-logo-rgb.svg","caption":"\u041c\u0435\u0434\u0436\u043b\u0456\u0441"},"image":{"@id":"https:\/\/qtmm.org\/qt\/#\/schema\/logo\/image\/"},"sameAs":["https:\/\/www.facebook.com\/qtmm.info\/"]},{"@type":"Person","@id":"https:\/\/qtmm.org\/qt\/#\/schema\/person\/de562469f971dec226ac06e60bbf74a7","name":"Developer","image":{"@type":"ImageObject","inLanguage":"qt","@id":"https:\/\/secure.gravatar.com\/avatar\/392b4cc8fbfeb00b39dfeeab4ee6edded39ffd48e25858637e4765810300227e?s=96&d=mm&r=g","url":"https:\/\/secure.gravatar.com\/avatar\/392b4cc8fbfeb00b39dfeeab4ee6edded39ffd48e25858637e4765810300227e?s=96&d=mm&r=g","contentUrl":"https:\/\/secure.gravatar.com\/avatar\/392b4cc8fbfeb00b39dfeeab4ee6edded39ffd48e25858637e4765810300227e?s=96&d=mm&r=g","caption":"Developer"},"url":"https:\/\/qtmm.org\/qt\/author\/Developer\/"}]}},"_links":{"self":[{"href":"https:\/\/qtmm.org\/qt\/wp-json\/wp\/v2\/posts\/43285","targetHints":{"allow":["GET"]}}],"collection":[{"href":"https:\/\/qtmm.org\/qt\/wp-json\/wp\/v2\/posts"}],"about":[{"href":"https:\/\/qtmm.org\/qt\/wp-json\/wp\/v2\/types\/post"}],"author":[{"embeddable":true,"href":"https:\/\/qtmm.org\/qt\/wp-json\/wp\/v2\/users\/1"}],"replies":[{"embeddable":true,"href":"https:\/\/qtmm.org\/qt\/wp-json\/wp\/v2\/comments?post=43285"}],"version-history":[{"count":1,"href":"https:\/\/qtmm.org\/qt\/wp-json\/wp\/v2\/posts\/43285\/revisions"}],"predecessor-version":[{"id":43290,"href":"https:\/\/qtmm.org\/qt\/wp-json\/wp\/v2\/posts\/43285\/revisions\/43290"}],"wp:attachment":[{"href":"https:\/\/qtmm.org\/qt\/wp-json\/wp\/v2\/media?parent=43285"}],"wp:term":[{"taxonomy":"category","embeddable":true,"href":"https:\/\/qtmm.org\/qt\/wp-json\/wp\/v2\/categories?post=43285"},{"taxonomy":"post_tag","embeddable":true,"href":"https:\/\/qtmm.org\/qt\/wp-json\/wp\/v2\/tags?post=43285"}],"curies":[{"name":"wp","href":"https:\/\/api.w.org\/{rel}","templated":true}]}}