




{"id":43273,"date":"2014-02-18T18:31:00","date_gmt":"2014-02-18T15:31:00","guid":{"rendered":"http:\/\/qtmm.org\/?p=43273"},"modified":"2022-01-27T18:31:46","modified_gmt":"2022-01-27T15:31:46","slug":"zaur-smirnov-qirimtatarlar-noman-celebicihan-oldurilmesinin-96-yilligi-munasebetinen-otkerilecek-mitingnin-yerini-denistirmeycekler","status":"publish","type":"post","link":"https:\/\/qtmm.org\/qt\/zaur-smirnov-qirimtatarlar-noman-celebicihan-oldurilmesinin-96-yilligi-munasebetinen-otkerilecek-mitingnin-yerini-denistirmeycekler\/","title":{"rendered":"Zaur Smirnov: Q\u0131r\u0131mtatarlar Noman \u00c7elebicihan \u00f6ld\u00fcrilmesini\u00f1 96 y\u0131ll\u0131\u011f\u0131 munasebetinen \u00f6tkerilecek mitingni\u00f1 yerini de\u00f1i\u015ftirmeycekler"},"content":{"rendered":"\n<p>Meclis reisini\u00f1 muavini Zaur Smirnov\u00a0<a rel=\"noreferrer noopener\" href=\"http:\/\/15minut.org\/\" target=\"_blank\">&#8220;15 minut&#8221;<\/a>\u00a0internet ne\u015firine bergen izaat\u0131nda q\u0131r\u0131mtatarlar bu sefer ke\u00e7ken seferkisi kibi miting ke\u00e7ir\u00fcv yerini de\u00f1i\u015ftirmeyceklerini bildirdi.<\/p>\n\n\n\n<p>&#8220;Mitingni Aqmescitni\u00f1 merkeziy meydan\u0131nda ke\u00e7irmek qarar\u0131m\u0131zn\u0131 biz fevral 11-de Q\u0131r\u0131m ba\u015f naziri, uquqoruv idareleri, \u015feer yolba\u015f\u00e7\u0131s\u0131 Ageyev ile k\u00f6r\u00fc\u015f\u00fcvde seslendirgen edik. Degenim kibi bir miting olacaq&#8221;, &#8211; dedi Z. Smirnov.<\/p>\n\n\n\n<p>Smirnovn\u0131\u00f1 s\u00f6ylegenine k\u00f6re, q\u0131r\u0131mtatarlar mitingde ke\u00e7ken topla\u015fuvlar\u0131nda bildirgen talaplarn\u0131 \u00f6gge s\u00fcrecekler. Yani qan t\u00f6k\u00fclmesi ve diktatura qurulmas\u0131n\u0131 toqtatmaq, q\u0131r\u0131mtatar halq\u0131n\u0131\u00f1 aqlar\u0131n\u0131 \u011fayr\u0131dan tiklemek, devletni\u00f1 milliy b\u00fct\u00fcnligini saqlap qalmaq.<\/p>\n\n\n\n<p>Hat\u0131rlatam\u0131z ki, fevral 23 k\u00fcn\u00fc saat 13.00-de Aqmescitni\u00f1 merkeziy meydan\u0131nda Q\u0131r\u0131m Halq cumhuriyetini\u00f1 birinci reisi, Q\u0131r\u0131m musulmanlar\u0131n\u0131\u00f1 m\u00fcftiyi Noman \u00c7elebicihann\u0131\u00f1 vah\u015fiyane \u00f6ld\u00fcril\u00fcvini\u00f1 96 y\u0131ll\u0131\u011f\u0131 munasebetinen miting ke\u00e7irilecek. Bundan da \u011fayr\u0131 Q\u0131r\u0131mda Noman \u00c7elebicihan hat\u0131ras\u0131na ba\u011f\u0131\u015flan\u011fan bir s\u0131ra diger tedbirler de \u00f6tkerilecek.<\/p>\n","protected":false},"excerpt":{"rendered":"<p>Meclis reisini\u00f1 muavini Zaur Smirnov\u00a0&#8220;15 minut&#8221;\u00a0internet ne\u015firine bergen izaat\u0131nda q\u0131r\u0131mtatarlar bu sefer ke\u00e7ken seferkisi kibi miting ke\u00e7ir\u00fcv yerini de\u00f1i\u015ftirmeyceklerini bildirdi. &#8220;Mitingni Aqmescitni\u00f1 merkeziy meydan\u0131nda ke\u00e7irmek qarar\u0131m\u0131zn\u0131 biz fevral 11-de Q\u0131r\u0131m ba\u015f naziri, uquqoruv idareleri, \u015feer yolba\u015f\u00e7\u0131s\u0131 Ageyev ile k\u00f6r\u00fc\u015f\u00fcvde seslendirgen edik. Degenim kibi bir miting olacaq&#8221;, &#8211; dedi Z. Smirnov. Smirnovn\u0131\u00f1 s\u00f6ylegenine k\u00f6re, q\u0131r\u0131mtatarlar mitingde [&hellip;]<\/p>\n","protected":false},"author":1,"featured_media":43274,"comment_status":"open","ping_status":"open","sticky":false,"template":"","format":"standard","meta":{"inline_featured_image":false,"footnotes":""},"categories":[265],"tags":[],"class_list":["post-43273","post","type-post","status-publish","format-standard","has-post-thumbnail","hentry","category-haberler"],"acf":[],"yoast_head":"<!-- This site is optimized with the Yoast SEO plugin v27.4 - https:\/\/yoast.com\/product\/yoast-seo-wordpress\/ -->\n<title>Zaur Smirnov: Q\u0131r\u0131mtatarlar Noman \u00c7elebicihan \u00f6ld\u00fcrilmesini\u00f1 96 y\u0131ll\u0131\u011f\u0131 munasebetinen \u00f6tkerilecek mitingni\u00f1 yerini de\u00f1i\u015ftirmeycekler - \u041c\u0435\u0434\u0436\u043b\u0456\u0441<\/title>\n<meta name=\"robots\" content=\"index, follow, max-snippet:-1, max-image-preview:large, max-video-preview:-1\" \/>\n<link rel=\"canonical\" href=\"https:\/\/qtmm.org\/qt\/zaur-smirnov-qirimtatarlar-noman-celebicihan-oldurilmesinin-96-yilligi-munasebetinen-otkerilecek-mitingnin-yerini-denistirmeycekler\/\" \/>\n<meta property=\"og:locale\" content=\"en_US\" \/>\n<meta property=\"og:type\" content=\"article\" \/>\n<meta property=\"og:title\" content=\"Zaur Smirnov: Q\u0131r\u0131mtatarlar Noman \u00c7elebicihan \u00f6ld\u00fcrilmesini\u00f1 96 y\u0131ll\u0131\u011f\u0131 munasebetinen \u00f6tkerilecek mitingni\u00f1 yerini de\u00f1i\u015ftirmeycekler - \u041c\u0435\u0434\u0436\u043b\u0456\u0441\" \/>\n<meta property=\"og:description\" content=\"Meclis reisini\u00f1 muavini Zaur Smirnov\u00a0&#8220;15 minut&#8221;\u00a0internet ne\u015firine bergen izaat\u0131nda q\u0131r\u0131mtatarlar bu sefer ke\u00e7ken seferkisi kibi miting ke\u00e7ir\u00fcv yerini de\u00f1i\u015ftirmeyceklerini bildirdi. &#8220;Mitingni Aqmescitni\u00f1 merkeziy meydan\u0131nda ke\u00e7irmek qarar\u0131m\u0131zn\u0131 biz fevral 11-de Q\u0131r\u0131m ba\u015f naziri, uquqoruv idareleri, \u015feer yolba\u015f\u00e7\u0131s\u0131 Ageyev ile k\u00f6r\u00fc\u015f\u00fcvde seslendirgen edik. Degenim kibi bir miting olacaq&#8221;, &#8211; dedi Z. Smirnov. Smirnovn\u0131\u00f1 s\u00f6ylegenine k\u00f6re, q\u0131r\u0131mtatarlar mitingde [&hellip;]\" \/>\n<meta property=\"og:url\" content=\"https:\/\/qtmm.org\/qt\/zaur-smirnov-qirimtatarlar-noman-celebicihan-oldurilmesinin-96-yilligi-munasebetinen-otkerilecek-mitingnin-yerini-denistirmeycekler\/\" \/>\n<meta property=\"og:site_name\" content=\"\u041c\u0435\u0434\u0436\u043b\u0456\u0441\" \/>\n<meta property=\"article:publisher\" content=\"https:\/\/www.facebook.com\/qtmm.info\/\" \/>\n<meta property=\"article:published_time\" content=\"2014-02-18T15:31:00+00:00\" \/>\n<meta property=\"article:modified_time\" content=\"2022-01-27T15:31:46+00:00\" \/>\n<meta property=\"og:image\" content=\"https:\/\/qtmm.org\/wp-content\/uploads\/2022\/01\/img_6330_1.jpeg\" \/>\n\t<meta property=\"og:image:width\" content=\"670\" \/>\n\t<meta property=\"og:image:height\" content=\"310\" \/>\n\t<meta property=\"og:image:type\" content=\"image\/jpeg\" \/>\n<meta name=\"author\" content=\"Developer\" \/>\n<meta name=\"twitter:card\" content=\"summary_large_image\" \/>\n<meta name=\"twitter:label1\" content=\"Written by\" \/>\n\t<meta name=\"twitter:data1\" content=\"Developer\" \/>\n\t<meta name=\"twitter:label2\" content=\"Est. reading time\" \/>\n\t<meta name=\"twitter:data2\" content=\"1 minute\" \/>\n<script type=\"application\/ld+json\" class=\"yoast-schema-graph\">{\"@context\":\"https:\\\/\\\/schema.org\",\"@graph\":[{\"@type\":\"Article\",\"@id\":\"https:\\\/\\\/qtmm.org\\\/qt\\\/zaur-smirnov-qirimtatarlar-noman-celebicihan-oldurilmesinin-96-yilligi-munasebetinen-otkerilecek-mitingnin-yerini-denistirmeycekler\\\/#article\",\"isPartOf\":{\"@id\":\"https:\\\/\\\/qtmm.org\\\/qt\\\/zaur-smirnov-qirimtatarlar-noman-celebicihan-oldurilmesinin-96-yilligi-munasebetinen-otkerilecek-mitingnin-yerini-denistirmeycekler\\\/\"},\"author\":{\"name\":\"Developer\",\"@id\":\"https:\\\/\\\/qtmm.org\\\/qt\\\/#\\\/schema\\\/person\\\/de562469f971dec226ac06e60bbf74a7\"},\"headline\":\"Zaur Smirnov: Q\u0131r\u0131mtatarlar Noman \u00c7elebicihan \u00f6ld\u00fcrilmesini\u00f1 96 y\u0131ll\u0131\u011f\u0131 munasebetinen \u00f6tkerilecek mitingni\u00f1 yerini de\u00f1i\u015ftirmeycekler\",\"datePublished\":\"2014-02-18T15:31:00+00:00\",\"dateModified\":\"2022-01-27T15:31:46+00:00\",\"mainEntityOfPage\":{\"@id\":\"https:\\\/\\\/qtmm.org\\\/qt\\\/zaur-smirnov-qirimtatarlar-noman-celebicihan-oldurilmesinin-96-yilligi-munasebetinen-otkerilecek-mitingnin-yerini-denistirmeycekler\\\/\"},\"wordCount\":194,\"commentCount\":0,\"publisher\":{\"@id\":\"https:\\\/\\\/qtmm.org\\\/qt\\\/#organization\"},\"image\":{\"@id\":\"https:\\\/\\\/qtmm.org\\\/qt\\\/zaur-smirnov-qirimtatarlar-noman-celebicihan-oldurilmesinin-96-yilligi-munasebetinen-otkerilecek-mitingnin-yerini-denistirmeycekler\\\/#primaryimage\"},\"thumbnailUrl\":\"https:\\\/\\\/qtmm.org\\\/wp-content\\\/uploads\\\/2022\\\/01\\\/img_6330_1.jpeg\",\"articleSection\":[\"Haberler\"],\"inLanguage\":\"qt\",\"potentialAction\":[{\"@type\":\"CommentAction\",\"name\":\"Comment\",\"target\":[\"https:\\\/\\\/qtmm.org\\\/qt\\\/zaur-smirnov-qirimtatarlar-noman-celebicihan-oldurilmesinin-96-yilligi-munasebetinen-otkerilecek-mitingnin-yerini-denistirmeycekler\\\/#respond\"]}]},{\"@type\":\"WebPage\",\"@id\":\"https:\\\/\\\/qtmm.org\\\/qt\\\/zaur-smirnov-qirimtatarlar-noman-celebicihan-oldurilmesinin-96-yilligi-munasebetinen-otkerilecek-mitingnin-yerini-denistirmeycekler\\\/\",\"url\":\"https:\\\/\\\/qtmm.org\\\/qt\\\/zaur-smirnov-qirimtatarlar-noman-celebicihan-oldurilmesinin-96-yilligi-munasebetinen-otkerilecek-mitingnin-yerini-denistirmeycekler\\\/\",\"name\":\"Zaur Smirnov: Q\u0131r\u0131mtatarlar Noman \u00c7elebicihan \u00f6ld\u00fcrilmesini\u00f1 96 y\u0131ll\u0131\u011f\u0131 munasebetinen \u00f6tkerilecek mitingni\u00f1 yerini de\u00f1i\u015ftirmeycekler - \u041c\u0435\u0434\u0436\u043b\u0456\u0441\",\"isPartOf\":{\"@id\":\"https:\\\/\\\/qtmm.org\\\/qt\\\/#website\"},\"primaryImageOfPage\":{\"@id\":\"https:\\\/\\\/qtmm.org\\\/qt\\\/zaur-smirnov-qirimtatarlar-noman-celebicihan-oldurilmesinin-96-yilligi-munasebetinen-otkerilecek-mitingnin-yerini-denistirmeycekler\\\/#primaryimage\"},\"image\":{\"@id\":\"https:\\\/\\\/qtmm.org\\\/qt\\\/zaur-smirnov-qirimtatarlar-noman-celebicihan-oldurilmesinin-96-yilligi-munasebetinen-otkerilecek-mitingnin-yerini-denistirmeycekler\\\/#primaryimage\"},\"thumbnailUrl\":\"https:\\\/\\\/qtmm.org\\\/wp-content\\\/uploads\\\/2022\\\/01\\\/img_6330_1.jpeg\",\"datePublished\":\"2014-02-18T15:31:00+00:00\",\"dateModified\":\"2022-01-27T15:31:46+00:00\",\"breadcrumb\":{\"@id\":\"https:\\\/\\\/qtmm.org\\\/qt\\\/zaur-smirnov-qirimtatarlar-noman-celebicihan-oldurilmesinin-96-yilligi-munasebetinen-otkerilecek-mitingnin-yerini-denistirmeycekler\\\/#breadcrumb\"},\"inLanguage\":\"qt\",\"potentialAction\":[{\"@type\":\"ReadAction\",\"target\":[\"https:\\\/\\\/qtmm.org\\\/qt\\\/zaur-smirnov-qirimtatarlar-noman-celebicihan-oldurilmesinin-96-yilligi-munasebetinen-otkerilecek-mitingnin-yerini-denistirmeycekler\\\/\"]}]},{\"@type\":\"ImageObject\",\"inLanguage\":\"qt\",\"@id\":\"https:\\\/\\\/qtmm.org\\\/qt\\\/zaur-smirnov-qirimtatarlar-noman-celebicihan-oldurilmesinin-96-yilligi-munasebetinen-otkerilecek-mitingnin-yerini-denistirmeycekler\\\/#primaryimage\",\"url\":\"https:\\\/\\\/qtmm.org\\\/wp-content\\\/uploads\\\/2022\\\/01\\\/img_6330_1.jpeg\",\"contentUrl\":\"https:\\\/\\\/qtmm.org\\\/wp-content\\\/uploads\\\/2022\\\/01\\\/img_6330_1.jpeg\",\"width\":670,\"height\":310},{\"@type\":\"BreadcrumbList\",\"@id\":\"https:\\\/\\\/qtmm.org\\\/qt\\\/zaur-smirnov-qirimtatarlar-noman-celebicihan-oldurilmesinin-96-yilligi-munasebetinen-otkerilecek-mitingnin-yerini-denistirmeycekler\\\/#breadcrumb\",\"itemListElement\":[{\"@type\":\"ListItem\",\"position\":1,\"name\":\"\u0413\u043e\u043b\u043e\u0432\u043d\u0430\",\"item\":\"https:\\\/\\\/qtmm.org\\\/qt\\\/\"},{\"@type\":\"ListItem\",\"position\":2,\"name\":\"Zaur Smirnov: Q\u0131r\u0131mtatarlar Noman \u00c7elebicihan \u00f6ld\u00fcrilmesini\u00f1 96 y\u0131ll\u0131\u011f\u0131 munasebetinen \u00f6tkerilecek mitingni\u00f1 yerini de\u00f1i\u015ftirmeycekler\"}]},{\"@type\":\"WebSite\",\"@id\":\"https:\\\/\\\/qtmm.org\\\/qt\\\/#website\",\"url\":\"https:\\\/\\\/qtmm.org\\\/qt\\\/\",\"name\":\"\u041c\u0435\u0434\u0436\u043b\u0456\u0441\",\"description\":\"\",\"publisher\":{\"@id\":\"https:\\\/\\\/qtmm.org\\\/qt\\\/#organization\"},\"potentialAction\":[{\"@type\":\"SearchAction\",\"target\":{\"@type\":\"EntryPoint\",\"urlTemplate\":\"https:\\\/\\\/qtmm.org\\\/qt\\\/?s={search_term_string}\"},\"query-input\":{\"@type\":\"PropertyValueSpecification\",\"valueRequired\":true,\"valueName\":\"search_term_string\"}}],\"inLanguage\":\"qt\"},{\"@type\":\"Organization\",\"@id\":\"https:\\\/\\\/qtmm.org\\\/qt\\\/#organization\",\"name\":\"\u041c\u0435\u0434\u0436\u043b\u0456\u0441\",\"url\":\"https:\\\/\\\/qtmm.org\\\/qt\\\/\",\"logo\":{\"@type\":\"ImageObject\",\"inLanguage\":\"qt\",\"@id\":\"https:\\\/\\\/qtmm.org\\\/qt\\\/#\\\/schema\\\/logo\\\/image\\\/\",\"url\":\"https:\\\/\\\/qtmm.org\\\/wp-content\\\/uploads\\\/2024\\\/12\\\/ua-mejlis-logo-rgb.svg\",\"contentUrl\":\"https:\\\/\\\/qtmm.org\\\/wp-content\\\/uploads\\\/2024\\\/12\\\/ua-mejlis-logo-rgb.svg\",\"caption\":\"\u041c\u0435\u0434\u0436\u043b\u0456\u0441\"},\"image\":{\"@id\":\"https:\\\/\\\/qtmm.org\\\/qt\\\/#\\\/schema\\\/logo\\\/image\\\/\"},\"sameAs\":[\"https:\\\/\\\/www.facebook.com\\\/qtmm.info\\\/\"]},{\"@type\":\"Person\",\"@id\":\"https:\\\/\\\/qtmm.org\\\/qt\\\/#\\\/schema\\\/person\\\/de562469f971dec226ac06e60bbf74a7\",\"name\":\"Developer\",\"image\":{\"@type\":\"ImageObject\",\"inLanguage\":\"qt\",\"@id\":\"https:\\\/\\\/secure.gravatar.com\\\/avatar\\\/392b4cc8fbfeb00b39dfeeab4ee6edded39ffd48e25858637e4765810300227e?s=96&d=mm&r=g\",\"url\":\"https:\\\/\\\/secure.gravatar.com\\\/avatar\\\/392b4cc8fbfeb00b39dfeeab4ee6edded39ffd48e25858637e4765810300227e?s=96&d=mm&r=g\",\"contentUrl\":\"https:\\\/\\\/secure.gravatar.com\\\/avatar\\\/392b4cc8fbfeb00b39dfeeab4ee6edded39ffd48e25858637e4765810300227e?s=96&d=mm&r=g\",\"caption\":\"Developer\"},\"url\":\"https:\\\/\\\/qtmm.org\\\/qt\\\/author\\\/Developer\\\/\"}]}<\/script>\n<!-- \/ Yoast SEO plugin. -->","yoast_head_json":{"title":"Zaur Smirnov: Q\u0131r\u0131mtatarlar Noman \u00c7elebicihan \u00f6ld\u00fcrilmesini\u00f1 96 y\u0131ll\u0131\u011f\u0131 munasebetinen \u00f6tkerilecek mitingni\u00f1 yerini de\u00f1i\u015ftirmeycekler - \u041c\u0435\u0434\u0436\u043b\u0456\u0441","robots":{"index":"index","follow":"follow","max-snippet":"max-snippet:-1","max-image-preview":"max-image-preview:large","max-video-preview":"max-video-preview:-1"},"canonical":"https:\/\/qtmm.org\/qt\/zaur-smirnov-qirimtatarlar-noman-celebicihan-oldurilmesinin-96-yilligi-munasebetinen-otkerilecek-mitingnin-yerini-denistirmeycekler\/","og_locale":"en_US","og_type":"article","og_title":"Zaur Smirnov: Q\u0131r\u0131mtatarlar Noman \u00c7elebicihan \u00f6ld\u00fcrilmesini\u00f1 96 y\u0131ll\u0131\u011f\u0131 munasebetinen \u00f6tkerilecek mitingni\u00f1 yerini de\u00f1i\u015ftirmeycekler - \u041c\u0435\u0434\u0436\u043b\u0456\u0441","og_description":"Meclis reisini\u00f1 muavini Zaur Smirnov\u00a0&#8220;15 minut&#8221;\u00a0internet ne\u015firine bergen izaat\u0131nda q\u0131r\u0131mtatarlar bu sefer ke\u00e7ken seferkisi kibi miting ke\u00e7ir\u00fcv yerini de\u00f1i\u015ftirmeyceklerini bildirdi. &#8220;Mitingni Aqmescitni\u00f1 merkeziy meydan\u0131nda ke\u00e7irmek qarar\u0131m\u0131zn\u0131 biz fevral 11-de Q\u0131r\u0131m ba\u015f naziri, uquqoruv idareleri, \u015feer yolba\u015f\u00e7\u0131s\u0131 Ageyev ile k\u00f6r\u00fc\u015f\u00fcvde seslendirgen edik. Degenim kibi bir miting olacaq&#8221;, &#8211; dedi Z. Smirnov. Smirnovn\u0131\u00f1 s\u00f6ylegenine k\u00f6re, q\u0131r\u0131mtatarlar mitingde [&hellip;]","og_url":"https:\/\/qtmm.org\/qt\/zaur-smirnov-qirimtatarlar-noman-celebicihan-oldurilmesinin-96-yilligi-munasebetinen-otkerilecek-mitingnin-yerini-denistirmeycekler\/","og_site_name":"\u041c\u0435\u0434\u0436\u043b\u0456\u0441","article_publisher":"https:\/\/www.facebook.com\/qtmm.info\/","article_published_time":"2014-02-18T15:31:00+00:00","article_modified_time":"2022-01-27T15:31:46+00:00","og_image":[{"width":670,"height":310,"url":"https:\/\/qtmm.org\/wp-content\/uploads\/2022\/01\/img_6330_1.jpeg","type":"image\/jpeg"}],"author":"Developer","twitter_card":"summary_large_image","twitter_misc":{"Written by":"Developer","Est. reading time":"1 minute"},"schema":{"@context":"https:\/\/schema.org","@graph":[{"@type":"Article","@id":"https:\/\/qtmm.org\/qt\/zaur-smirnov-qirimtatarlar-noman-celebicihan-oldurilmesinin-96-yilligi-munasebetinen-otkerilecek-mitingnin-yerini-denistirmeycekler\/#article","isPartOf":{"@id":"https:\/\/qtmm.org\/qt\/zaur-smirnov-qirimtatarlar-noman-celebicihan-oldurilmesinin-96-yilligi-munasebetinen-otkerilecek-mitingnin-yerini-denistirmeycekler\/"},"author":{"name":"Developer","@id":"https:\/\/qtmm.org\/qt\/#\/schema\/person\/de562469f971dec226ac06e60bbf74a7"},"headline":"Zaur Smirnov: Q\u0131r\u0131mtatarlar Noman \u00c7elebicihan \u00f6ld\u00fcrilmesini\u00f1 96 y\u0131ll\u0131\u011f\u0131 munasebetinen \u00f6tkerilecek mitingni\u00f1 yerini de\u00f1i\u015ftirmeycekler","datePublished":"2014-02-18T15:31:00+00:00","dateModified":"2022-01-27T15:31:46+00:00","mainEntityOfPage":{"@id":"https:\/\/qtmm.org\/qt\/zaur-smirnov-qirimtatarlar-noman-celebicihan-oldurilmesinin-96-yilligi-munasebetinen-otkerilecek-mitingnin-yerini-denistirmeycekler\/"},"wordCount":194,"commentCount":0,"publisher":{"@id":"https:\/\/qtmm.org\/qt\/#organization"},"image":{"@id":"https:\/\/qtmm.org\/qt\/zaur-smirnov-qirimtatarlar-noman-celebicihan-oldurilmesinin-96-yilligi-munasebetinen-otkerilecek-mitingnin-yerini-denistirmeycekler\/#primaryimage"},"thumbnailUrl":"https:\/\/qtmm.org\/wp-content\/uploads\/2022\/01\/img_6330_1.jpeg","articleSection":["Haberler"],"inLanguage":"qt","potentialAction":[{"@type":"CommentAction","name":"Comment","target":["https:\/\/qtmm.org\/qt\/zaur-smirnov-qirimtatarlar-noman-celebicihan-oldurilmesinin-96-yilligi-munasebetinen-otkerilecek-mitingnin-yerini-denistirmeycekler\/#respond"]}]},{"@type":"WebPage","@id":"https:\/\/qtmm.org\/qt\/zaur-smirnov-qirimtatarlar-noman-celebicihan-oldurilmesinin-96-yilligi-munasebetinen-otkerilecek-mitingnin-yerini-denistirmeycekler\/","url":"https:\/\/qtmm.org\/qt\/zaur-smirnov-qirimtatarlar-noman-celebicihan-oldurilmesinin-96-yilligi-munasebetinen-otkerilecek-mitingnin-yerini-denistirmeycekler\/","name":"Zaur Smirnov: Q\u0131r\u0131mtatarlar Noman \u00c7elebicihan \u00f6ld\u00fcrilmesini\u00f1 96 y\u0131ll\u0131\u011f\u0131 munasebetinen \u00f6tkerilecek mitingni\u00f1 yerini de\u00f1i\u015ftirmeycekler - \u041c\u0435\u0434\u0436\u043b\u0456\u0441","isPartOf":{"@id":"https:\/\/qtmm.org\/qt\/#website"},"primaryImageOfPage":{"@id":"https:\/\/qtmm.org\/qt\/zaur-smirnov-qirimtatarlar-noman-celebicihan-oldurilmesinin-96-yilligi-munasebetinen-otkerilecek-mitingnin-yerini-denistirmeycekler\/#primaryimage"},"image":{"@id":"https:\/\/qtmm.org\/qt\/zaur-smirnov-qirimtatarlar-noman-celebicihan-oldurilmesinin-96-yilligi-munasebetinen-otkerilecek-mitingnin-yerini-denistirmeycekler\/#primaryimage"},"thumbnailUrl":"https:\/\/qtmm.org\/wp-content\/uploads\/2022\/01\/img_6330_1.jpeg","datePublished":"2014-02-18T15:31:00+00:00","dateModified":"2022-01-27T15:31:46+00:00","breadcrumb":{"@id":"https:\/\/qtmm.org\/qt\/zaur-smirnov-qirimtatarlar-noman-celebicihan-oldurilmesinin-96-yilligi-munasebetinen-otkerilecek-mitingnin-yerini-denistirmeycekler\/#breadcrumb"},"inLanguage":"qt","potentialAction":[{"@type":"ReadAction","target":["https:\/\/qtmm.org\/qt\/zaur-smirnov-qirimtatarlar-noman-celebicihan-oldurilmesinin-96-yilligi-munasebetinen-otkerilecek-mitingnin-yerini-denistirmeycekler\/"]}]},{"@type":"ImageObject","inLanguage":"qt","@id":"https:\/\/qtmm.org\/qt\/zaur-smirnov-qirimtatarlar-noman-celebicihan-oldurilmesinin-96-yilligi-munasebetinen-otkerilecek-mitingnin-yerini-denistirmeycekler\/#primaryimage","url":"https:\/\/qtmm.org\/wp-content\/uploads\/2022\/01\/img_6330_1.jpeg","contentUrl":"https:\/\/qtmm.org\/wp-content\/uploads\/2022\/01\/img_6330_1.jpeg","width":670,"height":310},{"@type":"BreadcrumbList","@id":"https:\/\/qtmm.org\/qt\/zaur-smirnov-qirimtatarlar-noman-celebicihan-oldurilmesinin-96-yilligi-munasebetinen-otkerilecek-mitingnin-yerini-denistirmeycekler\/#breadcrumb","itemListElement":[{"@type":"ListItem","position":1,"name":"\u0413\u043e\u043b\u043e\u0432\u043d\u0430","item":"https:\/\/qtmm.org\/qt\/"},{"@type":"ListItem","position":2,"name":"Zaur Smirnov: Q\u0131r\u0131mtatarlar Noman \u00c7elebicihan \u00f6ld\u00fcrilmesini\u00f1 96 y\u0131ll\u0131\u011f\u0131 munasebetinen \u00f6tkerilecek mitingni\u00f1 yerini de\u00f1i\u015ftirmeycekler"}]},{"@type":"WebSite","@id":"https:\/\/qtmm.org\/qt\/#website","url":"https:\/\/qtmm.org\/qt\/","name":"\u041c\u0435\u0434\u0436\u043b\u0456\u0441","description":"","publisher":{"@id":"https:\/\/qtmm.org\/qt\/#organization"},"potentialAction":[{"@type":"SearchAction","target":{"@type":"EntryPoint","urlTemplate":"https:\/\/qtmm.org\/qt\/?s={search_term_string}"},"query-input":{"@type":"PropertyValueSpecification","valueRequired":true,"valueName":"search_term_string"}}],"inLanguage":"qt"},{"@type":"Organization","@id":"https:\/\/qtmm.org\/qt\/#organization","name":"\u041c\u0435\u0434\u0436\u043b\u0456\u0441","url":"https:\/\/qtmm.org\/qt\/","logo":{"@type":"ImageObject","inLanguage":"qt","@id":"https:\/\/qtmm.org\/qt\/#\/schema\/logo\/image\/","url":"https:\/\/qtmm.org\/wp-content\/uploads\/2024\/12\/ua-mejlis-logo-rgb.svg","contentUrl":"https:\/\/qtmm.org\/wp-content\/uploads\/2024\/12\/ua-mejlis-logo-rgb.svg","caption":"\u041c\u0435\u0434\u0436\u043b\u0456\u0441"},"image":{"@id":"https:\/\/qtmm.org\/qt\/#\/schema\/logo\/image\/"},"sameAs":["https:\/\/www.facebook.com\/qtmm.info\/"]},{"@type":"Person","@id":"https:\/\/qtmm.org\/qt\/#\/schema\/person\/de562469f971dec226ac06e60bbf74a7","name":"Developer","image":{"@type":"ImageObject","inLanguage":"qt","@id":"https:\/\/secure.gravatar.com\/avatar\/392b4cc8fbfeb00b39dfeeab4ee6edded39ffd48e25858637e4765810300227e?s=96&d=mm&r=g","url":"https:\/\/secure.gravatar.com\/avatar\/392b4cc8fbfeb00b39dfeeab4ee6edded39ffd48e25858637e4765810300227e?s=96&d=mm&r=g","contentUrl":"https:\/\/secure.gravatar.com\/avatar\/392b4cc8fbfeb00b39dfeeab4ee6edded39ffd48e25858637e4765810300227e?s=96&d=mm&r=g","caption":"Developer"},"url":"https:\/\/qtmm.org\/qt\/author\/Developer\/"}]}},"_links":{"self":[{"href":"https:\/\/qtmm.org\/qt\/wp-json\/wp\/v2\/posts\/43273","targetHints":{"allow":["GET"]}}],"collection":[{"href":"https:\/\/qtmm.org\/qt\/wp-json\/wp\/v2\/posts"}],"about":[{"href":"https:\/\/qtmm.org\/qt\/wp-json\/wp\/v2\/types\/post"}],"author":[{"embeddable":true,"href":"https:\/\/qtmm.org\/qt\/wp-json\/wp\/v2\/users\/1"}],"replies":[{"embeddable":true,"href":"https:\/\/qtmm.org\/qt\/wp-json\/wp\/v2\/comments?post=43273"}],"version-history":[{"count":1,"href":"https:\/\/qtmm.org\/qt\/wp-json\/wp\/v2\/posts\/43273\/revisions"}],"predecessor-version":[{"id":43278,"href":"https:\/\/qtmm.org\/qt\/wp-json\/wp\/v2\/posts\/43273\/revisions\/43278"}],"wp:featuredmedia":[{"embeddable":true,"href":"https:\/\/qtmm.org\/qt\/wp-json\/wp\/v2\/media\/43274"}],"wp:attachment":[{"href":"https:\/\/qtmm.org\/qt\/wp-json\/wp\/v2\/media?parent=43273"}],"wp:term":[{"taxonomy":"category","embeddable":true,"href":"https:\/\/qtmm.org\/qt\/wp-json\/wp\/v2\/categories?post=43273"},{"taxonomy":"post_tag","embeddable":true,"href":"https:\/\/qtmm.org\/qt\/wp-json\/wp\/v2\/tags?post=43273"}],"curies":[{"name":"wp","href":"https:\/\/api.w.org\/{rel}","templated":true}]}}