




{"id":43269,"date":"2014-02-16T18:29:00","date_gmt":"2014-02-16T15:29:00","guid":{"rendered":"http:\/\/qtmm.org\/?p=43269"},"modified":"2022-01-27T18:30:26","modified_gmt":"2022-01-27T15:30:26","slug":"milliy-meclis-reisi-qirimtatarlar-ayirimcilarga-qarsiliq-kostermege-azirlar","status":"publish","type":"post","link":"https:\/\/qtmm.org\/qt\/milliy-meclis-reisi-qirimtatarlar-ayirimcilarga-qarsiliq-kostermege-azirlar\/","title":{"rendered":"Milliy Meclis reisi: Q\u0131r\u0131mtatarlar ay\u0131r\u0131mc\u0131lar\u011fa qar\u015f\u0131l\u0131q k\u00f6stermege az\u0131rlar"},"content":{"rendered":"\n<p>Milliy Meclis reisi Refat \u00c7ubarov q\u0131r\u0131mtatar halq\u0131 Q\u0131r\u0131mn\u0131 Ukrainadan ay\u0131rma\u011fa istegen ay\u0131r\u0131mc\u0131 k\u00fc\u00e7lerge qar\u015f\u0131l\u0131q k\u00f6stermege az\u0131r ol\u011fanlar\u0131n\u0131 qayd etti.<\/p>\n\n\n\n<p>Bu aqta o,&nbsp;<a href=\"http:\/\/zn.ua\/\" target=\"_blank\" rel=\"noreferrer noopener\">ZN.UA<\/a>. Agentligine izaat berirken bildirdi.<br><br><strong>&#8220;Ukrain siyaset\u00e7ilerini\u00f1 qabaat\u0131 sebebinden \u00f6z yurtunda aqlar\u0131 al\u00e2 daa \u011fayr\u0131dan tiklenilmegenine baqmadan q\u0131r\u0131mtatarlar Q\u0131r\u0131mn\u0131 Ukrainadan ay\u0131rmaq t\u0131r\u0131\u015fuvlar\u0131 aqibetinde Q\u0131r\u0131m ve on\u0131\u00f1 sakinlerine qaza\u011fa o\u011frat\u0131laca\u011f\u0131n\u0131 yah\u015f\u0131 a\u00f1la\u011fanlaylar, &#8211; dedi Meclisni\u00f1 yolba\u015f\u00e7\u0131s\u0131.<\/strong><\/p>\n\n\n\n<p><strong>&#8220;Q\u0131r\u0131m husus\u0131nda ekspansion \u011fayelerni ta\u015f\u0131\u011fan er angi insanlar q\u0131r\u0131mtatarlardan munasip qar\u015f\u0131l\u0131q cevab\u0131n\u0131 al\u0131rlar, &#8211; dedi \u00c7ubarov.<\/strong><\/p>\n\n\n\n<p>\u015eun\u0131 hat\u0131rlatam\u0131z ki, Q\u0131r\u0131m Yuqar\u0131 \u015euras\u0131n\u0131\u00f1 sessiyas\u0131nda muhtariyet parlamenti Q\u0131r\u0131m Anayasas\u0131na de\u00f1i\u015fmeler kirsetmek te\u015febb\u00fcsinen \u00e7\u0131qt\u0131.<\/p>\n\n\n\n<p>Regional Vladimir Kl\u0131\u00e7nikovn\u0131\u00f1 s\u00f6zlerine k\u00f6re memlekette bug\u00fcnki vaziyet ve &#8220;milliy fa\u015fist gruppalarn\u0131\u00f1 akimiyetke kirmek areketleri&#8221; \u015faraitinde, deputatn\u0131\u00f1 fikrince Q\u0131r\u0131mn\u0131\u00f1 muhtar status\u0131n\u0131 yoq etmege t\u0131r\u0131\u015fqan vaq\u0131tta Q\u0131r\u0131m Anayasas\u0131na de\u00f1i\u015fme kirsetmek ve Rusiye prezidenti P\u00fctinge muracaat etmek zarur.<\/p>\n\n\n\n<p>Fevral 7 k\u00fcn\u00fc 1000-ge yaq\u0131n naraz\u0131lar Kiyevde Devlet Tel\u00fckesizligi komiteti qar\u015f\u0131s\u0131na \u00e7\u0131q\u0131p komitet yolba\u015f\u00e7\u0131lar\u0131ndan Q\u0131r\u0131m Yuqar\u0131 \u015euras\u0131n\u0131\u00f1 ay\u0131r\u0131mc\u0131l\u0131q beyanatlar\u0131n\u0131 taqiq etmekni talap ettiler.<\/p>\n\n\n\n<p>Ukraina Tel\u00fckesizlik h\u0131zmeti Ukraina b\u00fct\u00fcnligine toqunma\u011fa az\u0131rl\u0131q munasebetinen cinaiy i\u015f a\u00e7t\u0131.<\/p>\n","protected":false},"excerpt":{"rendered":"<p>Milliy Meclis reisi Refat \u00c7ubarov q\u0131r\u0131mtatar halq\u0131 Q\u0131r\u0131mn\u0131 Ukrainadan ay\u0131rma\u011fa istegen ay\u0131r\u0131mc\u0131 k\u00fc\u00e7lerge qar\u015f\u0131l\u0131q k\u00f6stermege az\u0131r ol\u011fanlar\u0131n\u0131 qayd etti. Bu aqta o,&nbsp;ZN.UA. Agentligine izaat berirken bildirdi. &#8220;Ukrain siyaset\u00e7ilerini\u00f1 qabaat\u0131 sebebinden \u00f6z yurtunda aqlar\u0131 al\u00e2 daa \u011fayr\u0131dan tiklenilmegenine baqmadan q\u0131r\u0131mtatarlar Q\u0131r\u0131mn\u0131 Ukrainadan ay\u0131rmaq t\u0131r\u0131\u015fuvlar\u0131 aqibetinde Q\u0131r\u0131m ve on\u0131\u00f1 sakinlerine qaza\u011fa o\u011frat\u0131laca\u011f\u0131n\u0131 yah\u015f\u0131 a\u00f1la\u011fanlaylar, &#8211; dedi Meclisni\u00f1 [&hellip;]<\/p>\n","protected":false},"author":1,"featured_media":0,"comment_status":"open","ping_status":"open","sticky":false,"template":"","format":"standard","meta":{"inline_featured_image":false,"footnotes":""},"categories":[265],"tags":[],"class_list":["post-43269","post","type-post","status-publish","format-standard","hentry","category-haberler"],"acf":[],"yoast_head":"<!-- This site is optimized with the Yoast SEO plugin v27.4 - https:\/\/yoast.com\/product\/yoast-seo-wordpress\/ -->\n<title>Milliy Meclis reisi: Q\u0131r\u0131mtatarlar ay\u0131r\u0131mc\u0131lar\u011fa qar\u015f\u0131l\u0131q k\u00f6stermege az\u0131rlar - \u041c\u0435\u0434\u0436\u043b\u0456\u0441<\/title>\n<meta name=\"robots\" content=\"index, follow, max-snippet:-1, max-image-preview:large, max-video-preview:-1\" \/>\n<link rel=\"canonical\" href=\"https:\/\/qtmm.org\/qt\/milliy-meclis-reisi-qirimtatarlar-ayirimcilarga-qarsiliq-kostermege-azirlar\/\" \/>\n<meta property=\"og:locale\" content=\"en_US\" \/>\n<meta property=\"og:type\" content=\"article\" \/>\n<meta property=\"og:title\" content=\"Milliy Meclis reisi: Q\u0131r\u0131mtatarlar ay\u0131r\u0131mc\u0131lar\u011fa qar\u015f\u0131l\u0131q k\u00f6stermege az\u0131rlar - \u041c\u0435\u0434\u0436\u043b\u0456\u0441\" \/>\n<meta property=\"og:description\" content=\"Milliy Meclis reisi Refat \u00c7ubarov q\u0131r\u0131mtatar halq\u0131 Q\u0131r\u0131mn\u0131 Ukrainadan ay\u0131rma\u011fa istegen ay\u0131r\u0131mc\u0131 k\u00fc\u00e7lerge qar\u015f\u0131l\u0131q k\u00f6stermege az\u0131r ol\u011fanlar\u0131n\u0131 qayd etti. Bu aqta o,&nbsp;ZN.UA. Agentligine izaat berirken bildirdi. &#8220;Ukrain siyaset\u00e7ilerini\u00f1 qabaat\u0131 sebebinden \u00f6z yurtunda aqlar\u0131 al\u00e2 daa \u011fayr\u0131dan tiklenilmegenine baqmadan q\u0131r\u0131mtatarlar Q\u0131r\u0131mn\u0131 Ukrainadan ay\u0131rmaq t\u0131r\u0131\u015fuvlar\u0131 aqibetinde Q\u0131r\u0131m ve on\u0131\u00f1 sakinlerine qaza\u011fa o\u011frat\u0131laca\u011f\u0131n\u0131 yah\u015f\u0131 a\u00f1la\u011fanlaylar, &#8211; dedi Meclisni\u00f1 [&hellip;]\" \/>\n<meta property=\"og:url\" content=\"https:\/\/qtmm.org\/qt\/milliy-meclis-reisi-qirimtatarlar-ayirimcilarga-qarsiliq-kostermege-azirlar\/\" \/>\n<meta property=\"og:site_name\" content=\"\u041c\u0435\u0434\u0436\u043b\u0456\u0441\" \/>\n<meta property=\"article:publisher\" content=\"https:\/\/www.facebook.com\/qtmm.info\/\" \/>\n<meta property=\"article:published_time\" content=\"2014-02-16T15:29:00+00:00\" \/>\n<meta property=\"article:modified_time\" content=\"2022-01-27T15:30:26+00:00\" \/>\n<meta name=\"author\" content=\"Developer\" \/>\n<meta name=\"twitter:card\" content=\"summary_large_image\" \/>\n<meta name=\"twitter:label1\" content=\"Written by\" \/>\n\t<meta name=\"twitter:data1\" content=\"Developer\" \/>\n\t<meta name=\"twitter:label2\" content=\"Est. reading time\" \/>\n\t<meta name=\"twitter:data2\" content=\"1 minute\" \/>\n<script type=\"application\/ld+json\" class=\"yoast-schema-graph\">{\"@context\":\"https:\\\/\\\/schema.org\",\"@graph\":[{\"@type\":\"Article\",\"@id\":\"https:\\\/\\\/qtmm.org\\\/qt\\\/milliy-meclis-reisi-qirimtatarlar-ayirimcilarga-qarsiliq-kostermege-azirlar\\\/#article\",\"isPartOf\":{\"@id\":\"https:\\\/\\\/qtmm.org\\\/qt\\\/milliy-meclis-reisi-qirimtatarlar-ayirimcilarga-qarsiliq-kostermege-azirlar\\\/\"},\"author\":{\"name\":\"Developer\",\"@id\":\"https:\\\/\\\/qtmm.org\\\/qt\\\/#\\\/schema\\\/person\\\/de562469f971dec226ac06e60bbf74a7\"},\"headline\":\"Milliy Meclis reisi: Q\u0131r\u0131mtatarlar ay\u0131r\u0131mc\u0131lar\u011fa qar\u015f\u0131l\u0131q k\u00f6stermege az\u0131rlar\",\"datePublished\":\"2014-02-16T15:29:00+00:00\",\"dateModified\":\"2022-01-27T15:30:26+00:00\",\"mainEntityOfPage\":{\"@id\":\"https:\\\/\\\/qtmm.org\\\/qt\\\/milliy-meclis-reisi-qirimtatarlar-ayirimcilarga-qarsiliq-kostermege-azirlar\\\/\"},\"wordCount\":275,\"commentCount\":0,\"publisher\":{\"@id\":\"https:\\\/\\\/qtmm.org\\\/qt\\\/#organization\"},\"articleSection\":[\"Haberler\"],\"inLanguage\":\"qt\",\"potentialAction\":[{\"@type\":\"CommentAction\",\"name\":\"Comment\",\"target\":[\"https:\\\/\\\/qtmm.org\\\/qt\\\/milliy-meclis-reisi-qirimtatarlar-ayirimcilarga-qarsiliq-kostermege-azirlar\\\/#respond\"]}]},{\"@type\":\"WebPage\",\"@id\":\"https:\\\/\\\/qtmm.org\\\/qt\\\/milliy-meclis-reisi-qirimtatarlar-ayirimcilarga-qarsiliq-kostermege-azirlar\\\/\",\"url\":\"https:\\\/\\\/qtmm.org\\\/qt\\\/milliy-meclis-reisi-qirimtatarlar-ayirimcilarga-qarsiliq-kostermege-azirlar\\\/\",\"name\":\"Milliy Meclis reisi: Q\u0131r\u0131mtatarlar ay\u0131r\u0131mc\u0131lar\u011fa qar\u015f\u0131l\u0131q k\u00f6stermege az\u0131rlar - \u041c\u0435\u0434\u0436\u043b\u0456\u0441\",\"isPartOf\":{\"@id\":\"https:\\\/\\\/qtmm.org\\\/qt\\\/#website\"},\"datePublished\":\"2014-02-16T15:29:00+00:00\",\"dateModified\":\"2022-01-27T15:30:26+00:00\",\"breadcrumb\":{\"@id\":\"https:\\\/\\\/qtmm.org\\\/qt\\\/milliy-meclis-reisi-qirimtatarlar-ayirimcilarga-qarsiliq-kostermege-azirlar\\\/#breadcrumb\"},\"inLanguage\":\"qt\",\"potentialAction\":[{\"@type\":\"ReadAction\",\"target\":[\"https:\\\/\\\/qtmm.org\\\/qt\\\/milliy-meclis-reisi-qirimtatarlar-ayirimcilarga-qarsiliq-kostermege-azirlar\\\/\"]}]},{\"@type\":\"BreadcrumbList\",\"@id\":\"https:\\\/\\\/qtmm.org\\\/qt\\\/milliy-meclis-reisi-qirimtatarlar-ayirimcilarga-qarsiliq-kostermege-azirlar\\\/#breadcrumb\",\"itemListElement\":[{\"@type\":\"ListItem\",\"position\":1,\"name\":\"\u0413\u043e\u043b\u043e\u0432\u043d\u0430\",\"item\":\"https:\\\/\\\/qtmm.org\\\/qt\\\/\"},{\"@type\":\"ListItem\",\"position\":2,\"name\":\"Milliy Meclis reisi: Q\u0131r\u0131mtatarlar ay\u0131r\u0131mc\u0131lar\u011fa qar\u015f\u0131l\u0131q k\u00f6stermege az\u0131rlar\"}]},{\"@type\":\"WebSite\",\"@id\":\"https:\\\/\\\/qtmm.org\\\/qt\\\/#website\",\"url\":\"https:\\\/\\\/qtmm.org\\\/qt\\\/\",\"name\":\"\u041c\u0435\u0434\u0436\u043b\u0456\u0441\",\"description\":\"\",\"publisher\":{\"@id\":\"https:\\\/\\\/qtmm.org\\\/qt\\\/#organization\"},\"potentialAction\":[{\"@type\":\"SearchAction\",\"target\":{\"@type\":\"EntryPoint\",\"urlTemplate\":\"https:\\\/\\\/qtmm.org\\\/qt\\\/?s={search_term_string}\"},\"query-input\":{\"@type\":\"PropertyValueSpecification\",\"valueRequired\":true,\"valueName\":\"search_term_string\"}}],\"inLanguage\":\"qt\"},{\"@type\":\"Organization\",\"@id\":\"https:\\\/\\\/qtmm.org\\\/qt\\\/#organization\",\"name\":\"\u041c\u0435\u0434\u0436\u043b\u0456\u0441\",\"url\":\"https:\\\/\\\/qtmm.org\\\/qt\\\/\",\"logo\":{\"@type\":\"ImageObject\",\"inLanguage\":\"qt\",\"@id\":\"https:\\\/\\\/qtmm.org\\\/qt\\\/#\\\/schema\\\/logo\\\/image\\\/\",\"url\":\"https:\\\/\\\/qtmm.org\\\/wp-content\\\/uploads\\\/2024\\\/12\\\/ua-mejlis-logo-rgb.svg\",\"contentUrl\":\"https:\\\/\\\/qtmm.org\\\/wp-content\\\/uploads\\\/2024\\\/12\\\/ua-mejlis-logo-rgb.svg\",\"caption\":\"\u041c\u0435\u0434\u0436\u043b\u0456\u0441\"},\"image\":{\"@id\":\"https:\\\/\\\/qtmm.org\\\/qt\\\/#\\\/schema\\\/logo\\\/image\\\/\"},\"sameAs\":[\"https:\\\/\\\/www.facebook.com\\\/qtmm.info\\\/\"]},{\"@type\":\"Person\",\"@id\":\"https:\\\/\\\/qtmm.org\\\/qt\\\/#\\\/schema\\\/person\\\/de562469f971dec226ac06e60bbf74a7\",\"name\":\"Developer\",\"image\":{\"@type\":\"ImageObject\",\"inLanguage\":\"qt\",\"@id\":\"https:\\\/\\\/secure.gravatar.com\\\/avatar\\\/392b4cc8fbfeb00b39dfeeab4ee6edded39ffd48e25858637e4765810300227e?s=96&d=mm&r=g\",\"url\":\"https:\\\/\\\/secure.gravatar.com\\\/avatar\\\/392b4cc8fbfeb00b39dfeeab4ee6edded39ffd48e25858637e4765810300227e?s=96&d=mm&r=g\",\"contentUrl\":\"https:\\\/\\\/secure.gravatar.com\\\/avatar\\\/392b4cc8fbfeb00b39dfeeab4ee6edded39ffd48e25858637e4765810300227e?s=96&d=mm&r=g\",\"caption\":\"Developer\"},\"url\":\"https:\\\/\\\/qtmm.org\\\/qt\\\/author\\\/Developer\\\/\"}]}<\/script>\n<!-- \/ Yoast SEO plugin. -->","yoast_head_json":{"title":"Milliy Meclis reisi: Q\u0131r\u0131mtatarlar ay\u0131r\u0131mc\u0131lar\u011fa qar\u015f\u0131l\u0131q k\u00f6stermege az\u0131rlar - \u041c\u0435\u0434\u0436\u043b\u0456\u0441","robots":{"index":"index","follow":"follow","max-snippet":"max-snippet:-1","max-image-preview":"max-image-preview:large","max-video-preview":"max-video-preview:-1"},"canonical":"https:\/\/qtmm.org\/qt\/milliy-meclis-reisi-qirimtatarlar-ayirimcilarga-qarsiliq-kostermege-azirlar\/","og_locale":"en_US","og_type":"article","og_title":"Milliy Meclis reisi: Q\u0131r\u0131mtatarlar ay\u0131r\u0131mc\u0131lar\u011fa qar\u015f\u0131l\u0131q k\u00f6stermege az\u0131rlar - \u041c\u0435\u0434\u0436\u043b\u0456\u0441","og_description":"Milliy Meclis reisi Refat \u00c7ubarov q\u0131r\u0131mtatar halq\u0131 Q\u0131r\u0131mn\u0131 Ukrainadan ay\u0131rma\u011fa istegen ay\u0131r\u0131mc\u0131 k\u00fc\u00e7lerge qar\u015f\u0131l\u0131q k\u00f6stermege az\u0131r ol\u011fanlar\u0131n\u0131 qayd etti. Bu aqta o,&nbsp;ZN.UA. Agentligine izaat berirken bildirdi. &#8220;Ukrain siyaset\u00e7ilerini\u00f1 qabaat\u0131 sebebinden \u00f6z yurtunda aqlar\u0131 al\u00e2 daa \u011fayr\u0131dan tiklenilmegenine baqmadan q\u0131r\u0131mtatarlar Q\u0131r\u0131mn\u0131 Ukrainadan ay\u0131rmaq t\u0131r\u0131\u015fuvlar\u0131 aqibetinde Q\u0131r\u0131m ve on\u0131\u00f1 sakinlerine qaza\u011fa o\u011frat\u0131laca\u011f\u0131n\u0131 yah\u015f\u0131 a\u00f1la\u011fanlaylar, &#8211; dedi Meclisni\u00f1 [&hellip;]","og_url":"https:\/\/qtmm.org\/qt\/milliy-meclis-reisi-qirimtatarlar-ayirimcilarga-qarsiliq-kostermege-azirlar\/","og_site_name":"\u041c\u0435\u0434\u0436\u043b\u0456\u0441","article_publisher":"https:\/\/www.facebook.com\/qtmm.info\/","article_published_time":"2014-02-16T15:29:00+00:00","article_modified_time":"2022-01-27T15:30:26+00:00","author":"Developer","twitter_card":"summary_large_image","twitter_misc":{"Written by":"Developer","Est. reading time":"1 minute"},"schema":{"@context":"https:\/\/schema.org","@graph":[{"@type":"Article","@id":"https:\/\/qtmm.org\/qt\/milliy-meclis-reisi-qirimtatarlar-ayirimcilarga-qarsiliq-kostermege-azirlar\/#article","isPartOf":{"@id":"https:\/\/qtmm.org\/qt\/milliy-meclis-reisi-qirimtatarlar-ayirimcilarga-qarsiliq-kostermege-azirlar\/"},"author":{"name":"Developer","@id":"https:\/\/qtmm.org\/qt\/#\/schema\/person\/de562469f971dec226ac06e60bbf74a7"},"headline":"Milliy Meclis reisi: Q\u0131r\u0131mtatarlar ay\u0131r\u0131mc\u0131lar\u011fa qar\u015f\u0131l\u0131q k\u00f6stermege az\u0131rlar","datePublished":"2014-02-16T15:29:00+00:00","dateModified":"2022-01-27T15:30:26+00:00","mainEntityOfPage":{"@id":"https:\/\/qtmm.org\/qt\/milliy-meclis-reisi-qirimtatarlar-ayirimcilarga-qarsiliq-kostermege-azirlar\/"},"wordCount":275,"commentCount":0,"publisher":{"@id":"https:\/\/qtmm.org\/qt\/#organization"},"articleSection":["Haberler"],"inLanguage":"qt","potentialAction":[{"@type":"CommentAction","name":"Comment","target":["https:\/\/qtmm.org\/qt\/milliy-meclis-reisi-qirimtatarlar-ayirimcilarga-qarsiliq-kostermege-azirlar\/#respond"]}]},{"@type":"WebPage","@id":"https:\/\/qtmm.org\/qt\/milliy-meclis-reisi-qirimtatarlar-ayirimcilarga-qarsiliq-kostermege-azirlar\/","url":"https:\/\/qtmm.org\/qt\/milliy-meclis-reisi-qirimtatarlar-ayirimcilarga-qarsiliq-kostermege-azirlar\/","name":"Milliy Meclis reisi: Q\u0131r\u0131mtatarlar ay\u0131r\u0131mc\u0131lar\u011fa qar\u015f\u0131l\u0131q k\u00f6stermege az\u0131rlar - \u041c\u0435\u0434\u0436\u043b\u0456\u0441","isPartOf":{"@id":"https:\/\/qtmm.org\/qt\/#website"},"datePublished":"2014-02-16T15:29:00+00:00","dateModified":"2022-01-27T15:30:26+00:00","breadcrumb":{"@id":"https:\/\/qtmm.org\/qt\/milliy-meclis-reisi-qirimtatarlar-ayirimcilarga-qarsiliq-kostermege-azirlar\/#breadcrumb"},"inLanguage":"qt","potentialAction":[{"@type":"ReadAction","target":["https:\/\/qtmm.org\/qt\/milliy-meclis-reisi-qirimtatarlar-ayirimcilarga-qarsiliq-kostermege-azirlar\/"]}]},{"@type":"BreadcrumbList","@id":"https:\/\/qtmm.org\/qt\/milliy-meclis-reisi-qirimtatarlar-ayirimcilarga-qarsiliq-kostermege-azirlar\/#breadcrumb","itemListElement":[{"@type":"ListItem","position":1,"name":"\u0413\u043e\u043b\u043e\u0432\u043d\u0430","item":"https:\/\/qtmm.org\/qt\/"},{"@type":"ListItem","position":2,"name":"Milliy Meclis reisi: Q\u0131r\u0131mtatarlar ay\u0131r\u0131mc\u0131lar\u011fa qar\u015f\u0131l\u0131q k\u00f6stermege az\u0131rlar"}]},{"@type":"WebSite","@id":"https:\/\/qtmm.org\/qt\/#website","url":"https:\/\/qtmm.org\/qt\/","name":"\u041c\u0435\u0434\u0436\u043b\u0456\u0441","description":"","publisher":{"@id":"https:\/\/qtmm.org\/qt\/#organization"},"potentialAction":[{"@type":"SearchAction","target":{"@type":"EntryPoint","urlTemplate":"https:\/\/qtmm.org\/qt\/?s={search_term_string}"},"query-input":{"@type":"PropertyValueSpecification","valueRequired":true,"valueName":"search_term_string"}}],"inLanguage":"qt"},{"@type":"Organization","@id":"https:\/\/qtmm.org\/qt\/#organization","name":"\u041c\u0435\u0434\u0436\u043b\u0456\u0441","url":"https:\/\/qtmm.org\/qt\/","logo":{"@type":"ImageObject","inLanguage":"qt","@id":"https:\/\/qtmm.org\/qt\/#\/schema\/logo\/image\/","url":"https:\/\/qtmm.org\/wp-content\/uploads\/2024\/12\/ua-mejlis-logo-rgb.svg","contentUrl":"https:\/\/qtmm.org\/wp-content\/uploads\/2024\/12\/ua-mejlis-logo-rgb.svg","caption":"\u041c\u0435\u0434\u0436\u043b\u0456\u0441"},"image":{"@id":"https:\/\/qtmm.org\/qt\/#\/schema\/logo\/image\/"},"sameAs":["https:\/\/www.facebook.com\/qtmm.info\/"]},{"@type":"Person","@id":"https:\/\/qtmm.org\/qt\/#\/schema\/person\/de562469f971dec226ac06e60bbf74a7","name":"Developer","image":{"@type":"ImageObject","inLanguage":"qt","@id":"https:\/\/secure.gravatar.com\/avatar\/392b4cc8fbfeb00b39dfeeab4ee6edded39ffd48e25858637e4765810300227e?s=96&d=mm&r=g","url":"https:\/\/secure.gravatar.com\/avatar\/392b4cc8fbfeb00b39dfeeab4ee6edded39ffd48e25858637e4765810300227e?s=96&d=mm&r=g","contentUrl":"https:\/\/secure.gravatar.com\/avatar\/392b4cc8fbfeb00b39dfeeab4ee6edded39ffd48e25858637e4765810300227e?s=96&d=mm&r=g","caption":"Developer"},"url":"https:\/\/qtmm.org\/qt\/author\/Developer\/"}]}},"_links":{"self":[{"href":"https:\/\/qtmm.org\/qt\/wp-json\/wp\/v2\/posts\/43269","targetHints":{"allow":["GET"]}}],"collection":[{"href":"https:\/\/qtmm.org\/qt\/wp-json\/wp\/v2\/posts"}],"about":[{"href":"https:\/\/qtmm.org\/qt\/wp-json\/wp\/v2\/types\/post"}],"author":[{"embeddable":true,"href":"https:\/\/qtmm.org\/qt\/wp-json\/wp\/v2\/users\/1"}],"replies":[{"embeddable":true,"href":"https:\/\/qtmm.org\/qt\/wp-json\/wp\/v2\/comments?post=43269"}],"version-history":[{"count":1,"href":"https:\/\/qtmm.org\/qt\/wp-json\/wp\/v2\/posts\/43269\/revisions"}],"predecessor-version":[{"id":43270,"href":"https:\/\/qtmm.org\/qt\/wp-json\/wp\/v2\/posts\/43269\/revisions\/43270"}],"wp:attachment":[{"href":"https:\/\/qtmm.org\/qt\/wp-json\/wp\/v2\/media?parent=43269"}],"wp:term":[{"taxonomy":"category","embeddable":true,"href":"https:\/\/qtmm.org\/qt\/wp-json\/wp\/v2\/categories?post=43269"},{"taxonomy":"post_tag","embeddable":true,"href":"https:\/\/qtmm.org\/qt\/wp-json\/wp\/v2\/tags?post=43269"}],"curies":[{"name":"wp","href":"https:\/\/api.w.org\/{rel}","templated":true}]}}