




{"id":43267,"date":"2014-02-13T18:29:00","date_gmt":"2014-02-13T15:29:00","guid":{"rendered":"http:\/\/qtmm.org\/?p=43267"},"modified":"2022-01-27T18:29:48","modified_gmt":"2022-01-27T15:29:48","slug":"qurultay-teftis-komisyoninin-toplasuvi-olip-kecti","status":"publish","type":"post","link":"https:\/\/qtmm.org\/qt\/qurultay-teftis-komisyoninin-toplasuvi-olip-kecti\/","title":{"rendered":"Qurultay Tefti\u015f komisyon\u0131n\u0131\u00f1 topla\u015fuv\u0131 ol\u0131p ke\u00e7ti"},"content":{"rendered":"\n<p>2014 s., fevral 13-te q\u0131r\u0131mtatar halq\u0131 VI Qurultay\u0131 Tefti\u015f komisyon\u0131n\u0131\u00f1 nevbetteki topla\u015fuv\u0131 ol\u0131p ke\u00e7ti. K\u00fcn tertibini\u00f1 esas meselesi olaraq, Qarasuvbazar regional meclisteki vaziyet boyunca Milliy Qurultayn\u0131\u00f1 vekili Remzi Velill\u00e2yevni\u00f1 arizas\u0131 baq\u0131p \u00e7\u0131q\u0131ld\u0131. \u0130\u015fbu ar\u0131zada Qarasuvbazar regional meclisini\u00f1 reisi Mustafa Asaban\u0131\u00f1 \u00f6z maqam\u0131na l\u00e2y\u0131q olma\u011fan\u0131, salahiyetleri qanuns\u0131z ol\u011fan\u0131 bildirile. Arizan\u0131\u00f1 yan\u0131nda ol\u011fan regional meclis topla\u015fuv\u0131 protokol\u0131n\u0131\u00f1 kopiyas\u0131nda aks etile ki, ol\u0131p ke\u00e7ken topla\u015fuvda \u015fimdiki Qarasuvbazar regional meclisini\u00f1 reisi Mustafa Asaba\u011fa i\u015fan\u00e7 bildir\u00fcv meselesi k\u00f6terildi. Bu mesele boyunca a\u00e7\u0131q rey ber\u00fcvnen topla\u015fuv i\u015ftirak\u00e7ilerini\u00f1 yar\u0131s\u0131ndan ziyadesi (yani 72 ki\u015fi) o\u00f1a i\u015fan\u00e7 bildirdiler. Remzi Velill\u00e2yevni\u00f1 arizas\u0131nda ve o\u00f1a il\u00e2ve etilgen konferans vekillerini\u00f1 reylerini say\u011fan kimselerni\u00f1 imzal\u0131 senetlerinde diger raqamlardan bahs etile. Bundan sebep, Remzi Velill\u00e2yev Milliy Mecliske ve Qurultayn\u0131\u00f1 Tefti\u015f komisyon\u0131na muracaat etip, bu meseleleni\u00f1 baq\u0131l\u0131p \u00e7\u0131q\u0131lmas\u0131n\u0131 ve \u015fimdiki Qarasuvbazar regional meclisini\u00f1 reisi vazifesinden bo\u015fat\u0131lmas\u0131n\u0131 istedi.<\/p>\n\n\n\n<p>Muzakere esnas\u0131nda belli etildi ki, regional konferanslarn\u0131\u00f1 ve regional meclislerni\u00f1 faaliyeti &#8220;Q\u0131r\u0131mtatar halq\u0131n\u0131\u00f1 milliy \u00f6z-\u00f6z\u00fcni idare et\u00fcv yerli m\u00fcessiseleri aqq\u0131nda nizamname&#8221;nen belli qanunlar\u011fa ba\u011flana, ve bu qanunlar arizada bildirilgen vaziyetni, adreslerine mezk\u00fcr \u015fik\u00e2yet kelgen m\u00fcessiseler qar\u0131\u015fmadan, \u00e7ezmek i\u00e7\u00fcn yeterlidir.<\/p>\n\n\n\n<p>\u0130\u015fbu nizamnamege k\u00f6re, regional meclis reisine i\u015fan\u00e7 bildir\u00fcv muamelesi as\u0131l da mevcut degildir. L\u00e2kin i\u015fan\u00e7s\u0131zl\u0131q bildir\u00fcv muamelesi mevcut, ve bu muamele sadedir, tesirlidir ve, eki basamaql\u0131 ol\u011fan\u0131ndan sebep, adaletlidir. On\u0131\u00f1 eki basamaql\u0131 oluv\u0131 mevcut reisni, o\u00f1a muhalefet etken ve regional meclis azalar\u0131ndan ol\u011fan belli gruppalarn\u0131\u00f1 adaletsiz a\u00f1la\u015fuvlar\u0131 vaqialar\u0131nda, qor\u00e7alamaq kerek.<\/p>\n\n\n\n<p>B\u00f6ylece, ameldeki Nizamnameni\u00f1 4.15 maddesine k\u00f6re:<\/p>\n\n\n\n<p><strong>&#8220;Regional meclisni\u00f1 reisine i\u015fan\u00e7s\u0131zl\u0131q<\/strong><\/p>\n\n\n\n<p><strong>&#8211; regional meclis azalar\u0131n\u0131\u00f1 \u00e7oqlu\u011f\u0131nen,<\/strong><\/p>\n\n\n\n<p><strong>&#8211; q\u0131r\u0131mtatar halq\u0131 Meclisini\u00f1 qarar\u0131nen bildirile bile.<\/strong><\/p>\n\n\n\n<p><strong>Reginal meclis reisini\u00f1 \u00f6z vazifesine uy\u011fun ol\u0131p-olma\u011fan\u0131n\u0131\u00f1 niaiy qarar\u0131, i\u015fan\u00e7s\u0131zl\u0131q bildirilgen k\u00fcnden ba\u015flap, bir aydan ke\u00e7 olmamaq \u015fart\u0131nen, regional konferansta qabul etile&#8221;<\/strong>. Regional meclisini\u00f1 reisine i\u015fan\u00e7s\u0131zl\u0131q bildirile bile; bundan so\u00f1, e\u00f1 q\u0131sqa m\u00fcddette, Nizamnameni\u00f1 5.4. maddesine k\u00f6re, \u00e7a\u011f\u0131r\u0131l\u011fan regional konferansta on\u0131\u00f1 salahiyetlerine so\u00f1 berile bile: &#8220;Regional konferans taraf\u0131ndan regional meclisni\u00f1 ve on\u0131\u00f1 rehberlik strukturalar\u0131n\u0131\u00f1 erk\u00e2n\u0131 tertip etilgen so\u00f1, regional konferanslarn\u0131 ke\u00e7ir\u00fcv ve i\u015flerini te\u015fkil et\u00fcv meseleleri regional meclislerni\u00f1 salahiyetine ke\u00e7e&#8221;. Reisni\u00f1 \u011fayr\u0131dan saylanmas\u0131 ancaq Nizamnameni\u00f1 4.11 maddesine binaen m\u00fcmk\u00fcn: &#8220;Regional meclisni\u00f1 reisi regional konferans taraf\u0131ndan vekillerini\u00f1 gizli rey ber\u00fcvinen saylana.<\/p>\n\n\n\n<p><strong>Regional konferans vekillerini\u00f1 yar\u0131s\u0131ndan \u00e7oq reylerini al\u011fan namzet reislikke saylan\u011fan say\u0131la. Eger saylav esnas\u0131nda i\u00e7 bir namzet kerekli say\u0131da rey toplayalmasa, ya\u00f1\u0131dan namzet \u00e7\u0131qaruv il\u00e2n etile ve \u011fayr\u0131dan saylav ke\u00e7irile&#8221;.<\/strong><\/p>\n\n\n\n<p>Belgilengen alda regional meclis reisini Milliy Meclis qarar\u0131nen vazifesinden bo\u015fatmaq m\u00fcmk\u00fcn degil, \u00e7\u00fcnki Nizamnameni\u00f1 4.4. maddesine binaen&nbsp;<strong>&#8220;Regional meclis reisini\u00f1 salahiyetine, vaqt\u0131 tolmadan evel, so\u00f1 bermek aqq\u0131 ancaq q\u0131r\u0131mtatar halq\u0131 Meclisine ait ol\u0131p, ancaq a\u015fa\u011f\u0131daki allarda qullan\u0131la bile:<\/strong><\/p>\n\n\n\n<p>&#8211;&nbsp;<strong>b\u00fct\u00fcn regional meclis erk\u00e2n\u0131n\u0131\u00f1 salahiyeti \u011fay\u0131p olamas\u0131na ketiricek say\u0131daki regional meclis azalar\u0131n\u0131\u00f1 \u00f6z salahiyetlerinden, vaqt\u0131 tolmadan evel, vazge\u00e7meleri;<\/strong><\/p>\n\n\n\n<p>&#8211;&nbsp;<strong>q\u0131r\u0131m tatarlar regional konferans\u0131nda regional meclis erk\u00e2n\u0131n\u0131\u00f1 salahiyetleri, vaqt\u0131 tolmadan evel, so\u00f1una kelmesi qarar\u0131n\u0131\u00f1 al\u0131nmas\u0131;<\/strong><\/p>\n\n\n\n<p>&#8211;&nbsp;<strong>regional meclisni\u00f1 q\u0131r\u0131mtatar halq\u0131 Qurultay\u0131, q\u0131r\u0131mtatar halq\u0131 Meclisi, on\u0131\u00f1 Prezidium\u0131, regional konferans qararlar\u0131n\u0131 yerine ketir\u00fcvden qa\u00e7\u0131nmas\u0131. Bu alda, q\u0131r\u0131mtatar halq\u0131 Meclisini\u00f1 qarar\u0131 q\u0131r\u0131mtatar halq\u0131 Qurultay\u0131n\u0131\u00f1 Tefti\u015f komisyon\u0131n\u0131\u00f1 yaz\u0131l\u0131 yek\u00fcnnamesi esas\u0131nda berile&#8221;<\/strong>. Mezk\u00fcr vaziyetlerni\u00f1 bir de birisi peyda ol\u011fan\u0131 aqq\u0131nda ise, i\u00e7 bir bilgi yoqt\u0131r.<\/p>\n\n\n\n<p>Bunen alaqal\u0131 olaraq Tefti\u015f komisyon\u0131 rey birliginen Qarasuvbazar regional meclisindeki vaziyetke Milliy Meclis ve Tefti\u015f komisyon\u0131 kibi Qurultay m\u00fcessiselerini\u00f1 kiri\u015fmesine ihtiyac olma\u011fan\u0131n\u0131 bildirdi ve Q\u0131r\u0131mtatar halq\u0131 Qurultay\u0131n\u0131\u00f1 vekilleri ve Qarasuvbazar regional meclisini\u00f1 azalar\u0131na q\u0131r\u0131mtatar halq\u0131 milliy yerli \u00f6z-\u00f6z\u00fcni idare et\u00fcv m\u00fcessiseleri aqq\u0131ndaki Nizamnamede belgilengen muamele boyunca areket etmelerini teklif etti.<br>&nbsp;<\/p>\n","protected":false},"excerpt":{"rendered":"<p>2014 s., fevral 13-te q\u0131r\u0131mtatar halq\u0131 VI Qurultay\u0131 Tefti\u015f komisyon\u0131n\u0131\u00f1 nevbetteki topla\u015fuv\u0131 ol\u0131p ke\u00e7ti. K\u00fcn tertibini\u00f1 esas meselesi olaraq, Qarasuvbazar regional meclisteki vaziyet boyunca Milliy Qurultayn\u0131\u00f1 vekili Remzi Velill\u00e2yevni\u00f1 arizas\u0131 baq\u0131p \u00e7\u0131q\u0131ld\u0131. \u0130\u015fbu ar\u0131zada Qarasuvbazar regional meclisini\u00f1 reisi Mustafa Asaban\u0131\u00f1 \u00f6z maqam\u0131na l\u00e2y\u0131q olma\u011fan\u0131, salahiyetleri qanuns\u0131z ol\u011fan\u0131 bildirile. Arizan\u0131\u00f1 yan\u0131nda ol\u011fan regional meclis topla\u015fuv\u0131 protokol\u0131n\u0131\u00f1 [&hellip;]<\/p>\n","protected":false},"author":1,"featured_media":0,"comment_status":"open","ping_status":"open","sticky":false,"template":"","format":"standard","meta":{"inline_featured_image":false,"footnotes":""},"categories":[265],"tags":[],"class_list":["post-43267","post","type-post","status-publish","format-standard","hentry","category-haberler"],"acf":[],"yoast_head":"<!-- This site is optimized with the Yoast SEO plugin v27.4 - https:\/\/yoast.com\/product\/yoast-seo-wordpress\/ -->\n<title>Qurultay Tefti\u015f komisyon\u0131n\u0131\u00f1 topla\u015fuv\u0131 ol\u0131p ke\u00e7ti - \u041c\u0435\u0434\u0436\u043b\u0456\u0441<\/title>\n<meta name=\"robots\" content=\"index, follow, max-snippet:-1, max-image-preview:large, max-video-preview:-1\" \/>\n<link rel=\"canonical\" href=\"https:\/\/qtmm.org\/qt\/qurultay-teftis-komisyoninin-toplasuvi-olip-kecti\/\" \/>\n<meta property=\"og:locale\" content=\"en_US\" \/>\n<meta property=\"og:type\" content=\"article\" \/>\n<meta property=\"og:title\" content=\"Qurultay Tefti\u015f komisyon\u0131n\u0131\u00f1 topla\u015fuv\u0131 ol\u0131p ke\u00e7ti - \u041c\u0435\u0434\u0436\u043b\u0456\u0441\" \/>\n<meta property=\"og:description\" content=\"2014 s., fevral 13-te q\u0131r\u0131mtatar halq\u0131 VI Qurultay\u0131 Tefti\u015f komisyon\u0131n\u0131\u00f1 nevbetteki topla\u015fuv\u0131 ol\u0131p ke\u00e7ti. K\u00fcn tertibini\u00f1 esas meselesi olaraq, Qarasuvbazar regional meclisteki vaziyet boyunca Milliy Qurultayn\u0131\u00f1 vekili Remzi Velill\u00e2yevni\u00f1 arizas\u0131 baq\u0131p \u00e7\u0131q\u0131ld\u0131. \u0130\u015fbu ar\u0131zada Qarasuvbazar regional meclisini\u00f1 reisi Mustafa Asaban\u0131\u00f1 \u00f6z maqam\u0131na l\u00e2y\u0131q olma\u011fan\u0131, salahiyetleri qanuns\u0131z ol\u011fan\u0131 bildirile. Arizan\u0131\u00f1 yan\u0131nda ol\u011fan regional meclis topla\u015fuv\u0131 protokol\u0131n\u0131\u00f1 [&hellip;]\" \/>\n<meta property=\"og:url\" content=\"https:\/\/qtmm.org\/qt\/qurultay-teftis-komisyoninin-toplasuvi-olip-kecti\/\" \/>\n<meta property=\"og:site_name\" content=\"\u041c\u0435\u0434\u0436\u043b\u0456\u0441\" \/>\n<meta property=\"article:publisher\" content=\"https:\/\/www.facebook.com\/qtmm.info\/\" \/>\n<meta property=\"article:published_time\" content=\"2014-02-13T15:29:00+00:00\" \/>\n<meta property=\"article:modified_time\" content=\"2022-01-27T15:29:48+00:00\" \/>\n<meta name=\"author\" content=\"Developer\" \/>\n<meta name=\"twitter:card\" content=\"summary_large_image\" \/>\n<meta name=\"twitter:label1\" content=\"Written by\" \/>\n\t<meta name=\"twitter:data1\" content=\"Developer\" \/>\n\t<meta name=\"twitter:label2\" content=\"Est. reading time\" \/>\n\t<meta name=\"twitter:data2\" content=\"4 minutes\" \/>\n<script type=\"application\/ld+json\" class=\"yoast-schema-graph\">{\"@context\":\"https:\\\/\\\/schema.org\",\"@graph\":[{\"@type\":\"Article\",\"@id\":\"https:\\\/\\\/qtmm.org\\\/qt\\\/qurultay-teftis-komisyoninin-toplasuvi-olip-kecti\\\/#article\",\"isPartOf\":{\"@id\":\"https:\\\/\\\/qtmm.org\\\/qt\\\/qurultay-teftis-komisyoninin-toplasuvi-olip-kecti\\\/\"},\"author\":{\"name\":\"Developer\",\"@id\":\"https:\\\/\\\/qtmm.org\\\/qt\\\/#\\\/schema\\\/person\\\/de562469f971dec226ac06e60bbf74a7\"},\"headline\":\"Qurultay Tefti\u015f komisyon\u0131n\u0131\u00f1 topla\u015fuv\u0131 ol\u0131p ke\u00e7ti\",\"datePublished\":\"2014-02-13T15:29:00+00:00\",\"dateModified\":\"2022-01-27T15:29:48+00:00\",\"mainEntityOfPage\":{\"@id\":\"https:\\\/\\\/qtmm.org\\\/qt\\\/qurultay-teftis-komisyoninin-toplasuvi-olip-kecti\\\/\"},\"wordCount\":748,\"commentCount\":0,\"publisher\":{\"@id\":\"https:\\\/\\\/qtmm.org\\\/qt\\\/#organization\"},\"articleSection\":[\"Haberler\"],\"inLanguage\":\"qt\",\"potentialAction\":[{\"@type\":\"CommentAction\",\"name\":\"Comment\",\"target\":[\"https:\\\/\\\/qtmm.org\\\/qt\\\/qurultay-teftis-komisyoninin-toplasuvi-olip-kecti\\\/#respond\"]}]},{\"@type\":\"WebPage\",\"@id\":\"https:\\\/\\\/qtmm.org\\\/qt\\\/qurultay-teftis-komisyoninin-toplasuvi-olip-kecti\\\/\",\"url\":\"https:\\\/\\\/qtmm.org\\\/qt\\\/qurultay-teftis-komisyoninin-toplasuvi-olip-kecti\\\/\",\"name\":\"Qurultay Tefti\u015f komisyon\u0131n\u0131\u00f1 topla\u015fuv\u0131 ol\u0131p ke\u00e7ti - \u041c\u0435\u0434\u0436\u043b\u0456\u0441\",\"isPartOf\":{\"@id\":\"https:\\\/\\\/qtmm.org\\\/qt\\\/#website\"},\"datePublished\":\"2014-02-13T15:29:00+00:00\",\"dateModified\":\"2022-01-27T15:29:48+00:00\",\"breadcrumb\":{\"@id\":\"https:\\\/\\\/qtmm.org\\\/qt\\\/qurultay-teftis-komisyoninin-toplasuvi-olip-kecti\\\/#breadcrumb\"},\"inLanguage\":\"qt\",\"potentialAction\":[{\"@type\":\"ReadAction\",\"target\":[\"https:\\\/\\\/qtmm.org\\\/qt\\\/qurultay-teftis-komisyoninin-toplasuvi-olip-kecti\\\/\"]}]},{\"@type\":\"BreadcrumbList\",\"@id\":\"https:\\\/\\\/qtmm.org\\\/qt\\\/qurultay-teftis-komisyoninin-toplasuvi-olip-kecti\\\/#breadcrumb\",\"itemListElement\":[{\"@type\":\"ListItem\",\"position\":1,\"name\":\"\u0413\u043e\u043b\u043e\u0432\u043d\u0430\",\"item\":\"https:\\\/\\\/qtmm.org\\\/qt\\\/\"},{\"@type\":\"ListItem\",\"position\":2,\"name\":\"Qurultay Tefti\u015f komisyon\u0131n\u0131\u00f1 topla\u015fuv\u0131 ol\u0131p ke\u00e7ti\"}]},{\"@type\":\"WebSite\",\"@id\":\"https:\\\/\\\/qtmm.org\\\/qt\\\/#website\",\"url\":\"https:\\\/\\\/qtmm.org\\\/qt\\\/\",\"name\":\"\u041c\u0435\u0434\u0436\u043b\u0456\u0441\",\"description\":\"\",\"publisher\":{\"@id\":\"https:\\\/\\\/qtmm.org\\\/qt\\\/#organization\"},\"potentialAction\":[{\"@type\":\"SearchAction\",\"target\":{\"@type\":\"EntryPoint\",\"urlTemplate\":\"https:\\\/\\\/qtmm.org\\\/qt\\\/?s={search_term_string}\"},\"query-input\":{\"@type\":\"PropertyValueSpecification\",\"valueRequired\":true,\"valueName\":\"search_term_string\"}}],\"inLanguage\":\"qt\"},{\"@type\":\"Organization\",\"@id\":\"https:\\\/\\\/qtmm.org\\\/qt\\\/#organization\",\"name\":\"\u041c\u0435\u0434\u0436\u043b\u0456\u0441\",\"url\":\"https:\\\/\\\/qtmm.org\\\/qt\\\/\",\"logo\":{\"@type\":\"ImageObject\",\"inLanguage\":\"qt\",\"@id\":\"https:\\\/\\\/qtmm.org\\\/qt\\\/#\\\/schema\\\/logo\\\/image\\\/\",\"url\":\"https:\\\/\\\/qtmm.org\\\/wp-content\\\/uploads\\\/2024\\\/12\\\/ua-mejlis-logo-rgb.svg\",\"contentUrl\":\"https:\\\/\\\/qtmm.org\\\/wp-content\\\/uploads\\\/2024\\\/12\\\/ua-mejlis-logo-rgb.svg\",\"caption\":\"\u041c\u0435\u0434\u0436\u043b\u0456\u0441\"},\"image\":{\"@id\":\"https:\\\/\\\/qtmm.org\\\/qt\\\/#\\\/schema\\\/logo\\\/image\\\/\"},\"sameAs\":[\"https:\\\/\\\/www.facebook.com\\\/qtmm.info\\\/\"]},{\"@type\":\"Person\",\"@id\":\"https:\\\/\\\/qtmm.org\\\/qt\\\/#\\\/schema\\\/person\\\/de562469f971dec226ac06e60bbf74a7\",\"name\":\"Developer\",\"image\":{\"@type\":\"ImageObject\",\"inLanguage\":\"qt\",\"@id\":\"https:\\\/\\\/secure.gravatar.com\\\/avatar\\\/392b4cc8fbfeb00b39dfeeab4ee6edded39ffd48e25858637e4765810300227e?s=96&d=mm&r=g\",\"url\":\"https:\\\/\\\/secure.gravatar.com\\\/avatar\\\/392b4cc8fbfeb00b39dfeeab4ee6edded39ffd48e25858637e4765810300227e?s=96&d=mm&r=g\",\"contentUrl\":\"https:\\\/\\\/secure.gravatar.com\\\/avatar\\\/392b4cc8fbfeb00b39dfeeab4ee6edded39ffd48e25858637e4765810300227e?s=96&d=mm&r=g\",\"caption\":\"Developer\"},\"url\":\"https:\\\/\\\/qtmm.org\\\/qt\\\/author\\\/Developer\\\/\"}]}<\/script>\n<!-- \/ Yoast SEO plugin. -->","yoast_head_json":{"title":"Qurultay Tefti\u015f komisyon\u0131n\u0131\u00f1 topla\u015fuv\u0131 ol\u0131p ke\u00e7ti - \u041c\u0435\u0434\u0436\u043b\u0456\u0441","robots":{"index":"index","follow":"follow","max-snippet":"max-snippet:-1","max-image-preview":"max-image-preview:large","max-video-preview":"max-video-preview:-1"},"canonical":"https:\/\/qtmm.org\/qt\/qurultay-teftis-komisyoninin-toplasuvi-olip-kecti\/","og_locale":"en_US","og_type":"article","og_title":"Qurultay Tefti\u015f komisyon\u0131n\u0131\u00f1 topla\u015fuv\u0131 ol\u0131p ke\u00e7ti - \u041c\u0435\u0434\u0436\u043b\u0456\u0441","og_description":"2014 s., fevral 13-te q\u0131r\u0131mtatar halq\u0131 VI Qurultay\u0131 Tefti\u015f komisyon\u0131n\u0131\u00f1 nevbetteki topla\u015fuv\u0131 ol\u0131p ke\u00e7ti. K\u00fcn tertibini\u00f1 esas meselesi olaraq, Qarasuvbazar regional meclisteki vaziyet boyunca Milliy Qurultayn\u0131\u00f1 vekili Remzi Velill\u00e2yevni\u00f1 arizas\u0131 baq\u0131p \u00e7\u0131q\u0131ld\u0131. \u0130\u015fbu ar\u0131zada Qarasuvbazar regional meclisini\u00f1 reisi Mustafa Asaban\u0131\u00f1 \u00f6z maqam\u0131na l\u00e2y\u0131q olma\u011fan\u0131, salahiyetleri qanuns\u0131z ol\u011fan\u0131 bildirile. Arizan\u0131\u00f1 yan\u0131nda ol\u011fan regional meclis topla\u015fuv\u0131 protokol\u0131n\u0131\u00f1 [&hellip;]","og_url":"https:\/\/qtmm.org\/qt\/qurultay-teftis-komisyoninin-toplasuvi-olip-kecti\/","og_site_name":"\u041c\u0435\u0434\u0436\u043b\u0456\u0441","article_publisher":"https:\/\/www.facebook.com\/qtmm.info\/","article_published_time":"2014-02-13T15:29:00+00:00","article_modified_time":"2022-01-27T15:29:48+00:00","author":"Developer","twitter_card":"summary_large_image","twitter_misc":{"Written by":"Developer","Est. reading time":"4 minutes"},"schema":{"@context":"https:\/\/schema.org","@graph":[{"@type":"Article","@id":"https:\/\/qtmm.org\/qt\/qurultay-teftis-komisyoninin-toplasuvi-olip-kecti\/#article","isPartOf":{"@id":"https:\/\/qtmm.org\/qt\/qurultay-teftis-komisyoninin-toplasuvi-olip-kecti\/"},"author":{"name":"Developer","@id":"https:\/\/qtmm.org\/qt\/#\/schema\/person\/de562469f971dec226ac06e60bbf74a7"},"headline":"Qurultay Tefti\u015f komisyon\u0131n\u0131\u00f1 topla\u015fuv\u0131 ol\u0131p ke\u00e7ti","datePublished":"2014-02-13T15:29:00+00:00","dateModified":"2022-01-27T15:29:48+00:00","mainEntityOfPage":{"@id":"https:\/\/qtmm.org\/qt\/qurultay-teftis-komisyoninin-toplasuvi-olip-kecti\/"},"wordCount":748,"commentCount":0,"publisher":{"@id":"https:\/\/qtmm.org\/qt\/#organization"},"articleSection":["Haberler"],"inLanguage":"qt","potentialAction":[{"@type":"CommentAction","name":"Comment","target":["https:\/\/qtmm.org\/qt\/qurultay-teftis-komisyoninin-toplasuvi-olip-kecti\/#respond"]}]},{"@type":"WebPage","@id":"https:\/\/qtmm.org\/qt\/qurultay-teftis-komisyoninin-toplasuvi-olip-kecti\/","url":"https:\/\/qtmm.org\/qt\/qurultay-teftis-komisyoninin-toplasuvi-olip-kecti\/","name":"Qurultay Tefti\u015f komisyon\u0131n\u0131\u00f1 topla\u015fuv\u0131 ol\u0131p ke\u00e7ti - \u041c\u0435\u0434\u0436\u043b\u0456\u0441","isPartOf":{"@id":"https:\/\/qtmm.org\/qt\/#website"},"datePublished":"2014-02-13T15:29:00+00:00","dateModified":"2022-01-27T15:29:48+00:00","breadcrumb":{"@id":"https:\/\/qtmm.org\/qt\/qurultay-teftis-komisyoninin-toplasuvi-olip-kecti\/#breadcrumb"},"inLanguage":"qt","potentialAction":[{"@type":"ReadAction","target":["https:\/\/qtmm.org\/qt\/qurultay-teftis-komisyoninin-toplasuvi-olip-kecti\/"]}]},{"@type":"BreadcrumbList","@id":"https:\/\/qtmm.org\/qt\/qurultay-teftis-komisyoninin-toplasuvi-olip-kecti\/#breadcrumb","itemListElement":[{"@type":"ListItem","position":1,"name":"\u0413\u043e\u043b\u043e\u0432\u043d\u0430","item":"https:\/\/qtmm.org\/qt\/"},{"@type":"ListItem","position":2,"name":"Qurultay Tefti\u015f komisyon\u0131n\u0131\u00f1 topla\u015fuv\u0131 ol\u0131p ke\u00e7ti"}]},{"@type":"WebSite","@id":"https:\/\/qtmm.org\/qt\/#website","url":"https:\/\/qtmm.org\/qt\/","name":"\u041c\u0435\u0434\u0436\u043b\u0456\u0441","description":"","publisher":{"@id":"https:\/\/qtmm.org\/qt\/#organization"},"potentialAction":[{"@type":"SearchAction","target":{"@type":"EntryPoint","urlTemplate":"https:\/\/qtmm.org\/qt\/?s={search_term_string}"},"query-input":{"@type":"PropertyValueSpecification","valueRequired":true,"valueName":"search_term_string"}}],"inLanguage":"qt"},{"@type":"Organization","@id":"https:\/\/qtmm.org\/qt\/#organization","name":"\u041c\u0435\u0434\u0436\u043b\u0456\u0441","url":"https:\/\/qtmm.org\/qt\/","logo":{"@type":"ImageObject","inLanguage":"qt","@id":"https:\/\/qtmm.org\/qt\/#\/schema\/logo\/image\/","url":"https:\/\/qtmm.org\/wp-content\/uploads\/2024\/12\/ua-mejlis-logo-rgb.svg","contentUrl":"https:\/\/qtmm.org\/wp-content\/uploads\/2024\/12\/ua-mejlis-logo-rgb.svg","caption":"\u041c\u0435\u0434\u0436\u043b\u0456\u0441"},"image":{"@id":"https:\/\/qtmm.org\/qt\/#\/schema\/logo\/image\/"},"sameAs":["https:\/\/www.facebook.com\/qtmm.info\/"]},{"@type":"Person","@id":"https:\/\/qtmm.org\/qt\/#\/schema\/person\/de562469f971dec226ac06e60bbf74a7","name":"Developer","image":{"@type":"ImageObject","inLanguage":"qt","@id":"https:\/\/secure.gravatar.com\/avatar\/392b4cc8fbfeb00b39dfeeab4ee6edded39ffd48e25858637e4765810300227e?s=96&d=mm&r=g","url":"https:\/\/secure.gravatar.com\/avatar\/392b4cc8fbfeb00b39dfeeab4ee6edded39ffd48e25858637e4765810300227e?s=96&d=mm&r=g","contentUrl":"https:\/\/secure.gravatar.com\/avatar\/392b4cc8fbfeb00b39dfeeab4ee6edded39ffd48e25858637e4765810300227e?s=96&d=mm&r=g","caption":"Developer"},"url":"https:\/\/qtmm.org\/qt\/author\/Developer\/"}]}},"_links":{"self":[{"href":"https:\/\/qtmm.org\/qt\/wp-json\/wp\/v2\/posts\/43267","targetHints":{"allow":["GET"]}}],"collection":[{"href":"https:\/\/qtmm.org\/qt\/wp-json\/wp\/v2\/posts"}],"about":[{"href":"https:\/\/qtmm.org\/qt\/wp-json\/wp\/v2\/types\/post"}],"author":[{"embeddable":true,"href":"https:\/\/qtmm.org\/qt\/wp-json\/wp\/v2\/users\/1"}],"replies":[{"embeddable":true,"href":"https:\/\/qtmm.org\/qt\/wp-json\/wp\/v2\/comments?post=43267"}],"version-history":[{"count":1,"href":"https:\/\/qtmm.org\/qt\/wp-json\/wp\/v2\/posts\/43267\/revisions"}],"predecessor-version":[{"id":43268,"href":"https:\/\/qtmm.org\/qt\/wp-json\/wp\/v2\/posts\/43267\/revisions\/43268"}],"wp:attachment":[{"href":"https:\/\/qtmm.org\/qt\/wp-json\/wp\/v2\/media?parent=43267"}],"wp:term":[{"taxonomy":"category","embeddable":true,"href":"https:\/\/qtmm.org\/qt\/wp-json\/wp\/v2\/categories?post=43267"},{"taxonomy":"post_tag","embeddable":true,"href":"https:\/\/qtmm.org\/qt\/wp-json\/wp\/v2\/tags?post=43267"}],"curies":[{"name":"wp","href":"https:\/\/api.w.org\/{rel}","templated":true}]}}