




{"id":43253,"date":"2014-02-13T18:27:00","date_gmt":"2014-02-13T15:27:00","guid":{"rendered":"http:\/\/qtmm.org\/?p=43253"},"modified":"2022-01-27T18:28:49","modified_gmt":"2022-01-27T15:28:49","slug":"aqmescit-ve-bagcasaray-regional-meclisleri-qirimda-qanunsiz-gonulli-bekcilernin-qurumlari-yasaqlanmasini-talap-eteler","status":"publish","type":"post","link":"https:\/\/qtmm.org\/qt\/aqmescit-ve-bagcasaray-regional-meclisleri-qirimda-qanunsiz-gonulli-bekcilernin-qurumlari-yasaqlanmasini-talap-eteler\/","title":{"rendered":"Aqmescit ve Ba\u011f\u00e7asaray regional meclisleri Q\u0131r\u0131mda qanuns\u0131z g\u00f6\u00f1\u00fclli bek\u00e7ilerni\u00f1 qurumlar\u0131 yasaqlanmas\u0131n\u0131 talap eteler"},"content":{"rendered":"\n<p>Q\u0131r\u0131mtatar halq\u0131 Meclisini\u00f1 b\u00fct\u00fcn regional meclislerine Saq regional meclisni\u00f1 Q\u0131r\u0131m muhtariyetinde ay\u0131r\u0131mc\u0131l\u0131qqa \u00e7a\u011f\u0131r\u011fan \u015fah\u0131slarn\u0131 cevapk\u00e2rl\u0131qqa \u00e7ekmek ve Q\u0131r\u0131m g\u00f6\u00f1\u00fclli bek\u00e7iler qurumlar\u0131n\u0131 \u015fekillendir\u00fcvni toqtatmaq aqq\u0131nda 2014 senesi fevral 8 k\u00fcn\u00fc al\u011fan qarar\u0131na qoltutmaq tevsiyesine binaen Aqmescit regional meclisi fevral 13 k\u00fcn\u00fc keni\u015fletilgen topla\u015fuv ke\u00e7irdi.<\/p>\n\n\n\n<p>\u015eun\u0131 qayd etmeli ki, fevral 12 k\u00fcn\u00fc Ba\u011f\u00e7asaray regional meclisi regionlarara topla\u015fuvlarn\u0131\u00f1 neticelerine k\u00f6re \u00f6z topla\u015fuv\u0131n\u0131 \u00f6tkerip, onda Saq regional meclisini\u00f1 Q\u0131r\u0131mda qanuns\u0131z g\u00f6\u00f1\u00fclli drujinalarn\u0131 \u015fekillendirmekni yasaqlav qarar\u0131na qoltutqan\u0131 aqq\u0131nda qarar ald\u0131.<\/p>\n\n\n\n<figure class=\"wp-block-image size-full\"><img loading=\"lazy\" decoding=\"async\" width=\"650\" height=\"354\" src=\"http:\/\/qtmm.org\/wp-content\/uploads\/2022\/01\/foto_4_2.jpeg\" alt=\"\" class=\"wp-image-43254\" srcset=\"https:\/\/qtmm.org\/wp-content\/uploads\/2022\/01\/foto_4_2.jpeg 650w, https:\/\/qtmm.org\/wp-content\/uploads\/2022\/01\/foto_4_2-300x163.jpeg 300w\" sizes=\"auto, (max-width: 650px) 100vw, 650px\" \/><\/figure>\n\n\n\n<p>Aqmescit regional meclis topla\u015fuv\u0131nda Meclis reisini\u00f1 muavinleri Zaur Smirnov ve Nariman Cel\u00e2l, bun\u0131\u00f1 kibi de yerli meclislerni\u00f1 azalar\u0131, imamlar ve diniy cemiyet vekilleri, Qurultay delegatlar\u0131, Aqmescit rayon\u0131 yerli \u015furalarn\u0131\u00f1 deputatlar\u0131 i\u015ftirak ettiler .<\/p>\n\n\n\n<p>Saq meclisini\u00f1 pozitsiyas\u0131na qoltutaraq Aqmescit regional meclis azalar\u0131 da Q\u0131r\u0131mda ay\u0131r\u0131mc\u0131l\u0131q areketlerini qaralad\u0131lar ve Ukraina Tel\u00fckesizlik h\u0131zmeti, Ukraina Ba\u015f prokuraturas\u0131, Ukraina \u0130\u00e7ki i\u015fler nazirliginden Q\u0131r\u0131mda ay\u0131r\u0131mc\u0131l\u0131q areketlerini yapqanlarn\u0131 cevapk\u00e2rl\u0131qqa \u00e7ekmelerini talap ettiler.<\/p>\n\n\n\n<p>&#8220;Aqmescit regional meclis azalar\u0131 Q\u0131r\u0131m akimleri ve Ukraina ve Q\u0131r\u0131m uquqqor\u00e7alay\u0131c\u0131 idarelerinden Q\u0131r\u0131m Muhtariyeti ve Aqyar \u015feeri Yerli idare organlar\u0131 birle\u015fmesini\u00f1 Q\u0131r\u0131m g\u00f6\u00f1\u00fclli bek\u00e7ileri qurumlar\u0131n\u0131 tizmek areketlerini toqtatmaq ve er angi cemaat te\u015fkil\u00e2tlar\u0131, siyasiy partiyalar taraf\u0131ndan Q\u0131r\u0131mda \u00f6z-\u00f6z\u00fcni mudafaa et\u00fcv otr\u00e2dlar\u0131n\u0131 \u015fekillendirmekni yasaqlama\u011fa talap ettiler&#8221;, &#8211; dep izaat berdi Aqmescit regional meclis reisi Lemmar Yunusov.<\/p>\n\n\n\n<figure class=\"wp-block-image size-full\"><img loading=\"lazy\" decoding=\"async\" width=\"650\" height=\"326\" src=\"http:\/\/qtmm.org\/wp-content\/uploads\/2022\/01\/foto_3_3.jpeg\" alt=\"\" class=\"wp-image-43258\" srcset=\"https:\/\/qtmm.org\/wp-content\/uploads\/2022\/01\/foto_3_3.jpeg 650w, https:\/\/qtmm.org\/wp-content\/uploads\/2022\/01\/foto_3_3-300x150.jpeg 300w\" sizes=\"auto, (max-width: 650px) 100vw, 650px\" \/><\/figure>\n\n\n\n<p>Topla\u015fuv devam\u0131nda 2014 senesi fevral 23 k\u00fcn\u00fc Aqmescitni\u00f1 merkeziy meydan\u0131nda q\u0131r\u0131mtatar halq\u0131n\u0131\u00f1 b\u00fcy\u00fck siyasiy ve cemaat erbab\u0131, Q\u0131r\u0131m, Poloniya, Litva ve Beyaz Rusiye m\u00fcftisi Noman \u00c7elebicihan \u00f6ld\u00fcrilmesini\u00f1 96 y\u0131ll\u0131\u011f\u0131 munasebetinen matem mitingine az\u0131rl\u0131q keti\u015fat\u0131 muzakere etildi.<\/p>\n\n\n\n<p>Meclis reisini\u00f1 muavinleri Nariman Cel\u00e2l ve Zaur Smirnov Q\u0131r\u0131mn\u0131\u00f1 e\u00f1 b\u00fcy\u00fck regionlar\u0131ndan biri ol\u011fan Aqmescit regional meclis azalar\u0131n\u0131 ke\u00e7irilecek miting aqq\u0131nda b\u00fct\u00fcn semetde\u015flerimizni haber etmek, mezk\u00fcr tedbir davas\u0131z, t\u0131n olaraq, mitingni\u00f1 ke\u00e7irilmesine keder etmek er angi areketi fesat dep tan\u0131laca\u011f\u0131n\u0131 qayd etmege \u00e7a\u011f\u0131rd\u0131lar.<\/p>\n\n\n\n<p>&#8220;Q\u0131r\u0131mtatar halq\u0131n\u0131\u00f1 ulu evl\u00e2d\u0131, halq\u0131m\u0131z aqlar\u0131n\u0131\u00f1 tiklenilmesine can\u0131n\u0131 bergen Noman \u00c7elebicihann\u0131\u00f1 hat\u0131ras\u0131n\u0131 y\u00fcksek seviyede a\u00f1maq bizim muqaddes borcum\u0131zd\u0131r, &#8211; dedi Z. Smirnov.<\/p>\n\n\n\n<figure class=\"wp-block-image size-full\"><img loading=\"lazy\" decoding=\"async\" width=\"650\" height=\"362\" src=\"http:\/\/qtmm.org\/wp-content\/uploads\/2022\/01\/foto_2_10.jpeg\" alt=\"\" class=\"wp-image-43262\" srcset=\"https:\/\/qtmm.org\/wp-content\/uploads\/2022\/01\/foto_2_10.jpeg 650w, https:\/\/qtmm.org\/wp-content\/uploads\/2022\/01\/foto_2_10-300x167.jpeg 300w\" sizes=\"auto, (max-width: 650px) 100vw, 650px\" \/><\/figure>\n","protected":false},"excerpt":{"rendered":"<p>Q\u0131r\u0131mtatar halq\u0131 Meclisini\u00f1 b\u00fct\u00fcn regional meclislerine Saq regional meclisni\u00f1 Q\u0131r\u0131m muhtariyetinde ay\u0131r\u0131mc\u0131l\u0131qqa \u00e7a\u011f\u0131r\u011fan \u015fah\u0131slarn\u0131 cevapk\u00e2rl\u0131qqa \u00e7ekmek ve Q\u0131r\u0131m g\u00f6\u00f1\u00fclli bek\u00e7iler qurumlar\u0131n\u0131 \u015fekillendir\u00fcvni toqtatmaq aqq\u0131nda 2014 senesi fevral 8 k\u00fcn\u00fc al\u011fan qarar\u0131na qoltutmaq tevsiyesine binaen Aqmescit regional meclisi fevral 13 k\u00fcn\u00fc keni\u015fletilgen topla\u015fuv ke\u00e7irdi. \u015eun\u0131 qayd etmeli ki, fevral 12 k\u00fcn\u00fc Ba\u011f\u00e7asaray regional meclisi regionlarara topla\u015fuvlarn\u0131\u00f1 [&hellip;]<\/p>\n","protected":false},"author":1,"featured_media":0,"comment_status":"open","ping_status":"open","sticky":false,"template":"","format":"standard","meta":{"inline_featured_image":false,"footnotes":""},"categories":[265],"tags":[],"class_list":["post-43253","post","type-post","status-publish","format-standard","hentry","category-haberler"],"acf":[],"yoast_head":"<!-- This site is optimized with the Yoast SEO plugin v27.4 - https:\/\/yoast.com\/product\/yoast-seo-wordpress\/ -->\n<title>Aqmescit ve Ba\u011f\u00e7asaray regional meclisleri Q\u0131r\u0131mda qanuns\u0131z g\u00f6\u00f1\u00fclli bek\u00e7ilerni\u00f1 qurumlar\u0131 yasaqlanmas\u0131n\u0131 talap eteler - \u041c\u0435\u0434\u0436\u043b\u0456\u0441<\/title>\n<meta name=\"robots\" content=\"index, follow, max-snippet:-1, max-image-preview:large, max-video-preview:-1\" \/>\n<link rel=\"canonical\" href=\"https:\/\/qtmm.org\/qt\/aqmescit-ve-bagcasaray-regional-meclisleri-qirimda-qanunsiz-gonulli-bekcilernin-qurumlari-yasaqlanmasini-talap-eteler\/\" \/>\n<meta property=\"og:locale\" content=\"en_US\" \/>\n<meta property=\"og:type\" content=\"article\" \/>\n<meta property=\"og:title\" content=\"Aqmescit ve Ba\u011f\u00e7asaray regional meclisleri Q\u0131r\u0131mda qanuns\u0131z g\u00f6\u00f1\u00fclli bek\u00e7ilerni\u00f1 qurumlar\u0131 yasaqlanmas\u0131n\u0131 talap eteler - \u041c\u0435\u0434\u0436\u043b\u0456\u0441\" \/>\n<meta property=\"og:description\" content=\"Q\u0131r\u0131mtatar halq\u0131 Meclisini\u00f1 b\u00fct\u00fcn regional meclislerine Saq regional meclisni\u00f1 Q\u0131r\u0131m muhtariyetinde ay\u0131r\u0131mc\u0131l\u0131qqa \u00e7a\u011f\u0131r\u011fan \u015fah\u0131slarn\u0131 cevapk\u00e2rl\u0131qqa \u00e7ekmek ve Q\u0131r\u0131m g\u00f6\u00f1\u00fclli bek\u00e7iler qurumlar\u0131n\u0131 \u015fekillendir\u00fcvni toqtatmaq aqq\u0131nda 2014 senesi fevral 8 k\u00fcn\u00fc al\u011fan qarar\u0131na qoltutmaq tevsiyesine binaen Aqmescit regional meclisi fevral 13 k\u00fcn\u00fc keni\u015fletilgen topla\u015fuv ke\u00e7irdi. \u015eun\u0131 qayd etmeli ki, fevral 12 k\u00fcn\u00fc Ba\u011f\u00e7asaray regional meclisi regionlarara topla\u015fuvlarn\u0131\u00f1 [&hellip;]\" \/>\n<meta property=\"og:url\" content=\"https:\/\/qtmm.org\/qt\/aqmescit-ve-bagcasaray-regional-meclisleri-qirimda-qanunsiz-gonulli-bekcilernin-qurumlari-yasaqlanmasini-talap-eteler\/\" \/>\n<meta property=\"og:site_name\" content=\"\u041c\u0435\u0434\u0436\u043b\u0456\u0441\" \/>\n<meta property=\"article:publisher\" content=\"https:\/\/www.facebook.com\/qtmm.info\/\" \/>\n<meta property=\"article:published_time\" content=\"2014-02-13T15:27:00+00:00\" \/>\n<meta property=\"article:modified_time\" content=\"2022-01-27T15:28:49+00:00\" \/>\n<meta property=\"og:image\" content=\"https:\/\/qtmm.org\/wp-content\/uploads\/2022\/01\/foto_4_2.jpeg\" \/>\n\t<meta property=\"og:image:width\" content=\"650\" \/>\n\t<meta property=\"og:image:height\" content=\"354\" \/>\n\t<meta property=\"og:image:type\" content=\"image\/jpeg\" \/>\n<meta name=\"author\" content=\"Developer\" \/>\n<meta name=\"twitter:card\" content=\"summary_large_image\" \/>\n<meta name=\"twitter:label1\" content=\"Written by\" \/>\n\t<meta name=\"twitter:data1\" content=\"Developer\" \/>\n\t<meta name=\"twitter:label2\" content=\"Est. reading time\" \/>\n\t<meta name=\"twitter:data2\" content=\"2 minutes\" \/>\n<script type=\"application\/ld+json\" class=\"yoast-schema-graph\">{\"@context\":\"https:\\\/\\\/schema.org\",\"@graph\":[{\"@type\":\"Article\",\"@id\":\"https:\\\/\\\/qtmm.org\\\/qt\\\/aqmescit-ve-bagcasaray-regional-meclisleri-qirimda-qanunsiz-gonulli-bekcilernin-qurumlari-yasaqlanmasini-talap-eteler\\\/#article\",\"isPartOf\":{\"@id\":\"https:\\\/\\\/qtmm.org\\\/qt\\\/aqmescit-ve-bagcasaray-regional-meclisleri-qirimda-qanunsiz-gonulli-bekcilernin-qurumlari-yasaqlanmasini-talap-eteler\\\/\"},\"author\":{\"name\":\"Developer\",\"@id\":\"https:\\\/\\\/qtmm.org\\\/qt\\\/#\\\/schema\\\/person\\\/de562469f971dec226ac06e60bbf74a7\"},\"headline\":\"Aqmescit ve Ba\u011f\u00e7asaray regional meclisleri Q\u0131r\u0131mda qanuns\u0131z g\u00f6\u00f1\u00fclli bek\u00e7ilerni\u00f1 qurumlar\u0131 yasaqlanmas\u0131n\u0131 talap eteler\",\"datePublished\":\"2014-02-13T15:27:00+00:00\",\"dateModified\":\"2022-01-27T15:28:49+00:00\",\"mainEntityOfPage\":{\"@id\":\"https:\\\/\\\/qtmm.org\\\/qt\\\/aqmescit-ve-bagcasaray-regional-meclisleri-qirimda-qanunsiz-gonulli-bekcilernin-qurumlari-yasaqlanmasini-talap-eteler\\\/\"},\"wordCount\":449,\"commentCount\":0,\"publisher\":{\"@id\":\"https:\\\/\\\/qtmm.org\\\/qt\\\/#organization\"},\"image\":{\"@id\":\"https:\\\/\\\/qtmm.org\\\/qt\\\/aqmescit-ve-bagcasaray-regional-meclisleri-qirimda-qanunsiz-gonulli-bekcilernin-qurumlari-yasaqlanmasini-talap-eteler\\\/#primaryimage\"},\"thumbnailUrl\":\"http:\\\/\\\/qtmm.org\\\/wp-content\\\/uploads\\\/2022\\\/01\\\/foto_4_2.jpeg\",\"articleSection\":[\"Haberler\"],\"inLanguage\":\"qt\",\"potentialAction\":[{\"@type\":\"CommentAction\",\"name\":\"Comment\",\"target\":[\"https:\\\/\\\/qtmm.org\\\/qt\\\/aqmescit-ve-bagcasaray-regional-meclisleri-qirimda-qanunsiz-gonulli-bekcilernin-qurumlari-yasaqlanmasini-talap-eteler\\\/#respond\"]}]},{\"@type\":\"WebPage\",\"@id\":\"https:\\\/\\\/qtmm.org\\\/qt\\\/aqmescit-ve-bagcasaray-regional-meclisleri-qirimda-qanunsiz-gonulli-bekcilernin-qurumlari-yasaqlanmasini-talap-eteler\\\/\",\"url\":\"https:\\\/\\\/qtmm.org\\\/qt\\\/aqmescit-ve-bagcasaray-regional-meclisleri-qirimda-qanunsiz-gonulli-bekcilernin-qurumlari-yasaqlanmasini-talap-eteler\\\/\",\"name\":\"Aqmescit ve Ba\u011f\u00e7asaray regional meclisleri Q\u0131r\u0131mda qanuns\u0131z g\u00f6\u00f1\u00fclli bek\u00e7ilerni\u00f1 qurumlar\u0131 yasaqlanmas\u0131n\u0131 talap eteler - \u041c\u0435\u0434\u0436\u043b\u0456\u0441\",\"isPartOf\":{\"@id\":\"https:\\\/\\\/qtmm.org\\\/qt\\\/#website\"},\"primaryImageOfPage\":{\"@id\":\"https:\\\/\\\/qtmm.org\\\/qt\\\/aqmescit-ve-bagcasaray-regional-meclisleri-qirimda-qanunsiz-gonulli-bekcilernin-qurumlari-yasaqlanmasini-talap-eteler\\\/#primaryimage\"},\"image\":{\"@id\":\"https:\\\/\\\/qtmm.org\\\/qt\\\/aqmescit-ve-bagcasaray-regional-meclisleri-qirimda-qanunsiz-gonulli-bekcilernin-qurumlari-yasaqlanmasini-talap-eteler\\\/#primaryimage\"},\"thumbnailUrl\":\"http:\\\/\\\/qtmm.org\\\/wp-content\\\/uploads\\\/2022\\\/01\\\/foto_4_2.jpeg\",\"datePublished\":\"2014-02-13T15:27:00+00:00\",\"dateModified\":\"2022-01-27T15:28:49+00:00\",\"breadcrumb\":{\"@id\":\"https:\\\/\\\/qtmm.org\\\/qt\\\/aqmescit-ve-bagcasaray-regional-meclisleri-qirimda-qanunsiz-gonulli-bekcilernin-qurumlari-yasaqlanmasini-talap-eteler\\\/#breadcrumb\"},\"inLanguage\":\"qt\",\"potentialAction\":[{\"@type\":\"ReadAction\",\"target\":[\"https:\\\/\\\/qtmm.org\\\/qt\\\/aqmescit-ve-bagcasaray-regional-meclisleri-qirimda-qanunsiz-gonulli-bekcilernin-qurumlari-yasaqlanmasini-talap-eteler\\\/\"]}]},{\"@type\":\"ImageObject\",\"inLanguage\":\"qt\",\"@id\":\"https:\\\/\\\/qtmm.org\\\/qt\\\/aqmescit-ve-bagcasaray-regional-meclisleri-qirimda-qanunsiz-gonulli-bekcilernin-qurumlari-yasaqlanmasini-talap-eteler\\\/#primaryimage\",\"url\":\"http:\\\/\\\/qtmm.org\\\/wp-content\\\/uploads\\\/2022\\\/01\\\/foto_4_2.jpeg\",\"contentUrl\":\"http:\\\/\\\/qtmm.org\\\/wp-content\\\/uploads\\\/2022\\\/01\\\/foto_4_2.jpeg\"},{\"@type\":\"BreadcrumbList\",\"@id\":\"https:\\\/\\\/qtmm.org\\\/qt\\\/aqmescit-ve-bagcasaray-regional-meclisleri-qirimda-qanunsiz-gonulli-bekcilernin-qurumlari-yasaqlanmasini-talap-eteler\\\/#breadcrumb\",\"itemListElement\":[{\"@type\":\"ListItem\",\"position\":1,\"name\":\"\u0413\u043e\u043b\u043e\u0432\u043d\u0430\",\"item\":\"https:\\\/\\\/qtmm.org\\\/qt\\\/\"},{\"@type\":\"ListItem\",\"position\":2,\"name\":\"Aqmescit ve Ba\u011f\u00e7asaray regional meclisleri Q\u0131r\u0131mda qanuns\u0131z g\u00f6\u00f1\u00fclli bek\u00e7ilerni\u00f1 qurumlar\u0131 yasaqlanmas\u0131n\u0131 talap eteler\"}]},{\"@type\":\"WebSite\",\"@id\":\"https:\\\/\\\/qtmm.org\\\/qt\\\/#website\",\"url\":\"https:\\\/\\\/qtmm.org\\\/qt\\\/\",\"name\":\"\u041c\u0435\u0434\u0436\u043b\u0456\u0441\",\"description\":\"\",\"publisher\":{\"@id\":\"https:\\\/\\\/qtmm.org\\\/qt\\\/#organization\"},\"potentialAction\":[{\"@type\":\"SearchAction\",\"target\":{\"@type\":\"EntryPoint\",\"urlTemplate\":\"https:\\\/\\\/qtmm.org\\\/qt\\\/?s={search_term_string}\"},\"query-input\":{\"@type\":\"PropertyValueSpecification\",\"valueRequired\":true,\"valueName\":\"search_term_string\"}}],\"inLanguage\":\"qt\"},{\"@type\":\"Organization\",\"@id\":\"https:\\\/\\\/qtmm.org\\\/qt\\\/#organization\",\"name\":\"\u041c\u0435\u0434\u0436\u043b\u0456\u0441\",\"url\":\"https:\\\/\\\/qtmm.org\\\/qt\\\/\",\"logo\":{\"@type\":\"ImageObject\",\"inLanguage\":\"qt\",\"@id\":\"https:\\\/\\\/qtmm.org\\\/qt\\\/#\\\/schema\\\/logo\\\/image\\\/\",\"url\":\"https:\\\/\\\/qtmm.org\\\/wp-content\\\/uploads\\\/2024\\\/12\\\/ua-mejlis-logo-rgb.svg\",\"contentUrl\":\"https:\\\/\\\/qtmm.org\\\/wp-content\\\/uploads\\\/2024\\\/12\\\/ua-mejlis-logo-rgb.svg\",\"caption\":\"\u041c\u0435\u0434\u0436\u043b\u0456\u0441\"},\"image\":{\"@id\":\"https:\\\/\\\/qtmm.org\\\/qt\\\/#\\\/schema\\\/logo\\\/image\\\/\"},\"sameAs\":[\"https:\\\/\\\/www.facebook.com\\\/qtmm.info\\\/\"]},{\"@type\":\"Person\",\"@id\":\"https:\\\/\\\/qtmm.org\\\/qt\\\/#\\\/schema\\\/person\\\/de562469f971dec226ac06e60bbf74a7\",\"name\":\"Developer\",\"image\":{\"@type\":\"ImageObject\",\"inLanguage\":\"qt\",\"@id\":\"https:\\\/\\\/secure.gravatar.com\\\/avatar\\\/392b4cc8fbfeb00b39dfeeab4ee6edded39ffd48e25858637e4765810300227e?s=96&d=mm&r=g\",\"url\":\"https:\\\/\\\/secure.gravatar.com\\\/avatar\\\/392b4cc8fbfeb00b39dfeeab4ee6edded39ffd48e25858637e4765810300227e?s=96&d=mm&r=g\",\"contentUrl\":\"https:\\\/\\\/secure.gravatar.com\\\/avatar\\\/392b4cc8fbfeb00b39dfeeab4ee6edded39ffd48e25858637e4765810300227e?s=96&d=mm&r=g\",\"caption\":\"Developer\"},\"url\":\"https:\\\/\\\/qtmm.org\\\/qt\\\/author\\\/Developer\\\/\"}]}<\/script>\n<!-- \/ Yoast SEO plugin. -->","yoast_head_json":{"title":"Aqmescit ve Ba\u011f\u00e7asaray regional meclisleri Q\u0131r\u0131mda qanuns\u0131z g\u00f6\u00f1\u00fclli bek\u00e7ilerni\u00f1 qurumlar\u0131 yasaqlanmas\u0131n\u0131 talap eteler - \u041c\u0435\u0434\u0436\u043b\u0456\u0441","robots":{"index":"index","follow":"follow","max-snippet":"max-snippet:-1","max-image-preview":"max-image-preview:large","max-video-preview":"max-video-preview:-1"},"canonical":"https:\/\/qtmm.org\/qt\/aqmescit-ve-bagcasaray-regional-meclisleri-qirimda-qanunsiz-gonulli-bekcilernin-qurumlari-yasaqlanmasini-talap-eteler\/","og_locale":"en_US","og_type":"article","og_title":"Aqmescit ve Ba\u011f\u00e7asaray regional meclisleri Q\u0131r\u0131mda qanuns\u0131z g\u00f6\u00f1\u00fclli bek\u00e7ilerni\u00f1 qurumlar\u0131 yasaqlanmas\u0131n\u0131 talap eteler - \u041c\u0435\u0434\u0436\u043b\u0456\u0441","og_description":"Q\u0131r\u0131mtatar halq\u0131 Meclisini\u00f1 b\u00fct\u00fcn regional meclislerine Saq regional meclisni\u00f1 Q\u0131r\u0131m muhtariyetinde ay\u0131r\u0131mc\u0131l\u0131qqa \u00e7a\u011f\u0131r\u011fan \u015fah\u0131slarn\u0131 cevapk\u00e2rl\u0131qqa \u00e7ekmek ve Q\u0131r\u0131m g\u00f6\u00f1\u00fclli bek\u00e7iler qurumlar\u0131n\u0131 \u015fekillendir\u00fcvni toqtatmaq aqq\u0131nda 2014 senesi fevral 8 k\u00fcn\u00fc al\u011fan qarar\u0131na qoltutmaq tevsiyesine binaen Aqmescit regional meclisi fevral 13 k\u00fcn\u00fc keni\u015fletilgen topla\u015fuv ke\u00e7irdi. \u015eun\u0131 qayd etmeli ki, fevral 12 k\u00fcn\u00fc Ba\u011f\u00e7asaray regional meclisi regionlarara topla\u015fuvlarn\u0131\u00f1 [&hellip;]","og_url":"https:\/\/qtmm.org\/qt\/aqmescit-ve-bagcasaray-regional-meclisleri-qirimda-qanunsiz-gonulli-bekcilernin-qurumlari-yasaqlanmasini-talap-eteler\/","og_site_name":"\u041c\u0435\u0434\u0436\u043b\u0456\u0441","article_publisher":"https:\/\/www.facebook.com\/qtmm.info\/","article_published_time":"2014-02-13T15:27:00+00:00","article_modified_time":"2022-01-27T15:28:49+00:00","og_image":[{"width":650,"height":354,"url":"https:\/\/qtmm.org\/wp-content\/uploads\/2022\/01\/foto_4_2.jpeg","type":"image\/jpeg"}],"author":"Developer","twitter_card":"summary_large_image","twitter_misc":{"Written by":"Developer","Est. reading time":"2 minutes"},"schema":{"@context":"https:\/\/schema.org","@graph":[{"@type":"Article","@id":"https:\/\/qtmm.org\/qt\/aqmescit-ve-bagcasaray-regional-meclisleri-qirimda-qanunsiz-gonulli-bekcilernin-qurumlari-yasaqlanmasini-talap-eteler\/#article","isPartOf":{"@id":"https:\/\/qtmm.org\/qt\/aqmescit-ve-bagcasaray-regional-meclisleri-qirimda-qanunsiz-gonulli-bekcilernin-qurumlari-yasaqlanmasini-talap-eteler\/"},"author":{"name":"Developer","@id":"https:\/\/qtmm.org\/qt\/#\/schema\/person\/de562469f971dec226ac06e60bbf74a7"},"headline":"Aqmescit ve Ba\u011f\u00e7asaray regional meclisleri Q\u0131r\u0131mda qanuns\u0131z g\u00f6\u00f1\u00fclli bek\u00e7ilerni\u00f1 qurumlar\u0131 yasaqlanmas\u0131n\u0131 talap eteler","datePublished":"2014-02-13T15:27:00+00:00","dateModified":"2022-01-27T15:28:49+00:00","mainEntityOfPage":{"@id":"https:\/\/qtmm.org\/qt\/aqmescit-ve-bagcasaray-regional-meclisleri-qirimda-qanunsiz-gonulli-bekcilernin-qurumlari-yasaqlanmasini-talap-eteler\/"},"wordCount":449,"commentCount":0,"publisher":{"@id":"https:\/\/qtmm.org\/qt\/#organization"},"image":{"@id":"https:\/\/qtmm.org\/qt\/aqmescit-ve-bagcasaray-regional-meclisleri-qirimda-qanunsiz-gonulli-bekcilernin-qurumlari-yasaqlanmasini-talap-eteler\/#primaryimage"},"thumbnailUrl":"http:\/\/qtmm.org\/wp-content\/uploads\/2022\/01\/foto_4_2.jpeg","articleSection":["Haberler"],"inLanguage":"qt","potentialAction":[{"@type":"CommentAction","name":"Comment","target":["https:\/\/qtmm.org\/qt\/aqmescit-ve-bagcasaray-regional-meclisleri-qirimda-qanunsiz-gonulli-bekcilernin-qurumlari-yasaqlanmasini-talap-eteler\/#respond"]}]},{"@type":"WebPage","@id":"https:\/\/qtmm.org\/qt\/aqmescit-ve-bagcasaray-regional-meclisleri-qirimda-qanunsiz-gonulli-bekcilernin-qurumlari-yasaqlanmasini-talap-eteler\/","url":"https:\/\/qtmm.org\/qt\/aqmescit-ve-bagcasaray-regional-meclisleri-qirimda-qanunsiz-gonulli-bekcilernin-qurumlari-yasaqlanmasini-talap-eteler\/","name":"Aqmescit ve Ba\u011f\u00e7asaray regional meclisleri Q\u0131r\u0131mda qanuns\u0131z g\u00f6\u00f1\u00fclli bek\u00e7ilerni\u00f1 qurumlar\u0131 yasaqlanmas\u0131n\u0131 talap eteler - \u041c\u0435\u0434\u0436\u043b\u0456\u0441","isPartOf":{"@id":"https:\/\/qtmm.org\/qt\/#website"},"primaryImageOfPage":{"@id":"https:\/\/qtmm.org\/qt\/aqmescit-ve-bagcasaray-regional-meclisleri-qirimda-qanunsiz-gonulli-bekcilernin-qurumlari-yasaqlanmasini-talap-eteler\/#primaryimage"},"image":{"@id":"https:\/\/qtmm.org\/qt\/aqmescit-ve-bagcasaray-regional-meclisleri-qirimda-qanunsiz-gonulli-bekcilernin-qurumlari-yasaqlanmasini-talap-eteler\/#primaryimage"},"thumbnailUrl":"http:\/\/qtmm.org\/wp-content\/uploads\/2022\/01\/foto_4_2.jpeg","datePublished":"2014-02-13T15:27:00+00:00","dateModified":"2022-01-27T15:28:49+00:00","breadcrumb":{"@id":"https:\/\/qtmm.org\/qt\/aqmescit-ve-bagcasaray-regional-meclisleri-qirimda-qanunsiz-gonulli-bekcilernin-qurumlari-yasaqlanmasini-talap-eteler\/#breadcrumb"},"inLanguage":"qt","potentialAction":[{"@type":"ReadAction","target":["https:\/\/qtmm.org\/qt\/aqmescit-ve-bagcasaray-regional-meclisleri-qirimda-qanunsiz-gonulli-bekcilernin-qurumlari-yasaqlanmasini-talap-eteler\/"]}]},{"@type":"ImageObject","inLanguage":"qt","@id":"https:\/\/qtmm.org\/qt\/aqmescit-ve-bagcasaray-regional-meclisleri-qirimda-qanunsiz-gonulli-bekcilernin-qurumlari-yasaqlanmasini-talap-eteler\/#primaryimage","url":"http:\/\/qtmm.org\/wp-content\/uploads\/2022\/01\/foto_4_2.jpeg","contentUrl":"http:\/\/qtmm.org\/wp-content\/uploads\/2022\/01\/foto_4_2.jpeg"},{"@type":"BreadcrumbList","@id":"https:\/\/qtmm.org\/qt\/aqmescit-ve-bagcasaray-regional-meclisleri-qirimda-qanunsiz-gonulli-bekcilernin-qurumlari-yasaqlanmasini-talap-eteler\/#breadcrumb","itemListElement":[{"@type":"ListItem","position":1,"name":"\u0413\u043e\u043b\u043e\u0432\u043d\u0430","item":"https:\/\/qtmm.org\/qt\/"},{"@type":"ListItem","position":2,"name":"Aqmescit ve Ba\u011f\u00e7asaray regional meclisleri Q\u0131r\u0131mda qanuns\u0131z g\u00f6\u00f1\u00fclli bek\u00e7ilerni\u00f1 qurumlar\u0131 yasaqlanmas\u0131n\u0131 talap eteler"}]},{"@type":"WebSite","@id":"https:\/\/qtmm.org\/qt\/#website","url":"https:\/\/qtmm.org\/qt\/","name":"\u041c\u0435\u0434\u0436\u043b\u0456\u0441","description":"","publisher":{"@id":"https:\/\/qtmm.org\/qt\/#organization"},"potentialAction":[{"@type":"SearchAction","target":{"@type":"EntryPoint","urlTemplate":"https:\/\/qtmm.org\/qt\/?s={search_term_string}"},"query-input":{"@type":"PropertyValueSpecification","valueRequired":true,"valueName":"search_term_string"}}],"inLanguage":"qt"},{"@type":"Organization","@id":"https:\/\/qtmm.org\/qt\/#organization","name":"\u041c\u0435\u0434\u0436\u043b\u0456\u0441","url":"https:\/\/qtmm.org\/qt\/","logo":{"@type":"ImageObject","inLanguage":"qt","@id":"https:\/\/qtmm.org\/qt\/#\/schema\/logo\/image\/","url":"https:\/\/qtmm.org\/wp-content\/uploads\/2024\/12\/ua-mejlis-logo-rgb.svg","contentUrl":"https:\/\/qtmm.org\/wp-content\/uploads\/2024\/12\/ua-mejlis-logo-rgb.svg","caption":"\u041c\u0435\u0434\u0436\u043b\u0456\u0441"},"image":{"@id":"https:\/\/qtmm.org\/qt\/#\/schema\/logo\/image\/"},"sameAs":["https:\/\/www.facebook.com\/qtmm.info\/"]},{"@type":"Person","@id":"https:\/\/qtmm.org\/qt\/#\/schema\/person\/de562469f971dec226ac06e60bbf74a7","name":"Developer","image":{"@type":"ImageObject","inLanguage":"qt","@id":"https:\/\/secure.gravatar.com\/avatar\/392b4cc8fbfeb00b39dfeeab4ee6edded39ffd48e25858637e4765810300227e?s=96&d=mm&r=g","url":"https:\/\/secure.gravatar.com\/avatar\/392b4cc8fbfeb00b39dfeeab4ee6edded39ffd48e25858637e4765810300227e?s=96&d=mm&r=g","contentUrl":"https:\/\/secure.gravatar.com\/avatar\/392b4cc8fbfeb00b39dfeeab4ee6edded39ffd48e25858637e4765810300227e?s=96&d=mm&r=g","caption":"Developer"},"url":"https:\/\/qtmm.org\/qt\/author\/Developer\/"}]}},"_links":{"self":[{"href":"https:\/\/qtmm.org\/qt\/wp-json\/wp\/v2\/posts\/43253","targetHints":{"allow":["GET"]}}],"collection":[{"href":"https:\/\/qtmm.org\/qt\/wp-json\/wp\/v2\/posts"}],"about":[{"href":"https:\/\/qtmm.org\/qt\/wp-json\/wp\/v2\/types\/post"}],"author":[{"embeddable":true,"href":"https:\/\/qtmm.org\/qt\/wp-json\/wp\/v2\/users\/1"}],"replies":[{"embeddable":true,"href":"https:\/\/qtmm.org\/qt\/wp-json\/wp\/v2\/comments?post=43253"}],"version-history":[{"count":1,"href":"https:\/\/qtmm.org\/qt\/wp-json\/wp\/v2\/posts\/43253\/revisions"}],"predecessor-version":[{"id":43266,"href":"https:\/\/qtmm.org\/qt\/wp-json\/wp\/v2\/posts\/43253\/revisions\/43266"}],"wp:attachment":[{"href":"https:\/\/qtmm.org\/qt\/wp-json\/wp\/v2\/media?parent=43253"}],"wp:term":[{"taxonomy":"category","embeddable":true,"href":"https:\/\/qtmm.org\/qt\/wp-json\/wp\/v2\/categories?post=43253"},{"taxonomy":"post_tag","embeddable":true,"href":"https:\/\/qtmm.org\/qt\/wp-json\/wp\/v2\/tags?post=43253"}],"curies":[{"name":"wp","href":"https:\/\/api.w.org\/{rel}","templated":true}]}}