




{"id":43119,"date":"2014-02-12T18:18:00","date_gmt":"2014-02-12T15:18:00","guid":{"rendered":"http:\/\/qtmm.org\/?p=43119"},"modified":"2022-01-27T18:26:06","modified_gmt":"2022-01-27T15:26:06","slug":"bagcasaray-regional-meclisi-bagcasaray-tarihiy-medeniy-qoruqnin-mudiri-denistirilmesini-talap-ete","status":"publish","type":"post","link":"https:\/\/qtmm.org\/qt\/bagcasaray-regional-meclisi-bagcasaray-tarihiy-medeniy-qoruqnin-mudiri-denistirilmesini-talap-ete\/","title":{"rendered":"Ba\u011f\u00e7asaray regional meclisi Ba\u011f\u00e7asaray tarihiy-medeniy qoruqn\u0131\u00f1 m\u00fcdiri de\u00f1i\u015ftirilmesini talap ete"},"content":{"rendered":"\n<p>2014 senesi fevral 12 k\u00fcn\u00fc Q\u0131r\u0131mtatar halq\u0131 Meclis yolba\u015f\u00e7\u0131lar\u0131 ve idare reberlerini\u00f1 Ba\u011f\u00e7asaray region\u0131ndan saylan\u011fan Qurultay delegatlar\u0131, yeli milliy idare organlar\u0131n\u0131\u00f1 reisleri, yerli \u015furalarn\u0131\u00f1 deputatlar\u0131 ve diniy cemiyetlerni\u00f1 reislerinen topla\u015fuv\u0131 \u00f6tkerildi.<\/p>\n\n\n\n<p>Topla\u015fuvda Meclis reisi Refat \u00c7ubarov, q\u0131r\u0131mtatar halq\u0131n\u0131\u00f1 lideri, Ukraina halq deputat\u0131 Mustafa Cemilev, Q\u0131r\u0131m musulmanlar\u0131n\u0131\u00f1 M\u00fcftiyi haci Emirali Ablayev, Meclis reisini\u00f1 muavinleri Zaur Smirnov, Nariman Cel\u00e2l, Aslan \u00d6mer Q\u0131r\u0131ml\u0131, Ayder Acimambetov, Meclis idare ve h\u0131zmetlerini\u00f1 reberleri Gayana Y\u00fcksel, Seydamet Yagyayev, Ali Hamzin, Bekir Mamutov, Meclis azalar\u0131 Dinara Seytgaziyeva, \u015eevket Kaybullayev, Qurultay Tefti\u015f komissiyas\u0131n\u0131\u00f1 reisi Ali \u00d6zenba\u015f, Ba\u011f\u00e7asaray rayon devlet memuriyetini\u00f1 ba\u015f\u0131 \u0130lmi \u00dcmerov, Ba\u011f\u00e7asaray regional meclis reisi Ahtem \u00c7iygoz ve Saq regional meclis reisi Eskender Bil\u00e2lov i\u015ftirak ettiler.<\/p>\n\n\n\n<figure class=\"wp-block-image size-full\"><img loading=\"lazy\" decoding=\"async\" width=\"650\" height=\"366\" src=\"http:\/\/qtmm.org\/wp-content\/uploads\/2022\/01\/img_5095.jpeg\" alt=\"\" class=\"wp-image-43120\" srcset=\"https:\/\/qtmm.org\/wp-content\/uploads\/2022\/01\/img_5095.jpeg 650w, https:\/\/qtmm.org\/wp-content\/uploads\/2022\/01\/img_5095-300x169.jpeg 300w\" sizes=\"auto, (max-width: 650px) 100vw, 650px\" \/><\/figure>\n\n\n\n<p>&#8220;2013 senesi dekabr ve a\u011f\u0131mdaki y\u0131ln\u0131\u00f1 yanvar ay\u0131nda Meclisni\u00f1 ya\u00f1\u0131 erk\u00e2n\u0131 Q\u0131r\u0131mn\u0131\u00f1 22 region\u0131nda regionlarara topla\u015fuvlar ke\u00e7irdi. 24 bi\u00f1den ziyade q\u0131r\u0131mtatar\u0131 ya\u015fa\u011fan Ba\u011f\u00e7asaray rayon\u0131nda \u00f6tkereyatqan topla\u015fuv\u0131m\u0131z bu t\u00fcrk\u00fcmni\u00f1 so\u00f1kisidir, &#8211; dedi topla\u015fuvn\u0131\u00f1 ba\u015f\u0131nda Meclis reisi Refat \u00c7ubarov. \u2013 Eminim ki, b\u00f6yle topla\u015fuvlar m\u00fcim ve epimiz i\u00e7\u00fcn faydal\u0131d\u0131r, regionlarda birlikte ve halq\u0131m\u0131z o\u011frunda yapacaq i\u015fimizni devam etmek i\u00e7\u00fcn a\u00e7\u0131q dialog qurmaq imk\u00e2n\u0131n\u0131 bereler&#8221;.<\/p>\n\n\n\n<p>Meclis reisi Ba\u011f\u00e7asaray regionlarara topla\u015fuv i\u015ftirak\u00e7ilerine h\u0131tap eterek, \u015fun\u0131 qayd etti ki, regional ve yerli meclisler milliy idare sistemini\u00f1 temelidir, bu esnada yap\u0131c\u0131 dialog, semetde\u015flernen s\u0131q\u0131 al\u00e2qalar ve qoyul\u011fan vazifelerge mes\u00fclietli yana\u015fuv milliy idare organlar\u0131n\u0131\u00f1 ba\u015f y\u00f6neli\u015fleridir.<\/p>\n\n\n\n<p>&#8220;Ba\u011f\u00e7asaray regional meclisini \u00e7e\u015fit milliy tedbirlerde aktivligi ve \u00f6z i\u015flerini mes\u00fclietli eda etkenleri seviyesi boyunca aql\u0131 s\u00fcrette n\u00fcm\u00fcne etip k\u00f6stermek m\u00fcmk\u00fcn, &#8211; dep devam etti R. \u00c7ubarov. \u2013 \u0130\u00e7 bir miting, i\u00e7 bir aktsiya Ahtem \u00c7iygoz reberligindeki Ba\u011f\u00e7asaray regional meclisi azalar\u0131n\u0131, region sakinlerini\u00f1 i\u015ftirakisiz ve qoltutuv\u0131s\u0131z ke\u00e7megendir&#8221;.<\/p>\n\n\n\n<p>\u00d6z nevbetinde Meclis reisini\u00f1 muavini Zaur Smirnovn\u0131\u00f1 haber etkenine k\u00f6re Meclis ke\u00e7irgen seyyar topla\u015fuvlarda 1500 insan i\u015ftirak etti. &#8220;Biz halq\u0131m\u0131z milliy idare organlar\u0131 azalar\u0131n\u0131\u00f1 aktivligi ve \u011fayretini k\u00f6remiz, l\u00e2kin bizim maqsad\u0131m\u0131z i\u015fimizni birlikte m\u00fckemmelle\u015ftirmektir&#8221;, &#8211; dep qayd etti Smirnov.<\/p>\n\n\n\n<p>Qurultay tefti\u015f komissiyas\u0131n\u0131\u00f1 reisi Ali \u00d6zenba\u015f regional meclislerni\u00f1 azalar\u0131 ve Qurultay delegatlar\u0131na Milliy Meclis idarelerine kirmek, regional meclis azalar\u0131 s\u0131ras\u0131ndan er bir idarenen ba\u011f tutmaq i\u00e7\u00fcn mes\u00fcl ki\u015fini tayinlemekni tevsiye etti.<\/p>\n\n\n\n<figure class=\"wp-block-image size-full\"><img loading=\"lazy\" decoding=\"async\" width=\"650\" height=\"480\" src=\"http:\/\/qtmm.org\/wp-content\/uploads\/2022\/01\/img_5198.jpeg\" alt=\"\" class=\"wp-image-43124\" srcset=\"https:\/\/qtmm.org\/wp-content\/uploads\/2022\/01\/img_5198.jpeg 650w, https:\/\/qtmm.org\/wp-content\/uploads\/2022\/01\/img_5198-300x222.jpeg 300w\" sizes=\"auto, (max-width: 650px) 100vw, 650px\" \/><\/figure>\n\n\n\n<p>Ba\u011f\u00e7asaray rayon devlet memuriyetini\u00f1 ba\u015f\u0131 \u0130lmi \u00dcmerov ve regional meclis reisi Ahtem \u00c7iygozn\u0131\u00f1 ricas\u0131 boyunca rayon devlet memuriyetini\u00f1 hadimleri Meclis yolba\u015f\u00e7\u0131lar\u0131na regiondaki vaziyet aqq\u0131nda tafsil\u00e2tl\u0131 mal\u00fcmat berip, Ba\u011f\u00e7asaray rayon\u0131n\u0131\u00f1 pasport\u0131nen tan\u0131\u015f ettiler.<\/p>\n\n\n\n<figure class=\"wp-block-image size-full\"><img loading=\"lazy\" decoding=\"async\" width=\"650\" height=\"346\" src=\"http:\/\/qtmm.org\/wp-content\/uploads\/2022\/01\/img_5124.jpeg\" alt=\"\" class=\"wp-image-43128\" srcset=\"https:\/\/qtmm.org\/wp-content\/uploads\/2022\/01\/img_5124.jpeg 650w, https:\/\/qtmm.org\/wp-content\/uploads\/2022\/01\/img_5124-300x160.jpeg 300w\" sizes=\"auto, (max-width: 650px) 100vw, 650px\" \/><\/figure>\n\n\n\n<p>Rayon devlet memuriyeti ba\u015f\u0131n\u0131\u00f1 muavini Elmira Ab\u00e2limovan\u0131\u00f1 s\u00f6zlerine k\u00f6re Ba\u011f\u00e7asaray rayon\u0131nda 24,5 bi\u00f1 q\u0131r\u0131mtatar\u0131 ya\u015fay. Bu umumiy ealini\u00f1 y\u00fczde 24 fay\u0131z\u0131n\u0131 te\u015fkil ete. &#8220;Yerli \u015furalar\u011fa ol\u011fan so\u00f1ki saylavlarda biz rayonda semereli \u00e7al\u0131\u015f\u0131p, yah\u015f\u0131 neticelerni elde ettik. 177 insan deputat olaraq saylan\u011fan\u0131 \u015fu i\u015fimizni\u00f1 isbat\u0131d\u0131r, &#8211; dedi E. Abl\u00e2limova. \u2013 Ba\u011f\u00e7asaray \u015feer \u015furas\u0131ndaki &#8220;Qurultay-Ruh&#8221; deputat fraktsiyas\u0131 13 adamdan ibaret, Ba\u011f\u00e7asaray rayon \u015furas\u0131ndaki 36 deputatn\u0131\u00f1 13 de &#8220;Qurultay-Ruh&#8221; fraktsiyas\u0131n\u0131 te\u015fkil ettiler.<\/p>\n\n\n\n<p>Bundan da \u011fayr\u0131 Ba\u011f\u00e7asaray rayon devlet memuriyeti ba\u015f\u0131n\u0131\u00f1 muavini aytqan\u0131na k\u00f6re q\u0131r\u0131mtatarlar rayonn\u0131\u00f1 er yerinde ya\u015faylar, semetde\u015flerimizni\u00f1 say\u0131s\u0131 e\u00f1 az ol\u011fan yer Taba\u00e7noye k\u00f6y \u015furas\u0131d\u0131r ve \u015fu sebepten de m\u0131nda yerli meclis qurulmad\u0131.<\/p>\n\n\n\n<p>Q\u0131r\u0131mtatarlar toplu ya\u015fa\u011fan 47 yer aqq\u0131nda ayt\u0131rken Elmira Abl\u00e2limova \u015fulardan 17-si e\u00f1 iri ol\u011fan\u0131n\u0131 qayd etti. &#8220;Semetde\u015flerimiz toplu ya\u015fa\u011fan b\u00fct\u00fcn yerlerde zarur \u015faraitler mevcut, &#8211; dedi Abl\u00e2limova. \u2013 Bu birinci nevbette elektrik ve suv teminat\u0131d\u0131r. Teess\u00fcf ki, 30 fay\u0131z yerde ise sakinler gaznen teminlenmegen, yollar yaramay alda, bun\u0131\u00f1 kibi de balalar ba\u011f\u00e7as\u0131, tibbiyat noqtalar\u0131, raatl\u0131q yerleri yoqt\u0131r&#8221;.<\/p>\n\n\n\n<p>\u00d6z \u00e7\u0131q\u0131\u015f\u0131nda E. Abl\u00e2limova milliy tasil meselelerine de toqund\u0131. &#8220;Mektepkece ana tilinde tasil 7 milliy gruppada berilip, bularn\u0131\u00f1 6-s\u0131 \u015feerde. 6-nc\u0131 mikrorayonda &#8220;Fidanlar&#8221; balalar merkezi \u00e7al\u0131\u015fa. Ke\u00e7ken y\u0131l\u0131 Turgenevka k\u00f6y\u00fcndeki balalar ba\u011f\u00e7as\u0131nda 23 baladan ibaret milliy gruppan\u0131 a\u00e7t\u0131q. Umumen 184 bala ana tilinde terbiyev ye tasil ala, dedi Abl\u00e2limova.<\/p>\n\n\n\n<figure class=\"wp-block-image size-full\"><img loading=\"lazy\" decoding=\"async\" width=\"650\" height=\"477\" src=\"http:\/\/qtmm.org\/wp-content\/uploads\/2022\/01\/img_5129.jpeg\" alt=\"\" class=\"wp-image-43132\" srcset=\"https:\/\/qtmm.org\/wp-content\/uploads\/2022\/01\/img_5129.jpeg 650w, https:\/\/qtmm.org\/wp-content\/uploads\/2022\/01\/img_5129-300x220.jpeg 300w\" sizes=\"auto, (max-width: 650px) 100vw, 650px\" \/><\/figure>\n\n\n\n<p>Orta mekteplerde oqu\u011fan 8 300 talebeden 2 932-\u00e7i q\u0131r\u0131mtatarlar\u0131 ol\u0131p, 35 fay\u0131zn\u0131 te\u015fkil eteler.<\/p>\n\n\n\n<p>Rayon devlet memuriyeti milletlerara munasebetler b\u00f6l\u00fcgini\u00f1 m\u00fcdiri Zulfiya Muratova topla\u015fuv i\u015ftirak\u00e7ilerini s\u00fcrg\u00fcnlikni\u00f1 70 y\u0131ll\u0131\u011f\u0131, \u0130smail Gasprinskiy vefat\u0131n\u0131\u00f1 100 y\u0131ll\u0131\u011f\u0131 ve Noman \u00c7elebicihan \u00f6ld\u00fcrilmesini\u00f1 96 y\u0131ll\u0131\u011f\u0131 munasebetinen yap\u0131lacaq tedbirler plan\u0131nen tan\u0131\u015f etti.<\/p>\n\n\n\n<p>Vilino k\u00f6y meclis ive &#8220;Alma Tarhan&#8221; diniy cemiyetni\u00f1 birlikteki i\u015fi aqq\u0131nda cemiyet reisi Ruslan Abdullayev ik\u00e2ye etti. &#8220;Faaliyetimiz devam\u0131nda semetde\u015flerimiznen qap\u0131dan-qap\u0131\u011fa \u015fekilinde \u00e7al\u0131\u015fmam\u0131z, insanlarnen bivasta k\u00f6r\u00fc\u015fip-qonu\u015fqanlar\u0131m\u0131z sayesinde biz e\u00f1 b\u00fcy\u00fck qazan\u00e7n\u0131 elde ettik \u2013 insanlar biri-birine i\u015fan\u0131p ba\u015flad\u0131lar, &#8211; dedi \u00f6z \u00e7\u0131q\u0131\u015f\u0131nda R. Abdullayev. On\u0131\u00f1 ayitqan\u0131na k\u00f6re semetde\u015flernen a\u00f1la\u015f\u0131l\u011fan\u0131 alda diniy cemiyet g\u00f6\u00f1\u00fclli ihsan toplay. &#8220;Vilino ve Pes\u00e7anoye k\u00f6ylerinde ya\u015fa\u011fan er bir q\u0131r\u0131mtatar qorantas\u0131 y\u0131lda 100-yer grivn\u00e2dan para bere. Biz eali \u00f6g\u00fcnde masraf etilgen er bir kapikni\u00f1 esab\u0131n\u0131 beremiz, &#8211; dedi Abdullayev. \u00dc\u00e7 y\u0131lda b\u00f6yle kollektiv yard\u0131m bizge camimizni s\u00fcslendir\u00fcv, araba qap\u0131 ve qora qoymaq, Vilinodaki 2-nci mektepni\u00f1 toplant\u0131lar salon\u0131n\u0131 tamirlemek imk\u00e2n\u0131n\u0131 berdi&#8221;.<\/p>\n\n\n\n<p>Bun\u0131\u00f1 kibi de Ruslan Abdullayev Ramazan ay\u0131nda, iftarlar vaqt\u0131nda diniy cemiyet yapqan i\u015flerini video \u015fekilinde k\u00f6stergeni ve masraflar statistikas\u0131 taqdim etilgenini aytt\u0131.<\/p>\n\n\n\n<p>Ba\u011f\u00e7asaray rayon\u0131ndan Qurultay\u011fa delegat saylan\u011fan Q\u0131r\u0131mtatar halq\u0131n\u0131\u00f1 lideri Mustafa Cemilev, regional mecliske mahsuldar i\u015fi ve Milliy Meclisnen daima s\u0131q\u0131 al\u00e2qada bulun\u011fan\u0131 i\u00e7\u00fcn te\u015fekk\u00fcr bildirdi.<\/p>\n\n\n\n<p>&#8220;Bug\u00fcn bizim halq\u0131m\u0131z aras\u0131nda milletimizni\u00f1 medeniy ve diniy degerliklerini\u00f1 saqlan\u0131p qaolmas\u0131 ve inki\u015faf\u0131na isse qo\u015fqan adamlar az degil, &#8211; dedi Mustafa Cemilev. \u2013 \u015eular i\u00e7inde Ba\u011f\u00e7asarayda ya\u015fa\u011fan bir \u00e7oq insan bar ki, ayn\u0131 olarn\u0131\u00f1 sayesinde biz camilerimiz, medeniy merkezlerimizni \u011fayr\u0131dan tikleymiz ve ileride de fayda\u015fl\u0131 leyhalarn\u0131 ker\u00e7ekle\u015ftirirmiz&#8221;.<\/p>\n\n\n\n<figure class=\"wp-block-image size-full\"><img loading=\"lazy\" decoding=\"async\" width=\"650\" height=\"370\" src=\"http:\/\/qtmm.org\/wp-content\/uploads\/2022\/01\/img_5203.jpeg\" alt=\"\" class=\"wp-image-43136\" srcset=\"https:\/\/qtmm.org\/wp-content\/uploads\/2022\/01\/img_5203.jpeg 650w, https:\/\/qtmm.org\/wp-content\/uploads\/2022\/01\/img_5203-300x171.jpeg 300w\" sizes=\"auto, (max-width: 650px) 100vw, 650px\" \/><\/figure>\n\n\n\n<p>Topla\u015fuvda Ba\u011f\u00e7asaray tarihiy-medeniy qoruqtaki daval\u0131 vaziyet de muzakere etildi. A. \u00c7iygozni\u00f1 bildirgenine k\u00f6re qoruq balans\u0131nda q\u0131r\u0131mtatar halq\u0131na ait 138 unikal obyekt buluna. &#8220;Teess\u00fcf ki, olarn\u0131\u00f1 bug\u00fcnki vaziyeti qanaatlenirli degil. Qoruqta meydan\u011fa kelgen vaziyet de daval\u0131d\u0131r, &#8211; dedi \u00c7iygoz. \u2013 Abidelerni\u00f1 al\u0131 aqq\u0131nda ayt\u0131rkenim, Hansarayn\u0131\u00f1 2-nci qat\u0131, Hancamini\u00f1 al\u0131 aqq\u0131nda aytmasam olmaz. Camini\u00f1 \u015farqiy minaresi pek yaramay alda, tamirlev leyhas\u0131 ise i\u015flenilmegen. Bu problemler aqq\u0131nda daa \u00e7oq aytmaq m\u00fcmk\u00fcn. Qoruqn\u0131\u00f1 m\u00fcdiri Valeriy Naumenko d\u00fclber laf etmege bile, amma yap\u0131l\u011fan i\u015fi k\u00f6r\u00fcnmey&#8221;.<\/p>\n\n\n\n<p>Regional meclis reisi 2006 senesi Azizlerni bo\u015fatmaq i\u00e7\u00fcn k\u00fcre\u015f yap\u0131l\u011fan\u0131, amma bo\u015fat\u0131l\u011fan so\u00f1 qoruq hadimleri \u00f6yle de arheologik qaz\u0131lmalarn\u0131 ba\u015flama\u011fanlar\u0131n\u0131 hat\u0131rlatt\u0131. &#8220;Bu i\u015f toqtal\u0131p qald\u0131, qoruq da bu i\u015fke i\u00e7 bir t\u00fcrl\u00fc meraq k\u00f6stermey, &#8211; dedi \u00c7iygoz.<\/p>\n\n\n\n<p>Ahtem \u00c7iygoz emin ki, qoruq m\u00fcdiri V. Naumenkon\u0131\u00f1 q\u0131r\u0131mtatar halq\u0131 tarih\u0131 ve medeniyeti abidelerine k\u00f6stergen munasebeti aqibetinde Q\u0131r\u0131m tam\u0131r halq\u0131n\u0131\u00f1 tarihiy hat\u0131ras\u0131 siline.<\/p>\n\n\n\n<figure class=\"wp-block-image size-full\"><img loading=\"lazy\" decoding=\"async\" width=\"650\" height=\"392\" src=\"http:\/\/qtmm.org\/wp-content\/uploads\/2022\/01\/img_5089.jpeg\" alt=\"\" class=\"wp-image-43140\" srcset=\"https:\/\/qtmm.org\/wp-content\/uploads\/2022\/01\/img_5089.jpeg 650w, https:\/\/qtmm.org\/wp-content\/uploads\/2022\/01\/img_5089-300x181.jpeg 300w\" sizes=\"auto, (max-width: 650px) 100vw, 650px\" \/><\/figure>\n\n\n\n<p>&#8220;Regional meclis, Milliy Meclis yolba\u015f\u00e7\u0131lar\u0131, qoruq hadimleri ve cemaatn\u0131\u00f1 Valeriy Naumenko ile \u00e7oqtan-\u00e7oq s\u00f6yle\u015f\u00fcvleri sezilirli bir netice bermedi, &#8211; dedi Ahtem \u00c7iygoz.<\/p>\n\n\n\n<p>Ahtem \u00c7iygozni\u00f1 ve topla\u015fuv i\u015ftirak\u00e7ilerini\u00f1 fikrince meydan\u011fa kelgen vaziyetten \u00e7\u0131quvn\u0131\u00f1 yek\u00e2ne yolu qoruq m\u00fcdirini\u00f1 de\u00f1i\u015ftirilmesidir.<\/p>\n\n\n\n<figure class=\"wp-block-gallery columns-3 is-cropped wp-block-gallery-1 is-layout-flex wp-block-gallery-is-layout-flex\"><ul class=\"blocks-gallery-grid\"><li class=\"blocks-gallery-item\"><figure><a href=\"http:\/\/qtmm.org\/wp-content\/uploads\/2022\/01\/52fe1bb4493e6.jpeg\"><img loading=\"lazy\" decoding=\"async\" width=\"640\" height=\"480\" src=\"http:\/\/qtmm.org\/wp-content\/uploads\/2022\/01\/52fe1bb4493e6.jpeg\" alt=\"\" data-id=\"43144\" data-full-url=\"http:\/\/qtmm.org\/wp-content\/uploads\/2022\/01\/52fe1bb4493e6.jpeg\" data-link=\"http:\/\/qtmm.org\/qt\/?attachment_id=43144\" class=\"wp-image-43144\" srcset=\"https:\/\/qtmm.org\/wp-content\/uploads\/2022\/01\/52fe1bb4493e6.jpeg 640w, https:\/\/qtmm.org\/wp-content\/uploads\/2022\/01\/52fe1bb4493e6-300x225.jpeg 300w\" sizes=\"auto, (max-width: 640px) 100vw, 640px\" \/><\/a><\/figure><\/li><li class=\"blocks-gallery-item\"><figure><a href=\"http:\/\/qtmm.org\/wp-content\/uploads\/2022\/01\/52fe199a5ea06.jpeg\"><img loading=\"lazy\" decoding=\"async\" width=\"640\" height=\"480\" src=\"http:\/\/qtmm.org\/wp-content\/uploads\/2022\/01\/52fe199a5ea06.jpeg\" alt=\"\" data-id=\"43148\" data-full-url=\"http:\/\/qtmm.org\/wp-content\/uploads\/2022\/01\/52fe199a5ea06.jpeg\" data-link=\"http:\/\/qtmm.org\/qt\/?attachment_id=43148\" class=\"wp-image-43148\" srcset=\"https:\/\/qtmm.org\/wp-content\/uploads\/2022\/01\/52fe199a5ea06.jpeg 640w, https:\/\/qtmm.org\/wp-content\/uploads\/2022\/01\/52fe199a5ea06-300x225.jpeg 300w\" sizes=\"auto, (max-width: 640px) 100vw, 640px\" \/><\/a><\/figure><\/li><li class=\"blocks-gallery-item\"><figure><a href=\"http:\/\/qtmm.org\/wp-content\/uploads\/2022\/01\/52fe199a30e46.jpeg\"><img loading=\"lazy\" decoding=\"async\" width=\"640\" height=\"480\" src=\"http:\/\/qtmm.org\/wp-content\/uploads\/2022\/01\/52fe199a30e46.jpeg\" alt=\"\" data-id=\"43152\" data-full-url=\"http:\/\/qtmm.org\/wp-content\/uploads\/2022\/01\/52fe199a30e46.jpeg\" data-link=\"http:\/\/qtmm.org\/qt\/?attachment_id=43152\" class=\"wp-image-43152\" srcset=\"https:\/\/qtmm.org\/wp-content\/uploads\/2022\/01\/52fe199a30e46.jpeg 640w, https:\/\/qtmm.org\/wp-content\/uploads\/2022\/01\/52fe199a30e46-300x225.jpeg 300w\" sizes=\"auto, (max-width: 640px) 100vw, 640px\" \/><\/a><\/figure><\/li><li class=\"blocks-gallery-item\"><figure><a href=\"http:\/\/qtmm.org\/wp-content\/uploads\/2022\/01\/52fe1bb432fff.jpeg\"><img loading=\"lazy\" decoding=\"async\" width=\"640\" height=\"480\" src=\"http:\/\/qtmm.org\/wp-content\/uploads\/2022\/01\/52fe1bb432fff.jpeg\" alt=\"\" data-id=\"43156\" data-full-url=\"http:\/\/qtmm.org\/wp-content\/uploads\/2022\/01\/52fe1bb432fff.jpeg\" data-link=\"http:\/\/qtmm.org\/qt\/?attachment_id=43156\" class=\"wp-image-43156\" srcset=\"https:\/\/qtmm.org\/wp-content\/uploads\/2022\/01\/52fe1bb432fff.jpeg 640w, https:\/\/qtmm.org\/wp-content\/uploads\/2022\/01\/52fe1bb432fff-300x225.jpeg 300w\" sizes=\"auto, (max-width: 640px) 100vw, 640px\" \/><\/a><\/figure><\/li><li class=\"blocks-gallery-item\"><figure><a href=\"http:\/\/qtmm.org\/wp-content\/uploads\/2022\/01\/52fe1bb45ff92.jpeg\"><img loading=\"lazy\" decoding=\"async\" width=\"640\" height=\"480\" src=\"http:\/\/qtmm.org\/wp-content\/uploads\/2022\/01\/52fe1bb45ff92.jpeg\" alt=\"\" data-id=\"43160\" data-full-url=\"http:\/\/qtmm.org\/wp-content\/uploads\/2022\/01\/52fe1bb45ff92.jpeg\" data-link=\"http:\/\/qtmm.org\/qt\/?attachment_id=43160\" class=\"wp-image-43160\" srcset=\"https:\/\/qtmm.org\/wp-content\/uploads\/2022\/01\/52fe1bb45ff92.jpeg 640w, https:\/\/qtmm.org\/wp-content\/uploads\/2022\/01\/52fe1bb45ff92-300x225.jpeg 300w\" sizes=\"auto, (max-width: 640px) 100vw, 640px\" \/><\/a><\/figure><\/li><li class=\"blocks-gallery-item\"><figure><a href=\"http:\/\/qtmm.org\/wp-content\/uploads\/2022\/01\/52fe199a47643.jpeg\"><img loading=\"lazy\" decoding=\"async\" width=\"640\" height=\"480\" src=\"http:\/\/qtmm.org\/wp-content\/uploads\/2022\/01\/52fe199a47643.jpeg\" alt=\"\" data-id=\"43164\" data-full-url=\"http:\/\/qtmm.org\/wp-content\/uploads\/2022\/01\/52fe199a47643.jpeg\" data-link=\"http:\/\/qtmm.org\/qt\/?attachment_id=43164\" class=\"wp-image-43164\" srcset=\"https:\/\/qtmm.org\/wp-content\/uploads\/2022\/01\/52fe199a47643.jpeg 640w, https:\/\/qtmm.org\/wp-content\/uploads\/2022\/01\/52fe199a47643-300x225.jpeg 300w\" sizes=\"auto, (max-width: 640px) 100vw, 640px\" \/><\/a><\/figure><\/li><li class=\"blocks-gallery-item\"><figure><a href=\"http:\/\/qtmm.org\/wp-content\/uploads\/2022\/01\/52fe1bb476b0b.jpeg\"><img loading=\"lazy\" decoding=\"async\" width=\"640\" height=\"480\" src=\"http:\/\/qtmm.org\/wp-content\/uploads\/2022\/01\/52fe1bb476b0b.jpeg\" alt=\"\" data-id=\"43168\" data-full-url=\"http:\/\/qtmm.org\/wp-content\/uploads\/2022\/01\/52fe1bb476b0b.jpeg\" data-link=\"http:\/\/qtmm.org\/qt\/?attachment_id=43168\" class=\"wp-image-43168\" srcset=\"https:\/\/qtmm.org\/wp-content\/uploads\/2022\/01\/52fe1bb476b0b.jpeg 640w, https:\/\/qtmm.org\/wp-content\/uploads\/2022\/01\/52fe1bb476b0b-300x225.jpeg 300w\" sizes=\"auto, (max-width: 640px) 100vw, 640px\" \/><\/a><\/figure><\/li><li class=\"blocks-gallery-item\"><figure><a href=\"http:\/\/qtmm.org\/wp-content\/uploads\/2022\/01\/52fe199a1927f.jpeg\"><img loading=\"lazy\" decoding=\"async\" width=\"640\" height=\"480\" src=\"http:\/\/qtmm.org\/wp-content\/uploads\/2022\/01\/52fe199a1927f.jpeg\" alt=\"\" data-id=\"43172\" data-full-url=\"http:\/\/qtmm.org\/wp-content\/uploads\/2022\/01\/52fe199a1927f.jpeg\" data-link=\"http:\/\/qtmm.org\/qt\/?attachment_id=43172\" class=\"wp-image-43172\" srcset=\"https:\/\/qtmm.org\/wp-content\/uploads\/2022\/01\/52fe199a1927f.jpeg 640w, https:\/\/qtmm.org\/wp-content\/uploads\/2022\/01\/52fe199a1927f-300x225.jpeg 300w\" sizes=\"auto, (max-width: 640px) 100vw, 640px\" \/><\/a><\/figure><\/li><li class=\"blocks-gallery-item\"><figure><a href=\"http:\/\/qtmm.org\/wp-content\/uploads\/2022\/01\/52fe199a0183c.jpeg\"><img loading=\"lazy\" decoding=\"async\" width=\"640\" height=\"480\" src=\"http:\/\/qtmm.org\/wp-content\/uploads\/2022\/01\/52fe199a0183c.jpeg\" alt=\"\" data-id=\"43176\" data-full-url=\"http:\/\/qtmm.org\/wp-content\/uploads\/2022\/01\/52fe199a0183c.jpeg\" data-link=\"http:\/\/qtmm.org\/qt\/?attachment_id=43176\" class=\"wp-image-43176\" srcset=\"https:\/\/qtmm.org\/wp-content\/uploads\/2022\/01\/52fe199a0183c.jpeg 640w, https:\/\/qtmm.org\/wp-content\/uploads\/2022\/01\/52fe199a0183c-300x225.jpeg 300w\" sizes=\"auto, (max-width: 640px) 100vw, 640px\" \/><\/a><\/figure><\/li><li class=\"blocks-gallery-item\"><figure><a href=\"http:\/\/qtmm.org\/wp-content\/uploads\/2022\/01\/52fe1999dd0c0.jpeg\"><img loading=\"lazy\" decoding=\"async\" width=\"640\" height=\"480\" src=\"http:\/\/qtmm.org\/wp-content\/uploads\/2022\/01\/52fe1999dd0c0.jpeg\" alt=\"\" data-id=\"43180\" data-full-url=\"http:\/\/qtmm.org\/wp-content\/uploads\/2022\/01\/52fe1999dd0c0.jpeg\" data-link=\"http:\/\/qtmm.org\/qt\/?attachment_id=43180\" class=\"wp-image-43180\" srcset=\"https:\/\/qtmm.org\/wp-content\/uploads\/2022\/01\/52fe1999dd0c0.jpeg 640w, https:\/\/qtmm.org\/wp-content\/uploads\/2022\/01\/52fe1999dd0c0-300x225.jpeg 300w\" sizes=\"auto, (max-width: 640px) 100vw, 640px\" \/><\/a><\/figure><\/li><li class=\"blocks-gallery-item\"><figure><a href=\"http:\/\/qtmm.org\/wp-content\/uploads\/2022\/01\/52fe1999bc86f.jpeg\"><img loading=\"lazy\" decoding=\"async\" width=\"640\" height=\"480\" src=\"http:\/\/qtmm.org\/wp-content\/uploads\/2022\/01\/52fe1999bc86f.jpeg\" alt=\"\" data-id=\"43184\" data-full-url=\"http:\/\/qtmm.org\/wp-content\/uploads\/2022\/01\/52fe1999bc86f.jpeg\" data-link=\"http:\/\/qtmm.org\/qt\/?attachment_id=43184\" class=\"wp-image-43184\" srcset=\"https:\/\/qtmm.org\/wp-content\/uploads\/2022\/01\/52fe1999bc86f.jpeg 640w, https:\/\/qtmm.org\/wp-content\/uploads\/2022\/01\/52fe1999bc86f-300x225.jpeg 300w\" sizes=\"auto, (max-width: 640px) 100vw, 640px\" \/><\/a><\/figure><\/li><li class=\"blocks-gallery-item\"><figure><a href=\"http:\/\/qtmm.org\/wp-content\/uploads\/2022\/01\/52fe1999a3cc8.jpeg\"><img loading=\"lazy\" decoding=\"async\" width=\"640\" height=\"480\" src=\"http:\/\/qtmm.org\/wp-content\/uploads\/2022\/01\/52fe1999a3cc8.jpeg\" alt=\"\" data-id=\"43188\" data-full-url=\"http:\/\/qtmm.org\/wp-content\/uploads\/2022\/01\/52fe1999a3cc8.jpeg\" data-link=\"http:\/\/qtmm.org\/qt\/?attachment_id=43188\" class=\"wp-image-43188\" srcset=\"https:\/\/qtmm.org\/wp-content\/uploads\/2022\/01\/52fe1999a3cc8.jpeg 640w, https:\/\/qtmm.org\/wp-content\/uploads\/2022\/01\/52fe1999a3cc8-300x225.jpeg 300w\" sizes=\"auto, (max-width: 640px) 100vw, 640px\" \/><\/a><\/figure><\/li><li class=\"blocks-gallery-item\"><figure><a href=\"http:\/\/qtmm.org\/wp-content\/uploads\/2022\/01\/52fe19998c513.jpeg\"><img loading=\"lazy\" decoding=\"async\" width=\"640\" height=\"480\" src=\"http:\/\/qtmm.org\/wp-content\/uploads\/2022\/01\/52fe19998c513.jpeg\" alt=\"\" data-id=\"43192\" data-full-url=\"http:\/\/qtmm.org\/wp-content\/uploads\/2022\/01\/52fe19998c513.jpeg\" data-link=\"http:\/\/qtmm.org\/qt\/?attachment_id=43192\" class=\"wp-image-43192\" srcset=\"https:\/\/qtmm.org\/wp-content\/uploads\/2022\/01\/52fe19998c513.jpeg 640w, https:\/\/qtmm.org\/wp-content\/uploads\/2022\/01\/52fe19998c513-300x225.jpeg 300w\" sizes=\"auto, (max-width: 640px) 100vw, 640px\" \/><\/a><\/figure><\/li><li class=\"blocks-gallery-item\"><figure><a href=\"http:\/\/qtmm.org\/wp-content\/uploads\/2022\/01\/52fe199974de6.jpeg\"><img loading=\"lazy\" decoding=\"async\" width=\"640\" height=\"480\" src=\"http:\/\/qtmm.org\/wp-content\/uploads\/2022\/01\/52fe199974de6.jpeg\" alt=\"\" data-id=\"43196\" data-full-url=\"http:\/\/qtmm.org\/wp-content\/uploads\/2022\/01\/52fe199974de6.jpeg\" data-link=\"http:\/\/qtmm.org\/qt\/?attachment_id=43196\" class=\"wp-image-43196\" srcset=\"https:\/\/qtmm.org\/wp-content\/uploads\/2022\/01\/52fe199974de6.jpeg 640w, https:\/\/qtmm.org\/wp-content\/uploads\/2022\/01\/52fe199974de6-300x225.jpeg 300w\" sizes=\"auto, (max-width: 640px) 100vw, 640px\" \/><\/a><\/figure><\/li><li class=\"blocks-gallery-item\"><figure><a href=\"http:\/\/qtmm.org\/wp-content\/uploads\/2022\/01\/52fe19995df04.jpeg\"><img loading=\"lazy\" decoding=\"async\" width=\"640\" height=\"480\" src=\"http:\/\/qtmm.org\/wp-content\/uploads\/2022\/01\/52fe19995df04.jpeg\" alt=\"\" data-id=\"43200\" data-full-url=\"http:\/\/qtmm.org\/wp-content\/uploads\/2022\/01\/52fe19995df04.jpeg\" data-link=\"http:\/\/qtmm.org\/qt\/?attachment_id=43200\" class=\"wp-image-43200\" srcset=\"https:\/\/qtmm.org\/wp-content\/uploads\/2022\/01\/52fe19995df04.jpeg 640w, https:\/\/qtmm.org\/wp-content\/uploads\/2022\/01\/52fe19995df04-300x225.jpeg 300w\" sizes=\"auto, (max-width: 640px) 100vw, 640px\" \/><\/a><\/figure><\/li><li class=\"blocks-gallery-item\"><figure><a href=\"http:\/\/qtmm.org\/wp-content\/uploads\/2022\/01\/52fe199945a2d.jpeg\"><img loading=\"lazy\" decoding=\"async\" width=\"640\" height=\"480\" src=\"http:\/\/qtmm.org\/wp-content\/uploads\/2022\/01\/52fe199945a2d.jpeg\" alt=\"\" data-id=\"43204\" data-full-url=\"http:\/\/qtmm.org\/wp-content\/uploads\/2022\/01\/52fe199945a2d.jpeg\" data-link=\"http:\/\/qtmm.org\/qt\/?attachment_id=43204\" class=\"wp-image-43204\" srcset=\"https:\/\/qtmm.org\/wp-content\/uploads\/2022\/01\/52fe199945a2d.jpeg 640w, https:\/\/qtmm.org\/wp-content\/uploads\/2022\/01\/52fe199945a2d-300x225.jpeg 300w\" sizes=\"auto, (max-width: 640px) 100vw, 640px\" \/><\/a><\/figure><\/li><li class=\"blocks-gallery-item\"><figure><a href=\"http:\/\/qtmm.org\/wp-content\/uploads\/2022\/01\/52fe19992cb5d.jpeg\"><img loading=\"lazy\" decoding=\"async\" width=\"640\" height=\"480\" src=\"http:\/\/qtmm.org\/wp-content\/uploads\/2022\/01\/52fe19992cb5d.jpeg\" alt=\"\" data-id=\"43208\" data-full-url=\"http:\/\/qtmm.org\/wp-content\/uploads\/2022\/01\/52fe19992cb5d.jpeg\" data-link=\"http:\/\/qtmm.org\/qt\/?attachment_id=43208\" class=\"wp-image-43208\" srcset=\"https:\/\/qtmm.org\/wp-content\/uploads\/2022\/01\/52fe19992cb5d.jpeg 640w, https:\/\/qtmm.org\/wp-content\/uploads\/2022\/01\/52fe19992cb5d-300x225.jpeg 300w\" sizes=\"auto, (max-width: 640px) 100vw, 640px\" \/><\/a><\/figure><\/li><li class=\"blocks-gallery-item\"><figure><a href=\"http:\/\/qtmm.org\/wp-content\/uploads\/2022\/01\/52fe199914848.jpeg\"><img loading=\"lazy\" decoding=\"async\" width=\"640\" height=\"480\" src=\"http:\/\/qtmm.org\/wp-content\/uploads\/2022\/01\/52fe199914848.jpeg\" alt=\"\" data-id=\"43212\" data-full-url=\"http:\/\/qtmm.org\/wp-content\/uploads\/2022\/01\/52fe199914848.jpeg\" data-link=\"http:\/\/qtmm.org\/qt\/?attachment_id=43212\" class=\"wp-image-43212\" srcset=\"https:\/\/qtmm.org\/wp-content\/uploads\/2022\/01\/52fe199914848.jpeg 640w, https:\/\/qtmm.org\/wp-content\/uploads\/2022\/01\/52fe199914848-300x225.jpeg 300w\" sizes=\"auto, (max-width: 640px) 100vw, 640px\" \/><\/a><\/figure><\/li><li class=\"blocks-gallery-item\"><figure><a href=\"http:\/\/qtmm.org\/wp-content\/uploads\/2022\/01\/52fe19333789d.jpeg\"><img loading=\"lazy\" decoding=\"async\" width=\"640\" height=\"480\" src=\"http:\/\/qtmm.org\/wp-content\/uploads\/2022\/01\/52fe19333789d.jpeg\" alt=\"\" data-id=\"43216\" data-full-url=\"http:\/\/qtmm.org\/wp-content\/uploads\/2022\/01\/52fe19333789d.jpeg\" data-link=\"http:\/\/qtmm.org\/qt\/?attachment_id=43216\" class=\"wp-image-43216\" srcset=\"https:\/\/qtmm.org\/wp-content\/uploads\/2022\/01\/52fe19333789d.jpeg 640w, https:\/\/qtmm.org\/wp-content\/uploads\/2022\/01\/52fe19333789d-300x225.jpeg 300w\" sizes=\"auto, (max-width: 640px) 100vw, 640px\" \/><\/a><\/figure><\/li><li class=\"blocks-gallery-item\"><figure><a href=\"http:\/\/qtmm.org\/wp-content\/uploads\/2022\/01\/52fe19331f66a.jpeg\"><img loading=\"lazy\" decoding=\"async\" width=\"640\" height=\"480\" src=\"http:\/\/qtmm.org\/wp-content\/uploads\/2022\/01\/52fe19331f66a.jpeg\" alt=\"\" data-id=\"43220\" data-full-url=\"http:\/\/qtmm.org\/wp-content\/uploads\/2022\/01\/52fe19331f66a.jpeg\" data-link=\"http:\/\/qtmm.org\/qt\/?attachment_id=43220\" class=\"wp-image-43220\" srcset=\"https:\/\/qtmm.org\/wp-content\/uploads\/2022\/01\/52fe19331f66a.jpeg 640w, https:\/\/qtmm.org\/wp-content\/uploads\/2022\/01\/52fe19331f66a-300x225.jpeg 300w\" sizes=\"auto, (max-width: 640px) 100vw, 640px\" \/><\/a><\/figure><\/li><li class=\"blocks-gallery-item\"><figure><a href=\"http:\/\/qtmm.org\/wp-content\/uploads\/2022\/01\/52fe193308ba8.jpeg\"><img loading=\"lazy\" decoding=\"async\" width=\"640\" height=\"480\" src=\"http:\/\/qtmm.org\/wp-content\/uploads\/2022\/01\/52fe193308ba8.jpeg\" alt=\"\" data-id=\"43224\" data-full-url=\"http:\/\/qtmm.org\/wp-content\/uploads\/2022\/01\/52fe193308ba8.jpeg\" data-link=\"http:\/\/qtmm.org\/qt\/?attachment_id=43224\" class=\"wp-image-43224\" srcset=\"https:\/\/qtmm.org\/wp-content\/uploads\/2022\/01\/52fe193308ba8.jpeg 640w, https:\/\/qtmm.org\/wp-content\/uploads\/2022\/01\/52fe193308ba8-300x225.jpeg 300w\" sizes=\"auto, (max-width: 640px) 100vw, 640px\" \/><\/a><\/figure><\/li><li class=\"blocks-gallery-item\"><figure><a href=\"http:\/\/qtmm.org\/wp-content\/uploads\/2022\/01\/52fe1932e4b11.jpeg\"><img loading=\"lazy\" decoding=\"async\" width=\"640\" height=\"480\" src=\"http:\/\/qtmm.org\/wp-content\/uploads\/2022\/01\/52fe1932e4b11.jpeg\" alt=\"\" data-id=\"43228\" data-full-url=\"http:\/\/qtmm.org\/wp-content\/uploads\/2022\/01\/52fe1932e4b11.jpeg\" data-link=\"http:\/\/qtmm.org\/qt\/?attachment_id=43228\" class=\"wp-image-43228\" srcset=\"https:\/\/qtmm.org\/wp-content\/uploads\/2022\/01\/52fe1932e4b11.jpeg 640w, https:\/\/qtmm.org\/wp-content\/uploads\/2022\/01\/52fe1932e4b11-300x225.jpeg 300w\" sizes=\"auto, (max-width: 640px) 100vw, 640px\" \/><\/a><\/figure><\/li><li class=\"blocks-gallery-item\"><figure><a href=\"http:\/\/qtmm.org\/wp-content\/uploads\/2022\/01\/52fe1932ce0a0.jpeg\"><img loading=\"lazy\" decoding=\"async\" width=\"640\" height=\"480\" src=\"http:\/\/qtmm.org\/wp-content\/uploads\/2022\/01\/52fe1932ce0a0.jpeg\" alt=\"\" data-id=\"43232\" data-full-url=\"http:\/\/qtmm.org\/wp-content\/uploads\/2022\/01\/52fe1932ce0a0.jpeg\" data-link=\"http:\/\/qtmm.org\/qt\/?attachment_id=43232\" class=\"wp-image-43232\" srcset=\"https:\/\/qtmm.org\/wp-content\/uploads\/2022\/01\/52fe1932ce0a0.jpeg 640w, https:\/\/qtmm.org\/wp-content\/uploads\/2022\/01\/52fe1932ce0a0-300x225.jpeg 300w\" sizes=\"auto, (max-width: 640px) 100vw, 640px\" \/><\/a><\/figure><\/li><li class=\"blocks-gallery-item\"><figure><a href=\"http:\/\/qtmm.org\/wp-content\/uploads\/2022\/01\/52fe1932b63fd.jpeg\"><img loading=\"lazy\" decoding=\"async\" width=\"640\" height=\"480\" src=\"http:\/\/qtmm.org\/wp-content\/uploads\/2022\/01\/52fe1932b63fd.jpeg\" alt=\"\" data-id=\"43236\" data-full-url=\"http:\/\/qtmm.org\/wp-content\/uploads\/2022\/01\/52fe1932b63fd.jpeg\" data-link=\"http:\/\/qtmm.org\/qt\/?attachment_id=43236\" class=\"wp-image-43236\" srcset=\"https:\/\/qtmm.org\/wp-content\/uploads\/2022\/01\/52fe1932b63fd.jpeg 640w, https:\/\/qtmm.org\/wp-content\/uploads\/2022\/01\/52fe1932b63fd-300x225.jpeg 300w\" sizes=\"auto, (max-width: 640px) 100vw, 640px\" \/><\/a><\/figure><\/li><li class=\"blocks-gallery-item\"><figure><a href=\"http:\/\/qtmm.org\/wp-content\/uploads\/2022\/01\/52fe1932a22ba.jpeg\"><img loading=\"lazy\" decoding=\"async\" width=\"640\" height=\"480\" src=\"http:\/\/qtmm.org\/wp-content\/uploads\/2022\/01\/52fe1932a22ba.jpeg\" alt=\"\" data-id=\"43240\" data-full-url=\"http:\/\/qtmm.org\/wp-content\/uploads\/2022\/01\/52fe1932a22ba.jpeg\" data-link=\"http:\/\/qtmm.org\/qt\/?attachment_id=43240\" class=\"wp-image-43240\" srcset=\"https:\/\/qtmm.org\/wp-content\/uploads\/2022\/01\/52fe1932a22ba.jpeg 640w, https:\/\/qtmm.org\/wp-content\/uploads\/2022\/01\/52fe1932a22ba-300x225.jpeg 300w\" sizes=\"auto, (max-width: 640px) 100vw, 640px\" \/><\/a><\/figure><\/li><li class=\"blocks-gallery-item\"><figure><a href=\"http:\/\/qtmm.org\/wp-content\/uploads\/2022\/01\/52fe193289ffd.jpeg\"><img loading=\"lazy\" decoding=\"async\" width=\"640\" height=\"480\" src=\"http:\/\/qtmm.org\/wp-content\/uploads\/2022\/01\/52fe193289ffd.jpeg\" alt=\"\" data-id=\"43244\" data-full-url=\"http:\/\/qtmm.org\/wp-content\/uploads\/2022\/01\/52fe193289ffd.jpeg\" data-link=\"http:\/\/qtmm.org\/qt\/?attachment_id=43244\" class=\"wp-image-43244\" srcset=\"https:\/\/qtmm.org\/wp-content\/uploads\/2022\/01\/52fe193289ffd.jpeg 640w, https:\/\/qtmm.org\/wp-content\/uploads\/2022\/01\/52fe193289ffd-300x225.jpeg 300w\" sizes=\"auto, (max-width: 640px) 100vw, 640px\" \/><\/a><\/figure><\/li><li class=\"blocks-gallery-item\"><figure><a href=\"http:\/\/qtmm.org\/wp-content\/uploads\/2022\/01\/52fe1932731b8.jpeg\"><img loading=\"lazy\" decoding=\"async\" width=\"640\" height=\"480\" src=\"http:\/\/qtmm.org\/wp-content\/uploads\/2022\/01\/52fe1932731b8.jpeg\" alt=\"\" data-id=\"43248\" data-full-url=\"http:\/\/qtmm.org\/wp-content\/uploads\/2022\/01\/52fe1932731b8.jpeg\" data-link=\"http:\/\/qtmm.org\/qt\/?attachment_id=43248\" class=\"wp-image-43248\" srcset=\"https:\/\/qtmm.org\/wp-content\/uploads\/2022\/01\/52fe1932731b8.jpeg 640w, https:\/\/qtmm.org\/wp-content\/uploads\/2022\/01\/52fe1932731b8-300x225.jpeg 300w\" sizes=\"auto, (max-width: 640px) 100vw, 640px\" \/><\/a><\/figure><\/li><\/ul><\/figure>\n","protected":false},"excerpt":{"rendered":"<p>2014 senesi fevral 12 k\u00fcn\u00fc Q\u0131r\u0131mtatar halq\u0131 Meclis yolba\u015f\u00e7\u0131lar\u0131 ve idare reberlerini\u00f1 Ba\u011f\u00e7asaray region\u0131ndan saylan\u011fan Qurultay delegatlar\u0131, yeli milliy idare organlar\u0131n\u0131\u00f1 reisleri, yerli \u015furalarn\u0131\u00f1 deputatlar\u0131 ve diniy cemiyetlerni\u00f1 reislerinen topla\u015fuv\u0131 \u00f6tkerildi. Topla\u015fuvda Meclis reisi Refat \u00c7ubarov, q\u0131r\u0131mtatar halq\u0131n\u0131\u00f1 lideri, Ukraina halq deputat\u0131 Mustafa Cemilev, Q\u0131r\u0131m musulmanlar\u0131n\u0131\u00f1 M\u00fcftiyi haci Emirali Ablayev, Meclis reisini\u00f1 muavinleri Zaur Smirnov, [&hellip;]<\/p>\n","protected":false},"author":1,"featured_media":43144,"comment_status":"open","ping_status":"open","sticky":false,"template":"","format":"standard","meta":{"inline_featured_image":false,"footnotes":""},"categories":[265],"tags":[],"class_list":["post-43119","post","type-post","status-publish","format-standard","has-post-thumbnail","hentry","category-haberler"],"acf":[],"yoast_head":"<!-- This site is optimized with the Yoast SEO plugin v27.4 - https:\/\/yoast.com\/product\/yoast-seo-wordpress\/ -->\n<title>Ba\u011f\u00e7asaray regional meclisi Ba\u011f\u00e7asaray tarihiy-medeniy qoruqn\u0131\u00f1 m\u00fcdiri de\u00f1i\u015ftirilmesini talap ete - \u041c\u0435\u0434\u0436\u043b\u0456\u0441<\/title>\n<meta name=\"robots\" content=\"index, follow, max-snippet:-1, max-image-preview:large, max-video-preview:-1\" \/>\n<link rel=\"canonical\" href=\"https:\/\/qtmm.org\/qt\/bagcasaray-regional-meclisi-bagcasaray-tarihiy-medeniy-qoruqnin-mudiri-denistirilmesini-talap-ete\/\" \/>\n<meta property=\"og:locale\" content=\"en_US\" \/>\n<meta property=\"og:type\" content=\"article\" \/>\n<meta property=\"og:title\" content=\"Ba\u011f\u00e7asaray regional meclisi Ba\u011f\u00e7asaray tarihiy-medeniy qoruqn\u0131\u00f1 m\u00fcdiri de\u00f1i\u015ftirilmesini talap ete - \u041c\u0435\u0434\u0436\u043b\u0456\u0441\" \/>\n<meta property=\"og:description\" content=\"2014 senesi fevral 12 k\u00fcn\u00fc Q\u0131r\u0131mtatar halq\u0131 Meclis yolba\u015f\u00e7\u0131lar\u0131 ve idare reberlerini\u00f1 Ba\u011f\u00e7asaray region\u0131ndan saylan\u011fan Qurultay delegatlar\u0131, yeli milliy idare organlar\u0131n\u0131\u00f1 reisleri, yerli \u015furalarn\u0131\u00f1 deputatlar\u0131 ve diniy cemiyetlerni\u00f1 reislerinen topla\u015fuv\u0131 \u00f6tkerildi. Topla\u015fuvda Meclis reisi Refat \u00c7ubarov, q\u0131r\u0131mtatar halq\u0131n\u0131\u00f1 lideri, Ukraina halq deputat\u0131 Mustafa Cemilev, Q\u0131r\u0131m musulmanlar\u0131n\u0131\u00f1 M\u00fcftiyi haci Emirali Ablayev, Meclis reisini\u00f1 muavinleri Zaur Smirnov, [&hellip;]\" \/>\n<meta property=\"og:url\" content=\"https:\/\/qtmm.org\/qt\/bagcasaray-regional-meclisi-bagcasaray-tarihiy-medeniy-qoruqnin-mudiri-denistirilmesini-talap-ete\/\" \/>\n<meta property=\"og:site_name\" content=\"\u041c\u0435\u0434\u0436\u043b\u0456\u0441\" \/>\n<meta property=\"article:publisher\" content=\"https:\/\/www.facebook.com\/qtmm.info\/\" \/>\n<meta property=\"article:published_time\" content=\"2014-02-12T15:18:00+00:00\" \/>\n<meta property=\"article:modified_time\" content=\"2022-01-27T15:26:06+00:00\" \/>\n<meta property=\"og:image\" content=\"https:\/\/qtmm.org\/wp-content\/uploads\/2022\/01\/52fe1bb4493e6.jpeg\" \/>\n\t<meta property=\"og:image:width\" content=\"640\" \/>\n\t<meta property=\"og:image:height\" content=\"480\" \/>\n\t<meta property=\"og:image:type\" content=\"image\/jpeg\" \/>\n<meta name=\"author\" content=\"Developer\" \/>\n<meta name=\"twitter:card\" content=\"summary_large_image\" \/>\n<meta name=\"twitter:label1\" content=\"Written by\" \/>\n\t<meta name=\"twitter:data1\" content=\"Developer\" \/>\n\t<meta name=\"twitter:label2\" content=\"Est. reading time\" \/>\n\t<meta name=\"twitter:data2\" content=\"7 minutes\" \/>\n<script type=\"application\/ld+json\" class=\"yoast-schema-graph\">{\"@context\":\"https:\\\/\\\/schema.org\",\"@graph\":[{\"@type\":\"Article\",\"@id\":\"https:\\\/\\\/qtmm.org\\\/qt\\\/bagcasaray-regional-meclisi-bagcasaray-tarihiy-medeniy-qoruqnin-mudiri-denistirilmesini-talap-ete\\\/#article\",\"isPartOf\":{\"@id\":\"https:\\\/\\\/qtmm.org\\\/qt\\\/bagcasaray-regional-meclisi-bagcasaray-tarihiy-medeniy-qoruqnin-mudiri-denistirilmesini-talap-ete\\\/\"},\"author\":{\"name\":\"Developer\",\"@id\":\"https:\\\/\\\/qtmm.org\\\/qt\\\/#\\\/schema\\\/person\\\/de562469f971dec226ac06e60bbf74a7\"},\"headline\":\"Ba\u011f\u00e7asaray regional meclisi Ba\u011f\u00e7asaray tarihiy-medeniy qoruqn\u0131\u00f1 m\u00fcdiri de\u00f1i\u015ftirilmesini talap ete\",\"datePublished\":\"2014-02-12T15:18:00+00:00\",\"dateModified\":\"2022-01-27T15:26:06+00:00\",\"mainEntityOfPage\":{\"@id\":\"https:\\\/\\\/qtmm.org\\\/qt\\\/bagcasaray-regional-meclisi-bagcasaray-tarihiy-medeniy-qoruqnin-mudiri-denistirilmesini-talap-ete\\\/\"},\"wordCount\":1335,\"commentCount\":0,\"publisher\":{\"@id\":\"https:\\\/\\\/qtmm.org\\\/qt\\\/#organization\"},\"image\":{\"@id\":\"https:\\\/\\\/qtmm.org\\\/qt\\\/bagcasaray-regional-meclisi-bagcasaray-tarihiy-medeniy-qoruqnin-mudiri-denistirilmesini-talap-ete\\\/#primaryimage\"},\"thumbnailUrl\":\"https:\\\/\\\/qtmm.org\\\/wp-content\\\/uploads\\\/2022\\\/01\\\/52fe1bb4493e6.jpeg\",\"articleSection\":[\"Haberler\"],\"inLanguage\":\"qt\",\"potentialAction\":[{\"@type\":\"CommentAction\",\"name\":\"Comment\",\"target\":[\"https:\\\/\\\/qtmm.org\\\/qt\\\/bagcasaray-regional-meclisi-bagcasaray-tarihiy-medeniy-qoruqnin-mudiri-denistirilmesini-talap-ete\\\/#respond\"]}]},{\"@type\":\"WebPage\",\"@id\":\"https:\\\/\\\/qtmm.org\\\/qt\\\/bagcasaray-regional-meclisi-bagcasaray-tarihiy-medeniy-qoruqnin-mudiri-denistirilmesini-talap-ete\\\/\",\"url\":\"https:\\\/\\\/qtmm.org\\\/qt\\\/bagcasaray-regional-meclisi-bagcasaray-tarihiy-medeniy-qoruqnin-mudiri-denistirilmesini-talap-ete\\\/\",\"name\":\"Ba\u011f\u00e7asaray regional meclisi Ba\u011f\u00e7asaray tarihiy-medeniy qoruqn\u0131\u00f1 m\u00fcdiri de\u00f1i\u015ftirilmesini talap ete - \u041c\u0435\u0434\u0436\u043b\u0456\u0441\",\"isPartOf\":{\"@id\":\"https:\\\/\\\/qtmm.org\\\/qt\\\/#website\"},\"primaryImageOfPage\":{\"@id\":\"https:\\\/\\\/qtmm.org\\\/qt\\\/bagcasaray-regional-meclisi-bagcasaray-tarihiy-medeniy-qoruqnin-mudiri-denistirilmesini-talap-ete\\\/#primaryimage\"},\"image\":{\"@id\":\"https:\\\/\\\/qtmm.org\\\/qt\\\/bagcasaray-regional-meclisi-bagcasaray-tarihiy-medeniy-qoruqnin-mudiri-denistirilmesini-talap-ete\\\/#primaryimage\"},\"thumbnailUrl\":\"https:\\\/\\\/qtmm.org\\\/wp-content\\\/uploads\\\/2022\\\/01\\\/52fe1bb4493e6.jpeg\",\"datePublished\":\"2014-02-12T15:18:00+00:00\",\"dateModified\":\"2022-01-27T15:26:06+00:00\",\"breadcrumb\":{\"@id\":\"https:\\\/\\\/qtmm.org\\\/qt\\\/bagcasaray-regional-meclisi-bagcasaray-tarihiy-medeniy-qoruqnin-mudiri-denistirilmesini-talap-ete\\\/#breadcrumb\"},\"inLanguage\":\"qt\",\"potentialAction\":[{\"@type\":\"ReadAction\",\"target\":[\"https:\\\/\\\/qtmm.org\\\/qt\\\/bagcasaray-regional-meclisi-bagcasaray-tarihiy-medeniy-qoruqnin-mudiri-denistirilmesini-talap-ete\\\/\"]}]},{\"@type\":\"ImageObject\",\"inLanguage\":\"qt\",\"@id\":\"https:\\\/\\\/qtmm.org\\\/qt\\\/bagcasaray-regional-meclisi-bagcasaray-tarihiy-medeniy-qoruqnin-mudiri-denistirilmesini-talap-ete\\\/#primaryimage\",\"url\":\"https:\\\/\\\/qtmm.org\\\/wp-content\\\/uploads\\\/2022\\\/01\\\/52fe1bb4493e6.jpeg\",\"contentUrl\":\"https:\\\/\\\/qtmm.org\\\/wp-content\\\/uploads\\\/2022\\\/01\\\/52fe1bb4493e6.jpeg\",\"width\":640,\"height\":480},{\"@type\":\"BreadcrumbList\",\"@id\":\"https:\\\/\\\/qtmm.org\\\/qt\\\/bagcasaray-regional-meclisi-bagcasaray-tarihiy-medeniy-qoruqnin-mudiri-denistirilmesini-talap-ete\\\/#breadcrumb\",\"itemListElement\":[{\"@type\":\"ListItem\",\"position\":1,\"name\":\"\u0413\u043e\u043b\u043e\u0432\u043d\u0430\",\"item\":\"https:\\\/\\\/qtmm.org\\\/qt\\\/\"},{\"@type\":\"ListItem\",\"position\":2,\"name\":\"Ba\u011f\u00e7asaray regional meclisi Ba\u011f\u00e7asaray tarihiy-medeniy qoruqn\u0131\u00f1 m\u00fcdiri de\u00f1i\u015ftirilmesini talap ete\"}]},{\"@type\":\"WebSite\",\"@id\":\"https:\\\/\\\/qtmm.org\\\/qt\\\/#website\",\"url\":\"https:\\\/\\\/qtmm.org\\\/qt\\\/\",\"name\":\"\u041c\u0435\u0434\u0436\u043b\u0456\u0441\",\"description\":\"\",\"publisher\":{\"@id\":\"https:\\\/\\\/qtmm.org\\\/qt\\\/#organization\"},\"potentialAction\":[{\"@type\":\"SearchAction\",\"target\":{\"@type\":\"EntryPoint\",\"urlTemplate\":\"https:\\\/\\\/qtmm.org\\\/qt\\\/?s={search_term_string}\"},\"query-input\":{\"@type\":\"PropertyValueSpecification\",\"valueRequired\":true,\"valueName\":\"search_term_string\"}}],\"inLanguage\":\"qt\"},{\"@type\":\"Organization\",\"@id\":\"https:\\\/\\\/qtmm.org\\\/qt\\\/#organization\",\"name\":\"\u041c\u0435\u0434\u0436\u043b\u0456\u0441\",\"url\":\"https:\\\/\\\/qtmm.org\\\/qt\\\/\",\"logo\":{\"@type\":\"ImageObject\",\"inLanguage\":\"qt\",\"@id\":\"https:\\\/\\\/qtmm.org\\\/qt\\\/#\\\/schema\\\/logo\\\/image\\\/\",\"url\":\"https:\\\/\\\/qtmm.org\\\/wp-content\\\/uploads\\\/2024\\\/12\\\/ua-mejlis-logo-rgb.svg\",\"contentUrl\":\"https:\\\/\\\/qtmm.org\\\/wp-content\\\/uploads\\\/2024\\\/12\\\/ua-mejlis-logo-rgb.svg\",\"caption\":\"\u041c\u0435\u0434\u0436\u043b\u0456\u0441\"},\"image\":{\"@id\":\"https:\\\/\\\/qtmm.org\\\/qt\\\/#\\\/schema\\\/logo\\\/image\\\/\"},\"sameAs\":[\"https:\\\/\\\/www.facebook.com\\\/qtmm.info\\\/\"]},{\"@type\":\"Person\",\"@id\":\"https:\\\/\\\/qtmm.org\\\/qt\\\/#\\\/schema\\\/person\\\/de562469f971dec226ac06e60bbf74a7\",\"name\":\"Developer\",\"image\":{\"@type\":\"ImageObject\",\"inLanguage\":\"qt\",\"@id\":\"https:\\\/\\\/secure.gravatar.com\\\/avatar\\\/392b4cc8fbfeb00b39dfeeab4ee6edded39ffd48e25858637e4765810300227e?s=96&d=mm&r=g\",\"url\":\"https:\\\/\\\/secure.gravatar.com\\\/avatar\\\/392b4cc8fbfeb00b39dfeeab4ee6edded39ffd48e25858637e4765810300227e?s=96&d=mm&r=g\",\"contentUrl\":\"https:\\\/\\\/secure.gravatar.com\\\/avatar\\\/392b4cc8fbfeb00b39dfeeab4ee6edded39ffd48e25858637e4765810300227e?s=96&d=mm&r=g\",\"caption\":\"Developer\"},\"url\":\"https:\\\/\\\/qtmm.org\\\/qt\\\/author\\\/Developer\\\/\"}]}<\/script>\n<!-- \/ Yoast SEO plugin. -->","yoast_head_json":{"title":"Ba\u011f\u00e7asaray regional meclisi Ba\u011f\u00e7asaray tarihiy-medeniy qoruqn\u0131\u00f1 m\u00fcdiri de\u00f1i\u015ftirilmesini talap ete - \u041c\u0435\u0434\u0436\u043b\u0456\u0441","robots":{"index":"index","follow":"follow","max-snippet":"max-snippet:-1","max-image-preview":"max-image-preview:large","max-video-preview":"max-video-preview:-1"},"canonical":"https:\/\/qtmm.org\/qt\/bagcasaray-regional-meclisi-bagcasaray-tarihiy-medeniy-qoruqnin-mudiri-denistirilmesini-talap-ete\/","og_locale":"en_US","og_type":"article","og_title":"Ba\u011f\u00e7asaray regional meclisi Ba\u011f\u00e7asaray tarihiy-medeniy qoruqn\u0131\u00f1 m\u00fcdiri de\u00f1i\u015ftirilmesini talap ete - \u041c\u0435\u0434\u0436\u043b\u0456\u0441","og_description":"2014 senesi fevral 12 k\u00fcn\u00fc Q\u0131r\u0131mtatar halq\u0131 Meclis yolba\u015f\u00e7\u0131lar\u0131 ve idare reberlerini\u00f1 Ba\u011f\u00e7asaray region\u0131ndan saylan\u011fan Qurultay delegatlar\u0131, yeli milliy idare organlar\u0131n\u0131\u00f1 reisleri, yerli \u015furalarn\u0131\u00f1 deputatlar\u0131 ve diniy cemiyetlerni\u00f1 reislerinen topla\u015fuv\u0131 \u00f6tkerildi. Topla\u015fuvda Meclis reisi Refat \u00c7ubarov, q\u0131r\u0131mtatar halq\u0131n\u0131\u00f1 lideri, Ukraina halq deputat\u0131 Mustafa Cemilev, Q\u0131r\u0131m musulmanlar\u0131n\u0131\u00f1 M\u00fcftiyi haci Emirali Ablayev, Meclis reisini\u00f1 muavinleri Zaur Smirnov, [&hellip;]","og_url":"https:\/\/qtmm.org\/qt\/bagcasaray-regional-meclisi-bagcasaray-tarihiy-medeniy-qoruqnin-mudiri-denistirilmesini-talap-ete\/","og_site_name":"\u041c\u0435\u0434\u0436\u043b\u0456\u0441","article_publisher":"https:\/\/www.facebook.com\/qtmm.info\/","article_published_time":"2014-02-12T15:18:00+00:00","article_modified_time":"2022-01-27T15:26:06+00:00","og_image":[{"width":640,"height":480,"url":"https:\/\/qtmm.org\/wp-content\/uploads\/2022\/01\/52fe1bb4493e6.jpeg","type":"image\/jpeg"}],"author":"Developer","twitter_card":"summary_large_image","twitter_misc":{"Written by":"Developer","Est. reading time":"7 minutes"},"schema":{"@context":"https:\/\/schema.org","@graph":[{"@type":"Article","@id":"https:\/\/qtmm.org\/qt\/bagcasaray-regional-meclisi-bagcasaray-tarihiy-medeniy-qoruqnin-mudiri-denistirilmesini-talap-ete\/#article","isPartOf":{"@id":"https:\/\/qtmm.org\/qt\/bagcasaray-regional-meclisi-bagcasaray-tarihiy-medeniy-qoruqnin-mudiri-denistirilmesini-talap-ete\/"},"author":{"name":"Developer","@id":"https:\/\/qtmm.org\/qt\/#\/schema\/person\/de562469f971dec226ac06e60bbf74a7"},"headline":"Ba\u011f\u00e7asaray regional meclisi Ba\u011f\u00e7asaray tarihiy-medeniy qoruqn\u0131\u00f1 m\u00fcdiri de\u00f1i\u015ftirilmesini talap ete","datePublished":"2014-02-12T15:18:00+00:00","dateModified":"2022-01-27T15:26:06+00:00","mainEntityOfPage":{"@id":"https:\/\/qtmm.org\/qt\/bagcasaray-regional-meclisi-bagcasaray-tarihiy-medeniy-qoruqnin-mudiri-denistirilmesini-talap-ete\/"},"wordCount":1335,"commentCount":0,"publisher":{"@id":"https:\/\/qtmm.org\/qt\/#organization"},"image":{"@id":"https:\/\/qtmm.org\/qt\/bagcasaray-regional-meclisi-bagcasaray-tarihiy-medeniy-qoruqnin-mudiri-denistirilmesini-talap-ete\/#primaryimage"},"thumbnailUrl":"https:\/\/qtmm.org\/wp-content\/uploads\/2022\/01\/52fe1bb4493e6.jpeg","articleSection":["Haberler"],"inLanguage":"qt","potentialAction":[{"@type":"CommentAction","name":"Comment","target":["https:\/\/qtmm.org\/qt\/bagcasaray-regional-meclisi-bagcasaray-tarihiy-medeniy-qoruqnin-mudiri-denistirilmesini-talap-ete\/#respond"]}]},{"@type":"WebPage","@id":"https:\/\/qtmm.org\/qt\/bagcasaray-regional-meclisi-bagcasaray-tarihiy-medeniy-qoruqnin-mudiri-denistirilmesini-talap-ete\/","url":"https:\/\/qtmm.org\/qt\/bagcasaray-regional-meclisi-bagcasaray-tarihiy-medeniy-qoruqnin-mudiri-denistirilmesini-talap-ete\/","name":"Ba\u011f\u00e7asaray regional meclisi Ba\u011f\u00e7asaray tarihiy-medeniy qoruqn\u0131\u00f1 m\u00fcdiri de\u00f1i\u015ftirilmesini talap ete - \u041c\u0435\u0434\u0436\u043b\u0456\u0441","isPartOf":{"@id":"https:\/\/qtmm.org\/qt\/#website"},"primaryImageOfPage":{"@id":"https:\/\/qtmm.org\/qt\/bagcasaray-regional-meclisi-bagcasaray-tarihiy-medeniy-qoruqnin-mudiri-denistirilmesini-talap-ete\/#primaryimage"},"image":{"@id":"https:\/\/qtmm.org\/qt\/bagcasaray-regional-meclisi-bagcasaray-tarihiy-medeniy-qoruqnin-mudiri-denistirilmesini-talap-ete\/#primaryimage"},"thumbnailUrl":"https:\/\/qtmm.org\/wp-content\/uploads\/2022\/01\/52fe1bb4493e6.jpeg","datePublished":"2014-02-12T15:18:00+00:00","dateModified":"2022-01-27T15:26:06+00:00","breadcrumb":{"@id":"https:\/\/qtmm.org\/qt\/bagcasaray-regional-meclisi-bagcasaray-tarihiy-medeniy-qoruqnin-mudiri-denistirilmesini-talap-ete\/#breadcrumb"},"inLanguage":"qt","potentialAction":[{"@type":"ReadAction","target":["https:\/\/qtmm.org\/qt\/bagcasaray-regional-meclisi-bagcasaray-tarihiy-medeniy-qoruqnin-mudiri-denistirilmesini-talap-ete\/"]}]},{"@type":"ImageObject","inLanguage":"qt","@id":"https:\/\/qtmm.org\/qt\/bagcasaray-regional-meclisi-bagcasaray-tarihiy-medeniy-qoruqnin-mudiri-denistirilmesini-talap-ete\/#primaryimage","url":"https:\/\/qtmm.org\/wp-content\/uploads\/2022\/01\/52fe1bb4493e6.jpeg","contentUrl":"https:\/\/qtmm.org\/wp-content\/uploads\/2022\/01\/52fe1bb4493e6.jpeg","width":640,"height":480},{"@type":"BreadcrumbList","@id":"https:\/\/qtmm.org\/qt\/bagcasaray-regional-meclisi-bagcasaray-tarihiy-medeniy-qoruqnin-mudiri-denistirilmesini-talap-ete\/#breadcrumb","itemListElement":[{"@type":"ListItem","position":1,"name":"\u0413\u043e\u043b\u043e\u0432\u043d\u0430","item":"https:\/\/qtmm.org\/qt\/"},{"@type":"ListItem","position":2,"name":"Ba\u011f\u00e7asaray regional meclisi Ba\u011f\u00e7asaray tarihiy-medeniy qoruqn\u0131\u00f1 m\u00fcdiri de\u00f1i\u015ftirilmesini talap ete"}]},{"@type":"WebSite","@id":"https:\/\/qtmm.org\/qt\/#website","url":"https:\/\/qtmm.org\/qt\/","name":"\u041c\u0435\u0434\u0436\u043b\u0456\u0441","description":"","publisher":{"@id":"https:\/\/qtmm.org\/qt\/#organization"},"potentialAction":[{"@type":"SearchAction","target":{"@type":"EntryPoint","urlTemplate":"https:\/\/qtmm.org\/qt\/?s={search_term_string}"},"query-input":{"@type":"PropertyValueSpecification","valueRequired":true,"valueName":"search_term_string"}}],"inLanguage":"qt"},{"@type":"Organization","@id":"https:\/\/qtmm.org\/qt\/#organization","name":"\u041c\u0435\u0434\u0436\u043b\u0456\u0441","url":"https:\/\/qtmm.org\/qt\/","logo":{"@type":"ImageObject","inLanguage":"qt","@id":"https:\/\/qtmm.org\/qt\/#\/schema\/logo\/image\/","url":"https:\/\/qtmm.org\/wp-content\/uploads\/2024\/12\/ua-mejlis-logo-rgb.svg","contentUrl":"https:\/\/qtmm.org\/wp-content\/uploads\/2024\/12\/ua-mejlis-logo-rgb.svg","caption":"\u041c\u0435\u0434\u0436\u043b\u0456\u0441"},"image":{"@id":"https:\/\/qtmm.org\/qt\/#\/schema\/logo\/image\/"},"sameAs":["https:\/\/www.facebook.com\/qtmm.info\/"]},{"@type":"Person","@id":"https:\/\/qtmm.org\/qt\/#\/schema\/person\/de562469f971dec226ac06e60bbf74a7","name":"Developer","image":{"@type":"ImageObject","inLanguage":"qt","@id":"https:\/\/secure.gravatar.com\/avatar\/392b4cc8fbfeb00b39dfeeab4ee6edded39ffd48e25858637e4765810300227e?s=96&d=mm&r=g","url":"https:\/\/secure.gravatar.com\/avatar\/392b4cc8fbfeb00b39dfeeab4ee6edded39ffd48e25858637e4765810300227e?s=96&d=mm&r=g","contentUrl":"https:\/\/secure.gravatar.com\/avatar\/392b4cc8fbfeb00b39dfeeab4ee6edded39ffd48e25858637e4765810300227e?s=96&d=mm&r=g","caption":"Developer"},"url":"https:\/\/qtmm.org\/qt\/author\/Developer\/"}]}},"_links":{"self":[{"href":"https:\/\/qtmm.org\/qt\/wp-json\/wp\/v2\/posts\/43119","targetHints":{"allow":["GET"]}}],"collection":[{"href":"https:\/\/qtmm.org\/qt\/wp-json\/wp\/v2\/posts"}],"about":[{"href":"https:\/\/qtmm.org\/qt\/wp-json\/wp\/v2\/types\/post"}],"author":[{"embeddable":true,"href":"https:\/\/qtmm.org\/qt\/wp-json\/wp\/v2\/users\/1"}],"replies":[{"embeddable":true,"href":"https:\/\/qtmm.org\/qt\/wp-json\/wp\/v2\/comments?post=43119"}],"version-history":[{"count":1,"href":"https:\/\/qtmm.org\/qt\/wp-json\/wp\/v2\/posts\/43119\/revisions"}],"predecessor-version":[{"id":43252,"href":"https:\/\/qtmm.org\/qt\/wp-json\/wp\/v2\/posts\/43119\/revisions\/43252"}],"wp:featuredmedia":[{"embeddable":true,"href":"https:\/\/qtmm.org\/qt\/wp-json\/wp\/v2\/media\/43144"}],"wp:attachment":[{"href":"https:\/\/qtmm.org\/qt\/wp-json\/wp\/v2\/media?parent=43119"}],"wp:term":[{"taxonomy":"category","embeddable":true,"href":"https:\/\/qtmm.org\/qt\/wp-json\/wp\/v2\/categories?post=43119"},{"taxonomy":"post_tag","embeddable":true,"href":"https:\/\/qtmm.org\/qt\/wp-json\/wp\/v2\/tags?post=43119"}],"curies":[{"name":"wp","href":"https:\/\/api.w.org\/{rel}","templated":true}]}}