




{"id":43097,"date":"2014-02-11T18:16:00","date_gmt":"2014-02-11T15:16:00","guid":{"rendered":"http:\/\/qtmm.org\/?p=43097"},"modified":"2022-01-27T18:18:07","modified_gmt":"2022-01-27T15:18:07","slug":"meclis-reisi-refat-cubarov-turkiye-cumhuriyeti-simaliy-qibrizdaki-ortasarq-universitetinin-tesiscisi-ve-rektori-suat-gunselni-qabul-etti","status":"publish","type":"post","link":"https:\/\/qtmm.org\/qt\/meclis-reisi-refat-cubarov-turkiye-cumhuriyeti-simaliy-qibrizdaki-ortasarq-universitetinin-tesiscisi-ve-rektori-suat-gunselni-qabul-etti\/","title":{"rendered":"Meclis reisi Refat \u00c7ubarov T\u00fcrkiye Cumhuriyeti \u015eimaliy Q\u0131br\u0131zdaki Orta\u015farq universitetini\u00f1 tesis\u00e7isi ve rektor\u0131 Suat G\u00fcnselni qabul etti"},"content":{"rendered":"\n<p>2014 senesi fevral 11 k\u00fcn\u00fc Q\u0131r\u0131mtatar halq\u0131 Meclisini\u00f1 reisi Refat \u00c7ubarov ve Ukraina halq deputat\u0131 Mustafa Cemilev T\u00fcrkiye Cumhuriyeti \u015eimaliy Q\u0131br\u0131zdaki Orta\u015farq universitetini\u00f1(Yak\u0131n Do\u011fu \u00dcniversitesi) tesis\u00e7isi ve rektor\u0131 Suat G\u00fcnsel, rektor yard\u0131mc\u0131s\u0131 Fahrettin Sad\u0131qo\u011flu ve Meclisni\u00f1 Q\u0131br\u0131zdaki temsilcisi Sel\u00e2mi Qa\u00e7amaqn\u0131 Meclisni\u00f1 ofisinde qabul ettiler.<\/p>\n\n\n\n<p>K\u00f6r\u00fc\u015f\u00fcv rektorn\u0131\u00f1 Q\u0131r\u0131mda i\u015f ziyareti \u00e7er\u00e7ivesinde ol\u0131p ke\u00e7ti.<\/p>\n\n\n\n<p>Qonu\u015fma devam\u0131nda Mustafa Cemilev ve Refat \u00c7ubarov Suat G\u00fcnselge q\u0131r\u0131mtatar gen\u00e7lerine T\u00fcrkiye Cumhuriyeti \u015eimaliy Q\u0131br\u0131zdaki e\u00f1 nufuzl\u0131 universitetlerden birisinde oqumaq imk\u00e2n\u0131n\u0131 bergeni i\u00e7\u00fcn te\u015fekk\u00fcr bildirdiler.<\/p>\n\n\n\n<figure class=\"wp-block-image size-full\"><img loading=\"lazy\" decoding=\"async\" width=\"650\" height=\"381\" src=\"http:\/\/qtmm.org\/wp-content\/uploads\/2022\/01\/img_5998.jpeg\" alt=\"\" class=\"wp-image-43102\" srcset=\"https:\/\/qtmm.org\/wp-content\/uploads\/2022\/01\/img_5998.jpeg 650w, https:\/\/qtmm.org\/wp-content\/uploads\/2022\/01\/img_5998-300x176.jpeg 300w\" sizes=\"auto, (max-width: 650px) 100vw, 650px\" \/><\/figure>\n\n\n\n<p>Suat G\u00fcnsel Q\u0131r\u0131mn\u0131 munasip temsil etken 13 studentni\u00f1 oquv\u0131ndan memn\u00fcn ol\u011fan\u0131n\u0131 s\u00f6yledi. &#8220;Qarda\u015f q\u0131r\u0131mtatar halq\u0131 ve Milliy Meclis ile munasebetlerimiz ve i\u015fbirligimizden \u011fururlanam\u0131z ve y\u00fcksek q\u0131ymet kesemiz, &#8211; dedi rektor Suat G\u00fcnsel. \u2013 Bug\u00fcn universitetimizde d\u00fcnyan\u0131\u00f1 96 \u00fclkesinden 20 bi\u00f1den ziyade student oqumaqta. \u0130stidat, vatanperverlik ve y\u00fcksek bilgi seviyesini k\u00f6stergen q\u0131r\u0131mtatar studentleri bizim universitetimizde oqu\u011fan\u0131n\u0131 kendimiz i\u00e7\u00fcn \u015feref dep bilemiz&#8221;.<\/p>\n\n\n\n<figure class=\"wp-block-image size-full\"><img loading=\"lazy\" decoding=\"async\" width=\"656\" height=\"374\" src=\"http:\/\/qtmm.org\/wp-content\/uploads\/2022\/01\/photo_2_6.jpeg\" alt=\"\" class=\"wp-image-43106\" srcset=\"https:\/\/qtmm.org\/wp-content\/uploads\/2022\/01\/photo_2_6.jpeg 656w, https:\/\/qtmm.org\/wp-content\/uploads\/2022\/01\/photo_2_6-300x171.jpeg 300w\" sizes=\"auto, (max-width: 656px) 100vw, 656px\" \/><\/figure>\n\n\n\n<p>\u00d6z nevbetinde Meclis reisi Refat \u00c7ubarov T\u00fcrkiye Cumhuriyeti \u015eimaliy Q\u0131br\u0131zdaki Orta\u015farq universitetinen \u00e7oqy\u0131ll\u0131q ve mahsuldar i\u015fbirlik hatirine universitet rektor\u0131 Suat G\u00fcnselge q\u0131r\u0131mtatar gen\u00e7lerini inki\u015faf etkeni ve q\u0131r\u0131mtatar halq\u0131na k\u00f6stergen yard\u0131m\u0131 i\u00e7\u00fcn hat\u0131ra ni\u015fan\u0131n\u0131 ediye etti.<\/p>\n\n\n\n<p>Subet vaqt\u0131nda taraflar \u015fun\u0131 da qayd ettiler ki, tasil ve ilim saas\u0131nda munasebetlerni pekitmek maqsad\u0131nda faal ve mahsuldar i\u015f devam ettirilecek.<\/p>\n\n\n\n<figure class=\"wp-block-image size-full\"><img loading=\"lazy\" decoding=\"async\" width=\"650\" height=\"464\" src=\"http:\/\/qtmm.org\/wp-content\/uploads\/2022\/01\/img_5994.jpeg\" alt=\"\" class=\"wp-image-43110\" srcset=\"https:\/\/qtmm.org\/wp-content\/uploads\/2022\/01\/img_5994.jpeg 650w, https:\/\/qtmm.org\/wp-content\/uploads\/2022\/01\/img_5994-300x214.jpeg 300w\" sizes=\"auto, (max-width: 650px) 100vw, 650px\" \/><\/figure>\n\n\n\n<p>K\u00f6r\u00fc\u015f\u00fcvde QMPU rektor\u0131 Fevzi Yaqubov, Meclis reisini\u00f1 muavini Aslan \u00d6mer Q\u0131r\u0131ml\u0131 ve Nariman Cel\u00e2l, bun\u0131\u00f1 kibi de Meclis reisini\u00f1 T\u00fcrkiye meseleleri boyunca yard\u0131mc\u0131s\u0131 \u0130smet Y\u00fcksel i\u015ftirak ettiler.<\/p>\n\n\n\n<p><em><strong>Mal\u00fcmat i\u00e7\u00fcn:<\/strong><\/em>&nbsp;2009 senesi avgust 15 k\u00fcn\u00fc Q\u0131r\u0131mtatar halq\u0131 Meclisini\u00f1 reisi Mustafa Cemilev ve T\u00fcrkiye Cumhuriyeti \u015eimaliy Q\u0131br\u0131zdaki Orta\u015farq universitetini\u00f1 rektor\u0131, professor Suat G\u00fcnsel T\u00fcrkiye Cumhuriyeti \u015eimaliy Q\u0131br\u0131z ve Ukraina aras\u0131ndaki dostane munasebetler \u00e7er\u00e7ivesinde uzun m\u00fcddetli eki tarafl\u0131 i\u015fbirlik, bun\u0131\u00f1 kibi de iqtisadiy, tehnikiy, ilmiy ve medeniy saalarda eki tarafl\u0131 tehnikiy, ilmiy ve tasil munasebetler aqq\u0131nda a\u00f1la\u015fma imzalad\u0131lar.<\/p>\n\n\n\n<p>Er y\u0131l Q\u0131r\u0131mdan Orta\u015farq universitetine iqtisadiy ve sotsial ilimler fakultetinde tasil almaq i\u00e7\u00fcn 3 insan yollan\u0131la.<\/p>\n\n\n\n<figure class=\"wp-block-image size-full\"><img loading=\"lazy\" decoding=\"async\" width=\"650\" height=\"526\" src=\"http:\/\/qtmm.org\/wp-content\/uploads\/2022\/01\/img_5997.jpeg\" alt=\"\" class=\"wp-image-43114\" srcset=\"https:\/\/qtmm.org\/wp-content\/uploads\/2022\/01\/img_5997.jpeg 650w, https:\/\/qtmm.org\/wp-content\/uploads\/2022\/01\/img_5997-300x243.jpeg 300w\" sizes=\"auto, (max-width: 650px) 100vw, 650px\" \/><\/figure>\n","protected":false},"excerpt":{"rendered":"<p>2014 senesi fevral 11 k\u00fcn\u00fc Q\u0131r\u0131mtatar halq\u0131 Meclisini\u00f1 reisi Refat \u00c7ubarov ve Ukraina halq deputat\u0131 Mustafa Cemilev T\u00fcrkiye Cumhuriyeti \u015eimaliy Q\u0131br\u0131zdaki Orta\u015farq universitetini\u00f1(Yak\u0131n Do\u011fu \u00dcniversitesi) tesis\u00e7isi ve rektor\u0131 Suat G\u00fcnsel, rektor yard\u0131mc\u0131s\u0131 Fahrettin Sad\u0131qo\u011flu ve Meclisni\u00f1 Q\u0131br\u0131zdaki temsilcisi Sel\u00e2mi Qa\u00e7amaqn\u0131 Meclisni\u00f1 ofisinde qabul ettiler. K\u00f6r\u00fc\u015f\u00fcv rektorn\u0131\u00f1 Q\u0131r\u0131mda i\u015f ziyareti \u00e7er\u00e7ivesinde ol\u0131p ke\u00e7ti. Qonu\u015fma devam\u0131nda Mustafa [&hellip;]<\/p>\n","protected":false},"author":1,"featured_media":43098,"comment_status":"open","ping_status":"open","sticky":false,"template":"","format":"standard","meta":{"inline_featured_image":false,"footnotes":""},"categories":[265],"tags":[],"class_list":["post-43097","post","type-post","status-publish","format-standard","has-post-thumbnail","hentry","category-haberler"],"acf":[],"yoast_head":"<!-- This site is optimized with the Yoast SEO plugin v27.4 - https:\/\/yoast.com\/product\/yoast-seo-wordpress\/ -->\n<title>Meclis reisi Refat \u00c7ubarov T\u00fcrkiye Cumhuriyeti \u015eimaliy Q\u0131br\u0131zdaki Orta\u015farq universitetini\u00f1 tesis\u00e7isi ve rektor\u0131 Suat G\u00fcnselni qabul etti - \u041c\u0435\u0434\u0436\u043b\u0456\u0441<\/title>\n<meta name=\"robots\" content=\"index, follow, max-snippet:-1, max-image-preview:large, max-video-preview:-1\" \/>\n<link rel=\"canonical\" href=\"https:\/\/qtmm.org\/qt\/meclis-reisi-refat-cubarov-turkiye-cumhuriyeti-simaliy-qibrizdaki-ortasarq-universitetinin-tesiscisi-ve-rektori-suat-gunselni-qabul-etti\/\" \/>\n<meta property=\"og:locale\" content=\"en_US\" \/>\n<meta property=\"og:type\" content=\"article\" \/>\n<meta property=\"og:title\" content=\"Meclis reisi Refat \u00c7ubarov T\u00fcrkiye Cumhuriyeti \u015eimaliy Q\u0131br\u0131zdaki Orta\u015farq universitetini\u00f1 tesis\u00e7isi ve rektor\u0131 Suat G\u00fcnselni qabul etti - \u041c\u0435\u0434\u0436\u043b\u0456\u0441\" \/>\n<meta property=\"og:description\" content=\"2014 senesi fevral 11 k\u00fcn\u00fc Q\u0131r\u0131mtatar halq\u0131 Meclisini\u00f1 reisi Refat \u00c7ubarov ve Ukraina halq deputat\u0131 Mustafa Cemilev T\u00fcrkiye Cumhuriyeti \u015eimaliy Q\u0131br\u0131zdaki Orta\u015farq universitetini\u00f1(Yak\u0131n Do\u011fu \u00dcniversitesi) tesis\u00e7isi ve rektor\u0131 Suat G\u00fcnsel, rektor yard\u0131mc\u0131s\u0131 Fahrettin Sad\u0131qo\u011flu ve Meclisni\u00f1 Q\u0131br\u0131zdaki temsilcisi Sel\u00e2mi Qa\u00e7amaqn\u0131 Meclisni\u00f1 ofisinde qabul ettiler. K\u00f6r\u00fc\u015f\u00fcv rektorn\u0131\u00f1 Q\u0131r\u0131mda i\u015f ziyareti \u00e7er\u00e7ivesinde ol\u0131p ke\u00e7ti. Qonu\u015fma devam\u0131nda Mustafa [&hellip;]\" \/>\n<meta property=\"og:url\" content=\"https:\/\/qtmm.org\/qt\/meclis-reisi-refat-cubarov-turkiye-cumhuriyeti-simaliy-qibrizdaki-ortasarq-universitetinin-tesiscisi-ve-rektori-suat-gunselni-qabul-etti\/\" \/>\n<meta property=\"og:site_name\" content=\"\u041c\u0435\u0434\u0436\u043b\u0456\u0441\" \/>\n<meta property=\"article:publisher\" content=\"https:\/\/www.facebook.com\/qtmm.info\/\" \/>\n<meta property=\"article:published_time\" content=\"2014-02-11T15:16:00+00:00\" \/>\n<meta property=\"article:modified_time\" content=\"2022-01-27T15:18:07+00:00\" \/>\n<meta property=\"og:image\" content=\"https:\/\/qtmm.org\/wp-content\/uploads\/2022\/01\/img_6000.jpeg\" \/>\n\t<meta property=\"og:image:width\" content=\"650\" \/>\n\t<meta property=\"og:image:height\" content=\"372\" \/>\n\t<meta property=\"og:image:type\" content=\"image\/jpeg\" \/>\n<meta name=\"author\" content=\"Developer\" \/>\n<meta name=\"twitter:card\" content=\"summary_large_image\" \/>\n<meta name=\"twitter:label1\" content=\"Written by\" \/>\n\t<meta name=\"twitter:data1\" content=\"Developer\" \/>\n\t<meta name=\"twitter:label2\" content=\"Est. reading time\" \/>\n\t<meta name=\"twitter:data2\" content=\"2 minutes\" \/>\n<script type=\"application\/ld+json\" class=\"yoast-schema-graph\">{\"@context\":\"https:\\\/\\\/schema.org\",\"@graph\":[{\"@type\":\"Article\",\"@id\":\"https:\\\/\\\/qtmm.org\\\/qt\\\/meclis-reisi-refat-cubarov-turkiye-cumhuriyeti-simaliy-qibrizdaki-ortasarq-universitetinin-tesiscisi-ve-rektori-suat-gunselni-qabul-etti\\\/#article\",\"isPartOf\":{\"@id\":\"https:\\\/\\\/qtmm.org\\\/qt\\\/meclis-reisi-refat-cubarov-turkiye-cumhuriyeti-simaliy-qibrizdaki-ortasarq-universitetinin-tesiscisi-ve-rektori-suat-gunselni-qabul-etti\\\/\"},\"author\":{\"name\":\"Developer\",\"@id\":\"https:\\\/\\\/qtmm.org\\\/qt\\\/#\\\/schema\\\/person\\\/de562469f971dec226ac06e60bbf74a7\"},\"headline\":\"Meclis reisi Refat \u00c7ubarov T\u00fcrkiye Cumhuriyeti \u015eimaliy Q\u0131br\u0131zdaki Orta\u015farq universitetini\u00f1 tesis\u00e7isi ve rektor\u0131 Suat G\u00fcnselni qabul etti\",\"datePublished\":\"2014-02-11T15:16:00+00:00\",\"dateModified\":\"2022-01-27T15:18:07+00:00\",\"mainEntityOfPage\":{\"@id\":\"https:\\\/\\\/qtmm.org\\\/qt\\\/meclis-reisi-refat-cubarov-turkiye-cumhuriyeti-simaliy-qibrizdaki-ortasarq-universitetinin-tesiscisi-ve-rektori-suat-gunselni-qabul-etti\\\/\"},\"wordCount\":436,\"commentCount\":0,\"publisher\":{\"@id\":\"https:\\\/\\\/qtmm.org\\\/qt\\\/#organization\"},\"image\":{\"@id\":\"https:\\\/\\\/qtmm.org\\\/qt\\\/meclis-reisi-refat-cubarov-turkiye-cumhuriyeti-simaliy-qibrizdaki-ortasarq-universitetinin-tesiscisi-ve-rektori-suat-gunselni-qabul-etti\\\/#primaryimage\"},\"thumbnailUrl\":\"https:\\\/\\\/qtmm.org\\\/wp-content\\\/uploads\\\/2022\\\/01\\\/img_6000.jpeg\",\"articleSection\":[\"Haberler\"],\"inLanguage\":\"qt\",\"potentialAction\":[{\"@type\":\"CommentAction\",\"name\":\"Comment\",\"target\":[\"https:\\\/\\\/qtmm.org\\\/qt\\\/meclis-reisi-refat-cubarov-turkiye-cumhuriyeti-simaliy-qibrizdaki-ortasarq-universitetinin-tesiscisi-ve-rektori-suat-gunselni-qabul-etti\\\/#respond\"]}]},{\"@type\":\"WebPage\",\"@id\":\"https:\\\/\\\/qtmm.org\\\/qt\\\/meclis-reisi-refat-cubarov-turkiye-cumhuriyeti-simaliy-qibrizdaki-ortasarq-universitetinin-tesiscisi-ve-rektori-suat-gunselni-qabul-etti\\\/\",\"url\":\"https:\\\/\\\/qtmm.org\\\/qt\\\/meclis-reisi-refat-cubarov-turkiye-cumhuriyeti-simaliy-qibrizdaki-ortasarq-universitetinin-tesiscisi-ve-rektori-suat-gunselni-qabul-etti\\\/\",\"name\":\"Meclis reisi Refat \u00c7ubarov T\u00fcrkiye Cumhuriyeti \u015eimaliy Q\u0131br\u0131zdaki Orta\u015farq universitetini\u00f1 tesis\u00e7isi ve rektor\u0131 Suat G\u00fcnselni qabul etti - \u041c\u0435\u0434\u0436\u043b\u0456\u0441\",\"isPartOf\":{\"@id\":\"https:\\\/\\\/qtmm.org\\\/qt\\\/#website\"},\"primaryImageOfPage\":{\"@id\":\"https:\\\/\\\/qtmm.org\\\/qt\\\/meclis-reisi-refat-cubarov-turkiye-cumhuriyeti-simaliy-qibrizdaki-ortasarq-universitetinin-tesiscisi-ve-rektori-suat-gunselni-qabul-etti\\\/#primaryimage\"},\"image\":{\"@id\":\"https:\\\/\\\/qtmm.org\\\/qt\\\/meclis-reisi-refat-cubarov-turkiye-cumhuriyeti-simaliy-qibrizdaki-ortasarq-universitetinin-tesiscisi-ve-rektori-suat-gunselni-qabul-etti\\\/#primaryimage\"},\"thumbnailUrl\":\"https:\\\/\\\/qtmm.org\\\/wp-content\\\/uploads\\\/2022\\\/01\\\/img_6000.jpeg\",\"datePublished\":\"2014-02-11T15:16:00+00:00\",\"dateModified\":\"2022-01-27T15:18:07+00:00\",\"breadcrumb\":{\"@id\":\"https:\\\/\\\/qtmm.org\\\/qt\\\/meclis-reisi-refat-cubarov-turkiye-cumhuriyeti-simaliy-qibrizdaki-ortasarq-universitetinin-tesiscisi-ve-rektori-suat-gunselni-qabul-etti\\\/#breadcrumb\"},\"inLanguage\":\"qt\",\"potentialAction\":[{\"@type\":\"ReadAction\",\"target\":[\"https:\\\/\\\/qtmm.org\\\/qt\\\/meclis-reisi-refat-cubarov-turkiye-cumhuriyeti-simaliy-qibrizdaki-ortasarq-universitetinin-tesiscisi-ve-rektori-suat-gunselni-qabul-etti\\\/\"]}]},{\"@type\":\"ImageObject\",\"inLanguage\":\"qt\",\"@id\":\"https:\\\/\\\/qtmm.org\\\/qt\\\/meclis-reisi-refat-cubarov-turkiye-cumhuriyeti-simaliy-qibrizdaki-ortasarq-universitetinin-tesiscisi-ve-rektori-suat-gunselni-qabul-etti\\\/#primaryimage\",\"url\":\"https:\\\/\\\/qtmm.org\\\/wp-content\\\/uploads\\\/2022\\\/01\\\/img_6000.jpeg\",\"contentUrl\":\"https:\\\/\\\/qtmm.org\\\/wp-content\\\/uploads\\\/2022\\\/01\\\/img_6000.jpeg\",\"width\":650,\"height\":372},{\"@type\":\"BreadcrumbList\",\"@id\":\"https:\\\/\\\/qtmm.org\\\/qt\\\/meclis-reisi-refat-cubarov-turkiye-cumhuriyeti-simaliy-qibrizdaki-ortasarq-universitetinin-tesiscisi-ve-rektori-suat-gunselni-qabul-etti\\\/#breadcrumb\",\"itemListElement\":[{\"@type\":\"ListItem\",\"position\":1,\"name\":\"\u0413\u043e\u043b\u043e\u0432\u043d\u0430\",\"item\":\"https:\\\/\\\/qtmm.org\\\/qt\\\/\"},{\"@type\":\"ListItem\",\"position\":2,\"name\":\"Meclis reisi Refat \u00c7ubarov T\u00fcrkiye Cumhuriyeti \u015eimaliy Q\u0131br\u0131zdaki Orta\u015farq universitetini\u00f1 tesis\u00e7isi ve rektor\u0131 Suat G\u00fcnselni qabul etti\"}]},{\"@type\":\"WebSite\",\"@id\":\"https:\\\/\\\/qtmm.org\\\/qt\\\/#website\",\"url\":\"https:\\\/\\\/qtmm.org\\\/qt\\\/\",\"name\":\"\u041c\u0435\u0434\u0436\u043b\u0456\u0441\",\"description\":\"\",\"publisher\":{\"@id\":\"https:\\\/\\\/qtmm.org\\\/qt\\\/#organization\"},\"potentialAction\":[{\"@type\":\"SearchAction\",\"target\":{\"@type\":\"EntryPoint\",\"urlTemplate\":\"https:\\\/\\\/qtmm.org\\\/qt\\\/?s={search_term_string}\"},\"query-input\":{\"@type\":\"PropertyValueSpecification\",\"valueRequired\":true,\"valueName\":\"search_term_string\"}}],\"inLanguage\":\"qt\"},{\"@type\":\"Organization\",\"@id\":\"https:\\\/\\\/qtmm.org\\\/qt\\\/#organization\",\"name\":\"\u041c\u0435\u0434\u0436\u043b\u0456\u0441\",\"url\":\"https:\\\/\\\/qtmm.org\\\/qt\\\/\",\"logo\":{\"@type\":\"ImageObject\",\"inLanguage\":\"qt\",\"@id\":\"https:\\\/\\\/qtmm.org\\\/qt\\\/#\\\/schema\\\/logo\\\/image\\\/\",\"url\":\"https:\\\/\\\/qtmm.org\\\/wp-content\\\/uploads\\\/2024\\\/12\\\/ua-mejlis-logo-rgb.svg\",\"contentUrl\":\"https:\\\/\\\/qtmm.org\\\/wp-content\\\/uploads\\\/2024\\\/12\\\/ua-mejlis-logo-rgb.svg\",\"caption\":\"\u041c\u0435\u0434\u0436\u043b\u0456\u0441\"},\"image\":{\"@id\":\"https:\\\/\\\/qtmm.org\\\/qt\\\/#\\\/schema\\\/logo\\\/image\\\/\"},\"sameAs\":[\"https:\\\/\\\/www.facebook.com\\\/qtmm.info\\\/\"]},{\"@type\":\"Person\",\"@id\":\"https:\\\/\\\/qtmm.org\\\/qt\\\/#\\\/schema\\\/person\\\/de562469f971dec226ac06e60bbf74a7\",\"name\":\"Developer\",\"image\":{\"@type\":\"ImageObject\",\"inLanguage\":\"qt\",\"@id\":\"https:\\\/\\\/secure.gravatar.com\\\/avatar\\\/392b4cc8fbfeb00b39dfeeab4ee6edded39ffd48e25858637e4765810300227e?s=96&d=mm&r=g\",\"url\":\"https:\\\/\\\/secure.gravatar.com\\\/avatar\\\/392b4cc8fbfeb00b39dfeeab4ee6edded39ffd48e25858637e4765810300227e?s=96&d=mm&r=g\",\"contentUrl\":\"https:\\\/\\\/secure.gravatar.com\\\/avatar\\\/392b4cc8fbfeb00b39dfeeab4ee6edded39ffd48e25858637e4765810300227e?s=96&d=mm&r=g\",\"caption\":\"Developer\"},\"url\":\"https:\\\/\\\/qtmm.org\\\/qt\\\/author\\\/Developer\\\/\"}]}<\/script>\n<!-- \/ Yoast SEO plugin. -->","yoast_head_json":{"title":"Meclis reisi Refat \u00c7ubarov T\u00fcrkiye Cumhuriyeti \u015eimaliy Q\u0131br\u0131zdaki Orta\u015farq universitetini\u00f1 tesis\u00e7isi ve rektor\u0131 Suat G\u00fcnselni qabul etti - \u041c\u0435\u0434\u0436\u043b\u0456\u0441","robots":{"index":"index","follow":"follow","max-snippet":"max-snippet:-1","max-image-preview":"max-image-preview:large","max-video-preview":"max-video-preview:-1"},"canonical":"https:\/\/qtmm.org\/qt\/meclis-reisi-refat-cubarov-turkiye-cumhuriyeti-simaliy-qibrizdaki-ortasarq-universitetinin-tesiscisi-ve-rektori-suat-gunselni-qabul-etti\/","og_locale":"en_US","og_type":"article","og_title":"Meclis reisi Refat \u00c7ubarov T\u00fcrkiye Cumhuriyeti \u015eimaliy Q\u0131br\u0131zdaki Orta\u015farq universitetini\u00f1 tesis\u00e7isi ve rektor\u0131 Suat G\u00fcnselni qabul etti - \u041c\u0435\u0434\u0436\u043b\u0456\u0441","og_description":"2014 senesi fevral 11 k\u00fcn\u00fc Q\u0131r\u0131mtatar halq\u0131 Meclisini\u00f1 reisi Refat \u00c7ubarov ve Ukraina halq deputat\u0131 Mustafa Cemilev T\u00fcrkiye Cumhuriyeti \u015eimaliy Q\u0131br\u0131zdaki Orta\u015farq universitetini\u00f1(Yak\u0131n Do\u011fu \u00dcniversitesi) tesis\u00e7isi ve rektor\u0131 Suat G\u00fcnsel, rektor yard\u0131mc\u0131s\u0131 Fahrettin Sad\u0131qo\u011flu ve Meclisni\u00f1 Q\u0131br\u0131zdaki temsilcisi Sel\u00e2mi Qa\u00e7amaqn\u0131 Meclisni\u00f1 ofisinde qabul ettiler. K\u00f6r\u00fc\u015f\u00fcv rektorn\u0131\u00f1 Q\u0131r\u0131mda i\u015f ziyareti \u00e7er\u00e7ivesinde ol\u0131p ke\u00e7ti. Qonu\u015fma devam\u0131nda Mustafa [&hellip;]","og_url":"https:\/\/qtmm.org\/qt\/meclis-reisi-refat-cubarov-turkiye-cumhuriyeti-simaliy-qibrizdaki-ortasarq-universitetinin-tesiscisi-ve-rektori-suat-gunselni-qabul-etti\/","og_site_name":"\u041c\u0435\u0434\u0436\u043b\u0456\u0441","article_publisher":"https:\/\/www.facebook.com\/qtmm.info\/","article_published_time":"2014-02-11T15:16:00+00:00","article_modified_time":"2022-01-27T15:18:07+00:00","og_image":[{"width":650,"height":372,"url":"https:\/\/qtmm.org\/wp-content\/uploads\/2022\/01\/img_6000.jpeg","type":"image\/jpeg"}],"author":"Developer","twitter_card":"summary_large_image","twitter_misc":{"Written by":"Developer","Est. reading time":"2 minutes"},"schema":{"@context":"https:\/\/schema.org","@graph":[{"@type":"Article","@id":"https:\/\/qtmm.org\/qt\/meclis-reisi-refat-cubarov-turkiye-cumhuriyeti-simaliy-qibrizdaki-ortasarq-universitetinin-tesiscisi-ve-rektori-suat-gunselni-qabul-etti\/#article","isPartOf":{"@id":"https:\/\/qtmm.org\/qt\/meclis-reisi-refat-cubarov-turkiye-cumhuriyeti-simaliy-qibrizdaki-ortasarq-universitetinin-tesiscisi-ve-rektori-suat-gunselni-qabul-etti\/"},"author":{"name":"Developer","@id":"https:\/\/qtmm.org\/qt\/#\/schema\/person\/de562469f971dec226ac06e60bbf74a7"},"headline":"Meclis reisi Refat \u00c7ubarov T\u00fcrkiye Cumhuriyeti \u015eimaliy Q\u0131br\u0131zdaki Orta\u015farq universitetini\u00f1 tesis\u00e7isi ve rektor\u0131 Suat G\u00fcnselni qabul etti","datePublished":"2014-02-11T15:16:00+00:00","dateModified":"2022-01-27T15:18:07+00:00","mainEntityOfPage":{"@id":"https:\/\/qtmm.org\/qt\/meclis-reisi-refat-cubarov-turkiye-cumhuriyeti-simaliy-qibrizdaki-ortasarq-universitetinin-tesiscisi-ve-rektori-suat-gunselni-qabul-etti\/"},"wordCount":436,"commentCount":0,"publisher":{"@id":"https:\/\/qtmm.org\/qt\/#organization"},"image":{"@id":"https:\/\/qtmm.org\/qt\/meclis-reisi-refat-cubarov-turkiye-cumhuriyeti-simaliy-qibrizdaki-ortasarq-universitetinin-tesiscisi-ve-rektori-suat-gunselni-qabul-etti\/#primaryimage"},"thumbnailUrl":"https:\/\/qtmm.org\/wp-content\/uploads\/2022\/01\/img_6000.jpeg","articleSection":["Haberler"],"inLanguage":"qt","potentialAction":[{"@type":"CommentAction","name":"Comment","target":["https:\/\/qtmm.org\/qt\/meclis-reisi-refat-cubarov-turkiye-cumhuriyeti-simaliy-qibrizdaki-ortasarq-universitetinin-tesiscisi-ve-rektori-suat-gunselni-qabul-etti\/#respond"]}]},{"@type":"WebPage","@id":"https:\/\/qtmm.org\/qt\/meclis-reisi-refat-cubarov-turkiye-cumhuriyeti-simaliy-qibrizdaki-ortasarq-universitetinin-tesiscisi-ve-rektori-suat-gunselni-qabul-etti\/","url":"https:\/\/qtmm.org\/qt\/meclis-reisi-refat-cubarov-turkiye-cumhuriyeti-simaliy-qibrizdaki-ortasarq-universitetinin-tesiscisi-ve-rektori-suat-gunselni-qabul-etti\/","name":"Meclis reisi Refat \u00c7ubarov T\u00fcrkiye Cumhuriyeti \u015eimaliy Q\u0131br\u0131zdaki Orta\u015farq universitetini\u00f1 tesis\u00e7isi ve rektor\u0131 Suat G\u00fcnselni qabul etti - \u041c\u0435\u0434\u0436\u043b\u0456\u0441","isPartOf":{"@id":"https:\/\/qtmm.org\/qt\/#website"},"primaryImageOfPage":{"@id":"https:\/\/qtmm.org\/qt\/meclis-reisi-refat-cubarov-turkiye-cumhuriyeti-simaliy-qibrizdaki-ortasarq-universitetinin-tesiscisi-ve-rektori-suat-gunselni-qabul-etti\/#primaryimage"},"image":{"@id":"https:\/\/qtmm.org\/qt\/meclis-reisi-refat-cubarov-turkiye-cumhuriyeti-simaliy-qibrizdaki-ortasarq-universitetinin-tesiscisi-ve-rektori-suat-gunselni-qabul-etti\/#primaryimage"},"thumbnailUrl":"https:\/\/qtmm.org\/wp-content\/uploads\/2022\/01\/img_6000.jpeg","datePublished":"2014-02-11T15:16:00+00:00","dateModified":"2022-01-27T15:18:07+00:00","breadcrumb":{"@id":"https:\/\/qtmm.org\/qt\/meclis-reisi-refat-cubarov-turkiye-cumhuriyeti-simaliy-qibrizdaki-ortasarq-universitetinin-tesiscisi-ve-rektori-suat-gunselni-qabul-etti\/#breadcrumb"},"inLanguage":"qt","potentialAction":[{"@type":"ReadAction","target":["https:\/\/qtmm.org\/qt\/meclis-reisi-refat-cubarov-turkiye-cumhuriyeti-simaliy-qibrizdaki-ortasarq-universitetinin-tesiscisi-ve-rektori-suat-gunselni-qabul-etti\/"]}]},{"@type":"ImageObject","inLanguage":"qt","@id":"https:\/\/qtmm.org\/qt\/meclis-reisi-refat-cubarov-turkiye-cumhuriyeti-simaliy-qibrizdaki-ortasarq-universitetinin-tesiscisi-ve-rektori-suat-gunselni-qabul-etti\/#primaryimage","url":"https:\/\/qtmm.org\/wp-content\/uploads\/2022\/01\/img_6000.jpeg","contentUrl":"https:\/\/qtmm.org\/wp-content\/uploads\/2022\/01\/img_6000.jpeg","width":650,"height":372},{"@type":"BreadcrumbList","@id":"https:\/\/qtmm.org\/qt\/meclis-reisi-refat-cubarov-turkiye-cumhuriyeti-simaliy-qibrizdaki-ortasarq-universitetinin-tesiscisi-ve-rektori-suat-gunselni-qabul-etti\/#breadcrumb","itemListElement":[{"@type":"ListItem","position":1,"name":"\u0413\u043e\u043b\u043e\u0432\u043d\u0430","item":"https:\/\/qtmm.org\/qt\/"},{"@type":"ListItem","position":2,"name":"Meclis reisi Refat \u00c7ubarov T\u00fcrkiye Cumhuriyeti \u015eimaliy Q\u0131br\u0131zdaki Orta\u015farq universitetini\u00f1 tesis\u00e7isi ve rektor\u0131 Suat G\u00fcnselni qabul etti"}]},{"@type":"WebSite","@id":"https:\/\/qtmm.org\/qt\/#website","url":"https:\/\/qtmm.org\/qt\/","name":"\u041c\u0435\u0434\u0436\u043b\u0456\u0441","description":"","publisher":{"@id":"https:\/\/qtmm.org\/qt\/#organization"},"potentialAction":[{"@type":"SearchAction","target":{"@type":"EntryPoint","urlTemplate":"https:\/\/qtmm.org\/qt\/?s={search_term_string}"},"query-input":{"@type":"PropertyValueSpecification","valueRequired":true,"valueName":"search_term_string"}}],"inLanguage":"qt"},{"@type":"Organization","@id":"https:\/\/qtmm.org\/qt\/#organization","name":"\u041c\u0435\u0434\u0436\u043b\u0456\u0441","url":"https:\/\/qtmm.org\/qt\/","logo":{"@type":"ImageObject","inLanguage":"qt","@id":"https:\/\/qtmm.org\/qt\/#\/schema\/logo\/image\/","url":"https:\/\/qtmm.org\/wp-content\/uploads\/2024\/12\/ua-mejlis-logo-rgb.svg","contentUrl":"https:\/\/qtmm.org\/wp-content\/uploads\/2024\/12\/ua-mejlis-logo-rgb.svg","caption":"\u041c\u0435\u0434\u0436\u043b\u0456\u0441"},"image":{"@id":"https:\/\/qtmm.org\/qt\/#\/schema\/logo\/image\/"},"sameAs":["https:\/\/www.facebook.com\/qtmm.info\/"]},{"@type":"Person","@id":"https:\/\/qtmm.org\/qt\/#\/schema\/person\/de562469f971dec226ac06e60bbf74a7","name":"Developer","image":{"@type":"ImageObject","inLanguage":"qt","@id":"https:\/\/secure.gravatar.com\/avatar\/392b4cc8fbfeb00b39dfeeab4ee6edded39ffd48e25858637e4765810300227e?s=96&d=mm&r=g","url":"https:\/\/secure.gravatar.com\/avatar\/392b4cc8fbfeb00b39dfeeab4ee6edded39ffd48e25858637e4765810300227e?s=96&d=mm&r=g","contentUrl":"https:\/\/secure.gravatar.com\/avatar\/392b4cc8fbfeb00b39dfeeab4ee6edded39ffd48e25858637e4765810300227e?s=96&d=mm&r=g","caption":"Developer"},"url":"https:\/\/qtmm.org\/qt\/author\/Developer\/"}]}},"_links":{"self":[{"href":"https:\/\/qtmm.org\/qt\/wp-json\/wp\/v2\/posts\/43097","targetHints":{"allow":["GET"]}}],"collection":[{"href":"https:\/\/qtmm.org\/qt\/wp-json\/wp\/v2\/posts"}],"about":[{"href":"https:\/\/qtmm.org\/qt\/wp-json\/wp\/v2\/types\/post"}],"author":[{"embeddable":true,"href":"https:\/\/qtmm.org\/qt\/wp-json\/wp\/v2\/users\/1"}],"replies":[{"embeddable":true,"href":"https:\/\/qtmm.org\/qt\/wp-json\/wp\/v2\/comments?post=43097"}],"version-history":[{"count":1,"href":"https:\/\/qtmm.org\/qt\/wp-json\/wp\/v2\/posts\/43097\/revisions"}],"predecessor-version":[{"id":43118,"href":"https:\/\/qtmm.org\/qt\/wp-json\/wp\/v2\/posts\/43097\/revisions\/43118"}],"wp:featuredmedia":[{"embeddable":true,"href":"https:\/\/qtmm.org\/qt\/wp-json\/wp\/v2\/media\/43098"}],"wp:attachment":[{"href":"https:\/\/qtmm.org\/qt\/wp-json\/wp\/v2\/media?parent=43097"}],"wp:term":[{"taxonomy":"category","embeddable":true,"href":"https:\/\/qtmm.org\/qt\/wp-json\/wp\/v2\/categories?post=43097"},{"taxonomy":"post_tag","embeddable":true,"href":"https:\/\/qtmm.org\/qt\/wp-json\/wp\/v2\/tags?post=43097"}],"curies":[{"name":"wp","href":"https:\/\/api.w.org\/{rel}","templated":true}]}}