




{"id":43095,"date":"2014-02-11T18:15:00","date_gmt":"2014-02-11T15:15:00","guid":{"rendered":"http:\/\/qtmm.org\/?p=43095"},"modified":"2022-01-27T18:16:05","modified_gmt":"2022-01-27T15:16:05","slug":"qirimtatar-halqi-meclisinin-reisi-refat-cubarovnin-qirim-bas-naziri-anatoliy-mogilov-ile-korusuvi","status":"publish","type":"post","link":"https:\/\/qtmm.org\/qt\/qirimtatar-halqi-meclisinin-reisi-refat-cubarovnin-qirim-bas-naziri-anatoliy-mogilov-ile-korusuvi\/","title":{"rendered":"Q\u0131r\u0131mtatar halq\u0131 Meclisini\u00f1 reisi Refat \u00c7ubarovn\u0131\u00f1 Q\u0131r\u0131m Ba\u015f naziri Anatoliy Mogil\u00f6v ile k\u00f6r\u00fc\u015f\u00fcvi"},"content":{"rendered":"\n<p>2014 senesi fevral 11 k\u00fcn\u00fc Q\u0131r\u0131m Nazirler \u015euras\u0131nda Q\u0131r\u0131mtatar halq\u0131 Meclisini\u00f1 reisi Refat \u00c7ubarov Q\u0131r\u0131m Ba\u015f naziri Anatoliy Mogil\u00f6v ile k\u00f6r\u00fc\u015fti.<\/p>\n\n\n\n<p>K\u00f6r\u00fc\u015f\u00fcvde bun\u0131\u00f1 kibi de Meclis reisini\u00f1 muavinleri Ayder Acimambetov, Nariman Cel\u00e2l, Aslan \u00d6mer Q\u0131r\u0131ml\u0131, Zaur Smirnov, Ahtem \u00c7iygoz, Q\u0131r\u0131m Nazirler \u015euras\u0131 reisini\u00f1 muavini Aziz Abdullayev ve Q\u0131r\u0131m Milletler komitetini\u00f1 reisi Refat Kenjaliyev i\u015ftirak ettiler.<\/p>\n\n\n\n<p>K\u00f6r\u00fc\u015f\u00fcv devam\u0131nda q\u0131r\u0131mtatarlarn\u0131 yerle\u015ftir\u00fcv boyunca tedbirlerni 2014 senesinde finansirlev, Ukraina Yuqar\u0131 \u015euras\u0131na &#8220;Milliy mens\u00fcpligine k\u00f6re s\u00fcrg\u00fcn etilgen \u015fah\u0131slarn\u0131\u00f1 aqlar\u0131n\u0131 \u011fayr\u0131dan tiklev aqq\u0131nda&#8221; qanun\u0131n\u0131 qabul etmesine qoltutuv, Q\u0131r\u0131m Yuqar\u0131 \u015euras\u0131na deputatlarn\u0131 saylav qanun leyhas\u0131n\u0131 beraberlikte i\u015flev, Q\u0131r\u0131m Yuqar\u0131 \u015euras\u0131nda, \u015feer ve rayon \u015furalar\u0131nda q\u0131r\u0131mtatarlarn\u0131\u00f1 kefaletli temsilciligi, q\u0131r\u0131mtatar halq\u0131n\u0131\u00f1 aqlar\u0131n\u0131 \u011fayr\u0131dan tiklev boyunca halqara forumn\u0131 ke\u00e7ir\u00fcv, q\u0131r\u0131mtatar halq\u0131 s\u00fcrg\u00fcnligi qurbanlar\u0131n\u0131\u00f1 hat\u0131ras\u0131na ba\u011f\u0131\u015flan\u011fan matem merasimlerini beraberlikte az\u0131rlav ve ke\u00e7ir\u00fcv, daa bir s\u0131ra diger meseleler muzakere etildi.<\/p>\n\n\n\n<p>K\u00f6r\u00fc\u015f\u00fcvde Meclis reisi 2014 senesine q\u0131r\u0131mtatarlarn\u0131 yerle\u015ftir\u00fcv programmas\u0131n\u0131\u00f1 finansirlenmesine devlet ve cumhuriyet b\u00fccetlerinde belgilengen sermiyan\u0131\u00f1 k\u00f6lemi pek az ol\u011fan\u0131n\u0131 qayd eterek, Q\u0131r\u0131m ba\u015f nazirine finansirlevni artt\u0131ruv boyunca em Q\u0131r\u0131m Yuqar\u0131 \u015euras\u0131na, em Ukraina Yuqar\u0131 \u015euras\u0131na tekliflerni yollamaqn\u0131 teklif etti.<\/p>\n\n\n\n<p>\u00d6z nevbetinde Q\u0131r\u0131m ba\u015f naziri Anatoliy Mogil\u00f6v Q\u0131r\u0131m \u00fck\u00fcmeti Ukraina Nazirler kabinetine yolla\u011fan mekt\u00fcbinde Ukraina devlet b\u00fccetinde k\u00f6zde tutulu\u011fan inki\u015faf fond\u0131ndan q\u0131r\u0131mtatarlarn\u0131\u00f1 yerle\u015ftirilmesine 50 million grivn\u00e2 kapital sal\u0131m ay\u0131r\u0131lmas\u0131 rica etilgenini bildirdi. Refat \u00c7ubarov Q\u0131r\u0131m Yuqar\u0131 \u015euras\u0131 ve Nazirler \u015euras\u0131na &#8220;Milliy mens\u00fcpligine k\u00f6re s\u00fcrg\u00fcn etilgen \u015fah\u0131slarn\u0131\u00f1 aqlar\u0131n\u0131 \u011fayr\u0131dan tiklev aqq\u0131nda&#8221; qanun\u0131n\u0131 2014 senesi may\u0131s 18-ge qadar ekinci oquvda qabul etmek ricas\u0131nen Ukraina Yuqar\u0131 \u015euras\u0131na muracaat etmek teklifini seslendirdi.<\/p>\n\n\n\n<p>Anatoliy Mogilev bu mesele bivasta Ukraina parlamentini\u00f1 i\u015fi ol\u011fan\u0131n\u0131 qayd eterek, mezk\u00fcr qanunn\u0131\u00f1 qabul etilmesi devletten qo\u015fumca masraflarn\u0131 talap etecegini a\u00f1latt\u0131.<\/p>\n\n\n\n<p>Meclis reisini\u00f1 muavini Zaur Smirnov bu meseleni\u00f1 muzakeresinde so\u00f1 noqta qoymamaqn\u0131 ve bu meselege tekrar qaytmazdan evel bu qanunn\u0131\u00f1 amelge ke\u00e7irilmesi i\u00e7\u00fcn kerek olacaq tahminiy finans masraflarn\u0131 \u011fayr\u0131dan az\u0131rlamaqn\u0131 teklif etti. Anatoliy Mogil\u00f6v bu teklifnen raz\u0131 old\u0131.<\/p>\n\n\n\n<p>Q\u0131r\u0131mtatarlarn\u0131\u00f1 Q\u0131r\u0131m Yuqar\u0131 \u015euras\u0131nda kvota temsilciligi meselesine Anatoliy Mogil\u00f6v menfiy yana\u015f\u0131p, bu printsipni\u00f1 ker\u00e7ekle\u015ftirilmesi yaramay neticelerge ketirebilir, dep say\u011fan\u0131n\u0131 bildirip Lund tevsiyelerini hat\u0131rlatt\u0131.<\/p>\n\n\n\n<p>Refat \u00c7ubarov ise \u00f6z nevbetinde bir s\u0131ra Avropa devletlerinde, c\u00fcmleden \u0130taliyadaki Cen\u00fcbiy Tirol muhtariyetindeki qanun\u00e2rat\u0131c\u0131, vek\u00e2letli ve icra organlar\u0131nda milliy cemiyetlerni\u00f1 kefaletli temsilciligini\u00f1 m\u00fcsbet neticelerini misal etip k\u00f6sterdi.<\/p>\n\n\n\n<p>May\u0131s 18-ge qadar Q\u0131r\u0131mtatar halq\u0131n\u0131\u00f1 aqlar\u0131n\u0131 \u011fayr\u0131dan tiklev boyunca halqara forumn\u0131 ke\u00e7ir\u00fcv meselesini muzakere eterek Anatoliy Mogil\u00f6v Refat \u00c7ubarovnen birlikte Ukraina T\u0131\u015f i\u015fleri nazirini\u00f1 vazifesini eda etken Leonid Kojara ile k\u00f6r\u00fc\u015fmege az\u0131r ol\u011fan\u0131n\u0131 aytt\u0131.<\/p>\n\n\n\n<p>Bun\u0131\u00f1 kibi de taraflar 2014 senesi q\u0131r\u0131mtatar halq\u0131 s\u00fcrg\u00fcnligi qurbanlar\u0131n\u0131\u00f1 hat\u0131ras\u0131na ba\u011f\u0131\u015flan\u011fan matem merasimleri, diger k\u00fctleviy tedbirler, \u015fu c\u00fcmleden B\u00fct\u00fcnq\u0131r\u0131m H\u0131d\u0131rlez bayram\u0131n\u0131 beraberlikte az\u0131rlamaq ve ke\u00e7irmekni a\u00f1la\u015ft\u0131lar.<\/p>\n\n\n\n<p>K\u00f6r\u00fc\u015f\u00fcv i\u015ftirak\u00e7ileri so\u00f1unda Ukrainadaki vaqialar ve olarn\u0131\u00f1 Q\u0131r\u0131mda aqibetleri husus\u0131nda fikir payla\u015ft\u0131lar. C\u00fcmleden, Meclis reisini\u00f1 muavini Ahtem \u00c7iygoz Meclis yar\u0131madada er angi mudafaa otr\u00e2dlar\u0131n\u0131\u00f1 tizilmesine menfiy baqqan\u0131n\u0131 bildirdi.<\/p>\n","protected":false},"excerpt":{"rendered":"<p>2014 senesi fevral 11 k\u00fcn\u00fc Q\u0131r\u0131m Nazirler \u015euras\u0131nda Q\u0131r\u0131mtatar halq\u0131 Meclisini\u00f1 reisi Refat \u00c7ubarov Q\u0131r\u0131m Ba\u015f naziri Anatoliy Mogil\u00f6v ile k\u00f6r\u00fc\u015fti. K\u00f6r\u00fc\u015f\u00fcvde bun\u0131\u00f1 kibi de Meclis reisini\u00f1 muavinleri Ayder Acimambetov, Nariman Cel\u00e2l, Aslan \u00d6mer Q\u0131r\u0131ml\u0131, Zaur Smirnov, Ahtem \u00c7iygoz, Q\u0131r\u0131m Nazirler \u015euras\u0131 reisini\u00f1 muavini Aziz Abdullayev ve Q\u0131r\u0131m Milletler komitetini\u00f1 reisi Refat Kenjaliyev i\u015ftirak ettiler. [&hellip;]<\/p>\n","protected":false},"author":1,"featured_media":0,"comment_status":"open","ping_status":"open","sticky":false,"template":"","format":"standard","meta":{"inline_featured_image":false,"footnotes":""},"categories":[265],"tags":[],"class_list":["post-43095","post","type-post","status-publish","format-standard","hentry","category-haberler"],"acf":[],"yoast_head":"<!-- This site is optimized with the Yoast SEO plugin v27.4 - https:\/\/yoast.com\/product\/yoast-seo-wordpress\/ -->\n<title>Q\u0131r\u0131mtatar halq\u0131 Meclisini\u00f1 reisi Refat \u00c7ubarovn\u0131\u00f1 Q\u0131r\u0131m Ba\u015f naziri Anatoliy Mogil\u00f6v ile k\u00f6r\u00fc\u015f\u00fcvi - \u041c\u0435\u0434\u0436\u043b\u0456\u0441<\/title>\n<meta name=\"robots\" content=\"index, follow, max-snippet:-1, max-image-preview:large, max-video-preview:-1\" \/>\n<link rel=\"canonical\" href=\"https:\/\/qtmm.org\/qt\/qirimtatar-halqi-meclisinin-reisi-refat-cubarovnin-qirim-bas-naziri-anatoliy-mogilov-ile-korusuvi\/\" \/>\n<meta property=\"og:locale\" content=\"en_US\" \/>\n<meta property=\"og:type\" content=\"article\" \/>\n<meta property=\"og:title\" content=\"Q\u0131r\u0131mtatar halq\u0131 Meclisini\u00f1 reisi Refat \u00c7ubarovn\u0131\u00f1 Q\u0131r\u0131m Ba\u015f naziri Anatoliy Mogil\u00f6v ile k\u00f6r\u00fc\u015f\u00fcvi - \u041c\u0435\u0434\u0436\u043b\u0456\u0441\" \/>\n<meta property=\"og:description\" content=\"2014 senesi fevral 11 k\u00fcn\u00fc Q\u0131r\u0131m Nazirler \u015euras\u0131nda Q\u0131r\u0131mtatar halq\u0131 Meclisini\u00f1 reisi Refat \u00c7ubarov Q\u0131r\u0131m Ba\u015f naziri Anatoliy Mogil\u00f6v ile k\u00f6r\u00fc\u015fti. K\u00f6r\u00fc\u015f\u00fcvde bun\u0131\u00f1 kibi de Meclis reisini\u00f1 muavinleri Ayder Acimambetov, Nariman Cel\u00e2l, Aslan \u00d6mer Q\u0131r\u0131ml\u0131, Zaur Smirnov, Ahtem \u00c7iygoz, Q\u0131r\u0131m Nazirler \u015euras\u0131 reisini\u00f1 muavini Aziz Abdullayev ve Q\u0131r\u0131m Milletler komitetini\u00f1 reisi Refat Kenjaliyev i\u015ftirak ettiler. [&hellip;]\" \/>\n<meta property=\"og:url\" content=\"https:\/\/qtmm.org\/qt\/qirimtatar-halqi-meclisinin-reisi-refat-cubarovnin-qirim-bas-naziri-anatoliy-mogilov-ile-korusuvi\/\" \/>\n<meta property=\"og:site_name\" content=\"\u041c\u0435\u0434\u0436\u043b\u0456\u0441\" \/>\n<meta property=\"article:publisher\" content=\"https:\/\/www.facebook.com\/qtmm.info\/\" \/>\n<meta property=\"article:published_time\" content=\"2014-02-11T15:15:00+00:00\" \/>\n<meta property=\"article:modified_time\" content=\"2022-01-27T15:16:05+00:00\" \/>\n<meta name=\"author\" content=\"Developer\" \/>\n<meta name=\"twitter:card\" content=\"summary_large_image\" \/>\n<meta name=\"twitter:label1\" content=\"Written by\" \/>\n\t<meta name=\"twitter:data1\" content=\"Developer\" \/>\n\t<meta name=\"twitter:label2\" content=\"Est. reading time\" \/>\n\t<meta name=\"twitter:data2\" content=\"3 minutes\" \/>\n<script type=\"application\/ld+json\" class=\"yoast-schema-graph\">{\"@context\":\"https:\\\/\\\/schema.org\",\"@graph\":[{\"@type\":\"Article\",\"@id\":\"https:\\\/\\\/qtmm.org\\\/qt\\\/qirimtatar-halqi-meclisinin-reisi-refat-cubarovnin-qirim-bas-naziri-anatoliy-mogilov-ile-korusuvi\\\/#article\",\"isPartOf\":{\"@id\":\"https:\\\/\\\/qtmm.org\\\/qt\\\/qirimtatar-halqi-meclisinin-reisi-refat-cubarovnin-qirim-bas-naziri-anatoliy-mogilov-ile-korusuvi\\\/\"},\"author\":{\"name\":\"Developer\",\"@id\":\"https:\\\/\\\/qtmm.org\\\/qt\\\/#\\\/schema\\\/person\\\/de562469f971dec226ac06e60bbf74a7\"},\"headline\":\"Q\u0131r\u0131mtatar halq\u0131 Meclisini\u00f1 reisi Refat \u00c7ubarovn\u0131\u00f1 Q\u0131r\u0131m Ba\u015f naziri Anatoliy Mogil\u00f6v ile k\u00f6r\u00fc\u015f\u00fcvi\",\"datePublished\":\"2014-02-11T15:15:00+00:00\",\"dateModified\":\"2022-01-27T15:16:05+00:00\",\"mainEntityOfPage\":{\"@id\":\"https:\\\/\\\/qtmm.org\\\/qt\\\/qirimtatar-halqi-meclisinin-reisi-refat-cubarovnin-qirim-bas-naziri-anatoliy-mogilov-ile-korusuvi\\\/\"},\"wordCount\":652,\"commentCount\":0,\"publisher\":{\"@id\":\"https:\\\/\\\/qtmm.org\\\/qt\\\/#organization\"},\"articleSection\":[\"Haberler\"],\"inLanguage\":\"qt\",\"potentialAction\":[{\"@type\":\"CommentAction\",\"name\":\"Comment\",\"target\":[\"https:\\\/\\\/qtmm.org\\\/qt\\\/qirimtatar-halqi-meclisinin-reisi-refat-cubarovnin-qirim-bas-naziri-anatoliy-mogilov-ile-korusuvi\\\/#respond\"]}]},{\"@type\":\"WebPage\",\"@id\":\"https:\\\/\\\/qtmm.org\\\/qt\\\/qirimtatar-halqi-meclisinin-reisi-refat-cubarovnin-qirim-bas-naziri-anatoliy-mogilov-ile-korusuvi\\\/\",\"url\":\"https:\\\/\\\/qtmm.org\\\/qt\\\/qirimtatar-halqi-meclisinin-reisi-refat-cubarovnin-qirim-bas-naziri-anatoliy-mogilov-ile-korusuvi\\\/\",\"name\":\"Q\u0131r\u0131mtatar halq\u0131 Meclisini\u00f1 reisi Refat \u00c7ubarovn\u0131\u00f1 Q\u0131r\u0131m Ba\u015f naziri Anatoliy Mogil\u00f6v ile k\u00f6r\u00fc\u015f\u00fcvi - \u041c\u0435\u0434\u0436\u043b\u0456\u0441\",\"isPartOf\":{\"@id\":\"https:\\\/\\\/qtmm.org\\\/qt\\\/#website\"},\"datePublished\":\"2014-02-11T15:15:00+00:00\",\"dateModified\":\"2022-01-27T15:16:05+00:00\",\"breadcrumb\":{\"@id\":\"https:\\\/\\\/qtmm.org\\\/qt\\\/qirimtatar-halqi-meclisinin-reisi-refat-cubarovnin-qirim-bas-naziri-anatoliy-mogilov-ile-korusuvi\\\/#breadcrumb\"},\"inLanguage\":\"qt\",\"potentialAction\":[{\"@type\":\"ReadAction\",\"target\":[\"https:\\\/\\\/qtmm.org\\\/qt\\\/qirimtatar-halqi-meclisinin-reisi-refat-cubarovnin-qirim-bas-naziri-anatoliy-mogilov-ile-korusuvi\\\/\"]}]},{\"@type\":\"BreadcrumbList\",\"@id\":\"https:\\\/\\\/qtmm.org\\\/qt\\\/qirimtatar-halqi-meclisinin-reisi-refat-cubarovnin-qirim-bas-naziri-anatoliy-mogilov-ile-korusuvi\\\/#breadcrumb\",\"itemListElement\":[{\"@type\":\"ListItem\",\"position\":1,\"name\":\"\u0413\u043e\u043b\u043e\u0432\u043d\u0430\",\"item\":\"https:\\\/\\\/qtmm.org\\\/qt\\\/\"},{\"@type\":\"ListItem\",\"position\":2,\"name\":\"Q\u0131r\u0131mtatar halq\u0131 Meclisini\u00f1 reisi Refat \u00c7ubarovn\u0131\u00f1 Q\u0131r\u0131m Ba\u015f naziri Anatoliy Mogil\u00f6v ile k\u00f6r\u00fc\u015f\u00fcvi\"}]},{\"@type\":\"WebSite\",\"@id\":\"https:\\\/\\\/qtmm.org\\\/qt\\\/#website\",\"url\":\"https:\\\/\\\/qtmm.org\\\/qt\\\/\",\"name\":\"\u041c\u0435\u0434\u0436\u043b\u0456\u0441\",\"description\":\"\",\"publisher\":{\"@id\":\"https:\\\/\\\/qtmm.org\\\/qt\\\/#organization\"},\"potentialAction\":[{\"@type\":\"SearchAction\",\"target\":{\"@type\":\"EntryPoint\",\"urlTemplate\":\"https:\\\/\\\/qtmm.org\\\/qt\\\/?s={search_term_string}\"},\"query-input\":{\"@type\":\"PropertyValueSpecification\",\"valueRequired\":true,\"valueName\":\"search_term_string\"}}],\"inLanguage\":\"qt\"},{\"@type\":\"Organization\",\"@id\":\"https:\\\/\\\/qtmm.org\\\/qt\\\/#organization\",\"name\":\"\u041c\u0435\u0434\u0436\u043b\u0456\u0441\",\"url\":\"https:\\\/\\\/qtmm.org\\\/qt\\\/\",\"logo\":{\"@type\":\"ImageObject\",\"inLanguage\":\"qt\",\"@id\":\"https:\\\/\\\/qtmm.org\\\/qt\\\/#\\\/schema\\\/logo\\\/image\\\/\",\"url\":\"https:\\\/\\\/qtmm.org\\\/wp-content\\\/uploads\\\/2024\\\/12\\\/ua-mejlis-logo-rgb.svg\",\"contentUrl\":\"https:\\\/\\\/qtmm.org\\\/wp-content\\\/uploads\\\/2024\\\/12\\\/ua-mejlis-logo-rgb.svg\",\"caption\":\"\u041c\u0435\u0434\u0436\u043b\u0456\u0441\"},\"image\":{\"@id\":\"https:\\\/\\\/qtmm.org\\\/qt\\\/#\\\/schema\\\/logo\\\/image\\\/\"},\"sameAs\":[\"https:\\\/\\\/www.facebook.com\\\/qtmm.info\\\/\"]},{\"@type\":\"Person\",\"@id\":\"https:\\\/\\\/qtmm.org\\\/qt\\\/#\\\/schema\\\/person\\\/de562469f971dec226ac06e60bbf74a7\",\"name\":\"Developer\",\"image\":{\"@type\":\"ImageObject\",\"inLanguage\":\"qt\",\"@id\":\"https:\\\/\\\/secure.gravatar.com\\\/avatar\\\/392b4cc8fbfeb00b39dfeeab4ee6edded39ffd48e25858637e4765810300227e?s=96&d=mm&r=g\",\"url\":\"https:\\\/\\\/secure.gravatar.com\\\/avatar\\\/392b4cc8fbfeb00b39dfeeab4ee6edded39ffd48e25858637e4765810300227e?s=96&d=mm&r=g\",\"contentUrl\":\"https:\\\/\\\/secure.gravatar.com\\\/avatar\\\/392b4cc8fbfeb00b39dfeeab4ee6edded39ffd48e25858637e4765810300227e?s=96&d=mm&r=g\",\"caption\":\"Developer\"},\"url\":\"https:\\\/\\\/qtmm.org\\\/qt\\\/author\\\/Developer\\\/\"}]}<\/script>\n<!-- \/ Yoast SEO plugin. -->","yoast_head_json":{"title":"Q\u0131r\u0131mtatar halq\u0131 Meclisini\u00f1 reisi Refat \u00c7ubarovn\u0131\u00f1 Q\u0131r\u0131m Ba\u015f naziri Anatoliy Mogil\u00f6v ile k\u00f6r\u00fc\u015f\u00fcvi - \u041c\u0435\u0434\u0436\u043b\u0456\u0441","robots":{"index":"index","follow":"follow","max-snippet":"max-snippet:-1","max-image-preview":"max-image-preview:large","max-video-preview":"max-video-preview:-1"},"canonical":"https:\/\/qtmm.org\/qt\/qirimtatar-halqi-meclisinin-reisi-refat-cubarovnin-qirim-bas-naziri-anatoliy-mogilov-ile-korusuvi\/","og_locale":"en_US","og_type":"article","og_title":"Q\u0131r\u0131mtatar halq\u0131 Meclisini\u00f1 reisi Refat \u00c7ubarovn\u0131\u00f1 Q\u0131r\u0131m Ba\u015f naziri Anatoliy Mogil\u00f6v ile k\u00f6r\u00fc\u015f\u00fcvi - \u041c\u0435\u0434\u0436\u043b\u0456\u0441","og_description":"2014 senesi fevral 11 k\u00fcn\u00fc Q\u0131r\u0131m Nazirler \u015euras\u0131nda Q\u0131r\u0131mtatar halq\u0131 Meclisini\u00f1 reisi Refat \u00c7ubarov Q\u0131r\u0131m Ba\u015f naziri Anatoliy Mogil\u00f6v ile k\u00f6r\u00fc\u015fti. K\u00f6r\u00fc\u015f\u00fcvde bun\u0131\u00f1 kibi de Meclis reisini\u00f1 muavinleri Ayder Acimambetov, Nariman Cel\u00e2l, Aslan \u00d6mer Q\u0131r\u0131ml\u0131, Zaur Smirnov, Ahtem \u00c7iygoz, Q\u0131r\u0131m Nazirler \u015euras\u0131 reisini\u00f1 muavini Aziz Abdullayev ve Q\u0131r\u0131m Milletler komitetini\u00f1 reisi Refat Kenjaliyev i\u015ftirak ettiler. [&hellip;]","og_url":"https:\/\/qtmm.org\/qt\/qirimtatar-halqi-meclisinin-reisi-refat-cubarovnin-qirim-bas-naziri-anatoliy-mogilov-ile-korusuvi\/","og_site_name":"\u041c\u0435\u0434\u0436\u043b\u0456\u0441","article_publisher":"https:\/\/www.facebook.com\/qtmm.info\/","article_published_time":"2014-02-11T15:15:00+00:00","article_modified_time":"2022-01-27T15:16:05+00:00","author":"Developer","twitter_card":"summary_large_image","twitter_misc":{"Written by":"Developer","Est. reading time":"3 minutes"},"schema":{"@context":"https:\/\/schema.org","@graph":[{"@type":"Article","@id":"https:\/\/qtmm.org\/qt\/qirimtatar-halqi-meclisinin-reisi-refat-cubarovnin-qirim-bas-naziri-anatoliy-mogilov-ile-korusuvi\/#article","isPartOf":{"@id":"https:\/\/qtmm.org\/qt\/qirimtatar-halqi-meclisinin-reisi-refat-cubarovnin-qirim-bas-naziri-anatoliy-mogilov-ile-korusuvi\/"},"author":{"name":"Developer","@id":"https:\/\/qtmm.org\/qt\/#\/schema\/person\/de562469f971dec226ac06e60bbf74a7"},"headline":"Q\u0131r\u0131mtatar halq\u0131 Meclisini\u00f1 reisi Refat \u00c7ubarovn\u0131\u00f1 Q\u0131r\u0131m Ba\u015f naziri Anatoliy Mogil\u00f6v ile k\u00f6r\u00fc\u015f\u00fcvi","datePublished":"2014-02-11T15:15:00+00:00","dateModified":"2022-01-27T15:16:05+00:00","mainEntityOfPage":{"@id":"https:\/\/qtmm.org\/qt\/qirimtatar-halqi-meclisinin-reisi-refat-cubarovnin-qirim-bas-naziri-anatoliy-mogilov-ile-korusuvi\/"},"wordCount":652,"commentCount":0,"publisher":{"@id":"https:\/\/qtmm.org\/qt\/#organization"},"articleSection":["Haberler"],"inLanguage":"qt","potentialAction":[{"@type":"CommentAction","name":"Comment","target":["https:\/\/qtmm.org\/qt\/qirimtatar-halqi-meclisinin-reisi-refat-cubarovnin-qirim-bas-naziri-anatoliy-mogilov-ile-korusuvi\/#respond"]}]},{"@type":"WebPage","@id":"https:\/\/qtmm.org\/qt\/qirimtatar-halqi-meclisinin-reisi-refat-cubarovnin-qirim-bas-naziri-anatoliy-mogilov-ile-korusuvi\/","url":"https:\/\/qtmm.org\/qt\/qirimtatar-halqi-meclisinin-reisi-refat-cubarovnin-qirim-bas-naziri-anatoliy-mogilov-ile-korusuvi\/","name":"Q\u0131r\u0131mtatar halq\u0131 Meclisini\u00f1 reisi Refat \u00c7ubarovn\u0131\u00f1 Q\u0131r\u0131m Ba\u015f naziri Anatoliy Mogil\u00f6v ile k\u00f6r\u00fc\u015f\u00fcvi - \u041c\u0435\u0434\u0436\u043b\u0456\u0441","isPartOf":{"@id":"https:\/\/qtmm.org\/qt\/#website"},"datePublished":"2014-02-11T15:15:00+00:00","dateModified":"2022-01-27T15:16:05+00:00","breadcrumb":{"@id":"https:\/\/qtmm.org\/qt\/qirimtatar-halqi-meclisinin-reisi-refat-cubarovnin-qirim-bas-naziri-anatoliy-mogilov-ile-korusuvi\/#breadcrumb"},"inLanguage":"qt","potentialAction":[{"@type":"ReadAction","target":["https:\/\/qtmm.org\/qt\/qirimtatar-halqi-meclisinin-reisi-refat-cubarovnin-qirim-bas-naziri-anatoliy-mogilov-ile-korusuvi\/"]}]},{"@type":"BreadcrumbList","@id":"https:\/\/qtmm.org\/qt\/qirimtatar-halqi-meclisinin-reisi-refat-cubarovnin-qirim-bas-naziri-anatoliy-mogilov-ile-korusuvi\/#breadcrumb","itemListElement":[{"@type":"ListItem","position":1,"name":"\u0413\u043e\u043b\u043e\u0432\u043d\u0430","item":"https:\/\/qtmm.org\/qt\/"},{"@type":"ListItem","position":2,"name":"Q\u0131r\u0131mtatar halq\u0131 Meclisini\u00f1 reisi Refat \u00c7ubarovn\u0131\u00f1 Q\u0131r\u0131m Ba\u015f naziri Anatoliy Mogil\u00f6v ile k\u00f6r\u00fc\u015f\u00fcvi"}]},{"@type":"WebSite","@id":"https:\/\/qtmm.org\/qt\/#website","url":"https:\/\/qtmm.org\/qt\/","name":"\u041c\u0435\u0434\u0436\u043b\u0456\u0441","description":"","publisher":{"@id":"https:\/\/qtmm.org\/qt\/#organization"},"potentialAction":[{"@type":"SearchAction","target":{"@type":"EntryPoint","urlTemplate":"https:\/\/qtmm.org\/qt\/?s={search_term_string}"},"query-input":{"@type":"PropertyValueSpecification","valueRequired":true,"valueName":"search_term_string"}}],"inLanguage":"qt"},{"@type":"Organization","@id":"https:\/\/qtmm.org\/qt\/#organization","name":"\u041c\u0435\u0434\u0436\u043b\u0456\u0441","url":"https:\/\/qtmm.org\/qt\/","logo":{"@type":"ImageObject","inLanguage":"qt","@id":"https:\/\/qtmm.org\/qt\/#\/schema\/logo\/image\/","url":"https:\/\/qtmm.org\/wp-content\/uploads\/2024\/12\/ua-mejlis-logo-rgb.svg","contentUrl":"https:\/\/qtmm.org\/wp-content\/uploads\/2024\/12\/ua-mejlis-logo-rgb.svg","caption":"\u041c\u0435\u0434\u0436\u043b\u0456\u0441"},"image":{"@id":"https:\/\/qtmm.org\/qt\/#\/schema\/logo\/image\/"},"sameAs":["https:\/\/www.facebook.com\/qtmm.info\/"]},{"@type":"Person","@id":"https:\/\/qtmm.org\/qt\/#\/schema\/person\/de562469f971dec226ac06e60bbf74a7","name":"Developer","image":{"@type":"ImageObject","inLanguage":"qt","@id":"https:\/\/secure.gravatar.com\/avatar\/392b4cc8fbfeb00b39dfeeab4ee6edded39ffd48e25858637e4765810300227e?s=96&d=mm&r=g","url":"https:\/\/secure.gravatar.com\/avatar\/392b4cc8fbfeb00b39dfeeab4ee6edded39ffd48e25858637e4765810300227e?s=96&d=mm&r=g","contentUrl":"https:\/\/secure.gravatar.com\/avatar\/392b4cc8fbfeb00b39dfeeab4ee6edded39ffd48e25858637e4765810300227e?s=96&d=mm&r=g","caption":"Developer"},"url":"https:\/\/qtmm.org\/qt\/author\/Developer\/"}]}},"_links":{"self":[{"href":"https:\/\/qtmm.org\/qt\/wp-json\/wp\/v2\/posts\/43095","targetHints":{"allow":["GET"]}}],"collection":[{"href":"https:\/\/qtmm.org\/qt\/wp-json\/wp\/v2\/posts"}],"about":[{"href":"https:\/\/qtmm.org\/qt\/wp-json\/wp\/v2\/types\/post"}],"author":[{"embeddable":true,"href":"https:\/\/qtmm.org\/qt\/wp-json\/wp\/v2\/users\/1"}],"replies":[{"embeddable":true,"href":"https:\/\/qtmm.org\/qt\/wp-json\/wp\/v2\/comments?post=43095"}],"version-history":[{"count":1,"href":"https:\/\/qtmm.org\/qt\/wp-json\/wp\/v2\/posts\/43095\/revisions"}],"predecessor-version":[{"id":43096,"href":"https:\/\/qtmm.org\/qt\/wp-json\/wp\/v2\/posts\/43095\/revisions\/43096"}],"wp:attachment":[{"href":"https:\/\/qtmm.org\/qt\/wp-json\/wp\/v2\/media?parent=43095"}],"wp:term":[{"taxonomy":"category","embeddable":true,"href":"https:\/\/qtmm.org\/qt\/wp-json\/wp\/v2\/categories?post=43095"},{"taxonomy":"post_tag","embeddable":true,"href":"https:\/\/qtmm.org\/qt\/wp-json\/wp\/v2\/tags?post=43095"}],"curies":[{"name":"wp","href":"https:\/\/api.w.org\/{rel}","templated":true}]}}