




{"id":43081,"date":"2014-02-10T17:45:00","date_gmt":"2014-02-10T14:45:00","guid":{"rendered":"http:\/\/qtmm.org\/?p=43081"},"modified":"2022-01-27T18:15:30","modified_gmt":"2022-01-27T15:15:30","slug":"aqs-elciliginin-vekilleri-qirimtatar-halqinin-meclisinen-isbirlikni-pekitmek-niyetindeler","status":"publish","type":"post","link":"https:\/\/qtmm.org\/qt\/aqs-elciliginin-vekilleri-qirimtatar-halqinin-meclisinen-isbirlikni-pekitmek-niyetindeler\/","title":{"rendered":"AQ\u015e el\u00e7iligini\u00f1 vekilleri Q\u0131r\u0131mtatar halq\u0131n\u0131\u00f1 Meclisinen i\u015fbirlikni pekitmek niyetindeler"},"content":{"rendered":"\n<p>2014 senesi fevral 10 k\u00fcn\u00fc Q\u0131r\u0131mtatar halq\u0131 Meclisini\u00f1 reisi Refat \u00c7ubarov AQ\u015en\u0131\u00f1 Ukrainadaki El\u00e7iligi \u0130qtisadiy b\u00f6l\u00fcgini\u00f1 hadimleri \u2013 birinci k\u00e2tibi Kristofer Smit ve \u00fc\u00e7\u00fcnci k\u00e2tib Endr\u00fc Barii ile k\u00f6r\u00fc\u015fti.<\/p>\n\n\n\n<p>Meclis ofisinde ke\u00e7irilgen bu k\u00f6r\u00fc\u015f\u00fcvde Meclis reisini\u00f1 muavinleri Aslan \u00d6mer Q\u0131r\u0131ml\u0131 ve Nariman Cel\u00e2l, Meclisni\u00f1 t\u0131\u015f al\u00e2qalar b\u00f6l\u00fcgini\u00f1 ba\u015f\u0131 Ali Hamzin i\u015ftirak etti.<\/p>\n\n\n\n<figure class=\"wp-block-image size-full\"><img loading=\"lazy\" decoding=\"async\" width=\"650\" height=\"488\" src=\"http:\/\/qtmm.org\/wp-content\/uploads\/2022\/01\/photo_1_8.jpeg\" alt=\"\" class=\"wp-image-43082\" srcset=\"https:\/\/qtmm.org\/wp-content\/uploads\/2022\/01\/photo_1_8.jpeg 650w, https:\/\/qtmm.org\/wp-content\/uploads\/2022\/01\/photo_1_8-300x225.jpeg 300w\" sizes=\"auto, (max-width: 650px) 100vw, 650px\" \/><\/figure>\n\n\n\n<p>Meclis reisine h\u0131tap etken AQ\u015en\u0131\u00f1 Ukrainadaki El\u00e7iligi \u0130qtisadiy b\u00f6l\u00fcgini\u00f1 birinci k\u00e2tibi Kristofer Smit El\u00e7ilikni\u00f1 Meclis ile munasebetlerini\u00f1 uzun ve m\u00fcsbet bir tarih\u0131 ol\u011fan\u0131n\u0131 qayd etti.<\/p>\n\n\n\n<p>K\u00f6r\u00fc\u015f\u00fcvni\u00f1 baya\u011f\u0131 q\u0131sm\u0131n\u0131 on\u0131\u00f1 i\u015ftirak\u00e7ileri Q\u0131r\u0131mdaki vaziyetni ve Ukrainada devam etken siyasiy inq\u0131raz esnas\u0131nda q\u0131r\u0131mtatar halq\u0131n\u0131\u00f1 al\u0131n\u0131 talil et\u00fcvge ba\u011f\u0131\u015flad\u0131lar.<\/p>\n\n\n\n<p>Meclis reisi Refat \u00c7ubarovn\u0131\u00f1 s\u00f6zlerine k\u00f6re, 2014 senesi yanvar 16-da demokratiya\u011fa z\u0131t qanunlar qabul etilgenine ve so\u00f1ra l\u00e2\u011fuv olun\u011fan\u0131na baqmadan memlekette insan aqlar\u0131n\u0131 aqs\u0131mlav, cemiyet institutlar\u0131n\u0131\u00f1 s\u0131\u00f1\u0131rlav areketleri ep quvetle\u015fmekte. Bu ise kesinliknen Ukrainan\u0131 t\u0131\u015fq\u0131 d\u00fcnyadan ay\u0131racaq.<\/p>\n\n\n\n<figure class=\"wp-block-image size-full\"><img loading=\"lazy\" decoding=\"async\" width=\"650\" height=\"488\" src=\"http:\/\/qtmm.org\/wp-content\/uploads\/2022\/01\/photo_3_7.jpeg\" alt=\"\" class=\"wp-image-43086\" srcset=\"https:\/\/qtmm.org\/wp-content\/uploads\/2022\/01\/photo_3_7.jpeg 650w, https:\/\/qtmm.org\/wp-content\/uploads\/2022\/01\/photo_3_7-300x225.jpeg 300w\" sizes=\"auto, (max-width: 650px) 100vw, 650px\" \/><\/figure>\n\n\n\n<p>Ayn\u0131 zamanda Refat \u00c7ubarov qayd etti ki, halqara te\u015fkil\u00e2tlarn\u0131\u00f1, bun\u0131\u00f1 kibi de Avropa Birligini\u00f1 azas\u0131 ol\u011fan devletlerni\u00f1 Ukraina\u011fa yard\u0131m etmek o\u011frundaki aktivligi siyasiy i\u00f1q\u0131razdan t\u0131n\u00e7 \u015fekilde \u00e7\u0131qmaq imk\u00e2n\u0131n\u0131 berir. Belli ki, siyasiy i\u00f1q\u0131raz Ukraina yolba\u015f\u00e7\u0131lar\u0131n\u0131\u00f1 Avropa Birligi ile birle\u015fmek aqq\u0131ndaki a\u00f1la\u015fman\u0131\u00f1 imzalanmas\u0131n\u0131 toqtat\u0131p turmaq boyunca qarar\u0131ndan so\u00f1 y\u00fcz bergen edi.<\/p>\n\n\n\n<p>Avropa Birligi ve demokratik devletlerni\u00f1 Ukraina\u011fa siyasiy i\u00f1q\u0131razdan \u00e7\u0131qmas\u0131na yard\u0131m s\u0131ras\u0131nda m\u0131tlaqa Ukrainan\u0131\u00f1 resmiy akimiyeti taraf\u0131ndan diqqatqa al\u0131nma\u011fan mevzu yani 2014 senesi Q\u0131r\u0131mtatar halq\u0131n\u0131\u00f1 meselesi boyunca halqara forum ke\u00e7ir\u00fcv mevzus\u0131 da olmal\u0131d\u0131r.<\/p>\n\n\n\n<p>&#8220;Fursattan faydalanaraq, men Halqara forum ke\u00e7irmek zarurl\u0131\u011f\u0131na birinciler s\u0131ras\u0131nda qoltutqan AQ\u015e akimiyetine te\u015fekk\u00fcr bildirmek isterdim, &#8211; dedi Refat \u00c7ubarov. \u2013 Biz Avrorpa Birligi azalar\u0131 ol\u011fan devletler, bun\u0131\u00f1 kibi de Kanada ve T\u00fcrkiyeni\u00f1 Halqara forum ke\u00e7irilmesine qoltutqanlar\u0131na y\u00fcksek q\u0131ymet kesemiz. Biz ileride de Halqara forumn\u0131 az\u0131rlav keti\u015fat\u0131n\u0131 k\u00f6zet\u00fcvni boynuna al\u011fan OSCE milliy azl\u0131qlarn\u0131\u00f1 i\u015fleri boyunca aliy komissarnen birlikte forumn\u0131 may\u0131s 18-ge qadar ke\u00e7irmek i\u00e7\u00fcn zarur tedbirlerni k\u00f6recekmiz&#8221;.<\/p>\n\n\n\n<p>\u00d6z nevbetinde, AQ\u015en\u0131\u00f1 Ukrainadaki El\u00e7iligi \u0130qtisadiy b\u00f6l\u00fcgini\u00f1 birinci k\u00e2tibi Kristofer Smit qayd etti ki, Amerika El\u00e7iligi Ukrainada Halqara forum ke\u00e7irmekni\u00f1 tarafdar\u0131d\u0131r. Forumda q\u0131r\u0131mtatarlarn\u0131 yerle\u015ftir\u00fcv i\u015finde Ukraina\u011fa yard\u0131m bermek meseleleri de muzakere etilecek.<\/p>\n\n\n\n<figure class=\"wp-block-image size-full\"><img loading=\"lazy\" decoding=\"async\" width=\"650\" height=\"421\" src=\"http:\/\/qtmm.org\/wp-content\/uploads\/2022\/01\/photo_2_5.jpeg\" alt=\"\" class=\"wp-image-43090\" srcset=\"https:\/\/qtmm.org\/wp-content\/uploads\/2022\/01\/photo_2_5.jpeg 650w, https:\/\/qtmm.org\/wp-content\/uploads\/2022\/01\/photo_2_5-300x194.jpeg 300w\" sizes=\"auto, (max-width: 650px) 100vw, 650px\" \/><\/figure>\n\n\n\n<p>K\u00f6r\u00fc\u015f\u00fcv devam\u0131nda Meclis reisini\u00f1 muavini ve ayn\u0131 zamanda t\u0131\u015fq\u0131 iqtisadiy al\u00e2qalar, yat\u0131r\u0131mlar ve milliy iqtisadiyatn\u0131 inki\u015faf ettir\u00fcv idaresini\u00f1 ba\u015f\u0131 Aslan \u00d6mer Q\u0131r\u0131ml\u0131 Meclis devletteki inq\u0131razn\u0131 bar\u0131\u015f\u0131q usullar\u0131nen \u00e7ezmek tarafdar\u0131 ol\u011fan\u0131n\u0131 qayd etti.<\/p>\n\n\n\n<p>Bundan da \u011fayr\u0131, iqtisadiy ve yat\u0131r\u0131m i\u015fbirligi istiqballerini muzakere eterek Aslan Q\u0131r\u0131ml\u0131 Amerikadaki biznes te\u015fkil\u00e2tlarnen iqtisadiy ba\u011flar qurmaq, Ukraina regionlar\u0131nda yat\u0131r\u0131m leyhalar\u0131n\u0131 amelge ke\u00e7ir\u00fcvge qoltutuvda menfaatdarl\u0131\u011f\u0131n\u0131 seslendirdi.<\/p>\n\n\n\n<p>T\u0131\u015fq\u0131 al\u00e2qalar idaresini\u00f1 ba\u015f\u0131 Ali Hamzin Q\u0131r\u0131m akimiyeti taraf\u0131ndan yat\u0131r\u0131m leyhalar\u0131 boyunca al\u011fan qararlar\u0131 Q\u0131r\u0131m cemiyetinde tel\u00e2\u015f do\u011fur\u011fan\u0131n\u0131 qayd eterek, bu leyhalarn\u0131\u00f1 ker\u00e7ekle\u015ftirilmesi milletlerara davalarn\u0131 qoz\u011fayabilecegini tahmin etti. \u00c7\u00fcnki bu i\u015f Q\u0131r\u0131m topraqlar\u0131 ve diger s\u0131\u00f1\u0131rl\u0131 resurslarn\u0131\u00f1 al\u0131nmas\u0131n\u0131 k\u00f6zde tuta. B\u00f6yle leyhalardan biri, Ali Hamzinni\u00f1 fikrince, Q\u0131r\u0131m akimiyeti keni\u015f reklama etken Q\u0131r\u0131m\u011fa Q\u0131tay yat\u0131r\u0131mlar\u0131n\u0131 celp et\u00fcv planlar\u0131d\u0131r.<\/p>\n\n\n\n<p>Bu munasebetnen Meclis reisi Refat \u00c7ubarov zenaatda\u015flar\u0131 yat\u0131r\u0131mlarn\u0131\u00f1 \u015feffafl\u0131\u011f\u0131 ve yat\u0131r\u0131mc\u0131larn\u0131\u00f1 mes\u00fclietligi boyunca seslendirgen tezislerini maqulleyerek, q\u0131r\u0131mtatar halq\u0131 tek q\u0131r\u0131mtatarlarn\u0131\u00f1 yerle\u015fmesi problemlerini\u00f1 \u00e7ezimine, cemiyetni\u00f1 inki\u015faf\u0131na siltem bergen ve do\u011frult\u0131l\u011fan yat\u0131r\u0131m leyhalar\u0131na qoltutacaqlar\u0131n\u0131 qayd etti.<\/p>\n\n\n\n<p>K\u00f6r\u00fc\u015f\u00fcvni\u00f1 so\u00f1unda taraflar Q\u0131r\u0131m inki\u015faf\u0131 ve on\u0131\u00f1 sakinlerini\u00f1 meselelerinen ba\u011fl\u0131 suallerni muzakere etmek i\u00e7\u00fcn k\u00f6r\u00fc\u015f\u00fcv ve konsultatsiyalarn\u0131 devam ettirmege az\u0131r ol\u011fanlar\u0131n\u0131 bildirdiler.<\/p>\n\n\n","protected":false},"excerpt":{"rendered":"<p>2014 senesi fevral 10 k\u00fcn\u00fc Q\u0131r\u0131mtatar halq\u0131 Meclisini\u00f1 reisi Refat \u00c7ubarov AQ\u015en\u0131\u00f1 Ukrainadaki El\u00e7iligi \u0130qtisadiy b\u00f6l\u00fcgini\u00f1 hadimleri \u2013 birinci k\u00e2tibi Kristofer Smit ve \u00fc\u00e7\u00fcnci k\u00e2tib Endr\u00fc Barii ile k\u00f6r\u00fc\u015fti. Meclis ofisinde ke\u00e7irilgen bu k\u00f6r\u00fc\u015f\u00fcvde Meclis reisini\u00f1 muavinleri Aslan \u00d6mer Q\u0131r\u0131ml\u0131 ve Nariman Cel\u00e2l, Meclisni\u00f1 t\u0131\u015f al\u00e2qalar b\u00f6l\u00fcgini\u00f1 ba\u015f\u0131 Ali Hamzin i\u015ftirak etti. Meclis reisine h\u0131tap [&hellip;]<\/p>\n","protected":false},"author":1,"featured_media":0,"comment_status":"open","ping_status":"open","sticky":false,"template":"","format":"standard","meta":{"inline_featured_image":false,"footnotes":""},"categories":[265],"tags":[],"class_list":["post-43081","post","type-post","status-publish","format-standard","hentry","category-haberler"],"acf":[],"yoast_head":"<!-- This site is optimized with the Yoast SEO plugin v27.4 - https:\/\/yoast.com\/product\/yoast-seo-wordpress\/ -->\n<title>AQ\u015e el\u00e7iligini\u00f1 vekilleri Q\u0131r\u0131mtatar halq\u0131n\u0131\u00f1 Meclisinen i\u015fbirlikni pekitmek niyetindeler - \u041c\u0435\u0434\u0436\u043b\u0456\u0441<\/title>\n<meta name=\"robots\" content=\"index, follow, max-snippet:-1, max-image-preview:large, max-video-preview:-1\" \/>\n<link rel=\"canonical\" href=\"https:\/\/qtmm.org\/qt\/aqs-elciliginin-vekilleri-qirimtatar-halqinin-meclisinen-isbirlikni-pekitmek-niyetindeler\/\" \/>\n<meta property=\"og:locale\" content=\"en_US\" \/>\n<meta property=\"og:type\" content=\"article\" \/>\n<meta property=\"og:title\" content=\"AQ\u015e el\u00e7iligini\u00f1 vekilleri Q\u0131r\u0131mtatar halq\u0131n\u0131\u00f1 Meclisinen i\u015fbirlikni pekitmek niyetindeler - \u041c\u0435\u0434\u0436\u043b\u0456\u0441\" \/>\n<meta property=\"og:description\" content=\"2014 senesi fevral 10 k\u00fcn\u00fc Q\u0131r\u0131mtatar halq\u0131 Meclisini\u00f1 reisi Refat \u00c7ubarov AQ\u015en\u0131\u00f1 Ukrainadaki El\u00e7iligi \u0130qtisadiy b\u00f6l\u00fcgini\u00f1 hadimleri \u2013 birinci k\u00e2tibi Kristofer Smit ve \u00fc\u00e7\u00fcnci k\u00e2tib Endr\u00fc Barii ile k\u00f6r\u00fc\u015fti. Meclis ofisinde ke\u00e7irilgen bu k\u00f6r\u00fc\u015f\u00fcvde Meclis reisini\u00f1 muavinleri Aslan \u00d6mer Q\u0131r\u0131ml\u0131 ve Nariman Cel\u00e2l, Meclisni\u00f1 t\u0131\u015f al\u00e2qalar b\u00f6l\u00fcgini\u00f1 ba\u015f\u0131 Ali Hamzin i\u015ftirak etti. Meclis reisine h\u0131tap [&hellip;]\" \/>\n<meta property=\"og:url\" content=\"https:\/\/qtmm.org\/qt\/aqs-elciliginin-vekilleri-qirimtatar-halqinin-meclisinen-isbirlikni-pekitmek-niyetindeler\/\" \/>\n<meta property=\"og:site_name\" content=\"\u041c\u0435\u0434\u0436\u043b\u0456\u0441\" \/>\n<meta property=\"article:publisher\" content=\"https:\/\/www.facebook.com\/qtmm.info\/\" \/>\n<meta property=\"article:published_time\" content=\"2014-02-10T14:45:00+00:00\" \/>\n<meta property=\"article:modified_time\" content=\"2022-01-27T15:15:30+00:00\" \/>\n<meta property=\"og:image\" content=\"https:\/\/qtmm.org\/wp-content\/uploads\/2022\/01\/photo_1_8.jpeg\" \/>\n\t<meta property=\"og:image:width\" content=\"650\" \/>\n\t<meta property=\"og:image:height\" content=\"488\" \/>\n\t<meta property=\"og:image:type\" content=\"image\/jpeg\" \/>\n<meta name=\"author\" content=\"Developer\" \/>\n<meta name=\"twitter:card\" content=\"summary_large_image\" \/>\n<meta name=\"twitter:label1\" content=\"Written by\" \/>\n\t<meta name=\"twitter:data1\" content=\"Developer\" \/>\n\t<meta name=\"twitter:label2\" content=\"Est. reading time\" \/>\n\t<meta name=\"twitter:data2\" content=\"4 minutes\" \/>\n<script type=\"application\/ld+json\" class=\"yoast-schema-graph\">{\"@context\":\"https:\\\/\\\/schema.org\",\"@graph\":[{\"@type\":\"Article\",\"@id\":\"https:\\\/\\\/qtmm.org\\\/qt\\\/aqs-elciliginin-vekilleri-qirimtatar-halqinin-meclisinen-isbirlikni-pekitmek-niyetindeler\\\/#article\",\"isPartOf\":{\"@id\":\"https:\\\/\\\/qtmm.org\\\/qt\\\/aqs-elciliginin-vekilleri-qirimtatar-halqinin-meclisinen-isbirlikni-pekitmek-niyetindeler\\\/\"},\"author\":{\"name\":\"Developer\",\"@id\":\"https:\\\/\\\/qtmm.org\\\/qt\\\/#\\\/schema\\\/person\\\/de562469f971dec226ac06e60bbf74a7\"},\"headline\":\"AQ\u015e el\u00e7iligini\u00f1 vekilleri Q\u0131r\u0131mtatar halq\u0131n\u0131\u00f1 Meclisinen i\u015fbirlikni pekitmek niyetindeler\",\"datePublished\":\"2014-02-10T14:45:00+00:00\",\"dateModified\":\"2022-01-27T15:15:30+00:00\",\"mainEntityOfPage\":{\"@id\":\"https:\\\/\\\/qtmm.org\\\/qt\\\/aqs-elciliginin-vekilleri-qirimtatar-halqinin-meclisinen-isbirlikni-pekitmek-niyetindeler\\\/\"},\"wordCount\":739,\"commentCount\":0,\"publisher\":{\"@id\":\"https:\\\/\\\/qtmm.org\\\/qt\\\/#organization\"},\"image\":{\"@id\":\"https:\\\/\\\/qtmm.org\\\/qt\\\/aqs-elciliginin-vekilleri-qirimtatar-halqinin-meclisinen-isbirlikni-pekitmek-niyetindeler\\\/#primaryimage\"},\"thumbnailUrl\":\"http:\\\/\\\/qtmm.org\\\/wp-content\\\/uploads\\\/2022\\\/01\\\/photo_1_8.jpeg\",\"articleSection\":[\"Haberler\"],\"inLanguage\":\"qt\",\"potentialAction\":[{\"@type\":\"CommentAction\",\"name\":\"Comment\",\"target\":[\"https:\\\/\\\/qtmm.org\\\/qt\\\/aqs-elciliginin-vekilleri-qirimtatar-halqinin-meclisinen-isbirlikni-pekitmek-niyetindeler\\\/#respond\"]}]},{\"@type\":\"WebPage\",\"@id\":\"https:\\\/\\\/qtmm.org\\\/qt\\\/aqs-elciliginin-vekilleri-qirimtatar-halqinin-meclisinen-isbirlikni-pekitmek-niyetindeler\\\/\",\"url\":\"https:\\\/\\\/qtmm.org\\\/qt\\\/aqs-elciliginin-vekilleri-qirimtatar-halqinin-meclisinen-isbirlikni-pekitmek-niyetindeler\\\/\",\"name\":\"AQ\u015e el\u00e7iligini\u00f1 vekilleri Q\u0131r\u0131mtatar halq\u0131n\u0131\u00f1 Meclisinen i\u015fbirlikni pekitmek niyetindeler - \u041c\u0435\u0434\u0436\u043b\u0456\u0441\",\"isPartOf\":{\"@id\":\"https:\\\/\\\/qtmm.org\\\/qt\\\/#website\"},\"primaryImageOfPage\":{\"@id\":\"https:\\\/\\\/qtmm.org\\\/qt\\\/aqs-elciliginin-vekilleri-qirimtatar-halqinin-meclisinen-isbirlikni-pekitmek-niyetindeler\\\/#primaryimage\"},\"image\":{\"@id\":\"https:\\\/\\\/qtmm.org\\\/qt\\\/aqs-elciliginin-vekilleri-qirimtatar-halqinin-meclisinen-isbirlikni-pekitmek-niyetindeler\\\/#primaryimage\"},\"thumbnailUrl\":\"http:\\\/\\\/qtmm.org\\\/wp-content\\\/uploads\\\/2022\\\/01\\\/photo_1_8.jpeg\",\"datePublished\":\"2014-02-10T14:45:00+00:00\",\"dateModified\":\"2022-01-27T15:15:30+00:00\",\"breadcrumb\":{\"@id\":\"https:\\\/\\\/qtmm.org\\\/qt\\\/aqs-elciliginin-vekilleri-qirimtatar-halqinin-meclisinen-isbirlikni-pekitmek-niyetindeler\\\/#breadcrumb\"},\"inLanguage\":\"qt\",\"potentialAction\":[{\"@type\":\"ReadAction\",\"target\":[\"https:\\\/\\\/qtmm.org\\\/qt\\\/aqs-elciliginin-vekilleri-qirimtatar-halqinin-meclisinen-isbirlikni-pekitmek-niyetindeler\\\/\"]}]},{\"@type\":\"ImageObject\",\"inLanguage\":\"qt\",\"@id\":\"https:\\\/\\\/qtmm.org\\\/qt\\\/aqs-elciliginin-vekilleri-qirimtatar-halqinin-meclisinen-isbirlikni-pekitmek-niyetindeler\\\/#primaryimage\",\"url\":\"http:\\\/\\\/qtmm.org\\\/wp-content\\\/uploads\\\/2022\\\/01\\\/photo_1_8.jpeg\",\"contentUrl\":\"http:\\\/\\\/qtmm.org\\\/wp-content\\\/uploads\\\/2022\\\/01\\\/photo_1_8.jpeg\"},{\"@type\":\"BreadcrumbList\",\"@id\":\"https:\\\/\\\/qtmm.org\\\/qt\\\/aqs-elciliginin-vekilleri-qirimtatar-halqinin-meclisinen-isbirlikni-pekitmek-niyetindeler\\\/#breadcrumb\",\"itemListElement\":[{\"@type\":\"ListItem\",\"position\":1,\"name\":\"\u0413\u043e\u043b\u043e\u0432\u043d\u0430\",\"item\":\"https:\\\/\\\/qtmm.org\\\/qt\\\/\"},{\"@type\":\"ListItem\",\"position\":2,\"name\":\"AQ\u015e el\u00e7iligini\u00f1 vekilleri Q\u0131r\u0131mtatar halq\u0131n\u0131\u00f1 Meclisinen i\u015fbirlikni pekitmek niyetindeler\"}]},{\"@type\":\"WebSite\",\"@id\":\"https:\\\/\\\/qtmm.org\\\/qt\\\/#website\",\"url\":\"https:\\\/\\\/qtmm.org\\\/qt\\\/\",\"name\":\"\u041c\u0435\u0434\u0436\u043b\u0456\u0441\",\"description\":\"\",\"publisher\":{\"@id\":\"https:\\\/\\\/qtmm.org\\\/qt\\\/#organization\"},\"potentialAction\":[{\"@type\":\"SearchAction\",\"target\":{\"@type\":\"EntryPoint\",\"urlTemplate\":\"https:\\\/\\\/qtmm.org\\\/qt\\\/?s={search_term_string}\"},\"query-input\":{\"@type\":\"PropertyValueSpecification\",\"valueRequired\":true,\"valueName\":\"search_term_string\"}}],\"inLanguage\":\"qt\"},{\"@type\":\"Organization\",\"@id\":\"https:\\\/\\\/qtmm.org\\\/qt\\\/#organization\",\"name\":\"\u041c\u0435\u0434\u0436\u043b\u0456\u0441\",\"url\":\"https:\\\/\\\/qtmm.org\\\/qt\\\/\",\"logo\":{\"@type\":\"ImageObject\",\"inLanguage\":\"qt\",\"@id\":\"https:\\\/\\\/qtmm.org\\\/qt\\\/#\\\/schema\\\/logo\\\/image\\\/\",\"url\":\"https:\\\/\\\/qtmm.org\\\/wp-content\\\/uploads\\\/2024\\\/12\\\/ua-mejlis-logo-rgb.svg\",\"contentUrl\":\"https:\\\/\\\/qtmm.org\\\/wp-content\\\/uploads\\\/2024\\\/12\\\/ua-mejlis-logo-rgb.svg\",\"caption\":\"\u041c\u0435\u0434\u0436\u043b\u0456\u0441\"},\"image\":{\"@id\":\"https:\\\/\\\/qtmm.org\\\/qt\\\/#\\\/schema\\\/logo\\\/image\\\/\"},\"sameAs\":[\"https:\\\/\\\/www.facebook.com\\\/qtmm.info\\\/\"]},{\"@type\":\"Person\",\"@id\":\"https:\\\/\\\/qtmm.org\\\/qt\\\/#\\\/schema\\\/person\\\/de562469f971dec226ac06e60bbf74a7\",\"name\":\"Developer\",\"image\":{\"@type\":\"ImageObject\",\"inLanguage\":\"qt\",\"@id\":\"https:\\\/\\\/secure.gravatar.com\\\/avatar\\\/392b4cc8fbfeb00b39dfeeab4ee6edded39ffd48e25858637e4765810300227e?s=96&d=mm&r=g\",\"url\":\"https:\\\/\\\/secure.gravatar.com\\\/avatar\\\/392b4cc8fbfeb00b39dfeeab4ee6edded39ffd48e25858637e4765810300227e?s=96&d=mm&r=g\",\"contentUrl\":\"https:\\\/\\\/secure.gravatar.com\\\/avatar\\\/392b4cc8fbfeb00b39dfeeab4ee6edded39ffd48e25858637e4765810300227e?s=96&d=mm&r=g\",\"caption\":\"Developer\"},\"url\":\"https:\\\/\\\/qtmm.org\\\/qt\\\/author\\\/Developer\\\/\"}]}<\/script>\n<!-- \/ Yoast SEO plugin. -->","yoast_head_json":{"title":"AQ\u015e el\u00e7iligini\u00f1 vekilleri Q\u0131r\u0131mtatar halq\u0131n\u0131\u00f1 Meclisinen i\u015fbirlikni pekitmek niyetindeler - \u041c\u0435\u0434\u0436\u043b\u0456\u0441","robots":{"index":"index","follow":"follow","max-snippet":"max-snippet:-1","max-image-preview":"max-image-preview:large","max-video-preview":"max-video-preview:-1"},"canonical":"https:\/\/qtmm.org\/qt\/aqs-elciliginin-vekilleri-qirimtatar-halqinin-meclisinen-isbirlikni-pekitmek-niyetindeler\/","og_locale":"en_US","og_type":"article","og_title":"AQ\u015e el\u00e7iligini\u00f1 vekilleri Q\u0131r\u0131mtatar halq\u0131n\u0131\u00f1 Meclisinen i\u015fbirlikni pekitmek niyetindeler - \u041c\u0435\u0434\u0436\u043b\u0456\u0441","og_description":"2014 senesi fevral 10 k\u00fcn\u00fc Q\u0131r\u0131mtatar halq\u0131 Meclisini\u00f1 reisi Refat \u00c7ubarov AQ\u015en\u0131\u00f1 Ukrainadaki El\u00e7iligi \u0130qtisadiy b\u00f6l\u00fcgini\u00f1 hadimleri \u2013 birinci k\u00e2tibi Kristofer Smit ve \u00fc\u00e7\u00fcnci k\u00e2tib Endr\u00fc Barii ile k\u00f6r\u00fc\u015fti. Meclis ofisinde ke\u00e7irilgen bu k\u00f6r\u00fc\u015f\u00fcvde Meclis reisini\u00f1 muavinleri Aslan \u00d6mer Q\u0131r\u0131ml\u0131 ve Nariman Cel\u00e2l, Meclisni\u00f1 t\u0131\u015f al\u00e2qalar b\u00f6l\u00fcgini\u00f1 ba\u015f\u0131 Ali Hamzin i\u015ftirak etti. Meclis reisine h\u0131tap [&hellip;]","og_url":"https:\/\/qtmm.org\/qt\/aqs-elciliginin-vekilleri-qirimtatar-halqinin-meclisinen-isbirlikni-pekitmek-niyetindeler\/","og_site_name":"\u041c\u0435\u0434\u0436\u043b\u0456\u0441","article_publisher":"https:\/\/www.facebook.com\/qtmm.info\/","article_published_time":"2014-02-10T14:45:00+00:00","article_modified_time":"2022-01-27T15:15:30+00:00","og_image":[{"width":650,"height":488,"url":"https:\/\/qtmm.org\/wp-content\/uploads\/2022\/01\/photo_1_8.jpeg","type":"image\/jpeg"}],"author":"Developer","twitter_card":"summary_large_image","twitter_misc":{"Written by":"Developer","Est. reading time":"4 minutes"},"schema":{"@context":"https:\/\/schema.org","@graph":[{"@type":"Article","@id":"https:\/\/qtmm.org\/qt\/aqs-elciliginin-vekilleri-qirimtatar-halqinin-meclisinen-isbirlikni-pekitmek-niyetindeler\/#article","isPartOf":{"@id":"https:\/\/qtmm.org\/qt\/aqs-elciliginin-vekilleri-qirimtatar-halqinin-meclisinen-isbirlikni-pekitmek-niyetindeler\/"},"author":{"name":"Developer","@id":"https:\/\/qtmm.org\/qt\/#\/schema\/person\/de562469f971dec226ac06e60bbf74a7"},"headline":"AQ\u015e el\u00e7iligini\u00f1 vekilleri Q\u0131r\u0131mtatar halq\u0131n\u0131\u00f1 Meclisinen i\u015fbirlikni pekitmek niyetindeler","datePublished":"2014-02-10T14:45:00+00:00","dateModified":"2022-01-27T15:15:30+00:00","mainEntityOfPage":{"@id":"https:\/\/qtmm.org\/qt\/aqs-elciliginin-vekilleri-qirimtatar-halqinin-meclisinen-isbirlikni-pekitmek-niyetindeler\/"},"wordCount":739,"commentCount":0,"publisher":{"@id":"https:\/\/qtmm.org\/qt\/#organization"},"image":{"@id":"https:\/\/qtmm.org\/qt\/aqs-elciliginin-vekilleri-qirimtatar-halqinin-meclisinen-isbirlikni-pekitmek-niyetindeler\/#primaryimage"},"thumbnailUrl":"http:\/\/qtmm.org\/wp-content\/uploads\/2022\/01\/photo_1_8.jpeg","articleSection":["Haberler"],"inLanguage":"qt","potentialAction":[{"@type":"CommentAction","name":"Comment","target":["https:\/\/qtmm.org\/qt\/aqs-elciliginin-vekilleri-qirimtatar-halqinin-meclisinen-isbirlikni-pekitmek-niyetindeler\/#respond"]}]},{"@type":"WebPage","@id":"https:\/\/qtmm.org\/qt\/aqs-elciliginin-vekilleri-qirimtatar-halqinin-meclisinen-isbirlikni-pekitmek-niyetindeler\/","url":"https:\/\/qtmm.org\/qt\/aqs-elciliginin-vekilleri-qirimtatar-halqinin-meclisinen-isbirlikni-pekitmek-niyetindeler\/","name":"AQ\u015e el\u00e7iligini\u00f1 vekilleri Q\u0131r\u0131mtatar halq\u0131n\u0131\u00f1 Meclisinen i\u015fbirlikni pekitmek niyetindeler - \u041c\u0435\u0434\u0436\u043b\u0456\u0441","isPartOf":{"@id":"https:\/\/qtmm.org\/qt\/#website"},"primaryImageOfPage":{"@id":"https:\/\/qtmm.org\/qt\/aqs-elciliginin-vekilleri-qirimtatar-halqinin-meclisinen-isbirlikni-pekitmek-niyetindeler\/#primaryimage"},"image":{"@id":"https:\/\/qtmm.org\/qt\/aqs-elciliginin-vekilleri-qirimtatar-halqinin-meclisinen-isbirlikni-pekitmek-niyetindeler\/#primaryimage"},"thumbnailUrl":"http:\/\/qtmm.org\/wp-content\/uploads\/2022\/01\/photo_1_8.jpeg","datePublished":"2014-02-10T14:45:00+00:00","dateModified":"2022-01-27T15:15:30+00:00","breadcrumb":{"@id":"https:\/\/qtmm.org\/qt\/aqs-elciliginin-vekilleri-qirimtatar-halqinin-meclisinen-isbirlikni-pekitmek-niyetindeler\/#breadcrumb"},"inLanguage":"qt","potentialAction":[{"@type":"ReadAction","target":["https:\/\/qtmm.org\/qt\/aqs-elciliginin-vekilleri-qirimtatar-halqinin-meclisinen-isbirlikni-pekitmek-niyetindeler\/"]}]},{"@type":"ImageObject","inLanguage":"qt","@id":"https:\/\/qtmm.org\/qt\/aqs-elciliginin-vekilleri-qirimtatar-halqinin-meclisinen-isbirlikni-pekitmek-niyetindeler\/#primaryimage","url":"http:\/\/qtmm.org\/wp-content\/uploads\/2022\/01\/photo_1_8.jpeg","contentUrl":"http:\/\/qtmm.org\/wp-content\/uploads\/2022\/01\/photo_1_8.jpeg"},{"@type":"BreadcrumbList","@id":"https:\/\/qtmm.org\/qt\/aqs-elciliginin-vekilleri-qirimtatar-halqinin-meclisinen-isbirlikni-pekitmek-niyetindeler\/#breadcrumb","itemListElement":[{"@type":"ListItem","position":1,"name":"\u0413\u043e\u043b\u043e\u0432\u043d\u0430","item":"https:\/\/qtmm.org\/qt\/"},{"@type":"ListItem","position":2,"name":"AQ\u015e el\u00e7iligini\u00f1 vekilleri Q\u0131r\u0131mtatar halq\u0131n\u0131\u00f1 Meclisinen i\u015fbirlikni pekitmek niyetindeler"}]},{"@type":"WebSite","@id":"https:\/\/qtmm.org\/qt\/#website","url":"https:\/\/qtmm.org\/qt\/","name":"\u041c\u0435\u0434\u0436\u043b\u0456\u0441","description":"","publisher":{"@id":"https:\/\/qtmm.org\/qt\/#organization"},"potentialAction":[{"@type":"SearchAction","target":{"@type":"EntryPoint","urlTemplate":"https:\/\/qtmm.org\/qt\/?s={search_term_string}"},"query-input":{"@type":"PropertyValueSpecification","valueRequired":true,"valueName":"search_term_string"}}],"inLanguage":"qt"},{"@type":"Organization","@id":"https:\/\/qtmm.org\/qt\/#organization","name":"\u041c\u0435\u0434\u0436\u043b\u0456\u0441","url":"https:\/\/qtmm.org\/qt\/","logo":{"@type":"ImageObject","inLanguage":"qt","@id":"https:\/\/qtmm.org\/qt\/#\/schema\/logo\/image\/","url":"https:\/\/qtmm.org\/wp-content\/uploads\/2024\/12\/ua-mejlis-logo-rgb.svg","contentUrl":"https:\/\/qtmm.org\/wp-content\/uploads\/2024\/12\/ua-mejlis-logo-rgb.svg","caption":"\u041c\u0435\u0434\u0436\u043b\u0456\u0441"},"image":{"@id":"https:\/\/qtmm.org\/qt\/#\/schema\/logo\/image\/"},"sameAs":["https:\/\/www.facebook.com\/qtmm.info\/"]},{"@type":"Person","@id":"https:\/\/qtmm.org\/qt\/#\/schema\/person\/de562469f971dec226ac06e60bbf74a7","name":"Developer","image":{"@type":"ImageObject","inLanguage":"qt","@id":"https:\/\/secure.gravatar.com\/avatar\/392b4cc8fbfeb00b39dfeeab4ee6edded39ffd48e25858637e4765810300227e?s=96&d=mm&r=g","url":"https:\/\/secure.gravatar.com\/avatar\/392b4cc8fbfeb00b39dfeeab4ee6edded39ffd48e25858637e4765810300227e?s=96&d=mm&r=g","contentUrl":"https:\/\/secure.gravatar.com\/avatar\/392b4cc8fbfeb00b39dfeeab4ee6edded39ffd48e25858637e4765810300227e?s=96&d=mm&r=g","caption":"Developer"},"url":"https:\/\/qtmm.org\/qt\/author\/Developer\/"}]}},"_links":{"self":[{"href":"https:\/\/qtmm.org\/qt\/wp-json\/wp\/v2\/posts\/43081","targetHints":{"allow":["GET"]}}],"collection":[{"href":"https:\/\/qtmm.org\/qt\/wp-json\/wp\/v2\/posts"}],"about":[{"href":"https:\/\/qtmm.org\/qt\/wp-json\/wp\/v2\/types\/post"}],"author":[{"embeddable":true,"href":"https:\/\/qtmm.org\/qt\/wp-json\/wp\/v2\/users\/1"}],"replies":[{"embeddable":true,"href":"https:\/\/qtmm.org\/qt\/wp-json\/wp\/v2\/comments?post=43081"}],"version-history":[{"count":1,"href":"https:\/\/qtmm.org\/qt\/wp-json\/wp\/v2\/posts\/43081\/revisions"}],"predecessor-version":[{"id":43094,"href":"https:\/\/qtmm.org\/qt\/wp-json\/wp\/v2\/posts\/43081\/revisions\/43094"}],"wp:attachment":[{"href":"https:\/\/qtmm.org\/qt\/wp-json\/wp\/v2\/media?parent=43081"}],"wp:term":[{"taxonomy":"category","embeddable":true,"href":"https:\/\/qtmm.org\/qt\/wp-json\/wp\/v2\/categories?post=43081"},{"taxonomy":"post_tag","embeddable":true,"href":"https:\/\/qtmm.org\/qt\/wp-json\/wp\/v2\/tags?post=43081"}],"curies":[{"name":"wp","href":"https:\/\/api.w.org\/{rel}","templated":true}]}}