




{"id":43055,"date":"2014-02-10T17:43:00","date_gmt":"2014-02-10T14:43:00","guid":{"rendered":"http:\/\/qtmm.org\/?p=43055"},"modified":"2022-01-27T17:45:45","modified_gmt":"2022-01-27T14:45:45","slug":"meclis-yolbascilarinin-regional-meclis-reislerinen-korusuvi","status":"publish","type":"post","link":"https:\/\/qtmm.org\/qt\/meclis-yolbascilarinin-regional-meclis-reislerinen-korusuvi\/","title":{"rendered":"Meclis yolba\u015f\u00e7\u0131lar\u0131n\u0131\u00f1 regional meclis reislerinen k\u00f6r\u00fc\u015f\u00fcvi"},"content":{"rendered":"\n<p>2014 senesi fevral 10 k\u00fcn\u00fc Aqmescitte Q\u0131r\u0131mtatar halq\u0131 Meclisini\u00f1 regional meclis reislerinen birlikte topla\u015fuv\u0131 ol\u0131p ke\u00e7ti.<\/p>\n\n\n\n<p>Onda Meclis reisi Refat \u00c7ubarov ve on\u0131\u00f1 muavinleri Zaur Smirnov, Ahtem \u00c7iygoz, Nariman Cel\u00e2l i\u015ftirak ettiler.<\/p>\n\n\n\n<p>K\u00fcn tertibine d\u00f6rt mesele kirsetildi:<\/p>\n\n\n\n<p>1. Noman \u00c7elebicihan vefat\u0131n\u0131\u00f1 y\u0131ld\u00f6n\u00fcmi munasebetinen miting ke\u00e7ir\u00fcv aqq\u0131nda;<\/p>\n\n\n\n<p>2. Saq regional meclisini\u00f1 &#8220;Q\u0131r\u0131mda ve Saq region\u0131nda meydan\u011fa kelgen vaziyet aqq\u0131nda&#8221; al\u011fan qarar\u0131n\u0131\u00f1 muzakeresi;<\/p>\n\n\n\n<p>3. Meclisni\u00f1 regional meclislernen i\u015fbirligi;<\/p>\n\n\n\n<p>4. Umumiy meseleler.<\/p>\n\n\n\n<figure class=\"wp-block-image size-full\"><img loading=\"lazy\" decoding=\"async\" width=\"650\" height=\"373\" src=\"http:\/\/qtmm.org\/wp-content\/uploads\/2022\/01\/img_5033.jpeg\" alt=\"\" class=\"wp-image-43060\" srcset=\"https:\/\/qtmm.org\/wp-content\/uploads\/2022\/01\/img_5033.jpeg 650w, https:\/\/qtmm.org\/wp-content\/uploads\/2022\/01\/img_5033-300x172.jpeg 300w\" sizes=\"auto, (max-width: 650px) 100vw, 650px\" \/><\/figure>\n\n\n\n<p>Milliy Meclis reisi Refat \u00c7ubarov qayd etti ki, regional meclisler Qurultay delegatlar\u0131, ya\u015flar te\u015fkil\u00e2tlar\u0131 ve diniy cemiyetlerni\u00f1 i\u015fini te\u015fkil\u00e2tland\u0131rmas\u0131 kerek. Meclis reisini\u00f1 \u00e7\u0131q\u0131\u015f\u0131ndan so\u00f1 regional meclislerni\u00f1 reisleri fevral 23 k\u00fcn\u00fc Noman \u00c7elebicihan vefat\u0131n\u0131\u00f1 96 y\u0131ll\u0131\u011f\u0131 munasebetinen Aqmescit ve Aqyarda ke\u00e7irilecek mitinglerni te\u015fkil\u00e2tland\u0131ruvda yard\u0131m bermege az\u0131rl\u0131qlar\u0131n\u0131 bildirdiler.<\/p>\n\n\n\n<p>K\u00fcn tertibini\u00f1 ekinci meselesi Saq regional meclisini\u00f1 Q\u0131r\u0131mda ay\u0131r\u0131mc\u0131l\u0131q areketlerini qaralap, Ukraina Tel\u00fckesizlik h\u0131zmeti, Ba\u015f prokuraturas\u0131, \u0130\u00e7ki i\u015fler nazirliginden Q\u0131r\u0131mda ay\u0131r\u0131mc\u0131l\u0131q areketlerini yapqan \u015fah\u0131slarn\u0131\u00f1 cevapk\u00e2rl\u0131qqa \u00e7ekilmesini talap etken muracaat\u0131 muzakere olund\u0131.<\/p>\n\n\n\n<figure class=\"wp-block-image size-full\"><img loading=\"lazy\" decoding=\"async\" width=\"650\" height=\"327\" src=\"http:\/\/qtmm.org\/wp-content\/uploads\/2022\/01\/img_5032.jpeg\" alt=\"\" class=\"wp-image-43064\" srcset=\"https:\/\/qtmm.org\/wp-content\/uploads\/2022\/01\/img_5032.jpeg 650w, https:\/\/qtmm.org\/wp-content\/uploads\/2022\/01\/img_5032-300x151.jpeg 300w\" sizes=\"auto, (max-width: 650px) 100vw, 650px\" \/><\/figure>\n\n\n\n<p>Saq regional meclisni\u00f1 te\u015febb\u00fcsine qoltutqan regional meclislerni\u00f1 reisleri yerlerde de ayn\u0131 b\u00f6yle muracaatlar qabul etmek qarar\u0131n\u0131 al\u0131p, b\u00f6yle bek\u00e7iler qurumlar\u0131n\u0131 tizmek Ukraina qanunlar\u0131na z\u0131t kelgeni ve kerginlikni qoz\u011fa\u011fan\u0131n\u0131 qayd ettiler.<\/p>\n\n\n\n<figure class=\"wp-block-image size-full\"><img loading=\"lazy\" decoding=\"async\" width=\"650\" height=\"325\" src=\"http:\/\/qtmm.org\/wp-content\/uploads\/2022\/01\/img_5022.jpeg\" alt=\"\" class=\"wp-image-43068\" srcset=\"https:\/\/qtmm.org\/wp-content\/uploads\/2022\/01\/img_5022.jpeg 650w, https:\/\/qtmm.org\/wp-content\/uploads\/2022\/01\/img_5022-300x150.jpeg 300w\" sizes=\"auto, (max-width: 650px) 100vw, 650px\" \/><\/figure>\n\n\n\n<p>\u00d6z nevbetinde Meclis reisi qayd etti ki, b\u00f6yle qararlarn\u0131\u00f1 \u00f6z vaqt\u0131nda al\u0131nmas\u0131 Ukrainadaki kergin vaziyet \u015faraitinde Q\u0131r\u0131m kibi m\u00fcrekkep bir yerde bar\u0131\u015f\u0131qn\u0131\u00f1 saqlan\u0131p qalmas\u0131n\u0131 teminler.<\/p>\n\n\n\n<figure class=\"wp-block-image size-full\"><img loading=\"lazy\" decoding=\"async\" width=\"650\" height=\"400\" src=\"http:\/\/qtmm.org\/wp-content\/uploads\/2022\/01\/img_5025.jpeg\" alt=\"\" class=\"wp-image-43072\" srcset=\"https:\/\/qtmm.org\/wp-content\/uploads\/2022\/01\/img_5025.jpeg 650w, https:\/\/qtmm.org\/wp-content\/uploads\/2022\/01\/img_5025-300x185.jpeg 300w\" sizes=\"auto, (max-width: 650px) 100vw, 650px\" \/><\/figure>\n\n\n\n<p>Zaur Smirnov, regional meclislerni\u00f1 esabatlar\u0131 ve planlar\u0131 aqq\u0131nda ik\u00e2ye eterken \u015fun\u0131 qayd etti ki, baz\u0131 meclislernen al\u00e2 daa ba\u011f qurulmad\u0131. &#8220;Em bu resmiyet\u00e7ilik degil, \u00e7\u00fcnki biz bu meseleni diqqat ile k\u00f6zetemiz&#8221;.<\/p>\n\n\n\n<p>&#8220;\u015eun\u0131 da qayd etmek isteyim ki, bu formalar bizden ziyade regional meclislerge kerek, \u00e7\u00fcnki olar semereli \u00e7al\u0131\u015fmaq imk\u00e2n\u0131n\u0131 yarat\u0131rlar&#8221;, &#8211; dedi Meclis reisini\u00f1 muavini.<\/p>\n\n\n\n<figure class=\"wp-block-image size-full\"><img loading=\"lazy\" decoding=\"async\" width=\"650\" height=\"347\" src=\"http:\/\/qtmm.org\/wp-content\/uploads\/2022\/01\/img_5034.jpeg\" alt=\"\" class=\"wp-image-43076\" srcset=\"https:\/\/qtmm.org\/wp-content\/uploads\/2022\/01\/img_5034.jpeg 650w, https:\/\/qtmm.org\/wp-content\/uploads\/2022\/01\/img_5034-300x160.jpeg 300w\" sizes=\"auto, (max-width: 650px) 100vw, 650px\" \/><\/figure>\n","protected":false},"excerpt":{"rendered":"<p>2014 senesi fevral 10 k\u00fcn\u00fc Aqmescitte Q\u0131r\u0131mtatar halq\u0131 Meclisini\u00f1 regional meclis reislerinen birlikte topla\u015fuv\u0131 ol\u0131p ke\u00e7ti. Onda Meclis reisi Refat \u00c7ubarov ve on\u0131\u00f1 muavinleri Zaur Smirnov, Ahtem \u00c7iygoz, Nariman Cel\u00e2l i\u015ftirak ettiler. K\u00fcn tertibine d\u00f6rt mesele kirsetildi: 1. Noman \u00c7elebicihan vefat\u0131n\u0131\u00f1 y\u0131ld\u00f6n\u00fcmi munasebetinen miting ke\u00e7ir\u00fcv aqq\u0131nda; 2. Saq regional meclisini\u00f1 &#8220;Q\u0131r\u0131mda ve Saq region\u0131nda meydan\u011fa [&hellip;]<\/p>\n","protected":false},"author":1,"featured_media":43056,"comment_status":"open","ping_status":"open","sticky":false,"template":"","format":"standard","meta":{"inline_featured_image":false,"footnotes":""},"categories":[265],"tags":[],"class_list":["post-43055","post","type-post","status-publish","format-standard","has-post-thumbnail","hentry","category-haberler"],"acf":[],"yoast_head":"<!-- This site is optimized with the Yoast SEO plugin v27.4 - https:\/\/yoast.com\/product\/yoast-seo-wordpress\/ -->\n<title>Meclis yolba\u015f\u00e7\u0131lar\u0131n\u0131\u00f1 regional meclis reislerinen k\u00f6r\u00fc\u015f\u00fcvi - \u041c\u0435\u0434\u0436\u043b\u0456\u0441<\/title>\n<meta name=\"robots\" content=\"index, follow, max-snippet:-1, max-image-preview:large, max-video-preview:-1\" \/>\n<link rel=\"canonical\" href=\"https:\/\/qtmm.org\/qt\/meclis-yolbascilarinin-regional-meclis-reislerinen-korusuvi\/\" \/>\n<meta property=\"og:locale\" content=\"en_US\" \/>\n<meta property=\"og:type\" content=\"article\" \/>\n<meta property=\"og:title\" content=\"Meclis yolba\u015f\u00e7\u0131lar\u0131n\u0131\u00f1 regional meclis reislerinen k\u00f6r\u00fc\u015f\u00fcvi - \u041c\u0435\u0434\u0436\u043b\u0456\u0441\" \/>\n<meta property=\"og:description\" content=\"2014 senesi fevral 10 k\u00fcn\u00fc Aqmescitte Q\u0131r\u0131mtatar halq\u0131 Meclisini\u00f1 regional meclis reislerinen birlikte topla\u015fuv\u0131 ol\u0131p ke\u00e7ti. Onda Meclis reisi Refat \u00c7ubarov ve on\u0131\u00f1 muavinleri Zaur Smirnov, Ahtem \u00c7iygoz, Nariman Cel\u00e2l i\u015ftirak ettiler. K\u00fcn tertibine d\u00f6rt mesele kirsetildi: 1. Noman \u00c7elebicihan vefat\u0131n\u0131\u00f1 y\u0131ld\u00f6n\u00fcmi munasebetinen miting ke\u00e7ir\u00fcv aqq\u0131nda; 2. Saq regional meclisini\u00f1 &#8220;Q\u0131r\u0131mda ve Saq region\u0131nda meydan\u011fa [&hellip;]\" \/>\n<meta property=\"og:url\" content=\"https:\/\/qtmm.org\/qt\/meclis-yolbascilarinin-regional-meclis-reislerinen-korusuvi\/\" \/>\n<meta property=\"og:site_name\" content=\"\u041c\u0435\u0434\u0436\u043b\u0456\u0441\" \/>\n<meta property=\"article:publisher\" content=\"https:\/\/www.facebook.com\/qtmm.info\/\" \/>\n<meta property=\"article:published_time\" content=\"2014-02-10T14:43:00+00:00\" \/>\n<meta property=\"article:modified_time\" content=\"2022-01-27T14:45:45+00:00\" \/>\n<meta property=\"og:image\" content=\"https:\/\/qtmm.org\/wp-content\/uploads\/2022\/01\/img_5020.jpeg\" \/>\n\t<meta property=\"og:image:width\" content=\"650\" \/>\n\t<meta property=\"og:image:height\" content=\"335\" \/>\n\t<meta property=\"og:image:type\" content=\"image\/jpeg\" \/>\n<meta name=\"author\" content=\"Developer\" \/>\n<meta name=\"twitter:card\" content=\"summary_large_image\" \/>\n<meta name=\"twitter:label1\" content=\"Written by\" \/>\n\t<meta name=\"twitter:data1\" content=\"Developer\" \/>\n\t<meta name=\"twitter:label2\" content=\"Est. reading time\" \/>\n\t<meta name=\"twitter:data2\" content=\"2 minutes\" \/>\n<script type=\"application\/ld+json\" class=\"yoast-schema-graph\">{\"@context\":\"https:\\\/\\\/schema.org\",\"@graph\":[{\"@type\":\"Article\",\"@id\":\"https:\\\/\\\/qtmm.org\\\/qt\\\/meclis-yolbascilarinin-regional-meclis-reislerinen-korusuvi\\\/#article\",\"isPartOf\":{\"@id\":\"https:\\\/\\\/qtmm.org\\\/qt\\\/meclis-yolbascilarinin-regional-meclis-reislerinen-korusuvi\\\/\"},\"author\":{\"name\":\"Developer\",\"@id\":\"https:\\\/\\\/qtmm.org\\\/qt\\\/#\\\/schema\\\/person\\\/de562469f971dec226ac06e60bbf74a7\"},\"headline\":\"Meclis yolba\u015f\u00e7\u0131lar\u0131n\u0131\u00f1 regional meclis reislerinen k\u00f6r\u00fc\u015f\u00fcvi\",\"datePublished\":\"2014-02-10T14:43:00+00:00\",\"dateModified\":\"2022-01-27T14:45:45+00:00\",\"mainEntityOfPage\":{\"@id\":\"https:\\\/\\\/qtmm.org\\\/qt\\\/meclis-yolbascilarinin-regional-meclis-reislerinen-korusuvi\\\/\"},\"wordCount\":351,\"commentCount\":0,\"publisher\":{\"@id\":\"https:\\\/\\\/qtmm.org\\\/qt\\\/#organization\"},\"image\":{\"@id\":\"https:\\\/\\\/qtmm.org\\\/qt\\\/meclis-yolbascilarinin-regional-meclis-reislerinen-korusuvi\\\/#primaryimage\"},\"thumbnailUrl\":\"https:\\\/\\\/qtmm.org\\\/wp-content\\\/uploads\\\/2022\\\/01\\\/img_5020.jpeg\",\"articleSection\":[\"Haberler\"],\"inLanguage\":\"qt\",\"potentialAction\":[{\"@type\":\"CommentAction\",\"name\":\"Comment\",\"target\":[\"https:\\\/\\\/qtmm.org\\\/qt\\\/meclis-yolbascilarinin-regional-meclis-reislerinen-korusuvi\\\/#respond\"]}]},{\"@type\":\"WebPage\",\"@id\":\"https:\\\/\\\/qtmm.org\\\/qt\\\/meclis-yolbascilarinin-regional-meclis-reislerinen-korusuvi\\\/\",\"url\":\"https:\\\/\\\/qtmm.org\\\/qt\\\/meclis-yolbascilarinin-regional-meclis-reislerinen-korusuvi\\\/\",\"name\":\"Meclis yolba\u015f\u00e7\u0131lar\u0131n\u0131\u00f1 regional meclis reislerinen k\u00f6r\u00fc\u015f\u00fcvi - \u041c\u0435\u0434\u0436\u043b\u0456\u0441\",\"isPartOf\":{\"@id\":\"https:\\\/\\\/qtmm.org\\\/qt\\\/#website\"},\"primaryImageOfPage\":{\"@id\":\"https:\\\/\\\/qtmm.org\\\/qt\\\/meclis-yolbascilarinin-regional-meclis-reislerinen-korusuvi\\\/#primaryimage\"},\"image\":{\"@id\":\"https:\\\/\\\/qtmm.org\\\/qt\\\/meclis-yolbascilarinin-regional-meclis-reislerinen-korusuvi\\\/#primaryimage\"},\"thumbnailUrl\":\"https:\\\/\\\/qtmm.org\\\/wp-content\\\/uploads\\\/2022\\\/01\\\/img_5020.jpeg\",\"datePublished\":\"2014-02-10T14:43:00+00:00\",\"dateModified\":\"2022-01-27T14:45:45+00:00\",\"breadcrumb\":{\"@id\":\"https:\\\/\\\/qtmm.org\\\/qt\\\/meclis-yolbascilarinin-regional-meclis-reislerinen-korusuvi\\\/#breadcrumb\"},\"inLanguage\":\"qt\",\"potentialAction\":[{\"@type\":\"ReadAction\",\"target\":[\"https:\\\/\\\/qtmm.org\\\/qt\\\/meclis-yolbascilarinin-regional-meclis-reislerinen-korusuvi\\\/\"]}]},{\"@type\":\"ImageObject\",\"inLanguage\":\"qt\",\"@id\":\"https:\\\/\\\/qtmm.org\\\/qt\\\/meclis-yolbascilarinin-regional-meclis-reislerinen-korusuvi\\\/#primaryimage\",\"url\":\"https:\\\/\\\/qtmm.org\\\/wp-content\\\/uploads\\\/2022\\\/01\\\/img_5020.jpeg\",\"contentUrl\":\"https:\\\/\\\/qtmm.org\\\/wp-content\\\/uploads\\\/2022\\\/01\\\/img_5020.jpeg\",\"width\":650,\"height\":335},{\"@type\":\"BreadcrumbList\",\"@id\":\"https:\\\/\\\/qtmm.org\\\/qt\\\/meclis-yolbascilarinin-regional-meclis-reislerinen-korusuvi\\\/#breadcrumb\",\"itemListElement\":[{\"@type\":\"ListItem\",\"position\":1,\"name\":\"\u0413\u043e\u043b\u043e\u0432\u043d\u0430\",\"item\":\"https:\\\/\\\/qtmm.org\\\/qt\\\/\"},{\"@type\":\"ListItem\",\"position\":2,\"name\":\"Meclis yolba\u015f\u00e7\u0131lar\u0131n\u0131\u00f1 regional meclis reislerinen k\u00f6r\u00fc\u015f\u00fcvi\"}]},{\"@type\":\"WebSite\",\"@id\":\"https:\\\/\\\/qtmm.org\\\/qt\\\/#website\",\"url\":\"https:\\\/\\\/qtmm.org\\\/qt\\\/\",\"name\":\"\u041c\u0435\u0434\u0436\u043b\u0456\u0441\",\"description\":\"\",\"publisher\":{\"@id\":\"https:\\\/\\\/qtmm.org\\\/qt\\\/#organization\"},\"potentialAction\":[{\"@type\":\"SearchAction\",\"target\":{\"@type\":\"EntryPoint\",\"urlTemplate\":\"https:\\\/\\\/qtmm.org\\\/qt\\\/?s={search_term_string}\"},\"query-input\":{\"@type\":\"PropertyValueSpecification\",\"valueRequired\":true,\"valueName\":\"search_term_string\"}}],\"inLanguage\":\"qt\"},{\"@type\":\"Organization\",\"@id\":\"https:\\\/\\\/qtmm.org\\\/qt\\\/#organization\",\"name\":\"\u041c\u0435\u0434\u0436\u043b\u0456\u0441\",\"url\":\"https:\\\/\\\/qtmm.org\\\/qt\\\/\",\"logo\":{\"@type\":\"ImageObject\",\"inLanguage\":\"qt\",\"@id\":\"https:\\\/\\\/qtmm.org\\\/qt\\\/#\\\/schema\\\/logo\\\/image\\\/\",\"url\":\"https:\\\/\\\/qtmm.org\\\/wp-content\\\/uploads\\\/2024\\\/12\\\/ua-mejlis-logo-rgb.svg\",\"contentUrl\":\"https:\\\/\\\/qtmm.org\\\/wp-content\\\/uploads\\\/2024\\\/12\\\/ua-mejlis-logo-rgb.svg\",\"caption\":\"\u041c\u0435\u0434\u0436\u043b\u0456\u0441\"},\"image\":{\"@id\":\"https:\\\/\\\/qtmm.org\\\/qt\\\/#\\\/schema\\\/logo\\\/image\\\/\"},\"sameAs\":[\"https:\\\/\\\/www.facebook.com\\\/qtmm.info\\\/\"]},{\"@type\":\"Person\",\"@id\":\"https:\\\/\\\/qtmm.org\\\/qt\\\/#\\\/schema\\\/person\\\/de562469f971dec226ac06e60bbf74a7\",\"name\":\"Developer\",\"image\":{\"@type\":\"ImageObject\",\"inLanguage\":\"qt\",\"@id\":\"https:\\\/\\\/secure.gravatar.com\\\/avatar\\\/392b4cc8fbfeb00b39dfeeab4ee6edded39ffd48e25858637e4765810300227e?s=96&d=mm&r=g\",\"url\":\"https:\\\/\\\/secure.gravatar.com\\\/avatar\\\/392b4cc8fbfeb00b39dfeeab4ee6edded39ffd48e25858637e4765810300227e?s=96&d=mm&r=g\",\"contentUrl\":\"https:\\\/\\\/secure.gravatar.com\\\/avatar\\\/392b4cc8fbfeb00b39dfeeab4ee6edded39ffd48e25858637e4765810300227e?s=96&d=mm&r=g\",\"caption\":\"Developer\"},\"url\":\"https:\\\/\\\/qtmm.org\\\/qt\\\/author\\\/Developer\\\/\"}]}<\/script>\n<!-- \/ Yoast SEO plugin. -->","yoast_head_json":{"title":"Meclis yolba\u015f\u00e7\u0131lar\u0131n\u0131\u00f1 regional meclis reislerinen k\u00f6r\u00fc\u015f\u00fcvi - \u041c\u0435\u0434\u0436\u043b\u0456\u0441","robots":{"index":"index","follow":"follow","max-snippet":"max-snippet:-1","max-image-preview":"max-image-preview:large","max-video-preview":"max-video-preview:-1"},"canonical":"https:\/\/qtmm.org\/qt\/meclis-yolbascilarinin-regional-meclis-reislerinen-korusuvi\/","og_locale":"en_US","og_type":"article","og_title":"Meclis yolba\u015f\u00e7\u0131lar\u0131n\u0131\u00f1 regional meclis reislerinen k\u00f6r\u00fc\u015f\u00fcvi - \u041c\u0435\u0434\u0436\u043b\u0456\u0441","og_description":"2014 senesi fevral 10 k\u00fcn\u00fc Aqmescitte Q\u0131r\u0131mtatar halq\u0131 Meclisini\u00f1 regional meclis reislerinen birlikte topla\u015fuv\u0131 ol\u0131p ke\u00e7ti. Onda Meclis reisi Refat \u00c7ubarov ve on\u0131\u00f1 muavinleri Zaur Smirnov, Ahtem \u00c7iygoz, Nariman Cel\u00e2l i\u015ftirak ettiler. K\u00fcn tertibine d\u00f6rt mesele kirsetildi: 1. Noman \u00c7elebicihan vefat\u0131n\u0131\u00f1 y\u0131ld\u00f6n\u00fcmi munasebetinen miting ke\u00e7ir\u00fcv aqq\u0131nda; 2. Saq regional meclisini\u00f1 &#8220;Q\u0131r\u0131mda ve Saq region\u0131nda meydan\u011fa [&hellip;]","og_url":"https:\/\/qtmm.org\/qt\/meclis-yolbascilarinin-regional-meclis-reislerinen-korusuvi\/","og_site_name":"\u041c\u0435\u0434\u0436\u043b\u0456\u0441","article_publisher":"https:\/\/www.facebook.com\/qtmm.info\/","article_published_time":"2014-02-10T14:43:00+00:00","article_modified_time":"2022-01-27T14:45:45+00:00","og_image":[{"width":650,"height":335,"url":"https:\/\/qtmm.org\/wp-content\/uploads\/2022\/01\/img_5020.jpeg","type":"image\/jpeg"}],"author":"Developer","twitter_card":"summary_large_image","twitter_misc":{"Written by":"Developer","Est. reading time":"2 minutes"},"schema":{"@context":"https:\/\/schema.org","@graph":[{"@type":"Article","@id":"https:\/\/qtmm.org\/qt\/meclis-yolbascilarinin-regional-meclis-reislerinen-korusuvi\/#article","isPartOf":{"@id":"https:\/\/qtmm.org\/qt\/meclis-yolbascilarinin-regional-meclis-reislerinen-korusuvi\/"},"author":{"name":"Developer","@id":"https:\/\/qtmm.org\/qt\/#\/schema\/person\/de562469f971dec226ac06e60bbf74a7"},"headline":"Meclis yolba\u015f\u00e7\u0131lar\u0131n\u0131\u00f1 regional meclis reislerinen k\u00f6r\u00fc\u015f\u00fcvi","datePublished":"2014-02-10T14:43:00+00:00","dateModified":"2022-01-27T14:45:45+00:00","mainEntityOfPage":{"@id":"https:\/\/qtmm.org\/qt\/meclis-yolbascilarinin-regional-meclis-reislerinen-korusuvi\/"},"wordCount":351,"commentCount":0,"publisher":{"@id":"https:\/\/qtmm.org\/qt\/#organization"},"image":{"@id":"https:\/\/qtmm.org\/qt\/meclis-yolbascilarinin-regional-meclis-reislerinen-korusuvi\/#primaryimage"},"thumbnailUrl":"https:\/\/qtmm.org\/wp-content\/uploads\/2022\/01\/img_5020.jpeg","articleSection":["Haberler"],"inLanguage":"qt","potentialAction":[{"@type":"CommentAction","name":"Comment","target":["https:\/\/qtmm.org\/qt\/meclis-yolbascilarinin-regional-meclis-reislerinen-korusuvi\/#respond"]}]},{"@type":"WebPage","@id":"https:\/\/qtmm.org\/qt\/meclis-yolbascilarinin-regional-meclis-reislerinen-korusuvi\/","url":"https:\/\/qtmm.org\/qt\/meclis-yolbascilarinin-regional-meclis-reislerinen-korusuvi\/","name":"Meclis yolba\u015f\u00e7\u0131lar\u0131n\u0131\u00f1 regional meclis reislerinen k\u00f6r\u00fc\u015f\u00fcvi - \u041c\u0435\u0434\u0436\u043b\u0456\u0441","isPartOf":{"@id":"https:\/\/qtmm.org\/qt\/#website"},"primaryImageOfPage":{"@id":"https:\/\/qtmm.org\/qt\/meclis-yolbascilarinin-regional-meclis-reislerinen-korusuvi\/#primaryimage"},"image":{"@id":"https:\/\/qtmm.org\/qt\/meclis-yolbascilarinin-regional-meclis-reislerinen-korusuvi\/#primaryimage"},"thumbnailUrl":"https:\/\/qtmm.org\/wp-content\/uploads\/2022\/01\/img_5020.jpeg","datePublished":"2014-02-10T14:43:00+00:00","dateModified":"2022-01-27T14:45:45+00:00","breadcrumb":{"@id":"https:\/\/qtmm.org\/qt\/meclis-yolbascilarinin-regional-meclis-reislerinen-korusuvi\/#breadcrumb"},"inLanguage":"qt","potentialAction":[{"@type":"ReadAction","target":["https:\/\/qtmm.org\/qt\/meclis-yolbascilarinin-regional-meclis-reislerinen-korusuvi\/"]}]},{"@type":"ImageObject","inLanguage":"qt","@id":"https:\/\/qtmm.org\/qt\/meclis-yolbascilarinin-regional-meclis-reislerinen-korusuvi\/#primaryimage","url":"https:\/\/qtmm.org\/wp-content\/uploads\/2022\/01\/img_5020.jpeg","contentUrl":"https:\/\/qtmm.org\/wp-content\/uploads\/2022\/01\/img_5020.jpeg","width":650,"height":335},{"@type":"BreadcrumbList","@id":"https:\/\/qtmm.org\/qt\/meclis-yolbascilarinin-regional-meclis-reislerinen-korusuvi\/#breadcrumb","itemListElement":[{"@type":"ListItem","position":1,"name":"\u0413\u043e\u043b\u043e\u0432\u043d\u0430","item":"https:\/\/qtmm.org\/qt\/"},{"@type":"ListItem","position":2,"name":"Meclis yolba\u015f\u00e7\u0131lar\u0131n\u0131\u00f1 regional meclis reislerinen k\u00f6r\u00fc\u015f\u00fcvi"}]},{"@type":"WebSite","@id":"https:\/\/qtmm.org\/qt\/#website","url":"https:\/\/qtmm.org\/qt\/","name":"\u041c\u0435\u0434\u0436\u043b\u0456\u0441","description":"","publisher":{"@id":"https:\/\/qtmm.org\/qt\/#organization"},"potentialAction":[{"@type":"SearchAction","target":{"@type":"EntryPoint","urlTemplate":"https:\/\/qtmm.org\/qt\/?s={search_term_string}"},"query-input":{"@type":"PropertyValueSpecification","valueRequired":true,"valueName":"search_term_string"}}],"inLanguage":"qt"},{"@type":"Organization","@id":"https:\/\/qtmm.org\/qt\/#organization","name":"\u041c\u0435\u0434\u0436\u043b\u0456\u0441","url":"https:\/\/qtmm.org\/qt\/","logo":{"@type":"ImageObject","inLanguage":"qt","@id":"https:\/\/qtmm.org\/qt\/#\/schema\/logo\/image\/","url":"https:\/\/qtmm.org\/wp-content\/uploads\/2024\/12\/ua-mejlis-logo-rgb.svg","contentUrl":"https:\/\/qtmm.org\/wp-content\/uploads\/2024\/12\/ua-mejlis-logo-rgb.svg","caption":"\u041c\u0435\u0434\u0436\u043b\u0456\u0441"},"image":{"@id":"https:\/\/qtmm.org\/qt\/#\/schema\/logo\/image\/"},"sameAs":["https:\/\/www.facebook.com\/qtmm.info\/"]},{"@type":"Person","@id":"https:\/\/qtmm.org\/qt\/#\/schema\/person\/de562469f971dec226ac06e60bbf74a7","name":"Developer","image":{"@type":"ImageObject","inLanguage":"qt","@id":"https:\/\/secure.gravatar.com\/avatar\/392b4cc8fbfeb00b39dfeeab4ee6edded39ffd48e25858637e4765810300227e?s=96&d=mm&r=g","url":"https:\/\/secure.gravatar.com\/avatar\/392b4cc8fbfeb00b39dfeeab4ee6edded39ffd48e25858637e4765810300227e?s=96&d=mm&r=g","contentUrl":"https:\/\/secure.gravatar.com\/avatar\/392b4cc8fbfeb00b39dfeeab4ee6edded39ffd48e25858637e4765810300227e?s=96&d=mm&r=g","caption":"Developer"},"url":"https:\/\/qtmm.org\/qt\/author\/Developer\/"}]}},"_links":{"self":[{"href":"https:\/\/qtmm.org\/qt\/wp-json\/wp\/v2\/posts\/43055","targetHints":{"allow":["GET"]}}],"collection":[{"href":"https:\/\/qtmm.org\/qt\/wp-json\/wp\/v2\/posts"}],"about":[{"href":"https:\/\/qtmm.org\/qt\/wp-json\/wp\/v2\/types\/post"}],"author":[{"embeddable":true,"href":"https:\/\/qtmm.org\/qt\/wp-json\/wp\/v2\/users\/1"}],"replies":[{"embeddable":true,"href":"https:\/\/qtmm.org\/qt\/wp-json\/wp\/v2\/comments?post=43055"}],"version-history":[{"count":1,"href":"https:\/\/qtmm.org\/qt\/wp-json\/wp\/v2\/posts\/43055\/revisions"}],"predecessor-version":[{"id":43080,"href":"https:\/\/qtmm.org\/qt\/wp-json\/wp\/v2\/posts\/43055\/revisions\/43080"}],"wp:featuredmedia":[{"embeddable":true,"href":"https:\/\/qtmm.org\/qt\/wp-json\/wp\/v2\/media\/43056"}],"wp:attachment":[{"href":"https:\/\/qtmm.org\/qt\/wp-json\/wp\/v2\/media?parent=43055"}],"wp:term":[{"taxonomy":"category","embeddable":true,"href":"https:\/\/qtmm.org\/qt\/wp-json\/wp\/v2\/categories?post=43055"},{"taxonomy":"post_tag","embeddable":true,"href":"https:\/\/qtmm.org\/qt\/wp-json\/wp\/v2\/tags?post=43055"}],"curies":[{"name":"wp","href":"https:\/\/api.w.org\/{rel}","templated":true}]}}