




{"id":43041,"date":"2014-02-10T17:41:00","date_gmt":"2014-02-10T14:41:00","guid":{"rendered":"http:\/\/qtmm.org\/?p=43041"},"modified":"2022-01-27T17:43:26","modified_gmt":"2022-01-27T14:43:26","slug":"saq-regional-meclisi-qirimnin-butun-yerli-milliy-idare-organlarini-oz-hududlarinda-asilinda-qirim-sakinlerini-qanunsiz-seferber-etuv-sekili-olgan-qirim-gonulli-qoruyicilar-ni-teskil-etmele","status":"publish","type":"post","link":"https:\/\/qtmm.org\/qt\/saq-regional-meclisi-qirimnin-butun-yerli-milliy-idare-organlarini-oz-hududlarinda-asilinda-qirim-sakinlerini-qanunsiz-seferber-etuv-sekili-olgan-qirim-gonulli-qoruyicilar-ni-teskil-etmele\/","title":{"rendered":"Saq regional meclisi Q\u0131r\u0131mn\u0131\u00f1 b\u00fct\u00fcn yerli milliy idare organlar\u0131n\u0131 \u00f6z hududlar\u0131nda as\u0131l\u0131nda Q\u0131r\u0131m sakinlerini qanuns\u0131z seferber et\u00fcv \u015fekili ol\u011fan \u00abQ\u0131r\u0131m g\u00f6\u00f1\u00fclli qoruy\u0131c\u0131lar\u00bb n\u0131 te\u015fkil etmelerini toqtatma\u011fa \u00e7a\u011f\u0131rd\u0131lar"},"content":{"rendered":"\n<p>2014 senesi fevral 9 k\u00fcn\u00fc Meclis reisini\u00f1 muavini Zaur Smirnov Saq regional meclisi ve musulman cemiyetlerini\u00f1 topla\u015fuv\u0131nda i\u015ftirak etti.<\/p>\n\n\n\n<p>Memleketteki siyasiy-i\u00e7timaiy vaziyet esnas\u0131nda Q\u0131r\u0131mda ve Saq rayon\u0131nda meydan\u011fa kelgen vaziyet muzakere etilgen topla\u015fuvn\u0131\u00f1 i\u015finde Qurultay Tefti\u015f komissiyas\u0131n\u0131\u00f1 reisi Ali \u00d6zenba\u015f, Meclis azas\u0131 \u015eevket Qaybullayev, Saq i\u00e7ki i\u015fler b\u00f6l\u00fcgi ve Saq tel\u00fckesizlik h\u0131zmetini\u00f1, bun\u0131\u00f1 kibi de Saq rayon devlet memuriyetini\u00f1 vekilleri de i\u015ftirak ettiler.<\/p>\n\n\n\n<p>Saq regional meclisini\u00f1 reisi Eskender Bil\u00e2lov haber etkenine k\u00f6re topla\u015fuv i\u015ftirak\u00e7ileri regiondaki vaziyetni etrafl\u0131ca muzakere eterek, bir s\u0131ra q\u0131r\u0131ml\u0131 siyaset\u00e7ilerni\u00f1 vatanda\u015flarn\u0131 seferber etmege \u00e7a\u011f\u0131ruvlar\u0131 munasebetinen Q\u0131r\u0131mda ay\u0131r\u0131mc\u0131l\u0131q areketlerini keskin qaralamaq qarar\u0131n\u0131 ald\u0131lar.<\/p>\n\n\n\n<p>Ukraina Tel\u00fckesizlik h\u0131zmeti, Ukraina Ba\u015f prokuraturas\u0131, Ukraina \u0130\u00e7ki i\u015fler nazirliginden ise Q\u0131r\u0131mda ay\u0131r\u0131mc\u0131l\u0131q areketlerinde qabaatl\u0131 \u015fah\u0131slarn\u0131 cevapk\u00e2rl\u0131qqa \u00e7ekmekni talap ettiler.<\/p>\n\n\n\n<figure class=\"wp-block-image size-full\"><img loading=\"lazy\" decoding=\"async\" width=\"800\" height=\"449\" src=\"http:\/\/qtmm.org\/wp-content\/uploads\/2022\/01\/photo_3_6.jpeg\" alt=\"\" class=\"wp-image-43046\" srcset=\"https:\/\/qtmm.org\/wp-content\/uploads\/2022\/01\/photo_3_6.jpeg 800w, https:\/\/qtmm.org\/wp-content\/uploads\/2022\/01\/photo_3_6-300x168.jpeg 300w, https:\/\/qtmm.org\/wp-content\/uploads\/2022\/01\/photo_3_6-768x431.jpeg 768w\" sizes=\"auto, (max-width: 800px) 100vw, 800px\" \/><\/figure>\n\n\n\n<p>&#8220;Biz Q\u0131r\u0131mn\u0131\u00f1 b\u00fct\u00fcn yerli milliy idare organlar\u0131n\u0131 \u00f6z hududlar\u0131nda as\u0131l\u0131nda Q\u0131r\u0131m sakinlerini qanuns\u0131z seferber et\u00fcv \u015fekili ol\u011fan ve Q\u0131r\u0131m cemiyeti i\u00e7inde i\u015fan\u00e7s\u0131zl\u0131q ve kerginlikni qoz\u011fa\u011fan &#8220;Q\u0131r\u0131m g\u00f6\u00f1\u00fclli qoruy\u0131c\u0131lar&#8221; n\u0131 te\u015fkil etmelerini toqtatma\u011fa \u00e7a\u011f\u0131r\u0131p muracaat etmek qarar\u0131na keldik&#8221;, &#8211; dep qayd etti E. Bil\u00e2lov.<\/p>\n\n\n\n<p>\u00d6z nevbetinde Meclis reisini\u00f1 muavini Z. Smirnov \u015fun\u0131 da qayd etti ki, topla\u015fuv i\u015ftirak\u00e7ileri Q\u0131r\u0131m Tel\u00fckesizlik h\u0131zmeti, Q\u0131r\u0131m Ba\u015f prokuraturas\u0131, Ukraina \u0130\u00e7ki i\u015fler nazirligini\u00f1 Q\u0131r\u0131mdaki ba\u015f idaresine muracaat etip, Q\u0131r\u0131m ve Aqyar \u015feerini\u00f1 yerli idare organlar\u0131 g\u00f6\u00f1\u00fclli bek\u00e7iler qurumlar\u0131n\u0131 tizmek kibi areketlerine q\u0131ymet kesmekni ve cemaat te\u015fkil\u00e2tlar\u0131 ve siyasiy partiyalar \u00f6zlerini\u00f1 mudafaa qurumlar\u0131n\u0131 tizmelerini yasaq etmelerini talap ettiler.<\/p>\n\n\n\n<p>Zaur Smirnovn\u0131\u00f1 s\u00f6zlerine k\u00f6re Meclis reberlerini\u00f1 fevral 10 k\u00fcn\u00fc regional meclis reislerinen ke\u00e7irecek topla\u015fuv\u0131nda Q\u0131r\u0131mn\u0131\u00f1 diger rayonlar\u0131nda da bun\u0131\u00f1 kibi qararlar al\u0131nmas\u0131 tevsiye etilecek.<\/p>\n\n\n\n<figure class=\"wp-block-image size-full\"><img loading=\"lazy\" decoding=\"async\" width=\"800\" height=\"449\" src=\"http:\/\/qtmm.org\/wp-content\/uploads\/2022\/01\/photo_1_7.jpeg\" alt=\"\" class=\"wp-image-43050\" srcset=\"https:\/\/qtmm.org\/wp-content\/uploads\/2022\/01\/photo_1_7.jpeg 800w, https:\/\/qtmm.org\/wp-content\/uploads\/2022\/01\/photo_1_7-300x168.jpeg 300w, https:\/\/qtmm.org\/wp-content\/uploads\/2022\/01\/photo_1_7-768x431.jpeg 768w\" sizes=\"auto, (max-width: 800px) 100vw, 800px\" \/><\/figure>\n","protected":false},"excerpt":{"rendered":"<p>2014 senesi fevral 9 k\u00fcn\u00fc Meclis reisini\u00f1 muavini Zaur Smirnov Saq regional meclisi ve musulman cemiyetlerini\u00f1 topla\u015fuv\u0131nda i\u015ftirak etti. Memleketteki siyasiy-i\u00e7timaiy vaziyet esnas\u0131nda Q\u0131r\u0131mda ve Saq rayon\u0131nda meydan\u011fa kelgen vaziyet muzakere etilgen topla\u015fuvn\u0131\u00f1 i\u015finde Qurultay Tefti\u015f komissiyas\u0131n\u0131\u00f1 reisi Ali \u00d6zenba\u015f, Meclis azas\u0131 \u015eevket Qaybullayev, Saq i\u00e7ki i\u015fler b\u00f6l\u00fcgi ve Saq tel\u00fckesizlik h\u0131zmetini\u00f1, bun\u0131\u00f1 kibi de [&hellip;]<\/p>\n","protected":false},"author":1,"featured_media":43042,"comment_status":"open","ping_status":"open","sticky":false,"template":"","format":"standard","meta":{"inline_featured_image":false,"footnotes":""},"categories":[265],"tags":[],"class_list":["post-43041","post","type-post","status-publish","format-standard","has-post-thumbnail","hentry","category-haberler"],"acf":[],"yoast_head":"<!-- This site is optimized with the Yoast SEO plugin v27.4 - https:\/\/yoast.com\/product\/yoast-seo-wordpress\/ -->\n<title>Saq regional meclisi Q\u0131r\u0131mn\u0131\u00f1 b\u00fct\u00fcn yerli milliy idare organlar\u0131n\u0131 \u00f6z hududlar\u0131nda as\u0131l\u0131nda Q\u0131r\u0131m sakinlerini qanuns\u0131z seferber et\u00fcv \u015fekili ol\u011fan \u00abQ\u0131r\u0131m g\u00f6\u00f1\u00fclli qoruy\u0131c\u0131lar\u00bb n\u0131 te\u015fkil etmelerini toqtatma\u011fa \u00e7a\u011f\u0131rd\u0131lar - \u041c\u0435\u0434\u0436\u043b\u0456\u0441<\/title>\n<meta name=\"robots\" content=\"index, follow, max-snippet:-1, max-image-preview:large, max-video-preview:-1\" \/>\n<link rel=\"canonical\" href=\"https:\/\/qtmm.org\/qt\/saq-regional-meclisi-qirimnin-butun-yerli-milliy-idare-organlarini-oz-hududlarinda-asilinda-qirim-sakinlerini-qanunsiz-seferber-etuv-sekili-olgan-qirim-gonulli-qoruyicilar-ni-teskil-etmele\/\" \/>\n<meta property=\"og:locale\" content=\"en_US\" \/>\n<meta property=\"og:type\" content=\"article\" \/>\n<meta property=\"og:title\" content=\"Saq regional meclisi Q\u0131r\u0131mn\u0131\u00f1 b\u00fct\u00fcn yerli milliy idare organlar\u0131n\u0131 \u00f6z hududlar\u0131nda as\u0131l\u0131nda Q\u0131r\u0131m sakinlerini qanuns\u0131z seferber et\u00fcv \u015fekili ol\u011fan \u00abQ\u0131r\u0131m g\u00f6\u00f1\u00fclli qoruy\u0131c\u0131lar\u00bb n\u0131 te\u015fkil etmelerini toqtatma\u011fa \u00e7a\u011f\u0131rd\u0131lar - \u041c\u0435\u0434\u0436\u043b\u0456\u0441\" \/>\n<meta property=\"og:description\" content=\"2014 senesi fevral 9 k\u00fcn\u00fc Meclis reisini\u00f1 muavini Zaur Smirnov Saq regional meclisi ve musulman cemiyetlerini\u00f1 topla\u015fuv\u0131nda i\u015ftirak etti. Memleketteki siyasiy-i\u00e7timaiy vaziyet esnas\u0131nda Q\u0131r\u0131mda ve Saq rayon\u0131nda meydan\u011fa kelgen vaziyet muzakere etilgen topla\u015fuvn\u0131\u00f1 i\u015finde Qurultay Tefti\u015f komissiyas\u0131n\u0131\u00f1 reisi Ali \u00d6zenba\u015f, Meclis azas\u0131 \u015eevket Qaybullayev, Saq i\u00e7ki i\u015fler b\u00f6l\u00fcgi ve Saq tel\u00fckesizlik h\u0131zmetini\u00f1, bun\u0131\u00f1 kibi de [&hellip;]\" \/>\n<meta property=\"og:url\" content=\"https:\/\/qtmm.org\/qt\/saq-regional-meclisi-qirimnin-butun-yerli-milliy-idare-organlarini-oz-hududlarinda-asilinda-qirim-sakinlerini-qanunsiz-seferber-etuv-sekili-olgan-qirim-gonulli-qoruyicilar-ni-teskil-etmele\/\" \/>\n<meta property=\"og:site_name\" content=\"\u041c\u0435\u0434\u0436\u043b\u0456\u0441\" \/>\n<meta property=\"article:publisher\" content=\"https:\/\/www.facebook.com\/qtmm.info\/\" \/>\n<meta property=\"article:published_time\" content=\"2014-02-10T14:41:00+00:00\" \/>\n<meta property=\"article:modified_time\" content=\"2022-01-27T14:43:26+00:00\" \/>\n<meta property=\"og:image\" content=\"https:\/\/qtmm.org\/wp-content\/uploads\/2022\/01\/photo_2_4.jpeg\" \/>\n\t<meta property=\"og:image:width\" content=\"800\" \/>\n\t<meta property=\"og:image:height\" content=\"449\" \/>\n\t<meta property=\"og:image:type\" content=\"image\/jpeg\" \/>\n<meta name=\"author\" content=\"Developer\" \/>\n<meta name=\"twitter:card\" content=\"summary_large_image\" \/>\n<meta name=\"twitter:label1\" content=\"Written by\" \/>\n\t<meta name=\"twitter:data1\" content=\"Developer\" \/>\n\t<meta name=\"twitter:label2\" content=\"Est. reading time\" \/>\n\t<meta name=\"twitter:data2\" content=\"2 minutes\" \/>\n<script type=\"application\/ld+json\" class=\"yoast-schema-graph\">{\"@context\":\"https:\\\/\\\/schema.org\",\"@graph\":[{\"@type\":\"Article\",\"@id\":\"https:\\\/\\\/qtmm.org\\\/qt\\\/saq-regional-meclisi-qirimnin-butun-yerli-milliy-idare-organlarini-oz-hududlarinda-asilinda-qirim-sakinlerini-qanunsiz-seferber-etuv-sekili-olgan-qirim-gonulli-qoruyicilar-ni-teskil-etmele\\\/#article\",\"isPartOf\":{\"@id\":\"https:\\\/\\\/qtmm.org\\\/qt\\\/saq-regional-meclisi-qirimnin-butun-yerli-milliy-idare-organlarini-oz-hududlarinda-asilinda-qirim-sakinlerini-qanunsiz-seferber-etuv-sekili-olgan-qirim-gonulli-qoruyicilar-ni-teskil-etmele\\\/\"},\"author\":{\"name\":\"Developer\",\"@id\":\"https:\\\/\\\/qtmm.org\\\/qt\\\/#\\\/schema\\\/person\\\/de562469f971dec226ac06e60bbf74a7\"},\"headline\":\"Saq regional meclisi Q\u0131r\u0131mn\u0131\u00f1 b\u00fct\u00fcn yerli milliy idare organlar\u0131n\u0131 \u00f6z hududlar\u0131nda as\u0131l\u0131nda Q\u0131r\u0131m sakinlerini qanuns\u0131z seferber et\u00fcv \u015fekili ol\u011fan \u00abQ\u0131r\u0131m g\u00f6\u00f1\u00fclli qoruy\u0131c\u0131lar\u00bb n\u0131 te\u015fkil etmelerini toqtatma\u011fa \u00e7a\u011f\u0131rd\u0131lar\",\"datePublished\":\"2014-02-10T14:41:00+00:00\",\"dateModified\":\"2022-01-27T14:43:26+00:00\",\"mainEntityOfPage\":{\"@id\":\"https:\\\/\\\/qtmm.org\\\/qt\\\/saq-regional-meclisi-qirimnin-butun-yerli-milliy-idare-organlarini-oz-hududlarinda-asilinda-qirim-sakinlerini-qanunsiz-seferber-etuv-sekili-olgan-qirim-gonulli-qoruyicilar-ni-teskil-etmele\\\/\"},\"wordCount\":402,\"commentCount\":0,\"publisher\":{\"@id\":\"https:\\\/\\\/qtmm.org\\\/qt\\\/#organization\"},\"image\":{\"@id\":\"https:\\\/\\\/qtmm.org\\\/qt\\\/saq-regional-meclisi-qirimnin-butun-yerli-milliy-idare-organlarini-oz-hududlarinda-asilinda-qirim-sakinlerini-qanunsiz-seferber-etuv-sekili-olgan-qirim-gonulli-qoruyicilar-ni-teskil-etmele\\\/#primaryimage\"},\"thumbnailUrl\":\"https:\\\/\\\/qtmm.org\\\/wp-content\\\/uploads\\\/2022\\\/01\\\/photo_2_4.jpeg\",\"articleSection\":[\"Haberler\"],\"inLanguage\":\"qt\",\"potentialAction\":[{\"@type\":\"CommentAction\",\"name\":\"Comment\",\"target\":[\"https:\\\/\\\/qtmm.org\\\/qt\\\/saq-regional-meclisi-qirimnin-butun-yerli-milliy-idare-organlarini-oz-hududlarinda-asilinda-qirim-sakinlerini-qanunsiz-seferber-etuv-sekili-olgan-qirim-gonulli-qoruyicilar-ni-teskil-etmele\\\/#respond\"]}]},{\"@type\":\"WebPage\",\"@id\":\"https:\\\/\\\/qtmm.org\\\/qt\\\/saq-regional-meclisi-qirimnin-butun-yerli-milliy-idare-organlarini-oz-hududlarinda-asilinda-qirim-sakinlerini-qanunsiz-seferber-etuv-sekili-olgan-qirim-gonulli-qoruyicilar-ni-teskil-etmele\\\/\",\"url\":\"https:\\\/\\\/qtmm.org\\\/qt\\\/saq-regional-meclisi-qirimnin-butun-yerli-milliy-idare-organlarini-oz-hududlarinda-asilinda-qirim-sakinlerini-qanunsiz-seferber-etuv-sekili-olgan-qirim-gonulli-qoruyicilar-ni-teskil-etmele\\\/\",\"name\":\"Saq regional meclisi Q\u0131r\u0131mn\u0131\u00f1 b\u00fct\u00fcn yerli milliy idare organlar\u0131n\u0131 \u00f6z hududlar\u0131nda as\u0131l\u0131nda Q\u0131r\u0131m sakinlerini qanuns\u0131z seferber et\u00fcv \u015fekili ol\u011fan \u00abQ\u0131r\u0131m g\u00f6\u00f1\u00fclli qoruy\u0131c\u0131lar\u00bb n\u0131 te\u015fkil etmelerini toqtatma\u011fa \u00e7a\u011f\u0131rd\u0131lar - \u041c\u0435\u0434\u0436\u043b\u0456\u0441\",\"isPartOf\":{\"@id\":\"https:\\\/\\\/qtmm.org\\\/qt\\\/#website\"},\"primaryImageOfPage\":{\"@id\":\"https:\\\/\\\/qtmm.org\\\/qt\\\/saq-regional-meclisi-qirimnin-butun-yerli-milliy-idare-organlarini-oz-hududlarinda-asilinda-qirim-sakinlerini-qanunsiz-seferber-etuv-sekili-olgan-qirim-gonulli-qoruyicilar-ni-teskil-etmele\\\/#primaryimage\"},\"image\":{\"@id\":\"https:\\\/\\\/qtmm.org\\\/qt\\\/saq-regional-meclisi-qirimnin-butun-yerli-milliy-idare-organlarini-oz-hududlarinda-asilinda-qirim-sakinlerini-qanunsiz-seferber-etuv-sekili-olgan-qirim-gonulli-qoruyicilar-ni-teskil-etmele\\\/#primaryimage\"},\"thumbnailUrl\":\"https:\\\/\\\/qtmm.org\\\/wp-content\\\/uploads\\\/2022\\\/01\\\/photo_2_4.jpeg\",\"datePublished\":\"2014-02-10T14:41:00+00:00\",\"dateModified\":\"2022-01-27T14:43:26+00:00\",\"breadcrumb\":{\"@id\":\"https:\\\/\\\/qtmm.org\\\/qt\\\/saq-regional-meclisi-qirimnin-butun-yerli-milliy-idare-organlarini-oz-hududlarinda-asilinda-qirim-sakinlerini-qanunsiz-seferber-etuv-sekili-olgan-qirim-gonulli-qoruyicilar-ni-teskil-etmele\\\/#breadcrumb\"},\"inLanguage\":\"qt\",\"potentialAction\":[{\"@type\":\"ReadAction\",\"target\":[\"https:\\\/\\\/qtmm.org\\\/qt\\\/saq-regional-meclisi-qirimnin-butun-yerli-milliy-idare-organlarini-oz-hududlarinda-asilinda-qirim-sakinlerini-qanunsiz-seferber-etuv-sekili-olgan-qirim-gonulli-qoruyicilar-ni-teskil-etmele\\\/\"]}]},{\"@type\":\"ImageObject\",\"inLanguage\":\"qt\",\"@id\":\"https:\\\/\\\/qtmm.org\\\/qt\\\/saq-regional-meclisi-qirimnin-butun-yerli-milliy-idare-organlarini-oz-hududlarinda-asilinda-qirim-sakinlerini-qanunsiz-seferber-etuv-sekili-olgan-qirim-gonulli-qoruyicilar-ni-teskil-etmele\\\/#primaryimage\",\"url\":\"https:\\\/\\\/qtmm.org\\\/wp-content\\\/uploads\\\/2022\\\/01\\\/photo_2_4.jpeg\",\"contentUrl\":\"https:\\\/\\\/qtmm.org\\\/wp-content\\\/uploads\\\/2022\\\/01\\\/photo_2_4.jpeg\",\"width\":800,\"height\":449},{\"@type\":\"BreadcrumbList\",\"@id\":\"https:\\\/\\\/qtmm.org\\\/qt\\\/saq-regional-meclisi-qirimnin-butun-yerli-milliy-idare-organlarini-oz-hududlarinda-asilinda-qirim-sakinlerini-qanunsiz-seferber-etuv-sekili-olgan-qirim-gonulli-qoruyicilar-ni-teskil-etmele\\\/#breadcrumb\",\"itemListElement\":[{\"@type\":\"ListItem\",\"position\":1,\"name\":\"\u0413\u043e\u043b\u043e\u0432\u043d\u0430\",\"item\":\"https:\\\/\\\/qtmm.org\\\/qt\\\/\"},{\"@type\":\"ListItem\",\"position\":2,\"name\":\"Saq regional meclisi Q\u0131r\u0131mn\u0131\u00f1 b\u00fct\u00fcn yerli milliy idare organlar\u0131n\u0131 \u00f6z hududlar\u0131nda as\u0131l\u0131nda Q\u0131r\u0131m sakinlerini qanuns\u0131z seferber et\u00fcv \u015fekili ol\u011fan \u00abQ\u0131r\u0131m g\u00f6\u00f1\u00fclli qoruy\u0131c\u0131lar\u00bb n\u0131 te\u015fkil etmelerini toqtatma\u011fa \u00e7a\u011f\u0131rd\u0131lar\"}]},{\"@type\":\"WebSite\",\"@id\":\"https:\\\/\\\/qtmm.org\\\/qt\\\/#website\",\"url\":\"https:\\\/\\\/qtmm.org\\\/qt\\\/\",\"name\":\"\u041c\u0435\u0434\u0436\u043b\u0456\u0441\",\"description\":\"\",\"publisher\":{\"@id\":\"https:\\\/\\\/qtmm.org\\\/qt\\\/#organization\"},\"potentialAction\":[{\"@type\":\"SearchAction\",\"target\":{\"@type\":\"EntryPoint\",\"urlTemplate\":\"https:\\\/\\\/qtmm.org\\\/qt\\\/?s={search_term_string}\"},\"query-input\":{\"@type\":\"PropertyValueSpecification\",\"valueRequired\":true,\"valueName\":\"search_term_string\"}}],\"inLanguage\":\"qt\"},{\"@type\":\"Organization\",\"@id\":\"https:\\\/\\\/qtmm.org\\\/qt\\\/#organization\",\"name\":\"\u041c\u0435\u0434\u0436\u043b\u0456\u0441\",\"url\":\"https:\\\/\\\/qtmm.org\\\/qt\\\/\",\"logo\":{\"@type\":\"ImageObject\",\"inLanguage\":\"qt\",\"@id\":\"https:\\\/\\\/qtmm.org\\\/qt\\\/#\\\/schema\\\/logo\\\/image\\\/\",\"url\":\"https:\\\/\\\/qtmm.org\\\/wp-content\\\/uploads\\\/2024\\\/12\\\/ua-mejlis-logo-rgb.svg\",\"contentUrl\":\"https:\\\/\\\/qtmm.org\\\/wp-content\\\/uploads\\\/2024\\\/12\\\/ua-mejlis-logo-rgb.svg\",\"caption\":\"\u041c\u0435\u0434\u0436\u043b\u0456\u0441\"},\"image\":{\"@id\":\"https:\\\/\\\/qtmm.org\\\/qt\\\/#\\\/schema\\\/logo\\\/image\\\/\"},\"sameAs\":[\"https:\\\/\\\/www.facebook.com\\\/qtmm.info\\\/\"]},{\"@type\":\"Person\",\"@id\":\"https:\\\/\\\/qtmm.org\\\/qt\\\/#\\\/schema\\\/person\\\/de562469f971dec226ac06e60bbf74a7\",\"name\":\"Developer\",\"image\":{\"@type\":\"ImageObject\",\"inLanguage\":\"qt\",\"@id\":\"https:\\\/\\\/secure.gravatar.com\\\/avatar\\\/392b4cc8fbfeb00b39dfeeab4ee6edded39ffd48e25858637e4765810300227e?s=96&d=mm&r=g\",\"url\":\"https:\\\/\\\/secure.gravatar.com\\\/avatar\\\/392b4cc8fbfeb00b39dfeeab4ee6edded39ffd48e25858637e4765810300227e?s=96&d=mm&r=g\",\"contentUrl\":\"https:\\\/\\\/secure.gravatar.com\\\/avatar\\\/392b4cc8fbfeb00b39dfeeab4ee6edded39ffd48e25858637e4765810300227e?s=96&d=mm&r=g\",\"caption\":\"Developer\"},\"url\":\"https:\\\/\\\/qtmm.org\\\/qt\\\/author\\\/Developer\\\/\"}]}<\/script>\n<!-- \/ Yoast SEO plugin. -->","yoast_head_json":{"title":"Saq regional meclisi Q\u0131r\u0131mn\u0131\u00f1 b\u00fct\u00fcn yerli milliy idare organlar\u0131n\u0131 \u00f6z hududlar\u0131nda as\u0131l\u0131nda Q\u0131r\u0131m sakinlerini qanuns\u0131z seferber et\u00fcv \u015fekili ol\u011fan \u00abQ\u0131r\u0131m g\u00f6\u00f1\u00fclli qoruy\u0131c\u0131lar\u00bb n\u0131 te\u015fkil etmelerini toqtatma\u011fa \u00e7a\u011f\u0131rd\u0131lar - \u041c\u0435\u0434\u0436\u043b\u0456\u0441","robots":{"index":"index","follow":"follow","max-snippet":"max-snippet:-1","max-image-preview":"max-image-preview:large","max-video-preview":"max-video-preview:-1"},"canonical":"https:\/\/qtmm.org\/qt\/saq-regional-meclisi-qirimnin-butun-yerli-milliy-idare-organlarini-oz-hududlarinda-asilinda-qirim-sakinlerini-qanunsiz-seferber-etuv-sekili-olgan-qirim-gonulli-qoruyicilar-ni-teskil-etmele\/","og_locale":"en_US","og_type":"article","og_title":"Saq regional meclisi Q\u0131r\u0131mn\u0131\u00f1 b\u00fct\u00fcn yerli milliy idare organlar\u0131n\u0131 \u00f6z hududlar\u0131nda as\u0131l\u0131nda Q\u0131r\u0131m sakinlerini qanuns\u0131z seferber et\u00fcv \u015fekili ol\u011fan \u00abQ\u0131r\u0131m g\u00f6\u00f1\u00fclli qoruy\u0131c\u0131lar\u00bb n\u0131 te\u015fkil etmelerini toqtatma\u011fa \u00e7a\u011f\u0131rd\u0131lar - \u041c\u0435\u0434\u0436\u043b\u0456\u0441","og_description":"2014 senesi fevral 9 k\u00fcn\u00fc Meclis reisini\u00f1 muavini Zaur Smirnov Saq regional meclisi ve musulman cemiyetlerini\u00f1 topla\u015fuv\u0131nda i\u015ftirak etti. Memleketteki siyasiy-i\u00e7timaiy vaziyet esnas\u0131nda Q\u0131r\u0131mda ve Saq rayon\u0131nda meydan\u011fa kelgen vaziyet muzakere etilgen topla\u015fuvn\u0131\u00f1 i\u015finde Qurultay Tefti\u015f komissiyas\u0131n\u0131\u00f1 reisi Ali \u00d6zenba\u015f, Meclis azas\u0131 \u015eevket Qaybullayev, Saq i\u00e7ki i\u015fler b\u00f6l\u00fcgi ve Saq tel\u00fckesizlik h\u0131zmetini\u00f1, bun\u0131\u00f1 kibi de [&hellip;]","og_url":"https:\/\/qtmm.org\/qt\/saq-regional-meclisi-qirimnin-butun-yerli-milliy-idare-organlarini-oz-hududlarinda-asilinda-qirim-sakinlerini-qanunsiz-seferber-etuv-sekili-olgan-qirim-gonulli-qoruyicilar-ni-teskil-etmele\/","og_site_name":"\u041c\u0435\u0434\u0436\u043b\u0456\u0441","article_publisher":"https:\/\/www.facebook.com\/qtmm.info\/","article_published_time":"2014-02-10T14:41:00+00:00","article_modified_time":"2022-01-27T14:43:26+00:00","og_image":[{"width":800,"height":449,"url":"https:\/\/qtmm.org\/wp-content\/uploads\/2022\/01\/photo_2_4.jpeg","type":"image\/jpeg"}],"author":"Developer","twitter_card":"summary_large_image","twitter_misc":{"Written by":"Developer","Est. reading time":"2 minutes"},"schema":{"@context":"https:\/\/schema.org","@graph":[{"@type":"Article","@id":"https:\/\/qtmm.org\/qt\/saq-regional-meclisi-qirimnin-butun-yerli-milliy-idare-organlarini-oz-hududlarinda-asilinda-qirim-sakinlerini-qanunsiz-seferber-etuv-sekili-olgan-qirim-gonulli-qoruyicilar-ni-teskil-etmele\/#article","isPartOf":{"@id":"https:\/\/qtmm.org\/qt\/saq-regional-meclisi-qirimnin-butun-yerli-milliy-idare-organlarini-oz-hududlarinda-asilinda-qirim-sakinlerini-qanunsiz-seferber-etuv-sekili-olgan-qirim-gonulli-qoruyicilar-ni-teskil-etmele\/"},"author":{"name":"Developer","@id":"https:\/\/qtmm.org\/qt\/#\/schema\/person\/de562469f971dec226ac06e60bbf74a7"},"headline":"Saq regional meclisi Q\u0131r\u0131mn\u0131\u00f1 b\u00fct\u00fcn yerli milliy idare organlar\u0131n\u0131 \u00f6z hududlar\u0131nda as\u0131l\u0131nda Q\u0131r\u0131m sakinlerini qanuns\u0131z seferber et\u00fcv \u015fekili ol\u011fan \u00abQ\u0131r\u0131m g\u00f6\u00f1\u00fclli qoruy\u0131c\u0131lar\u00bb n\u0131 te\u015fkil etmelerini toqtatma\u011fa \u00e7a\u011f\u0131rd\u0131lar","datePublished":"2014-02-10T14:41:00+00:00","dateModified":"2022-01-27T14:43:26+00:00","mainEntityOfPage":{"@id":"https:\/\/qtmm.org\/qt\/saq-regional-meclisi-qirimnin-butun-yerli-milliy-idare-organlarini-oz-hududlarinda-asilinda-qirim-sakinlerini-qanunsiz-seferber-etuv-sekili-olgan-qirim-gonulli-qoruyicilar-ni-teskil-etmele\/"},"wordCount":402,"commentCount":0,"publisher":{"@id":"https:\/\/qtmm.org\/qt\/#organization"},"image":{"@id":"https:\/\/qtmm.org\/qt\/saq-regional-meclisi-qirimnin-butun-yerli-milliy-idare-organlarini-oz-hududlarinda-asilinda-qirim-sakinlerini-qanunsiz-seferber-etuv-sekili-olgan-qirim-gonulli-qoruyicilar-ni-teskil-etmele\/#primaryimage"},"thumbnailUrl":"https:\/\/qtmm.org\/wp-content\/uploads\/2022\/01\/photo_2_4.jpeg","articleSection":["Haberler"],"inLanguage":"qt","potentialAction":[{"@type":"CommentAction","name":"Comment","target":["https:\/\/qtmm.org\/qt\/saq-regional-meclisi-qirimnin-butun-yerli-milliy-idare-organlarini-oz-hududlarinda-asilinda-qirim-sakinlerini-qanunsiz-seferber-etuv-sekili-olgan-qirim-gonulli-qoruyicilar-ni-teskil-etmele\/#respond"]}]},{"@type":"WebPage","@id":"https:\/\/qtmm.org\/qt\/saq-regional-meclisi-qirimnin-butun-yerli-milliy-idare-organlarini-oz-hududlarinda-asilinda-qirim-sakinlerini-qanunsiz-seferber-etuv-sekili-olgan-qirim-gonulli-qoruyicilar-ni-teskil-etmele\/","url":"https:\/\/qtmm.org\/qt\/saq-regional-meclisi-qirimnin-butun-yerli-milliy-idare-organlarini-oz-hududlarinda-asilinda-qirim-sakinlerini-qanunsiz-seferber-etuv-sekili-olgan-qirim-gonulli-qoruyicilar-ni-teskil-etmele\/","name":"Saq regional meclisi Q\u0131r\u0131mn\u0131\u00f1 b\u00fct\u00fcn yerli milliy idare organlar\u0131n\u0131 \u00f6z hududlar\u0131nda as\u0131l\u0131nda Q\u0131r\u0131m sakinlerini qanuns\u0131z seferber et\u00fcv \u015fekili ol\u011fan \u00abQ\u0131r\u0131m g\u00f6\u00f1\u00fclli qoruy\u0131c\u0131lar\u00bb n\u0131 te\u015fkil etmelerini toqtatma\u011fa \u00e7a\u011f\u0131rd\u0131lar - \u041c\u0435\u0434\u0436\u043b\u0456\u0441","isPartOf":{"@id":"https:\/\/qtmm.org\/qt\/#website"},"primaryImageOfPage":{"@id":"https:\/\/qtmm.org\/qt\/saq-regional-meclisi-qirimnin-butun-yerli-milliy-idare-organlarini-oz-hududlarinda-asilinda-qirim-sakinlerini-qanunsiz-seferber-etuv-sekili-olgan-qirim-gonulli-qoruyicilar-ni-teskil-etmele\/#primaryimage"},"image":{"@id":"https:\/\/qtmm.org\/qt\/saq-regional-meclisi-qirimnin-butun-yerli-milliy-idare-organlarini-oz-hududlarinda-asilinda-qirim-sakinlerini-qanunsiz-seferber-etuv-sekili-olgan-qirim-gonulli-qoruyicilar-ni-teskil-etmele\/#primaryimage"},"thumbnailUrl":"https:\/\/qtmm.org\/wp-content\/uploads\/2022\/01\/photo_2_4.jpeg","datePublished":"2014-02-10T14:41:00+00:00","dateModified":"2022-01-27T14:43:26+00:00","breadcrumb":{"@id":"https:\/\/qtmm.org\/qt\/saq-regional-meclisi-qirimnin-butun-yerli-milliy-idare-organlarini-oz-hududlarinda-asilinda-qirim-sakinlerini-qanunsiz-seferber-etuv-sekili-olgan-qirim-gonulli-qoruyicilar-ni-teskil-etmele\/#breadcrumb"},"inLanguage":"qt","potentialAction":[{"@type":"ReadAction","target":["https:\/\/qtmm.org\/qt\/saq-regional-meclisi-qirimnin-butun-yerli-milliy-idare-organlarini-oz-hududlarinda-asilinda-qirim-sakinlerini-qanunsiz-seferber-etuv-sekili-olgan-qirim-gonulli-qoruyicilar-ni-teskil-etmele\/"]}]},{"@type":"ImageObject","inLanguage":"qt","@id":"https:\/\/qtmm.org\/qt\/saq-regional-meclisi-qirimnin-butun-yerli-milliy-idare-organlarini-oz-hududlarinda-asilinda-qirim-sakinlerini-qanunsiz-seferber-etuv-sekili-olgan-qirim-gonulli-qoruyicilar-ni-teskil-etmele\/#primaryimage","url":"https:\/\/qtmm.org\/wp-content\/uploads\/2022\/01\/photo_2_4.jpeg","contentUrl":"https:\/\/qtmm.org\/wp-content\/uploads\/2022\/01\/photo_2_4.jpeg","width":800,"height":449},{"@type":"BreadcrumbList","@id":"https:\/\/qtmm.org\/qt\/saq-regional-meclisi-qirimnin-butun-yerli-milliy-idare-organlarini-oz-hududlarinda-asilinda-qirim-sakinlerini-qanunsiz-seferber-etuv-sekili-olgan-qirim-gonulli-qoruyicilar-ni-teskil-etmele\/#breadcrumb","itemListElement":[{"@type":"ListItem","position":1,"name":"\u0413\u043e\u043b\u043e\u0432\u043d\u0430","item":"https:\/\/qtmm.org\/qt\/"},{"@type":"ListItem","position":2,"name":"Saq regional meclisi Q\u0131r\u0131mn\u0131\u00f1 b\u00fct\u00fcn yerli milliy idare organlar\u0131n\u0131 \u00f6z hududlar\u0131nda as\u0131l\u0131nda Q\u0131r\u0131m sakinlerini qanuns\u0131z seferber et\u00fcv \u015fekili ol\u011fan \u00abQ\u0131r\u0131m g\u00f6\u00f1\u00fclli qoruy\u0131c\u0131lar\u00bb n\u0131 te\u015fkil etmelerini toqtatma\u011fa \u00e7a\u011f\u0131rd\u0131lar"}]},{"@type":"WebSite","@id":"https:\/\/qtmm.org\/qt\/#website","url":"https:\/\/qtmm.org\/qt\/","name":"\u041c\u0435\u0434\u0436\u043b\u0456\u0441","description":"","publisher":{"@id":"https:\/\/qtmm.org\/qt\/#organization"},"potentialAction":[{"@type":"SearchAction","target":{"@type":"EntryPoint","urlTemplate":"https:\/\/qtmm.org\/qt\/?s={search_term_string}"},"query-input":{"@type":"PropertyValueSpecification","valueRequired":true,"valueName":"search_term_string"}}],"inLanguage":"qt"},{"@type":"Organization","@id":"https:\/\/qtmm.org\/qt\/#organization","name":"\u041c\u0435\u0434\u0436\u043b\u0456\u0441","url":"https:\/\/qtmm.org\/qt\/","logo":{"@type":"ImageObject","inLanguage":"qt","@id":"https:\/\/qtmm.org\/qt\/#\/schema\/logo\/image\/","url":"https:\/\/qtmm.org\/wp-content\/uploads\/2024\/12\/ua-mejlis-logo-rgb.svg","contentUrl":"https:\/\/qtmm.org\/wp-content\/uploads\/2024\/12\/ua-mejlis-logo-rgb.svg","caption":"\u041c\u0435\u0434\u0436\u043b\u0456\u0441"},"image":{"@id":"https:\/\/qtmm.org\/qt\/#\/schema\/logo\/image\/"},"sameAs":["https:\/\/www.facebook.com\/qtmm.info\/"]},{"@type":"Person","@id":"https:\/\/qtmm.org\/qt\/#\/schema\/person\/de562469f971dec226ac06e60bbf74a7","name":"Developer","image":{"@type":"ImageObject","inLanguage":"qt","@id":"https:\/\/secure.gravatar.com\/avatar\/392b4cc8fbfeb00b39dfeeab4ee6edded39ffd48e25858637e4765810300227e?s=96&d=mm&r=g","url":"https:\/\/secure.gravatar.com\/avatar\/392b4cc8fbfeb00b39dfeeab4ee6edded39ffd48e25858637e4765810300227e?s=96&d=mm&r=g","contentUrl":"https:\/\/secure.gravatar.com\/avatar\/392b4cc8fbfeb00b39dfeeab4ee6edded39ffd48e25858637e4765810300227e?s=96&d=mm&r=g","caption":"Developer"},"url":"https:\/\/qtmm.org\/qt\/author\/Developer\/"}]}},"_links":{"self":[{"href":"https:\/\/qtmm.org\/qt\/wp-json\/wp\/v2\/posts\/43041","targetHints":{"allow":["GET"]}}],"collection":[{"href":"https:\/\/qtmm.org\/qt\/wp-json\/wp\/v2\/posts"}],"about":[{"href":"https:\/\/qtmm.org\/qt\/wp-json\/wp\/v2\/types\/post"}],"author":[{"embeddable":true,"href":"https:\/\/qtmm.org\/qt\/wp-json\/wp\/v2\/users\/1"}],"replies":[{"embeddable":true,"href":"https:\/\/qtmm.org\/qt\/wp-json\/wp\/v2\/comments?post=43041"}],"version-history":[{"count":1,"href":"https:\/\/qtmm.org\/qt\/wp-json\/wp\/v2\/posts\/43041\/revisions"}],"predecessor-version":[{"id":43054,"href":"https:\/\/qtmm.org\/qt\/wp-json\/wp\/v2\/posts\/43041\/revisions\/43054"}],"wp:featuredmedia":[{"embeddable":true,"href":"https:\/\/qtmm.org\/qt\/wp-json\/wp\/v2\/media\/43042"}],"wp:attachment":[{"href":"https:\/\/qtmm.org\/qt\/wp-json\/wp\/v2\/media?parent=43041"}],"wp:term":[{"taxonomy":"category","embeddable":true,"href":"https:\/\/qtmm.org\/qt\/wp-json\/wp\/v2\/categories?post=43041"},{"taxonomy":"post_tag","embeddable":true,"href":"https:\/\/qtmm.org\/qt\/wp-json\/wp\/v2\/tags?post=43041"}],"curies":[{"name":"wp","href":"https:\/\/api.w.org\/{rel}","templated":true}]}}