




{"id":43035,"date":"2014-02-08T17:40:00","date_gmt":"2014-02-08T14:40:00","guid":{"rendered":"http:\/\/qtmm.org\/?p=43035"},"modified":"2022-01-27T17:41:48","modified_gmt":"2022-01-27T14:41:48","slug":"aqmescitte-yevromaydan-krim-butunqirim-forumi-otkerildi","status":"publish","type":"post","link":"https:\/\/qtmm.org\/qt\/aqmescitte-yevromaydan-krim-butunqirim-forumi-otkerildi\/","title":{"rendered":"Aqmescitte \u00abYevromaydan-Kr\u0131m\u00bb B\u00fct\u00fcnq\u0131r\u0131m forum\u0131 \u00f6tkerildi"},"content":{"rendered":"\n<p>2014 senesi fevral 8 k\u00fcn\u00fc Aqmescitte \u00f6tkerilgen &#8220;Yevromaydan-Kr\u0131m&#8221; B\u00fct\u00fcnq\u0131r\u0131m i\u00e7timaiy-siyasiy te\u015febb\u00fcsler forum\u0131nda Q\u0131r\u0131mn\u0131\u00f1 \u00e7e\u015fit k\u00f6\u015felerinden kelgen Yevromaydan faalleri, bun\u0131\u00f1 kibi de Mecli K\u00e2tibiyetini\u00f1 ba\u015f\u0131 Dil\u00e2ver Akiyev, Meclis azalar\u0131 Abduraman Egiz ve Eskender Bariyev, Q\u0131r\u0131m Yuqar\u0131 \u015euras\u0131 &#8220;Kurultay-Ruh&#8221; fraktsiyas\u0131n\u0131\u00f1 deputat\u0131 Leonid Pilunskiy i\u015ftirak ettiler.<\/p>\n\n\n\n<p>Dil\u00e2ver Akiyevni\u00f1 s\u00f6zlerine k\u00f6re ba\u015fta forumn\u0131 Subaylar evinde ke\u00e7irmek planla\u015ft\u0131r\u0131l\u0131p, sabadan anda insanlar topla\u015ft\u0131, l\u00e2kin binan\u0131\u00f1 kiralanmas\u0131 a\u00f1la\u015f\u0131l\u011fan\u0131na baqmadan qap\u0131s\u0131 qapal\u0131 ve \u00fcst\u00fcnde &#8220;Raatl\u0131q k\u00fcn\u00fc&#8221; dep yaz\u0131l\u011fan tahta as\u0131l\u0131 edi.<\/p>\n\n\n\n<p>&#8220;Forum i\u015ftirak\u00e7ilerini bina i\u00e7ine kirsetmediler ve olar Ukraina Prezidentini\u00f1 Q\u0131r\u0131mdaki daimiy vek\u00e2letligini\u00f1 ofisi yan\u0131na bar\u0131p, tedbirni anda ke\u00e7irdiler, &#8211; dedi Akiyev. \u2013 Forum ba\u015flan\u011fan so\u00f1 o yerge &#8220;Russkoye yedinstvo&#8221;, &#8220;Russkiy blok&#8221;, &#8220;Stop-Maydan&#8221; faalleri, kommunistler keldiler. Yevromaydan faallerini\u00f1 \u00e7\u0131q\u0131\u015flar\u0131n\u0131 bast\u0131rmaq i\u00e7\u00fcn olar arabalar\u0131n\u0131\u00f1 i\u00e7inden muz\u0131ka qoy\u0131p, ayn\u0131 zamanda &#8220;Bandera ke\u00e7mez&#8221;, &#8220;Fa\u015fizm ke\u00e7mez&#8221; dep q\u0131\u00e7\u0131rd\u0131lar. Amma Forum i\u015ftirak\u00e7ileri bu fesatqa seslenmediler.<\/p>\n\n\n\n<p>Milliy Meclis ad\u0131ndan forumda Abduraman Egiz \u00e7\u0131q\u0131\u015fta bulun\u0131p: &#8220;Yevromaydan devlette do\u011fru ve a\u00e7\u0131q qaidelerine qoltutqan insanlarn\u0131 temsil ete, demek naraz\u0131l\u0131q da avropacas\u0131na yani zorbal\u0131qs\u0131z olmad\u0131d\u0131r, &#8211; dedi Meclis azas\u0131 Abduraman Egiz. \u2013 Yevromaydan &#8211; bu ukrain halq\u0131n\u0131\u00f1 avropacas\u0131na kelecekke aqq\u0131n\u0131\u00f1 numay\u0131\u015f\u0131d\u0131r. Biz a\u00f1lamal\u0131m\u0131z ki, de\u00f1i\u015fme yal\u0131\u00f1\u0131z devlet akimiyeti qurum\u0131nda degil de, ba\u015fta insanlarn\u0131\u00f1 a\u00f1\u0131nda y\u00fcz bermeli&#8221;.<br><br>Abduraman Egiz \u015fun\u0131 da qayd etti ki &#8220;Kiyevde Yevromaydanda tur\u011fan fedaiy insanlarn\u0131\u00f1 sayesinde de\u00f1i\u015fmeler elde etildi. Amma biz bu de\u00f1i\u015fmeler t\u0131n\u00e7 yolnen yap\u0131lmas\u0131n\u0131\u00f1 tarafdarlar\u0131m\u0131z. Biz, Q\u0131r\u0131mtatar halq\u0131n\u0131\u00f1 Meclisi, zorbal\u0131q usullar\u0131na qar\u015f\u0131m\u0131z, memuriy binalarn\u0131\u00f1 i\u015f\u011fal etilmesine qar\u015f\u0131m\u0131z. Devlet \u00e7al\u0131\u015fmaq, devlet organlar\u0131 \u00f6z vazifelerini eda etmek kerekler. Biz davalar avropacas\u0131na \u00e7ezilmesini isteymiz. \u00d6z aqlar\u0131m\u0131z i\u00e7\u00fcn avropacas\u0131na, k\u00fc\u00e7 i\u015fletmeden k\u00fcre\u015f\u00e7mege isteymiz&#8221;.<\/p>\n\n\n\n<p>Tedbirni\u00f1 so\u00f1unda bira\u011f\u0131zdan qarar qabul etildi.<\/p>\n\n\n\n<p class=\"has-text-align-right\"><strong>Resim<\/strong>:&nbsp;&nbsp;<a href=\"http:\/\/15minut.org\/\" target=\"_blank\" rel=\"noreferrer noopener\">15minut.org<\/a><\/p>\n","protected":false},"excerpt":{"rendered":"<p>2014 senesi fevral 8 k\u00fcn\u00fc Aqmescitte \u00f6tkerilgen &#8220;Yevromaydan-Kr\u0131m&#8221; B\u00fct\u00fcnq\u0131r\u0131m i\u00e7timaiy-siyasiy te\u015febb\u00fcsler forum\u0131nda Q\u0131r\u0131mn\u0131\u00f1 \u00e7e\u015fit k\u00f6\u015felerinden kelgen Yevromaydan faalleri, bun\u0131\u00f1 kibi de Mecli K\u00e2tibiyetini\u00f1 ba\u015f\u0131 Dil\u00e2ver Akiyev, Meclis azalar\u0131 Abduraman Egiz ve Eskender Bariyev, Q\u0131r\u0131m Yuqar\u0131 \u015euras\u0131 &#8220;Kurultay-Ruh&#8221; fraktsiyas\u0131n\u0131\u00f1 deputat\u0131 Leonid Pilunskiy i\u015ftirak ettiler. Dil\u00e2ver Akiyevni\u00f1 s\u00f6zlerine k\u00f6re ba\u015fta forumn\u0131 Subaylar evinde ke\u00e7irmek planla\u015ft\u0131r\u0131l\u0131p, sabadan anda [&hellip;]<\/p>\n","protected":false},"author":1,"featured_media":43036,"comment_status":"open","ping_status":"open","sticky":false,"template":"","format":"standard","meta":{"inline_featured_image":false,"footnotes":""},"categories":[265],"tags":[],"class_list":["post-43035","post","type-post","status-publish","format-standard","has-post-thumbnail","hentry","category-haberler"],"acf":[],"yoast_head":"<!-- This site is optimized with the Yoast SEO plugin v27.4 - https:\/\/yoast.com\/product\/yoast-seo-wordpress\/ -->\n<title>Aqmescitte \u00abYevromaydan-Kr\u0131m\u00bb B\u00fct\u00fcnq\u0131r\u0131m forum\u0131 \u00f6tkerildi - \u041c\u0435\u0434\u0436\u043b\u0456\u0441<\/title>\n<meta name=\"robots\" content=\"index, follow, max-snippet:-1, max-image-preview:large, max-video-preview:-1\" \/>\n<link rel=\"canonical\" href=\"https:\/\/qtmm.org\/qt\/aqmescitte-yevromaydan-krim-butunqirim-forumi-otkerildi\/\" \/>\n<meta property=\"og:locale\" content=\"en_US\" \/>\n<meta property=\"og:type\" content=\"article\" \/>\n<meta property=\"og:title\" content=\"Aqmescitte \u00abYevromaydan-Kr\u0131m\u00bb B\u00fct\u00fcnq\u0131r\u0131m forum\u0131 \u00f6tkerildi - \u041c\u0435\u0434\u0436\u043b\u0456\u0441\" \/>\n<meta property=\"og:description\" content=\"2014 senesi fevral 8 k\u00fcn\u00fc Aqmescitte \u00f6tkerilgen &#8220;Yevromaydan-Kr\u0131m&#8221; B\u00fct\u00fcnq\u0131r\u0131m i\u00e7timaiy-siyasiy te\u015febb\u00fcsler forum\u0131nda Q\u0131r\u0131mn\u0131\u00f1 \u00e7e\u015fit k\u00f6\u015felerinden kelgen Yevromaydan faalleri, bun\u0131\u00f1 kibi de Mecli K\u00e2tibiyetini\u00f1 ba\u015f\u0131 Dil\u00e2ver Akiyev, Meclis azalar\u0131 Abduraman Egiz ve Eskender Bariyev, Q\u0131r\u0131m Yuqar\u0131 \u015euras\u0131 &#8220;Kurultay-Ruh&#8221; fraktsiyas\u0131n\u0131\u00f1 deputat\u0131 Leonid Pilunskiy i\u015ftirak ettiler. Dil\u00e2ver Akiyevni\u00f1 s\u00f6zlerine k\u00f6re ba\u015fta forumn\u0131 Subaylar evinde ke\u00e7irmek planla\u015ft\u0131r\u0131l\u0131p, sabadan anda [&hellip;]\" \/>\n<meta property=\"og:url\" content=\"https:\/\/qtmm.org\/qt\/aqmescitte-yevromaydan-krim-butunqirim-forumi-otkerildi\/\" \/>\n<meta property=\"og:site_name\" content=\"\u041c\u0435\u0434\u0436\u043b\u0456\u0441\" \/>\n<meta property=\"article:publisher\" content=\"https:\/\/www.facebook.com\/qtmm.info\/\" \/>\n<meta property=\"article:published_time\" content=\"2014-02-08T14:40:00+00:00\" \/>\n<meta property=\"article:modified_time\" content=\"2022-01-27T14:41:48+00:00\" \/>\n<meta property=\"og:image\" content=\"https:\/\/qtmm.org\/wp-content\/uploads\/2022\/01\/forum_miting2.jpeg\" \/>\n\t<meta property=\"og:image:width\" content=\"650\" \/>\n\t<meta property=\"og:image:height\" content=\"400\" \/>\n\t<meta property=\"og:image:type\" content=\"image\/jpeg\" \/>\n<meta name=\"author\" content=\"Developer\" \/>\n<meta name=\"twitter:card\" content=\"summary_large_image\" \/>\n<meta name=\"twitter:label1\" content=\"Written by\" \/>\n\t<meta name=\"twitter:data1\" content=\"Developer\" \/>\n\t<meta name=\"twitter:label2\" content=\"Est. reading time\" \/>\n\t<meta name=\"twitter:data2\" content=\"2 minutes\" \/>\n<script type=\"application\/ld+json\" class=\"yoast-schema-graph\">{\"@context\":\"https:\\\/\\\/schema.org\",\"@graph\":[{\"@type\":\"Article\",\"@id\":\"https:\\\/\\\/qtmm.org\\\/qt\\\/aqmescitte-yevromaydan-krim-butunqirim-forumi-otkerildi\\\/#article\",\"isPartOf\":{\"@id\":\"https:\\\/\\\/qtmm.org\\\/qt\\\/aqmescitte-yevromaydan-krim-butunqirim-forumi-otkerildi\\\/\"},\"author\":{\"name\":\"Developer\",\"@id\":\"https:\\\/\\\/qtmm.org\\\/qt\\\/#\\\/schema\\\/person\\\/de562469f971dec226ac06e60bbf74a7\"},\"headline\":\"Aqmescitte \u00abYevromaydan-Kr\u0131m\u00bb B\u00fct\u00fcnq\u0131r\u0131m forum\u0131 \u00f6tkerildi\",\"datePublished\":\"2014-02-08T14:40:00+00:00\",\"dateModified\":\"2022-01-27T14:41:48+00:00\",\"mainEntityOfPage\":{\"@id\":\"https:\\\/\\\/qtmm.org\\\/qt\\\/aqmescitte-yevromaydan-krim-butunqirim-forumi-otkerildi\\\/\"},\"wordCount\":389,\"commentCount\":0,\"publisher\":{\"@id\":\"https:\\\/\\\/qtmm.org\\\/qt\\\/#organization\"},\"image\":{\"@id\":\"https:\\\/\\\/qtmm.org\\\/qt\\\/aqmescitte-yevromaydan-krim-butunqirim-forumi-otkerildi\\\/#primaryimage\"},\"thumbnailUrl\":\"https:\\\/\\\/qtmm.org\\\/wp-content\\\/uploads\\\/2022\\\/01\\\/forum_miting2.jpeg\",\"articleSection\":[\"Haberler\"],\"inLanguage\":\"qt\",\"potentialAction\":[{\"@type\":\"CommentAction\",\"name\":\"Comment\",\"target\":[\"https:\\\/\\\/qtmm.org\\\/qt\\\/aqmescitte-yevromaydan-krim-butunqirim-forumi-otkerildi\\\/#respond\"]}]},{\"@type\":\"WebPage\",\"@id\":\"https:\\\/\\\/qtmm.org\\\/qt\\\/aqmescitte-yevromaydan-krim-butunqirim-forumi-otkerildi\\\/\",\"url\":\"https:\\\/\\\/qtmm.org\\\/qt\\\/aqmescitte-yevromaydan-krim-butunqirim-forumi-otkerildi\\\/\",\"name\":\"Aqmescitte \u00abYevromaydan-Kr\u0131m\u00bb B\u00fct\u00fcnq\u0131r\u0131m forum\u0131 \u00f6tkerildi - \u041c\u0435\u0434\u0436\u043b\u0456\u0441\",\"isPartOf\":{\"@id\":\"https:\\\/\\\/qtmm.org\\\/qt\\\/#website\"},\"primaryImageOfPage\":{\"@id\":\"https:\\\/\\\/qtmm.org\\\/qt\\\/aqmescitte-yevromaydan-krim-butunqirim-forumi-otkerildi\\\/#primaryimage\"},\"image\":{\"@id\":\"https:\\\/\\\/qtmm.org\\\/qt\\\/aqmescitte-yevromaydan-krim-butunqirim-forumi-otkerildi\\\/#primaryimage\"},\"thumbnailUrl\":\"https:\\\/\\\/qtmm.org\\\/wp-content\\\/uploads\\\/2022\\\/01\\\/forum_miting2.jpeg\",\"datePublished\":\"2014-02-08T14:40:00+00:00\",\"dateModified\":\"2022-01-27T14:41:48+00:00\",\"breadcrumb\":{\"@id\":\"https:\\\/\\\/qtmm.org\\\/qt\\\/aqmescitte-yevromaydan-krim-butunqirim-forumi-otkerildi\\\/#breadcrumb\"},\"inLanguage\":\"qt\",\"potentialAction\":[{\"@type\":\"ReadAction\",\"target\":[\"https:\\\/\\\/qtmm.org\\\/qt\\\/aqmescitte-yevromaydan-krim-butunqirim-forumi-otkerildi\\\/\"]}]},{\"@type\":\"ImageObject\",\"inLanguage\":\"qt\",\"@id\":\"https:\\\/\\\/qtmm.org\\\/qt\\\/aqmescitte-yevromaydan-krim-butunqirim-forumi-otkerildi\\\/#primaryimage\",\"url\":\"https:\\\/\\\/qtmm.org\\\/wp-content\\\/uploads\\\/2022\\\/01\\\/forum_miting2.jpeg\",\"contentUrl\":\"https:\\\/\\\/qtmm.org\\\/wp-content\\\/uploads\\\/2022\\\/01\\\/forum_miting2.jpeg\",\"width\":650,\"height\":400},{\"@type\":\"BreadcrumbList\",\"@id\":\"https:\\\/\\\/qtmm.org\\\/qt\\\/aqmescitte-yevromaydan-krim-butunqirim-forumi-otkerildi\\\/#breadcrumb\",\"itemListElement\":[{\"@type\":\"ListItem\",\"position\":1,\"name\":\"\u0413\u043e\u043b\u043e\u0432\u043d\u0430\",\"item\":\"https:\\\/\\\/qtmm.org\\\/qt\\\/\"},{\"@type\":\"ListItem\",\"position\":2,\"name\":\"Aqmescitte \u00abYevromaydan-Kr\u0131m\u00bb B\u00fct\u00fcnq\u0131r\u0131m forum\u0131 \u00f6tkerildi\"}]},{\"@type\":\"WebSite\",\"@id\":\"https:\\\/\\\/qtmm.org\\\/qt\\\/#website\",\"url\":\"https:\\\/\\\/qtmm.org\\\/qt\\\/\",\"name\":\"\u041c\u0435\u0434\u0436\u043b\u0456\u0441\",\"description\":\"\",\"publisher\":{\"@id\":\"https:\\\/\\\/qtmm.org\\\/qt\\\/#organization\"},\"potentialAction\":[{\"@type\":\"SearchAction\",\"target\":{\"@type\":\"EntryPoint\",\"urlTemplate\":\"https:\\\/\\\/qtmm.org\\\/qt\\\/?s={search_term_string}\"},\"query-input\":{\"@type\":\"PropertyValueSpecification\",\"valueRequired\":true,\"valueName\":\"search_term_string\"}}],\"inLanguage\":\"qt\"},{\"@type\":\"Organization\",\"@id\":\"https:\\\/\\\/qtmm.org\\\/qt\\\/#organization\",\"name\":\"\u041c\u0435\u0434\u0436\u043b\u0456\u0441\",\"url\":\"https:\\\/\\\/qtmm.org\\\/qt\\\/\",\"logo\":{\"@type\":\"ImageObject\",\"inLanguage\":\"qt\",\"@id\":\"https:\\\/\\\/qtmm.org\\\/qt\\\/#\\\/schema\\\/logo\\\/image\\\/\",\"url\":\"https:\\\/\\\/qtmm.org\\\/wp-content\\\/uploads\\\/2024\\\/12\\\/ua-mejlis-logo-rgb.svg\",\"contentUrl\":\"https:\\\/\\\/qtmm.org\\\/wp-content\\\/uploads\\\/2024\\\/12\\\/ua-mejlis-logo-rgb.svg\",\"caption\":\"\u041c\u0435\u0434\u0436\u043b\u0456\u0441\"},\"image\":{\"@id\":\"https:\\\/\\\/qtmm.org\\\/qt\\\/#\\\/schema\\\/logo\\\/image\\\/\"},\"sameAs\":[\"https:\\\/\\\/www.facebook.com\\\/qtmm.info\\\/\"]},{\"@type\":\"Person\",\"@id\":\"https:\\\/\\\/qtmm.org\\\/qt\\\/#\\\/schema\\\/person\\\/de562469f971dec226ac06e60bbf74a7\",\"name\":\"Developer\",\"image\":{\"@type\":\"ImageObject\",\"inLanguage\":\"qt\",\"@id\":\"https:\\\/\\\/secure.gravatar.com\\\/avatar\\\/392b4cc8fbfeb00b39dfeeab4ee6edded39ffd48e25858637e4765810300227e?s=96&d=mm&r=g\",\"url\":\"https:\\\/\\\/secure.gravatar.com\\\/avatar\\\/392b4cc8fbfeb00b39dfeeab4ee6edded39ffd48e25858637e4765810300227e?s=96&d=mm&r=g\",\"contentUrl\":\"https:\\\/\\\/secure.gravatar.com\\\/avatar\\\/392b4cc8fbfeb00b39dfeeab4ee6edded39ffd48e25858637e4765810300227e?s=96&d=mm&r=g\",\"caption\":\"Developer\"},\"url\":\"https:\\\/\\\/qtmm.org\\\/qt\\\/author\\\/Developer\\\/\"}]}<\/script>\n<!-- \/ Yoast SEO plugin. -->","yoast_head_json":{"title":"Aqmescitte \u00abYevromaydan-Kr\u0131m\u00bb B\u00fct\u00fcnq\u0131r\u0131m forum\u0131 \u00f6tkerildi - \u041c\u0435\u0434\u0436\u043b\u0456\u0441","robots":{"index":"index","follow":"follow","max-snippet":"max-snippet:-1","max-image-preview":"max-image-preview:large","max-video-preview":"max-video-preview:-1"},"canonical":"https:\/\/qtmm.org\/qt\/aqmescitte-yevromaydan-krim-butunqirim-forumi-otkerildi\/","og_locale":"en_US","og_type":"article","og_title":"Aqmescitte \u00abYevromaydan-Kr\u0131m\u00bb B\u00fct\u00fcnq\u0131r\u0131m forum\u0131 \u00f6tkerildi - \u041c\u0435\u0434\u0436\u043b\u0456\u0441","og_description":"2014 senesi fevral 8 k\u00fcn\u00fc Aqmescitte \u00f6tkerilgen &#8220;Yevromaydan-Kr\u0131m&#8221; B\u00fct\u00fcnq\u0131r\u0131m i\u00e7timaiy-siyasiy te\u015febb\u00fcsler forum\u0131nda Q\u0131r\u0131mn\u0131\u00f1 \u00e7e\u015fit k\u00f6\u015felerinden kelgen Yevromaydan faalleri, bun\u0131\u00f1 kibi de Mecli K\u00e2tibiyetini\u00f1 ba\u015f\u0131 Dil\u00e2ver Akiyev, Meclis azalar\u0131 Abduraman Egiz ve Eskender Bariyev, Q\u0131r\u0131m Yuqar\u0131 \u015euras\u0131 &#8220;Kurultay-Ruh&#8221; fraktsiyas\u0131n\u0131\u00f1 deputat\u0131 Leonid Pilunskiy i\u015ftirak ettiler. Dil\u00e2ver Akiyevni\u00f1 s\u00f6zlerine k\u00f6re ba\u015fta forumn\u0131 Subaylar evinde ke\u00e7irmek planla\u015ft\u0131r\u0131l\u0131p, sabadan anda [&hellip;]","og_url":"https:\/\/qtmm.org\/qt\/aqmescitte-yevromaydan-krim-butunqirim-forumi-otkerildi\/","og_site_name":"\u041c\u0435\u0434\u0436\u043b\u0456\u0441","article_publisher":"https:\/\/www.facebook.com\/qtmm.info\/","article_published_time":"2014-02-08T14:40:00+00:00","article_modified_time":"2022-01-27T14:41:48+00:00","og_image":[{"width":650,"height":400,"url":"https:\/\/qtmm.org\/wp-content\/uploads\/2022\/01\/forum_miting2.jpeg","type":"image\/jpeg"}],"author":"Developer","twitter_card":"summary_large_image","twitter_misc":{"Written by":"Developer","Est. reading time":"2 minutes"},"schema":{"@context":"https:\/\/schema.org","@graph":[{"@type":"Article","@id":"https:\/\/qtmm.org\/qt\/aqmescitte-yevromaydan-krim-butunqirim-forumi-otkerildi\/#article","isPartOf":{"@id":"https:\/\/qtmm.org\/qt\/aqmescitte-yevromaydan-krim-butunqirim-forumi-otkerildi\/"},"author":{"name":"Developer","@id":"https:\/\/qtmm.org\/qt\/#\/schema\/person\/de562469f971dec226ac06e60bbf74a7"},"headline":"Aqmescitte \u00abYevromaydan-Kr\u0131m\u00bb B\u00fct\u00fcnq\u0131r\u0131m forum\u0131 \u00f6tkerildi","datePublished":"2014-02-08T14:40:00+00:00","dateModified":"2022-01-27T14:41:48+00:00","mainEntityOfPage":{"@id":"https:\/\/qtmm.org\/qt\/aqmescitte-yevromaydan-krim-butunqirim-forumi-otkerildi\/"},"wordCount":389,"commentCount":0,"publisher":{"@id":"https:\/\/qtmm.org\/qt\/#organization"},"image":{"@id":"https:\/\/qtmm.org\/qt\/aqmescitte-yevromaydan-krim-butunqirim-forumi-otkerildi\/#primaryimage"},"thumbnailUrl":"https:\/\/qtmm.org\/wp-content\/uploads\/2022\/01\/forum_miting2.jpeg","articleSection":["Haberler"],"inLanguage":"qt","potentialAction":[{"@type":"CommentAction","name":"Comment","target":["https:\/\/qtmm.org\/qt\/aqmescitte-yevromaydan-krim-butunqirim-forumi-otkerildi\/#respond"]}]},{"@type":"WebPage","@id":"https:\/\/qtmm.org\/qt\/aqmescitte-yevromaydan-krim-butunqirim-forumi-otkerildi\/","url":"https:\/\/qtmm.org\/qt\/aqmescitte-yevromaydan-krim-butunqirim-forumi-otkerildi\/","name":"Aqmescitte \u00abYevromaydan-Kr\u0131m\u00bb B\u00fct\u00fcnq\u0131r\u0131m forum\u0131 \u00f6tkerildi - \u041c\u0435\u0434\u0436\u043b\u0456\u0441","isPartOf":{"@id":"https:\/\/qtmm.org\/qt\/#website"},"primaryImageOfPage":{"@id":"https:\/\/qtmm.org\/qt\/aqmescitte-yevromaydan-krim-butunqirim-forumi-otkerildi\/#primaryimage"},"image":{"@id":"https:\/\/qtmm.org\/qt\/aqmescitte-yevromaydan-krim-butunqirim-forumi-otkerildi\/#primaryimage"},"thumbnailUrl":"https:\/\/qtmm.org\/wp-content\/uploads\/2022\/01\/forum_miting2.jpeg","datePublished":"2014-02-08T14:40:00+00:00","dateModified":"2022-01-27T14:41:48+00:00","breadcrumb":{"@id":"https:\/\/qtmm.org\/qt\/aqmescitte-yevromaydan-krim-butunqirim-forumi-otkerildi\/#breadcrumb"},"inLanguage":"qt","potentialAction":[{"@type":"ReadAction","target":["https:\/\/qtmm.org\/qt\/aqmescitte-yevromaydan-krim-butunqirim-forumi-otkerildi\/"]}]},{"@type":"ImageObject","inLanguage":"qt","@id":"https:\/\/qtmm.org\/qt\/aqmescitte-yevromaydan-krim-butunqirim-forumi-otkerildi\/#primaryimage","url":"https:\/\/qtmm.org\/wp-content\/uploads\/2022\/01\/forum_miting2.jpeg","contentUrl":"https:\/\/qtmm.org\/wp-content\/uploads\/2022\/01\/forum_miting2.jpeg","width":650,"height":400},{"@type":"BreadcrumbList","@id":"https:\/\/qtmm.org\/qt\/aqmescitte-yevromaydan-krim-butunqirim-forumi-otkerildi\/#breadcrumb","itemListElement":[{"@type":"ListItem","position":1,"name":"\u0413\u043e\u043b\u043e\u0432\u043d\u0430","item":"https:\/\/qtmm.org\/qt\/"},{"@type":"ListItem","position":2,"name":"Aqmescitte \u00abYevromaydan-Kr\u0131m\u00bb B\u00fct\u00fcnq\u0131r\u0131m forum\u0131 \u00f6tkerildi"}]},{"@type":"WebSite","@id":"https:\/\/qtmm.org\/qt\/#website","url":"https:\/\/qtmm.org\/qt\/","name":"\u041c\u0435\u0434\u0436\u043b\u0456\u0441","description":"","publisher":{"@id":"https:\/\/qtmm.org\/qt\/#organization"},"potentialAction":[{"@type":"SearchAction","target":{"@type":"EntryPoint","urlTemplate":"https:\/\/qtmm.org\/qt\/?s={search_term_string}"},"query-input":{"@type":"PropertyValueSpecification","valueRequired":true,"valueName":"search_term_string"}}],"inLanguage":"qt"},{"@type":"Organization","@id":"https:\/\/qtmm.org\/qt\/#organization","name":"\u041c\u0435\u0434\u0436\u043b\u0456\u0441","url":"https:\/\/qtmm.org\/qt\/","logo":{"@type":"ImageObject","inLanguage":"qt","@id":"https:\/\/qtmm.org\/qt\/#\/schema\/logo\/image\/","url":"https:\/\/qtmm.org\/wp-content\/uploads\/2024\/12\/ua-mejlis-logo-rgb.svg","contentUrl":"https:\/\/qtmm.org\/wp-content\/uploads\/2024\/12\/ua-mejlis-logo-rgb.svg","caption":"\u041c\u0435\u0434\u0436\u043b\u0456\u0441"},"image":{"@id":"https:\/\/qtmm.org\/qt\/#\/schema\/logo\/image\/"},"sameAs":["https:\/\/www.facebook.com\/qtmm.info\/"]},{"@type":"Person","@id":"https:\/\/qtmm.org\/qt\/#\/schema\/person\/de562469f971dec226ac06e60bbf74a7","name":"Developer","image":{"@type":"ImageObject","inLanguage":"qt","@id":"https:\/\/secure.gravatar.com\/avatar\/392b4cc8fbfeb00b39dfeeab4ee6edded39ffd48e25858637e4765810300227e?s=96&d=mm&r=g","url":"https:\/\/secure.gravatar.com\/avatar\/392b4cc8fbfeb00b39dfeeab4ee6edded39ffd48e25858637e4765810300227e?s=96&d=mm&r=g","contentUrl":"https:\/\/secure.gravatar.com\/avatar\/392b4cc8fbfeb00b39dfeeab4ee6edded39ffd48e25858637e4765810300227e?s=96&d=mm&r=g","caption":"Developer"},"url":"https:\/\/qtmm.org\/qt\/author\/Developer\/"}]}},"_links":{"self":[{"href":"https:\/\/qtmm.org\/qt\/wp-json\/wp\/v2\/posts\/43035","targetHints":{"allow":["GET"]}}],"collection":[{"href":"https:\/\/qtmm.org\/qt\/wp-json\/wp\/v2\/posts"}],"about":[{"href":"https:\/\/qtmm.org\/qt\/wp-json\/wp\/v2\/types\/post"}],"author":[{"embeddable":true,"href":"https:\/\/qtmm.org\/qt\/wp-json\/wp\/v2\/users\/1"}],"replies":[{"embeddable":true,"href":"https:\/\/qtmm.org\/qt\/wp-json\/wp\/v2\/comments?post=43035"}],"version-history":[{"count":1,"href":"https:\/\/qtmm.org\/qt\/wp-json\/wp\/v2\/posts\/43035\/revisions"}],"predecessor-version":[{"id":43040,"href":"https:\/\/qtmm.org\/qt\/wp-json\/wp\/v2\/posts\/43035\/revisions\/43040"}],"wp:featuredmedia":[{"embeddable":true,"href":"https:\/\/qtmm.org\/qt\/wp-json\/wp\/v2\/media\/43036"}],"wp:attachment":[{"href":"https:\/\/qtmm.org\/qt\/wp-json\/wp\/v2\/media?parent=43035"}],"wp:term":[{"taxonomy":"category","embeddable":true,"href":"https:\/\/qtmm.org\/qt\/wp-json\/wp\/v2\/categories?post=43035"},{"taxonomy":"post_tag","embeddable":true,"href":"https:\/\/qtmm.org\/qt\/wp-json\/wp\/v2\/tags?post=43035"}],"curies":[{"name":"wp","href":"https:\/\/api.w.org\/{rel}","templated":true}]}}