




{"id":43029,"date":"2014-02-06T17:39:00","date_gmt":"2014-02-06T14:39:00","guid":{"rendered":"http:\/\/qtmm.org\/?p=43029"},"modified":"2022-01-27T17:40:46","modified_gmt":"2022-01-27T14:40:46","slug":"mustafa-cemilev-ukraina-yuqari-surasinda-i-gasprinskiy-vefatinin-100-yilligina-cafer-seydamet-dogganinin-125-yilligi-ve-uzbek-han-camisinin-700-yilligina-bagislangan-hatira-tedbirlerni-keciruv-boyun","status":"publish","type":"post","link":"https:\/\/qtmm.org\/qt\/mustafa-cemilev-ukraina-yuqari-surasinda-i-gasprinskiy-vefatinin-100-yilligina-cafer-seydamet-dogganinin-125-yilligi-ve-uzbek-han-camisinin-700-yilligina-bagislangan-hatira-tedbirlerni-keciruv-boyun\/","title":{"rendered":"Mustafa Cemilev Ukraina Yuqar\u0131 \u015euras\u0131nda \u0130. Gasprinskiy vefat\u0131n\u0131\u00f1 100 y\u0131ll\u0131\u011f\u0131na, Cafer Seydamet do\u011f\u011fan\u0131n\u0131\u00f1 125 y\u0131ll\u0131\u011f\u0131 ve \u00dczbek han camisini\u00f1 700 y\u0131ll\u0131\u011f\u0131na ba\u011f\u0131\u015flan\u011fan hat\u0131ra tedbirlerni ke\u00e7ir\u00fcv boyunca qararlar leyhas\u0131n\u0131 qayd ettirdi"},"content":{"rendered":"\n<p>2014 senesi fevral 4 k\u00fcn\u00fc Ukraina halq deputat\u0131 Mustafa Cemilev Ukraina Yuqar\u0131 \u015euras\u0131nda \u0130. Gasprinskiy vefat\u0131n\u0131\u00f1 100 y\u0131ll\u0131\u011f\u0131na, Cafer Seydamet Q\u0131r\u0131mer do\u011f\u011fan\u0131n\u0131\u00f1 125 y\u0131ll\u0131\u011f\u0131na ve \u00dczbek han camisini\u00f1 700 y\u0131ll\u0131\u011f\u0131na ba\u011f\u0131\u015flan\u011fan hat\u0131ra tedbirlerni devlet seviyesinde ke\u00e7ir\u00fcv boyunca qararlar leyhas\u0131n\u0131 qayd ettirdi. So\u00f1ki vesiqan\u0131 M. Cemilev Ukraina parlamentine Ukraina halq deputat\u0131 V\u00e2\u00e7eslav Kirilenko ile beraberlikte taqdim etildi. Bu aqta\u00a0Ukraina halq deputat\u0131n\u0131\u00f1 sayt\u0131 haber bere.<\/p>\n\n\n\n<figure class=\"wp-block-image size-full\"><img loading=\"lazy\" decoding=\"async\" width=\"650\" height=\"313\" src=\"http:\/\/qtmm.org\/wp-content\/uploads\/2022\/01\/gasprinsky_seydamet_han_uzbek_medrese.jpeg\" alt=\"\" class=\"wp-image-43030\" srcset=\"https:\/\/qtmm.org\/wp-content\/uploads\/2022\/01\/gasprinsky_seydamet_han_uzbek_medrese.jpeg 650w, https:\/\/qtmm.org\/wp-content\/uploads\/2022\/01\/gasprinsky_seydamet_han_uzbek_medrese-300x144.jpeg 300w\" sizes=\"auto, (max-width: 650px) 100vw, 650px\" \/><\/figure>\n\n\n\n<p>\u015eun\u0131 da qayd etmeli ki, \u0130smail Gasprinskiy vefat\u0131n\u0131\u00f1 100 y\u0131ll\u0131\u011f\u0131 munasebetinen hat\u0131ra tedbirlerini ke\u00e7ir\u00fcv boyunca qarar leyhas\u0131nen Ukraina Nazirligi kabinetine tedbirlerni az\u0131rlav, ke\u00e7ir\u00fcv ve finansirlev plan\u0131n\u0131 i\u015flemek ve tasdiqlamaq, te\u015fkiliy komitetni meydan\u011fa ketirmek tevsiye etildi.<\/p>\n\n\n\n<p>Bundan da \u011fayr\u0131 Ukraina televideniye ve radio devlet komitetine q\u0131r\u0131mtatar halq\u0131n\u0131\u00f1 ulu m\u00fctefekkiri, cemaat ve medeniyet erbab\u0131, b\u00fcy\u00fck t\u00fcrk felsefecisi, yaz\u0131c\u0131 ve na\u015f\u0131r\u0131na ba\u011f\u0131\u015flan\u011fan tedbir ve yay\u0131nlarn\u0131 k\u00fctleviy matbuat vastalar\u0131nda ayd\u0131nlat\u0131lmas\u0131n\u0131 teminlemek, Ukraina Milliy bank\u0131na \u0130smail Gasprinskiy vefat\u0131n\u0131\u00f1 100 y\u0131ll\u0131\u011f\u0131 munasebetinen yubiley kapigini darp ettirmek ve qullanuv\u011fa kirsetmek, &#8220;Ukrpo\u00e7ta&#8221;\u011fa ise po\u00e7ta markalar\u0131n\u0131 \u00e7\u0131qarmaq tevsiye etildi.<\/p>\n\n\n\n<p>Qarar leyhas\u0131na k\u00f6re Q\u0131r\u0131m Nazirler \u015furas\u0131 ve yerli milliy idare organlar\u0131na \u0130smail Gasprinskiy vefat\u0131n\u0131\u00f1 100 y\u0131ll\u0131\u011f\u0131 munasebetinen hat\u0131ra tedbirlerini\u00f1 plan\u0131n\u0131 i\u015flemek tevsiye etildi.<\/p>\n\n\n\n<p>Ukraina Yuqar\u0131 \u015euras\u0131 mezk\u00fcr qararlar\u0131n\u0131\u00f1 leyhalar\u0131 ve olar\u011fa il\u00e2ve etilgen izaatlarnen &#8220;Qanun leyhalar\u0131&#8221; (&#8220;Zakonoproyekt\u0131&#8221;) b\u00f6l\u00fcginde tan\u0131\u015f olmaq m\u00fcmk\u00fcn.<\/p>\n","protected":false},"excerpt":{"rendered":"<p>2014 senesi fevral 4 k\u00fcn\u00fc Ukraina halq deputat\u0131 Mustafa Cemilev Ukraina Yuqar\u0131 \u015euras\u0131nda \u0130. Gasprinskiy vefat\u0131n\u0131\u00f1 100 y\u0131ll\u0131\u011f\u0131na, Cafer Seydamet Q\u0131r\u0131mer do\u011f\u011fan\u0131n\u0131\u00f1 125 y\u0131ll\u0131\u011f\u0131na ve \u00dczbek han camisini\u00f1 700 y\u0131ll\u0131\u011f\u0131na ba\u011f\u0131\u015flan\u011fan hat\u0131ra tedbirlerni devlet seviyesinde ke\u00e7ir\u00fcv boyunca qararlar leyhas\u0131n\u0131 qayd ettirdi. So\u00f1ki vesiqan\u0131 M. Cemilev Ukraina parlamentine Ukraina halq deputat\u0131 V\u00e2\u00e7eslav Kirilenko ile beraberlikte taqdim [&hellip;]<\/p>\n","protected":false},"author":1,"featured_media":0,"comment_status":"open","ping_status":"open","sticky":false,"template":"","format":"standard","meta":{"inline_featured_image":false,"footnotes":""},"categories":[265],"tags":[],"class_list":["post-43029","post","type-post","status-publish","format-standard","hentry","category-haberler"],"acf":[],"yoast_head":"<!-- This site is optimized with the Yoast SEO plugin v27.4 - https:\/\/yoast.com\/product\/yoast-seo-wordpress\/ -->\n<title>Mustafa Cemilev Ukraina Yuqar\u0131 \u015euras\u0131nda \u0130. Gasprinskiy vefat\u0131n\u0131\u00f1 100 y\u0131ll\u0131\u011f\u0131na, Cafer Seydamet do\u011f\u011fan\u0131n\u0131\u00f1 125 y\u0131ll\u0131\u011f\u0131 ve \u00dczbek han camisini\u00f1 700 y\u0131ll\u0131\u011f\u0131na ba\u011f\u0131\u015flan\u011fan hat\u0131ra tedbirlerni ke\u00e7ir\u00fcv boyunca qararlar leyhas\u0131n\u0131 qayd ettirdi - \u041c\u0435\u0434\u0436\u043b\u0456\u0441<\/title>\n<meta name=\"robots\" content=\"index, follow, max-snippet:-1, max-image-preview:large, max-video-preview:-1\" \/>\n<link rel=\"canonical\" href=\"https:\/\/qtmm.org\/qt\/mustafa-cemilev-ukraina-yuqari-surasinda-i-gasprinskiy-vefatinin-100-yilligina-cafer-seydamet-dogganinin-125-yilligi-ve-uzbek-han-camisinin-700-yilligina-bagislangan-hatira-tedbirlerni-keciruv-boyun\/\" \/>\n<meta property=\"og:locale\" content=\"en_US\" \/>\n<meta property=\"og:type\" content=\"article\" \/>\n<meta property=\"og:title\" content=\"Mustafa Cemilev Ukraina Yuqar\u0131 \u015euras\u0131nda \u0130. Gasprinskiy vefat\u0131n\u0131\u00f1 100 y\u0131ll\u0131\u011f\u0131na, Cafer Seydamet do\u011f\u011fan\u0131n\u0131\u00f1 125 y\u0131ll\u0131\u011f\u0131 ve \u00dczbek han camisini\u00f1 700 y\u0131ll\u0131\u011f\u0131na ba\u011f\u0131\u015flan\u011fan hat\u0131ra tedbirlerni ke\u00e7ir\u00fcv boyunca qararlar leyhas\u0131n\u0131 qayd ettirdi - \u041c\u0435\u0434\u0436\u043b\u0456\u0441\" \/>\n<meta property=\"og:description\" content=\"2014 senesi fevral 4 k\u00fcn\u00fc Ukraina halq deputat\u0131 Mustafa Cemilev Ukraina Yuqar\u0131 \u015euras\u0131nda \u0130. Gasprinskiy vefat\u0131n\u0131\u00f1 100 y\u0131ll\u0131\u011f\u0131na, Cafer Seydamet Q\u0131r\u0131mer do\u011f\u011fan\u0131n\u0131\u00f1 125 y\u0131ll\u0131\u011f\u0131na ve \u00dczbek han camisini\u00f1 700 y\u0131ll\u0131\u011f\u0131na ba\u011f\u0131\u015flan\u011fan hat\u0131ra tedbirlerni devlet seviyesinde ke\u00e7ir\u00fcv boyunca qararlar leyhas\u0131n\u0131 qayd ettirdi. So\u00f1ki vesiqan\u0131 M. Cemilev Ukraina parlamentine Ukraina halq deputat\u0131 V\u00e2\u00e7eslav Kirilenko ile beraberlikte taqdim [&hellip;]\" \/>\n<meta property=\"og:url\" content=\"https:\/\/qtmm.org\/qt\/mustafa-cemilev-ukraina-yuqari-surasinda-i-gasprinskiy-vefatinin-100-yilligina-cafer-seydamet-dogganinin-125-yilligi-ve-uzbek-han-camisinin-700-yilligina-bagislangan-hatira-tedbirlerni-keciruv-boyun\/\" \/>\n<meta property=\"og:site_name\" content=\"\u041c\u0435\u0434\u0436\u043b\u0456\u0441\" \/>\n<meta property=\"article:publisher\" content=\"https:\/\/www.facebook.com\/qtmm.info\/\" \/>\n<meta property=\"article:published_time\" content=\"2014-02-06T14:39:00+00:00\" \/>\n<meta property=\"article:modified_time\" content=\"2022-01-27T14:40:46+00:00\" \/>\n<meta property=\"og:image\" content=\"https:\/\/qtmm.org\/wp-content\/uploads\/2022\/01\/gasprinsky_seydamet_han_uzbek_medrese.jpeg\" \/>\n\t<meta property=\"og:image:width\" content=\"650\" \/>\n\t<meta property=\"og:image:height\" content=\"313\" \/>\n\t<meta property=\"og:image:type\" content=\"image\/jpeg\" \/>\n<meta name=\"author\" content=\"Developer\" \/>\n<meta name=\"twitter:card\" content=\"summary_large_image\" \/>\n<meta name=\"twitter:label1\" content=\"Written by\" \/>\n\t<meta name=\"twitter:data1\" content=\"Developer\" \/>\n\t<meta name=\"twitter:label2\" content=\"Est. reading time\" \/>\n\t<meta name=\"twitter:data2\" content=\"1 minute\" \/>\n<script type=\"application\/ld+json\" class=\"yoast-schema-graph\">{\"@context\":\"https:\\\/\\\/schema.org\",\"@graph\":[{\"@type\":\"Article\",\"@id\":\"https:\\\/\\\/qtmm.org\\\/qt\\\/mustafa-cemilev-ukraina-yuqari-surasinda-i-gasprinskiy-vefatinin-100-yilligina-cafer-seydamet-dogganinin-125-yilligi-ve-uzbek-han-camisinin-700-yilligina-bagislangan-hatira-tedbirlerni-keciruv-boyun\\\/#article\",\"isPartOf\":{\"@id\":\"https:\\\/\\\/qtmm.org\\\/qt\\\/mustafa-cemilev-ukraina-yuqari-surasinda-i-gasprinskiy-vefatinin-100-yilligina-cafer-seydamet-dogganinin-125-yilligi-ve-uzbek-han-camisinin-700-yilligina-bagislangan-hatira-tedbirlerni-keciruv-boyun\\\/\"},\"author\":{\"name\":\"Developer\",\"@id\":\"https:\\\/\\\/qtmm.org\\\/qt\\\/#\\\/schema\\\/person\\\/de562469f971dec226ac06e60bbf74a7\"},\"headline\":\"Mustafa Cemilev Ukraina Yuqar\u0131 \u015euras\u0131nda \u0130. Gasprinskiy vefat\u0131n\u0131\u00f1 100 y\u0131ll\u0131\u011f\u0131na, Cafer Seydamet do\u011f\u011fan\u0131n\u0131\u00f1 125 y\u0131ll\u0131\u011f\u0131 ve \u00dczbek han camisini\u00f1 700 y\u0131ll\u0131\u011f\u0131na ba\u011f\u0131\u015flan\u011fan hat\u0131ra tedbirlerni ke\u00e7ir\u00fcv boyunca qararlar leyhas\u0131n\u0131 qayd ettirdi\",\"datePublished\":\"2014-02-06T14:39:00+00:00\",\"dateModified\":\"2022-01-27T14:40:46+00:00\",\"mainEntityOfPage\":{\"@id\":\"https:\\\/\\\/qtmm.org\\\/qt\\\/mustafa-cemilev-ukraina-yuqari-surasinda-i-gasprinskiy-vefatinin-100-yilligina-cafer-seydamet-dogganinin-125-yilligi-ve-uzbek-han-camisinin-700-yilligina-bagislangan-hatira-tedbirlerni-keciruv-boyun\\\/\"},\"wordCount\":306,\"commentCount\":0,\"publisher\":{\"@id\":\"https:\\\/\\\/qtmm.org\\\/qt\\\/#organization\"},\"image\":{\"@id\":\"https:\\\/\\\/qtmm.org\\\/qt\\\/mustafa-cemilev-ukraina-yuqari-surasinda-i-gasprinskiy-vefatinin-100-yilligina-cafer-seydamet-dogganinin-125-yilligi-ve-uzbek-han-camisinin-700-yilligina-bagislangan-hatira-tedbirlerni-keciruv-boyun\\\/#primaryimage\"},\"thumbnailUrl\":\"http:\\\/\\\/qtmm.org\\\/wp-content\\\/uploads\\\/2022\\\/01\\\/gasprinsky_seydamet_han_uzbek_medrese.jpeg\",\"articleSection\":[\"Haberler\"],\"inLanguage\":\"qt\",\"potentialAction\":[{\"@type\":\"CommentAction\",\"name\":\"Comment\",\"target\":[\"https:\\\/\\\/qtmm.org\\\/qt\\\/mustafa-cemilev-ukraina-yuqari-surasinda-i-gasprinskiy-vefatinin-100-yilligina-cafer-seydamet-dogganinin-125-yilligi-ve-uzbek-han-camisinin-700-yilligina-bagislangan-hatira-tedbirlerni-keciruv-boyun\\\/#respond\"]}]},{\"@type\":\"WebPage\",\"@id\":\"https:\\\/\\\/qtmm.org\\\/qt\\\/mustafa-cemilev-ukraina-yuqari-surasinda-i-gasprinskiy-vefatinin-100-yilligina-cafer-seydamet-dogganinin-125-yilligi-ve-uzbek-han-camisinin-700-yilligina-bagislangan-hatira-tedbirlerni-keciruv-boyun\\\/\",\"url\":\"https:\\\/\\\/qtmm.org\\\/qt\\\/mustafa-cemilev-ukraina-yuqari-surasinda-i-gasprinskiy-vefatinin-100-yilligina-cafer-seydamet-dogganinin-125-yilligi-ve-uzbek-han-camisinin-700-yilligina-bagislangan-hatira-tedbirlerni-keciruv-boyun\\\/\",\"name\":\"Mustafa Cemilev Ukraina Yuqar\u0131 \u015euras\u0131nda \u0130. Gasprinskiy vefat\u0131n\u0131\u00f1 100 y\u0131ll\u0131\u011f\u0131na, Cafer Seydamet do\u011f\u011fan\u0131n\u0131\u00f1 125 y\u0131ll\u0131\u011f\u0131 ve \u00dczbek han camisini\u00f1 700 y\u0131ll\u0131\u011f\u0131na ba\u011f\u0131\u015flan\u011fan hat\u0131ra tedbirlerni ke\u00e7ir\u00fcv boyunca qararlar leyhas\u0131n\u0131 qayd ettirdi - \u041c\u0435\u0434\u0436\u043b\u0456\u0441\",\"isPartOf\":{\"@id\":\"https:\\\/\\\/qtmm.org\\\/qt\\\/#website\"},\"primaryImageOfPage\":{\"@id\":\"https:\\\/\\\/qtmm.org\\\/qt\\\/mustafa-cemilev-ukraina-yuqari-surasinda-i-gasprinskiy-vefatinin-100-yilligina-cafer-seydamet-dogganinin-125-yilligi-ve-uzbek-han-camisinin-700-yilligina-bagislangan-hatira-tedbirlerni-keciruv-boyun\\\/#primaryimage\"},\"image\":{\"@id\":\"https:\\\/\\\/qtmm.org\\\/qt\\\/mustafa-cemilev-ukraina-yuqari-surasinda-i-gasprinskiy-vefatinin-100-yilligina-cafer-seydamet-dogganinin-125-yilligi-ve-uzbek-han-camisinin-700-yilligina-bagislangan-hatira-tedbirlerni-keciruv-boyun\\\/#primaryimage\"},\"thumbnailUrl\":\"http:\\\/\\\/qtmm.org\\\/wp-content\\\/uploads\\\/2022\\\/01\\\/gasprinsky_seydamet_han_uzbek_medrese.jpeg\",\"datePublished\":\"2014-02-06T14:39:00+00:00\",\"dateModified\":\"2022-01-27T14:40:46+00:00\",\"breadcrumb\":{\"@id\":\"https:\\\/\\\/qtmm.org\\\/qt\\\/mustafa-cemilev-ukraina-yuqari-surasinda-i-gasprinskiy-vefatinin-100-yilligina-cafer-seydamet-dogganinin-125-yilligi-ve-uzbek-han-camisinin-700-yilligina-bagislangan-hatira-tedbirlerni-keciruv-boyun\\\/#breadcrumb\"},\"inLanguage\":\"qt\",\"potentialAction\":[{\"@type\":\"ReadAction\",\"target\":[\"https:\\\/\\\/qtmm.org\\\/qt\\\/mustafa-cemilev-ukraina-yuqari-surasinda-i-gasprinskiy-vefatinin-100-yilligina-cafer-seydamet-dogganinin-125-yilligi-ve-uzbek-han-camisinin-700-yilligina-bagislangan-hatira-tedbirlerni-keciruv-boyun\\\/\"]}]},{\"@type\":\"ImageObject\",\"inLanguage\":\"qt\",\"@id\":\"https:\\\/\\\/qtmm.org\\\/qt\\\/mustafa-cemilev-ukraina-yuqari-surasinda-i-gasprinskiy-vefatinin-100-yilligina-cafer-seydamet-dogganinin-125-yilligi-ve-uzbek-han-camisinin-700-yilligina-bagislangan-hatira-tedbirlerni-keciruv-boyun\\\/#primaryimage\",\"url\":\"http:\\\/\\\/qtmm.org\\\/wp-content\\\/uploads\\\/2022\\\/01\\\/gasprinsky_seydamet_han_uzbek_medrese.jpeg\",\"contentUrl\":\"http:\\\/\\\/qtmm.org\\\/wp-content\\\/uploads\\\/2022\\\/01\\\/gasprinsky_seydamet_han_uzbek_medrese.jpeg\"},{\"@type\":\"BreadcrumbList\",\"@id\":\"https:\\\/\\\/qtmm.org\\\/qt\\\/mustafa-cemilev-ukraina-yuqari-surasinda-i-gasprinskiy-vefatinin-100-yilligina-cafer-seydamet-dogganinin-125-yilligi-ve-uzbek-han-camisinin-700-yilligina-bagislangan-hatira-tedbirlerni-keciruv-boyun\\\/#breadcrumb\",\"itemListElement\":[{\"@type\":\"ListItem\",\"position\":1,\"name\":\"\u0413\u043e\u043b\u043e\u0432\u043d\u0430\",\"item\":\"https:\\\/\\\/qtmm.org\\\/qt\\\/\"},{\"@type\":\"ListItem\",\"position\":2,\"name\":\"Mustafa Cemilev Ukraina Yuqar\u0131 \u015euras\u0131nda \u0130. Gasprinskiy vefat\u0131n\u0131\u00f1 100 y\u0131ll\u0131\u011f\u0131na, Cafer Seydamet do\u011f\u011fan\u0131n\u0131\u00f1 125 y\u0131ll\u0131\u011f\u0131 ve \u00dczbek han camisini\u00f1 700 y\u0131ll\u0131\u011f\u0131na ba\u011f\u0131\u015flan\u011fan hat\u0131ra tedbirlerni ke\u00e7ir\u00fcv boyunca qararlar leyhas\u0131n\u0131 qayd ettirdi\"}]},{\"@type\":\"WebSite\",\"@id\":\"https:\\\/\\\/qtmm.org\\\/qt\\\/#website\",\"url\":\"https:\\\/\\\/qtmm.org\\\/qt\\\/\",\"name\":\"\u041c\u0435\u0434\u0436\u043b\u0456\u0441\",\"description\":\"\",\"publisher\":{\"@id\":\"https:\\\/\\\/qtmm.org\\\/qt\\\/#organization\"},\"potentialAction\":[{\"@type\":\"SearchAction\",\"target\":{\"@type\":\"EntryPoint\",\"urlTemplate\":\"https:\\\/\\\/qtmm.org\\\/qt\\\/?s={search_term_string}\"},\"query-input\":{\"@type\":\"PropertyValueSpecification\",\"valueRequired\":true,\"valueName\":\"search_term_string\"}}],\"inLanguage\":\"qt\"},{\"@type\":\"Organization\",\"@id\":\"https:\\\/\\\/qtmm.org\\\/qt\\\/#organization\",\"name\":\"\u041c\u0435\u0434\u0436\u043b\u0456\u0441\",\"url\":\"https:\\\/\\\/qtmm.org\\\/qt\\\/\",\"logo\":{\"@type\":\"ImageObject\",\"inLanguage\":\"qt\",\"@id\":\"https:\\\/\\\/qtmm.org\\\/qt\\\/#\\\/schema\\\/logo\\\/image\\\/\",\"url\":\"https:\\\/\\\/qtmm.org\\\/wp-content\\\/uploads\\\/2024\\\/12\\\/ua-mejlis-logo-rgb.svg\",\"contentUrl\":\"https:\\\/\\\/qtmm.org\\\/wp-content\\\/uploads\\\/2024\\\/12\\\/ua-mejlis-logo-rgb.svg\",\"caption\":\"\u041c\u0435\u0434\u0436\u043b\u0456\u0441\"},\"image\":{\"@id\":\"https:\\\/\\\/qtmm.org\\\/qt\\\/#\\\/schema\\\/logo\\\/image\\\/\"},\"sameAs\":[\"https:\\\/\\\/www.facebook.com\\\/qtmm.info\\\/\"]},{\"@type\":\"Person\",\"@id\":\"https:\\\/\\\/qtmm.org\\\/qt\\\/#\\\/schema\\\/person\\\/de562469f971dec226ac06e60bbf74a7\",\"name\":\"Developer\",\"image\":{\"@type\":\"ImageObject\",\"inLanguage\":\"qt\",\"@id\":\"https:\\\/\\\/secure.gravatar.com\\\/avatar\\\/392b4cc8fbfeb00b39dfeeab4ee6edded39ffd48e25858637e4765810300227e?s=96&d=mm&r=g\",\"url\":\"https:\\\/\\\/secure.gravatar.com\\\/avatar\\\/392b4cc8fbfeb00b39dfeeab4ee6edded39ffd48e25858637e4765810300227e?s=96&d=mm&r=g\",\"contentUrl\":\"https:\\\/\\\/secure.gravatar.com\\\/avatar\\\/392b4cc8fbfeb00b39dfeeab4ee6edded39ffd48e25858637e4765810300227e?s=96&d=mm&r=g\",\"caption\":\"Developer\"},\"url\":\"https:\\\/\\\/qtmm.org\\\/qt\\\/author\\\/Developer\\\/\"}]}<\/script>\n<!-- \/ Yoast SEO plugin. -->","yoast_head_json":{"title":"Mustafa Cemilev Ukraina Yuqar\u0131 \u015euras\u0131nda \u0130. Gasprinskiy vefat\u0131n\u0131\u00f1 100 y\u0131ll\u0131\u011f\u0131na, Cafer Seydamet do\u011f\u011fan\u0131n\u0131\u00f1 125 y\u0131ll\u0131\u011f\u0131 ve \u00dczbek han camisini\u00f1 700 y\u0131ll\u0131\u011f\u0131na ba\u011f\u0131\u015flan\u011fan hat\u0131ra tedbirlerni ke\u00e7ir\u00fcv boyunca qararlar leyhas\u0131n\u0131 qayd ettirdi - \u041c\u0435\u0434\u0436\u043b\u0456\u0441","robots":{"index":"index","follow":"follow","max-snippet":"max-snippet:-1","max-image-preview":"max-image-preview:large","max-video-preview":"max-video-preview:-1"},"canonical":"https:\/\/qtmm.org\/qt\/mustafa-cemilev-ukraina-yuqari-surasinda-i-gasprinskiy-vefatinin-100-yilligina-cafer-seydamet-dogganinin-125-yilligi-ve-uzbek-han-camisinin-700-yilligina-bagislangan-hatira-tedbirlerni-keciruv-boyun\/","og_locale":"en_US","og_type":"article","og_title":"Mustafa Cemilev Ukraina Yuqar\u0131 \u015euras\u0131nda \u0130. Gasprinskiy vefat\u0131n\u0131\u00f1 100 y\u0131ll\u0131\u011f\u0131na, Cafer Seydamet do\u011f\u011fan\u0131n\u0131\u00f1 125 y\u0131ll\u0131\u011f\u0131 ve \u00dczbek han camisini\u00f1 700 y\u0131ll\u0131\u011f\u0131na ba\u011f\u0131\u015flan\u011fan hat\u0131ra tedbirlerni ke\u00e7ir\u00fcv boyunca qararlar leyhas\u0131n\u0131 qayd ettirdi - \u041c\u0435\u0434\u0436\u043b\u0456\u0441","og_description":"2014 senesi fevral 4 k\u00fcn\u00fc Ukraina halq deputat\u0131 Mustafa Cemilev Ukraina Yuqar\u0131 \u015euras\u0131nda \u0130. Gasprinskiy vefat\u0131n\u0131\u00f1 100 y\u0131ll\u0131\u011f\u0131na, Cafer Seydamet Q\u0131r\u0131mer do\u011f\u011fan\u0131n\u0131\u00f1 125 y\u0131ll\u0131\u011f\u0131na ve \u00dczbek han camisini\u00f1 700 y\u0131ll\u0131\u011f\u0131na ba\u011f\u0131\u015flan\u011fan hat\u0131ra tedbirlerni devlet seviyesinde ke\u00e7ir\u00fcv boyunca qararlar leyhas\u0131n\u0131 qayd ettirdi. So\u00f1ki vesiqan\u0131 M. Cemilev Ukraina parlamentine Ukraina halq deputat\u0131 V\u00e2\u00e7eslav Kirilenko ile beraberlikte taqdim [&hellip;]","og_url":"https:\/\/qtmm.org\/qt\/mustafa-cemilev-ukraina-yuqari-surasinda-i-gasprinskiy-vefatinin-100-yilligina-cafer-seydamet-dogganinin-125-yilligi-ve-uzbek-han-camisinin-700-yilligina-bagislangan-hatira-tedbirlerni-keciruv-boyun\/","og_site_name":"\u041c\u0435\u0434\u0436\u043b\u0456\u0441","article_publisher":"https:\/\/www.facebook.com\/qtmm.info\/","article_published_time":"2014-02-06T14:39:00+00:00","article_modified_time":"2022-01-27T14:40:46+00:00","og_image":[{"width":650,"height":313,"url":"https:\/\/qtmm.org\/wp-content\/uploads\/2022\/01\/gasprinsky_seydamet_han_uzbek_medrese.jpeg","type":"image\/jpeg"}],"author":"Developer","twitter_card":"summary_large_image","twitter_misc":{"Written by":"Developer","Est. reading time":"1 minute"},"schema":{"@context":"https:\/\/schema.org","@graph":[{"@type":"Article","@id":"https:\/\/qtmm.org\/qt\/mustafa-cemilev-ukraina-yuqari-surasinda-i-gasprinskiy-vefatinin-100-yilligina-cafer-seydamet-dogganinin-125-yilligi-ve-uzbek-han-camisinin-700-yilligina-bagislangan-hatira-tedbirlerni-keciruv-boyun\/#article","isPartOf":{"@id":"https:\/\/qtmm.org\/qt\/mustafa-cemilev-ukraina-yuqari-surasinda-i-gasprinskiy-vefatinin-100-yilligina-cafer-seydamet-dogganinin-125-yilligi-ve-uzbek-han-camisinin-700-yilligina-bagislangan-hatira-tedbirlerni-keciruv-boyun\/"},"author":{"name":"Developer","@id":"https:\/\/qtmm.org\/qt\/#\/schema\/person\/de562469f971dec226ac06e60bbf74a7"},"headline":"Mustafa Cemilev Ukraina Yuqar\u0131 \u015euras\u0131nda \u0130. Gasprinskiy vefat\u0131n\u0131\u00f1 100 y\u0131ll\u0131\u011f\u0131na, Cafer Seydamet do\u011f\u011fan\u0131n\u0131\u00f1 125 y\u0131ll\u0131\u011f\u0131 ve \u00dczbek han camisini\u00f1 700 y\u0131ll\u0131\u011f\u0131na ba\u011f\u0131\u015flan\u011fan hat\u0131ra tedbirlerni ke\u00e7ir\u00fcv boyunca qararlar leyhas\u0131n\u0131 qayd ettirdi","datePublished":"2014-02-06T14:39:00+00:00","dateModified":"2022-01-27T14:40:46+00:00","mainEntityOfPage":{"@id":"https:\/\/qtmm.org\/qt\/mustafa-cemilev-ukraina-yuqari-surasinda-i-gasprinskiy-vefatinin-100-yilligina-cafer-seydamet-dogganinin-125-yilligi-ve-uzbek-han-camisinin-700-yilligina-bagislangan-hatira-tedbirlerni-keciruv-boyun\/"},"wordCount":306,"commentCount":0,"publisher":{"@id":"https:\/\/qtmm.org\/qt\/#organization"},"image":{"@id":"https:\/\/qtmm.org\/qt\/mustafa-cemilev-ukraina-yuqari-surasinda-i-gasprinskiy-vefatinin-100-yilligina-cafer-seydamet-dogganinin-125-yilligi-ve-uzbek-han-camisinin-700-yilligina-bagislangan-hatira-tedbirlerni-keciruv-boyun\/#primaryimage"},"thumbnailUrl":"http:\/\/qtmm.org\/wp-content\/uploads\/2022\/01\/gasprinsky_seydamet_han_uzbek_medrese.jpeg","articleSection":["Haberler"],"inLanguage":"qt","potentialAction":[{"@type":"CommentAction","name":"Comment","target":["https:\/\/qtmm.org\/qt\/mustafa-cemilev-ukraina-yuqari-surasinda-i-gasprinskiy-vefatinin-100-yilligina-cafer-seydamet-dogganinin-125-yilligi-ve-uzbek-han-camisinin-700-yilligina-bagislangan-hatira-tedbirlerni-keciruv-boyun\/#respond"]}]},{"@type":"WebPage","@id":"https:\/\/qtmm.org\/qt\/mustafa-cemilev-ukraina-yuqari-surasinda-i-gasprinskiy-vefatinin-100-yilligina-cafer-seydamet-dogganinin-125-yilligi-ve-uzbek-han-camisinin-700-yilligina-bagislangan-hatira-tedbirlerni-keciruv-boyun\/","url":"https:\/\/qtmm.org\/qt\/mustafa-cemilev-ukraina-yuqari-surasinda-i-gasprinskiy-vefatinin-100-yilligina-cafer-seydamet-dogganinin-125-yilligi-ve-uzbek-han-camisinin-700-yilligina-bagislangan-hatira-tedbirlerni-keciruv-boyun\/","name":"Mustafa Cemilev Ukraina Yuqar\u0131 \u015euras\u0131nda \u0130. Gasprinskiy vefat\u0131n\u0131\u00f1 100 y\u0131ll\u0131\u011f\u0131na, Cafer Seydamet do\u011f\u011fan\u0131n\u0131\u00f1 125 y\u0131ll\u0131\u011f\u0131 ve \u00dczbek han camisini\u00f1 700 y\u0131ll\u0131\u011f\u0131na ba\u011f\u0131\u015flan\u011fan hat\u0131ra tedbirlerni ke\u00e7ir\u00fcv boyunca qararlar leyhas\u0131n\u0131 qayd ettirdi - \u041c\u0435\u0434\u0436\u043b\u0456\u0441","isPartOf":{"@id":"https:\/\/qtmm.org\/qt\/#website"},"primaryImageOfPage":{"@id":"https:\/\/qtmm.org\/qt\/mustafa-cemilev-ukraina-yuqari-surasinda-i-gasprinskiy-vefatinin-100-yilligina-cafer-seydamet-dogganinin-125-yilligi-ve-uzbek-han-camisinin-700-yilligina-bagislangan-hatira-tedbirlerni-keciruv-boyun\/#primaryimage"},"image":{"@id":"https:\/\/qtmm.org\/qt\/mustafa-cemilev-ukraina-yuqari-surasinda-i-gasprinskiy-vefatinin-100-yilligina-cafer-seydamet-dogganinin-125-yilligi-ve-uzbek-han-camisinin-700-yilligina-bagislangan-hatira-tedbirlerni-keciruv-boyun\/#primaryimage"},"thumbnailUrl":"http:\/\/qtmm.org\/wp-content\/uploads\/2022\/01\/gasprinsky_seydamet_han_uzbek_medrese.jpeg","datePublished":"2014-02-06T14:39:00+00:00","dateModified":"2022-01-27T14:40:46+00:00","breadcrumb":{"@id":"https:\/\/qtmm.org\/qt\/mustafa-cemilev-ukraina-yuqari-surasinda-i-gasprinskiy-vefatinin-100-yilligina-cafer-seydamet-dogganinin-125-yilligi-ve-uzbek-han-camisinin-700-yilligina-bagislangan-hatira-tedbirlerni-keciruv-boyun\/#breadcrumb"},"inLanguage":"qt","potentialAction":[{"@type":"ReadAction","target":["https:\/\/qtmm.org\/qt\/mustafa-cemilev-ukraina-yuqari-surasinda-i-gasprinskiy-vefatinin-100-yilligina-cafer-seydamet-dogganinin-125-yilligi-ve-uzbek-han-camisinin-700-yilligina-bagislangan-hatira-tedbirlerni-keciruv-boyun\/"]}]},{"@type":"ImageObject","inLanguage":"qt","@id":"https:\/\/qtmm.org\/qt\/mustafa-cemilev-ukraina-yuqari-surasinda-i-gasprinskiy-vefatinin-100-yilligina-cafer-seydamet-dogganinin-125-yilligi-ve-uzbek-han-camisinin-700-yilligina-bagislangan-hatira-tedbirlerni-keciruv-boyun\/#primaryimage","url":"http:\/\/qtmm.org\/wp-content\/uploads\/2022\/01\/gasprinsky_seydamet_han_uzbek_medrese.jpeg","contentUrl":"http:\/\/qtmm.org\/wp-content\/uploads\/2022\/01\/gasprinsky_seydamet_han_uzbek_medrese.jpeg"},{"@type":"BreadcrumbList","@id":"https:\/\/qtmm.org\/qt\/mustafa-cemilev-ukraina-yuqari-surasinda-i-gasprinskiy-vefatinin-100-yilligina-cafer-seydamet-dogganinin-125-yilligi-ve-uzbek-han-camisinin-700-yilligina-bagislangan-hatira-tedbirlerni-keciruv-boyun\/#breadcrumb","itemListElement":[{"@type":"ListItem","position":1,"name":"\u0413\u043e\u043b\u043e\u0432\u043d\u0430","item":"https:\/\/qtmm.org\/qt\/"},{"@type":"ListItem","position":2,"name":"Mustafa Cemilev Ukraina Yuqar\u0131 \u015euras\u0131nda \u0130. Gasprinskiy vefat\u0131n\u0131\u00f1 100 y\u0131ll\u0131\u011f\u0131na, Cafer Seydamet do\u011f\u011fan\u0131n\u0131\u00f1 125 y\u0131ll\u0131\u011f\u0131 ve \u00dczbek han camisini\u00f1 700 y\u0131ll\u0131\u011f\u0131na ba\u011f\u0131\u015flan\u011fan hat\u0131ra tedbirlerni ke\u00e7ir\u00fcv boyunca qararlar leyhas\u0131n\u0131 qayd ettirdi"}]},{"@type":"WebSite","@id":"https:\/\/qtmm.org\/qt\/#website","url":"https:\/\/qtmm.org\/qt\/","name":"\u041c\u0435\u0434\u0436\u043b\u0456\u0441","description":"","publisher":{"@id":"https:\/\/qtmm.org\/qt\/#organization"},"potentialAction":[{"@type":"SearchAction","target":{"@type":"EntryPoint","urlTemplate":"https:\/\/qtmm.org\/qt\/?s={search_term_string}"},"query-input":{"@type":"PropertyValueSpecification","valueRequired":true,"valueName":"search_term_string"}}],"inLanguage":"qt"},{"@type":"Organization","@id":"https:\/\/qtmm.org\/qt\/#organization","name":"\u041c\u0435\u0434\u0436\u043b\u0456\u0441","url":"https:\/\/qtmm.org\/qt\/","logo":{"@type":"ImageObject","inLanguage":"qt","@id":"https:\/\/qtmm.org\/qt\/#\/schema\/logo\/image\/","url":"https:\/\/qtmm.org\/wp-content\/uploads\/2024\/12\/ua-mejlis-logo-rgb.svg","contentUrl":"https:\/\/qtmm.org\/wp-content\/uploads\/2024\/12\/ua-mejlis-logo-rgb.svg","caption":"\u041c\u0435\u0434\u0436\u043b\u0456\u0441"},"image":{"@id":"https:\/\/qtmm.org\/qt\/#\/schema\/logo\/image\/"},"sameAs":["https:\/\/www.facebook.com\/qtmm.info\/"]},{"@type":"Person","@id":"https:\/\/qtmm.org\/qt\/#\/schema\/person\/de562469f971dec226ac06e60bbf74a7","name":"Developer","image":{"@type":"ImageObject","inLanguage":"qt","@id":"https:\/\/secure.gravatar.com\/avatar\/392b4cc8fbfeb00b39dfeeab4ee6edded39ffd48e25858637e4765810300227e?s=96&d=mm&r=g","url":"https:\/\/secure.gravatar.com\/avatar\/392b4cc8fbfeb00b39dfeeab4ee6edded39ffd48e25858637e4765810300227e?s=96&d=mm&r=g","contentUrl":"https:\/\/secure.gravatar.com\/avatar\/392b4cc8fbfeb00b39dfeeab4ee6edded39ffd48e25858637e4765810300227e?s=96&d=mm&r=g","caption":"Developer"},"url":"https:\/\/qtmm.org\/qt\/author\/Developer\/"}]}},"_links":{"self":[{"href":"https:\/\/qtmm.org\/qt\/wp-json\/wp\/v2\/posts\/43029","targetHints":{"allow":["GET"]}}],"collection":[{"href":"https:\/\/qtmm.org\/qt\/wp-json\/wp\/v2\/posts"}],"about":[{"href":"https:\/\/qtmm.org\/qt\/wp-json\/wp\/v2\/types\/post"}],"author":[{"embeddable":true,"href":"https:\/\/qtmm.org\/qt\/wp-json\/wp\/v2\/users\/1"}],"replies":[{"embeddable":true,"href":"https:\/\/qtmm.org\/qt\/wp-json\/wp\/v2\/comments?post=43029"}],"version-history":[{"count":1,"href":"https:\/\/qtmm.org\/qt\/wp-json\/wp\/v2\/posts\/43029\/revisions"}],"predecessor-version":[{"id":43034,"href":"https:\/\/qtmm.org\/qt\/wp-json\/wp\/v2\/posts\/43029\/revisions\/43034"}],"wp:attachment":[{"href":"https:\/\/qtmm.org\/qt\/wp-json\/wp\/v2\/media?parent=43029"}],"wp:term":[{"taxonomy":"category","embeddable":true,"href":"https:\/\/qtmm.org\/qt\/wp-json\/wp\/v2\/categories?post=43029"},{"taxonomy":"post_tag","embeddable":true,"href":"https:\/\/qtmm.org\/qt\/wp-json\/wp\/v2\/tags?post=43029"}],"curies":[{"name":"wp","href":"https:\/\/api.w.org\/{rel}","templated":true}]}}