




{"id":43019,"date":"2014-02-06T17:36:00","date_gmt":"2014-02-06T14:36:00","guid":{"rendered":"http:\/\/qtmm.org\/?p=43019"},"modified":"2022-01-27T17:38:29","modified_gmt":"2022-01-27T14:38:29","slug":"zaur-smirnov-ukraina-prezidenti-yanindaki-keneste-qirimtatarlarni-yaliniz-halq-tarafindan-saylangan-insanlar-temsil-etmek-kerekler","status":"publish","type":"post","link":"https:\/\/qtmm.org\/qt\/zaur-smirnov-ukraina-prezidenti-yanindaki-keneste-qirimtatarlarni-yaliniz-halq-tarafindan-saylangan-insanlar-temsil-etmek-kerekler\/","title":{"rendered":"Zaur Smirnov: Ukraina Prezidenti yan\u0131ndaki Ke\u00f1e\u015fte q\u0131r\u0131mtatarlarn\u0131 yal\u0131\u00f1\u0131z halq taraf\u0131ndan saylan\u011fan insanlar temsil etmek kerekler"},"content":{"rendered":"\n<p>Meclis reisini\u00f1 muavini Zaur Smirnov Ukraina Prezidenti yan\u0131ndaki q\u0131r\u0131mtatar halq\u0131 vekilleri ke\u00f1e\u015fini\u00f1 erk\u00e2n\u0131 bug\u00fcnki al\u0131nda q\u0131r\u0131mtatar halq\u0131n\u0131\u00f1 yerle\u015fmesi i\u00e7\u00fcn i\u00e7 bir t\u00fcrl\u00fc fayda ketirmedi ve ketirmeycek.<\/p>\n\n\n\n<p>Bu aqta Meclis reisini\u00f1 muavini ATR telekanal\u0131n\u0131\u00f1 Ukraina Prezidenti yan\u0131ndaki q\u0131r\u0131mtatar halq\u0131 vekilleri ke\u00f1e\u015fini\u00f1 y\u0131ll\u0131q i\u015fi boyunca sualine cevap berirken aytt\u0131. On\u0131\u00f1 fikrince Ukraina Prezidenti yan\u0131ndaki Ke\u00f1e\u015fte q\u0131r\u0131mtatarlarn\u0131 yal\u0131\u00f1\u0131z halq taraf\u0131ndan saylan\u011fan insanlar temsil etmek kerekler<br><br>&#8220;\u015eahsen Ukraina Prezidenti bu ke\u00f1e\u015fni\u00f1 erk\u00e2n\u0131 ile i\u00e7 bir kere k\u00f6r\u00fc\u015fmedi. Bun\u0131\u00f1 sebeplerinden biri ise, zan\u0131mca, o, \u015fun\u0131 bile ki Meclisni\u00f1 i\u015ftirakisiz semereli i\u015f olmaz&#8221;, &#8211; dedi Zaur Smirnov.<\/p>\n\n\n\n<p>Ke\u00f1e\u015f faaliyetini\u00f1 yek\u00e2ne &#8220;neticesi&#8221; olaraq Zaur Smirnov s\u00fcrg\u00fcn etilgen vatanda\u015flarn\u0131\u00f1 yerle\u015fmesine devlet b\u00fccetinden 5 million grivn\u00e2 ay\u0131r\u0131lmas\u0131n\u0131 k\u00f6sterdi.<br><br>&#8220;Zan\u0131mca, Ke\u00f1e\u015fni\u00f1 programman\u0131 finansirlev semereligini artt\u0131rmaqn\u0131\u00f1 zarurl\u0131\u011f\u0131n\u0131 a\u00f1la\u011fan azalar\u0131 bu erk\u00e2ndan \u00e7\u0131qmaq ya da 2010 senesi format\u0131ndaki ke\u00f1e\u015fni\u00f1 meydan\u011fa ketirilmesi te\u015febb\u00fcsini \u00f6gge s\u00fcrmek kerekler&#8221;, &#8211; dep saya Smirnov.<\/p>\n\n\n\n<p>Hat\u0131rlatam\u0131z ki,&nbsp;<em>Ukraina Prezidenti yan\u0131ndaki q\u0131r\u0131mtatar halq\u0131 vekilleri ke\u00f1e\u015fi 1999 senesi may\u0131s ay\u0131nda Ukraina Prezidenti L. Ku\u00e7man\u0131\u00f1 Ferman\u0131 ile Q\u0131r\u0131mtatar halq\u0131 Meclisini qanunla\u015ft\u0131ruv \u015fekili olaraq qurul\u011fan edi. On\u0131\u00f1 erk\u00e2n\u0131na avtomatik s\u00fcrette Qurultay taraf\u0131ndan saylan\u011fan Meclisni\u00f1 33 azas\u0131 kirip, reisi olaraq ise Meclis reisi tayinlendi. 2010 senesi Ukraina Prezidentini\u00f1 Ferman\u0131na k\u00f6re Ukraina Prezidenti yan\u0131ndaki q\u0131r\u0131mtatar halq\u0131 vekilleri ke\u00f1e\u015fini \u015fekillendir\u00fcv printsipi de\u00f1i\u015ftirildi.<\/em><\/p>\n","protected":false},"excerpt":{"rendered":"<p>Meclis reisini\u00f1 muavini Zaur Smirnov Ukraina Prezidenti yan\u0131ndaki q\u0131r\u0131mtatar halq\u0131 vekilleri ke\u00f1e\u015fini\u00f1 erk\u00e2n\u0131 bug\u00fcnki al\u0131nda q\u0131r\u0131mtatar halq\u0131n\u0131\u00f1 yerle\u015fmesi i\u00e7\u00fcn i\u00e7 bir t\u00fcrl\u00fc fayda ketirmedi ve ketirmeycek. Bu aqta Meclis reisini\u00f1 muavini ATR telekanal\u0131n\u0131\u00f1 Ukraina Prezidenti yan\u0131ndaki q\u0131r\u0131mtatar halq\u0131 vekilleri ke\u00f1e\u015fini\u00f1 y\u0131ll\u0131q i\u015fi boyunca sualine cevap berirken aytt\u0131. On\u0131\u00f1 fikrince Ukraina Prezidenti yan\u0131ndaki Ke\u00f1e\u015fte q\u0131r\u0131mtatarlarn\u0131 yal\u0131\u00f1\u0131z [&hellip;]<\/p>\n","protected":false},"author":1,"featured_media":43024,"comment_status":"open","ping_status":"open","sticky":false,"template":"","format":"standard","meta":{"inline_featured_image":false,"footnotes":""},"categories":[265],"tags":[],"class_list":["post-43019","post","type-post","status-publish","format-standard","has-post-thumbnail","hentry","category-haberler"],"acf":[],"yoast_head":"<!-- This site is optimized with the Yoast SEO plugin v27.4 - https:\/\/yoast.com\/product\/yoast-seo-wordpress\/ -->\n<title>Zaur Smirnov: Ukraina Prezidenti yan\u0131ndaki Ke\u00f1e\u015fte q\u0131r\u0131mtatarlarn\u0131 yal\u0131\u00f1\u0131z halq taraf\u0131ndan saylan\u011fan insanlar temsil etmek kerekler - \u041c\u0435\u0434\u0436\u043b\u0456\u0441<\/title>\n<meta name=\"robots\" content=\"index, follow, max-snippet:-1, max-image-preview:large, max-video-preview:-1\" \/>\n<link rel=\"canonical\" href=\"https:\/\/qtmm.org\/qt\/zaur-smirnov-ukraina-prezidenti-yanindaki-keneste-qirimtatarlarni-yaliniz-halq-tarafindan-saylangan-insanlar-temsil-etmek-kerekler\/\" \/>\n<meta property=\"og:locale\" content=\"en_US\" \/>\n<meta property=\"og:type\" content=\"article\" \/>\n<meta property=\"og:title\" content=\"Zaur Smirnov: Ukraina Prezidenti yan\u0131ndaki Ke\u00f1e\u015fte q\u0131r\u0131mtatarlarn\u0131 yal\u0131\u00f1\u0131z halq taraf\u0131ndan saylan\u011fan insanlar temsil etmek kerekler - \u041c\u0435\u0434\u0436\u043b\u0456\u0441\" \/>\n<meta property=\"og:description\" content=\"Meclis reisini\u00f1 muavini Zaur Smirnov Ukraina Prezidenti yan\u0131ndaki q\u0131r\u0131mtatar halq\u0131 vekilleri ke\u00f1e\u015fini\u00f1 erk\u00e2n\u0131 bug\u00fcnki al\u0131nda q\u0131r\u0131mtatar halq\u0131n\u0131\u00f1 yerle\u015fmesi i\u00e7\u00fcn i\u00e7 bir t\u00fcrl\u00fc fayda ketirmedi ve ketirmeycek. Bu aqta Meclis reisini\u00f1 muavini ATR telekanal\u0131n\u0131\u00f1 Ukraina Prezidenti yan\u0131ndaki q\u0131r\u0131mtatar halq\u0131 vekilleri ke\u00f1e\u015fini\u00f1 y\u0131ll\u0131q i\u015fi boyunca sualine cevap berirken aytt\u0131. On\u0131\u00f1 fikrince Ukraina Prezidenti yan\u0131ndaki Ke\u00f1e\u015fte q\u0131r\u0131mtatarlarn\u0131 yal\u0131\u00f1\u0131z [&hellip;]\" \/>\n<meta property=\"og:url\" content=\"https:\/\/qtmm.org\/qt\/zaur-smirnov-ukraina-prezidenti-yanindaki-keneste-qirimtatarlarni-yaliniz-halq-tarafindan-saylangan-insanlar-temsil-etmek-kerekler\/\" \/>\n<meta property=\"og:site_name\" content=\"\u041c\u0435\u0434\u0436\u043b\u0456\u0441\" \/>\n<meta property=\"article:publisher\" content=\"https:\/\/www.facebook.com\/qtmm.info\/\" \/>\n<meta property=\"article:published_time\" content=\"2014-02-06T14:36:00+00:00\" \/>\n<meta property=\"article:modified_time\" content=\"2022-01-27T14:38:29+00:00\" \/>\n<meta property=\"og:image\" content=\"https:\/\/qtmm.org\/wp-content\/uploads\/2022\/01\/smirnov_zaur_2.jpeg\" \/>\n\t<meta property=\"og:image:width\" content=\"650\" \/>\n\t<meta property=\"og:image:height\" content=\"452\" \/>\n\t<meta property=\"og:image:type\" content=\"image\/jpeg\" \/>\n<meta name=\"author\" content=\"Developer\" \/>\n<meta name=\"twitter:card\" content=\"summary_large_image\" \/>\n<meta name=\"twitter:label1\" content=\"Written by\" \/>\n\t<meta name=\"twitter:data1\" content=\"Developer\" \/>\n\t<meta name=\"twitter:label2\" content=\"Est. reading time\" \/>\n\t<meta name=\"twitter:data2\" content=\"1 minute\" \/>\n<script type=\"application\/ld+json\" class=\"yoast-schema-graph\">{\"@context\":\"https:\\\/\\\/schema.org\",\"@graph\":[{\"@type\":\"Article\",\"@id\":\"https:\\\/\\\/qtmm.org\\\/qt\\\/zaur-smirnov-ukraina-prezidenti-yanindaki-keneste-qirimtatarlarni-yaliniz-halq-tarafindan-saylangan-insanlar-temsil-etmek-kerekler\\\/#article\",\"isPartOf\":{\"@id\":\"https:\\\/\\\/qtmm.org\\\/qt\\\/zaur-smirnov-ukraina-prezidenti-yanindaki-keneste-qirimtatarlarni-yaliniz-halq-tarafindan-saylangan-insanlar-temsil-etmek-kerekler\\\/\"},\"author\":{\"name\":\"Developer\",\"@id\":\"https:\\\/\\\/qtmm.org\\\/qt\\\/#\\\/schema\\\/person\\\/de562469f971dec226ac06e60bbf74a7\"},\"headline\":\"Zaur Smirnov: Ukraina Prezidenti yan\u0131ndaki Ke\u00f1e\u015fte q\u0131r\u0131mtatarlarn\u0131 yal\u0131\u00f1\u0131z halq taraf\u0131ndan saylan\u011fan insanlar temsil etmek kerekler\",\"datePublished\":\"2014-02-06T14:36:00+00:00\",\"dateModified\":\"2022-01-27T14:38:29+00:00\",\"mainEntityOfPage\":{\"@id\":\"https:\\\/\\\/qtmm.org\\\/qt\\\/zaur-smirnov-ukraina-prezidenti-yanindaki-keneste-qirimtatarlarni-yaliniz-halq-tarafindan-saylangan-insanlar-temsil-etmek-kerekler\\\/\"},\"wordCount\":310,\"commentCount\":0,\"publisher\":{\"@id\":\"https:\\\/\\\/qtmm.org\\\/qt\\\/#organization\"},\"image\":{\"@id\":\"https:\\\/\\\/qtmm.org\\\/qt\\\/zaur-smirnov-ukraina-prezidenti-yanindaki-keneste-qirimtatarlarni-yaliniz-halq-tarafindan-saylangan-insanlar-temsil-etmek-kerekler\\\/#primaryimage\"},\"thumbnailUrl\":\"https:\\\/\\\/qtmm.org\\\/wp-content\\\/uploads\\\/2022\\\/01\\\/smirnov_zaur_2.jpeg\",\"articleSection\":[\"Haberler\"],\"inLanguage\":\"qt\",\"potentialAction\":[{\"@type\":\"CommentAction\",\"name\":\"Comment\",\"target\":[\"https:\\\/\\\/qtmm.org\\\/qt\\\/zaur-smirnov-ukraina-prezidenti-yanindaki-keneste-qirimtatarlarni-yaliniz-halq-tarafindan-saylangan-insanlar-temsil-etmek-kerekler\\\/#respond\"]}]},{\"@type\":\"WebPage\",\"@id\":\"https:\\\/\\\/qtmm.org\\\/qt\\\/zaur-smirnov-ukraina-prezidenti-yanindaki-keneste-qirimtatarlarni-yaliniz-halq-tarafindan-saylangan-insanlar-temsil-etmek-kerekler\\\/\",\"url\":\"https:\\\/\\\/qtmm.org\\\/qt\\\/zaur-smirnov-ukraina-prezidenti-yanindaki-keneste-qirimtatarlarni-yaliniz-halq-tarafindan-saylangan-insanlar-temsil-etmek-kerekler\\\/\",\"name\":\"Zaur Smirnov: Ukraina Prezidenti yan\u0131ndaki Ke\u00f1e\u015fte q\u0131r\u0131mtatarlarn\u0131 yal\u0131\u00f1\u0131z halq taraf\u0131ndan saylan\u011fan insanlar temsil etmek kerekler - \u041c\u0435\u0434\u0436\u043b\u0456\u0441\",\"isPartOf\":{\"@id\":\"https:\\\/\\\/qtmm.org\\\/qt\\\/#website\"},\"primaryImageOfPage\":{\"@id\":\"https:\\\/\\\/qtmm.org\\\/qt\\\/zaur-smirnov-ukraina-prezidenti-yanindaki-keneste-qirimtatarlarni-yaliniz-halq-tarafindan-saylangan-insanlar-temsil-etmek-kerekler\\\/#primaryimage\"},\"image\":{\"@id\":\"https:\\\/\\\/qtmm.org\\\/qt\\\/zaur-smirnov-ukraina-prezidenti-yanindaki-keneste-qirimtatarlarni-yaliniz-halq-tarafindan-saylangan-insanlar-temsil-etmek-kerekler\\\/#primaryimage\"},\"thumbnailUrl\":\"https:\\\/\\\/qtmm.org\\\/wp-content\\\/uploads\\\/2022\\\/01\\\/smirnov_zaur_2.jpeg\",\"datePublished\":\"2014-02-06T14:36:00+00:00\",\"dateModified\":\"2022-01-27T14:38:29+00:00\",\"breadcrumb\":{\"@id\":\"https:\\\/\\\/qtmm.org\\\/qt\\\/zaur-smirnov-ukraina-prezidenti-yanindaki-keneste-qirimtatarlarni-yaliniz-halq-tarafindan-saylangan-insanlar-temsil-etmek-kerekler\\\/#breadcrumb\"},\"inLanguage\":\"qt\",\"potentialAction\":[{\"@type\":\"ReadAction\",\"target\":[\"https:\\\/\\\/qtmm.org\\\/qt\\\/zaur-smirnov-ukraina-prezidenti-yanindaki-keneste-qirimtatarlarni-yaliniz-halq-tarafindan-saylangan-insanlar-temsil-etmek-kerekler\\\/\"]}]},{\"@type\":\"ImageObject\",\"inLanguage\":\"qt\",\"@id\":\"https:\\\/\\\/qtmm.org\\\/qt\\\/zaur-smirnov-ukraina-prezidenti-yanindaki-keneste-qirimtatarlarni-yaliniz-halq-tarafindan-saylangan-insanlar-temsil-etmek-kerekler\\\/#primaryimage\",\"url\":\"https:\\\/\\\/qtmm.org\\\/wp-content\\\/uploads\\\/2022\\\/01\\\/smirnov_zaur_2.jpeg\",\"contentUrl\":\"https:\\\/\\\/qtmm.org\\\/wp-content\\\/uploads\\\/2022\\\/01\\\/smirnov_zaur_2.jpeg\",\"width\":650,\"height\":452},{\"@type\":\"BreadcrumbList\",\"@id\":\"https:\\\/\\\/qtmm.org\\\/qt\\\/zaur-smirnov-ukraina-prezidenti-yanindaki-keneste-qirimtatarlarni-yaliniz-halq-tarafindan-saylangan-insanlar-temsil-etmek-kerekler\\\/#breadcrumb\",\"itemListElement\":[{\"@type\":\"ListItem\",\"position\":1,\"name\":\"\u0413\u043e\u043b\u043e\u0432\u043d\u0430\",\"item\":\"https:\\\/\\\/qtmm.org\\\/qt\\\/\"},{\"@type\":\"ListItem\",\"position\":2,\"name\":\"Zaur Smirnov: Ukraina Prezidenti yan\u0131ndaki Ke\u00f1e\u015fte q\u0131r\u0131mtatarlarn\u0131 yal\u0131\u00f1\u0131z halq taraf\u0131ndan saylan\u011fan insanlar temsil etmek kerekler\"}]},{\"@type\":\"WebSite\",\"@id\":\"https:\\\/\\\/qtmm.org\\\/qt\\\/#website\",\"url\":\"https:\\\/\\\/qtmm.org\\\/qt\\\/\",\"name\":\"\u041c\u0435\u0434\u0436\u043b\u0456\u0441\",\"description\":\"\",\"publisher\":{\"@id\":\"https:\\\/\\\/qtmm.org\\\/qt\\\/#organization\"},\"potentialAction\":[{\"@type\":\"SearchAction\",\"target\":{\"@type\":\"EntryPoint\",\"urlTemplate\":\"https:\\\/\\\/qtmm.org\\\/qt\\\/?s={search_term_string}\"},\"query-input\":{\"@type\":\"PropertyValueSpecification\",\"valueRequired\":true,\"valueName\":\"search_term_string\"}}],\"inLanguage\":\"qt\"},{\"@type\":\"Organization\",\"@id\":\"https:\\\/\\\/qtmm.org\\\/qt\\\/#organization\",\"name\":\"\u041c\u0435\u0434\u0436\u043b\u0456\u0441\",\"url\":\"https:\\\/\\\/qtmm.org\\\/qt\\\/\",\"logo\":{\"@type\":\"ImageObject\",\"inLanguage\":\"qt\",\"@id\":\"https:\\\/\\\/qtmm.org\\\/qt\\\/#\\\/schema\\\/logo\\\/image\\\/\",\"url\":\"https:\\\/\\\/qtmm.org\\\/wp-content\\\/uploads\\\/2024\\\/12\\\/ua-mejlis-logo-rgb.svg\",\"contentUrl\":\"https:\\\/\\\/qtmm.org\\\/wp-content\\\/uploads\\\/2024\\\/12\\\/ua-mejlis-logo-rgb.svg\",\"caption\":\"\u041c\u0435\u0434\u0436\u043b\u0456\u0441\"},\"image\":{\"@id\":\"https:\\\/\\\/qtmm.org\\\/qt\\\/#\\\/schema\\\/logo\\\/image\\\/\"},\"sameAs\":[\"https:\\\/\\\/www.facebook.com\\\/qtmm.info\\\/\"]},{\"@type\":\"Person\",\"@id\":\"https:\\\/\\\/qtmm.org\\\/qt\\\/#\\\/schema\\\/person\\\/de562469f971dec226ac06e60bbf74a7\",\"name\":\"Developer\",\"image\":{\"@type\":\"ImageObject\",\"inLanguage\":\"qt\",\"@id\":\"https:\\\/\\\/secure.gravatar.com\\\/avatar\\\/392b4cc8fbfeb00b39dfeeab4ee6edded39ffd48e25858637e4765810300227e?s=96&d=mm&r=g\",\"url\":\"https:\\\/\\\/secure.gravatar.com\\\/avatar\\\/392b4cc8fbfeb00b39dfeeab4ee6edded39ffd48e25858637e4765810300227e?s=96&d=mm&r=g\",\"contentUrl\":\"https:\\\/\\\/secure.gravatar.com\\\/avatar\\\/392b4cc8fbfeb00b39dfeeab4ee6edded39ffd48e25858637e4765810300227e?s=96&d=mm&r=g\",\"caption\":\"Developer\"},\"url\":\"https:\\\/\\\/qtmm.org\\\/qt\\\/author\\\/Developer\\\/\"}]}<\/script>\n<!-- \/ Yoast SEO plugin. -->","yoast_head_json":{"title":"Zaur Smirnov: Ukraina Prezidenti yan\u0131ndaki Ke\u00f1e\u015fte q\u0131r\u0131mtatarlarn\u0131 yal\u0131\u00f1\u0131z halq taraf\u0131ndan saylan\u011fan insanlar temsil etmek kerekler - \u041c\u0435\u0434\u0436\u043b\u0456\u0441","robots":{"index":"index","follow":"follow","max-snippet":"max-snippet:-1","max-image-preview":"max-image-preview:large","max-video-preview":"max-video-preview:-1"},"canonical":"https:\/\/qtmm.org\/qt\/zaur-smirnov-ukraina-prezidenti-yanindaki-keneste-qirimtatarlarni-yaliniz-halq-tarafindan-saylangan-insanlar-temsil-etmek-kerekler\/","og_locale":"en_US","og_type":"article","og_title":"Zaur Smirnov: Ukraina Prezidenti yan\u0131ndaki Ke\u00f1e\u015fte q\u0131r\u0131mtatarlarn\u0131 yal\u0131\u00f1\u0131z halq taraf\u0131ndan saylan\u011fan insanlar temsil etmek kerekler - \u041c\u0435\u0434\u0436\u043b\u0456\u0441","og_description":"Meclis reisini\u00f1 muavini Zaur Smirnov Ukraina Prezidenti yan\u0131ndaki q\u0131r\u0131mtatar halq\u0131 vekilleri ke\u00f1e\u015fini\u00f1 erk\u00e2n\u0131 bug\u00fcnki al\u0131nda q\u0131r\u0131mtatar halq\u0131n\u0131\u00f1 yerle\u015fmesi i\u00e7\u00fcn i\u00e7 bir t\u00fcrl\u00fc fayda ketirmedi ve ketirmeycek. Bu aqta Meclis reisini\u00f1 muavini ATR telekanal\u0131n\u0131\u00f1 Ukraina Prezidenti yan\u0131ndaki q\u0131r\u0131mtatar halq\u0131 vekilleri ke\u00f1e\u015fini\u00f1 y\u0131ll\u0131q i\u015fi boyunca sualine cevap berirken aytt\u0131. On\u0131\u00f1 fikrince Ukraina Prezidenti yan\u0131ndaki Ke\u00f1e\u015fte q\u0131r\u0131mtatarlarn\u0131 yal\u0131\u00f1\u0131z [&hellip;]","og_url":"https:\/\/qtmm.org\/qt\/zaur-smirnov-ukraina-prezidenti-yanindaki-keneste-qirimtatarlarni-yaliniz-halq-tarafindan-saylangan-insanlar-temsil-etmek-kerekler\/","og_site_name":"\u041c\u0435\u0434\u0436\u043b\u0456\u0441","article_publisher":"https:\/\/www.facebook.com\/qtmm.info\/","article_published_time":"2014-02-06T14:36:00+00:00","article_modified_time":"2022-01-27T14:38:29+00:00","og_image":[{"width":650,"height":452,"url":"https:\/\/qtmm.org\/wp-content\/uploads\/2022\/01\/smirnov_zaur_2.jpeg","type":"image\/jpeg"}],"author":"Developer","twitter_card":"summary_large_image","twitter_misc":{"Written by":"Developer","Est. reading time":"1 minute"},"schema":{"@context":"https:\/\/schema.org","@graph":[{"@type":"Article","@id":"https:\/\/qtmm.org\/qt\/zaur-smirnov-ukraina-prezidenti-yanindaki-keneste-qirimtatarlarni-yaliniz-halq-tarafindan-saylangan-insanlar-temsil-etmek-kerekler\/#article","isPartOf":{"@id":"https:\/\/qtmm.org\/qt\/zaur-smirnov-ukraina-prezidenti-yanindaki-keneste-qirimtatarlarni-yaliniz-halq-tarafindan-saylangan-insanlar-temsil-etmek-kerekler\/"},"author":{"name":"Developer","@id":"https:\/\/qtmm.org\/qt\/#\/schema\/person\/de562469f971dec226ac06e60bbf74a7"},"headline":"Zaur Smirnov: Ukraina Prezidenti yan\u0131ndaki Ke\u00f1e\u015fte q\u0131r\u0131mtatarlarn\u0131 yal\u0131\u00f1\u0131z halq taraf\u0131ndan saylan\u011fan insanlar temsil etmek kerekler","datePublished":"2014-02-06T14:36:00+00:00","dateModified":"2022-01-27T14:38:29+00:00","mainEntityOfPage":{"@id":"https:\/\/qtmm.org\/qt\/zaur-smirnov-ukraina-prezidenti-yanindaki-keneste-qirimtatarlarni-yaliniz-halq-tarafindan-saylangan-insanlar-temsil-etmek-kerekler\/"},"wordCount":310,"commentCount":0,"publisher":{"@id":"https:\/\/qtmm.org\/qt\/#organization"},"image":{"@id":"https:\/\/qtmm.org\/qt\/zaur-smirnov-ukraina-prezidenti-yanindaki-keneste-qirimtatarlarni-yaliniz-halq-tarafindan-saylangan-insanlar-temsil-etmek-kerekler\/#primaryimage"},"thumbnailUrl":"https:\/\/qtmm.org\/wp-content\/uploads\/2022\/01\/smirnov_zaur_2.jpeg","articleSection":["Haberler"],"inLanguage":"qt","potentialAction":[{"@type":"CommentAction","name":"Comment","target":["https:\/\/qtmm.org\/qt\/zaur-smirnov-ukraina-prezidenti-yanindaki-keneste-qirimtatarlarni-yaliniz-halq-tarafindan-saylangan-insanlar-temsil-etmek-kerekler\/#respond"]}]},{"@type":"WebPage","@id":"https:\/\/qtmm.org\/qt\/zaur-smirnov-ukraina-prezidenti-yanindaki-keneste-qirimtatarlarni-yaliniz-halq-tarafindan-saylangan-insanlar-temsil-etmek-kerekler\/","url":"https:\/\/qtmm.org\/qt\/zaur-smirnov-ukraina-prezidenti-yanindaki-keneste-qirimtatarlarni-yaliniz-halq-tarafindan-saylangan-insanlar-temsil-etmek-kerekler\/","name":"Zaur Smirnov: Ukraina Prezidenti yan\u0131ndaki Ke\u00f1e\u015fte q\u0131r\u0131mtatarlarn\u0131 yal\u0131\u00f1\u0131z halq taraf\u0131ndan saylan\u011fan insanlar temsil etmek kerekler - \u041c\u0435\u0434\u0436\u043b\u0456\u0441","isPartOf":{"@id":"https:\/\/qtmm.org\/qt\/#website"},"primaryImageOfPage":{"@id":"https:\/\/qtmm.org\/qt\/zaur-smirnov-ukraina-prezidenti-yanindaki-keneste-qirimtatarlarni-yaliniz-halq-tarafindan-saylangan-insanlar-temsil-etmek-kerekler\/#primaryimage"},"image":{"@id":"https:\/\/qtmm.org\/qt\/zaur-smirnov-ukraina-prezidenti-yanindaki-keneste-qirimtatarlarni-yaliniz-halq-tarafindan-saylangan-insanlar-temsil-etmek-kerekler\/#primaryimage"},"thumbnailUrl":"https:\/\/qtmm.org\/wp-content\/uploads\/2022\/01\/smirnov_zaur_2.jpeg","datePublished":"2014-02-06T14:36:00+00:00","dateModified":"2022-01-27T14:38:29+00:00","breadcrumb":{"@id":"https:\/\/qtmm.org\/qt\/zaur-smirnov-ukraina-prezidenti-yanindaki-keneste-qirimtatarlarni-yaliniz-halq-tarafindan-saylangan-insanlar-temsil-etmek-kerekler\/#breadcrumb"},"inLanguage":"qt","potentialAction":[{"@type":"ReadAction","target":["https:\/\/qtmm.org\/qt\/zaur-smirnov-ukraina-prezidenti-yanindaki-keneste-qirimtatarlarni-yaliniz-halq-tarafindan-saylangan-insanlar-temsil-etmek-kerekler\/"]}]},{"@type":"ImageObject","inLanguage":"qt","@id":"https:\/\/qtmm.org\/qt\/zaur-smirnov-ukraina-prezidenti-yanindaki-keneste-qirimtatarlarni-yaliniz-halq-tarafindan-saylangan-insanlar-temsil-etmek-kerekler\/#primaryimage","url":"https:\/\/qtmm.org\/wp-content\/uploads\/2022\/01\/smirnov_zaur_2.jpeg","contentUrl":"https:\/\/qtmm.org\/wp-content\/uploads\/2022\/01\/smirnov_zaur_2.jpeg","width":650,"height":452},{"@type":"BreadcrumbList","@id":"https:\/\/qtmm.org\/qt\/zaur-smirnov-ukraina-prezidenti-yanindaki-keneste-qirimtatarlarni-yaliniz-halq-tarafindan-saylangan-insanlar-temsil-etmek-kerekler\/#breadcrumb","itemListElement":[{"@type":"ListItem","position":1,"name":"\u0413\u043e\u043b\u043e\u0432\u043d\u0430","item":"https:\/\/qtmm.org\/qt\/"},{"@type":"ListItem","position":2,"name":"Zaur Smirnov: Ukraina Prezidenti yan\u0131ndaki Ke\u00f1e\u015fte q\u0131r\u0131mtatarlarn\u0131 yal\u0131\u00f1\u0131z halq taraf\u0131ndan saylan\u011fan insanlar temsil etmek kerekler"}]},{"@type":"WebSite","@id":"https:\/\/qtmm.org\/qt\/#website","url":"https:\/\/qtmm.org\/qt\/","name":"\u041c\u0435\u0434\u0436\u043b\u0456\u0441","description":"","publisher":{"@id":"https:\/\/qtmm.org\/qt\/#organization"},"potentialAction":[{"@type":"SearchAction","target":{"@type":"EntryPoint","urlTemplate":"https:\/\/qtmm.org\/qt\/?s={search_term_string}"},"query-input":{"@type":"PropertyValueSpecification","valueRequired":true,"valueName":"search_term_string"}}],"inLanguage":"qt"},{"@type":"Organization","@id":"https:\/\/qtmm.org\/qt\/#organization","name":"\u041c\u0435\u0434\u0436\u043b\u0456\u0441","url":"https:\/\/qtmm.org\/qt\/","logo":{"@type":"ImageObject","inLanguage":"qt","@id":"https:\/\/qtmm.org\/qt\/#\/schema\/logo\/image\/","url":"https:\/\/qtmm.org\/wp-content\/uploads\/2024\/12\/ua-mejlis-logo-rgb.svg","contentUrl":"https:\/\/qtmm.org\/wp-content\/uploads\/2024\/12\/ua-mejlis-logo-rgb.svg","caption":"\u041c\u0435\u0434\u0436\u043b\u0456\u0441"},"image":{"@id":"https:\/\/qtmm.org\/qt\/#\/schema\/logo\/image\/"},"sameAs":["https:\/\/www.facebook.com\/qtmm.info\/"]},{"@type":"Person","@id":"https:\/\/qtmm.org\/qt\/#\/schema\/person\/de562469f971dec226ac06e60bbf74a7","name":"Developer","image":{"@type":"ImageObject","inLanguage":"qt","@id":"https:\/\/secure.gravatar.com\/avatar\/392b4cc8fbfeb00b39dfeeab4ee6edded39ffd48e25858637e4765810300227e?s=96&d=mm&r=g","url":"https:\/\/secure.gravatar.com\/avatar\/392b4cc8fbfeb00b39dfeeab4ee6edded39ffd48e25858637e4765810300227e?s=96&d=mm&r=g","contentUrl":"https:\/\/secure.gravatar.com\/avatar\/392b4cc8fbfeb00b39dfeeab4ee6edded39ffd48e25858637e4765810300227e?s=96&d=mm&r=g","caption":"Developer"},"url":"https:\/\/qtmm.org\/qt\/author\/Developer\/"}]}},"_links":{"self":[{"href":"https:\/\/qtmm.org\/qt\/wp-json\/wp\/v2\/posts\/43019","targetHints":{"allow":["GET"]}}],"collection":[{"href":"https:\/\/qtmm.org\/qt\/wp-json\/wp\/v2\/posts"}],"about":[{"href":"https:\/\/qtmm.org\/qt\/wp-json\/wp\/v2\/types\/post"}],"author":[{"embeddable":true,"href":"https:\/\/qtmm.org\/qt\/wp-json\/wp\/v2\/users\/1"}],"replies":[{"embeddable":true,"href":"https:\/\/qtmm.org\/qt\/wp-json\/wp\/v2\/comments?post=43019"}],"version-history":[{"count":1,"href":"https:\/\/qtmm.org\/qt\/wp-json\/wp\/v2\/posts\/43019\/revisions"}],"predecessor-version":[{"id":43028,"href":"https:\/\/qtmm.org\/qt\/wp-json\/wp\/v2\/posts\/43019\/revisions\/43028"}],"wp:featuredmedia":[{"embeddable":true,"href":"https:\/\/qtmm.org\/qt\/wp-json\/wp\/v2\/media\/43024"}],"wp:attachment":[{"href":"https:\/\/qtmm.org\/qt\/wp-json\/wp\/v2\/media?parent=43019"}],"wp:term":[{"taxonomy":"category","embeddable":true,"href":"https:\/\/qtmm.org\/qt\/wp-json\/wp\/v2\/categories?post=43019"},{"taxonomy":"post_tag","embeddable":true,"href":"https:\/\/qtmm.org\/qt\/wp-json\/wp\/v2\/tags?post=43019"}],"curies":[{"name":"wp","href":"https:\/\/api.w.org\/{rel}","templated":true}]}}