




{"id":43013,"date":"2014-02-06T17:35:00","date_gmt":"2014-02-06T14:35:00","guid":{"rendered":"http:\/\/qtmm.org\/?p=43013"},"modified":"2022-01-27T17:36:43","modified_gmt":"2022-01-27T14:36:43","slug":"meclis-reisi-refat-cubarov-almaniya-tis-isleri-nazirliginin-sarqiy-avropa-devletlerinen-alaqalar-boluginin-mudiri-manfred-huterer-ile-korusti","status":"publish","type":"post","link":"https:\/\/qtmm.org\/qt\/meclis-reisi-refat-cubarov-almaniya-tis-isleri-nazirliginin-sarqiy-avropa-devletlerinen-alaqalar-boluginin-mudiri-manfred-huterer-ile-korusti\/","title":{"rendered":"Meclis reisi Refat \u00c7ubarov Almaniya T\u0131\u015f i\u015fleri nazirligini\u00f1 \u015earqiy Avropa devletlerinen al\u00e2qalar b\u00f6l\u00fcgini\u00f1 m\u00fcdiri Manfred Huterer ile k\u00f6r\u00fc\u015fti"},"content":{"rendered":"\n<p>2014 senesi fevral 5 k\u00fcn\u00fc Almaniya T\u0131\u015f i\u015fleri nazirliginde Milliy Meclis reisi Refat \u00c7ubarov ve on\u0131\u00f1 muavini Aslan \u00d6mer Q\u0131r\u0131ml\u0131 T\u0131\u015f i\u015fleri nazirligini\u00f1 Rusiye, Ukraina, Beyazrusiye, Moldova devletlerinen al\u00e2qalar ve \u015earqiy ortaql\u0131q boyunca b\u00f6l\u00fcgini\u00f1 m\u00fcdiri Manfred Huterer ile k\u00f6r\u00fc\u015fti.<\/p>\n\n\n\n<p>K\u00f6r\u00fc\u015f\u00fcv i\u015ftirak\u00e7ileri q\u0131r\u0131mtatar halq\u0131n\u0131\u00f1 aqlar\u0131n\u0131 \u011fayr\u0131dan tiklev boyunca problemlerni \u00e7ezmek istiqballerine ayr\u0131ca diqqat ettiler. Bu munasebetnen Refat \u00c7ubarov subetde\u015fini\u00f1 diqqat\u0131n\u0131 2014 y\u0131lda Q\u0131r\u0131mtatar halq\u0131n\u0131\u00f1 aqlar\u0131n\u0131 tiklev, Ukrainada on\u0131\u00f1 saqlan\u0131p qalmas\u0131 ve inki\u015faf\u0131n\u0131 teminlev boyunca halqara forumn\u0131\u00f1 ke\u00e7irilmesine celp etti.<br><br>Aslan \u00d6mer Q\u0131r\u0131ml\u0131, Manfred Hutererni\u00f1 teklifine seslenerek, o\u00f1a Q\u0131r\u0131mn\u0131\u00f1 iqtisadiy inki\u015faf\u0131n\u0131\u00f1 bug\u00fcnki hususiyetleri aqq\u0131nda mal\u00fcmat berdi ve q\u0131r\u0131ml\u0131 ve alman i\u015f adamlar\u0131n\u0131\u00f1 ortaql\u0131\u011f\u0131n\u0131 keni\u015fletmek husus\u0131nda bir s\u0131ra tekliflerini bildirdi.<\/p>\n\n\n\n<p>K\u00f6r\u00fc\u015f\u00fcv devam\u0131nda Ukrainada siyasiy i\u00f1q\u0131raz esnas\u0131nda q\u0131r\u0131mtatar halq\u0131n\u0131\u00f1 vaziyeti muzakere etildi. Bu esnada Q\u0131r\u0131mda siyasiy-i\u00e7timaiy vaziyetni talil etken Refat \u00c7ubarov yar\u0131madada ay\u0131r\u0131mc\u0131 k\u00fc\u00e7lerni\u00f1 aktivle\u015fkenini qayd etti.<br><br>&#8220;Ukraina ve Q\u0131r\u0131m i\u00e7\u00fcn bug\u00fcnki m\u00fcrekkep bir vaq\u0131tta bizim pozitsiyam\u0131z Ukrainan\u0131\u00f1 territorial b\u00fct\u00fcnligi ve mustaqilligi printsipinden kelip \u00e7\u0131qqan zorbal\u0131qs\u0131z, Ukrainadaki b\u00fct\u00fcn siyasiy k\u00fc\u00e7ler aras\u0131nda dialog qurmaq ve bar\u0131\u015f\u0131q yollar\u0131n\u0131 ara\u015ft\u0131ruvdan ibarettir.<\/p>\n\n\n\n<p>K\u00f6r\u00fc\u015f\u00fcvni\u00f1 so\u00f1unda taraflar q\u0131r\u0131mtatar halq\u0131 aqlar\u0131n\u0131 \u011fayr\u0131dan tiklev meselelerini muzakere etmek i\u00e7\u00fcn konsultatsiya ve k\u00f6r\u00fc\u015f\u00fcvlerni devam etmege az\u0131rl\u0131qlar\u0131n\u0131 bildirdiler.<\/p>\n\n\n\n<p>K\u00f6r\u00fc\u015f\u00fcvde Meclisni\u00f1 Almaniyadaki temsilcisi Ahtem Ozay ve T\u0131\u015f i\u015fleri nazirligini\u00f1 Rusiye, Ukraina, Beyazrusiye, Moldova devletlerinen al\u00e2qalar ve \u015earqiy ortaql\u0131q boyunca b\u00f6l\u00fcgini\u00f1 hadimi doktor Matias Rot i\u015ftirak ettiler.<\/p>\n","protected":false},"excerpt":{"rendered":"<p>2014 senesi fevral 5 k\u00fcn\u00fc Almaniya T\u0131\u015f i\u015fleri nazirliginde Milliy Meclis reisi Refat \u00c7ubarov ve on\u0131\u00f1 muavini Aslan \u00d6mer Q\u0131r\u0131ml\u0131 T\u0131\u015f i\u015fleri nazirligini\u00f1 Rusiye, Ukraina, Beyazrusiye, Moldova devletlerinen al\u00e2qalar ve \u015earqiy ortaql\u0131q boyunca b\u00f6l\u00fcgini\u00f1 m\u00fcdiri Manfred Huterer ile k\u00f6r\u00fc\u015fti. K\u00f6r\u00fc\u015f\u00fcv i\u015ftirak\u00e7ileri q\u0131r\u0131mtatar halq\u0131n\u0131\u00f1 aqlar\u0131n\u0131 \u011fayr\u0131dan tiklev boyunca problemlerni \u00e7ezmek istiqballerine ayr\u0131ca diqqat ettiler. Bu munasebetnen [&hellip;]<\/p>\n","protected":false},"author":1,"featured_media":43014,"comment_status":"open","ping_status":"open","sticky":false,"template":"","format":"standard","meta":{"inline_featured_image":false,"footnotes":""},"categories":[265],"tags":[],"class_list":["post-43013","post","type-post","status-publish","format-standard","has-post-thumbnail","hentry","category-haberler"],"acf":[],"yoast_head":"<!-- This site is optimized with the Yoast SEO plugin v27.4 - https:\/\/yoast.com\/product\/yoast-seo-wordpress\/ -->\n<title>Meclis reisi Refat \u00c7ubarov Almaniya T\u0131\u015f i\u015fleri nazirligini\u00f1 \u015earqiy Avropa devletlerinen al\u00e2qalar b\u00f6l\u00fcgini\u00f1 m\u00fcdiri Manfred Huterer ile k\u00f6r\u00fc\u015fti - \u041c\u0435\u0434\u0436\u043b\u0456\u0441<\/title>\n<meta name=\"robots\" content=\"index, follow, max-snippet:-1, max-image-preview:large, max-video-preview:-1\" \/>\n<link rel=\"canonical\" href=\"https:\/\/qtmm.org\/qt\/meclis-reisi-refat-cubarov-almaniya-tis-isleri-nazirliginin-sarqiy-avropa-devletlerinen-alaqalar-boluginin-mudiri-manfred-huterer-ile-korusti\/\" \/>\n<meta property=\"og:locale\" content=\"en_US\" \/>\n<meta property=\"og:type\" content=\"article\" \/>\n<meta property=\"og:title\" content=\"Meclis reisi Refat \u00c7ubarov Almaniya T\u0131\u015f i\u015fleri nazirligini\u00f1 \u015earqiy Avropa devletlerinen al\u00e2qalar b\u00f6l\u00fcgini\u00f1 m\u00fcdiri Manfred Huterer ile k\u00f6r\u00fc\u015fti - \u041c\u0435\u0434\u0436\u043b\u0456\u0441\" \/>\n<meta property=\"og:description\" content=\"2014 senesi fevral 5 k\u00fcn\u00fc Almaniya T\u0131\u015f i\u015fleri nazirliginde Milliy Meclis reisi Refat \u00c7ubarov ve on\u0131\u00f1 muavini Aslan \u00d6mer Q\u0131r\u0131ml\u0131 T\u0131\u015f i\u015fleri nazirligini\u00f1 Rusiye, Ukraina, Beyazrusiye, Moldova devletlerinen al\u00e2qalar ve \u015earqiy ortaql\u0131q boyunca b\u00f6l\u00fcgini\u00f1 m\u00fcdiri Manfred Huterer ile k\u00f6r\u00fc\u015fti. K\u00f6r\u00fc\u015f\u00fcv i\u015ftirak\u00e7ileri q\u0131r\u0131mtatar halq\u0131n\u0131\u00f1 aqlar\u0131n\u0131 \u011fayr\u0131dan tiklev boyunca problemlerni \u00e7ezmek istiqballerine ayr\u0131ca diqqat ettiler. Bu munasebetnen [&hellip;]\" \/>\n<meta property=\"og:url\" content=\"https:\/\/qtmm.org\/qt\/meclis-reisi-refat-cubarov-almaniya-tis-isleri-nazirliginin-sarqiy-avropa-devletlerinen-alaqalar-boluginin-mudiri-manfred-huterer-ile-korusti\/\" \/>\n<meta property=\"og:site_name\" content=\"\u041c\u0435\u0434\u0436\u043b\u0456\u0441\" \/>\n<meta property=\"article:publisher\" content=\"https:\/\/www.facebook.com\/qtmm.info\/\" \/>\n<meta property=\"article:published_time\" content=\"2014-02-06T14:35:00+00:00\" \/>\n<meta property=\"article:modified_time\" content=\"2022-01-27T14:36:43+00:00\" \/>\n<meta property=\"og:image\" content=\"https:\/\/qtmm.org\/wp-content\/uploads\/2022\/01\/manfred_huterer1.jpeg\" \/>\n\t<meta property=\"og:image:width\" content=\"656\" \/>\n\t<meta property=\"og:image:height\" content=\"370\" \/>\n\t<meta property=\"og:image:type\" content=\"image\/jpeg\" \/>\n<meta name=\"author\" content=\"Developer\" \/>\n<meta name=\"twitter:card\" content=\"summary_large_image\" \/>\n<meta name=\"twitter:label1\" content=\"Written by\" \/>\n\t<meta name=\"twitter:data1\" content=\"Developer\" \/>\n\t<meta name=\"twitter:label2\" content=\"Est. reading time\" \/>\n\t<meta name=\"twitter:data2\" content=\"2 minutes\" \/>\n<script type=\"application\/ld+json\" class=\"yoast-schema-graph\">{\"@context\":\"https:\\\/\\\/schema.org\",\"@graph\":[{\"@type\":\"Article\",\"@id\":\"https:\\\/\\\/qtmm.org\\\/qt\\\/meclis-reisi-refat-cubarov-almaniya-tis-isleri-nazirliginin-sarqiy-avropa-devletlerinen-alaqalar-boluginin-mudiri-manfred-huterer-ile-korusti\\\/#article\",\"isPartOf\":{\"@id\":\"https:\\\/\\\/qtmm.org\\\/qt\\\/meclis-reisi-refat-cubarov-almaniya-tis-isleri-nazirliginin-sarqiy-avropa-devletlerinen-alaqalar-boluginin-mudiri-manfred-huterer-ile-korusti\\\/\"},\"author\":{\"name\":\"Developer\",\"@id\":\"https:\\\/\\\/qtmm.org\\\/qt\\\/#\\\/schema\\\/person\\\/de562469f971dec226ac06e60bbf74a7\"},\"headline\":\"Meclis reisi Refat \u00c7ubarov Almaniya T\u0131\u015f i\u015fleri nazirligini\u00f1 \u015earqiy Avropa devletlerinen al\u00e2qalar b\u00f6l\u00fcgini\u00f1 m\u00fcdiri Manfred Huterer ile k\u00f6r\u00fc\u015fti\",\"datePublished\":\"2014-02-06T14:35:00+00:00\",\"dateModified\":\"2022-01-27T14:36:43+00:00\",\"mainEntityOfPage\":{\"@id\":\"https:\\\/\\\/qtmm.org\\\/qt\\\/meclis-reisi-refat-cubarov-almaniya-tis-isleri-nazirliginin-sarqiy-avropa-devletlerinen-alaqalar-boluginin-mudiri-manfred-huterer-ile-korusti\\\/\"},\"wordCount\":339,\"commentCount\":0,\"publisher\":{\"@id\":\"https:\\\/\\\/qtmm.org\\\/qt\\\/#organization\"},\"image\":{\"@id\":\"https:\\\/\\\/qtmm.org\\\/qt\\\/meclis-reisi-refat-cubarov-almaniya-tis-isleri-nazirliginin-sarqiy-avropa-devletlerinen-alaqalar-boluginin-mudiri-manfred-huterer-ile-korusti\\\/#primaryimage\"},\"thumbnailUrl\":\"https:\\\/\\\/qtmm.org\\\/wp-content\\\/uploads\\\/2022\\\/01\\\/manfred_huterer1.jpeg\",\"articleSection\":[\"Haberler\"],\"inLanguage\":\"qt\",\"potentialAction\":[{\"@type\":\"CommentAction\",\"name\":\"Comment\",\"target\":[\"https:\\\/\\\/qtmm.org\\\/qt\\\/meclis-reisi-refat-cubarov-almaniya-tis-isleri-nazirliginin-sarqiy-avropa-devletlerinen-alaqalar-boluginin-mudiri-manfred-huterer-ile-korusti\\\/#respond\"]}]},{\"@type\":\"WebPage\",\"@id\":\"https:\\\/\\\/qtmm.org\\\/qt\\\/meclis-reisi-refat-cubarov-almaniya-tis-isleri-nazirliginin-sarqiy-avropa-devletlerinen-alaqalar-boluginin-mudiri-manfred-huterer-ile-korusti\\\/\",\"url\":\"https:\\\/\\\/qtmm.org\\\/qt\\\/meclis-reisi-refat-cubarov-almaniya-tis-isleri-nazirliginin-sarqiy-avropa-devletlerinen-alaqalar-boluginin-mudiri-manfred-huterer-ile-korusti\\\/\",\"name\":\"Meclis reisi Refat \u00c7ubarov Almaniya T\u0131\u015f i\u015fleri nazirligini\u00f1 \u015earqiy Avropa devletlerinen al\u00e2qalar b\u00f6l\u00fcgini\u00f1 m\u00fcdiri Manfred Huterer ile k\u00f6r\u00fc\u015fti - \u041c\u0435\u0434\u0436\u043b\u0456\u0441\",\"isPartOf\":{\"@id\":\"https:\\\/\\\/qtmm.org\\\/qt\\\/#website\"},\"primaryImageOfPage\":{\"@id\":\"https:\\\/\\\/qtmm.org\\\/qt\\\/meclis-reisi-refat-cubarov-almaniya-tis-isleri-nazirliginin-sarqiy-avropa-devletlerinen-alaqalar-boluginin-mudiri-manfred-huterer-ile-korusti\\\/#primaryimage\"},\"image\":{\"@id\":\"https:\\\/\\\/qtmm.org\\\/qt\\\/meclis-reisi-refat-cubarov-almaniya-tis-isleri-nazirliginin-sarqiy-avropa-devletlerinen-alaqalar-boluginin-mudiri-manfred-huterer-ile-korusti\\\/#primaryimage\"},\"thumbnailUrl\":\"https:\\\/\\\/qtmm.org\\\/wp-content\\\/uploads\\\/2022\\\/01\\\/manfred_huterer1.jpeg\",\"datePublished\":\"2014-02-06T14:35:00+00:00\",\"dateModified\":\"2022-01-27T14:36:43+00:00\",\"breadcrumb\":{\"@id\":\"https:\\\/\\\/qtmm.org\\\/qt\\\/meclis-reisi-refat-cubarov-almaniya-tis-isleri-nazirliginin-sarqiy-avropa-devletlerinen-alaqalar-boluginin-mudiri-manfred-huterer-ile-korusti\\\/#breadcrumb\"},\"inLanguage\":\"qt\",\"potentialAction\":[{\"@type\":\"ReadAction\",\"target\":[\"https:\\\/\\\/qtmm.org\\\/qt\\\/meclis-reisi-refat-cubarov-almaniya-tis-isleri-nazirliginin-sarqiy-avropa-devletlerinen-alaqalar-boluginin-mudiri-manfred-huterer-ile-korusti\\\/\"]}]},{\"@type\":\"ImageObject\",\"inLanguage\":\"qt\",\"@id\":\"https:\\\/\\\/qtmm.org\\\/qt\\\/meclis-reisi-refat-cubarov-almaniya-tis-isleri-nazirliginin-sarqiy-avropa-devletlerinen-alaqalar-boluginin-mudiri-manfred-huterer-ile-korusti\\\/#primaryimage\",\"url\":\"https:\\\/\\\/qtmm.org\\\/wp-content\\\/uploads\\\/2022\\\/01\\\/manfred_huterer1.jpeg\",\"contentUrl\":\"https:\\\/\\\/qtmm.org\\\/wp-content\\\/uploads\\\/2022\\\/01\\\/manfred_huterer1.jpeg\",\"width\":656,\"height\":370},{\"@type\":\"BreadcrumbList\",\"@id\":\"https:\\\/\\\/qtmm.org\\\/qt\\\/meclis-reisi-refat-cubarov-almaniya-tis-isleri-nazirliginin-sarqiy-avropa-devletlerinen-alaqalar-boluginin-mudiri-manfred-huterer-ile-korusti\\\/#breadcrumb\",\"itemListElement\":[{\"@type\":\"ListItem\",\"position\":1,\"name\":\"\u0413\u043e\u043b\u043e\u0432\u043d\u0430\",\"item\":\"https:\\\/\\\/qtmm.org\\\/qt\\\/\"},{\"@type\":\"ListItem\",\"position\":2,\"name\":\"Meclis reisi Refat \u00c7ubarov Almaniya T\u0131\u015f i\u015fleri nazirligini\u00f1 \u015earqiy Avropa devletlerinen al\u00e2qalar b\u00f6l\u00fcgini\u00f1 m\u00fcdiri Manfred Huterer ile k\u00f6r\u00fc\u015fti\"}]},{\"@type\":\"WebSite\",\"@id\":\"https:\\\/\\\/qtmm.org\\\/qt\\\/#website\",\"url\":\"https:\\\/\\\/qtmm.org\\\/qt\\\/\",\"name\":\"\u041c\u0435\u0434\u0436\u043b\u0456\u0441\",\"description\":\"\",\"publisher\":{\"@id\":\"https:\\\/\\\/qtmm.org\\\/qt\\\/#organization\"},\"potentialAction\":[{\"@type\":\"SearchAction\",\"target\":{\"@type\":\"EntryPoint\",\"urlTemplate\":\"https:\\\/\\\/qtmm.org\\\/qt\\\/?s={search_term_string}\"},\"query-input\":{\"@type\":\"PropertyValueSpecification\",\"valueRequired\":true,\"valueName\":\"search_term_string\"}}],\"inLanguage\":\"qt\"},{\"@type\":\"Organization\",\"@id\":\"https:\\\/\\\/qtmm.org\\\/qt\\\/#organization\",\"name\":\"\u041c\u0435\u0434\u0436\u043b\u0456\u0441\",\"url\":\"https:\\\/\\\/qtmm.org\\\/qt\\\/\",\"logo\":{\"@type\":\"ImageObject\",\"inLanguage\":\"qt\",\"@id\":\"https:\\\/\\\/qtmm.org\\\/qt\\\/#\\\/schema\\\/logo\\\/image\\\/\",\"url\":\"https:\\\/\\\/qtmm.org\\\/wp-content\\\/uploads\\\/2024\\\/12\\\/ua-mejlis-logo-rgb.svg\",\"contentUrl\":\"https:\\\/\\\/qtmm.org\\\/wp-content\\\/uploads\\\/2024\\\/12\\\/ua-mejlis-logo-rgb.svg\",\"caption\":\"\u041c\u0435\u0434\u0436\u043b\u0456\u0441\"},\"image\":{\"@id\":\"https:\\\/\\\/qtmm.org\\\/qt\\\/#\\\/schema\\\/logo\\\/image\\\/\"},\"sameAs\":[\"https:\\\/\\\/www.facebook.com\\\/qtmm.info\\\/\"]},{\"@type\":\"Person\",\"@id\":\"https:\\\/\\\/qtmm.org\\\/qt\\\/#\\\/schema\\\/person\\\/de562469f971dec226ac06e60bbf74a7\",\"name\":\"Developer\",\"image\":{\"@type\":\"ImageObject\",\"inLanguage\":\"qt\",\"@id\":\"https:\\\/\\\/secure.gravatar.com\\\/avatar\\\/392b4cc8fbfeb00b39dfeeab4ee6edded39ffd48e25858637e4765810300227e?s=96&d=mm&r=g\",\"url\":\"https:\\\/\\\/secure.gravatar.com\\\/avatar\\\/392b4cc8fbfeb00b39dfeeab4ee6edded39ffd48e25858637e4765810300227e?s=96&d=mm&r=g\",\"contentUrl\":\"https:\\\/\\\/secure.gravatar.com\\\/avatar\\\/392b4cc8fbfeb00b39dfeeab4ee6edded39ffd48e25858637e4765810300227e?s=96&d=mm&r=g\",\"caption\":\"Developer\"},\"url\":\"https:\\\/\\\/qtmm.org\\\/qt\\\/author\\\/Developer\\\/\"}]}<\/script>\n<!-- \/ Yoast SEO plugin. -->","yoast_head_json":{"title":"Meclis reisi Refat \u00c7ubarov Almaniya T\u0131\u015f i\u015fleri nazirligini\u00f1 \u015earqiy Avropa devletlerinen al\u00e2qalar b\u00f6l\u00fcgini\u00f1 m\u00fcdiri Manfred Huterer ile k\u00f6r\u00fc\u015fti - \u041c\u0435\u0434\u0436\u043b\u0456\u0441","robots":{"index":"index","follow":"follow","max-snippet":"max-snippet:-1","max-image-preview":"max-image-preview:large","max-video-preview":"max-video-preview:-1"},"canonical":"https:\/\/qtmm.org\/qt\/meclis-reisi-refat-cubarov-almaniya-tis-isleri-nazirliginin-sarqiy-avropa-devletlerinen-alaqalar-boluginin-mudiri-manfred-huterer-ile-korusti\/","og_locale":"en_US","og_type":"article","og_title":"Meclis reisi Refat \u00c7ubarov Almaniya T\u0131\u015f i\u015fleri nazirligini\u00f1 \u015earqiy Avropa devletlerinen al\u00e2qalar b\u00f6l\u00fcgini\u00f1 m\u00fcdiri Manfred Huterer ile k\u00f6r\u00fc\u015fti - \u041c\u0435\u0434\u0436\u043b\u0456\u0441","og_description":"2014 senesi fevral 5 k\u00fcn\u00fc Almaniya T\u0131\u015f i\u015fleri nazirliginde Milliy Meclis reisi Refat \u00c7ubarov ve on\u0131\u00f1 muavini Aslan \u00d6mer Q\u0131r\u0131ml\u0131 T\u0131\u015f i\u015fleri nazirligini\u00f1 Rusiye, Ukraina, Beyazrusiye, Moldova devletlerinen al\u00e2qalar ve \u015earqiy ortaql\u0131q boyunca b\u00f6l\u00fcgini\u00f1 m\u00fcdiri Manfred Huterer ile k\u00f6r\u00fc\u015fti. K\u00f6r\u00fc\u015f\u00fcv i\u015ftirak\u00e7ileri q\u0131r\u0131mtatar halq\u0131n\u0131\u00f1 aqlar\u0131n\u0131 \u011fayr\u0131dan tiklev boyunca problemlerni \u00e7ezmek istiqballerine ayr\u0131ca diqqat ettiler. Bu munasebetnen [&hellip;]","og_url":"https:\/\/qtmm.org\/qt\/meclis-reisi-refat-cubarov-almaniya-tis-isleri-nazirliginin-sarqiy-avropa-devletlerinen-alaqalar-boluginin-mudiri-manfred-huterer-ile-korusti\/","og_site_name":"\u041c\u0435\u0434\u0436\u043b\u0456\u0441","article_publisher":"https:\/\/www.facebook.com\/qtmm.info\/","article_published_time":"2014-02-06T14:35:00+00:00","article_modified_time":"2022-01-27T14:36:43+00:00","og_image":[{"width":656,"height":370,"url":"https:\/\/qtmm.org\/wp-content\/uploads\/2022\/01\/manfred_huterer1.jpeg","type":"image\/jpeg"}],"author":"Developer","twitter_card":"summary_large_image","twitter_misc":{"Written by":"Developer","Est. reading time":"2 minutes"},"schema":{"@context":"https:\/\/schema.org","@graph":[{"@type":"Article","@id":"https:\/\/qtmm.org\/qt\/meclis-reisi-refat-cubarov-almaniya-tis-isleri-nazirliginin-sarqiy-avropa-devletlerinen-alaqalar-boluginin-mudiri-manfred-huterer-ile-korusti\/#article","isPartOf":{"@id":"https:\/\/qtmm.org\/qt\/meclis-reisi-refat-cubarov-almaniya-tis-isleri-nazirliginin-sarqiy-avropa-devletlerinen-alaqalar-boluginin-mudiri-manfred-huterer-ile-korusti\/"},"author":{"name":"Developer","@id":"https:\/\/qtmm.org\/qt\/#\/schema\/person\/de562469f971dec226ac06e60bbf74a7"},"headline":"Meclis reisi Refat \u00c7ubarov Almaniya T\u0131\u015f i\u015fleri nazirligini\u00f1 \u015earqiy Avropa devletlerinen al\u00e2qalar b\u00f6l\u00fcgini\u00f1 m\u00fcdiri Manfred Huterer ile k\u00f6r\u00fc\u015fti","datePublished":"2014-02-06T14:35:00+00:00","dateModified":"2022-01-27T14:36:43+00:00","mainEntityOfPage":{"@id":"https:\/\/qtmm.org\/qt\/meclis-reisi-refat-cubarov-almaniya-tis-isleri-nazirliginin-sarqiy-avropa-devletlerinen-alaqalar-boluginin-mudiri-manfred-huterer-ile-korusti\/"},"wordCount":339,"commentCount":0,"publisher":{"@id":"https:\/\/qtmm.org\/qt\/#organization"},"image":{"@id":"https:\/\/qtmm.org\/qt\/meclis-reisi-refat-cubarov-almaniya-tis-isleri-nazirliginin-sarqiy-avropa-devletlerinen-alaqalar-boluginin-mudiri-manfred-huterer-ile-korusti\/#primaryimage"},"thumbnailUrl":"https:\/\/qtmm.org\/wp-content\/uploads\/2022\/01\/manfred_huterer1.jpeg","articleSection":["Haberler"],"inLanguage":"qt","potentialAction":[{"@type":"CommentAction","name":"Comment","target":["https:\/\/qtmm.org\/qt\/meclis-reisi-refat-cubarov-almaniya-tis-isleri-nazirliginin-sarqiy-avropa-devletlerinen-alaqalar-boluginin-mudiri-manfred-huterer-ile-korusti\/#respond"]}]},{"@type":"WebPage","@id":"https:\/\/qtmm.org\/qt\/meclis-reisi-refat-cubarov-almaniya-tis-isleri-nazirliginin-sarqiy-avropa-devletlerinen-alaqalar-boluginin-mudiri-manfred-huterer-ile-korusti\/","url":"https:\/\/qtmm.org\/qt\/meclis-reisi-refat-cubarov-almaniya-tis-isleri-nazirliginin-sarqiy-avropa-devletlerinen-alaqalar-boluginin-mudiri-manfred-huterer-ile-korusti\/","name":"Meclis reisi Refat \u00c7ubarov Almaniya T\u0131\u015f i\u015fleri nazirligini\u00f1 \u015earqiy Avropa devletlerinen al\u00e2qalar b\u00f6l\u00fcgini\u00f1 m\u00fcdiri Manfred Huterer ile k\u00f6r\u00fc\u015fti - \u041c\u0435\u0434\u0436\u043b\u0456\u0441","isPartOf":{"@id":"https:\/\/qtmm.org\/qt\/#website"},"primaryImageOfPage":{"@id":"https:\/\/qtmm.org\/qt\/meclis-reisi-refat-cubarov-almaniya-tis-isleri-nazirliginin-sarqiy-avropa-devletlerinen-alaqalar-boluginin-mudiri-manfred-huterer-ile-korusti\/#primaryimage"},"image":{"@id":"https:\/\/qtmm.org\/qt\/meclis-reisi-refat-cubarov-almaniya-tis-isleri-nazirliginin-sarqiy-avropa-devletlerinen-alaqalar-boluginin-mudiri-manfred-huterer-ile-korusti\/#primaryimage"},"thumbnailUrl":"https:\/\/qtmm.org\/wp-content\/uploads\/2022\/01\/manfred_huterer1.jpeg","datePublished":"2014-02-06T14:35:00+00:00","dateModified":"2022-01-27T14:36:43+00:00","breadcrumb":{"@id":"https:\/\/qtmm.org\/qt\/meclis-reisi-refat-cubarov-almaniya-tis-isleri-nazirliginin-sarqiy-avropa-devletlerinen-alaqalar-boluginin-mudiri-manfred-huterer-ile-korusti\/#breadcrumb"},"inLanguage":"qt","potentialAction":[{"@type":"ReadAction","target":["https:\/\/qtmm.org\/qt\/meclis-reisi-refat-cubarov-almaniya-tis-isleri-nazirliginin-sarqiy-avropa-devletlerinen-alaqalar-boluginin-mudiri-manfred-huterer-ile-korusti\/"]}]},{"@type":"ImageObject","inLanguage":"qt","@id":"https:\/\/qtmm.org\/qt\/meclis-reisi-refat-cubarov-almaniya-tis-isleri-nazirliginin-sarqiy-avropa-devletlerinen-alaqalar-boluginin-mudiri-manfred-huterer-ile-korusti\/#primaryimage","url":"https:\/\/qtmm.org\/wp-content\/uploads\/2022\/01\/manfred_huterer1.jpeg","contentUrl":"https:\/\/qtmm.org\/wp-content\/uploads\/2022\/01\/manfred_huterer1.jpeg","width":656,"height":370},{"@type":"BreadcrumbList","@id":"https:\/\/qtmm.org\/qt\/meclis-reisi-refat-cubarov-almaniya-tis-isleri-nazirliginin-sarqiy-avropa-devletlerinen-alaqalar-boluginin-mudiri-manfred-huterer-ile-korusti\/#breadcrumb","itemListElement":[{"@type":"ListItem","position":1,"name":"\u0413\u043e\u043b\u043e\u0432\u043d\u0430","item":"https:\/\/qtmm.org\/qt\/"},{"@type":"ListItem","position":2,"name":"Meclis reisi Refat \u00c7ubarov Almaniya T\u0131\u015f i\u015fleri nazirligini\u00f1 \u015earqiy Avropa devletlerinen al\u00e2qalar b\u00f6l\u00fcgini\u00f1 m\u00fcdiri Manfred Huterer ile k\u00f6r\u00fc\u015fti"}]},{"@type":"WebSite","@id":"https:\/\/qtmm.org\/qt\/#website","url":"https:\/\/qtmm.org\/qt\/","name":"\u041c\u0435\u0434\u0436\u043b\u0456\u0441","description":"","publisher":{"@id":"https:\/\/qtmm.org\/qt\/#organization"},"potentialAction":[{"@type":"SearchAction","target":{"@type":"EntryPoint","urlTemplate":"https:\/\/qtmm.org\/qt\/?s={search_term_string}"},"query-input":{"@type":"PropertyValueSpecification","valueRequired":true,"valueName":"search_term_string"}}],"inLanguage":"qt"},{"@type":"Organization","@id":"https:\/\/qtmm.org\/qt\/#organization","name":"\u041c\u0435\u0434\u0436\u043b\u0456\u0441","url":"https:\/\/qtmm.org\/qt\/","logo":{"@type":"ImageObject","inLanguage":"qt","@id":"https:\/\/qtmm.org\/qt\/#\/schema\/logo\/image\/","url":"https:\/\/qtmm.org\/wp-content\/uploads\/2024\/12\/ua-mejlis-logo-rgb.svg","contentUrl":"https:\/\/qtmm.org\/wp-content\/uploads\/2024\/12\/ua-mejlis-logo-rgb.svg","caption":"\u041c\u0435\u0434\u0436\u043b\u0456\u0441"},"image":{"@id":"https:\/\/qtmm.org\/qt\/#\/schema\/logo\/image\/"},"sameAs":["https:\/\/www.facebook.com\/qtmm.info\/"]},{"@type":"Person","@id":"https:\/\/qtmm.org\/qt\/#\/schema\/person\/de562469f971dec226ac06e60bbf74a7","name":"Developer","image":{"@type":"ImageObject","inLanguage":"qt","@id":"https:\/\/secure.gravatar.com\/avatar\/392b4cc8fbfeb00b39dfeeab4ee6edded39ffd48e25858637e4765810300227e?s=96&d=mm&r=g","url":"https:\/\/secure.gravatar.com\/avatar\/392b4cc8fbfeb00b39dfeeab4ee6edded39ffd48e25858637e4765810300227e?s=96&d=mm&r=g","contentUrl":"https:\/\/secure.gravatar.com\/avatar\/392b4cc8fbfeb00b39dfeeab4ee6edded39ffd48e25858637e4765810300227e?s=96&d=mm&r=g","caption":"Developer"},"url":"https:\/\/qtmm.org\/qt\/author\/Developer\/"}]}},"_links":{"self":[{"href":"https:\/\/qtmm.org\/qt\/wp-json\/wp\/v2\/posts\/43013","targetHints":{"allow":["GET"]}}],"collection":[{"href":"https:\/\/qtmm.org\/qt\/wp-json\/wp\/v2\/posts"}],"about":[{"href":"https:\/\/qtmm.org\/qt\/wp-json\/wp\/v2\/types\/post"}],"author":[{"embeddable":true,"href":"https:\/\/qtmm.org\/qt\/wp-json\/wp\/v2\/users\/1"}],"replies":[{"embeddable":true,"href":"https:\/\/qtmm.org\/qt\/wp-json\/wp\/v2\/comments?post=43013"}],"version-history":[{"count":1,"href":"https:\/\/qtmm.org\/qt\/wp-json\/wp\/v2\/posts\/43013\/revisions"}],"predecessor-version":[{"id":43018,"href":"https:\/\/qtmm.org\/qt\/wp-json\/wp\/v2\/posts\/43013\/revisions\/43018"}],"wp:featuredmedia":[{"embeddable":true,"href":"https:\/\/qtmm.org\/qt\/wp-json\/wp\/v2\/media\/43014"}],"wp:attachment":[{"href":"https:\/\/qtmm.org\/qt\/wp-json\/wp\/v2\/media?parent=43013"}],"wp:term":[{"taxonomy":"category","embeddable":true,"href":"https:\/\/qtmm.org\/qt\/wp-json\/wp\/v2\/categories?post=43013"},{"taxonomy":"post_tag","embeddable":true,"href":"https:\/\/qtmm.org\/qt\/wp-json\/wp\/v2\/tags?post=43013"}],"curies":[{"name":"wp","href":"https:\/\/api.w.org\/{rel}","templated":true}]}}