




{"id":43011,"date":"2014-02-05T17:35:00","date_gmt":"2014-02-05T14:35:00","guid":{"rendered":"http:\/\/qtmm.org\/?p=43011"},"modified":"2022-01-27T17:35:43","modified_gmt":"2022-01-27T14:35:43","slug":"meclis-reisi-refat-cubarov-qirimnin-statusi-acele-uquqiy-denismege-muhtac-ve-mezkur-denisme-qirimtatar-halqinin-oz-ozuni-belgilemek-aqqi-taptalmasina-yol-bermeyceginde-emin","status":"publish","type":"post","link":"https:\/\/qtmm.org\/qt\/meclis-reisi-refat-cubarov-qirimnin-statusi-acele-uquqiy-denismege-muhtac-ve-mezkur-denisme-qirimtatar-halqinin-oz-ozuni-belgilemek-aqqi-taptalmasina-yol-bermeyceginde-emin\/","title":{"rendered":"Meclis reisi Refat \u00c7ubarov Q\u0131r\u0131mn\u0131\u00f1 status\u0131 acele uquqiy de\u00f1i\u015fmege muhtac ve mezk\u00fcr de\u00f1i\u015fme q\u0131r\u0131mtatar halq\u0131n\u0131\u00f1 \u00f6z \u00f6z\u00fcni belgilemek aqq\u0131 taptalmas\u0131na yol bermeyceginde emin"},"content":{"rendered":"\n<p>&#8220;So\u00f1ki vaq\u0131tta Ukrainada siyasiy i\u00f1q\u0131razn\u0131\u00f1 \u00e7ezimine \u00fcm\u00fct peyda ol\u0131p ba\u015fla\u011fan\u0131nen Rusiye Ukrainan\u0131 tolus\u0131nen imayesine almas\u0131n\u0131\u00f1 tarafdarlar\u0131 ol\u011fan\u0131n\u0131 gizlemegen siyaset\u00e7ilerden baz\u0131lar\u0131n\u0131\u00f1 bocala\u011fanlar\u0131 sezilmekte. Bu\u00f1a iri\u015filmese, i\u00e7 olma\u011fanda olar akimiyet ba\u015f\u0131nda ol\u011fan hududlarda amelge ke\u00e7kenini isteyler&#8221;, &#8211; dedi Meclis reisi, Q\u0131r\u0131m Yuqar\u0131 \u015euras\u0131 &#8220;Kurultay-Ruh&#8221; fraktsiyas\u0131n\u0131\u00f1 ba\u015f\u0131 Refat \u00c7ubarov Facebookta \u00f6z saifesinde Q\u0131r\u0131m Yuqar\u0131 \u015euras\u0131 Prezidium\u0131 azalar\u0131n\u0131\u00f1 yar\u0131madada vaziyet kerginle\u015fkeni taqdirde Rusiyege yard\u0131m sorap muracaat etmek boyunca 2014 senesi fevral 4-te seslendirgen tekliflerine izaat berirken.<\/p>\n\n\n\n<p>Refat \u00c7ubarov emin ki, bu i\u015fte e\u00f1 ziyade areketni Q\u0131r\u0131m Yuqar\u0131 \u015euras\u0131 Prezidium\u0131n\u0131\u00f1 monopartiya erk\u00e2n\u0131na pek uy\u011fun \u015fekilde kirgen azalar\u0131 kostereler. Belli ki, bu insanlar Q\u0131r\u0131mda 20-nci as\u0131rn\u0131\u00f1 90- nc\u0131 y\u0131llar\u0131nda Rusiyege yan basqan ay\u0131r\u0131mc\u0131l\u0131q areketni\u00f1 vekilleri ediler.<\/p>\n\n\n\n<p>Meclis reisini\u00f1 fikrince er bir i\u015fte hay\u0131r bar, degenleri kibi memlekette akimiyet i\u00f1q\u0131raz\u0131 ol\u011fan bir vaq\u0131tta Q\u0131r\u0131mn\u0131 Rusiyege qaytarmaq \u011fayesinen ya\u015fa\u011fan bir s\u0131ra q\u0131r\u0131ml\u0131 siyaset\u00e7iler y\u00fczlerindeki perdeni al\u0131p ta\u015flap, aqiqiy s\u0131fatlar\u0131n\u0131 k\u00f6sterdiler.<\/p>\n\n\n\n<p>Bu munasebetnen Q\u0131r\u0131m Yuqar\u0131 \u015euras\u0131 Prezidium\u0131n\u0131\u00f1 azalar\u0131, ayr\u0131ca Kl\u0131\u00e7nikov ve Tsekov cenaplar\u011fa te\u015fekk\u00fcr bildirmek kerek. Olar topla\u015fuvda yapqan \u00e7\u0131q\u0131\u015flar\u0131nda s\u0131rlar\u0131n\u0131 fa\u015f ettiler. Meger muhtariyetni\u00f1 bug\u00fcnki status\u0131 1991 senesi a\u015f\u0131q-acele yal\u0131\u00f1\u0131z q\u0131r\u0131mtatar halq\u0131n\u0131\u00f1 milliy-territorial muhtariyet aqq\u0131na qar\u015f\u0131 degil de, Ukraina ve ukrain halq\u0131n\u0131\u00f1 serbest inki\u015faf\u0131na daimiy tel\u00fcke s\u0131fat\u0131nda \u00f6z\u00fcne has bir sed olaraq \u00e7ekilgen eken&#8221;, &#8211; dep saya R.\u00c7ubarov.<br><br>Meclis reisi, Q\u0131r\u0131m Yuqar\u0131 \u015euras\u0131 &#8220;Kurultay-Ruh&#8221; fraktsiyas\u0131n\u0131\u00f1 ba\u015f\u0131 Refat \u00c7ubarov \u015fu\u00f1a da diqqatn\u0131 celp ete ki, diger taraftan Q\u0131r\u0131m vaziyeti yani daa do\u011frus\u0131 Q\u0131r\u0131m Yuqar\u0131 \u015euras\u0131 Prezidium\u0131n\u0131\u00f1 baz\u0131 azalar\u0131n\u0131\u00f1 qom\u015fu devletke yaltaqlan\u011fanlar\u0131 Q\u0131r\u0131m status\u0131n\u0131 acele s\u00fcrette de\u00f1i\u015ftirmek kerekligini k\u00f6sterdi. Tek bu alda q\u0131r\u0131mtatar halq\u0131n\u0131\u00f1 \u00f6z-\u00f6z\u00fcni belgilev aqq\u0131 ayaq ast\u0131na al\u0131nmaz.<br><br>&#8220;Q\u0131r\u0131m Yuqar\u0131 \u015euras\u0131 Prezidium\u0131 azalar\u0131n\u0131\u00f1 so\u00f1ki beyanatlar\u0131, \u015fu c\u00fcmleden &#8220;qoltutuv, yard\u0131m ve qor\u00e7alav aqq\u0131nda&#8221; ricalar perdesi art\u0131nda gizlengeni alda aqiqatta Rusiye Federatsiyas\u0131n\u0131\u00f1 a\u00e7\u0131qtan-a\u00e7\u0131q qar\u0131\u015fmas\u0131n\u0131\u00f1 zarurl\u0131\u011f\u0131 aqq\u0131ndaki fikirleri bildirilgende Q\u0131r\u0131mtatar halq\u0131 Meclisini\u00f1 Q\u0131r\u0131m Yuqar\u0131 \u015euras\u0131n\u0131\u00f1 mevcut erk\u00e2n\u0131n\u0131 tarqat\u0131p, Q\u0131r\u0131m Yuqar\u0131 \u015euras\u0131 deputatlar\u0131n\u0131 saylav aqq\u0131nda ya\u00f1\u0131 saylav, Q\u0131r\u0131mn\u0131\u00f1 tam\u0131r halq\u0131 ol\u011fan q\u0131r\u0131mtatarlarn\u0131\u00f1 kefaletli vek\u00e2letligini k\u00f6zde tutqan qanun\u0131 esas\u0131nda m\u00fcddetinden evel saylavlar ke\u00e7irmek teklifi ep aktualle\u015fmekte&#8221;, &#8211; dep qayd ete R. \u00c7ubarov.<br><br>So\u00f1unda Refat \u00c7ubarov diger teklifler, c\u00fcmleden Q\u0131r\u0131m Yuqar\u0131 \u015euras\u0131 reberleri yan\u0131nda nas\u0131ld\u0131r bir muzakereci organ s\u0131fat\u0131nda &#8220;milletler \u015furas\u0131&#8221; n\u0131 meydan\u011fa ketirmek kibi naftalin qoqus\u0131 kelgen teklifler Q\u0131r\u0131mn\u0131 birlikte idare etmek ve Q\u0131r\u0131mn\u0131\u00f1 kelecegi i\u00e7\u00fcn Q\u0131r\u0131mn\u0131\u00f1 b\u00fct\u00fcn milliy cemiyetleri, \u015fu c\u00fcmleden q\u0131r\u0131mtatar halq\u0131 da, birlikte mes\u00fcliet ta\u015f\u0131maq, qay\u011f\u0131rmaq boyunca meseleni\u00f1 \u00e7eziminden qa\u00e7\u0131nma\u011fa t\u0131r\u0131\u015fuvd\u0131r.<\/p>\n\n\n\n<p>&#8220;Yaq\u0131n kelecekte tamam b\u00f6yle olaca\u011f\u0131na i\u00e7 kimse \u015f\u00fcbelenmemesi kerek, &#8211; dep qayd ete Meclis reisi. \u2013 Ukraina bug\u00fcnki i\u00f1q\u0131razn\u0131 ba\u015f\u0131ndan atqar\u0131p serbest Avropa halqlar\u0131 ailesinde munasip yer alaca\u011f\u0131 da \u015f\u00fcbesizdir&#8221;.<\/p>\n\n\n\n<p>Hat\u0131rlatam\u0131z ki, 2014 senesi fevral 4 k\u00fcn\u00fc Q\u0131r\u0131m Yuqar\u0131 \u015euras\u0131n\u0131\u00f1 Prezidium\u0131 Q\u0131r\u0131m ve Ukraina anayasas\u0131na de\u00f1i\u015fme kirsetmekni teklif etip, yar\u0131madada vaziyet kerginle\u015fkeni taqdirde Rusiyege yard\u0131m sorap muracaat etmege az\u0131rl\u0131\u011f\u0131n\u0131 bildirdi. Ait qarar 2014 senesi fevral 4 k\u00fcn\u00fc Q\u0131r\u0131m<\/p>\n\n\n\n<p>Yuqar\u0131 \u015euras\u0131n\u0131\u00f1 Prezidium\u0131n\u0131\u00f1 topla\u015fuv\u0131nda al\u0131nd\u0131.<\/p>\n","protected":false},"excerpt":{"rendered":"<p>&#8220;So\u00f1ki vaq\u0131tta Ukrainada siyasiy i\u00f1q\u0131razn\u0131\u00f1 \u00e7ezimine \u00fcm\u00fct peyda ol\u0131p ba\u015fla\u011fan\u0131nen Rusiye Ukrainan\u0131 tolus\u0131nen imayesine almas\u0131n\u0131\u00f1 tarafdarlar\u0131 ol\u011fan\u0131n\u0131 gizlemegen siyaset\u00e7ilerden baz\u0131lar\u0131n\u0131\u00f1 bocala\u011fanlar\u0131 sezilmekte. Bu\u00f1a iri\u015filmese, i\u00e7 olma\u011fanda olar akimiyet ba\u015f\u0131nda ol\u011fan hududlarda amelge ke\u00e7kenini isteyler&#8221;, &#8211; dedi Meclis reisi, Q\u0131r\u0131m Yuqar\u0131 \u015euras\u0131 &#8220;Kurultay-Ruh&#8221; fraktsiyas\u0131n\u0131\u00f1 ba\u015f\u0131 Refat \u00c7ubarov Facebookta \u00f6z saifesinde Q\u0131r\u0131m Yuqar\u0131 \u015euras\u0131 Prezidium\u0131 azalar\u0131n\u0131\u00f1 yar\u0131madada [&hellip;]<\/p>\n","protected":false},"author":1,"featured_media":0,"comment_status":"open","ping_status":"open","sticky":false,"template":"","format":"standard","meta":{"inline_featured_image":false,"footnotes":""},"categories":[265],"tags":[],"class_list":["post-43011","post","type-post","status-publish","format-standard","hentry","category-haberler"],"acf":[],"yoast_head":"<!-- This site is optimized with the Yoast SEO plugin v27.4 - https:\/\/yoast.com\/product\/yoast-seo-wordpress\/ -->\n<title>Meclis reisi Refat \u00c7ubarov Q\u0131r\u0131mn\u0131\u00f1 status\u0131 acele uquqiy de\u00f1i\u015fmege muhtac ve mezk\u00fcr de\u00f1i\u015fme q\u0131r\u0131mtatar halq\u0131n\u0131\u00f1 \u00f6z \u00f6z\u00fcni belgilemek aqq\u0131 taptalmas\u0131na yol bermeyceginde emin - \u041c\u0435\u0434\u0436\u043b\u0456\u0441<\/title>\n<meta name=\"robots\" content=\"index, follow, max-snippet:-1, max-image-preview:large, max-video-preview:-1\" \/>\n<link rel=\"canonical\" href=\"https:\/\/qtmm.org\/qt\/meclis-reisi-refat-cubarov-qirimnin-statusi-acele-uquqiy-denismege-muhtac-ve-mezkur-denisme-qirimtatar-halqinin-oz-ozuni-belgilemek-aqqi-taptalmasina-yol-bermeyceginde-emin\/\" \/>\n<meta property=\"og:locale\" content=\"en_US\" \/>\n<meta property=\"og:type\" content=\"article\" \/>\n<meta property=\"og:title\" content=\"Meclis reisi Refat \u00c7ubarov Q\u0131r\u0131mn\u0131\u00f1 status\u0131 acele uquqiy de\u00f1i\u015fmege muhtac ve mezk\u00fcr de\u00f1i\u015fme q\u0131r\u0131mtatar halq\u0131n\u0131\u00f1 \u00f6z \u00f6z\u00fcni belgilemek aqq\u0131 taptalmas\u0131na yol bermeyceginde emin - \u041c\u0435\u0434\u0436\u043b\u0456\u0441\" \/>\n<meta property=\"og:description\" content=\"&#8220;So\u00f1ki vaq\u0131tta Ukrainada siyasiy i\u00f1q\u0131razn\u0131\u00f1 \u00e7ezimine \u00fcm\u00fct peyda ol\u0131p ba\u015fla\u011fan\u0131nen Rusiye Ukrainan\u0131 tolus\u0131nen imayesine almas\u0131n\u0131\u00f1 tarafdarlar\u0131 ol\u011fan\u0131n\u0131 gizlemegen siyaset\u00e7ilerden baz\u0131lar\u0131n\u0131\u00f1 bocala\u011fanlar\u0131 sezilmekte. Bu\u00f1a iri\u015filmese, i\u00e7 olma\u011fanda olar akimiyet ba\u015f\u0131nda ol\u011fan hududlarda amelge ke\u00e7kenini isteyler&#8221;, &#8211; dedi Meclis reisi, Q\u0131r\u0131m Yuqar\u0131 \u015euras\u0131 &#8220;Kurultay-Ruh&#8221; fraktsiyas\u0131n\u0131\u00f1 ba\u015f\u0131 Refat \u00c7ubarov Facebookta \u00f6z saifesinde Q\u0131r\u0131m Yuqar\u0131 \u015euras\u0131 Prezidium\u0131 azalar\u0131n\u0131\u00f1 yar\u0131madada [&hellip;]\" \/>\n<meta property=\"og:url\" content=\"https:\/\/qtmm.org\/qt\/meclis-reisi-refat-cubarov-qirimnin-statusi-acele-uquqiy-denismege-muhtac-ve-mezkur-denisme-qirimtatar-halqinin-oz-ozuni-belgilemek-aqqi-taptalmasina-yol-bermeyceginde-emin\/\" \/>\n<meta property=\"og:site_name\" content=\"\u041c\u0435\u0434\u0436\u043b\u0456\u0441\" \/>\n<meta property=\"article:publisher\" content=\"https:\/\/www.facebook.com\/qtmm.info\/\" \/>\n<meta property=\"article:published_time\" content=\"2014-02-05T14:35:00+00:00\" \/>\n<meta property=\"article:modified_time\" content=\"2022-01-27T14:35:43+00:00\" \/>\n<meta name=\"author\" content=\"Developer\" \/>\n<meta name=\"twitter:card\" content=\"summary_large_image\" \/>\n<meta name=\"twitter:label1\" content=\"Written by\" \/>\n\t<meta name=\"twitter:data1\" content=\"Developer\" \/>\n\t<meta name=\"twitter:label2\" content=\"Est. reading time\" \/>\n\t<meta name=\"twitter:data2\" content=\"3 minutes\" \/>\n<script type=\"application\/ld+json\" class=\"yoast-schema-graph\">{\"@context\":\"https:\\\/\\\/schema.org\",\"@graph\":[{\"@type\":\"Article\",\"@id\":\"https:\\\/\\\/qtmm.org\\\/qt\\\/meclis-reisi-refat-cubarov-qirimnin-statusi-acele-uquqiy-denismege-muhtac-ve-mezkur-denisme-qirimtatar-halqinin-oz-ozuni-belgilemek-aqqi-taptalmasina-yol-bermeyceginde-emin\\\/#article\",\"isPartOf\":{\"@id\":\"https:\\\/\\\/qtmm.org\\\/qt\\\/meclis-reisi-refat-cubarov-qirimnin-statusi-acele-uquqiy-denismege-muhtac-ve-mezkur-denisme-qirimtatar-halqinin-oz-ozuni-belgilemek-aqqi-taptalmasina-yol-bermeyceginde-emin\\\/\"},\"author\":{\"name\":\"Developer\",\"@id\":\"https:\\\/\\\/qtmm.org\\\/qt\\\/#\\\/schema\\\/person\\\/de562469f971dec226ac06e60bbf74a7\"},\"headline\":\"Meclis reisi Refat \u00c7ubarov Q\u0131r\u0131mn\u0131\u00f1 status\u0131 acele uquqiy de\u00f1i\u015fmege muhtac ve mezk\u00fcr de\u00f1i\u015fme q\u0131r\u0131mtatar halq\u0131n\u0131\u00f1 \u00f6z \u00f6z\u00fcni belgilemek aqq\u0131 taptalmas\u0131na yol bermeyceginde emin\",\"datePublished\":\"2014-02-05T14:35:00+00:00\",\"dateModified\":\"2022-01-27T14:35:43+00:00\",\"mainEntityOfPage\":{\"@id\":\"https:\\\/\\\/qtmm.org\\\/qt\\\/meclis-reisi-refat-cubarov-qirimnin-statusi-acele-uquqiy-denismege-muhtac-ve-mezkur-denisme-qirimtatar-halqinin-oz-ozuni-belgilemek-aqqi-taptalmasina-yol-bermeyceginde-emin\\\/\"},\"wordCount\":696,\"commentCount\":0,\"publisher\":{\"@id\":\"https:\\\/\\\/qtmm.org\\\/qt\\\/#organization\"},\"articleSection\":[\"Haberler\"],\"inLanguage\":\"qt\",\"potentialAction\":[{\"@type\":\"CommentAction\",\"name\":\"Comment\",\"target\":[\"https:\\\/\\\/qtmm.org\\\/qt\\\/meclis-reisi-refat-cubarov-qirimnin-statusi-acele-uquqiy-denismege-muhtac-ve-mezkur-denisme-qirimtatar-halqinin-oz-ozuni-belgilemek-aqqi-taptalmasina-yol-bermeyceginde-emin\\\/#respond\"]}]},{\"@type\":\"WebPage\",\"@id\":\"https:\\\/\\\/qtmm.org\\\/qt\\\/meclis-reisi-refat-cubarov-qirimnin-statusi-acele-uquqiy-denismege-muhtac-ve-mezkur-denisme-qirimtatar-halqinin-oz-ozuni-belgilemek-aqqi-taptalmasina-yol-bermeyceginde-emin\\\/\",\"url\":\"https:\\\/\\\/qtmm.org\\\/qt\\\/meclis-reisi-refat-cubarov-qirimnin-statusi-acele-uquqiy-denismege-muhtac-ve-mezkur-denisme-qirimtatar-halqinin-oz-ozuni-belgilemek-aqqi-taptalmasina-yol-bermeyceginde-emin\\\/\",\"name\":\"Meclis reisi Refat \u00c7ubarov Q\u0131r\u0131mn\u0131\u00f1 status\u0131 acele uquqiy de\u00f1i\u015fmege muhtac ve mezk\u00fcr de\u00f1i\u015fme q\u0131r\u0131mtatar halq\u0131n\u0131\u00f1 \u00f6z \u00f6z\u00fcni belgilemek aqq\u0131 taptalmas\u0131na yol bermeyceginde emin - \u041c\u0435\u0434\u0436\u043b\u0456\u0441\",\"isPartOf\":{\"@id\":\"https:\\\/\\\/qtmm.org\\\/qt\\\/#website\"},\"datePublished\":\"2014-02-05T14:35:00+00:00\",\"dateModified\":\"2022-01-27T14:35:43+00:00\",\"breadcrumb\":{\"@id\":\"https:\\\/\\\/qtmm.org\\\/qt\\\/meclis-reisi-refat-cubarov-qirimnin-statusi-acele-uquqiy-denismege-muhtac-ve-mezkur-denisme-qirimtatar-halqinin-oz-ozuni-belgilemek-aqqi-taptalmasina-yol-bermeyceginde-emin\\\/#breadcrumb\"},\"inLanguage\":\"qt\",\"potentialAction\":[{\"@type\":\"ReadAction\",\"target\":[\"https:\\\/\\\/qtmm.org\\\/qt\\\/meclis-reisi-refat-cubarov-qirimnin-statusi-acele-uquqiy-denismege-muhtac-ve-mezkur-denisme-qirimtatar-halqinin-oz-ozuni-belgilemek-aqqi-taptalmasina-yol-bermeyceginde-emin\\\/\"]}]},{\"@type\":\"BreadcrumbList\",\"@id\":\"https:\\\/\\\/qtmm.org\\\/qt\\\/meclis-reisi-refat-cubarov-qirimnin-statusi-acele-uquqiy-denismege-muhtac-ve-mezkur-denisme-qirimtatar-halqinin-oz-ozuni-belgilemek-aqqi-taptalmasina-yol-bermeyceginde-emin\\\/#breadcrumb\",\"itemListElement\":[{\"@type\":\"ListItem\",\"position\":1,\"name\":\"\u0413\u043e\u043b\u043e\u0432\u043d\u0430\",\"item\":\"https:\\\/\\\/qtmm.org\\\/qt\\\/\"},{\"@type\":\"ListItem\",\"position\":2,\"name\":\"Meclis reisi Refat \u00c7ubarov Q\u0131r\u0131mn\u0131\u00f1 status\u0131 acele uquqiy de\u00f1i\u015fmege muhtac ve mezk\u00fcr de\u00f1i\u015fme q\u0131r\u0131mtatar halq\u0131n\u0131\u00f1 \u00f6z \u00f6z\u00fcni belgilemek aqq\u0131 taptalmas\u0131na yol bermeyceginde emin\"}]},{\"@type\":\"WebSite\",\"@id\":\"https:\\\/\\\/qtmm.org\\\/qt\\\/#website\",\"url\":\"https:\\\/\\\/qtmm.org\\\/qt\\\/\",\"name\":\"\u041c\u0435\u0434\u0436\u043b\u0456\u0441\",\"description\":\"\",\"publisher\":{\"@id\":\"https:\\\/\\\/qtmm.org\\\/qt\\\/#organization\"},\"potentialAction\":[{\"@type\":\"SearchAction\",\"target\":{\"@type\":\"EntryPoint\",\"urlTemplate\":\"https:\\\/\\\/qtmm.org\\\/qt\\\/?s={search_term_string}\"},\"query-input\":{\"@type\":\"PropertyValueSpecification\",\"valueRequired\":true,\"valueName\":\"search_term_string\"}}],\"inLanguage\":\"qt\"},{\"@type\":\"Organization\",\"@id\":\"https:\\\/\\\/qtmm.org\\\/qt\\\/#organization\",\"name\":\"\u041c\u0435\u0434\u0436\u043b\u0456\u0441\",\"url\":\"https:\\\/\\\/qtmm.org\\\/qt\\\/\",\"logo\":{\"@type\":\"ImageObject\",\"inLanguage\":\"qt\",\"@id\":\"https:\\\/\\\/qtmm.org\\\/qt\\\/#\\\/schema\\\/logo\\\/image\\\/\",\"url\":\"https:\\\/\\\/qtmm.org\\\/wp-content\\\/uploads\\\/2024\\\/12\\\/ua-mejlis-logo-rgb.svg\",\"contentUrl\":\"https:\\\/\\\/qtmm.org\\\/wp-content\\\/uploads\\\/2024\\\/12\\\/ua-mejlis-logo-rgb.svg\",\"caption\":\"\u041c\u0435\u0434\u0436\u043b\u0456\u0441\"},\"image\":{\"@id\":\"https:\\\/\\\/qtmm.org\\\/qt\\\/#\\\/schema\\\/logo\\\/image\\\/\"},\"sameAs\":[\"https:\\\/\\\/www.facebook.com\\\/qtmm.info\\\/\"]},{\"@type\":\"Person\",\"@id\":\"https:\\\/\\\/qtmm.org\\\/qt\\\/#\\\/schema\\\/person\\\/de562469f971dec226ac06e60bbf74a7\",\"name\":\"Developer\",\"image\":{\"@type\":\"ImageObject\",\"inLanguage\":\"qt\",\"@id\":\"https:\\\/\\\/secure.gravatar.com\\\/avatar\\\/392b4cc8fbfeb00b39dfeeab4ee6edded39ffd48e25858637e4765810300227e?s=96&d=mm&r=g\",\"url\":\"https:\\\/\\\/secure.gravatar.com\\\/avatar\\\/392b4cc8fbfeb00b39dfeeab4ee6edded39ffd48e25858637e4765810300227e?s=96&d=mm&r=g\",\"contentUrl\":\"https:\\\/\\\/secure.gravatar.com\\\/avatar\\\/392b4cc8fbfeb00b39dfeeab4ee6edded39ffd48e25858637e4765810300227e?s=96&d=mm&r=g\",\"caption\":\"Developer\"},\"url\":\"https:\\\/\\\/qtmm.org\\\/qt\\\/author\\\/Developer\\\/\"}]}<\/script>\n<!-- \/ Yoast SEO plugin. -->","yoast_head_json":{"title":"Meclis reisi Refat \u00c7ubarov Q\u0131r\u0131mn\u0131\u00f1 status\u0131 acele uquqiy de\u00f1i\u015fmege muhtac ve mezk\u00fcr de\u00f1i\u015fme q\u0131r\u0131mtatar halq\u0131n\u0131\u00f1 \u00f6z \u00f6z\u00fcni belgilemek aqq\u0131 taptalmas\u0131na yol bermeyceginde emin - \u041c\u0435\u0434\u0436\u043b\u0456\u0441","robots":{"index":"index","follow":"follow","max-snippet":"max-snippet:-1","max-image-preview":"max-image-preview:large","max-video-preview":"max-video-preview:-1"},"canonical":"https:\/\/qtmm.org\/qt\/meclis-reisi-refat-cubarov-qirimnin-statusi-acele-uquqiy-denismege-muhtac-ve-mezkur-denisme-qirimtatar-halqinin-oz-ozuni-belgilemek-aqqi-taptalmasina-yol-bermeyceginde-emin\/","og_locale":"en_US","og_type":"article","og_title":"Meclis reisi Refat \u00c7ubarov Q\u0131r\u0131mn\u0131\u00f1 status\u0131 acele uquqiy de\u00f1i\u015fmege muhtac ve mezk\u00fcr de\u00f1i\u015fme q\u0131r\u0131mtatar halq\u0131n\u0131\u00f1 \u00f6z \u00f6z\u00fcni belgilemek aqq\u0131 taptalmas\u0131na yol bermeyceginde emin - \u041c\u0435\u0434\u0436\u043b\u0456\u0441","og_description":"&#8220;So\u00f1ki vaq\u0131tta Ukrainada siyasiy i\u00f1q\u0131razn\u0131\u00f1 \u00e7ezimine \u00fcm\u00fct peyda ol\u0131p ba\u015fla\u011fan\u0131nen Rusiye Ukrainan\u0131 tolus\u0131nen imayesine almas\u0131n\u0131\u00f1 tarafdarlar\u0131 ol\u011fan\u0131n\u0131 gizlemegen siyaset\u00e7ilerden baz\u0131lar\u0131n\u0131\u00f1 bocala\u011fanlar\u0131 sezilmekte. Bu\u00f1a iri\u015filmese, i\u00e7 olma\u011fanda olar akimiyet ba\u015f\u0131nda ol\u011fan hududlarda amelge ke\u00e7kenini isteyler&#8221;, &#8211; dedi Meclis reisi, Q\u0131r\u0131m Yuqar\u0131 \u015euras\u0131 &#8220;Kurultay-Ruh&#8221; fraktsiyas\u0131n\u0131\u00f1 ba\u015f\u0131 Refat \u00c7ubarov Facebookta \u00f6z saifesinde Q\u0131r\u0131m Yuqar\u0131 \u015euras\u0131 Prezidium\u0131 azalar\u0131n\u0131\u00f1 yar\u0131madada [&hellip;]","og_url":"https:\/\/qtmm.org\/qt\/meclis-reisi-refat-cubarov-qirimnin-statusi-acele-uquqiy-denismege-muhtac-ve-mezkur-denisme-qirimtatar-halqinin-oz-ozuni-belgilemek-aqqi-taptalmasina-yol-bermeyceginde-emin\/","og_site_name":"\u041c\u0435\u0434\u0436\u043b\u0456\u0441","article_publisher":"https:\/\/www.facebook.com\/qtmm.info\/","article_published_time":"2014-02-05T14:35:00+00:00","article_modified_time":"2022-01-27T14:35:43+00:00","author":"Developer","twitter_card":"summary_large_image","twitter_misc":{"Written by":"Developer","Est. reading time":"3 minutes"},"schema":{"@context":"https:\/\/schema.org","@graph":[{"@type":"Article","@id":"https:\/\/qtmm.org\/qt\/meclis-reisi-refat-cubarov-qirimnin-statusi-acele-uquqiy-denismege-muhtac-ve-mezkur-denisme-qirimtatar-halqinin-oz-ozuni-belgilemek-aqqi-taptalmasina-yol-bermeyceginde-emin\/#article","isPartOf":{"@id":"https:\/\/qtmm.org\/qt\/meclis-reisi-refat-cubarov-qirimnin-statusi-acele-uquqiy-denismege-muhtac-ve-mezkur-denisme-qirimtatar-halqinin-oz-ozuni-belgilemek-aqqi-taptalmasina-yol-bermeyceginde-emin\/"},"author":{"name":"Developer","@id":"https:\/\/qtmm.org\/qt\/#\/schema\/person\/de562469f971dec226ac06e60bbf74a7"},"headline":"Meclis reisi Refat \u00c7ubarov Q\u0131r\u0131mn\u0131\u00f1 status\u0131 acele uquqiy de\u00f1i\u015fmege muhtac ve mezk\u00fcr de\u00f1i\u015fme q\u0131r\u0131mtatar halq\u0131n\u0131\u00f1 \u00f6z \u00f6z\u00fcni belgilemek aqq\u0131 taptalmas\u0131na yol bermeyceginde emin","datePublished":"2014-02-05T14:35:00+00:00","dateModified":"2022-01-27T14:35:43+00:00","mainEntityOfPage":{"@id":"https:\/\/qtmm.org\/qt\/meclis-reisi-refat-cubarov-qirimnin-statusi-acele-uquqiy-denismege-muhtac-ve-mezkur-denisme-qirimtatar-halqinin-oz-ozuni-belgilemek-aqqi-taptalmasina-yol-bermeyceginde-emin\/"},"wordCount":696,"commentCount":0,"publisher":{"@id":"https:\/\/qtmm.org\/qt\/#organization"},"articleSection":["Haberler"],"inLanguage":"qt","potentialAction":[{"@type":"CommentAction","name":"Comment","target":["https:\/\/qtmm.org\/qt\/meclis-reisi-refat-cubarov-qirimnin-statusi-acele-uquqiy-denismege-muhtac-ve-mezkur-denisme-qirimtatar-halqinin-oz-ozuni-belgilemek-aqqi-taptalmasina-yol-bermeyceginde-emin\/#respond"]}]},{"@type":"WebPage","@id":"https:\/\/qtmm.org\/qt\/meclis-reisi-refat-cubarov-qirimnin-statusi-acele-uquqiy-denismege-muhtac-ve-mezkur-denisme-qirimtatar-halqinin-oz-ozuni-belgilemek-aqqi-taptalmasina-yol-bermeyceginde-emin\/","url":"https:\/\/qtmm.org\/qt\/meclis-reisi-refat-cubarov-qirimnin-statusi-acele-uquqiy-denismege-muhtac-ve-mezkur-denisme-qirimtatar-halqinin-oz-ozuni-belgilemek-aqqi-taptalmasina-yol-bermeyceginde-emin\/","name":"Meclis reisi Refat \u00c7ubarov Q\u0131r\u0131mn\u0131\u00f1 status\u0131 acele uquqiy de\u00f1i\u015fmege muhtac ve mezk\u00fcr de\u00f1i\u015fme q\u0131r\u0131mtatar halq\u0131n\u0131\u00f1 \u00f6z \u00f6z\u00fcni belgilemek aqq\u0131 taptalmas\u0131na yol bermeyceginde emin - \u041c\u0435\u0434\u0436\u043b\u0456\u0441","isPartOf":{"@id":"https:\/\/qtmm.org\/qt\/#website"},"datePublished":"2014-02-05T14:35:00+00:00","dateModified":"2022-01-27T14:35:43+00:00","breadcrumb":{"@id":"https:\/\/qtmm.org\/qt\/meclis-reisi-refat-cubarov-qirimnin-statusi-acele-uquqiy-denismege-muhtac-ve-mezkur-denisme-qirimtatar-halqinin-oz-ozuni-belgilemek-aqqi-taptalmasina-yol-bermeyceginde-emin\/#breadcrumb"},"inLanguage":"qt","potentialAction":[{"@type":"ReadAction","target":["https:\/\/qtmm.org\/qt\/meclis-reisi-refat-cubarov-qirimnin-statusi-acele-uquqiy-denismege-muhtac-ve-mezkur-denisme-qirimtatar-halqinin-oz-ozuni-belgilemek-aqqi-taptalmasina-yol-bermeyceginde-emin\/"]}]},{"@type":"BreadcrumbList","@id":"https:\/\/qtmm.org\/qt\/meclis-reisi-refat-cubarov-qirimnin-statusi-acele-uquqiy-denismege-muhtac-ve-mezkur-denisme-qirimtatar-halqinin-oz-ozuni-belgilemek-aqqi-taptalmasina-yol-bermeyceginde-emin\/#breadcrumb","itemListElement":[{"@type":"ListItem","position":1,"name":"\u0413\u043e\u043b\u043e\u0432\u043d\u0430","item":"https:\/\/qtmm.org\/qt\/"},{"@type":"ListItem","position":2,"name":"Meclis reisi Refat \u00c7ubarov Q\u0131r\u0131mn\u0131\u00f1 status\u0131 acele uquqiy de\u00f1i\u015fmege muhtac ve mezk\u00fcr de\u00f1i\u015fme q\u0131r\u0131mtatar halq\u0131n\u0131\u00f1 \u00f6z \u00f6z\u00fcni belgilemek aqq\u0131 taptalmas\u0131na yol bermeyceginde emin"}]},{"@type":"WebSite","@id":"https:\/\/qtmm.org\/qt\/#website","url":"https:\/\/qtmm.org\/qt\/","name":"\u041c\u0435\u0434\u0436\u043b\u0456\u0441","description":"","publisher":{"@id":"https:\/\/qtmm.org\/qt\/#organization"},"potentialAction":[{"@type":"SearchAction","target":{"@type":"EntryPoint","urlTemplate":"https:\/\/qtmm.org\/qt\/?s={search_term_string}"},"query-input":{"@type":"PropertyValueSpecification","valueRequired":true,"valueName":"search_term_string"}}],"inLanguage":"qt"},{"@type":"Organization","@id":"https:\/\/qtmm.org\/qt\/#organization","name":"\u041c\u0435\u0434\u0436\u043b\u0456\u0441","url":"https:\/\/qtmm.org\/qt\/","logo":{"@type":"ImageObject","inLanguage":"qt","@id":"https:\/\/qtmm.org\/qt\/#\/schema\/logo\/image\/","url":"https:\/\/qtmm.org\/wp-content\/uploads\/2024\/12\/ua-mejlis-logo-rgb.svg","contentUrl":"https:\/\/qtmm.org\/wp-content\/uploads\/2024\/12\/ua-mejlis-logo-rgb.svg","caption":"\u041c\u0435\u0434\u0436\u043b\u0456\u0441"},"image":{"@id":"https:\/\/qtmm.org\/qt\/#\/schema\/logo\/image\/"},"sameAs":["https:\/\/www.facebook.com\/qtmm.info\/"]},{"@type":"Person","@id":"https:\/\/qtmm.org\/qt\/#\/schema\/person\/de562469f971dec226ac06e60bbf74a7","name":"Developer","image":{"@type":"ImageObject","inLanguage":"qt","@id":"https:\/\/secure.gravatar.com\/avatar\/392b4cc8fbfeb00b39dfeeab4ee6edded39ffd48e25858637e4765810300227e?s=96&d=mm&r=g","url":"https:\/\/secure.gravatar.com\/avatar\/392b4cc8fbfeb00b39dfeeab4ee6edded39ffd48e25858637e4765810300227e?s=96&d=mm&r=g","contentUrl":"https:\/\/secure.gravatar.com\/avatar\/392b4cc8fbfeb00b39dfeeab4ee6edded39ffd48e25858637e4765810300227e?s=96&d=mm&r=g","caption":"Developer"},"url":"https:\/\/qtmm.org\/qt\/author\/Developer\/"}]}},"_links":{"self":[{"href":"https:\/\/qtmm.org\/qt\/wp-json\/wp\/v2\/posts\/43011","targetHints":{"allow":["GET"]}}],"collection":[{"href":"https:\/\/qtmm.org\/qt\/wp-json\/wp\/v2\/posts"}],"about":[{"href":"https:\/\/qtmm.org\/qt\/wp-json\/wp\/v2\/types\/post"}],"author":[{"embeddable":true,"href":"https:\/\/qtmm.org\/qt\/wp-json\/wp\/v2\/users\/1"}],"replies":[{"embeddable":true,"href":"https:\/\/qtmm.org\/qt\/wp-json\/wp\/v2\/comments?post=43011"}],"version-history":[{"count":1,"href":"https:\/\/qtmm.org\/qt\/wp-json\/wp\/v2\/posts\/43011\/revisions"}],"predecessor-version":[{"id":43012,"href":"https:\/\/qtmm.org\/qt\/wp-json\/wp\/v2\/posts\/43011\/revisions\/43012"}],"wp:attachment":[{"href":"https:\/\/qtmm.org\/qt\/wp-json\/wp\/v2\/media?parent=43011"}],"wp:term":[{"taxonomy":"category","embeddable":true,"href":"https:\/\/qtmm.org\/qt\/wp-json\/wp\/v2\/categories?post=43011"},{"taxonomy":"post_tag","embeddable":true,"href":"https:\/\/qtmm.org\/qt\/wp-json\/wp\/v2\/tags?post=43011"}],"curies":[{"name":"wp","href":"https:\/\/api.w.org\/{rel}","templated":true}]}}