




{"id":43005,"date":"2014-02-04T17:34:00","date_gmt":"2014-02-04T14:34:00","guid":{"rendered":"http:\/\/qtmm.org\/?p=43005"},"modified":"2022-01-27T17:35:05","modified_gmt":"2022-01-27T14:35:05","slug":"noman-celebicihannin-hatirasina-bagislangan-tedbirlerni-azirlav-ve-keciruv-boyunca-teskiliy-komitetnin-toplasuvi","status":"publish","type":"post","link":"https:\/\/qtmm.org\/qt\/noman-celebicihannin-hatirasina-bagislangan-tedbirlerni-azirlav-ve-keciruv-boyunca-teskiliy-komitetnin-toplasuvi\/","title":{"rendered":"Noman \u00c7elebicihann\u0131\u00f1 hat\u0131ras\u0131na ba\u011f\u0131\u015flan\u011fan tedbirlerni az\u0131rlav ve ke\u00e7ir\u00fcv boyunca te\u015fkiliy komitetni\u00f1 topla\u015fuv\u0131"},"content":{"rendered":"\n<p>2014 senesi fevral 4 k\u00fcn\u00fc Noman \u00c7elebicihann\u0131\u00f1 hat\u0131ras\u0131na ba\u011f\u0131\u015flan\u011fan tedbirlerni az\u0131rlav ve ke\u00e7ir\u00fcv boyunca te\u015fkiliy komitetni\u00f1 birinci topla\u015fuv\u0131 ol\u0131p ke\u00e7ti. Te\u015fkiliy komitet erk\u00e2n\u0131 Milliy Meclisni\u00f1 2014 senesi 25 yanvar k\u00fcn\u00fc al\u0131n\u011fan qarar ile tasdiqland\u0131.<\/p>\n\n\n\n<p>Topla\u015fuv devam\u0131nda Esas olaraq Noman \u00c7elebicihan vefat\u0131n\u0131\u00f1 96 y\u0131ll\u0131\u011f\u0131na tedbirler plan\u0131n\u0131\u00f1 leyhas\u0131 qabul etildi.<\/p>\n\n\n\n<figure class=\"wp-block-image size-full\"><img loading=\"lazy\" decoding=\"async\" width=\"658\" height=\"600\" src=\"http:\/\/qtmm.org\/wp-content\/uploads\/2022\/01\/img_4999.jpeg\" alt=\"\" class=\"wp-image-43006\" srcset=\"https:\/\/qtmm.org\/wp-content\/uploads\/2022\/01\/img_4999.jpeg 658w, https:\/\/qtmm.org\/wp-content\/uploads\/2022\/01\/img_4999-300x274.jpeg 300w\" sizes=\"auto, (max-width: 658px) 100vw, 658px\" \/><\/figure>\n\n\n\n<p>C\u00fcmleden, Te\u015fkiliy komitet reisi Ayder Acimambetovn\u0131\u00f1 bildirgenine k\u00f6re 2014 y\u0131l\u0131 q\u0131r\u0131mtatar halq\u0131n\u0131\u00f1 belli siyasiy ve cemaat erbab\u0131, Q\u0131r\u0131m, Poloniya, Litvaniya ve Beyazrusiye m\u00fcftiyi Noman \u00c7elebicihann\u0131\u00f1 hat\u0131ras\u0131na ba\u011f\u0131\u015flan\u011fan tedbirler \u00e7er\u00e7ivesinde Q\u0131r\u0131mn\u0131\u00f1 b\u00fct\u00fcn camilerinde dua ve hutbeler oqulacaq, fevral 23 k\u00fcn\u00fc Aqmescit ve Aqyarda matem mitingleri, Cank\u00f6y, Kezlev, Qurman ve Keri\u00e7 rayonlar\u0131nda hat\u0131ra aq\u015famlar\u0131 ke\u00e7irilecek.<\/p>\n\n\n\n<p>Te\u015fkiliy komitet azas\u0131 Emine Avamileva haber etti ki, fevral 19-23 k\u00fcnleri q\u0131r\u0131mtatar tilinde tasil berilgen mektep ve s\u0131n\u0131f talebeleri aras\u0131nda Noman \u00c7elebicihann\u0131\u00f1 siyasiy ve diniy faaliyetine ba\u011f\u0131\u015flan\u0131p ifadeli oquv yar\u0131\u015f\u0131 \u00f6tkerilecek.<\/p>\n\n\n\n<p>Bundan da \u011fayr\u0131 studentler ve cemaat te\u015fkil\u00e2tlar\u0131n\u0131\u00f1 vekilleri i\u00e7\u00fcn Noman \u00c7elebicihann\u0131\u00f1 hat\u0131ras\u0131na ba\u011f\u0131\u015flan\u011fan aq\u015famlar te\u015fkil etilecek. Te\u015fkiliy komitet azas\u0131 Seydamet Ya\u011fyayevni\u00f1 bildirgenine k\u00f6re 2013 senesi QMPU q\u0131r\u0131mtatar ve t\u00fcrk filologiyas\u0131 fakultetinde a\u00e7\u0131l\u011fan Noman \u00c7elebicihan m\u00fczeyinde mahsus lektsiya oqulacaq, bun\u0131\u00f1 kibi de QMPUda k\u00fcre\u015f boyunca yar\u0131\u015flar ke\u00e7irilmesi de planla\u015ft\u0131r\u0131ld\u0131.<\/p>\n\n\n\n<p>Te\u015fkiliy komitet reisi te\u015fkiliy komitet ad\u0131na Aqmescitteki \u00c7ehov soqa\u011f\u0131ndaki 20-nci evde yani 1917-1918 senelerde Musulman komitetini\u00f1 ofisi yerle\u015fken binada hat\u0131ra tahtas\u0131n\u0131 asmaq teklifi t\u00fc\u015fken. A. Acimambetovn\u0131\u00f1 aytqan\u0131na k\u00f6re mezk\u00fcr mesele Aqmescit regional meclisni\u00f1 yaq\u0131n vaq\u0131tta olacaq topla\u015fuv\u0131nda baq\u0131l\u0131p, fevral-mart aylar\u0131 i\u00e7inde tahtan\u0131\u00f1 tantanal\u0131 a\u00e7\u0131l\u0131\u015f\u0131 k\u00f6zde tutula.<\/p>\n","protected":false},"excerpt":{"rendered":"<p>2014 senesi fevral 4 k\u00fcn\u00fc Noman \u00c7elebicihann\u0131\u00f1 hat\u0131ras\u0131na ba\u011f\u0131\u015flan\u011fan tedbirlerni az\u0131rlav ve ke\u00e7ir\u00fcv boyunca te\u015fkiliy komitetni\u00f1 birinci topla\u015fuv\u0131 ol\u0131p ke\u00e7ti. Te\u015fkiliy komitet erk\u00e2n\u0131 Milliy Meclisni\u00f1 2014 senesi 25 yanvar k\u00fcn\u00fc al\u0131n\u011fan qarar ile tasdiqland\u0131. Topla\u015fuv devam\u0131nda Esas olaraq Noman \u00c7elebicihan vefat\u0131n\u0131\u00f1 96 y\u0131ll\u0131\u011f\u0131na tedbirler plan\u0131n\u0131\u00f1 leyhas\u0131 qabul etildi. C\u00fcmleden, Te\u015fkiliy komitet reisi Ayder Acimambetovn\u0131\u00f1 bildirgenine [&hellip;]<\/p>\n","protected":false},"author":1,"featured_media":0,"comment_status":"open","ping_status":"open","sticky":false,"template":"","format":"standard","meta":{"inline_featured_image":false,"footnotes":""},"categories":[265],"tags":[],"class_list":["post-43005","post","type-post","status-publish","format-standard","hentry","category-haberler"],"acf":[],"yoast_head":"<!-- This site is optimized with the Yoast SEO plugin v27.4 - https:\/\/yoast.com\/product\/yoast-seo-wordpress\/ -->\n<title>Noman \u00c7elebicihann\u0131\u00f1 hat\u0131ras\u0131na ba\u011f\u0131\u015flan\u011fan tedbirlerni az\u0131rlav ve ke\u00e7ir\u00fcv boyunca te\u015fkiliy komitetni\u00f1 topla\u015fuv\u0131 - \u041c\u0435\u0434\u0436\u043b\u0456\u0441<\/title>\n<meta name=\"robots\" content=\"index, follow, max-snippet:-1, max-image-preview:large, max-video-preview:-1\" \/>\n<link rel=\"canonical\" href=\"https:\/\/qtmm.org\/qt\/noman-celebicihannin-hatirasina-bagislangan-tedbirlerni-azirlav-ve-keciruv-boyunca-teskiliy-komitetnin-toplasuvi\/\" \/>\n<meta property=\"og:locale\" content=\"en_US\" \/>\n<meta property=\"og:type\" content=\"article\" \/>\n<meta property=\"og:title\" content=\"Noman \u00c7elebicihann\u0131\u00f1 hat\u0131ras\u0131na ba\u011f\u0131\u015flan\u011fan tedbirlerni az\u0131rlav ve ke\u00e7ir\u00fcv boyunca te\u015fkiliy komitetni\u00f1 topla\u015fuv\u0131 - \u041c\u0435\u0434\u0436\u043b\u0456\u0441\" \/>\n<meta property=\"og:description\" content=\"2014 senesi fevral 4 k\u00fcn\u00fc Noman \u00c7elebicihann\u0131\u00f1 hat\u0131ras\u0131na ba\u011f\u0131\u015flan\u011fan tedbirlerni az\u0131rlav ve ke\u00e7ir\u00fcv boyunca te\u015fkiliy komitetni\u00f1 birinci topla\u015fuv\u0131 ol\u0131p ke\u00e7ti. Te\u015fkiliy komitet erk\u00e2n\u0131 Milliy Meclisni\u00f1 2014 senesi 25 yanvar k\u00fcn\u00fc al\u0131n\u011fan qarar ile tasdiqland\u0131. Topla\u015fuv devam\u0131nda Esas olaraq Noman \u00c7elebicihan vefat\u0131n\u0131\u00f1 96 y\u0131ll\u0131\u011f\u0131na tedbirler plan\u0131n\u0131\u00f1 leyhas\u0131 qabul etildi. C\u00fcmleden, Te\u015fkiliy komitet reisi Ayder Acimambetovn\u0131\u00f1 bildirgenine [&hellip;]\" \/>\n<meta property=\"og:url\" content=\"https:\/\/qtmm.org\/qt\/noman-celebicihannin-hatirasina-bagislangan-tedbirlerni-azirlav-ve-keciruv-boyunca-teskiliy-komitetnin-toplasuvi\/\" \/>\n<meta property=\"og:site_name\" content=\"\u041c\u0435\u0434\u0436\u043b\u0456\u0441\" \/>\n<meta property=\"article:publisher\" content=\"https:\/\/www.facebook.com\/qtmm.info\/\" \/>\n<meta property=\"article:published_time\" content=\"2014-02-04T14:34:00+00:00\" \/>\n<meta property=\"article:modified_time\" content=\"2022-01-27T14:35:05+00:00\" \/>\n<meta property=\"og:image\" content=\"https:\/\/qtmm.org\/wp-content\/uploads\/2022\/01\/img_4999.jpeg\" \/>\n\t<meta property=\"og:image:width\" content=\"658\" \/>\n\t<meta property=\"og:image:height\" content=\"600\" \/>\n\t<meta property=\"og:image:type\" content=\"image\/jpeg\" \/>\n<meta name=\"author\" content=\"Developer\" \/>\n<meta name=\"twitter:card\" content=\"summary_large_image\" \/>\n<meta name=\"twitter:label1\" content=\"Written by\" \/>\n\t<meta name=\"twitter:data1\" content=\"Developer\" \/>\n\t<meta name=\"twitter:label2\" content=\"Est. reading time\" \/>\n\t<meta name=\"twitter:data2\" content=\"2 minutes\" \/>\n<script type=\"application\/ld+json\" class=\"yoast-schema-graph\">{\"@context\":\"https:\\\/\\\/schema.org\",\"@graph\":[{\"@type\":\"Article\",\"@id\":\"https:\\\/\\\/qtmm.org\\\/qt\\\/noman-celebicihannin-hatirasina-bagislangan-tedbirlerni-azirlav-ve-keciruv-boyunca-teskiliy-komitetnin-toplasuvi\\\/#article\",\"isPartOf\":{\"@id\":\"https:\\\/\\\/qtmm.org\\\/qt\\\/noman-celebicihannin-hatirasina-bagislangan-tedbirlerni-azirlav-ve-keciruv-boyunca-teskiliy-komitetnin-toplasuvi\\\/\"},\"author\":{\"name\":\"Developer\",\"@id\":\"https:\\\/\\\/qtmm.org\\\/qt\\\/#\\\/schema\\\/person\\\/de562469f971dec226ac06e60bbf74a7\"},\"headline\":\"Noman \u00c7elebicihann\u0131\u00f1 hat\u0131ras\u0131na ba\u011f\u0131\u015flan\u011fan tedbirlerni az\u0131rlav ve ke\u00e7ir\u00fcv boyunca te\u015fkiliy komitetni\u00f1 topla\u015fuv\u0131\",\"datePublished\":\"2014-02-04T14:34:00+00:00\",\"dateModified\":\"2022-01-27T14:35:05+00:00\",\"mainEntityOfPage\":{\"@id\":\"https:\\\/\\\/qtmm.org\\\/qt\\\/noman-celebicihannin-hatirasina-bagislangan-tedbirlerni-azirlav-ve-keciruv-boyunca-teskiliy-komitetnin-toplasuvi\\\/\"},\"wordCount\":341,\"commentCount\":0,\"publisher\":{\"@id\":\"https:\\\/\\\/qtmm.org\\\/qt\\\/#organization\"},\"image\":{\"@id\":\"https:\\\/\\\/qtmm.org\\\/qt\\\/noman-celebicihannin-hatirasina-bagislangan-tedbirlerni-azirlav-ve-keciruv-boyunca-teskiliy-komitetnin-toplasuvi\\\/#primaryimage\"},\"thumbnailUrl\":\"http:\\\/\\\/qtmm.org\\\/wp-content\\\/uploads\\\/2022\\\/01\\\/img_4999.jpeg\",\"articleSection\":[\"Haberler\"],\"inLanguage\":\"qt\",\"potentialAction\":[{\"@type\":\"CommentAction\",\"name\":\"Comment\",\"target\":[\"https:\\\/\\\/qtmm.org\\\/qt\\\/noman-celebicihannin-hatirasina-bagislangan-tedbirlerni-azirlav-ve-keciruv-boyunca-teskiliy-komitetnin-toplasuvi\\\/#respond\"]}]},{\"@type\":\"WebPage\",\"@id\":\"https:\\\/\\\/qtmm.org\\\/qt\\\/noman-celebicihannin-hatirasina-bagislangan-tedbirlerni-azirlav-ve-keciruv-boyunca-teskiliy-komitetnin-toplasuvi\\\/\",\"url\":\"https:\\\/\\\/qtmm.org\\\/qt\\\/noman-celebicihannin-hatirasina-bagislangan-tedbirlerni-azirlav-ve-keciruv-boyunca-teskiliy-komitetnin-toplasuvi\\\/\",\"name\":\"Noman \u00c7elebicihann\u0131\u00f1 hat\u0131ras\u0131na ba\u011f\u0131\u015flan\u011fan tedbirlerni az\u0131rlav ve ke\u00e7ir\u00fcv boyunca te\u015fkiliy komitetni\u00f1 topla\u015fuv\u0131 - \u041c\u0435\u0434\u0436\u043b\u0456\u0441\",\"isPartOf\":{\"@id\":\"https:\\\/\\\/qtmm.org\\\/qt\\\/#website\"},\"primaryImageOfPage\":{\"@id\":\"https:\\\/\\\/qtmm.org\\\/qt\\\/noman-celebicihannin-hatirasina-bagislangan-tedbirlerni-azirlav-ve-keciruv-boyunca-teskiliy-komitetnin-toplasuvi\\\/#primaryimage\"},\"image\":{\"@id\":\"https:\\\/\\\/qtmm.org\\\/qt\\\/noman-celebicihannin-hatirasina-bagislangan-tedbirlerni-azirlav-ve-keciruv-boyunca-teskiliy-komitetnin-toplasuvi\\\/#primaryimage\"},\"thumbnailUrl\":\"http:\\\/\\\/qtmm.org\\\/wp-content\\\/uploads\\\/2022\\\/01\\\/img_4999.jpeg\",\"datePublished\":\"2014-02-04T14:34:00+00:00\",\"dateModified\":\"2022-01-27T14:35:05+00:00\",\"breadcrumb\":{\"@id\":\"https:\\\/\\\/qtmm.org\\\/qt\\\/noman-celebicihannin-hatirasina-bagislangan-tedbirlerni-azirlav-ve-keciruv-boyunca-teskiliy-komitetnin-toplasuvi\\\/#breadcrumb\"},\"inLanguage\":\"qt\",\"potentialAction\":[{\"@type\":\"ReadAction\",\"target\":[\"https:\\\/\\\/qtmm.org\\\/qt\\\/noman-celebicihannin-hatirasina-bagislangan-tedbirlerni-azirlav-ve-keciruv-boyunca-teskiliy-komitetnin-toplasuvi\\\/\"]}]},{\"@type\":\"ImageObject\",\"inLanguage\":\"qt\",\"@id\":\"https:\\\/\\\/qtmm.org\\\/qt\\\/noman-celebicihannin-hatirasina-bagislangan-tedbirlerni-azirlav-ve-keciruv-boyunca-teskiliy-komitetnin-toplasuvi\\\/#primaryimage\",\"url\":\"http:\\\/\\\/qtmm.org\\\/wp-content\\\/uploads\\\/2022\\\/01\\\/img_4999.jpeg\",\"contentUrl\":\"http:\\\/\\\/qtmm.org\\\/wp-content\\\/uploads\\\/2022\\\/01\\\/img_4999.jpeg\"},{\"@type\":\"BreadcrumbList\",\"@id\":\"https:\\\/\\\/qtmm.org\\\/qt\\\/noman-celebicihannin-hatirasina-bagislangan-tedbirlerni-azirlav-ve-keciruv-boyunca-teskiliy-komitetnin-toplasuvi\\\/#breadcrumb\",\"itemListElement\":[{\"@type\":\"ListItem\",\"position\":1,\"name\":\"\u0413\u043e\u043b\u043e\u0432\u043d\u0430\",\"item\":\"https:\\\/\\\/qtmm.org\\\/qt\\\/\"},{\"@type\":\"ListItem\",\"position\":2,\"name\":\"Noman \u00c7elebicihann\u0131\u00f1 hat\u0131ras\u0131na ba\u011f\u0131\u015flan\u011fan tedbirlerni az\u0131rlav ve ke\u00e7ir\u00fcv boyunca te\u015fkiliy komitetni\u00f1 topla\u015fuv\u0131\"}]},{\"@type\":\"WebSite\",\"@id\":\"https:\\\/\\\/qtmm.org\\\/qt\\\/#website\",\"url\":\"https:\\\/\\\/qtmm.org\\\/qt\\\/\",\"name\":\"\u041c\u0435\u0434\u0436\u043b\u0456\u0441\",\"description\":\"\",\"publisher\":{\"@id\":\"https:\\\/\\\/qtmm.org\\\/qt\\\/#organization\"},\"potentialAction\":[{\"@type\":\"SearchAction\",\"target\":{\"@type\":\"EntryPoint\",\"urlTemplate\":\"https:\\\/\\\/qtmm.org\\\/qt\\\/?s={search_term_string}\"},\"query-input\":{\"@type\":\"PropertyValueSpecification\",\"valueRequired\":true,\"valueName\":\"search_term_string\"}}],\"inLanguage\":\"qt\"},{\"@type\":\"Organization\",\"@id\":\"https:\\\/\\\/qtmm.org\\\/qt\\\/#organization\",\"name\":\"\u041c\u0435\u0434\u0436\u043b\u0456\u0441\",\"url\":\"https:\\\/\\\/qtmm.org\\\/qt\\\/\",\"logo\":{\"@type\":\"ImageObject\",\"inLanguage\":\"qt\",\"@id\":\"https:\\\/\\\/qtmm.org\\\/qt\\\/#\\\/schema\\\/logo\\\/image\\\/\",\"url\":\"https:\\\/\\\/qtmm.org\\\/wp-content\\\/uploads\\\/2024\\\/12\\\/ua-mejlis-logo-rgb.svg\",\"contentUrl\":\"https:\\\/\\\/qtmm.org\\\/wp-content\\\/uploads\\\/2024\\\/12\\\/ua-mejlis-logo-rgb.svg\",\"caption\":\"\u041c\u0435\u0434\u0436\u043b\u0456\u0441\"},\"image\":{\"@id\":\"https:\\\/\\\/qtmm.org\\\/qt\\\/#\\\/schema\\\/logo\\\/image\\\/\"},\"sameAs\":[\"https:\\\/\\\/www.facebook.com\\\/qtmm.info\\\/\"]},{\"@type\":\"Person\",\"@id\":\"https:\\\/\\\/qtmm.org\\\/qt\\\/#\\\/schema\\\/person\\\/de562469f971dec226ac06e60bbf74a7\",\"name\":\"Developer\",\"image\":{\"@type\":\"ImageObject\",\"inLanguage\":\"qt\",\"@id\":\"https:\\\/\\\/secure.gravatar.com\\\/avatar\\\/392b4cc8fbfeb00b39dfeeab4ee6edded39ffd48e25858637e4765810300227e?s=96&d=mm&r=g\",\"url\":\"https:\\\/\\\/secure.gravatar.com\\\/avatar\\\/392b4cc8fbfeb00b39dfeeab4ee6edded39ffd48e25858637e4765810300227e?s=96&d=mm&r=g\",\"contentUrl\":\"https:\\\/\\\/secure.gravatar.com\\\/avatar\\\/392b4cc8fbfeb00b39dfeeab4ee6edded39ffd48e25858637e4765810300227e?s=96&d=mm&r=g\",\"caption\":\"Developer\"},\"url\":\"https:\\\/\\\/qtmm.org\\\/qt\\\/author\\\/Developer\\\/\"}]}<\/script>\n<!-- \/ Yoast SEO plugin. -->","yoast_head_json":{"title":"Noman \u00c7elebicihann\u0131\u00f1 hat\u0131ras\u0131na ba\u011f\u0131\u015flan\u011fan tedbirlerni az\u0131rlav ve ke\u00e7ir\u00fcv boyunca te\u015fkiliy komitetni\u00f1 topla\u015fuv\u0131 - \u041c\u0435\u0434\u0436\u043b\u0456\u0441","robots":{"index":"index","follow":"follow","max-snippet":"max-snippet:-1","max-image-preview":"max-image-preview:large","max-video-preview":"max-video-preview:-1"},"canonical":"https:\/\/qtmm.org\/qt\/noman-celebicihannin-hatirasina-bagislangan-tedbirlerni-azirlav-ve-keciruv-boyunca-teskiliy-komitetnin-toplasuvi\/","og_locale":"en_US","og_type":"article","og_title":"Noman \u00c7elebicihann\u0131\u00f1 hat\u0131ras\u0131na ba\u011f\u0131\u015flan\u011fan tedbirlerni az\u0131rlav ve ke\u00e7ir\u00fcv boyunca te\u015fkiliy komitetni\u00f1 topla\u015fuv\u0131 - \u041c\u0435\u0434\u0436\u043b\u0456\u0441","og_description":"2014 senesi fevral 4 k\u00fcn\u00fc Noman \u00c7elebicihann\u0131\u00f1 hat\u0131ras\u0131na ba\u011f\u0131\u015flan\u011fan tedbirlerni az\u0131rlav ve ke\u00e7ir\u00fcv boyunca te\u015fkiliy komitetni\u00f1 birinci topla\u015fuv\u0131 ol\u0131p ke\u00e7ti. Te\u015fkiliy komitet erk\u00e2n\u0131 Milliy Meclisni\u00f1 2014 senesi 25 yanvar k\u00fcn\u00fc al\u0131n\u011fan qarar ile tasdiqland\u0131. Topla\u015fuv devam\u0131nda Esas olaraq Noman \u00c7elebicihan vefat\u0131n\u0131\u00f1 96 y\u0131ll\u0131\u011f\u0131na tedbirler plan\u0131n\u0131\u00f1 leyhas\u0131 qabul etildi. C\u00fcmleden, Te\u015fkiliy komitet reisi Ayder Acimambetovn\u0131\u00f1 bildirgenine [&hellip;]","og_url":"https:\/\/qtmm.org\/qt\/noman-celebicihannin-hatirasina-bagislangan-tedbirlerni-azirlav-ve-keciruv-boyunca-teskiliy-komitetnin-toplasuvi\/","og_site_name":"\u041c\u0435\u0434\u0436\u043b\u0456\u0441","article_publisher":"https:\/\/www.facebook.com\/qtmm.info\/","article_published_time":"2014-02-04T14:34:00+00:00","article_modified_time":"2022-01-27T14:35:05+00:00","og_image":[{"width":658,"height":600,"url":"https:\/\/qtmm.org\/wp-content\/uploads\/2022\/01\/img_4999.jpeg","type":"image\/jpeg"}],"author":"Developer","twitter_card":"summary_large_image","twitter_misc":{"Written by":"Developer","Est. reading time":"2 minutes"},"schema":{"@context":"https:\/\/schema.org","@graph":[{"@type":"Article","@id":"https:\/\/qtmm.org\/qt\/noman-celebicihannin-hatirasina-bagislangan-tedbirlerni-azirlav-ve-keciruv-boyunca-teskiliy-komitetnin-toplasuvi\/#article","isPartOf":{"@id":"https:\/\/qtmm.org\/qt\/noman-celebicihannin-hatirasina-bagislangan-tedbirlerni-azirlav-ve-keciruv-boyunca-teskiliy-komitetnin-toplasuvi\/"},"author":{"name":"Developer","@id":"https:\/\/qtmm.org\/qt\/#\/schema\/person\/de562469f971dec226ac06e60bbf74a7"},"headline":"Noman \u00c7elebicihann\u0131\u00f1 hat\u0131ras\u0131na ba\u011f\u0131\u015flan\u011fan tedbirlerni az\u0131rlav ve ke\u00e7ir\u00fcv boyunca te\u015fkiliy komitetni\u00f1 topla\u015fuv\u0131","datePublished":"2014-02-04T14:34:00+00:00","dateModified":"2022-01-27T14:35:05+00:00","mainEntityOfPage":{"@id":"https:\/\/qtmm.org\/qt\/noman-celebicihannin-hatirasina-bagislangan-tedbirlerni-azirlav-ve-keciruv-boyunca-teskiliy-komitetnin-toplasuvi\/"},"wordCount":341,"commentCount":0,"publisher":{"@id":"https:\/\/qtmm.org\/qt\/#organization"},"image":{"@id":"https:\/\/qtmm.org\/qt\/noman-celebicihannin-hatirasina-bagislangan-tedbirlerni-azirlav-ve-keciruv-boyunca-teskiliy-komitetnin-toplasuvi\/#primaryimage"},"thumbnailUrl":"http:\/\/qtmm.org\/wp-content\/uploads\/2022\/01\/img_4999.jpeg","articleSection":["Haberler"],"inLanguage":"qt","potentialAction":[{"@type":"CommentAction","name":"Comment","target":["https:\/\/qtmm.org\/qt\/noman-celebicihannin-hatirasina-bagislangan-tedbirlerni-azirlav-ve-keciruv-boyunca-teskiliy-komitetnin-toplasuvi\/#respond"]}]},{"@type":"WebPage","@id":"https:\/\/qtmm.org\/qt\/noman-celebicihannin-hatirasina-bagislangan-tedbirlerni-azirlav-ve-keciruv-boyunca-teskiliy-komitetnin-toplasuvi\/","url":"https:\/\/qtmm.org\/qt\/noman-celebicihannin-hatirasina-bagislangan-tedbirlerni-azirlav-ve-keciruv-boyunca-teskiliy-komitetnin-toplasuvi\/","name":"Noman \u00c7elebicihann\u0131\u00f1 hat\u0131ras\u0131na ba\u011f\u0131\u015flan\u011fan tedbirlerni az\u0131rlav ve ke\u00e7ir\u00fcv boyunca te\u015fkiliy komitetni\u00f1 topla\u015fuv\u0131 - \u041c\u0435\u0434\u0436\u043b\u0456\u0441","isPartOf":{"@id":"https:\/\/qtmm.org\/qt\/#website"},"primaryImageOfPage":{"@id":"https:\/\/qtmm.org\/qt\/noman-celebicihannin-hatirasina-bagislangan-tedbirlerni-azirlav-ve-keciruv-boyunca-teskiliy-komitetnin-toplasuvi\/#primaryimage"},"image":{"@id":"https:\/\/qtmm.org\/qt\/noman-celebicihannin-hatirasina-bagislangan-tedbirlerni-azirlav-ve-keciruv-boyunca-teskiliy-komitetnin-toplasuvi\/#primaryimage"},"thumbnailUrl":"http:\/\/qtmm.org\/wp-content\/uploads\/2022\/01\/img_4999.jpeg","datePublished":"2014-02-04T14:34:00+00:00","dateModified":"2022-01-27T14:35:05+00:00","breadcrumb":{"@id":"https:\/\/qtmm.org\/qt\/noman-celebicihannin-hatirasina-bagislangan-tedbirlerni-azirlav-ve-keciruv-boyunca-teskiliy-komitetnin-toplasuvi\/#breadcrumb"},"inLanguage":"qt","potentialAction":[{"@type":"ReadAction","target":["https:\/\/qtmm.org\/qt\/noman-celebicihannin-hatirasina-bagislangan-tedbirlerni-azirlav-ve-keciruv-boyunca-teskiliy-komitetnin-toplasuvi\/"]}]},{"@type":"ImageObject","inLanguage":"qt","@id":"https:\/\/qtmm.org\/qt\/noman-celebicihannin-hatirasina-bagislangan-tedbirlerni-azirlav-ve-keciruv-boyunca-teskiliy-komitetnin-toplasuvi\/#primaryimage","url":"http:\/\/qtmm.org\/wp-content\/uploads\/2022\/01\/img_4999.jpeg","contentUrl":"http:\/\/qtmm.org\/wp-content\/uploads\/2022\/01\/img_4999.jpeg"},{"@type":"BreadcrumbList","@id":"https:\/\/qtmm.org\/qt\/noman-celebicihannin-hatirasina-bagislangan-tedbirlerni-azirlav-ve-keciruv-boyunca-teskiliy-komitetnin-toplasuvi\/#breadcrumb","itemListElement":[{"@type":"ListItem","position":1,"name":"\u0413\u043e\u043b\u043e\u0432\u043d\u0430","item":"https:\/\/qtmm.org\/qt\/"},{"@type":"ListItem","position":2,"name":"Noman \u00c7elebicihann\u0131\u00f1 hat\u0131ras\u0131na ba\u011f\u0131\u015flan\u011fan tedbirlerni az\u0131rlav ve ke\u00e7ir\u00fcv boyunca te\u015fkiliy komitetni\u00f1 topla\u015fuv\u0131"}]},{"@type":"WebSite","@id":"https:\/\/qtmm.org\/qt\/#website","url":"https:\/\/qtmm.org\/qt\/","name":"\u041c\u0435\u0434\u0436\u043b\u0456\u0441","description":"","publisher":{"@id":"https:\/\/qtmm.org\/qt\/#organization"},"potentialAction":[{"@type":"SearchAction","target":{"@type":"EntryPoint","urlTemplate":"https:\/\/qtmm.org\/qt\/?s={search_term_string}"},"query-input":{"@type":"PropertyValueSpecification","valueRequired":true,"valueName":"search_term_string"}}],"inLanguage":"qt"},{"@type":"Organization","@id":"https:\/\/qtmm.org\/qt\/#organization","name":"\u041c\u0435\u0434\u0436\u043b\u0456\u0441","url":"https:\/\/qtmm.org\/qt\/","logo":{"@type":"ImageObject","inLanguage":"qt","@id":"https:\/\/qtmm.org\/qt\/#\/schema\/logo\/image\/","url":"https:\/\/qtmm.org\/wp-content\/uploads\/2024\/12\/ua-mejlis-logo-rgb.svg","contentUrl":"https:\/\/qtmm.org\/wp-content\/uploads\/2024\/12\/ua-mejlis-logo-rgb.svg","caption":"\u041c\u0435\u0434\u0436\u043b\u0456\u0441"},"image":{"@id":"https:\/\/qtmm.org\/qt\/#\/schema\/logo\/image\/"},"sameAs":["https:\/\/www.facebook.com\/qtmm.info\/"]},{"@type":"Person","@id":"https:\/\/qtmm.org\/qt\/#\/schema\/person\/de562469f971dec226ac06e60bbf74a7","name":"Developer","image":{"@type":"ImageObject","inLanguage":"qt","@id":"https:\/\/secure.gravatar.com\/avatar\/392b4cc8fbfeb00b39dfeeab4ee6edded39ffd48e25858637e4765810300227e?s=96&d=mm&r=g","url":"https:\/\/secure.gravatar.com\/avatar\/392b4cc8fbfeb00b39dfeeab4ee6edded39ffd48e25858637e4765810300227e?s=96&d=mm&r=g","contentUrl":"https:\/\/secure.gravatar.com\/avatar\/392b4cc8fbfeb00b39dfeeab4ee6edded39ffd48e25858637e4765810300227e?s=96&d=mm&r=g","caption":"Developer"},"url":"https:\/\/qtmm.org\/qt\/author\/Developer\/"}]}},"_links":{"self":[{"href":"https:\/\/qtmm.org\/qt\/wp-json\/wp\/v2\/posts\/43005","targetHints":{"allow":["GET"]}}],"collection":[{"href":"https:\/\/qtmm.org\/qt\/wp-json\/wp\/v2\/posts"}],"about":[{"href":"https:\/\/qtmm.org\/qt\/wp-json\/wp\/v2\/types\/post"}],"author":[{"embeddable":true,"href":"https:\/\/qtmm.org\/qt\/wp-json\/wp\/v2\/users\/1"}],"replies":[{"embeddable":true,"href":"https:\/\/qtmm.org\/qt\/wp-json\/wp\/v2\/comments?post=43005"}],"version-history":[{"count":1,"href":"https:\/\/qtmm.org\/qt\/wp-json\/wp\/v2\/posts\/43005\/revisions"}],"predecessor-version":[{"id":43010,"href":"https:\/\/qtmm.org\/qt\/wp-json\/wp\/v2\/posts\/43005\/revisions\/43010"}],"wp:attachment":[{"href":"https:\/\/qtmm.org\/qt\/wp-json\/wp\/v2\/media?parent=43005"}],"wp:term":[{"taxonomy":"category","embeddable":true,"href":"https:\/\/qtmm.org\/qt\/wp-json\/wp\/v2\/categories?post=43005"},{"taxonomy":"post_tag","embeddable":true,"href":"https:\/\/qtmm.org\/qt\/wp-json\/wp\/v2\/tags?post=43005"}],"curies":[{"name":"wp","href":"https:\/\/api.w.org\/{rel}","templated":true}]}}