




{"id":42987,"date":"2014-02-04T17:32:00","date_gmt":"2014-02-04T14:32:00","guid":{"rendered":"http:\/\/qtmm.org\/?p=42987"},"modified":"2022-01-27T17:34:04","modified_gmt":"2022-01-27T14:34:04","slug":"meclis-reisi-refat-cubarov-turkiye-bas-naziri-recep-tayip-erdogan-ile-korusti","status":"publish","type":"post","link":"https:\/\/qtmm.org\/qt\/meclis-reisi-refat-cubarov-turkiye-bas-naziri-recep-tayip-erdogan-ile-korusti\/","title":{"rendered":"Meclis reisi Refat \u00c7ubarov T\u00fcrkiye ba\u015f naziri Recep Tayip Erdo\u011fan ile k\u00f6r\u00fc\u015fti"},"content":{"rendered":"\n<p>Almaniyada eki k\u00fcnl\u00fck i\u015f ziyaretinen bulun\u011fan Meclis reisi Refat \u00c7ubarov ve on\u0131\u00f1 muavini Aslan \u00d6mer Q\u0131r\u0131ml\u0131 Berlinde B\u00fcndestag deputatlar\u0131 ve Almaniyan\u0131\u00f1 \u00fck\u00fcmetten t\u0131\u015f te\u015fkil\u00e2tlar\u0131n\u0131\u00f1 vekillerinen k\u00f6r\u00fc\u015f\u00fcvler ke\u00e7ireler. K\u00f6r\u00fc\u015f\u00fcvlerde q\u0131r\u0131mtatar halq\u0131n\u0131\u00f1 Ukrainada vaziyeti ve halqara \u00fck\u00fcmet ve Avropa devletlerindeki \u00fck\u00fcmetten t\u0131\u015f te\u015fkil\u00e2tlarn\u0131\u00f1 q\u0131r\u0131mtatar halq\u0131 aqlar\u0131n\u0131\u00f1 \u011fayr\u0131dan tiklenmesinde rol\u00fc meseleleri muzakere etilmekte.<br><br>2014 senesi fevral 3 k\u00fcn\u00fc Berlinde bun\u0131\u00f1 kibi de Almaniyada resmiy ziyaretnen bulun\u011fan T\u00fcrkiye Cumhuriyetini\u00f1 ba\u015f naziri Recep Tayip Erdogan ve o\u00f1a refaqatl\u0131q yapqan delegatsiya azalar\u0131nen bir s\u0131ra k\u00f6r\u00fc\u015f\u00fcvler old\u0131.<\/p>\n\n\n\n<p>Meclis reisi Refat \u00c7ubarov ve on\u0131\u00f1 muavini Aslan \u00d6mer Q\u0131r\u0131ml\u0131 T\u00fcrkiye ba\u015f nazirini\u00f1 muavini Emrullah \u0130\u015fler, T\u00fcrkiye T\u0131\u015f i\u015fleri naziri Ahmet Davutoglu, T\u00fcrkiye \u00fck\u00fcmeti T\u00fcrk aqrabalar\u0131 ve yurt t\u0131\u015f\u0131ndaki t\u00fcrklerni\u00f1 i\u015fleri boyunca ba\u015fqan\u0131 Kemal Yurtna\u00e7, T\u00fcrkiyeni\u00f1 Almaniyadaki B\u00fcy\u00fck El\u00e7isi Avni Karslioglu ile ayr\u0131ca k\u00f6r\u00fc\u015f\u00fcvler ke\u00e7irdiler. Bu k\u00f6r\u00fc\u015f\u00fcvlerde Meclisni\u00f1 Almaniyadaki vekili Ahmet Ozay i\u015ftirak etti.<\/p>\n\n\n\n<figure class=\"wp-block-image size-full\"><img loading=\"lazy\" decoding=\"async\" width=\"650\" height=\"369\" src=\"http:\/\/qtmm.org\/wp-content\/uploads\/2022\/01\/img_4940.jpeg\" alt=\"\" class=\"wp-image-42992\" srcset=\"https:\/\/qtmm.org\/wp-content\/uploads\/2022\/01\/img_4940.jpeg 650w, https:\/\/qtmm.org\/wp-content\/uploads\/2022\/01\/img_4940-300x170.jpeg 300w\" sizes=\"auto, (max-width: 650px) 100vw, 650px\" \/><\/figure>\n\n\n\n<figure class=\"wp-block-image size-full\"><img loading=\"lazy\" decoding=\"async\" width=\"650\" height=\"317\" src=\"http:\/\/qtmm.org\/wp-content\/uploads\/2022\/01\/dsc_5335.jpeg\" alt=\"\" class=\"wp-image-42996\" srcset=\"https:\/\/qtmm.org\/wp-content\/uploads\/2022\/01\/dsc_5335.jpeg 650w, https:\/\/qtmm.org\/wp-content\/uploads\/2022\/01\/dsc_5335-300x146.jpeg 300w\" sizes=\"auto, (max-width: 650px) 100vw, 650px\" \/><\/figure>\n\n\n\n<p>2014 senesi fevral 3 k\u00fcn\u00fc Meclis reisi Refat \u00c7ubarov ve on\u0131\u00f1 muavini Aslan \u00d6mer Q\u0131r\u0131ml\u0131 T\u00fcrkiye Ba\u015f naziri Recep Tayip Erdogan ve T\u00fcrkiye \u00fck\u00fcmeti delegatsiyas\u0131 azalar\u0131n\u0131\u00f1 Almaniyadaki 30 cemaat te\u015fkil\u00e2t reberlerinen k\u00f6r\u00fc\u015f\u00fcvinde musafir olaraq i\u015ftirak etip, \u00e7\u0131q\u0131\u015fta bulund\u0131lar.<\/p>\n\n\n\n<p>2014 senesi fevral 3 k\u00fcn\u00fc aq\u015fam Meclis reisi Refat \u00c7ubarov T\u00fcrkiye Ba\u015f naziri Recep Tayip Erdogan ile k\u00f6r\u00fc\u015fti.<\/p>\n\n\n\n<figure class=\"wp-block-image size-full\"><img loading=\"lazy\" decoding=\"async\" width=\"650\" height=\"345\" src=\"http:\/\/qtmm.org\/wp-content\/uploads\/2022\/01\/vstrecha_s_r.-t.-erdoganom.jpeg\" alt=\"\" class=\"wp-image-43000\" srcset=\"https:\/\/qtmm.org\/wp-content\/uploads\/2022\/01\/vstrecha_s_r.-t.-erdoganom.jpeg 650w, https:\/\/qtmm.org\/wp-content\/uploads\/2022\/01\/vstrecha_s_r.-t.-erdoganom-300x159.jpeg 300w\" sizes=\"auto, (max-width: 650px) 100vw, 650px\" \/><\/figure>\n\n\n\n<p>K\u00f6r\u00fc\u015f\u00fcvde Meclis reisini\u00f1 muavini Aslan \u00d6mer Q\u0131r\u0131ml\u0131 T\u00fcrkiye ba\u015f nazirini\u00f1 muavini Emrullah \u0130\u015fler, T\u00fcrkiye T\u0131\u015f i\u015fleri naziri Ahmet Davutoglu, Gen\u00e7ler ve sport naziri Akif \u00c7agatay K\u0131l\u0131\u00e7, T\u00fcrkiyeni\u00f1 Almaniyadaki B\u00fcy\u00fck El\u00e7isi Avni Karslioglu ve Meclisni\u00f1 Almaniyadaki vekili Ahmet Ozay da i\u015ftirak ettiler.<\/p>\n\n\n\n<p>K\u00f6r\u00fc\u015f\u00fcvde Refat \u00c7ubarov T\u00fcrkiye Ba\u015f naziri Recep Tayip Erdo\u011fan\u011fa Ukraina ve Q\u0131r\u0131mda ol\u0131p ke\u00e7ken adiseler esnas\u0131nda q\u0131r\u0131mtatar halq\u0131n\u0131\u00f1 vaziyeti, Meclisni\u00f1 q\u0131r\u0131mtatar halq\u0131 meselelerini \u00e7ezmek ve ukrain cemiyeti ya\u015fa\u011fan siyasiy i\u00f1q\u0131razdan \u00e7\u0131quv yollar\u0131n\u0131 tapmaq maqsad\u0131nda Ukraina yolba\u015f\u00e7\u0131lar\u0131nen dialog qurmaq boyunca areketleri aqq\u0131nda mal\u00fcmat berdi.<\/p>\n\n\n\n<p>K\u00f6r\u00fc\u015f\u00fcv devam\u0131nda Halqara forum ke\u00e7irilmesi ve Q\u0131r\u0131mda T\u00fcrkiye \u00fck\u00fcmeti ve halqara te\u015fkil\u00e2tlar\u0131n\u0131\u00f1 i\u015ftirakinde Q\u0131r\u0131mda gumanitar leyhalarn\u0131 amelge ke\u00e7irmek, \u015fu c\u00fcmleden q\u0131r\u0131mtatarlar toplu ya\u015fa\u011fan yerlerde mesken ve mektep, Aqmescitte Medeniyet merkezi ve B\u00fcy\u00fck Cuma camini qurmaq meselelerine esas diqqat ay\u0131r\u0131ld\u0131<\/p>\n","protected":false},"excerpt":{"rendered":"<p>Almaniyada eki k\u00fcnl\u00fck i\u015f ziyaretinen bulun\u011fan Meclis reisi Refat \u00c7ubarov ve on\u0131\u00f1 muavini Aslan \u00d6mer Q\u0131r\u0131ml\u0131 Berlinde B\u00fcndestag deputatlar\u0131 ve Almaniyan\u0131\u00f1 \u00fck\u00fcmetten t\u0131\u015f te\u015fkil\u00e2tlar\u0131n\u0131\u00f1 vekillerinen k\u00f6r\u00fc\u015f\u00fcvler ke\u00e7ireler. K\u00f6r\u00fc\u015f\u00fcvlerde q\u0131r\u0131mtatar halq\u0131n\u0131\u00f1 Ukrainada vaziyeti ve halqara \u00fck\u00fcmet ve Avropa devletlerindeki \u00fck\u00fcmetten t\u0131\u015f te\u015fkil\u00e2tlarn\u0131\u00f1 q\u0131r\u0131mtatar halq\u0131 aqlar\u0131n\u0131\u00f1 \u011fayr\u0131dan tiklenmesinde rol\u00fc meseleleri muzakere etilmekte. 2014 senesi fevral 3 k\u00fcn\u00fc [&hellip;]<\/p>\n","protected":false},"author":1,"featured_media":42988,"comment_status":"open","ping_status":"open","sticky":false,"template":"","format":"standard","meta":{"inline_featured_image":false,"footnotes":""},"categories":[265],"tags":[],"class_list":["post-42987","post","type-post","status-publish","format-standard","has-post-thumbnail","hentry","category-haberler"],"acf":[],"yoast_head":"<!-- This site is optimized with the Yoast SEO plugin v27.4 - https:\/\/yoast.com\/product\/yoast-seo-wordpress\/ -->\n<title>Meclis reisi Refat \u00c7ubarov T\u00fcrkiye ba\u015f naziri Recep Tayip Erdo\u011fan ile k\u00f6r\u00fc\u015fti - \u041c\u0435\u0434\u0436\u043b\u0456\u0441<\/title>\n<meta name=\"robots\" content=\"index, follow, max-snippet:-1, max-image-preview:large, max-video-preview:-1\" \/>\n<link rel=\"canonical\" href=\"https:\/\/qtmm.org\/qt\/meclis-reisi-refat-cubarov-turkiye-bas-naziri-recep-tayip-erdogan-ile-korusti\/\" \/>\n<meta property=\"og:locale\" content=\"en_US\" \/>\n<meta property=\"og:type\" content=\"article\" \/>\n<meta property=\"og:title\" content=\"Meclis reisi Refat \u00c7ubarov T\u00fcrkiye ba\u015f naziri Recep Tayip Erdo\u011fan ile k\u00f6r\u00fc\u015fti - \u041c\u0435\u0434\u0436\u043b\u0456\u0441\" \/>\n<meta property=\"og:description\" content=\"Almaniyada eki k\u00fcnl\u00fck i\u015f ziyaretinen bulun\u011fan Meclis reisi Refat \u00c7ubarov ve on\u0131\u00f1 muavini Aslan \u00d6mer Q\u0131r\u0131ml\u0131 Berlinde B\u00fcndestag deputatlar\u0131 ve Almaniyan\u0131\u00f1 \u00fck\u00fcmetten t\u0131\u015f te\u015fkil\u00e2tlar\u0131n\u0131\u00f1 vekillerinen k\u00f6r\u00fc\u015f\u00fcvler ke\u00e7ireler. K\u00f6r\u00fc\u015f\u00fcvlerde q\u0131r\u0131mtatar halq\u0131n\u0131\u00f1 Ukrainada vaziyeti ve halqara \u00fck\u00fcmet ve Avropa devletlerindeki \u00fck\u00fcmetten t\u0131\u015f te\u015fkil\u00e2tlarn\u0131\u00f1 q\u0131r\u0131mtatar halq\u0131 aqlar\u0131n\u0131\u00f1 \u011fayr\u0131dan tiklenmesinde rol\u00fc meseleleri muzakere etilmekte. 2014 senesi fevral 3 k\u00fcn\u00fc [&hellip;]\" \/>\n<meta property=\"og:url\" content=\"https:\/\/qtmm.org\/qt\/meclis-reisi-refat-cubarov-turkiye-bas-naziri-recep-tayip-erdogan-ile-korusti\/\" \/>\n<meta property=\"og:site_name\" content=\"\u041c\u0435\u0434\u0436\u043b\u0456\u0441\" \/>\n<meta property=\"article:publisher\" content=\"https:\/\/www.facebook.com\/qtmm.info\/\" \/>\n<meta property=\"article:published_time\" content=\"2014-02-04T14:32:00+00:00\" \/>\n<meta property=\"article:modified_time\" content=\"2022-01-27T14:34:04+00:00\" \/>\n<meta property=\"og:image\" content=\"https:\/\/qtmm.org\/wp-content\/uploads\/2022\/01\/emrullah_i_ler.jpeg\" \/>\n\t<meta property=\"og:image:width\" content=\"650\" \/>\n\t<meta property=\"og:image:height\" content=\"407\" \/>\n\t<meta property=\"og:image:type\" content=\"image\/jpeg\" \/>\n<meta name=\"author\" content=\"Developer\" \/>\n<meta name=\"twitter:card\" content=\"summary_large_image\" \/>\n<meta name=\"twitter:label1\" content=\"Written by\" \/>\n\t<meta name=\"twitter:data1\" content=\"Developer\" \/>\n\t<meta name=\"twitter:label2\" content=\"Est. reading time\" \/>\n\t<meta name=\"twitter:data2\" content=\"2 minutes\" \/>\n<script type=\"application\/ld+json\" class=\"yoast-schema-graph\">{\"@context\":\"https:\\\/\\\/schema.org\",\"@graph\":[{\"@type\":\"Article\",\"@id\":\"https:\\\/\\\/qtmm.org\\\/qt\\\/meclis-reisi-refat-cubarov-turkiye-bas-naziri-recep-tayip-erdogan-ile-korusti\\\/#article\",\"isPartOf\":{\"@id\":\"https:\\\/\\\/qtmm.org\\\/qt\\\/meclis-reisi-refat-cubarov-turkiye-bas-naziri-recep-tayip-erdogan-ile-korusti\\\/\"},\"author\":{\"name\":\"Developer\",\"@id\":\"https:\\\/\\\/qtmm.org\\\/qt\\\/#\\\/schema\\\/person\\\/de562469f971dec226ac06e60bbf74a7\"},\"headline\":\"Meclis reisi Refat \u00c7ubarov T\u00fcrkiye ba\u015f naziri Recep Tayip Erdo\u011fan ile k\u00f6r\u00fc\u015fti\",\"datePublished\":\"2014-02-04T14:32:00+00:00\",\"dateModified\":\"2022-01-27T14:34:04+00:00\",\"mainEntityOfPage\":{\"@id\":\"https:\\\/\\\/qtmm.org\\\/qt\\\/meclis-reisi-refat-cubarov-turkiye-bas-naziri-recep-tayip-erdogan-ile-korusti\\\/\"},\"wordCount\":462,\"commentCount\":0,\"publisher\":{\"@id\":\"https:\\\/\\\/qtmm.org\\\/qt\\\/#organization\"},\"image\":{\"@id\":\"https:\\\/\\\/qtmm.org\\\/qt\\\/meclis-reisi-refat-cubarov-turkiye-bas-naziri-recep-tayip-erdogan-ile-korusti\\\/#primaryimage\"},\"thumbnailUrl\":\"https:\\\/\\\/qtmm.org\\\/wp-content\\\/uploads\\\/2022\\\/01\\\/emrullah_i_ler.jpeg\",\"articleSection\":[\"Haberler\"],\"inLanguage\":\"qt\",\"potentialAction\":[{\"@type\":\"CommentAction\",\"name\":\"Comment\",\"target\":[\"https:\\\/\\\/qtmm.org\\\/qt\\\/meclis-reisi-refat-cubarov-turkiye-bas-naziri-recep-tayip-erdogan-ile-korusti\\\/#respond\"]}]},{\"@type\":\"WebPage\",\"@id\":\"https:\\\/\\\/qtmm.org\\\/qt\\\/meclis-reisi-refat-cubarov-turkiye-bas-naziri-recep-tayip-erdogan-ile-korusti\\\/\",\"url\":\"https:\\\/\\\/qtmm.org\\\/qt\\\/meclis-reisi-refat-cubarov-turkiye-bas-naziri-recep-tayip-erdogan-ile-korusti\\\/\",\"name\":\"Meclis reisi Refat \u00c7ubarov T\u00fcrkiye ba\u015f naziri Recep Tayip Erdo\u011fan ile k\u00f6r\u00fc\u015fti - \u041c\u0435\u0434\u0436\u043b\u0456\u0441\",\"isPartOf\":{\"@id\":\"https:\\\/\\\/qtmm.org\\\/qt\\\/#website\"},\"primaryImageOfPage\":{\"@id\":\"https:\\\/\\\/qtmm.org\\\/qt\\\/meclis-reisi-refat-cubarov-turkiye-bas-naziri-recep-tayip-erdogan-ile-korusti\\\/#primaryimage\"},\"image\":{\"@id\":\"https:\\\/\\\/qtmm.org\\\/qt\\\/meclis-reisi-refat-cubarov-turkiye-bas-naziri-recep-tayip-erdogan-ile-korusti\\\/#primaryimage\"},\"thumbnailUrl\":\"https:\\\/\\\/qtmm.org\\\/wp-content\\\/uploads\\\/2022\\\/01\\\/emrullah_i_ler.jpeg\",\"datePublished\":\"2014-02-04T14:32:00+00:00\",\"dateModified\":\"2022-01-27T14:34:04+00:00\",\"breadcrumb\":{\"@id\":\"https:\\\/\\\/qtmm.org\\\/qt\\\/meclis-reisi-refat-cubarov-turkiye-bas-naziri-recep-tayip-erdogan-ile-korusti\\\/#breadcrumb\"},\"inLanguage\":\"qt\",\"potentialAction\":[{\"@type\":\"ReadAction\",\"target\":[\"https:\\\/\\\/qtmm.org\\\/qt\\\/meclis-reisi-refat-cubarov-turkiye-bas-naziri-recep-tayip-erdogan-ile-korusti\\\/\"]}]},{\"@type\":\"ImageObject\",\"inLanguage\":\"qt\",\"@id\":\"https:\\\/\\\/qtmm.org\\\/qt\\\/meclis-reisi-refat-cubarov-turkiye-bas-naziri-recep-tayip-erdogan-ile-korusti\\\/#primaryimage\",\"url\":\"https:\\\/\\\/qtmm.org\\\/wp-content\\\/uploads\\\/2022\\\/01\\\/emrullah_i_ler.jpeg\",\"contentUrl\":\"https:\\\/\\\/qtmm.org\\\/wp-content\\\/uploads\\\/2022\\\/01\\\/emrullah_i_ler.jpeg\",\"width\":650,\"height\":407},{\"@type\":\"BreadcrumbList\",\"@id\":\"https:\\\/\\\/qtmm.org\\\/qt\\\/meclis-reisi-refat-cubarov-turkiye-bas-naziri-recep-tayip-erdogan-ile-korusti\\\/#breadcrumb\",\"itemListElement\":[{\"@type\":\"ListItem\",\"position\":1,\"name\":\"\u0413\u043e\u043b\u043e\u0432\u043d\u0430\",\"item\":\"https:\\\/\\\/qtmm.org\\\/qt\\\/\"},{\"@type\":\"ListItem\",\"position\":2,\"name\":\"Meclis reisi Refat \u00c7ubarov T\u00fcrkiye ba\u015f naziri Recep Tayip Erdo\u011fan ile k\u00f6r\u00fc\u015fti\"}]},{\"@type\":\"WebSite\",\"@id\":\"https:\\\/\\\/qtmm.org\\\/qt\\\/#website\",\"url\":\"https:\\\/\\\/qtmm.org\\\/qt\\\/\",\"name\":\"\u041c\u0435\u0434\u0436\u043b\u0456\u0441\",\"description\":\"\",\"publisher\":{\"@id\":\"https:\\\/\\\/qtmm.org\\\/qt\\\/#organization\"},\"potentialAction\":[{\"@type\":\"SearchAction\",\"target\":{\"@type\":\"EntryPoint\",\"urlTemplate\":\"https:\\\/\\\/qtmm.org\\\/qt\\\/?s={search_term_string}\"},\"query-input\":{\"@type\":\"PropertyValueSpecification\",\"valueRequired\":true,\"valueName\":\"search_term_string\"}}],\"inLanguage\":\"qt\"},{\"@type\":\"Organization\",\"@id\":\"https:\\\/\\\/qtmm.org\\\/qt\\\/#organization\",\"name\":\"\u041c\u0435\u0434\u0436\u043b\u0456\u0441\",\"url\":\"https:\\\/\\\/qtmm.org\\\/qt\\\/\",\"logo\":{\"@type\":\"ImageObject\",\"inLanguage\":\"qt\",\"@id\":\"https:\\\/\\\/qtmm.org\\\/qt\\\/#\\\/schema\\\/logo\\\/image\\\/\",\"url\":\"https:\\\/\\\/qtmm.org\\\/wp-content\\\/uploads\\\/2024\\\/12\\\/ua-mejlis-logo-rgb.svg\",\"contentUrl\":\"https:\\\/\\\/qtmm.org\\\/wp-content\\\/uploads\\\/2024\\\/12\\\/ua-mejlis-logo-rgb.svg\",\"caption\":\"\u041c\u0435\u0434\u0436\u043b\u0456\u0441\"},\"image\":{\"@id\":\"https:\\\/\\\/qtmm.org\\\/qt\\\/#\\\/schema\\\/logo\\\/image\\\/\"},\"sameAs\":[\"https:\\\/\\\/www.facebook.com\\\/qtmm.info\\\/\"]},{\"@type\":\"Person\",\"@id\":\"https:\\\/\\\/qtmm.org\\\/qt\\\/#\\\/schema\\\/person\\\/de562469f971dec226ac06e60bbf74a7\",\"name\":\"Developer\",\"image\":{\"@type\":\"ImageObject\",\"inLanguage\":\"qt\",\"@id\":\"https:\\\/\\\/secure.gravatar.com\\\/avatar\\\/392b4cc8fbfeb00b39dfeeab4ee6edded39ffd48e25858637e4765810300227e?s=96&d=mm&r=g\",\"url\":\"https:\\\/\\\/secure.gravatar.com\\\/avatar\\\/392b4cc8fbfeb00b39dfeeab4ee6edded39ffd48e25858637e4765810300227e?s=96&d=mm&r=g\",\"contentUrl\":\"https:\\\/\\\/secure.gravatar.com\\\/avatar\\\/392b4cc8fbfeb00b39dfeeab4ee6edded39ffd48e25858637e4765810300227e?s=96&d=mm&r=g\",\"caption\":\"Developer\"},\"url\":\"https:\\\/\\\/qtmm.org\\\/qt\\\/author\\\/Developer\\\/\"}]}<\/script>\n<!-- \/ Yoast SEO plugin. -->","yoast_head_json":{"title":"Meclis reisi Refat \u00c7ubarov T\u00fcrkiye ba\u015f naziri Recep Tayip Erdo\u011fan ile k\u00f6r\u00fc\u015fti - \u041c\u0435\u0434\u0436\u043b\u0456\u0441","robots":{"index":"index","follow":"follow","max-snippet":"max-snippet:-1","max-image-preview":"max-image-preview:large","max-video-preview":"max-video-preview:-1"},"canonical":"https:\/\/qtmm.org\/qt\/meclis-reisi-refat-cubarov-turkiye-bas-naziri-recep-tayip-erdogan-ile-korusti\/","og_locale":"en_US","og_type":"article","og_title":"Meclis reisi Refat \u00c7ubarov T\u00fcrkiye ba\u015f naziri Recep Tayip Erdo\u011fan ile k\u00f6r\u00fc\u015fti - \u041c\u0435\u0434\u0436\u043b\u0456\u0441","og_description":"Almaniyada eki k\u00fcnl\u00fck i\u015f ziyaretinen bulun\u011fan Meclis reisi Refat \u00c7ubarov ve on\u0131\u00f1 muavini Aslan \u00d6mer Q\u0131r\u0131ml\u0131 Berlinde B\u00fcndestag deputatlar\u0131 ve Almaniyan\u0131\u00f1 \u00fck\u00fcmetten t\u0131\u015f te\u015fkil\u00e2tlar\u0131n\u0131\u00f1 vekillerinen k\u00f6r\u00fc\u015f\u00fcvler ke\u00e7ireler. K\u00f6r\u00fc\u015f\u00fcvlerde q\u0131r\u0131mtatar halq\u0131n\u0131\u00f1 Ukrainada vaziyeti ve halqara \u00fck\u00fcmet ve Avropa devletlerindeki \u00fck\u00fcmetten t\u0131\u015f te\u015fkil\u00e2tlarn\u0131\u00f1 q\u0131r\u0131mtatar halq\u0131 aqlar\u0131n\u0131\u00f1 \u011fayr\u0131dan tiklenmesinde rol\u00fc meseleleri muzakere etilmekte. 2014 senesi fevral 3 k\u00fcn\u00fc [&hellip;]","og_url":"https:\/\/qtmm.org\/qt\/meclis-reisi-refat-cubarov-turkiye-bas-naziri-recep-tayip-erdogan-ile-korusti\/","og_site_name":"\u041c\u0435\u0434\u0436\u043b\u0456\u0441","article_publisher":"https:\/\/www.facebook.com\/qtmm.info\/","article_published_time":"2014-02-04T14:32:00+00:00","article_modified_time":"2022-01-27T14:34:04+00:00","og_image":[{"width":650,"height":407,"url":"https:\/\/qtmm.org\/wp-content\/uploads\/2022\/01\/emrullah_i_ler.jpeg","type":"image\/jpeg"}],"author":"Developer","twitter_card":"summary_large_image","twitter_misc":{"Written by":"Developer","Est. reading time":"2 minutes"},"schema":{"@context":"https:\/\/schema.org","@graph":[{"@type":"Article","@id":"https:\/\/qtmm.org\/qt\/meclis-reisi-refat-cubarov-turkiye-bas-naziri-recep-tayip-erdogan-ile-korusti\/#article","isPartOf":{"@id":"https:\/\/qtmm.org\/qt\/meclis-reisi-refat-cubarov-turkiye-bas-naziri-recep-tayip-erdogan-ile-korusti\/"},"author":{"name":"Developer","@id":"https:\/\/qtmm.org\/qt\/#\/schema\/person\/de562469f971dec226ac06e60bbf74a7"},"headline":"Meclis reisi Refat \u00c7ubarov T\u00fcrkiye ba\u015f naziri Recep Tayip Erdo\u011fan ile k\u00f6r\u00fc\u015fti","datePublished":"2014-02-04T14:32:00+00:00","dateModified":"2022-01-27T14:34:04+00:00","mainEntityOfPage":{"@id":"https:\/\/qtmm.org\/qt\/meclis-reisi-refat-cubarov-turkiye-bas-naziri-recep-tayip-erdogan-ile-korusti\/"},"wordCount":462,"commentCount":0,"publisher":{"@id":"https:\/\/qtmm.org\/qt\/#organization"},"image":{"@id":"https:\/\/qtmm.org\/qt\/meclis-reisi-refat-cubarov-turkiye-bas-naziri-recep-tayip-erdogan-ile-korusti\/#primaryimage"},"thumbnailUrl":"https:\/\/qtmm.org\/wp-content\/uploads\/2022\/01\/emrullah_i_ler.jpeg","articleSection":["Haberler"],"inLanguage":"qt","potentialAction":[{"@type":"CommentAction","name":"Comment","target":["https:\/\/qtmm.org\/qt\/meclis-reisi-refat-cubarov-turkiye-bas-naziri-recep-tayip-erdogan-ile-korusti\/#respond"]}]},{"@type":"WebPage","@id":"https:\/\/qtmm.org\/qt\/meclis-reisi-refat-cubarov-turkiye-bas-naziri-recep-tayip-erdogan-ile-korusti\/","url":"https:\/\/qtmm.org\/qt\/meclis-reisi-refat-cubarov-turkiye-bas-naziri-recep-tayip-erdogan-ile-korusti\/","name":"Meclis reisi Refat \u00c7ubarov T\u00fcrkiye ba\u015f naziri Recep Tayip Erdo\u011fan ile k\u00f6r\u00fc\u015fti - \u041c\u0435\u0434\u0436\u043b\u0456\u0441","isPartOf":{"@id":"https:\/\/qtmm.org\/qt\/#website"},"primaryImageOfPage":{"@id":"https:\/\/qtmm.org\/qt\/meclis-reisi-refat-cubarov-turkiye-bas-naziri-recep-tayip-erdogan-ile-korusti\/#primaryimage"},"image":{"@id":"https:\/\/qtmm.org\/qt\/meclis-reisi-refat-cubarov-turkiye-bas-naziri-recep-tayip-erdogan-ile-korusti\/#primaryimage"},"thumbnailUrl":"https:\/\/qtmm.org\/wp-content\/uploads\/2022\/01\/emrullah_i_ler.jpeg","datePublished":"2014-02-04T14:32:00+00:00","dateModified":"2022-01-27T14:34:04+00:00","breadcrumb":{"@id":"https:\/\/qtmm.org\/qt\/meclis-reisi-refat-cubarov-turkiye-bas-naziri-recep-tayip-erdogan-ile-korusti\/#breadcrumb"},"inLanguage":"qt","potentialAction":[{"@type":"ReadAction","target":["https:\/\/qtmm.org\/qt\/meclis-reisi-refat-cubarov-turkiye-bas-naziri-recep-tayip-erdogan-ile-korusti\/"]}]},{"@type":"ImageObject","inLanguage":"qt","@id":"https:\/\/qtmm.org\/qt\/meclis-reisi-refat-cubarov-turkiye-bas-naziri-recep-tayip-erdogan-ile-korusti\/#primaryimage","url":"https:\/\/qtmm.org\/wp-content\/uploads\/2022\/01\/emrullah_i_ler.jpeg","contentUrl":"https:\/\/qtmm.org\/wp-content\/uploads\/2022\/01\/emrullah_i_ler.jpeg","width":650,"height":407},{"@type":"BreadcrumbList","@id":"https:\/\/qtmm.org\/qt\/meclis-reisi-refat-cubarov-turkiye-bas-naziri-recep-tayip-erdogan-ile-korusti\/#breadcrumb","itemListElement":[{"@type":"ListItem","position":1,"name":"\u0413\u043e\u043b\u043e\u0432\u043d\u0430","item":"https:\/\/qtmm.org\/qt\/"},{"@type":"ListItem","position":2,"name":"Meclis reisi Refat \u00c7ubarov T\u00fcrkiye ba\u015f naziri Recep Tayip Erdo\u011fan ile k\u00f6r\u00fc\u015fti"}]},{"@type":"WebSite","@id":"https:\/\/qtmm.org\/qt\/#website","url":"https:\/\/qtmm.org\/qt\/","name":"\u041c\u0435\u0434\u0436\u043b\u0456\u0441","description":"","publisher":{"@id":"https:\/\/qtmm.org\/qt\/#organization"},"potentialAction":[{"@type":"SearchAction","target":{"@type":"EntryPoint","urlTemplate":"https:\/\/qtmm.org\/qt\/?s={search_term_string}"},"query-input":{"@type":"PropertyValueSpecification","valueRequired":true,"valueName":"search_term_string"}}],"inLanguage":"qt"},{"@type":"Organization","@id":"https:\/\/qtmm.org\/qt\/#organization","name":"\u041c\u0435\u0434\u0436\u043b\u0456\u0441","url":"https:\/\/qtmm.org\/qt\/","logo":{"@type":"ImageObject","inLanguage":"qt","@id":"https:\/\/qtmm.org\/qt\/#\/schema\/logo\/image\/","url":"https:\/\/qtmm.org\/wp-content\/uploads\/2024\/12\/ua-mejlis-logo-rgb.svg","contentUrl":"https:\/\/qtmm.org\/wp-content\/uploads\/2024\/12\/ua-mejlis-logo-rgb.svg","caption":"\u041c\u0435\u0434\u0436\u043b\u0456\u0441"},"image":{"@id":"https:\/\/qtmm.org\/qt\/#\/schema\/logo\/image\/"},"sameAs":["https:\/\/www.facebook.com\/qtmm.info\/"]},{"@type":"Person","@id":"https:\/\/qtmm.org\/qt\/#\/schema\/person\/de562469f971dec226ac06e60bbf74a7","name":"Developer","image":{"@type":"ImageObject","inLanguage":"qt","@id":"https:\/\/secure.gravatar.com\/avatar\/392b4cc8fbfeb00b39dfeeab4ee6edded39ffd48e25858637e4765810300227e?s=96&d=mm&r=g","url":"https:\/\/secure.gravatar.com\/avatar\/392b4cc8fbfeb00b39dfeeab4ee6edded39ffd48e25858637e4765810300227e?s=96&d=mm&r=g","contentUrl":"https:\/\/secure.gravatar.com\/avatar\/392b4cc8fbfeb00b39dfeeab4ee6edded39ffd48e25858637e4765810300227e?s=96&d=mm&r=g","caption":"Developer"},"url":"https:\/\/qtmm.org\/qt\/author\/Developer\/"}]}},"_links":{"self":[{"href":"https:\/\/qtmm.org\/qt\/wp-json\/wp\/v2\/posts\/42987","targetHints":{"allow":["GET"]}}],"collection":[{"href":"https:\/\/qtmm.org\/qt\/wp-json\/wp\/v2\/posts"}],"about":[{"href":"https:\/\/qtmm.org\/qt\/wp-json\/wp\/v2\/types\/post"}],"author":[{"embeddable":true,"href":"https:\/\/qtmm.org\/qt\/wp-json\/wp\/v2\/users\/1"}],"replies":[{"embeddable":true,"href":"https:\/\/qtmm.org\/qt\/wp-json\/wp\/v2\/comments?post=42987"}],"version-history":[{"count":1,"href":"https:\/\/qtmm.org\/qt\/wp-json\/wp\/v2\/posts\/42987\/revisions"}],"predecessor-version":[{"id":43004,"href":"https:\/\/qtmm.org\/qt\/wp-json\/wp\/v2\/posts\/42987\/revisions\/43004"}],"wp:featuredmedia":[{"embeddable":true,"href":"https:\/\/qtmm.org\/qt\/wp-json\/wp\/v2\/media\/42988"}],"wp:attachment":[{"href":"https:\/\/qtmm.org\/qt\/wp-json\/wp\/v2\/media?parent=42987"}],"wp:term":[{"taxonomy":"category","embeddable":true,"href":"https:\/\/qtmm.org\/qt\/wp-json\/wp\/v2\/categories?post=42987"},{"taxonomy":"post_tag","embeddable":true,"href":"https:\/\/qtmm.org\/qt\/wp-json\/wp\/v2\/tags?post=42987"}],"curies":[{"name":"wp","href":"https:\/\/api.w.org\/{rel}","templated":true}]}}