




{"id":42961,"date":"2014-02-03T17:29:00","date_gmt":"2014-02-03T14:29:00","guid":{"rendered":"http:\/\/qtmm.org\/?p=42961"},"modified":"2022-01-27T17:32:01","modified_gmt":"2022-01-27T14:32:01","slug":"qirimtatar-halqi-soyqiriminin-70-yilligi-munasebetinen-hatira-tedbirlerini-azirlav-ve-keciruv-boyunca-teskiliy-komitetnin-toplasuvi","status":"publish","type":"post","link":"https:\/\/qtmm.org\/qt\/qirimtatar-halqi-soyqiriminin-70-yilligi-munasebetinen-hatira-tedbirlerini-azirlav-ve-keciruv-boyunca-teskiliy-komitetnin-toplasuvi\/","title":{"rendered":"Q\u0131r\u0131mtatar halq\u0131 soyq\u0131r\u0131m\u0131n\u0131\u00f1 70 y\u0131ll\u0131\u011f\u0131 munasebetinen hat\u0131ra tedbirlerini az\u0131rlav ve ke\u00e7ir\u00fcv boyunca te\u015fkiliy komitetni\u00f1 topla\u015fuv\u0131"},"content":{"rendered":"\n<p>2014 senesi fevral 3 k\u00fcn\u00fc Q\u0131r\u0131mtatar halq\u0131 soyq\u0131r\u0131m\u0131n\u0131\u00f1 70 y\u0131ll\u0131\u011f\u0131 munasebetinen hat\u0131ra tedbirlerini az\u0131rlav ve ke\u00e7ir\u00fcv boyunca te\u015fkiliy komitetni\u00f1 birinci topla\u015fuv\u0131 ol\u0131p ke\u00e7ti. Te\u015fkiliy komitet erk\u00e2n\u0131 Milliy Meclisni\u00f1 2014 senesi yanvar 25-te al\u011fan qarar\u0131nen tasdiqland\u0131.<\/p>\n\n\n\n<figure class=\"wp-block-image size-full\"><img loading=\"lazy\" decoding=\"async\" width=\"650\" height=\"290\" src=\"http:\/\/qtmm.org\/wp-content\/uploads\/2022\/01\/1_154.jpeg\" alt=\"\" class=\"wp-image-42962\" srcset=\"https:\/\/qtmm.org\/wp-content\/uploads\/2022\/01\/1_154.jpeg 650w, https:\/\/qtmm.org\/wp-content\/uploads\/2022\/01\/1_154-300x134.jpeg 300w\" sizes=\"auto, (max-width: 650px) 100vw, 650px\" \/><\/figure>\n\n\n\n<p>Topla\u015fuv devam\u0131nda Q\u0131r\u0131mtatar halq\u0131 soyq\u0131r\u0131m\u0131n\u0131\u00f1 70 y\u0131ll\u0131\u011f\u0131 munasebetinen hat\u0131ra tedbirlerini az\u0131rlav ve ke\u00e7ir\u00fcv, bun\u0131\u00f1 kibi de B\u00fct\u00fcnq\u0131r\u0131m matem mitingi i\u015ftirak\u00e7ileri y\u00fcr\u00fc\u015f plan\u0131n\u0131\u00f1 leyhas\u0131 muzakere etildi ve esas olaraq qabul etildi. L\u00e2kin topla\u015fuvn\u0131\u00f1 baya\u011f\u0131 bir q\u0131sm\u0131 regional meclisler, Qurultay delegatlar\u0131 ve q\u0131r\u0131mtatar cemaat te\u015fkil\u00e2tlar\u0131 taraf\u0131ndan hat\u0131ra tedbirlerni ke\u00e7ir\u00fcvge dair tekliflerini di\u00f1lev ve muzakere et\u00fcvnen ke\u00e7ti.<\/p>\n\n\n\n<figure class=\"wp-block-image size-full\"><img loading=\"lazy\" decoding=\"async\" width=\"650\" height=\"400\" src=\"http:\/\/qtmm.org\/wp-content\/uploads\/2022\/01\/img_4978.jpeg\" alt=\"\" class=\"wp-image-42966\" srcset=\"https:\/\/qtmm.org\/wp-content\/uploads\/2022\/01\/img_4978.jpeg 650w, https:\/\/qtmm.org\/wp-content\/uploads\/2022\/01\/img_4978-300x185.jpeg 300w\" sizes=\"auto, (max-width: 650px) 100vw, 650px\" \/><\/figure>\n\n\n\n<p>C\u00fcmleden Meclis reisini\u00f1 muavini Nariman Cel\u00e2l 2014 senesi may\u0131s 18-ne qadar semetde\u015flerimiz aras\u0131nda beyanat imzalav kompaniyas\u0131n\u0131 ke\u00e7irmekni teklif etti. Beyanatn\u0131\u00f1 metininde q\u0131r\u0131mtatar halq\u0131n\u0131\u00f1 aqlar\u0131 ve yerle\u015fmesi meseleleri boyunca devlet ve cumhuriyet akimiyetine bildirilgen talaplar yer almaq kerekler.<\/p>\n\n\n\n<figure class=\"wp-block-image size-full\"><img loading=\"lazy\" decoding=\"async\" width=\"650\" height=\"492\" src=\"http:\/\/qtmm.org\/wp-content\/uploads\/2022\/01\/img_4968.jpeg\" alt=\"\" class=\"wp-image-42970\" srcset=\"https:\/\/qtmm.org\/wp-content\/uploads\/2022\/01\/img_4968.jpeg 650w, https:\/\/qtmm.org\/wp-content\/uploads\/2022\/01\/img_4968-300x227.jpeg 300w\" sizes=\"auto, (max-width: 650px) 100vw, 650px\" \/><\/figure>\n\n\n\n<p>&#8220;Bundan da \u011fayr\u0131, \u00e7oqus\u0131 semetde\u015flerimiz 1999 senesinde yap\u0131l\u011fan\u0131 kibi cayav naraz\u0131l\u0131q y\u00fcr\u00fc\u015fini ke\u00e7irmek ve b\u00f6yleliknen halq\u0131m\u0131zn\u0131\u00f1 bug\u00fcnki al\u0131na parmaq aras\u0131ndan baq\u0131l\u011fan\u0131 devam etkenini k\u00f6stermek te\u015febb\u00fcsinen \u00e7\u0131qalar, &#8211; dedi N. Cel\u00e2l \u2013 Baz\u0131lar\u0131 ise Kiyevgece piyade ketmek ve anda Ukraina Yuqar\u0131 \u015euras\u0131 ve Nazirler Kabineti binalar\u0131 qar\u015f\u0131s\u0131nda talaplar\u0131m\u0131zn\u0131 bildirmekni teklif eteler&#8221;.<\/p>\n\n\n\n<p>Qurultay delegat\u0131, &#8220;ATR&#8221; telekanal\u0131 informatsion programmamalar reberi \u015eevket Memetov hat\u0131ra tedbirleri \u00e7er\u00e7ivesinde mart \u2013aprel aylar\u0131nda Q\u0131r\u0131mn\u0131 ye\u015fillendirmek boyunca B\u00fct\u00fcnq\u0131r\u0131m aktsiyas\u0131n\u0131 \u00f6tkermekni teklif etip, bu fikirge cumhuriyet akimiyeti de qoltutaca\u011f\u0131na eminligini bildirdi. On\u0131\u00f1 aytqan\u0131na k\u00f6re, aktsiyada yal\u0131\u00f1\u0131z q\u0131r\u0131mtatarlar\u0131 degil de, Q\u0131r\u0131mn\u0131\u00f1 b\u00fct\u00fcn sakinleri i\u015ftirak etmeli, \u00e7\u00fcnki 1944 senesini\u00f1 s\u00fcrg\u00fcnligi \u2013 b\u00fct\u00fcn Q\u0131r\u0131mn\u0131\u00f1 acc\u0131s\u0131 ve facias\u0131d\u0131r.<\/p>\n\n\n\n<figure class=\"wp-block-image size-full\"><img loading=\"lazy\" decoding=\"async\" width=\"650\" height=\"393\" src=\"http:\/\/qtmm.org\/wp-content\/uploads\/2022\/01\/img_4980_1.jpeg\" alt=\"\" class=\"wp-image-42974\" srcset=\"https:\/\/qtmm.org\/wp-content\/uploads\/2022\/01\/img_4980_1.jpeg 650w, https:\/\/qtmm.org\/wp-content\/uploads\/2022\/01\/img_4980_1-300x181.jpeg 300w\" sizes=\"auto, (max-width: 650px) 100vw, 650px\" \/><\/figure>\n\n\n\n<p>Meclis reisini\u00f1 muavini Ayder Acimambetov haber etkenine k\u00f6re, q\u0131r\u0131mtatar ya\u015flar te\u015fkil\u00e2tlar\u0131 er y\u0131lki anane boyunca may\u0131s 18 arfesinde s\u00fcrg\u00fcnlik qurbanlar\u0131n\u0131\u00f1 hat\u0131ras\u0131na qoyul\u011fan abide ve hat\u0131ra ta\u015flar\u0131n\u0131\u00f1 etraf\u0131n\u0131 temizlemege az\u0131rlanalar.<\/p>\n\n\n\n<p>Meclisni\u00f1 T\u0131\u015fq\u0131 al\u00e2qalar idaresini\u00f1 ba\u015f\u0131 Ali Hamzin 2014 senesi may\u0131s 18-de Q\u0131r\u0131mtatar halq\u0131 soyq\u0131r\u0131m\u0131n\u0131\u00f1 70 y\u0131ll\u0131\u011f\u0131 munasebetinen hat\u0131ra tedbirlerini q\u0131r\u0131mtatar diasporas\u0131 ya\u015fa\u011fan devletlerde Ukraina el\u00e7ihanelerini\u00f1 qar\u015f\u0131s\u0131nda numay\u0131\u015flar, bun\u0131\u00f1 kibi de T\u00fcrkiyeni\u00f1 q\u0131r\u0131mtatar dernekleri faaliyet k\u00f6stergen \u015feerlerde piyade y\u00fcr\u00fc\u015flerni ke\u00e7irmek \u011fayesinen payla\u015ft\u0131.<\/p>\n\n\n\n<figure class=\"wp-block-image size-full\"><img loading=\"lazy\" decoding=\"async\" width=\"650\" height=\"355\" src=\"http:\/\/qtmm.org\/wp-content\/uploads\/2022\/01\/img_4965.jpeg\" alt=\"\" class=\"wp-image-42982\" srcset=\"https:\/\/qtmm.org\/wp-content\/uploads\/2022\/01\/img_4965.jpeg 650w, https:\/\/qtmm.org\/wp-content\/uploads\/2022\/01\/img_4965-300x164.jpeg 300w\" sizes=\"auto, (max-width: 650px) 100vw, 650px\" \/><\/figure>\n\n\n\n<p>Topla\u015fuv i\u015ftirak\u00e7ileri k\u00fctleviy tedbirler ke\u00e7irilecek yerlerde cemaat tertibini ve B\u00fct\u00fcnq\u0131r\u0131m matem mitingi i\u015ftirak\u00e7ilerini\u00f1 havfs\u0131zl\u0131\u011f\u0131n\u0131 teminlev meseleleri de baq\u0131ld\u0131.<\/p>\n","protected":false},"excerpt":{"rendered":"<p>2014 senesi fevral 3 k\u00fcn\u00fc Q\u0131r\u0131mtatar halq\u0131 soyq\u0131r\u0131m\u0131n\u0131\u00f1 70 y\u0131ll\u0131\u011f\u0131 munasebetinen hat\u0131ra tedbirlerini az\u0131rlav ve ke\u00e7ir\u00fcv boyunca te\u015fkiliy komitetni\u00f1 birinci topla\u015fuv\u0131 ol\u0131p ke\u00e7ti. Te\u015fkiliy komitet erk\u00e2n\u0131 Milliy Meclisni\u00f1 2014 senesi yanvar 25-te al\u011fan qarar\u0131nen tasdiqland\u0131. Topla\u015fuv devam\u0131nda Q\u0131r\u0131mtatar halq\u0131 soyq\u0131r\u0131m\u0131n\u0131\u00f1 70 y\u0131ll\u0131\u011f\u0131 munasebetinen hat\u0131ra tedbirlerini az\u0131rlav ve ke\u00e7ir\u00fcv, bun\u0131\u00f1 kibi de B\u00fct\u00fcnq\u0131r\u0131m matem mitingi i\u015ftirak\u00e7ileri [&hellip;]<\/p>\n","protected":false},"author":1,"featured_media":42978,"comment_status":"open","ping_status":"open","sticky":false,"template":"","format":"standard","meta":{"inline_featured_image":false,"footnotes":""},"categories":[265],"tags":[],"class_list":["post-42961","post","type-post","status-publish","format-standard","has-post-thumbnail","hentry","category-haberler"],"acf":[],"yoast_head":"<!-- This site is optimized with the Yoast SEO plugin v27.4 - https:\/\/yoast.com\/product\/yoast-seo-wordpress\/ -->\n<title>Q\u0131r\u0131mtatar halq\u0131 soyq\u0131r\u0131m\u0131n\u0131\u00f1 70 y\u0131ll\u0131\u011f\u0131 munasebetinen hat\u0131ra tedbirlerini az\u0131rlav ve ke\u00e7ir\u00fcv boyunca te\u015fkiliy komitetni\u00f1 topla\u015fuv\u0131 - \u041c\u0435\u0434\u0436\u043b\u0456\u0441<\/title>\n<meta name=\"robots\" content=\"index, follow, max-snippet:-1, max-image-preview:large, max-video-preview:-1\" \/>\n<link rel=\"canonical\" href=\"https:\/\/qtmm.org\/qt\/qirimtatar-halqi-soyqiriminin-70-yilligi-munasebetinen-hatira-tedbirlerini-azirlav-ve-keciruv-boyunca-teskiliy-komitetnin-toplasuvi\/\" \/>\n<meta property=\"og:locale\" content=\"en_US\" \/>\n<meta property=\"og:type\" content=\"article\" \/>\n<meta property=\"og:title\" content=\"Q\u0131r\u0131mtatar halq\u0131 soyq\u0131r\u0131m\u0131n\u0131\u00f1 70 y\u0131ll\u0131\u011f\u0131 munasebetinen hat\u0131ra tedbirlerini az\u0131rlav ve ke\u00e7ir\u00fcv boyunca te\u015fkiliy komitetni\u00f1 topla\u015fuv\u0131 - \u041c\u0435\u0434\u0436\u043b\u0456\u0441\" \/>\n<meta property=\"og:description\" content=\"2014 senesi fevral 3 k\u00fcn\u00fc Q\u0131r\u0131mtatar halq\u0131 soyq\u0131r\u0131m\u0131n\u0131\u00f1 70 y\u0131ll\u0131\u011f\u0131 munasebetinen hat\u0131ra tedbirlerini az\u0131rlav ve ke\u00e7ir\u00fcv boyunca te\u015fkiliy komitetni\u00f1 birinci topla\u015fuv\u0131 ol\u0131p ke\u00e7ti. Te\u015fkiliy komitet erk\u00e2n\u0131 Milliy Meclisni\u00f1 2014 senesi yanvar 25-te al\u011fan qarar\u0131nen tasdiqland\u0131. Topla\u015fuv devam\u0131nda Q\u0131r\u0131mtatar halq\u0131 soyq\u0131r\u0131m\u0131n\u0131\u00f1 70 y\u0131ll\u0131\u011f\u0131 munasebetinen hat\u0131ra tedbirlerini az\u0131rlav ve ke\u00e7ir\u00fcv, bun\u0131\u00f1 kibi de B\u00fct\u00fcnq\u0131r\u0131m matem mitingi i\u015ftirak\u00e7ileri [&hellip;]\" \/>\n<meta property=\"og:url\" content=\"https:\/\/qtmm.org\/qt\/qirimtatar-halqi-soyqiriminin-70-yilligi-munasebetinen-hatira-tedbirlerini-azirlav-ve-keciruv-boyunca-teskiliy-komitetnin-toplasuvi\/\" \/>\n<meta property=\"og:site_name\" content=\"\u041c\u0435\u0434\u0436\u043b\u0456\u0441\" \/>\n<meta property=\"article:publisher\" content=\"https:\/\/www.facebook.com\/qtmm.info\/\" \/>\n<meta property=\"article:published_time\" content=\"2014-02-03T14:29:00+00:00\" \/>\n<meta property=\"article:modified_time\" content=\"2022-01-27T14:32:01+00:00\" \/>\n<meta property=\"og:image\" content=\"https:\/\/qtmm.org\/wp-content\/uploads\/2022\/01\/img_4986.jpeg\" \/>\n\t<meta property=\"og:image:width\" content=\"650\" \/>\n\t<meta property=\"og:image:height\" content=\"379\" \/>\n\t<meta property=\"og:image:type\" content=\"image\/jpeg\" \/>\n<meta name=\"author\" content=\"Developer\" \/>\n<meta name=\"twitter:card\" content=\"summary_large_image\" \/>\n<meta name=\"twitter:label1\" content=\"Written by\" \/>\n\t<meta name=\"twitter:data1\" content=\"Developer\" \/>\n\t<meta name=\"twitter:label2\" content=\"Est. reading time\" \/>\n\t<meta name=\"twitter:data2\" content=\"2 minutes\" \/>\n<script type=\"application\/ld+json\" class=\"yoast-schema-graph\">{\"@context\":\"https:\\\/\\\/schema.org\",\"@graph\":[{\"@type\":\"Article\",\"@id\":\"https:\\\/\\\/qtmm.org\\\/qt\\\/qirimtatar-halqi-soyqiriminin-70-yilligi-munasebetinen-hatira-tedbirlerini-azirlav-ve-keciruv-boyunca-teskiliy-komitetnin-toplasuvi\\\/#article\",\"isPartOf\":{\"@id\":\"https:\\\/\\\/qtmm.org\\\/qt\\\/qirimtatar-halqi-soyqiriminin-70-yilligi-munasebetinen-hatira-tedbirlerini-azirlav-ve-keciruv-boyunca-teskiliy-komitetnin-toplasuvi\\\/\"},\"author\":{\"name\":\"Developer\",\"@id\":\"https:\\\/\\\/qtmm.org\\\/qt\\\/#\\\/schema\\\/person\\\/de562469f971dec226ac06e60bbf74a7\"},\"headline\":\"Q\u0131r\u0131mtatar halq\u0131 soyq\u0131r\u0131m\u0131n\u0131\u00f1 70 y\u0131ll\u0131\u011f\u0131 munasebetinen hat\u0131ra tedbirlerini az\u0131rlav ve ke\u00e7ir\u00fcv boyunca te\u015fkiliy komitetni\u00f1 topla\u015fuv\u0131\",\"datePublished\":\"2014-02-03T14:29:00+00:00\",\"dateModified\":\"2022-01-27T14:32:01+00:00\",\"mainEntityOfPage\":{\"@id\":\"https:\\\/\\\/qtmm.org\\\/qt\\\/qirimtatar-halqi-soyqiriminin-70-yilligi-munasebetinen-hatira-tedbirlerini-azirlav-ve-keciruv-boyunca-teskiliy-komitetnin-toplasuvi\\\/\"},\"wordCount\":510,\"commentCount\":0,\"publisher\":{\"@id\":\"https:\\\/\\\/qtmm.org\\\/qt\\\/#organization\"},\"image\":{\"@id\":\"https:\\\/\\\/qtmm.org\\\/qt\\\/qirimtatar-halqi-soyqiriminin-70-yilligi-munasebetinen-hatira-tedbirlerini-azirlav-ve-keciruv-boyunca-teskiliy-komitetnin-toplasuvi\\\/#primaryimage\"},\"thumbnailUrl\":\"https:\\\/\\\/qtmm.org\\\/wp-content\\\/uploads\\\/2022\\\/01\\\/img_4986.jpeg\",\"articleSection\":[\"Haberler\"],\"inLanguage\":\"qt\",\"potentialAction\":[{\"@type\":\"CommentAction\",\"name\":\"Comment\",\"target\":[\"https:\\\/\\\/qtmm.org\\\/qt\\\/qirimtatar-halqi-soyqiriminin-70-yilligi-munasebetinen-hatira-tedbirlerini-azirlav-ve-keciruv-boyunca-teskiliy-komitetnin-toplasuvi\\\/#respond\"]}]},{\"@type\":\"WebPage\",\"@id\":\"https:\\\/\\\/qtmm.org\\\/qt\\\/qirimtatar-halqi-soyqiriminin-70-yilligi-munasebetinen-hatira-tedbirlerini-azirlav-ve-keciruv-boyunca-teskiliy-komitetnin-toplasuvi\\\/\",\"url\":\"https:\\\/\\\/qtmm.org\\\/qt\\\/qirimtatar-halqi-soyqiriminin-70-yilligi-munasebetinen-hatira-tedbirlerini-azirlav-ve-keciruv-boyunca-teskiliy-komitetnin-toplasuvi\\\/\",\"name\":\"Q\u0131r\u0131mtatar halq\u0131 soyq\u0131r\u0131m\u0131n\u0131\u00f1 70 y\u0131ll\u0131\u011f\u0131 munasebetinen hat\u0131ra tedbirlerini az\u0131rlav ve ke\u00e7ir\u00fcv boyunca te\u015fkiliy komitetni\u00f1 topla\u015fuv\u0131 - \u041c\u0435\u0434\u0436\u043b\u0456\u0441\",\"isPartOf\":{\"@id\":\"https:\\\/\\\/qtmm.org\\\/qt\\\/#website\"},\"primaryImageOfPage\":{\"@id\":\"https:\\\/\\\/qtmm.org\\\/qt\\\/qirimtatar-halqi-soyqiriminin-70-yilligi-munasebetinen-hatira-tedbirlerini-azirlav-ve-keciruv-boyunca-teskiliy-komitetnin-toplasuvi\\\/#primaryimage\"},\"image\":{\"@id\":\"https:\\\/\\\/qtmm.org\\\/qt\\\/qirimtatar-halqi-soyqiriminin-70-yilligi-munasebetinen-hatira-tedbirlerini-azirlav-ve-keciruv-boyunca-teskiliy-komitetnin-toplasuvi\\\/#primaryimage\"},\"thumbnailUrl\":\"https:\\\/\\\/qtmm.org\\\/wp-content\\\/uploads\\\/2022\\\/01\\\/img_4986.jpeg\",\"datePublished\":\"2014-02-03T14:29:00+00:00\",\"dateModified\":\"2022-01-27T14:32:01+00:00\",\"breadcrumb\":{\"@id\":\"https:\\\/\\\/qtmm.org\\\/qt\\\/qirimtatar-halqi-soyqiriminin-70-yilligi-munasebetinen-hatira-tedbirlerini-azirlav-ve-keciruv-boyunca-teskiliy-komitetnin-toplasuvi\\\/#breadcrumb\"},\"inLanguage\":\"qt\",\"potentialAction\":[{\"@type\":\"ReadAction\",\"target\":[\"https:\\\/\\\/qtmm.org\\\/qt\\\/qirimtatar-halqi-soyqiriminin-70-yilligi-munasebetinen-hatira-tedbirlerini-azirlav-ve-keciruv-boyunca-teskiliy-komitetnin-toplasuvi\\\/\"]}]},{\"@type\":\"ImageObject\",\"inLanguage\":\"qt\",\"@id\":\"https:\\\/\\\/qtmm.org\\\/qt\\\/qirimtatar-halqi-soyqiriminin-70-yilligi-munasebetinen-hatira-tedbirlerini-azirlav-ve-keciruv-boyunca-teskiliy-komitetnin-toplasuvi\\\/#primaryimage\",\"url\":\"https:\\\/\\\/qtmm.org\\\/wp-content\\\/uploads\\\/2022\\\/01\\\/img_4986.jpeg\",\"contentUrl\":\"https:\\\/\\\/qtmm.org\\\/wp-content\\\/uploads\\\/2022\\\/01\\\/img_4986.jpeg\",\"width\":650,\"height\":379},{\"@type\":\"BreadcrumbList\",\"@id\":\"https:\\\/\\\/qtmm.org\\\/qt\\\/qirimtatar-halqi-soyqiriminin-70-yilligi-munasebetinen-hatira-tedbirlerini-azirlav-ve-keciruv-boyunca-teskiliy-komitetnin-toplasuvi\\\/#breadcrumb\",\"itemListElement\":[{\"@type\":\"ListItem\",\"position\":1,\"name\":\"\u0413\u043e\u043b\u043e\u0432\u043d\u0430\",\"item\":\"https:\\\/\\\/qtmm.org\\\/qt\\\/\"},{\"@type\":\"ListItem\",\"position\":2,\"name\":\"Q\u0131r\u0131mtatar halq\u0131 soyq\u0131r\u0131m\u0131n\u0131\u00f1 70 y\u0131ll\u0131\u011f\u0131 munasebetinen hat\u0131ra tedbirlerini az\u0131rlav ve ke\u00e7ir\u00fcv boyunca te\u015fkiliy komitetni\u00f1 topla\u015fuv\u0131\"}]},{\"@type\":\"WebSite\",\"@id\":\"https:\\\/\\\/qtmm.org\\\/qt\\\/#website\",\"url\":\"https:\\\/\\\/qtmm.org\\\/qt\\\/\",\"name\":\"\u041c\u0435\u0434\u0436\u043b\u0456\u0441\",\"description\":\"\",\"publisher\":{\"@id\":\"https:\\\/\\\/qtmm.org\\\/qt\\\/#organization\"},\"potentialAction\":[{\"@type\":\"SearchAction\",\"target\":{\"@type\":\"EntryPoint\",\"urlTemplate\":\"https:\\\/\\\/qtmm.org\\\/qt\\\/?s={search_term_string}\"},\"query-input\":{\"@type\":\"PropertyValueSpecification\",\"valueRequired\":true,\"valueName\":\"search_term_string\"}}],\"inLanguage\":\"qt\"},{\"@type\":\"Organization\",\"@id\":\"https:\\\/\\\/qtmm.org\\\/qt\\\/#organization\",\"name\":\"\u041c\u0435\u0434\u0436\u043b\u0456\u0441\",\"url\":\"https:\\\/\\\/qtmm.org\\\/qt\\\/\",\"logo\":{\"@type\":\"ImageObject\",\"inLanguage\":\"qt\",\"@id\":\"https:\\\/\\\/qtmm.org\\\/qt\\\/#\\\/schema\\\/logo\\\/image\\\/\",\"url\":\"https:\\\/\\\/qtmm.org\\\/wp-content\\\/uploads\\\/2024\\\/12\\\/ua-mejlis-logo-rgb.svg\",\"contentUrl\":\"https:\\\/\\\/qtmm.org\\\/wp-content\\\/uploads\\\/2024\\\/12\\\/ua-mejlis-logo-rgb.svg\",\"caption\":\"\u041c\u0435\u0434\u0436\u043b\u0456\u0441\"},\"image\":{\"@id\":\"https:\\\/\\\/qtmm.org\\\/qt\\\/#\\\/schema\\\/logo\\\/image\\\/\"},\"sameAs\":[\"https:\\\/\\\/www.facebook.com\\\/qtmm.info\\\/\"]},{\"@type\":\"Person\",\"@id\":\"https:\\\/\\\/qtmm.org\\\/qt\\\/#\\\/schema\\\/person\\\/de562469f971dec226ac06e60bbf74a7\",\"name\":\"Developer\",\"image\":{\"@type\":\"ImageObject\",\"inLanguage\":\"qt\",\"@id\":\"https:\\\/\\\/secure.gravatar.com\\\/avatar\\\/392b4cc8fbfeb00b39dfeeab4ee6edded39ffd48e25858637e4765810300227e?s=96&d=mm&r=g\",\"url\":\"https:\\\/\\\/secure.gravatar.com\\\/avatar\\\/392b4cc8fbfeb00b39dfeeab4ee6edded39ffd48e25858637e4765810300227e?s=96&d=mm&r=g\",\"contentUrl\":\"https:\\\/\\\/secure.gravatar.com\\\/avatar\\\/392b4cc8fbfeb00b39dfeeab4ee6edded39ffd48e25858637e4765810300227e?s=96&d=mm&r=g\",\"caption\":\"Developer\"},\"url\":\"https:\\\/\\\/qtmm.org\\\/qt\\\/author\\\/Developer\\\/\"}]}<\/script>\n<!-- \/ Yoast SEO plugin. -->","yoast_head_json":{"title":"Q\u0131r\u0131mtatar halq\u0131 soyq\u0131r\u0131m\u0131n\u0131\u00f1 70 y\u0131ll\u0131\u011f\u0131 munasebetinen hat\u0131ra tedbirlerini az\u0131rlav ve ke\u00e7ir\u00fcv boyunca te\u015fkiliy komitetni\u00f1 topla\u015fuv\u0131 - \u041c\u0435\u0434\u0436\u043b\u0456\u0441","robots":{"index":"index","follow":"follow","max-snippet":"max-snippet:-1","max-image-preview":"max-image-preview:large","max-video-preview":"max-video-preview:-1"},"canonical":"https:\/\/qtmm.org\/qt\/qirimtatar-halqi-soyqiriminin-70-yilligi-munasebetinen-hatira-tedbirlerini-azirlav-ve-keciruv-boyunca-teskiliy-komitetnin-toplasuvi\/","og_locale":"en_US","og_type":"article","og_title":"Q\u0131r\u0131mtatar halq\u0131 soyq\u0131r\u0131m\u0131n\u0131\u00f1 70 y\u0131ll\u0131\u011f\u0131 munasebetinen hat\u0131ra tedbirlerini az\u0131rlav ve ke\u00e7ir\u00fcv boyunca te\u015fkiliy komitetni\u00f1 topla\u015fuv\u0131 - \u041c\u0435\u0434\u0436\u043b\u0456\u0441","og_description":"2014 senesi fevral 3 k\u00fcn\u00fc Q\u0131r\u0131mtatar halq\u0131 soyq\u0131r\u0131m\u0131n\u0131\u00f1 70 y\u0131ll\u0131\u011f\u0131 munasebetinen hat\u0131ra tedbirlerini az\u0131rlav ve ke\u00e7ir\u00fcv boyunca te\u015fkiliy komitetni\u00f1 birinci topla\u015fuv\u0131 ol\u0131p ke\u00e7ti. Te\u015fkiliy komitet erk\u00e2n\u0131 Milliy Meclisni\u00f1 2014 senesi yanvar 25-te al\u011fan qarar\u0131nen tasdiqland\u0131. Topla\u015fuv devam\u0131nda Q\u0131r\u0131mtatar halq\u0131 soyq\u0131r\u0131m\u0131n\u0131\u00f1 70 y\u0131ll\u0131\u011f\u0131 munasebetinen hat\u0131ra tedbirlerini az\u0131rlav ve ke\u00e7ir\u00fcv, bun\u0131\u00f1 kibi de B\u00fct\u00fcnq\u0131r\u0131m matem mitingi i\u015ftirak\u00e7ileri [&hellip;]","og_url":"https:\/\/qtmm.org\/qt\/qirimtatar-halqi-soyqiriminin-70-yilligi-munasebetinen-hatira-tedbirlerini-azirlav-ve-keciruv-boyunca-teskiliy-komitetnin-toplasuvi\/","og_site_name":"\u041c\u0435\u0434\u0436\u043b\u0456\u0441","article_publisher":"https:\/\/www.facebook.com\/qtmm.info\/","article_published_time":"2014-02-03T14:29:00+00:00","article_modified_time":"2022-01-27T14:32:01+00:00","og_image":[{"width":650,"height":379,"url":"https:\/\/qtmm.org\/wp-content\/uploads\/2022\/01\/img_4986.jpeg","type":"image\/jpeg"}],"author":"Developer","twitter_card":"summary_large_image","twitter_misc":{"Written by":"Developer","Est. reading time":"2 minutes"},"schema":{"@context":"https:\/\/schema.org","@graph":[{"@type":"Article","@id":"https:\/\/qtmm.org\/qt\/qirimtatar-halqi-soyqiriminin-70-yilligi-munasebetinen-hatira-tedbirlerini-azirlav-ve-keciruv-boyunca-teskiliy-komitetnin-toplasuvi\/#article","isPartOf":{"@id":"https:\/\/qtmm.org\/qt\/qirimtatar-halqi-soyqiriminin-70-yilligi-munasebetinen-hatira-tedbirlerini-azirlav-ve-keciruv-boyunca-teskiliy-komitetnin-toplasuvi\/"},"author":{"name":"Developer","@id":"https:\/\/qtmm.org\/qt\/#\/schema\/person\/de562469f971dec226ac06e60bbf74a7"},"headline":"Q\u0131r\u0131mtatar halq\u0131 soyq\u0131r\u0131m\u0131n\u0131\u00f1 70 y\u0131ll\u0131\u011f\u0131 munasebetinen hat\u0131ra tedbirlerini az\u0131rlav ve ke\u00e7ir\u00fcv boyunca te\u015fkiliy komitetni\u00f1 topla\u015fuv\u0131","datePublished":"2014-02-03T14:29:00+00:00","dateModified":"2022-01-27T14:32:01+00:00","mainEntityOfPage":{"@id":"https:\/\/qtmm.org\/qt\/qirimtatar-halqi-soyqiriminin-70-yilligi-munasebetinen-hatira-tedbirlerini-azirlav-ve-keciruv-boyunca-teskiliy-komitetnin-toplasuvi\/"},"wordCount":510,"commentCount":0,"publisher":{"@id":"https:\/\/qtmm.org\/qt\/#organization"},"image":{"@id":"https:\/\/qtmm.org\/qt\/qirimtatar-halqi-soyqiriminin-70-yilligi-munasebetinen-hatira-tedbirlerini-azirlav-ve-keciruv-boyunca-teskiliy-komitetnin-toplasuvi\/#primaryimage"},"thumbnailUrl":"https:\/\/qtmm.org\/wp-content\/uploads\/2022\/01\/img_4986.jpeg","articleSection":["Haberler"],"inLanguage":"qt","potentialAction":[{"@type":"CommentAction","name":"Comment","target":["https:\/\/qtmm.org\/qt\/qirimtatar-halqi-soyqiriminin-70-yilligi-munasebetinen-hatira-tedbirlerini-azirlav-ve-keciruv-boyunca-teskiliy-komitetnin-toplasuvi\/#respond"]}]},{"@type":"WebPage","@id":"https:\/\/qtmm.org\/qt\/qirimtatar-halqi-soyqiriminin-70-yilligi-munasebetinen-hatira-tedbirlerini-azirlav-ve-keciruv-boyunca-teskiliy-komitetnin-toplasuvi\/","url":"https:\/\/qtmm.org\/qt\/qirimtatar-halqi-soyqiriminin-70-yilligi-munasebetinen-hatira-tedbirlerini-azirlav-ve-keciruv-boyunca-teskiliy-komitetnin-toplasuvi\/","name":"Q\u0131r\u0131mtatar halq\u0131 soyq\u0131r\u0131m\u0131n\u0131\u00f1 70 y\u0131ll\u0131\u011f\u0131 munasebetinen hat\u0131ra tedbirlerini az\u0131rlav ve ke\u00e7ir\u00fcv boyunca te\u015fkiliy komitetni\u00f1 topla\u015fuv\u0131 - \u041c\u0435\u0434\u0436\u043b\u0456\u0441","isPartOf":{"@id":"https:\/\/qtmm.org\/qt\/#website"},"primaryImageOfPage":{"@id":"https:\/\/qtmm.org\/qt\/qirimtatar-halqi-soyqiriminin-70-yilligi-munasebetinen-hatira-tedbirlerini-azirlav-ve-keciruv-boyunca-teskiliy-komitetnin-toplasuvi\/#primaryimage"},"image":{"@id":"https:\/\/qtmm.org\/qt\/qirimtatar-halqi-soyqiriminin-70-yilligi-munasebetinen-hatira-tedbirlerini-azirlav-ve-keciruv-boyunca-teskiliy-komitetnin-toplasuvi\/#primaryimage"},"thumbnailUrl":"https:\/\/qtmm.org\/wp-content\/uploads\/2022\/01\/img_4986.jpeg","datePublished":"2014-02-03T14:29:00+00:00","dateModified":"2022-01-27T14:32:01+00:00","breadcrumb":{"@id":"https:\/\/qtmm.org\/qt\/qirimtatar-halqi-soyqiriminin-70-yilligi-munasebetinen-hatira-tedbirlerini-azirlav-ve-keciruv-boyunca-teskiliy-komitetnin-toplasuvi\/#breadcrumb"},"inLanguage":"qt","potentialAction":[{"@type":"ReadAction","target":["https:\/\/qtmm.org\/qt\/qirimtatar-halqi-soyqiriminin-70-yilligi-munasebetinen-hatira-tedbirlerini-azirlav-ve-keciruv-boyunca-teskiliy-komitetnin-toplasuvi\/"]}]},{"@type":"ImageObject","inLanguage":"qt","@id":"https:\/\/qtmm.org\/qt\/qirimtatar-halqi-soyqiriminin-70-yilligi-munasebetinen-hatira-tedbirlerini-azirlav-ve-keciruv-boyunca-teskiliy-komitetnin-toplasuvi\/#primaryimage","url":"https:\/\/qtmm.org\/wp-content\/uploads\/2022\/01\/img_4986.jpeg","contentUrl":"https:\/\/qtmm.org\/wp-content\/uploads\/2022\/01\/img_4986.jpeg","width":650,"height":379},{"@type":"BreadcrumbList","@id":"https:\/\/qtmm.org\/qt\/qirimtatar-halqi-soyqiriminin-70-yilligi-munasebetinen-hatira-tedbirlerini-azirlav-ve-keciruv-boyunca-teskiliy-komitetnin-toplasuvi\/#breadcrumb","itemListElement":[{"@type":"ListItem","position":1,"name":"\u0413\u043e\u043b\u043e\u0432\u043d\u0430","item":"https:\/\/qtmm.org\/qt\/"},{"@type":"ListItem","position":2,"name":"Q\u0131r\u0131mtatar halq\u0131 soyq\u0131r\u0131m\u0131n\u0131\u00f1 70 y\u0131ll\u0131\u011f\u0131 munasebetinen hat\u0131ra tedbirlerini az\u0131rlav ve ke\u00e7ir\u00fcv boyunca te\u015fkiliy komitetni\u00f1 topla\u015fuv\u0131"}]},{"@type":"WebSite","@id":"https:\/\/qtmm.org\/qt\/#website","url":"https:\/\/qtmm.org\/qt\/","name":"\u041c\u0435\u0434\u0436\u043b\u0456\u0441","description":"","publisher":{"@id":"https:\/\/qtmm.org\/qt\/#organization"},"potentialAction":[{"@type":"SearchAction","target":{"@type":"EntryPoint","urlTemplate":"https:\/\/qtmm.org\/qt\/?s={search_term_string}"},"query-input":{"@type":"PropertyValueSpecification","valueRequired":true,"valueName":"search_term_string"}}],"inLanguage":"qt"},{"@type":"Organization","@id":"https:\/\/qtmm.org\/qt\/#organization","name":"\u041c\u0435\u0434\u0436\u043b\u0456\u0441","url":"https:\/\/qtmm.org\/qt\/","logo":{"@type":"ImageObject","inLanguage":"qt","@id":"https:\/\/qtmm.org\/qt\/#\/schema\/logo\/image\/","url":"https:\/\/qtmm.org\/wp-content\/uploads\/2024\/12\/ua-mejlis-logo-rgb.svg","contentUrl":"https:\/\/qtmm.org\/wp-content\/uploads\/2024\/12\/ua-mejlis-logo-rgb.svg","caption":"\u041c\u0435\u0434\u0436\u043b\u0456\u0441"},"image":{"@id":"https:\/\/qtmm.org\/qt\/#\/schema\/logo\/image\/"},"sameAs":["https:\/\/www.facebook.com\/qtmm.info\/"]},{"@type":"Person","@id":"https:\/\/qtmm.org\/qt\/#\/schema\/person\/de562469f971dec226ac06e60bbf74a7","name":"Developer","image":{"@type":"ImageObject","inLanguage":"qt","@id":"https:\/\/secure.gravatar.com\/avatar\/392b4cc8fbfeb00b39dfeeab4ee6edded39ffd48e25858637e4765810300227e?s=96&d=mm&r=g","url":"https:\/\/secure.gravatar.com\/avatar\/392b4cc8fbfeb00b39dfeeab4ee6edded39ffd48e25858637e4765810300227e?s=96&d=mm&r=g","contentUrl":"https:\/\/secure.gravatar.com\/avatar\/392b4cc8fbfeb00b39dfeeab4ee6edded39ffd48e25858637e4765810300227e?s=96&d=mm&r=g","caption":"Developer"},"url":"https:\/\/qtmm.org\/qt\/author\/Developer\/"}]}},"_links":{"self":[{"href":"https:\/\/qtmm.org\/qt\/wp-json\/wp\/v2\/posts\/42961","targetHints":{"allow":["GET"]}}],"collection":[{"href":"https:\/\/qtmm.org\/qt\/wp-json\/wp\/v2\/posts"}],"about":[{"href":"https:\/\/qtmm.org\/qt\/wp-json\/wp\/v2\/types\/post"}],"author":[{"embeddable":true,"href":"https:\/\/qtmm.org\/qt\/wp-json\/wp\/v2\/users\/1"}],"replies":[{"embeddable":true,"href":"https:\/\/qtmm.org\/qt\/wp-json\/wp\/v2\/comments?post=42961"}],"version-history":[{"count":1,"href":"https:\/\/qtmm.org\/qt\/wp-json\/wp\/v2\/posts\/42961\/revisions"}],"predecessor-version":[{"id":42986,"href":"https:\/\/qtmm.org\/qt\/wp-json\/wp\/v2\/posts\/42961\/revisions\/42986"}],"wp:featuredmedia":[{"embeddable":true,"href":"https:\/\/qtmm.org\/qt\/wp-json\/wp\/v2\/media\/42978"}],"wp:attachment":[{"href":"https:\/\/qtmm.org\/qt\/wp-json\/wp\/v2\/media?parent=42961"}],"wp:term":[{"taxonomy":"category","embeddable":true,"href":"https:\/\/qtmm.org\/qt\/wp-json\/wp\/v2\/categories?post=42961"},{"taxonomy":"post_tag","embeddable":true,"href":"https:\/\/qtmm.org\/qt\/wp-json\/wp\/v2\/tags?post=42961"}],"curies":[{"name":"wp","href":"https:\/\/api.w.org\/{rel}","templated":true}]}}