




{"id":42939,"date":"2014-02-01T17:27:00","date_gmt":"2014-02-01T14:27:00","guid":{"rendered":"http:\/\/qtmm.org\/?p=42939"},"modified":"2022-01-27T17:29:26","modified_gmt":"2022-01-27T14:29:26","slug":"nariman-celal-amethan-sultan-bizim-en-belli-ve-namli-qaramanlarimizdan-biridir","status":"publish","type":"post","link":"https:\/\/qtmm.org\/qt\/nariman-celal-amethan-sultan-bizim-en-belli-ve-namli-qaramanlarimizdan-biridir\/","title":{"rendered":"Nariman Cel\u00e2l: \u00abAmethan Sultan \u2013 bizim e\u00f1 belli ve naml\u0131 qaramanlar\u0131m\u0131zdan biridir\u00bb"},"content":{"rendered":"\n<p>2014 senesi fevral 1 k\u00fcn\u00fc B\u00fcy\u00fck-Onlar qasabas\u0131nda Sovetler Birligini\u00f1 eki defa Qaraman\u0131 u\u00e7uc\u0131-s\u0131navc\u0131 Amethan Sultan vefat\u0131n\u0131\u00f1 y\u0131ld\u00f6n\u00fcmi munasebetinen gen\u00e7ler aras\u0131nda k\u00fcre\u015f boyunca &#8220;K\u00fcre\u015f&#8221; Q\u0131r\u0131m federatsiyas\u0131 te\u015fkil\u00e2tland\u0131r\u011fan 5-nci cumhuriyet yar\u0131\u015f\u0131 ke\u00e7irildi.<\/p>\n\n\n\n<figure class=\"wp-block-image size-full\"><img loading=\"lazy\" decoding=\"async\" width=\"650\" height=\"288\" src=\"http:\/\/qtmm.org\/wp-content\/uploads\/2022\/01\/20140201_120456.jpeg\" alt=\"\" class=\"wp-image-42940\" srcset=\"https:\/\/qtmm.org\/wp-content\/uploads\/2022\/01\/20140201_120456.jpeg 650w, https:\/\/qtmm.org\/wp-content\/uploads\/2022\/01\/20140201_120456-300x133.jpeg 300w\" sizes=\"auto, (max-width: 650px) 100vw, 650px\" \/><\/figure>\n\n\n\n<p>B\u00fcy\u00fck-Onlar qasabas\u0131nda \u00f6tkerilgen tedbir \u00e7er\u00e7ivesinde suvuq ava\u011fa baqmadan Amethan Sultan\u011fa ba\u011f\u0131\u015flan\u011fan sergi, Alaba\u015f-Ko\u00f1rat k\u00f6y\u00fcndeki Amethan Sultan ad\u0131na soqaqta ise hat\u0131ra tahtas\u0131 a\u00e7\u0131ld\u0131.<\/p>\n\n\n\n<figure class=\"wp-block-image size-full\"><img loading=\"lazy\" decoding=\"async\" width=\"650\" height=\"369\" src=\"http:\/\/qtmm.org\/wp-content\/uploads\/2022\/01\/20140201_120449.jpeg\" alt=\"\" class=\"wp-image-42944\" srcset=\"https:\/\/qtmm.org\/wp-content\/uploads\/2022\/01\/20140201_120449.jpeg 650w, https:\/\/qtmm.org\/wp-content\/uploads\/2022\/01\/20140201_120449-300x170.jpeg 300w\" sizes=\"auto, (max-width: 650px) 100vw, 650px\" \/><\/figure>\n\n\n\n<p>Turnirde Meclis reisini\u00f1 muavini Nariman Cel\u00e2l, Meclis K\u00e2tibiyetini\u00f1 ba\u015f\u0131 Dil\u00e2ver Akiyev, Meclisni\u00f1 sport ve gen\u00e7ler siyaseti idaresini\u00f1 ba\u015f\u0131 Seydamet Ya\u011fyayev, Meclis azas\u0131 G\u00fclnara Bekirova, qasaba reisi Vasiliy Grabovan, Amurskiy k\u00f6y \u015furas\u0131n\u0131\u00f1 reisi Rustem Bekirov bulund\u0131lar.<\/p>\n\n\n\n<p>Nariman Cel\u00e2l \u00f6z \u00e7\u0131q\u0131\u015f\u0131nda yar\u0131\u015f i\u015ftirak\u00e7ileri ve k\u00fcre\u015f\u00e7ilerge Meclis reisi Refat \u00c7ubarovn\u0131\u00f1 sel\u00e2m\u0131n\u0131 bildirdi.<\/p>\n\n\n\n<figure class=\"wp-block-image size-full\"><img loading=\"lazy\" decoding=\"async\" width=\"650\" height=\"369\" src=\"http:\/\/qtmm.org\/wp-content\/uploads\/2022\/01\/20140201_105003.jpeg\" alt=\"\" class=\"wp-image-42948\" srcset=\"https:\/\/qtmm.org\/wp-content\/uploads\/2022\/01\/20140201_105003.jpeg 650w, https:\/\/qtmm.org\/wp-content\/uploads\/2022\/01\/20140201_105003-300x170.jpeg 300w\" sizes=\"auto, (max-width: 650px) 100vw, 650px\" \/><\/figure>\n\n\n\n<p>&#8220;Amethan Sultan bizim e\u00f1 belli ve naml\u0131 qaramanlar\u0131m\u0131zdan biri ol\u011fan\u0131n\u0131 bilemiz. Amma q\u0131r\u0131mtatarlar aras\u0131nda \u00e7oq qaramanlar bar. S\u00fcrg\u00fcnlikte sa\u011f qal\u011fan qartana-qartbabalar\u0131m\u0131z da qaramanlar. S\u00fcrg\u00fcnlikten Q\u0131r\u0131m\u011fa qayt\u0131p kelgenler de qaramand\u0131rlar, _ dedi Meclis reisini\u00f1 muavini. \u2013 Eminim ki, gen\u00e7lerimiz Amethan Sultan ve on\u0131\u00f1 kibi bat\u0131rlar\u0131m\u0131zdan ibret almaq kerekler. Q\u0131r\u0131mtatar halq\u0131 Meclisini\u00f1 ad\u0131ndan &#8220;K\u00fcre\u015f&#8221; Q\u0131r\u0131m milliy k\u00fcre\u015f federatsiyas\u0131na qaramanlar\u0131m\u0131zn\u0131 unutmay\u0131p, b\u00f6yle tedbirler ke\u00e7irgenleri i\u00e7\u00fcn te\u015fekk\u00fcr bildirem. Bun\u0131\u00f1 kibi de, qaramanlar\u0131m\u0131zn\u0131\u00f1 hat\u0131ras\u0131n\u0131 a\u00f1maq ve y\u00fcreklerimizde ya\u015fatmaq imk\u00e2n\u0131n\u0131 bergen b\u00f6yle tedbirlerni te\u015fkil et\u00fcv ve ke\u00e7ir\u00fcv i\u015flerine qoltutqan B\u00fcy\u00fck-Onlar qasabas\u0131n\u0131\u00f1 akimlerine de minnetdarl\u0131q bildirmek isteyim &#8220;<\/p>\n\n\n\n<figure class=\"wp-block-image size-full\"><img loading=\"lazy\" decoding=\"async\" width=\"650\" height=\"589\" src=\"http:\/\/qtmm.org\/wp-content\/uploads\/2022\/01\/20140201_141845.jpeg\" alt=\"\" class=\"wp-image-42952\" srcset=\"https:\/\/qtmm.org\/wp-content\/uploads\/2022\/01\/20140201_141845.jpeg 650w, https:\/\/qtmm.org\/wp-content\/uploads\/2022\/01\/20140201_141845-300x272.jpeg 300w\" sizes=\"auto, (max-width: 650px) 100vw, 650px\" \/><\/figure>\n\n\n\n<p>Turnirde B\u00fcy\u00fck Onlar, Aqmescit, Saq, Kezlev, Seytler ve Q\u0131r\u0131mn\u0131\u00f1 diger yerlerinden kelgen k\u00fcre\u015f\u00e7iler sekiz \u00e7eki kategoriyas\u0131nda k\u00fc\u00e7 s\u0131na\u015ft\u0131lar. \u011ealiplerge medaller, kubok, fahriy yarl\u0131qlar ve q\u0131ymetli bah\u015f\u0131\u015flar berildi.<\/p>\n\n\n\n<figure class=\"wp-block-image size-full\"><img loading=\"lazy\" decoding=\"async\" width=\"650\" height=\"318\" src=\"http:\/\/qtmm.org\/wp-content\/uploads\/2022\/01\/20140201_143254_kopiya.jpeg\" alt=\"\" class=\"wp-image-42956\" srcset=\"https:\/\/qtmm.org\/wp-content\/uploads\/2022\/01\/20140201_143254_kopiya.jpeg 650w, https:\/\/qtmm.org\/wp-content\/uploads\/2022\/01\/20140201_143254_kopiya-300x147.jpeg 300w\" sizes=\"auto, (max-width: 650px) 100vw, 650px\" \/><\/figure>\n","protected":false},"excerpt":{"rendered":"<p>2014 senesi fevral 1 k\u00fcn\u00fc B\u00fcy\u00fck-Onlar qasabas\u0131nda Sovetler Birligini\u00f1 eki defa Qaraman\u0131 u\u00e7uc\u0131-s\u0131navc\u0131 Amethan Sultan vefat\u0131n\u0131\u00f1 y\u0131ld\u00f6n\u00fcmi munasebetinen gen\u00e7ler aras\u0131nda k\u00fcre\u015f boyunca &#8220;K\u00fcre\u015f&#8221; Q\u0131r\u0131m federatsiyas\u0131 te\u015fkil\u00e2tland\u0131r\u011fan 5-nci cumhuriyet yar\u0131\u015f\u0131 ke\u00e7irildi. B\u00fcy\u00fck-Onlar qasabas\u0131nda \u00f6tkerilgen tedbir \u00e7er\u00e7ivesinde suvuq ava\u011fa baqmadan Amethan Sultan\u011fa ba\u011f\u0131\u015flan\u011fan sergi, Alaba\u015f-Ko\u00f1rat k\u00f6y\u00fcndeki Amethan Sultan ad\u0131na soqaqta ise hat\u0131ra tahtas\u0131 a\u00e7\u0131ld\u0131. Turnirde Meclis reisini\u00f1 [&hellip;]<\/p>\n","protected":false},"author":1,"featured_media":0,"comment_status":"open","ping_status":"open","sticky":false,"template":"","format":"standard","meta":{"inline_featured_image":false,"footnotes":""},"categories":[265],"tags":[],"class_list":["post-42939","post","type-post","status-publish","format-standard","hentry","category-haberler"],"acf":[],"yoast_head":"<!-- This site is optimized with the Yoast SEO plugin v27.4 - https:\/\/yoast.com\/product\/yoast-seo-wordpress\/ -->\n<title>Nariman Cel\u00e2l: \u00abAmethan Sultan \u2013 bizim e\u00f1 belli ve naml\u0131 qaramanlar\u0131m\u0131zdan biridir\u00bb - \u041c\u0435\u0434\u0436\u043b\u0456\u0441<\/title>\n<meta name=\"robots\" content=\"index, follow, max-snippet:-1, max-image-preview:large, max-video-preview:-1\" \/>\n<link rel=\"canonical\" href=\"https:\/\/qtmm.org\/qt\/nariman-celal-amethan-sultan-bizim-en-belli-ve-namli-qaramanlarimizdan-biridir\/\" \/>\n<meta property=\"og:locale\" content=\"en_US\" \/>\n<meta property=\"og:type\" content=\"article\" \/>\n<meta property=\"og:title\" content=\"Nariman Cel\u00e2l: \u00abAmethan Sultan \u2013 bizim e\u00f1 belli ve naml\u0131 qaramanlar\u0131m\u0131zdan biridir\u00bb - \u041c\u0435\u0434\u0436\u043b\u0456\u0441\" \/>\n<meta property=\"og:description\" content=\"2014 senesi fevral 1 k\u00fcn\u00fc B\u00fcy\u00fck-Onlar qasabas\u0131nda Sovetler Birligini\u00f1 eki defa Qaraman\u0131 u\u00e7uc\u0131-s\u0131navc\u0131 Amethan Sultan vefat\u0131n\u0131\u00f1 y\u0131ld\u00f6n\u00fcmi munasebetinen gen\u00e7ler aras\u0131nda k\u00fcre\u015f boyunca &#8220;K\u00fcre\u015f&#8221; Q\u0131r\u0131m federatsiyas\u0131 te\u015fkil\u00e2tland\u0131r\u011fan 5-nci cumhuriyet yar\u0131\u015f\u0131 ke\u00e7irildi. B\u00fcy\u00fck-Onlar qasabas\u0131nda \u00f6tkerilgen tedbir \u00e7er\u00e7ivesinde suvuq ava\u011fa baqmadan Amethan Sultan\u011fa ba\u011f\u0131\u015flan\u011fan sergi, Alaba\u015f-Ko\u00f1rat k\u00f6y\u00fcndeki Amethan Sultan ad\u0131na soqaqta ise hat\u0131ra tahtas\u0131 a\u00e7\u0131ld\u0131. Turnirde Meclis reisini\u00f1 [&hellip;]\" \/>\n<meta property=\"og:url\" content=\"https:\/\/qtmm.org\/qt\/nariman-celal-amethan-sultan-bizim-en-belli-ve-namli-qaramanlarimizdan-biridir\/\" \/>\n<meta property=\"og:site_name\" content=\"\u041c\u0435\u0434\u0436\u043b\u0456\u0441\" \/>\n<meta property=\"article:publisher\" content=\"https:\/\/www.facebook.com\/qtmm.info\/\" \/>\n<meta property=\"article:published_time\" content=\"2014-02-01T14:27:00+00:00\" \/>\n<meta property=\"article:modified_time\" content=\"2022-01-27T14:29:26+00:00\" \/>\n<meta property=\"og:image\" content=\"https:\/\/qtmm.org\/wp-content\/uploads\/2022\/01\/20140201_120456.jpeg\" \/>\n\t<meta property=\"og:image:width\" content=\"650\" \/>\n\t<meta property=\"og:image:height\" content=\"288\" \/>\n\t<meta property=\"og:image:type\" content=\"image\/jpeg\" \/>\n<meta name=\"author\" content=\"Developer\" \/>\n<meta name=\"twitter:card\" content=\"summary_large_image\" \/>\n<meta name=\"twitter:label1\" content=\"Written by\" \/>\n\t<meta name=\"twitter:data1\" content=\"Developer\" \/>\n\t<meta name=\"twitter:label2\" content=\"Est. reading time\" \/>\n\t<meta name=\"twitter:data2\" content=\"2 minutes\" \/>\n<script type=\"application\/ld+json\" class=\"yoast-schema-graph\">{\"@context\":\"https:\\\/\\\/schema.org\",\"@graph\":[{\"@type\":\"Article\",\"@id\":\"https:\\\/\\\/qtmm.org\\\/qt\\\/nariman-celal-amethan-sultan-bizim-en-belli-ve-namli-qaramanlarimizdan-biridir\\\/#article\",\"isPartOf\":{\"@id\":\"https:\\\/\\\/qtmm.org\\\/qt\\\/nariman-celal-amethan-sultan-bizim-en-belli-ve-namli-qaramanlarimizdan-biridir\\\/\"},\"author\":{\"name\":\"Developer\",\"@id\":\"https:\\\/\\\/qtmm.org\\\/qt\\\/#\\\/schema\\\/person\\\/de562469f971dec226ac06e60bbf74a7\"},\"headline\":\"Nariman Cel\u00e2l: \u00abAmethan Sultan \u2013 bizim e\u00f1 belli ve naml\u0131 qaramanlar\u0131m\u0131zdan biridir\u00bb\",\"datePublished\":\"2014-02-01T14:27:00+00:00\",\"dateModified\":\"2022-01-27T14:29:26+00:00\",\"mainEntityOfPage\":{\"@id\":\"https:\\\/\\\/qtmm.org\\\/qt\\\/nariman-celal-amethan-sultan-bizim-en-belli-ve-namli-qaramanlarimizdan-biridir\\\/\"},\"wordCount\":353,\"commentCount\":0,\"publisher\":{\"@id\":\"https:\\\/\\\/qtmm.org\\\/qt\\\/#organization\"},\"image\":{\"@id\":\"https:\\\/\\\/qtmm.org\\\/qt\\\/nariman-celal-amethan-sultan-bizim-en-belli-ve-namli-qaramanlarimizdan-biridir\\\/#primaryimage\"},\"thumbnailUrl\":\"http:\\\/\\\/qtmm.org\\\/wp-content\\\/uploads\\\/2022\\\/01\\\/20140201_120456.jpeg\",\"articleSection\":[\"Haberler\"],\"inLanguage\":\"qt\",\"potentialAction\":[{\"@type\":\"CommentAction\",\"name\":\"Comment\",\"target\":[\"https:\\\/\\\/qtmm.org\\\/qt\\\/nariman-celal-amethan-sultan-bizim-en-belli-ve-namli-qaramanlarimizdan-biridir\\\/#respond\"]}]},{\"@type\":\"WebPage\",\"@id\":\"https:\\\/\\\/qtmm.org\\\/qt\\\/nariman-celal-amethan-sultan-bizim-en-belli-ve-namli-qaramanlarimizdan-biridir\\\/\",\"url\":\"https:\\\/\\\/qtmm.org\\\/qt\\\/nariman-celal-amethan-sultan-bizim-en-belli-ve-namli-qaramanlarimizdan-biridir\\\/\",\"name\":\"Nariman Cel\u00e2l: \u00abAmethan Sultan \u2013 bizim e\u00f1 belli ve naml\u0131 qaramanlar\u0131m\u0131zdan biridir\u00bb - \u041c\u0435\u0434\u0436\u043b\u0456\u0441\",\"isPartOf\":{\"@id\":\"https:\\\/\\\/qtmm.org\\\/qt\\\/#website\"},\"primaryImageOfPage\":{\"@id\":\"https:\\\/\\\/qtmm.org\\\/qt\\\/nariman-celal-amethan-sultan-bizim-en-belli-ve-namli-qaramanlarimizdan-biridir\\\/#primaryimage\"},\"image\":{\"@id\":\"https:\\\/\\\/qtmm.org\\\/qt\\\/nariman-celal-amethan-sultan-bizim-en-belli-ve-namli-qaramanlarimizdan-biridir\\\/#primaryimage\"},\"thumbnailUrl\":\"http:\\\/\\\/qtmm.org\\\/wp-content\\\/uploads\\\/2022\\\/01\\\/20140201_120456.jpeg\",\"datePublished\":\"2014-02-01T14:27:00+00:00\",\"dateModified\":\"2022-01-27T14:29:26+00:00\",\"breadcrumb\":{\"@id\":\"https:\\\/\\\/qtmm.org\\\/qt\\\/nariman-celal-amethan-sultan-bizim-en-belli-ve-namli-qaramanlarimizdan-biridir\\\/#breadcrumb\"},\"inLanguage\":\"qt\",\"potentialAction\":[{\"@type\":\"ReadAction\",\"target\":[\"https:\\\/\\\/qtmm.org\\\/qt\\\/nariman-celal-amethan-sultan-bizim-en-belli-ve-namli-qaramanlarimizdan-biridir\\\/\"]}]},{\"@type\":\"ImageObject\",\"inLanguage\":\"qt\",\"@id\":\"https:\\\/\\\/qtmm.org\\\/qt\\\/nariman-celal-amethan-sultan-bizim-en-belli-ve-namli-qaramanlarimizdan-biridir\\\/#primaryimage\",\"url\":\"http:\\\/\\\/qtmm.org\\\/wp-content\\\/uploads\\\/2022\\\/01\\\/20140201_120456.jpeg\",\"contentUrl\":\"http:\\\/\\\/qtmm.org\\\/wp-content\\\/uploads\\\/2022\\\/01\\\/20140201_120456.jpeg\"},{\"@type\":\"BreadcrumbList\",\"@id\":\"https:\\\/\\\/qtmm.org\\\/qt\\\/nariman-celal-amethan-sultan-bizim-en-belli-ve-namli-qaramanlarimizdan-biridir\\\/#breadcrumb\",\"itemListElement\":[{\"@type\":\"ListItem\",\"position\":1,\"name\":\"\u0413\u043e\u043b\u043e\u0432\u043d\u0430\",\"item\":\"https:\\\/\\\/qtmm.org\\\/qt\\\/\"},{\"@type\":\"ListItem\",\"position\":2,\"name\":\"Nariman Cel\u00e2l: \u00abAmethan Sultan \u2013 bizim e\u00f1 belli ve naml\u0131 qaramanlar\u0131m\u0131zdan biridir\u00bb\"}]},{\"@type\":\"WebSite\",\"@id\":\"https:\\\/\\\/qtmm.org\\\/qt\\\/#website\",\"url\":\"https:\\\/\\\/qtmm.org\\\/qt\\\/\",\"name\":\"\u041c\u0435\u0434\u0436\u043b\u0456\u0441\",\"description\":\"\",\"publisher\":{\"@id\":\"https:\\\/\\\/qtmm.org\\\/qt\\\/#organization\"},\"potentialAction\":[{\"@type\":\"SearchAction\",\"target\":{\"@type\":\"EntryPoint\",\"urlTemplate\":\"https:\\\/\\\/qtmm.org\\\/qt\\\/?s={search_term_string}\"},\"query-input\":{\"@type\":\"PropertyValueSpecification\",\"valueRequired\":true,\"valueName\":\"search_term_string\"}}],\"inLanguage\":\"qt\"},{\"@type\":\"Organization\",\"@id\":\"https:\\\/\\\/qtmm.org\\\/qt\\\/#organization\",\"name\":\"\u041c\u0435\u0434\u0436\u043b\u0456\u0441\",\"url\":\"https:\\\/\\\/qtmm.org\\\/qt\\\/\",\"logo\":{\"@type\":\"ImageObject\",\"inLanguage\":\"qt\",\"@id\":\"https:\\\/\\\/qtmm.org\\\/qt\\\/#\\\/schema\\\/logo\\\/image\\\/\",\"url\":\"https:\\\/\\\/qtmm.org\\\/wp-content\\\/uploads\\\/2024\\\/12\\\/ua-mejlis-logo-rgb.svg\",\"contentUrl\":\"https:\\\/\\\/qtmm.org\\\/wp-content\\\/uploads\\\/2024\\\/12\\\/ua-mejlis-logo-rgb.svg\",\"caption\":\"\u041c\u0435\u0434\u0436\u043b\u0456\u0441\"},\"image\":{\"@id\":\"https:\\\/\\\/qtmm.org\\\/qt\\\/#\\\/schema\\\/logo\\\/image\\\/\"},\"sameAs\":[\"https:\\\/\\\/www.facebook.com\\\/qtmm.info\\\/\"]},{\"@type\":\"Person\",\"@id\":\"https:\\\/\\\/qtmm.org\\\/qt\\\/#\\\/schema\\\/person\\\/de562469f971dec226ac06e60bbf74a7\",\"name\":\"Developer\",\"image\":{\"@type\":\"ImageObject\",\"inLanguage\":\"qt\",\"@id\":\"https:\\\/\\\/secure.gravatar.com\\\/avatar\\\/392b4cc8fbfeb00b39dfeeab4ee6edded39ffd48e25858637e4765810300227e?s=96&d=mm&r=g\",\"url\":\"https:\\\/\\\/secure.gravatar.com\\\/avatar\\\/392b4cc8fbfeb00b39dfeeab4ee6edded39ffd48e25858637e4765810300227e?s=96&d=mm&r=g\",\"contentUrl\":\"https:\\\/\\\/secure.gravatar.com\\\/avatar\\\/392b4cc8fbfeb00b39dfeeab4ee6edded39ffd48e25858637e4765810300227e?s=96&d=mm&r=g\",\"caption\":\"Developer\"},\"url\":\"https:\\\/\\\/qtmm.org\\\/qt\\\/author\\\/Developer\\\/\"}]}<\/script>\n<!-- \/ Yoast SEO plugin. -->","yoast_head_json":{"title":"Nariman Cel\u00e2l: \u00abAmethan Sultan \u2013 bizim e\u00f1 belli ve naml\u0131 qaramanlar\u0131m\u0131zdan biridir\u00bb - \u041c\u0435\u0434\u0436\u043b\u0456\u0441","robots":{"index":"index","follow":"follow","max-snippet":"max-snippet:-1","max-image-preview":"max-image-preview:large","max-video-preview":"max-video-preview:-1"},"canonical":"https:\/\/qtmm.org\/qt\/nariman-celal-amethan-sultan-bizim-en-belli-ve-namli-qaramanlarimizdan-biridir\/","og_locale":"en_US","og_type":"article","og_title":"Nariman Cel\u00e2l: \u00abAmethan Sultan \u2013 bizim e\u00f1 belli ve naml\u0131 qaramanlar\u0131m\u0131zdan biridir\u00bb - \u041c\u0435\u0434\u0436\u043b\u0456\u0441","og_description":"2014 senesi fevral 1 k\u00fcn\u00fc B\u00fcy\u00fck-Onlar qasabas\u0131nda Sovetler Birligini\u00f1 eki defa Qaraman\u0131 u\u00e7uc\u0131-s\u0131navc\u0131 Amethan Sultan vefat\u0131n\u0131\u00f1 y\u0131ld\u00f6n\u00fcmi munasebetinen gen\u00e7ler aras\u0131nda k\u00fcre\u015f boyunca &#8220;K\u00fcre\u015f&#8221; Q\u0131r\u0131m federatsiyas\u0131 te\u015fkil\u00e2tland\u0131r\u011fan 5-nci cumhuriyet yar\u0131\u015f\u0131 ke\u00e7irildi. B\u00fcy\u00fck-Onlar qasabas\u0131nda \u00f6tkerilgen tedbir \u00e7er\u00e7ivesinde suvuq ava\u011fa baqmadan Amethan Sultan\u011fa ba\u011f\u0131\u015flan\u011fan sergi, Alaba\u015f-Ko\u00f1rat k\u00f6y\u00fcndeki Amethan Sultan ad\u0131na soqaqta ise hat\u0131ra tahtas\u0131 a\u00e7\u0131ld\u0131. Turnirde Meclis reisini\u00f1 [&hellip;]","og_url":"https:\/\/qtmm.org\/qt\/nariman-celal-amethan-sultan-bizim-en-belli-ve-namli-qaramanlarimizdan-biridir\/","og_site_name":"\u041c\u0435\u0434\u0436\u043b\u0456\u0441","article_publisher":"https:\/\/www.facebook.com\/qtmm.info\/","article_published_time":"2014-02-01T14:27:00+00:00","article_modified_time":"2022-01-27T14:29:26+00:00","og_image":[{"width":650,"height":288,"url":"https:\/\/qtmm.org\/wp-content\/uploads\/2022\/01\/20140201_120456.jpeg","type":"image\/jpeg"}],"author":"Developer","twitter_card":"summary_large_image","twitter_misc":{"Written by":"Developer","Est. reading time":"2 minutes"},"schema":{"@context":"https:\/\/schema.org","@graph":[{"@type":"Article","@id":"https:\/\/qtmm.org\/qt\/nariman-celal-amethan-sultan-bizim-en-belli-ve-namli-qaramanlarimizdan-biridir\/#article","isPartOf":{"@id":"https:\/\/qtmm.org\/qt\/nariman-celal-amethan-sultan-bizim-en-belli-ve-namli-qaramanlarimizdan-biridir\/"},"author":{"name":"Developer","@id":"https:\/\/qtmm.org\/qt\/#\/schema\/person\/de562469f971dec226ac06e60bbf74a7"},"headline":"Nariman Cel\u00e2l: \u00abAmethan Sultan \u2013 bizim e\u00f1 belli ve naml\u0131 qaramanlar\u0131m\u0131zdan biridir\u00bb","datePublished":"2014-02-01T14:27:00+00:00","dateModified":"2022-01-27T14:29:26+00:00","mainEntityOfPage":{"@id":"https:\/\/qtmm.org\/qt\/nariman-celal-amethan-sultan-bizim-en-belli-ve-namli-qaramanlarimizdan-biridir\/"},"wordCount":353,"commentCount":0,"publisher":{"@id":"https:\/\/qtmm.org\/qt\/#organization"},"image":{"@id":"https:\/\/qtmm.org\/qt\/nariman-celal-amethan-sultan-bizim-en-belli-ve-namli-qaramanlarimizdan-biridir\/#primaryimage"},"thumbnailUrl":"http:\/\/qtmm.org\/wp-content\/uploads\/2022\/01\/20140201_120456.jpeg","articleSection":["Haberler"],"inLanguage":"qt","potentialAction":[{"@type":"CommentAction","name":"Comment","target":["https:\/\/qtmm.org\/qt\/nariman-celal-amethan-sultan-bizim-en-belli-ve-namli-qaramanlarimizdan-biridir\/#respond"]}]},{"@type":"WebPage","@id":"https:\/\/qtmm.org\/qt\/nariman-celal-amethan-sultan-bizim-en-belli-ve-namli-qaramanlarimizdan-biridir\/","url":"https:\/\/qtmm.org\/qt\/nariman-celal-amethan-sultan-bizim-en-belli-ve-namli-qaramanlarimizdan-biridir\/","name":"Nariman Cel\u00e2l: \u00abAmethan Sultan \u2013 bizim e\u00f1 belli ve naml\u0131 qaramanlar\u0131m\u0131zdan biridir\u00bb - \u041c\u0435\u0434\u0436\u043b\u0456\u0441","isPartOf":{"@id":"https:\/\/qtmm.org\/qt\/#website"},"primaryImageOfPage":{"@id":"https:\/\/qtmm.org\/qt\/nariman-celal-amethan-sultan-bizim-en-belli-ve-namli-qaramanlarimizdan-biridir\/#primaryimage"},"image":{"@id":"https:\/\/qtmm.org\/qt\/nariman-celal-amethan-sultan-bizim-en-belli-ve-namli-qaramanlarimizdan-biridir\/#primaryimage"},"thumbnailUrl":"http:\/\/qtmm.org\/wp-content\/uploads\/2022\/01\/20140201_120456.jpeg","datePublished":"2014-02-01T14:27:00+00:00","dateModified":"2022-01-27T14:29:26+00:00","breadcrumb":{"@id":"https:\/\/qtmm.org\/qt\/nariman-celal-amethan-sultan-bizim-en-belli-ve-namli-qaramanlarimizdan-biridir\/#breadcrumb"},"inLanguage":"qt","potentialAction":[{"@type":"ReadAction","target":["https:\/\/qtmm.org\/qt\/nariman-celal-amethan-sultan-bizim-en-belli-ve-namli-qaramanlarimizdan-biridir\/"]}]},{"@type":"ImageObject","inLanguage":"qt","@id":"https:\/\/qtmm.org\/qt\/nariman-celal-amethan-sultan-bizim-en-belli-ve-namli-qaramanlarimizdan-biridir\/#primaryimage","url":"http:\/\/qtmm.org\/wp-content\/uploads\/2022\/01\/20140201_120456.jpeg","contentUrl":"http:\/\/qtmm.org\/wp-content\/uploads\/2022\/01\/20140201_120456.jpeg"},{"@type":"BreadcrumbList","@id":"https:\/\/qtmm.org\/qt\/nariman-celal-amethan-sultan-bizim-en-belli-ve-namli-qaramanlarimizdan-biridir\/#breadcrumb","itemListElement":[{"@type":"ListItem","position":1,"name":"\u0413\u043e\u043b\u043e\u0432\u043d\u0430","item":"https:\/\/qtmm.org\/qt\/"},{"@type":"ListItem","position":2,"name":"Nariman Cel\u00e2l: \u00abAmethan Sultan \u2013 bizim e\u00f1 belli ve naml\u0131 qaramanlar\u0131m\u0131zdan biridir\u00bb"}]},{"@type":"WebSite","@id":"https:\/\/qtmm.org\/qt\/#website","url":"https:\/\/qtmm.org\/qt\/","name":"\u041c\u0435\u0434\u0436\u043b\u0456\u0441","description":"","publisher":{"@id":"https:\/\/qtmm.org\/qt\/#organization"},"potentialAction":[{"@type":"SearchAction","target":{"@type":"EntryPoint","urlTemplate":"https:\/\/qtmm.org\/qt\/?s={search_term_string}"},"query-input":{"@type":"PropertyValueSpecification","valueRequired":true,"valueName":"search_term_string"}}],"inLanguage":"qt"},{"@type":"Organization","@id":"https:\/\/qtmm.org\/qt\/#organization","name":"\u041c\u0435\u0434\u0436\u043b\u0456\u0441","url":"https:\/\/qtmm.org\/qt\/","logo":{"@type":"ImageObject","inLanguage":"qt","@id":"https:\/\/qtmm.org\/qt\/#\/schema\/logo\/image\/","url":"https:\/\/qtmm.org\/wp-content\/uploads\/2024\/12\/ua-mejlis-logo-rgb.svg","contentUrl":"https:\/\/qtmm.org\/wp-content\/uploads\/2024\/12\/ua-mejlis-logo-rgb.svg","caption":"\u041c\u0435\u0434\u0436\u043b\u0456\u0441"},"image":{"@id":"https:\/\/qtmm.org\/qt\/#\/schema\/logo\/image\/"},"sameAs":["https:\/\/www.facebook.com\/qtmm.info\/"]},{"@type":"Person","@id":"https:\/\/qtmm.org\/qt\/#\/schema\/person\/de562469f971dec226ac06e60bbf74a7","name":"Developer","image":{"@type":"ImageObject","inLanguage":"qt","@id":"https:\/\/secure.gravatar.com\/avatar\/392b4cc8fbfeb00b39dfeeab4ee6edded39ffd48e25858637e4765810300227e?s=96&d=mm&r=g","url":"https:\/\/secure.gravatar.com\/avatar\/392b4cc8fbfeb00b39dfeeab4ee6edded39ffd48e25858637e4765810300227e?s=96&d=mm&r=g","contentUrl":"https:\/\/secure.gravatar.com\/avatar\/392b4cc8fbfeb00b39dfeeab4ee6edded39ffd48e25858637e4765810300227e?s=96&d=mm&r=g","caption":"Developer"},"url":"https:\/\/qtmm.org\/qt\/author\/Developer\/"}]}},"_links":{"self":[{"href":"https:\/\/qtmm.org\/qt\/wp-json\/wp\/v2\/posts\/42939","targetHints":{"allow":["GET"]}}],"collection":[{"href":"https:\/\/qtmm.org\/qt\/wp-json\/wp\/v2\/posts"}],"about":[{"href":"https:\/\/qtmm.org\/qt\/wp-json\/wp\/v2\/types\/post"}],"author":[{"embeddable":true,"href":"https:\/\/qtmm.org\/qt\/wp-json\/wp\/v2\/users\/1"}],"replies":[{"embeddable":true,"href":"https:\/\/qtmm.org\/qt\/wp-json\/wp\/v2\/comments?post=42939"}],"version-history":[{"count":1,"href":"https:\/\/qtmm.org\/qt\/wp-json\/wp\/v2\/posts\/42939\/revisions"}],"predecessor-version":[{"id":42960,"href":"https:\/\/qtmm.org\/qt\/wp-json\/wp\/v2\/posts\/42939\/revisions\/42960"}],"wp:attachment":[{"href":"https:\/\/qtmm.org\/qt\/wp-json\/wp\/v2\/media?parent=42939"}],"wp:term":[{"taxonomy":"category","embeddable":true,"href":"https:\/\/qtmm.org\/qt\/wp-json\/wp\/v2\/categories?post=42939"},{"taxonomy":"post_tag","embeddable":true,"href":"https:\/\/qtmm.org\/qt\/wp-json\/wp\/v2\/tags?post=42939"}],"curies":[{"name":"wp","href":"https:\/\/api.w.org\/{rel}","templated":true}]}}