




{"id":42931,"date":"2014-01-30T17:26:00","date_gmt":"2014-01-30T14:26:00","guid":{"rendered":"http:\/\/qtmm.org\/?p=42931"},"modified":"2022-01-27T17:27:05","modified_gmt":"2022-01-27T14:27:05","slug":"yanvar-30-kunu-tisqi-iqtisadiy-alaqalar-yatirim-ve-milliy-iqtisadiyat-idaresinin-toplasuvi-olip-kecti","status":"publish","type":"post","link":"https:\/\/qtmm.org\/qt\/yanvar-30-kunu-tisqi-iqtisadiy-alaqalar-yatirim-ve-milliy-iqtisadiyat-idaresinin-toplasuvi-olip-kecti\/","title":{"rendered":"Yanvar 30 k\u00fcn\u00fc T\u0131\u015fq\u0131 iqtisadiy al\u00e2qalar, yat\u0131r\u0131m ve milliy iqtisadiyat idaresini\u00f1 topla\u015fuv\u0131 ol\u0131p ke\u00e7ti"},"content":{"rendered":"\n<p>Topla\u015fuvda \u0130dare ve yetek\u00e7i b\u00f6l\u00fckler i\u015fini\u00f1 y\u00f6neli\u015fine k\u00f6re faaliyetini\u00f1 plan\u0131n\u0131 tasliqlav meseleleri baq\u0131ld\u0131. Bug\u00fcnde-bug\u00fcn idarede q\u0131r\u0131mtatarlar iqtisadiy inki\u015faf\u0131n\u0131\u00f1 strategiyas\u0131 i\u015flenip, bu i\u015fke regional ekspert ve m\u00fctehass\u0131slar celp etildi.<br><br>\u0130dareni\u00f1 ba\u015f\u0131 Aslan \u00d6mer K\u0131r\u0131ml\u0131 qayd etti ki, bu meselelernen bir s\u0131rada idare faaliyetinde halqara ortaql\u0131qqa m\u00fcim emiyet berile. O\u00f1a Meclisni\u00f1 halqara te\u015fkil\u00e2tlar, memleket ve halqara biznes ile emekda\u015fl\u0131q leyhalar\u0131n\u0131\u00f1 amelge ke\u00e7irilmesi kire.<\/p>\n\n\n\n<p>Aslan \u00d6mer K\u0131r\u0131ml\u0131n\u0131\u00f1 Litvaniya, Birle\u015fken Arap Emirlikleri, Bel\u00e7ika ve Almaniya\u011fa i\u015f ziyaretleri, Avropa forum\u0131nda i\u015ftiraki ve Avropa Birligini\u00f1 iqtisadiy meseleler boyunca vekilleri, Avropa i\u015f daireleri vekillerinen k\u00f6r\u00fc\u015f\u00fcvleri bu y\u00f6neli\u015fte yap\u0131l\u011fan birinci ad\u0131mlar old\u0131.<\/p>\n\n\n\n<p>K\u00f6r\u00fc\u015f\u00fcvde biznes vekillerini\u00f1 Q\u0131r\u0131m ve Ukraina devlet akimiyeti organlar\u0131nen dialog qurmaq meselesine ayr\u0131ca diqqat etildi.<br><br>K\u00f6r\u00fc\u015f\u00fcv neticeleri boyunca \u0130dareni\u00f1 \u00fc\u00e7 b\u00f6l\u00fcgi meydan\u011fa ketirildi:<br><br>&#8211; halqara emekda\u015fl\u0131q b\u00f6l\u00fcgi;<\/p>\n\n\n\n<p>&#8211; iqtisadiyat inki\u015faf\u0131 b\u00f6l\u00fcgi \u2013 b\u00f6l\u00fck faaliyeti \u00e7er\u00e7ivesinde ki\u00e7ik ve orta biznes inki\u015faf\u0131 ve qoltutuv merkezi tesis etildi. Merkez koordinator\u0131 6 \u00e7a\u011f\u0131r\u0131l\u0131\u015f Qurultay\u0131n\u0131\u00f1 delegat\u0131 Server Abibulayev;<\/p>\n\n\n\n<p>&#8211; akimiyet organlar\u0131nen i\u015fbirlik b\u00f6l\u00fcgi &#8211; b\u00f6l\u00fckni\u00f1 ba\u015f\u0131 olaraq Meclis azas\u0131 Remzi \u0130lyasov tayinlendi.<\/p>\n","protected":false},"excerpt":{"rendered":"<p>Topla\u015fuvda \u0130dare ve yetek\u00e7i b\u00f6l\u00fckler i\u015fini\u00f1 y\u00f6neli\u015fine k\u00f6re faaliyetini\u00f1 plan\u0131n\u0131 tasliqlav meseleleri baq\u0131ld\u0131. Bug\u00fcnde-bug\u00fcn idarede q\u0131r\u0131mtatarlar iqtisadiy inki\u015faf\u0131n\u0131\u00f1 strategiyas\u0131 i\u015flenip, bu i\u015fke regional ekspert ve m\u00fctehass\u0131slar celp etildi. \u0130dareni\u00f1 ba\u015f\u0131 Aslan \u00d6mer K\u0131r\u0131ml\u0131 qayd etti ki, bu meselelernen bir s\u0131rada idare faaliyetinde halqara ortaql\u0131qqa m\u00fcim emiyet berile. O\u00f1a Meclisni\u00f1 halqara te\u015fkil\u00e2tlar, memleket ve halqara biznes [&hellip;]<\/p>\n","protected":false},"author":1,"featured_media":42932,"comment_status":"open","ping_status":"open","sticky":false,"template":"","format":"standard","meta":{"inline_featured_image":false,"footnotes":""},"categories":[265],"tags":[],"class_list":["post-42931","post","type-post","status-publish","format-standard","has-post-thumbnail","hentry","category-haberler"],"acf":[],"yoast_head":"<!-- This site is optimized with the Yoast SEO plugin v27.4 - https:\/\/yoast.com\/product\/yoast-seo-wordpress\/ -->\n<title>Yanvar 30 k\u00fcn\u00fc T\u0131\u015fq\u0131 iqtisadiy al\u00e2qalar, yat\u0131r\u0131m ve milliy iqtisadiyat idaresini\u00f1 topla\u015fuv\u0131 ol\u0131p ke\u00e7ti - \u041c\u0435\u0434\u0436\u043b\u0456\u0441<\/title>\n<meta name=\"robots\" content=\"index, follow, max-snippet:-1, max-image-preview:large, max-video-preview:-1\" \/>\n<link rel=\"canonical\" href=\"https:\/\/qtmm.org\/qt\/yanvar-30-kunu-tisqi-iqtisadiy-alaqalar-yatirim-ve-milliy-iqtisadiyat-idaresinin-toplasuvi-olip-kecti\/\" \/>\n<meta property=\"og:locale\" content=\"en_US\" \/>\n<meta property=\"og:type\" content=\"article\" \/>\n<meta property=\"og:title\" content=\"Yanvar 30 k\u00fcn\u00fc T\u0131\u015fq\u0131 iqtisadiy al\u00e2qalar, yat\u0131r\u0131m ve milliy iqtisadiyat idaresini\u00f1 topla\u015fuv\u0131 ol\u0131p ke\u00e7ti - \u041c\u0435\u0434\u0436\u043b\u0456\u0441\" \/>\n<meta property=\"og:description\" content=\"Topla\u015fuvda \u0130dare ve yetek\u00e7i b\u00f6l\u00fckler i\u015fini\u00f1 y\u00f6neli\u015fine k\u00f6re faaliyetini\u00f1 plan\u0131n\u0131 tasliqlav meseleleri baq\u0131ld\u0131. Bug\u00fcnde-bug\u00fcn idarede q\u0131r\u0131mtatarlar iqtisadiy inki\u015faf\u0131n\u0131\u00f1 strategiyas\u0131 i\u015flenip, bu i\u015fke regional ekspert ve m\u00fctehass\u0131slar celp etildi. \u0130dareni\u00f1 ba\u015f\u0131 Aslan \u00d6mer K\u0131r\u0131ml\u0131 qayd etti ki, bu meselelernen bir s\u0131rada idare faaliyetinde halqara ortaql\u0131qqa m\u00fcim emiyet berile. O\u00f1a Meclisni\u00f1 halqara te\u015fkil\u00e2tlar, memleket ve halqara biznes [&hellip;]\" \/>\n<meta property=\"og:url\" content=\"https:\/\/qtmm.org\/qt\/yanvar-30-kunu-tisqi-iqtisadiy-alaqalar-yatirim-ve-milliy-iqtisadiyat-idaresinin-toplasuvi-olip-kecti\/\" \/>\n<meta property=\"og:site_name\" content=\"\u041c\u0435\u0434\u0436\u043b\u0456\u0441\" \/>\n<meta property=\"article:publisher\" content=\"https:\/\/www.facebook.com\/qtmm.info\/\" \/>\n<meta property=\"article:published_time\" content=\"2014-01-30T14:26:00+00:00\" \/>\n<meta property=\"article:modified_time\" content=\"2022-01-27T14:27:05+00:00\" \/>\n<meta property=\"og:image\" content=\"https:\/\/qtmm.org\/wp-content\/uploads\/2022\/01\/zasedaniye_30_1.01.jpg\" \/>\n\t<meta property=\"og:image:width\" content=\"650\" \/>\n\t<meta property=\"og:image:height\" content=\"398\" \/>\n\t<meta property=\"og:image:type\" content=\"image\/jpeg\" \/>\n<meta name=\"author\" content=\"Developer\" \/>\n<meta name=\"twitter:card\" content=\"summary_large_image\" \/>\n<meta name=\"twitter:label1\" content=\"Written by\" \/>\n\t<meta name=\"twitter:data1\" content=\"Developer\" \/>\n\t<meta name=\"twitter:label2\" content=\"Est. reading time\" \/>\n\t<meta name=\"twitter:data2\" content=\"1 minute\" \/>\n<script type=\"application\/ld+json\" class=\"yoast-schema-graph\">{\"@context\":\"https:\\\/\\\/schema.org\",\"@graph\":[{\"@type\":\"Article\",\"@id\":\"https:\\\/\\\/qtmm.org\\\/qt\\\/yanvar-30-kunu-tisqi-iqtisadiy-alaqalar-yatirim-ve-milliy-iqtisadiyat-idaresinin-toplasuvi-olip-kecti\\\/#article\",\"isPartOf\":{\"@id\":\"https:\\\/\\\/qtmm.org\\\/qt\\\/yanvar-30-kunu-tisqi-iqtisadiy-alaqalar-yatirim-ve-milliy-iqtisadiyat-idaresinin-toplasuvi-olip-kecti\\\/\"},\"author\":{\"name\":\"Developer\",\"@id\":\"https:\\\/\\\/qtmm.org\\\/qt\\\/#\\\/schema\\\/person\\\/de562469f971dec226ac06e60bbf74a7\"},\"headline\":\"Yanvar 30 k\u00fcn\u00fc T\u0131\u015fq\u0131 iqtisadiy al\u00e2qalar, yat\u0131r\u0131m ve milliy iqtisadiyat idaresini\u00f1 topla\u015fuv\u0131 ol\u0131p ke\u00e7ti\",\"datePublished\":\"2014-01-30T14:26:00+00:00\",\"dateModified\":\"2022-01-27T14:27:05+00:00\",\"mainEntityOfPage\":{\"@id\":\"https:\\\/\\\/qtmm.org\\\/qt\\\/yanvar-30-kunu-tisqi-iqtisadiy-alaqalar-yatirim-ve-milliy-iqtisadiyat-idaresinin-toplasuvi-olip-kecti\\\/\"},\"wordCount\":258,\"commentCount\":0,\"publisher\":{\"@id\":\"https:\\\/\\\/qtmm.org\\\/qt\\\/#organization\"},\"image\":{\"@id\":\"https:\\\/\\\/qtmm.org\\\/qt\\\/yanvar-30-kunu-tisqi-iqtisadiy-alaqalar-yatirim-ve-milliy-iqtisadiyat-idaresinin-toplasuvi-olip-kecti\\\/#primaryimage\"},\"thumbnailUrl\":\"https:\\\/\\\/qtmm.org\\\/wp-content\\\/uploads\\\/2022\\\/01\\\/zasedaniye_30_1.01.jpg\",\"articleSection\":[\"Haberler\"],\"inLanguage\":\"qt\",\"potentialAction\":[{\"@type\":\"CommentAction\",\"name\":\"Comment\",\"target\":[\"https:\\\/\\\/qtmm.org\\\/qt\\\/yanvar-30-kunu-tisqi-iqtisadiy-alaqalar-yatirim-ve-milliy-iqtisadiyat-idaresinin-toplasuvi-olip-kecti\\\/#respond\"]}]},{\"@type\":\"WebPage\",\"@id\":\"https:\\\/\\\/qtmm.org\\\/qt\\\/yanvar-30-kunu-tisqi-iqtisadiy-alaqalar-yatirim-ve-milliy-iqtisadiyat-idaresinin-toplasuvi-olip-kecti\\\/\",\"url\":\"https:\\\/\\\/qtmm.org\\\/qt\\\/yanvar-30-kunu-tisqi-iqtisadiy-alaqalar-yatirim-ve-milliy-iqtisadiyat-idaresinin-toplasuvi-olip-kecti\\\/\",\"name\":\"Yanvar 30 k\u00fcn\u00fc T\u0131\u015fq\u0131 iqtisadiy al\u00e2qalar, yat\u0131r\u0131m ve milliy iqtisadiyat idaresini\u00f1 topla\u015fuv\u0131 ol\u0131p ke\u00e7ti - \u041c\u0435\u0434\u0436\u043b\u0456\u0441\",\"isPartOf\":{\"@id\":\"https:\\\/\\\/qtmm.org\\\/qt\\\/#website\"},\"primaryImageOfPage\":{\"@id\":\"https:\\\/\\\/qtmm.org\\\/qt\\\/yanvar-30-kunu-tisqi-iqtisadiy-alaqalar-yatirim-ve-milliy-iqtisadiyat-idaresinin-toplasuvi-olip-kecti\\\/#primaryimage\"},\"image\":{\"@id\":\"https:\\\/\\\/qtmm.org\\\/qt\\\/yanvar-30-kunu-tisqi-iqtisadiy-alaqalar-yatirim-ve-milliy-iqtisadiyat-idaresinin-toplasuvi-olip-kecti\\\/#primaryimage\"},\"thumbnailUrl\":\"https:\\\/\\\/qtmm.org\\\/wp-content\\\/uploads\\\/2022\\\/01\\\/zasedaniye_30_1.01.jpg\",\"datePublished\":\"2014-01-30T14:26:00+00:00\",\"dateModified\":\"2022-01-27T14:27:05+00:00\",\"breadcrumb\":{\"@id\":\"https:\\\/\\\/qtmm.org\\\/qt\\\/yanvar-30-kunu-tisqi-iqtisadiy-alaqalar-yatirim-ve-milliy-iqtisadiyat-idaresinin-toplasuvi-olip-kecti\\\/#breadcrumb\"},\"inLanguage\":\"qt\",\"potentialAction\":[{\"@type\":\"ReadAction\",\"target\":[\"https:\\\/\\\/qtmm.org\\\/qt\\\/yanvar-30-kunu-tisqi-iqtisadiy-alaqalar-yatirim-ve-milliy-iqtisadiyat-idaresinin-toplasuvi-olip-kecti\\\/\"]}]},{\"@type\":\"ImageObject\",\"inLanguage\":\"qt\",\"@id\":\"https:\\\/\\\/qtmm.org\\\/qt\\\/yanvar-30-kunu-tisqi-iqtisadiy-alaqalar-yatirim-ve-milliy-iqtisadiyat-idaresinin-toplasuvi-olip-kecti\\\/#primaryimage\",\"url\":\"https:\\\/\\\/qtmm.org\\\/wp-content\\\/uploads\\\/2022\\\/01\\\/zasedaniye_30_1.01.jpg\",\"contentUrl\":\"https:\\\/\\\/qtmm.org\\\/wp-content\\\/uploads\\\/2022\\\/01\\\/zasedaniye_30_1.01.jpg\",\"width\":650,\"height\":398},{\"@type\":\"BreadcrumbList\",\"@id\":\"https:\\\/\\\/qtmm.org\\\/qt\\\/yanvar-30-kunu-tisqi-iqtisadiy-alaqalar-yatirim-ve-milliy-iqtisadiyat-idaresinin-toplasuvi-olip-kecti\\\/#breadcrumb\",\"itemListElement\":[{\"@type\":\"ListItem\",\"position\":1,\"name\":\"\u0413\u043e\u043b\u043e\u0432\u043d\u0430\",\"item\":\"https:\\\/\\\/qtmm.org\\\/qt\\\/\"},{\"@type\":\"ListItem\",\"position\":2,\"name\":\"Yanvar 30 k\u00fcn\u00fc T\u0131\u015fq\u0131 iqtisadiy al\u00e2qalar, yat\u0131r\u0131m ve milliy iqtisadiyat idaresini\u00f1 topla\u015fuv\u0131 ol\u0131p ke\u00e7ti\"}]},{\"@type\":\"WebSite\",\"@id\":\"https:\\\/\\\/qtmm.org\\\/qt\\\/#website\",\"url\":\"https:\\\/\\\/qtmm.org\\\/qt\\\/\",\"name\":\"\u041c\u0435\u0434\u0436\u043b\u0456\u0441\",\"description\":\"\",\"publisher\":{\"@id\":\"https:\\\/\\\/qtmm.org\\\/qt\\\/#organization\"},\"potentialAction\":[{\"@type\":\"SearchAction\",\"target\":{\"@type\":\"EntryPoint\",\"urlTemplate\":\"https:\\\/\\\/qtmm.org\\\/qt\\\/?s={search_term_string}\"},\"query-input\":{\"@type\":\"PropertyValueSpecification\",\"valueRequired\":true,\"valueName\":\"search_term_string\"}}],\"inLanguage\":\"qt\"},{\"@type\":\"Organization\",\"@id\":\"https:\\\/\\\/qtmm.org\\\/qt\\\/#organization\",\"name\":\"\u041c\u0435\u0434\u0436\u043b\u0456\u0441\",\"url\":\"https:\\\/\\\/qtmm.org\\\/qt\\\/\",\"logo\":{\"@type\":\"ImageObject\",\"inLanguage\":\"qt\",\"@id\":\"https:\\\/\\\/qtmm.org\\\/qt\\\/#\\\/schema\\\/logo\\\/image\\\/\",\"url\":\"https:\\\/\\\/qtmm.org\\\/wp-content\\\/uploads\\\/2024\\\/12\\\/ua-mejlis-logo-rgb.svg\",\"contentUrl\":\"https:\\\/\\\/qtmm.org\\\/wp-content\\\/uploads\\\/2024\\\/12\\\/ua-mejlis-logo-rgb.svg\",\"caption\":\"\u041c\u0435\u0434\u0436\u043b\u0456\u0441\"},\"image\":{\"@id\":\"https:\\\/\\\/qtmm.org\\\/qt\\\/#\\\/schema\\\/logo\\\/image\\\/\"},\"sameAs\":[\"https:\\\/\\\/www.facebook.com\\\/qtmm.info\\\/\"]},{\"@type\":\"Person\",\"@id\":\"https:\\\/\\\/qtmm.org\\\/qt\\\/#\\\/schema\\\/person\\\/de562469f971dec226ac06e60bbf74a7\",\"name\":\"Developer\",\"image\":{\"@type\":\"ImageObject\",\"inLanguage\":\"qt\",\"@id\":\"https:\\\/\\\/secure.gravatar.com\\\/avatar\\\/392b4cc8fbfeb00b39dfeeab4ee6edded39ffd48e25858637e4765810300227e?s=96&d=mm&r=g\",\"url\":\"https:\\\/\\\/secure.gravatar.com\\\/avatar\\\/392b4cc8fbfeb00b39dfeeab4ee6edded39ffd48e25858637e4765810300227e?s=96&d=mm&r=g\",\"contentUrl\":\"https:\\\/\\\/secure.gravatar.com\\\/avatar\\\/392b4cc8fbfeb00b39dfeeab4ee6edded39ffd48e25858637e4765810300227e?s=96&d=mm&r=g\",\"caption\":\"Developer\"},\"url\":\"https:\\\/\\\/qtmm.org\\\/qt\\\/author\\\/Developer\\\/\"}]}<\/script>\n<!-- \/ Yoast SEO plugin. -->","yoast_head_json":{"title":"Yanvar 30 k\u00fcn\u00fc T\u0131\u015fq\u0131 iqtisadiy al\u00e2qalar, yat\u0131r\u0131m ve milliy iqtisadiyat idaresini\u00f1 topla\u015fuv\u0131 ol\u0131p ke\u00e7ti - \u041c\u0435\u0434\u0436\u043b\u0456\u0441","robots":{"index":"index","follow":"follow","max-snippet":"max-snippet:-1","max-image-preview":"max-image-preview:large","max-video-preview":"max-video-preview:-1"},"canonical":"https:\/\/qtmm.org\/qt\/yanvar-30-kunu-tisqi-iqtisadiy-alaqalar-yatirim-ve-milliy-iqtisadiyat-idaresinin-toplasuvi-olip-kecti\/","og_locale":"en_US","og_type":"article","og_title":"Yanvar 30 k\u00fcn\u00fc T\u0131\u015fq\u0131 iqtisadiy al\u00e2qalar, yat\u0131r\u0131m ve milliy iqtisadiyat idaresini\u00f1 topla\u015fuv\u0131 ol\u0131p ke\u00e7ti - \u041c\u0435\u0434\u0436\u043b\u0456\u0441","og_description":"Topla\u015fuvda \u0130dare ve yetek\u00e7i b\u00f6l\u00fckler i\u015fini\u00f1 y\u00f6neli\u015fine k\u00f6re faaliyetini\u00f1 plan\u0131n\u0131 tasliqlav meseleleri baq\u0131ld\u0131. Bug\u00fcnde-bug\u00fcn idarede q\u0131r\u0131mtatarlar iqtisadiy inki\u015faf\u0131n\u0131\u00f1 strategiyas\u0131 i\u015flenip, bu i\u015fke regional ekspert ve m\u00fctehass\u0131slar celp etildi. \u0130dareni\u00f1 ba\u015f\u0131 Aslan \u00d6mer K\u0131r\u0131ml\u0131 qayd etti ki, bu meselelernen bir s\u0131rada idare faaliyetinde halqara ortaql\u0131qqa m\u00fcim emiyet berile. O\u00f1a Meclisni\u00f1 halqara te\u015fkil\u00e2tlar, memleket ve halqara biznes [&hellip;]","og_url":"https:\/\/qtmm.org\/qt\/yanvar-30-kunu-tisqi-iqtisadiy-alaqalar-yatirim-ve-milliy-iqtisadiyat-idaresinin-toplasuvi-olip-kecti\/","og_site_name":"\u041c\u0435\u0434\u0436\u043b\u0456\u0441","article_publisher":"https:\/\/www.facebook.com\/qtmm.info\/","article_published_time":"2014-01-30T14:26:00+00:00","article_modified_time":"2022-01-27T14:27:05+00:00","og_image":[{"width":650,"height":398,"url":"https:\/\/qtmm.org\/wp-content\/uploads\/2022\/01\/zasedaniye_30_1.01.jpg","type":"image\/jpeg"}],"author":"Developer","twitter_card":"summary_large_image","twitter_misc":{"Written by":"Developer","Est. reading time":"1 minute"},"schema":{"@context":"https:\/\/schema.org","@graph":[{"@type":"Article","@id":"https:\/\/qtmm.org\/qt\/yanvar-30-kunu-tisqi-iqtisadiy-alaqalar-yatirim-ve-milliy-iqtisadiyat-idaresinin-toplasuvi-olip-kecti\/#article","isPartOf":{"@id":"https:\/\/qtmm.org\/qt\/yanvar-30-kunu-tisqi-iqtisadiy-alaqalar-yatirim-ve-milliy-iqtisadiyat-idaresinin-toplasuvi-olip-kecti\/"},"author":{"name":"Developer","@id":"https:\/\/qtmm.org\/qt\/#\/schema\/person\/de562469f971dec226ac06e60bbf74a7"},"headline":"Yanvar 30 k\u00fcn\u00fc T\u0131\u015fq\u0131 iqtisadiy al\u00e2qalar, yat\u0131r\u0131m ve milliy iqtisadiyat idaresini\u00f1 topla\u015fuv\u0131 ol\u0131p ke\u00e7ti","datePublished":"2014-01-30T14:26:00+00:00","dateModified":"2022-01-27T14:27:05+00:00","mainEntityOfPage":{"@id":"https:\/\/qtmm.org\/qt\/yanvar-30-kunu-tisqi-iqtisadiy-alaqalar-yatirim-ve-milliy-iqtisadiyat-idaresinin-toplasuvi-olip-kecti\/"},"wordCount":258,"commentCount":0,"publisher":{"@id":"https:\/\/qtmm.org\/qt\/#organization"},"image":{"@id":"https:\/\/qtmm.org\/qt\/yanvar-30-kunu-tisqi-iqtisadiy-alaqalar-yatirim-ve-milliy-iqtisadiyat-idaresinin-toplasuvi-olip-kecti\/#primaryimage"},"thumbnailUrl":"https:\/\/qtmm.org\/wp-content\/uploads\/2022\/01\/zasedaniye_30_1.01.jpg","articleSection":["Haberler"],"inLanguage":"qt","potentialAction":[{"@type":"CommentAction","name":"Comment","target":["https:\/\/qtmm.org\/qt\/yanvar-30-kunu-tisqi-iqtisadiy-alaqalar-yatirim-ve-milliy-iqtisadiyat-idaresinin-toplasuvi-olip-kecti\/#respond"]}]},{"@type":"WebPage","@id":"https:\/\/qtmm.org\/qt\/yanvar-30-kunu-tisqi-iqtisadiy-alaqalar-yatirim-ve-milliy-iqtisadiyat-idaresinin-toplasuvi-olip-kecti\/","url":"https:\/\/qtmm.org\/qt\/yanvar-30-kunu-tisqi-iqtisadiy-alaqalar-yatirim-ve-milliy-iqtisadiyat-idaresinin-toplasuvi-olip-kecti\/","name":"Yanvar 30 k\u00fcn\u00fc T\u0131\u015fq\u0131 iqtisadiy al\u00e2qalar, yat\u0131r\u0131m ve milliy iqtisadiyat idaresini\u00f1 topla\u015fuv\u0131 ol\u0131p ke\u00e7ti - \u041c\u0435\u0434\u0436\u043b\u0456\u0441","isPartOf":{"@id":"https:\/\/qtmm.org\/qt\/#website"},"primaryImageOfPage":{"@id":"https:\/\/qtmm.org\/qt\/yanvar-30-kunu-tisqi-iqtisadiy-alaqalar-yatirim-ve-milliy-iqtisadiyat-idaresinin-toplasuvi-olip-kecti\/#primaryimage"},"image":{"@id":"https:\/\/qtmm.org\/qt\/yanvar-30-kunu-tisqi-iqtisadiy-alaqalar-yatirim-ve-milliy-iqtisadiyat-idaresinin-toplasuvi-olip-kecti\/#primaryimage"},"thumbnailUrl":"https:\/\/qtmm.org\/wp-content\/uploads\/2022\/01\/zasedaniye_30_1.01.jpg","datePublished":"2014-01-30T14:26:00+00:00","dateModified":"2022-01-27T14:27:05+00:00","breadcrumb":{"@id":"https:\/\/qtmm.org\/qt\/yanvar-30-kunu-tisqi-iqtisadiy-alaqalar-yatirim-ve-milliy-iqtisadiyat-idaresinin-toplasuvi-olip-kecti\/#breadcrumb"},"inLanguage":"qt","potentialAction":[{"@type":"ReadAction","target":["https:\/\/qtmm.org\/qt\/yanvar-30-kunu-tisqi-iqtisadiy-alaqalar-yatirim-ve-milliy-iqtisadiyat-idaresinin-toplasuvi-olip-kecti\/"]}]},{"@type":"ImageObject","inLanguage":"qt","@id":"https:\/\/qtmm.org\/qt\/yanvar-30-kunu-tisqi-iqtisadiy-alaqalar-yatirim-ve-milliy-iqtisadiyat-idaresinin-toplasuvi-olip-kecti\/#primaryimage","url":"https:\/\/qtmm.org\/wp-content\/uploads\/2022\/01\/zasedaniye_30_1.01.jpg","contentUrl":"https:\/\/qtmm.org\/wp-content\/uploads\/2022\/01\/zasedaniye_30_1.01.jpg","width":650,"height":398},{"@type":"BreadcrumbList","@id":"https:\/\/qtmm.org\/qt\/yanvar-30-kunu-tisqi-iqtisadiy-alaqalar-yatirim-ve-milliy-iqtisadiyat-idaresinin-toplasuvi-olip-kecti\/#breadcrumb","itemListElement":[{"@type":"ListItem","position":1,"name":"\u0413\u043e\u043b\u043e\u0432\u043d\u0430","item":"https:\/\/qtmm.org\/qt\/"},{"@type":"ListItem","position":2,"name":"Yanvar 30 k\u00fcn\u00fc T\u0131\u015fq\u0131 iqtisadiy al\u00e2qalar, yat\u0131r\u0131m ve milliy iqtisadiyat idaresini\u00f1 topla\u015fuv\u0131 ol\u0131p ke\u00e7ti"}]},{"@type":"WebSite","@id":"https:\/\/qtmm.org\/qt\/#website","url":"https:\/\/qtmm.org\/qt\/","name":"\u041c\u0435\u0434\u0436\u043b\u0456\u0441","description":"","publisher":{"@id":"https:\/\/qtmm.org\/qt\/#organization"},"potentialAction":[{"@type":"SearchAction","target":{"@type":"EntryPoint","urlTemplate":"https:\/\/qtmm.org\/qt\/?s={search_term_string}"},"query-input":{"@type":"PropertyValueSpecification","valueRequired":true,"valueName":"search_term_string"}}],"inLanguage":"qt"},{"@type":"Organization","@id":"https:\/\/qtmm.org\/qt\/#organization","name":"\u041c\u0435\u0434\u0436\u043b\u0456\u0441","url":"https:\/\/qtmm.org\/qt\/","logo":{"@type":"ImageObject","inLanguage":"qt","@id":"https:\/\/qtmm.org\/qt\/#\/schema\/logo\/image\/","url":"https:\/\/qtmm.org\/wp-content\/uploads\/2024\/12\/ua-mejlis-logo-rgb.svg","contentUrl":"https:\/\/qtmm.org\/wp-content\/uploads\/2024\/12\/ua-mejlis-logo-rgb.svg","caption":"\u041c\u0435\u0434\u0436\u043b\u0456\u0441"},"image":{"@id":"https:\/\/qtmm.org\/qt\/#\/schema\/logo\/image\/"},"sameAs":["https:\/\/www.facebook.com\/qtmm.info\/"]},{"@type":"Person","@id":"https:\/\/qtmm.org\/qt\/#\/schema\/person\/de562469f971dec226ac06e60bbf74a7","name":"Developer","image":{"@type":"ImageObject","inLanguage":"qt","@id":"https:\/\/secure.gravatar.com\/avatar\/392b4cc8fbfeb00b39dfeeab4ee6edded39ffd48e25858637e4765810300227e?s=96&d=mm&r=g","url":"https:\/\/secure.gravatar.com\/avatar\/392b4cc8fbfeb00b39dfeeab4ee6edded39ffd48e25858637e4765810300227e?s=96&d=mm&r=g","contentUrl":"https:\/\/secure.gravatar.com\/avatar\/392b4cc8fbfeb00b39dfeeab4ee6edded39ffd48e25858637e4765810300227e?s=96&d=mm&r=g","caption":"Developer"},"url":"https:\/\/qtmm.org\/qt\/author\/Developer\/"}]}},"_links":{"self":[{"href":"https:\/\/qtmm.org\/qt\/wp-json\/wp\/v2\/posts\/42931","targetHints":{"allow":["GET"]}}],"collection":[{"href":"https:\/\/qtmm.org\/qt\/wp-json\/wp\/v2\/posts"}],"about":[{"href":"https:\/\/qtmm.org\/qt\/wp-json\/wp\/v2\/types\/post"}],"author":[{"embeddable":true,"href":"https:\/\/qtmm.org\/qt\/wp-json\/wp\/v2\/users\/1"}],"replies":[{"embeddable":true,"href":"https:\/\/qtmm.org\/qt\/wp-json\/wp\/v2\/comments?post=42931"}],"version-history":[{"count":1,"href":"https:\/\/qtmm.org\/qt\/wp-json\/wp\/v2\/posts\/42931\/revisions"}],"predecessor-version":[{"id":42936,"href":"https:\/\/qtmm.org\/qt\/wp-json\/wp\/v2\/posts\/42931\/revisions\/42936"}],"wp:featuredmedia":[{"embeddable":true,"href":"https:\/\/qtmm.org\/qt\/wp-json\/wp\/v2\/media\/42932"}],"wp:attachment":[{"href":"https:\/\/qtmm.org\/qt\/wp-json\/wp\/v2\/media?parent=42931"}],"wp:term":[{"taxonomy":"category","embeddable":true,"href":"https:\/\/qtmm.org\/qt\/wp-json\/wp\/v2\/categories?post=42931"},{"taxonomy":"post_tag","embeddable":true,"href":"https:\/\/qtmm.org\/qt\/wp-json\/wp\/v2\/tags?post=42931"}],"curies":[{"name":"wp","href":"https:\/\/api.w.org\/{rel}","templated":true}]}}