




{"id":42909,"date":"2014-01-28T17:21:00","date_gmt":"2014-01-28T14:21:00","guid":{"rendered":"http:\/\/qtmm.org\/?p=42909"},"modified":"2022-01-27T17:24:11","modified_gmt":"2022-01-27T14:24:11","slug":"aqmescitte-ukrainada-diktatura-qurulmasina-qarsi-butunqirim-mitingi-otkerildi","status":"publish","type":"post","link":"https:\/\/qtmm.org\/qt\/aqmescitte-ukrainada-diktatura-qurulmasina-qarsi-butunqirim-mitingi-otkerildi\/","title":{"rendered":"Aqmescitte Ukrainada diktatura qurulmas\u0131na qar\u015f\u0131 B\u00fct\u00fcnq\u0131r\u0131m mitingi \u00f6tkerildi"},"content":{"rendered":"\n<p>28 yanvar k\u00fcn\u00fc Ukraina Prezidentini\u00f1 Q\u0131r\u0131mdaki Daimiy temsilciligi ofisini\u00f1 yan\u0131nda Ukrainada diktatura qurulmas\u0131na qar\u015f\u0131 Milliy Meclis taraf\u0131ndan te\u015fkil\u00e2tland\u0131r\u0131l\u011fan B\u00fct\u00fcnq\u0131r\u0131m mitingi \u00f6tkerildi. \u00c7e\u015fit millet ve dinlerge mens\u00fcp 3000 yaq\u0131n insan memleketteki siyasiy-i\u00e7timaiy siyaset boyunca \u00f6z fikirini bildirmek i\u00e7\u00fcn keldi. Mitingge Q\u0131r\u0131mdaki Yevromaydan i\u015ftirak\u00e7ileri de qoltutt\u0131lar.<\/p>\n\n\n\n<p>Miting i\u015ftirak\u00e7ileri &#8220;Ukraina Yevrointegratsiyas\u0131na ebet!&#8221;, &#8220;Aq\u0131lnen i\u015f k\u00f6r\u00fc\u00f1iz!&#8221;, &#8220;16 yanvar diktatorl\u0131q qanunlar\u0131 l\u00e2\u011fu etilsin!&#8221;, &#8220;Q\u0131r\u0131mtatarlarn\u0131\u00f1 aqlar\u0131 \u011fayr\u0131dan tiklenilsin!&#8221;, &#8220;Ukraina yevrointegratsiyas\u0131na qoltutam\u0131z&#8221; \u015fiarlar\u0131 ile turd\u0131lar.<\/p>\n\n\n\n<p>Miting ukrain devlet ve q\u0131r\u0131mtatar milliy gimnlerinden ba\u015fland\u0131. So\u00f1ra Kiyev partiarhat\u0131 Ukraina pravoslav kilsesini\u00f1 papaz\u0131 Vladimir ve Q\u0131r\u0131m musulmanlar\u0131n\u0131\u00f1 m\u00fcftiyi ac\u0131 Emirali Ablayev Ukrainada bar\u0131\u015f\u0131q i\u00e7\u00fcn, Ukrainada demokratiyas\u0131 i\u00e7\u00fcn t\u0131n\u00e7 aktsiyas\u0131 el\u00e2k ol\u011fan i\u015ftirak\u00e7ilerini\u00f1 ruhuna dua oqud\u0131lar.<\/p>\n\n\n\n<p>&#8220;Say\u011f\u0131l\u0131 dostlar, q\u0131ymetli semetde\u015fler, bug\u00fcn Ukrainada pek a\u011f\u0131r bir vaziyet \u00fck\u00fcm s\u00fcrmekte, &#8211; dep ba\u015flad\u0131 \u00f6z \u00e7\u0131q\u0131\u015f\u0131n\u0131 Q\u0131r\u0131m musulmanlar\u0131n\u0131\u00f1 m\u00fcftiyi. \u2013 Bug\u00fcn Ukrainada insanlar biri-birini \u00f6ld\u00fcreler. Bek pek yaramay, bu\u00f1a nas\u0131l yol berilir? Bizim istegimiz \u2013 \u00f6z vatan\u0131m\u0131z, ukrain devletinde ya\u015famaq ve \u00e7al\u0131\u015fmaqt\u0131r.<\/p>\n\n\n\n<p>Emirali Ablayev er kesni qan t\u00f6k\u00fclmesini toqtatmaq ve birlikteki bar\u0131\u015f\u0131q \u00f6m\u00fcr i\u00e7\u00fcn sab\u0131rl\u0131 olma\u011fa \u00e7a\u011f\u0131rd\u0131.<\/p>\n\n\n\n<p>Meclis reisi Refat \u00c7ubarov \u00e7\u0131q\u0131\u015f\u0131n\u0131\u00f1 ba\u015f\u0131nda bu miting t\u0131n\u00e7 bir aktsiya ol\u011fan\u0131n\u0131 qayd etti.<\/p>\n\n\n\n<figure class=\"wp-block-image size-full\"><img loading=\"lazy\" decoding=\"async\" width=\"650\" height=\"319\" src=\"http:\/\/qtmm.org\/wp-content\/uploads\/2022\/01\/1_153.jpeg\" alt=\"\" class=\"wp-image-42914\" srcset=\"https:\/\/qtmm.org\/wp-content\/uploads\/2022\/01\/1_153.jpeg 650w, https:\/\/qtmm.org\/wp-content\/uploads\/2022\/01\/1_153-300x147.jpeg 300w\" sizes=\"auto, (max-width: 650px) 100vw, 650px\" \/><\/figure>\n\n\n\n<p>&#8220;Fesat \u00e7\u0131qmas\u0131n\u0131\u00f1 \u00f6g\u00fcni almaq maqsad\u0131nda, biz t\u00fcnevin miting ke\u00e7irilecek yerni de\u00f1i\u015ftirmege qarar berdik, &#8211; dedi Refat \u00c7ubarov. \u2013 Biz Ukraina qan t\u00f6k\u00fclmesi ve diktatura qurulmas\u0131n\u0131\u00f1 toqtat\u0131lmas\u0131n\u0131, yanvar 16-da al\u0131n\u011fan qararlarn\u0131\u00f1 l\u00e2\u011fu etilmesini, q\u0131r\u0131mtatar halq\u0131 aqlar\u0131n\u0131\u00f1 tiklenilmesini, Ukrainan\u0131\u00f1 territorial b\u00fct\u00fcnligi ve mustaqilligini\u00f1 saqlan\u0131p qalmas\u0131n\u0131 talap etemiz. Prezident ve akimiyet devletni\u00f1 t\u0131\u015fq\u0131 siyasiy y\u00f6neli\u015fini keskin de\u00f1i\u015ftirgeni ve yevrointegratsiyadan vazge\u00e7keni sebebinden qopqan siyasiy i\u00f1q\u0131raz cemiyet ve akimiyet aras\u0131nda a\u00e7\u0131q ve k\u00fc\u00e7 i\u015fletilgen \u00e7at\u0131\u015fma\u011fa al\u0131p keldi. Kiyevde ve Ukrainan\u0131\u00f1 diger vil\u00e2yetlerinde millionlarnen ukrainal\u0131larn\u0131\u00f1 eki ay devam etken naraz\u0131l\u0131q aktsiyalar\u0131, ukrainlerni\u00f1 eki ayl\u0131q beklentilerini akimiyet k\u00f6rmemezlikke ald\u0131, cemiyetnen a\u00e7\u0131q ve musaviy dialog etmek yerine akimiyet insann\u0131\u00f1 temeliy aqlar\u0131na \u00fcc\u00fcmge ke\u00e7ti&#8221;.<\/p>\n\n\n\n<p>Bun\u0131\u00f1 kibi de Meclis reisi \u015fun\u0131 qayd etti ki, diktatura\u011fa yol a\u00e7qan qanunlar l\u00e2\u011fu etilmek kerek, \u00e7\u00fcnki olar memleket Anayasas\u0131 ve Ukrainan\u0131\u00f1 halqara vazifelerine z\u0131tt\u0131r.<\/p>\n\n\n\n<p>&#8220;Kiyevdeki t\u0131n\u00e7 aktsiya i\u015ftirak\u00e7ileri ve \u0130\u00e7ki i\u015fler nazirligi ve i\u00e7ki qo\u015fun b\u00f6l\u00fcnmeleri aras\u0131ndaki \u00e7at\u0131\u015fmalarda insanlar el\u00e2k old\u0131, y\u00fczlernen qur\u015funnen yaraland\u0131lar. El\u00e2k ol\u011fanlarn\u0131\u00f1 yaq\u0131nlar\u0131 ve ailelerine taziye bildirerek, miting i\u015ftirak\u00e7ilerinden olarn\u0131\u00f1 hat\u0131ras\u0131n\u0131 bir daqqal\u0131q suk\u00fcnet ile a\u00f1malar\u0131n\u0131 rica etem&#8221;, &#8211; dedi Refat \u00c7ubarov.<\/p>\n\n\n\n<p>O, \u015fun\u0131 da qayd etti ki, memlekette zorbal\u0131qn\u0131 \u015fiddetle\u015ftirilmesini devam et\u00fcv diktatura ve basq\u0131\u011fa al\u0131p kelir. Bu ise, \u00c7ubarovn\u0131\u00f1 aytqan\u0131na k\u00f6re Ukraina, on\u0131\u00f1 milleti ve dinlerinden qatiy nazar fel\u00e2ket olabilir.<\/p>\n\n\n\n<figure class=\"wp-block-image size-full\"><img loading=\"lazy\" decoding=\"async\" width=\"650\" height=\"440\" src=\"http:\/\/qtmm.org\/wp-content\/uploads\/2022\/01\/3_120.jpeg\" alt=\"\" class=\"wp-image-42918\" srcset=\"https:\/\/qtmm.org\/wp-content\/uploads\/2022\/01\/3_120.jpeg 650w, https:\/\/qtmm.org\/wp-content\/uploads\/2022\/01\/3_120-300x203.jpeg 300w\" sizes=\"auto, (max-width: 650px) 100vw, 650px\" \/><\/figure>\n\n\n\n<p>&#8220;Cemiyet bu tel\u00fckeni sezgeni ve a\u00f1la\u011fan\u0131 akimiyet ba\u015f\u0131nda qalma\u011fa devam etkenlerni\u00f1, Ukrainan\u0131\u00f1 b\u00f6l\u00fcnmesini, Q\u0131r\u0131mn\u0131\u00f1 \u015fimaliy qom\u015fum\u0131z\u011fa qaytar\u0131lmas\u0131n\u0131 istemegenlerge basq\u0131 yapqanlarn\u0131\u00f1 ho\u015funa ketmey, &#8211; dedi Meclis reisi. \u2013 Cemiyetni u\u00e7ur\u0131m taba ep \u00fcyteklegenler aras\u0131nda Q\u0131r\u0131m Yuqar\u0131 \u015euras\u0131 deputatlar\u0131n\u0131\u00f1 baya\u011f\u0131 bir q\u0131sm\u0131 da bar. Do\u011frus\u0131n\u0131 s\u00f6ylesem, Q\u0131r\u0131m evinde indemez statistlerge \u00e7evrilgen Q\u0131r\u0131m Yuqar\u0131 \u015euras\u0131ndaki meslekde\u015flerimni ac\u0131y\u0131m&#8221;.<\/p>\n\n\n\n<p>Bun\u0131\u00f1 kibi de Refat \u00c7ubarov Q\u0131r\u0131m Yuqar\u0131 \u015euras\u0131 Prezidium\u0131n\u0131\u00f1 faaliyeti ayr\u0131ca bir mevzud\u0131r, \u00e7\u00fcnki olar qabul etken beyanatlar ukrain cemiyetini par\u00e7alay ve Ukrainan\u0131\u00f1 territorial b\u00fct\u00fcnligini\u00f1 bozulmas\u0131na do\u011frult\u0131l\u011fand\u0131r.<\/p>\n\n\n\n<p>\u00d6z \u00e7\u0131q\u0131\u015f\u0131nda Meclis reisi &#8220;Biz Ukraina Yuqar\u0131 \u015euras\u0131ndan ve \u00fck\u00fcmetni\u00f1 ya\u00f1\u0131 erk\u00e2n\u0131ndan \u00f6z vatan\u0131na qaytayatqan q\u0131r\u0131mtatarlarn\u0131 yerle\u015ftir\u00fcv programmas\u0131n\u0131\u00f1 finansirlenmesine de\u00f1i\u015fmeler kirsetilmesini talap etecekmiz&#8221;, dep qayd etti. \u00c7ubarov Ukraina \u00fck\u00fcmetinden Q\u0131r\u0131mtatar halq\u0131 meselesi boyunca halqara forum\u011fa qoltutmaq ve i\u015ftirak etmesini talap etecegini de bildirdi.<\/p>\n\n\n\n<figure class=\"wp-block-image size-full\"><img loading=\"lazy\" decoding=\"async\" width=\"650\" height=\"372\" src=\"http:\/\/qtmm.org\/wp-content\/uploads\/2022\/01\/2_155.jpeg\" alt=\"\" class=\"wp-image-42922\" srcset=\"https:\/\/qtmm.org\/wp-content\/uploads\/2022\/01\/2_155.jpeg 650w, https:\/\/qtmm.org\/wp-content\/uploads\/2022\/01\/2_155-300x172.jpeg 300w\" sizes=\"auto, (max-width: 650px) 100vw, 650px\" \/><\/figure>\n\n\n\n<p>&#8220;Biz ke\u00e7ken sene dekabr 19-da Aqmescitte Yevrokomissar \u015etefan F\u00fcle bildirgen yani Halqara forum 2014 senesi may\u0131s 18-ge qadar ke\u00e7irilmesi aqq\u0131ndaki pozitsiyas\u0131 amelge ke\u00e7irilmesini isteymiz&#8221;, &#8211; dedi Refat \u00c7ubarov.<\/p>\n\n\n\n<p>&#8220;Biz \u00f6yle bir cemiyetni \u015fekillendirmelimiz ki, on\u0131 i\u00e7 kimse qorqut\u0131p olamas\u0131n. Qorqaq cemiyetni idare etmek qolay. Q\u0131r\u0131m cemiyeti qorqaq ol\u011fan\u0131n\u0131 istemeymiz. Q\u0131r\u0131mtatarlar, ruslar ve ukrainler emin ad\u0131mla\u011fanlar\u0131n\u0131\u00f1 tarafdar\u0131m\u0131z, &#8211; dedi Refat \u00c7ubarov. \u2013 Bu mitingni, belki de ke\u00e7\u00e7e \u00f6tkermek kerek edi, amma Ukrainadaki vaziyet on\u0131\u00f1 ke\u00e7irilmesini talap etti. \u015eun\u0131\u00f1 i\u00e7\u00fcn de sizler Mecliske telefon a\u00e7\u0131p, pozitsiya\u00f1\u0131zn\u0131 bildirmek i\u00e7\u00fcn miting ke\u00e7irmemizni rica etti\u00f1iz&#8221;.<\/p>\n\n\n\n<p>Meclis reisi \u00f6z \u00e7\u0131q\u0131\u015f\u0131n\u0131 ya\u00f1\u0131 \u00e7a\u011fruvnen yek\u00fcnledi: &#8220;2014 senesi fevral 23-te \u2013 Q\u0131r\u0131m musulmanlar\u0131n\u0131\u00f1 birinci saylan\u011fan m\u00fcftiyi, Q\u0131r\u0131mtatar halq\u0131 Qurultay\u0131n\u0131\u00f1 te\u015fkil\u00e2t\u00e7\u0131lar\u0131ndan biri Noman \u00c7elebicihan \u00f6ld\u00fcrilgenini\u00f1 y\u0131ld\u00f6n\u00fcmidir. 1918 senesi fevral 23 k\u00fcn\u00fc on\u0131 Q\u0131r\u0131m topra\u011f\u0131n\u0131\u00f1 onlarnen vatanperverlerinen beraber Aqyar apshanesinde \u00f6ld\u00fcrdiler. Fevral 23 k\u00fcn\u00fc biz, q\u0131r\u0131mtatarlar, Aqmescitni\u00f1 merkeziy meydan\u0131nda topla\u015f\u0131p, q\u0131r\u0131mtatarlarn\u0131\u00f1 aqlar\u0131n\u0131 tiklegen qanun, Yuqar\u0131 \u015eura deputatlar\u0131n\u0131 saylav aqq\u0131nda qanun, Q\u0131r\u0131m Yuqar\u0131 \u015euras\u0131 ve Nazirler \u015euras\u0131ndan beklenilgen de\u00f1i\u015fmeler ne zaman olaca\u011f\u0131n\u0131 sorarm\u0131z. Fevral 23. Bu k\u00fcnni unutma\u00f1\u0131z. Ve o k\u00fcn\u00fc biz 5-6 bi\u00f1 degil de, 25-30 bi\u00f1 ol\u0131p kelirmiz&#8221;.<\/p>\n\n\n\n<p>Refat \u00c7ubarovn\u0131\u00f1 \u00e7\u0131q\u0131\u015f\u0131ndan so\u00f1\u00a0miting qarar\u0131 oquld\u0131\u00a0ve bira\u011f\u0131zdan qabul etildi.<\/p>\n\n\n\n<figure class=\"wp-block-image size-full\"><img loading=\"lazy\" decoding=\"async\" width=\"650\" height=\"368\" src=\"http:\/\/qtmm.org\/wp-content\/uploads\/2022\/01\/5_67.jpeg\" alt=\"\" class=\"wp-image-42926\" srcset=\"https:\/\/qtmm.org\/wp-content\/uploads\/2022\/01\/5_67.jpeg 650w, https:\/\/qtmm.org\/wp-content\/uploads\/2022\/01\/5_67-300x170.jpeg 300w\" sizes=\"auto, (max-width: 650px) 100vw, 650px\" \/><\/figure>\n\n\n\n<p>Mitingni\u00f1 so\u00f1unda Refat \u00c7ubarov o\u00f1a Ukraina halq deputat\u0131 Mustafa Cemilev telefon a\u00e7\u0131p, Ukraina Yuqar\u0131 \u015euras\u0131 yanvar 16-da al\u0131n\u011fan qararlarn\u0131\u00f1 l\u00e2\u011fu etilgenini bildirmesini rica etkenini aytt\u0131. Bu haberni miting i\u015ftirak\u00e7ileri g\u00fcrdeli el\u00e7\u0131rpmalar ile qar\u015f\u0131lad\u0131lar.<\/p>\n\n\n\n<p><strong>Resimler<\/strong><em>:&nbsp; Ali Memetov,&nbsp; Dil\u00e2ver Memecanov<\/em><\/p>\n","protected":false},"excerpt":{"rendered":"<p>28 yanvar k\u00fcn\u00fc Ukraina Prezidentini\u00f1 Q\u0131r\u0131mdaki Daimiy temsilciligi ofisini\u00f1 yan\u0131nda Ukrainada diktatura qurulmas\u0131na qar\u015f\u0131 Milliy Meclis taraf\u0131ndan te\u015fkil\u00e2tland\u0131r\u0131l\u011fan B\u00fct\u00fcnq\u0131r\u0131m mitingi \u00f6tkerildi. \u00c7e\u015fit millet ve dinlerge mens\u00fcp 3000 yaq\u0131n insan memleketteki siyasiy-i\u00e7timaiy siyaset boyunca \u00f6z fikirini bildirmek i\u00e7\u00fcn keldi. Mitingge Q\u0131r\u0131mdaki Yevromaydan i\u015ftirak\u00e7ileri de qoltutt\u0131lar. Miting i\u015ftirak\u00e7ileri &#8220;Ukraina Yevrointegratsiyas\u0131na ebet!&#8221;, &#8220;Aq\u0131lnen i\u015f k\u00f6r\u00fc\u00f1iz!&#8221;, &#8220;16 yanvar diktatorl\u0131q [&hellip;]<\/p>\n","protected":false},"author":1,"featured_media":42910,"comment_status":"open","ping_status":"open","sticky":false,"template":"","format":"standard","meta":{"inline_featured_image":false,"footnotes":""},"categories":[265],"tags":[],"class_list":["post-42909","post","type-post","status-publish","format-standard","has-post-thumbnail","hentry","category-haberler"],"acf":[],"yoast_head":"<!-- This site is optimized with the Yoast SEO plugin v27.4 - https:\/\/yoast.com\/product\/yoast-seo-wordpress\/ -->\n<title>Aqmescitte Ukrainada diktatura qurulmas\u0131na qar\u015f\u0131 B\u00fct\u00fcnq\u0131r\u0131m mitingi \u00f6tkerildi - \u041c\u0435\u0434\u0436\u043b\u0456\u0441<\/title>\n<meta name=\"robots\" content=\"index, follow, max-snippet:-1, max-image-preview:large, max-video-preview:-1\" \/>\n<link rel=\"canonical\" href=\"https:\/\/qtmm.org\/qt\/aqmescitte-ukrainada-diktatura-qurulmasina-qarsi-butunqirim-mitingi-otkerildi\/\" \/>\n<meta property=\"og:locale\" content=\"en_US\" \/>\n<meta property=\"og:type\" content=\"article\" \/>\n<meta property=\"og:title\" content=\"Aqmescitte Ukrainada diktatura qurulmas\u0131na qar\u015f\u0131 B\u00fct\u00fcnq\u0131r\u0131m mitingi \u00f6tkerildi - \u041c\u0435\u0434\u0436\u043b\u0456\u0441\" \/>\n<meta property=\"og:description\" content=\"28 yanvar k\u00fcn\u00fc Ukraina Prezidentini\u00f1 Q\u0131r\u0131mdaki Daimiy temsilciligi ofisini\u00f1 yan\u0131nda Ukrainada diktatura qurulmas\u0131na qar\u015f\u0131 Milliy Meclis taraf\u0131ndan te\u015fkil\u00e2tland\u0131r\u0131l\u011fan B\u00fct\u00fcnq\u0131r\u0131m mitingi \u00f6tkerildi. \u00c7e\u015fit millet ve dinlerge mens\u00fcp 3000 yaq\u0131n insan memleketteki siyasiy-i\u00e7timaiy siyaset boyunca \u00f6z fikirini bildirmek i\u00e7\u00fcn keldi. Mitingge Q\u0131r\u0131mdaki Yevromaydan i\u015ftirak\u00e7ileri de qoltutt\u0131lar. Miting i\u015ftirak\u00e7ileri &#8220;Ukraina Yevrointegratsiyas\u0131na ebet!&#8221;, &#8220;Aq\u0131lnen i\u015f k\u00f6r\u00fc\u00f1iz!&#8221;, &#8220;16 yanvar diktatorl\u0131q [&hellip;]\" \/>\n<meta property=\"og:url\" content=\"https:\/\/qtmm.org\/qt\/aqmescitte-ukrainada-diktatura-qurulmasina-qarsi-butunqirim-mitingi-otkerildi\/\" \/>\n<meta property=\"og:site_name\" content=\"\u041c\u0435\u0434\u0436\u043b\u0456\u0441\" \/>\n<meta property=\"article:publisher\" content=\"https:\/\/www.facebook.com\/qtmm.info\/\" \/>\n<meta property=\"article:published_time\" content=\"2014-01-28T14:21:00+00:00\" \/>\n<meta property=\"article:modified_time\" content=\"2022-01-27T14:24:11+00:00\" \/>\n<meta property=\"og:image\" content=\"https:\/\/qtmm.org\/wp-content\/uploads\/2022\/01\/4_109.jpeg\" \/>\n\t<meta property=\"og:image:width\" content=\"650\" \/>\n\t<meta property=\"og:image:height\" content=\"406\" \/>\n\t<meta property=\"og:image:type\" content=\"image\/jpeg\" \/>\n<meta name=\"author\" content=\"Developer\" \/>\n<meta name=\"twitter:card\" content=\"summary_large_image\" \/>\n<meta name=\"twitter:label1\" content=\"Written by\" \/>\n\t<meta name=\"twitter:data1\" content=\"Developer\" \/>\n\t<meta name=\"twitter:label2\" content=\"Est. reading time\" \/>\n\t<meta name=\"twitter:data2\" content=\"5 minutes\" \/>\n<script type=\"application\/ld+json\" class=\"yoast-schema-graph\">{\"@context\":\"https:\\\/\\\/schema.org\",\"@graph\":[{\"@type\":\"Article\",\"@id\":\"https:\\\/\\\/qtmm.org\\\/qt\\\/aqmescitte-ukrainada-diktatura-qurulmasina-qarsi-butunqirim-mitingi-otkerildi\\\/#article\",\"isPartOf\":{\"@id\":\"https:\\\/\\\/qtmm.org\\\/qt\\\/aqmescitte-ukrainada-diktatura-qurulmasina-qarsi-butunqirim-mitingi-otkerildi\\\/\"},\"author\":{\"name\":\"Developer\",\"@id\":\"https:\\\/\\\/qtmm.org\\\/qt\\\/#\\\/schema\\\/person\\\/de562469f971dec226ac06e60bbf74a7\"},\"headline\":\"Aqmescitte Ukrainada diktatura qurulmas\u0131na qar\u015f\u0131 B\u00fct\u00fcnq\u0131r\u0131m mitingi \u00f6tkerildi\",\"datePublished\":\"2014-01-28T14:21:00+00:00\",\"dateModified\":\"2022-01-27T14:24:11+00:00\",\"mainEntityOfPage\":{\"@id\":\"https:\\\/\\\/qtmm.org\\\/qt\\\/aqmescitte-ukrainada-diktatura-qurulmasina-qarsi-butunqirim-mitingi-otkerildi\\\/\"},\"wordCount\":1056,\"commentCount\":0,\"publisher\":{\"@id\":\"https:\\\/\\\/qtmm.org\\\/qt\\\/#organization\"},\"image\":{\"@id\":\"https:\\\/\\\/qtmm.org\\\/qt\\\/aqmescitte-ukrainada-diktatura-qurulmasina-qarsi-butunqirim-mitingi-otkerildi\\\/#primaryimage\"},\"thumbnailUrl\":\"https:\\\/\\\/qtmm.org\\\/wp-content\\\/uploads\\\/2022\\\/01\\\/4_109.jpeg\",\"articleSection\":[\"Haberler\"],\"inLanguage\":\"qt\",\"potentialAction\":[{\"@type\":\"CommentAction\",\"name\":\"Comment\",\"target\":[\"https:\\\/\\\/qtmm.org\\\/qt\\\/aqmescitte-ukrainada-diktatura-qurulmasina-qarsi-butunqirim-mitingi-otkerildi\\\/#respond\"]}]},{\"@type\":\"WebPage\",\"@id\":\"https:\\\/\\\/qtmm.org\\\/qt\\\/aqmescitte-ukrainada-diktatura-qurulmasina-qarsi-butunqirim-mitingi-otkerildi\\\/\",\"url\":\"https:\\\/\\\/qtmm.org\\\/qt\\\/aqmescitte-ukrainada-diktatura-qurulmasina-qarsi-butunqirim-mitingi-otkerildi\\\/\",\"name\":\"Aqmescitte Ukrainada diktatura qurulmas\u0131na qar\u015f\u0131 B\u00fct\u00fcnq\u0131r\u0131m mitingi \u00f6tkerildi - \u041c\u0435\u0434\u0436\u043b\u0456\u0441\",\"isPartOf\":{\"@id\":\"https:\\\/\\\/qtmm.org\\\/qt\\\/#website\"},\"primaryImageOfPage\":{\"@id\":\"https:\\\/\\\/qtmm.org\\\/qt\\\/aqmescitte-ukrainada-diktatura-qurulmasina-qarsi-butunqirim-mitingi-otkerildi\\\/#primaryimage\"},\"image\":{\"@id\":\"https:\\\/\\\/qtmm.org\\\/qt\\\/aqmescitte-ukrainada-diktatura-qurulmasina-qarsi-butunqirim-mitingi-otkerildi\\\/#primaryimage\"},\"thumbnailUrl\":\"https:\\\/\\\/qtmm.org\\\/wp-content\\\/uploads\\\/2022\\\/01\\\/4_109.jpeg\",\"datePublished\":\"2014-01-28T14:21:00+00:00\",\"dateModified\":\"2022-01-27T14:24:11+00:00\",\"breadcrumb\":{\"@id\":\"https:\\\/\\\/qtmm.org\\\/qt\\\/aqmescitte-ukrainada-diktatura-qurulmasina-qarsi-butunqirim-mitingi-otkerildi\\\/#breadcrumb\"},\"inLanguage\":\"qt\",\"potentialAction\":[{\"@type\":\"ReadAction\",\"target\":[\"https:\\\/\\\/qtmm.org\\\/qt\\\/aqmescitte-ukrainada-diktatura-qurulmasina-qarsi-butunqirim-mitingi-otkerildi\\\/\"]}]},{\"@type\":\"ImageObject\",\"inLanguage\":\"qt\",\"@id\":\"https:\\\/\\\/qtmm.org\\\/qt\\\/aqmescitte-ukrainada-diktatura-qurulmasina-qarsi-butunqirim-mitingi-otkerildi\\\/#primaryimage\",\"url\":\"https:\\\/\\\/qtmm.org\\\/wp-content\\\/uploads\\\/2022\\\/01\\\/4_109.jpeg\",\"contentUrl\":\"https:\\\/\\\/qtmm.org\\\/wp-content\\\/uploads\\\/2022\\\/01\\\/4_109.jpeg\",\"width\":650,\"height\":406},{\"@type\":\"BreadcrumbList\",\"@id\":\"https:\\\/\\\/qtmm.org\\\/qt\\\/aqmescitte-ukrainada-diktatura-qurulmasina-qarsi-butunqirim-mitingi-otkerildi\\\/#breadcrumb\",\"itemListElement\":[{\"@type\":\"ListItem\",\"position\":1,\"name\":\"\u0413\u043e\u043b\u043e\u0432\u043d\u0430\",\"item\":\"https:\\\/\\\/qtmm.org\\\/qt\\\/\"},{\"@type\":\"ListItem\",\"position\":2,\"name\":\"Aqmescitte Ukrainada diktatura qurulmas\u0131na qar\u015f\u0131 B\u00fct\u00fcnq\u0131r\u0131m mitingi \u00f6tkerildi\"}]},{\"@type\":\"WebSite\",\"@id\":\"https:\\\/\\\/qtmm.org\\\/qt\\\/#website\",\"url\":\"https:\\\/\\\/qtmm.org\\\/qt\\\/\",\"name\":\"\u041c\u0435\u0434\u0436\u043b\u0456\u0441\",\"description\":\"\",\"publisher\":{\"@id\":\"https:\\\/\\\/qtmm.org\\\/qt\\\/#organization\"},\"potentialAction\":[{\"@type\":\"SearchAction\",\"target\":{\"@type\":\"EntryPoint\",\"urlTemplate\":\"https:\\\/\\\/qtmm.org\\\/qt\\\/?s={search_term_string}\"},\"query-input\":{\"@type\":\"PropertyValueSpecification\",\"valueRequired\":true,\"valueName\":\"search_term_string\"}}],\"inLanguage\":\"qt\"},{\"@type\":\"Organization\",\"@id\":\"https:\\\/\\\/qtmm.org\\\/qt\\\/#organization\",\"name\":\"\u041c\u0435\u0434\u0436\u043b\u0456\u0441\",\"url\":\"https:\\\/\\\/qtmm.org\\\/qt\\\/\",\"logo\":{\"@type\":\"ImageObject\",\"inLanguage\":\"qt\",\"@id\":\"https:\\\/\\\/qtmm.org\\\/qt\\\/#\\\/schema\\\/logo\\\/image\\\/\",\"url\":\"https:\\\/\\\/qtmm.org\\\/wp-content\\\/uploads\\\/2024\\\/12\\\/ua-mejlis-logo-rgb.svg\",\"contentUrl\":\"https:\\\/\\\/qtmm.org\\\/wp-content\\\/uploads\\\/2024\\\/12\\\/ua-mejlis-logo-rgb.svg\",\"caption\":\"\u041c\u0435\u0434\u0436\u043b\u0456\u0441\"},\"image\":{\"@id\":\"https:\\\/\\\/qtmm.org\\\/qt\\\/#\\\/schema\\\/logo\\\/image\\\/\"},\"sameAs\":[\"https:\\\/\\\/www.facebook.com\\\/qtmm.info\\\/\"]},{\"@type\":\"Person\",\"@id\":\"https:\\\/\\\/qtmm.org\\\/qt\\\/#\\\/schema\\\/person\\\/de562469f971dec226ac06e60bbf74a7\",\"name\":\"Developer\",\"image\":{\"@type\":\"ImageObject\",\"inLanguage\":\"qt\",\"@id\":\"https:\\\/\\\/secure.gravatar.com\\\/avatar\\\/392b4cc8fbfeb00b39dfeeab4ee6edded39ffd48e25858637e4765810300227e?s=96&d=mm&r=g\",\"url\":\"https:\\\/\\\/secure.gravatar.com\\\/avatar\\\/392b4cc8fbfeb00b39dfeeab4ee6edded39ffd48e25858637e4765810300227e?s=96&d=mm&r=g\",\"contentUrl\":\"https:\\\/\\\/secure.gravatar.com\\\/avatar\\\/392b4cc8fbfeb00b39dfeeab4ee6edded39ffd48e25858637e4765810300227e?s=96&d=mm&r=g\",\"caption\":\"Developer\"},\"url\":\"https:\\\/\\\/qtmm.org\\\/qt\\\/author\\\/Developer\\\/\"}]}<\/script>\n<!-- \/ Yoast SEO plugin. -->","yoast_head_json":{"title":"Aqmescitte Ukrainada diktatura qurulmas\u0131na qar\u015f\u0131 B\u00fct\u00fcnq\u0131r\u0131m mitingi \u00f6tkerildi - \u041c\u0435\u0434\u0436\u043b\u0456\u0441","robots":{"index":"index","follow":"follow","max-snippet":"max-snippet:-1","max-image-preview":"max-image-preview:large","max-video-preview":"max-video-preview:-1"},"canonical":"https:\/\/qtmm.org\/qt\/aqmescitte-ukrainada-diktatura-qurulmasina-qarsi-butunqirim-mitingi-otkerildi\/","og_locale":"en_US","og_type":"article","og_title":"Aqmescitte Ukrainada diktatura qurulmas\u0131na qar\u015f\u0131 B\u00fct\u00fcnq\u0131r\u0131m mitingi \u00f6tkerildi - \u041c\u0435\u0434\u0436\u043b\u0456\u0441","og_description":"28 yanvar k\u00fcn\u00fc Ukraina Prezidentini\u00f1 Q\u0131r\u0131mdaki Daimiy temsilciligi ofisini\u00f1 yan\u0131nda Ukrainada diktatura qurulmas\u0131na qar\u015f\u0131 Milliy Meclis taraf\u0131ndan te\u015fkil\u00e2tland\u0131r\u0131l\u011fan B\u00fct\u00fcnq\u0131r\u0131m mitingi \u00f6tkerildi. \u00c7e\u015fit millet ve dinlerge mens\u00fcp 3000 yaq\u0131n insan memleketteki siyasiy-i\u00e7timaiy siyaset boyunca \u00f6z fikirini bildirmek i\u00e7\u00fcn keldi. Mitingge Q\u0131r\u0131mdaki Yevromaydan i\u015ftirak\u00e7ileri de qoltutt\u0131lar. Miting i\u015ftirak\u00e7ileri &#8220;Ukraina Yevrointegratsiyas\u0131na ebet!&#8221;, &#8220;Aq\u0131lnen i\u015f k\u00f6r\u00fc\u00f1iz!&#8221;, &#8220;16 yanvar diktatorl\u0131q [&hellip;]","og_url":"https:\/\/qtmm.org\/qt\/aqmescitte-ukrainada-diktatura-qurulmasina-qarsi-butunqirim-mitingi-otkerildi\/","og_site_name":"\u041c\u0435\u0434\u0436\u043b\u0456\u0441","article_publisher":"https:\/\/www.facebook.com\/qtmm.info\/","article_published_time":"2014-01-28T14:21:00+00:00","article_modified_time":"2022-01-27T14:24:11+00:00","og_image":[{"width":650,"height":406,"url":"https:\/\/qtmm.org\/wp-content\/uploads\/2022\/01\/4_109.jpeg","type":"image\/jpeg"}],"author":"Developer","twitter_card":"summary_large_image","twitter_misc":{"Written by":"Developer","Est. reading time":"5 minutes"},"schema":{"@context":"https:\/\/schema.org","@graph":[{"@type":"Article","@id":"https:\/\/qtmm.org\/qt\/aqmescitte-ukrainada-diktatura-qurulmasina-qarsi-butunqirim-mitingi-otkerildi\/#article","isPartOf":{"@id":"https:\/\/qtmm.org\/qt\/aqmescitte-ukrainada-diktatura-qurulmasina-qarsi-butunqirim-mitingi-otkerildi\/"},"author":{"name":"Developer","@id":"https:\/\/qtmm.org\/qt\/#\/schema\/person\/de562469f971dec226ac06e60bbf74a7"},"headline":"Aqmescitte Ukrainada diktatura qurulmas\u0131na qar\u015f\u0131 B\u00fct\u00fcnq\u0131r\u0131m mitingi \u00f6tkerildi","datePublished":"2014-01-28T14:21:00+00:00","dateModified":"2022-01-27T14:24:11+00:00","mainEntityOfPage":{"@id":"https:\/\/qtmm.org\/qt\/aqmescitte-ukrainada-diktatura-qurulmasina-qarsi-butunqirim-mitingi-otkerildi\/"},"wordCount":1056,"commentCount":0,"publisher":{"@id":"https:\/\/qtmm.org\/qt\/#organization"},"image":{"@id":"https:\/\/qtmm.org\/qt\/aqmescitte-ukrainada-diktatura-qurulmasina-qarsi-butunqirim-mitingi-otkerildi\/#primaryimage"},"thumbnailUrl":"https:\/\/qtmm.org\/wp-content\/uploads\/2022\/01\/4_109.jpeg","articleSection":["Haberler"],"inLanguage":"qt","potentialAction":[{"@type":"CommentAction","name":"Comment","target":["https:\/\/qtmm.org\/qt\/aqmescitte-ukrainada-diktatura-qurulmasina-qarsi-butunqirim-mitingi-otkerildi\/#respond"]}]},{"@type":"WebPage","@id":"https:\/\/qtmm.org\/qt\/aqmescitte-ukrainada-diktatura-qurulmasina-qarsi-butunqirim-mitingi-otkerildi\/","url":"https:\/\/qtmm.org\/qt\/aqmescitte-ukrainada-diktatura-qurulmasina-qarsi-butunqirim-mitingi-otkerildi\/","name":"Aqmescitte Ukrainada diktatura qurulmas\u0131na qar\u015f\u0131 B\u00fct\u00fcnq\u0131r\u0131m mitingi \u00f6tkerildi - \u041c\u0435\u0434\u0436\u043b\u0456\u0441","isPartOf":{"@id":"https:\/\/qtmm.org\/qt\/#website"},"primaryImageOfPage":{"@id":"https:\/\/qtmm.org\/qt\/aqmescitte-ukrainada-diktatura-qurulmasina-qarsi-butunqirim-mitingi-otkerildi\/#primaryimage"},"image":{"@id":"https:\/\/qtmm.org\/qt\/aqmescitte-ukrainada-diktatura-qurulmasina-qarsi-butunqirim-mitingi-otkerildi\/#primaryimage"},"thumbnailUrl":"https:\/\/qtmm.org\/wp-content\/uploads\/2022\/01\/4_109.jpeg","datePublished":"2014-01-28T14:21:00+00:00","dateModified":"2022-01-27T14:24:11+00:00","breadcrumb":{"@id":"https:\/\/qtmm.org\/qt\/aqmescitte-ukrainada-diktatura-qurulmasina-qarsi-butunqirim-mitingi-otkerildi\/#breadcrumb"},"inLanguage":"qt","potentialAction":[{"@type":"ReadAction","target":["https:\/\/qtmm.org\/qt\/aqmescitte-ukrainada-diktatura-qurulmasina-qarsi-butunqirim-mitingi-otkerildi\/"]}]},{"@type":"ImageObject","inLanguage":"qt","@id":"https:\/\/qtmm.org\/qt\/aqmescitte-ukrainada-diktatura-qurulmasina-qarsi-butunqirim-mitingi-otkerildi\/#primaryimage","url":"https:\/\/qtmm.org\/wp-content\/uploads\/2022\/01\/4_109.jpeg","contentUrl":"https:\/\/qtmm.org\/wp-content\/uploads\/2022\/01\/4_109.jpeg","width":650,"height":406},{"@type":"BreadcrumbList","@id":"https:\/\/qtmm.org\/qt\/aqmescitte-ukrainada-diktatura-qurulmasina-qarsi-butunqirim-mitingi-otkerildi\/#breadcrumb","itemListElement":[{"@type":"ListItem","position":1,"name":"\u0413\u043e\u043b\u043e\u0432\u043d\u0430","item":"https:\/\/qtmm.org\/qt\/"},{"@type":"ListItem","position":2,"name":"Aqmescitte Ukrainada diktatura qurulmas\u0131na qar\u015f\u0131 B\u00fct\u00fcnq\u0131r\u0131m mitingi \u00f6tkerildi"}]},{"@type":"WebSite","@id":"https:\/\/qtmm.org\/qt\/#website","url":"https:\/\/qtmm.org\/qt\/","name":"\u041c\u0435\u0434\u0436\u043b\u0456\u0441","description":"","publisher":{"@id":"https:\/\/qtmm.org\/qt\/#organization"},"potentialAction":[{"@type":"SearchAction","target":{"@type":"EntryPoint","urlTemplate":"https:\/\/qtmm.org\/qt\/?s={search_term_string}"},"query-input":{"@type":"PropertyValueSpecification","valueRequired":true,"valueName":"search_term_string"}}],"inLanguage":"qt"},{"@type":"Organization","@id":"https:\/\/qtmm.org\/qt\/#organization","name":"\u041c\u0435\u0434\u0436\u043b\u0456\u0441","url":"https:\/\/qtmm.org\/qt\/","logo":{"@type":"ImageObject","inLanguage":"qt","@id":"https:\/\/qtmm.org\/qt\/#\/schema\/logo\/image\/","url":"https:\/\/qtmm.org\/wp-content\/uploads\/2024\/12\/ua-mejlis-logo-rgb.svg","contentUrl":"https:\/\/qtmm.org\/wp-content\/uploads\/2024\/12\/ua-mejlis-logo-rgb.svg","caption":"\u041c\u0435\u0434\u0436\u043b\u0456\u0441"},"image":{"@id":"https:\/\/qtmm.org\/qt\/#\/schema\/logo\/image\/"},"sameAs":["https:\/\/www.facebook.com\/qtmm.info\/"]},{"@type":"Person","@id":"https:\/\/qtmm.org\/qt\/#\/schema\/person\/de562469f971dec226ac06e60bbf74a7","name":"Developer","image":{"@type":"ImageObject","inLanguage":"qt","@id":"https:\/\/secure.gravatar.com\/avatar\/392b4cc8fbfeb00b39dfeeab4ee6edded39ffd48e25858637e4765810300227e?s=96&d=mm&r=g","url":"https:\/\/secure.gravatar.com\/avatar\/392b4cc8fbfeb00b39dfeeab4ee6edded39ffd48e25858637e4765810300227e?s=96&d=mm&r=g","contentUrl":"https:\/\/secure.gravatar.com\/avatar\/392b4cc8fbfeb00b39dfeeab4ee6edded39ffd48e25858637e4765810300227e?s=96&d=mm&r=g","caption":"Developer"},"url":"https:\/\/qtmm.org\/qt\/author\/Developer\/"}]}},"_links":{"self":[{"href":"https:\/\/qtmm.org\/qt\/wp-json\/wp\/v2\/posts\/42909","targetHints":{"allow":["GET"]}}],"collection":[{"href":"https:\/\/qtmm.org\/qt\/wp-json\/wp\/v2\/posts"}],"about":[{"href":"https:\/\/qtmm.org\/qt\/wp-json\/wp\/v2\/types\/post"}],"author":[{"embeddable":true,"href":"https:\/\/qtmm.org\/qt\/wp-json\/wp\/v2\/users\/1"}],"replies":[{"embeddable":true,"href":"https:\/\/qtmm.org\/qt\/wp-json\/wp\/v2\/comments?post=42909"}],"version-history":[{"count":1,"href":"https:\/\/qtmm.org\/qt\/wp-json\/wp\/v2\/posts\/42909\/revisions"}],"predecessor-version":[{"id":42930,"href":"https:\/\/qtmm.org\/qt\/wp-json\/wp\/v2\/posts\/42909\/revisions\/42930"}],"wp:featuredmedia":[{"embeddable":true,"href":"https:\/\/qtmm.org\/qt\/wp-json\/wp\/v2\/media\/42910"}],"wp:attachment":[{"href":"https:\/\/qtmm.org\/qt\/wp-json\/wp\/v2\/media?parent=42909"}],"wp:term":[{"taxonomy":"category","embeddable":true,"href":"https:\/\/qtmm.org\/qt\/wp-json\/wp\/v2\/categories?post=42909"},{"taxonomy":"post_tag","embeddable":true,"href":"https:\/\/qtmm.org\/qt\/wp-json\/wp\/v2\/tags?post=42909"}],"curies":[{"name":"wp","href":"https:\/\/api.w.org\/{rel}","templated":true}]}}