




{"id":42895,"date":"2014-01-28T17:19:00","date_gmt":"2014-01-28T14:19:00","guid":{"rendered":"http:\/\/qtmm.org\/?p=42895"},"modified":"2022-01-27T17:21:46","modified_gmt":"2022-01-27T14:21:46","slug":"butunqirim-mitingi-istirakcilerinin-ukrainada-diktatura-qurulmasina-qarsi-talaplari","status":"publish","type":"post","link":"https:\/\/qtmm.org\/qt\/butunqirim-mitingi-istirakcilerinin-ukrainada-diktatura-qurulmasina-qarsi-talaplari\/","title":{"rendered":"B\u00fct\u00fcnq\u0131r\u0131m mitingi i\u015ftirak\u00e7ilerini\u00f1 Ukrainada diktatura qurulmas\u0131na qar\u015f\u0131 talaplar\u0131"},"content":{"rendered":"\n<p class=\"has-text-align-center\"><strong>Ukrainada diktatura qurulmas\u0131na qar\u015f\u0131 B\u00fct\u00fcnq\u0131r\u0131m mitingi i\u015ftirak\u00e7ilerini\u00f1&nbsp;Qarar\u0131<br><br>Ukrainada qan t\u00f6k\u00fclmesi ve diktatura qurulmas\u0131 toqtat\u0131ls\u0131n!<\/strong><\/p>\n\n\n\n<p class=\"has-text-align-center\"><strong>2014 senesi yanvar 16-da al\u0131n\u011fan diktatorl\u0131q qanunlar l\u00e2\u011fuv etilsin!<\/strong><\/p>\n\n\n\n<p class=\"has-text-align-center\"><strong>Q\u0131r\u0131mtatar halq\u0131n\u0131\u00f1 aqlar\u0131 \u011fayr\u0131dan tiklenilsin!<\/strong><\/p>\n\n\n\n<p class=\"has-text-align-center\"><strong>Ukrainan\u0131\u00f1 territorial b\u00fct\u00fcnligi ve mustaqilligi saqlan\u0131p qals\u0131n!<\/strong><\/p>\n\n\n\n<p><br><br>Ukraina ve on\u0131\u00f1 vatanda\u015flar\u0131 mustaqilliklerini il\u00e2n etkenden so\u00f1 e\u00f1 tel\u00fckeli ve facial\u0131 k\u00fcnlerni ya\u015famaqtalar. Ukraina prezidenti ve \u00fck\u00fcmeti memleketni\u00f1 t\u0131\u015fq\u0131 siyasiy y\u00f6neli\u015fini keskin de\u00f1i\u015ftirmesi ve yevrointegratsiyadan vazge\u00e7mesi neticesinde qopqan siyasiy inq\u0131raz art\u0131q cemiyet ve akimiyet aras\u0131nda a\u00e7\u0131q ve k\u00fc\u00e7 i\u015fletilgen qapa-qar\u015f\u0131l\u0131q basq\u0131\u00e7\u0131na ke\u00e7ti.<\/p>\n\n\n\n<p>Kiyevde ve Ukrainan\u0131\u00f1 diger vil\u00e2yetlerinde yevromaydanlarn\u0131\u00f1 faal i\u015ftirak\u00e7ileri ol\u011fan millionlarnen Ukraina vatanda\u015flar\u0131n\u0131\u00f1 eki ayl\u0131q nafile beklevlerini akimiyet k\u00f6rmemezlikke ald\u0131. Cemiyetnen a\u00e7\u0131q ve musaviy dialog qurmaq yerine akimiyet insann\u0131\u00f1 aqlar\u0131 ve serbestligi kibi temeliy aqlar\u0131na \u00fcc\u00fcmge ke\u00e7ti, c\u00fcmleden Ukraina Anayasas\u0131na z\u0131t demokratik printsipler ve parlament protseduralar\u0131n\u0131 bozup topla\u015fuvlar, s\u00f6z ve matbuat serbestligini s\u0131\u00f1\u0131rlad\u0131.<\/p>\n\n\n\n<p>Kiyevde t\u0131n\u00e7 toplant\u0131 i\u015ftirak\u00e7ileri ve \u0130\u00e7ki i\u015fler nazirligini\u00f1 quvetleri aras\u0131nda \u00e7at\u0131\u015fma aqibetinde qan t\u00f6k\u00fcldi, insanlar el\u00e2k old\u0131, y\u00fczlernen insanlar qur\u015funnen yaraland\u0131lar. Memlekette zorbal\u0131qn\u0131\u00f1 \u015fiddetle\u015fmesi diktatura ve basq\u0131 qurulmas\u0131na al\u0131p kelip, \u00f6z nevbetinde bu Ukraina ve on\u0131\u00f1 milleti ve dininden qatiy nazar sakinleri i\u00e7\u00fcn fel\u00e2ket olur.<\/p>\n\n\n\n<p>Cemiyet ve memleketni u\u00e7ur\u0131m\u011fa \u00fcytegenler aras\u0131nda Q\u0131r\u0131m Yuqar\u0131 \u015euras\u0131n\u0131\u00f1 bir \u00e7oq deputatlar\u0131 da bar. Olar qabul etken beyanat ve \u00e7a\u011f\u0131ruvlar ukrain cemiyetini b\u00f6lmege, Ukrainan\u0131\u00f1 territorial b\u00fct\u00fcnligini par\u00e7alama\u011fa do\u011frult\u0131l\u011fand\u0131r. So\u00f1ki eki ay devam\u0131nda Q\u0131r\u0131m akimiyet organlar\u0131 yar\u0131mada sakinlerini, \u015fu c\u00fcmleden devlet h\u0131zmet\u00e7ilerini, Kiyevge yollamaqta.<\/p>\n\n\n\n<p>Q\u0131r\u0131mtatar halq\u0131n\u0131\u00f1 Meclisi, bun\u0131\u00f1 kibi de \u00e7e\u015fit millet vekillerini birle\u015ftirgen bir s\u0131ra cemaat te\u015fkil\u00e2tlar\u0131 Ukrainan\u0131\u00f1 diktatura\u011fa taymas\u0131, qan t\u00f6k\u00fclmesi ve t\u0131n\u00e7 sakinlerni\u00f1 \u00f6ld\u00fcrilmesini toqtatmaq i\u00e7\u00fcn ellerinden kelgen \u00e7are-tedbirlerni k\u00f6rdiler ve k\u00f6rmekteler.<\/p>\n\n\n\n<figure class=\"wp-block-image size-full\"><img loading=\"lazy\" decoding=\"async\" width=\"670\" height=\"310\" src=\"http:\/\/qtmm.org\/wp-content\/uploads\/2022\/01\/top3.jpeg\" alt=\"\" class=\"wp-image-42896\" srcset=\"https:\/\/qtmm.org\/wp-content\/uploads\/2022\/01\/top3.jpeg 670w, https:\/\/qtmm.org\/wp-content\/uploads\/2022\/01\/top3-300x139.jpeg 300w\" sizes=\"auto, (max-width: 670px) 100vw, 670px\" \/><\/figure>\n\n\n\n<p>Biz, Ukrainada diktatura qurulmas\u0131na qar\u015f\u0131 B\u00fct\u00fcnq\u0131r\u0131m mitingini\u00f1 i\u015ftirak\u00e7ileri<\/p>\n\n\n\n<p>&#8211; Ukrainan\u0131\u00f1 demokratik ve mustaqil devlet olaraq inki\u015faf etmesini\u00f1 tarafdarlar\u0131 olaraq,<\/p>\n\n\n\n<p>&#8211; ukrain cemiyetini\u00f1 yevrointegratsion \u0131nt\u0131luvlar\u0131na, Ukrainan\u0131\u00f1 Avropa serbestsever halqlar ailesi ol\u011fan Avropa Birliginde aza olmas\u0131na qoltutaraq ve yard\u0131m eterek,<\/p>\n\n\n\n<p>&#8211; memlekette zorbal\u0131q \u015fiddetle\u015fmesi ve Ukrainada diktatura qurulmas\u0131 tel\u00fckesini\u00f1 \u00f6g\u00fcni alma\u011fa t\u0131r\u0131\u015faraq,<\/p>\n\n\n\n<p>&#8211; Q\u0131r\u0131mda ya\u015fa\u011fan b\u00fct\u00fcn insanlarn\u0131\u00f1 taqdiri, yar\u0131madada bar\u0131\u015f\u0131q ve t\u0131n\u00e7l\u0131q i\u00e7\u00fcn mes\u00fcliet sezerek,<\/p>\n\n\n\n<p>-Q\u0131r\u0131mda epsi sakinlerini\u00f1 musaviyligini teminlegen qanuniy \u015faraitlerni\u00f1 yarat\u0131lmas\u0131na iri\u015ferek<\/p>\n\n\n\n<p><strong>TALAP ETEM\u0130Z.<\/strong><\/p>\n\n\n\n<p><br><strong>UKRA\u0130NA YUQARI \u015eURASINDAN:<\/strong><br><br>1. 2014 senesi yanvar 16-da al\u0131n\u011fan diktatorl\u0131q qanunlar l\u00e2\u011fuv etilsin.<br><br>2. Ukraina vatanda\u015flar\u0131 naraz\u0131l\u0131q aktsiyalar\u0131n\u0131\u00f1 i\u015ftirak\u00e7ilerini taqip et\u00fcv toqtat\u0131ls\u0131n ve siyasiy mahb\u00fcsler azat etilsin.<br><br>3. Ukrainan\u0131\u00f1 &#8220;Milliy mens\u00fcpligine k\u00f6re s\u00fcrg\u00fcn etilgen \u015fah\u0131slarn\u0131\u00f1 aqlar\u0131n\u0131 \u011fayr\u0131dan tiklev aqq\u0131nda&#8221; Qanun\u0131 qabul etilsin.<br><br>4. Q\u0131r\u0131m Yuqar\u0131 \u015euras\u0131nda on\u0131\u00f1 say\u0131s\u0131ndan 15 fay\u0131zdan az olma\u011fan say\u0131da q\u0131r\u0131mtatarlarn\u0131\u00f1 kefilli vek\u00e2letligini\u00f1 uquqiy mehanizmlerini k\u00f6zde tutqan Ukraina &#8220;Q\u0131r\u0131m Muhtar Cumhuriyeti Yuqar\u0131 \u015euras\u0131 deputatlar\u0131n\u0131 saylav aqq\u0131nda&#8221; Qanun\u0131 qabul etilsin.<br><br>5. Q\u0131r\u0131m Yuqar\u0131 \u015euras\u0131nda on\u0131\u00f1 say\u0131s\u0131ndan 15 fay\u0131zdan az olma\u011fan say\u0131da q\u0131r\u0131mtatarlarn\u0131\u00f1 kefilli vek\u00e2letligini\u00f1 uquqiy mehanizmlerini k\u00f6zde tutqan Ukraina &#8220;Q\u0131r\u0131m Muhtar Cumhuriyeti Yuqar\u0131 \u015euras\u0131 deputatlar\u0131n\u0131 saylav aqq\u0131nda&#8221; Qanun\u0131 esas\u0131nda Q\u0131r\u0131m Yuqar\u0131 \u015euras\u0131 deputatlar\u0131n\u0131\u00f1 m\u00fcddetinden evel saylavlar\u0131 il\u00e2n etilsin.<\/p>\n\n\n\n<figure class=\"wp-block-image size-full\"><img loading=\"lazy\" decoding=\"async\" width=\"650\" height=\"288\" src=\"http:\/\/qtmm.org\/wp-content\/uploads\/2022\/01\/po_tekstu_3-1.jpeg\" alt=\"\" class=\"wp-image-42900\" srcset=\"https:\/\/qtmm.org\/wp-content\/uploads\/2022\/01\/po_tekstu_3-1.jpeg 650w, https:\/\/qtmm.org\/wp-content\/uploads\/2022\/01\/po_tekstu_3-1-300x133.jpeg 300w\" sizes=\"auto, (max-width: 650px) 100vw, 650px\" \/><\/figure>\n\n\n\n<p><strong>UKRA\u0130NA YUQARI \u015eURASI VE UKRA\u0130NA NAZ\u0130RLER KAB\u0130NET\u0130N\u0130\u00d1 YA\u00d1I ERK\u00c2NINDAN:<\/strong><br><br>1. 2014 senesine Ukraina Devlet b\u00fccetine Vatanlar\u0131na qaytayatqan q\u0131r\u0131mtatarlarn\u0131\u00f1 yerle\u015ftir\u00fcv programmas\u0131na 200 million grivn\u00e2 ay\u0131r\u0131lmas\u0131n\u0131 k\u00f6zde tutqan de\u00f1i\u015fmeler kirsetilsin.<br><br>2. Q\u0131r\u0131mtatar halq\u0131n\u0131\u00f1 aqlar\u0131n\u0131 teminlev boyunca Halqara forumda Ukrainan\u0131\u00f1 qoltutuv\u0131 ve i\u015ftiraki aqq\u0131nda resmiy qarar al\u0131ns\u0131n.<\/p>\n\n\n\n<p><strong>QIRIM YUQARI \u015eURASINDAN:<\/strong><br><br>1. 2014 senesine Q\u0131r\u0131m b\u00fccetine Vatanlar\u0131na qaytayatqan q\u0131r\u0131mtatarlarn\u0131\u00f1 yerle\u015ftir\u00fcv programmas\u0131na 50 million grivn\u00e2 ay\u0131r\u0131lmas\u0131n\u0131 k\u00f6zde tutqan de\u00f1i\u015fmeler kirsetilsin.<br><br>2. Q\u0131r\u0131m Yuqar\u0131 \u015euras\u0131n\u0131\u00f1 Prezidium\u0131nda &#8220;Kurultay-Ruh&#8221; fraktsiyas\u0131n\u0131\u00f1 temsilciligi teminlensin.<br><br><br><strong>QIRIM NAZ\u0130RLER \u015eURASINDAN:<\/strong><br><br>1. Q\u0131r\u0131m Muhtar Cumhuriyetini\u00f1 epsi idare ve nazirlikleri yolba\u015f\u00e7\u0131l\u0131\u011f\u0131nda q\u0131r\u0131mtatarlarn\u0131\u00f1 vek\u00e2letligi teminlensin.<br><br>Bizim talaplar\u0131m\u0131z ve teklif ettigimiz \u00e7areler memlekette siyasiy i\u00f1q\u0131razn\u0131\u00f1 \u00e7ezilmesine, em umumdevlet, em Q\u0131r\u0131m Muhtar Cumhuriyeti seviyesinde cemiyet ve \u00fck\u00fcmet aras\u0131nda munasebetlerni\u00f1 de\u00f1i\u015fmesine siltem olaca\u011f\u0131na eminmiz.<\/p>\n\n\n\n<p><strong>Ukrainada diktatura qurulmas\u0131na qar\u015f\u0131 B\u00fct\u00fcnq\u0131r\u0131m mitingi i\u015ftirak\u00e7ileri taraf\u0131ndan qabul etildi.<br><br>2014 senesi yanvar 28-de Aqmescit \u015f.<\/strong><\/p>\n","protected":false},"excerpt":{"rendered":"<p>Ukrainada diktatura qurulmas\u0131na qar\u015f\u0131 B\u00fct\u00fcnq\u0131r\u0131m mitingi i\u015ftirak\u00e7ilerini\u00f1&nbsp;Qarar\u0131 Ukrainada qan t\u00f6k\u00fclmesi ve diktatura qurulmas\u0131 toqtat\u0131ls\u0131n! 2014 senesi yanvar 16-da al\u0131n\u011fan diktatorl\u0131q qanunlar l\u00e2\u011fuv etilsin! Q\u0131r\u0131mtatar halq\u0131n\u0131\u00f1 aqlar\u0131 \u011fayr\u0131dan tiklenilsin! Ukrainan\u0131\u00f1 territorial b\u00fct\u00fcnligi ve mustaqilligi saqlan\u0131p qals\u0131n! Ukraina ve on\u0131\u00f1 vatanda\u015flar\u0131 mustaqilliklerini il\u00e2n etkenden so\u00f1 e\u00f1 tel\u00fckeli ve facial\u0131 k\u00fcnlerni ya\u015famaqtalar. Ukraina prezidenti ve \u00fck\u00fcmeti memleketni\u00f1 t\u0131\u015fq\u0131 [&hellip;]<\/p>\n","protected":false},"author":1,"featured_media":42904,"comment_status":"open","ping_status":"open","sticky":false,"template":"","format":"standard","meta":{"inline_featured_image":false,"footnotes":""},"categories":[265],"tags":[],"class_list":["post-42895","post","type-post","status-publish","format-standard","has-post-thumbnail","hentry","category-haberler"],"acf":[],"yoast_head":"<!-- This site is optimized with the Yoast SEO plugin v27.4 - https:\/\/yoast.com\/product\/yoast-seo-wordpress\/ -->\n<title>B\u00fct\u00fcnq\u0131r\u0131m mitingi i\u015ftirak\u00e7ilerini\u00f1 Ukrainada diktatura qurulmas\u0131na qar\u015f\u0131 talaplar\u0131 - \u041c\u0435\u0434\u0436\u043b\u0456\u0441<\/title>\n<meta name=\"robots\" content=\"index, follow, max-snippet:-1, max-image-preview:large, max-video-preview:-1\" \/>\n<link rel=\"canonical\" href=\"https:\/\/qtmm.org\/qt\/butunqirim-mitingi-istirakcilerinin-ukrainada-diktatura-qurulmasina-qarsi-talaplari\/\" \/>\n<meta property=\"og:locale\" content=\"en_US\" \/>\n<meta property=\"og:type\" content=\"article\" \/>\n<meta property=\"og:title\" content=\"B\u00fct\u00fcnq\u0131r\u0131m mitingi i\u015ftirak\u00e7ilerini\u00f1 Ukrainada diktatura qurulmas\u0131na qar\u015f\u0131 talaplar\u0131 - \u041c\u0435\u0434\u0436\u043b\u0456\u0441\" \/>\n<meta property=\"og:description\" content=\"Ukrainada diktatura qurulmas\u0131na qar\u015f\u0131 B\u00fct\u00fcnq\u0131r\u0131m mitingi i\u015ftirak\u00e7ilerini\u00f1&nbsp;Qarar\u0131 Ukrainada qan t\u00f6k\u00fclmesi ve diktatura qurulmas\u0131 toqtat\u0131ls\u0131n! 2014 senesi yanvar 16-da al\u0131n\u011fan diktatorl\u0131q qanunlar l\u00e2\u011fuv etilsin! Q\u0131r\u0131mtatar halq\u0131n\u0131\u00f1 aqlar\u0131 \u011fayr\u0131dan tiklenilsin! Ukrainan\u0131\u00f1 territorial b\u00fct\u00fcnligi ve mustaqilligi saqlan\u0131p qals\u0131n! Ukraina ve on\u0131\u00f1 vatanda\u015flar\u0131 mustaqilliklerini il\u00e2n etkenden so\u00f1 e\u00f1 tel\u00fckeli ve facial\u0131 k\u00fcnlerni ya\u015famaqtalar. Ukraina prezidenti ve \u00fck\u00fcmeti memleketni\u00f1 t\u0131\u015fq\u0131 [&hellip;]\" \/>\n<meta property=\"og:url\" content=\"https:\/\/qtmm.org\/qt\/butunqirim-mitingi-istirakcilerinin-ukrainada-diktatura-qurulmasina-qarsi-talaplari\/\" \/>\n<meta property=\"og:site_name\" content=\"\u041c\u0435\u0434\u0436\u043b\u0456\u0441\" \/>\n<meta property=\"article:publisher\" content=\"https:\/\/www.facebook.com\/qtmm.info\/\" \/>\n<meta property=\"article:published_time\" content=\"2014-01-28T14:19:00+00:00\" \/>\n<meta property=\"article:modified_time\" content=\"2022-01-27T14:21:46+00:00\" \/>\n<meta property=\"og:image\" content=\"https:\/\/qtmm.org\/wp-content\/uploads\/2022\/01\/dsc0171.jpeg\" \/>\n\t<meta property=\"og:image:width\" content=\"800\" \/>\n\t<meta property=\"og:image:height\" content=\"536\" \/>\n\t<meta property=\"og:image:type\" content=\"image\/jpeg\" \/>\n<meta name=\"author\" content=\"Developer\" \/>\n<meta name=\"twitter:card\" content=\"summary_large_image\" \/>\n<meta name=\"twitter:label1\" content=\"Written by\" \/>\n\t<meta name=\"twitter:data1\" content=\"Developer\" \/>\n\t<meta name=\"twitter:label2\" content=\"Est. reading time\" \/>\n\t<meta name=\"twitter:data2\" content=\"4 minutes\" \/>\n<script type=\"application\/ld+json\" class=\"yoast-schema-graph\">{\"@context\":\"https:\\\/\\\/schema.org\",\"@graph\":[{\"@type\":\"Article\",\"@id\":\"https:\\\/\\\/qtmm.org\\\/qt\\\/butunqirim-mitingi-istirakcilerinin-ukrainada-diktatura-qurulmasina-qarsi-talaplari\\\/#article\",\"isPartOf\":{\"@id\":\"https:\\\/\\\/qtmm.org\\\/qt\\\/butunqirim-mitingi-istirakcilerinin-ukrainada-diktatura-qurulmasina-qarsi-talaplari\\\/\"},\"author\":{\"name\":\"Developer\",\"@id\":\"https:\\\/\\\/qtmm.org\\\/qt\\\/#\\\/schema\\\/person\\\/de562469f971dec226ac06e60bbf74a7\"},\"headline\":\"B\u00fct\u00fcnq\u0131r\u0131m mitingi i\u015ftirak\u00e7ilerini\u00f1 Ukrainada diktatura qurulmas\u0131na qar\u015f\u0131 talaplar\u0131\",\"datePublished\":\"2014-01-28T14:19:00+00:00\",\"dateModified\":\"2022-01-27T14:21:46+00:00\",\"mainEntityOfPage\":{\"@id\":\"https:\\\/\\\/qtmm.org\\\/qt\\\/butunqirim-mitingi-istirakcilerinin-ukrainada-diktatura-qurulmasina-qarsi-talaplari\\\/\"},\"wordCount\":858,\"commentCount\":0,\"publisher\":{\"@id\":\"https:\\\/\\\/qtmm.org\\\/qt\\\/#organization\"},\"image\":{\"@id\":\"https:\\\/\\\/qtmm.org\\\/qt\\\/butunqirim-mitingi-istirakcilerinin-ukrainada-diktatura-qurulmasina-qarsi-talaplari\\\/#primaryimage\"},\"thumbnailUrl\":\"https:\\\/\\\/qtmm.org\\\/wp-content\\\/uploads\\\/2022\\\/01\\\/dsc0171.jpeg\",\"articleSection\":[\"Haberler\"],\"inLanguage\":\"qt\",\"potentialAction\":[{\"@type\":\"CommentAction\",\"name\":\"Comment\",\"target\":[\"https:\\\/\\\/qtmm.org\\\/qt\\\/butunqirim-mitingi-istirakcilerinin-ukrainada-diktatura-qurulmasina-qarsi-talaplari\\\/#respond\"]}]},{\"@type\":\"WebPage\",\"@id\":\"https:\\\/\\\/qtmm.org\\\/qt\\\/butunqirim-mitingi-istirakcilerinin-ukrainada-diktatura-qurulmasina-qarsi-talaplari\\\/\",\"url\":\"https:\\\/\\\/qtmm.org\\\/qt\\\/butunqirim-mitingi-istirakcilerinin-ukrainada-diktatura-qurulmasina-qarsi-talaplari\\\/\",\"name\":\"B\u00fct\u00fcnq\u0131r\u0131m mitingi i\u015ftirak\u00e7ilerini\u00f1 Ukrainada diktatura qurulmas\u0131na qar\u015f\u0131 talaplar\u0131 - \u041c\u0435\u0434\u0436\u043b\u0456\u0441\",\"isPartOf\":{\"@id\":\"https:\\\/\\\/qtmm.org\\\/qt\\\/#website\"},\"primaryImageOfPage\":{\"@id\":\"https:\\\/\\\/qtmm.org\\\/qt\\\/butunqirim-mitingi-istirakcilerinin-ukrainada-diktatura-qurulmasina-qarsi-talaplari\\\/#primaryimage\"},\"image\":{\"@id\":\"https:\\\/\\\/qtmm.org\\\/qt\\\/butunqirim-mitingi-istirakcilerinin-ukrainada-diktatura-qurulmasina-qarsi-talaplari\\\/#primaryimage\"},\"thumbnailUrl\":\"https:\\\/\\\/qtmm.org\\\/wp-content\\\/uploads\\\/2022\\\/01\\\/dsc0171.jpeg\",\"datePublished\":\"2014-01-28T14:19:00+00:00\",\"dateModified\":\"2022-01-27T14:21:46+00:00\",\"breadcrumb\":{\"@id\":\"https:\\\/\\\/qtmm.org\\\/qt\\\/butunqirim-mitingi-istirakcilerinin-ukrainada-diktatura-qurulmasina-qarsi-talaplari\\\/#breadcrumb\"},\"inLanguage\":\"qt\",\"potentialAction\":[{\"@type\":\"ReadAction\",\"target\":[\"https:\\\/\\\/qtmm.org\\\/qt\\\/butunqirim-mitingi-istirakcilerinin-ukrainada-diktatura-qurulmasina-qarsi-talaplari\\\/\"]}]},{\"@type\":\"ImageObject\",\"inLanguage\":\"qt\",\"@id\":\"https:\\\/\\\/qtmm.org\\\/qt\\\/butunqirim-mitingi-istirakcilerinin-ukrainada-diktatura-qurulmasina-qarsi-talaplari\\\/#primaryimage\",\"url\":\"https:\\\/\\\/qtmm.org\\\/wp-content\\\/uploads\\\/2022\\\/01\\\/dsc0171.jpeg\",\"contentUrl\":\"https:\\\/\\\/qtmm.org\\\/wp-content\\\/uploads\\\/2022\\\/01\\\/dsc0171.jpeg\",\"width\":800,\"height\":536},{\"@type\":\"BreadcrumbList\",\"@id\":\"https:\\\/\\\/qtmm.org\\\/qt\\\/butunqirim-mitingi-istirakcilerinin-ukrainada-diktatura-qurulmasina-qarsi-talaplari\\\/#breadcrumb\",\"itemListElement\":[{\"@type\":\"ListItem\",\"position\":1,\"name\":\"\u0413\u043e\u043b\u043e\u0432\u043d\u0430\",\"item\":\"https:\\\/\\\/qtmm.org\\\/qt\\\/\"},{\"@type\":\"ListItem\",\"position\":2,\"name\":\"B\u00fct\u00fcnq\u0131r\u0131m mitingi i\u015ftirak\u00e7ilerini\u00f1 Ukrainada diktatura qurulmas\u0131na qar\u015f\u0131 talaplar\u0131\"}]},{\"@type\":\"WebSite\",\"@id\":\"https:\\\/\\\/qtmm.org\\\/qt\\\/#website\",\"url\":\"https:\\\/\\\/qtmm.org\\\/qt\\\/\",\"name\":\"\u041c\u0435\u0434\u0436\u043b\u0456\u0441\",\"description\":\"\",\"publisher\":{\"@id\":\"https:\\\/\\\/qtmm.org\\\/qt\\\/#organization\"},\"potentialAction\":[{\"@type\":\"SearchAction\",\"target\":{\"@type\":\"EntryPoint\",\"urlTemplate\":\"https:\\\/\\\/qtmm.org\\\/qt\\\/?s={search_term_string}\"},\"query-input\":{\"@type\":\"PropertyValueSpecification\",\"valueRequired\":true,\"valueName\":\"search_term_string\"}}],\"inLanguage\":\"qt\"},{\"@type\":\"Organization\",\"@id\":\"https:\\\/\\\/qtmm.org\\\/qt\\\/#organization\",\"name\":\"\u041c\u0435\u0434\u0436\u043b\u0456\u0441\",\"url\":\"https:\\\/\\\/qtmm.org\\\/qt\\\/\",\"logo\":{\"@type\":\"ImageObject\",\"inLanguage\":\"qt\",\"@id\":\"https:\\\/\\\/qtmm.org\\\/qt\\\/#\\\/schema\\\/logo\\\/image\\\/\",\"url\":\"https:\\\/\\\/qtmm.org\\\/wp-content\\\/uploads\\\/2024\\\/12\\\/ua-mejlis-logo-rgb.svg\",\"contentUrl\":\"https:\\\/\\\/qtmm.org\\\/wp-content\\\/uploads\\\/2024\\\/12\\\/ua-mejlis-logo-rgb.svg\",\"caption\":\"\u041c\u0435\u0434\u0436\u043b\u0456\u0441\"},\"image\":{\"@id\":\"https:\\\/\\\/qtmm.org\\\/qt\\\/#\\\/schema\\\/logo\\\/image\\\/\"},\"sameAs\":[\"https:\\\/\\\/www.facebook.com\\\/qtmm.info\\\/\"]},{\"@type\":\"Person\",\"@id\":\"https:\\\/\\\/qtmm.org\\\/qt\\\/#\\\/schema\\\/person\\\/de562469f971dec226ac06e60bbf74a7\",\"name\":\"Developer\",\"image\":{\"@type\":\"ImageObject\",\"inLanguage\":\"qt\",\"@id\":\"https:\\\/\\\/secure.gravatar.com\\\/avatar\\\/392b4cc8fbfeb00b39dfeeab4ee6edded39ffd48e25858637e4765810300227e?s=96&d=mm&r=g\",\"url\":\"https:\\\/\\\/secure.gravatar.com\\\/avatar\\\/392b4cc8fbfeb00b39dfeeab4ee6edded39ffd48e25858637e4765810300227e?s=96&d=mm&r=g\",\"contentUrl\":\"https:\\\/\\\/secure.gravatar.com\\\/avatar\\\/392b4cc8fbfeb00b39dfeeab4ee6edded39ffd48e25858637e4765810300227e?s=96&d=mm&r=g\",\"caption\":\"Developer\"},\"url\":\"https:\\\/\\\/qtmm.org\\\/qt\\\/author\\\/Developer\\\/\"}]}<\/script>\n<!-- \/ Yoast SEO plugin. -->","yoast_head_json":{"title":"B\u00fct\u00fcnq\u0131r\u0131m mitingi i\u015ftirak\u00e7ilerini\u00f1 Ukrainada diktatura qurulmas\u0131na qar\u015f\u0131 talaplar\u0131 - \u041c\u0435\u0434\u0436\u043b\u0456\u0441","robots":{"index":"index","follow":"follow","max-snippet":"max-snippet:-1","max-image-preview":"max-image-preview:large","max-video-preview":"max-video-preview:-1"},"canonical":"https:\/\/qtmm.org\/qt\/butunqirim-mitingi-istirakcilerinin-ukrainada-diktatura-qurulmasina-qarsi-talaplari\/","og_locale":"en_US","og_type":"article","og_title":"B\u00fct\u00fcnq\u0131r\u0131m mitingi i\u015ftirak\u00e7ilerini\u00f1 Ukrainada diktatura qurulmas\u0131na qar\u015f\u0131 talaplar\u0131 - \u041c\u0435\u0434\u0436\u043b\u0456\u0441","og_description":"Ukrainada diktatura qurulmas\u0131na qar\u015f\u0131 B\u00fct\u00fcnq\u0131r\u0131m mitingi i\u015ftirak\u00e7ilerini\u00f1&nbsp;Qarar\u0131 Ukrainada qan t\u00f6k\u00fclmesi ve diktatura qurulmas\u0131 toqtat\u0131ls\u0131n! 2014 senesi yanvar 16-da al\u0131n\u011fan diktatorl\u0131q qanunlar l\u00e2\u011fuv etilsin! Q\u0131r\u0131mtatar halq\u0131n\u0131\u00f1 aqlar\u0131 \u011fayr\u0131dan tiklenilsin! Ukrainan\u0131\u00f1 territorial b\u00fct\u00fcnligi ve mustaqilligi saqlan\u0131p qals\u0131n! Ukraina ve on\u0131\u00f1 vatanda\u015flar\u0131 mustaqilliklerini il\u00e2n etkenden so\u00f1 e\u00f1 tel\u00fckeli ve facial\u0131 k\u00fcnlerni ya\u015famaqtalar. Ukraina prezidenti ve \u00fck\u00fcmeti memleketni\u00f1 t\u0131\u015fq\u0131 [&hellip;]","og_url":"https:\/\/qtmm.org\/qt\/butunqirim-mitingi-istirakcilerinin-ukrainada-diktatura-qurulmasina-qarsi-talaplari\/","og_site_name":"\u041c\u0435\u0434\u0436\u043b\u0456\u0441","article_publisher":"https:\/\/www.facebook.com\/qtmm.info\/","article_published_time":"2014-01-28T14:19:00+00:00","article_modified_time":"2022-01-27T14:21:46+00:00","og_image":[{"width":800,"height":536,"url":"https:\/\/qtmm.org\/wp-content\/uploads\/2022\/01\/dsc0171.jpeg","type":"image\/jpeg"}],"author":"Developer","twitter_card":"summary_large_image","twitter_misc":{"Written by":"Developer","Est. reading time":"4 minutes"},"schema":{"@context":"https:\/\/schema.org","@graph":[{"@type":"Article","@id":"https:\/\/qtmm.org\/qt\/butunqirim-mitingi-istirakcilerinin-ukrainada-diktatura-qurulmasina-qarsi-talaplari\/#article","isPartOf":{"@id":"https:\/\/qtmm.org\/qt\/butunqirim-mitingi-istirakcilerinin-ukrainada-diktatura-qurulmasina-qarsi-talaplari\/"},"author":{"name":"Developer","@id":"https:\/\/qtmm.org\/qt\/#\/schema\/person\/de562469f971dec226ac06e60bbf74a7"},"headline":"B\u00fct\u00fcnq\u0131r\u0131m mitingi i\u015ftirak\u00e7ilerini\u00f1 Ukrainada diktatura qurulmas\u0131na qar\u015f\u0131 talaplar\u0131","datePublished":"2014-01-28T14:19:00+00:00","dateModified":"2022-01-27T14:21:46+00:00","mainEntityOfPage":{"@id":"https:\/\/qtmm.org\/qt\/butunqirim-mitingi-istirakcilerinin-ukrainada-diktatura-qurulmasina-qarsi-talaplari\/"},"wordCount":858,"commentCount":0,"publisher":{"@id":"https:\/\/qtmm.org\/qt\/#organization"},"image":{"@id":"https:\/\/qtmm.org\/qt\/butunqirim-mitingi-istirakcilerinin-ukrainada-diktatura-qurulmasina-qarsi-talaplari\/#primaryimage"},"thumbnailUrl":"https:\/\/qtmm.org\/wp-content\/uploads\/2022\/01\/dsc0171.jpeg","articleSection":["Haberler"],"inLanguage":"qt","potentialAction":[{"@type":"CommentAction","name":"Comment","target":["https:\/\/qtmm.org\/qt\/butunqirim-mitingi-istirakcilerinin-ukrainada-diktatura-qurulmasina-qarsi-talaplari\/#respond"]}]},{"@type":"WebPage","@id":"https:\/\/qtmm.org\/qt\/butunqirim-mitingi-istirakcilerinin-ukrainada-diktatura-qurulmasina-qarsi-talaplari\/","url":"https:\/\/qtmm.org\/qt\/butunqirim-mitingi-istirakcilerinin-ukrainada-diktatura-qurulmasina-qarsi-talaplari\/","name":"B\u00fct\u00fcnq\u0131r\u0131m mitingi i\u015ftirak\u00e7ilerini\u00f1 Ukrainada diktatura qurulmas\u0131na qar\u015f\u0131 talaplar\u0131 - \u041c\u0435\u0434\u0436\u043b\u0456\u0441","isPartOf":{"@id":"https:\/\/qtmm.org\/qt\/#website"},"primaryImageOfPage":{"@id":"https:\/\/qtmm.org\/qt\/butunqirim-mitingi-istirakcilerinin-ukrainada-diktatura-qurulmasina-qarsi-talaplari\/#primaryimage"},"image":{"@id":"https:\/\/qtmm.org\/qt\/butunqirim-mitingi-istirakcilerinin-ukrainada-diktatura-qurulmasina-qarsi-talaplari\/#primaryimage"},"thumbnailUrl":"https:\/\/qtmm.org\/wp-content\/uploads\/2022\/01\/dsc0171.jpeg","datePublished":"2014-01-28T14:19:00+00:00","dateModified":"2022-01-27T14:21:46+00:00","breadcrumb":{"@id":"https:\/\/qtmm.org\/qt\/butunqirim-mitingi-istirakcilerinin-ukrainada-diktatura-qurulmasina-qarsi-talaplari\/#breadcrumb"},"inLanguage":"qt","potentialAction":[{"@type":"ReadAction","target":["https:\/\/qtmm.org\/qt\/butunqirim-mitingi-istirakcilerinin-ukrainada-diktatura-qurulmasina-qarsi-talaplari\/"]}]},{"@type":"ImageObject","inLanguage":"qt","@id":"https:\/\/qtmm.org\/qt\/butunqirim-mitingi-istirakcilerinin-ukrainada-diktatura-qurulmasina-qarsi-talaplari\/#primaryimage","url":"https:\/\/qtmm.org\/wp-content\/uploads\/2022\/01\/dsc0171.jpeg","contentUrl":"https:\/\/qtmm.org\/wp-content\/uploads\/2022\/01\/dsc0171.jpeg","width":800,"height":536},{"@type":"BreadcrumbList","@id":"https:\/\/qtmm.org\/qt\/butunqirim-mitingi-istirakcilerinin-ukrainada-diktatura-qurulmasina-qarsi-talaplari\/#breadcrumb","itemListElement":[{"@type":"ListItem","position":1,"name":"\u0413\u043e\u043b\u043e\u0432\u043d\u0430","item":"https:\/\/qtmm.org\/qt\/"},{"@type":"ListItem","position":2,"name":"B\u00fct\u00fcnq\u0131r\u0131m mitingi i\u015ftirak\u00e7ilerini\u00f1 Ukrainada diktatura qurulmas\u0131na qar\u015f\u0131 talaplar\u0131"}]},{"@type":"WebSite","@id":"https:\/\/qtmm.org\/qt\/#website","url":"https:\/\/qtmm.org\/qt\/","name":"\u041c\u0435\u0434\u0436\u043b\u0456\u0441","description":"","publisher":{"@id":"https:\/\/qtmm.org\/qt\/#organization"},"potentialAction":[{"@type":"SearchAction","target":{"@type":"EntryPoint","urlTemplate":"https:\/\/qtmm.org\/qt\/?s={search_term_string}"},"query-input":{"@type":"PropertyValueSpecification","valueRequired":true,"valueName":"search_term_string"}}],"inLanguage":"qt"},{"@type":"Organization","@id":"https:\/\/qtmm.org\/qt\/#organization","name":"\u041c\u0435\u0434\u0436\u043b\u0456\u0441","url":"https:\/\/qtmm.org\/qt\/","logo":{"@type":"ImageObject","inLanguage":"qt","@id":"https:\/\/qtmm.org\/qt\/#\/schema\/logo\/image\/","url":"https:\/\/qtmm.org\/wp-content\/uploads\/2024\/12\/ua-mejlis-logo-rgb.svg","contentUrl":"https:\/\/qtmm.org\/wp-content\/uploads\/2024\/12\/ua-mejlis-logo-rgb.svg","caption":"\u041c\u0435\u0434\u0436\u043b\u0456\u0441"},"image":{"@id":"https:\/\/qtmm.org\/qt\/#\/schema\/logo\/image\/"},"sameAs":["https:\/\/www.facebook.com\/qtmm.info\/"]},{"@type":"Person","@id":"https:\/\/qtmm.org\/qt\/#\/schema\/person\/de562469f971dec226ac06e60bbf74a7","name":"Developer","image":{"@type":"ImageObject","inLanguage":"qt","@id":"https:\/\/secure.gravatar.com\/avatar\/392b4cc8fbfeb00b39dfeeab4ee6edded39ffd48e25858637e4765810300227e?s=96&d=mm&r=g","url":"https:\/\/secure.gravatar.com\/avatar\/392b4cc8fbfeb00b39dfeeab4ee6edded39ffd48e25858637e4765810300227e?s=96&d=mm&r=g","contentUrl":"https:\/\/secure.gravatar.com\/avatar\/392b4cc8fbfeb00b39dfeeab4ee6edded39ffd48e25858637e4765810300227e?s=96&d=mm&r=g","caption":"Developer"},"url":"https:\/\/qtmm.org\/qt\/author\/Developer\/"}]}},"_links":{"self":[{"href":"https:\/\/qtmm.org\/qt\/wp-json\/wp\/v2\/posts\/42895","targetHints":{"allow":["GET"]}}],"collection":[{"href":"https:\/\/qtmm.org\/qt\/wp-json\/wp\/v2\/posts"}],"about":[{"href":"https:\/\/qtmm.org\/qt\/wp-json\/wp\/v2\/types\/post"}],"author":[{"embeddable":true,"href":"https:\/\/qtmm.org\/qt\/wp-json\/wp\/v2\/users\/1"}],"replies":[{"embeddable":true,"href":"https:\/\/qtmm.org\/qt\/wp-json\/wp\/v2\/comments?post=42895"}],"version-history":[{"count":1,"href":"https:\/\/qtmm.org\/qt\/wp-json\/wp\/v2\/posts\/42895\/revisions"}],"predecessor-version":[{"id":42908,"href":"https:\/\/qtmm.org\/qt\/wp-json\/wp\/v2\/posts\/42895\/revisions\/42908"}],"wp:featuredmedia":[{"embeddable":true,"href":"https:\/\/qtmm.org\/qt\/wp-json\/wp\/v2\/media\/42904"}],"wp:attachment":[{"href":"https:\/\/qtmm.org\/qt\/wp-json\/wp\/v2\/media?parent=42895"}],"wp:term":[{"taxonomy":"category","embeddable":true,"href":"https:\/\/qtmm.org\/qt\/wp-json\/wp\/v2\/categories?post=42895"},{"taxonomy":"post_tag","embeddable":true,"href":"https:\/\/qtmm.org\/qt\/wp-json\/wp\/v2\/tags?post=42895"}],"curies":[{"name":"wp","href":"https:\/\/api.w.org\/{rel}","templated":true}]}}