




{"id":42885,"date":"2014-01-27T17:18:00","date_gmt":"2014-01-27T14:18:00","guid":{"rendered":"http:\/\/qtmm.org\/?p=42885"},"modified":"2022-01-27T17:19:34","modified_gmt":"2022-01-27T14:19:34","slug":"meclis-reisinin-muavini-aslan-omer-kirimli-belcika-ve-almaniyada-is-ziyaretinen-bulundi","status":"publish","type":"post","link":"https:\/\/qtmm.org\/qt\/meclis-reisinin-muavini-aslan-omer-kirimli-belcika-ve-almaniyada-is-ziyaretinen-bulundi\/","title":{"rendered":"Meclis reisini\u00f1 muavini Aslan \u00d6mer K\u0131r\u0131ml\u0131 Bel\u00e7ika ve Almaniyada i\u015f ziyaretinen bulund\u0131"},"content":{"rendered":"\n<p>Meclis reisini\u00f1 muavini Aslan \u00d6mer K\u0131r\u0131ml\u0131 Bel\u00e7ika ve Almaniyada \u00fc\u00e7 k\u00fcnl\u00fck i\u015f ziyareti devam\u0131nda bir s\u0131ra resmiy tedbirlerde i\u015ftirak etti<\/p>\n\n\n\n<p>C\u00fcmleden Aslan \u00d6mer K\u0131r\u0131ml\u0131 Gissen Q\u0131r\u0131mtatar yard\u0131mla\u015fma ve medeniyet dernegini\u00f1 ba\u015f\u0131 Rafet Qaranl\u0131q ve Avropadaki q\u0131r\u0131mtatar diasporas\u0131n\u0131\u00f1 liderleri ile k\u00f6r\u00fc\u015fip, Meclis ad\u0131ndan olar\u011fa yapqan i\u015fleri i\u00e7\u00fcn te\u015fekk\u00fcr bildirdi. &#8220;Br\u00fcssel \u2013 Avropan\u0131\u00f1, Avropa Birligi, Avropa parlamenti ve NATO temsilcilikleri bug\u00fcn\u011fan, paytaht\u0131d\u0131r. Biz Avropada temsil etilmemiz o\u011frunda birinci ad\u0131mlar\u0131m\u0131zn\u0131 yapt\u0131q&#8221;, &#8211; dedi Aslan \u00d6mer K\u0131r\u0131ml\u0131.<\/p>\n\n\n\n<p>Meclis reisini\u00f1 muavini T\u00fcrkiye Ba\u015f naziri Recep Tayip Erdogann\u0131\u00f1 k\u00f6r\u00fc\u015f\u00fcvlerinde de bulun\u0131p, o\u00f1a q\u0131r\u0131mtatar halq\u0131n\u0131\u00f1 lideri Mustafa Cemilevni\u00f1 sel\u00e2m\u0131n\u0131 bildirmek imk\u00e2n\u0131na nail old\u0131.<\/p>\n\n\n\n<p>Bundan da \u011fayr\u0131 A. \u00d6mer K\u0131r\u0131ml\u0131 i\u015f ziyareti \u00e7er\u00e7ivesinde ba\u015f nazir mesleat\u00e7\u0131lar\u0131 Yal\u00e7in Akdogan, Mucahit Arslan ve \u0130brahim Kal\u0131n ile k\u00f6r\u00fc\u015fip, Ukraina ve Q\u0131r\u0131mdaki so\u00f1ki vaqialar aqq\u0131nda tarif etti.<\/p>\n\n\n\n<p>Ziyaret devam\u0131nda Br\u00fcssel lobbi te\u015fkil\u00e2tlar\u0131n\u0131\u00f1 vekilleri, T\u00fcrkiyeni\u00f1 Avropa Birligindeki daimiy vekili Selim Yener, Azerbaycann\u0131\u00f1 el\u00e7isi Fuad \u0130skenderov ve Avropa parlamenti ve Avropa Birligi vekillerinen k\u00f6r\u00fc\u015f\u00fcvler ol\u0131p ke\u00e7ti.<\/p>\n\n\n\n<p>Eki tarafl\u0131 k\u00f6r\u00fc\u015f\u00fcvlerni\u00f1 so\u00f1unda Aslan \u00d6mer K\u0131r\u0131ml\u0131 T\u00fcrkiyeni\u00f1 Avropadaki T\u00dcS\u0130AD temsilciligi forum\u0131nda qat\u0131ld\u0131.<\/p>\n\n\n\n<p>&#8220;Biz m\u0131nda T\u00dcS\u0130AD temsilcisi Bahad\u0131r Kalea\u011fas\u0131n\u0131\u00f1 daveti ile keldik. Bizim, Q\u0131r\u0131m halqara biznes birle\u015fmesi olaraq, maqsad\u0131m\u0131z avropa forumlar\u0131nda faal i\u015ftirak etmektir. Bu munasebetnen vek\u00e2letlikni\u00f1 \u00e7e\u015fit modellerini baqam\u0131z&#8221;, &#8211; dedi Aslan \u00d6mer K\u0131r\u0131ml\u0131.<\/p>\n\n\n\n<figure class=\"wp-block-image size-full\"><img loading=\"lazy\" decoding=\"async\" width=\"650\" height=\"498\" src=\"http:\/\/qtmm.org\/wp-content\/uploads\/2022\/01\/brussel.jpeg\" alt=\"\" class=\"wp-image-42890\" srcset=\"https:\/\/qtmm.org\/wp-content\/uploads\/2022\/01\/brussel.jpeg 650w, https:\/\/qtmm.org\/wp-content\/uploads\/2022\/01\/brussel-300x230.jpeg 300w\" sizes=\"auto, (max-width: 650px) 100vw, 650px\" \/><\/figure>\n\n\n\n<p>Diger tedbirler s\u0131ras\u0131nda Aslan \u00d6mer K\u0131r\u0131ml\u0131 Avropa parlamentini\u00f1 avropa iqtisadiy alan ve keni\u015flet\u00fcv b\u00f6l\u00fcgini\u00f1 ba\u015f\u0131 Tomas Grunert ile k\u00f6r\u00fc\u015fip, on\u0131 Q\u0131r\u0131m\u011fa davet etti.<\/p>\n\n\n\n<p>Ziyaretni\u00f1 so\u00f1ki k\u00fcn\u00fc Meclis reisini\u00f1 muavini Kanal Avrupa televizion kanal\u0131nda bulun\u0131p, Ali Pa\u015fa Akba\u015fem ve kanal direktor\u0131 Seran Sargurnen k\u00f6r\u00fc\u015fip, olar\u011fa Avropa kanal\u0131nda k\u00f6sterilgen &#8220;Ye\u015fil Ada Q\u0131r\u0131m&#8221; yay\u0131n\u0131 i\u00e7\u00fcn te\u015fekk\u00fcr bildirdi.<br><br>Bel\u00e7ika ve Almaniya\u011fa ziyaret devam\u0131nda Aslan \u00d6mer K\u0131r\u0131ml\u0131\u011fa Meclisni\u00f1 Almaniyadaki temsilcisi Ahmet Ozay refaqatl\u0131q yapt\u0131.<\/p>\n","protected":false},"excerpt":{"rendered":"<p>Meclis reisini\u00f1 muavini Aslan \u00d6mer K\u0131r\u0131ml\u0131 Bel\u00e7ika ve Almaniyada \u00fc\u00e7 k\u00fcnl\u00fck i\u015f ziyareti devam\u0131nda bir s\u0131ra resmiy tedbirlerde i\u015ftirak etti C\u00fcmleden Aslan \u00d6mer K\u0131r\u0131ml\u0131 Gissen Q\u0131r\u0131mtatar yard\u0131mla\u015fma ve medeniyet dernegini\u00f1 ba\u015f\u0131 Rafet Qaranl\u0131q ve Avropadaki q\u0131r\u0131mtatar diasporas\u0131n\u0131\u00f1 liderleri ile k\u00f6r\u00fc\u015fip, Meclis ad\u0131ndan olar\u011fa yapqan i\u015fleri i\u00e7\u00fcn te\u015fekk\u00fcr bildirdi. &#8220;Br\u00fcssel \u2013 Avropan\u0131\u00f1, Avropa Birligi, Avropa parlamenti [&hellip;]<\/p>\n","protected":false},"author":1,"featured_media":42886,"comment_status":"open","ping_status":"open","sticky":false,"template":"","format":"standard","meta":{"inline_featured_image":false,"footnotes":""},"categories":[265],"tags":[],"class_list":["post-42885","post","type-post","status-publish","format-standard","has-post-thumbnail","hentry","category-haberler"],"acf":[],"yoast_head":"<!-- This site is optimized with the Yoast SEO plugin v27.4 - https:\/\/yoast.com\/product\/yoast-seo-wordpress\/ -->\n<title>Meclis reisini\u00f1 muavini Aslan \u00d6mer K\u0131r\u0131ml\u0131 Bel\u00e7ika ve Almaniyada i\u015f ziyaretinen bulund\u0131 - \u041c\u0435\u0434\u0436\u043b\u0456\u0441<\/title>\n<meta name=\"robots\" content=\"index, follow, max-snippet:-1, max-image-preview:large, max-video-preview:-1\" \/>\n<link rel=\"canonical\" href=\"https:\/\/qtmm.org\/qt\/meclis-reisinin-muavini-aslan-omer-kirimli-belcika-ve-almaniyada-is-ziyaretinen-bulundi\/\" \/>\n<meta property=\"og:locale\" content=\"en_US\" \/>\n<meta property=\"og:type\" content=\"article\" \/>\n<meta property=\"og:title\" content=\"Meclis reisini\u00f1 muavini Aslan \u00d6mer K\u0131r\u0131ml\u0131 Bel\u00e7ika ve Almaniyada i\u015f ziyaretinen bulund\u0131 - \u041c\u0435\u0434\u0436\u043b\u0456\u0441\" \/>\n<meta property=\"og:description\" content=\"Meclis reisini\u00f1 muavini Aslan \u00d6mer K\u0131r\u0131ml\u0131 Bel\u00e7ika ve Almaniyada \u00fc\u00e7 k\u00fcnl\u00fck i\u015f ziyareti devam\u0131nda bir s\u0131ra resmiy tedbirlerde i\u015ftirak etti C\u00fcmleden Aslan \u00d6mer K\u0131r\u0131ml\u0131 Gissen Q\u0131r\u0131mtatar yard\u0131mla\u015fma ve medeniyet dernegini\u00f1 ba\u015f\u0131 Rafet Qaranl\u0131q ve Avropadaki q\u0131r\u0131mtatar diasporas\u0131n\u0131\u00f1 liderleri ile k\u00f6r\u00fc\u015fip, Meclis ad\u0131ndan olar\u011fa yapqan i\u015fleri i\u00e7\u00fcn te\u015fekk\u00fcr bildirdi. &#8220;Br\u00fcssel \u2013 Avropan\u0131\u00f1, Avropa Birligi, Avropa parlamenti [&hellip;]\" \/>\n<meta property=\"og:url\" content=\"https:\/\/qtmm.org\/qt\/meclis-reisinin-muavini-aslan-omer-kirimli-belcika-ve-almaniyada-is-ziyaretinen-bulundi\/\" \/>\n<meta property=\"og:site_name\" content=\"\u041c\u0435\u0434\u0436\u043b\u0456\u0441\" \/>\n<meta property=\"article:publisher\" content=\"https:\/\/www.facebook.com\/qtmm.info\/\" \/>\n<meta property=\"article:published_time\" content=\"2014-01-27T14:18:00+00:00\" \/>\n<meta property=\"article:modified_time\" content=\"2022-01-27T14:19:34+00:00\" \/>\n<meta property=\"og:image\" content=\"https:\/\/qtmm.org\/wp-content\/uploads\/2022\/01\/img_4381.jpeg\" \/>\n\t<meta property=\"og:image:width\" content=\"650\" \/>\n\t<meta property=\"og:image:height\" content=\"492\" \/>\n\t<meta property=\"og:image:type\" content=\"image\/jpeg\" \/>\n<meta name=\"author\" content=\"Developer\" \/>\n<meta name=\"twitter:card\" content=\"summary_large_image\" \/>\n<meta name=\"twitter:label1\" content=\"Written by\" \/>\n\t<meta name=\"twitter:data1\" content=\"Developer\" \/>\n\t<meta name=\"twitter:label2\" content=\"Est. reading time\" \/>\n\t<meta name=\"twitter:data2\" content=\"2 minutes\" \/>\n<script type=\"application\/ld+json\" class=\"yoast-schema-graph\">{\"@context\":\"https:\\\/\\\/schema.org\",\"@graph\":[{\"@type\":\"Article\",\"@id\":\"https:\\\/\\\/qtmm.org\\\/qt\\\/meclis-reisinin-muavini-aslan-omer-kirimli-belcika-ve-almaniyada-is-ziyaretinen-bulundi\\\/#article\",\"isPartOf\":{\"@id\":\"https:\\\/\\\/qtmm.org\\\/qt\\\/meclis-reisinin-muavini-aslan-omer-kirimli-belcika-ve-almaniyada-is-ziyaretinen-bulundi\\\/\"},\"author\":{\"name\":\"Developer\",\"@id\":\"https:\\\/\\\/qtmm.org\\\/qt\\\/#\\\/schema\\\/person\\\/de562469f971dec226ac06e60bbf74a7\"},\"headline\":\"Meclis reisini\u00f1 muavini Aslan \u00d6mer K\u0131r\u0131ml\u0131 Bel\u00e7ika ve Almaniyada i\u015f ziyaretinen bulund\u0131\",\"datePublished\":\"2014-01-27T14:18:00+00:00\",\"dateModified\":\"2022-01-27T14:19:34+00:00\",\"mainEntityOfPage\":{\"@id\":\"https:\\\/\\\/qtmm.org\\\/qt\\\/meclis-reisinin-muavini-aslan-omer-kirimli-belcika-ve-almaniyada-is-ziyaretinen-bulundi\\\/\"},\"wordCount\":419,\"commentCount\":0,\"publisher\":{\"@id\":\"https:\\\/\\\/qtmm.org\\\/qt\\\/#organization\"},\"image\":{\"@id\":\"https:\\\/\\\/qtmm.org\\\/qt\\\/meclis-reisinin-muavini-aslan-omer-kirimli-belcika-ve-almaniyada-is-ziyaretinen-bulundi\\\/#primaryimage\"},\"thumbnailUrl\":\"https:\\\/\\\/qtmm.org\\\/wp-content\\\/uploads\\\/2022\\\/01\\\/img_4381.jpeg\",\"articleSection\":[\"Haberler\"],\"inLanguage\":\"qt\",\"potentialAction\":[{\"@type\":\"CommentAction\",\"name\":\"Comment\",\"target\":[\"https:\\\/\\\/qtmm.org\\\/qt\\\/meclis-reisinin-muavini-aslan-omer-kirimli-belcika-ve-almaniyada-is-ziyaretinen-bulundi\\\/#respond\"]}]},{\"@type\":\"WebPage\",\"@id\":\"https:\\\/\\\/qtmm.org\\\/qt\\\/meclis-reisinin-muavini-aslan-omer-kirimli-belcika-ve-almaniyada-is-ziyaretinen-bulundi\\\/\",\"url\":\"https:\\\/\\\/qtmm.org\\\/qt\\\/meclis-reisinin-muavini-aslan-omer-kirimli-belcika-ve-almaniyada-is-ziyaretinen-bulundi\\\/\",\"name\":\"Meclis reisini\u00f1 muavini Aslan \u00d6mer K\u0131r\u0131ml\u0131 Bel\u00e7ika ve Almaniyada i\u015f ziyaretinen bulund\u0131 - \u041c\u0435\u0434\u0436\u043b\u0456\u0441\",\"isPartOf\":{\"@id\":\"https:\\\/\\\/qtmm.org\\\/qt\\\/#website\"},\"primaryImageOfPage\":{\"@id\":\"https:\\\/\\\/qtmm.org\\\/qt\\\/meclis-reisinin-muavini-aslan-omer-kirimli-belcika-ve-almaniyada-is-ziyaretinen-bulundi\\\/#primaryimage\"},\"image\":{\"@id\":\"https:\\\/\\\/qtmm.org\\\/qt\\\/meclis-reisinin-muavini-aslan-omer-kirimli-belcika-ve-almaniyada-is-ziyaretinen-bulundi\\\/#primaryimage\"},\"thumbnailUrl\":\"https:\\\/\\\/qtmm.org\\\/wp-content\\\/uploads\\\/2022\\\/01\\\/img_4381.jpeg\",\"datePublished\":\"2014-01-27T14:18:00+00:00\",\"dateModified\":\"2022-01-27T14:19:34+00:00\",\"breadcrumb\":{\"@id\":\"https:\\\/\\\/qtmm.org\\\/qt\\\/meclis-reisinin-muavini-aslan-omer-kirimli-belcika-ve-almaniyada-is-ziyaretinen-bulundi\\\/#breadcrumb\"},\"inLanguage\":\"qt\",\"potentialAction\":[{\"@type\":\"ReadAction\",\"target\":[\"https:\\\/\\\/qtmm.org\\\/qt\\\/meclis-reisinin-muavini-aslan-omer-kirimli-belcika-ve-almaniyada-is-ziyaretinen-bulundi\\\/\"]}]},{\"@type\":\"ImageObject\",\"inLanguage\":\"qt\",\"@id\":\"https:\\\/\\\/qtmm.org\\\/qt\\\/meclis-reisinin-muavini-aslan-omer-kirimli-belcika-ve-almaniyada-is-ziyaretinen-bulundi\\\/#primaryimage\",\"url\":\"https:\\\/\\\/qtmm.org\\\/wp-content\\\/uploads\\\/2022\\\/01\\\/img_4381.jpeg\",\"contentUrl\":\"https:\\\/\\\/qtmm.org\\\/wp-content\\\/uploads\\\/2022\\\/01\\\/img_4381.jpeg\",\"width\":650,\"height\":492},{\"@type\":\"BreadcrumbList\",\"@id\":\"https:\\\/\\\/qtmm.org\\\/qt\\\/meclis-reisinin-muavini-aslan-omer-kirimli-belcika-ve-almaniyada-is-ziyaretinen-bulundi\\\/#breadcrumb\",\"itemListElement\":[{\"@type\":\"ListItem\",\"position\":1,\"name\":\"\u0413\u043e\u043b\u043e\u0432\u043d\u0430\",\"item\":\"https:\\\/\\\/qtmm.org\\\/qt\\\/\"},{\"@type\":\"ListItem\",\"position\":2,\"name\":\"Meclis reisini\u00f1 muavini Aslan \u00d6mer K\u0131r\u0131ml\u0131 Bel\u00e7ika ve Almaniyada i\u015f ziyaretinen bulund\u0131\"}]},{\"@type\":\"WebSite\",\"@id\":\"https:\\\/\\\/qtmm.org\\\/qt\\\/#website\",\"url\":\"https:\\\/\\\/qtmm.org\\\/qt\\\/\",\"name\":\"\u041c\u0435\u0434\u0436\u043b\u0456\u0441\",\"description\":\"\",\"publisher\":{\"@id\":\"https:\\\/\\\/qtmm.org\\\/qt\\\/#organization\"},\"potentialAction\":[{\"@type\":\"SearchAction\",\"target\":{\"@type\":\"EntryPoint\",\"urlTemplate\":\"https:\\\/\\\/qtmm.org\\\/qt\\\/?s={search_term_string}\"},\"query-input\":{\"@type\":\"PropertyValueSpecification\",\"valueRequired\":true,\"valueName\":\"search_term_string\"}}],\"inLanguage\":\"qt\"},{\"@type\":\"Organization\",\"@id\":\"https:\\\/\\\/qtmm.org\\\/qt\\\/#organization\",\"name\":\"\u041c\u0435\u0434\u0436\u043b\u0456\u0441\",\"url\":\"https:\\\/\\\/qtmm.org\\\/qt\\\/\",\"logo\":{\"@type\":\"ImageObject\",\"inLanguage\":\"qt\",\"@id\":\"https:\\\/\\\/qtmm.org\\\/qt\\\/#\\\/schema\\\/logo\\\/image\\\/\",\"url\":\"https:\\\/\\\/qtmm.org\\\/wp-content\\\/uploads\\\/2024\\\/12\\\/ua-mejlis-logo-rgb.svg\",\"contentUrl\":\"https:\\\/\\\/qtmm.org\\\/wp-content\\\/uploads\\\/2024\\\/12\\\/ua-mejlis-logo-rgb.svg\",\"caption\":\"\u041c\u0435\u0434\u0436\u043b\u0456\u0441\"},\"image\":{\"@id\":\"https:\\\/\\\/qtmm.org\\\/qt\\\/#\\\/schema\\\/logo\\\/image\\\/\"},\"sameAs\":[\"https:\\\/\\\/www.facebook.com\\\/qtmm.info\\\/\"]},{\"@type\":\"Person\",\"@id\":\"https:\\\/\\\/qtmm.org\\\/qt\\\/#\\\/schema\\\/person\\\/de562469f971dec226ac06e60bbf74a7\",\"name\":\"Developer\",\"image\":{\"@type\":\"ImageObject\",\"inLanguage\":\"qt\",\"@id\":\"https:\\\/\\\/secure.gravatar.com\\\/avatar\\\/392b4cc8fbfeb00b39dfeeab4ee6edded39ffd48e25858637e4765810300227e?s=96&d=mm&r=g\",\"url\":\"https:\\\/\\\/secure.gravatar.com\\\/avatar\\\/392b4cc8fbfeb00b39dfeeab4ee6edded39ffd48e25858637e4765810300227e?s=96&d=mm&r=g\",\"contentUrl\":\"https:\\\/\\\/secure.gravatar.com\\\/avatar\\\/392b4cc8fbfeb00b39dfeeab4ee6edded39ffd48e25858637e4765810300227e?s=96&d=mm&r=g\",\"caption\":\"Developer\"},\"url\":\"https:\\\/\\\/qtmm.org\\\/qt\\\/author\\\/Developer\\\/\"}]}<\/script>\n<!-- \/ Yoast SEO plugin. -->","yoast_head_json":{"title":"Meclis reisini\u00f1 muavini Aslan \u00d6mer K\u0131r\u0131ml\u0131 Bel\u00e7ika ve Almaniyada i\u015f ziyaretinen bulund\u0131 - \u041c\u0435\u0434\u0436\u043b\u0456\u0441","robots":{"index":"index","follow":"follow","max-snippet":"max-snippet:-1","max-image-preview":"max-image-preview:large","max-video-preview":"max-video-preview:-1"},"canonical":"https:\/\/qtmm.org\/qt\/meclis-reisinin-muavini-aslan-omer-kirimli-belcika-ve-almaniyada-is-ziyaretinen-bulundi\/","og_locale":"en_US","og_type":"article","og_title":"Meclis reisini\u00f1 muavini Aslan \u00d6mer K\u0131r\u0131ml\u0131 Bel\u00e7ika ve Almaniyada i\u015f ziyaretinen bulund\u0131 - \u041c\u0435\u0434\u0436\u043b\u0456\u0441","og_description":"Meclis reisini\u00f1 muavini Aslan \u00d6mer K\u0131r\u0131ml\u0131 Bel\u00e7ika ve Almaniyada \u00fc\u00e7 k\u00fcnl\u00fck i\u015f ziyareti devam\u0131nda bir s\u0131ra resmiy tedbirlerde i\u015ftirak etti C\u00fcmleden Aslan \u00d6mer K\u0131r\u0131ml\u0131 Gissen Q\u0131r\u0131mtatar yard\u0131mla\u015fma ve medeniyet dernegini\u00f1 ba\u015f\u0131 Rafet Qaranl\u0131q ve Avropadaki q\u0131r\u0131mtatar diasporas\u0131n\u0131\u00f1 liderleri ile k\u00f6r\u00fc\u015fip, Meclis ad\u0131ndan olar\u011fa yapqan i\u015fleri i\u00e7\u00fcn te\u015fekk\u00fcr bildirdi. &#8220;Br\u00fcssel \u2013 Avropan\u0131\u00f1, Avropa Birligi, Avropa parlamenti [&hellip;]","og_url":"https:\/\/qtmm.org\/qt\/meclis-reisinin-muavini-aslan-omer-kirimli-belcika-ve-almaniyada-is-ziyaretinen-bulundi\/","og_site_name":"\u041c\u0435\u0434\u0436\u043b\u0456\u0441","article_publisher":"https:\/\/www.facebook.com\/qtmm.info\/","article_published_time":"2014-01-27T14:18:00+00:00","article_modified_time":"2022-01-27T14:19:34+00:00","og_image":[{"width":650,"height":492,"url":"https:\/\/qtmm.org\/wp-content\/uploads\/2022\/01\/img_4381.jpeg","type":"image\/jpeg"}],"author":"Developer","twitter_card":"summary_large_image","twitter_misc":{"Written by":"Developer","Est. reading time":"2 minutes"},"schema":{"@context":"https:\/\/schema.org","@graph":[{"@type":"Article","@id":"https:\/\/qtmm.org\/qt\/meclis-reisinin-muavini-aslan-omer-kirimli-belcika-ve-almaniyada-is-ziyaretinen-bulundi\/#article","isPartOf":{"@id":"https:\/\/qtmm.org\/qt\/meclis-reisinin-muavini-aslan-omer-kirimli-belcika-ve-almaniyada-is-ziyaretinen-bulundi\/"},"author":{"name":"Developer","@id":"https:\/\/qtmm.org\/qt\/#\/schema\/person\/de562469f971dec226ac06e60bbf74a7"},"headline":"Meclis reisini\u00f1 muavini Aslan \u00d6mer K\u0131r\u0131ml\u0131 Bel\u00e7ika ve Almaniyada i\u015f ziyaretinen bulund\u0131","datePublished":"2014-01-27T14:18:00+00:00","dateModified":"2022-01-27T14:19:34+00:00","mainEntityOfPage":{"@id":"https:\/\/qtmm.org\/qt\/meclis-reisinin-muavini-aslan-omer-kirimli-belcika-ve-almaniyada-is-ziyaretinen-bulundi\/"},"wordCount":419,"commentCount":0,"publisher":{"@id":"https:\/\/qtmm.org\/qt\/#organization"},"image":{"@id":"https:\/\/qtmm.org\/qt\/meclis-reisinin-muavini-aslan-omer-kirimli-belcika-ve-almaniyada-is-ziyaretinen-bulundi\/#primaryimage"},"thumbnailUrl":"https:\/\/qtmm.org\/wp-content\/uploads\/2022\/01\/img_4381.jpeg","articleSection":["Haberler"],"inLanguage":"qt","potentialAction":[{"@type":"CommentAction","name":"Comment","target":["https:\/\/qtmm.org\/qt\/meclis-reisinin-muavini-aslan-omer-kirimli-belcika-ve-almaniyada-is-ziyaretinen-bulundi\/#respond"]}]},{"@type":"WebPage","@id":"https:\/\/qtmm.org\/qt\/meclis-reisinin-muavini-aslan-omer-kirimli-belcika-ve-almaniyada-is-ziyaretinen-bulundi\/","url":"https:\/\/qtmm.org\/qt\/meclis-reisinin-muavini-aslan-omer-kirimli-belcika-ve-almaniyada-is-ziyaretinen-bulundi\/","name":"Meclis reisini\u00f1 muavini Aslan \u00d6mer K\u0131r\u0131ml\u0131 Bel\u00e7ika ve Almaniyada i\u015f ziyaretinen bulund\u0131 - \u041c\u0435\u0434\u0436\u043b\u0456\u0441","isPartOf":{"@id":"https:\/\/qtmm.org\/qt\/#website"},"primaryImageOfPage":{"@id":"https:\/\/qtmm.org\/qt\/meclis-reisinin-muavini-aslan-omer-kirimli-belcika-ve-almaniyada-is-ziyaretinen-bulundi\/#primaryimage"},"image":{"@id":"https:\/\/qtmm.org\/qt\/meclis-reisinin-muavini-aslan-omer-kirimli-belcika-ve-almaniyada-is-ziyaretinen-bulundi\/#primaryimage"},"thumbnailUrl":"https:\/\/qtmm.org\/wp-content\/uploads\/2022\/01\/img_4381.jpeg","datePublished":"2014-01-27T14:18:00+00:00","dateModified":"2022-01-27T14:19:34+00:00","breadcrumb":{"@id":"https:\/\/qtmm.org\/qt\/meclis-reisinin-muavini-aslan-omer-kirimli-belcika-ve-almaniyada-is-ziyaretinen-bulundi\/#breadcrumb"},"inLanguage":"qt","potentialAction":[{"@type":"ReadAction","target":["https:\/\/qtmm.org\/qt\/meclis-reisinin-muavini-aslan-omer-kirimli-belcika-ve-almaniyada-is-ziyaretinen-bulundi\/"]}]},{"@type":"ImageObject","inLanguage":"qt","@id":"https:\/\/qtmm.org\/qt\/meclis-reisinin-muavini-aslan-omer-kirimli-belcika-ve-almaniyada-is-ziyaretinen-bulundi\/#primaryimage","url":"https:\/\/qtmm.org\/wp-content\/uploads\/2022\/01\/img_4381.jpeg","contentUrl":"https:\/\/qtmm.org\/wp-content\/uploads\/2022\/01\/img_4381.jpeg","width":650,"height":492},{"@type":"BreadcrumbList","@id":"https:\/\/qtmm.org\/qt\/meclis-reisinin-muavini-aslan-omer-kirimli-belcika-ve-almaniyada-is-ziyaretinen-bulundi\/#breadcrumb","itemListElement":[{"@type":"ListItem","position":1,"name":"\u0413\u043e\u043b\u043e\u0432\u043d\u0430","item":"https:\/\/qtmm.org\/qt\/"},{"@type":"ListItem","position":2,"name":"Meclis reisini\u00f1 muavini Aslan \u00d6mer K\u0131r\u0131ml\u0131 Bel\u00e7ika ve Almaniyada i\u015f ziyaretinen bulund\u0131"}]},{"@type":"WebSite","@id":"https:\/\/qtmm.org\/qt\/#website","url":"https:\/\/qtmm.org\/qt\/","name":"\u041c\u0435\u0434\u0436\u043b\u0456\u0441","description":"","publisher":{"@id":"https:\/\/qtmm.org\/qt\/#organization"},"potentialAction":[{"@type":"SearchAction","target":{"@type":"EntryPoint","urlTemplate":"https:\/\/qtmm.org\/qt\/?s={search_term_string}"},"query-input":{"@type":"PropertyValueSpecification","valueRequired":true,"valueName":"search_term_string"}}],"inLanguage":"qt"},{"@type":"Organization","@id":"https:\/\/qtmm.org\/qt\/#organization","name":"\u041c\u0435\u0434\u0436\u043b\u0456\u0441","url":"https:\/\/qtmm.org\/qt\/","logo":{"@type":"ImageObject","inLanguage":"qt","@id":"https:\/\/qtmm.org\/qt\/#\/schema\/logo\/image\/","url":"https:\/\/qtmm.org\/wp-content\/uploads\/2024\/12\/ua-mejlis-logo-rgb.svg","contentUrl":"https:\/\/qtmm.org\/wp-content\/uploads\/2024\/12\/ua-mejlis-logo-rgb.svg","caption":"\u041c\u0435\u0434\u0436\u043b\u0456\u0441"},"image":{"@id":"https:\/\/qtmm.org\/qt\/#\/schema\/logo\/image\/"},"sameAs":["https:\/\/www.facebook.com\/qtmm.info\/"]},{"@type":"Person","@id":"https:\/\/qtmm.org\/qt\/#\/schema\/person\/de562469f971dec226ac06e60bbf74a7","name":"Developer","image":{"@type":"ImageObject","inLanguage":"qt","@id":"https:\/\/secure.gravatar.com\/avatar\/392b4cc8fbfeb00b39dfeeab4ee6edded39ffd48e25858637e4765810300227e?s=96&d=mm&r=g","url":"https:\/\/secure.gravatar.com\/avatar\/392b4cc8fbfeb00b39dfeeab4ee6edded39ffd48e25858637e4765810300227e?s=96&d=mm&r=g","contentUrl":"https:\/\/secure.gravatar.com\/avatar\/392b4cc8fbfeb00b39dfeeab4ee6edded39ffd48e25858637e4765810300227e?s=96&d=mm&r=g","caption":"Developer"},"url":"https:\/\/qtmm.org\/qt\/author\/Developer\/"}]}},"_links":{"self":[{"href":"https:\/\/qtmm.org\/qt\/wp-json\/wp\/v2\/posts\/42885","targetHints":{"allow":["GET"]}}],"collection":[{"href":"https:\/\/qtmm.org\/qt\/wp-json\/wp\/v2\/posts"}],"about":[{"href":"https:\/\/qtmm.org\/qt\/wp-json\/wp\/v2\/types\/post"}],"author":[{"embeddable":true,"href":"https:\/\/qtmm.org\/qt\/wp-json\/wp\/v2\/users\/1"}],"replies":[{"embeddable":true,"href":"https:\/\/qtmm.org\/qt\/wp-json\/wp\/v2\/comments?post=42885"}],"version-history":[{"count":1,"href":"https:\/\/qtmm.org\/qt\/wp-json\/wp\/v2\/posts\/42885\/revisions"}],"predecessor-version":[{"id":42894,"href":"https:\/\/qtmm.org\/qt\/wp-json\/wp\/v2\/posts\/42885\/revisions\/42894"}],"wp:featuredmedia":[{"embeddable":true,"href":"https:\/\/qtmm.org\/qt\/wp-json\/wp\/v2\/media\/42886"}],"wp:attachment":[{"href":"https:\/\/qtmm.org\/qt\/wp-json\/wp\/v2\/media?parent=42885"}],"wp:term":[{"taxonomy":"category","embeddable":true,"href":"https:\/\/qtmm.org\/qt\/wp-json\/wp\/v2\/categories?post=42885"},{"taxonomy":"post_tag","embeddable":true,"href":"https:\/\/qtmm.org\/qt\/wp-json\/wp\/v2\/tags?post=42885"}],"curies":[{"name":"wp","href":"https:\/\/api.w.org\/{rel}","templated":true}]}}