




{"id":42733,"date":"2014-01-25T17:13:00","date_gmt":"2014-01-25T14:13:00","guid":{"rendered":"http:\/\/qtmm.org\/?p=42733"},"modified":"2022-01-27T17:14:47","modified_gmt":"2022-01-27T14:14:47","slug":"ukrainada-qan-tokuluvi-ve-diktatura-toqtatilsin-2014-senesi-yanvar-16-alingan-diktatorliq-qanunlar-lagu-etilsin-qirimtatar-halqinin-aqlari-tiklenilsin-ukrainanin-territorial-butunligi-ve-mustaqilli","status":"publish","type":"post","link":"https:\/\/qtmm.org\/qt\/ukrainada-qan-tokuluvi-ve-diktatura-toqtatilsin-2014-senesi-yanvar-16-alingan-diktatorliq-qanunlar-lagu-etilsin-qirimtatar-halqinin-aqlari-tiklenilsin-ukrainanin-territorial-butunligi-ve-mustaqilli\/","title":{"rendered":"Ukrainada qan t\u00f6k\u00fcl\u00fcvi ve diktatura toqtat\u0131ls\u0131n! 2014 senesi yanvar 16 al\u0131n\u011fan diktatorl\u0131q qanunlar l\u00e2\u011fu etilsin! Q\u0131r\u0131mtatar halq\u0131n\u0131\u00f1 aqlar\u0131 tiklenilsin! Ukrainan\u0131\u00f1 territorial b\u00fct\u00fcnligi ve mustaqilligi saqlan\u0131p qals\u0131n!"},"content":{"rendered":"\n<p><em>B\u00f6yle \u015fiarlar alt\u0131nda Q\u0131r\u0131mtatar halq\u0131n\u0131\u00f1 Meclisi 2014 senesi yanvar 28 k\u00fcn\u00fc saat 12.00-de Aqmescitni\u00f1 merkeziy meydan\u0131nda miting ke\u00e7irecek.<\/em><\/p>\n\n\n\n<p>Bu aqta Meclis reisi Refat \u00c7ubarov Meclisni\u00f1 yanvar 25 k\u00fcn\u00fc ke\u00e7irilgen nevbetten t\u0131\u015f keni\u015fletilgen topla\u015fuvn\u0131\u00f1 neticelerine k\u00f6re bildirdi.<\/p>\n\n\n\n<p>&#8220;Q\u0131r\u0131mda ya\u015fa\u011fan insanlarn\u0131\u00f1 taqdiri, yar\u0131madada bar\u0131\u015f\u0131q ve t\u0131n\u00e7l\u0131q i\u00e7\u00fcn mes\u00fclietini a\u00f1layaraq ve Ukrainan\u0131\u00f1 diktatura\u011fa taymas\u0131n\u0131\u00f1 \u00f6g\u00fcni almaq, Ukraina sakinlerini\u00f1 \u00f6ld\u00fcrilmesi ve qan t\u00f6k\u00fclmesini\u00f1 toqtat\u0131lmas\u0131 i\u00e7\u00fcn Meclis b\u00fct\u00fcn imk\u00e2n ve areketlerden faydalanacaq&#8221;, &#8211; dedi Meclis reisi Refat \u00c7ubarov<\/p>\n\n\n\n<p>Eki saatten ziyade devam etken topla\u015fuv vaqt\u0131nda Meclis azalar\u0131 ve regional meclislerni\u00f1 reisleri Ukrainada siyasiy inq\u0131razn\u0131\u00f1 sebeplerini ve endi insan qurbanlar\u0131na ketirgen ep \u015fiddetle\u015feyatqan zorbal\u0131q, basq\u0131n\u0131\u00f1 aqibetlerini er taraflama talil ettiler.<\/p>\n\n\n\n<p>Meclis topla\u015fuv\u0131nda i\u015ftirak etken Qurultay Tefti\u015f komissiyas\u0131n\u0131\u00f1 reisi Ali \u00d6zenba\u015f ve Merkeziy saylav komissiyas\u0131n\u0131\u00f1 ba\u015f\u0131 Zair Smedl\u00e2yev de \u00f6z tekliflerinen \u00e7\u0131q\u0131\u015fta bulund\u0131lar.<br><br>\u00c7\u0131q\u0131\u015fta bulun\u011fanlarn\u0131\u00f1 ekseriyeti memlekette qan t\u00f6k\u00fclmesi ve zorbal\u0131q i\u00e7\u00fcn akimiyet organlar\u0131 mes\u00fclietlidirler. \u00c7\u00fcnki olarn\u0131\u00f1 t\u0131\u015fq\u0131 siyasette \u00f6z s\u00f6z\u00fcnde turma\u011fanlar\u0131 ve t\u0131n\u00e7 toplant\u0131 i\u015ftirak\u00e7ilerine nisbeten ceza siyasetini qullan\u011fanlar\u0131 Ukrainan\u0131\u00f1 Kiyevde ve bir \u00e7oq vil\u00e2yetlerinde vatanda\u015flarn\u0131\u00f1 k\u00fctleviy numay\u0131\u015flar\u0131na sebep\u00e7i old\u0131.<\/p>\n\n\n\n<figure class=\"wp-block-image size-full\"><img loading=\"lazy\" decoding=\"async\" width=\"650\" height=\"267\" src=\"http:\/\/qtmm.org\/wp-content\/uploads\/2022\/01\/1_152.jpeg\" alt=\"\" class=\"wp-image-42738\" srcset=\"https:\/\/qtmm.org\/wp-content\/uploads\/2022\/01\/1_152.jpeg 650w, https:\/\/qtmm.org\/wp-content\/uploads\/2022\/01\/1_152-300x123.jpeg 300w\" sizes=\"auto, (max-width: 650px) 100vw, 650px\" \/><\/figure>\n\n\n\n<p>Meclis azalar\u0131 Ukraina Regionlar firqas\u0131 ve Kommunist partiyas\u0131 fraktsiyalar\u0131n\u0131\u00f1 azalar\u0131 ol\u011fan deputatlarn\u0131\u00f1 insann\u0131\u00f1 temeliy aqlar\u0131 ve serbestliklerine a\u00e7\u0131qtan-a\u00e7\u0131q basq\u0131 yapqanlar\u0131n\u0131 qaralad\u0131lar. Bun\u0131 Ukraina Anayasas\u0131 ve Ukrainan\u0131\u00f1 halqara vazifelerine z\u0131t kelgen diktatorl\u0131q qanunlar parlament protseduralar\u0131 ve demokratik printsiplerge riayet etilmeyip qabul etilgen qanunlar ifade eteler.<\/p>\n\n\n\n<p>&#8220;\u00d6z qarar\u0131m\u0131znen biz q\u0131r\u0131mtatarlarn\u0131\u00f1 ve diger millet vekillerini\u00f1 Meclis ad\u0131na yolla\u011fan ve bildirgen bir \u00e7oq muracaatlar\u0131na seslenmi\u015f old\u0131q, &#8211; dedi R. \u00c7ubarov. \u2013 Bu munasebetnen Q\u0131r\u0131mtatar halq\u0131n\u0131\u00f1 Meclisi 2014 senesi yanvar 28 k\u00fcn\u00fc saat 12.00-de Aqmescitni\u00f1 merkeziy meydan\u0131nda miting ke\u00e7irecek. On\u0131\u00f1 esas \u015fiar\u0131 Ukrainan\u0131\u00f1 diktatura\u011fa taymas\u0131n\u0131\u00f1 ve qan t\u00f6k\u00fclmesini\u00f1 \u00f6g\u00fcni almaqt\u0131r&#8221;.<\/p>\n\n\n\n<figure class=\"wp-block-image size-full\"><img loading=\"lazy\" decoding=\"async\" width=\"650\" height=\"294\" src=\"http:\/\/qtmm.org\/wp-content\/uploads\/2022\/01\/img_4822.jpeg\" alt=\"\" class=\"wp-image-42742\" srcset=\"https:\/\/qtmm.org\/wp-content\/uploads\/2022\/01\/img_4822.jpeg 650w, https:\/\/qtmm.org\/wp-content\/uploads\/2022\/01\/img_4822-300x136.jpeg 300w\" sizes=\"auto, (max-width: 650px) 100vw, 650px\" \/><\/figure>\n\n\n\n<p>Meclis reisi emin ki, Ukrainada bar\u0131\u015f\u0131q ve t\u0131n\u00e7l\u0131q faqat s\u00f6yle\u015f\u00fcvler masas\u0131 ba\u015f\u0131nda elde etilebilir. &#8220;Planla\u015ft\u0131r\u0131l\u011fan mitingde Meclis Ukrainan\u0131\u00f1 territorial b\u00fct\u00fcnligi ve yanvar 16 k\u00fcn\u00fc Ukraina parlamenti taraf\u0131ndan al\u0131n\u011fan qanunlarn\u0131\u00f1 l\u00e2\u011fu etilmesini talap etken \u015fiarlarnen \u00e7\u0131qacaq, &#8211; dep qayd etti R. \u00c7ubarov. \u2013 Biz Kiyevde ve diger vil\u00e2yetlerdeki dramatik vaqialar Q\u0131r\u0131m akimiyeti i\u00e7\u00fcn ders olmas\u0131n\u0131 isteymiz. Real dialog aqq\u0131ndaki bizim \u00e7a\u011f\u0131ruvlar\u0131m\u0131zn\u0131 akimiyet \u00f6yle de e\u015fitmedi. Q\u0131r\u0131mtatarlarn\u0131\u00f1 aqlar\u0131 qor\u00e7alan\u011fan i\u00e7 bir saa yoqt\u0131r. \u015eun\u0131\u00f1 i\u00e7\u00fcn de bu mitingde biz yaq\u0131n aylarda yapacaq areketlerimiz plan\u0131n\u0131 taqdim etecekmiz. Bu a\u00e7\u0131q ve namusl\u0131 \u015fekilde yap\u0131lacaq ki, Q\u0131r\u0131m akimiyetine cemaat ile k\u00f6zboyama dialoglar\u0131ndan vazge\u00e7mesine yard\u0131m olsun&#8221;.<\/p>\n\n\n\n<p>Topla\u015fuv devam\u0131nda Meclis reisi Refat \u00c7ubarov Q\u0131r\u0131m Nazirler \u015furas\u0131n\u0131\u00f1 reisinen ol\u011fan telefon qonu\u015fmas\u0131 aqq\u0131nda aytt\u0131. &#8220;Anatoliy Vladimirovi\u00e7 on\u0131 temin ettikleri baz\u0131 haberlernen ba\u011fl\u0131 bir &#8220;tel\u00e2\u015flar\u0131nen&#8221; ile payla\u015ft\u0131. Laf, g\u00fcya Meclis Q\u0131r\u0131mda memuriy binalarn\u0131 zapt etmesi aqq\u0131nda ketti, &#8211; dedi \u00c7ubarov. \u2013 Men Meclisni\u00f1 b\u00f6yle meram\u0131 olma\u011fan\u0131 sebebinden &#8220;tel\u00e2\u015flar\u0131n\u0131&#8221; ba\u015fqa yerge bildirmesini, informatsiya bergenlerni ise halq aras\u0131nda belli adreske yollamas\u0131n\u0131 tevsiye ettim.<\/p>\n","protected":false},"excerpt":{"rendered":"<p>B\u00f6yle \u015fiarlar alt\u0131nda Q\u0131r\u0131mtatar halq\u0131n\u0131\u00f1 Meclisi 2014 senesi yanvar 28 k\u00fcn\u00fc saat 12.00-de Aqmescitni\u00f1 merkeziy meydan\u0131nda miting ke\u00e7irecek. Bu aqta Meclis reisi Refat \u00c7ubarov Meclisni\u00f1 yanvar 25 k\u00fcn\u00fc ke\u00e7irilgen nevbetten t\u0131\u015f keni\u015fletilgen topla\u015fuvn\u0131\u00f1 neticelerine k\u00f6re bildirdi. &#8220;Q\u0131r\u0131mda ya\u015fa\u011fan insanlarn\u0131\u00f1 taqdiri, yar\u0131madada bar\u0131\u015f\u0131q ve t\u0131n\u00e7l\u0131q i\u00e7\u00fcn mes\u00fclietini a\u00f1layaraq ve Ukrainan\u0131\u00f1 diktatura\u011fa taymas\u0131n\u0131\u00f1 \u00f6g\u00fcni almaq, Ukraina sakinlerini\u00f1 [&hellip;]<\/p>\n","protected":false},"author":1,"featured_media":42734,"comment_status":"open","ping_status":"open","sticky":false,"template":"","format":"standard","meta":{"inline_featured_image":false,"footnotes":""},"categories":[265],"tags":[],"class_list":["post-42733","post","type-post","status-publish","format-standard","has-post-thumbnail","hentry","category-haberler"],"acf":[],"yoast_head":"<!-- This site is optimized with the Yoast SEO plugin v27.4 - https:\/\/yoast.com\/product\/yoast-seo-wordpress\/ -->\n<title>Ukrainada qan t\u00f6k\u00fcl\u00fcvi ve diktatura toqtat\u0131ls\u0131n! 2014 senesi yanvar 16 al\u0131n\u011fan diktatorl\u0131q qanunlar l\u00e2\u011fu etilsin! Q\u0131r\u0131mtatar halq\u0131n\u0131\u00f1 aqlar\u0131 tiklenilsin! Ukrainan\u0131\u00f1 territorial b\u00fct\u00fcnligi ve mustaqilligi saqlan\u0131p qals\u0131n! - \u041c\u0435\u0434\u0436\u043b\u0456\u0441<\/title>\n<meta name=\"robots\" content=\"index, follow, max-snippet:-1, max-image-preview:large, max-video-preview:-1\" \/>\n<link rel=\"canonical\" href=\"https:\/\/qtmm.org\/qt\/ukrainada-qan-tokuluvi-ve-diktatura-toqtatilsin-2014-senesi-yanvar-16-alingan-diktatorliq-qanunlar-lagu-etilsin-qirimtatar-halqinin-aqlari-tiklenilsin-ukrainanin-territorial-butunligi-ve-mustaqilli\/\" \/>\n<meta property=\"og:locale\" content=\"en_US\" \/>\n<meta property=\"og:type\" content=\"article\" \/>\n<meta property=\"og:title\" content=\"Ukrainada qan t\u00f6k\u00fcl\u00fcvi ve diktatura toqtat\u0131ls\u0131n! 2014 senesi yanvar 16 al\u0131n\u011fan diktatorl\u0131q qanunlar l\u00e2\u011fu etilsin! Q\u0131r\u0131mtatar halq\u0131n\u0131\u00f1 aqlar\u0131 tiklenilsin! Ukrainan\u0131\u00f1 territorial b\u00fct\u00fcnligi ve mustaqilligi saqlan\u0131p qals\u0131n! - \u041c\u0435\u0434\u0436\u043b\u0456\u0441\" \/>\n<meta property=\"og:description\" content=\"B\u00f6yle \u015fiarlar alt\u0131nda Q\u0131r\u0131mtatar halq\u0131n\u0131\u00f1 Meclisi 2014 senesi yanvar 28 k\u00fcn\u00fc saat 12.00-de Aqmescitni\u00f1 merkeziy meydan\u0131nda miting ke\u00e7irecek. Bu aqta Meclis reisi Refat \u00c7ubarov Meclisni\u00f1 yanvar 25 k\u00fcn\u00fc ke\u00e7irilgen nevbetten t\u0131\u015f keni\u015fletilgen topla\u015fuvn\u0131\u00f1 neticelerine k\u00f6re bildirdi. &#8220;Q\u0131r\u0131mda ya\u015fa\u011fan insanlarn\u0131\u00f1 taqdiri, yar\u0131madada bar\u0131\u015f\u0131q ve t\u0131n\u00e7l\u0131q i\u00e7\u00fcn mes\u00fclietini a\u00f1layaraq ve Ukrainan\u0131\u00f1 diktatura\u011fa taymas\u0131n\u0131\u00f1 \u00f6g\u00fcni almaq, Ukraina sakinlerini\u00f1 [&hellip;]\" \/>\n<meta property=\"og:url\" content=\"https:\/\/qtmm.org\/qt\/ukrainada-qan-tokuluvi-ve-diktatura-toqtatilsin-2014-senesi-yanvar-16-alingan-diktatorliq-qanunlar-lagu-etilsin-qirimtatar-halqinin-aqlari-tiklenilsin-ukrainanin-territorial-butunligi-ve-mustaqilli\/\" \/>\n<meta property=\"og:site_name\" content=\"\u041c\u0435\u0434\u0436\u043b\u0456\u0441\" \/>\n<meta property=\"article:publisher\" content=\"https:\/\/www.facebook.com\/qtmm.info\/\" \/>\n<meta property=\"article:published_time\" content=\"2014-01-25T14:13:00+00:00\" \/>\n<meta property=\"article:modified_time\" content=\"2022-01-27T14:14:47+00:00\" \/>\n<meta property=\"og:image\" content=\"https:\/\/qtmm.org\/wp-content\/uploads\/2022\/01\/img_4842.jpeg\" \/>\n\t<meta property=\"og:image:width\" content=\"650\" \/>\n\t<meta property=\"og:image:height\" content=\"340\" \/>\n\t<meta property=\"og:image:type\" content=\"image\/jpeg\" \/>\n<meta name=\"author\" content=\"Developer\" \/>\n<meta name=\"twitter:card\" content=\"summary_large_image\" \/>\n<meta name=\"twitter:label1\" content=\"Written by\" \/>\n\t<meta name=\"twitter:data1\" content=\"Developer\" \/>\n\t<meta name=\"twitter:label2\" content=\"Est. reading time\" \/>\n\t<meta name=\"twitter:data2\" content=\"3 minutes\" \/>\n<script type=\"application\/ld+json\" class=\"yoast-schema-graph\">{\"@context\":\"https:\\\/\\\/schema.org\",\"@graph\":[{\"@type\":\"Article\",\"@id\":\"https:\\\/\\\/qtmm.org\\\/qt\\\/ukrainada-qan-tokuluvi-ve-diktatura-toqtatilsin-2014-senesi-yanvar-16-alingan-diktatorliq-qanunlar-lagu-etilsin-qirimtatar-halqinin-aqlari-tiklenilsin-ukrainanin-territorial-butunligi-ve-mustaqilli\\\/#article\",\"isPartOf\":{\"@id\":\"https:\\\/\\\/qtmm.org\\\/qt\\\/ukrainada-qan-tokuluvi-ve-diktatura-toqtatilsin-2014-senesi-yanvar-16-alingan-diktatorliq-qanunlar-lagu-etilsin-qirimtatar-halqinin-aqlari-tiklenilsin-ukrainanin-territorial-butunligi-ve-mustaqilli\\\/\"},\"author\":{\"name\":\"Developer\",\"@id\":\"https:\\\/\\\/qtmm.org\\\/qt\\\/#\\\/schema\\\/person\\\/de562469f971dec226ac06e60bbf74a7\"},\"headline\":\"Ukrainada qan t\u00f6k\u00fcl\u00fcvi ve diktatura toqtat\u0131ls\u0131n! 2014 senesi yanvar 16 al\u0131n\u011fan diktatorl\u0131q qanunlar l\u00e2\u011fu etilsin! Q\u0131r\u0131mtatar halq\u0131n\u0131\u00f1 aqlar\u0131 tiklenilsin! Ukrainan\u0131\u00f1 territorial b\u00fct\u00fcnligi ve mustaqilligi saqlan\u0131p qals\u0131n!\",\"datePublished\":\"2014-01-25T14:13:00+00:00\",\"dateModified\":\"2022-01-27T14:14:47+00:00\",\"mainEntityOfPage\":{\"@id\":\"https:\\\/\\\/qtmm.org\\\/qt\\\/ukrainada-qan-tokuluvi-ve-diktatura-toqtatilsin-2014-senesi-yanvar-16-alingan-diktatorliq-qanunlar-lagu-etilsin-qirimtatar-halqinin-aqlari-tiklenilsin-ukrainanin-territorial-butunligi-ve-mustaqilli\\\/\"},\"wordCount\":618,\"commentCount\":0,\"publisher\":{\"@id\":\"https:\\\/\\\/qtmm.org\\\/qt\\\/#organization\"},\"image\":{\"@id\":\"https:\\\/\\\/qtmm.org\\\/qt\\\/ukrainada-qan-tokuluvi-ve-diktatura-toqtatilsin-2014-senesi-yanvar-16-alingan-diktatorliq-qanunlar-lagu-etilsin-qirimtatar-halqinin-aqlari-tiklenilsin-ukrainanin-territorial-butunligi-ve-mustaqilli\\\/#primaryimage\"},\"thumbnailUrl\":\"https:\\\/\\\/qtmm.org\\\/wp-content\\\/uploads\\\/2022\\\/01\\\/img_4842.jpeg\",\"articleSection\":[\"Haberler\"],\"inLanguage\":\"qt\",\"potentialAction\":[{\"@type\":\"CommentAction\",\"name\":\"Comment\",\"target\":[\"https:\\\/\\\/qtmm.org\\\/qt\\\/ukrainada-qan-tokuluvi-ve-diktatura-toqtatilsin-2014-senesi-yanvar-16-alingan-diktatorliq-qanunlar-lagu-etilsin-qirimtatar-halqinin-aqlari-tiklenilsin-ukrainanin-territorial-butunligi-ve-mustaqilli\\\/#respond\"]}]},{\"@type\":\"WebPage\",\"@id\":\"https:\\\/\\\/qtmm.org\\\/qt\\\/ukrainada-qan-tokuluvi-ve-diktatura-toqtatilsin-2014-senesi-yanvar-16-alingan-diktatorliq-qanunlar-lagu-etilsin-qirimtatar-halqinin-aqlari-tiklenilsin-ukrainanin-territorial-butunligi-ve-mustaqilli\\\/\",\"url\":\"https:\\\/\\\/qtmm.org\\\/qt\\\/ukrainada-qan-tokuluvi-ve-diktatura-toqtatilsin-2014-senesi-yanvar-16-alingan-diktatorliq-qanunlar-lagu-etilsin-qirimtatar-halqinin-aqlari-tiklenilsin-ukrainanin-territorial-butunligi-ve-mustaqilli\\\/\",\"name\":\"Ukrainada qan t\u00f6k\u00fcl\u00fcvi ve diktatura toqtat\u0131ls\u0131n! 2014 senesi yanvar 16 al\u0131n\u011fan diktatorl\u0131q qanunlar l\u00e2\u011fu etilsin! Q\u0131r\u0131mtatar halq\u0131n\u0131\u00f1 aqlar\u0131 tiklenilsin! Ukrainan\u0131\u00f1 territorial b\u00fct\u00fcnligi ve mustaqilligi saqlan\u0131p qals\u0131n! - \u041c\u0435\u0434\u0436\u043b\u0456\u0441\",\"isPartOf\":{\"@id\":\"https:\\\/\\\/qtmm.org\\\/qt\\\/#website\"},\"primaryImageOfPage\":{\"@id\":\"https:\\\/\\\/qtmm.org\\\/qt\\\/ukrainada-qan-tokuluvi-ve-diktatura-toqtatilsin-2014-senesi-yanvar-16-alingan-diktatorliq-qanunlar-lagu-etilsin-qirimtatar-halqinin-aqlari-tiklenilsin-ukrainanin-territorial-butunligi-ve-mustaqilli\\\/#primaryimage\"},\"image\":{\"@id\":\"https:\\\/\\\/qtmm.org\\\/qt\\\/ukrainada-qan-tokuluvi-ve-diktatura-toqtatilsin-2014-senesi-yanvar-16-alingan-diktatorliq-qanunlar-lagu-etilsin-qirimtatar-halqinin-aqlari-tiklenilsin-ukrainanin-territorial-butunligi-ve-mustaqilli\\\/#primaryimage\"},\"thumbnailUrl\":\"https:\\\/\\\/qtmm.org\\\/wp-content\\\/uploads\\\/2022\\\/01\\\/img_4842.jpeg\",\"datePublished\":\"2014-01-25T14:13:00+00:00\",\"dateModified\":\"2022-01-27T14:14:47+00:00\",\"breadcrumb\":{\"@id\":\"https:\\\/\\\/qtmm.org\\\/qt\\\/ukrainada-qan-tokuluvi-ve-diktatura-toqtatilsin-2014-senesi-yanvar-16-alingan-diktatorliq-qanunlar-lagu-etilsin-qirimtatar-halqinin-aqlari-tiklenilsin-ukrainanin-territorial-butunligi-ve-mustaqilli\\\/#breadcrumb\"},\"inLanguage\":\"qt\",\"potentialAction\":[{\"@type\":\"ReadAction\",\"target\":[\"https:\\\/\\\/qtmm.org\\\/qt\\\/ukrainada-qan-tokuluvi-ve-diktatura-toqtatilsin-2014-senesi-yanvar-16-alingan-diktatorliq-qanunlar-lagu-etilsin-qirimtatar-halqinin-aqlari-tiklenilsin-ukrainanin-territorial-butunligi-ve-mustaqilli\\\/\"]}]},{\"@type\":\"ImageObject\",\"inLanguage\":\"qt\",\"@id\":\"https:\\\/\\\/qtmm.org\\\/qt\\\/ukrainada-qan-tokuluvi-ve-diktatura-toqtatilsin-2014-senesi-yanvar-16-alingan-diktatorliq-qanunlar-lagu-etilsin-qirimtatar-halqinin-aqlari-tiklenilsin-ukrainanin-territorial-butunligi-ve-mustaqilli\\\/#primaryimage\",\"url\":\"https:\\\/\\\/qtmm.org\\\/wp-content\\\/uploads\\\/2022\\\/01\\\/img_4842.jpeg\",\"contentUrl\":\"https:\\\/\\\/qtmm.org\\\/wp-content\\\/uploads\\\/2022\\\/01\\\/img_4842.jpeg\",\"width\":650,\"height\":340},{\"@type\":\"BreadcrumbList\",\"@id\":\"https:\\\/\\\/qtmm.org\\\/qt\\\/ukrainada-qan-tokuluvi-ve-diktatura-toqtatilsin-2014-senesi-yanvar-16-alingan-diktatorliq-qanunlar-lagu-etilsin-qirimtatar-halqinin-aqlari-tiklenilsin-ukrainanin-territorial-butunligi-ve-mustaqilli\\\/#breadcrumb\",\"itemListElement\":[{\"@type\":\"ListItem\",\"position\":1,\"name\":\"\u0413\u043e\u043b\u043e\u0432\u043d\u0430\",\"item\":\"https:\\\/\\\/qtmm.org\\\/qt\\\/\"},{\"@type\":\"ListItem\",\"position\":2,\"name\":\"Ukrainada qan t\u00f6k\u00fcl\u00fcvi ve diktatura toqtat\u0131ls\u0131n! 2014 senesi yanvar 16 al\u0131n\u011fan diktatorl\u0131q qanunlar l\u00e2\u011fu etilsin! Q\u0131r\u0131mtatar halq\u0131n\u0131\u00f1 aqlar\u0131 tiklenilsin! Ukrainan\u0131\u00f1 territorial b\u00fct\u00fcnligi ve mustaqilligi saqlan\u0131p qals\u0131n!\"}]},{\"@type\":\"WebSite\",\"@id\":\"https:\\\/\\\/qtmm.org\\\/qt\\\/#website\",\"url\":\"https:\\\/\\\/qtmm.org\\\/qt\\\/\",\"name\":\"\u041c\u0435\u0434\u0436\u043b\u0456\u0441\",\"description\":\"\",\"publisher\":{\"@id\":\"https:\\\/\\\/qtmm.org\\\/qt\\\/#organization\"},\"potentialAction\":[{\"@type\":\"SearchAction\",\"target\":{\"@type\":\"EntryPoint\",\"urlTemplate\":\"https:\\\/\\\/qtmm.org\\\/qt\\\/?s={search_term_string}\"},\"query-input\":{\"@type\":\"PropertyValueSpecification\",\"valueRequired\":true,\"valueName\":\"search_term_string\"}}],\"inLanguage\":\"qt\"},{\"@type\":\"Organization\",\"@id\":\"https:\\\/\\\/qtmm.org\\\/qt\\\/#organization\",\"name\":\"\u041c\u0435\u0434\u0436\u043b\u0456\u0441\",\"url\":\"https:\\\/\\\/qtmm.org\\\/qt\\\/\",\"logo\":{\"@type\":\"ImageObject\",\"inLanguage\":\"qt\",\"@id\":\"https:\\\/\\\/qtmm.org\\\/qt\\\/#\\\/schema\\\/logo\\\/image\\\/\",\"url\":\"https:\\\/\\\/qtmm.org\\\/wp-content\\\/uploads\\\/2024\\\/12\\\/ua-mejlis-logo-rgb.svg\",\"contentUrl\":\"https:\\\/\\\/qtmm.org\\\/wp-content\\\/uploads\\\/2024\\\/12\\\/ua-mejlis-logo-rgb.svg\",\"caption\":\"\u041c\u0435\u0434\u0436\u043b\u0456\u0441\"},\"image\":{\"@id\":\"https:\\\/\\\/qtmm.org\\\/qt\\\/#\\\/schema\\\/logo\\\/image\\\/\"},\"sameAs\":[\"https:\\\/\\\/www.facebook.com\\\/qtmm.info\\\/\"]},{\"@type\":\"Person\",\"@id\":\"https:\\\/\\\/qtmm.org\\\/qt\\\/#\\\/schema\\\/person\\\/de562469f971dec226ac06e60bbf74a7\",\"name\":\"Developer\",\"image\":{\"@type\":\"ImageObject\",\"inLanguage\":\"qt\",\"@id\":\"https:\\\/\\\/secure.gravatar.com\\\/avatar\\\/392b4cc8fbfeb00b39dfeeab4ee6edded39ffd48e25858637e4765810300227e?s=96&d=mm&r=g\",\"url\":\"https:\\\/\\\/secure.gravatar.com\\\/avatar\\\/392b4cc8fbfeb00b39dfeeab4ee6edded39ffd48e25858637e4765810300227e?s=96&d=mm&r=g\",\"contentUrl\":\"https:\\\/\\\/secure.gravatar.com\\\/avatar\\\/392b4cc8fbfeb00b39dfeeab4ee6edded39ffd48e25858637e4765810300227e?s=96&d=mm&r=g\",\"caption\":\"Developer\"},\"url\":\"https:\\\/\\\/qtmm.org\\\/qt\\\/author\\\/Developer\\\/\"}]}<\/script>\n<!-- \/ Yoast SEO plugin. -->","yoast_head_json":{"title":"Ukrainada qan t\u00f6k\u00fcl\u00fcvi ve diktatura toqtat\u0131ls\u0131n! 2014 senesi yanvar 16 al\u0131n\u011fan diktatorl\u0131q qanunlar l\u00e2\u011fu etilsin! Q\u0131r\u0131mtatar halq\u0131n\u0131\u00f1 aqlar\u0131 tiklenilsin! Ukrainan\u0131\u00f1 territorial b\u00fct\u00fcnligi ve mustaqilligi saqlan\u0131p qals\u0131n! - \u041c\u0435\u0434\u0436\u043b\u0456\u0441","robots":{"index":"index","follow":"follow","max-snippet":"max-snippet:-1","max-image-preview":"max-image-preview:large","max-video-preview":"max-video-preview:-1"},"canonical":"https:\/\/qtmm.org\/qt\/ukrainada-qan-tokuluvi-ve-diktatura-toqtatilsin-2014-senesi-yanvar-16-alingan-diktatorliq-qanunlar-lagu-etilsin-qirimtatar-halqinin-aqlari-tiklenilsin-ukrainanin-territorial-butunligi-ve-mustaqilli\/","og_locale":"en_US","og_type":"article","og_title":"Ukrainada qan t\u00f6k\u00fcl\u00fcvi ve diktatura toqtat\u0131ls\u0131n! 2014 senesi yanvar 16 al\u0131n\u011fan diktatorl\u0131q qanunlar l\u00e2\u011fu etilsin! Q\u0131r\u0131mtatar halq\u0131n\u0131\u00f1 aqlar\u0131 tiklenilsin! Ukrainan\u0131\u00f1 territorial b\u00fct\u00fcnligi ve mustaqilligi saqlan\u0131p qals\u0131n! - \u041c\u0435\u0434\u0436\u043b\u0456\u0441","og_description":"B\u00f6yle \u015fiarlar alt\u0131nda Q\u0131r\u0131mtatar halq\u0131n\u0131\u00f1 Meclisi 2014 senesi yanvar 28 k\u00fcn\u00fc saat 12.00-de Aqmescitni\u00f1 merkeziy meydan\u0131nda miting ke\u00e7irecek. Bu aqta Meclis reisi Refat \u00c7ubarov Meclisni\u00f1 yanvar 25 k\u00fcn\u00fc ke\u00e7irilgen nevbetten t\u0131\u015f keni\u015fletilgen topla\u015fuvn\u0131\u00f1 neticelerine k\u00f6re bildirdi. &#8220;Q\u0131r\u0131mda ya\u015fa\u011fan insanlarn\u0131\u00f1 taqdiri, yar\u0131madada bar\u0131\u015f\u0131q ve t\u0131n\u00e7l\u0131q i\u00e7\u00fcn mes\u00fclietini a\u00f1layaraq ve Ukrainan\u0131\u00f1 diktatura\u011fa taymas\u0131n\u0131\u00f1 \u00f6g\u00fcni almaq, Ukraina sakinlerini\u00f1 [&hellip;]","og_url":"https:\/\/qtmm.org\/qt\/ukrainada-qan-tokuluvi-ve-diktatura-toqtatilsin-2014-senesi-yanvar-16-alingan-diktatorliq-qanunlar-lagu-etilsin-qirimtatar-halqinin-aqlari-tiklenilsin-ukrainanin-territorial-butunligi-ve-mustaqilli\/","og_site_name":"\u041c\u0435\u0434\u0436\u043b\u0456\u0441","article_publisher":"https:\/\/www.facebook.com\/qtmm.info\/","article_published_time":"2014-01-25T14:13:00+00:00","article_modified_time":"2022-01-27T14:14:47+00:00","og_image":[{"width":650,"height":340,"url":"https:\/\/qtmm.org\/wp-content\/uploads\/2022\/01\/img_4842.jpeg","type":"image\/jpeg"}],"author":"Developer","twitter_card":"summary_large_image","twitter_misc":{"Written by":"Developer","Est. reading time":"3 minutes"},"schema":{"@context":"https:\/\/schema.org","@graph":[{"@type":"Article","@id":"https:\/\/qtmm.org\/qt\/ukrainada-qan-tokuluvi-ve-diktatura-toqtatilsin-2014-senesi-yanvar-16-alingan-diktatorliq-qanunlar-lagu-etilsin-qirimtatar-halqinin-aqlari-tiklenilsin-ukrainanin-territorial-butunligi-ve-mustaqilli\/#article","isPartOf":{"@id":"https:\/\/qtmm.org\/qt\/ukrainada-qan-tokuluvi-ve-diktatura-toqtatilsin-2014-senesi-yanvar-16-alingan-diktatorliq-qanunlar-lagu-etilsin-qirimtatar-halqinin-aqlari-tiklenilsin-ukrainanin-territorial-butunligi-ve-mustaqilli\/"},"author":{"name":"Developer","@id":"https:\/\/qtmm.org\/qt\/#\/schema\/person\/de562469f971dec226ac06e60bbf74a7"},"headline":"Ukrainada qan t\u00f6k\u00fcl\u00fcvi ve diktatura toqtat\u0131ls\u0131n! 2014 senesi yanvar 16 al\u0131n\u011fan diktatorl\u0131q qanunlar l\u00e2\u011fu etilsin! Q\u0131r\u0131mtatar halq\u0131n\u0131\u00f1 aqlar\u0131 tiklenilsin! Ukrainan\u0131\u00f1 territorial b\u00fct\u00fcnligi ve mustaqilligi saqlan\u0131p qals\u0131n!","datePublished":"2014-01-25T14:13:00+00:00","dateModified":"2022-01-27T14:14:47+00:00","mainEntityOfPage":{"@id":"https:\/\/qtmm.org\/qt\/ukrainada-qan-tokuluvi-ve-diktatura-toqtatilsin-2014-senesi-yanvar-16-alingan-diktatorliq-qanunlar-lagu-etilsin-qirimtatar-halqinin-aqlari-tiklenilsin-ukrainanin-territorial-butunligi-ve-mustaqilli\/"},"wordCount":618,"commentCount":0,"publisher":{"@id":"https:\/\/qtmm.org\/qt\/#organization"},"image":{"@id":"https:\/\/qtmm.org\/qt\/ukrainada-qan-tokuluvi-ve-diktatura-toqtatilsin-2014-senesi-yanvar-16-alingan-diktatorliq-qanunlar-lagu-etilsin-qirimtatar-halqinin-aqlari-tiklenilsin-ukrainanin-territorial-butunligi-ve-mustaqilli\/#primaryimage"},"thumbnailUrl":"https:\/\/qtmm.org\/wp-content\/uploads\/2022\/01\/img_4842.jpeg","articleSection":["Haberler"],"inLanguage":"qt","potentialAction":[{"@type":"CommentAction","name":"Comment","target":["https:\/\/qtmm.org\/qt\/ukrainada-qan-tokuluvi-ve-diktatura-toqtatilsin-2014-senesi-yanvar-16-alingan-diktatorliq-qanunlar-lagu-etilsin-qirimtatar-halqinin-aqlari-tiklenilsin-ukrainanin-territorial-butunligi-ve-mustaqilli\/#respond"]}]},{"@type":"WebPage","@id":"https:\/\/qtmm.org\/qt\/ukrainada-qan-tokuluvi-ve-diktatura-toqtatilsin-2014-senesi-yanvar-16-alingan-diktatorliq-qanunlar-lagu-etilsin-qirimtatar-halqinin-aqlari-tiklenilsin-ukrainanin-territorial-butunligi-ve-mustaqilli\/","url":"https:\/\/qtmm.org\/qt\/ukrainada-qan-tokuluvi-ve-diktatura-toqtatilsin-2014-senesi-yanvar-16-alingan-diktatorliq-qanunlar-lagu-etilsin-qirimtatar-halqinin-aqlari-tiklenilsin-ukrainanin-territorial-butunligi-ve-mustaqilli\/","name":"Ukrainada qan t\u00f6k\u00fcl\u00fcvi ve diktatura toqtat\u0131ls\u0131n! 2014 senesi yanvar 16 al\u0131n\u011fan diktatorl\u0131q qanunlar l\u00e2\u011fu etilsin! Q\u0131r\u0131mtatar halq\u0131n\u0131\u00f1 aqlar\u0131 tiklenilsin! Ukrainan\u0131\u00f1 territorial b\u00fct\u00fcnligi ve mustaqilligi saqlan\u0131p qals\u0131n! - \u041c\u0435\u0434\u0436\u043b\u0456\u0441","isPartOf":{"@id":"https:\/\/qtmm.org\/qt\/#website"},"primaryImageOfPage":{"@id":"https:\/\/qtmm.org\/qt\/ukrainada-qan-tokuluvi-ve-diktatura-toqtatilsin-2014-senesi-yanvar-16-alingan-diktatorliq-qanunlar-lagu-etilsin-qirimtatar-halqinin-aqlari-tiklenilsin-ukrainanin-territorial-butunligi-ve-mustaqilli\/#primaryimage"},"image":{"@id":"https:\/\/qtmm.org\/qt\/ukrainada-qan-tokuluvi-ve-diktatura-toqtatilsin-2014-senesi-yanvar-16-alingan-diktatorliq-qanunlar-lagu-etilsin-qirimtatar-halqinin-aqlari-tiklenilsin-ukrainanin-territorial-butunligi-ve-mustaqilli\/#primaryimage"},"thumbnailUrl":"https:\/\/qtmm.org\/wp-content\/uploads\/2022\/01\/img_4842.jpeg","datePublished":"2014-01-25T14:13:00+00:00","dateModified":"2022-01-27T14:14:47+00:00","breadcrumb":{"@id":"https:\/\/qtmm.org\/qt\/ukrainada-qan-tokuluvi-ve-diktatura-toqtatilsin-2014-senesi-yanvar-16-alingan-diktatorliq-qanunlar-lagu-etilsin-qirimtatar-halqinin-aqlari-tiklenilsin-ukrainanin-territorial-butunligi-ve-mustaqilli\/#breadcrumb"},"inLanguage":"qt","potentialAction":[{"@type":"ReadAction","target":["https:\/\/qtmm.org\/qt\/ukrainada-qan-tokuluvi-ve-diktatura-toqtatilsin-2014-senesi-yanvar-16-alingan-diktatorliq-qanunlar-lagu-etilsin-qirimtatar-halqinin-aqlari-tiklenilsin-ukrainanin-territorial-butunligi-ve-mustaqilli\/"]}]},{"@type":"ImageObject","inLanguage":"qt","@id":"https:\/\/qtmm.org\/qt\/ukrainada-qan-tokuluvi-ve-diktatura-toqtatilsin-2014-senesi-yanvar-16-alingan-diktatorliq-qanunlar-lagu-etilsin-qirimtatar-halqinin-aqlari-tiklenilsin-ukrainanin-territorial-butunligi-ve-mustaqilli\/#primaryimage","url":"https:\/\/qtmm.org\/wp-content\/uploads\/2022\/01\/img_4842.jpeg","contentUrl":"https:\/\/qtmm.org\/wp-content\/uploads\/2022\/01\/img_4842.jpeg","width":650,"height":340},{"@type":"BreadcrumbList","@id":"https:\/\/qtmm.org\/qt\/ukrainada-qan-tokuluvi-ve-diktatura-toqtatilsin-2014-senesi-yanvar-16-alingan-diktatorliq-qanunlar-lagu-etilsin-qirimtatar-halqinin-aqlari-tiklenilsin-ukrainanin-territorial-butunligi-ve-mustaqilli\/#breadcrumb","itemListElement":[{"@type":"ListItem","position":1,"name":"\u0413\u043e\u043b\u043e\u0432\u043d\u0430","item":"https:\/\/qtmm.org\/qt\/"},{"@type":"ListItem","position":2,"name":"Ukrainada qan t\u00f6k\u00fcl\u00fcvi ve diktatura toqtat\u0131ls\u0131n! 2014 senesi yanvar 16 al\u0131n\u011fan diktatorl\u0131q qanunlar l\u00e2\u011fu etilsin! Q\u0131r\u0131mtatar halq\u0131n\u0131\u00f1 aqlar\u0131 tiklenilsin! Ukrainan\u0131\u00f1 territorial b\u00fct\u00fcnligi ve mustaqilligi saqlan\u0131p qals\u0131n!"}]},{"@type":"WebSite","@id":"https:\/\/qtmm.org\/qt\/#website","url":"https:\/\/qtmm.org\/qt\/","name":"\u041c\u0435\u0434\u0436\u043b\u0456\u0441","description":"","publisher":{"@id":"https:\/\/qtmm.org\/qt\/#organization"},"potentialAction":[{"@type":"SearchAction","target":{"@type":"EntryPoint","urlTemplate":"https:\/\/qtmm.org\/qt\/?s={search_term_string}"},"query-input":{"@type":"PropertyValueSpecification","valueRequired":true,"valueName":"search_term_string"}}],"inLanguage":"qt"},{"@type":"Organization","@id":"https:\/\/qtmm.org\/qt\/#organization","name":"\u041c\u0435\u0434\u0436\u043b\u0456\u0441","url":"https:\/\/qtmm.org\/qt\/","logo":{"@type":"ImageObject","inLanguage":"qt","@id":"https:\/\/qtmm.org\/qt\/#\/schema\/logo\/image\/","url":"https:\/\/qtmm.org\/wp-content\/uploads\/2024\/12\/ua-mejlis-logo-rgb.svg","contentUrl":"https:\/\/qtmm.org\/wp-content\/uploads\/2024\/12\/ua-mejlis-logo-rgb.svg","caption":"\u041c\u0435\u0434\u0436\u043b\u0456\u0441"},"image":{"@id":"https:\/\/qtmm.org\/qt\/#\/schema\/logo\/image\/"},"sameAs":["https:\/\/www.facebook.com\/qtmm.info\/"]},{"@type":"Person","@id":"https:\/\/qtmm.org\/qt\/#\/schema\/person\/de562469f971dec226ac06e60bbf74a7","name":"Developer","image":{"@type":"ImageObject","inLanguage":"qt","@id":"https:\/\/secure.gravatar.com\/avatar\/392b4cc8fbfeb00b39dfeeab4ee6edded39ffd48e25858637e4765810300227e?s=96&d=mm&r=g","url":"https:\/\/secure.gravatar.com\/avatar\/392b4cc8fbfeb00b39dfeeab4ee6edded39ffd48e25858637e4765810300227e?s=96&d=mm&r=g","contentUrl":"https:\/\/secure.gravatar.com\/avatar\/392b4cc8fbfeb00b39dfeeab4ee6edded39ffd48e25858637e4765810300227e?s=96&d=mm&r=g","caption":"Developer"},"url":"https:\/\/qtmm.org\/qt\/author\/Developer\/"}]}},"_links":{"self":[{"href":"https:\/\/qtmm.org\/qt\/wp-json\/wp\/v2\/posts\/42733","targetHints":{"allow":["GET"]}}],"collection":[{"href":"https:\/\/qtmm.org\/qt\/wp-json\/wp\/v2\/posts"}],"about":[{"href":"https:\/\/qtmm.org\/qt\/wp-json\/wp\/v2\/types\/post"}],"author":[{"embeddable":true,"href":"https:\/\/qtmm.org\/qt\/wp-json\/wp\/v2\/users\/1"}],"replies":[{"embeddable":true,"href":"https:\/\/qtmm.org\/qt\/wp-json\/wp\/v2\/comments?post=42733"}],"version-history":[{"count":1,"href":"https:\/\/qtmm.org\/qt\/wp-json\/wp\/v2\/posts\/42733\/revisions"}],"predecessor-version":[{"id":42746,"href":"https:\/\/qtmm.org\/qt\/wp-json\/wp\/v2\/posts\/42733\/revisions\/42746"}],"wp:featuredmedia":[{"embeddable":true,"href":"https:\/\/qtmm.org\/qt\/wp-json\/wp\/v2\/media\/42734"}],"wp:attachment":[{"href":"https:\/\/qtmm.org\/qt\/wp-json\/wp\/v2\/media?parent=42733"}],"wp:term":[{"taxonomy":"category","embeddable":true,"href":"https:\/\/qtmm.org\/qt\/wp-json\/wp\/v2\/categories?post=42733"},{"taxonomy":"post_tag","embeddable":true,"href":"https:\/\/qtmm.org\/qt\/wp-json\/wp\/v2\/tags?post=42733"}],"curies":[{"name":"wp","href":"https:\/\/api.w.org\/{rel}","templated":true}]}}