




{"id":42707,"date":"2014-01-25T17:12:00","date_gmt":"2014-01-25T14:12:00","guid":{"rendered":"http:\/\/qtmm.org\/?p=42707"},"modified":"2022-01-27T17:13:14","modified_gmt":"2022-01-27T14:13:14","slug":"meclis-reisi-refat-cubarov-qirimda-yasagan-volgaboyu-ural-ve-sibir-tatarlarini-idel-ural-milliy-medeniy-merkeznin-yubileyinen-hayirladi","status":"publish","type":"post","link":"https:\/\/qtmm.org\/qt\/meclis-reisi-refat-cubarov-qirimda-yasagan-volgaboyu-ural-ve-sibir-tatarlarini-idel-ural-milliy-medeniy-merkeznin-yubileyinen-hayirladi\/","title":{"rendered":"Meclis reisi Refat \u00c7ubarov Q\u0131r\u0131mda ya\u015fa\u011fan Volgaboyu, Ural ve Sibir tatarlar\u0131n\u0131 \u00ab\u0130del-Ural\u00bb milliy-medeniy merkezni\u00f1 yubileyinen hay\u0131rlad\u0131"},"content":{"rendered":"\n<p>Yanvar 25 k\u00fcn\u00fc Aqmescitte &#8220;Alraid&#8221; birle\u015fmesini\u00f1 meclisler salon\u0131nda Q\u0131r\u0131mda ya\u015fa\u011fan Volgaboyu, Ural ve Sibir tatarlar\u0131n\u0131 &#8220;\u0130del-Ural&#8221; milliy-medeniy merkezni\u00f1 20 y\u0131ll\u0131\u011f\u0131na ba\u011f\u0131\u015flan\u011fan tantanal\u0131 tedbir ol\u0131p ke\u00e7ti.<\/p>\n\n\n\n<p>&#8220;\u0130del-Ural&#8221; milliy-medeniy merkezni\u00f1 ba\u015f\u0131 \u0130lmir Temirgaliyevni\u00f1 daveti ile Milliy Meclis reisi Refat \u00c7ubarov ve on\u0131\u00f1 muavini Zaur Smirnov tantanal\u0131 tedbirde i\u015ftirak ettiler.<\/p>\n\n\n\n<figure class=\"wp-block-image size-full\"><img loading=\"lazy\" decoding=\"async\" width=\"650\" height=\"288\" src=\"http:\/\/qtmm.org\/wp-content\/uploads\/2022\/01\/img_4807.jpeg\" alt=\"\" class=\"wp-image-42712\" srcset=\"https:\/\/qtmm.org\/wp-content\/uploads\/2022\/01\/img_4807.jpeg 650w, https:\/\/qtmm.org\/wp-content\/uploads\/2022\/01\/img_4807-300x133.jpeg 300w\" sizes=\"auto, (max-width: 650px) 100vw, 650px\" \/><\/figure>\n\n\n\n<p>&#8220;Qarda\u015f halqlarn\u0131\u00f1 birisinen b\u00f6yle bayram tedbirinde bulun\u011fan\u0131m\u0131z\u011fa pek sevinemiz, &#8211; dedi \u00e7\u0131q\u0131\u015f\u0131n\u0131\u00f1 ba\u015f\u0131nda Meclis reisi Refat \u00c7ubarov. \u2013 &#8220;\u0130del-Ural&#8221; te\u015fkil\u00e2t\u0131 Q\u0131r\u0131mda baya\u011f\u0131 m\u00fcrekkep bir devirde meydan\u011fa ketirildi ve epimiz o kergin vaq\u0131tlarn\u0131 pek yah\u015f\u0131 hat\u0131rlaym\u0131z. Bu devirde q\u0131r\u0131mtatar halq\u0131 \u00f6z tarihiy vatan\u0131na k\u00fctleviy s\u00fcrette qayt\u0131p ba\u015fla\u011fan edi. Ve bizim er birimiz tatar qarda\u015flar\u0131m\u0131zn\u0131\u00f1 olsun Qazandan, olsun Q\u0131r\u0131mda ya\u015fa\u011fan Volgaboyu, Ural ve Sibir tatarlarn\u0131\u00f1 bizge k\u00f6stergen q\u0131ymetli yard\u0131mlar\u0131n\u0131 i\u00e7 unutmam\u0131z ve daima minnetdar olurm\u0131z&#8221;.<\/p>\n\n\n\n<figure class=\"wp-block-image size-full\"><img loading=\"lazy\" decoding=\"async\" width=\"650\" height=\"467\" src=\"http:\/\/qtmm.org\/wp-content\/uploads\/2022\/01\/img_4812.jpeg\" alt=\"\" class=\"wp-image-42716\" srcset=\"https:\/\/qtmm.org\/wp-content\/uploads\/2022\/01\/img_4812.jpeg 650w, https:\/\/qtmm.org\/wp-content\/uploads\/2022\/01\/img_4812-300x216.jpeg 300w\" sizes=\"auto, (max-width: 650px) 100vw, 650px\" \/><\/figure>\n\n\n\n<p>Bug\u00fcnde bug\u00fcn Ukrainada 70 bi\u00f1 insann\u0131 te\u015fkil etken Volgaboyu, Ural ve Sibir tatarlar\u0131na muracaat eterken Meclis reisi R. \u00c7ubarov \u00e7e\u015fit milletler ya\u015fa\u011fan Q\u0131r\u0131m yar\u0131madas\u0131 bar\u0131\u015f\u0131q ve \u00e7e\u00e7eklen\u00fcvge l\u00e2y\u0131qt\u0131r, dedi. Bu ise Q\u0131r\u0131m sakinlerini\u00f1 birligine ba\u011fl\u0131d\u0131r.<\/p>\n\n\n\n<figure class=\"wp-block-image size-full\"><img loading=\"lazy\" decoding=\"async\" width=\"650\" height=\"382\" src=\"http:\/\/qtmm.org\/wp-content\/uploads\/2022\/01\/arvi0137.jpeg\" alt=\"\" class=\"wp-image-42720\" srcset=\"https:\/\/qtmm.org\/wp-content\/uploads\/2022\/01\/arvi0137.jpeg 650w, https:\/\/qtmm.org\/wp-content\/uploads\/2022\/01\/arvi0137-300x176.jpeg 300w\" sizes=\"auto, (max-width: 650px) 100vw, 650px\" \/><\/figure>\n\n\n\n<p>&#8220;\u00d6z Vatan\u0131na qaytqan ve aqlar\u0131n\u0131\u00f1 tiklenmesi i\u00e7\u00fcn k\u00fcre\u015fken q\u0131r\u0131mtatar halq\u0131 qarda\u015flar\u0131 ve dostlar\u0131n\u0131\u00f1 qoltutmas\u0131na inana, &#8211; dedi R. \u00c7ubarov Volgaboyu, Ural ve Sibir tatarlar\u0131na h\u0131tap eterek. \u2013 Q\u0131r\u0131m yar\u0131madas\u0131nda bar\u0131\u015f\u0131q o\u011frunda daima beraber olurm\u0131z&#8221;.<\/p>\n\n\n\n<figure class=\"wp-block-image size-full\"><img loading=\"lazy\" decoding=\"async\" width=\"650\" height=\"400\" src=\"http:\/\/qtmm.org\/wp-content\/uploads\/2022\/01\/arvi0141.jpeg\" alt=\"\" class=\"wp-image-42724\" srcset=\"https:\/\/qtmm.org\/wp-content\/uploads\/2022\/01\/arvi0141.jpeg 650w, https:\/\/qtmm.org\/wp-content\/uploads\/2022\/01\/arvi0141-300x185.jpeg 300w\" sizes=\"auto, (max-width: 650px) 100vw, 650px\" \/><\/figure>\n\n\n\n<p>Meclis ad\u0131ndan Refat \u00c7ubarov ve on\u0131\u00f1 muavini Zaur Smirnov &#8220;\u0130del-Ural&#8221; milliy-medeniy merkezni\u00f1 ba\u015f\u0131 \u0130lmir Temirgaliyevke rusiyeli tarih\u00e7\u0131 Valeriy Vozgrinni\u00f1 &#8220;Q\u0131r\u0131mtatarlar tarih\u0131&#8221; kitab\u0131n\u0131 bah\u015f\u0131\u015f etti.<\/p>\n\n\n\n<figure class=\"wp-block-image size-full\"><img loading=\"lazy\" decoding=\"async\" width=\"650\" height=\"444\" src=\"http:\/\/qtmm.org\/wp-content\/uploads\/2022\/01\/arvi0144.jpeg\" alt=\"\" class=\"wp-image-42728\" srcset=\"https:\/\/qtmm.org\/wp-content\/uploads\/2022\/01\/arvi0144.jpeg 650w, https:\/\/qtmm.org\/wp-content\/uploads\/2022\/01\/arvi0144-300x205.jpeg 300w\" sizes=\"auto, (max-width: 650px) 100vw, 650px\" \/><\/figure>\n","protected":false},"excerpt":{"rendered":"<p>Yanvar 25 k\u00fcn\u00fc Aqmescitte &#8220;Alraid&#8221; birle\u015fmesini\u00f1 meclisler salon\u0131nda Q\u0131r\u0131mda ya\u015fa\u011fan Volgaboyu, Ural ve Sibir tatarlar\u0131n\u0131 &#8220;\u0130del-Ural&#8221; milliy-medeniy merkezni\u00f1 20 y\u0131ll\u0131\u011f\u0131na ba\u011f\u0131\u015flan\u011fan tantanal\u0131 tedbir ol\u0131p ke\u00e7ti. &#8220;\u0130del-Ural&#8221; milliy-medeniy merkezni\u00f1 ba\u015f\u0131 \u0130lmir Temirgaliyevni\u00f1 daveti ile Milliy Meclis reisi Refat \u00c7ubarov ve on\u0131\u00f1 muavini Zaur Smirnov tantanal\u0131 tedbirde i\u015ftirak ettiler. &#8220;Qarda\u015f halqlarn\u0131\u00f1 birisinen b\u00f6yle bayram tedbirinde bulun\u011fan\u0131m\u0131z\u011fa pek [&hellip;]<\/p>\n","protected":false},"author":1,"featured_media":42708,"comment_status":"open","ping_status":"open","sticky":false,"template":"","format":"standard","meta":{"inline_featured_image":false,"footnotes":""},"categories":[265],"tags":[],"class_list":["post-42707","post","type-post","status-publish","format-standard","has-post-thumbnail","hentry","category-haberler"],"acf":[],"yoast_head":"<!-- This site is optimized with the Yoast SEO plugin v27.4 - https:\/\/yoast.com\/product\/yoast-seo-wordpress\/ -->\n<title>Meclis reisi Refat \u00c7ubarov Q\u0131r\u0131mda ya\u015fa\u011fan Volgaboyu, Ural ve Sibir tatarlar\u0131n\u0131 \u00ab\u0130del-Ural\u00bb milliy-medeniy merkezni\u00f1 yubileyinen hay\u0131rlad\u0131 - \u041c\u0435\u0434\u0436\u043b\u0456\u0441<\/title>\n<meta name=\"robots\" content=\"index, follow, max-snippet:-1, max-image-preview:large, max-video-preview:-1\" \/>\n<link rel=\"canonical\" href=\"https:\/\/qtmm.org\/qt\/meclis-reisi-refat-cubarov-qirimda-yasagan-volgaboyu-ural-ve-sibir-tatarlarini-idel-ural-milliy-medeniy-merkeznin-yubileyinen-hayirladi\/\" \/>\n<meta property=\"og:locale\" content=\"en_US\" \/>\n<meta property=\"og:type\" content=\"article\" \/>\n<meta property=\"og:title\" content=\"Meclis reisi Refat \u00c7ubarov Q\u0131r\u0131mda ya\u015fa\u011fan Volgaboyu, Ural ve Sibir tatarlar\u0131n\u0131 \u00ab\u0130del-Ural\u00bb milliy-medeniy merkezni\u00f1 yubileyinen hay\u0131rlad\u0131 - \u041c\u0435\u0434\u0436\u043b\u0456\u0441\" \/>\n<meta property=\"og:description\" content=\"Yanvar 25 k\u00fcn\u00fc Aqmescitte &#8220;Alraid&#8221; birle\u015fmesini\u00f1 meclisler salon\u0131nda Q\u0131r\u0131mda ya\u015fa\u011fan Volgaboyu, Ural ve Sibir tatarlar\u0131n\u0131 &#8220;\u0130del-Ural&#8221; milliy-medeniy merkezni\u00f1 20 y\u0131ll\u0131\u011f\u0131na ba\u011f\u0131\u015flan\u011fan tantanal\u0131 tedbir ol\u0131p ke\u00e7ti. &#8220;\u0130del-Ural&#8221; milliy-medeniy merkezni\u00f1 ba\u015f\u0131 \u0130lmir Temirgaliyevni\u00f1 daveti ile Milliy Meclis reisi Refat \u00c7ubarov ve on\u0131\u00f1 muavini Zaur Smirnov tantanal\u0131 tedbirde i\u015ftirak ettiler. &#8220;Qarda\u015f halqlarn\u0131\u00f1 birisinen b\u00f6yle bayram tedbirinde bulun\u011fan\u0131m\u0131z\u011fa pek [&hellip;]\" \/>\n<meta property=\"og:url\" content=\"https:\/\/qtmm.org\/qt\/meclis-reisi-refat-cubarov-qirimda-yasagan-volgaboyu-ural-ve-sibir-tatarlarini-idel-ural-milliy-medeniy-merkeznin-yubileyinen-hayirladi\/\" \/>\n<meta property=\"og:site_name\" content=\"\u041c\u0435\u0434\u0436\u043b\u0456\u0441\" \/>\n<meta property=\"article:publisher\" content=\"https:\/\/www.facebook.com\/qtmm.info\/\" \/>\n<meta property=\"article:published_time\" content=\"2014-01-25T14:12:00+00:00\" \/>\n<meta property=\"article:modified_time\" content=\"2022-01-27T14:13:14+00:00\" \/>\n<meta property=\"og:image\" content=\"https:\/\/qtmm.org\/wp-content\/uploads\/2022\/01\/img_4805.jpeg\" \/>\n\t<meta property=\"og:image:width\" content=\"650\" \/>\n\t<meta property=\"og:image:height\" content=\"345\" \/>\n\t<meta property=\"og:image:type\" content=\"image\/jpeg\" \/>\n<meta name=\"author\" content=\"Developer\" \/>\n<meta name=\"twitter:card\" content=\"summary_large_image\" \/>\n<meta name=\"twitter:label1\" content=\"Written by\" \/>\n\t<meta name=\"twitter:data1\" content=\"Developer\" \/>\n\t<meta name=\"twitter:label2\" content=\"Est. reading time\" \/>\n\t<meta name=\"twitter:data2\" content=\"2 minutes\" \/>\n<script type=\"application\/ld+json\" class=\"yoast-schema-graph\">{\"@context\":\"https:\\\/\\\/schema.org\",\"@graph\":[{\"@type\":\"Article\",\"@id\":\"https:\\\/\\\/qtmm.org\\\/qt\\\/meclis-reisi-refat-cubarov-qirimda-yasagan-volgaboyu-ural-ve-sibir-tatarlarini-idel-ural-milliy-medeniy-merkeznin-yubileyinen-hayirladi\\\/#article\",\"isPartOf\":{\"@id\":\"https:\\\/\\\/qtmm.org\\\/qt\\\/meclis-reisi-refat-cubarov-qirimda-yasagan-volgaboyu-ural-ve-sibir-tatarlarini-idel-ural-milliy-medeniy-merkeznin-yubileyinen-hayirladi\\\/\"},\"author\":{\"name\":\"Developer\",\"@id\":\"https:\\\/\\\/qtmm.org\\\/qt\\\/#\\\/schema\\\/person\\\/de562469f971dec226ac06e60bbf74a7\"},\"headline\":\"Meclis reisi Refat \u00c7ubarov Q\u0131r\u0131mda ya\u015fa\u011fan Volgaboyu, Ural ve Sibir tatarlar\u0131n\u0131 \u00ab\u0130del-Ural\u00bb milliy-medeniy merkezni\u00f1 yubileyinen hay\u0131rlad\u0131\",\"datePublished\":\"2014-01-25T14:12:00+00:00\",\"dateModified\":\"2022-01-27T14:13:14+00:00\",\"mainEntityOfPage\":{\"@id\":\"https:\\\/\\\/qtmm.org\\\/qt\\\/meclis-reisi-refat-cubarov-qirimda-yasagan-volgaboyu-ural-ve-sibir-tatarlarini-idel-ural-milliy-medeniy-merkeznin-yubileyinen-hayirladi\\\/\"},\"wordCount\":326,\"commentCount\":0,\"publisher\":{\"@id\":\"https:\\\/\\\/qtmm.org\\\/qt\\\/#organization\"},\"image\":{\"@id\":\"https:\\\/\\\/qtmm.org\\\/qt\\\/meclis-reisi-refat-cubarov-qirimda-yasagan-volgaboyu-ural-ve-sibir-tatarlarini-idel-ural-milliy-medeniy-merkeznin-yubileyinen-hayirladi\\\/#primaryimage\"},\"thumbnailUrl\":\"https:\\\/\\\/qtmm.org\\\/wp-content\\\/uploads\\\/2022\\\/01\\\/img_4805.jpeg\",\"articleSection\":[\"Haberler\"],\"inLanguage\":\"qt\",\"potentialAction\":[{\"@type\":\"CommentAction\",\"name\":\"Comment\",\"target\":[\"https:\\\/\\\/qtmm.org\\\/qt\\\/meclis-reisi-refat-cubarov-qirimda-yasagan-volgaboyu-ural-ve-sibir-tatarlarini-idel-ural-milliy-medeniy-merkeznin-yubileyinen-hayirladi\\\/#respond\"]}]},{\"@type\":\"WebPage\",\"@id\":\"https:\\\/\\\/qtmm.org\\\/qt\\\/meclis-reisi-refat-cubarov-qirimda-yasagan-volgaboyu-ural-ve-sibir-tatarlarini-idel-ural-milliy-medeniy-merkeznin-yubileyinen-hayirladi\\\/\",\"url\":\"https:\\\/\\\/qtmm.org\\\/qt\\\/meclis-reisi-refat-cubarov-qirimda-yasagan-volgaboyu-ural-ve-sibir-tatarlarini-idel-ural-milliy-medeniy-merkeznin-yubileyinen-hayirladi\\\/\",\"name\":\"Meclis reisi Refat \u00c7ubarov Q\u0131r\u0131mda ya\u015fa\u011fan Volgaboyu, Ural ve Sibir tatarlar\u0131n\u0131 \u00ab\u0130del-Ural\u00bb milliy-medeniy merkezni\u00f1 yubileyinen hay\u0131rlad\u0131 - \u041c\u0435\u0434\u0436\u043b\u0456\u0441\",\"isPartOf\":{\"@id\":\"https:\\\/\\\/qtmm.org\\\/qt\\\/#website\"},\"primaryImageOfPage\":{\"@id\":\"https:\\\/\\\/qtmm.org\\\/qt\\\/meclis-reisi-refat-cubarov-qirimda-yasagan-volgaboyu-ural-ve-sibir-tatarlarini-idel-ural-milliy-medeniy-merkeznin-yubileyinen-hayirladi\\\/#primaryimage\"},\"image\":{\"@id\":\"https:\\\/\\\/qtmm.org\\\/qt\\\/meclis-reisi-refat-cubarov-qirimda-yasagan-volgaboyu-ural-ve-sibir-tatarlarini-idel-ural-milliy-medeniy-merkeznin-yubileyinen-hayirladi\\\/#primaryimage\"},\"thumbnailUrl\":\"https:\\\/\\\/qtmm.org\\\/wp-content\\\/uploads\\\/2022\\\/01\\\/img_4805.jpeg\",\"datePublished\":\"2014-01-25T14:12:00+00:00\",\"dateModified\":\"2022-01-27T14:13:14+00:00\",\"breadcrumb\":{\"@id\":\"https:\\\/\\\/qtmm.org\\\/qt\\\/meclis-reisi-refat-cubarov-qirimda-yasagan-volgaboyu-ural-ve-sibir-tatarlarini-idel-ural-milliy-medeniy-merkeznin-yubileyinen-hayirladi\\\/#breadcrumb\"},\"inLanguage\":\"qt\",\"potentialAction\":[{\"@type\":\"ReadAction\",\"target\":[\"https:\\\/\\\/qtmm.org\\\/qt\\\/meclis-reisi-refat-cubarov-qirimda-yasagan-volgaboyu-ural-ve-sibir-tatarlarini-idel-ural-milliy-medeniy-merkeznin-yubileyinen-hayirladi\\\/\"]}]},{\"@type\":\"ImageObject\",\"inLanguage\":\"qt\",\"@id\":\"https:\\\/\\\/qtmm.org\\\/qt\\\/meclis-reisi-refat-cubarov-qirimda-yasagan-volgaboyu-ural-ve-sibir-tatarlarini-idel-ural-milliy-medeniy-merkeznin-yubileyinen-hayirladi\\\/#primaryimage\",\"url\":\"https:\\\/\\\/qtmm.org\\\/wp-content\\\/uploads\\\/2022\\\/01\\\/img_4805.jpeg\",\"contentUrl\":\"https:\\\/\\\/qtmm.org\\\/wp-content\\\/uploads\\\/2022\\\/01\\\/img_4805.jpeg\",\"width\":650,\"height\":345},{\"@type\":\"BreadcrumbList\",\"@id\":\"https:\\\/\\\/qtmm.org\\\/qt\\\/meclis-reisi-refat-cubarov-qirimda-yasagan-volgaboyu-ural-ve-sibir-tatarlarini-idel-ural-milliy-medeniy-merkeznin-yubileyinen-hayirladi\\\/#breadcrumb\",\"itemListElement\":[{\"@type\":\"ListItem\",\"position\":1,\"name\":\"\u0413\u043e\u043b\u043e\u0432\u043d\u0430\",\"item\":\"https:\\\/\\\/qtmm.org\\\/qt\\\/\"},{\"@type\":\"ListItem\",\"position\":2,\"name\":\"Meclis reisi Refat \u00c7ubarov Q\u0131r\u0131mda ya\u015fa\u011fan Volgaboyu, Ural ve Sibir tatarlar\u0131n\u0131 \u00ab\u0130del-Ural\u00bb milliy-medeniy merkezni\u00f1 yubileyinen hay\u0131rlad\u0131\"}]},{\"@type\":\"WebSite\",\"@id\":\"https:\\\/\\\/qtmm.org\\\/qt\\\/#website\",\"url\":\"https:\\\/\\\/qtmm.org\\\/qt\\\/\",\"name\":\"\u041c\u0435\u0434\u0436\u043b\u0456\u0441\",\"description\":\"\",\"publisher\":{\"@id\":\"https:\\\/\\\/qtmm.org\\\/qt\\\/#organization\"},\"potentialAction\":[{\"@type\":\"SearchAction\",\"target\":{\"@type\":\"EntryPoint\",\"urlTemplate\":\"https:\\\/\\\/qtmm.org\\\/qt\\\/?s={search_term_string}\"},\"query-input\":{\"@type\":\"PropertyValueSpecification\",\"valueRequired\":true,\"valueName\":\"search_term_string\"}}],\"inLanguage\":\"qt\"},{\"@type\":\"Organization\",\"@id\":\"https:\\\/\\\/qtmm.org\\\/qt\\\/#organization\",\"name\":\"\u041c\u0435\u0434\u0436\u043b\u0456\u0441\",\"url\":\"https:\\\/\\\/qtmm.org\\\/qt\\\/\",\"logo\":{\"@type\":\"ImageObject\",\"inLanguage\":\"qt\",\"@id\":\"https:\\\/\\\/qtmm.org\\\/qt\\\/#\\\/schema\\\/logo\\\/image\\\/\",\"url\":\"https:\\\/\\\/qtmm.org\\\/wp-content\\\/uploads\\\/2024\\\/12\\\/ua-mejlis-logo-rgb.svg\",\"contentUrl\":\"https:\\\/\\\/qtmm.org\\\/wp-content\\\/uploads\\\/2024\\\/12\\\/ua-mejlis-logo-rgb.svg\",\"caption\":\"\u041c\u0435\u0434\u0436\u043b\u0456\u0441\"},\"image\":{\"@id\":\"https:\\\/\\\/qtmm.org\\\/qt\\\/#\\\/schema\\\/logo\\\/image\\\/\"},\"sameAs\":[\"https:\\\/\\\/www.facebook.com\\\/qtmm.info\\\/\"]},{\"@type\":\"Person\",\"@id\":\"https:\\\/\\\/qtmm.org\\\/qt\\\/#\\\/schema\\\/person\\\/de562469f971dec226ac06e60bbf74a7\",\"name\":\"Developer\",\"image\":{\"@type\":\"ImageObject\",\"inLanguage\":\"qt\",\"@id\":\"https:\\\/\\\/secure.gravatar.com\\\/avatar\\\/392b4cc8fbfeb00b39dfeeab4ee6edded39ffd48e25858637e4765810300227e?s=96&d=mm&r=g\",\"url\":\"https:\\\/\\\/secure.gravatar.com\\\/avatar\\\/392b4cc8fbfeb00b39dfeeab4ee6edded39ffd48e25858637e4765810300227e?s=96&d=mm&r=g\",\"contentUrl\":\"https:\\\/\\\/secure.gravatar.com\\\/avatar\\\/392b4cc8fbfeb00b39dfeeab4ee6edded39ffd48e25858637e4765810300227e?s=96&d=mm&r=g\",\"caption\":\"Developer\"},\"url\":\"https:\\\/\\\/qtmm.org\\\/qt\\\/author\\\/Developer\\\/\"}]}<\/script>\n<!-- \/ Yoast SEO plugin. -->","yoast_head_json":{"title":"Meclis reisi Refat \u00c7ubarov Q\u0131r\u0131mda ya\u015fa\u011fan Volgaboyu, Ural ve Sibir tatarlar\u0131n\u0131 \u00ab\u0130del-Ural\u00bb milliy-medeniy merkezni\u00f1 yubileyinen hay\u0131rlad\u0131 - \u041c\u0435\u0434\u0436\u043b\u0456\u0441","robots":{"index":"index","follow":"follow","max-snippet":"max-snippet:-1","max-image-preview":"max-image-preview:large","max-video-preview":"max-video-preview:-1"},"canonical":"https:\/\/qtmm.org\/qt\/meclis-reisi-refat-cubarov-qirimda-yasagan-volgaboyu-ural-ve-sibir-tatarlarini-idel-ural-milliy-medeniy-merkeznin-yubileyinen-hayirladi\/","og_locale":"en_US","og_type":"article","og_title":"Meclis reisi Refat \u00c7ubarov Q\u0131r\u0131mda ya\u015fa\u011fan Volgaboyu, Ural ve Sibir tatarlar\u0131n\u0131 \u00ab\u0130del-Ural\u00bb milliy-medeniy merkezni\u00f1 yubileyinen hay\u0131rlad\u0131 - \u041c\u0435\u0434\u0436\u043b\u0456\u0441","og_description":"Yanvar 25 k\u00fcn\u00fc Aqmescitte &#8220;Alraid&#8221; birle\u015fmesini\u00f1 meclisler salon\u0131nda Q\u0131r\u0131mda ya\u015fa\u011fan Volgaboyu, Ural ve Sibir tatarlar\u0131n\u0131 &#8220;\u0130del-Ural&#8221; milliy-medeniy merkezni\u00f1 20 y\u0131ll\u0131\u011f\u0131na ba\u011f\u0131\u015flan\u011fan tantanal\u0131 tedbir ol\u0131p ke\u00e7ti. &#8220;\u0130del-Ural&#8221; milliy-medeniy merkezni\u00f1 ba\u015f\u0131 \u0130lmir Temirgaliyevni\u00f1 daveti ile Milliy Meclis reisi Refat \u00c7ubarov ve on\u0131\u00f1 muavini Zaur Smirnov tantanal\u0131 tedbirde i\u015ftirak ettiler. &#8220;Qarda\u015f halqlarn\u0131\u00f1 birisinen b\u00f6yle bayram tedbirinde bulun\u011fan\u0131m\u0131z\u011fa pek [&hellip;]","og_url":"https:\/\/qtmm.org\/qt\/meclis-reisi-refat-cubarov-qirimda-yasagan-volgaboyu-ural-ve-sibir-tatarlarini-idel-ural-milliy-medeniy-merkeznin-yubileyinen-hayirladi\/","og_site_name":"\u041c\u0435\u0434\u0436\u043b\u0456\u0441","article_publisher":"https:\/\/www.facebook.com\/qtmm.info\/","article_published_time":"2014-01-25T14:12:00+00:00","article_modified_time":"2022-01-27T14:13:14+00:00","og_image":[{"width":650,"height":345,"url":"https:\/\/qtmm.org\/wp-content\/uploads\/2022\/01\/img_4805.jpeg","type":"image\/jpeg"}],"author":"Developer","twitter_card":"summary_large_image","twitter_misc":{"Written by":"Developer","Est. reading time":"2 minutes"},"schema":{"@context":"https:\/\/schema.org","@graph":[{"@type":"Article","@id":"https:\/\/qtmm.org\/qt\/meclis-reisi-refat-cubarov-qirimda-yasagan-volgaboyu-ural-ve-sibir-tatarlarini-idel-ural-milliy-medeniy-merkeznin-yubileyinen-hayirladi\/#article","isPartOf":{"@id":"https:\/\/qtmm.org\/qt\/meclis-reisi-refat-cubarov-qirimda-yasagan-volgaboyu-ural-ve-sibir-tatarlarini-idel-ural-milliy-medeniy-merkeznin-yubileyinen-hayirladi\/"},"author":{"name":"Developer","@id":"https:\/\/qtmm.org\/qt\/#\/schema\/person\/de562469f971dec226ac06e60bbf74a7"},"headline":"Meclis reisi Refat \u00c7ubarov Q\u0131r\u0131mda ya\u015fa\u011fan Volgaboyu, Ural ve Sibir tatarlar\u0131n\u0131 \u00ab\u0130del-Ural\u00bb milliy-medeniy merkezni\u00f1 yubileyinen hay\u0131rlad\u0131","datePublished":"2014-01-25T14:12:00+00:00","dateModified":"2022-01-27T14:13:14+00:00","mainEntityOfPage":{"@id":"https:\/\/qtmm.org\/qt\/meclis-reisi-refat-cubarov-qirimda-yasagan-volgaboyu-ural-ve-sibir-tatarlarini-idel-ural-milliy-medeniy-merkeznin-yubileyinen-hayirladi\/"},"wordCount":326,"commentCount":0,"publisher":{"@id":"https:\/\/qtmm.org\/qt\/#organization"},"image":{"@id":"https:\/\/qtmm.org\/qt\/meclis-reisi-refat-cubarov-qirimda-yasagan-volgaboyu-ural-ve-sibir-tatarlarini-idel-ural-milliy-medeniy-merkeznin-yubileyinen-hayirladi\/#primaryimage"},"thumbnailUrl":"https:\/\/qtmm.org\/wp-content\/uploads\/2022\/01\/img_4805.jpeg","articleSection":["Haberler"],"inLanguage":"qt","potentialAction":[{"@type":"CommentAction","name":"Comment","target":["https:\/\/qtmm.org\/qt\/meclis-reisi-refat-cubarov-qirimda-yasagan-volgaboyu-ural-ve-sibir-tatarlarini-idel-ural-milliy-medeniy-merkeznin-yubileyinen-hayirladi\/#respond"]}]},{"@type":"WebPage","@id":"https:\/\/qtmm.org\/qt\/meclis-reisi-refat-cubarov-qirimda-yasagan-volgaboyu-ural-ve-sibir-tatarlarini-idel-ural-milliy-medeniy-merkeznin-yubileyinen-hayirladi\/","url":"https:\/\/qtmm.org\/qt\/meclis-reisi-refat-cubarov-qirimda-yasagan-volgaboyu-ural-ve-sibir-tatarlarini-idel-ural-milliy-medeniy-merkeznin-yubileyinen-hayirladi\/","name":"Meclis reisi Refat \u00c7ubarov Q\u0131r\u0131mda ya\u015fa\u011fan Volgaboyu, Ural ve Sibir tatarlar\u0131n\u0131 \u00ab\u0130del-Ural\u00bb milliy-medeniy merkezni\u00f1 yubileyinen hay\u0131rlad\u0131 - \u041c\u0435\u0434\u0436\u043b\u0456\u0441","isPartOf":{"@id":"https:\/\/qtmm.org\/qt\/#website"},"primaryImageOfPage":{"@id":"https:\/\/qtmm.org\/qt\/meclis-reisi-refat-cubarov-qirimda-yasagan-volgaboyu-ural-ve-sibir-tatarlarini-idel-ural-milliy-medeniy-merkeznin-yubileyinen-hayirladi\/#primaryimage"},"image":{"@id":"https:\/\/qtmm.org\/qt\/meclis-reisi-refat-cubarov-qirimda-yasagan-volgaboyu-ural-ve-sibir-tatarlarini-idel-ural-milliy-medeniy-merkeznin-yubileyinen-hayirladi\/#primaryimage"},"thumbnailUrl":"https:\/\/qtmm.org\/wp-content\/uploads\/2022\/01\/img_4805.jpeg","datePublished":"2014-01-25T14:12:00+00:00","dateModified":"2022-01-27T14:13:14+00:00","breadcrumb":{"@id":"https:\/\/qtmm.org\/qt\/meclis-reisi-refat-cubarov-qirimda-yasagan-volgaboyu-ural-ve-sibir-tatarlarini-idel-ural-milliy-medeniy-merkeznin-yubileyinen-hayirladi\/#breadcrumb"},"inLanguage":"qt","potentialAction":[{"@type":"ReadAction","target":["https:\/\/qtmm.org\/qt\/meclis-reisi-refat-cubarov-qirimda-yasagan-volgaboyu-ural-ve-sibir-tatarlarini-idel-ural-milliy-medeniy-merkeznin-yubileyinen-hayirladi\/"]}]},{"@type":"ImageObject","inLanguage":"qt","@id":"https:\/\/qtmm.org\/qt\/meclis-reisi-refat-cubarov-qirimda-yasagan-volgaboyu-ural-ve-sibir-tatarlarini-idel-ural-milliy-medeniy-merkeznin-yubileyinen-hayirladi\/#primaryimage","url":"https:\/\/qtmm.org\/wp-content\/uploads\/2022\/01\/img_4805.jpeg","contentUrl":"https:\/\/qtmm.org\/wp-content\/uploads\/2022\/01\/img_4805.jpeg","width":650,"height":345},{"@type":"BreadcrumbList","@id":"https:\/\/qtmm.org\/qt\/meclis-reisi-refat-cubarov-qirimda-yasagan-volgaboyu-ural-ve-sibir-tatarlarini-idel-ural-milliy-medeniy-merkeznin-yubileyinen-hayirladi\/#breadcrumb","itemListElement":[{"@type":"ListItem","position":1,"name":"\u0413\u043e\u043b\u043e\u0432\u043d\u0430","item":"https:\/\/qtmm.org\/qt\/"},{"@type":"ListItem","position":2,"name":"Meclis reisi Refat \u00c7ubarov Q\u0131r\u0131mda ya\u015fa\u011fan Volgaboyu, Ural ve Sibir tatarlar\u0131n\u0131 \u00ab\u0130del-Ural\u00bb milliy-medeniy merkezni\u00f1 yubileyinen hay\u0131rlad\u0131"}]},{"@type":"WebSite","@id":"https:\/\/qtmm.org\/qt\/#website","url":"https:\/\/qtmm.org\/qt\/","name":"\u041c\u0435\u0434\u0436\u043b\u0456\u0441","description":"","publisher":{"@id":"https:\/\/qtmm.org\/qt\/#organization"},"potentialAction":[{"@type":"SearchAction","target":{"@type":"EntryPoint","urlTemplate":"https:\/\/qtmm.org\/qt\/?s={search_term_string}"},"query-input":{"@type":"PropertyValueSpecification","valueRequired":true,"valueName":"search_term_string"}}],"inLanguage":"qt"},{"@type":"Organization","@id":"https:\/\/qtmm.org\/qt\/#organization","name":"\u041c\u0435\u0434\u0436\u043b\u0456\u0441","url":"https:\/\/qtmm.org\/qt\/","logo":{"@type":"ImageObject","inLanguage":"qt","@id":"https:\/\/qtmm.org\/qt\/#\/schema\/logo\/image\/","url":"https:\/\/qtmm.org\/wp-content\/uploads\/2024\/12\/ua-mejlis-logo-rgb.svg","contentUrl":"https:\/\/qtmm.org\/wp-content\/uploads\/2024\/12\/ua-mejlis-logo-rgb.svg","caption":"\u041c\u0435\u0434\u0436\u043b\u0456\u0441"},"image":{"@id":"https:\/\/qtmm.org\/qt\/#\/schema\/logo\/image\/"},"sameAs":["https:\/\/www.facebook.com\/qtmm.info\/"]},{"@type":"Person","@id":"https:\/\/qtmm.org\/qt\/#\/schema\/person\/de562469f971dec226ac06e60bbf74a7","name":"Developer","image":{"@type":"ImageObject","inLanguage":"qt","@id":"https:\/\/secure.gravatar.com\/avatar\/392b4cc8fbfeb00b39dfeeab4ee6edded39ffd48e25858637e4765810300227e?s=96&d=mm&r=g","url":"https:\/\/secure.gravatar.com\/avatar\/392b4cc8fbfeb00b39dfeeab4ee6edded39ffd48e25858637e4765810300227e?s=96&d=mm&r=g","contentUrl":"https:\/\/secure.gravatar.com\/avatar\/392b4cc8fbfeb00b39dfeeab4ee6edded39ffd48e25858637e4765810300227e?s=96&d=mm&r=g","caption":"Developer"},"url":"https:\/\/qtmm.org\/qt\/author\/Developer\/"}]}},"_links":{"self":[{"href":"https:\/\/qtmm.org\/qt\/wp-json\/wp\/v2\/posts\/42707","targetHints":{"allow":["GET"]}}],"collection":[{"href":"https:\/\/qtmm.org\/qt\/wp-json\/wp\/v2\/posts"}],"about":[{"href":"https:\/\/qtmm.org\/qt\/wp-json\/wp\/v2\/types\/post"}],"author":[{"embeddable":true,"href":"https:\/\/qtmm.org\/qt\/wp-json\/wp\/v2\/users\/1"}],"replies":[{"embeddable":true,"href":"https:\/\/qtmm.org\/qt\/wp-json\/wp\/v2\/comments?post=42707"}],"version-history":[{"count":1,"href":"https:\/\/qtmm.org\/qt\/wp-json\/wp\/v2\/posts\/42707\/revisions"}],"predecessor-version":[{"id":42732,"href":"https:\/\/qtmm.org\/qt\/wp-json\/wp\/v2\/posts\/42707\/revisions\/42732"}],"wp:featuredmedia":[{"embeddable":true,"href":"https:\/\/qtmm.org\/qt\/wp-json\/wp\/v2\/media\/42708"}],"wp:attachment":[{"href":"https:\/\/qtmm.org\/qt\/wp-json\/wp\/v2\/media?parent=42707"}],"wp:term":[{"taxonomy":"category","embeddable":true,"href":"https:\/\/qtmm.org\/qt\/wp-json\/wp\/v2\/categories?post=42707"},{"taxonomy":"post_tag","embeddable":true,"href":"https:\/\/qtmm.org\/qt\/wp-json\/wp\/v2\/tags?post=42707"}],"curies":[{"name":"wp","href":"https:\/\/api.w.org\/{rel}","templated":true}]}}