




{"id":42705,"date":"2014-01-24T17:10:00","date_gmt":"2014-01-24T14:10:00","guid":{"rendered":"http:\/\/qtmm.org\/?p=42705"},"modified":"2022-01-27T17:10:38","modified_gmt":"2022-01-27T14:10:38","slug":"vi-milliy-qurultay-teftis-komisyoninin-beyanati","status":"publish","type":"post","link":"https:\/\/qtmm.org\/qt\/vi-milliy-qurultay-teftis-komisyoninin-beyanati\/","title":{"rendered":"VI Milliy Qurultay Tefti\u015f Komisyon\u0131n\u0131\u00f1 Beyanat\u0131"},"content":{"rendered":"\n<p class=\"has-text-align-center\"><strong>VI M\u0130LL\u0130Y QURULTAY TEFT\u0130\u015e KOM\u0130SYONINI\u00d1<\/strong><\/p>\n\n\n\n<p class=\"has-text-align-center\"><strong>Aral\u0131q 30-da ol\u0131p ke\u00e7ken topla\u015fuv\u0131nda al\u0131n\u011fan qararlar\u011fa binaen<\/strong><\/p>\n\n\n\n<p class=\"has-text-align-center\"><strong>BEYANATI<\/strong><\/p>\n\n\n\n<p>1. Yerli meclislerge din cemiyetlerinen beraber areket etip, saylavc\u0131lar\u0131ndan er ay muntazam surette belli miqdarda para toplayaraq, \u00f6z b\u00fct\u00e7elerini meydan\u011fa ketirmelerini, bu b\u00fct\u00e7e yard\u0131m\u0131nen yerli ihtiyaclarn\u0131 qar\u015f\u0131lamalar\u0131n\u0131 ve b\u00fct\u00fcn masraflar\u0131ndan esabat bermelerini teklif etemiz.<\/p>\n\n\n\n<p>2. Regional ve yerli meclisler ocaq ay\u0131n\u0131\u00f1 sonu\u00f1a qadar saylavc\u0131lar\u0131n\u0131\u00f1 i\u015ftiraginen topla\u015fuvlar ke\u00e7irmelerini ve y\u0131ll\u0131q faaliyetlerinden esabat bermelerini, m\u00fcmk\u00fcn derecede bu topla\u015fuvlarda Milliy Meclis azalar\u0131n\u0131\u00f1 ve yerli Qurultay vekillerini\u00f1 i\u015ftirak et\u00fcvlerini teklif etemiz.<\/p>\n\n\n\n<p>3. Er bir Milliy Qurultay vekili Milliy Mecliste ol\u011fan bir de bir idarege kirmesini, regional meclislerni\u00f1 azalar\u0131 aras\u0131nda Milliy Mecliste ol\u011fan er bir idarege ba\u011fl\u0131, olarnen ba\u011f tutqan, i\u015fbirlik qur\u011fan kimseler tayin etilmesini teklif etemiz.<\/p>\n\n\n\n<p>4. \u00abQ\u0131r\u0131m\u00bb ve \u00abAvdet\u00bb gazetelerine, \u00abArman\u00e7\u0131q\u00bb mecmuas\u0131na abune oluvn\u0131 ra\u011fbetlendirmek, er bir Milliy Qurultay vekilini\u00f1 i\u015fbu ne\u015firlerge abune oluv\u0131n\u0131 teklif etemiz.<\/p>\n\n\n\n<p class=\"has-text-align-right\"><strong>VI Miliy Qurultay Tefti\u015f komisyon\u0131n\u0131\u00f1 reisi<\/strong><\/p>\n\n\n\n<p class=\"has-text-align-right\"><strong>Ali \u00d6zenba\u015f<\/strong><br>&nbsp;<\/p>\n","protected":false},"excerpt":{"rendered":"<p>VI M\u0130LL\u0130Y QURULTAY TEFT\u0130\u015e KOM\u0130SYONINI\u00d1 Aral\u0131q 30-da ol\u0131p ke\u00e7ken topla\u015fuv\u0131nda al\u0131n\u011fan qararlar\u011fa binaen BEYANATI 1. Yerli meclislerge din cemiyetlerinen beraber areket etip, saylavc\u0131lar\u0131ndan er ay muntazam surette belli miqdarda para toplayaraq, \u00f6z b\u00fct\u00e7elerini meydan\u011fa ketirmelerini, bu b\u00fct\u00e7e yard\u0131m\u0131nen yerli ihtiyaclarn\u0131 qar\u015f\u0131lamalar\u0131n\u0131 ve b\u00fct\u00fcn masraflar\u0131ndan esabat bermelerini teklif etemiz. 2. Regional ve yerli meclisler ocaq ay\u0131n\u0131\u00f1 [&hellip;]<\/p>\n","protected":false},"author":1,"featured_media":0,"comment_status":"open","ping_status":"open","sticky":false,"template":"","format":"standard","meta":{"inline_featured_image":false,"footnotes":""},"categories":[265],"tags":[],"class_list":["post-42705","post","type-post","status-publish","format-standard","hentry","category-haberler"],"acf":[],"yoast_head":"<!-- This site is optimized with the Yoast SEO plugin v27.4 - https:\/\/yoast.com\/product\/yoast-seo-wordpress\/ -->\n<title>VI Milliy Qurultay Tefti\u015f Komisyon\u0131n\u0131\u00f1 Beyanat\u0131 - \u041c\u0435\u0434\u0436\u043b\u0456\u0441<\/title>\n<meta name=\"robots\" content=\"index, follow, max-snippet:-1, max-image-preview:large, max-video-preview:-1\" \/>\n<link rel=\"canonical\" href=\"https:\/\/qtmm.org\/qt\/vi-milliy-qurultay-teftis-komisyoninin-beyanati\/\" \/>\n<meta property=\"og:locale\" content=\"en_US\" \/>\n<meta property=\"og:type\" content=\"article\" \/>\n<meta property=\"og:title\" content=\"VI Milliy Qurultay Tefti\u015f Komisyon\u0131n\u0131\u00f1 Beyanat\u0131 - \u041c\u0435\u0434\u0436\u043b\u0456\u0441\" \/>\n<meta property=\"og:description\" content=\"VI M\u0130LL\u0130Y QURULTAY TEFT\u0130\u015e KOM\u0130SYONINI\u00d1 Aral\u0131q 30-da ol\u0131p ke\u00e7ken topla\u015fuv\u0131nda al\u0131n\u011fan qararlar\u011fa binaen BEYANATI 1. Yerli meclislerge din cemiyetlerinen beraber areket etip, saylavc\u0131lar\u0131ndan er ay muntazam surette belli miqdarda para toplayaraq, \u00f6z b\u00fct\u00e7elerini meydan\u011fa ketirmelerini, bu b\u00fct\u00e7e yard\u0131m\u0131nen yerli ihtiyaclarn\u0131 qar\u015f\u0131lamalar\u0131n\u0131 ve b\u00fct\u00fcn masraflar\u0131ndan esabat bermelerini teklif etemiz. 2. Regional ve yerli meclisler ocaq ay\u0131n\u0131\u00f1 [&hellip;]\" \/>\n<meta property=\"og:url\" content=\"https:\/\/qtmm.org\/qt\/vi-milliy-qurultay-teftis-komisyoninin-beyanati\/\" \/>\n<meta property=\"og:site_name\" content=\"\u041c\u0435\u0434\u0436\u043b\u0456\u0441\" \/>\n<meta property=\"article:publisher\" content=\"https:\/\/www.facebook.com\/qtmm.info\/\" \/>\n<meta property=\"article:published_time\" content=\"2014-01-24T14:10:00+00:00\" \/>\n<meta property=\"article:modified_time\" content=\"2022-01-27T14:10:38+00:00\" \/>\n<meta name=\"author\" content=\"Developer\" \/>\n<meta name=\"twitter:card\" content=\"summary_large_image\" \/>\n<meta name=\"twitter:label1\" content=\"Written by\" \/>\n\t<meta name=\"twitter:data1\" content=\"Developer\" \/>\n\t<meta name=\"twitter:label2\" content=\"Est. reading time\" \/>\n\t<meta name=\"twitter:data2\" content=\"1 minute\" \/>\n<script type=\"application\/ld+json\" class=\"yoast-schema-graph\">{\"@context\":\"https:\\\/\\\/schema.org\",\"@graph\":[{\"@type\":\"Article\",\"@id\":\"https:\\\/\\\/qtmm.org\\\/qt\\\/vi-milliy-qurultay-teftis-komisyoninin-beyanati\\\/#article\",\"isPartOf\":{\"@id\":\"https:\\\/\\\/qtmm.org\\\/qt\\\/vi-milliy-qurultay-teftis-komisyoninin-beyanati\\\/\"},\"author\":{\"name\":\"Developer\",\"@id\":\"https:\\\/\\\/qtmm.org\\\/qt\\\/#\\\/schema\\\/person\\\/de562469f971dec226ac06e60bbf74a7\"},\"headline\":\"VI Milliy Qurultay Tefti\u015f Komisyon\u0131n\u0131\u00f1 Beyanat\u0131\",\"datePublished\":\"2014-01-24T14:10:00+00:00\",\"dateModified\":\"2022-01-27T14:10:38+00:00\",\"mainEntityOfPage\":{\"@id\":\"https:\\\/\\\/qtmm.org\\\/qt\\\/vi-milliy-qurultay-teftis-komisyoninin-beyanati\\\/\"},\"wordCount\":204,\"commentCount\":0,\"publisher\":{\"@id\":\"https:\\\/\\\/qtmm.org\\\/qt\\\/#organization\"},\"articleSection\":[\"Haberler\"],\"inLanguage\":\"qt\",\"potentialAction\":[{\"@type\":\"CommentAction\",\"name\":\"Comment\",\"target\":[\"https:\\\/\\\/qtmm.org\\\/qt\\\/vi-milliy-qurultay-teftis-komisyoninin-beyanati\\\/#respond\"]}]},{\"@type\":\"WebPage\",\"@id\":\"https:\\\/\\\/qtmm.org\\\/qt\\\/vi-milliy-qurultay-teftis-komisyoninin-beyanati\\\/\",\"url\":\"https:\\\/\\\/qtmm.org\\\/qt\\\/vi-milliy-qurultay-teftis-komisyoninin-beyanati\\\/\",\"name\":\"VI Milliy Qurultay Tefti\u015f Komisyon\u0131n\u0131\u00f1 Beyanat\u0131 - \u041c\u0435\u0434\u0436\u043b\u0456\u0441\",\"isPartOf\":{\"@id\":\"https:\\\/\\\/qtmm.org\\\/qt\\\/#website\"},\"datePublished\":\"2014-01-24T14:10:00+00:00\",\"dateModified\":\"2022-01-27T14:10:38+00:00\",\"breadcrumb\":{\"@id\":\"https:\\\/\\\/qtmm.org\\\/qt\\\/vi-milliy-qurultay-teftis-komisyoninin-beyanati\\\/#breadcrumb\"},\"inLanguage\":\"qt\",\"potentialAction\":[{\"@type\":\"ReadAction\",\"target\":[\"https:\\\/\\\/qtmm.org\\\/qt\\\/vi-milliy-qurultay-teftis-komisyoninin-beyanati\\\/\"]}]},{\"@type\":\"BreadcrumbList\",\"@id\":\"https:\\\/\\\/qtmm.org\\\/qt\\\/vi-milliy-qurultay-teftis-komisyoninin-beyanati\\\/#breadcrumb\",\"itemListElement\":[{\"@type\":\"ListItem\",\"position\":1,\"name\":\"\u0413\u043e\u043b\u043e\u0432\u043d\u0430\",\"item\":\"https:\\\/\\\/qtmm.org\\\/qt\\\/\"},{\"@type\":\"ListItem\",\"position\":2,\"name\":\"VI Milliy Qurultay Tefti\u015f Komisyon\u0131n\u0131\u00f1 Beyanat\u0131\"}]},{\"@type\":\"WebSite\",\"@id\":\"https:\\\/\\\/qtmm.org\\\/qt\\\/#website\",\"url\":\"https:\\\/\\\/qtmm.org\\\/qt\\\/\",\"name\":\"\u041c\u0435\u0434\u0436\u043b\u0456\u0441\",\"description\":\"\",\"publisher\":{\"@id\":\"https:\\\/\\\/qtmm.org\\\/qt\\\/#organization\"},\"potentialAction\":[{\"@type\":\"SearchAction\",\"target\":{\"@type\":\"EntryPoint\",\"urlTemplate\":\"https:\\\/\\\/qtmm.org\\\/qt\\\/?s={search_term_string}\"},\"query-input\":{\"@type\":\"PropertyValueSpecification\",\"valueRequired\":true,\"valueName\":\"search_term_string\"}}],\"inLanguage\":\"qt\"},{\"@type\":\"Organization\",\"@id\":\"https:\\\/\\\/qtmm.org\\\/qt\\\/#organization\",\"name\":\"\u041c\u0435\u0434\u0436\u043b\u0456\u0441\",\"url\":\"https:\\\/\\\/qtmm.org\\\/qt\\\/\",\"logo\":{\"@type\":\"ImageObject\",\"inLanguage\":\"qt\",\"@id\":\"https:\\\/\\\/qtmm.org\\\/qt\\\/#\\\/schema\\\/logo\\\/image\\\/\",\"url\":\"https:\\\/\\\/qtmm.org\\\/wp-content\\\/uploads\\\/2024\\\/12\\\/ua-mejlis-logo-rgb.svg\",\"contentUrl\":\"https:\\\/\\\/qtmm.org\\\/wp-content\\\/uploads\\\/2024\\\/12\\\/ua-mejlis-logo-rgb.svg\",\"caption\":\"\u041c\u0435\u0434\u0436\u043b\u0456\u0441\"},\"image\":{\"@id\":\"https:\\\/\\\/qtmm.org\\\/qt\\\/#\\\/schema\\\/logo\\\/image\\\/\"},\"sameAs\":[\"https:\\\/\\\/www.facebook.com\\\/qtmm.info\\\/\"]},{\"@type\":\"Person\",\"@id\":\"https:\\\/\\\/qtmm.org\\\/qt\\\/#\\\/schema\\\/person\\\/de562469f971dec226ac06e60bbf74a7\",\"name\":\"Developer\",\"image\":{\"@type\":\"ImageObject\",\"inLanguage\":\"qt\",\"@id\":\"https:\\\/\\\/secure.gravatar.com\\\/avatar\\\/392b4cc8fbfeb00b39dfeeab4ee6edded39ffd48e25858637e4765810300227e?s=96&d=mm&r=g\",\"url\":\"https:\\\/\\\/secure.gravatar.com\\\/avatar\\\/392b4cc8fbfeb00b39dfeeab4ee6edded39ffd48e25858637e4765810300227e?s=96&d=mm&r=g\",\"contentUrl\":\"https:\\\/\\\/secure.gravatar.com\\\/avatar\\\/392b4cc8fbfeb00b39dfeeab4ee6edded39ffd48e25858637e4765810300227e?s=96&d=mm&r=g\",\"caption\":\"Developer\"},\"url\":\"https:\\\/\\\/qtmm.org\\\/qt\\\/author\\\/Developer\\\/\"}]}<\/script>\n<!-- \/ Yoast SEO plugin. -->","yoast_head_json":{"title":"VI Milliy Qurultay Tefti\u015f Komisyon\u0131n\u0131\u00f1 Beyanat\u0131 - \u041c\u0435\u0434\u0436\u043b\u0456\u0441","robots":{"index":"index","follow":"follow","max-snippet":"max-snippet:-1","max-image-preview":"max-image-preview:large","max-video-preview":"max-video-preview:-1"},"canonical":"https:\/\/qtmm.org\/qt\/vi-milliy-qurultay-teftis-komisyoninin-beyanati\/","og_locale":"en_US","og_type":"article","og_title":"VI Milliy Qurultay Tefti\u015f Komisyon\u0131n\u0131\u00f1 Beyanat\u0131 - \u041c\u0435\u0434\u0436\u043b\u0456\u0441","og_description":"VI M\u0130LL\u0130Y QURULTAY TEFT\u0130\u015e KOM\u0130SYONINI\u00d1 Aral\u0131q 30-da ol\u0131p ke\u00e7ken topla\u015fuv\u0131nda al\u0131n\u011fan qararlar\u011fa binaen BEYANATI 1. Yerli meclislerge din cemiyetlerinen beraber areket etip, saylavc\u0131lar\u0131ndan er ay muntazam surette belli miqdarda para toplayaraq, \u00f6z b\u00fct\u00e7elerini meydan\u011fa ketirmelerini, bu b\u00fct\u00e7e yard\u0131m\u0131nen yerli ihtiyaclarn\u0131 qar\u015f\u0131lamalar\u0131n\u0131 ve b\u00fct\u00fcn masraflar\u0131ndan esabat bermelerini teklif etemiz. 2. Regional ve yerli meclisler ocaq ay\u0131n\u0131\u00f1 [&hellip;]","og_url":"https:\/\/qtmm.org\/qt\/vi-milliy-qurultay-teftis-komisyoninin-beyanati\/","og_site_name":"\u041c\u0435\u0434\u0436\u043b\u0456\u0441","article_publisher":"https:\/\/www.facebook.com\/qtmm.info\/","article_published_time":"2014-01-24T14:10:00+00:00","article_modified_time":"2022-01-27T14:10:38+00:00","author":"Developer","twitter_card":"summary_large_image","twitter_misc":{"Written by":"Developer","Est. reading time":"1 minute"},"schema":{"@context":"https:\/\/schema.org","@graph":[{"@type":"Article","@id":"https:\/\/qtmm.org\/qt\/vi-milliy-qurultay-teftis-komisyoninin-beyanati\/#article","isPartOf":{"@id":"https:\/\/qtmm.org\/qt\/vi-milliy-qurultay-teftis-komisyoninin-beyanati\/"},"author":{"name":"Developer","@id":"https:\/\/qtmm.org\/qt\/#\/schema\/person\/de562469f971dec226ac06e60bbf74a7"},"headline":"VI Milliy Qurultay Tefti\u015f Komisyon\u0131n\u0131\u00f1 Beyanat\u0131","datePublished":"2014-01-24T14:10:00+00:00","dateModified":"2022-01-27T14:10:38+00:00","mainEntityOfPage":{"@id":"https:\/\/qtmm.org\/qt\/vi-milliy-qurultay-teftis-komisyoninin-beyanati\/"},"wordCount":204,"commentCount":0,"publisher":{"@id":"https:\/\/qtmm.org\/qt\/#organization"},"articleSection":["Haberler"],"inLanguage":"qt","potentialAction":[{"@type":"CommentAction","name":"Comment","target":["https:\/\/qtmm.org\/qt\/vi-milliy-qurultay-teftis-komisyoninin-beyanati\/#respond"]}]},{"@type":"WebPage","@id":"https:\/\/qtmm.org\/qt\/vi-milliy-qurultay-teftis-komisyoninin-beyanati\/","url":"https:\/\/qtmm.org\/qt\/vi-milliy-qurultay-teftis-komisyoninin-beyanati\/","name":"VI Milliy Qurultay Tefti\u015f Komisyon\u0131n\u0131\u00f1 Beyanat\u0131 - \u041c\u0435\u0434\u0436\u043b\u0456\u0441","isPartOf":{"@id":"https:\/\/qtmm.org\/qt\/#website"},"datePublished":"2014-01-24T14:10:00+00:00","dateModified":"2022-01-27T14:10:38+00:00","breadcrumb":{"@id":"https:\/\/qtmm.org\/qt\/vi-milliy-qurultay-teftis-komisyoninin-beyanati\/#breadcrumb"},"inLanguage":"qt","potentialAction":[{"@type":"ReadAction","target":["https:\/\/qtmm.org\/qt\/vi-milliy-qurultay-teftis-komisyoninin-beyanati\/"]}]},{"@type":"BreadcrumbList","@id":"https:\/\/qtmm.org\/qt\/vi-milliy-qurultay-teftis-komisyoninin-beyanati\/#breadcrumb","itemListElement":[{"@type":"ListItem","position":1,"name":"\u0413\u043e\u043b\u043e\u0432\u043d\u0430","item":"https:\/\/qtmm.org\/qt\/"},{"@type":"ListItem","position":2,"name":"VI Milliy Qurultay Tefti\u015f Komisyon\u0131n\u0131\u00f1 Beyanat\u0131"}]},{"@type":"WebSite","@id":"https:\/\/qtmm.org\/qt\/#website","url":"https:\/\/qtmm.org\/qt\/","name":"\u041c\u0435\u0434\u0436\u043b\u0456\u0441","description":"","publisher":{"@id":"https:\/\/qtmm.org\/qt\/#organization"},"potentialAction":[{"@type":"SearchAction","target":{"@type":"EntryPoint","urlTemplate":"https:\/\/qtmm.org\/qt\/?s={search_term_string}"},"query-input":{"@type":"PropertyValueSpecification","valueRequired":true,"valueName":"search_term_string"}}],"inLanguage":"qt"},{"@type":"Organization","@id":"https:\/\/qtmm.org\/qt\/#organization","name":"\u041c\u0435\u0434\u0436\u043b\u0456\u0441","url":"https:\/\/qtmm.org\/qt\/","logo":{"@type":"ImageObject","inLanguage":"qt","@id":"https:\/\/qtmm.org\/qt\/#\/schema\/logo\/image\/","url":"https:\/\/qtmm.org\/wp-content\/uploads\/2024\/12\/ua-mejlis-logo-rgb.svg","contentUrl":"https:\/\/qtmm.org\/wp-content\/uploads\/2024\/12\/ua-mejlis-logo-rgb.svg","caption":"\u041c\u0435\u0434\u0436\u043b\u0456\u0441"},"image":{"@id":"https:\/\/qtmm.org\/qt\/#\/schema\/logo\/image\/"},"sameAs":["https:\/\/www.facebook.com\/qtmm.info\/"]},{"@type":"Person","@id":"https:\/\/qtmm.org\/qt\/#\/schema\/person\/de562469f971dec226ac06e60bbf74a7","name":"Developer","image":{"@type":"ImageObject","inLanguage":"qt","@id":"https:\/\/secure.gravatar.com\/avatar\/392b4cc8fbfeb00b39dfeeab4ee6edded39ffd48e25858637e4765810300227e?s=96&d=mm&r=g","url":"https:\/\/secure.gravatar.com\/avatar\/392b4cc8fbfeb00b39dfeeab4ee6edded39ffd48e25858637e4765810300227e?s=96&d=mm&r=g","contentUrl":"https:\/\/secure.gravatar.com\/avatar\/392b4cc8fbfeb00b39dfeeab4ee6edded39ffd48e25858637e4765810300227e?s=96&d=mm&r=g","caption":"Developer"},"url":"https:\/\/qtmm.org\/qt\/author\/Developer\/"}]}},"_links":{"self":[{"href":"https:\/\/qtmm.org\/qt\/wp-json\/wp\/v2\/posts\/42705","targetHints":{"allow":["GET"]}}],"collection":[{"href":"https:\/\/qtmm.org\/qt\/wp-json\/wp\/v2\/posts"}],"about":[{"href":"https:\/\/qtmm.org\/qt\/wp-json\/wp\/v2\/types\/post"}],"author":[{"embeddable":true,"href":"https:\/\/qtmm.org\/qt\/wp-json\/wp\/v2\/users\/1"}],"replies":[{"embeddable":true,"href":"https:\/\/qtmm.org\/qt\/wp-json\/wp\/v2\/comments?post=42705"}],"version-history":[{"count":1,"href":"https:\/\/qtmm.org\/qt\/wp-json\/wp\/v2\/posts\/42705\/revisions"}],"predecessor-version":[{"id":42706,"href":"https:\/\/qtmm.org\/qt\/wp-json\/wp\/v2\/posts\/42705\/revisions\/42706"}],"wp:attachment":[{"href":"https:\/\/qtmm.org\/qt\/wp-json\/wp\/v2\/media?parent=42705"}],"wp:term":[{"taxonomy":"category","embeddable":true,"href":"https:\/\/qtmm.org\/qt\/wp-json\/wp\/v2\/categories?post=42705"},{"taxonomy":"post_tag","embeddable":true,"href":"https:\/\/qtmm.org\/qt\/wp-json\/wp\/v2\/tags?post=42705"}],"curies":[{"name":"wp","href":"https:\/\/api.w.org\/{rel}","templated":true}]}}