




{"id":42699,"date":"2014-01-22T17:08:00","date_gmt":"2014-01-22T14:08:00","guid":{"rendered":"http:\/\/qtmm.org\/?p=42699"},"modified":"2022-01-27T17:09:56","modified_gmt":"2022-01-27T14:09:56","slug":"refat-cubarov-qirim-bucetine-su-cumleden-muim-meseleler-cezimine-qaytmaga-mecbur-olurmiz-cunki-insanlar-bularni-bizge-unuttirmaz","status":"publish","type":"post","link":"https:\/\/qtmm.org\/qt\/refat-cubarov-qirim-bucetine-su-cumleden-muim-meseleler-cezimine-qaytmaga-mecbur-olurmiz-cunki-insanlar-bularni-bizge-unuttirmaz\/","title":{"rendered":"Refat \u00c7ubarov: Q\u0131r\u0131m b\u00fccetine, \u015fu c\u00fcmleden m\u00fcim meseleler \u00e7ezimine qaytma\u011fa mecbur olurm\u0131z, \u00e7\u00fcnki insanlar bularn\u0131 bizge unutt\u0131rmaz"},"content":{"rendered":"\n<p>Q\u0131r\u0131m Yuqar\u0131 \u015euras\u0131 &#8220;Qurultay-Ruh&#8221; fraktsiyas\u0131n\u0131\u00f1 ba\u015f\u0131, Q\u0131r\u0131mtatar halq\u0131 Meclisini\u00f1 reisi Refat \u00c7ubarov muhtariyet b\u00fccetini\u00f1 leyhas\u0131n\u0131 tenqidge o\u011fratt\u0131. Bu aqta R. \u00c7ubarov Q\u0131r\u0131m Yuqar\u0131 \u015euras\u0131n\u0131\u00f1 2014 senesi yanvar 22-de ol\u011fan nevbetten t\u0131\u015f sessiyas\u0131nda bildirdi.<\/p>\n\n\n\n<p>Refat \u00c7ubarovn\u0131 q\u0131r\u0131mtatar qasabalar\u0131 ve rayonlar\u0131na zarur a\u011flar ke\u00e7irilmegen, q\u0131r\u0131mtatar tilinde mektepkece tasil olma\u011fan bir zamanda Q\u0131r\u0131mn\u0131\u00f1 m\u00fcsbet imici ve &#8220;informatsion teminat&#8221;qa millionlarnen grivn\u00e2 ay\u0131r\u0131l\u011fan\u0131 a\u00e7uvlatt\u0131.<\/p>\n\n\n\n<p>&#8220;Faaliyetimiz devam\u0131nda baqmam\u0131z kerek ol\u011fan b\u00fccet kibi m\u00fcim ve belki de, esas vesiqan\u0131 kene de sessiya\u011fa yar\u0131m k\u00fcn qal\u011fanda elimizge ald\u0131q, &#8211; dedi \u00c7ubarov.<\/p>\n\n\n\n<p>Menim de sizler kibi masraflar ve kelirler balans\u0131n\u0131 talil etmege imk\u00e2n\u0131m olmad\u0131. Amma, ayn\u0131 zamanda b\u00fccette Q\u0131r\u0131m idare saas\u0131nda o ya da bu gruppalarn\u0131\u00f1 menfaatlar\u0131 k\u00f6zge al\u0131n\u011fan\u0131n\u0131 k\u00f6rdim ebet. A\u00f1la\u015f\u0131la ki, b\u00fct\u00fcn bular halqn\u0131 qay\u011f\u0131ruv\u011fa esaslana&#8230; Siz bir raqamlar\u011fa, Q\u0131r\u0131mda idarege, g\u00fcrdeli m\u00fcim problemler \u00e7ezimine ay\u0131r\u0131l\u011fan sermiyalarn\u0131\u00f1 k\u00f6lemine diqqat eti\u00f1iz. Olarn\u0131 te\u00f1e\u015ftirse\u00f1iz, er \u015feyni a\u00f1lars\u0131\u00f1\u0131z\u2026&#8221;<\/p>\n\n\n\n<p>Q\u0131r\u0131mtatarlar toplu ya\u015fa\u011fan eki qasaba \u2013 Kezlevdeki \u0130smail bey ve Aqmescitteki Beloye-5 qasabalar\u0131 misalinde Meclis reisi, Q\u0131r\u0131m Yuqar\u0131 \u015euras\u0131n\u0131\u00f1 deputat\u0131 cumhuriyet akimiyet organlar\u0131 vekillerini\u00f1 diqqat\u0131n\u0131 q\u0131r\u0131mtatar mekteplerini\u00f1 vaziyetine, insan ya\u015famas\u0131 i\u00e7\u00fcn e\u00f1 zarur \u015faraitleri olma\u011fan qasaba ve mikrorayonlarn\u0131\u00f1 al\u0131na tekrar diqqatlar\u0131n\u0131 celp etti.<\/p>\n\n\n\n<p>&#8220;Bir afta efelsi \u0130smail bey qasabas\u0131ndaki mektepte bulund\u0131m. Bir \u00e7oqlar\u0131\u00f1\u0131z, \u015fu c\u00fcmleden ba\u015f nazirni\u00f1 \u00e7oqtan-\u00e7oq muavinleri de anda old\u0131\u00f1\u0131z.<\/p>\n\n\n\n<p>Birisinden \u011fayr\u0131 qal\u011fan b\u00fct\u00fcn q\u0131r\u0131mtatar mektepleri nas\u0131ld\u0131r bir binalarda a\u00e7\u0131ld\u0131. Bu mektep de istisna degil. Quruc\u0131l\u0131\u011f\u0131 bitirilmegen in\u015faat mektep i\u00e7\u00fcn uydur\u0131ld\u0131. So\u00f1ra \u00e7e\u015fit sponsorlar sayesinde, \u015fu c\u00fcmleden t\u0131\u015ftan kelgen soylar\u0131 da ve olar art\u0131q \u00e7etelli casuslar, dep adland\u0131r\u0131lacaqt\u0131rlar, mektep zarur e\u015fyalarnen donat\u0131ld\u0131. Mektepni yek\u00e2ne qaide ve talaplar\u011fa cevap bergen al\u011fa ketirmek, balalarn\u0131\u00f1 havfs\u0131zl\u0131\u011f\u0131n\u0131 teminlemek i\u00e7\u00fcn 1,6 million grivn\u00e2 zarur edi, biz bu paralarn\u0131 tap\u0131p olamad\u0131q\u2026.Men b\u00f6yle misallerde \u00e7oq toqtalmaq istemeyim, amma b\u00f6yle bir vaziyette b\u00fccet vastas\u0131nen ayr\u0131 insanlarn\u0131\u00f1 &#8220;isteklerini&#8221; yerine ketirmek y\u00fczs\u00fczliktir, &#8211; dedi a\u00e7uv ile QYU\u015e deputat\u0131 Refat \u00c7ubarov. \u2013 Bun\u0131\u00f1 kibi de \u00e7e\u015fit saalar\u0131m\u0131zda daa y\u00fczlernen, em yal\u0131\u00f1\u0131z q\u0131r\u0131mtatarlarnen ba\u011fl\u0131 olma\u011fan, problemler tur\u011fanda ne i\u00e7\u00fcn \u0130nformatsiya boyunca cumhuriyet komitetine Q\u0131r\u0131mn\u0131\u00f1 m\u00fcsbet imicini yaratmaq ve ileri s\u00fcrd\u00fcrmesi i\u00e7\u00fcn 5 million grivn\u00e2 ay\u0131rmaq kerek? Q\u0131r\u0131mn\u0131\u00f1 m\u00fcsbet imici filmler, bilbordlar ya da para ay\u0131n-oyun\u0131 yap\u0131l\u011fan \u015famatal\u0131 tedbirlernen degil de, Q\u0131r\u0131mda eyiall\u0131l\u0131q yarat\u0131lmas\u0131, \u00e7e\u015fit tillerde qonu\u015fqan insanlar, medeniyetler aras\u0131ndaki munasebetlernen teminlenile. Bu 5 million grivn\u00e2n\u0131 mekteplerge beri\u00f1iz!<br><br>Ayd\u0131\u00f1\u0131z, kelecek sessiyada \u015fu meseleni muzakere eteyik\u2026 Ealini\u00f1 informatsion teminat\u0131n\u0131 m\u00fckemmelle\u015ftir\u00fcv boyunca tedbirler\u2026 Bizde ne k\u00fctleviy matbuat vastalar\u0131 azm\u0131, yoqsa? Men belli bir saan\u0131, c\u00fcmleden q\u0131r\u0131mtatar meselesini, ayr\u0131ca k\u00f6stermege istemeyim, amma bun\u0131 \u00f6m\u00fcr talap ete.<\/p>\n\n\n\n<p>Bug\u00fcnde-bug\u00fcn bizde q\u0131r\u0131mtatar tilinde oqut\u0131l\u011fan i\u00e7 bir mektepkece tasil b\u00fccet m\u00fcessisesi yoqt\u0131r. Em bu sadece bala ba\u011f\u00e7as\u0131n\u0131\u00f1 quruc\u0131l\u0131\u011f\u0131na para ay\u0131rmaqnen s\u0131\u00f1\u0131rlanmay, bu b\u00fct\u00fcn bir komplekstir. Bu tedbirlerni mektepkece tasil programmas\u0131na kirsetmek kerek. Amma nazirlik bu meseleni k\u00f6rmemezlikke ala.<\/p>\n\n\n\n<p>Baq\u0131\u00f1\u0131z, nas\u0131l d\u00fclber bir s\u00f6zler: ilmiy faaliyetnen ba\u011fl\u0131 tedbirler. Qav\u0131sler i\u00e7inde ise aynecilik gizlene: c\u00fcmleden, Q\u0131r\u0131m tarih\u0131 boyunca ilmiy eserlerni\u00f1 ne\u015firine 799000 grivn\u00e2. Bu i\u015flerni endi \u00e7oqtan az\u0131rla\u011fan bir gruppa tarih\u00e7\u0131lar i\u015fte bu meseleni \u00f6gge s\u00fcrdiler. Q\u0131r\u0131m tarih\u0131 aqq\u0131nda qapa-qar\u015f\u0131 ne\u015firler azm\u0131 yoqsa bizde?<\/p>\n\n\n\n<p>Men a\u00f1lay\u0131m, belli y\u00f6neli\u015fke do\u011fru kelmegen \u00e7\u0131q\u0131\u015flar \u00f6yle de bo\u015f \u00e7\u0131q\u0131\u015f ol\u0131p qala. Zan\u0131mca, Q\u0131r\u0131m b\u00fccetine, \u015fu c\u00fcmleden m\u00fcim meseleler \u00e7ezimine qaytma\u011fa mecbur olurm\u0131z, \u00e7\u00fcnki insanlar bularn\u0131 bizge unutt\u0131rmaz&#8221;<\/p>\n","protected":false},"excerpt":{"rendered":"<p>Q\u0131r\u0131m Yuqar\u0131 \u015euras\u0131 &#8220;Qurultay-Ruh&#8221; fraktsiyas\u0131n\u0131\u00f1 ba\u015f\u0131, Q\u0131r\u0131mtatar halq\u0131 Meclisini\u00f1 reisi Refat \u00c7ubarov muhtariyet b\u00fccetini\u00f1 leyhas\u0131n\u0131 tenqidge o\u011fratt\u0131. Bu aqta R. \u00c7ubarov Q\u0131r\u0131m Yuqar\u0131 \u015euras\u0131n\u0131\u00f1 2014 senesi yanvar 22-de ol\u011fan nevbetten t\u0131\u015f sessiyas\u0131nda bildirdi. Refat \u00c7ubarovn\u0131 q\u0131r\u0131mtatar qasabalar\u0131 ve rayonlar\u0131na zarur a\u011flar ke\u00e7irilmegen, q\u0131r\u0131mtatar tilinde mektepkece tasil olma\u011fan bir zamanda Q\u0131r\u0131mn\u0131\u00f1 m\u00fcsbet imici ve &#8220;informatsion teminat&#8221;qa [&hellip;]<\/p>\n","protected":false},"author":1,"featured_media":42700,"comment_status":"open","ping_status":"open","sticky":false,"template":"","format":"standard","meta":{"inline_featured_image":false,"footnotes":""},"categories":[265],"tags":[],"class_list":["post-42699","post","type-post","status-publish","format-standard","has-post-thumbnail","hentry","category-haberler"],"acf":[],"yoast_head":"<!-- This site is optimized with the Yoast SEO plugin v27.4 - https:\/\/yoast.com\/product\/yoast-seo-wordpress\/ -->\n<title>Refat \u00c7ubarov: Q\u0131r\u0131m b\u00fccetine, \u015fu c\u00fcmleden m\u00fcim meseleler \u00e7ezimine qaytma\u011fa mecbur olurm\u0131z, \u00e7\u00fcnki insanlar bularn\u0131 bizge unutt\u0131rmaz - \u041c\u0435\u0434\u0436\u043b\u0456\u0441<\/title>\n<meta name=\"robots\" content=\"index, follow, max-snippet:-1, max-image-preview:large, max-video-preview:-1\" \/>\n<link rel=\"canonical\" href=\"https:\/\/qtmm.org\/qt\/refat-cubarov-qirim-bucetine-su-cumleden-muim-meseleler-cezimine-qaytmaga-mecbur-olurmiz-cunki-insanlar-bularni-bizge-unuttirmaz\/\" \/>\n<meta property=\"og:locale\" content=\"en_US\" \/>\n<meta property=\"og:type\" content=\"article\" \/>\n<meta property=\"og:title\" content=\"Refat \u00c7ubarov: Q\u0131r\u0131m b\u00fccetine, \u015fu c\u00fcmleden m\u00fcim meseleler \u00e7ezimine qaytma\u011fa mecbur olurm\u0131z, \u00e7\u00fcnki insanlar bularn\u0131 bizge unutt\u0131rmaz - \u041c\u0435\u0434\u0436\u043b\u0456\u0441\" \/>\n<meta property=\"og:description\" content=\"Q\u0131r\u0131m Yuqar\u0131 \u015euras\u0131 &#8220;Qurultay-Ruh&#8221; fraktsiyas\u0131n\u0131\u00f1 ba\u015f\u0131, Q\u0131r\u0131mtatar halq\u0131 Meclisini\u00f1 reisi Refat \u00c7ubarov muhtariyet b\u00fccetini\u00f1 leyhas\u0131n\u0131 tenqidge o\u011fratt\u0131. Bu aqta R. \u00c7ubarov Q\u0131r\u0131m Yuqar\u0131 \u015euras\u0131n\u0131\u00f1 2014 senesi yanvar 22-de ol\u011fan nevbetten t\u0131\u015f sessiyas\u0131nda bildirdi. Refat \u00c7ubarovn\u0131 q\u0131r\u0131mtatar qasabalar\u0131 ve rayonlar\u0131na zarur a\u011flar ke\u00e7irilmegen, q\u0131r\u0131mtatar tilinde mektepkece tasil olma\u011fan bir zamanda Q\u0131r\u0131mn\u0131\u00f1 m\u00fcsbet imici ve &#8220;informatsion teminat&#8221;qa [&hellip;]\" \/>\n<meta property=\"og:url\" content=\"https:\/\/qtmm.org\/qt\/refat-cubarov-qirim-bucetine-su-cumleden-muim-meseleler-cezimine-qaytmaga-mecbur-olurmiz-cunki-insanlar-bularni-bizge-unuttirmaz\/\" \/>\n<meta property=\"og:site_name\" content=\"\u041c\u0435\u0434\u0436\u043b\u0456\u0441\" \/>\n<meta property=\"article:publisher\" content=\"https:\/\/www.facebook.com\/qtmm.info\/\" \/>\n<meta property=\"article:published_time\" content=\"2014-01-22T14:08:00+00:00\" \/>\n<meta property=\"article:modified_time\" content=\"2022-01-27T14:09:56+00:00\" \/>\n<meta property=\"og:image\" content=\"https:\/\/qtmm.org\/wp-content\/uploads\/2022\/01\/chubarov_2.jpeg\" \/>\n\t<meta property=\"og:image:width\" content=\"650\" \/>\n\t<meta property=\"og:image:height\" content=\"498\" \/>\n\t<meta property=\"og:image:type\" content=\"image\/jpeg\" \/>\n<meta name=\"author\" content=\"Developer\" \/>\n<meta name=\"twitter:card\" content=\"summary_large_image\" \/>\n<meta name=\"twitter:label1\" content=\"Written by\" \/>\n\t<meta name=\"twitter:data1\" content=\"Developer\" \/>\n\t<meta name=\"twitter:label2\" content=\"Est. reading time\" \/>\n\t<meta name=\"twitter:data2\" content=\"4 minutes\" \/>\n<script type=\"application\/ld+json\" class=\"yoast-schema-graph\">{\"@context\":\"https:\\\/\\\/schema.org\",\"@graph\":[{\"@type\":\"Article\",\"@id\":\"https:\\\/\\\/qtmm.org\\\/qt\\\/refat-cubarov-qirim-bucetine-su-cumleden-muim-meseleler-cezimine-qaytmaga-mecbur-olurmiz-cunki-insanlar-bularni-bizge-unuttirmaz\\\/#article\",\"isPartOf\":{\"@id\":\"https:\\\/\\\/qtmm.org\\\/qt\\\/refat-cubarov-qirim-bucetine-su-cumleden-muim-meseleler-cezimine-qaytmaga-mecbur-olurmiz-cunki-insanlar-bularni-bizge-unuttirmaz\\\/\"},\"author\":{\"name\":\"Developer\",\"@id\":\"https:\\\/\\\/qtmm.org\\\/qt\\\/#\\\/schema\\\/person\\\/de562469f971dec226ac06e60bbf74a7\"},\"headline\":\"Refat \u00c7ubarov: Q\u0131r\u0131m b\u00fccetine, \u015fu c\u00fcmleden m\u00fcim meseleler \u00e7ezimine qaytma\u011fa mecbur olurm\u0131z, \u00e7\u00fcnki insanlar bularn\u0131 bizge unutt\u0131rmaz\",\"datePublished\":\"2014-01-22T14:08:00+00:00\",\"dateModified\":\"2022-01-27T14:09:56+00:00\",\"mainEntityOfPage\":{\"@id\":\"https:\\\/\\\/qtmm.org\\\/qt\\\/refat-cubarov-qirim-bucetine-su-cumleden-muim-meseleler-cezimine-qaytmaga-mecbur-olurmiz-cunki-insanlar-bularni-bizge-unuttirmaz\\\/\"},\"wordCount\":752,\"commentCount\":0,\"publisher\":{\"@id\":\"https:\\\/\\\/qtmm.org\\\/qt\\\/#organization\"},\"image\":{\"@id\":\"https:\\\/\\\/qtmm.org\\\/qt\\\/refat-cubarov-qirim-bucetine-su-cumleden-muim-meseleler-cezimine-qaytmaga-mecbur-olurmiz-cunki-insanlar-bularni-bizge-unuttirmaz\\\/#primaryimage\"},\"thumbnailUrl\":\"https:\\\/\\\/qtmm.org\\\/wp-content\\\/uploads\\\/2022\\\/01\\\/chubarov_2.jpeg\",\"articleSection\":[\"Haberler\"],\"inLanguage\":\"qt\",\"potentialAction\":[{\"@type\":\"CommentAction\",\"name\":\"Comment\",\"target\":[\"https:\\\/\\\/qtmm.org\\\/qt\\\/refat-cubarov-qirim-bucetine-su-cumleden-muim-meseleler-cezimine-qaytmaga-mecbur-olurmiz-cunki-insanlar-bularni-bizge-unuttirmaz\\\/#respond\"]}]},{\"@type\":\"WebPage\",\"@id\":\"https:\\\/\\\/qtmm.org\\\/qt\\\/refat-cubarov-qirim-bucetine-su-cumleden-muim-meseleler-cezimine-qaytmaga-mecbur-olurmiz-cunki-insanlar-bularni-bizge-unuttirmaz\\\/\",\"url\":\"https:\\\/\\\/qtmm.org\\\/qt\\\/refat-cubarov-qirim-bucetine-su-cumleden-muim-meseleler-cezimine-qaytmaga-mecbur-olurmiz-cunki-insanlar-bularni-bizge-unuttirmaz\\\/\",\"name\":\"Refat \u00c7ubarov: Q\u0131r\u0131m b\u00fccetine, \u015fu c\u00fcmleden m\u00fcim meseleler \u00e7ezimine qaytma\u011fa mecbur olurm\u0131z, \u00e7\u00fcnki insanlar bularn\u0131 bizge unutt\u0131rmaz - \u041c\u0435\u0434\u0436\u043b\u0456\u0441\",\"isPartOf\":{\"@id\":\"https:\\\/\\\/qtmm.org\\\/qt\\\/#website\"},\"primaryImageOfPage\":{\"@id\":\"https:\\\/\\\/qtmm.org\\\/qt\\\/refat-cubarov-qirim-bucetine-su-cumleden-muim-meseleler-cezimine-qaytmaga-mecbur-olurmiz-cunki-insanlar-bularni-bizge-unuttirmaz\\\/#primaryimage\"},\"image\":{\"@id\":\"https:\\\/\\\/qtmm.org\\\/qt\\\/refat-cubarov-qirim-bucetine-su-cumleden-muim-meseleler-cezimine-qaytmaga-mecbur-olurmiz-cunki-insanlar-bularni-bizge-unuttirmaz\\\/#primaryimage\"},\"thumbnailUrl\":\"https:\\\/\\\/qtmm.org\\\/wp-content\\\/uploads\\\/2022\\\/01\\\/chubarov_2.jpeg\",\"datePublished\":\"2014-01-22T14:08:00+00:00\",\"dateModified\":\"2022-01-27T14:09:56+00:00\",\"breadcrumb\":{\"@id\":\"https:\\\/\\\/qtmm.org\\\/qt\\\/refat-cubarov-qirim-bucetine-su-cumleden-muim-meseleler-cezimine-qaytmaga-mecbur-olurmiz-cunki-insanlar-bularni-bizge-unuttirmaz\\\/#breadcrumb\"},\"inLanguage\":\"qt\",\"potentialAction\":[{\"@type\":\"ReadAction\",\"target\":[\"https:\\\/\\\/qtmm.org\\\/qt\\\/refat-cubarov-qirim-bucetine-su-cumleden-muim-meseleler-cezimine-qaytmaga-mecbur-olurmiz-cunki-insanlar-bularni-bizge-unuttirmaz\\\/\"]}]},{\"@type\":\"ImageObject\",\"inLanguage\":\"qt\",\"@id\":\"https:\\\/\\\/qtmm.org\\\/qt\\\/refat-cubarov-qirim-bucetine-su-cumleden-muim-meseleler-cezimine-qaytmaga-mecbur-olurmiz-cunki-insanlar-bularni-bizge-unuttirmaz\\\/#primaryimage\",\"url\":\"https:\\\/\\\/qtmm.org\\\/wp-content\\\/uploads\\\/2022\\\/01\\\/chubarov_2.jpeg\",\"contentUrl\":\"https:\\\/\\\/qtmm.org\\\/wp-content\\\/uploads\\\/2022\\\/01\\\/chubarov_2.jpeg\",\"width\":650,\"height\":498},{\"@type\":\"BreadcrumbList\",\"@id\":\"https:\\\/\\\/qtmm.org\\\/qt\\\/refat-cubarov-qirim-bucetine-su-cumleden-muim-meseleler-cezimine-qaytmaga-mecbur-olurmiz-cunki-insanlar-bularni-bizge-unuttirmaz\\\/#breadcrumb\",\"itemListElement\":[{\"@type\":\"ListItem\",\"position\":1,\"name\":\"\u0413\u043e\u043b\u043e\u0432\u043d\u0430\",\"item\":\"https:\\\/\\\/qtmm.org\\\/qt\\\/\"},{\"@type\":\"ListItem\",\"position\":2,\"name\":\"Refat \u00c7ubarov: Q\u0131r\u0131m b\u00fccetine, \u015fu c\u00fcmleden m\u00fcim meseleler \u00e7ezimine qaytma\u011fa mecbur olurm\u0131z, \u00e7\u00fcnki insanlar bularn\u0131 bizge unutt\u0131rmaz\"}]},{\"@type\":\"WebSite\",\"@id\":\"https:\\\/\\\/qtmm.org\\\/qt\\\/#website\",\"url\":\"https:\\\/\\\/qtmm.org\\\/qt\\\/\",\"name\":\"\u041c\u0435\u0434\u0436\u043b\u0456\u0441\",\"description\":\"\",\"publisher\":{\"@id\":\"https:\\\/\\\/qtmm.org\\\/qt\\\/#organization\"},\"potentialAction\":[{\"@type\":\"SearchAction\",\"target\":{\"@type\":\"EntryPoint\",\"urlTemplate\":\"https:\\\/\\\/qtmm.org\\\/qt\\\/?s={search_term_string}\"},\"query-input\":{\"@type\":\"PropertyValueSpecification\",\"valueRequired\":true,\"valueName\":\"search_term_string\"}}],\"inLanguage\":\"qt\"},{\"@type\":\"Organization\",\"@id\":\"https:\\\/\\\/qtmm.org\\\/qt\\\/#organization\",\"name\":\"\u041c\u0435\u0434\u0436\u043b\u0456\u0441\",\"url\":\"https:\\\/\\\/qtmm.org\\\/qt\\\/\",\"logo\":{\"@type\":\"ImageObject\",\"inLanguage\":\"qt\",\"@id\":\"https:\\\/\\\/qtmm.org\\\/qt\\\/#\\\/schema\\\/logo\\\/image\\\/\",\"url\":\"https:\\\/\\\/qtmm.org\\\/wp-content\\\/uploads\\\/2024\\\/12\\\/ua-mejlis-logo-rgb.svg\",\"contentUrl\":\"https:\\\/\\\/qtmm.org\\\/wp-content\\\/uploads\\\/2024\\\/12\\\/ua-mejlis-logo-rgb.svg\",\"caption\":\"\u041c\u0435\u0434\u0436\u043b\u0456\u0441\"},\"image\":{\"@id\":\"https:\\\/\\\/qtmm.org\\\/qt\\\/#\\\/schema\\\/logo\\\/image\\\/\"},\"sameAs\":[\"https:\\\/\\\/www.facebook.com\\\/qtmm.info\\\/\"]},{\"@type\":\"Person\",\"@id\":\"https:\\\/\\\/qtmm.org\\\/qt\\\/#\\\/schema\\\/person\\\/de562469f971dec226ac06e60bbf74a7\",\"name\":\"Developer\",\"image\":{\"@type\":\"ImageObject\",\"inLanguage\":\"qt\",\"@id\":\"https:\\\/\\\/secure.gravatar.com\\\/avatar\\\/392b4cc8fbfeb00b39dfeeab4ee6edded39ffd48e25858637e4765810300227e?s=96&d=mm&r=g\",\"url\":\"https:\\\/\\\/secure.gravatar.com\\\/avatar\\\/392b4cc8fbfeb00b39dfeeab4ee6edded39ffd48e25858637e4765810300227e?s=96&d=mm&r=g\",\"contentUrl\":\"https:\\\/\\\/secure.gravatar.com\\\/avatar\\\/392b4cc8fbfeb00b39dfeeab4ee6edded39ffd48e25858637e4765810300227e?s=96&d=mm&r=g\",\"caption\":\"Developer\"},\"url\":\"https:\\\/\\\/qtmm.org\\\/qt\\\/author\\\/Developer\\\/\"}]}<\/script>\n<!-- \/ Yoast SEO plugin. -->","yoast_head_json":{"title":"Refat \u00c7ubarov: Q\u0131r\u0131m b\u00fccetine, \u015fu c\u00fcmleden m\u00fcim meseleler \u00e7ezimine qaytma\u011fa mecbur olurm\u0131z, \u00e7\u00fcnki insanlar bularn\u0131 bizge unutt\u0131rmaz - \u041c\u0435\u0434\u0436\u043b\u0456\u0441","robots":{"index":"index","follow":"follow","max-snippet":"max-snippet:-1","max-image-preview":"max-image-preview:large","max-video-preview":"max-video-preview:-1"},"canonical":"https:\/\/qtmm.org\/qt\/refat-cubarov-qirim-bucetine-su-cumleden-muim-meseleler-cezimine-qaytmaga-mecbur-olurmiz-cunki-insanlar-bularni-bizge-unuttirmaz\/","og_locale":"en_US","og_type":"article","og_title":"Refat \u00c7ubarov: Q\u0131r\u0131m b\u00fccetine, \u015fu c\u00fcmleden m\u00fcim meseleler \u00e7ezimine qaytma\u011fa mecbur olurm\u0131z, \u00e7\u00fcnki insanlar bularn\u0131 bizge unutt\u0131rmaz - \u041c\u0435\u0434\u0436\u043b\u0456\u0441","og_description":"Q\u0131r\u0131m Yuqar\u0131 \u015euras\u0131 &#8220;Qurultay-Ruh&#8221; fraktsiyas\u0131n\u0131\u00f1 ba\u015f\u0131, Q\u0131r\u0131mtatar halq\u0131 Meclisini\u00f1 reisi Refat \u00c7ubarov muhtariyet b\u00fccetini\u00f1 leyhas\u0131n\u0131 tenqidge o\u011fratt\u0131. Bu aqta R. \u00c7ubarov Q\u0131r\u0131m Yuqar\u0131 \u015euras\u0131n\u0131\u00f1 2014 senesi yanvar 22-de ol\u011fan nevbetten t\u0131\u015f sessiyas\u0131nda bildirdi. Refat \u00c7ubarovn\u0131 q\u0131r\u0131mtatar qasabalar\u0131 ve rayonlar\u0131na zarur a\u011flar ke\u00e7irilmegen, q\u0131r\u0131mtatar tilinde mektepkece tasil olma\u011fan bir zamanda Q\u0131r\u0131mn\u0131\u00f1 m\u00fcsbet imici ve &#8220;informatsion teminat&#8221;qa [&hellip;]","og_url":"https:\/\/qtmm.org\/qt\/refat-cubarov-qirim-bucetine-su-cumleden-muim-meseleler-cezimine-qaytmaga-mecbur-olurmiz-cunki-insanlar-bularni-bizge-unuttirmaz\/","og_site_name":"\u041c\u0435\u0434\u0436\u043b\u0456\u0441","article_publisher":"https:\/\/www.facebook.com\/qtmm.info\/","article_published_time":"2014-01-22T14:08:00+00:00","article_modified_time":"2022-01-27T14:09:56+00:00","og_image":[{"width":650,"height":498,"url":"https:\/\/qtmm.org\/wp-content\/uploads\/2022\/01\/chubarov_2.jpeg","type":"image\/jpeg"}],"author":"Developer","twitter_card":"summary_large_image","twitter_misc":{"Written by":"Developer","Est. reading time":"4 minutes"},"schema":{"@context":"https:\/\/schema.org","@graph":[{"@type":"Article","@id":"https:\/\/qtmm.org\/qt\/refat-cubarov-qirim-bucetine-su-cumleden-muim-meseleler-cezimine-qaytmaga-mecbur-olurmiz-cunki-insanlar-bularni-bizge-unuttirmaz\/#article","isPartOf":{"@id":"https:\/\/qtmm.org\/qt\/refat-cubarov-qirim-bucetine-su-cumleden-muim-meseleler-cezimine-qaytmaga-mecbur-olurmiz-cunki-insanlar-bularni-bizge-unuttirmaz\/"},"author":{"name":"Developer","@id":"https:\/\/qtmm.org\/qt\/#\/schema\/person\/de562469f971dec226ac06e60bbf74a7"},"headline":"Refat \u00c7ubarov: Q\u0131r\u0131m b\u00fccetine, \u015fu c\u00fcmleden m\u00fcim meseleler \u00e7ezimine qaytma\u011fa mecbur olurm\u0131z, \u00e7\u00fcnki insanlar bularn\u0131 bizge unutt\u0131rmaz","datePublished":"2014-01-22T14:08:00+00:00","dateModified":"2022-01-27T14:09:56+00:00","mainEntityOfPage":{"@id":"https:\/\/qtmm.org\/qt\/refat-cubarov-qirim-bucetine-su-cumleden-muim-meseleler-cezimine-qaytmaga-mecbur-olurmiz-cunki-insanlar-bularni-bizge-unuttirmaz\/"},"wordCount":752,"commentCount":0,"publisher":{"@id":"https:\/\/qtmm.org\/qt\/#organization"},"image":{"@id":"https:\/\/qtmm.org\/qt\/refat-cubarov-qirim-bucetine-su-cumleden-muim-meseleler-cezimine-qaytmaga-mecbur-olurmiz-cunki-insanlar-bularni-bizge-unuttirmaz\/#primaryimage"},"thumbnailUrl":"https:\/\/qtmm.org\/wp-content\/uploads\/2022\/01\/chubarov_2.jpeg","articleSection":["Haberler"],"inLanguage":"qt","potentialAction":[{"@type":"CommentAction","name":"Comment","target":["https:\/\/qtmm.org\/qt\/refat-cubarov-qirim-bucetine-su-cumleden-muim-meseleler-cezimine-qaytmaga-mecbur-olurmiz-cunki-insanlar-bularni-bizge-unuttirmaz\/#respond"]}]},{"@type":"WebPage","@id":"https:\/\/qtmm.org\/qt\/refat-cubarov-qirim-bucetine-su-cumleden-muim-meseleler-cezimine-qaytmaga-mecbur-olurmiz-cunki-insanlar-bularni-bizge-unuttirmaz\/","url":"https:\/\/qtmm.org\/qt\/refat-cubarov-qirim-bucetine-su-cumleden-muim-meseleler-cezimine-qaytmaga-mecbur-olurmiz-cunki-insanlar-bularni-bizge-unuttirmaz\/","name":"Refat \u00c7ubarov: Q\u0131r\u0131m b\u00fccetine, \u015fu c\u00fcmleden m\u00fcim meseleler \u00e7ezimine qaytma\u011fa mecbur olurm\u0131z, \u00e7\u00fcnki insanlar bularn\u0131 bizge unutt\u0131rmaz - \u041c\u0435\u0434\u0436\u043b\u0456\u0441","isPartOf":{"@id":"https:\/\/qtmm.org\/qt\/#website"},"primaryImageOfPage":{"@id":"https:\/\/qtmm.org\/qt\/refat-cubarov-qirim-bucetine-su-cumleden-muim-meseleler-cezimine-qaytmaga-mecbur-olurmiz-cunki-insanlar-bularni-bizge-unuttirmaz\/#primaryimage"},"image":{"@id":"https:\/\/qtmm.org\/qt\/refat-cubarov-qirim-bucetine-su-cumleden-muim-meseleler-cezimine-qaytmaga-mecbur-olurmiz-cunki-insanlar-bularni-bizge-unuttirmaz\/#primaryimage"},"thumbnailUrl":"https:\/\/qtmm.org\/wp-content\/uploads\/2022\/01\/chubarov_2.jpeg","datePublished":"2014-01-22T14:08:00+00:00","dateModified":"2022-01-27T14:09:56+00:00","breadcrumb":{"@id":"https:\/\/qtmm.org\/qt\/refat-cubarov-qirim-bucetine-su-cumleden-muim-meseleler-cezimine-qaytmaga-mecbur-olurmiz-cunki-insanlar-bularni-bizge-unuttirmaz\/#breadcrumb"},"inLanguage":"qt","potentialAction":[{"@type":"ReadAction","target":["https:\/\/qtmm.org\/qt\/refat-cubarov-qirim-bucetine-su-cumleden-muim-meseleler-cezimine-qaytmaga-mecbur-olurmiz-cunki-insanlar-bularni-bizge-unuttirmaz\/"]}]},{"@type":"ImageObject","inLanguage":"qt","@id":"https:\/\/qtmm.org\/qt\/refat-cubarov-qirim-bucetine-su-cumleden-muim-meseleler-cezimine-qaytmaga-mecbur-olurmiz-cunki-insanlar-bularni-bizge-unuttirmaz\/#primaryimage","url":"https:\/\/qtmm.org\/wp-content\/uploads\/2022\/01\/chubarov_2.jpeg","contentUrl":"https:\/\/qtmm.org\/wp-content\/uploads\/2022\/01\/chubarov_2.jpeg","width":650,"height":498},{"@type":"BreadcrumbList","@id":"https:\/\/qtmm.org\/qt\/refat-cubarov-qirim-bucetine-su-cumleden-muim-meseleler-cezimine-qaytmaga-mecbur-olurmiz-cunki-insanlar-bularni-bizge-unuttirmaz\/#breadcrumb","itemListElement":[{"@type":"ListItem","position":1,"name":"\u0413\u043e\u043b\u043e\u0432\u043d\u0430","item":"https:\/\/qtmm.org\/qt\/"},{"@type":"ListItem","position":2,"name":"Refat \u00c7ubarov: Q\u0131r\u0131m b\u00fccetine, \u015fu c\u00fcmleden m\u00fcim meseleler \u00e7ezimine qaytma\u011fa mecbur olurm\u0131z, \u00e7\u00fcnki insanlar bularn\u0131 bizge unutt\u0131rmaz"}]},{"@type":"WebSite","@id":"https:\/\/qtmm.org\/qt\/#website","url":"https:\/\/qtmm.org\/qt\/","name":"\u041c\u0435\u0434\u0436\u043b\u0456\u0441","description":"","publisher":{"@id":"https:\/\/qtmm.org\/qt\/#organization"},"potentialAction":[{"@type":"SearchAction","target":{"@type":"EntryPoint","urlTemplate":"https:\/\/qtmm.org\/qt\/?s={search_term_string}"},"query-input":{"@type":"PropertyValueSpecification","valueRequired":true,"valueName":"search_term_string"}}],"inLanguage":"qt"},{"@type":"Organization","@id":"https:\/\/qtmm.org\/qt\/#organization","name":"\u041c\u0435\u0434\u0436\u043b\u0456\u0441","url":"https:\/\/qtmm.org\/qt\/","logo":{"@type":"ImageObject","inLanguage":"qt","@id":"https:\/\/qtmm.org\/qt\/#\/schema\/logo\/image\/","url":"https:\/\/qtmm.org\/wp-content\/uploads\/2024\/12\/ua-mejlis-logo-rgb.svg","contentUrl":"https:\/\/qtmm.org\/wp-content\/uploads\/2024\/12\/ua-mejlis-logo-rgb.svg","caption":"\u041c\u0435\u0434\u0436\u043b\u0456\u0441"},"image":{"@id":"https:\/\/qtmm.org\/qt\/#\/schema\/logo\/image\/"},"sameAs":["https:\/\/www.facebook.com\/qtmm.info\/"]},{"@type":"Person","@id":"https:\/\/qtmm.org\/qt\/#\/schema\/person\/de562469f971dec226ac06e60bbf74a7","name":"Developer","image":{"@type":"ImageObject","inLanguage":"qt","@id":"https:\/\/secure.gravatar.com\/avatar\/392b4cc8fbfeb00b39dfeeab4ee6edded39ffd48e25858637e4765810300227e?s=96&d=mm&r=g","url":"https:\/\/secure.gravatar.com\/avatar\/392b4cc8fbfeb00b39dfeeab4ee6edded39ffd48e25858637e4765810300227e?s=96&d=mm&r=g","contentUrl":"https:\/\/secure.gravatar.com\/avatar\/392b4cc8fbfeb00b39dfeeab4ee6edded39ffd48e25858637e4765810300227e?s=96&d=mm&r=g","caption":"Developer"},"url":"https:\/\/qtmm.org\/qt\/author\/Developer\/"}]}},"_links":{"self":[{"href":"https:\/\/qtmm.org\/qt\/wp-json\/wp\/v2\/posts\/42699","targetHints":{"allow":["GET"]}}],"collection":[{"href":"https:\/\/qtmm.org\/qt\/wp-json\/wp\/v2\/posts"}],"about":[{"href":"https:\/\/qtmm.org\/qt\/wp-json\/wp\/v2\/types\/post"}],"author":[{"embeddable":true,"href":"https:\/\/qtmm.org\/qt\/wp-json\/wp\/v2\/users\/1"}],"replies":[{"embeddable":true,"href":"https:\/\/qtmm.org\/qt\/wp-json\/wp\/v2\/comments?post=42699"}],"version-history":[{"count":1,"href":"https:\/\/qtmm.org\/qt\/wp-json\/wp\/v2\/posts\/42699\/revisions"}],"predecessor-version":[{"id":42704,"href":"https:\/\/qtmm.org\/qt\/wp-json\/wp\/v2\/posts\/42699\/revisions\/42704"}],"wp:featuredmedia":[{"embeddable":true,"href":"https:\/\/qtmm.org\/qt\/wp-json\/wp\/v2\/media\/42700"}],"wp:attachment":[{"href":"https:\/\/qtmm.org\/qt\/wp-json\/wp\/v2\/media?parent=42699"}],"wp:term":[{"taxonomy":"category","embeddable":true,"href":"https:\/\/qtmm.org\/qt\/wp-json\/wp\/v2\/categories?post=42699"},{"taxonomy":"post_tag","embeddable":true,"href":"https:\/\/qtmm.org\/qt\/wp-json\/wp\/v2\/tags?post=42699"}],"curies":[{"name":"wp","href":"https:\/\/api.w.org\/{rel}","templated":true}]}}