




{"id":42681,"date":"2014-01-22T17:06:00","date_gmt":"2014-01-22T14:06:00","guid":{"rendered":"http:\/\/qtmm.org\/?p=42681"},"modified":"2022-01-27T17:08:42","modified_gmt":"2022-01-27T14:08:42","slug":"meclis-reisi-refat-cubarov-serbestlikke-intiluvda-ukrain-milleti-ve-onin-ile-beraber-qirimtatar-halqini-da-ic-bir-kimse-toqtatip-olamaz","status":"publish","type":"post","link":"https:\/\/qtmm.org\/qt\/meclis-reisi-refat-cubarov-serbestlikke-intiluvda-ukrain-milleti-ve-onin-ile-beraber-qirimtatar-halqini-da-ic-bir-kimse-toqtatip-olamaz\/","title":{"rendered":"Meclis reisi Refat \u00c7ubarov: Serbestlikke \u0131nt\u0131luvda ukrain milleti ve on\u0131\u00f1 ile beraber q\u0131r\u0131mtatar halq\u0131n\u0131 da i\u00e7 bir kimse toqtat\u0131p olamaz!"},"content":{"rendered":"\n<p>2014 senesi yanvar 24 k\u00fcn\u00fc Aqmescitte Taras \u015eev\u00e7enko ad\u0131na parkta Ukraina Birligini\u00f1 k\u00fcn\u00fcne ba\u011f\u0131\u015flan\u011fan tantanal\u0131 miting ol\u0131p ke\u00e7ti.<\/p>\n\n\n\n<p>Mitingde Meclis reisi Refat \u00c7ubarov, Meclis azalar\u0131, ukrain milliy-demokratik ve q\u0131r\u0131mtatar cemaat te\u015fkil\u00e2tlar\u0131n\u0131\u00f1 vekilleri, Q\u0131r\u0131m Yevromaydan faalleri ve Q\u0131r\u0131m cemaat\u00e7\u0131l\u0131\u011f\u0131n\u0131\u00f1 temsilcileri i\u015ftirak ettiler.<\/p>\n\n\n\n<p>&#8220;Serbestlikke \u0131nt\u0131luvda ukrain milleti ve on\u0131\u00f1 ile beraber q\u0131r\u0131mtatar halq\u0131n\u0131 da i\u00e7 bir kimse toqtat\u0131p olamaz! Bayramnen hay\u0131rlay\u0131m ve k\u00fcre\u015fke \u00e7a\u011f\u0131ram! Bug\u00fcn endi a\u00f1la\u015f\u0131ld\u0131 ki, insanlarn\u0131 toqtatacaq mania yoqt\u0131r, &#8211; dedi eminliknen Meclis yolba\u015f\u00e7\u0131s\u0131. \u2013 Bug\u00fcn insanlarn\u0131 \u00f6ld\u00fcrip de, b\u00fct\u00fcn bir halqn\u0131 \u00f6g\u00fc qapal\u0131 soqaqqa aydaycaqlar, dep bellegenler \u00f6z allar\u0131n\u0131 fenala\u015ft\u0131ralar. Mahkeme olur ve olar m\u0131tlaqa cezalan\u0131rlar. M\u0131tlaqa cezas\u0131n\u0131 \u00e7ekecekler!&#8221;<\/p>\n\n\n\n<figure class=\"wp-block-image size-full\"><img loading=\"lazy\" decoding=\"async\" width=\"650\" height=\"436\" src=\"http:\/\/qtmm.org\/wp-content\/uploads\/2022\/01\/img_4759.jpeg\" alt=\"\" class=\"wp-image-42686\" srcset=\"https:\/\/qtmm.org\/wp-content\/uploads\/2022\/01\/img_4759.jpeg 650w, https:\/\/qtmm.org\/wp-content\/uploads\/2022\/01\/img_4759-300x201.jpeg 300w\" sizes=\"auto, (max-width: 650px) 100vw, 650px\" \/><\/figure>\n\n\n\n<p>Meclis reisi Refat \u00c7ubarov bug\u00fcn halq ile beraber serbestlik taba ketmek kerekliginde emin. Ukraina Halq Cumhuriyetini il\u00e2n etken ve Ukrainan\u0131 birle\u015ftirmek qarar\u0131n\u0131 al\u011fan insanlarn\u0131\u00f1 hat\u0131ras\u0131 bug\u00fcn Ukrainan\u0131\u00f1 b\u00fct\u00fcn vatanda\u015flar\u0131n\u0131 birle\u015ftirmekte.<\/p>\n\n\n\n<figure class=\"wp-block-image size-full\"><img loading=\"lazy\" decoding=\"async\" width=\"650\" height=\"346\" src=\"http:\/\/qtmm.org\/wp-content\/uploads\/2022\/01\/img_4761.jpeg\" alt=\"\" class=\"wp-image-42690\" srcset=\"https:\/\/qtmm.org\/wp-content\/uploads\/2022\/01\/img_4761.jpeg 650w, https:\/\/qtmm.org\/wp-content\/uploads\/2022\/01\/img_4761-300x160.jpeg 300w\" sizes=\"auto, (max-width: 650px) 100vw, 650px\" \/><\/figure>\n\n\n\n<p>Birle\u015f\u00fcv k\u00fcn\u00fc \u2013 Ukrainan\u0131\u00f1 yanvar 22-de 1919 senesi Ukraina Halq Cumhuriyeti ve \u011earbiy Ukraina Halq Cumhuriyetini\u00f1 birle\u015fkeni aqq\u0131ndaki akt il\u00e2n etilgen k\u00fcn\u00fc er y\u0131l\u0131 qayd etilmekte.<\/p>\n\n\n\n<p>Ukraina Birligini\u00f1 k\u00fcn\u00fc Devlet bayram\u0131 olaraq Prezidentni\u00f1 1999 senesi yanvar 21-deki Ferman\u0131 ile tesis etildi.<\/p>\n\n\n\n<figure class=\"wp-block-image size-full\"><img loading=\"lazy\" decoding=\"async\" width=\"650\" height=\"436\" src=\"http:\/\/qtmm.org\/wp-content\/uploads\/2022\/01\/img_4760.jpeg\" alt=\"\" class=\"wp-image-42694\" srcset=\"https:\/\/qtmm.org\/wp-content\/uploads\/2022\/01\/img_4760.jpeg 650w, https:\/\/qtmm.org\/wp-content\/uploads\/2022\/01\/img_4760-300x201.jpeg 300w\" sizes=\"auto, (max-width: 650px) 100vw, 650px\" \/><\/figure>\n","protected":false},"excerpt":{"rendered":"<p>2014 senesi yanvar 24 k\u00fcn\u00fc Aqmescitte Taras \u015eev\u00e7enko ad\u0131na parkta Ukraina Birligini\u00f1 k\u00fcn\u00fcne ba\u011f\u0131\u015flan\u011fan tantanal\u0131 miting ol\u0131p ke\u00e7ti. Mitingde Meclis reisi Refat \u00c7ubarov, Meclis azalar\u0131, ukrain milliy-demokratik ve q\u0131r\u0131mtatar cemaat te\u015fkil\u00e2tlar\u0131n\u0131\u00f1 vekilleri, Q\u0131r\u0131m Yevromaydan faalleri ve Q\u0131r\u0131m cemaat\u00e7\u0131l\u0131\u011f\u0131n\u0131\u00f1 temsilcileri i\u015ftirak ettiler. &#8220;Serbestlikke \u0131nt\u0131luvda ukrain milleti ve on\u0131\u00f1 ile beraber q\u0131r\u0131mtatar halq\u0131n\u0131 da i\u00e7 bir kimse [&hellip;]<\/p>\n","protected":false},"author":1,"featured_media":42682,"comment_status":"open","ping_status":"open","sticky":false,"template":"","format":"standard","meta":{"inline_featured_image":false,"footnotes":""},"categories":[265],"tags":[],"class_list":["post-42681","post","type-post","status-publish","format-standard","has-post-thumbnail","hentry","category-haberler"],"acf":[],"yoast_head":"<!-- This site is optimized with the Yoast SEO plugin v27.4 - https:\/\/yoast.com\/product\/yoast-seo-wordpress\/ -->\n<title>Meclis reisi Refat \u00c7ubarov: Serbestlikke \u0131nt\u0131luvda ukrain milleti ve on\u0131\u00f1 ile beraber q\u0131r\u0131mtatar halq\u0131n\u0131 da i\u00e7 bir kimse toqtat\u0131p olamaz! - \u041c\u0435\u0434\u0436\u043b\u0456\u0441<\/title>\n<meta name=\"robots\" content=\"index, follow, max-snippet:-1, max-image-preview:large, max-video-preview:-1\" \/>\n<link rel=\"canonical\" href=\"https:\/\/qtmm.org\/qt\/meclis-reisi-refat-cubarov-serbestlikke-intiluvda-ukrain-milleti-ve-onin-ile-beraber-qirimtatar-halqini-da-ic-bir-kimse-toqtatip-olamaz\/\" \/>\n<meta property=\"og:locale\" content=\"en_US\" \/>\n<meta property=\"og:type\" content=\"article\" \/>\n<meta property=\"og:title\" content=\"Meclis reisi Refat \u00c7ubarov: Serbestlikke \u0131nt\u0131luvda ukrain milleti ve on\u0131\u00f1 ile beraber q\u0131r\u0131mtatar halq\u0131n\u0131 da i\u00e7 bir kimse toqtat\u0131p olamaz! - \u041c\u0435\u0434\u0436\u043b\u0456\u0441\" \/>\n<meta property=\"og:description\" content=\"2014 senesi yanvar 24 k\u00fcn\u00fc Aqmescitte Taras \u015eev\u00e7enko ad\u0131na parkta Ukraina Birligini\u00f1 k\u00fcn\u00fcne ba\u011f\u0131\u015flan\u011fan tantanal\u0131 miting ol\u0131p ke\u00e7ti. Mitingde Meclis reisi Refat \u00c7ubarov, Meclis azalar\u0131, ukrain milliy-demokratik ve q\u0131r\u0131mtatar cemaat te\u015fkil\u00e2tlar\u0131n\u0131\u00f1 vekilleri, Q\u0131r\u0131m Yevromaydan faalleri ve Q\u0131r\u0131m cemaat\u00e7\u0131l\u0131\u011f\u0131n\u0131\u00f1 temsilcileri i\u015ftirak ettiler. &#8220;Serbestlikke \u0131nt\u0131luvda ukrain milleti ve on\u0131\u00f1 ile beraber q\u0131r\u0131mtatar halq\u0131n\u0131 da i\u00e7 bir kimse [&hellip;]\" \/>\n<meta property=\"og:url\" content=\"https:\/\/qtmm.org\/qt\/meclis-reisi-refat-cubarov-serbestlikke-intiluvda-ukrain-milleti-ve-onin-ile-beraber-qirimtatar-halqini-da-ic-bir-kimse-toqtatip-olamaz\/\" \/>\n<meta property=\"og:site_name\" content=\"\u041c\u0435\u0434\u0436\u043b\u0456\u0441\" \/>\n<meta property=\"article:publisher\" content=\"https:\/\/www.facebook.com\/qtmm.info\/\" \/>\n<meta property=\"article:published_time\" content=\"2014-01-22T14:06:00+00:00\" \/>\n<meta property=\"article:modified_time\" content=\"2022-01-27T14:08:42+00:00\" \/>\n<meta property=\"og:image\" content=\"https:\/\/qtmm.org\/wp-content\/uploads\/2022\/01\/img_4771.jpeg\" \/>\n\t<meta property=\"og:image:width\" content=\"650\" \/>\n\t<meta property=\"og:image:height\" content=\"379\" \/>\n\t<meta property=\"og:image:type\" content=\"image\/jpeg\" \/>\n<meta name=\"author\" content=\"Developer\" \/>\n<meta name=\"twitter:card\" content=\"summary_large_image\" \/>\n<meta name=\"twitter:label1\" content=\"Written by\" \/>\n\t<meta name=\"twitter:data1\" content=\"Developer\" \/>\n\t<meta name=\"twitter:label2\" content=\"Est. reading time\" \/>\n\t<meta name=\"twitter:data2\" content=\"1 minute\" \/>\n<script type=\"application\/ld+json\" class=\"yoast-schema-graph\">{\"@context\":\"https:\\\/\\\/schema.org\",\"@graph\":[{\"@type\":\"Article\",\"@id\":\"https:\\\/\\\/qtmm.org\\\/qt\\\/meclis-reisi-refat-cubarov-serbestlikke-intiluvda-ukrain-milleti-ve-onin-ile-beraber-qirimtatar-halqini-da-ic-bir-kimse-toqtatip-olamaz\\\/#article\",\"isPartOf\":{\"@id\":\"https:\\\/\\\/qtmm.org\\\/qt\\\/meclis-reisi-refat-cubarov-serbestlikke-intiluvda-ukrain-milleti-ve-onin-ile-beraber-qirimtatar-halqini-da-ic-bir-kimse-toqtatip-olamaz\\\/\"},\"author\":{\"name\":\"Developer\",\"@id\":\"https:\\\/\\\/qtmm.org\\\/qt\\\/#\\\/schema\\\/person\\\/de562469f971dec226ac06e60bbf74a7\"},\"headline\":\"Meclis reisi Refat \u00c7ubarov: Serbestlikke \u0131nt\u0131luvda ukrain milleti ve on\u0131\u00f1 ile beraber q\u0131r\u0131mtatar halq\u0131n\u0131 da i\u00e7 bir kimse toqtat\u0131p olamaz!\",\"datePublished\":\"2014-01-22T14:06:00+00:00\",\"dateModified\":\"2022-01-27T14:08:42+00:00\",\"mainEntityOfPage\":{\"@id\":\"https:\\\/\\\/qtmm.org\\\/qt\\\/meclis-reisi-refat-cubarov-serbestlikke-intiluvda-ukrain-milleti-ve-onin-ile-beraber-qirimtatar-halqini-da-ic-bir-kimse-toqtatip-olamaz\\\/\"},\"wordCount\":258,\"commentCount\":0,\"publisher\":{\"@id\":\"https:\\\/\\\/qtmm.org\\\/qt\\\/#organization\"},\"image\":{\"@id\":\"https:\\\/\\\/qtmm.org\\\/qt\\\/meclis-reisi-refat-cubarov-serbestlikke-intiluvda-ukrain-milleti-ve-onin-ile-beraber-qirimtatar-halqini-da-ic-bir-kimse-toqtatip-olamaz\\\/#primaryimage\"},\"thumbnailUrl\":\"https:\\\/\\\/qtmm.org\\\/wp-content\\\/uploads\\\/2022\\\/01\\\/img_4771.jpeg\",\"articleSection\":[\"Haberler\"],\"inLanguage\":\"qt\",\"potentialAction\":[{\"@type\":\"CommentAction\",\"name\":\"Comment\",\"target\":[\"https:\\\/\\\/qtmm.org\\\/qt\\\/meclis-reisi-refat-cubarov-serbestlikke-intiluvda-ukrain-milleti-ve-onin-ile-beraber-qirimtatar-halqini-da-ic-bir-kimse-toqtatip-olamaz\\\/#respond\"]}]},{\"@type\":\"WebPage\",\"@id\":\"https:\\\/\\\/qtmm.org\\\/qt\\\/meclis-reisi-refat-cubarov-serbestlikke-intiluvda-ukrain-milleti-ve-onin-ile-beraber-qirimtatar-halqini-da-ic-bir-kimse-toqtatip-olamaz\\\/\",\"url\":\"https:\\\/\\\/qtmm.org\\\/qt\\\/meclis-reisi-refat-cubarov-serbestlikke-intiluvda-ukrain-milleti-ve-onin-ile-beraber-qirimtatar-halqini-da-ic-bir-kimse-toqtatip-olamaz\\\/\",\"name\":\"Meclis reisi Refat \u00c7ubarov: Serbestlikke \u0131nt\u0131luvda ukrain milleti ve on\u0131\u00f1 ile beraber q\u0131r\u0131mtatar halq\u0131n\u0131 da i\u00e7 bir kimse toqtat\u0131p olamaz! - \u041c\u0435\u0434\u0436\u043b\u0456\u0441\",\"isPartOf\":{\"@id\":\"https:\\\/\\\/qtmm.org\\\/qt\\\/#website\"},\"primaryImageOfPage\":{\"@id\":\"https:\\\/\\\/qtmm.org\\\/qt\\\/meclis-reisi-refat-cubarov-serbestlikke-intiluvda-ukrain-milleti-ve-onin-ile-beraber-qirimtatar-halqini-da-ic-bir-kimse-toqtatip-olamaz\\\/#primaryimage\"},\"image\":{\"@id\":\"https:\\\/\\\/qtmm.org\\\/qt\\\/meclis-reisi-refat-cubarov-serbestlikke-intiluvda-ukrain-milleti-ve-onin-ile-beraber-qirimtatar-halqini-da-ic-bir-kimse-toqtatip-olamaz\\\/#primaryimage\"},\"thumbnailUrl\":\"https:\\\/\\\/qtmm.org\\\/wp-content\\\/uploads\\\/2022\\\/01\\\/img_4771.jpeg\",\"datePublished\":\"2014-01-22T14:06:00+00:00\",\"dateModified\":\"2022-01-27T14:08:42+00:00\",\"breadcrumb\":{\"@id\":\"https:\\\/\\\/qtmm.org\\\/qt\\\/meclis-reisi-refat-cubarov-serbestlikke-intiluvda-ukrain-milleti-ve-onin-ile-beraber-qirimtatar-halqini-da-ic-bir-kimse-toqtatip-olamaz\\\/#breadcrumb\"},\"inLanguage\":\"qt\",\"potentialAction\":[{\"@type\":\"ReadAction\",\"target\":[\"https:\\\/\\\/qtmm.org\\\/qt\\\/meclis-reisi-refat-cubarov-serbestlikke-intiluvda-ukrain-milleti-ve-onin-ile-beraber-qirimtatar-halqini-da-ic-bir-kimse-toqtatip-olamaz\\\/\"]}]},{\"@type\":\"ImageObject\",\"inLanguage\":\"qt\",\"@id\":\"https:\\\/\\\/qtmm.org\\\/qt\\\/meclis-reisi-refat-cubarov-serbestlikke-intiluvda-ukrain-milleti-ve-onin-ile-beraber-qirimtatar-halqini-da-ic-bir-kimse-toqtatip-olamaz\\\/#primaryimage\",\"url\":\"https:\\\/\\\/qtmm.org\\\/wp-content\\\/uploads\\\/2022\\\/01\\\/img_4771.jpeg\",\"contentUrl\":\"https:\\\/\\\/qtmm.org\\\/wp-content\\\/uploads\\\/2022\\\/01\\\/img_4771.jpeg\",\"width\":650,\"height\":379},{\"@type\":\"BreadcrumbList\",\"@id\":\"https:\\\/\\\/qtmm.org\\\/qt\\\/meclis-reisi-refat-cubarov-serbestlikke-intiluvda-ukrain-milleti-ve-onin-ile-beraber-qirimtatar-halqini-da-ic-bir-kimse-toqtatip-olamaz\\\/#breadcrumb\",\"itemListElement\":[{\"@type\":\"ListItem\",\"position\":1,\"name\":\"\u0413\u043e\u043b\u043e\u0432\u043d\u0430\",\"item\":\"https:\\\/\\\/qtmm.org\\\/qt\\\/\"},{\"@type\":\"ListItem\",\"position\":2,\"name\":\"Meclis reisi Refat \u00c7ubarov: Serbestlikke \u0131nt\u0131luvda ukrain milleti ve on\u0131\u00f1 ile beraber q\u0131r\u0131mtatar halq\u0131n\u0131 da i\u00e7 bir kimse toqtat\u0131p olamaz!\"}]},{\"@type\":\"WebSite\",\"@id\":\"https:\\\/\\\/qtmm.org\\\/qt\\\/#website\",\"url\":\"https:\\\/\\\/qtmm.org\\\/qt\\\/\",\"name\":\"\u041c\u0435\u0434\u0436\u043b\u0456\u0441\",\"description\":\"\",\"publisher\":{\"@id\":\"https:\\\/\\\/qtmm.org\\\/qt\\\/#organization\"},\"potentialAction\":[{\"@type\":\"SearchAction\",\"target\":{\"@type\":\"EntryPoint\",\"urlTemplate\":\"https:\\\/\\\/qtmm.org\\\/qt\\\/?s={search_term_string}\"},\"query-input\":{\"@type\":\"PropertyValueSpecification\",\"valueRequired\":true,\"valueName\":\"search_term_string\"}}],\"inLanguage\":\"qt\"},{\"@type\":\"Organization\",\"@id\":\"https:\\\/\\\/qtmm.org\\\/qt\\\/#organization\",\"name\":\"\u041c\u0435\u0434\u0436\u043b\u0456\u0441\",\"url\":\"https:\\\/\\\/qtmm.org\\\/qt\\\/\",\"logo\":{\"@type\":\"ImageObject\",\"inLanguage\":\"qt\",\"@id\":\"https:\\\/\\\/qtmm.org\\\/qt\\\/#\\\/schema\\\/logo\\\/image\\\/\",\"url\":\"https:\\\/\\\/qtmm.org\\\/wp-content\\\/uploads\\\/2024\\\/12\\\/ua-mejlis-logo-rgb.svg\",\"contentUrl\":\"https:\\\/\\\/qtmm.org\\\/wp-content\\\/uploads\\\/2024\\\/12\\\/ua-mejlis-logo-rgb.svg\",\"caption\":\"\u041c\u0435\u0434\u0436\u043b\u0456\u0441\"},\"image\":{\"@id\":\"https:\\\/\\\/qtmm.org\\\/qt\\\/#\\\/schema\\\/logo\\\/image\\\/\"},\"sameAs\":[\"https:\\\/\\\/www.facebook.com\\\/qtmm.info\\\/\"]},{\"@type\":\"Person\",\"@id\":\"https:\\\/\\\/qtmm.org\\\/qt\\\/#\\\/schema\\\/person\\\/de562469f971dec226ac06e60bbf74a7\",\"name\":\"Developer\",\"image\":{\"@type\":\"ImageObject\",\"inLanguage\":\"qt\",\"@id\":\"https:\\\/\\\/secure.gravatar.com\\\/avatar\\\/392b4cc8fbfeb00b39dfeeab4ee6edded39ffd48e25858637e4765810300227e?s=96&d=mm&r=g\",\"url\":\"https:\\\/\\\/secure.gravatar.com\\\/avatar\\\/392b4cc8fbfeb00b39dfeeab4ee6edded39ffd48e25858637e4765810300227e?s=96&d=mm&r=g\",\"contentUrl\":\"https:\\\/\\\/secure.gravatar.com\\\/avatar\\\/392b4cc8fbfeb00b39dfeeab4ee6edded39ffd48e25858637e4765810300227e?s=96&d=mm&r=g\",\"caption\":\"Developer\"},\"url\":\"https:\\\/\\\/qtmm.org\\\/qt\\\/author\\\/Developer\\\/\"}]}<\/script>\n<!-- \/ Yoast SEO plugin. -->","yoast_head_json":{"title":"Meclis reisi Refat \u00c7ubarov: Serbestlikke \u0131nt\u0131luvda ukrain milleti ve on\u0131\u00f1 ile beraber q\u0131r\u0131mtatar halq\u0131n\u0131 da i\u00e7 bir kimse toqtat\u0131p olamaz! - \u041c\u0435\u0434\u0436\u043b\u0456\u0441","robots":{"index":"index","follow":"follow","max-snippet":"max-snippet:-1","max-image-preview":"max-image-preview:large","max-video-preview":"max-video-preview:-1"},"canonical":"https:\/\/qtmm.org\/qt\/meclis-reisi-refat-cubarov-serbestlikke-intiluvda-ukrain-milleti-ve-onin-ile-beraber-qirimtatar-halqini-da-ic-bir-kimse-toqtatip-olamaz\/","og_locale":"en_US","og_type":"article","og_title":"Meclis reisi Refat \u00c7ubarov: Serbestlikke \u0131nt\u0131luvda ukrain milleti ve on\u0131\u00f1 ile beraber q\u0131r\u0131mtatar halq\u0131n\u0131 da i\u00e7 bir kimse toqtat\u0131p olamaz! - \u041c\u0435\u0434\u0436\u043b\u0456\u0441","og_description":"2014 senesi yanvar 24 k\u00fcn\u00fc Aqmescitte Taras \u015eev\u00e7enko ad\u0131na parkta Ukraina Birligini\u00f1 k\u00fcn\u00fcne ba\u011f\u0131\u015flan\u011fan tantanal\u0131 miting ol\u0131p ke\u00e7ti. Mitingde Meclis reisi Refat \u00c7ubarov, Meclis azalar\u0131, ukrain milliy-demokratik ve q\u0131r\u0131mtatar cemaat te\u015fkil\u00e2tlar\u0131n\u0131\u00f1 vekilleri, Q\u0131r\u0131m Yevromaydan faalleri ve Q\u0131r\u0131m cemaat\u00e7\u0131l\u0131\u011f\u0131n\u0131\u00f1 temsilcileri i\u015ftirak ettiler. &#8220;Serbestlikke \u0131nt\u0131luvda ukrain milleti ve on\u0131\u00f1 ile beraber q\u0131r\u0131mtatar halq\u0131n\u0131 da i\u00e7 bir kimse [&hellip;]","og_url":"https:\/\/qtmm.org\/qt\/meclis-reisi-refat-cubarov-serbestlikke-intiluvda-ukrain-milleti-ve-onin-ile-beraber-qirimtatar-halqini-da-ic-bir-kimse-toqtatip-olamaz\/","og_site_name":"\u041c\u0435\u0434\u0436\u043b\u0456\u0441","article_publisher":"https:\/\/www.facebook.com\/qtmm.info\/","article_published_time":"2014-01-22T14:06:00+00:00","article_modified_time":"2022-01-27T14:08:42+00:00","og_image":[{"width":650,"height":379,"url":"https:\/\/qtmm.org\/wp-content\/uploads\/2022\/01\/img_4771.jpeg","type":"image\/jpeg"}],"author":"Developer","twitter_card":"summary_large_image","twitter_misc":{"Written by":"Developer","Est. reading time":"1 minute"},"schema":{"@context":"https:\/\/schema.org","@graph":[{"@type":"Article","@id":"https:\/\/qtmm.org\/qt\/meclis-reisi-refat-cubarov-serbestlikke-intiluvda-ukrain-milleti-ve-onin-ile-beraber-qirimtatar-halqini-da-ic-bir-kimse-toqtatip-olamaz\/#article","isPartOf":{"@id":"https:\/\/qtmm.org\/qt\/meclis-reisi-refat-cubarov-serbestlikke-intiluvda-ukrain-milleti-ve-onin-ile-beraber-qirimtatar-halqini-da-ic-bir-kimse-toqtatip-olamaz\/"},"author":{"name":"Developer","@id":"https:\/\/qtmm.org\/qt\/#\/schema\/person\/de562469f971dec226ac06e60bbf74a7"},"headline":"Meclis reisi Refat \u00c7ubarov: Serbestlikke \u0131nt\u0131luvda ukrain milleti ve on\u0131\u00f1 ile beraber q\u0131r\u0131mtatar halq\u0131n\u0131 da i\u00e7 bir kimse toqtat\u0131p olamaz!","datePublished":"2014-01-22T14:06:00+00:00","dateModified":"2022-01-27T14:08:42+00:00","mainEntityOfPage":{"@id":"https:\/\/qtmm.org\/qt\/meclis-reisi-refat-cubarov-serbestlikke-intiluvda-ukrain-milleti-ve-onin-ile-beraber-qirimtatar-halqini-da-ic-bir-kimse-toqtatip-olamaz\/"},"wordCount":258,"commentCount":0,"publisher":{"@id":"https:\/\/qtmm.org\/qt\/#organization"},"image":{"@id":"https:\/\/qtmm.org\/qt\/meclis-reisi-refat-cubarov-serbestlikke-intiluvda-ukrain-milleti-ve-onin-ile-beraber-qirimtatar-halqini-da-ic-bir-kimse-toqtatip-olamaz\/#primaryimage"},"thumbnailUrl":"https:\/\/qtmm.org\/wp-content\/uploads\/2022\/01\/img_4771.jpeg","articleSection":["Haberler"],"inLanguage":"qt","potentialAction":[{"@type":"CommentAction","name":"Comment","target":["https:\/\/qtmm.org\/qt\/meclis-reisi-refat-cubarov-serbestlikke-intiluvda-ukrain-milleti-ve-onin-ile-beraber-qirimtatar-halqini-da-ic-bir-kimse-toqtatip-olamaz\/#respond"]}]},{"@type":"WebPage","@id":"https:\/\/qtmm.org\/qt\/meclis-reisi-refat-cubarov-serbestlikke-intiluvda-ukrain-milleti-ve-onin-ile-beraber-qirimtatar-halqini-da-ic-bir-kimse-toqtatip-olamaz\/","url":"https:\/\/qtmm.org\/qt\/meclis-reisi-refat-cubarov-serbestlikke-intiluvda-ukrain-milleti-ve-onin-ile-beraber-qirimtatar-halqini-da-ic-bir-kimse-toqtatip-olamaz\/","name":"Meclis reisi Refat \u00c7ubarov: Serbestlikke \u0131nt\u0131luvda ukrain milleti ve on\u0131\u00f1 ile beraber q\u0131r\u0131mtatar halq\u0131n\u0131 da i\u00e7 bir kimse toqtat\u0131p olamaz! - \u041c\u0435\u0434\u0436\u043b\u0456\u0441","isPartOf":{"@id":"https:\/\/qtmm.org\/qt\/#website"},"primaryImageOfPage":{"@id":"https:\/\/qtmm.org\/qt\/meclis-reisi-refat-cubarov-serbestlikke-intiluvda-ukrain-milleti-ve-onin-ile-beraber-qirimtatar-halqini-da-ic-bir-kimse-toqtatip-olamaz\/#primaryimage"},"image":{"@id":"https:\/\/qtmm.org\/qt\/meclis-reisi-refat-cubarov-serbestlikke-intiluvda-ukrain-milleti-ve-onin-ile-beraber-qirimtatar-halqini-da-ic-bir-kimse-toqtatip-olamaz\/#primaryimage"},"thumbnailUrl":"https:\/\/qtmm.org\/wp-content\/uploads\/2022\/01\/img_4771.jpeg","datePublished":"2014-01-22T14:06:00+00:00","dateModified":"2022-01-27T14:08:42+00:00","breadcrumb":{"@id":"https:\/\/qtmm.org\/qt\/meclis-reisi-refat-cubarov-serbestlikke-intiluvda-ukrain-milleti-ve-onin-ile-beraber-qirimtatar-halqini-da-ic-bir-kimse-toqtatip-olamaz\/#breadcrumb"},"inLanguage":"qt","potentialAction":[{"@type":"ReadAction","target":["https:\/\/qtmm.org\/qt\/meclis-reisi-refat-cubarov-serbestlikke-intiluvda-ukrain-milleti-ve-onin-ile-beraber-qirimtatar-halqini-da-ic-bir-kimse-toqtatip-olamaz\/"]}]},{"@type":"ImageObject","inLanguage":"qt","@id":"https:\/\/qtmm.org\/qt\/meclis-reisi-refat-cubarov-serbestlikke-intiluvda-ukrain-milleti-ve-onin-ile-beraber-qirimtatar-halqini-da-ic-bir-kimse-toqtatip-olamaz\/#primaryimage","url":"https:\/\/qtmm.org\/wp-content\/uploads\/2022\/01\/img_4771.jpeg","contentUrl":"https:\/\/qtmm.org\/wp-content\/uploads\/2022\/01\/img_4771.jpeg","width":650,"height":379},{"@type":"BreadcrumbList","@id":"https:\/\/qtmm.org\/qt\/meclis-reisi-refat-cubarov-serbestlikke-intiluvda-ukrain-milleti-ve-onin-ile-beraber-qirimtatar-halqini-da-ic-bir-kimse-toqtatip-olamaz\/#breadcrumb","itemListElement":[{"@type":"ListItem","position":1,"name":"\u0413\u043e\u043b\u043e\u0432\u043d\u0430","item":"https:\/\/qtmm.org\/qt\/"},{"@type":"ListItem","position":2,"name":"Meclis reisi Refat \u00c7ubarov: Serbestlikke \u0131nt\u0131luvda ukrain milleti ve on\u0131\u00f1 ile beraber q\u0131r\u0131mtatar halq\u0131n\u0131 da i\u00e7 bir kimse toqtat\u0131p olamaz!"}]},{"@type":"WebSite","@id":"https:\/\/qtmm.org\/qt\/#website","url":"https:\/\/qtmm.org\/qt\/","name":"\u041c\u0435\u0434\u0436\u043b\u0456\u0441","description":"","publisher":{"@id":"https:\/\/qtmm.org\/qt\/#organization"},"potentialAction":[{"@type":"SearchAction","target":{"@type":"EntryPoint","urlTemplate":"https:\/\/qtmm.org\/qt\/?s={search_term_string}"},"query-input":{"@type":"PropertyValueSpecification","valueRequired":true,"valueName":"search_term_string"}}],"inLanguage":"qt"},{"@type":"Organization","@id":"https:\/\/qtmm.org\/qt\/#organization","name":"\u041c\u0435\u0434\u0436\u043b\u0456\u0441","url":"https:\/\/qtmm.org\/qt\/","logo":{"@type":"ImageObject","inLanguage":"qt","@id":"https:\/\/qtmm.org\/qt\/#\/schema\/logo\/image\/","url":"https:\/\/qtmm.org\/wp-content\/uploads\/2024\/12\/ua-mejlis-logo-rgb.svg","contentUrl":"https:\/\/qtmm.org\/wp-content\/uploads\/2024\/12\/ua-mejlis-logo-rgb.svg","caption":"\u041c\u0435\u0434\u0436\u043b\u0456\u0441"},"image":{"@id":"https:\/\/qtmm.org\/qt\/#\/schema\/logo\/image\/"},"sameAs":["https:\/\/www.facebook.com\/qtmm.info\/"]},{"@type":"Person","@id":"https:\/\/qtmm.org\/qt\/#\/schema\/person\/de562469f971dec226ac06e60bbf74a7","name":"Developer","image":{"@type":"ImageObject","inLanguage":"qt","@id":"https:\/\/secure.gravatar.com\/avatar\/392b4cc8fbfeb00b39dfeeab4ee6edded39ffd48e25858637e4765810300227e?s=96&d=mm&r=g","url":"https:\/\/secure.gravatar.com\/avatar\/392b4cc8fbfeb00b39dfeeab4ee6edded39ffd48e25858637e4765810300227e?s=96&d=mm&r=g","contentUrl":"https:\/\/secure.gravatar.com\/avatar\/392b4cc8fbfeb00b39dfeeab4ee6edded39ffd48e25858637e4765810300227e?s=96&d=mm&r=g","caption":"Developer"},"url":"https:\/\/qtmm.org\/qt\/author\/Developer\/"}]}},"_links":{"self":[{"href":"https:\/\/qtmm.org\/qt\/wp-json\/wp\/v2\/posts\/42681","targetHints":{"allow":["GET"]}}],"collection":[{"href":"https:\/\/qtmm.org\/qt\/wp-json\/wp\/v2\/posts"}],"about":[{"href":"https:\/\/qtmm.org\/qt\/wp-json\/wp\/v2\/types\/post"}],"author":[{"embeddable":true,"href":"https:\/\/qtmm.org\/qt\/wp-json\/wp\/v2\/users\/1"}],"replies":[{"embeddable":true,"href":"https:\/\/qtmm.org\/qt\/wp-json\/wp\/v2\/comments?post=42681"}],"version-history":[{"count":1,"href":"https:\/\/qtmm.org\/qt\/wp-json\/wp\/v2\/posts\/42681\/revisions"}],"predecessor-version":[{"id":42698,"href":"https:\/\/qtmm.org\/qt\/wp-json\/wp\/v2\/posts\/42681\/revisions\/42698"}],"wp:featuredmedia":[{"embeddable":true,"href":"https:\/\/qtmm.org\/qt\/wp-json\/wp\/v2\/media\/42682"}],"wp:attachment":[{"href":"https:\/\/qtmm.org\/qt\/wp-json\/wp\/v2\/media?parent=42681"}],"wp:term":[{"taxonomy":"category","embeddable":true,"href":"https:\/\/qtmm.org\/qt\/wp-json\/wp\/v2\/categories?post=42681"},{"taxonomy":"post_tag","embeddable":true,"href":"https:\/\/qtmm.org\/qt\/wp-json\/wp\/v2\/tags?post=42681"}],"curies":[{"name":"wp","href":"https:\/\/api.w.org\/{rel}","templated":true}]}}